{"id":14665,"date":"2019-03-13T05:51:00","date_gmt":"2019-03-13T04:51:00","guid":{"rendered":"https:\/\/gaudiumetspes-blog.pl\/index.php\/2019\/03\/13\/zwyciestwo-mieszkancow-niniwy\/"},"modified":"2019-07-31T13:00:44","modified_gmt":"2019-07-31T11:00:44","slug":"zwyciestwo-mieszkancow-niniwy","status":"publish","type":"post","link":"https:\/\/gaudiumetspes-blog.pl\/index.php\/2019\/03\/13\/zwyciestwo-mieszkancow-niniwy\/","title":{"rendered":"Zwyci\u0119stwo mieszka\u0144c\u00f3w Niniwy"},"content":{"rendered":"<p><\/p>\n<div align=\"justify\" style=\"font-weight: normal; line-height: 150%; margin-bottom: 0cm;\">\n<span style=\"color: black;\"><span style=\"font-family: Book Antiqua, serif;\"><span style=\"font-size: x-large;\">Szcz\u0119\u015b\u0107<br \/>\nBo\u017ce! Moi Drodzy, w dniu dzisiejszym <b>prze\u017cywamy sz\u00f3st\u0105<br \/>\nrocznic\u0119 wyboru Papie\u017ca Franciszka. M\u00f3dlmy si\u0119 o Bo\u017ce<br \/>\nprowadzenie, dobre natchnienia i \u015bwiat\u0142o Ducha \u015awi\u0119tego do<br \/>\npe\u0142nienie tej tak wa\u017cnej pos\u0142ugi w Ko\u015bciele. Z\u0142\u0105czmy dzi\u015b<br \/>\nnasze serca w gor\u0105cej modlitwie za Ojca \u015awi\u0119tego!<\/b><\/span><\/span><\/span><\/div>\n<div align=\"justify\" style=\"background: transparent; line-height: 150%; margin-bottom: 0cm; page-break-before: auto; text-indent: 1.3cm;\">\n<span style=\"color: black;\"><span style=\"font-family: Book Antiqua, serif;\"><span style=\"font-size: x-large;\"><b>Imieniny<br \/>\nnatomiast prze\u017cywa Pani Bo\u017cena Bartosiak, bardzo \u017cyczliwa Osoba z<br \/>\nWarszawy, a tak\u017ce Pani Krystyna R\u0119kawek, r\u00f3wnie \u017cyczliwa Osoba z<br \/>\nParafii w Tr\u0105bkach, urodziny natomiast prze\u017cywa Adrianna Ostrowska,<br \/>\nnale\u017c\u0105ca w swoim czasie do Wsp\u00f3lnoty m\u0142odzie\u017cowej tak\u017ce w<br \/>\nTr\u0105bkach. Niech wszystkim \u015bwi\u0119tuj\u0105cym dzi\u015b Paniom Pan nasz<br \/>\nobficie b\u0142ogos\u0142awi. A ja zapewniam o modlitwie!<\/b><\/span><\/span><\/span><\/div>\n<div align=\"justify\" style=\"background: transparent; font-weight: normal; line-height: 150%; margin-bottom: 0cm; text-indent: 1.3cm;\">\n<span style=\"color: black;\"><span style=\"font-family: Book Antiqua, serif;\"><span style=\"font-size: x-large;\">Moi<br \/>\nDrodzy, \u017cycz\u0119 Wam wszystkim b\u0142ogos\u0142awionego dnia!<\/span><\/span><\/span><\/div>\n<div align=\"center\" style=\"font-weight: normal; line-height: 150%; margin-bottom: 0cm;\">\n<span style=\"color: black;\"><span style=\"font-family: Book Antiqua, serif;\"><span style=\"font-size: x-large;\">Gaudium<br \/>\net spes!  Ks. Jacek<\/span><\/span><\/span><\/div>\n<div align=\"justify\" style=\"line-height: 150%; margin-bottom: 0cm;\">\n<span style=\"font-size: x-large;\"><\/p>\n<p><\/span><\/div>\n<div align=\"justify\" style=\"line-height: 150%; margin-bottom: 0cm;\">\n<span style=\"color: black;\"><span style=\"font-family: Book Antiqua, serif;\"><span style=\"font-size: x-large;\"><b>\u015aroda<br \/>\n1 Tygodnia Wielkiego Postu,<\/b><\/span><\/span><\/span><\/div>\n<div align=\"justify\" style=\"line-height: 150%; margin-bottom: 0cm;\">\n<span style=\"color: black;\"><span style=\"font-family: Book Antiqua, serif;\"><span style=\"font-size: x-large;\"><b>do<br \/>\nczyta\u0144:  Jon 3,1\u201310;  \u0141k 11,29\u201332<\/b><\/span><\/span><\/span><\/div>\n<div align=\"justify\" style=\"line-height: 150%; margin-bottom: 0cm;\">\n<span style=\"font-size: x-large;\"><\/p>\n<p><\/span><\/div>\n<div align=\"justify\" style=\"font-style: normal; font-variant: normal; letter-spacing: normal; line-height: 150%; margin-bottom: 0cm; page-break-before: auto;\">\n<span style=\"font-size: x-large;\"><span style=\"color: black;\"><span style=\"font-family: Book Antiqua, serif;\"><b>CZYTANIE<br \/>\nZ KSI\u0118GI PROROKA JONASZA: <\/b><\/span><\/span><br \/>\n<\/span><\/div>\n<div align=\"justify\" style=\"font-style: normal; font-variant: normal; letter-spacing: normal; line-height: 150%; margin-bottom: 0cm; page-break-before: auto; text-indent: 1.3cm;\">\n<span style=\"font-size: x-large;\"><span style=\"color: black;\"><span style=\"font-family: Book Antiqua, serif;\"><b>Pan<br \/>\nprzem\u00f3wi\u0142 do Jonasza po raz drugi tymi s\u0142owami: \u201eWsta\u0144, id\u017a do<br \/>\nNiniwy, wielkiego miasta, i g\u0142o\u015b jej upomnienie, kt\u00f3re Ja ci<br \/>\nzlecam\u201d. <\/b><\/span><\/span><br \/>\n<\/span><\/div>\n<div align=\"justify\" style=\"font-style: normal; font-variant: normal; letter-spacing: normal; line-height: 150%; margin-bottom: 0cm; text-indent: 1.3cm;\">\n<span style=\"font-size: x-large;\"><span style=\"color: black;\"><span style=\"font-family: Book Antiqua, serif;\"><b>Jonasz<br \/>\nwsta\u0142 i poszed\u0142 do Niniwy, jak Pan powiedzia\u0142. Niniwa by\u0142a<br \/>\nmiastem bardzo rozleg\u0142ym, na trzy dni drogi. Pocz\u0105\u0142 wi\u0119c Jonasz<br \/>\ni\u015b\u0107 przez miasto jeden dzie\u0144 drogi i wo\u0142a\u0142, i g\u0142osi\u0142: \u201eJeszcze<br \/>\nczterdzie\u015bci dni, a Niniwa zostanie zburzona\u201d. <\/b><\/span><\/span><br \/>\n<\/span><\/div>\n<div align=\"justify\" style=\"line-height: 150%; margin-bottom: 0cm; text-indent: 1.3cm;\">\n<span style=\"font-size: x-large;\"><span style=\"color: black;\"><span style=\"font-family: Book Antiqua, serif;\"><b><span style=\"font-variant: normal;\"><span style=\"letter-spacing: normal;\"><span style=\"font-style: normal;\">I<br \/>\nuwierzyli mieszka\u0144cy Niniwy Bogu, og\u0142osili post i oblekli si\u0119 w<br \/>\nwory od najwi\u0119kszego do najmniejszego. <\/span><\/span><\/span><span style=\"font-variant: normal;\"><span style=\"letter-spacing: normal;\"><span style=\"font-style: normal;\">Dosz\u0142a<br \/>\nta sprawa do kr\u00f3la Niniwy. Wsta\u0142 wi\u0119c z tronu, zdj\u0105\u0142 z siebie<br \/>\np\u0142aszcz, obl\u00f3k\u0142 si\u0119 w w\u00f3r i siad\u0142 na popiele. Z rozkazu kr\u00f3la<br \/>\ni jego dostojnik\u00f3w zarz\u0105dzono i og\u0142oszono w Niniwie to, co<br \/>\nnast\u0119puje: <\/span><\/span><\/span><\/b><\/span><\/span><br \/>\n<\/span><\/div>\n<div align=\"justify\" style=\"font-style: normal; font-variant: normal; letter-spacing: normal; line-height: 150%; margin-bottom: 0cm; text-indent: 1.3cm;\">\n<span style=\"font-size: x-large;\"><span style=\"color: black;\">\u201e<span style=\"font-family: Book Antiqua, serif;\"><b>Ludzie<br \/>\ni zwierz\u0119ta, byd\u0142o i trzoda niech nic nie jedz\u0105, niech si\u0119 nie<br \/>\npas\u0105 i wody nie pij\u0105. Niech oblok\u0105 si\u0119 w wory, niech \u017carliwie<br \/>\nwo\u0142aj\u0105 do Boga. Niech ka\u017cdy odwr\u00f3ci si\u0119 od swojego z\u0142ego<br \/>\npost\u0119powania i od nieprawo\u015bci, kt\u00f3r\u0105 pope\u0142nia swoimi r\u0119kami.<br \/>\nKto wie, mo\u017ce si\u0119 odwr\u00f3ci i ulituje B\u00f3g, odst\u0105pi od<br \/>\nzapalczywo\u015bci swego gniewu, a nie zginiemy?\u201d <\/b><\/span><\/span><br \/>\n<\/span><\/div>\n<div align=\"justify\" style=\"font-style: normal; font-variant: normal; letter-spacing: normal; line-height: 150%; margin-bottom: 0cm; text-indent: 1.3cm;\">\n<span style=\"color: black;\"><span style=\"font-family: Book Antiqua, serif;\"><span style=\"font-size: x-large;\"><b>Zobaczy\u0142<br \/>\nB\u00f3g czyny ich, \u017ce odwr\u00f3cili si\u0119 od swojego z\u0142ego post\u0119powania.<br \/>\nI ulitowa\u0142 si\u0119 B\u00f3g, i nie zes\u0142a\u0142 niedoli, kt\u00f3r\u0105 im zagrozi\u0142.<\/b><\/span><\/span><\/span><\/div>\n<div align=\"justify\" style=\"line-height: 150%; margin-bottom: 0cm;\">\n<span style=\"font-size: x-large;\"><\/p>\n<p><\/span><\/div>\n<div align=\"justify\" style=\"font-style: normal; font-variant: normal; letter-spacing: normal; line-height: 150%; margin-bottom: 0cm;\">\n<span style=\"font-size: x-large;\"><span style=\"color: black;\"><span style=\"font-family: Book Antiqua, serif;\"><b>S\u0141OWA<br \/>\nEWANGELII WED\u0141UG \u015aWI\u0118TEGO \u0141UKASZA: <\/b><\/span><\/span><br \/>\n<\/span><\/div>\n<div align=\"justify\" style=\"font-style: normal; font-variant: normal; letter-spacing: normal; line-height: 150%; margin-bottom: 0cm; page-break-before: auto; text-indent: 1.3cm;\">\n<span style=\"font-size: x-large;\"><span style=\"color: black;\"><span style=\"font-family: Book Antiqua, serif;\"><b>Gdy<br \/>\nt\u0142umy si\u0119 gromadzi\u0142y, Jezus zacz\u0105\u0142 m\u00f3wi\u0107: <\/b><\/span><\/span><br \/>\n<\/span><\/div>\n<div align=\"justify\" style=\"font-style: normal; font-variant: normal; letter-spacing: normal; line-height: 150%; margin-bottom: 0cm; text-indent: 1.3cm;\">\n<span style=\"font-size: x-large;\"><span style=\"color: black;\">\u201e<span style=\"font-family: Book Antiqua, serif;\"><b>To<br \/>\nplemi\u0119 jest plemieniem przewrotnym. \u017b\u0105da znaku, ale \u017caden znak<br \/>\nnie b\u0119dzie mu dany, pr\u00f3cz znaku Jonasza. Jak bowiem Jonasz by\u0142<br \/>\nznakiem dla mieszka\u0144c\u00f3w Niniwy, tak b\u0119dzie Syn Cz\u0142owieczy dla<br \/>\ntego plemienia. <\/b><\/span><\/span><br \/>\n<\/span><\/div>\n<div align=\"justify\" style=\"font-style: normal; font-variant: normal; letter-spacing: normal; line-height: 150%; margin-bottom: 0cm; text-indent: 1.3cm;\">\n<span style=\"color: black;\"><span style=\"font-family: Book Antiqua, serif;\"><span style=\"font-size: x-large;\"><b>Kr\u00f3lowa<br \/>\nz Po\u0142udnia powstanie na s\u0105dzie przeciw ludziom tego plemienia i<br \/>\npot\u0119pi ich; poniewa\u017c ona przyby\u0142a z kra\u0144c\u00f3w ziemi s\u0142ucha\u0107<br \/>\nm\u0105dro\u015bci Salomona, a oto tu jest co\u015b wi\u0119cej ni\u017c Salomon.<\/b><\/span><\/span><\/span><\/div>\n<div align=\"justify\" style=\"font-style: normal; font-variant: normal; letter-spacing: normal; line-height: 150%; margin-bottom: 0cm; text-indent: 1.3cm;\">\n<span style=\"color: black;\"><span style=\"font-family: Book Antiqua, serif;\"><span style=\"font-size: x-large;\"><b>Ludzie<br \/>\nz Niniwy powstan\u0105 na s\u0105dzie przeciw temu plemieniu i pot\u0119pi\u0105 je;<br \/>\nponiewa\u017c oni dzi\u0119ki nawo\u0142ywaniu Jonasza si\u0119 nawr\u00f3cili, a oto tu<br \/>\njest co\u015b wi\u0119cej ni\u017c Jonasz\u201d.<\/b><\/span><\/span><\/span><\/div>\n<div align=\"justify\" style=\"line-height: 150%; margin-bottom: 0cm;\">\n<span style=\"font-size: x-large;\"><\/p>\n<p><\/span><\/div>\n<div align=\"justify\" style=\"background: transparent; font-variant: normal; font-weight: normal; letter-spacing: normal; line-height: 150%; margin-bottom: 0cm; page-break-before: auto; text-indent: 1.3cm;\">\n<span style=\"font-size: x-large;\"><span style=\"color: black;\"><span style=\"font-family: Book Antiqua, serif;\"><span style=\"font-style: normal;\">Wielkim<br \/>\nzwyci\u0119stwem mieszka\u0144c\u00f3w Niniwy i znakiem ich m\u0105drej postawy \u2013<br \/>\npomimo tak wielu nieprawo\u015bci, jakim si\u0119 wcze\u015bniej oddawali \u2013<br \/>\njest to, \u017ce kiedy Prorok Jonasz <\/span><i><b>p<\/b><b>ocz\u0105\u0142<\/b><\/i><span style=\"font-style: normal;\"><b><br \/>\n<\/b><\/span><span style=\"font-style: normal;\"><b>[\u2026]<\/b><\/span><span style=\"font-style: normal;\"><b><br \/>\n<\/b><\/span><i><b>i\u015b\u0107 przez miasto jeden dzie\u0144 drogi i wo\u0142a\u0142, i<br \/>\ng\u0142osi\u0142: \u201eJeszcze czterdzie\u015bci dni, a Niniwa zostanie zburzona\u201d,<\/b><\/i><span style=\"font-style: normal;\"><br \/>\n<\/span><span style=\"font-style: normal;\">w\u00f3wczas oni <\/span><i><b>uwierzyli<\/b><\/i><span style=\"font-style: normal;\"><b><br \/>\n<\/b><\/span><span style=\"font-style: normal;\"><b>[\u2026]<\/b><\/span><span style=\"font-style: normal;\"><b><br \/>\n<\/b><\/span><i><b>Bogu, og\u0142osili post i oblekli si\u0119 w wory od<br \/>\nnajwi\u0119kszego do najmniejszego.<\/b><\/i><span style=\"font-style: normal;\"><b><br \/>\n<\/b><\/span><\/span><\/span><br \/>\n<\/span><\/div>\n<div align=\"justify\" style=\"background: transparent; font-variant: normal; font-weight: normal; letter-spacing: normal; line-height: 150%; margin-bottom: 0cm; text-indent: 1.3cm;\">\n<span style=\"font-size: x-large;\"><span style=\"color: black;\"><span style=\"font-family: Book Antiqua, serif;\"><span style=\"font-style: normal;\">Co<br \/>\nwi\u0119cej, kiedy <\/span><i><b>dosz\u0142a ta sprawa do kr\u00f3la Niniwy,<\/b><\/i><span style=\"font-style: normal;\"><b><br \/>\n<\/b><\/span><span style=\"font-style: normal;\">w\u00f3wczas i on <\/span><i><b>wsta\u0142<\/b><\/i><span style=\"font-style: normal;\"><b><br \/>\n[\u2026] <\/b><\/span><i><b>z tronu, zdj\u0105\u0142 z siebie p\u0142aszcz, obl\u00f3k\u0142<br \/>\nsi\u0119 w w\u00f3r i siad\u0142 na popiele. <\/b><\/i><span style=\"font-style: normal;\">Wyda\u0142<br \/>\nte\u017c jasne i konkretne zarz\u0105dzenie: <\/span><i><b>Ludzie i zwierz\u0119ta,<br \/>\nbyd\u0142o i trzoda niech nic nie jedz\u0105, niech si\u0119 nie pas\u0105 i wody nie<br \/>\npij\u0105. Niech oblok\u0105 si\u0119 w wory, niech \u017carliwie wo\u0142aj\u0105 do Boga.<br \/>\nNiech ka\u017cdy odwr\u00f3ci si\u0119 od swojego z\u0142ego post\u0119powania i od<br \/>\nnieprawo\u015bci, kt\u00f3r\u0105 pope\u0142nia swoimi r\u0119kami. Kto wie, mo\u017ce si\u0119<br \/>\nodwr\u00f3ci i ulituje B\u00f3g, odst\u0105pi od zapalczywo\u015bci swego gniewu, a<br \/>\nnie zginiemy?<\/b><\/i><span style=\"font-style: normal;\"> I co si\u0119<br \/>\nsta\u0142o? <\/span><\/span><\/span><br \/>\n<\/span><\/div>\n<div align=\"justify\" style=\"background: transparent; font-variant: normal; font-weight: normal; letter-spacing: normal; line-height: 150%; margin-bottom: 0cm; text-indent: 1.3cm;\">\n<span style=\"font-size: x-large;\"><span style=\"color: black;\"><span style=\"font-family: Book Antiqua, serif;\"><span style=\"font-style: normal;\">Dowiadujemy<br \/>\nsi\u0119 ju\u017c w nast\u0119pnym zdaniu: <\/span><i><b>Zobaczy\u0142 B\u00f3g czyny ich,<br \/>\n\u017ce odwr\u00f3cili si\u0119 od swojego z\u0142ego post\u0119powania. I ulitowa\u0142 si\u0119<br \/>\nB\u00f3g, i nie zes\u0142a\u0142 niedoli, kt\u00f3r\u0105 im zagrozi\u0142.<\/b><\/i><span style=\"font-style: normal;\"><br \/>\nZ dalszej lektury Ksi\u0119gi Jonasza dowiemy si\u0119, \u017ce <\/span><span style=\"font-style: normal;\">to<br \/>\n<\/span><span style=\"font-style: normal;\">on sam, Prorok Jonasz, by\u0142<br \/>\n<\/span><span style=\"font-style: normal;\"><b>najbardziej<\/b><\/span><span style=\"font-style: normal;\"><br \/>\n<\/span><span style=\"font-style: normal;\"><b>niepocieszony<\/b><\/span><span style=\"font-style: normal;\"><br \/>\nz tego faktu. Najpierw nie chcia\u0142 i\u015b\u0107 i wzywa\u0107 do nawr\u00f3cenia<br \/>\nmieszka\u0144c\u00f3w Niniwy, a kiedy ostatecznie poszed\u0142, a jego misja \u2013<br \/>\nwbrew niemu samemu \u2013 przynios\u0142a dobry efekt, to <\/span><span style=\"font-style: normal;\"><b>mia\u0142<br \/>\no to do Boga pretensje!<\/b><\/span><span style=\"font-style: normal;\"><br \/>\n<\/span><span style=\"font-style: normal;\"><b>Wr\u0119cz obrazi\u0142 si\u0119 na<br \/>\nBoga!<\/b><\/span><span style=\"font-style: normal;\"> <\/span><\/span><\/span><br \/>\n<\/span><\/div>\n<div align=\"justify\" style=\"background: transparent; font-variant: normal; font-weight: normal; letter-spacing: normal; line-height: 150%; margin-bottom: 0cm; text-indent: 1.3cm;\">\n<span style=\"font-size: x-large;\"><span style=\"color: black;\"><span style=\"font-family: Book Antiqua, serif;\"><span style=\"font-style: normal;\">Jednak<br \/>\nB\u00f3g \u2013 z nadzwyczajn\u0105 wspania\u0142omy\u015blno\u015bci\u0105 i wyrozumia\u0142o\u015bci\u0105<br \/>\n\u2013 wyt\u0142umaczy\u0142 mu motywy swego dzia\u0142ania. Trudno nawet bowiem \u2013<br \/>\nm\u00f3wi\u0105c prawd\u0119 \u2013 <\/span><span style=\"font-style: normal;\"><b>zrozumie\u0107<br \/>\nmotywy owego oburzenia <\/b><\/span><span style=\"font-style: normal;\">ze<br \/>\nstrony Proroka. Widocznie uzna\u0142, \u017ce skoro ludzie ci tak strasznie<br \/>\ngrzesz\u0105, to <\/span><span style=\"font-style: normal;\">ju\u017c <\/span><span style=\"font-style: normal;\"><b>nie<br \/>\npowinno by\u0107<\/b><\/span><span style=\"font-style: normal;\"><b> dla nich<br \/>\nratunku<\/b><\/span><span style=\"font-style: normal;\"> i z ca\u0142\u0105<br \/>\nsurowo\u015bci\u0105 <\/span><span style=\"font-style: normal;\">nale\u017ca\u0142o ich<\/span><span style=\"font-style: normal;\"><br \/>\nukara<\/span><span style=\"font-style: normal;\">\u0107<\/span><span style=\"font-style: normal;\">.<br \/>\nBo nie zas\u0142uguj\u0105 na \u017cadn\u0105 szans\u0119, nie zas\u0142uguj\u0105 na<br \/>\nprzebaczenie. <\/span><\/span><\/span><br \/>\n<\/span><\/div>\n<div align=\"justify\" style=\"background: transparent; font-variant: normal; font-weight: normal; letter-spacing: normal; line-height: 150%; margin-bottom: 0cm; text-indent: 1.3cm;\">\n<span style=\"font-size: x-large;\"><span style=\"color: black;\"><span style=\"font-family: Book Antiqua, serif;\"><span style=\"font-style: normal;\">Taka<br \/>\nma\u0142a refleksja nasuwa si\u0119 w tym momencie, moi Drodzy, \u017ce i dzisiaj<br \/>\nwielu takich \u201eu\u0142o\u017conych i poprawnych\u201d rzuci\u0142oby kamieniem <\/span><span style=\"font-style: normal;\">w<\/span><span style=\"font-style: normal;\"><br \/>\ninnych, <\/span><span style=\"font-style: normal;\">nie daj\u0105c im \u017cadnej<br \/>\nszansy, <\/span><span style=\"font-style: normal;\">w og\u00f3le <\/span><span style=\"font-style: normal;\">natomiast<\/span><span style=\"font-style: normal;\"><br \/>\n<\/span><span style=\"font-style: normal;\"><b>nie zwa\u017caj\u0105c na swoje<br \/>\nw\u0142asne grzechy\u2026<\/b><\/span><span style=\"font-style: normal;\"> Ale to<br \/>\nju\u017c osobna refleksja. <\/span><\/span><\/span><br \/>\n<\/span><\/div>\n<div align=\"justify\" style=\"background: transparent; font-variant: normal; font-weight: normal; letter-spacing: normal; line-height: 150%; margin-bottom: 0cm; text-indent: 1.3cm;\">\n<span style=\"font-size: x-large;\"><span style=\"color: black;\"><span style=\"font-family: Book Antiqua, serif;\"><span style=\"font-style: normal;\">B\u00f3g<br \/>\n<\/span><span style=\"font-style: normal;\">za\u015b <\/span><span style=\"font-style: normal;\">mia\u0142<br \/>\nswoje bardzo jasne motywy. W po\u015bredni spos\u00f3b, zosta\u0142y one wskazane<br \/>\nw dzisiejszej Ewangelii. Jezus bowiem \u2013 wskazuj\u0105c na t\u0119 postaw\u0119<br \/>\nmieszka\u0144c\u00f3w Niniwy, kt\u00f3r\u0105 doceni\u0142 B\u00f3g, przebaczaj\u0105c im grzechy<br \/>\n\u2013 <\/span><span style=\"font-style: normal;\"><b>pr<\/b><\/span><span style=\"font-style: normal;\"><b>zestrzeg\u0142<\/b><\/span><span style=\"font-style: normal;\"><b><br \/>\nludzi sobie wsp\u00f3\u0142czesnych,<\/b><\/span><span style=\"font-style: normal;\"><br \/>\n<\/span><span style=\"font-style: normal;\">kt\u00f3rych nazwa\u0142 <\/span><span style=\"font-style: normal;\"><b>plemieniem<br \/>\nprzewrotnym.<\/b><\/span><span style=\"font-style: normal;\"> Oto ludzie<br \/>\nci <\/span><span style=\"font-style: normal;\">\u017c\u0105dali od Niego<br \/>\nnadzwyczajnych znak\u00f3w, a wcale nie my\u015bleli o nawr\u00f3ceniu, o zmianie<br \/>\npost\u0119powania. <\/span><span style=\"font-style: normal;\">I w\u0142a\u015bnie<br \/>\npostawa Niniwit\u00f3w <\/span><span style=\"font-style: normal;\">mia\u0142a by\u0107<\/span><span style=\"font-style: normal;\"><br \/>\ndla nich wzorem, a jednocze\u015bnie \u2013 <\/span><span style=\"font-style: normal;\"><b>wyra\u017an\u0105<br \/>\nprzestrog\u0105 i jasnym ostrze\u017ceniem. <\/b><\/span><\/span><\/span><br \/>\n<\/span><\/div>\n<div align=\"justify\" style=\"background: transparent; font-variant: normal; font-weight: normal; letter-spacing: normal; line-height: 150%; margin-bottom: 0cm; text-indent: 1.3cm;\">\n<span style=\"font-size: x-large;\"><span style=\"color: black;\"><span style=\"font-family: Book Antiqua, serif;\"><span style=\"font-style: normal;\">A<br \/>\nczy dla nas jest tak\u0105 przestrog\u0105? Czego nas uczy postawa ludzi,<br \/>\nkt\u00f3rzy tak bardzo oddalili si\u0119 od Boga swoimi grzechami, ale kiedy<br \/>\notrzymali od Niego szans\u0119 \u2013 <\/span><span style=\"font-style: normal;\">r\u00f3wnie<br \/>\nmocno, a mo\u017ce nawet jeszcze bardziej<\/span><span style=\"font-style: normal;\"><br \/>\n<\/span><span style=\"font-style: normal;\"><b>zapragn\u0119li si\u0119 nawr\u00f3ci\u0107<\/b><\/span><span style=\"font-style: normal;\"><br \/>\ni z tym nawr\u00f3ceniem nie zwlekali, tylko <\/span><span style=\"font-style: normal;\"><b>natychmiast<br \/>\npodj\u0119li w\u0142a\u015bciwe dzia\u0142ania?<\/b><\/span><span style=\"font-style: normal;\"><br \/>\nCzego uczy nas ich postawa? <\/span><\/span><\/span><br \/>\n<\/span><\/div>\n<div align=\"justify\" style=\"background: transparent; font-variant: normal; font-weight: normal; letter-spacing: normal; line-height: 150%; margin-bottom: 0cm; text-indent: 1.3cm;\">\n<span style=\"font-size: x-large;\"><span style=\"color: black;\"><span style=\"font-family: Book Antiqua, serif;\"><span style=\"font-style: normal;\">Mo\u017ce<br \/>\nw\u0142a\u015bnie tego, o czym dobrze wiemy, ale co warto sobie dzi\u015b<br \/>\nprzypomnie\u0107, \u017ce <\/span><span style=\"font-style: normal;\"><b>ludzk\u0105<br \/>\nrzecz\u0105 jest upa\u015b\u0107, pob\u0142\u0105dzi\u0107<\/b><\/span><span style=\"font-style: normal;\"><br \/>\n\u2013 i to nawet daleko od Boga pob\u0142\u0105dzi\u0107 \u2013 i <\/span><span style=\"font-style: normal;\">\u017ce<\/span><span style=\"font-style: normal;\"><br \/>\nto nie w tym tkwi najwi\u0119kszy problem zak\u0142\u00f3ce\u0144 w relacjach<br \/>\ncz\u0142owieka z Bogiem. Najwi\u0119kszy problem tkwi w tym, \u017ce <\/span><span style=\"font-style: normal;\"><b>kiedy<br \/>\nB\u00f3g da szans\u0119<\/b><\/span><span style=\"font-style: normal;\"> i wezwie<br \/>\ndo nawr\u00f3cenia \u2013 a zawsze tak\u0105 szans\u0119 daje \u2013 to cz\u0142owiek my\u015bli<br \/>\nsobie, \u017ce <\/span><span style=\"font-style: normal;\"><b>jeszcze ma<br \/>\nczas, \u017ce to jeszcze nie teraz,<\/b><\/span><span style=\"font-style: normal;\"><br \/>\n\u017ce nie musi tak od razu, \u017ce sprawa nie jest a\u017c tak powa\u017cna\u2026 <\/span><\/span><\/span><br \/>\n<\/span><\/div>\n<div align=\"justify\" style=\"background: transparent; font-variant: normal; font-weight: normal; letter-spacing: normal; line-height: 150%; margin-bottom: 0cm; text-indent: 1.3cm;\">\n<span style=\"font-size: x-large;\"><span style=\"color: black;\"><span style=\"font-family: Book Antiqua, serif;\"><span style=\"font-style: normal;\">Mieszka\u0144cy<br \/>\nNiniwy na tym wygrali ca\u0142\u0105 spraw\u0119, \u017ce uznali, i\u017c sprawa <\/span><span style=\"font-style: normal;\"><b>jest<br \/>\n<\/b><\/span><span style=\"font-style: normal;\"><b>w\u0142a\u015bnie<\/b><\/span><span style=\"font-style: normal;\"><b><br \/>\nbardzo powa\u017cna! <\/b><\/span><span style=\"font-style: normal;\">\u017be B\u00f3g<br \/>\ntraktuje ich powa\u017cnie, wi\u0119c i oni powinni powa\u017cnie potraktowa\u0107<br \/>\nswego Boga. <\/span><\/span><\/span><br \/>\n<\/span><\/div>\n<div align=\"justify\" style=\"background: transparent; font-variant: normal; font-weight: normal; letter-spacing: normal; line-height: 150%; margin-bottom: 0cm; text-indent: 1.3cm;\">\n<span style=\"color: black;\"><span style=\"font-family: Book Antiqua, serif;\"><span style=\"font-size: x-large;\"><span style=\"font-style: normal;\">A<br \/>\nczy ja <\/span><span style=\"font-style: normal;\"><b>powa\u017cnie<br \/>\npotraktuj\u0119 ten Wielki Post<\/b><\/span><span style=\"font-style: normal;\"><br \/>\ni wezwanie do mnie skierowane, bym co\u015b konkretnego w swoim \u017cyciu<br \/>\nzmieni\u0142, naprawi\u0142 \u2013 czy <\/span><span style=\"font-style: normal;\">te\u017c<br \/>\n<\/span><span style=\"font-style: normal;\"><b>uwa\u017cam, \u017ce jeszcze mam<br \/>\nczas <\/b><\/span><span style=\"font-style: normal;\">i nie musz\u0119 si\u0119<br \/>\ntak bardzo spieszy\u0107?\u2026 Czy ten Wielki Post b\u0119dzie <\/span><span style=\"font-style: normal;\"><b>moim<br \/>\nzwyci\u0119stwem w oczach Bo\u017cych<\/b><\/span><span style=\"font-style: normal;\"><br \/>\n\u2013 czy moj\u0105 przegran\u0105, kolejn\u0105 zmarnowan\u0105 szans\u0105?\u2026<\/span><\/span><\/span><\/span><\/div>\n","protected":false},"excerpt":{"rendered":"<p>Szcz\u0119\u015b\u0107 Bo\u017ce! Moi Drodzy, w dniu dzisiejszym prze\u017cywamy sz\u00f3st\u0105 rocznic\u0119 wyboru Papie\u017ca Franciszka. M\u00f3dlmy si\u0119 o Bo\u017ce prowadzenie, dobre natchnienia i \u015bwiat\u0142o Ducha \u015awi\u0119tego do pe\u0142nienie tej tak wa\u017cnej pos\u0142ugi w Ko\u015bciele. Z\u0142\u0105czmy dzi\u015b nasze serca w gor\u0105cej modlitwie za Ojca \u015awi\u0119tego! Imieniny natomiast prze\u017cywa Pani Bo\u017cena Bartosiak, bardzo \u017cyczliwa Osoba z Warszawy, a tak\u017ce [&hellip;]<\/p>\n","protected":false},"author":1,"featured_media":0,"comment_status":"open","ping_status":"open","sticky":false,"template":"","format":"standard","meta":{"jetpack_post_was_ever_published":false,"_jetpack_newsletter_access":"","_jetpack_dont_email_post_to_subs":false,"_jetpack_newsletter_tier_id":0,"_jetpack_memberships_contains_paywalled_content":false,"_jetpack_memberships_contains_paid_content":false,"footnotes":""},"categories":[1],"tags":[],"class_list":["post-14665","post","type-post","status-publish","format-standard","hentry","category-bez-kategorii"],"yoast_head":"<!-- This site is optimized with the Yoast SEO plugin v25.1 - https:\/\/yoast.com\/wordpress\/plugins\/seo\/ -->\n<title>Zwyci\u0119stwo mieszka\u0144c\u00f3w Niniwy - Gaudium Et Spes<\/title>\n<meta name=\"robots\" content=\"index, follow, max-snippet:-1, max-image-preview:large, max-video-preview:-1\" \/>\n<link rel=\"canonical\" href=\"https:\/\/gaudiumetspes-blog.pl\/index.php\/2019\/03\/13\/zwyciestwo-mieszkancow-niniwy\/\" \/>\n<meta property=\"og:locale\" content=\"pl_PL\" \/>\n<meta property=\"og:type\" content=\"article\" \/>\n<meta property=\"og:title\" content=\"Zwyci\u0119stwo mieszka\u0144c\u00f3w Niniwy - Gaudium Et Spes\" \/>\n<meta property=\"og:description\" content=\"Szcz\u0119\u015b\u0107 Bo\u017ce! Moi Drodzy, w dniu dzisiejszym prze\u017cywamy sz\u00f3st\u0105 rocznic\u0119 wyboru Papie\u017ca Franciszka. M\u00f3dlmy si\u0119 o Bo\u017ce prowadzenie, dobre natchnienia i \u015bwiat\u0142o Ducha \u015awi\u0119tego do pe\u0142nienie tej tak wa\u017cnej pos\u0142ugi w Ko\u015bciele. Z\u0142\u0105czmy dzi\u015b nasze serca w gor\u0105cej modlitwie za Ojca \u015awi\u0119tego! Imieniny natomiast prze\u017cywa Pani Bo\u017cena Bartosiak, bardzo \u017cyczliwa Osoba z Warszawy, a tak\u017ce [&hellip;]\" \/>\n<meta property=\"og:url\" content=\"https:\/\/gaudiumetspes-blog.pl\/index.php\/2019\/03\/13\/zwyciestwo-mieszkancow-niniwy\/\" \/>\n<meta property=\"og:site_name\" content=\"Gaudium Et Spes\" \/>\n<meta property=\"article:published_time\" content=\"2019-03-13T04:51:00+00:00\" \/>\n<meta property=\"article:modified_time\" content=\"2019-07-31T11:00:44+00:00\" \/>\n<meta name=\"author\" content=\"Ks. Jacek\" \/>\n<meta name=\"twitter:card\" content=\"summary_large_image\" \/>\n<meta name=\"twitter:label1\" content=\"Napisane przez\" \/>\n\t<meta name=\"twitter:data1\" content=\"Ks. Jacek\" \/>\n\t<meta name=\"twitter:label2\" content=\"Szacowany czas czytania\" \/>\n\t<meta name=\"twitter:data2\" content=\"6 minut\" \/>\n<script type=\"application\/ld+json\" class=\"yoast-schema-graph\">{\"@context\":\"https:\/\/schema.org\",\"@graph\":[{\"@type\":\"WebPage\",\"@id\":\"https:\/\/gaudiumetspes-blog.pl\/index.php\/2019\/03\/13\/zwyciestwo-mieszkancow-niniwy\/\",\"url\":\"https:\/\/gaudiumetspes-blog.pl\/index.php\/2019\/03\/13\/zwyciestwo-mieszkancow-niniwy\/\",\"name\":\"Zwyci\u0119stwo mieszka\u0144c\u00f3w Niniwy - Gaudium Et Spes\",\"isPartOf\":{\"@id\":\"https:\/\/gaudiumetspes-blog.pl\/#website\"},\"datePublished\":\"2019-03-13T04:51:00+00:00\",\"dateModified\":\"2019-07-31T11:00:44+00:00\",\"author\":{\"@id\":\"https:\/\/gaudiumetspes-blog.pl\/#\/schema\/person\/1661982992b752dea8dff0d4ed845a65\"},\"breadcrumb\":{\"@id\":\"https:\/\/gaudiumetspes-blog.pl\/index.php\/2019\/03\/13\/zwyciestwo-mieszkancow-niniwy\/#breadcrumb\"},\"inLanguage\":\"pl-PL\",\"potentialAction\":[{\"@type\":\"ReadAction\",\"target\":[\"https:\/\/gaudiumetspes-blog.pl\/index.php\/2019\/03\/13\/zwyciestwo-mieszkancow-niniwy\/\"]}]},{\"@type\":\"BreadcrumbList\",\"@id\":\"https:\/\/gaudiumetspes-blog.pl\/index.php\/2019\/03\/13\/zwyciestwo-mieszkancow-niniwy\/#breadcrumb\",\"itemListElement\":[{\"@type\":\"ListItem\",\"position\":1,\"name\":\"Strona g\u0142\u00f3wna\",\"item\":\"https:\/\/gaudiumetspes-blog.pl\/\"},{\"@type\":\"ListItem\",\"position\":2,\"name\":\"Zwyci\u0119stwo mieszka\u0144c\u00f3w Niniwy\"}]},{\"@type\":\"WebSite\",\"@id\":\"https:\/\/gaudiumetspes-blog.pl\/#website\",\"url\":\"https:\/\/gaudiumetspes-blog.pl\/\",\"name\":\"Gaudium Et Spes\",\"description\":\"Blog Ks. Jacka Ja\u015bkowskiego\",\"potentialAction\":[{\"@type\":\"SearchAction\",\"target\":{\"@type\":\"EntryPoint\",\"urlTemplate\":\"https:\/\/gaudiumetspes-blog.pl\/?s={search_term_string}\"},\"query-input\":{\"@type\":\"PropertyValueSpecification\",\"valueRequired\":true,\"valueName\":\"search_term_string\"}}],\"inLanguage\":\"pl-PL\"},{\"@type\":\"Person\",\"@id\":\"https:\/\/gaudiumetspes-blog.pl\/#\/schema\/person\/1661982992b752dea8dff0d4ed845a65\",\"name\":\"Ks. Jacek\",\"image\":{\"@type\":\"ImageObject\",\"inLanguage\":\"pl-PL\",\"@id\":\"https:\/\/gaudiumetspes-blog.pl\/#\/schema\/person\/image\/\",\"url\":\"https:\/\/gaudiumetspes-blog.pl\/wp-content\/uploads\/2019\/07\/avatar-JJ-150x150.jpg\",\"contentUrl\":\"https:\/\/gaudiumetspes-blog.pl\/wp-content\/uploads\/2019\/07\/avatar-JJ-150x150.jpg\",\"caption\":\"Ks. Jacek\"},\"description\":\"Witam serdecznie! K\u0142ania si\u0119 Ks. Jacek Ja\u015bkowski. Nie jestem ani kim\u015b wa\u017cnym, ani kim\u015b znanym. Jestem ksi\u0119dzem, kt\u00f3ry po prostu chce rozmawia\u0107. Codzienna kap\u0142a\u0144ska pos\u0142uga pokazuje mi, \u017ce temat\u00f3w do rozm\u00f3w z ksi\u0119dzem jest coraz wi\u0119cej i dzisiaj \u017caden ksi\u0105dz nie mo\u017ce od nich ucieka\u0107, ale - wprost przeciwnie - podejmowa\u0107 nowe wyzwania. To przekonanie sk\u0142oni\u0142o mnie do pr\u00f3by otwarcia tego\u017c bloga, chocia\u017c okazji do rozm\u00f3w na co dzie\u0144 - w konfesjonale i poza nim - na szcz\u0119\u015bcie nie brakuje. My\u015bl\u0119 jednak, \u017ce ten blog b\u0119dzie jeszcze jednym sposobem i przestrzeni\u0105 nawi\u0105zania kontaktu z lud\u017ami dobrej woli, otwartymi na dialog.\",\"url\":\"https:\/\/gaudiumetspes-blog.pl\/index.php\/author\/ks-jacek\/\"}]}<\/script>\n<!-- \/ Yoast SEO plugin. -->","yoast_head_json":{"title":"Zwyci\u0119stwo mieszka\u0144c\u00f3w Niniwy - Gaudium Et Spes","robots":{"index":"index","follow":"follow","max-snippet":"max-snippet:-1","max-image-preview":"max-image-preview:large","max-video-preview":"max-video-preview:-1"},"canonical":"https:\/\/gaudiumetspes-blog.pl\/index.php\/2019\/03\/13\/zwyciestwo-mieszkancow-niniwy\/","og_locale":"pl_PL","og_type":"article","og_title":"Zwyci\u0119stwo mieszka\u0144c\u00f3w Niniwy - Gaudium Et Spes","og_description":"Szcz\u0119\u015b\u0107 Bo\u017ce! Moi Drodzy, w dniu dzisiejszym prze\u017cywamy sz\u00f3st\u0105 rocznic\u0119 wyboru Papie\u017ca Franciszka. M\u00f3dlmy si\u0119 o Bo\u017ce prowadzenie, dobre natchnienia i \u015bwiat\u0142o Ducha \u015awi\u0119tego do pe\u0142nienie tej tak wa\u017cnej pos\u0142ugi w Ko\u015bciele. Z\u0142\u0105czmy dzi\u015b nasze serca w gor\u0105cej modlitwie za Ojca \u015awi\u0119tego! Imieniny natomiast prze\u017cywa Pani Bo\u017cena Bartosiak, bardzo \u017cyczliwa Osoba z Warszawy, a tak\u017ce [&hellip;]","og_url":"https:\/\/gaudiumetspes-blog.pl\/index.php\/2019\/03\/13\/zwyciestwo-mieszkancow-niniwy\/","og_site_name":"Gaudium Et Spes","article_published_time":"2019-03-13T04:51:00+00:00","article_modified_time":"2019-07-31T11:00:44+00:00","author":"Ks. Jacek","twitter_card":"summary_large_image","twitter_misc":{"Napisane przez":"Ks. Jacek","Szacowany czas czytania":"6 minut"},"schema":{"@context":"https:\/\/schema.org","@graph":[{"@type":"WebPage","@id":"https:\/\/gaudiumetspes-blog.pl\/index.php\/2019\/03\/13\/zwyciestwo-mieszkancow-niniwy\/","url":"https:\/\/gaudiumetspes-blog.pl\/index.php\/2019\/03\/13\/zwyciestwo-mieszkancow-niniwy\/","name":"Zwyci\u0119stwo mieszka\u0144c\u00f3w Niniwy - Gaudium Et Spes","isPartOf":{"@id":"https:\/\/gaudiumetspes-blog.pl\/#website"},"datePublished":"2019-03-13T04:51:00+00:00","dateModified":"2019-07-31T11:00:44+00:00","author":{"@id":"https:\/\/gaudiumetspes-blog.pl\/#\/schema\/person\/1661982992b752dea8dff0d4ed845a65"},"breadcrumb":{"@id":"https:\/\/gaudiumetspes-blog.pl\/index.php\/2019\/03\/13\/zwyciestwo-mieszkancow-niniwy\/#breadcrumb"},"inLanguage":"pl-PL","potentialAction":[{"@type":"ReadAction","target":["https:\/\/gaudiumetspes-blog.pl\/index.php\/2019\/03\/13\/zwyciestwo-mieszkancow-niniwy\/"]}]},{"@type":"BreadcrumbList","@id":"https:\/\/gaudiumetspes-blog.pl\/index.php\/2019\/03\/13\/zwyciestwo-mieszkancow-niniwy\/#breadcrumb","itemListElement":[{"@type":"ListItem","position":1,"name":"Strona g\u0142\u00f3wna","item":"https:\/\/gaudiumetspes-blog.pl\/"},{"@type":"ListItem","position":2,"name":"Zwyci\u0119stwo mieszka\u0144c\u00f3w Niniwy"}]},{"@type":"WebSite","@id":"https:\/\/gaudiumetspes-blog.pl\/#website","url":"https:\/\/gaudiumetspes-blog.pl\/","name":"Gaudium Et Spes","description":"Blog Ks. Jacka Ja\u015bkowskiego","potentialAction":[{"@type":"SearchAction","target":{"@type":"EntryPoint","urlTemplate":"https:\/\/gaudiumetspes-blog.pl\/?s={search_term_string}"},"query-input":{"@type":"PropertyValueSpecification","valueRequired":true,"valueName":"search_term_string"}}],"inLanguage":"pl-PL"},{"@type":"Person","@id":"https:\/\/gaudiumetspes-blog.pl\/#\/schema\/person\/1661982992b752dea8dff0d4ed845a65","name":"Ks. Jacek","image":{"@type":"ImageObject","inLanguage":"pl-PL","@id":"https:\/\/gaudiumetspes-blog.pl\/#\/schema\/person\/image\/","url":"https:\/\/gaudiumetspes-blog.pl\/wp-content\/uploads\/2019\/07\/avatar-JJ-150x150.jpg","contentUrl":"https:\/\/gaudiumetspes-blog.pl\/wp-content\/uploads\/2019\/07\/avatar-JJ-150x150.jpg","caption":"Ks. Jacek"},"description":"Witam serdecznie! K\u0142ania si\u0119 Ks. Jacek Ja\u015bkowski. Nie jestem ani kim\u015b wa\u017cnym, ani kim\u015b znanym. Jestem ksi\u0119dzem, kt\u00f3ry po prostu chce rozmawia\u0107. Codzienna kap\u0142a\u0144ska pos\u0142uga pokazuje mi, \u017ce temat\u00f3w do rozm\u00f3w z ksi\u0119dzem jest coraz wi\u0119cej i dzisiaj \u017caden ksi\u0105dz nie mo\u017ce od nich ucieka\u0107, ale - wprost przeciwnie - podejmowa\u0107 nowe wyzwania. To przekonanie sk\u0142oni\u0142o mnie do pr\u00f3by otwarcia tego\u017c bloga, chocia\u017c okazji do rozm\u00f3w na co dzie\u0144 - w konfesjonale i poza nim - na szcz\u0119\u015bcie nie brakuje. My\u015bl\u0119 jednak, \u017ce ten blog b\u0119dzie jeszcze jednym sposobem i przestrzeni\u0105 nawi\u0105zania kontaktu z lud\u017ami dobrej woli, otwartymi na dialog.","url":"https:\/\/gaudiumetspes-blog.pl\/index.php\/author\/ks-jacek\/"}]}},"jetpack_featured_media_url":"","jetpack_sharing_enabled":true,"_links":{"self":[{"href":"https:\/\/gaudiumetspes-blog.pl\/index.php\/wp-json\/wp\/v2\/posts\/14665","targetHints":{"allow":["GET"]}}],"collection":[{"href":"https:\/\/gaudiumetspes-blog.pl\/index.php\/wp-json\/wp\/v2\/posts"}],"about":[{"href":"https:\/\/gaudiumetspes-blog.pl\/index.php\/wp-json\/wp\/v2\/types\/post"}],"author":[{"embeddable":true,"href":"https:\/\/gaudiumetspes-blog.pl\/index.php\/wp-json\/wp\/v2\/users\/1"}],"replies":[{"embeddable":true,"href":"https:\/\/gaudiumetspes-blog.pl\/index.php\/wp-json\/wp\/v2\/comments?post=14665"}],"version-history":[{"count":1,"href":"https:\/\/gaudiumetspes-blog.pl\/index.php\/wp-json\/wp\/v2\/posts\/14665\/revisions"}],"predecessor-version":[{"id":15023,"href":"https:\/\/gaudiumetspes-blog.pl\/index.php\/wp-json\/wp\/v2\/posts\/14665\/revisions\/15023"}],"wp:attachment":[{"href":"https:\/\/gaudiumetspes-blog.pl\/index.php\/wp-json\/wp\/v2\/media?parent=14665"}],"wp:term":[{"taxonomy":"category","embeddable":true,"href":"https:\/\/gaudiumetspes-blog.pl\/index.php\/wp-json\/wp\/v2\/categories?post=14665"},{"taxonomy":"post_tag","embeddable":true,"href":"https:\/\/gaudiumetspes-blog.pl\/index.php\/wp-json\/wp\/v2\/tags?post=14665"}],"curies":[{"name":"wp","href":"https:\/\/api.w.org\/{rel}","templated":true}]}}