{"id":14668,"date":"2019-03-10T06:11:00","date_gmt":"2019-03-10T05:11:00","guid":{"rendered":"https:\/\/gaudiumetspes-blog.pl\/index.php\/2019\/03\/10\/panu-bogu-swemu-bedziesz-oddawa-pokon\/"},"modified":"2019-07-31T13:00:43","modified_gmt":"2019-07-31T11:00:43","slug":"panu-bogu-swemu-bedziesz-oddawa-pokon","status":"publish","type":"post","link":"https:\/\/gaudiumetspes-blog.pl\/index.php\/2019\/03\/10\/panu-bogu-swemu-bedziesz-oddawa-pokon\/","title":{"rendered":"Panu, Bogu swemu, b\u0119dziesz oddawa\u0142 pok\u0142on!"},"content":{"rendered":"<p><\/p>\n<div align=\"justify\" style=\"font-weight: normal; line-height: 150%; margin-bottom: 0cm;\">\n<span style=\"color: black;\"><span style=\"font-family: Book Antiqua, serif;\"><span style=\"font-size: x-large;\">Niech<br \/>\nb\u0119dzie pochwalony Jezus Chrystus! Moi Drodzy, \u017cycz\u0119 Wam pi\u0119knej<br \/>\nniedzieli! U nas dzisiaj, na Mszy \u015awi\u0119tej o godz. 9:00, w\u0142\u0105czenie<br \/>\ndo pos\u0142ugi lektora pi\u0119ciu Ministrant\u00f3w, kt\u00f3rzy ju\u017c od kilku lat<br \/>\ns\u0142u\u017c\u0105 do Mszy \u015awi\u0119tej i maj\u0105 w tym niema\u0142e do\u015bwiadczenie, a<br \/>\nod dzisiaj b\u0119d\u0105 s\u0142u\u017cy\u0107 jeszcze pe\u0142niej, poprzez czytanie Bo\u017cego<br \/>\ns\u0142owa. Niech Im Pan b\u0142ogos\u0142awi i b\u0119dzie dla Nich natchnieniem i<br \/>\n\u017ar\u00f3d\u0142em mocy, aby swoj\u0105 pos\u0142ug\u0119 spe\u0142niali gorliwie i z<br \/>\nmi\u0142o\u015bci\u0105.<\/span><\/span><\/span><\/div>\n<div align=\"justify\" style=\"background: transparent; font-weight: normal; line-height: 150%; margin-bottom: 0cm; page-break-before: auto; text-indent: 1.3cm;\">\n<span style=\"color: black;\"><span style=\"font-family: Book Antiqua, serif;\"><span style=\"font-size: x-large;\">A<br \/>\nnam wszystkim, na ten dzie\u0144 i na ca\u0142y Wielki Post \u2013 <b>niech<br \/>\nb\u0142ogos\u0142awi B\u00f3g Wszechmog\u0105cy: Ojciec + i Syn, i Duch \u015awi\u0119ty.<br \/>\nAmen<\/b><\/span><\/span><\/span><\/div>\n<div align=\"center\" style=\"font-weight: normal; line-height: 150%; margin-bottom: 0cm;\">\n<span style=\"color: black;\"><span style=\"font-family: Book Antiqua, serif;\"><span style=\"font-size: x-large;\">Gaudium<br \/>\net spes!  Ks. Jacek<\/span><\/span><\/span><\/div>\n<div align=\"justify\" style=\"line-height: 150%; margin-bottom: 0cm;\">\n<span style=\"font-size: x-large;\"><\/p>\n<p><\/span><\/div>\n<div align=\"justify\" style=\"line-height: 150%; margin-bottom: 0cm;\">\n<span style=\"color: black;\"><span style=\"font-family: Book Antiqua, serif;\"><span style=\"font-size: x-large;\"><b>1<br \/>\nNiedziela Wielkiego Postu, C,<\/b><\/span><\/span><\/span><\/div>\n<div align=\"justify\" style=\"line-height: 150%; margin-bottom: 0cm;\">\n<span style=\"color: black;\"><span style=\"font-family: Book Antiqua, serif;\"><span style=\"font-size: x-large;\"><b>do<br \/>\nczyta\u0144:  Pwt 26,4\u201310;  Rz 10,8\u201313;  \u0141k 4,1\u201313<\/b><\/span><\/span><\/span><\/div>\n<div align=\"justify\" style=\"font-weight: normal; line-height: 150%; margin-bottom: 0cm;\">\n<span style=\"font-size: x-large;\"><\/p>\n<p><\/span><\/div>\n<div align=\"justify\" style=\"font-style: normal; font-variant: normal; letter-spacing: normal; line-height: 150%; margin-bottom: 0cm;\">\n<span style=\"color: black;\"><span style=\"font-family: Book Antiqua, serif;\"><span style=\"font-size: x-large;\"><b>CZYTANIE<br \/>\nZ KSI\u0118GI POWT\u00d3RZONEGO PRAWA:<\/b><\/span><\/span><\/span><\/div>\n<div align=\"justify\" style=\"line-height: 150%; margin-bottom: 0cm; page-break-before: auto; text-indent: 1.3cm;\">\n<span style=\"color: black;\"><span style=\"font-family: Book Antiqua, serif;\"><span style=\"font-size: x-large;\"><b><span style=\"font-variant: normal;\"><span style=\"letter-spacing: normal;\"><span style=\"font-style: normal;\">Moj\u017cesz<br \/>\npowiedzia\u0142 do ludu: <\/span><\/span><\/span><span style=\"font-variant: normal;\"><span style=\"letter-spacing: normal;\"><span style=\"font-style: normal;\">\u201eKap\u0142an<br \/>\nwe\u017amie z twoich r\u0105k koszyk i po\u0142o\u017cy go przed o\u0142tarzem Pana, Boga<br \/>\ntwego. A ty w\u00f3wczas wypowiesz te s\u0142owa wobec Pana Boga swego:<\/span><\/span><\/span><\/b><\/span><\/span><\/span><\/div>\n<div align=\"justify\" style=\"line-height: 150%; margin-bottom: 0cm; text-indent: 1.3cm;\">\n<span style=\"font-size: x-large;\"><span style=\"color: black;\"><span style=\"font-family: Book Antiqua, serif;\"><b><span style=\"font-variant: normal;\"><span style=\"letter-spacing: normal;\"><span style=\"font-style: normal;\">\u00abOjciec<br \/>\nm\u00f3j, Aramejczyk <\/span><\/span><\/span><span style=\"font-variant: normal;\"><span style=\"letter-spacing: normal;\"><span style=\"font-style: normal;\">b\u0142\u0105dz\u0105cy<\/span><\/span><\/span><span style=\"font-variant: normal;\"><span style=\"letter-spacing: normal;\"><span style=\"font-style: normal;\">,<br \/>\nzst\u0105pi\u0142 do Egiptu, przyby\u0142 tam w niewielkiej liczbie ludzi i tam<br \/>\nsi\u0119 rozr\u00f3s\u0142 w nar\u00f3d ogromny, silny i liczny. <\/span><\/span><\/span><\/b><\/span><\/span><br \/>\n<\/span><\/div>\n<div align=\"justify\" style=\"line-height: 150%; margin-bottom: 0cm; text-indent: 1.3cm;\">\n<span style=\"color: black;\"><span style=\"font-family: Book Antiqua, serif;\"><span style=\"font-size: x-large;\"><b><span style=\"font-variant: normal;\"><span style=\"letter-spacing: normal;\"><span style=\"font-style: normal;\">Egipcjanie<br \/>\n\u017ale si\u0119 z nami obchodzili, gn\u0119bili nas i na\u0142o\u017cyli na nas ci\u0119\u017ckie<br \/>\nroboty przymusowe. Wtedy <\/span><\/span><\/span><span style=\"font-variant: normal;\"><span style=\"letter-spacing: normal;\"><span style=\"font-style: normal;\">my\u015bmy<br \/>\n<\/span><\/span><\/span><span style=\"font-variant: normal;\"><span style=\"letter-spacing: normal;\"><span style=\"font-style: normal;\">wo\u0142ali<br \/>\ndo Pana, Boga <\/span><\/span><\/span><span style=\"font-variant: normal;\"><span style=\"letter-spacing: normal;\"><span style=\"font-style: normal;\">przodk\u00f3w<\/span><\/span><\/span><span style=\"font-variant: normal;\"><span style=\"letter-spacing: normal;\"><span style=\"font-style: normal;\"><br \/>\nnaszych. Us\u0142ysza\u0142 Pan nasze wo\u0142anie, wejrza\u0142 na nasz\u0105 n\u0119dz\u0119,<br \/>\nnasz trud i nasze uciemi\u0119\u017cenie. Wyprowadzi\u0142 nas Pan z Egiptu mocn\u0105<br \/>\nr\u0119k\u0105 i wyci\u0105gni\u0119tym ramieniem w\u015br\u00f3d wielkiej grozy, znak\u00f3w i<br \/>\ncud\u00f3w. <\/span><\/span><\/span><span style=\"font-variant: normal;\"><span style=\"letter-spacing: normal;\"><span style=\"font-style: normal;\">Za<\/span><\/span><\/span><span style=\"font-variant: normal;\"><span style=\"letter-spacing: normal;\"><span style=\"font-style: normal;\">prowadzi\u0142<br \/>\nnas na to miejsce i da\u0142 nam ten kraj op\u0142ywaj\u0105cy w mleko i mi\u00f3d.<\/span><\/span><\/span><\/b><\/span><\/span><\/span><\/div>\n<div align=\"justify\" style=\"font-style: normal; font-variant: normal; letter-spacing: normal; line-height: 150%; margin-bottom: 0cm; text-indent: 1.3cm;\">\n<span style=\"color: black;\"><span style=\"font-family: Book Antiqua, serif;\"><span style=\"font-size: x-large;\"><b>Teraz<br \/>\noto przynios\u0142em pierwociny p\u0142od\u00f3w ziemi, kt\u00f3r\u0105 da\u0142e\u015b mi,<br \/>\nPanie\u00bb.<\/b><\/span><\/span><\/span><\/div>\n<div align=\"justify\" style=\"line-height: 150%; margin-bottom: 0cm; text-indent: 1.3cm;\">\n<span style=\"color: black;\"><span style=\"font-family: Book Antiqua, serif;\"><span style=\"font-size: x-large;\"><b><span style=\"font-variant: normal;\"><span style=\"letter-spacing: normal;\"><span style=\"font-style: normal;\">Roz\u0142o\u017cysz<br \/>\nje przed Panem, Bogiem swoim <\/span><\/span><\/span><span style=\"font-variant: normal;\"><span style=\"letter-spacing: normal;\"><span style=\"font-style: normal;\">i<\/span><\/span><\/span><span style=\"font-variant: normal;\"><span style=\"letter-spacing: normal;\"><span style=\"font-style: normal;\"><br \/>\n<\/span><\/span><\/span><span style=\"font-variant: normal;\"><span style=\"letter-spacing: normal;\"><span style=\"font-style: normal;\">o<\/span><\/span><\/span><span style=\"font-variant: normal;\"><span style=\"letter-spacing: normal;\"><span style=\"font-style: normal;\">ddasz<br \/>\npok\u0142on Panu, Bogu swemu\u201d.<\/span><\/span><\/span><\/b><\/span><\/span><\/span><\/div>\n<div align=\"justify\" style=\"line-height: 150%; margin-bottom: 0cm;\">\n<span style=\"font-size: x-large;\"><\/p>\n<p><\/span><\/div>\n<div align=\"justify\" style=\"font-style: normal; font-variant: normal; letter-spacing: normal; line-height: 150%; margin-bottom: 0cm;\">\n<span style=\"color: black;\"><span style=\"font-family: Book Antiqua, serif;\"><span style=\"font-size: x-large;\"><b>CZYTANIE<br \/>\nZ LISTU \u015aWI\u0118TEGO PAW\u0141A APOSTO\u0141A DO RZYMIAN:<\/b><\/span><\/span><\/span><\/div>\n<div align=\"justify\" style=\"line-height: 150%; margin-bottom: 0cm; page-break-before: auto; text-indent: 1.3cm;\">\n<span style=\"color: black;\"><span style=\"font-family: Book Antiqua, serif;\"><span style=\"font-size: x-large;\"><b><span style=\"font-variant: normal;\"><span style=\"letter-spacing: normal;\"><span style=\"font-style: normal;\">Bracia:<br \/>\n<\/span><\/span><\/span><span style=\"font-variant: normal;\"><span style=\"letter-spacing: normal;\"><span style=\"font-style: normal;\">C\u00f3\u017c<br \/>\nm\u00f3wi Pismo? \u201eS\u0142owo to jest blisko ciebie, na twoich ustach i w<br \/>\nsercu twoi<\/span><\/span><\/span><span style=\"font-variant: normal;\"><span style=\"letter-spacing: normal;\"><span style=\"font-style: normal;\">m<\/span><\/span><\/span><span style=\"font-variant: normal;\"><span style=\"letter-spacing: normal;\"><span style=\"font-style: normal;\">\u201d.<br \/>\nA jest to s\u0142owo wiary, kt\u00f3r\u0105 g\u0142osimy. Je\u017celi wi\u0119c ustami swoimi<br \/>\nwyznasz, \u017ce Jezus jest Panem, i w sercu swoim uwierzysz, \u017ce B\u00f3g Go<br \/>\nwskrzesi\u0142 z martwych, osi\u0105gniesz zbawienie. Bo sercem przyj\u0119ta<br \/>\nwiara prowadzi do <\/span><\/span><\/span><span style=\"font-variant: normal;\"><span style=\"letter-spacing: normal;\"><span style=\"font-style: normal;\">u<\/span><\/span><\/span><span style=\"font-variant: normal;\"><span style=\"letter-spacing: normal;\"><span style=\"font-style: normal;\">sprawiedliw<\/span><\/span><\/span><span style=\"font-variant: normal;\"><span style=\"letter-spacing: normal;\"><span style=\"font-style: normal;\">ienia<\/span><\/span><\/span><span style=\"font-variant: normal;\"><span style=\"letter-spacing: normal;\"><span style=\"font-style: normal;\">,<br \/>\na wyznawanie jej do zbawienia. Wszak m\u00f3wi Pismo: \u201e\u017baden, kto<br \/>\nwierzy w Niego, nie b\u0119dzie zawstydzony\u201d.<\/span><\/span><\/span><\/b><\/span><\/span><\/span><\/div>\n<div align=\"justify\" style=\"font-style: normal; font-variant: normal; letter-spacing: normal; line-height: 150%; margin-bottom: 0cm; text-indent: 1.3cm;\">\n<span style=\"color: black;\"><span style=\"font-family: Book Antiqua, serif;\"><span style=\"font-size: x-large;\"><b>Nie<br \/>\nma ju\u017c r\u00f3\u017cnicy mi\u0119dzy \u017bydem a Grekiem. Jeden jest bowiem Pan<br \/>\nwszystkich. On to rozdziela swe bogactwa wszystkim, kt\u00f3rzy Go<br \/>\nwzywaj\u0105. \u201eAlbowiem ka\u017cdy, kto wezwie imienia Pa\u0144skiego, b\u0119dzie<br \/>\nzbawiony\u201d.<\/b><\/span><\/span><\/span><\/div>\n<div align=\"justify\" style=\"line-height: 150%; margin-bottom: 0cm;\">\n<span style=\"font-size: x-large;\"><\/p>\n<p><\/span><\/div>\n<div align=\"justify\" style=\"font-style: normal; font-variant: normal; letter-spacing: normal; line-height: 150%; margin-bottom: 0cm;\">\n<span style=\"color: black;\"><span style=\"font-family: Book Antiqua, serif;\"><span style=\"font-size: x-large;\"><b>S\u0141OWA<br \/>\nEWANGELII WED\u0141UG \u015aWI\u0118TEGO \u0141UKASZA:<\/b><\/span><\/span><\/span><\/div>\n<div align=\"justify\" style=\"font-style: normal; font-variant: normal; letter-spacing: normal; line-height: 150%; margin-bottom: 0cm; page-break-before: auto; text-indent: 1.3cm; widows: 1;\">\n<span style=\"color: black;\"><span style=\"font-family: Book Antiqua, serif;\"><span style=\"font-size: x-large;\"><b>Jezus<br \/>\npe\u0142en Ducha \u015awi\u0119tego powr\u00f3ci\u0142 znad Jordanu i czterdzie\u015bci dni<br \/>\nprzebywa\u0142 w Duchu na pustyni, gdzie by\u0142 kuszony przez diab\u0142a. Nic<br \/>\nw owe dni nie jad\u0142, a po ich up\u0142ywie poczu\u0142 g\u0142\u00f3d. Rzek\u0142 Mu<br \/>\nwtedy diabe\u0142: \u201eJe\u015bli jeste\u015b Synem Bo\u017cym, powiedz temu<br \/>\nkamieniowi, \u017ceby sta\u0142 si\u0119 chlebem\u201d.<\/b><\/span><\/span><\/span><\/div>\n<div align=\"justify\" style=\"font-style: normal; font-variant: normal; letter-spacing: normal; line-height: 150%; margin-bottom: 0cm; text-indent: 1.3cm; widows: 1;\">\n<span style=\"color: black;\"><span style=\"font-family: Book Antiqua, serif;\"><span style=\"font-size: x-large;\"><b>Odpowiedzia\u0142<br \/>\nmu Jezus: \u201eNapisane jest: \u00abNie samym chlebem \u017cyje cz\u0142owiek\u00bb\u201d.<\/b><\/span><\/span><\/span><\/div>\n<div align=\"justify\" style=\"font-style: normal; font-variant: normal; letter-spacing: normal; line-height: 150%; margin-bottom: 0cm; text-indent: 1.3cm; widows: 1;\">\n<span style=\"color: black;\"><span style=\"font-family: Book Antiqua, serif;\"><span style=\"font-size: x-large;\"><b>W\u00f3wczas<br \/>\nwyprowadzi\u0142 Go w g\u00f3r\u0119, pokaza\u0142 Mu w jednej chwili wszystkie<br \/>\nkr\u00f3lestwa \u015bwiata i rzek\u0142 diabe\u0142 do Niego: \u201eTobie dam pot\u0119g\u0119 i<br \/>\nwspania\u0142o\u015b\u0107 tego wszystkiego, bo mnie s\u0105 poddane i mog\u0119 je<br \/>\nodst\u0105pi\u0107, komu chc\u0119. Je\u015bli wi\u0119c upadniesz i oddasz mi pok\u0142on,<br \/>\nwszystko b\u0119dzie Twoje\u201d.<\/b><\/span><\/span><\/span><\/div>\n<div align=\"justify\" style=\"font-style: normal; font-variant: normal; letter-spacing: normal; line-height: 150%; margin-bottom: 0cm; text-indent: 1.3cm; widows: 1;\">\n<span style=\"color: black;\"><span style=\"font-family: Book Antiqua, serif;\"><span style=\"font-size: x-large;\"><b>Lecz<br \/>\nJezus mu odrzek\u0142: \u201eNapisane jest: \u00abPanu, Bogu swemu, b\u0119dziesz<br \/>\noddawa\u0142 pok\u0142on i Jemu samemu s\u0142u\u017cy\u0107 b\u0119dziesz\u00bb\u201d.<\/b><\/span><\/span><\/span><\/div>\n<div align=\"justify\" style=\"font-style: normal; font-variant: normal; letter-spacing: normal; line-height: 150%; margin-bottom: 0cm; text-indent: 1.3cm; widows: 1;\">\n<span style=\"color: black;\"><span style=\"font-family: Book Antiqua, serif;\"><span style=\"font-size: x-large;\"><b>Zaprowadzi\u0142<br \/>\nGo te\u017c do Jerozolimy, postawi\u0142 na naro\u017cniku \u015bwi\u0105tyni i rzek\u0142 do<br \/>\nNiego: \u201eJe\u015bli jeste\u015b Synem Bo\u017cym, rzu\u0107 si\u0119 st\u0105d w d\u00f3\u0142. Jest<br \/>\nbowiem napisane: \u00abAnio\u0142om swoim rozka\u017ce o Tobie, \u017ceby ci\u0119<br \/>\nstrzegli\u00bb, i \u00abna r\u0119kach nosi\u0107 Ci\u0119 b\u0119d\u0105, by\u015b przypadkiem nie<br \/>\nurazi\u0142 swej nogi o kamie\u0144\u00bb\u201d.<\/b><\/span><\/span><\/span><\/div>\n<div align=\"justify\" style=\"font-style: normal; font-variant: normal; letter-spacing: normal; line-height: 150%; margin-bottom: 0cm; text-indent: 1.3cm; widows: 1;\">\n<span style=\"color: black;\"><span style=\"font-family: Book Antiqua, serif;\"><span style=\"font-size: x-large;\"><b>Lecz<br \/>\nJezus mu odpar\u0142: \u201ePowiedziano: \u00abNie b\u0119dziesz wystawia\u0142 na pr\u00f3b\u0119<br \/>\nPana, Boga swego\u00bb\u201d.<\/b><\/span><\/span><\/span><\/div>\n<div align=\"justify\" style=\"font-style: normal; font-variant: normal; letter-spacing: normal; line-height: 150%; margin-bottom: 0cm; text-indent: 1.3cm; widows: 1;\">\n<span style=\"color: black;\"><span style=\"font-family: Book Antiqua, serif;\"><span style=\"font-size: x-large;\"><b>Gdy<br \/>\ndiabe\u0142 dope\u0142ni\u0142 ca\u0142ego kuszenia, odst\u0105pi\u0142 od Niego a\u017c do<br \/>\nczasu.<\/b><\/span><\/span><\/span><\/div>\n<div align=\"justify\" style=\"font-style: normal; font-weight: normal; line-height: 150%; margin-bottom: 0cm;\">\n<span style=\"font-size: x-large;\"><\/p>\n<p><\/span><\/div>\n<div align=\"justify\" style=\"background: transparent; font-style: normal; font-weight: normal; line-height: 150%; margin-bottom: 0cm; text-indent: 1.3cm;\">\n<span style=\"font-size: x-large;\"><span style=\"color: black;\"><span style=\"font-family: Book Antiqua, serif;\">Do<br \/>\nkogo nale\u017cy \u015bwiat i wszystko, co na nim? Do kogo nale\u017c\u0105 wszystkie<br \/>\njego bogactwa i dobra? <b>Dla kogo je B\u00f3g stworzy\u0142? <\/b><\/span><\/span><br \/>\n<\/span><\/div>\n<div align=\"justify\" style=\"background: transparent; font-style: normal; font-weight: normal; line-height: 150%; margin-bottom: 0cm; text-indent: 1.3cm;\">\n<span style=\"font-size: x-large;\"><span style=\"color: black;\"><span style=\"font-family: Book Antiqua, serif;\">My<br \/>\noczywi\u015bcie wiemy, \u017ce dla cz\u0142owieka, korony stworze\u0144,<br \/>\nnajwa\u017cniejszego ze wszystkich byt\u00f3w. Ale te\u017c nie mamy w\u0105tpliwo\u015bci,<br \/>\n\u017ce to w\u0142a\u015bnie On, B\u00f3g Najwy\u017cszy, jest <b>jedynym Panem i W\u0142adc\u0105<br \/>\n\u015bwiata i wszech\u015bwiata.<\/b> Cz\u0142owiek \u2013 owszem \u2013 otrzyma\u0142<br \/>\nw\u0142adz\u0119 nad \u015bwiatem, ale ma j\u0105 sprawowa\u0107 <b>w imieniu Boga.<\/b><br \/>\nDlatego Moj\u017cesz dzisiaj poleca swemu ludowi sk\u0142adanie pierwocin<br \/>\np\u0142od\u00f3w ziemi, kt\u00f3r\u0105 da\u0142 mu Pan. Dary te maj\u0105 by\u0107 roz\u0142o\u017cone<br \/>\nprzed Panem, a ofiaruj\u0105cy \u2013 <b>maj\u0105 Mu odda\u0107 pok\u0142on. <\/b><\/span><\/span><br \/>\n<\/span><\/div>\n<div align=\"justify\" style=\"background: transparent; font-style: normal; font-weight: normal; line-height: 150%; margin-bottom: 0cm; text-indent: 1.3cm;\">\n<span style=\"font-size: x-large;\"><span style=\"color: black;\"><span style=\"font-family: Book Antiqua, serif;\">Wcze\u015bniejsze<br \/>\nza\u015b s\u0142owa, z kt\u00f3rymi Moj\u017cesz zwraca si\u0119 do swego ludu, to<br \/>\n<b>przypomnienie wielkich dzie\u0142,<\/b> kt\u00f3rych B\u00f3g dokona\u0142 w<br \/>\nhistorii swego narodu. S\u0142yszymy wspomnienie wej\u015bcia do Egiptu i<br \/>\nwspomnienie wyj\u015bcia z niego, a wszystko to razem wzi\u0119te ma dobitnie<br \/>\nu\u015bwiadomi\u0107 Izraelitom, \u017ce <b>ich B\u00f3g jest ich Panem \u2013 jest<br \/>\nPanem ich historii,<\/b> On sam kieruje ich losami, i to On da\u0142 im<br \/>\ndobra tej ziemi, aby mieli co je\u015b\u0107 i mogli normalnie funkcjonowa\u0107.<br \/>\n<\/span><\/span><br \/>\n<\/span><\/div>\n<div align=\"justify\" style=\"background: transparent; font-style: normal; font-weight: normal; line-height: 150%; margin-bottom: 0cm; text-indent: 1.3cm;\">\n<span style=\"color: black;\"><span style=\"font-family: Book Antiqua, serif;\"><span style=\"font-size: x-large;\">Dlatego<br \/>\nto ludzie maj\u0105 sk\u0142ada\u0107 <b>dary z pierwocin p\u0142od\u00f3w roli,<\/b> aby<br \/>\npodzi\u0119kowa\u0107 Bogu za wszystkie dary, jakie od Niego maj\u0105, ale tak\u017ce<br \/>\n\u2013 w duchu serdecznego zaufania \u2013 powierza\u0107 si\u0119 Bo\u017cej opiece,<br \/>\npami\u0119taj\u0105c przy tym, do kogo nale\u017cy w\u0142adza nad \u015bwiatem.<\/span><\/span><\/span><\/div>\n<div align=\"justify\" style=\"background: transparent; font-style: normal; font-weight: normal; line-height: 150%; margin-bottom: 0cm; text-indent: 1.3cm;\">\n<span style=\"font-size: x-large;\"><span style=\"color: black;\"><span style=\"font-family: Book Antiqua, serif;\">W<br \/>\nspos\u00f3b wyra\u017any i widoczny <b>w\u0142adzy tej nie chcia\u0142 uzna\u0107 szatan,<br \/>\n<\/b>z\u0142y duch, kt\u00f3ry nie do\u015b\u0107, \u017ce tylu ludzi sprowadzi\u0142 na<br \/>\nbezdro\u017ca z\u0142a, to \u2013 jak dzisiaj s\u0142yszymy \u2013 powa\u017cy\u0142 si\u0119 na to<br \/>\ntak\u017ce <b>wobec<\/b><b> samego Bo\u017cego Syna. <\/b>A poniewa\u017c szatan \u2013<br \/>\nstworzony jako anio\u0142, chocia\u017c zbuntowany \u2013 jest istot\u0105<br \/>\nnadzwyczaj inteligentn\u0105, to doskonale wie, kto tak naprawd\u0119 ma<br \/>\nw\u0142adz\u0119 nad \u015bwiatem. To jednak nie przeszkodzi\u0142o mu, by dzisiaj \u2013<br \/>\nkiedy to <span style=\"font-variant: normal;\"><span style=\"letter-spacing: normal;\"><i><b>wyprowadzi\u0142<\/b><\/i><\/span><\/span><span style=\"font-variant: normal;\"><span style=\"letter-spacing: normal;\"><i><b><br \/>\nGo w g\u00f3r\u0119, pokaza\u0142 Mu w jednej chwili wszystkie kr\u00f3lestwa \u015bwiata<\/b><\/i><\/span><\/span><span style=\"font-variant: normal;\"><span style=\"letter-spacing: normal;\"><b><br \/>\n\u2013 <\/b><\/span><\/span><span style=\"font-variant: normal;\"><span style=\"letter-spacing: normal;\">powiedzie\u0107<br \/>\ndo Jezusa:<\/span><\/span><span style=\"font-variant: normal;\"><span style=\"letter-spacing: normal;\"><b><br \/>\n<\/b><\/span><\/span><span style=\"font-variant: normal;\"><span style=\"letter-spacing: normal;\"><i><b>Tobie<br \/>\ndam pot\u0119g\u0119 i wspania\u0142o\u015b\u0107 tego wszystkiego, bo mnie s\u0105 poddane i<br \/>\nmog\u0119 je <\/b><\/i><\/span><\/span><span style=\"font-variant: normal;\"><span style=\"letter-spacing: normal;\"><i><b>odst\u0105pi\u0107<\/b><\/i><\/span><\/span><span style=\"font-variant: normal;\"><span style=\"letter-spacing: normal;\"><i><b>,<br \/>\nkomu chc\u0119. Je\u015bli wi\u0119c upadniesz i oddasz mi pok\u0142on, wszystko<br \/>\nb\u0119dzie Twoje.<\/b><\/i><\/span><\/span><span style=\"font-variant: normal;\"><span style=\"letter-spacing: normal;\"><b><br \/>\n<\/b><\/span><\/span><\/span><\/span><br \/>\n<\/span><\/div>\n<div align=\"justify\" style=\"background: transparent; font-style: normal; font-weight: normal; line-height: 150%; margin-bottom: 0cm; text-indent: 1.3cm;\">\n<span style=\"font-size: x-large;\"><span style=\"color: black;\"><span style=\"font-family: Book Antiqua, serif;\"><span style=\"font-variant: normal;\"><span style=\"letter-spacing: normal;\">Powiemy:<br \/>\n<\/span><\/span><span style=\"font-variant: normal;\"><span style=\"letter-spacing: normal;\">C<\/span><\/span><span style=\"font-variant: normal;\"><span style=\"letter-spacing: normal;\">\u00f3\u017c<br \/>\nza bezczelno\u015b\u0107! <\/span><\/span><span style=\"font-variant: normal;\"><span style=\"letter-spacing: normal;\"><b>C\u00f3\u017c<br \/>\nza arogancja!<\/b><\/span><\/span><span style=\"font-variant: normal;\"><span style=\"letter-spacing: normal;\"><br \/>\nA przede wszystkim \u2013 ordynarne k\u0142amstwo! Ale to w\u0142a\u015bnie w taki<br \/>\nspos\u00f3b szatan dzia\u0142a od samego pocz\u0105tku, a wi\u0119c od tej <\/span><\/span><span style=\"font-variant: normal;\"><span style=\"letter-spacing: normal;\"><b>pierwszej,<br \/>\nniestety skutecznej pokusy,<\/b><\/span><\/span><span style=\"font-variant: normal;\"><span style=\"letter-spacing: normal;\"><br \/>\njak\u0105 omami\u0142 pierwszych rodzic\u00f3w. <\/span><\/span><\/span><\/span><br \/>\n<\/span><\/div>\n<div align=\"justify\" style=\"background: transparent; font-style: normal; font-weight: normal; line-height: 150%; margin-bottom: 0cm; text-indent: 1.3cm;\">\n<span style=\"font-size: x-large;\"><span style=\"color: black;\"><span style=\"font-family: Book Antiqua, serif;\"><span style=\"font-variant: normal;\"><span style=\"letter-spacing: normal;\">Wtedy<br \/>\ntak\u017ce i on dobrze wiedzia\u0142, i oni wiedzieli, co B\u00f3g postanowi\u0142,<br \/>\nco nakaza\u0142, a czego zakaza\u0142 \u2013 a pomimo tego Adam i Ewa <\/span><\/span><span style=\"font-variant: normal;\"><span style=\"letter-spacing: normal;\"><b>tak<br \/>\ng\u0142adko \u201eprze\u0142kn\u0119li\u201d <\/b><\/span><\/span><span style=\"font-variant: normal;\"><span style=\"letter-spacing: normal;\">jego<br \/>\nfataln\u0105 propozycj\u0119 i poszli za ni\u0105. Jezus dzisiaj nie poszed\u0142 za<br \/>\n\u017cadn\u0105 z trzech pokus, a wiemy, \u017ce liczba ta ma znaczenie<br \/>\nsymboliczne, oznaczaj\u0105c<\/span><\/span><span style=\"font-variant: normal;\"><span style=\"letter-spacing: normal;\">e<\/span><\/span><span style=\"font-variant: normal;\"><span style=\"letter-spacing: normal;\"><br \/>\n<\/span><\/span><span style=\"font-variant: normal;\"><span style=\"letter-spacing: normal;\"><b>wszystkie<br \/>\npokusy, jakimi z\u0142y duch kiedykolwiek n\u0119ci cz\u0142owieka.<\/b><\/span><\/span><span style=\"font-variant: normal;\"><span style=\"letter-spacing: normal;\"><br \/>\nI za ka\u017cdym <\/span><\/span><span style=\"font-variant: normal;\"><span style=\"letter-spacing: normal;\">razem<br \/>\n<\/span><\/span><span style=\"font-variant: normal;\"><span style=\"letter-spacing: normal;\">to<br \/>\ndiabelskie dzia\u0142anie dokonuje si\u0119 wed\u0142ug jednego w\u0142a\u015bciwie<br \/>\nschematu: to jest po prostu <\/span><\/span><span style=\"font-variant: normal;\"><span style=\"letter-spacing: normal;\"><b>bezczelno\u015b\u0107,<br \/>\narogancja i ordynarne k\u0142amstwo. <\/b><\/span><\/span><\/span><\/span><br \/>\n<\/span><\/div>\n<div align=\"justify\" style=\"background: transparent; font-style: normal; font-weight: normal; line-height: 150%; margin-bottom: 0cm; text-indent: 1.3cm;\">\n<span style=\"font-size: x-large;\"><span style=\"color: black;\"><span style=\"font-family: Book Antiqua, serif;\"><span style=\"font-variant: normal;\"><span style=\"letter-spacing: normal;\">W<br \/>\ntym zacytowanym przed chwil\u0105 zdaniu k\u0142amstwo to przybra\u0142o <\/span><\/span><span style=\"font-variant: normal;\"><span style=\"letter-spacing: normal;\"><b>kszta\u0142t<br \/>\nuzurpacji: <\/b><\/span><\/span><span style=\"font-variant: normal;\"><span style=\"letter-spacing: normal;\">szatan<br \/>\nuzurpowa\u0142 sobie w\u0142adz\u0119 nad \u015bwiatem. W rzeczywisto\u015bci \u2013 jemu<br \/>\n\u017cadna w\u0142adza nie przys\u0142uguje. <\/span><\/span><span style=\"font-variant: normal;\"><span style=\"letter-spacing: normal;\"><b>On<br \/>\njest przegrany i pokonany!<\/b><\/span><\/span><span style=\"font-variant: normal;\"><span style=\"letter-spacing: normal;\"><br \/>\nJednak\u017ce wielu z nas z pewno\u015bci\u0105 nie zgodzi\u0142oby si\u0119 z tym<br \/>\nzdaniem, twierdz\u0105c \u2013 i s\u0142usznie \u2013 \u017ce diabe\u0142 dzisiaj dzier\u017cy<br \/>\nnaprawd\u0119 <\/span><\/span><span style=\"font-variant: normal;\"><span style=\"letter-spacing: normal;\"><b>wielk\u0105<br \/>\nw\u0142adz\u0119 nad \u015bwiatem.<\/b><\/span><\/span><span style=\"font-variant: normal;\"><span style=\"letter-spacing: normal;\"><br \/>\n<\/span><\/span><\/span><\/span><br \/>\n<\/span><\/div>\n<div align=\"justify\" style=\"background: transparent; font-style: normal; font-weight: normal; line-height: 150%; margin-bottom: 0cm; text-indent: 1.3cm;\">\n<span style=\"font-size: x-large;\"><span style=\"color: black;\"><span style=\"font-family: Book Antiqua, serif;\"><span style=\"font-variant: normal;\"><span style=\"letter-spacing: normal;\">To<br \/>\nw ko\u0144cu jak to jest? Ma on prawo powiedzie\u0107, \u017ce widzialna \u201epot\u0119ga<br \/>\ni wspania\u0142o\u015b\u0107 \u015bwiata\u201d jemu jest poddana \u2013<\/span><\/span><span style=\"font-variant: normal;\"><span style=\"letter-spacing: normal;\"><b><br \/>\nczy nie ma takiego prawa?<\/b><\/span><\/span><span style=\"font-variant: normal;\"><span style=\"letter-spacing: normal;\"><br \/>\nZapewne, wielu z nas zauwa\u017cy, \u017ce znak\u00f3w owego diabelskiego<br \/>\npanowania jest a\u017c nadto du\u017co we wsp\u00f3\u0142czesnym \u015bwiecie. Jak to<br \/>\nzatem wszystko rozumie\u0107? <\/span><\/span><\/span><\/span><br \/>\n<\/span><\/div>\n<div align=\"justify\" style=\"background: transparent; font-style: normal; font-weight: normal; line-height: 150%; margin-bottom: 0cm; text-indent: 1.3cm;\">\n<span style=\"font-size: x-large;\"><span style=\"color: black;\"><span style=\"font-family: Book Antiqua, serif;\"><span style=\"font-variant: normal;\"><span style=\"letter-spacing: normal;\">My<br \/>\nto, moi Drodzy, dobrze wiemy: w\u0142adza nad \u015bwiatem <\/span><\/span><span style=\"font-variant: normal;\"><span style=\"letter-spacing: normal;\"><b>spoczywa<br \/>\nw r\u0119ku Boga!<\/b><\/span><\/span><span style=\"font-variant: normal;\"><span style=\"letter-spacing: normal;\"><br \/>\nOn jest Panem wszystkiego. Ale On t\u0105 swoj\u0105 w\u0142adz\u0105 dzieli si\u0119 z<br \/>\ncz\u0142owiekiem, powierzaj\u0105c mu niejako w zarz\u0105d dobra te<\/span><\/span><span style=\"font-variant: normal;\"><span style=\"letter-spacing: normal;\">j<br \/>\nziemi<\/span><\/span><span style=\"font-variant: normal;\"><span style=\"letter-spacing: normal;\">.<br \/>\nI dop\u00f3ki cz\u0142owiek t\u0119 Bo\u017c\u0105 w\u0142adz\u0119 <\/span><\/span><span style=\"font-variant: normal;\"><span style=\"letter-spacing: normal;\"><b>nad<br \/>\n\u015bwiatem i nad sob\u0105 uznaje<\/b><\/span><\/span><span style=\"font-variant: normal;\"><span style=\"letter-spacing: normal;\"><br \/>\n\u2013 wszystko jest w porz\u0105dku. C\u00f3\u017c jednak powiedzie\u0107 na to, \u017ce<br \/>\ncz\u0142owiek sam z siebie t\u0119 w\u0142adz\u0119 \u2013 <\/span><\/span><span style=\"font-variant: normal;\"><span style=\"letter-spacing: normal;\"><b>oddaje<br \/>\nw r\u0119ce szatana? <\/b><\/span><\/span><span style=\"font-variant: normal;\"><span style=\"letter-spacing: normal;\">Dlatego<br \/>\nmo\u017cemy powiedzie\u0107, \u017ce z\u0142y duch rzeczywi\u015bcie panuje nad \u015bwiatem<br \/>\n\u2013 panuje niestety tak\u017ce nad konkretnymi lud\u017ami \u2013 ale to<br \/>\ndlatego, \u017ce <\/span><\/span><span style=\"font-variant: normal;\"><span style=\"letter-spacing: normal;\"><b>cz\u0142owiek<br \/>\nmu t\u0119 w\u0142adz\u0119 nad sob\u0105 <\/b><\/span><\/span><span style=\"font-variant: normal;\"><span style=\"letter-spacing: normal;\"><b>w<br \/>\nspos\u00f3b wolny <\/b><\/span><\/span><span style=\"font-variant: normal;\"><span style=\"letter-spacing: normal;\"><b>oddaje.<\/b><\/span><\/span><span style=\"font-variant: normal;\"><span style=\"letter-spacing: normal;\"><br \/>\n<\/span><\/span><\/span><\/span><br \/>\n<\/span><\/div>\n<div align=\"justify\" style=\"background: transparent; font-style: normal; font-weight: normal; line-height: 150%; margin-bottom: 0cm; text-indent: 1.3cm;\">\n<span style=\"font-size: x-large;\"><span style=\"color: black;\"><span style=\"font-family: Book Antiqua, serif;\"><span style=\"font-variant: normal;\"><span style=\"letter-spacing: normal;\">I<br \/>\nto w\u0142a\u015bnie w takim stopniu, w jakim cz\u0142owiek t\u0119 w\u0142adz\u0119 nad sob\u0105<br \/>\nodda<\/span><\/span><span style=\"font-variant: normal;\"><span style=\"letter-spacing: normal;\">je<\/span><\/span><span style=\"font-variant: normal;\"><span style=\"letter-spacing: normal;\">,<br \/>\nw takim <\/span><\/span><span style=\"font-variant: normal;\"><span style=\"letter-spacing: normal;\"><b>szatan<br \/>\nj\u0105 nad nim sprawuje.<\/b><\/span><\/span><span style=\"font-variant: normal;\"><span style=\"letter-spacing: normal;\"><br \/>\n<\/span><\/span><span style=\"font-variant: normal;\"><span style=\"letter-spacing: normal;\">A<br \/>\nto si\u0119 rozstrzyga w\u0142a\u015bnie w takich momentach, jak ten, opisany w<br \/>\ndzisiejszej Ewangelii, kiedy to <\/span><\/span><span style=\"font-variant: normal;\"><span style=\"letter-spacing: normal;\">z\u0142y<br \/>\nduch<\/span><\/span><span style=\"font-variant: normal;\"><span style=\"letter-spacing: normal;\"><br \/>\nprzychodzi i mami cz\u0142owieka propozycjami ca\u0142kowicie oszuka\u0144czymi i<br \/>\nba\u0142amutnymi, ale kt\u00f3re jednak cz\u0142owiek <\/span><\/span><span style=\"font-variant: normal;\"><span style=\"letter-spacing: normal;\"><b>dziwnie<br \/>\n\u0142atwo przyjmuje i za nimi idzie, <\/b><\/span><\/span><span style=\"font-variant: normal;\"><span style=\"letter-spacing: normal;\">tak<br \/>\nnaiwnie daj\u0105c si\u0119 podej\u015b\u0107 i wyprowadzi\u0107 w pole. C\u00f3\u017c zatem<br \/>\nrobi\u0107, aby nie ulec zakusom z\u0142ego ducha? <\/span><\/span><\/span><\/span><br \/>\n<\/span><\/div>\n<div align=\"justify\" style=\"background: transparent; font-style: normal; font-weight: normal; line-height: 150%; margin-bottom: 0cm; text-indent: 1.3cm;\">\n<span style=\"font-size: x-large;\"><span style=\"color: black;\"><span style=\"font-family: Book Antiqua, serif;\"><span style=\"font-variant: normal;\"><span style=\"letter-spacing: normal;\">\u015awi\u0119ty<br \/>\nPawe\u0142 doradza nam w drugim czytaniu: <\/span><\/span><span style=\"font-variant: normal;\"><span style=\"letter-spacing: normal;\"><i><b>Je\u017celi<\/b><\/i><\/span><\/span><span style=\"font-variant: normal;\"><span style=\"letter-spacing: normal;\"><b><br \/>\n[\u2026] <\/b><\/span><\/span><span style=\"font-variant: normal;\"><span style=\"letter-spacing: normal;\"><i><b>ustami<br \/>\nswoimi wyznasz, \u017ce Jezus jest Panem, i w sercu swoim uwierzysz, \u017ce<br \/>\nB\u00f3g Go wskrzesi\u0142 z martwych, osi\u0105gniesz zbawienie. Bo sercem<br \/>\nprzyj\u0119ta wiara prowadzi do <\/b><\/i><\/span><\/span><span style=\"font-variant: normal;\"><span style=\"letter-spacing: normal;\"><i><b>u<\/b><\/i><\/span><\/span><span style=\"font-variant: normal;\"><span style=\"letter-spacing: normal;\"><i><b>sprawiedliw<\/b><\/i><\/span><\/span><span style=\"font-variant: normal;\"><span style=\"letter-spacing: normal;\"><i><b>ienia<\/b><\/i><\/span><\/span><span style=\"font-variant: normal;\"><span style=\"letter-spacing: normal;\"><i><b>,<br \/>\na wyznawanie jej do zbawienia. Wszak m<\/b><\/i><\/span><\/span><span style=\"font-variant: normal;\"><span style=\"letter-spacing: normal;\"><b>\u00f3wi<br \/>\nPismo: \u201e\u017baden, kto wierzy w Niego, nie b\u0119dzie zawstydzony\u201d. <\/b><\/span><\/span><span style=\"font-variant: normal;\"><span style=\"letter-spacing: normal;\">A<br \/>\ndalej Aposto\u0142 dopowiada:  <\/span><\/span><span style=\"font-variant: normal;\"><span style=\"letter-spacing: normal;\"><i><b>Albowiem<br \/>\nka\u017cdy, kto wezwie imienia Pa\u0144skiego, b\u0119dzie zbawiony.<\/b><\/i><\/span><\/span><span style=\"font-variant: normal;\"><span style=\"letter-spacing: normal;\"><br \/>\n<\/span><\/span><\/span><\/span><br \/>\n<\/span><\/div>\n<div align=\"justify\" style=\"background: transparent; font-style: normal; font-weight: normal; line-height: 150%; margin-bottom: 0cm; text-indent: 1.3cm;\">\n<span style=\"font-size: x-large;\"><span style=\"color: black;\"><span style=\"font-family: Book Antiqua, serif;\"><span style=\"font-variant: normal;\"><span style=\"letter-spacing: normal;\">My<br \/>\nju\u017c dzisiaj dobrze wiemy, moi Drodzy, \u017ce <\/span><\/span><span style=\"font-variant: normal;\"><span style=\"letter-spacing: normal;\"><b>z\u0142y<br \/>\nduch boi si\u0119 imienia Jezusa.<\/b><\/span><\/span><span style=\"font-variant: normal;\"><span style=\"letter-spacing: normal;\"><br \/>\nM\u00f3wi\u0105 nam o tym tak\u017ce egzorcy\u015bci. Dlatego wzywanie tego\u017c<br \/>\n\u015bwi\u0119tego Imienia i odwa\u017cne wyznawanie wiary jest <\/span><\/span><span style=\"font-variant: normal;\"><span style=\"letter-spacing: normal;\"><b>skutecznym<br \/>\nantidotum<\/b><\/span><\/span><span style=\"font-variant: normal;\"><span style=\"letter-spacing: normal;\"><br \/>\nna wszelkie diabelskie pokusy. Dzisiaj Jezus pokaza\u0142 nam, jak je<br \/>\nzwyci\u0119\u017ca\u0107. <\/span><\/span><span style=\"font-variant: normal;\"><span style=\"letter-spacing: normal;\"><b>Mocno<br \/>\ni zdecydowanie odrzuci\u0142 <\/b><\/span><\/span><span style=\"font-variant: normal;\"><span style=\"letter-spacing: normal;\">pokus\u0119<br \/>\nposiadania i przesytu, pokus\u0119 w\u0142adzy nad \u015bwiatem i wszelkiej<br \/>\nw\u0142adzy, oraz pokus\u0119 zajmowania miejsca Boga \u2013 bycia \u201ejak B\u00f3g\u201d.<br \/>\n<\/span><\/span><\/span><\/span><br \/>\n<\/span><\/div>\n<div align=\"justify\" style=\"background: transparent; font-style: normal; font-weight: normal; line-height: 150%; margin-bottom: 0cm; text-indent: 1.3cm;\">\n<span style=\"font-size: x-large;\"><span style=\"color: black;\"><span style=\"font-family: Book Antiqua, serif;\"><span style=\"font-variant: normal;\"><span style=\"letter-spacing: normal;\">Jezus<br \/>\nakurat <\/span><\/span><span style=\"font-variant: normal;\"><span style=\"letter-spacing: normal;\"><b>jest<br \/>\n\u201ejak B\u00f3g\u201d, <\/b><\/span><\/span><span style=\"font-variant: normal;\"><span style=\"letter-spacing: normal;\">ma<br \/>\npe\u0142n\u0105 w\u0142adz\u0119 i wszystko posiada, bo wszystkie dobra tej ziemi do<br \/>\nNiego nale\u017c\u0105, nie do z\u0142ego ducha. My, oczywi\u015bcie, nie mamy takiej<br \/>\npozycji, jak Jezus, ale i nas <\/span><\/span><span style=\"font-variant: normal;\"><span style=\"letter-spacing: normal;\">szata\u0144skie<\/span><\/span><span style=\"font-variant: normal;\"><span style=\"letter-spacing: normal;\"><br \/>\npokusy <\/span><\/span><span style=\"font-variant: normal;\"><span style=\"letter-spacing: normal;\"><b>wcale<br \/>\nnie musz\u0105 pokonywa\u0107.<\/b><\/span><\/span><span style=\"font-variant: normal;\"><span style=\"letter-spacing: normal;\"><br \/>\nBo Jezus przychodzi nam z pomoc\u0105 w ich pokonywaniu. Gdyby\u015bmy mieli<br \/>\nto czyni\u0107 w\u0142asnymi si\u0142ami, nic by z tego nie wysz\u0142o, bo<br \/>\nprzegrywaliby\u015bmy z kretesem ka\u017cde starcie. Ale my podejmujemy ka\u017cd\u0105<br \/>\nwalk\u0119 <\/span><\/span><span style=\"font-variant: normal;\"><span style=\"letter-spacing: normal;\"><b>moc\u0105<br \/>\ni w imieniu Jezusa.<\/b><\/span><\/span><span style=\"font-variant: normal;\"><span style=\"letter-spacing: normal;\"><br \/>\nA wtedy zwyci\u0119\u017camy. <\/span><\/span><\/span><\/span><br \/>\n<\/span><\/div>\n<div align=\"justify\" style=\"background: transparent; font-style: normal; font-weight: normal; line-height: 150%; margin-bottom: 0cm; text-indent: 1.3cm;\">\n<span style=\"color: black;\"><span style=\"font-family: Book Antiqua, serif;\"><span style=\"font-size: x-large;\"><span style=\"font-variant: normal;\"><span style=\"letter-spacing: normal;\">Czy<br \/>\njednak <\/span><\/span><span style=\"font-variant: normal;\"><span style=\"letter-spacing: normal;\"><b>chcemy<br \/>\nzwyci\u0119\u017ca\u0107? <\/b><\/span><\/span><span style=\"font-variant: normal;\"><span style=\"letter-spacing: normal;\">Czy<br \/>\npodejmujemy t\u0119 walk\u0119? Czy przypadkiem nie zdarza si\u0119 tak, \u017ce sami<br \/>\nniekiedy wr\u0119cz prowokujemy z\u0142o i <\/span><\/span><span style=\"font-variant: normal;\"><span style=\"letter-spacing: normal;\"><b>sami<br \/>\nprzywo\u0142ujemy r\u00f3\u017cne pokusy,<\/b><\/span><\/span><span style=\"font-variant: normal;\"><span style=\"letter-spacing: normal;\"><br \/>\npoddaj\u0105c si\u0119 im w spos\u00f3b bierny, a <\/span><\/span><span style=\"font-variant: normal;\"><span style=\"letter-spacing: normal;\">nawet<\/span><\/span><span style=\"font-variant: normal;\"><span style=\"letter-spacing: normal;\"><br \/>\nch\u0119tny?<\/span><\/span><\/span><\/span><\/span><\/div>\n<div align=\"justify\" style=\"background: transparent; font-style: normal; font-weight: normal; line-height: 150%; margin-bottom: 0cm; text-indent: 1.3cm;\">\n<span style=\"font-size: x-large;\"><span style=\"color: black;\"><span style=\"font-family: Book Antiqua, serif;\"><span style=\"font-variant: normal;\"><span style=\"letter-spacing: normal;\">Moi<br \/>\nDrodzy, wpatrzeni w postaw\u0119 Jezusa, musimy sobie po raz kolejny<br \/>\nu\u015bwiadomi\u0107 \u2013 bo my to przecie\u017c dobrze wiemy \u2013 \u017ce ze z\u0142ym<br \/>\nduchem nie ma \u017cadnej dyskusji! <\/span><\/span><span style=\"font-variant: normal;\"><span style=\"letter-spacing: normal;\"><b>Z<br \/>\nnim nie mo\u017cna wchodzi\u0107 w \u017cadne uk\u0142ady, i\u015b\u0107 na \u017cadne<br \/>\nkompromisy! <\/b><\/span><\/span><span style=\"font-variant: normal;\"><span style=\"letter-spacing: normal;\">Je\u017celi<br \/>\n<\/span><\/span><span style=\"font-variant: normal;\"><span style=\"letter-spacing: normal;\">bowiem<br \/>\n<\/span><\/span><span style=\"font-variant: normal;\"><span style=\"letter-spacing: normal;\">zostawimy<br \/>\nmu cho\u0107by male\u0144k\u0105, minimalnie uchylon\u0105 furtk\u0119, to on to na pewno<br \/>\nwykorzysta, by najpierw <\/span><\/span><span style=\"font-variant: normal;\"><span style=\"letter-spacing: normal;\"><b>podst\u0119pnie,<br \/>\na potem z ca\u0142\u0105 brutalno\u015bci\u0105 wkroczy\u0107 <\/b><\/span><\/span><span style=\"font-variant: normal;\"><span style=\"letter-spacing: normal;\">do<br \/>\nnaszego serca, do naszego \u017cycia. My mamy z\u0142ego ducha bezwzgl\u0119dnie<br \/>\npokonywa\u0107. Jak? Tak, jak uczyni\u0142 to Jezus: <\/span><\/span><span style=\"font-variant: normal;\"><span style=\"letter-spacing: normal;\"><b>zdecydowanie<br \/>\ni radykalnie! <\/b><\/span><\/span><span style=\"font-variant: normal;\"><span style=\"letter-spacing: normal;\">A<br \/>\nkonkretnie? <\/span><\/span><\/span><\/span><br \/>\n<\/span><\/div>\n<div align=\"justify\" style=\"background: transparent; font-style: normal; font-weight: normal; line-height: 150%; margin-bottom: 0cm; text-indent: 1.3cm;\">\n<span style=\"color: black;\"><span style=\"font-family: Book Antiqua, serif;\"><span style=\"font-size: x-large;\"><span style=\"font-variant: normal;\"><span style=\"letter-spacing: normal;\">To<br \/>\nte\u017c ciekawe, moi Drodzy, zwr\u00f3\u0107my na to uwag\u0119: Jezus pokonuje<br \/>\nz\u0142ego ducha <\/span><\/span><span style=\"font-variant: normal;\"><span style=\"letter-spacing: normal;\"><b>Bo\u017cym<br \/>\ns\u0142owem.<\/b><\/span><\/span><span style=\"font-variant: normal;\"><span style=\"letter-spacing: normal;\"><br \/>\nNa ka\u017cd\u0105 z pokus odpowiada <\/span><\/span><span style=\"font-variant: normal;\"><span style=\"letter-spacing: normal;\"><b>konkretnym<br \/>\ncytatem<\/b><\/span><\/span><span style=\"font-variant: normal;\"><span style=\"letter-spacing: normal;\"><br \/>\nze Starego Testamentu. I my tak\u017ce moc\u0105 imienia Jezusa i Jego s\u0142owa<br \/>\nmo\u017cemy pokonywa\u0107 <\/span><\/span><span style=\"font-variant: normal;\"><span style=\"letter-spacing: normal;\">szata\u0144skie<br \/>\nzakusy. <\/span><\/span><span style=\"font-variant: normal;\"><span style=\"letter-spacing: normal;\"><b>Mo\u017cemy<br \/>\ni powinni\u015bmy. <\/b><\/span><\/span><span style=\"font-variant: normal;\"><span style=\"letter-spacing: normal;\">Tak<br \/>\nnaprawd\u0119 \u2013 to jedyne wyj\u015bcie dla nas. Bo tylko Jezus mo\u017ce nas<br \/>\nuczyni\u0107 szcz\u0119\u015bliwymi \u2013 teraz i w wieczno\u015bci. Szatan \u2013<br \/>\nsprowadzi nas na bezdro\u017ca <\/span><\/span><span style=\"font-variant: normal;\"><span style=\"letter-spacing: normal;\">i<br \/>\ntotalnie pogr\u0105\u017cy.<\/span><\/span><\/span><\/span><\/span><\/div>\n<div align=\"justify\" style=\"background: transparent; font-style: normal; font-weight: normal; line-height: 150%; margin-bottom: 0cm; text-indent: 1.3cm;\">\n<span style=\"font-size: x-large;\"><span style=\"color: black;\"><span style=\"font-family: Book Antiqua, serif;\"><span style=\"font-variant: normal;\"><span style=\"letter-spacing: normal;\">I<br \/>\ndlatego otrzymujemy taki czas, jak ten Wielki Post, aby\u015bmy w<br \/>\natmosferze refleksji i modlitwy odpowiedzieli sobie na pytanie, <\/span><\/span><span style=\"font-variant: normal;\"><span style=\"letter-spacing: normal;\"><b>kto<br \/>\njest naszym panem<\/b><\/span><\/span><span style=\"font-variant: normal;\"><span style=\"letter-spacing: normal;\"><br \/>\ni czyjemu panowaniu chcemy si\u0119 podda\u0107? Na to pytanie<br \/>\nodpowiedzieli\u015bmy ju\u017c wtedy, kiedy wybrali\u015bmy drog\u0119 wiary, \u017cycie<br \/>\nchrze\u015bcija\u0144skie. Ale na to pytanie \u2013 <\/span><\/span><span style=\"font-variant: normal;\"><span style=\"letter-spacing: normal;\">jak\u017ce<br \/>\nwa\u017cne, fundamentalne i zasadnicze \u2013 <\/span><\/span><span style=\"font-variant: normal;\"><span style=\"letter-spacing: normal;\"><b>musimy<br \/>\nodpowiada\u0107 ka\u017cdego dnia.<\/b><\/span><\/span><span style=\"font-variant: normal;\"><span style=\"letter-spacing: normal;\"><br \/>\nTak\u017ce dzisiaj. Odpowiadamy na nie nie tylko s\u0142owami i deklaracjami,<br \/>\nale konkretnymi<\/span><\/span><span style=\"font-variant: normal;\"><span style=\"letter-spacing: normal;\"><b><br \/>\ndecyzjami, wyborami, czynami i postawami. <\/b><\/span><\/span><\/span><\/span><br \/>\n<\/span><\/div>\n<div align=\"justify\" style=\"background: transparent; font-style: normal; font-weight: normal; line-height: 150%; margin-bottom: 0cm; text-indent: 1.3cm;\">\n<span style=\"color: black;\"><span style=\"font-family: Book Antiqua, serif;\"><span style=\"font-size: x-large;\"><span style=\"font-variant: normal;\"><span style=\"letter-spacing: normal;\">Czy<br \/>\n<\/span><\/span><span style=\"font-variant: normal;\"><span style=\"letter-spacing: normal;\">zatem<br \/>\n<\/span><\/span><span style=\"font-variant: normal;\"><span style=\"letter-spacing: normal;\">moim<br \/>\nPanem jest Jezus? Na pewno? Co zrobi\u0119 w tym Wielkim Po\u015bcie, aby<br \/>\nJego panowanie w <\/span><\/span><span style=\"font-variant: normal;\"><span style=\"letter-spacing: normal;\">m<\/span><\/span><span style=\"font-variant: normal;\"><span style=\"letter-spacing: normal;\">oim<br \/>\n\u017cyciu <\/span><\/span><span style=\"font-variant: normal;\"><span style=\"letter-spacing: normal;\"><b>potwierdzi\u0107<br \/>\ni utwierdzi\u0107?\u2026<\/b><\/span><\/span><span style=\"font-variant: normal;\"><span style=\"letter-spacing: normal;\"><br \/>\nJakie w tym duchu podj\u0105\u0142em konkretne wielkopostne postanowienie?\u2026<\/span><\/span><\/span><\/span><\/span><\/div>\n","protected":false},"excerpt":{"rendered":"<p>Niech b\u0119dzie pochwalony Jezus Chrystus! Moi Drodzy, \u017cycz\u0119 Wam pi\u0119knej niedzieli! U nas dzisiaj, na Mszy \u015awi\u0119tej o godz. 9:00, w\u0142\u0105czenie do pos\u0142ugi lektora pi\u0119ciu Ministrant\u00f3w, kt\u00f3rzy ju\u017c od kilku lat s\u0142u\u017c\u0105 do Mszy \u015awi\u0119tej i maj\u0105 w tym niema\u0142e do\u015bwiadczenie, a od dzisiaj b\u0119d\u0105 s\u0142u\u017cy\u0107 jeszcze pe\u0142niej, poprzez czytanie Bo\u017cego s\u0142owa. Niech Im Pan [&hellip;]<\/p>\n","protected":false},"author":1,"featured_media":0,"comment_status":"open","ping_status":"open","sticky":false,"template":"","format":"standard","meta":{"jetpack_post_was_ever_published":false,"_jetpack_newsletter_access":"","_jetpack_dont_email_post_to_subs":false,"_jetpack_newsletter_tier_id":0,"_jetpack_memberships_contains_paywalled_content":false,"_jetpack_memberships_contains_paid_content":false,"footnotes":""},"categories":[1],"tags":[],"class_list":["post-14668","post","type-post","status-publish","format-standard","hentry","category-bez-kategorii"],"yoast_head":"<!-- This site is optimized with the Yoast SEO plugin v25.1 - https:\/\/yoast.com\/wordpress\/plugins\/seo\/ -->\n<title>Panu, Bogu swemu, b\u0119dziesz oddawa\u0142 pok\u0142on! - Gaudium Et Spes<\/title>\n<meta name=\"robots\" content=\"index, follow, max-snippet:-1, max-image-preview:large, max-video-preview:-1\" \/>\n<link rel=\"canonical\" href=\"https:\/\/gaudiumetspes-blog.pl\/index.php\/2019\/03\/10\/panu-bogu-swemu-bedziesz-oddawa-pokon\/\" \/>\n<meta property=\"og:locale\" content=\"pl_PL\" \/>\n<meta property=\"og:type\" content=\"article\" \/>\n<meta property=\"og:title\" content=\"Panu, Bogu swemu, b\u0119dziesz oddawa\u0142 pok\u0142on! - Gaudium Et Spes\" \/>\n<meta property=\"og:description\" content=\"Niech b\u0119dzie pochwalony Jezus Chrystus! Moi Drodzy, \u017cycz\u0119 Wam pi\u0119knej niedzieli! U nas dzisiaj, na Mszy \u015awi\u0119tej o godz. 9:00, w\u0142\u0105czenie do pos\u0142ugi lektora pi\u0119ciu Ministrant\u00f3w, kt\u00f3rzy ju\u017c od kilku lat s\u0142u\u017c\u0105 do Mszy \u015awi\u0119tej i maj\u0105 w tym niema\u0142e do\u015bwiadczenie, a od dzisiaj b\u0119d\u0105 s\u0142u\u017cy\u0107 jeszcze pe\u0142niej, poprzez czytanie Bo\u017cego s\u0142owa. Niech Im Pan [&hellip;]\" \/>\n<meta property=\"og:url\" content=\"https:\/\/gaudiumetspes-blog.pl\/index.php\/2019\/03\/10\/panu-bogu-swemu-bedziesz-oddawa-pokon\/\" \/>\n<meta property=\"og:site_name\" content=\"Gaudium Et Spes\" \/>\n<meta property=\"article:published_time\" content=\"2019-03-10T05:11:00+00:00\" \/>\n<meta property=\"article:modified_time\" content=\"2019-07-31T11:00:43+00:00\" \/>\n<meta name=\"author\" content=\"Ks. Jacek\" \/>\n<meta name=\"twitter:card\" content=\"summary_large_image\" \/>\n<meta name=\"twitter:label1\" content=\"Napisane przez\" \/>\n\t<meta name=\"twitter:data1\" content=\"Ks. Jacek\" \/>\n\t<meta name=\"twitter:label2\" content=\"Szacowany czas czytania\" \/>\n\t<meta name=\"twitter:data2\" content=\"11 minut\" \/>\n<script type=\"application\/ld+json\" class=\"yoast-schema-graph\">{\"@context\":\"https:\/\/schema.org\",\"@graph\":[{\"@type\":\"WebPage\",\"@id\":\"https:\/\/gaudiumetspes-blog.pl\/index.php\/2019\/03\/10\/panu-bogu-swemu-bedziesz-oddawa-pokon\/\",\"url\":\"https:\/\/gaudiumetspes-blog.pl\/index.php\/2019\/03\/10\/panu-bogu-swemu-bedziesz-oddawa-pokon\/\",\"name\":\"Panu, Bogu swemu, b\u0119dziesz oddawa\u0142 pok\u0142on! - Gaudium Et Spes\",\"isPartOf\":{\"@id\":\"https:\/\/gaudiumetspes-blog.pl\/#website\"},\"datePublished\":\"2019-03-10T05:11:00+00:00\",\"dateModified\":\"2019-07-31T11:00:43+00:00\",\"author\":{\"@id\":\"https:\/\/gaudiumetspes-blog.pl\/#\/schema\/person\/1661982992b752dea8dff0d4ed845a65\"},\"breadcrumb\":{\"@id\":\"https:\/\/gaudiumetspes-blog.pl\/index.php\/2019\/03\/10\/panu-bogu-swemu-bedziesz-oddawa-pokon\/#breadcrumb\"},\"inLanguage\":\"pl-PL\",\"potentialAction\":[{\"@type\":\"ReadAction\",\"target\":[\"https:\/\/gaudiumetspes-blog.pl\/index.php\/2019\/03\/10\/panu-bogu-swemu-bedziesz-oddawa-pokon\/\"]}]},{\"@type\":\"BreadcrumbList\",\"@id\":\"https:\/\/gaudiumetspes-blog.pl\/index.php\/2019\/03\/10\/panu-bogu-swemu-bedziesz-oddawa-pokon\/#breadcrumb\",\"itemListElement\":[{\"@type\":\"ListItem\",\"position\":1,\"name\":\"Strona g\u0142\u00f3wna\",\"item\":\"https:\/\/gaudiumetspes-blog.pl\/\"},{\"@type\":\"ListItem\",\"position\":2,\"name\":\"Panu, Bogu swemu, b\u0119dziesz oddawa\u0142 pok\u0142on!\"}]},{\"@type\":\"WebSite\",\"@id\":\"https:\/\/gaudiumetspes-blog.pl\/#website\",\"url\":\"https:\/\/gaudiumetspes-blog.pl\/\",\"name\":\"Gaudium Et Spes\",\"description\":\"Blog Ks. Jacka Ja\u015bkowskiego\",\"potentialAction\":[{\"@type\":\"SearchAction\",\"target\":{\"@type\":\"EntryPoint\",\"urlTemplate\":\"https:\/\/gaudiumetspes-blog.pl\/?s={search_term_string}\"},\"query-input\":{\"@type\":\"PropertyValueSpecification\",\"valueRequired\":true,\"valueName\":\"search_term_string\"}}],\"inLanguage\":\"pl-PL\"},{\"@type\":\"Person\",\"@id\":\"https:\/\/gaudiumetspes-blog.pl\/#\/schema\/person\/1661982992b752dea8dff0d4ed845a65\",\"name\":\"Ks. Jacek\",\"image\":{\"@type\":\"ImageObject\",\"inLanguage\":\"pl-PL\",\"@id\":\"https:\/\/gaudiumetspes-blog.pl\/#\/schema\/person\/image\/\",\"url\":\"https:\/\/gaudiumetspes-blog.pl\/wp-content\/uploads\/2019\/07\/avatar-JJ-150x150.jpg\",\"contentUrl\":\"https:\/\/gaudiumetspes-blog.pl\/wp-content\/uploads\/2019\/07\/avatar-JJ-150x150.jpg\",\"caption\":\"Ks. Jacek\"},\"description\":\"Witam serdecznie! K\u0142ania si\u0119 Ks. Jacek Ja\u015bkowski. Nie jestem ani kim\u015b wa\u017cnym, ani kim\u015b znanym. Jestem ksi\u0119dzem, kt\u00f3ry po prostu chce rozmawia\u0107. Codzienna kap\u0142a\u0144ska pos\u0142uga pokazuje mi, \u017ce temat\u00f3w do rozm\u00f3w z ksi\u0119dzem jest coraz wi\u0119cej i dzisiaj \u017caden ksi\u0105dz nie mo\u017ce od nich ucieka\u0107, ale - wprost przeciwnie - podejmowa\u0107 nowe wyzwania. To przekonanie sk\u0142oni\u0142o mnie do pr\u00f3by otwarcia tego\u017c bloga, chocia\u017c okazji do rozm\u00f3w na co dzie\u0144 - w konfesjonale i poza nim - na szcz\u0119\u015bcie nie brakuje. My\u015bl\u0119 jednak, \u017ce ten blog b\u0119dzie jeszcze jednym sposobem i przestrzeni\u0105 nawi\u0105zania kontaktu z lud\u017ami dobrej woli, otwartymi na dialog.\",\"url\":\"https:\/\/gaudiumetspes-blog.pl\/index.php\/author\/ks-jacek\/\"}]}<\/script>\n<!-- \/ Yoast SEO plugin. -->","yoast_head_json":{"title":"Panu, Bogu swemu, b\u0119dziesz oddawa\u0142 pok\u0142on! - Gaudium Et Spes","robots":{"index":"index","follow":"follow","max-snippet":"max-snippet:-1","max-image-preview":"max-image-preview:large","max-video-preview":"max-video-preview:-1"},"canonical":"https:\/\/gaudiumetspes-blog.pl\/index.php\/2019\/03\/10\/panu-bogu-swemu-bedziesz-oddawa-pokon\/","og_locale":"pl_PL","og_type":"article","og_title":"Panu, Bogu swemu, b\u0119dziesz oddawa\u0142 pok\u0142on! - Gaudium Et Spes","og_description":"Niech b\u0119dzie pochwalony Jezus Chrystus! Moi Drodzy, \u017cycz\u0119 Wam pi\u0119knej niedzieli! U nas dzisiaj, na Mszy \u015awi\u0119tej o godz. 9:00, w\u0142\u0105czenie do pos\u0142ugi lektora pi\u0119ciu Ministrant\u00f3w, kt\u00f3rzy ju\u017c od kilku lat s\u0142u\u017c\u0105 do Mszy \u015awi\u0119tej i maj\u0105 w tym niema\u0142e do\u015bwiadczenie, a od dzisiaj b\u0119d\u0105 s\u0142u\u017cy\u0107 jeszcze pe\u0142niej, poprzez czytanie Bo\u017cego s\u0142owa. Niech Im Pan [&hellip;]","og_url":"https:\/\/gaudiumetspes-blog.pl\/index.php\/2019\/03\/10\/panu-bogu-swemu-bedziesz-oddawa-pokon\/","og_site_name":"Gaudium Et Spes","article_published_time":"2019-03-10T05:11:00+00:00","article_modified_time":"2019-07-31T11:00:43+00:00","author":"Ks. Jacek","twitter_card":"summary_large_image","twitter_misc":{"Napisane przez":"Ks. Jacek","Szacowany czas czytania":"11 minut"},"schema":{"@context":"https:\/\/schema.org","@graph":[{"@type":"WebPage","@id":"https:\/\/gaudiumetspes-blog.pl\/index.php\/2019\/03\/10\/panu-bogu-swemu-bedziesz-oddawa-pokon\/","url":"https:\/\/gaudiumetspes-blog.pl\/index.php\/2019\/03\/10\/panu-bogu-swemu-bedziesz-oddawa-pokon\/","name":"Panu, Bogu swemu, b\u0119dziesz oddawa\u0142 pok\u0142on! - Gaudium Et Spes","isPartOf":{"@id":"https:\/\/gaudiumetspes-blog.pl\/#website"},"datePublished":"2019-03-10T05:11:00+00:00","dateModified":"2019-07-31T11:00:43+00:00","author":{"@id":"https:\/\/gaudiumetspes-blog.pl\/#\/schema\/person\/1661982992b752dea8dff0d4ed845a65"},"breadcrumb":{"@id":"https:\/\/gaudiumetspes-blog.pl\/index.php\/2019\/03\/10\/panu-bogu-swemu-bedziesz-oddawa-pokon\/#breadcrumb"},"inLanguage":"pl-PL","potentialAction":[{"@type":"ReadAction","target":["https:\/\/gaudiumetspes-blog.pl\/index.php\/2019\/03\/10\/panu-bogu-swemu-bedziesz-oddawa-pokon\/"]}]},{"@type":"BreadcrumbList","@id":"https:\/\/gaudiumetspes-blog.pl\/index.php\/2019\/03\/10\/panu-bogu-swemu-bedziesz-oddawa-pokon\/#breadcrumb","itemListElement":[{"@type":"ListItem","position":1,"name":"Strona g\u0142\u00f3wna","item":"https:\/\/gaudiumetspes-blog.pl\/"},{"@type":"ListItem","position":2,"name":"Panu, Bogu swemu, b\u0119dziesz oddawa\u0142 pok\u0142on!"}]},{"@type":"WebSite","@id":"https:\/\/gaudiumetspes-blog.pl\/#website","url":"https:\/\/gaudiumetspes-blog.pl\/","name":"Gaudium Et Spes","description":"Blog Ks. Jacka Ja\u015bkowskiego","potentialAction":[{"@type":"SearchAction","target":{"@type":"EntryPoint","urlTemplate":"https:\/\/gaudiumetspes-blog.pl\/?s={search_term_string}"},"query-input":{"@type":"PropertyValueSpecification","valueRequired":true,"valueName":"search_term_string"}}],"inLanguage":"pl-PL"},{"@type":"Person","@id":"https:\/\/gaudiumetspes-blog.pl\/#\/schema\/person\/1661982992b752dea8dff0d4ed845a65","name":"Ks. Jacek","image":{"@type":"ImageObject","inLanguage":"pl-PL","@id":"https:\/\/gaudiumetspes-blog.pl\/#\/schema\/person\/image\/","url":"https:\/\/gaudiumetspes-blog.pl\/wp-content\/uploads\/2019\/07\/avatar-JJ-150x150.jpg","contentUrl":"https:\/\/gaudiumetspes-blog.pl\/wp-content\/uploads\/2019\/07\/avatar-JJ-150x150.jpg","caption":"Ks. Jacek"},"description":"Witam serdecznie! K\u0142ania si\u0119 Ks. Jacek Ja\u015bkowski. Nie jestem ani kim\u015b wa\u017cnym, ani kim\u015b znanym. Jestem ksi\u0119dzem, kt\u00f3ry po prostu chce rozmawia\u0107. Codzienna kap\u0142a\u0144ska pos\u0142uga pokazuje mi, \u017ce temat\u00f3w do rozm\u00f3w z ksi\u0119dzem jest coraz wi\u0119cej i dzisiaj \u017caden ksi\u0105dz nie mo\u017ce od nich ucieka\u0107, ale - wprost przeciwnie - podejmowa\u0107 nowe wyzwania. To przekonanie sk\u0142oni\u0142o mnie do pr\u00f3by otwarcia tego\u017c bloga, chocia\u017c okazji do rozm\u00f3w na co dzie\u0144 - w konfesjonale i poza nim - na szcz\u0119\u015bcie nie brakuje. My\u015bl\u0119 jednak, \u017ce ten blog b\u0119dzie jeszcze jednym sposobem i przestrzeni\u0105 nawi\u0105zania kontaktu z lud\u017ami dobrej woli, otwartymi na dialog.","url":"https:\/\/gaudiumetspes-blog.pl\/index.php\/author\/ks-jacek\/"}]}},"jetpack_featured_media_url":"","jetpack_sharing_enabled":true,"_links":{"self":[{"href":"https:\/\/gaudiumetspes-blog.pl\/index.php\/wp-json\/wp\/v2\/posts\/14668","targetHints":{"allow":["GET"]}}],"collection":[{"href":"https:\/\/gaudiumetspes-blog.pl\/index.php\/wp-json\/wp\/v2\/posts"}],"about":[{"href":"https:\/\/gaudiumetspes-blog.pl\/index.php\/wp-json\/wp\/v2\/types\/post"}],"author":[{"embeddable":true,"href":"https:\/\/gaudiumetspes-blog.pl\/index.php\/wp-json\/wp\/v2\/users\/1"}],"replies":[{"embeddable":true,"href":"https:\/\/gaudiumetspes-blog.pl\/index.php\/wp-json\/wp\/v2\/comments?post=14668"}],"version-history":[{"count":1,"href":"https:\/\/gaudiumetspes-blog.pl\/index.php\/wp-json\/wp\/v2\/posts\/14668\/revisions"}],"predecessor-version":[{"id":15020,"href":"https:\/\/gaudiumetspes-blog.pl\/index.php\/wp-json\/wp\/v2\/posts\/14668\/revisions\/15020"}],"wp:attachment":[{"href":"https:\/\/gaudiumetspes-blog.pl\/index.php\/wp-json\/wp\/v2\/media?parent=14668"}],"wp:term":[{"taxonomy":"category","embeddable":true,"href":"https:\/\/gaudiumetspes-blog.pl\/index.php\/wp-json\/wp\/v2\/categories?post=14668"},{"taxonomy":"post_tag","embeddable":true,"href":"https:\/\/gaudiumetspes-blog.pl\/index.php\/wp-json\/wp\/v2\/tags?post=14668"}],"curies":[{"name":"wp","href":"https:\/\/api.w.org\/{rel}","templated":true}]}}