{"id":14670,"date":"2019-03-08T05:39:00","date_gmt":"2019-03-08T04:39:00","guid":{"rendered":"https:\/\/gaudiumetspes-blog.pl\/index.php\/2019\/03\/08\/celem-postu-jezus\/"},"modified":"2019-07-31T13:00:43","modified_gmt":"2019-07-31T11:00:43","slug":"celem-postu-jezus","status":"publish","type":"post","link":"https:\/\/gaudiumetspes-blog.pl\/index.php\/2019\/03\/08\/celem-postu-jezus\/","title":{"rendered":"Celem postu &#8211; Jezus!"},"content":{"rendered":"<p><\/p>\n<div align=\"justify\" style=\"font-weight: normal; line-height: 150%; margin-bottom: 0cm;\">\n<span style=\"color: black;\"><span style=\"font-family: Book Antiqua, serif;\"><span style=\"font-size: x-large;\">Szcz\u0119\u015b\u0107<br \/>\nBo\u017ce! Moi Drodzy, <b>w dniu wczorajszym imieniny prze\u017cywa\u0142 Ksi\u0105dz<br \/>\nTomasz Radczuk, m\u00f3j Kolega kursowy.<\/b><\/span><\/span><\/span><\/div>\n<div align=\"justify\" style=\"background: transparent; line-height: 150%; margin-bottom: 0cm; page-break-before: auto; text-indent: 1.3cm;\">\n<span style=\"font-size: x-large;\"><span style=\"color: black;\"><span style=\"font-family: Book Antiqua, serif;\"><b>Dzisiaj<br \/>\nnatomiast imieniny prze\u017cywa Beata Warpas, a tak\u017ce Beata Kulikowska<br \/>\n\u2013 Grzechnik, urodziny za\u015b prze\u017cywa Kamil Charkiewicz \u2013 za moich<br \/>\nczas\u00f3w: zaanga\u017cowani w r\u00f3\u017cne m\u0142odzie\u017cowe Wsp\u00f3lnoty, dzisiaj<br \/>\nju\u017c doro\u015bli ludzie. <\/b><\/span><\/span><br \/>\n<\/span><\/div>\n<div align=\"justify\" style=\"background: transparent; line-height: 150%; margin-bottom: 0cm; text-indent: 1.3cm;\">\n<span style=\"color: black;\"><span style=\"font-family: Book Antiqua, serif;\"><span style=\"font-size: x-large;\"><b>Dzi\u0119kuj\u0105c<br \/>\nIm za ten czas, kiedy mogli\u015bmy dzia\u0142a\u0107 wsp\u00f3lnie, \u017cycz\u0119 ci\u0105g\u0142ego<br \/>\nd\u0105\u017cenia do tego najwa\u017cniejszego celu w \u017cyciu, jakim jest wi\u0119\u017a z<br \/>\nJezusem. I o to dla nich si\u0119 modl\u0119.<\/b><\/span><\/span><\/span><\/div>\n<div align=\"justify\" style=\"background: transparent; line-height: 150%; margin-bottom: 0cm; text-indent: 1.3cm;\">\n<span style=\"color: black;\"><span style=\"font-family: Book Antiqua, serif;\"><span style=\"font-size: x-large;\"><b>O<br \/>\nwszelkie dobro modl\u0119 si\u0119 tak\u017ce dla naszych Pa\u0144, w dniu Ich<br \/>\n\u015bwi\u0119ta. I mam dla Nich tylko jedno \u017cyczenie, z kt\u00f3rym co roku<br \/>\nw\u0142a\u015bciwie zwracam si\u0119 do Nich w tym dniu. Jest to jedno \u017cyczenie,<br \/>\nale zawiera w sobie wszystkie inne. Czego \u017cycz\u0119? By by\u0142y jak<br \/>\nMaryja \u2013 najpi\u0119kniejsza z Niewiast! W tym zawiera si\u0119 wszystko. O<br \/>\nto tak\u017ce b\u0119d\u0119 si\u0119 dla Nich modli\u0142.<\/b><\/span><\/span><\/span><\/div>\n<div align=\"justify\" style=\"background: transparent; font-weight: normal; line-height: 150%; margin-bottom: 0cm; text-indent: 1.3cm;\">\n<span style=\"color: black;\"><span style=\"font-family: Book Antiqua, serif;\"><span style=\"font-size: x-large;\">Oczywi\u015bcie,<br \/>\ndowiedzieli\u015bmy si\u0119 wczoraj, \u017ce w Rosji jest to wyj\u0105tkowy<br \/>\nprazdnik, o niespotykanym gdzie indziej i kiedy indziej rozmachu.<br \/>\nSkoro nawet Ksi\u0105dz Marek z tej okazji otrzymuje \u017cyczenia! No, c\u00f3\u017c\u2026<br \/>\nNie na darmo m\u00f3wi si\u0119, \u017ce \u201eksi\u0105dz i niewiasta z jednego<br \/>\nciasta\u201d\u2026 Ale to chyba nie do ko\u0144ca prawda.<\/span><\/span><\/span><\/div>\n<div align=\"justify\" style=\"background: transparent; font-weight: normal; line-height: 150%; margin-bottom: 0cm; text-indent: 1.3cm;\">\n<span style=\"color: black;\"><span style=\"font-family: Book Antiqua, serif;\"><span style=\"font-size: x-large;\">Tak,<br \/>\nczy owak, dzi\u0119kujemy Ksi\u0119dzu Markowi za rewelacyjne wczorajsze<br \/>\ns\u0142\u00f3wko, ubogacone zdj\u0119ciami i \u015bwietnym filmikiem. Nawet wczoraj,<br \/>\nna katechezie, zada\u0142em moim Uczniom we wszystkich Klasach odczytanie<br \/>\ni przemy\u015blenie tego rozwa\u017cania \u2013 jako prac\u0119 domow\u0105. Oczywi\u015bcie,<br \/>\nsprawdz\u0119 to po niedzieli, czyli po prostu porozmawiamy o tym. I Was,<br \/>\nmoi Drodzy, zach\u0119cam, aby\u015bcie raz jeszcze do niego zajrzeli.<\/span><\/span><\/span><\/div>\n<div align=\"justify\" style=\"background: transparent; font-weight: normal; line-height: 150%; margin-bottom: 0cm; text-indent: 1.3cm;\">\n<span style=\"color: black;\"><span style=\"font-family: Book Antiqua, serif;\"><span style=\"font-size: x-large;\">A<br \/>\ndzisiaj pi\u0105tek \u2013 i pierwsza w czasie tego Wielkiego Postu, Droga<br \/>\nKrzy\u017cowa. Niech Pan pozwoli nam g\u0142\u0119boko w sercu prze\u017cywa\u0107 \u015bwi\u0119te<br \/>\ntajemnice swojej M\u0119ki i \u015amierci. Niech Wielki Post obficie owocuje<br \/>\nw naszym \u017cyciu!<\/span><\/span><\/span><\/div>\n<div align=\"center\" style=\"font-weight: normal; line-height: 150%; margin-bottom: 0cm;\">\n<span style=\"color: black;\"><span style=\"font-family: Book Antiqua, serif;\"><span style=\"font-size: x-large;\">Gaudium<br \/>\net spes!  Ks. Jacek<\/span><\/span><\/span><\/div>\n<div align=\"justify\" style=\"line-height: 150%; margin-bottom: 0cm;\">\n<span style=\"font-size: x-large;\"><\/p>\n<p><\/span><\/div>\n<div align=\"justify\" style=\"line-height: 150%; margin-bottom: 0cm;\">\n<span style=\"color: black;\"><span style=\"font-family: Book Antiqua, serif;\"><span style=\"font-size: x-large;\"><b>Pi\u0105tek<br \/>\npo Popielcu,<\/b><\/span><\/span><\/span><\/div>\n<div align=\"justify\" style=\"line-height: 150%; margin-bottom: 0cm;\">\n<span style=\"color: black;\"><span style=\"font-family: Book Antiqua, serif;\"><span style=\"font-size: x-large;\"><b>do<br \/>\nczyta\u0144:  Iz 58,1\u20139;  Mt 9,14\u201315<\/b><\/span><\/span><\/span><\/div>\n<div align=\"justify\" style=\"line-height: 150%; margin-bottom: 0cm;\">\n<span style=\"font-size: x-large;\"><\/p>\n<p><\/span><\/div>\n<div align=\"justify\" style=\"font-style: normal; font-variant: normal; letter-spacing: normal; line-height: 150%; margin-bottom: 0cm; page-break-before: auto;\">\n<span style=\"font-size: x-large;\"><span style=\"color: black;\"><span style=\"font-family: Book Antiqua, serif;\"><b>CZYTANIE<br \/>\nZ KSI\u0118GI PROROKA IZAJASZA: <\/b><\/span><\/span><br \/>\n<\/span><\/div>\n<div align=\"justify\" style=\"background: transparent; font-style: normal; font-variant: normal; letter-spacing: normal; line-height: 150%; margin-bottom: 0cm; page-break-before: auto; text-indent: 1.3cm;\">\n<span style=\"font-size: x-large;\"><span style=\"color: black;\"><span style=\"font-family: Book Antiqua, serif;\"><b>To<br \/>\nm\u00f3wi Pan B\u00f3g: \u201eKrzycz na ca\u0142e gard\u0142o, nie przestawaj. Podno\u015b<br \/>\ng\u0142os tw\u00f3j jak tr\u0105ba. Wytknij mojemu ludowi jego przest\u0119pstwa i<br \/>\ndomowi Jakuba jego grzechy. Szukaj\u0105 Mnie dzie\u0144 za dniem, pragn\u0105<br \/>\npozna\u0107 moje drogi, jakby nar\u00f3d, kt\u00f3ry kocha sprawiedliwo\u015b\u0107 i nie<br \/>\nopuszcza Prawa swego Boga. Prosz\u0105 Mnie o sprawiedliwe prawa, pragn\u0105<br \/>\nblisko\u015bci Boga: <\/b><\/span><\/span><br \/>\n<\/span><\/div>\n<div align=\"justify\" style=\"background: transparent; font-style: normal; font-variant: normal; letter-spacing: normal; line-height: 150%; margin-bottom: 0cm; text-indent: 1.3cm;\">\n<span style=\"font-size: x-large;\"><span style=\"color: black;\"><span style=\"font-family: Book Antiqua, serif;\"><b>\u00abCzemu<br \/>\npo\u015bcili\u015bmy, a Ty nie wejrza\u0142e\u015b? Umartwiali\u015bmy siebie, a Ty\u015b<br \/>\ntego nie uzna\u0142?\u00bb <\/b><\/span><\/span><br \/>\n<\/span><\/div>\n<div align=\"justify\" style=\"background: transparent; font-style: normal; font-variant: normal; letter-spacing: normal; line-height: 150%; margin-bottom: 0cm; text-indent: 1.3cm;\">\n<span style=\"font-size: x-large;\"><span style=\"color: black;\"><span style=\"font-family: Book Antiqua, serif;\"><b>Ot\u00f3\u017c<br \/>\nw dzie\u0144 waszego postu wy znajdujecie sobie zaj\u0119cie i uciskacie<br \/>\nwszystkich waszych robotnik\u00f3w. Ot\u00f3\u017c po\u015bcicie w\u015br\u00f3d wa\u015bni i<br \/>\nspor\u00f3w, i w\u015br\u00f3d bicia niegodziw\u0105 pi\u0119\u015bci\u0105. Nie po\u015b\u0107cie tak,<br \/>\njak dzi\u015b czynicie, \u017ceby si\u0119 rozlega\u0142 zgie\u0142k wasz na wysoko\u015bci. <\/b><\/span><\/span><br \/>\n<\/span><\/div>\n<div align=\"justify\" style=\"background: transparent; font-style: normal; font-variant: normal; letter-spacing: normal; line-height: 150%; margin-bottom: 0cm; text-indent: 1.3cm;\">\n<span style=\"font-size: x-large;\"><span style=\"color: black;\"><span style=\"font-family: Book Antiqua, serif;\"><b>Czy\u017c<br \/>\nJa taki post jak ten wybieram sobie w dniu, w kt\u00f3rym si\u0119 cz\u0142owiek<br \/>\numartwia? Czy zwiesi\u0107 g\u0142ow\u0119 jak sitowie i u\u017cy\u0107 wora z popio\u0142em<br \/>\nza pos\u0142anie, czy\u017c to nazwiesz postem i dniem mi\u0142ym dla Pana? <\/b><\/span><\/span><br \/>\n<\/span><\/div>\n<div align=\"justify\" style=\"background: transparent; font-style: normal; font-variant: normal; letter-spacing: normal; line-height: 150%; margin-bottom: 0cm; text-indent: 1.3cm;\">\n<span style=\"font-size: x-large;\"><span style=\"color: black;\"><span style=\"font-family: Book Antiqua, serif;\"><b>Czy\u017c<br \/>\nnie jest raczej ten post, kt\u00f3ry wybieram: Rozerwa\u0107 kajdany z\u0142a,<br \/>\nrozwi\u0105za\u0107 wi\u0119zy niewoli, wypu\u015bci\u0107 wolno uci\u015bnionych i wszelkie<br \/>\njarzmo po\u0142ama\u0107? Dzieli\u0107 sw\u00f3j chleb z g\u0142odnym, wprowadzi\u0107 w dom<br \/>\nbiednych tu\u0142aczy, nagiego, kt\u00f3rego ujrzysz, przyodzia\u0107 i nie<br \/>\nodwr\u00f3ci\u0107 si\u0119 od wsp\u00f3\u0142ziomk\u00f3w? <\/b><\/span><\/span><br \/>\n<\/span><\/div>\n<div align=\"justify\" style=\"background: transparent; font-style: normal; font-variant: normal; letter-spacing: normal; line-height: 150%; margin-bottom: 0cm; text-indent: 1.3cm;\">\n<span style=\"color: black;\"><span style=\"font-family: Book Antiqua, serif;\"><span style=\"font-size: x-large;\"><b>Wtedy<br \/>\ntwoje \u015bwiat\u0142o wzejdzie jak zorza i szybko rozkwitnie twe zdrowie.<br \/>\nSprawiedliwo\u015b\u0107 twoja poprzedza\u0107 ci\u0119 b\u0119dzie, chwa\u0142a Pana i\u015b\u0107<br \/>\nb\u0119dzie za tob\u0105. Wtedy zawo\u0142asz, a Pan odpowie, wezwiesz pomocy, a<br \/>\nOn rzecze: \u00abOto jestem\u00bb\u201d.<\/b><\/span><\/span><\/span><\/div>\n<div align=\"justify\" style=\"line-height: 150%; margin-bottom: 0cm;\">\n<span style=\"font-size: x-large;\"><\/p>\n<p><\/span><\/div>\n<div align=\"justify\" style=\"font-style: normal; font-variant: normal; letter-spacing: normal; line-height: 150%; margin-bottom: 0cm;\">\n<span style=\"font-size: x-large;\"><span style=\"color: black;\"><span style=\"font-family: Book Antiqua, serif;\"><b>S\u0141OWA<br \/>\nEWANGELII WED\u0141UG \u015aWI\u0118TEGO MATEUSZA: <\/b><\/span><\/span><br \/>\n<\/span><\/div>\n<div align=\"justify\" style=\"background: transparent; font-style: normal; font-variant: normal; letter-spacing: normal; line-height: 150%; margin-bottom: 0cm; page-break-before: auto; text-indent: 1.3cm;\">\n<span style=\"color: black;\"><span style=\"font-family: Book Antiqua, serif;\"><span style=\"font-size: x-large;\"><b>Po<br \/>\npowrocie Jezusa z krainy Gadare\u0144czyk\u00f3w podeszli do Niego uczniowie<br \/>\nJana i zapytali: \u201eDlaczego my i faryzeusze du\u017co po\u015bcimy, Twoi za\u015b<br \/>\nuczniowie nie poszcz\u0105?\u201d<\/b><\/span><\/span><\/span><\/div>\n<div align=\"justify\" style=\"background: transparent; line-height: 150%; margin-bottom: 0cm; text-indent: 1.3cm;\">\n<span style=\"color: black;\"><span style=\"font-family: Book Antiqua, serif;\"><span style=\"font-size: x-large;\"><b><span style=\"font-variant: normal;\"><span style=\"letter-spacing: normal;\"><span style=\"font-style: normal;\">Jezus<br \/>\nim rzek\u0142: \u201eCzy go\u015bcie weselni mog\u0105 si\u0119 smuci\u0107, dop\u00f3ki<br \/>\noblubieniec jest z nimi? Lecz przyjdzie czas, kiedy zabior\u0105 im<br \/>\noblubie\u0144ca, a wtedy b\u0119d\u0105 po\u015bci\u0107\u201d.<\/span><\/span><\/span><\/b><\/span><\/span><\/span><\/div>\n<div align=\"justify\" style=\"line-height: 150%; margin-bottom: 0cm;\">\n<span style=\"font-size: x-large;\"><\/p>\n<p><\/span><\/div>\n<div align=\"justify\" style=\"background: transparent; font-style: normal; font-variant: normal; font-weight: normal; letter-spacing: normal; line-height: 150%; margin-bottom: 0cm; page-break-before: auto; text-indent: 1.3cm;\">\n<span style=\"color: black;\"><span style=\"font-family: Book Antiqua, serif;\"><span style=\"font-size: x-large;\">To<br \/>\nkolejny dzie\u0144, w kt\u00f3rym Bo\u017ce s\u0142owo daje nam bardzo <b>konkretne<br \/>\ninstrukcje, jak prze\u017cy\u0107 Wielki Post<\/b> \u2013 ten \u015bwi\u0119ty czas,<br \/>\nrozpocz\u0119ty przedwczoraj. W\u0142a\u015bnie te pierwsze dni, a wi\u0119c ju\u017c<br \/>\n\u015aroda Popielcowa, ale i wczorajszy czwartek, dzisiejszy dzie\u0144 i<br \/>\njutrzejszy \u2013 nios\u0105 ze sob\u0105 jasne wskazania, <b>co robi\u0107, a czego<br \/>\nnie robi\u0107,<\/b> by tego czasu, danego nam przez Pana, nie zmarnowa\u0107.<br \/>\nZwr\u00f3ci\u0142 na to zreszt\u0105 uwag\u0119 tak\u017ce Ksi\u0105dz Marek, we wczorajszym<br \/>\nrozwa\u017caniu. C\u00f3\u017c zatem s\u0142yszymy dzisiaj?<\/span><\/span><\/span><\/div>\n<div align=\"justify\" style=\"background: transparent; font-style: normal; font-variant: normal; font-weight: normal; letter-spacing: normal; line-height: 150%; margin-bottom: 0cm; text-indent: 1.3cm;\">\n<span style=\"font-size: x-large;\"><span style=\"color: black;\"><span style=\"font-family: Book Antiqua, serif;\">Ot\u00f3\u017c,<br \/>\ndzisiaj s\u0142yszymy o reakcjach cz\u0142onk\u00f3w ludu wybranego na to, \u017ce<br \/>\nB\u00f3g nie przyjmuje ich ofiar i post\u00f3w. Ale dlaczego nie przyjmuje?<br \/>\nRozczarowani i zawiedzeni ludzie stawiaj\u0105 dramatyczne pytania: <i><b>Czemu<br \/>\npo\u015bcili\u015bmy, a Ty nie wejrza\u0142e\u015b? Umartwiali\u015bmy siebie, a Ty\u015b<br \/>\ntego nie uzna\u0142?<\/b><\/i> <\/span><\/span><br \/>\n<\/span><\/div>\n<div align=\"justify\" style=\"background: transparent; font-style: normal; font-variant: normal; font-weight: normal; letter-spacing: normal; line-height: 150%; margin-bottom: 0cm; text-indent: 1.3cm;\">\n<span style=\"font-size: x-large;\"><span style=\"color: black;\"><span style=\"font-family: Book Antiqua, serif;\">B\u00f3g<br \/>\nnie unika odpowiedzi. Stwierdza jasno: <i><b>Ot\u00f3\u017c w dzie\u0144 waszego<br \/>\npostu wy znajdujecie sobie zaj\u0119cie i uciskacie wszystkich waszych<br \/>\nrobotnik\u00f3w. Ot\u00f3\u017c po\u015bcicie w\u015br\u00f3d wa\u015bni i spor\u00f3w, i w\u015br\u00f3d<br \/>\nbicia niegodziw\u0105 pi\u0119\u015bci\u0105. Nie po\u015b\u0107cie tak, jak dzi\u015b czynicie,<br \/>\n\u017ceby si\u0119 rozlega\u0142 zgie\u0142k wasz na wysoko\u015bci.<\/b><\/i><b> <\/b>Po<br \/>\nczym pyta retorycznie: <i><b>Czy\u017c Ja taki post jak ten wybieram<br \/>\nsobie w dniu, w kt\u00f3rym si\u0119 cz\u0142owiek umartwia? Czy zwiesi\u0107 g\u0142ow\u0119<br \/>\njak sitowie i u\u017cy\u0107 wora z popio\u0142em za pos\u0142anie, czy\u017c to nazwiesz<br \/>\npostem i dniem mi\u0142ym dla Pana?<\/b><\/i> <\/span><\/span><br \/>\n<\/span><\/div>\n<div align=\"justify\" style=\"background: transparent; font-style: normal; font-variant: normal; font-weight: normal; letter-spacing: normal; line-height: 150%; margin-bottom: 0cm; text-indent: 1.3cm;\">\n<span style=\"font-size: x-large;\"><span style=\"color: black;\"><span style=\"font-family: Book Antiqua, serif;\">I<br \/>\nsam podpowiada, jak powinien wygl\u0105da\u0107 prawdziwy post. Jak?<br \/>\nS\u0142yszeli\u015bmy: <i><b>Rozerwa\u0107 kajdany z\u0142a, rozwi\u0105za\u0107 wi\u0119zy<br \/>\nniewoli, wypu\u015bci\u0107 wolno uci\u015bnionych i wszelkie jarzmo po\u0142ama\u0107.<br \/>\nDzieli\u0107 sw\u00f3j chleb z g\u0142odnym, wprowadzi\u0107 w dom biednych tu\u0142aczy,<br \/>\nnagiego<\/b><\/i><b> [\u2026] <\/b><i><b>przyodzia\u0107 i nie odwr\u00f3ci\u0107 si\u0119<br \/>\nod wsp\u00f3\u0142ziomk\u00f3w\u2026<\/b><\/i><b> <\/b><\/span><\/span><br \/>\n<\/span><\/div>\n<div align=\"justify\" style=\"background: transparent; font-style: normal; font-variant: normal; font-weight: normal; letter-spacing: normal; line-height: 150%; margin-bottom: 0cm; text-indent: 1.3cm;\">\n<span style=\"font-size: x-large;\"><span style=\"color: black;\"><span style=\"font-family: Book Antiqua, serif;\">Oto<br \/>\nprawdziwy post, a wi\u0119c wyrzeczenie, ale nie jaka\u015b p\u0142ytka i tania<br \/>\nforma dla formy, a <b>faktyczne i odwa\u017cne<\/b><b> wyrzeczenie si\u0119<\/b><br \/>\nswego egoizmu, zawi\u015bci, zawzi\u0119to\u015bci, uporu \u2013 i wielu innych<br \/>\njeszcze grzech\u00f3w, kt\u00f3re naprawd\u0119 <b>oddalaj\u0105 nas od Boga.<\/b> I<br \/>\nod drugiego cz\u0142owieka. Dlatego prawdziwy post \u2013 to nie \u201ezwieszenie<br \/>\ng\u0142owy jak sitowia\u201d, ani te\u017c \u201eu\u017cycie wora z popio\u0142em za<br \/>\npos\u0142anie\u201d, ale to <b>konkretna decyzja o zerwaniu<\/b> z jak\u0105\u015b<br \/>\nswoj\u0105 wad\u0105, z jakim\u015b grzechem, z jakim\u015b z\u0142ym przyzwyczajeniem. <\/span><\/span><br \/>\n<\/span><\/div>\n<div align=\"justify\" style=\"background: transparent; font-style: normal; font-variant: normal; font-weight: normal; letter-spacing: normal; line-height: 150%; margin-bottom: 0cm; text-indent: 1.3cm;\">\n<span style=\"font-size: x-large;\"><span style=\"color: black;\"><span style=\"font-family: Book Antiqua, serif;\">A<br \/>\nje\u017celi tak, to postu nie nale\u017cy kojarzy\u0107 z czym\u015b smutnym i<br \/>\nmarsowym, ale \u2013 wprost przeciwnie: <b>z czym\u015b bardzo radosnym!<\/b><br \/>\nBo kiedy cz\u0142owiek powraca do Boga \u2013 to jest wielka rado\u015b\u0107! Zatem<br \/>\n\u2013 id\u0105c dalej w naszych rozwa\u017caniach \u2013 prawdziwy post ma<br \/>\nprowadzi\u0107 do <b>odnowienia i pog\u0142\u0119bienia wi\u0119zi z Bogiem. <\/b><\/span><\/span><br \/>\n<\/span><\/div>\n<div align=\"justify\" style=\"background: transparent; font-style: normal; font-variant: normal; font-weight: normal; letter-spacing: normal; line-height: 150%; margin-bottom: 0cm; text-indent: 1.3cm;\">\n<span style=\"font-size: x-large;\"><span style=\"color: black;\"><span style=\"font-family: Book Antiqua, serif;\">To<br \/>\njest, moi Drodzy, najwa\u017cniejszy cel ka\u017cdego postu: odnowienie i<br \/>\npog\u0142\u0119bienie wi\u0119zi z Bogiem, odkrycie jej na nowo, zachwycenie si\u0119<br \/>\nni\u0105 na nowo\u2026 Zatem, prawdziwy post <b>ma nas prowadzi\u0107 wprost do<br \/>\nBoga<\/b> \u2013 oczywi\u015bcie, nie od razu w tym wymiarze wiecznym, ale w<br \/>\ntym doczesnym, ziemskim, kt\u00f3rego ostatecznym celem jest wieczno\u015b\u0107.<br \/>\nTo jest najwa\u017cniejszy cel ka\u017cdego postu, tak\u017ce \u2013 Wielkiego<br \/>\nPostu. <\/span><\/span><br \/>\n<\/span><\/div>\n<div align=\"justify\" style=\"background: transparent; font-style: normal; font-variant: normal; font-weight: normal; letter-spacing: normal; line-height: 150%; margin-bottom: 0cm; text-indent: 1.3cm;\">\n<span style=\"font-size: x-large;\"><span style=\"color: black;\"><span style=\"font-family: Book Antiqua, serif;\">Taka<br \/>\nprawda wynika wprost ze s\u0142\u00f3w Jezusa, kt\u00f3ry na dociekliwe pytanie<br \/>\nuczni\u00f3w Jana: <i><b>Dlaczego my i faryzeusze du\u017co po\u015bcimy, Twoi<br \/>\nza\u015b uczniowie nie poszcz\u0105?, <\/b><\/i>odpowiedzia\u0142: <i><b>Czy go\u015bcie<br \/>\nweselni mog\u0105 si\u0119 smuci\u0107, dop\u00f3ki oblubieniec jest z nimi? Lecz<br \/>\nprzyjdzie czas, kiedy zabior\u0105 im oblubie\u0144ca, a wtedy b\u0119d\u0105 po\u015bci\u0107.<\/b><\/i><br \/>\n<\/span><\/span><br \/>\n<\/span><\/div>\n<div align=\"justify\" style=\"background: transparent; font-style: normal; font-variant: normal; font-weight: normal; letter-spacing: normal; line-height: 150%; margin-bottom: 0cm; text-indent: 1.3cm;\">\n<span style=\"font-size: x-large;\"><span style=\"color: black;\"><span style=\"font-family: Book Antiqua, serif;\">Ot\u00f3\u017c,<br \/>\nw\u0142a\u015bnie! Oni nie mogli po\u015bci\u0107, bo cel ich postu by\u0142 niejako z<br \/>\ng\u00f3ry osi\u0105gni\u0119ty: <b>oni byli ca\u0142y czas z Jezusem,<\/b> a On \u2013<br \/>\nBo\u017cy Syn, B\u00f3g wcielony \u2013 by\u0142 z nimi. To by\u0142a owa <b>nadzwyczajna<br \/>\n\u0142aska,<\/b> kt\u00f3r\u0105 zostali obdarzeni. Taki stan mia\u0142 trwa\u0107 przez<br \/>\njaki\u015b okre\u015blony czas, potem ta wi\u0119\u017a mia\u0142a <b>przej\u015b\u0107 w wi\u0119\u017a<br \/>\nduchow\u0105,<\/b> kt\u00f3r\u0105 i my dzisiaj tak\u017ce zachowujemy. Zachowujemy \u2013<br \/>\ni pog\u0142\u0119biamy. Tak\u017ce za pomoc\u0105 post\u00f3w. Oni jednak w\u00f3wczas byli z<br \/>\nJezusem w spos\u00f3b widzialny i fizyczny. <b>Pan M\u0142ody by\u0142 z nimi. <\/b><\/span><\/span><br \/>\n<\/span><\/div>\n<div align=\"justify\" style=\"background: transparent; font-style: normal; font-variant: normal; font-weight: normal; letter-spacing: normal; line-height: 150%; margin-bottom: 0cm; text-indent: 1.3cm;\">\n<span style=\"color: black;\"><span style=\"font-family: Book Antiqua, serif;\"><span style=\"font-size: x-large;\">Niech<br \/>\nnasze posty i wyrzeczenia, nasze ofiarowane codziennie krzy\u017cyki,<br \/>\ndo\u015bwiadczenia i inne, duchowe dary, prowadz\u0105 nas do osi\u0105gni\u0119cia<br \/>\ntego <b>najwa\u017cniejszego celu, jakim jest\u2026 <\/b><b>po prostu Jezus!<\/b><br \/>\nOn sam i pog\u0142\u0119bienie wi\u0119zi z Nim jest <b>najwa\u017cniejszym<\/b> \u2013 i<br \/>\nchyba tak naprawd\u0119 <b>jedynym \u2013 celem<\/b> jakichkolwiek postnych,<br \/>\nw tym wielkopostnych, naszych wyrzecze\u0144.<\/span><\/span><\/span><\/div>\n<div align=\"justify\" style=\"background: transparent; font-style: normal; font-variant: normal; font-weight: normal; letter-spacing: normal; line-height: 150%; margin-bottom: 0cm; text-indent: 1.3cm;\">\n<span style=\"color: black;\"><span style=\"font-family: Book Antiqua, serif;\"><span style=\"font-size: x-large;\">Czy<br \/>\nz tak\u0105 \u015bwiadomo\u015bci\u0105 i z tak\u0105 motywacj\u0105 je podejmuj\u0119?\u2026<\/span><\/span><\/span><\/div>\n","protected":false},"excerpt":{"rendered":"<p>Szcz\u0119\u015b\u0107 Bo\u017ce! Moi Drodzy, w dniu wczorajszym imieniny prze\u017cywa\u0142 Ksi\u0105dz Tomasz Radczuk, m\u00f3j Kolega kursowy. Dzisiaj natomiast imieniny prze\u017cywa Beata Warpas, a tak\u017ce Beata Kulikowska \u2013 Grzechnik, urodziny za\u015b prze\u017cywa Kamil Charkiewicz \u2013 za moich czas\u00f3w: zaanga\u017cowani w r\u00f3\u017cne m\u0142odzie\u017cowe Wsp\u00f3lnoty, dzisiaj ju\u017c doro\u015bli ludzie. Dzi\u0119kuj\u0105c Im za ten czas, kiedy mogli\u015bmy dzia\u0142a\u0107 wsp\u00f3lnie, \u017cycz\u0119 [&hellip;]<\/p>\n","protected":false},"author":1,"featured_media":0,"comment_status":"open","ping_status":"open","sticky":false,"template":"","format":"standard","meta":{"jetpack_post_was_ever_published":false,"_jetpack_newsletter_access":"","_jetpack_dont_email_post_to_subs":false,"_jetpack_newsletter_tier_id":0,"_jetpack_memberships_contains_paywalled_content":false,"_jetpack_memberships_contains_paid_content":false,"footnotes":""},"categories":[1],"tags":[],"class_list":["post-14670","post","type-post","status-publish","format-standard","hentry","category-bez-kategorii"],"yoast_head":"<!-- This site is optimized with the Yoast SEO plugin v25.1 - https:\/\/yoast.com\/wordpress\/plugins\/seo\/ -->\n<title>Celem postu - Jezus! - Gaudium Et Spes<\/title>\n<meta name=\"robots\" content=\"index, follow, max-snippet:-1, max-image-preview:large, max-video-preview:-1\" \/>\n<link rel=\"canonical\" href=\"https:\/\/gaudiumetspes-blog.pl\/index.php\/2019\/03\/08\/celem-postu-jezus\/\" \/>\n<meta property=\"og:locale\" content=\"pl_PL\" \/>\n<meta property=\"og:type\" content=\"article\" \/>\n<meta property=\"og:title\" content=\"Celem postu - Jezus! - Gaudium Et Spes\" \/>\n<meta property=\"og:description\" content=\"Szcz\u0119\u015b\u0107 Bo\u017ce! Moi Drodzy, w dniu wczorajszym imieniny prze\u017cywa\u0142 Ksi\u0105dz Tomasz Radczuk, m\u00f3j Kolega kursowy. Dzisiaj natomiast imieniny prze\u017cywa Beata Warpas, a tak\u017ce Beata Kulikowska \u2013 Grzechnik, urodziny za\u015b prze\u017cywa Kamil Charkiewicz \u2013 za moich czas\u00f3w: zaanga\u017cowani w r\u00f3\u017cne m\u0142odzie\u017cowe Wsp\u00f3lnoty, dzisiaj ju\u017c doro\u015bli ludzie. Dzi\u0119kuj\u0105c Im za ten czas, kiedy mogli\u015bmy dzia\u0142a\u0107 wsp\u00f3lnie, \u017cycz\u0119 [&hellip;]\" \/>\n<meta property=\"og:url\" content=\"https:\/\/gaudiumetspes-blog.pl\/index.php\/2019\/03\/08\/celem-postu-jezus\/\" \/>\n<meta property=\"og:site_name\" content=\"Gaudium Et Spes\" \/>\n<meta property=\"article:published_time\" content=\"2019-03-08T04:39:00+00:00\" \/>\n<meta property=\"article:modified_time\" content=\"2019-07-31T11:00:43+00:00\" \/>\n<meta name=\"author\" content=\"Ks. Jacek\" \/>\n<meta name=\"twitter:card\" content=\"summary_large_image\" \/>\n<meta name=\"twitter:label1\" content=\"Napisane przez\" \/>\n\t<meta name=\"twitter:data1\" content=\"Ks. Jacek\" \/>\n\t<meta name=\"twitter:label2\" content=\"Szacowany czas czytania\" \/>\n\t<meta name=\"twitter:data2\" content=\"7 minut\" \/>\n<script type=\"application\/ld+json\" class=\"yoast-schema-graph\">{\"@context\":\"https:\/\/schema.org\",\"@graph\":[{\"@type\":\"WebPage\",\"@id\":\"https:\/\/gaudiumetspes-blog.pl\/index.php\/2019\/03\/08\/celem-postu-jezus\/\",\"url\":\"https:\/\/gaudiumetspes-blog.pl\/index.php\/2019\/03\/08\/celem-postu-jezus\/\",\"name\":\"Celem postu - Jezus! - Gaudium Et Spes\",\"isPartOf\":{\"@id\":\"https:\/\/gaudiumetspes-blog.pl\/#website\"},\"datePublished\":\"2019-03-08T04:39:00+00:00\",\"dateModified\":\"2019-07-31T11:00:43+00:00\",\"author\":{\"@id\":\"https:\/\/gaudiumetspes-blog.pl\/#\/schema\/person\/1661982992b752dea8dff0d4ed845a65\"},\"breadcrumb\":{\"@id\":\"https:\/\/gaudiumetspes-blog.pl\/index.php\/2019\/03\/08\/celem-postu-jezus\/#breadcrumb\"},\"inLanguage\":\"pl-PL\",\"potentialAction\":[{\"@type\":\"ReadAction\",\"target\":[\"https:\/\/gaudiumetspes-blog.pl\/index.php\/2019\/03\/08\/celem-postu-jezus\/\"]}]},{\"@type\":\"BreadcrumbList\",\"@id\":\"https:\/\/gaudiumetspes-blog.pl\/index.php\/2019\/03\/08\/celem-postu-jezus\/#breadcrumb\",\"itemListElement\":[{\"@type\":\"ListItem\",\"position\":1,\"name\":\"Strona g\u0142\u00f3wna\",\"item\":\"https:\/\/gaudiumetspes-blog.pl\/\"},{\"@type\":\"ListItem\",\"position\":2,\"name\":\"Celem postu &#8211; Jezus!\"}]},{\"@type\":\"WebSite\",\"@id\":\"https:\/\/gaudiumetspes-blog.pl\/#website\",\"url\":\"https:\/\/gaudiumetspes-blog.pl\/\",\"name\":\"Gaudium Et Spes\",\"description\":\"Blog Ks. Jacka Ja\u015bkowskiego\",\"potentialAction\":[{\"@type\":\"SearchAction\",\"target\":{\"@type\":\"EntryPoint\",\"urlTemplate\":\"https:\/\/gaudiumetspes-blog.pl\/?s={search_term_string}\"},\"query-input\":{\"@type\":\"PropertyValueSpecification\",\"valueRequired\":true,\"valueName\":\"search_term_string\"}}],\"inLanguage\":\"pl-PL\"},{\"@type\":\"Person\",\"@id\":\"https:\/\/gaudiumetspes-blog.pl\/#\/schema\/person\/1661982992b752dea8dff0d4ed845a65\",\"name\":\"Ks. Jacek\",\"image\":{\"@type\":\"ImageObject\",\"inLanguage\":\"pl-PL\",\"@id\":\"https:\/\/gaudiumetspes-blog.pl\/#\/schema\/person\/image\/\",\"url\":\"https:\/\/gaudiumetspes-blog.pl\/wp-content\/uploads\/2019\/07\/avatar-JJ-150x150.jpg\",\"contentUrl\":\"https:\/\/gaudiumetspes-blog.pl\/wp-content\/uploads\/2019\/07\/avatar-JJ-150x150.jpg\",\"caption\":\"Ks. Jacek\"},\"description\":\"Witam serdecznie! K\u0142ania si\u0119 Ks. Jacek Ja\u015bkowski. Nie jestem ani kim\u015b wa\u017cnym, ani kim\u015b znanym. Jestem ksi\u0119dzem, kt\u00f3ry po prostu chce rozmawia\u0107. Codzienna kap\u0142a\u0144ska pos\u0142uga pokazuje mi, \u017ce temat\u00f3w do rozm\u00f3w z ksi\u0119dzem jest coraz wi\u0119cej i dzisiaj \u017caden ksi\u0105dz nie mo\u017ce od nich ucieka\u0107, ale - wprost przeciwnie - podejmowa\u0107 nowe wyzwania. To przekonanie sk\u0142oni\u0142o mnie do pr\u00f3by otwarcia tego\u017c bloga, chocia\u017c okazji do rozm\u00f3w na co dzie\u0144 - w konfesjonale i poza nim - na szcz\u0119\u015bcie nie brakuje. My\u015bl\u0119 jednak, \u017ce ten blog b\u0119dzie jeszcze jednym sposobem i przestrzeni\u0105 nawi\u0105zania kontaktu z lud\u017ami dobrej woli, otwartymi na dialog.\",\"url\":\"https:\/\/gaudiumetspes-blog.pl\/index.php\/author\/ks-jacek\/\"}]}<\/script>\n<!-- \/ Yoast SEO plugin. -->","yoast_head_json":{"title":"Celem postu - Jezus! - Gaudium Et Spes","robots":{"index":"index","follow":"follow","max-snippet":"max-snippet:-1","max-image-preview":"max-image-preview:large","max-video-preview":"max-video-preview:-1"},"canonical":"https:\/\/gaudiumetspes-blog.pl\/index.php\/2019\/03\/08\/celem-postu-jezus\/","og_locale":"pl_PL","og_type":"article","og_title":"Celem postu - Jezus! - Gaudium Et Spes","og_description":"Szcz\u0119\u015b\u0107 Bo\u017ce! Moi Drodzy, w dniu wczorajszym imieniny prze\u017cywa\u0142 Ksi\u0105dz Tomasz Radczuk, m\u00f3j Kolega kursowy. Dzisiaj natomiast imieniny prze\u017cywa Beata Warpas, a tak\u017ce Beata Kulikowska \u2013 Grzechnik, urodziny za\u015b prze\u017cywa Kamil Charkiewicz \u2013 za moich czas\u00f3w: zaanga\u017cowani w r\u00f3\u017cne m\u0142odzie\u017cowe Wsp\u00f3lnoty, dzisiaj ju\u017c doro\u015bli ludzie. Dzi\u0119kuj\u0105c Im za ten czas, kiedy mogli\u015bmy dzia\u0142a\u0107 wsp\u00f3lnie, \u017cycz\u0119 [&hellip;]","og_url":"https:\/\/gaudiumetspes-blog.pl\/index.php\/2019\/03\/08\/celem-postu-jezus\/","og_site_name":"Gaudium Et Spes","article_published_time":"2019-03-08T04:39:00+00:00","article_modified_time":"2019-07-31T11:00:43+00:00","author":"Ks. Jacek","twitter_card":"summary_large_image","twitter_misc":{"Napisane przez":"Ks. Jacek","Szacowany czas czytania":"7 minut"},"schema":{"@context":"https:\/\/schema.org","@graph":[{"@type":"WebPage","@id":"https:\/\/gaudiumetspes-blog.pl\/index.php\/2019\/03\/08\/celem-postu-jezus\/","url":"https:\/\/gaudiumetspes-blog.pl\/index.php\/2019\/03\/08\/celem-postu-jezus\/","name":"Celem postu - Jezus! - Gaudium Et Spes","isPartOf":{"@id":"https:\/\/gaudiumetspes-blog.pl\/#website"},"datePublished":"2019-03-08T04:39:00+00:00","dateModified":"2019-07-31T11:00:43+00:00","author":{"@id":"https:\/\/gaudiumetspes-blog.pl\/#\/schema\/person\/1661982992b752dea8dff0d4ed845a65"},"breadcrumb":{"@id":"https:\/\/gaudiumetspes-blog.pl\/index.php\/2019\/03\/08\/celem-postu-jezus\/#breadcrumb"},"inLanguage":"pl-PL","potentialAction":[{"@type":"ReadAction","target":["https:\/\/gaudiumetspes-blog.pl\/index.php\/2019\/03\/08\/celem-postu-jezus\/"]}]},{"@type":"BreadcrumbList","@id":"https:\/\/gaudiumetspes-blog.pl\/index.php\/2019\/03\/08\/celem-postu-jezus\/#breadcrumb","itemListElement":[{"@type":"ListItem","position":1,"name":"Strona g\u0142\u00f3wna","item":"https:\/\/gaudiumetspes-blog.pl\/"},{"@type":"ListItem","position":2,"name":"Celem postu &#8211; Jezus!"}]},{"@type":"WebSite","@id":"https:\/\/gaudiumetspes-blog.pl\/#website","url":"https:\/\/gaudiumetspes-blog.pl\/","name":"Gaudium Et Spes","description":"Blog Ks. Jacka Ja\u015bkowskiego","potentialAction":[{"@type":"SearchAction","target":{"@type":"EntryPoint","urlTemplate":"https:\/\/gaudiumetspes-blog.pl\/?s={search_term_string}"},"query-input":{"@type":"PropertyValueSpecification","valueRequired":true,"valueName":"search_term_string"}}],"inLanguage":"pl-PL"},{"@type":"Person","@id":"https:\/\/gaudiumetspes-blog.pl\/#\/schema\/person\/1661982992b752dea8dff0d4ed845a65","name":"Ks. Jacek","image":{"@type":"ImageObject","inLanguage":"pl-PL","@id":"https:\/\/gaudiumetspes-blog.pl\/#\/schema\/person\/image\/","url":"https:\/\/gaudiumetspes-blog.pl\/wp-content\/uploads\/2019\/07\/avatar-JJ-150x150.jpg","contentUrl":"https:\/\/gaudiumetspes-blog.pl\/wp-content\/uploads\/2019\/07\/avatar-JJ-150x150.jpg","caption":"Ks. Jacek"},"description":"Witam serdecznie! K\u0142ania si\u0119 Ks. Jacek Ja\u015bkowski. Nie jestem ani kim\u015b wa\u017cnym, ani kim\u015b znanym. Jestem ksi\u0119dzem, kt\u00f3ry po prostu chce rozmawia\u0107. Codzienna kap\u0142a\u0144ska pos\u0142uga pokazuje mi, \u017ce temat\u00f3w do rozm\u00f3w z ksi\u0119dzem jest coraz wi\u0119cej i dzisiaj \u017caden ksi\u0105dz nie mo\u017ce od nich ucieka\u0107, ale - wprost przeciwnie - podejmowa\u0107 nowe wyzwania. To przekonanie sk\u0142oni\u0142o mnie do pr\u00f3by otwarcia tego\u017c bloga, chocia\u017c okazji do rozm\u00f3w na co dzie\u0144 - w konfesjonale i poza nim - na szcz\u0119\u015bcie nie brakuje. My\u015bl\u0119 jednak, \u017ce ten blog b\u0119dzie jeszcze jednym sposobem i przestrzeni\u0105 nawi\u0105zania kontaktu z lud\u017ami dobrej woli, otwartymi na dialog.","url":"https:\/\/gaudiumetspes-blog.pl\/index.php\/author\/ks-jacek\/"}]}},"jetpack_featured_media_url":"","jetpack_sharing_enabled":true,"_links":{"self":[{"href":"https:\/\/gaudiumetspes-blog.pl\/index.php\/wp-json\/wp\/v2\/posts\/14670","targetHints":{"allow":["GET"]}}],"collection":[{"href":"https:\/\/gaudiumetspes-blog.pl\/index.php\/wp-json\/wp\/v2\/posts"}],"about":[{"href":"https:\/\/gaudiumetspes-blog.pl\/index.php\/wp-json\/wp\/v2\/types\/post"}],"author":[{"embeddable":true,"href":"https:\/\/gaudiumetspes-blog.pl\/index.php\/wp-json\/wp\/v2\/users\/1"}],"replies":[{"embeddable":true,"href":"https:\/\/gaudiumetspes-blog.pl\/index.php\/wp-json\/wp\/v2\/comments?post=14670"}],"version-history":[{"count":1,"href":"https:\/\/gaudiumetspes-blog.pl\/index.php\/wp-json\/wp\/v2\/posts\/14670\/revisions"}],"predecessor-version":[{"id":15018,"href":"https:\/\/gaudiumetspes-blog.pl\/index.php\/wp-json\/wp\/v2\/posts\/14670\/revisions\/15018"}],"wp:attachment":[{"href":"https:\/\/gaudiumetspes-blog.pl\/index.php\/wp-json\/wp\/v2\/media?parent=14670"}],"wp:term":[{"taxonomy":"category","embeddable":true,"href":"https:\/\/gaudiumetspes-blog.pl\/index.php\/wp-json\/wp\/v2\/categories?post=14670"},{"taxonomy":"post_tag","embeddable":true,"href":"https:\/\/gaudiumetspes-blog.pl\/index.php\/wp-json\/wp\/v2\/tags?post=14670"}],"curies":[{"name":"wp","href":"https:\/\/api.w.org\/{rel}","templated":true}]}}