{"id":14680,"date":"2019-02-26T05:36:00","date_gmt":"2019-02-26T04:36:00","guid":{"rendered":"https:\/\/gaudiumetspes-blog.pl\/index.php\/2019\/02\/26\/przygotuj-swa-dusze-na-doswiadczenia\/"},"modified":"2019-07-31T13:00:10","modified_gmt":"2019-07-31T11:00:10","slug":"przygotuj-swa-dusze-na-doswiadczenia","status":"publish","type":"post","link":"https:\/\/gaudiumetspes-blog.pl\/index.php\/2019\/02\/26\/przygotuj-swa-dusze-na-doswiadczenia\/","title":{"rendered":"Przygotuj sw\u0105 dusz\u0119 na do\u015bwiadczenia!"},"content":{"rendered":"<p><\/p>\n<div align=\"justify\" style=\"font-style: normal; font-variant: normal; font-weight: normal; letter-spacing: normal; line-height: 150%; margin-bottom: 0cm;\">\n<span style=\"color: black;\"><span style=\"font-family: Book Antiqua, serif;\"><span style=\"font-size: x-large;\">Szcz\u0119\u015b\u0107<br \/>\nBo\u017ce! Moi Drodzy, w dniu dzisiejszym <b>imieniny prze\u017cywa m\u00f3j<br \/>\nWujek, Miros\u0142aw Oleszczuk, kt\u00f3remu nieustannie dzi\u0119kuj\u0119 za<br \/>\n\u017cyczliwo\u015b\u0107 i dobre serce, ale tak\u017ce za g\u0142\u0119bokie i m\u0105dre<br \/>\nprzemy\u015blenia, jakimi nieraz dzieli si\u0119 ze mn\u0105 i kt\u00f3rymi mnie<br \/>\nubogaca. \u017bycz\u0119 Mu wci\u0105\u017c wzrastaj\u0105cego zapa\u0142u do dalszych<br \/>\ng\u0142\u0119bokich poszukiwa\u0144 \u2013 i wszelkiego Bo\u017cego b\u0142ogos\u0142awie\u0144stwa<br \/>\nw \u017cyciu rodzinnym, oraz w realizacji tej odpowiedzialno\u015bci, jaka<br \/>\nspoczywa na Nim z racji zajmowanego stanowiska w pracy. Zapewniam o<br \/>\nmodlitwie!<\/b><\/span><\/span><\/span><\/div>\n<div align=\"justify\" style=\"background: transparent; font-style: normal; font-variant: normal; font-weight: normal; letter-spacing: normal; line-height: 150%; margin-bottom: 0cm; orphans: 2; page-break-before: auto; text-indent: 1.3cm; widows: 2;\">\n<span style=\"color: black;\"><span style=\"font-family: Book Antiqua, serif;\"><span style=\"font-size: x-large;\">Ponadto,<br \/>\n<b>imieniny prze\u017cywaj\u0105:<\/b><\/span><\/span><\/span><\/div>\n<div align=\"justify\" style=\"font-variant: normal; letter-spacing: normal; line-height: 150%; margin-bottom: 0cm; orphans: 2; widows: 2;\">\n<span style=\"color: black; font-size: x-large;\">\u2013 <span style=\"font-family: Book Antiqua, serif;\"><span style=\"font-style: normal;\"><b>Ksi\u0105dz<br \/>\nMiros\u0142aw Golonka \u2013 m\u00f3j Kolega kursowy;<\/b><\/span><\/span><\/span><\/div>\n<div align=\"justify\" style=\"font-variant: normal; letter-spacing: normal; line-height: 150%; margin-bottom: 0cm; orphans: 2; widows: 2;\">\n<span style=\"color: black; font-size: x-large;\">\u2013 <span style=\"font-family: Book Antiqua, serif;\"><span style=\"font-style: normal;\"><b>Ksi\u0105dz<br \/>\nMiros\u0142aw Cisowski, Ksi\u0105dz Miros\u0142aw Krupski, Ksi\u0105dz Miros\u0142aw<br \/>\nPietrzak, Ksi\u0105dz Miros\u0142aw Sta\u0144czuk, Ksi\u0105dz Miros\u0142aw Sitarz \u2013<br \/>\nKap\u0142ani spotkani na r\u00f3\u017cnych etapach mojej kap\u0142a\u0144skiej pos\u0142ugi;<\/b><\/span><\/span><\/span><\/div>\n<div align=\"justify\" style=\"font-variant: normal; letter-spacing: normal; line-height: 150%; margin-bottom: 0cm; orphans: 2; widows: 2;\">\n<span style=\"color: black; font-size: x-large;\">\u2013 <span style=\"font-family: Book Antiqua, serif;\"><span style=\"font-style: normal;\"><b>Miros\u0142aw<br \/>\nSawczuk \u2013 m\u00f3j dobry Znajomy z rodzinnej Parafii;<\/b><\/span><\/span><\/span><\/div>\n<div align=\"justify\" style=\"font-variant: normal; letter-spacing: normal; line-height: 150%; margin-bottom: 0cm; orphans: 2; widows: 2;\">\n<span style=\"color: black; font-size: x-large;\">\u2013 <span style=\"font-family: Book Antiqua, serif;\"><span style=\"font-style: normal;\"><b>Miros\u0142aw<br \/>\nWiniarczyk \u2013 m\u00f3j dobry Znajomy z Parafii \u015awi\u0119tego Ojca Pio w<br \/>\nWarszawie.<\/b><\/span><\/span><\/span><\/div>\n<div align=\"justify\" style=\"background: transparent; font-style: normal; font-variant: normal; letter-spacing: normal; line-height: 150%; margin-bottom: 0cm; orphans: 2; page-break-before: auto; text-indent: 1.3cm; widows: 2;\">\n<span style=\"color: black;\"><span style=\"font-family: Book Antiqua, serif;\"><span style=\"font-size: x-large;\"><b>\u017bycz\u0119<br \/>\nDrogim Solenizantom, aby we wszystkich okoliczno\u015bciach swego \u017cycia<br \/>\n\u2013 zar\u00f3wno tych radosnych, jak i tych trudnych \u2013 mieli odwag\u0119<br \/>\nbezgranicznie zaufa\u0107 Panu! Zapewniam o modlitwie.<\/b><\/span><\/span><\/span><\/div>\n<div align=\"justify\" style=\"background: transparent; font-style: normal; font-variant: normal; font-weight: normal; letter-spacing: normal; line-height: 150%; margin-bottom: 0cm; orphans: 2; text-indent: 1.3cm; widows: 2;\">\n<span style=\"color: black;\"><span style=\"font-family: Book Antiqua, serif;\"><span style=\"font-size: x-large;\">\u017bycz\u0119<br \/>\nWszystkim b\u0142ogos\u0142awionego dnia!<\/span><\/span><\/span><\/div>\n<div align=\"center\" style=\"background: transparent; font-style: normal; font-variant: normal; font-weight: normal; letter-spacing: normal; line-height: 150%; margin-bottom: 0cm; orphans: 2; widows: 2;\">\n<span style=\"color: black;\"><span style=\"font-family: Book Antiqua, serif;\"><span style=\"font-size: x-large;\">Gaudium<br \/>\net spes!  Ks. Jacek<\/span><\/span><\/span><\/div>\n<div align=\"justify\" style=\"line-height: 150%; margin-bottom: 0cm;\">\n<span style=\"font-size: x-large;\"><\/p>\n<p><\/span><\/div>\n<div align=\"justify\" style=\"line-height: 150%; margin-bottom: 0cm;\">\n<span style=\"color: black;\"><span style=\"font-family: Book Antiqua, serif;\"><span style=\"font-size: x-large;\"><b>Wtorek<br \/>\n7 Tygodnia zwyk\u0142ego, rok I,<\/b><\/span><\/span><\/span><\/div>\n<div align=\"justify\" style=\"line-height: 150%; margin-bottom: 0cm;\">\n<span style=\"color: black;\"><span style=\"font-family: Book Antiqua, serif;\"><span style=\"font-size: x-large;\"><b>do<br \/>\nczyta\u0144:  Syr 2,1\u201311;  Mk 9,30\u201337<\/b><\/span><\/span><\/span><\/div>\n<div align=\"justify\" style=\"line-height: 150%; margin-bottom: 0cm;\">\n<span style=\"font-size: x-large;\"><\/p>\n<p><\/span><\/div>\n<div align=\"justify\" style=\"font-style: normal; font-variant: normal; letter-spacing: normal; line-height: 150%; margin-bottom: 0cm; page-break-before: auto;\">\n<span style=\"font-size: x-large;\"><span style=\"color: black;\"><span style=\"font-family: Book Antiqua, serif;\"><b>CZYTANIE<br \/>\nZ KSI\u0118GI SYRACYDESA: <\/b><\/span><\/span><br \/>\n<\/span><\/div>\n<div align=\"justify\" style=\"background: transparent; font-style: normal; font-variant: normal; letter-spacing: normal; line-height: 150%; margin-bottom: 0cm; page-break-before: auto; text-indent: 1.3cm;\">\n<span style=\"font-size: x-large;\"><span style=\"color: black;\"><span style=\"font-family: Book Antiqua, serif;\"><b>Synu,<br \/>\nje\u017celi masz zamiar s\u0142u\u017cy\u0107 Panu, przygotuj sw\u0105 dusz\u0119 na<br \/>\ndo\u015bwiadczenie. <\/b><\/span><\/span><br \/>\n<\/span><\/div>\n<div align=\"justify\" style=\"background: transparent; font-style: normal; font-variant: normal; letter-spacing: normal; line-height: 150%; margin-bottom: 0cm; text-indent: 1.3cm;\">\n<span style=\"font-size: x-large;\"><span style=\"color: black;\"><span style=\"font-family: Book Antiqua, serif;\"><b>Zachowaj<br \/>\nspok\u00f3j serca i b\u0105d\u017a cierpliwy, a nie tra\u0107 r\u00f3wnowagi w czasie<br \/>\nutrapienia. Przylgnij do Niego, a nie odst\u0119puj, aby\u015b by\u0142<br \/>\nwywy\u017cszony w ostatnim twym dniu. <\/b><\/span><\/span><br \/>\n<\/span><\/div>\n<div align=\"justify\" style=\"background: transparent; font-style: normal; font-variant: normal; letter-spacing: normal; line-height: 150%; margin-bottom: 0cm; text-indent: 1.3cm;\">\n<span style=\"font-size: x-large;\"><span style=\"color: black;\"><span style=\"font-family: Book Antiqua, serif;\"><b>Przyjmij<br \/>\nwszystko, co przyjdzie na ciebie, a w zmiennych losach utrapie\u0144 b\u0105d\u017a<br \/>\nwytrzyma\u0142y. Bo w ogniu do\u015bwiadcza si\u0119 z\u0142oto, a ludzi mi\u0142ych Bogu<br \/>\nw piecu utrapienia. <\/b><\/span><\/span><br \/>\n<\/span><\/div>\n<div align=\"justify\" style=\"background: transparent; font-style: normal; font-variant: normal; letter-spacing: normal; line-height: 150%; margin-bottom: 0cm; text-indent: 1.3cm;\">\n<span style=\"font-size: x-large;\"><span style=\"color: black;\"><span style=\"font-family: Book Antiqua, serif;\"><b>B\u0105d\u017a<br \/>\nMu wierny, a On zajmie si\u0119 tob\u0105, prostuj swe drogi i Jemu zaufaj. <\/b><\/span><\/span><br \/>\n<\/span><\/div>\n<div align=\"justify\" style=\"background: transparent; font-style: normal; font-variant: normal; letter-spacing: normal; line-height: 150%; margin-bottom: 0cm; text-indent: 1.3cm;\">\n<span style=\"font-size: x-large;\"><span style=\"color: black;\"><span style=\"font-family: Book Antiqua, serif;\"><b>Kt\u00f3rzy<br \/>\nboicie si\u0119 Pana, oczekujcie Jego zmi\u0142owania, nie zbaczajcie z<br \/>\ndrogi, aby\u015bcie nie upadli. Kt\u00f3rzy boicie si\u0119 Pana, zawierzcie Mu,<br \/>\na nie przepadnie wasza zap\u0142ata. <\/b><\/span><\/span><br \/>\n<\/span><\/div>\n<div align=\"justify\" style=\"background: transparent; font-style: normal; font-variant: normal; letter-spacing: normal; line-height: 150%; margin-bottom: 0cm; text-indent: 1.3cm;\">\n<span style=\"font-size: x-large;\"><span style=\"color: black;\"><span style=\"font-family: Book Antiqua, serif;\"><b>Kt\u00f3rzy<br \/>\nboicie si\u0119 Pana, spodziewajcie si\u0119 dobra, wiecznego wesela i<br \/>\nzmi\u0142owania. <\/b><\/span><\/span><br \/>\n<\/span><\/div>\n<div align=\"justify\" style=\"background: transparent; font-style: normal; font-variant: normal; letter-spacing: normal; line-height: 150%; margin-bottom: 0cm; text-indent: 1.3cm;\">\n<span style=\"font-size: x-large;\"><span style=\"color: black;\"><span style=\"font-family: Book Antiqua, serif;\"><b>Popatrzcie<br \/>\nna dawne pokolenia i zobaczcie: kt\u00f3\u017c zaufa\u0142 Panu, a zosta\u0142<br \/>\nzawstydzony? Albo kt\u00f3\u017c trwa\u0142 w boja\u017ani Pa\u0144skiej i by\u0142<br \/>\nopuszczony? Albo kt\u00f3\u017c wzywa\u0142 Go, a On nim wzgardzi\u0142? <\/b><\/span><\/span><br \/>\n<\/span><\/div>\n<div align=\"justify\" style=\"background: transparent; font-style: normal; font-variant: normal; letter-spacing: normal; line-height: 150%; margin-bottom: 0cm; text-indent: 1.3cm;\">\n<span style=\"color: black;\"><span style=\"font-family: Book Antiqua, serif;\"><span style=\"font-size: x-large;\"><b>Dlatego<br \/>\n\u017ce Pan jest lito\u015bciwy i mi\u0142osierny, odpuszcza grzechy i zbawia w<br \/>\nczasie utrapienia.<\/b><\/span><\/span><\/span><\/div>\n<div align=\"justify\" style=\"line-height: 150%; margin-bottom: 0cm;\">\n<span style=\"font-size: x-large;\"><\/p>\n<p><\/span><\/div>\n<div align=\"justify\" style=\"line-height: 150%; margin-bottom: 0cm;\">\n<span style=\"color: black;\"><span style=\"font-family: Book Antiqua, serif;\"><span style=\"font-size: x-large;\"><b><span style=\"font-variant: normal;\"><span style=\"letter-spacing: normal;\"><span style=\"font-style: normal;\">S\u0141OWA<br \/>\nEWANGELII WED\u0141UG \u015aW<\/span><\/span><\/span><span style=\"font-variant: normal;\"><span style=\"letter-spacing: normal;\"><span style=\"font-style: normal;\">I\u0118TEGO<\/span><\/span><\/span><span style=\"font-variant: normal;\"><span style=\"letter-spacing: normal;\"><span style=\"font-style: normal;\"><br \/>\nMARKA:<\/span><\/span><\/span><\/b><\/span><\/span><\/span><\/div>\n<div align=\"justify\" style=\"background: transparent; font-style: normal; font-variant: normal; letter-spacing: normal; line-height: 150%; margin-bottom: 0cm; page-break-before: auto; text-indent: 1.3cm;\">\n<span style=\"font-size: x-large;\"><span style=\"color: black;\"><span style=\"font-family: Book Antiqua, serif;\"><b>Jezus<br \/>\ni uczniowie Jego podr\u00f3\u017cowali przez Galile\u0119, On jednak nie chcia\u0142,<br \/>\n\u017ceby kto wiedzia\u0142 o tym. Poucza\u0142 bowiem swoich uczni\u00f3w i m\u00f3wi\u0142<br \/>\nim: \u201eSyn Cz\u0142owieczy b\u0119dzie wydany w r\u0119ce ludzi. Ci Go zabij\u0105,<br \/>\nlecz zabity po trzech dniach zmartwychwstanie\u201d. Oni jednak nie<br \/>\nrozumieli tych s\u0142\u00f3w, a bali si\u0119 Go pyta\u0107. <\/b><\/span><\/span><br \/>\n<\/span><\/div>\n<div align=\"justify\" style=\"background: transparent; font-style: normal; font-variant: normal; letter-spacing: normal; line-height: 150%; margin-bottom: 0cm; text-indent: 1.3cm;\">\n<span style=\"font-size: x-large;\"><span style=\"color: black;\"><span style=\"font-family: Book Antiqua, serif;\"><b>Tak<br \/>\nprzyszli do Kafarnaum. Gdy by\u0142 w domu, zapyta\u0142 ich: \u201eO czym to<br \/>\nrozprawiali\u015bcie w drodze?\u201d Lecz oni milczeli, w drodze bowiem<br \/>\nposprzeczali si\u0119 mi\u0119dzy sob\u0105 o to, kto z nich jest najwi\u0119kszy. <\/b><\/span><\/span><br \/>\n<\/span><\/div>\n<div align=\"justify\" style=\"background: transparent; font-style: normal; font-variant: normal; letter-spacing: normal; line-height: 150%; margin-bottom: 0cm; text-indent: 1.3cm;\">\n<span style=\"color: black;\"><span style=\"font-family: Book Antiqua, serif;\"><span style=\"font-size: x-large;\"><b>On<br \/>\nusiad\u0142, przywo\u0142a\u0142 Dwunastu i rzek\u0142 do nich: \u201eJe\u015bli kto chce<br \/>\nby\u0107 pierwszym, niech b\u0119dzie ostatnim ze wszystkich i s\u0142ug\u0105<br \/>\nwszystkich\u201d. Potem wzi\u0105\u0142 dziecko, postawi\u0142 je przed nimi i<br \/>\nobj\u0105wszy je ramionami, rzek\u0142 do nich: \u201eKto przyjmuje jedno z tych<br \/>\ndzieci w imi\u0119 moje, Mnie przyjmuje; a kto Mnie przyjmuje, nie<br \/>\nprzyjmuje Mnie, lecz Tego, kt\u00f3ry Mnie pos\u0142a\u0142\u201d.<\/b><\/span><\/span><\/span><\/div>\n<div align=\"justify\" style=\"line-height: 150%; margin-bottom: 0cm;\">\n<span style=\"font-size: x-large;\"><\/p>\n<p><\/span><\/div>\n<div align=\"justify\" style=\"background: transparent; font-style: normal; font-variant: normal; font-weight: normal; letter-spacing: normal; line-height: 150%; margin-bottom: 0cm; page-break-before: auto; text-indent: 1.3cm;\">\n<span style=\"font-size: x-large;\"><span style=\"color: black;\"><span style=\"font-family: Book Antiqua, serif;\">Oba<br \/>\ndzisiejsze czytania jasno i dobitnie akcentuj\u0105 t\u0119 prawd\u0119, \u017ce w<br \/>\n\u017cyciu cz\u0142owieka wierz\u0105cego, b\u0119d\u0105cego blisko Boga, <b>pojawi si\u0119<br \/>\ncierpienie i do\u015bwiadczenie.<\/b> M\u0119drzec Syracydes m\u00f3wi wprost:<br \/>\n<i><b>Synu, je\u017celi masz zamiar s\u0142u\u017cy\u0107 Panu, przygotuj sw\u0105 dusz\u0119<br \/>\nna do\u015bwiadczenie.<\/b><\/i> A potem \u2013 jakby wyja\u015bniaj\u0105c, czy mo\u017ce:<br \/>\nchc\u0105c uspokoi\u0107 nieco swoich czytelnik\u00f3w \u2013 stwierdza: <i><b>Zachowaj<br \/>\nspok\u00f3j serca i b\u0105d\u017a cierpliwy, a nie tra\u0107 r\u00f3wnowagi w czasie<br \/>\nutrapienia. Przylgnij do Niego, a nie odst\u0119puj, aby\u015b by\u0142<br \/>\nwywy\u017cszony w ostatnim twym dniu.<\/b><\/i><b> <\/b><\/span><\/span><br \/>\n<\/span><\/div>\n<div align=\"justify\" style=\"background: transparent; font-style: normal; font-variant: normal; font-weight: normal; letter-spacing: normal; line-height: 150%; margin-bottom: 0cm; text-indent: 1.3cm;\">\n<span style=\"font-size: x-large;\"><span style=\"color: black;\"><span style=\"font-family: Book Antiqua, serif;\">I<br \/>\nw tym duchu utrzymane jest ca\u0142e dzisiejsze czytanie, chocia\u017c w<br \/>\ndrugiej jego cz\u0119\u015bci przewag\u0119 zyskuje aspekt pozytywny. S\u0142yszymy<br \/>\nbowiem: <i><b>Kt\u00f3rzy boicie si\u0119 Pana, spodziewajcie si\u0119 dobra,<br \/>\nwiecznego wesela i zmi\u0142owania. <\/b><\/i><i><b>Popatrzcie na dawne<br \/>\npokolenia i zobaczcie: kt\u00f3\u017c zaufa\u0142 Panu, a zosta\u0142 zawstydzony?<br \/>\nAlbo kt\u00f3\u017c trwa\u0142 w boja\u017ani Pa\u0144skiej i by\u0142 opuszczony? Albo kt\u00f3\u017c<br \/>\nwzywa\u0142 Go, a On nim wzgardzi\u0142? <\/b><\/i><i><b>Dlatego \u017ce Pan jest<br \/>\nlito\u015bciwy i mi\u0142osierny, odpuszcza grzechy i zbawia w czasie<br \/>\nutrapienia.<\/b><\/i> <\/span><\/span><br \/>\n<\/span><\/div>\n<div align=\"justify\" style=\"background: transparent; font-style: normal; font-variant: normal; font-weight: normal; letter-spacing: normal; line-height: 150%; margin-bottom: 0cm; text-indent: 1.3cm;\">\n<span style=\"font-size: x-large;\"><span style=\"color: black;\"><span style=\"font-family: Book Antiqua, serif;\">Zatem,<br \/>\nprowadz\u0105c swoich uczni\u00f3w i czytelnik\u00f3w przez kolejne etapy<br \/>\nrefleksji nad tym trudnym zagadnieniem, starotestamentalny M\u0119drzec<br \/>\nwprowadza ich wszystkich \u2013 nas wszystkich \u2013 w <b>obszar nadziei i<br \/>\njakiego\u015b wielkiego sensu<\/b> i znaczenia tych do\u015bwiadcze\u0144, kt\u00f3re<br \/>\nich i nas spotyka\u0142y, spotykaj\u0105 i b\u0119d\u0105 spotyka\u0142y. One przynios\u0105<br \/>\nokre\u015blone dobro, <b>wielkie dobro; <\/b>one ukszta\u0142tuj\u0105 w nas <b>ludzi<br \/>\nna wysokim poziomie moralnym. <\/b>A i B\u00f3g nie zostawi nas samych w<br \/>\nich prze\u017cywaniu. <\/span><\/span><br \/>\n<\/span><\/div>\n<div align=\"justify\" style=\"background: transparent; font-style: normal; font-variant: normal; font-weight: normal; letter-spacing: normal; line-height: 150%; margin-bottom: 0cm; text-indent: 1.3cm;\">\n<span style=\"font-size: x-large;\"><span style=\"color: black;\"><span style=\"font-family: Book Antiqua, serif;\">Najpierw<br \/>\njednak \u2013 <b>trzeba je przyj\u0105\u0107.<\/b> Godnie i odwa\u017cnie, w duchu<br \/>\nzaufania do Boga, i\u017c skoro On dopuszcza na nas owe trudno\u015bci, to On<br \/>\n<b>naprawd\u0119 wie, co robi.<\/b> I w takim duchu trzeba nam odczyta\u0107<br \/>\nwydarzenie, opisane w dzisiejszej Ewangelii. <\/span><\/span><br \/>\n<\/span><\/div>\n<div align=\"justify\" style=\"background: transparent; font-style: normal; font-variant: normal; font-weight: normal; letter-spacing: normal; line-height: 150%; margin-bottom: 0cm; text-indent: 1.3cm;\">\n<span style=\"font-size: x-large;\"><span style=\"color: black;\"><span style=\"font-family: Book Antiqua, serif;\">Jezus<br \/>\nm\u00f3wi do swoich uczni\u00f3w: <i><b>Syn Cz\u0142owieczy b\u0119dzie wydany w r\u0119ce<br \/>\nludzi. Ci Go zabij\u0105, lecz zabity po trzech dniach<\/b><\/i><b><br \/>\n<\/b><i><b>zmartwychwstanie<\/b><\/i><b>. <\/b>Jaka by\u0142a ich reakcja?<br \/>\nS\u0142yszeli\u015bmy: <i><b>Oni<\/b><\/i><b> <\/b><b>[\u2026]<\/b><b> <\/b><i><b>nie<br \/>\nrozumieli tych s\u0142\u00f3w, a bali si\u0119 Go pyta\u0107.<\/b><\/i> Jednak w<br \/>\nkontek\u015bcie dalszej cz\u0119\u015bci ca\u0142ej rozmowy, nale\u017ca\u0142oby si\u0119<br \/>\nzastanowi\u0107, czy nie rozumieli, czy mo\u017ce mieli na tyle <b>umys\u0142y<br \/>\nzaprz\u0105tni\u0119te czym innym,<\/b> \u017ce nawet nie byli w stanie g\u0142\u0119biej<br \/>\nzastanowi\u0107 si\u0119 nad s\u0142owami Mistrza. A czym mieli te swoje my\u015bli<br \/>\nzaprz\u0105tni\u0119te? O to zreszt\u0105 zapyta\u0142 ich sam Jezus: <i><b>O czym to<br \/>\nrozprawiali\u015bcie w drodze?<\/b><\/i><b> <\/b>Co si\u0119 okaza\u0142o? <\/span><\/span><br \/>\n<\/span><\/div>\n<div align=\"justify\" style=\"background: transparent; font-style: normal; font-variant: normal; font-weight: normal; letter-spacing: normal; line-height: 150%; margin-bottom: 0cm; text-indent: 1.3cm;\">\n<span style=\"font-size: x-large;\"><span style=\"color: black;\"><span style=\"font-family: Book Antiqua, serif;\"><i><b>W<\/b><\/i><i><br \/>\n<\/i><i><b>drodze<\/b><\/i><b> [\u2026] <\/b><i><b>posprzeczali si\u0119 mi\u0119dzy<br \/>\nsob\u0105 o to, kto z nich jest najwi\u0119kszy.<\/b><\/i> Zobaczmy: Jezus m\u00f3wi<br \/>\no cierpieniu, kt\u00f3re we\u017amie na siebie \u2013 chocia\u017c naprawd\u0119 nie<br \/>\nmusi \u2013 aby dokona\u0107 zbawienia cz\u0142owieka; o cierpieniu, kt\u00f3re<br \/>\nzniesie za nich, a oni <b>k\u0142\u00f3c\u0105 si\u0119 mi\u0119dzy sob\u0105<\/b><b>, kto z<br \/>\nnich jest najwi\u0119kszy! <\/b>Czy widzimy to niesamowite zderzenie \u2013<br \/>\nmo\u017cna by rzec \u2013 dw\u00f3ch \u015bwiat\u00f3w? <\/span><\/span><br \/>\n<\/span><\/div>\n<div align=\"justify\" style=\"background: transparent; font-style: normal; font-variant: normal; font-weight: normal; letter-spacing: normal; line-height: 150%; margin-bottom: 0cm; text-indent: 1.3cm;\">\n<span style=\"color: black;\"><span style=\"font-family: Book Antiqua, serif;\"><span style=\"font-size: x-large;\">Oczywi\u015bcie,<br \/>\nmy ju\u017c dzisiaj wiemy, \u017ce <b>p\u00f3\u017aniej i oni dojrzeli do w\u0142a\u015bciwego<br \/>\npojmowania<\/b> ca\u0142ej sprawy, przygotowali swe dusze na<br \/>\ndo\u015bwiadczenia, znie\u015bli wiele cierpie\u0144 i ostatecznie \u017cycie swe<br \/>\noddali w spos\u00f3b m\u0119cze\u0144ski. Ale w tym momencie zupe\u0142nie jeszcze<br \/>\ntego nie rozumieli.<\/span><\/span><\/span><\/div>\n<div align=\"justify\" style=\"background: transparent; font-style: normal; font-variant: normal; font-weight: normal; letter-spacing: normal; line-height: 150%; margin-bottom: 0cm; text-indent: 1.3cm;\">\n<span style=\"font-size: x-large;\"><span style=\"color: black;\"><span style=\"font-family: Book Antiqua, serif;\">A<br \/>\nmy, moi Drodzy, <b>rozumiemy?<\/b> Jak podchodzimy do cierpie\u0144,<br \/>\ndo\u015bwiadcze\u0144 i trudno\u015bci, kt\u00f3re niesie \u017cycie? I nie w tym rzecz,<br \/>\n\u017ceby ich chcie\u0107, \u017ceby za nimi specjalnie t\u0119skni\u0107. Jak tu sobie<br \/>\nwielokrotnie podkre\u015blali\u015bmy, mamy prawo, a nawet powinni\u015bmy \u2013<br \/>\n<b>unika\u0107 trudno\u015bci, leczy\u0107 si\u0119 z chor\u00f3b i cierpie\u0144.<\/b> <\/span><\/span><br \/>\n<\/span><\/div>\n<div align=\"justify\" style=\"background: transparent; font-style: normal; font-variant: normal; font-weight: normal; letter-spacing: normal; line-height: 150%; margin-bottom: 0cm; text-indent: 1.3cm;\">\n<span style=\"font-size: x-large;\"><span style=\"color: black;\"><span style=\"font-family: Book Antiqua, serif;\">Ale<br \/>\nwiemy, \u017ce nie jeste\u015bmy w stanie wszystkiego unikn\u0105\u0107 i wszystkiego<br \/>\nwyleczy\u0107. Czy wtedy \u2013 <b>jeste\u015bmy w stanie to przyj\u0105\u0107?<\/b> I z<br \/>\nBogiem to prze\u017cywa\u0107? I Bogu ofiarowa\u0107 \u2013 w jakiej\u015b konkretnej<br \/>\nintencji? <\/span><\/span><br \/>\n<\/span><\/div>\n<div align=\"justify\" style=\"background: transparent; font-style: normal; font-variant: normal; font-weight: normal; letter-spacing: normal; line-height: 150%; margin-bottom: 0cm; text-indent: 1.3cm;\">\n<span style=\"color: black;\"><span style=\"font-family: Book Antiqua, serif;\"><span style=\"font-size: x-large;\">W\u0142a\u015bnie!<br \/>\nCzy potrafimy? <b>Czy ja, konkretnie, potrafi\u0119<\/b> \u2013 przyj\u0105\u0107 i<br \/>\nprze\u017cy\u0107 godnie, a <b>nie narzeka\u0107 i przeklina\u0107,<\/b> wiecznie<br \/>\nuskar\u017caj\u0105c si\u0119 na sw\u00f3j los? Na ile przekonuj\u0105 mnie s\u0142owa M\u0119drca<br \/>\nSyracydesa: <i><b>Przyjmij wszystko, co przyjdzie na ciebie, a w<br \/>\nzmiennych losach utrapie\u0144 b\u0105d\u017a wytrzyma\u0142y. Bo w ogniu do\u015bwiadcza<br \/>\nsi\u0119 z\u0142oto, a ludzi mi\u0142ych Bogu w piecu utrapienia?\u2026<\/b><\/i><\/span><\/span><\/span><\/div>\n","protected":false},"excerpt":{"rendered":"<p>Szcz\u0119\u015b\u0107 Bo\u017ce! Moi Drodzy, w dniu dzisiejszym imieniny prze\u017cywa m\u00f3j Wujek, Miros\u0142aw Oleszczuk, kt\u00f3remu nieustannie dzi\u0119kuj\u0119 za \u017cyczliwo\u015b\u0107 i dobre serce, ale tak\u017ce za g\u0142\u0119bokie i m\u0105dre przemy\u015blenia, jakimi nieraz dzieli si\u0119 ze mn\u0105 i kt\u00f3rymi mnie ubogaca. \u017bycz\u0119 Mu wci\u0105\u017c wzrastaj\u0105cego zapa\u0142u do dalszych g\u0142\u0119bokich poszukiwa\u0144 \u2013 i wszelkiego Bo\u017cego b\u0142ogos\u0142awie\u0144stwa w \u017cyciu rodzinnym, [&hellip;]<\/p>\n","protected":false},"author":1,"featured_media":0,"comment_status":"open","ping_status":"open","sticky":false,"template":"","format":"standard","meta":{"jetpack_post_was_ever_published":false,"_jetpack_newsletter_access":"","_jetpack_dont_email_post_to_subs":false,"_jetpack_newsletter_tier_id":0,"_jetpack_memberships_contains_paywalled_content":false,"_jetpack_memberships_contains_paid_content":false,"footnotes":""},"categories":[1],"tags":[],"class_list":["post-14680","post","type-post","status-publish","format-standard","hentry","category-bez-kategorii"],"yoast_head":"<!-- This site is optimized with the Yoast SEO plugin v25.1 - https:\/\/yoast.com\/wordpress\/plugins\/seo\/ -->\n<title>Przygotuj sw\u0105 dusz\u0119 na do\u015bwiadczenia! - Gaudium Et Spes<\/title>\n<meta name=\"robots\" content=\"index, follow, max-snippet:-1, max-image-preview:large, max-video-preview:-1\" \/>\n<link rel=\"canonical\" href=\"https:\/\/gaudiumetspes-blog.pl\/index.php\/2019\/02\/26\/przygotuj-swa-dusze-na-doswiadczenia\/\" \/>\n<meta property=\"og:locale\" content=\"pl_PL\" \/>\n<meta property=\"og:type\" content=\"article\" \/>\n<meta property=\"og:title\" content=\"Przygotuj sw\u0105 dusz\u0119 na do\u015bwiadczenia! - Gaudium Et Spes\" \/>\n<meta property=\"og:description\" content=\"Szcz\u0119\u015b\u0107 Bo\u017ce! Moi Drodzy, w dniu dzisiejszym imieniny prze\u017cywa m\u00f3j Wujek, Miros\u0142aw Oleszczuk, kt\u00f3remu nieustannie dzi\u0119kuj\u0119 za \u017cyczliwo\u015b\u0107 i dobre serce, ale tak\u017ce za g\u0142\u0119bokie i m\u0105dre przemy\u015blenia, jakimi nieraz dzieli si\u0119 ze mn\u0105 i kt\u00f3rymi mnie ubogaca. \u017bycz\u0119 Mu wci\u0105\u017c wzrastaj\u0105cego zapa\u0142u do dalszych g\u0142\u0119bokich poszukiwa\u0144 \u2013 i wszelkiego Bo\u017cego b\u0142ogos\u0142awie\u0144stwa w \u017cyciu rodzinnym, [&hellip;]\" \/>\n<meta property=\"og:url\" content=\"https:\/\/gaudiumetspes-blog.pl\/index.php\/2019\/02\/26\/przygotuj-swa-dusze-na-doswiadczenia\/\" \/>\n<meta property=\"og:site_name\" content=\"Gaudium Et Spes\" \/>\n<meta property=\"article:published_time\" content=\"2019-02-26T04:36:00+00:00\" \/>\n<meta property=\"article:modified_time\" content=\"2019-07-31T11:00:10+00:00\" \/>\n<meta name=\"author\" content=\"Ks. Jacek\" \/>\n<meta name=\"twitter:card\" content=\"summary_large_image\" \/>\n<meta name=\"twitter:label1\" content=\"Napisane przez\" \/>\n\t<meta name=\"twitter:data1\" content=\"Ks. Jacek\" \/>\n\t<meta name=\"twitter:label2\" content=\"Szacowany czas czytania\" \/>\n\t<meta name=\"twitter:data2\" content=\"6 minut\" \/>\n<script type=\"application\/ld+json\" class=\"yoast-schema-graph\">{\"@context\":\"https:\/\/schema.org\",\"@graph\":[{\"@type\":\"WebPage\",\"@id\":\"https:\/\/gaudiumetspes-blog.pl\/index.php\/2019\/02\/26\/przygotuj-swa-dusze-na-doswiadczenia\/\",\"url\":\"https:\/\/gaudiumetspes-blog.pl\/index.php\/2019\/02\/26\/przygotuj-swa-dusze-na-doswiadczenia\/\",\"name\":\"Przygotuj sw\u0105 dusz\u0119 na do\u015bwiadczenia! - Gaudium Et Spes\",\"isPartOf\":{\"@id\":\"https:\/\/gaudiumetspes-blog.pl\/#website\"},\"datePublished\":\"2019-02-26T04:36:00+00:00\",\"dateModified\":\"2019-07-31T11:00:10+00:00\",\"author\":{\"@id\":\"https:\/\/gaudiumetspes-blog.pl\/#\/schema\/person\/1661982992b752dea8dff0d4ed845a65\"},\"breadcrumb\":{\"@id\":\"https:\/\/gaudiumetspes-blog.pl\/index.php\/2019\/02\/26\/przygotuj-swa-dusze-na-doswiadczenia\/#breadcrumb\"},\"inLanguage\":\"pl-PL\",\"potentialAction\":[{\"@type\":\"ReadAction\",\"target\":[\"https:\/\/gaudiumetspes-blog.pl\/index.php\/2019\/02\/26\/przygotuj-swa-dusze-na-doswiadczenia\/\"]}]},{\"@type\":\"BreadcrumbList\",\"@id\":\"https:\/\/gaudiumetspes-blog.pl\/index.php\/2019\/02\/26\/przygotuj-swa-dusze-na-doswiadczenia\/#breadcrumb\",\"itemListElement\":[{\"@type\":\"ListItem\",\"position\":1,\"name\":\"Strona g\u0142\u00f3wna\",\"item\":\"https:\/\/gaudiumetspes-blog.pl\/\"},{\"@type\":\"ListItem\",\"position\":2,\"name\":\"Przygotuj sw\u0105 dusz\u0119 na&nbsp;do\u015bwiadczenia!\"}]},{\"@type\":\"WebSite\",\"@id\":\"https:\/\/gaudiumetspes-blog.pl\/#website\",\"url\":\"https:\/\/gaudiumetspes-blog.pl\/\",\"name\":\"Gaudium Et Spes\",\"description\":\"Blog Ks. Jacka Ja\u015bkowskiego\",\"potentialAction\":[{\"@type\":\"SearchAction\",\"target\":{\"@type\":\"EntryPoint\",\"urlTemplate\":\"https:\/\/gaudiumetspes-blog.pl\/?s={search_term_string}\"},\"query-input\":{\"@type\":\"PropertyValueSpecification\",\"valueRequired\":true,\"valueName\":\"search_term_string\"}}],\"inLanguage\":\"pl-PL\"},{\"@type\":\"Person\",\"@id\":\"https:\/\/gaudiumetspes-blog.pl\/#\/schema\/person\/1661982992b752dea8dff0d4ed845a65\",\"name\":\"Ks. Jacek\",\"image\":{\"@type\":\"ImageObject\",\"inLanguage\":\"pl-PL\",\"@id\":\"https:\/\/gaudiumetspes-blog.pl\/#\/schema\/person\/image\/\",\"url\":\"https:\/\/gaudiumetspes-blog.pl\/wp-content\/uploads\/2019\/07\/avatar-JJ-150x150.jpg\",\"contentUrl\":\"https:\/\/gaudiumetspes-blog.pl\/wp-content\/uploads\/2019\/07\/avatar-JJ-150x150.jpg\",\"caption\":\"Ks. Jacek\"},\"description\":\"Witam serdecznie! K\u0142ania si\u0119 Ks. Jacek Ja\u015bkowski. Nie jestem ani kim\u015b wa\u017cnym, ani kim\u015b znanym. Jestem ksi\u0119dzem, kt\u00f3ry po prostu chce rozmawia\u0107. Codzienna kap\u0142a\u0144ska pos\u0142uga pokazuje mi, \u017ce temat\u00f3w do rozm\u00f3w z ksi\u0119dzem jest coraz wi\u0119cej i dzisiaj \u017caden ksi\u0105dz nie mo\u017ce od nich ucieka\u0107, ale - wprost przeciwnie - podejmowa\u0107 nowe wyzwania. To przekonanie sk\u0142oni\u0142o mnie do pr\u00f3by otwarcia tego\u017c bloga, chocia\u017c okazji do rozm\u00f3w na co dzie\u0144 - w konfesjonale i poza nim - na szcz\u0119\u015bcie nie brakuje. My\u015bl\u0119 jednak, \u017ce ten blog b\u0119dzie jeszcze jednym sposobem i przestrzeni\u0105 nawi\u0105zania kontaktu z lud\u017ami dobrej woli, otwartymi na dialog.\",\"url\":\"https:\/\/gaudiumetspes-blog.pl\/index.php\/author\/ks-jacek\/\"}]}<\/script>\n<!-- \/ Yoast SEO plugin. -->","yoast_head_json":{"title":"Przygotuj sw\u0105 dusz\u0119 na do\u015bwiadczenia! - Gaudium Et Spes","robots":{"index":"index","follow":"follow","max-snippet":"max-snippet:-1","max-image-preview":"max-image-preview:large","max-video-preview":"max-video-preview:-1"},"canonical":"https:\/\/gaudiumetspes-blog.pl\/index.php\/2019\/02\/26\/przygotuj-swa-dusze-na-doswiadczenia\/","og_locale":"pl_PL","og_type":"article","og_title":"Przygotuj sw\u0105 dusz\u0119 na do\u015bwiadczenia! - Gaudium Et Spes","og_description":"Szcz\u0119\u015b\u0107 Bo\u017ce! Moi Drodzy, w dniu dzisiejszym imieniny prze\u017cywa m\u00f3j Wujek, Miros\u0142aw Oleszczuk, kt\u00f3remu nieustannie dzi\u0119kuj\u0119 za \u017cyczliwo\u015b\u0107 i dobre serce, ale tak\u017ce za g\u0142\u0119bokie i m\u0105dre przemy\u015blenia, jakimi nieraz dzieli si\u0119 ze mn\u0105 i kt\u00f3rymi mnie ubogaca. \u017bycz\u0119 Mu wci\u0105\u017c wzrastaj\u0105cego zapa\u0142u do dalszych g\u0142\u0119bokich poszukiwa\u0144 \u2013 i wszelkiego Bo\u017cego b\u0142ogos\u0142awie\u0144stwa w \u017cyciu rodzinnym, [&hellip;]","og_url":"https:\/\/gaudiumetspes-blog.pl\/index.php\/2019\/02\/26\/przygotuj-swa-dusze-na-doswiadczenia\/","og_site_name":"Gaudium Et Spes","article_published_time":"2019-02-26T04:36:00+00:00","article_modified_time":"2019-07-31T11:00:10+00:00","author":"Ks. Jacek","twitter_card":"summary_large_image","twitter_misc":{"Napisane przez":"Ks. Jacek","Szacowany czas czytania":"6 minut"},"schema":{"@context":"https:\/\/schema.org","@graph":[{"@type":"WebPage","@id":"https:\/\/gaudiumetspes-blog.pl\/index.php\/2019\/02\/26\/przygotuj-swa-dusze-na-doswiadczenia\/","url":"https:\/\/gaudiumetspes-blog.pl\/index.php\/2019\/02\/26\/przygotuj-swa-dusze-na-doswiadczenia\/","name":"Przygotuj sw\u0105 dusz\u0119 na do\u015bwiadczenia! - Gaudium Et Spes","isPartOf":{"@id":"https:\/\/gaudiumetspes-blog.pl\/#website"},"datePublished":"2019-02-26T04:36:00+00:00","dateModified":"2019-07-31T11:00:10+00:00","author":{"@id":"https:\/\/gaudiumetspes-blog.pl\/#\/schema\/person\/1661982992b752dea8dff0d4ed845a65"},"breadcrumb":{"@id":"https:\/\/gaudiumetspes-blog.pl\/index.php\/2019\/02\/26\/przygotuj-swa-dusze-na-doswiadczenia\/#breadcrumb"},"inLanguage":"pl-PL","potentialAction":[{"@type":"ReadAction","target":["https:\/\/gaudiumetspes-blog.pl\/index.php\/2019\/02\/26\/przygotuj-swa-dusze-na-doswiadczenia\/"]}]},{"@type":"BreadcrumbList","@id":"https:\/\/gaudiumetspes-blog.pl\/index.php\/2019\/02\/26\/przygotuj-swa-dusze-na-doswiadczenia\/#breadcrumb","itemListElement":[{"@type":"ListItem","position":1,"name":"Strona g\u0142\u00f3wna","item":"https:\/\/gaudiumetspes-blog.pl\/"},{"@type":"ListItem","position":2,"name":"Przygotuj sw\u0105 dusz\u0119 na&nbsp;do\u015bwiadczenia!"}]},{"@type":"WebSite","@id":"https:\/\/gaudiumetspes-blog.pl\/#website","url":"https:\/\/gaudiumetspes-blog.pl\/","name":"Gaudium Et Spes","description":"Blog Ks. Jacka Ja\u015bkowskiego","potentialAction":[{"@type":"SearchAction","target":{"@type":"EntryPoint","urlTemplate":"https:\/\/gaudiumetspes-blog.pl\/?s={search_term_string}"},"query-input":{"@type":"PropertyValueSpecification","valueRequired":true,"valueName":"search_term_string"}}],"inLanguage":"pl-PL"},{"@type":"Person","@id":"https:\/\/gaudiumetspes-blog.pl\/#\/schema\/person\/1661982992b752dea8dff0d4ed845a65","name":"Ks. Jacek","image":{"@type":"ImageObject","inLanguage":"pl-PL","@id":"https:\/\/gaudiumetspes-blog.pl\/#\/schema\/person\/image\/","url":"https:\/\/gaudiumetspes-blog.pl\/wp-content\/uploads\/2019\/07\/avatar-JJ-150x150.jpg","contentUrl":"https:\/\/gaudiumetspes-blog.pl\/wp-content\/uploads\/2019\/07\/avatar-JJ-150x150.jpg","caption":"Ks. Jacek"},"description":"Witam serdecznie! K\u0142ania si\u0119 Ks. Jacek Ja\u015bkowski. Nie jestem ani kim\u015b wa\u017cnym, ani kim\u015b znanym. Jestem ksi\u0119dzem, kt\u00f3ry po prostu chce rozmawia\u0107. Codzienna kap\u0142a\u0144ska pos\u0142uga pokazuje mi, \u017ce temat\u00f3w do rozm\u00f3w z ksi\u0119dzem jest coraz wi\u0119cej i dzisiaj \u017caden ksi\u0105dz nie mo\u017ce od nich ucieka\u0107, ale - wprost przeciwnie - podejmowa\u0107 nowe wyzwania. To przekonanie sk\u0142oni\u0142o mnie do pr\u00f3by otwarcia tego\u017c bloga, chocia\u017c okazji do rozm\u00f3w na co dzie\u0144 - w konfesjonale i poza nim - na szcz\u0119\u015bcie nie brakuje. My\u015bl\u0119 jednak, \u017ce ten blog b\u0119dzie jeszcze jednym sposobem i przestrzeni\u0105 nawi\u0105zania kontaktu z lud\u017ami dobrej woli, otwartymi na dialog.","url":"https:\/\/gaudiumetspes-blog.pl\/index.php\/author\/ks-jacek\/"}]}},"jetpack_featured_media_url":"","jetpack_sharing_enabled":true,"_links":{"self":[{"href":"https:\/\/gaudiumetspes-blog.pl\/index.php\/wp-json\/wp\/v2\/posts\/14680","targetHints":{"allow":["GET"]}}],"collection":[{"href":"https:\/\/gaudiumetspes-blog.pl\/index.php\/wp-json\/wp\/v2\/posts"}],"about":[{"href":"https:\/\/gaudiumetspes-blog.pl\/index.php\/wp-json\/wp\/v2\/types\/post"}],"author":[{"embeddable":true,"href":"https:\/\/gaudiumetspes-blog.pl\/index.php\/wp-json\/wp\/v2\/users\/1"}],"replies":[{"embeddable":true,"href":"https:\/\/gaudiumetspes-blog.pl\/index.php\/wp-json\/wp\/v2\/comments?post=14680"}],"version-history":[{"count":1,"href":"https:\/\/gaudiumetspes-blog.pl\/index.php\/wp-json\/wp\/v2\/posts\/14680\/revisions"}],"predecessor-version":[{"id":14981,"href":"https:\/\/gaudiumetspes-blog.pl\/index.php\/wp-json\/wp\/v2\/posts\/14680\/revisions\/14981"}],"wp:attachment":[{"href":"https:\/\/gaudiumetspes-blog.pl\/index.php\/wp-json\/wp\/v2\/media?parent=14680"}],"wp:term":[{"taxonomy":"category","embeddable":true,"href":"https:\/\/gaudiumetspes-blog.pl\/index.php\/wp-json\/wp\/v2\/categories?post=14680"},{"taxonomy":"post_tag","embeddable":true,"href":"https:\/\/gaudiumetspes-blog.pl\/index.php\/wp-json\/wp\/v2\/tags?post=14680"}],"curies":[{"name":"wp","href":"https:\/\/api.w.org\/{rel}","templated":true}]}}