{"id":14685,"date":"2019-02-21T08:15:00","date_gmt":"2019-02-21T07:15:00","guid":{"rendered":"https:\/\/gaudiumetspes-blog.pl\/index.php\/2019\/02\/21\/my-jestesmy-sabi-ale-pan-bog-jest-silny\/"},"modified":"2019-07-31T13:00:09","modified_gmt":"2019-07-31T11:00:09","slug":"my-jestesmy-sabi-ale-pan-bog-jest-silny","status":"publish","type":"post","link":"https:\/\/gaudiumetspes-blog.pl\/index.php\/2019\/02\/21\/my-jestesmy-sabi-ale-pan-bog-jest-silny\/","title":{"rendered":"My jeste\u015bmy s\u0142abi, ale Pan B\u00f3g jest silny"},"content":{"rendered":"<div class=\"separator\" style=\"clear: both; text-align: center;\">\n<a href=\"https:\/\/gaudiumetspes-blog.pl\/wp-content\/uploads\/2019\/02\/DSC_0545-1024x680.jpg\" imageanchor=\"1\" style=\"clear: right; float: right; margin-bottom: 1em; margin-left: 1em;\"><img loading=\"lazy\" decoding=\"async\" border=\"0\" data-original-height=\"1063\" data-original-width=\"1600\" height=\"212\" src=\"https:\/\/gaudiumetspes-blog.pl\/wp-content\/uploads\/2019\/02\/DSC_0545-1024x680.jpg\" width=\"320\" \/><\/a><\/div>\n<p>\n<b><i>(Rdz 9, 1-13) <br \/>B\u00f3g pob\u0142ogos\u0142awi\u0142 Noego i jego syn\u00f3w, m\u00f3wi\u0105c do nich: &#8222;B\u0105d\u017acie p\u0142odni i mn\u00f3\u017ccie si\u0119, aby\u015bcie zaludnili ziemi\u0119. Wszelkie za\u015b zwierz\u0119 na ziemi i wszelkie ptactwo podniebne niechaj si\u0119 was boi i l\u0119ka. Wszystko, co si\u0119 porusza na ziemi, i wszystkie ryby morskie zosta\u0142y oddane wam we w\u0142adanie. Wszystko, co si\u0119 porusza i \u017cyje, jest przeznaczone dla was na pokarm, tak jak ro\u015bliny zielone, daj\u0119 wam wszystko. Nie wolno wam tylko je\u015b\u0107 mi\u0119sa z krwi\u0105 \u017cycia. Upomn\u0119 si\u0119 o wasz\u0105 krew przez wzgl\u0105d na wasze \u017cycie \u2013 upomn\u0119 si\u0119 o ni\u0105 u ka\u017cdego zwierz\u0119cia. Upomn\u0119 si\u0119 te\u017c u cz\u0142owieka o \u017cycie cz\u0142owieka i u ka\u017cdego \u2013 o \u017cycie brata. Je\u015bli kto\u015b przeleje krew ludzk\u0105, przez ludzi ma by\u0107 przelana krew jego, bo cz\u0142owiek zosta\u0142 stworzony na obraz Boga. Wy za\u015b b\u0105d\u017acie p\u0142odni i mn\u00f3\u017ccie si\u0119; zaludniajcie ziemi\u0119 i miejcie nad ni\u0105 w\u0142adz\u0119&#8221;. Potem B\u00f3g tak rzek\u0142 do Noego i do jego syn\u00f3w: &#8222;Oto Ja zawieram przymierze z wami i z waszym potomstwem, kt\u00f3re po was b\u0119dzie; z wszelk\u0105 istot\u0105 \u017cyw\u0105, kt\u00f3ra jest z wami: z ptactwem, ze zwierz\u0119tami domowymi i polnymi, jakie s\u0105 przy was, ze wszystkimi, kt\u00f3re wysz\u0142y z arki, z wszelkim zwierz\u0119ciem na ziemi. Zawieram z wami przymierze, tak i\u017c nigdy ju\u017c nie zostanie zg\u0142adzona wodami potopu \u017cadna istota \u017cywa i ju\u017c nigdy nie b\u0119dzie potopu niszcz\u0105cego ziemi\u0119&#8221;. Po czym B\u00f3g doda\u0142: &#8222;A to jest znak przymierza, kt\u00f3re Ja zawieram z wami i ka\u017cd\u0105 istot\u0105 \u017cyw\u0105, jaka jest z wami, na wieczne czasy: \u0141uk m\u00f3j k\u0142ad\u0119 na ob\u0142oki, aby by\u0142 znakiem przymierza mi\u0119dzy Mn\u0105 a ziemi\u0105\u201d.<\/p>\n<p>(Mk 8, 27-33) <br \/>Jezus uda\u0142 si\u0119 ze swoimi uczniami do wiosek pod Cezare\u0105 Filipow\u0105. W drodze pyta\u0142 uczni\u00f3w: &#8222;Za kogo uwa\u017caj\u0105 Mnie ludzie?&#8221; Oni Mu odpowiedzieli: &#8222;Za Jana Chrzciciela, inni za Eliasza, jeszcze inni za jednego z prorok\u00f3w&#8221;. On ich zapyta\u0142: &#8222;A wy za kogo Mnie uwa\u017cacie?&#8221; Odpowiedzia\u0142 Mu Piotr: &#8222;Ty jeste\u015b Mesjasz&#8221;. Wtedy surowo im przykaza\u0142, \u017ceby nikomu o Nim nie m\u00f3wili. I zacz\u0105\u0142 ich poucza\u0107, \u017ce Syn Cz\u0142owieczy wiele musi wycierpie\u0107, \u017ce b\u0119dzie odrzucony przez starszych, arcykap\u0142an\u00f3w i uczonych w Pi\u015bmie; \u017ce zostanie zabity, ale po trzech dniach zmartwychwstanie. A m\u00f3wi\u0142 zupe\u0142nie otwarcie te s\u0142owa. Wtedy Piotr wzi\u0105\u0142 Go na bok i zacz\u0105\u0142 Go upomina\u0107. Lecz On obr\u00f3ci\u0142 si\u0119 i patrz\u0105c na swych uczni\u00f3w, zgromi\u0142 Piotra s\u0142owami: &#8222;Zejd\u017a Mi z oczu, szatanie, bo nie my\u015blisz po Bo\u017cemu, lecz po ludzku\u201d.<\/i><\/b><\/p>\n<p><b>Niech b\u0119dzie pochwalony Jezus Chrystus!<\/b><\/p>\n<p>Pozdrawiam Was serdecznie z Syberii, z Surgutu.<\/p>\n<p>Dzi\u015b u nas \u0142adnie i s\u0142onecznie i mr\u00f3z niedu\u017cy, tylko &#8211; 15. <\/p>\n<p>A co dzi\u015b w s\u0142owie. <\/p>\n<p>Kontynuujemy nasz\u0105 lektur\u0119 Ksi\u0119gi Rodzaju, pi\u0119kne teksty, daj\u0105ce nam wiele my\u015bli. Dzi\u015b widzimy \u015bwiat po Potopie, \u015bwiat czysty, wymyty, pi\u0119kne s\u0142o\u0144ce, kt\u00f3re wyzwala t\u0119cz\u0119. Trudno nam wyobrazi\u0107 sobie ten nowy \u015bwiat, obmyty ze z\u0142a i grzechu, chcia\u0142o by si\u0119 zobaczy\u0107 taki \u015bwiat\u2026 <\/p>\n<p>Noe, jak wczoraj s\u0142yszeli\u015bmy, pierwszym co uczyni\u0142 po wyj\u015bciu na ziemi\u0119, to odda\u0142 chwa\u0142\u0119 Bogu, zbudowa\u0142 o\u0142tarz i z\u0142o\u017cy\u0142 ofiar\u0119. Pierwsze co zrobi\u0142 cz\u0142owiek, gdy po obmyciu ziemi postawi\u0142 swoj\u0105 stop\u0119 na ziemi, to odda\u0142 chwa\u0142\u0119 Bogu. <\/p>\n<p>Dzi\u015b widzimy dalej &#8211; B\u00f3g wkracza w \u017cycie ludzi, tych ocala\u0142ych z potopu, i zawiera z nimi przymierze. To przymierze jest w rzeczywisto\u015bci mn\u00f3stwem obietnic i wyrazem wielkiego zaufania Boga do cz\u0142owieka. Optymista B\u00f3g ma nadziej\u0119, \u017ce cz\u0142owiek tym razem, m\u0105drze wykorzysta \u00f3w dar i teraz ju\u017c \u015bwiat b\u0119dzie lepszy. B\u00f3g kolejny raz ryzykuje i oddaje \u015bwiat w r\u0119ce cz\u0142owieka. B\u00f3g daje szans\u0119, B\u00f3g zaufa\u0142 cz\u0142owiekowi. <\/p>\n<p>My \u017cyjemy po Potopie. Jak odpowiadamy na to Bo\u017ce przymierze? <br \/>\n<a name='more'><\/a><br \/>\nWarto zauwa\u017cy\u0107, \u017ce w tym zawieranym przymierzu nie ma s\u0142\u00f3w cz\u0142owieka &#8211; to B\u00f3g zawiera przymierze z lud\u017ami. Jednak tam nie jest powiedziane jak cz\u0142owiek odpowiada. Przymierze to uk\u0142ad dw\u00f3ch stron. Odpowied\u017a cz\u0142owieka, to odpowied\u017a ka\u017cdego z nas. Co zrobimy? B\u00f3g mi zaufa\u0142, tak wiele mi powierzy\u0142, tak wiele w\u0142o\u017cy\u0142 w moje r\u0119ce, daje mi zupe\u0142n\u0105 swobod\u0119 pos\u0142ugiwania si\u0119 tym \u015bwiatem &#8211; jak mu odpowiadam? <\/p>\n<p>W tym przymierzu s\u0142yszymy tylko jedno wymaganie Boga, ale za to bardzo mocne:<\/p>\n<p>\u201eUpomn\u0119 si\u0119 o wasz\u0105 krew przez wzgl\u0105d na wasze \u017cycie \u2013 upomn\u0119 si\u0119 o ni\u0105 u ka\u017cdego zwierz\u0119cia. Upomn\u0119 si\u0119 te\u017c u cz\u0142owieka o \u017cycie cz\u0142owieka i u ka\u017cdego \u2013 o \u017cycie brata. Je\u015bli kto\u015b przeleje krew ludzk\u0105, przez ludzi ma by\u0107 przelana krew jego, bo cz\u0142owiek zosta\u0142 stworzony na obraz Boga\u201d.<\/p>\n<p>B\u00f3g staje w obronie ka\u017cdego cz\u0142owieka, jego \u017cycia &#8211; upomn\u0119 si\u0119 o \u017cycie cz\u0142owieka. <\/p>\n<div class=\"separator\" style=\"clear: both; text-align: center;\">\n<\/div>\n<p>Pami\u0119tamy kilka dni temu, jak Pan B\u00f3g upomnia\u0142 si\u0119 o\u017cycie Abla, ale i Kainowi obiecuje, \u017ce je\u015bli kto\u015b go skrzywdzi, sam ucierpi siedmiokrotnie. B\u00f3g stoi po stronie \u017cycia, B\u00f3g stoi po stronie cz\u0142owieka. My\u015bl\u0119, \u017ce ten fragment powinien by\u0107 cz\u0119sto przytaczany w rozmowie przeciw aborcji. <\/p>\n<p>W Ewangelii r\u00f3wnie\u017c pi\u0119kny obraz. Spr\u00f3bujmy sobie wyobrazi\u0107 ow\u0105 drog\u0119 do wiosek pod Cezare\u0105 Filipow\u0105. Kto tam by\u0142, mo\u017ce sobie wyobrazi\u0107 pi\u0119kno tych ziem, a jeszcze dwa tysi\u0105ce lat temu, kiedy \u015bwiat odnowiony potopem nie by\u0142 jeszcze na tyle zniszczony jak dzi\u015b, pi\u0119kne drogi, pola, s\u0142o\u0144ce. Idzie sobie drog\u0105 grypa ewangelizacyjna i rozmawiaj\u0105 sobie spokojnie. Jezus postanawia wykorzysta\u0107 ow\u0105 spokojn\u0105 atmosfer\u0119 i pyta &#8211; za kogo ludzie Mnie uwa\u017caj\u0105? Aposto\u0142owie opowiadaj\u0105 co s\u0142yszeli od ludzi, jakie g\u0142osy chodz\u0105. Potem nast\u0119pne pytanie &#8211; a wy za kogo Mnie uwa\u017cacie? I pi\u0119kna, g\u0142\u0119boka odpowied\u017a Piotra. <\/p>\n<p>Atmosfera opr\u00f3cz spokojnej i jak gdyby sielskiej, beztroskiej, staje si\u0119 dosy\u0107 podnios\u0142\u0105. Jest jakie\u015b duchowe uniesienie, to jakby spotkanie uwielbienia. Jezus jest zachwycony dojrza\u0142o\u015bci\u0105 swoich uczni\u00f3w. Postanawia wi\u0119c wykorzysta\u0107 ten moment, czuje zrozumienie uczni\u00f3w, ich duchow\u0105 blisko\u015b\u0107, wi\u0119c dzieli si\u0119 z nimi tym co prze\u017cywa. Owszem, objawia im, przygotowuje ich, ale te\u017c jako cz\u0142owiek, znaj\u0105c co Go czeka, prze\u017cywa. Dzieli si\u0119 z nimi, otwiera przed nimi serce. <\/p>\n<p>Piotr w dobrej wierze chce go podtrzyma\u0107 &#8211; wzi\u0105\u0142 Go na bok i zacz\u0105\u0142 go upomina\u0107. <\/p>\n<p>I wtedy s\u0142yszy te mocne s\u0142owa &#8211; \u201eZejd\u017a Mi z oczu, szatanie, bo nie my\u015blisz po Bo\u017cemu, lecz po ludzku\u201d. <\/p>\n<p>Czemu Jezus tak m\u00f3wi? <\/p>\n<p>W upomnieniu Piotra Jezus s\u0142yszy pokus\u0119 z\u0142ego ducha, by uciec od krzy\u017ca, by nie zbawi\u0107 \u015bwiata. Jezus jako cz\u0142owiek prze\u017cywa, boi si\u0119, i w tych s\u0142owach s\u0142yszy pokus\u0119 w t\u0119 stron\u0119 &#8211; nie m\u0119cz si\u0119, zostaw to, b\u0119dzie dobrze\u2026<\/p>\n<p>Reakcja Jezusa to natychmiastowa reakcja na pokus\u0119 &#8211; radykalnie, zdecydowanie, konkretnie. Zejd\u017a mi z oczu szatanie. <\/p>\n<p>To tak\u017ce przyk\u0142ad i dla nas &#8211; zejd\u017a mi z oczu szatanie. Je\u015bli czujemy, \u017ce gdzie\u015b z\u0142y duch zaczyna nas kusi\u0107, \u017ce zaraz mo\u017ce by\u0107 co\u015b z\u0142ego, trzeba by natychmiast, jak Jezus odpowiedzie\u0107 &#8211; zejd\u017a mi z oczu szatanie. <\/p>\n<p>Ciekaw\u0105 my\u015bl m\u00f3wi dzi\u015b te\u017c o. Adam w Chlebaku (je\u015bli kto\u015b s\u0142ucha). Jak niewiele potrzeba, by od wielkiej mistyki przej\u015b\u0107 do ci\u0119\u017ckiego grzechu. <\/p>\n<p>Ciekawa jest natura cz\u0142owieka, jak szybko od wielkiego uniesienia modlitewnego i uwielbienia Pana Boga mo\u017cna przej\u015b\u0107 do np. jakiej\u015b k\u0142\u00f3tni, podenerwowania. Jak szybko od wielkiej m\u0105dro\u015bci, mo\u017cna przej\u015b\u0107 do zrobienia jakiej\u015b strasznej g\u0142upoty. Zadziwiaj\u0105ca jest ta natura ludzka, czasem sami siebie mo\u017cemy zadziwi\u0107, zaskoczy\u0107. <\/p>\n<p>To samo widzimy patrz\u0105c na \u015bwiat po Potopie. To mo\u017ce nie tak szybko, ale jak mo\u017cna  zepsu\u0107 ten \u015bwiat, jak mo\u017cna zawie\u015b\u0107 Bo\u017ce zaufanie, jak mo\u017cna \u017ale wykorzysta\u0107 dar wolno\u015bci. <\/p>\n<p>Szybko Piotr przechodzi od wielkiego i m\u0105drego dialogu z Jezusem i \u015bwiadectwa wiary, do g\u0142upiego zachowania, przez kt\u00f3re pokazuje, \u017ce nic nie rozumie. Szybko przechodzi od zachowania i s\u0142\u00f3w godnych najwy\u017cszej pochwa\u0142y do ostrej nagany. Jednak to nie Piotr, to my, to ja\u2026 <\/p>\n<p>Upadek z wysoko\u015bci bardziej boli. Nasze wchodzenie na wy\u017cyny duchowo\u015bci, modlitwy mocno niepokoi z\u0142ego ducha. On zaczyna si\u0119 z\u0142o\u015bci\u0107 i pr\u00f3buje nas zepchn\u0105\u0107, skusi\u0107, o\u015bmieszy\u0107, i cz\u0119sto niestety mu si\u0119 to udaje. <\/p>\n<p>Co robi\u0107? <\/p>\n<p>Po pierwsze modli\u0107 si\u0119. My jeste\u015bmy s\u0142abi, ale Pan B\u00f3g jest silny. Pro\u015bmy i w tym rozmy\u015blaniu, w tej modlitwie o tak\u0105 si\u0142\u0119, o \u0142ask\u0119 uprzedzaj\u0105c\u0105, by\u015bmy nie wpadali w takie zasadzki z\u0142ego ducha. Panie daj nam si\u0142y, chro\u0144 nas od g\u0142upiego upadku, od \u0142atwego poddawania si\u0119 pokusom z\u0142ego ducha. <\/p>\n<p>Po drugie, to co pokazuje nam Jezus &#8211; zejd\u017a mi z oczu szatanie, natychmiastowa, zdecydowana reakcja na najmniejsz\u0105 pokus\u0119, na pocz\u0105tek pokusy, na pierwsz\u0105 my\u015bl. <\/p>\n<p>Spr\u00f3bujmy dzi\u015b tak si\u0119 modli\u0107 i tak walczy\u0107. <\/p>\n<p>A co na Syberii?<\/p>\n<p>Za chwil\u0119 jedziemy do Nojabrska, dzi\u015b i jutro tam, jutro wracamy. A w poniedzia\u0142ek lecimy do Nowosybirska na spotkanie diecezjalnego Duszpasterstwa Rodzin. Troch\u0119 ma by\u0107 roboczo, troch\u0119 rekreacyjnie, prawie ca\u0142y tydzie\u0144 tam &#8211; Nowosybirsk, Kiemierowo i kilka innych miejsc, dlatego prosi\u0142bym Ksi\u0119dza Jacka i Was o zwolnienie mnie w nast\u0119pnym tygodniu ze s\u0142\u00f3wka, bo w tamtych warunkach mo\u017ce by\u0107 trudno. Potem odrobi\u0119. <\/p>\n<p>Niedawno, kilka dni temu pr\u00f3bowali\u015bmy zrobi\u0107 spotkanie m\u0142odzie\u017cy. Ma\u0142o takiej aktywnej m\u0142odzie\u017cy mamy w Surgucie. Jednak s\u0105 tacy ludzie, kt\u00f3rzy lubi\u0105 przychodzi\u0107 do nas, cho\u0107 sami jeszcze nie mog\u0105 powiedzie\u0107, \u017ce s\u0105 na pewno wierz\u0105cymi. Ciekawe jest, \u017ce owa m\u0142odzie\u017c, ludzie, kt\u00f3rzy sami niedawno przyszli do Ko\u015bcio\u0142a, przyprowadzili ze sob\u0105 swoich znajomych. Ciekawa by\u0142a rozmowa z jedn\u0105 dziewczyn\u0105, studentk\u0105, bardzo spokojn\u0105 i kulturaln\u0105, kt\u00f3ra uwa\u017cnie nas s\u0142ucha\u0142a, kiedy siostry, czy ja, co\u015b m\u00f3wili\u015bmy o Bogu, o wierze, o Biblii, a potem kiedy zada\u0142em jej pytanie &#8211; a ty wierzysz w Boga? &#8211; ona jasno i zdecydowanie odpowiedzia\u0142a &#8211; nie. <\/p>\n<p>Zastanowi\u0142o mnie to &#8211; ona przysz\u0142a do ko\u015bcio\u0142a, uwa\u017cnie s\u0142ucha\u0142a wszystkiego co by\u0142o m\u00f3wione, wida\u0107, \u017ce by\u0142a tym zainteresowana, a z drugiej strony, tak jasno, bez zastanowienia, bez w\u0105tpliwo\u015bci, odpowiada &#8211; nie, nie wierz\u0119. <\/p>\n<p>Osobi\u015bcie, mam w\u0105tpliwo\u015bci odno\u015bnie do jej niewiary. My\u015bl\u0119, \u017ce taka postawa jest pewn\u0105 demonstracj\u0105 przeciw nienajlepszym formom religijno\u015bci, jakie mog\u0142a obserwowa\u0107 wok\u00f3\u0142 siebie. Mo\u017ce jeszcze nikt nigdy jej nie pokaza\u0142 mi\u0142uj\u0105cego oblicza Boga. Trzeba si\u0119 modli\u0107 za takich ludzi i by\u0107 dla nich dobrym przyk\u0142adem. Czasem zadziwia mnie, jak bardzo pokr\u0119ceni, pogubieni s\u0105 ci m\u0142odzi ludzie &#8211; bardzo inteligentni, dobrzy, kulturalni, ale jednocze\u015bnie namieszane w tych g\u0142owach. <\/p>\n<p>Zadziwia mnie jeszcze jedno. Ci, kt\u00f3rzy przychodz\u0105 do ko\u015bcio\u0142a bardzo niedawno, zaledwie kilka razy, sami jeszcze nawet nie okre\u015blili si\u0119 &#8211; wierz\u0105 czy nie, a ju\u017c przyprowadzaj\u0105 do Ko\u015bcio\u0142a innych. <\/p>\n<p>Czemu ci, kt\u00f3rzy sami wiernie i od dawna przychodz\u0105 nie przyprowadzaj\u0105, a ci, kt\u00f3rzy sami tylko co zacz\u0119li &#8211; mog\u0105. I to, w moim do\u015bwiadczeniu nie pierwszy taki przypadek. Mo\u017ce my, g\u0142\u0119boko osadzeni w wierze, boimy si\u0119 narusza\u0107 wolno\u015b\u0107 drugiego cz\u0142owieka, mo\u017ce sami wstydzimy si\u0119 wiary\u2026 Nie wiem, zadaj\u0119 sobie i wam takie pytania\u2026 Czemu tak jest? <\/p>\n<p>Jeszcze jedno. Dzi\u015b nasz rosyjski blog &#8211; Rozmy\u015blania na ka\u017cdy dzie\u0144, kt\u00f3ry powsta\u0142 dzi\u0119ki przyk\u0142adowi Ksi\u0119dza Jacka i tego bloga, obchodzi 7 urodziny. W\u0142a\u015bnie 21 lutego 2012 roku rozpocz\u0119li\u015bmy to dzie\u0142o. Dzi\u015b zachwyca jak wiele os\u00f3b z tego korzysta, jak wielu ksi\u0119\u017cy i si\u00f3str pisze, jak wiele os\u00f3b jest w to zaanga\u017cowanych.<\/p>\n<p>Prosz\u0119 Was o modlitw\u0119 za mnie, za moj\u0105 parafi\u0119, za t\u0119 m\u0142odzie\u017c pogubion\u0105, za dzie\u0142o tego bloga naszego. Pom\u00f3dlcie si\u0119 cho\u0107 troch\u0119, prosz\u0119. A ja Wam b\u0142ogos\u0142awi\u0119.<\/p>\n<p>Niech Was b\u0142ogos\u0142awi Wszechmog\u0105cy B\u00f3g, Ojciec i Syn i Duch \u015awi\u0119ty. Amen. <\/p>\n<p>Pozdrawiam. <\/p>\n<p>Z Bogiem!<\/p>\n<div class=\"separator\" style=\"clear: both; text-align: center;\">\n<a href=\"https:\/\/gaudiumetspes-blog.pl\/wp-content\/uploads\/2019\/02\/DSC_0549-1024x680.jpg\" imageanchor=\"1\" style=\"margin-left: 1em; margin-right: 1em;\"><img loading=\"lazy\" decoding=\"async\" border=\"0\" data-original-height=\"1063\" data-original-width=\"1600\" height=\"212\" src=\"https:\/\/gaudiumetspes-blog.pl\/wp-content\/uploads\/2019\/02\/DSC_0549-1024x680.jpg\" width=\"320\" \/><\/a><\/div>\n<p><\/p>\n<table cellpadding=\"0\" cellspacing=\"0\" class=\"tr-caption-container\" style=\"float: right; margin-left: 1em; text-align: right;\">\n<tbody>\n<tr>\n<td style=\"text-align: center;\"><a href=\"https:\/\/gaudiumetspes-blog.pl\/wp-content\/uploads\/2019\/02\/DSC_0558-1024x680.jpg\" imageanchor=\"1\" style=\"clear: right; margin-bottom: 1em; margin-left: auto; margin-right: auto;\"><img loading=\"lazy\" decoding=\"async\" border=\"0\" data-original-height=\"1063\" data-original-width=\"1600\" height=\"212\" src=\"https:\/\/gaudiumetspes-blog.pl\/wp-content\/uploads\/2019\/02\/DSC_0558-1024x680.jpg\" width=\"320\" \/><\/a><\/td>\n<\/tr>\n<tr>\n<td class=\"tr-caption\" style=\"text-align: center;\">Troch\u0119 nasypa\u0142o \ud83d\ude42<\/td>\n<\/tr>\n<\/tbody>\n<\/table>\n<p><\/p>\n<div class=\"separator\" style=\"clear: both; text-align: center;\">\n<a href=\"https:\/\/gaudiumetspes-blog.pl\/wp-content\/uploads\/2019\/02\/DSC_0445-1024x680.jpg\" imageanchor=\"1\" style=\"margin-left: 1em; margin-right: 1em;\"><img loading=\"lazy\" decoding=\"async\" border=\"0\" data-original-height=\"1063\" data-original-width=\"1600\" height=\"212\" src=\"https:\/\/gaudiumetspes-blog.pl\/wp-content\/uploads\/2019\/02\/DSC_0445-1024x680.jpg\" width=\"320\" \/><\/a><\/div>\n<p><\/p>\n<div class=\"separator\" style=\"clear: both; text-align: center;\">\n<a href=\"https:\/\/gaudiumetspes-blog.pl\/wp-content\/uploads\/2019\/02\/DSC_0450-1024x680.jpg\" imageanchor=\"1\" style=\"clear: left; float: left; margin-bottom: 1em; margin-right: 1em;\"><img loading=\"lazy\" decoding=\"async\" border=\"0\" data-original-height=\"1063\" data-original-width=\"1600\" height=\"212\" src=\"https:\/\/gaudiumetspes-blog.pl\/wp-content\/uploads\/2019\/02\/DSC_0450-1024x680.jpg\" width=\"320\" \/><\/a><\/div>\n<p><\/p>\n<table align=\"center\" cellpadding=\"0\" cellspacing=\"0\" class=\"tr-caption-container\" style=\"margin-left: auto; margin-right: auto; text-align: center;\">\n<tbody>\n<tr>\n<td style=\"text-align: center;\"><a href=\"https:\/\/gaudiumetspes-blog.pl\/wp-content\/uploads\/2019\/02\/DSC_0451-1024x680.jpg\" imageanchor=\"1\" style=\"margin-left: auto; margin-right: auto;\"><img loading=\"lazy\" decoding=\"async\" border=\"0\" data-original-height=\"1063\" data-original-width=\"1600\" height=\"212\" src=\"https:\/\/gaudiumetspes-blog.pl\/wp-content\/uploads\/2019\/02\/DSC_0451-1024x680.jpg\" width=\"320\" \/><\/a><\/td>\n<\/tr>\n<tr>\n<td class=\"tr-caption\" style=\"text-align: center;\">Katecheza w Koga\u0142ymie<\/td>\n<\/tr>\n<\/tbody>\n<\/table>\n<p><\/p>\n<div class=\"separator\" style=\"clear: both; text-align: center;\">\n<a href=\"https:\/\/gaudiumetspes-blog.pl\/wp-content\/uploads\/2019\/02\/DSC_0458-1024x680.jpg\" imageanchor=\"1\" style=\"clear: right; float: right; margin-bottom: 1em; margin-left: 1em;\"><img loading=\"lazy\" decoding=\"async\" border=\"0\" data-original-height=\"1063\" data-original-width=\"1600\" height=\"212\" src=\"https:\/\/gaudiumetspes-blog.pl\/wp-content\/uploads\/2019\/02\/DSC_0458-1024x680.jpg\" width=\"320\" \/><\/a><\/div>\n<p><\/p>\n<div class=\"separator\" style=\"clear: both; text-align: center;\">\n<a href=\"https:\/\/gaudiumetspes-blog.pl\/wp-content\/uploads\/2019\/02\/DSC_0485-1024x680.jpg\" imageanchor=\"1\" style=\"margin-left: 1em; margin-right: 1em;\"><img loading=\"lazy\" decoding=\"async\" border=\"0\" data-original-height=\"1063\" data-original-width=\"1600\" height=\"212\" src=\"https:\/\/gaudiumetspes-blog.pl\/wp-content\/uploads\/2019\/02\/DSC_0485-1024x680.jpg\" width=\"320\" \/><\/a><\/div>\n<p><\/p>\n<table cellpadding=\"0\" cellspacing=\"0\" class=\"tr-caption-container\" style=\"float: left; margin-right: 1em; text-align: left;\">\n<tbody>\n<tr>\n<td style=\"text-align: center;\"><a href=\"https:\/\/gaudiumetspes-blog.pl\/wp-content\/uploads\/2019\/02\/DSC_0491-680x1024.jpg\" imageanchor=\"1\" style=\"clear: left; margin-bottom: 1em; margin-left: auto; margin-right: auto;\"><img loading=\"lazy\" decoding=\"async\" border=\"0\" data-original-height=\"1600\" data-original-width=\"1063\" height=\"320\" src=\"https:\/\/gaudiumetspes-blog.pl\/wp-content\/uploads\/2019\/02\/DSC_0491-680x1024.jpg\" width=\"212\" \/><\/a><\/td>\n<\/tr>\n<tr>\n<td class=\"tr-caption\" style=\"text-align: center;\">Siostra Teresa opowiada o za\u0142o\u017cycielu ich Zgromadzenia <br \/>&#8211; rocznica \u015bmierci S\u0142ugi Bo\u017cego abpa Wincentego Kluczy\u0144skiego<\/td>\n<\/tr>\n<\/tbody>\n<\/table>\n<p><\/p>\n<div class=\"separator\" style=\"clear: both; text-align: center;\">\n<a href=\"https:\/\/gaudiumetspes-blog.pl\/wp-content\/uploads\/2019\/02\/DSC_0525-1024x680.jpg\" imageanchor=\"1\" style=\"margin-left: 1em; margin-right: 1em;\"><img loading=\"lazy\" decoding=\"async\" border=\"0\" data-original-height=\"1063\" data-original-width=\"1600\" height=\"212\" src=\"https:\/\/gaudiumetspes-blog.pl\/wp-content\/uploads\/2019\/02\/DSC_0525-1024x680.jpg\" width=\"320\" \/><\/a><\/div>\n<p><\/p>\n<div class=\"separator\" style=\"clear: both; text-align: center;\">\n<a href=\"https:\/\/gaudiumetspes-blog.pl\/wp-content\/uploads\/2019\/02\/DSC_0536-1024x680.jpg\" imageanchor=\"1\" style=\"clear: right; float: right; margin-bottom: 1em; margin-left: 1em;\"><img loading=\"lazy\" decoding=\"async\" border=\"0\" data-original-height=\"1063\" data-original-width=\"1600\" height=\"212\" src=\"https:\/\/gaudiumetspes-blog.pl\/wp-content\/uploads\/2019\/02\/DSC_0536-1024x680.jpg\" width=\"320\" \/><\/a><\/div>\n<p><\/p>\n<div class=\"separator\" style=\"clear: both; text-align: center;\">\n<a href=\"https:\/\/gaudiumetspes-blog.pl\/wp-content\/uploads\/2019\/02\/DSC_0539-1024x680.jpg\" imageanchor=\"1\" style=\"margin-left: 1em; margin-right: 1em;\"><img loading=\"lazy\" decoding=\"async\" border=\"0\" data-original-height=\"1063\" data-original-width=\"1600\" height=\"212\" src=\"https:\/\/gaudiumetspes-blog.pl\/wp-content\/uploads\/2019\/02\/DSC_0539-1024x680.jpg\" width=\"320\" \/><\/a><\/div>\n<p><\/p>\n<div class=\"separator\" style=\"clear: both; text-align: center;\">\n<a href=\"https:\/\/gaudiumetspes-blog.pl\/wp-content\/uploads\/2019\/02\/DSC_0542-1024x680.jpg\" imageanchor=\"1\" style=\"clear: left; float: left; margin-bottom: 1em; margin-right: 1em;\"><img loading=\"lazy\" decoding=\"async\" border=\"0\" data-original-height=\"1063\" data-original-width=\"1600\" height=\"212\" src=\"https:\/\/gaudiumetspes-blog.pl\/wp-content\/uploads\/2019\/02\/DSC_0542-1024x680.jpg\" width=\"320\" \/><\/a><\/div>\n<p><\/p>\n<div class=\"separator\" style=\"clear: both; text-align: center;\">\n<a href=\"https:\/\/gaudiumetspes-blog.pl\/wp-content\/uploads\/2019\/02\/DSC_0442-1024x680.jpg\" imageanchor=\"1\" style=\"margin-left: 1em; margin-right: 1em;\"><img loading=\"lazy\" decoding=\"async\" border=\"0\" data-original-height=\"1063\" data-original-width=\"1600\" height=\"212\" src=\"https:\/\/gaudiumetspes-blog.pl\/wp-content\/uploads\/2019\/02\/DSC_0442-1024x680.jpg\" width=\"320\" \/><\/a><\/div>\n","protected":false},"excerpt":{"rendered":"<p>(Rdz 9, 1-13) B\u00f3g pob\u0142ogos\u0142awi\u0142 Noego i jego syn\u00f3w, m\u00f3wi\u0105c do nich: &#8222;B\u0105d\u017acie p\u0142odni i mn\u00f3\u017ccie si\u0119, aby\u015bcie zaludnili ziemi\u0119. Wszelkie za\u015b zwierz\u0119 na ziemi i wszelkie ptactwo podniebne niechaj si\u0119 was boi i l\u0119ka. Wszystko, co si\u0119 porusza na ziemi, i wszystkie ryby morskie zosta\u0142y oddane wam we w\u0142adanie. Wszystko, co si\u0119 porusza i [&hellip;]<\/p>\n","protected":false},"author":1,"featured_media":0,"comment_status":"open","ping_status":"open","sticky":false,"template":"","format":"standard","meta":{"jetpack_post_was_ever_published":false,"_jetpack_newsletter_access":"","_jetpack_dont_email_post_to_subs":false,"_jetpack_newsletter_tier_id":0,"_jetpack_memberships_contains_paywalled_content":false,"_jetpack_memberships_contains_paid_content":false,"footnotes":""},"categories":[1],"tags":[],"class_list":["post-14685","post","type-post","status-publish","format-standard","hentry","category-bez-kategorii"],"yoast_head":"<!-- This site is optimized with the Yoast SEO plugin v25.1 - https:\/\/yoast.com\/wordpress\/plugins\/seo\/ -->\n<title>My jeste\u015bmy s\u0142abi, ale Pan B\u00f3g jest silny - Gaudium Et Spes<\/title>\n<meta name=\"robots\" content=\"index, follow, max-snippet:-1, max-image-preview:large, max-video-preview:-1\" \/>\n<link rel=\"canonical\" href=\"https:\/\/gaudiumetspes-blog.pl\/index.php\/2019\/02\/21\/my-jestesmy-sabi-ale-pan-bog-jest-silny\/\" \/>\n<meta property=\"og:locale\" content=\"pl_PL\" \/>\n<meta property=\"og:type\" content=\"article\" \/>\n<meta property=\"og:title\" content=\"My jeste\u015bmy s\u0142abi, ale Pan B\u00f3g jest silny - Gaudium Et Spes\" \/>\n<meta property=\"og:description\" content=\"(Rdz 9, 1-13) B\u00f3g pob\u0142ogos\u0142awi\u0142 Noego i jego syn\u00f3w, m\u00f3wi\u0105c do nich: &#8222;B\u0105d\u017acie p\u0142odni i mn\u00f3\u017ccie si\u0119, aby\u015bcie zaludnili ziemi\u0119. Wszelkie za\u015b zwierz\u0119 na ziemi i wszelkie ptactwo podniebne niechaj si\u0119 was boi i l\u0119ka. Wszystko, co si\u0119 porusza na ziemi, i wszystkie ryby morskie zosta\u0142y oddane wam we w\u0142adanie. Wszystko, co si\u0119 porusza i [&hellip;]\" \/>\n<meta property=\"og:url\" content=\"https:\/\/gaudiumetspes-blog.pl\/index.php\/2019\/02\/21\/my-jestesmy-sabi-ale-pan-bog-jest-silny\/\" \/>\n<meta property=\"og:site_name\" content=\"Gaudium Et Spes\" \/>\n<meta property=\"article:published_time\" content=\"2019-02-21T07:15:00+00:00\" \/>\n<meta property=\"article:modified_time\" content=\"2019-07-31T11:00:09+00:00\" \/>\n<meta property=\"og:image\" content=\"https:\/\/gaudiumetspes-blog.pl\/wp-content\/uploads\/2019\/02\/DSC_0545-1024x680.jpg\" \/>\n<meta name=\"author\" content=\"Ks. Jacek\" \/>\n<meta name=\"twitter:card\" content=\"summary_large_image\" \/>\n<meta name=\"twitter:label1\" content=\"Napisane przez\" \/>\n\t<meta name=\"twitter:data1\" content=\"Ks. Jacek\" \/>\n\t<meta name=\"twitter:label2\" content=\"Szacowany czas czytania\" \/>\n\t<meta name=\"twitter:data2\" content=\"11 minut\" \/>\n<script type=\"application\/ld+json\" class=\"yoast-schema-graph\">{\"@context\":\"https:\/\/schema.org\",\"@graph\":[{\"@type\":\"WebPage\",\"@id\":\"https:\/\/gaudiumetspes-blog.pl\/index.php\/2019\/02\/21\/my-jestesmy-sabi-ale-pan-bog-jest-silny\/\",\"url\":\"https:\/\/gaudiumetspes-blog.pl\/index.php\/2019\/02\/21\/my-jestesmy-sabi-ale-pan-bog-jest-silny\/\",\"name\":\"My jeste\u015bmy s\u0142abi, ale Pan B\u00f3g jest silny - Gaudium Et Spes\",\"isPartOf\":{\"@id\":\"https:\/\/gaudiumetspes-blog.pl\/#website\"},\"primaryImageOfPage\":{\"@id\":\"https:\/\/gaudiumetspes-blog.pl\/index.php\/2019\/02\/21\/my-jestesmy-sabi-ale-pan-bog-jest-silny\/#primaryimage\"},\"image\":{\"@id\":\"https:\/\/gaudiumetspes-blog.pl\/index.php\/2019\/02\/21\/my-jestesmy-sabi-ale-pan-bog-jest-silny\/#primaryimage\"},\"thumbnailUrl\":\"https:\/\/gaudiumetspes-blog.pl\/wp-content\/uploads\/2019\/02\/DSC_0545-1024x680.jpg\",\"datePublished\":\"2019-02-21T07:15:00+00:00\",\"dateModified\":\"2019-07-31T11:00:09+00:00\",\"author\":{\"@id\":\"https:\/\/gaudiumetspes-blog.pl\/#\/schema\/person\/1661982992b752dea8dff0d4ed845a65\"},\"breadcrumb\":{\"@id\":\"https:\/\/gaudiumetspes-blog.pl\/index.php\/2019\/02\/21\/my-jestesmy-sabi-ale-pan-bog-jest-silny\/#breadcrumb\"},\"inLanguage\":\"pl-PL\",\"potentialAction\":[{\"@type\":\"ReadAction\",\"target\":[\"https:\/\/gaudiumetspes-blog.pl\/index.php\/2019\/02\/21\/my-jestesmy-sabi-ale-pan-bog-jest-silny\/\"]}]},{\"@type\":\"ImageObject\",\"inLanguage\":\"pl-PL\",\"@id\":\"https:\/\/gaudiumetspes-blog.pl\/index.php\/2019\/02\/21\/my-jestesmy-sabi-ale-pan-bog-jest-silny\/#primaryimage\",\"url\":\"https:\/\/gaudiumetspes-blog.pl\/wp-content\/uploads\/2019\/02\/DSC_0545-1024x680.jpg\",\"contentUrl\":\"https:\/\/gaudiumetspes-blog.pl\/wp-content\/uploads\/2019\/02\/DSC_0545-1024x680.jpg\"},{\"@type\":\"BreadcrumbList\",\"@id\":\"https:\/\/gaudiumetspes-blog.pl\/index.php\/2019\/02\/21\/my-jestesmy-sabi-ale-pan-bog-jest-silny\/#breadcrumb\",\"itemListElement\":[{\"@type\":\"ListItem\",\"position\":1,\"name\":\"Strona g\u0142\u00f3wna\",\"item\":\"https:\/\/gaudiumetspes-blog.pl\/\"},{\"@type\":\"ListItem\",\"position\":2,\"name\":\"My jeste\u015bmy s\u0142abi, ale&nbsp;Pan B\u00f3g jest silny\"}]},{\"@type\":\"WebSite\",\"@id\":\"https:\/\/gaudiumetspes-blog.pl\/#website\",\"url\":\"https:\/\/gaudiumetspes-blog.pl\/\",\"name\":\"Gaudium Et Spes\",\"description\":\"Blog Ks. Jacka Ja\u015bkowskiego\",\"potentialAction\":[{\"@type\":\"SearchAction\",\"target\":{\"@type\":\"EntryPoint\",\"urlTemplate\":\"https:\/\/gaudiumetspes-blog.pl\/?s={search_term_string}\"},\"query-input\":{\"@type\":\"PropertyValueSpecification\",\"valueRequired\":true,\"valueName\":\"search_term_string\"}}],\"inLanguage\":\"pl-PL\"},{\"@type\":\"Person\",\"@id\":\"https:\/\/gaudiumetspes-blog.pl\/#\/schema\/person\/1661982992b752dea8dff0d4ed845a65\",\"name\":\"Ks. Jacek\",\"image\":{\"@type\":\"ImageObject\",\"inLanguage\":\"pl-PL\",\"@id\":\"https:\/\/gaudiumetspes-blog.pl\/#\/schema\/person\/image\/\",\"url\":\"https:\/\/gaudiumetspes-blog.pl\/wp-content\/uploads\/2019\/07\/avatar-JJ-150x150.jpg\",\"contentUrl\":\"https:\/\/gaudiumetspes-blog.pl\/wp-content\/uploads\/2019\/07\/avatar-JJ-150x150.jpg\",\"caption\":\"Ks. Jacek\"},\"description\":\"Witam serdecznie! K\u0142ania si\u0119 Ks. Jacek Ja\u015bkowski. Nie jestem ani kim\u015b wa\u017cnym, ani kim\u015b znanym. Jestem ksi\u0119dzem, kt\u00f3ry po prostu chce rozmawia\u0107. Codzienna kap\u0142a\u0144ska pos\u0142uga pokazuje mi, \u017ce temat\u00f3w do rozm\u00f3w z ksi\u0119dzem jest coraz wi\u0119cej i dzisiaj \u017caden ksi\u0105dz nie mo\u017ce od nich ucieka\u0107, ale - wprost przeciwnie - podejmowa\u0107 nowe wyzwania. To przekonanie sk\u0142oni\u0142o mnie do pr\u00f3by otwarcia tego\u017c bloga, chocia\u017c okazji do rozm\u00f3w na co dzie\u0144 - w konfesjonale i poza nim - na szcz\u0119\u015bcie nie brakuje. My\u015bl\u0119 jednak, \u017ce ten blog b\u0119dzie jeszcze jednym sposobem i przestrzeni\u0105 nawi\u0105zania kontaktu z lud\u017ami dobrej woli, otwartymi na dialog.\",\"url\":\"https:\/\/gaudiumetspes-blog.pl\/index.php\/author\/ks-jacek\/\"}]}<\/script>\n<!-- \/ Yoast SEO plugin. -->","yoast_head_json":{"title":"My jeste\u015bmy s\u0142abi, ale Pan B\u00f3g jest silny - Gaudium Et Spes","robots":{"index":"index","follow":"follow","max-snippet":"max-snippet:-1","max-image-preview":"max-image-preview:large","max-video-preview":"max-video-preview:-1"},"canonical":"https:\/\/gaudiumetspes-blog.pl\/index.php\/2019\/02\/21\/my-jestesmy-sabi-ale-pan-bog-jest-silny\/","og_locale":"pl_PL","og_type":"article","og_title":"My jeste\u015bmy s\u0142abi, ale Pan B\u00f3g jest silny - Gaudium Et Spes","og_description":"(Rdz 9, 1-13) B\u00f3g pob\u0142ogos\u0142awi\u0142 Noego i jego syn\u00f3w, m\u00f3wi\u0105c do nich: &#8222;B\u0105d\u017acie p\u0142odni i mn\u00f3\u017ccie si\u0119, aby\u015bcie zaludnili ziemi\u0119. Wszelkie za\u015b zwierz\u0119 na ziemi i wszelkie ptactwo podniebne niechaj si\u0119 was boi i l\u0119ka. Wszystko, co si\u0119 porusza na ziemi, i wszystkie ryby morskie zosta\u0142y oddane wam we w\u0142adanie. Wszystko, co si\u0119 porusza i [&hellip;]","og_url":"https:\/\/gaudiumetspes-blog.pl\/index.php\/2019\/02\/21\/my-jestesmy-sabi-ale-pan-bog-jest-silny\/","og_site_name":"Gaudium Et Spes","article_published_time":"2019-02-21T07:15:00+00:00","article_modified_time":"2019-07-31T11:00:09+00:00","og_image":[{"url":"https:\/\/gaudiumetspes-blog.pl\/wp-content\/uploads\/2019\/02\/DSC_0545-1024x680.jpg","type":"","width":"","height":""}],"author":"Ks. Jacek","twitter_card":"summary_large_image","twitter_misc":{"Napisane przez":"Ks. Jacek","Szacowany czas czytania":"11 minut"},"schema":{"@context":"https:\/\/schema.org","@graph":[{"@type":"WebPage","@id":"https:\/\/gaudiumetspes-blog.pl\/index.php\/2019\/02\/21\/my-jestesmy-sabi-ale-pan-bog-jest-silny\/","url":"https:\/\/gaudiumetspes-blog.pl\/index.php\/2019\/02\/21\/my-jestesmy-sabi-ale-pan-bog-jest-silny\/","name":"My jeste\u015bmy s\u0142abi, ale Pan B\u00f3g jest silny - Gaudium Et Spes","isPartOf":{"@id":"https:\/\/gaudiumetspes-blog.pl\/#website"},"primaryImageOfPage":{"@id":"https:\/\/gaudiumetspes-blog.pl\/index.php\/2019\/02\/21\/my-jestesmy-sabi-ale-pan-bog-jest-silny\/#primaryimage"},"image":{"@id":"https:\/\/gaudiumetspes-blog.pl\/index.php\/2019\/02\/21\/my-jestesmy-sabi-ale-pan-bog-jest-silny\/#primaryimage"},"thumbnailUrl":"https:\/\/gaudiumetspes-blog.pl\/wp-content\/uploads\/2019\/02\/DSC_0545-1024x680.jpg","datePublished":"2019-02-21T07:15:00+00:00","dateModified":"2019-07-31T11:00:09+00:00","author":{"@id":"https:\/\/gaudiumetspes-blog.pl\/#\/schema\/person\/1661982992b752dea8dff0d4ed845a65"},"breadcrumb":{"@id":"https:\/\/gaudiumetspes-blog.pl\/index.php\/2019\/02\/21\/my-jestesmy-sabi-ale-pan-bog-jest-silny\/#breadcrumb"},"inLanguage":"pl-PL","potentialAction":[{"@type":"ReadAction","target":["https:\/\/gaudiumetspes-blog.pl\/index.php\/2019\/02\/21\/my-jestesmy-sabi-ale-pan-bog-jest-silny\/"]}]},{"@type":"ImageObject","inLanguage":"pl-PL","@id":"https:\/\/gaudiumetspes-blog.pl\/index.php\/2019\/02\/21\/my-jestesmy-sabi-ale-pan-bog-jest-silny\/#primaryimage","url":"https:\/\/gaudiumetspes-blog.pl\/wp-content\/uploads\/2019\/02\/DSC_0545-1024x680.jpg","contentUrl":"https:\/\/gaudiumetspes-blog.pl\/wp-content\/uploads\/2019\/02\/DSC_0545-1024x680.jpg"},{"@type":"BreadcrumbList","@id":"https:\/\/gaudiumetspes-blog.pl\/index.php\/2019\/02\/21\/my-jestesmy-sabi-ale-pan-bog-jest-silny\/#breadcrumb","itemListElement":[{"@type":"ListItem","position":1,"name":"Strona g\u0142\u00f3wna","item":"https:\/\/gaudiumetspes-blog.pl\/"},{"@type":"ListItem","position":2,"name":"My jeste\u015bmy s\u0142abi, ale&nbsp;Pan B\u00f3g jest silny"}]},{"@type":"WebSite","@id":"https:\/\/gaudiumetspes-blog.pl\/#website","url":"https:\/\/gaudiumetspes-blog.pl\/","name":"Gaudium Et Spes","description":"Blog Ks. Jacka Ja\u015bkowskiego","potentialAction":[{"@type":"SearchAction","target":{"@type":"EntryPoint","urlTemplate":"https:\/\/gaudiumetspes-blog.pl\/?s={search_term_string}"},"query-input":{"@type":"PropertyValueSpecification","valueRequired":true,"valueName":"search_term_string"}}],"inLanguage":"pl-PL"},{"@type":"Person","@id":"https:\/\/gaudiumetspes-blog.pl\/#\/schema\/person\/1661982992b752dea8dff0d4ed845a65","name":"Ks. Jacek","image":{"@type":"ImageObject","inLanguage":"pl-PL","@id":"https:\/\/gaudiumetspes-blog.pl\/#\/schema\/person\/image\/","url":"https:\/\/gaudiumetspes-blog.pl\/wp-content\/uploads\/2019\/07\/avatar-JJ-150x150.jpg","contentUrl":"https:\/\/gaudiumetspes-blog.pl\/wp-content\/uploads\/2019\/07\/avatar-JJ-150x150.jpg","caption":"Ks. Jacek"},"description":"Witam serdecznie! K\u0142ania si\u0119 Ks. Jacek Ja\u015bkowski. Nie jestem ani kim\u015b wa\u017cnym, ani kim\u015b znanym. Jestem ksi\u0119dzem, kt\u00f3ry po prostu chce rozmawia\u0107. Codzienna kap\u0142a\u0144ska pos\u0142uga pokazuje mi, \u017ce temat\u00f3w do rozm\u00f3w z ksi\u0119dzem jest coraz wi\u0119cej i dzisiaj \u017caden ksi\u0105dz nie mo\u017ce od nich ucieka\u0107, ale - wprost przeciwnie - podejmowa\u0107 nowe wyzwania. To przekonanie sk\u0142oni\u0142o mnie do pr\u00f3by otwarcia tego\u017c bloga, chocia\u017c okazji do rozm\u00f3w na co dzie\u0144 - w konfesjonale i poza nim - na szcz\u0119\u015bcie nie brakuje. My\u015bl\u0119 jednak, \u017ce ten blog b\u0119dzie jeszcze jednym sposobem i przestrzeni\u0105 nawi\u0105zania kontaktu z lud\u017ami dobrej woli, otwartymi na dialog.","url":"https:\/\/gaudiumetspes-blog.pl\/index.php\/author\/ks-jacek\/"}]}},"jetpack_featured_media_url":"","jetpack_sharing_enabled":true,"_links":{"self":[{"href":"https:\/\/gaudiumetspes-blog.pl\/index.php\/wp-json\/wp\/v2\/posts\/14685","targetHints":{"allow":["GET"]}}],"collection":[{"href":"https:\/\/gaudiumetspes-blog.pl\/index.php\/wp-json\/wp\/v2\/posts"}],"about":[{"href":"https:\/\/gaudiumetspes-blog.pl\/index.php\/wp-json\/wp\/v2\/types\/post"}],"author":[{"embeddable":true,"href":"https:\/\/gaudiumetspes-blog.pl\/index.php\/wp-json\/wp\/v2\/users\/1"}],"replies":[{"embeddable":true,"href":"https:\/\/gaudiumetspes-blog.pl\/index.php\/wp-json\/wp\/v2\/comments?post=14685"}],"version-history":[{"count":1,"href":"https:\/\/gaudiumetspes-blog.pl\/index.php\/wp-json\/wp\/v2\/posts\/14685\/revisions"}],"predecessor-version":[{"id":14976,"href":"https:\/\/gaudiumetspes-blog.pl\/index.php\/wp-json\/wp\/v2\/posts\/14685\/revisions\/14976"}],"wp:attachment":[{"href":"https:\/\/gaudiumetspes-blog.pl\/index.php\/wp-json\/wp\/v2\/media?parent=14685"}],"wp:term":[{"taxonomy":"category","embeddable":true,"href":"https:\/\/gaudiumetspes-blog.pl\/index.php\/wp-json\/wp\/v2\/categories?post=14685"},{"taxonomy":"post_tag","embeddable":true,"href":"https:\/\/gaudiumetspes-blog.pl\/index.php\/wp-json\/wp\/v2\/tags?post=14685"}],"curies":[{"name":"wp","href":"https:\/\/api.w.org\/{rel}","templated":true}]}}