{"id":14686,"date":"2019-02-20T05:37:00","date_gmt":"2019-02-20T04:37:00","guid":{"rendered":"https:\/\/gaudiumetspes-blog.pl\/index.php\/2019\/02\/20\/bog-zawsze-madrze-nas-prowadzi\/"},"modified":"2019-07-31T12:59:47","modified_gmt":"2019-07-31T10:59:47","slug":"bog-zawsze-madrze-nas-prowadzi","status":"publish","type":"post","link":"https:\/\/gaudiumetspes-blog.pl\/index.php\/2019\/02\/20\/bog-zawsze-madrze-nas-prowadzi\/","title":{"rendered":"B\u00f3g zawsze m\u0105drze nas prowadzi&#8230;"},"content":{"rendered":"<p><\/p>\n<div align=\"justify\" style=\"font-weight: normal; line-height: 150%; margin-bottom: 0cm;\">\n<span style=\"color: black;\"><span style=\"font-family: Book Antiqua, serif;\"><span style=\"font-size: x-large;\">Szcz\u0119\u015b\u0107<br \/>\nBo\u017ce! Moi Drodzy, w dniu dzisiejszym <b>urodziny prze\u017cywa Karolina<br \/>\nSzymbor, nale\u017c\u0105ca w swoim czasie do jednej z m\u0142odzie\u017cowych<br \/>\nWsp\u00f3lnot. \u017bycz\u0119 Jubilatce, by odwa\u017cy\u0142a si\u0119 w pe\u0142ni zaufa\u0107<br \/>\nPanu i Jego prowadzeniu. Zapewniam o modlitwie!<\/b><\/span><\/span><\/span><\/div>\n<div align=\"justify\" style=\"background: transparent; font-weight: normal; line-height: 150%; margin-bottom: 0cm; page-break-before: auto; text-indent: 1.3cm;\">\n<span style=\"color: black;\"><span style=\"font-family: Book Antiqua, serif;\"><span style=\"font-size: x-large;\">Dzi\u0119kuj\u0119<br \/>\nAnnie za wczorajsze \u015bwiadectwo, dotycz\u0105ce dzia\u0142ania \u015awi\u0119tego<br \/>\nAntoniego. Nawet w takiej \u2013 zdawa\u0142oby si\u0119 \u2013 drobnej sprawie. A<br \/>\njednak, okazuje si\u0119, \u017ce dla Boga nasze sprawy s\u0105 zawsze wa\u017cne, o<br \/>\nile tylko my Mu je powierzamy. I o ile zdamy si\u0119 na Jego dzia\u0142anie<br \/>\n\u2013 takie, jakie On sam zaplanowa\u0142. W\u0142a\u015bnie o tym dzisiaj w<br \/>\nrozwa\u017caniu.<\/span><\/span><\/span><\/div>\n<div align=\"justify\" style=\"background: transparent; font-weight: normal; line-height: 150%; margin-bottom: 0cm; text-indent: 1.3cm;\">\n<span style=\"color: black;\"><span style=\"font-family: Book Antiqua, serif;\"><span style=\"font-size: x-large;\">A<br \/>\njak to Bo\u017ce dzia\u0142anie wygl\u0105da na Syberii \u2013 to si\u0119 ju\u017c<br \/>\nprzekonamy jutro. Bo w\u0142a\u015bnie jutro \u2013 ni mniej, ni wi\u0119cej \u2013<br \/>\ntylko s\u0142\u00f3wko z Syberii!<\/span><\/span><\/span><\/div>\n<div align=\"center\" style=\"font-weight: normal; line-height: 150%; margin-bottom: 0cm;\">\n<span style=\"color: black;\"><span style=\"font-family: Book Antiqua, serif;\"><span style=\"font-size: x-large;\">Gaudium<br \/>\net spes!  Ks. Jacek<\/span><\/span><\/span><\/div>\n<div align=\"justify\" style=\"line-height: 150%; margin-bottom: 0cm;\">\n<span style=\"font-size: x-large;\"><\/p>\n<p><\/span><\/div>\n<div align=\"justify\" style=\"line-height: 150%; margin-bottom: 0cm;\">\n<span style=\"color: black;\"><span style=\"font-family: Book Antiqua, serif;\"><span style=\"font-size: x-large;\"><b>\u015aroda<br \/>\n6 Tygodnia zwyk\u0142ego, rok I,<\/b><\/span><\/span><\/span><\/div>\n<div align=\"justify\" style=\"line-height: 150%; margin-bottom: 0cm;\">\n<span style=\"color: black;\"><span style=\"font-family: Book Antiqua, serif;\"><span style=\"font-size: x-large;\"><b>do<br \/>\nczyta\u0144:  Rdz 8,6\u201313.20\u201322;  Mk 8,22\u201326<\/b><\/span><\/span><\/span><\/div>\n<div align=\"justify\" style=\"line-height: 150%; margin-bottom: 0cm;\">\n<span style=\"font-size: x-large;\"><\/p>\n<p><\/span><\/div>\n<div align=\"justify\" style=\"line-height: 150%; margin-bottom: 0cm;\">\n<span style=\"font-family: Book Antiqua, serif;\"><strong><span style=\"font-variant: normal;\"><span style=\"color: black;\"><span style=\"font-size: x-large;\"><span style=\"letter-spacing: normal;\"><span style=\"font-style: normal;\"><b>CZYTANIE<br \/>\nZ KSI\u0118GI RODZAJU:<\/b><\/span><\/span><\/span><\/span><\/span><\/strong><\/span><\/div>\n<div align=\"justify\" style=\"background: transparent; line-height: 150%; margin-bottom: 0cm; page-break-before: auto; text-indent: 1.3cm;\">\n<span style=\"font-family: Book Antiqua, serif;\"><strong><span style=\"font-variant: normal;\"><span style=\"color: black;\"><span style=\"font-size: x-large;\"><span style=\"letter-spacing: normal;\"><span style=\"font-style: normal;\"><b>Po<br \/>\nczterdziestu dniach Noe, otworzywszy okno arki, kt\u00f3re przedtem<br \/>\nuczyni\u0142, wypu\u015bci\u0142 kruka; ale ten wylatywa\u0142 i zaraz wraca\u0142,<br \/>\ndop\u00f3ki nie wysch\u0142a woda na ziemi.<\/b><\/span><\/span><\/span><\/span><\/span><\/strong><\/span><\/div>\n<div align=\"justify\" style=\"background: transparent; font-style: normal; font-variant: normal; letter-spacing: normal; line-height: 150%; margin-bottom: 0cm; text-indent: 1.3cm;\">\n<span style=\"color: black;\"><span style=\"font-family: Book Antiqua, serif;\"><span style=\"font-size: x-large;\"><b>Potem<br \/>\nwypu\u015bci\u0142 z arki go\u0142\u0119bic\u0119, aby si\u0119 przekona\u0107, czy ust\u0105pi\u0142y<br \/>\nwody z powierzchni ziemi. Go\u0142\u0119bica, nie znalaz\u0142szy miejsca, gdzie<br \/>\nby mog\u0142a usi\u0105\u015b\u0107, wr\u00f3ci\u0142a do arki, bo jeszcze by\u0142a woda na<br \/>\nca\u0142ej powierzchni ziemi; Noe, wyci\u0105gn\u0105wszy r\u0119k\u0119, schwyta\u0142 j\u0105 i<br \/>\nzabra\u0142 do arki. Przeczekawszy za\u015b jeszcze siedem dni, zn\u00f3w<br \/>\nwypu\u015bci\u0142 z arki go\u0142\u0119bic\u0119 i ta wr\u00f3ci\u0142a do niego pod wiecz\u00f3r,<br \/>\nnios\u0105c w dziobie \u015bwie\u017cy listek z drzewa oliwnego. Pozna\u0142 wi\u0119c<br \/>\nNoe, \u017ce woda na ziemi opad\u0142a. I czeka\u0142 jeszcze siedem dni, po czym<br \/>\nwypu\u015bci\u0142 zn\u00f3w go\u0142\u0119bic\u0119, ale ona ju\u017c nie powr\u00f3ci\u0142a do niego.<\/b><\/span><\/span><\/span><\/div>\n<div align=\"justify\" style=\"background: transparent; font-style: normal; font-variant: normal; letter-spacing: normal; line-height: 150%; margin-bottom: 0cm; text-indent: 1.3cm;\">\n<span style=\"color: black;\"><span style=\"font-family: Book Antiqua, serif;\"><span style=\"font-size: x-large;\"><b>W<br \/>\nsze\u015b\u0107set pierwszym roku, w miesi\u0105cu pierwszym, w pierwszym dniu<br \/>\nmiesi\u0105ca wody obesch\u0142y na ziemi, i Noe, zdj\u0105wszy dach arki,<br \/>\nzobaczy\u0142, \u017ce powierzchnia ziemi jest ju\u017c prawie sucha.<\/b><\/span><\/span><\/span><\/div>\n<div align=\"justify\" style=\"background: transparent; font-style: normal; font-variant: normal; letter-spacing: normal; line-height: 150%; margin-bottom: 0cm; text-indent: 1.3cm;\">\n<span style=\"color: black;\"><span style=\"font-family: Book Antiqua, serif;\"><span style=\"font-size: x-large;\"><b>Noe<br \/>\nzbudowa\u0142 o\u0142tarz dla Pana i wzi\u0105wszy ze wszystkich zwierz\u0105t<br \/>\nczystych i z ptak\u00f3w czystych z\u0142o\u017cy\u0142 je w ofierze ca\u0142opalnej na<br \/>\ntym o\u0142tarzu. Gdy Pan poczu\u0142 mi\u0142\u0105 wo\u0144, rzek\u0142 do siebie: \u201eNie<br \/>\nb\u0119d\u0119 ju\u017c wi\u0119cej z\u0142orzeczy\u0142 ziemi ze wzgl\u0119du na ludzi, bo<br \/>\nusposobienie cz\u0142owieka jest z\u0142e ju\u017c od m\u0142odo\u015bci. Przeto ju\u017c<br \/>\nnigdy nie zg\u0142adz\u0119 wszystkiego, co \u017cyje, jak to uczyni\u0142em; b\u0119d\u0105<br \/>\none zatem istnia\u0142y, jak d\u0142ugo trwa\u0107 b\u0119dzie ziemia, siew i \u017cniwo,<br \/>\nmr\u00f3z i upa\u0142, lato i zima, dzie\u0144 i noc\u201d.<\/b><\/span><\/span><\/span><\/div>\n<div align=\"justify\" style=\"line-height: 150%; margin-bottom: 0cm;\">\n<span style=\"font-size: x-large;\"><\/p>\n<p><\/span><\/div>\n<div align=\"justify\" style=\"line-height: 150%; margin-bottom: 0cm;\">\n<span style=\"font-family: Book Antiqua, serif;\"><strong><span style=\"font-variant: normal;\"><span style=\"color: black;\"><span style=\"font-size: x-large;\"><span style=\"letter-spacing: normal;\"><span style=\"font-style: normal;\"><b>S\u0141OWA<br \/>\nEWANGELII WED\u0141UG \u015aWI\u0118TEGO MARKA:<\/b><\/span><\/span><\/span><\/span><\/span><\/strong><\/span><\/div>\n<div align=\"justify\" style=\"background: transparent; line-height: 150%; margin-bottom: 0cm; page-break-before: auto; text-indent: 1.3cm;\">\n<span style=\"font-size: x-large;\"><span style=\"font-family: Book Antiqua, serif;\"><strong><span style=\"font-variant: normal;\"><span style=\"color: black;\"><span style=\"letter-spacing: normal;\"><span style=\"font-style: normal;\"><b>Jezus<br \/>\ni uczniowie przyszli do Betsaidy. Tam przyprowadzili Mu niewidomego i<br \/>\nprosili, \u017ceby si\u0119 go dotkn\u0105\u0142. <\/b><\/span><\/span><\/span><\/span><\/strong><span style=\"font-variant: normal;\"><span style=\"color: black;\"><span style=\"letter-spacing: normal;\"><span style=\"font-style: normal;\"><b>On<br \/>\nuj\u0105\u0142 niewidomego za r\u0119k\u0119 i wyprowadzi\u0142 go poza wie\u015b. Zwil\u017cy\u0142<br \/>\nmu oczy \u015blin\u0105, po\u0142o\u017cy\u0142 na niego r\u0119ce i zapyta\u0142: \u201eCzy widzisz<br \/>\nco?\u201d A gdy przejrza\u0142, powiedzia\u0142: \u201eWidz\u0119 ludzi, bo gdy chodz\u0105,<br \/>\ndostrzegam ich niby drzewa\u201d. <\/b><\/span><\/span><\/span><\/span><\/span><br \/>\n<\/span><\/div>\n<div align=\"justify\" style=\"background: transparent; font-style: normal; font-variant: normal; letter-spacing: normal; line-height: 150%; margin-bottom: 0cm; text-indent: 1.3cm;\">\n<span style=\"color: black;\"><span style=\"font-family: Book Antiqua, serif;\"><span style=\"font-size: x-large;\"><b>Potem<br \/>\nznowu po\u0142o\u017cy\u0142 r\u0119ce na jego oczy. I przejrza\u0142 on zupe\u0142nie, i<br \/>\nzosta\u0142 uzdrowiony; wszystko widzia\u0142 teraz jasno i wyra\u017anie.<\/b><\/span><\/span><\/span><\/div>\n<div align=\"justify\" style=\"background: transparent; font-style: normal; font-variant: normal; letter-spacing: normal; line-height: 150%; margin-bottom: 0cm; text-indent: 1.3cm;\">\n<span style=\"color: black;\"><span style=\"font-family: Book Antiqua, serif;\"><span style=\"font-size: x-large;\"><b>Jezus<br \/>\nodes\u0142a\u0142 go do domu ze s\u0142owami: \u201eTylko do wsi nie wst\u0119puj\u201d.<\/b><\/span><\/span><\/span><\/div>\n<div align=\"justify\" style=\"line-height: 150%; margin-bottom: 0cm;\">\n<span style=\"font-size: x-large;\"><\/p>\n<p><\/span><\/div>\n<div align=\"justify\" style=\"background: transparent; line-height: 150%; margin-bottom: 0cm; page-break-before: auto; text-indent: 1.3cm;\">\n<span style=\"font-size: x-large;\"><span style=\"color: black;\"><span style=\"font-family: Book Antiqua, serif;\"><span style=\"font-variant: normal;\"><span style=\"letter-spacing: normal;\"><span style=\"font-style: normal;\"><span style=\"font-weight: normal;\">T<\/span><\/span><\/span><\/span><span style=\"font-variant: normal;\"><span style=\"letter-spacing: normal;\"><span style=\"font-style: normal;\"><span style=\"font-weight: normal;\">ak,<br \/>\njak niewidomy z dzisiejszej Ewangelii, kt\u00f3ry nie za pierwszym razem,<br \/>\nale dopiero <\/span><\/span><\/span><\/span><span style=\"font-variant: normal;\"><span style=\"letter-spacing: normal;\"><span style=\"font-style: normal;\"><b>za<br \/>\ndrugim dzia\u0142aniem Jezusa przejrza\u0142<\/b><\/span><\/span><\/span><span style=\"font-variant: normal;\"><span style=\"letter-spacing: normal;\"><span style=\"font-style: normal;\"><span style=\"font-weight: normal;\"><br \/>\n\u2013<\/span><\/span><\/span><\/span><span style=\"font-variant: normal;\"><span style=\"letter-spacing: normal;\"><span style=\"font-style: normal;\"><span style=\"font-weight: normal;\"><br \/>\n<\/span><\/span><\/span><\/span><span style=\"font-variant: normal;\"><span style=\"letter-spacing: normal;\"><span style=\"font-style: normal;\"><span style=\"font-weight: normal;\">tak,<br \/>\n\u017ce ju\u017c m\u00f3g\u0142 prawid\u0142owo wszystko widzie\u0107, <\/span><\/span><\/span><\/span><span style=\"font-variant: normal;\"><span style=\"letter-spacing: normal;\"><span style=\"font-style: normal;\"><span style=\"font-weight: normal;\">podobnie<\/span><\/span><\/span><\/span><span style=\"font-variant: normal;\"><span style=\"letter-spacing: normal;\"><span style=\"font-style: normal;\"><span style=\"font-weight: normal;\"><br \/>\ni Noe<\/span><\/span><\/span><\/span><span style=\"font-variant: normal;\"><span style=\"letter-spacing: normal;\"><span style=\"font-style: normal;\"><b><br \/>\n\u201eetapami\u201d rozpoznawa\u0142<\/b><\/span><\/span><\/span><span style=\"font-variant: normal;\"><span style=\"letter-spacing: normal;\"><span style=\"font-style: normal;\"><span style=\"font-weight: normal;\"><br \/>\nprawd\u0119 o sytuacji, jaka panuje poza wrotami arki, w kt\u00f3rej schroni\u0142<br \/>\nsi\u0119 na polecenie Pana. <\/span><\/span><\/span><\/span><\/span><\/span><br \/>\n<\/span><\/div>\n<div align=\"justify\" style=\"background: transparent; line-height: 150%; margin-bottom: 0cm; text-indent: 1.3cm;\">\n<span style=\"font-size: x-large;\"><span style=\"color: black;\"><span style=\"font-family: Book Antiqua, serif;\"><span style=\"font-variant: normal;\"><span style=\"letter-spacing: normal;\"><span style=\"font-style: normal;\"><span style=\"font-weight: normal;\">I<br \/>\ntak, jak Jezus, <\/span><\/span><\/span><\/span><span style=\"font-variant: normal;\"><span style=\"letter-spacing: normal;\"><span style=\"font-style: normal;\"><b>nie<br \/>\nze wzgl\u0119du na w\u0142asn\u0105 niezaradno\u015b\u0107<\/b><\/span><\/span><\/span><span style=\"font-variant: normal;\"><span style=\"letter-spacing: normal;\"><span style=\"font-style: normal;\"><span style=\"font-weight: normal;\"><br \/>\ni nieumiej\u0119tno\u015b\u0107 poradzenia sobie z chorob\u0105 niewidomego \u2013 wszak<br \/>\nwszystkich innych uzdrowie\u0144, poza tym jednym, dokonywa\u0142 \u201eza<br \/>\npierwszym razem\u201d \u2013 dokona\u0142 swego dzie\u0142a w dw\u00f3ch etapach, ale<br \/>\n<\/span><\/span><\/span><\/span><span style=\"font-variant: normal;\"><span style=\"letter-spacing: normal;\"><span style=\"font-style: normal;\"><b>ze<br \/>\nwzgl\u0119du na duchowe dobro samego uzdrowionego,<\/b><\/span><\/span><\/span><span style=\"font-variant: normal;\"><span style=\"letter-spacing: normal;\"><span style=\"font-style: normal;\"><span style=\"font-weight: normal;\"><br \/>\ntak i Noe by\u0142 tak w\u0142a\u015bnie powoli wprowadzany w now\u0105<br \/>\nrzeczywisto\u015b\u0107. <\/span><\/span><\/span><\/span><\/span><\/span><br \/>\n<\/span><\/div>\n<div align=\"justify\" style=\"background: transparent; line-height: 150%; margin-bottom: 0cm; text-indent: 1.3cm;\">\n<span style=\"font-size: x-large;\"><span style=\"color: black;\"><span style=\"font-family: Book Antiqua, serif;\"><span style=\"font-variant: normal;\"><span style=\"letter-spacing: normal;\"><span style=\"font-style: normal;\"><span style=\"font-weight: normal;\">Jako<br \/>\nrzekli\u015bmy, w jednym i w drugim przypadku by\u0142a to bardzo m\u0105dra<br \/>\n<\/span><\/span><\/span><\/span><span style=\"font-variant: normal;\"><span style=\"letter-spacing: normal;\"><span style=\"font-style: normal;\"><b>pedagogia<br \/>\nsamego Boga,<\/b><\/span><\/span><\/span><span style=\"font-variant: normal;\"><span style=\"letter-spacing: normal;\"><span style=\"font-style: normal;\"><span style=\"font-weight: normal;\"><br \/>\nkt\u00f3ry przecie\u017c m\u00f3g\u0142 od razu otworzy\u0107 na o\u015bcie\u017c drzwi arki i<br \/>\npowiedzie\u0107: \u201eProsz\u0119 bardzo, zapraszam, oto odnowiony \u015bwiat \u2013<br \/>\nbierz si\u0119 wi\u0119c, Noe, do roboty, i zaprowad\u017a tu nowy porz\u0105dek!\u201d<br \/>\nNie, B\u00f3g tak nie post\u0105pi\u0142. <\/span><\/span><\/span><\/span><\/span><\/span><br \/>\n<\/span><\/div>\n<div align=\"justify\" style=\"background: transparent; line-height: 150%; margin-bottom: 0cm; text-indent: 1.3cm;\">\n<span style=\"font-size: x-large;\"><span style=\"color: black;\"><span style=\"font-family: Book Antiqua, serif;\"><span style=\"font-variant: normal;\"><span style=\"letter-spacing: normal;\"><span style=\"font-style: normal;\"><span style=\"font-weight: normal;\">Pozwoli\u0142<br \/>\nNoemu <\/span><\/span><\/span><\/span><span style=\"font-variant: normal;\"><span style=\"letter-spacing: normal;\"><span style=\"font-style: normal;\"><b>odkrywa\u0107,<br \/>\nrozpoznawa\u0107 now\u0105 sytuacj\u0119, <\/b><\/span><\/span><\/span><span style=\"font-variant: normal;\"><span style=\"letter-spacing: normal;\"><span style=\"font-style: normal;\"><span style=\"font-weight: normal;\">odczytywa\u0107<br \/>\nj\u0105 na podstawie zachowa\u0144 <\/span><\/span><\/span><\/span><span style=\"font-variant: normal;\"><span style=\"letter-spacing: normal;\"><span style=\"font-style: normal;\"><span style=\"font-weight: normal;\">ptak\u00f3w,<br \/>\nkt\u00f3re wysy\u0142ane \u201ena zwiady\u201d, powraca\u0142y do arki, a\u017c za kolejnym<br \/>\nrazem go\u0142\u0119bica przynios\u0142a <\/span><\/span><\/span><\/span><span style=\"font-variant: normal;\"><span style=\"letter-spacing: normal;\"><i><b>w<br \/>\ndziobie \u015bwie\u017cy listek z drzewa oliwnego,<\/b><\/i><\/span><\/span><span style=\"font-variant: normal;\"><span style=\"letter-spacing: normal;\"><span style=\"font-style: normal;\"><b><br \/>\n<\/b><\/span><\/span><\/span><span style=\"font-variant: normal;\"><span style=\"letter-spacing: normal;\"><span style=\"font-style: normal;\"><span style=\"font-weight: normal;\">aby<br \/>\nju\u017c za nast\u0119pnym razem nie powr\u00f3ci\u0107 do arki\u2026 W<\/span><\/span><\/span><\/span><span style=\"font-variant: normal;\"><span style=\"letter-spacing: normal;\"><span style=\"font-style: normal;\"><span style=\"font-weight: normal;\">tedy<\/span><\/span><\/span><\/span><span style=\"font-variant: normal;\"><span style=\"letter-spacing: normal;\"><span style=\"font-style: normal;\"><span style=\"font-weight: normal;\"><br \/>\nsam Noe odwa\u017cy\u0142 si\u0119 wyj\u015b\u0107 i zobaczy\u0107, co si\u0119 dzieje na<br \/>\n\u015bwiecie. <\/span><\/span><\/span><\/span><\/span><\/span><br \/>\n<\/span><\/div>\n<div align=\"justify\" style=\"background: transparent; line-height: 150%; margin-bottom: 0cm; text-indent: 1.3cm;\">\n<span style=\"font-size: x-large;\"><span style=\"color: black;\"><span style=\"font-family: Book Antiqua, serif;\"><span style=\"font-variant: normal;\"><span style=\"letter-spacing: normal;\"><span style=\"font-style: normal;\"><span style=\"font-weight: normal;\">Potrzebowa\u0142<br \/>\nna to jednak troch\u0119 czasu i ca\u0142ego tego <\/span><\/span><\/span><\/span><span style=\"font-variant: normal;\"><span style=\"letter-spacing: normal;\"><span style=\"font-style: normal;\"><b>procesu<br \/>\nrozpoznawania sytuacji. <\/b><\/span><\/span><\/span><span style=\"font-variant: normal;\"><span style=\"letter-spacing: normal;\"><span style=\"font-style: normal;\"><span style=\"font-weight: normal;\">Sta\u0142o<br \/>\nsi\u0119 tak, bo tak\u0105 w\u0142a\u015bnie drog\u0105 poprowadzi\u0142 go B\u00f3g. Jeszcze raz<br \/>\npodkre\u015blmy: to B\u00f3g pozwoli\u0142 Noemu powoli, etapami, <\/span><\/span><\/span><\/span><span style=\"font-variant: normal;\"><span style=\"letter-spacing: normal;\"><span style=\"font-style: normal;\"><b>stopniowo<br \/>\nwchodzi\u0107 w now\u0105 sytuacj\u0119. <\/b><\/span><\/span><\/span><span style=\"font-variant: normal;\"><span style=\"letter-spacing: normal;\"><span style=\"font-style: normal;\"><span style=\"font-weight: normal;\">M\u00f3g\u0142<br \/>\ngo wprowadzi\u0107 w ni\u0105 od razu, ale chcia\u0142 inaczej. Bo widzia\u0142 w tym<br \/>\n<\/span><\/span><\/span><\/span><span style=\"font-variant: normal;\"><span style=\"letter-spacing: normal;\"><span style=\"font-style: normal;\"><b>jakie\u015b<br \/>\nbardzo konkretne dobro<\/b><\/span><\/span><\/span><span style=\"font-variant: normal;\"><span style=\"letter-spacing: normal;\"><span style=\"font-style: normal;\"><span style=\"font-weight: normal;\"><br \/>\ni duchow\u0105 korzy\u015b\u0107 cz\u0142owieka. <\/span><\/span><\/span><\/span><\/span><\/span><br \/>\n<\/span><\/div>\n<div align=\"justify\" style=\"background: transparent; line-height: 150%; margin-bottom: 0cm; text-indent: 1.3cm;\">\n<span style=\"font-size: x-large;\"><span style=\"color: black;\"><span style=\"font-family: Book Antiqua, serif;\"><span style=\"font-variant: normal;\"><span style=\"letter-spacing: normal;\"><span style=\"font-style: normal;\"><span style=\"font-weight: normal;\">Podobnie<br \/>\ni Jezus \u2013 musia\u0142 dostrzec <\/span><\/span><\/span><\/span><span style=\"font-variant: normal;\"><span style=\"letter-spacing: normal;\"><span style=\"font-style: normal;\"><span style=\"font-weight: normal;\">wyra\u017an\u0105<\/span><\/span><\/span><\/span><span style=\"font-variant: normal;\"><span style=\"letter-spacing: normal;\"><span style=\"font-style: normal;\"><span style=\"font-weight: normal;\"><br \/>\nduchow\u0105 korzy\u015b\u0107 w tym, \u017ce pozwoli\u0142 niewidomemu <\/span><\/span><\/span><\/span><span style=\"font-variant: normal;\"><span style=\"letter-spacing: normal;\"><span style=\"font-style: normal;\"><b>najpierw<br \/>\nzobaczy\u0107 m\u0119tny zarys<\/b><\/span><\/span><\/span><span style=\"font-variant: normal;\"><span style=\"letter-spacing: normal;\"><span style=\"font-style: normal;\"><span style=\"font-weight: normal;\"><br \/>\nludzkich postaci, aby <\/span><\/span><\/span><\/span><span style=\"font-variant: normal;\"><span style=\"letter-spacing: normal;\"><span style=\"font-style: normal;\"><b>dopiero<br \/>\nw drugim etapie<\/b><\/span><\/span><\/span><span style=\"font-variant: normal;\"><span style=\"letter-spacing: normal;\"><span style=\"font-style: normal;\"><span style=\"font-weight: normal;\"><br \/>\npozwoli\u0107 mu zobaczy\u0107 pe\u0142ny obraz \u015bwiata. Dlaczego akurat w taki<br \/>\nspos\u00f3b? <\/span><\/span><\/span><\/span><\/span><\/span><br \/>\n<\/span><\/div>\n<div align=\"justify\" style=\"background: transparent; line-height: 150%; margin-bottom: 0cm; text-indent: 1.3cm;\">\n<span style=\"font-size: x-large;\"><span style=\"color: black;\"><span style=\"font-family: Book Antiqua, serif;\"><span style=\"font-variant: normal;\"><span style=\"letter-spacing: normal;\"><span style=\"font-style: normal;\"><span style=\"font-weight: normal;\">By\u0107<br \/>\nmo\u017ce, sta\u0142o si\u0119 to w tym celu, <\/span><\/span><\/span><\/span><span style=\"font-variant: normal;\"><span style=\"letter-spacing: normal;\"><span style=\"font-style: normal;\"><span style=\"font-weight: normal;\">by<br \/>\ncz\u0142owiek <\/span><\/span><\/span><\/span><span style=\"font-variant: normal;\"><span style=\"letter-spacing: normal;\"><span style=\"font-style: normal;\"><b>dobrze<br \/>\nprzygotowa\u0142 swoje serce<\/b><\/span><\/span><\/span><span style=\"font-variant: normal;\"><span style=\"letter-spacing: normal;\"><span style=\"font-style: normal;\"><span style=\"font-weight: normal;\"><br \/>\nna now\u0105 rzeczywisto\u015b\u0107, w kt\u00f3r\u0105 Pan go chce wprowadzi\u0107\u2026 <\/span><\/span><\/span><\/span><span style=\"font-variant: normal;\"><span style=\"letter-spacing: normal;\"><span style=\"font-style: normal;\"><span style=\"font-weight: normal;\">A<br \/>\nmo\u017ce po to, by <\/span><\/span><\/span><\/span><span style=\"font-variant: normal;\"><span style=\"letter-spacing: normal;\"><span style=\"font-style: normal;\"><b>uczy\u0142<br \/>\nsi\u0119 cierpliwo\u015bci i zaufania do Pana,<\/b><\/span><\/span><\/span><span style=\"font-variant: normal;\"><span style=\"letter-spacing: normal;\"><span style=\"font-style: normal;\"><span style=\"font-weight: normal;\"><br \/>\nkt\u00f3ry swoimi drogami doprowadzi go do w\u0142a\u015bciwego celu \u2013 by nie<br \/>\nchcia\u0142 sam, po swojemu, od razu, natychmiast, jak najszybcie<\/span><\/span><\/span><\/span><span style=\"font-variant: normal;\"><span style=\"letter-spacing: normal;\"><span style=\"font-style: normal;\"><span style=\"font-weight: normal;\">j,<br \/>\n\u201epo \u0142ebkach\u201d, a mo\u017ce i po trupach?\u2026<\/span><\/span><\/span><\/span><span style=\"font-variant: normal;\"><span style=\"letter-spacing: normal;\"><span style=\"font-style: normal;\"><span style=\"font-weight: normal;\"><br \/>\n<\/span><\/span><\/span><\/span><\/span><\/span><br \/>\n<\/span><\/div>\n<div align=\"justify\" style=\"background: transparent; line-height: 150%; margin-bottom: 0cm; text-indent: 1.3cm;\">\n<span style=\"font-size: x-large;\"><span style=\"color: black;\"><span style=\"font-family: Book Antiqua, serif;\"><span style=\"font-variant: normal;\"><span style=\"letter-spacing: normal;\"><span style=\"font-style: normal;\"><span style=\"font-weight: normal;\">Moi<br \/>\nDrodzy, z ca\u0142\u0105 pewno\u015bci\u0105 to dzisiejsze <\/span><\/span><\/span><\/span><span style=\"font-variant: normal;\"><span style=\"letter-spacing: normal;\"><span style=\"font-style: normal;\"><b>Bo\u017ce<br \/>\npouczenie dotyka bezpo\u015brednio<\/b><\/span><\/span><\/span><span style=\"font-variant: normal;\"><span style=\"letter-spacing: normal;\"><span style=\"font-style: normal;\"><span style=\"font-weight: normal;\"><br \/>\nnaszych postaw i naszych relacji z Bogiem, ka\u017c\u0105c nam zachowa\u0107<br \/>\nstosown\u0105 cierpliwo\u015b\u0107 i zaufanie, \u017ce je\u015bli B\u00f3g<\/span><\/span><\/span><\/span><span style=\"font-variant: normal;\"><span style=\"letter-spacing: normal;\"><span style=\"font-style: normal;\"><b><br \/>\nnie daje nam od razu<\/b><\/span><\/span><\/span><span style=\"font-variant: normal;\"><span style=\"letter-spacing: normal;\"><span style=\"font-style: normal;\"><span style=\"font-weight: normal;\"><br \/>\ntego, czego oczekujemy \u2013 albo nawet wcale nam tego nie daje, a daje<br \/>\nco\u015b innego; albo te\u017c prowadzi nasze spawy <\/span><\/span><\/span><\/span><span style=\"font-variant: normal;\"><span style=\"letter-spacing: normal;\"><span style=\"font-style: normal;\"><b>w<br \/>\ninny spos\u00f3b, ni\u017c my to sobie wyobra\u017camy<\/b><\/span><\/span><\/span><span style=\"font-variant: normal;\"><span style=\"letter-spacing: normal;\"><span style=\"font-style: normal;\"><span style=\"font-weight: normal;\"><br \/>\nlub planujemy, to nie znaczy, \u017ce o nas zapomnia\u0142, albo robi nam na<br \/>\nz\u0142o\u015b\u0107. On z pewno\u015bci\u0105 wie, co robi. <\/span><\/span><\/span><\/span><span style=\"font-variant: normal;\"><span style=\"letter-spacing: normal;\"><span style=\"font-style: normal;\"><span style=\"font-weight: normal;\">I<br \/>\nchce naszego dobra. <\/span><\/span><\/span><\/span><\/span><\/span><br \/>\n<\/span><\/div>\n<div align=\"justify\" style=\"background: transparent; line-height: 150%; margin-bottom: 0cm; text-indent: 1.3cm;\">\n<span style=\"color: black;\"><span style=\"font-family: Book Antiqua, serif;\"><span style=\"font-size: x-large;\"><span style=\"font-variant: normal;\"><span style=\"letter-spacing: normal;\"><span style=\"font-style: normal;\"><span style=\"font-weight: normal;\">Tak\u017ce<br \/>\nw\u00f3wczas, kiedy <\/span><\/span><\/span><\/span><span style=\"font-variant: normal;\"><span style=\"letter-spacing: normal;\"><span style=\"font-style: normal;\"><b>ka\u017ce<br \/>\nnam poczeka\u0107<\/b><\/span><\/span><\/span><span style=\"font-variant: normal;\"><span style=\"letter-spacing: normal;\"><span style=\"font-style: normal;\"><span style=\"font-weight: normal;\"><br \/>\nna rozwi\u0105zanie naszych problem\u00f3w\u2026<\/span><\/span><\/span><\/span><\/span><\/span><\/span><\/div>\n<div align=\"justify\" style=\"background: transparent; line-height: 150%; margin-bottom: 0cm; text-indent: 1.3cm;\">\n<span style=\"color: black;\"><span style=\"font-family: Book Antiqua, serif;\"><span style=\"font-size: x-large;\"><span style=\"font-variant: normal;\"><span style=\"letter-spacing: normal;\"><span style=\"font-style: normal;\"><span style=\"font-weight: normal;\">Czy<br \/>\nmam w sobie tyle zaufania do Boga i tyle wiary, \u017ce pozwol\u0119 Mu w<br \/>\nmoim \u017cyciu dzia\u0142a\u0107 <\/span><\/span><\/span><\/span><span style=\"font-variant: normal;\"><span style=\"letter-spacing: normal;\"><span style=\"font-style: normal;\"><b>tak,<br \/>\njak On chce, a nie jak ja chc\u0119?\u2026<\/b><\/span><\/span><\/span><\/span><\/span><\/span><\/div>\n","protected":false},"excerpt":{"rendered":"<p>Szcz\u0119\u015b\u0107 Bo\u017ce! Moi Drodzy, w dniu dzisiejszym urodziny prze\u017cywa Karolina Szymbor, nale\u017c\u0105ca w swoim czasie do jednej z m\u0142odzie\u017cowych Wsp\u00f3lnot. \u017bycz\u0119 Jubilatce, by odwa\u017cy\u0142a si\u0119 w pe\u0142ni zaufa\u0107 Panu i Jego prowadzeniu. Zapewniam o modlitwie! Dzi\u0119kuj\u0119 Annie za wczorajsze \u015bwiadectwo, dotycz\u0105ce dzia\u0142ania \u015awi\u0119tego Antoniego. Nawet w takiej \u2013 zdawa\u0142oby si\u0119 \u2013 drobnej sprawie. A jednak, [&hellip;]<\/p>\n","protected":false},"author":1,"featured_media":0,"comment_status":"open","ping_status":"open","sticky":false,"template":"","format":"standard","meta":{"jetpack_post_was_ever_published":false,"_jetpack_newsletter_access":"","_jetpack_dont_email_post_to_subs":false,"_jetpack_newsletter_tier_id":0,"_jetpack_memberships_contains_paywalled_content":false,"_jetpack_memberships_contains_paid_content":false,"footnotes":""},"categories":[1],"tags":[],"class_list":["post-14686","post","type-post","status-publish","format-standard","hentry","category-bez-kategorii"],"yoast_head":"<!-- This site is optimized with the Yoast SEO plugin v25.1 - https:\/\/yoast.com\/wordpress\/plugins\/seo\/ -->\n<title>B\u00f3g zawsze m\u0105drze nas prowadzi... - Gaudium Et Spes<\/title>\n<meta name=\"robots\" content=\"index, follow, max-snippet:-1, max-image-preview:large, max-video-preview:-1\" \/>\n<link rel=\"canonical\" href=\"https:\/\/gaudiumetspes-blog.pl\/index.php\/2019\/02\/20\/bog-zawsze-madrze-nas-prowadzi\/\" \/>\n<meta property=\"og:locale\" content=\"pl_PL\" \/>\n<meta property=\"og:type\" content=\"article\" \/>\n<meta property=\"og:title\" content=\"B\u00f3g zawsze m\u0105drze nas prowadzi... - Gaudium Et Spes\" \/>\n<meta property=\"og:description\" content=\"Szcz\u0119\u015b\u0107 Bo\u017ce! Moi Drodzy, w dniu dzisiejszym urodziny prze\u017cywa Karolina Szymbor, nale\u017c\u0105ca w swoim czasie do jednej z m\u0142odzie\u017cowych Wsp\u00f3lnot. \u017bycz\u0119 Jubilatce, by odwa\u017cy\u0142a si\u0119 w pe\u0142ni zaufa\u0107 Panu i Jego prowadzeniu. Zapewniam o modlitwie! Dzi\u0119kuj\u0119 Annie za wczorajsze \u015bwiadectwo, dotycz\u0105ce dzia\u0142ania \u015awi\u0119tego Antoniego. Nawet w takiej \u2013 zdawa\u0142oby si\u0119 \u2013 drobnej sprawie. A jednak, [&hellip;]\" \/>\n<meta property=\"og:url\" content=\"https:\/\/gaudiumetspes-blog.pl\/index.php\/2019\/02\/20\/bog-zawsze-madrze-nas-prowadzi\/\" \/>\n<meta property=\"og:site_name\" content=\"Gaudium Et Spes\" \/>\n<meta property=\"article:published_time\" content=\"2019-02-20T04:37:00+00:00\" \/>\n<meta property=\"article:modified_time\" content=\"2019-07-31T10:59:47+00:00\" \/>\n<meta name=\"author\" content=\"Ks. Jacek\" \/>\n<meta name=\"twitter:card\" content=\"summary_large_image\" \/>\n<meta name=\"twitter:label1\" content=\"Napisane przez\" \/>\n\t<meta name=\"twitter:data1\" content=\"Ks. Jacek\" \/>\n\t<meta name=\"twitter:label2\" content=\"Szacowany czas czytania\" \/>\n\t<meta name=\"twitter:data2\" content=\"5 minut\" \/>\n<script type=\"application\/ld+json\" class=\"yoast-schema-graph\">{\"@context\":\"https:\/\/schema.org\",\"@graph\":[{\"@type\":\"WebPage\",\"@id\":\"https:\/\/gaudiumetspes-blog.pl\/index.php\/2019\/02\/20\/bog-zawsze-madrze-nas-prowadzi\/\",\"url\":\"https:\/\/gaudiumetspes-blog.pl\/index.php\/2019\/02\/20\/bog-zawsze-madrze-nas-prowadzi\/\",\"name\":\"B\u00f3g zawsze m\u0105drze nas prowadzi... - Gaudium Et Spes\",\"isPartOf\":{\"@id\":\"https:\/\/gaudiumetspes-blog.pl\/#website\"},\"datePublished\":\"2019-02-20T04:37:00+00:00\",\"dateModified\":\"2019-07-31T10:59:47+00:00\",\"author\":{\"@id\":\"https:\/\/gaudiumetspes-blog.pl\/#\/schema\/person\/1661982992b752dea8dff0d4ed845a65\"},\"breadcrumb\":{\"@id\":\"https:\/\/gaudiumetspes-blog.pl\/index.php\/2019\/02\/20\/bog-zawsze-madrze-nas-prowadzi\/#breadcrumb\"},\"inLanguage\":\"pl-PL\",\"potentialAction\":[{\"@type\":\"ReadAction\",\"target\":[\"https:\/\/gaudiumetspes-blog.pl\/index.php\/2019\/02\/20\/bog-zawsze-madrze-nas-prowadzi\/\"]}]},{\"@type\":\"BreadcrumbList\",\"@id\":\"https:\/\/gaudiumetspes-blog.pl\/index.php\/2019\/02\/20\/bog-zawsze-madrze-nas-prowadzi\/#breadcrumb\",\"itemListElement\":[{\"@type\":\"ListItem\",\"position\":1,\"name\":\"Strona g\u0142\u00f3wna\",\"item\":\"https:\/\/gaudiumetspes-blog.pl\/\"},{\"@type\":\"ListItem\",\"position\":2,\"name\":\"B\u00f3g zawsze m\u0105drze nas prowadzi&#8230;\"}]},{\"@type\":\"WebSite\",\"@id\":\"https:\/\/gaudiumetspes-blog.pl\/#website\",\"url\":\"https:\/\/gaudiumetspes-blog.pl\/\",\"name\":\"Gaudium Et Spes\",\"description\":\"Blog Ks. Jacka Ja\u015bkowskiego\",\"potentialAction\":[{\"@type\":\"SearchAction\",\"target\":{\"@type\":\"EntryPoint\",\"urlTemplate\":\"https:\/\/gaudiumetspes-blog.pl\/?s={search_term_string}\"},\"query-input\":{\"@type\":\"PropertyValueSpecification\",\"valueRequired\":true,\"valueName\":\"search_term_string\"}}],\"inLanguage\":\"pl-PL\"},{\"@type\":\"Person\",\"@id\":\"https:\/\/gaudiumetspes-blog.pl\/#\/schema\/person\/1661982992b752dea8dff0d4ed845a65\",\"name\":\"Ks. Jacek\",\"image\":{\"@type\":\"ImageObject\",\"inLanguage\":\"pl-PL\",\"@id\":\"https:\/\/gaudiumetspes-blog.pl\/#\/schema\/person\/image\/\",\"url\":\"https:\/\/gaudiumetspes-blog.pl\/wp-content\/uploads\/2019\/07\/avatar-JJ-150x150.jpg\",\"contentUrl\":\"https:\/\/gaudiumetspes-blog.pl\/wp-content\/uploads\/2019\/07\/avatar-JJ-150x150.jpg\",\"caption\":\"Ks. Jacek\"},\"description\":\"Witam serdecznie! K\u0142ania si\u0119 Ks. Jacek Ja\u015bkowski. Nie jestem ani kim\u015b wa\u017cnym, ani kim\u015b znanym. Jestem ksi\u0119dzem, kt\u00f3ry po prostu chce rozmawia\u0107. Codzienna kap\u0142a\u0144ska pos\u0142uga pokazuje mi, \u017ce temat\u00f3w do rozm\u00f3w z ksi\u0119dzem jest coraz wi\u0119cej i dzisiaj \u017caden ksi\u0105dz nie mo\u017ce od nich ucieka\u0107, ale - wprost przeciwnie - podejmowa\u0107 nowe wyzwania. To przekonanie sk\u0142oni\u0142o mnie do pr\u00f3by otwarcia tego\u017c bloga, chocia\u017c okazji do rozm\u00f3w na co dzie\u0144 - w konfesjonale i poza nim - na szcz\u0119\u015bcie nie brakuje. My\u015bl\u0119 jednak, \u017ce ten blog b\u0119dzie jeszcze jednym sposobem i przestrzeni\u0105 nawi\u0105zania kontaktu z lud\u017ami dobrej woli, otwartymi na dialog.\",\"url\":\"https:\/\/gaudiumetspes-blog.pl\/index.php\/author\/ks-jacek\/\"}]}<\/script>\n<!-- \/ Yoast SEO plugin. -->","yoast_head_json":{"title":"B\u00f3g zawsze m\u0105drze nas prowadzi... - Gaudium Et Spes","robots":{"index":"index","follow":"follow","max-snippet":"max-snippet:-1","max-image-preview":"max-image-preview:large","max-video-preview":"max-video-preview:-1"},"canonical":"https:\/\/gaudiumetspes-blog.pl\/index.php\/2019\/02\/20\/bog-zawsze-madrze-nas-prowadzi\/","og_locale":"pl_PL","og_type":"article","og_title":"B\u00f3g zawsze m\u0105drze nas prowadzi... - Gaudium Et Spes","og_description":"Szcz\u0119\u015b\u0107 Bo\u017ce! Moi Drodzy, w dniu dzisiejszym urodziny prze\u017cywa Karolina Szymbor, nale\u017c\u0105ca w swoim czasie do jednej z m\u0142odzie\u017cowych Wsp\u00f3lnot. \u017bycz\u0119 Jubilatce, by odwa\u017cy\u0142a si\u0119 w pe\u0142ni zaufa\u0107 Panu i Jego prowadzeniu. Zapewniam o modlitwie! Dzi\u0119kuj\u0119 Annie za wczorajsze \u015bwiadectwo, dotycz\u0105ce dzia\u0142ania \u015awi\u0119tego Antoniego. Nawet w takiej \u2013 zdawa\u0142oby si\u0119 \u2013 drobnej sprawie. A jednak, [&hellip;]","og_url":"https:\/\/gaudiumetspes-blog.pl\/index.php\/2019\/02\/20\/bog-zawsze-madrze-nas-prowadzi\/","og_site_name":"Gaudium Et Spes","article_published_time":"2019-02-20T04:37:00+00:00","article_modified_time":"2019-07-31T10:59:47+00:00","author":"Ks. Jacek","twitter_card":"summary_large_image","twitter_misc":{"Napisane przez":"Ks. Jacek","Szacowany czas czytania":"5 minut"},"schema":{"@context":"https:\/\/schema.org","@graph":[{"@type":"WebPage","@id":"https:\/\/gaudiumetspes-blog.pl\/index.php\/2019\/02\/20\/bog-zawsze-madrze-nas-prowadzi\/","url":"https:\/\/gaudiumetspes-blog.pl\/index.php\/2019\/02\/20\/bog-zawsze-madrze-nas-prowadzi\/","name":"B\u00f3g zawsze m\u0105drze nas prowadzi... - Gaudium Et Spes","isPartOf":{"@id":"https:\/\/gaudiumetspes-blog.pl\/#website"},"datePublished":"2019-02-20T04:37:00+00:00","dateModified":"2019-07-31T10:59:47+00:00","author":{"@id":"https:\/\/gaudiumetspes-blog.pl\/#\/schema\/person\/1661982992b752dea8dff0d4ed845a65"},"breadcrumb":{"@id":"https:\/\/gaudiumetspes-blog.pl\/index.php\/2019\/02\/20\/bog-zawsze-madrze-nas-prowadzi\/#breadcrumb"},"inLanguage":"pl-PL","potentialAction":[{"@type":"ReadAction","target":["https:\/\/gaudiumetspes-blog.pl\/index.php\/2019\/02\/20\/bog-zawsze-madrze-nas-prowadzi\/"]}]},{"@type":"BreadcrumbList","@id":"https:\/\/gaudiumetspes-blog.pl\/index.php\/2019\/02\/20\/bog-zawsze-madrze-nas-prowadzi\/#breadcrumb","itemListElement":[{"@type":"ListItem","position":1,"name":"Strona g\u0142\u00f3wna","item":"https:\/\/gaudiumetspes-blog.pl\/"},{"@type":"ListItem","position":2,"name":"B\u00f3g zawsze m\u0105drze nas prowadzi&#8230;"}]},{"@type":"WebSite","@id":"https:\/\/gaudiumetspes-blog.pl\/#website","url":"https:\/\/gaudiumetspes-blog.pl\/","name":"Gaudium Et Spes","description":"Blog Ks. Jacka Ja\u015bkowskiego","potentialAction":[{"@type":"SearchAction","target":{"@type":"EntryPoint","urlTemplate":"https:\/\/gaudiumetspes-blog.pl\/?s={search_term_string}"},"query-input":{"@type":"PropertyValueSpecification","valueRequired":true,"valueName":"search_term_string"}}],"inLanguage":"pl-PL"},{"@type":"Person","@id":"https:\/\/gaudiumetspes-blog.pl\/#\/schema\/person\/1661982992b752dea8dff0d4ed845a65","name":"Ks. Jacek","image":{"@type":"ImageObject","inLanguage":"pl-PL","@id":"https:\/\/gaudiumetspes-blog.pl\/#\/schema\/person\/image\/","url":"https:\/\/gaudiumetspes-blog.pl\/wp-content\/uploads\/2019\/07\/avatar-JJ-150x150.jpg","contentUrl":"https:\/\/gaudiumetspes-blog.pl\/wp-content\/uploads\/2019\/07\/avatar-JJ-150x150.jpg","caption":"Ks. Jacek"},"description":"Witam serdecznie! K\u0142ania si\u0119 Ks. Jacek Ja\u015bkowski. Nie jestem ani kim\u015b wa\u017cnym, ani kim\u015b znanym. Jestem ksi\u0119dzem, kt\u00f3ry po prostu chce rozmawia\u0107. Codzienna kap\u0142a\u0144ska pos\u0142uga pokazuje mi, \u017ce temat\u00f3w do rozm\u00f3w z ksi\u0119dzem jest coraz wi\u0119cej i dzisiaj \u017caden ksi\u0105dz nie mo\u017ce od nich ucieka\u0107, ale - wprost przeciwnie - podejmowa\u0107 nowe wyzwania. To przekonanie sk\u0142oni\u0142o mnie do pr\u00f3by otwarcia tego\u017c bloga, chocia\u017c okazji do rozm\u00f3w na co dzie\u0144 - w konfesjonale i poza nim - na szcz\u0119\u015bcie nie brakuje. My\u015bl\u0119 jednak, \u017ce ten blog b\u0119dzie jeszcze jednym sposobem i przestrzeni\u0105 nawi\u0105zania kontaktu z lud\u017ami dobrej woli, otwartymi na dialog.","url":"https:\/\/gaudiumetspes-blog.pl\/index.php\/author\/ks-jacek\/"}]}},"jetpack_featured_media_url":"","jetpack_sharing_enabled":true,"_links":{"self":[{"href":"https:\/\/gaudiumetspes-blog.pl\/index.php\/wp-json\/wp\/v2\/posts\/14686","targetHints":{"allow":["GET"]}}],"collection":[{"href":"https:\/\/gaudiumetspes-blog.pl\/index.php\/wp-json\/wp\/v2\/posts"}],"about":[{"href":"https:\/\/gaudiumetspes-blog.pl\/index.php\/wp-json\/wp\/v2\/types\/post"}],"author":[{"embeddable":true,"href":"https:\/\/gaudiumetspes-blog.pl\/index.php\/wp-json\/wp\/v2\/users\/1"}],"replies":[{"embeddable":true,"href":"https:\/\/gaudiumetspes-blog.pl\/index.php\/wp-json\/wp\/v2\/comments?post=14686"}],"version-history":[{"count":1,"href":"https:\/\/gaudiumetspes-blog.pl\/index.php\/wp-json\/wp\/v2\/posts\/14686\/revisions"}],"predecessor-version":[{"id":14961,"href":"https:\/\/gaudiumetspes-blog.pl\/index.php\/wp-json\/wp\/v2\/posts\/14686\/revisions\/14961"}],"wp:attachment":[{"href":"https:\/\/gaudiumetspes-blog.pl\/index.php\/wp-json\/wp\/v2\/media?parent=14686"}],"wp:term":[{"taxonomy":"category","embeddable":true,"href":"https:\/\/gaudiumetspes-blog.pl\/index.php\/wp-json\/wp\/v2\/categories?post=14686"},{"taxonomy":"post_tag","embeddable":true,"href":"https:\/\/gaudiumetspes-blog.pl\/index.php\/wp-json\/wp\/v2\/tags?post=14686"}],"curies":[{"name":"wp","href":"https:\/\/api.w.org\/{rel}","templated":true}]}}