{"id":14692,"date":"2019-02-14T07:56:00","date_gmt":"2019-02-14T06:56:00","guid":{"rendered":"https:\/\/gaudiumetspes-blog.pl\/index.php\/2019\/02\/14\/powysilac-sie-dla-pana\/"},"modified":"2019-07-31T12:59:46","modified_gmt":"2019-07-31T10:59:46","slug":"powysilac-sie-dla-pana","status":"publish","type":"post","link":"https:\/\/gaudiumetspes-blog.pl\/index.php\/2019\/02\/14\/powysilac-sie-dla-pana\/","title":{"rendered":"Powysila\u0107 si\u0119 dla Pana"},"content":{"rendered":"<p><\/p>\n<table cellpadding=\"0\" cellspacing=\"0\" class=\"tr-caption-container\" style=\"float: right; margin-left: 1em; text-align: right;\">\n<tbody>\n<tr>\n<td style=\"text-align: center;\"><a href=\"https:\/\/gaudiumetspes-blog.pl\/wp-content\/uploads\/2019\/02\/IMG_5729-1024x768.jpeg\" imageanchor=\"1\" style=\"clear: right; margin-bottom: 1em; margin-left: auto; margin-right: auto;\"><img loading=\"lazy\" decoding=\"async\" border=\"0\" data-original-height=\"1200\" data-original-width=\"1600\" height=\"240\" src=\"https:\/\/gaudiumetspes-blog.pl\/wp-content\/uploads\/2019\/02\/IMG_5729-1024x768.jpeg\" width=\"320\" \/><\/a><\/td>\n<\/tr>\n<tr>\n<td class=\"tr-caption\" style=\"text-align: center;\">Uniwersytet w Surgucie, przed nim pomnik <br \/>\n\u015aw. Cyryla i Metodego <br \/>\n(troch\u0119 s\u0142abo wida\u0107, ale uwierzcie \ud83d\ude42<\/td>\n<\/tr>\n<\/tbody>\n<\/table>\n<p><b><i>\u015awi\u0119to \u015bwi\u0119tych Cyryla, mnicha, i Metodego, biskupa &#8211; patron\u00f3w Europy<\/p>\n<p>(Dz 13, 46-49) <br \/>Pawe\u0142 i Barnaba powiedzieli do \u017byd\u00f3w: \u201eNale\u017ca\u0142o g\u0142osi\u0107 s\u0142owo Bo\u017ce najpierw wam. Skoro jednak odrzucacie je i sami uznajecie si\u0119 za niegodnych \u017cycia wiecznego, zwracamy si\u0119 do pogan. Tak bowiem nakaza\u0142 nam Pan: &#8222;Ustanowi\u0142em Ci\u0119 \u015bwiat\u0142o\u015bci\u0105 dla pogan, aby\u015b by\u0142 zbawieniem a\u017c po kra\u0144ce ziemi\u201d. Poganie s\u0142ysz\u0105c to radowali si\u0119 i wielbili s\u0142owo Pa\u0144skie, a wszyscy, przeznaczeni do \u017cycia wiecznego, uwierzyli. S\u0142owo Pa\u0144skie rozszerza\u0142o si\u0119 po ca\u0142ym kraju.<\/p>\n<p>(\u0141k 10, 1-9) <br \/>Spo\u015br\u00f3d swoich uczni\u00f3w wyznaczy\u0142 Pan jeszcze innych siedemdziesi\u0119ciu dw\u00f3ch i wys\u0142a\u0142 ich po dw\u00f3ch przed sob\u0105 do ka\u017cdego miasta i miejscowo\u015bci, dok\u0105d sam przyj\u015b\u0107 zamierza\u0142. Powiedzia\u0142 te\u017c do nich: &#8222;\u017bniwo wprawdzie wielkie, ale robotnik\u00f3w ma\u0142o; pro\u015bcie wi\u0119c Pana \u017cniwa, \u017ceby wyprawi\u0142 robotnik\u00f3w na swoje \u017cniwo. Id\u017acie, oto was posy\u0142am jak owce mi\u0119dzy wilki. Nie no\u015bcie z sob\u0105 trzosa ani torby, ani sanda\u0142\u00f3w; i nikogo w drodze nie pozdrawiajcie. Gdy do jakiego domu wejdziecie, najpierw m\u00f3wcie: \u201ePok\u00f3j temu domowi!\u201d Je\u015bli tam mieszka cz\u0142owiek godny pokoju, wasz pok\u00f3j spocznie na nim; je\u015bli nie, powr\u00f3ci do was. W tym samym domu zosta\u0144cie, jedz\u0105c i pij\u0105c, co maj\u0105: bo zas\u0142uguje robotnik na swoj\u0105 zap\u0142at\u0119.Nie przechod\u017acie z domu do domu. Je\u015bli do jakiego miasta wejdziecie i przyjm\u0105 was, jedzcie, co wam podadz\u0105; uzdrawiajcie chorych, kt\u00f3rzy tam s\u0105, i m\u00f3wcie im: \u201ePrzybli\u017cy\u0142o si\u0119 do was kr\u00f3lestwo Bo\u017ce\u201d.<\/i><\/b><\/p>\n<p><b>Niech b\u0119dzie pochwalony Jezus Chrystus!<\/b><br \/>\n<b><br \/><\/b><br \/>\nPozdrawiam serdecznie z Syberii, z Surgutu. Po fali mroz\u00f3w przysz\u0142y dni ciep\u0142e. Dzi\u015b kilka stopni mrozu, w tej chwili -5. To jest wyj\u0105tkowo ciep\u0142o, d\u0142ugo tak nie b\u0119dzie. <\/p>\n<p>Dzi\u015b, nie wiem na ile wci\u0105\u017c popularne jest to w Polsce, ale tu owszem, wsz\u0119dzie s\u0142yszymy, \u017ce dzi\u015b s\u0105 walentynki. <\/p>\n<p>Co si\u0119 tyczy \u015bwi\u0119tego Walentego, to nawet dok\u0142adnie nie wiemy kogo tu wspominamy, poniewa\u017c w jego \u017cyciorysie, z pierwszych wiek\u00f3w chrze\u015bcija\u0144stwa trudno odr\u00f3\u017cni\u0107 fakty historyczne od legendy, a nawet m\u00f3wi si\u0119 czasem, \u017ce \u015bwi\u0119tych o tym imieniu jest kilku i do ko\u0144ca nie wiemy kogo mamy na my\u015bli. Jednak w obchodzeniu walentynek zwykle nikt si\u0119 nie przejmuje \u017cyciorysem \u015bwi\u0119tego, bowiem obiektem zainteresowania w tym dniu jest kto\u015b inny. <\/p>\n<p>Trudno wi\u0119c nazwa\u0107 to \u015bwi\u0119to chrze\u015bcija\u0144skim, mimo, \u017ce wspomina si\u0119 \u015bwi\u0119tego, tym bardziej, \u017ce Ko\u015bci\u00f3\u0142 dzi\u015b wspomina innych wielkich \u015bwi\u0119tych, patron\u00f3w Europy, Cyryla i Metodego. Dzisiejszy dzie\u0144 jest w Ko\u015bciele w Europie i w Rosji, nie tylko wspomnieniem, ale i \u015bwi\u0119tem. <\/p>\n<p>Co si\u0119 za\u015b tyczy walentynek, to je\u015bli z okazji tego \u015bwi\u0119ta, m\u0105\u017c kupi \u017conie kwiatka, albo zaprosi na kolacj\u0119 do restauracji, albo na inn\u0105 randk\u0119, co \u015bwiadczy o ich nieustaj\u0105cym zakochaniu mimo wielu wsp\u00f3lnie prze\u017cytych lat, to jestem jak najbardziej za. Je\u015bli jednak to \u201e\u015bwi\u0119to\u201d ma si\u0119 sprowadza\u0107 do jakich\u015b niezbyt estetycznych zachowa\u0144 pary nastolatk\u00f3w na przystanku, czy na \u0142awce w parku, czy w innym publicznym miejscu, to warto wspomnie\u0107, \u017ce \u015bw. Walentyna uwa\u017ca si\u0119 nie tylko za patrona zakochanych, ale te\u017c chorych psychicznie. <\/p>\n<p>Zakochanie jest pi\u0119knym uczuciem, ale zawsze, nawet w najbardziej intensywnych przejawach musi by\u0107 podporz\u0105dkowane rozumowi i konkretnym zasadom, na przyk\u0142ad przykazaniom. I zakochani zawsze musz\u0105 pami\u0119ta\u0107, \u017ce uczucia s\u0105 niesta\u0142e, zmieniaj\u0105 si\u0119, znikaj\u0105, dlatego mi\u0142o\u015bci nie okre\u015blamy mianem uczucia, a zakochanie &#8211; tak. <\/p>\n<p>To taki ma\u0142y wst\u0119p, o ile dzi\u015b wielu o tym s\u0142ucha, my\u015bli i m\u00f3wi. <\/p>\n<p>A jak wspomnia\u0142em, u nas dzi\u015b \u015bwi\u0119to \u015bwi\u0119tych Cyryla i Metodego. <\/p>\n<p>Polecam wi\u0119c najpierw przeczyta\u0107 ich \u017cyciorys:<\/p>\n<p><a href=\"https:\/\/brewiarz.pl\/czytelnia\/swieci\/02-14a.php3\">https:\/\/brewiarz.pl\/czytelnia\/swieci\/02-14a.php3<\/a><\/p>\n<p>Proponuj\u0119, \u017ceby przeczyta\u0107 ten \u017cyciorys do ko\u0144ca, a potem popatrze\u0107 na publikacje proponowane przez &#8211; brewiarz.pl, gdzie w\u015br\u00f3d wa\u017cnych i dobrych publikacji na temat dzisiejszych patron\u00f3w, s\u0105 tacy autorzy jak &#8211; Jan Pawe\u0142 II, Benedykt XVI, czy Ks. Jacek Ja\u015bkowski. Zach\u0119cam do lektury. Po takich lekturach, moje wypociny s\u0105 ju\u017c tylko niezdarnym dodatkiem, kt\u00f3rego mo\u017cecie nawet nie czyta\u0107. <\/p>\n<p>Ale jednak napisz\u0119, by nie pos\u0105dzono mnie o lenistwo.<br \/>\n<a name='more'><\/a><\/p>\n<table cellpadding=\"0\" cellspacing=\"0\" class=\"tr-caption-container\" style=\"float: left; margin-right: 1em; text-align: left;\">\n<tbody>\n<tr>\n<td style=\"text-align: center;\"><a href=\"https:\/\/gaudiumetspes-blog.pl\/wp-content\/uploads\/2019\/02\/IMG_6115-1024x768.jpeg\" imageanchor=\"1\" style=\"clear: left; margin-bottom: 1em; margin-left: auto; margin-right: auto;\"><img loading=\"lazy\" decoding=\"async\" border=\"0\" data-original-height=\"1200\" data-original-width=\"1600\" height=\"240\" src=\"https:\/\/gaudiumetspes-blog.pl\/wp-content\/uploads\/2019\/02\/IMG_6115-1024x768.jpeg\" width=\"320\" \/><\/a><\/td>\n<\/tr>\n<tr>\n<td class=\"tr-caption\" style=\"text-align: center;\">Dawno nie widzieli\u015bcie naszego ko\u015bcio\u0142a &#8211; nowe zdj\u0119cie.<\/td>\n<\/tr>\n<\/tbody>\n<\/table>\n<p>\u015awi\u0119ci Cyryl i Metody, co zapewne jest oczywiste, czczeni s\u0105 mocno przez Ko\u015bci\u00f3\u0142 Prawos\u0142awny i w og\u00f3le na Rusi. Bo przecie\u017c w\u0142a\u015bnie od Cyryla bierze nazw\u0119 Cyrylica i to w\u0142a\u015bnie owi \u015bwi\u0119ci bracia s\u0105 autorami t\u0142umaczenia na j\u0119zyk starocerkiewno-s\u0142owia\u0144ski liturgii, kt\u00f3r\u0105 do tej pory pos\u0142uguje si\u0119 Ko\u015bci\u00f3\u0142 Prawos\u0142awny. <\/p>\n<p>(W wielu komentarzach czytam dzi\u015b, \u017ce te\u017c owym j\u0119zykiem pos\u0142uguje si\u0119 ko\u015bci\u00f3\u0142 greko-katolicki. Mo\u017ce gdzie\u015b tak, jednak nasi greko-katolicy pos\u0142uguj\u0105 si\u0119 j\u0119zykiem ukrai\u0144skim). <\/p>\n<p>M\u00f3wi\u0105c o ich niezwyk\u0142ej roli dla wschodu, dla Ko\u015bcio\u0142a Prawos\u0142awnego, zawsze podkre\u015blam w ich \u017cyciorysie taki moment, bo przecie\u017c m\u00f3wimy o IX wieku, czyli przed schizm\u0105, \u017ce owi tw\u00f3rcy j\u0119zyka i t\u0142umacze liturgii, kiedy spotykali si\u0119 z niezrozumieniem swoich dzia\u0142a\u0144, natychmiast spieszyli do papie\u017ca, by u niego szuka\u0107 rady, wsparcia i b\u0142ogos\u0142awie\u0144stwa. Udawali si\u0119 do Rzymu, do centrum chrze\u015bcija\u0144stwa, by tam zdoby\u0107 zgod\u0119 i b\u0142ogos\u0142awie\u0144stwo. <\/p>\n<p>Dlatego uwa\u017camy ich za patron\u00f3w jedno\u015bci, ekumenizmu. <\/p>\n<p>Mo\u017cna by powiedzie\u0107, \u017ce pi\u0119knie ich opisuje dzisiejsza liturgia s\u0142owa. Jednak to na odwr\u00f3t &#8211; ich \u017cycie jest pi\u0119knym opisem, komentarzem, do dzisiejszej liturgii s\u0142owa. <\/p>\n<p>Sp\u00f3jrzmy na niekt\u00f3re zdania: <\/p>\n<p>\u201e&#8221;Ustanowi\u0142em Ci\u0119 \u015bwiat\u0142o\u015bci\u0105 dla pogan, aby\u015b by\u0142 zbawieniem a\u017c po kra\u0144ce ziemi\u201d. Poganie s\u0142ysz\u0105c to radowali si\u0119 i wielbili s\u0142owo Pa\u0144skie, a wszyscy, przeznaczeni do \u017cycia wiecznego, uwierzyli. S\u0142owo Pa\u0144skie rozszerza\u0142o si\u0119 po ca\u0142ym kraju\u201d.<\/p>\n<p>Czy\u017c te s\u0142owa nie oddaj\u0105 cudownie tego co robili i co zrobili Cyryl i Metody? Oni swoim przek\u0142adem przynie\u015bli \u015bwiat\u0142o s\u0142owa Bo\u017cego, \u015bwiat\u0142o modlitwy, liturgii, dla wielu \u017cyj\u0105cych w ciemno\u015bci, dla pogan. Ludzie, kt\u00f3rzy otrzymali te teksty, ten j\u0119zyk, to t\u0142umaczenie &#8211; \u201es\u0142ysz\u0105c to radowali si\u0119 i wielbili s\u0142owo Pa\u0144skie\u201d.<\/p>\n<p>\u201eWys\u0142a\u0142 ich po dw\u00f3ch przed sob\u0105\u201d &#8211; to jest jasne, nie wymaga komentarza.<\/p>\n<p>\u201e&#8221;\u017bniwo wprawdzie wielkie, ale robotnik\u00f3w ma\u0142o; pro\u015bcie wi\u0119c Pana \u017cniwa, \u017ceby wyprawi\u0142 robotnik\u00f3w na swoje \u017cniwo. Id\u017acie, oto was posy\u0142am jak owce mi\u0119dzy wilki\u201d.<\/p>\n<p>Robotnik\u00f3w ma\u0142o. Zadziwiaj\u0105ce jest jak wiele zrobili \u015bwi\u0119ci Cyryl i Metody, cho\u0107 nie tak zn\u00f3w d\u0142ugo \u017cyli, Cyryl \u017cy\u0142 826-869, czyli 43 lata. I w tym czasie zd\u0105\u017cy\u0142 tyle zrobi\u0107 i tak zapisa\u0107 si\u0119 w historii. Metody \u017cy\u0142 d\u0142u\u017cej, 815\/820-885. Trudno powiedzie\u0107 ile lat \u017cy\u0142, ale oko\u0142o 65-70. <\/p>\n<p>Warto zacytowa\u0107 fragment z ich biografii:<\/p>\n<p>\u201eNa \u017c\u0105danie cesarza Micha\u0142a III obaj wyruszyli do kraju Chazar\u00f3w na Krym, aby rozwi\u0105za\u0107 spory religijne mi\u0119dzy chrze\u015bcijanami, \u017bydami i Saracenami. Cyryl przygotowa\u0142 si\u0119 do tej misji bardzo starannie &#8211; nauczy\u0142 si\u0119 j\u0119zyka hebrajskiego (by dyskutowa\u0107 z \u017bydami) i syryjskiego (by prowadzi\u0107 dialog z Arabami, przyby\u0142ymi z okolic Syrii). Po udanej misji zosta\u0142 wys\u0142any z bratem przez patriarch\u0119 \u015bw. Ignacego, aby nie\u015b\u0107 chrze\u015bcija\u0144stwo Bu\u0142garom. Po\u015br\u00f3d nich pracowali pi\u0119\u0107 lat. Nast\u0119pnie, na pro\u015bb\u0119 ksi\u0119cia Ro\u015bcis\u0142awa udali si\u0119 z podobn\u0105 misj\u0105 na Morawy, gdzie wprowadzili do liturgii j\u0119zyk s\u0142owia\u0144ski pisany alfabetem greckim (g\u0142agolic\u0119). Potem jeden z uczni\u00f3w \u015bw. Metodego wprowadzi\u0142 do tego pisma majusku\u0142y (du\u017ce litery) alfabetu greckiego. Pismo to nazwano cyrylic\u0105. Cyryl przet\u0142umaczy\u0142 Pismo \u015awi\u0119te na j\u0119zyk starocerkiewno-s\u0142owia\u0144ski. Inkulturacja chrze\u015bcija\u0144stwa sta\u0142a si\u0119 przyczyn\u0105 ich cierpie\u0144, a nawet prze\u015bladowa\u0144\u201d.<\/p>\n<p>Wida\u0107 tu jakimi byli robotnikami, jak wiele zrobili, jak wiele si\u0119 trudzili &#8211; \u201e\u017cniwo wielkie, ale robotnik\u00f3w ma\u0142o\u201d.<\/p>\n<p>Wida\u0107 tak\u017ce jak cierpieli za to swoje &#8211; Bo\u017ce dzie\u0142o &#8211; \u201eId\u017acie, oto was posy\u0142am jak owce mi\u0119dzy wilki\u201d.<\/p>\n<p>Kiedy tak patrzymy na ich przyk\u0142ad, mo\u017cemy si\u0119 zastanowi\u0107 &#8211; jakimi my jeste\u015bmy robotnikami na niwie Pa\u0144skiej? Tu nie chodzi tylko o ksi\u0119\u017cy, zakonnik\u00f3w, czy siostry zakonne, ale ka\u017cdy z nas, chrze\u015bcijan &#8211; jakimi jeste\u015bmy robotnikami, jak si\u0119 trudzimy, jak wykorzystujemy nasz czas?<\/p>\n<p>A dalej jak troszczymy si\u0119 o pos\u0142usze\u0144stwo Ko\u015bcio\u0142owi, wierno\u015b\u0107 Ojcu \u015awi\u0119temu, o jedno\u015b\u0107 Ko\u015bcio\u0142a. <\/p>\n<p>\u017bniwo wielkie, robotnik\u00f3w ma\u0142o. Spr\u00f3bujmy dzi\u015b popracowa\u0107 dla Pana, powysila\u0107 si\u0119, potrudzi\u0107 si\u0119, tak, jak chce od nas Pan, wed\u0142ug swojego powo\u0142ania, wed\u0142ug tego, do czego ka\u017cdego z nas indywidualnie wzywa Pan. <\/p>\n<p>Co si\u0119 za\u015b tyczy Syberii, o czym wspomina\u0142 wczoraj ks. Jacek, to jestem wdzi\u0119czny za wszelk\u0105 modlitw\u0119, ale tak naprawd\u0119 to teraz jeszcze wi\u0119cej jej potrzeba. <\/p>\n<p>Wczoraj w Nowosybirsku, w kurii, zbiera\u0142a si\u0119 ekonomiczna komisja naszej diecezji, kt\u00f3ra planuje wydatki i rozmy\u015bla sk\u0105d wzi\u0105\u0107 \u015brodki na funkcjonowanie parafii w naszej diecezji. Od jakiego\u015b czasu ten temat jest podejmowany, ale sprawy zacz\u0119\u0142y si\u0119 posuwa\u0107 \u017cywiej\u2026 Pod obrady owej komisji wnios\u0142em pomys\u0142 o sprzeda\u017cy mieszkania, w kt\u00f3rym mieszkam teraz, poniewa\u017c jest ono 9 km. od ko\u015bcio\u0142a, i zaproponowa\u0142em, \u017ceby za te pieni\u0105dze zbudowa\u0107 dom parafialny przy ko\u015bciele. Spotyka\u0142em si\u0119 w tej sprawie kilka razy w ostatnich dniach z moimi parafianami i z firm\u0105 naszego parafianina, kt\u00f3ra mo\u017ce podj\u0105\u0107 si\u0119 tej budowy. Jak si\u0119 dzi\u015b rano dowiedzia\u0142em, w dniu wczorajszym komisja pozytywnie oceni\u0142a ten projekt, wnios\u0142a tylko poprawki do samego pierwszego projektu domu. (Owych poprawek jeszcze nie znam). <\/p>\n<p>A wi\u0119c, jak m\u00f3wi stare powiedzonko &#8211; nie mia\u0142a baba problemu kupi\u0142a sobie prosi\u0119\u2026 <\/p>\n<p>Przyjdzie jeszcze zaj\u0105\u0107 si\u0119 budow\u0105 domu. Ci\u0105gle w g\u0142owie kr\u0119c\u0105 mi si\u0119 s\u0142owa z psalmu 127 &#8211; \u201eJe\u017celi domu Pan nie zbuduje, na pr\u00f3\u017cno si\u0119 trudz\u0105 ci, kt\u00f3rzy go wznosz\u0105\u201d.<\/p>\n<p>A wi\u0119c, trzeba si\u0119 modli\u0107. <\/p>\n<p>A tak poza tym, przygotowujemy si\u0119 do Pielgrzymki do Lourdes, ci, kt\u00f3rzy si\u0119 wybieraj\u0105 robi\u0105 wizy. Wczoraj byli u nas nasi parafianie z Uraju (730 km.), kt\u00f3rzy przyjechali, \u017ceby w Surgucie z\u0142o\u017cy\u0107 dokumenty na wiz\u0119. <\/p>\n<p>W naszym ko\u015bciele robimy od jakiego\u015b czasu internetow\u0105 transmisj\u0119 Mszy \u015aw. Pi\u0119kne jest \u015bwiadectwo wsp\u00f3lnoty w\u0142a\u015bnie w Uraju, kt\u00f3ra zbiera si\u0119 w ka\u017cd\u0105 niedziel\u0119, by obejrze\u0107 transmisj\u0119 Mszy \u015aw., a potem wsp\u00f3lnie jeszcze si\u0119 modl\u0105. <\/p>\n<p>Wczoraj by\u0142a tak\u017ce katecheza dla doros\u0142ych, zw\u0142aszcza dla tych, kt\u00f3rzy przygotowuj\u0105 si\u0119 do chrztu, do I Komunii \u015aw, do ma\u0142\u017ce\u0144stwa. Cz\u0119sto s\u0105 to ludzie nie najm\u0142odsi, jednak zaskakuje, \u017ce na takich katechezach jest coraz to wi\u0119cej ludzi. Te katechezy prowadzi s. Teresa. <\/p>\n<p>W ostatni\u0105 niedziel\u0119 byli\u015bmy w Nojabrsku. Tam r\u00f3wnie\u017c cieszy to, \u017ce przysz\u0142o du\u017co ludzi, a tak\u017ce, \u017ce uda\u0142o si\u0119 rozwi\u0105za\u0107 pewne administracyjne problemy i pogada\u0107 z s\u0105siadami, kt\u00f3rzy mieli do nas bezpodstawne problemy (ju\u017c jest spokojnie). Bogu niech b\u0119d\u0105 dzi\u0119ki. <\/p>\n<p>Warto doda\u0107, \u017ce z okazji wspomnienia Matki Bo\u017cej Lourdskiej, w Surgucie i Nojabrsku, w niedziel\u0119, kilkadziesi\u0105t os\u00f3b przyj\u0119\u0142o sakrament Namaszczenia Chorych.<\/p>\n<p>Kiedy si\u0119 na to patrzy, jeszcze bardziej wybrzmiewaj\u0105 s\u0142owa z dzisiejszej Ewangelii &#8211; \u201e\u017bniwo wprawdzie wielkie, ale robotnik\u00f3w ma\u0142o; pro\u015bcie wi\u0119c Pana \u017cniwa, \u017ceby wyprawi\u0142 robotnik\u00f3w na swoje \u017cniwo\u201d.<\/p>\n<p>Czekamy ju\u017c na ksi\u0119dza Paw\u0142a i modlimy si\u0119 dalej &#8211; o nowych robotnik\u00f3w na niwie Pa\u0144skiej. <\/p>\n<p>Raz jeszcze dzi\u0119kuj\u0119 za Wasz\u0105 modlitw\u0119 i o ni\u0105 prosz\u0119. <\/p>\n<p>Niech Pan B\u00f3g Was b\u0142ogos\u0142awi &#8211; w imi\u0119 Ojca + i Syna, i Ducha \u015awi\u0119tego. Amen. <\/p>\n<p>Pozdrawiam.<\/p>\n<p>Z Bogiem!<\/p>\n<table cellpadding=\"0\" cellspacing=\"0\" class=\"tr-caption-container\" style=\"float: right; margin-left: 1em; text-align: right;\">\n<tbody>\n<tr>\n<td style=\"text-align: center;\"><a href=\"https:\/\/gaudiumetspes-blog.pl\/wp-content\/uploads\/2019\/02\/7f7194d9-642a-497a-84a0-2400ac27425c-1024x768.jpg\" imageanchor=\"1\" style=\"clear: right; margin-bottom: 1em; margin-left: auto; margin-right: auto;\"><img loading=\"lazy\" decoding=\"async\" border=\"0\" data-original-height=\"1200\" data-original-width=\"1600\" height=\"240\" src=\"https:\/\/gaudiumetspes-blog.pl\/wp-content\/uploads\/2019\/02\/7f7194d9-642a-497a-84a0-2400ac27425c-1024x768.jpg\" width=\"320\" \/><\/a><\/td>\n<\/tr>\n<tr>\n<td class=\"tr-caption\" style=\"text-align: center;\">Dzi\u015b kilka zdj\u0119\u0107 jakie w ostatnim czasie przys\u0142ali mi znajomi z ca\u0142ego \u015bwiata<br \/>\nUSA &#8211; z powodu minimalnych mroz\u00f3w sparali\u017cowany ruch w ca\u0142ym mie\u015bcie \ud83d\ude42<\/td>\n<\/tr>\n<\/tbody>\n<\/table>\n<p><\/p>\n<table align=\"center\" cellpadding=\"0\" cellspacing=\"0\" class=\"tr-caption-container\" style=\"margin-left: auto; margin-right: auto; text-align: center;\">\n<tbody>\n<tr>\n<td style=\"text-align: center;\"><a href=\"https:\/\/gaudiumetspes-blog.pl\/wp-content\/uploads\/2019\/02\/8b7e91f0-4e8f-49aa-87df-c5f9f685a977-1024x576.jpg\" imageanchor=\"1\" style=\"margin-left: auto; margin-right: auto;\"><img loading=\"lazy\" decoding=\"async\" border=\"0\" data-original-height=\"581\" data-original-width=\"1032\" height=\"180\" src=\"https:\/\/gaudiumetspes-blog.pl\/wp-content\/uploads\/2019\/02\/8b7e91f0-4e8f-49aa-87df-c5f9f685a977-1024x576.jpg\" width=\"320\" \/><\/a><\/td>\n<\/tr>\n<tr>\n<td class=\"tr-caption\" style=\"text-align: center;\">Boliwia &#8211; ksi\u0105dz Jarek wybra\u0142 si\u0119 do miasta. <br \/>\nMiasto na wysoko\u015bci 3500 m.n.p.m.<\/td>\n<\/tr>\n<\/tbody>\n<\/table>\n<p><\/p>\n<div class=\"separator\" style=\"clear: both; text-align: center;\">\n<a href=\"https:\/\/gaudiumetspes-blog.pl\/wp-content\/uploads\/2019\/02\/166b8708-4da0-4743-97f4-438da2189292-1024x576.jpg\" imageanchor=\"1\" style=\"clear: left; float: left; margin-bottom: 1em; margin-right: 1em;\"><img loading=\"lazy\" decoding=\"async\" border=\"0\" data-original-height=\"581\" data-original-width=\"1032\" height=\"180\" src=\"https:\/\/gaudiumetspes-blog.pl\/wp-content\/uploads\/2019\/02\/166b8708-4da0-4743-97f4-438da2189292-1024x576.jpg\" width=\"320\" \/><\/a><\/div>\n<p><\/p>\n<table align=\"center\" cellpadding=\"0\" cellspacing=\"0\" class=\"tr-caption-container\" style=\"margin-left: auto; margin-right: auto; text-align: center;\">\n<tbody>\n<tr>\n<td style=\"text-align: center;\"><a href=\"https:\/\/gaudiumetspes-blog.pl\/wp-content\/uploads\/2019\/02\/0784bfbc-98a0-4650-b0d6-dae66241e1cf-1024x768.jpg\" imageanchor=\"1\" style=\"margin-left: auto; margin-right: auto;\"><img loading=\"lazy\" decoding=\"async\" border=\"0\" data-original-height=\"774\" data-original-width=\"1032\" height=\"240\" src=\"https:\/\/gaudiumetspes-blog.pl\/wp-content\/uploads\/2019\/02\/0784bfbc-98a0-4650-b0d6-dae66241e1cf-1024x768.jpg\" width=\"320\" \/><\/a><\/td>\n<\/tr>\n<tr>\n<td class=\"tr-caption\" style=\"text-align: center;\">Tomsk &#8211; widok z dachu ko\u015bcio\u0142a<\/td>\n<\/tr>\n<\/tbody>\n<\/table>\n<p><\/p>\n","protected":false},"excerpt":{"rendered":"<p>Uniwersytet w Surgucie, przed nim pomnik \u015aw. Cyryla i Metodego (troch\u0119 s\u0142abo wida\u0107, ale uwierzcie \ud83d\ude42 \u015awi\u0119to \u015bwi\u0119tych Cyryla, mnicha, i Metodego, biskupa &#8211; patron\u00f3w Europy (Dz 13, 46-49) Pawe\u0142 i Barnaba powiedzieli do \u017byd\u00f3w: \u201eNale\u017ca\u0142o g\u0142osi\u0107 s\u0142owo Bo\u017ce najpierw wam. Skoro jednak odrzucacie je i sami uznajecie si\u0119 za niegodnych \u017cycia wiecznego, zwracamy si\u0119 [&hellip;]<\/p>\n","protected":false},"author":1,"featured_media":0,"comment_status":"open","ping_status":"open","sticky":false,"template":"","format":"standard","meta":{"jetpack_post_was_ever_published":false,"_jetpack_newsletter_access":"","_jetpack_dont_email_post_to_subs":false,"_jetpack_newsletter_tier_id":0,"_jetpack_memberships_contains_paywalled_content":false,"_jetpack_memberships_contains_paid_content":false,"footnotes":""},"categories":[1],"tags":[],"class_list":["post-14692","post","type-post","status-publish","format-standard","hentry","category-bez-kategorii"],"yoast_head":"<!-- This site is optimized with the Yoast SEO plugin v25.1 - https:\/\/yoast.com\/wordpress\/plugins\/seo\/ -->\n<title>Powysila\u0107 si\u0119 dla Pana - Gaudium Et Spes<\/title>\n<meta name=\"robots\" content=\"index, follow, max-snippet:-1, max-image-preview:large, max-video-preview:-1\" \/>\n<link rel=\"canonical\" href=\"https:\/\/gaudiumetspes-blog.pl\/index.php\/2019\/02\/14\/powysilac-sie-dla-pana\/\" \/>\n<meta property=\"og:locale\" content=\"pl_PL\" \/>\n<meta property=\"og:type\" content=\"article\" \/>\n<meta property=\"og:title\" content=\"Powysila\u0107 si\u0119 dla Pana - Gaudium Et Spes\" \/>\n<meta property=\"og:description\" content=\"Uniwersytet w Surgucie, przed nim pomnik \u015aw. Cyryla i Metodego (troch\u0119 s\u0142abo wida\u0107, ale uwierzcie \ud83d\ude42 \u015awi\u0119to \u015bwi\u0119tych Cyryla, mnicha, i Metodego, biskupa &#8211; patron\u00f3w Europy (Dz 13, 46-49) Pawe\u0142 i Barnaba powiedzieli do \u017byd\u00f3w: \u201eNale\u017ca\u0142o g\u0142osi\u0107 s\u0142owo Bo\u017ce najpierw wam. Skoro jednak odrzucacie je i sami uznajecie si\u0119 za niegodnych \u017cycia wiecznego, zwracamy si\u0119 [&hellip;]\" \/>\n<meta property=\"og:url\" content=\"https:\/\/gaudiumetspes-blog.pl\/index.php\/2019\/02\/14\/powysilac-sie-dla-pana\/\" \/>\n<meta property=\"og:site_name\" content=\"Gaudium Et Spes\" \/>\n<meta property=\"article:published_time\" content=\"2019-02-14T06:56:00+00:00\" \/>\n<meta property=\"article:modified_time\" content=\"2019-07-31T10:59:46+00:00\" \/>\n<meta property=\"og:image\" content=\"https:\/\/gaudiumetspes-blog.pl\/wp-content\/uploads\/2019\/02\/IMG_5729-1024x768.jpeg\" \/>\n<meta name=\"author\" content=\"Ks. Jacek\" \/>\n<meta name=\"twitter:card\" content=\"summary_large_image\" \/>\n<meta name=\"twitter:label1\" content=\"Napisane przez\" \/>\n\t<meta name=\"twitter:data1\" content=\"Ks. Jacek\" \/>\n\t<meta name=\"twitter:label2\" content=\"Szacowany czas czytania\" \/>\n\t<meta name=\"twitter:data2\" content=\"11 minut\" \/>\n<script type=\"application\/ld+json\" class=\"yoast-schema-graph\">{\"@context\":\"https:\/\/schema.org\",\"@graph\":[{\"@type\":\"WebPage\",\"@id\":\"https:\/\/gaudiumetspes-blog.pl\/index.php\/2019\/02\/14\/powysilac-sie-dla-pana\/\",\"url\":\"https:\/\/gaudiumetspes-blog.pl\/index.php\/2019\/02\/14\/powysilac-sie-dla-pana\/\",\"name\":\"Powysila\u0107 si\u0119 dla Pana - Gaudium Et Spes\",\"isPartOf\":{\"@id\":\"https:\/\/gaudiumetspes-blog.pl\/#website\"},\"primaryImageOfPage\":{\"@id\":\"https:\/\/gaudiumetspes-blog.pl\/index.php\/2019\/02\/14\/powysilac-sie-dla-pana\/#primaryimage\"},\"image\":{\"@id\":\"https:\/\/gaudiumetspes-blog.pl\/index.php\/2019\/02\/14\/powysilac-sie-dla-pana\/#primaryimage\"},\"thumbnailUrl\":\"https:\/\/gaudiumetspes-blog.pl\/wp-content\/uploads\/2019\/02\/IMG_5729-1024x768.jpeg\",\"datePublished\":\"2019-02-14T06:56:00+00:00\",\"dateModified\":\"2019-07-31T10:59:46+00:00\",\"author\":{\"@id\":\"https:\/\/gaudiumetspes-blog.pl\/#\/schema\/person\/1661982992b752dea8dff0d4ed845a65\"},\"breadcrumb\":{\"@id\":\"https:\/\/gaudiumetspes-blog.pl\/index.php\/2019\/02\/14\/powysilac-sie-dla-pana\/#breadcrumb\"},\"inLanguage\":\"pl-PL\",\"potentialAction\":[{\"@type\":\"ReadAction\",\"target\":[\"https:\/\/gaudiumetspes-blog.pl\/index.php\/2019\/02\/14\/powysilac-sie-dla-pana\/\"]}]},{\"@type\":\"ImageObject\",\"inLanguage\":\"pl-PL\",\"@id\":\"https:\/\/gaudiumetspes-blog.pl\/index.php\/2019\/02\/14\/powysilac-sie-dla-pana\/#primaryimage\",\"url\":\"https:\/\/gaudiumetspes-blog.pl\/wp-content\/uploads\/2019\/02\/IMG_5729-1024x768.jpeg\",\"contentUrl\":\"https:\/\/gaudiumetspes-blog.pl\/wp-content\/uploads\/2019\/02\/IMG_5729-1024x768.jpeg\"},{\"@type\":\"BreadcrumbList\",\"@id\":\"https:\/\/gaudiumetspes-blog.pl\/index.php\/2019\/02\/14\/powysilac-sie-dla-pana\/#breadcrumb\",\"itemListElement\":[{\"@type\":\"ListItem\",\"position\":1,\"name\":\"Strona g\u0142\u00f3wna\",\"item\":\"https:\/\/gaudiumetspes-blog.pl\/\"},{\"@type\":\"ListItem\",\"position\":2,\"name\":\"Powysila\u0107 si\u0119 dla Pana\"}]},{\"@type\":\"WebSite\",\"@id\":\"https:\/\/gaudiumetspes-blog.pl\/#website\",\"url\":\"https:\/\/gaudiumetspes-blog.pl\/\",\"name\":\"Gaudium Et Spes\",\"description\":\"Blog Ks. Jacka Ja\u015bkowskiego\",\"potentialAction\":[{\"@type\":\"SearchAction\",\"target\":{\"@type\":\"EntryPoint\",\"urlTemplate\":\"https:\/\/gaudiumetspes-blog.pl\/?s={search_term_string}\"},\"query-input\":{\"@type\":\"PropertyValueSpecification\",\"valueRequired\":true,\"valueName\":\"search_term_string\"}}],\"inLanguage\":\"pl-PL\"},{\"@type\":\"Person\",\"@id\":\"https:\/\/gaudiumetspes-blog.pl\/#\/schema\/person\/1661982992b752dea8dff0d4ed845a65\",\"name\":\"Ks. Jacek\",\"image\":{\"@type\":\"ImageObject\",\"inLanguage\":\"pl-PL\",\"@id\":\"https:\/\/gaudiumetspes-blog.pl\/#\/schema\/person\/image\/\",\"url\":\"https:\/\/gaudiumetspes-blog.pl\/wp-content\/uploads\/2019\/07\/avatar-JJ-150x150.jpg\",\"contentUrl\":\"https:\/\/gaudiumetspes-blog.pl\/wp-content\/uploads\/2019\/07\/avatar-JJ-150x150.jpg\",\"caption\":\"Ks. Jacek\"},\"description\":\"Witam serdecznie! K\u0142ania si\u0119 Ks. Jacek Ja\u015bkowski. Nie jestem ani kim\u015b wa\u017cnym, ani kim\u015b znanym. Jestem ksi\u0119dzem, kt\u00f3ry po prostu chce rozmawia\u0107. Codzienna kap\u0142a\u0144ska pos\u0142uga pokazuje mi, \u017ce temat\u00f3w do rozm\u00f3w z ksi\u0119dzem jest coraz wi\u0119cej i dzisiaj \u017caden ksi\u0105dz nie mo\u017ce od nich ucieka\u0107, ale - wprost przeciwnie - podejmowa\u0107 nowe wyzwania. To przekonanie sk\u0142oni\u0142o mnie do pr\u00f3by otwarcia tego\u017c bloga, chocia\u017c okazji do rozm\u00f3w na co dzie\u0144 - w konfesjonale i poza nim - na szcz\u0119\u015bcie nie brakuje. My\u015bl\u0119 jednak, \u017ce ten blog b\u0119dzie jeszcze jednym sposobem i przestrzeni\u0105 nawi\u0105zania kontaktu z lud\u017ami dobrej woli, otwartymi na dialog.\",\"url\":\"https:\/\/gaudiumetspes-blog.pl\/index.php\/author\/ks-jacek\/\"}]}<\/script>\n<!-- \/ Yoast SEO plugin. -->","yoast_head_json":{"title":"Powysila\u0107 si\u0119 dla Pana - Gaudium Et Spes","robots":{"index":"index","follow":"follow","max-snippet":"max-snippet:-1","max-image-preview":"max-image-preview:large","max-video-preview":"max-video-preview:-1"},"canonical":"https:\/\/gaudiumetspes-blog.pl\/index.php\/2019\/02\/14\/powysilac-sie-dla-pana\/","og_locale":"pl_PL","og_type":"article","og_title":"Powysila\u0107 si\u0119 dla Pana - Gaudium Et Spes","og_description":"Uniwersytet w Surgucie, przed nim pomnik \u015aw. Cyryla i Metodego (troch\u0119 s\u0142abo wida\u0107, ale uwierzcie \ud83d\ude42 \u015awi\u0119to \u015bwi\u0119tych Cyryla, mnicha, i Metodego, biskupa &#8211; patron\u00f3w Europy (Dz 13, 46-49) Pawe\u0142 i Barnaba powiedzieli do \u017byd\u00f3w: \u201eNale\u017ca\u0142o g\u0142osi\u0107 s\u0142owo Bo\u017ce najpierw wam. Skoro jednak odrzucacie je i sami uznajecie si\u0119 za niegodnych \u017cycia wiecznego, zwracamy si\u0119 [&hellip;]","og_url":"https:\/\/gaudiumetspes-blog.pl\/index.php\/2019\/02\/14\/powysilac-sie-dla-pana\/","og_site_name":"Gaudium Et Spes","article_published_time":"2019-02-14T06:56:00+00:00","article_modified_time":"2019-07-31T10:59:46+00:00","og_image":[{"url":"https:\/\/gaudiumetspes-blog.pl\/wp-content\/uploads\/2019\/02\/IMG_5729-1024x768.jpeg","type":"","width":"","height":""}],"author":"Ks. Jacek","twitter_card":"summary_large_image","twitter_misc":{"Napisane przez":"Ks. Jacek","Szacowany czas czytania":"11 minut"},"schema":{"@context":"https:\/\/schema.org","@graph":[{"@type":"WebPage","@id":"https:\/\/gaudiumetspes-blog.pl\/index.php\/2019\/02\/14\/powysilac-sie-dla-pana\/","url":"https:\/\/gaudiumetspes-blog.pl\/index.php\/2019\/02\/14\/powysilac-sie-dla-pana\/","name":"Powysila\u0107 si\u0119 dla Pana - Gaudium Et Spes","isPartOf":{"@id":"https:\/\/gaudiumetspes-blog.pl\/#website"},"primaryImageOfPage":{"@id":"https:\/\/gaudiumetspes-blog.pl\/index.php\/2019\/02\/14\/powysilac-sie-dla-pana\/#primaryimage"},"image":{"@id":"https:\/\/gaudiumetspes-blog.pl\/index.php\/2019\/02\/14\/powysilac-sie-dla-pana\/#primaryimage"},"thumbnailUrl":"https:\/\/gaudiumetspes-blog.pl\/wp-content\/uploads\/2019\/02\/IMG_5729-1024x768.jpeg","datePublished":"2019-02-14T06:56:00+00:00","dateModified":"2019-07-31T10:59:46+00:00","author":{"@id":"https:\/\/gaudiumetspes-blog.pl\/#\/schema\/person\/1661982992b752dea8dff0d4ed845a65"},"breadcrumb":{"@id":"https:\/\/gaudiumetspes-blog.pl\/index.php\/2019\/02\/14\/powysilac-sie-dla-pana\/#breadcrumb"},"inLanguage":"pl-PL","potentialAction":[{"@type":"ReadAction","target":["https:\/\/gaudiumetspes-blog.pl\/index.php\/2019\/02\/14\/powysilac-sie-dla-pana\/"]}]},{"@type":"ImageObject","inLanguage":"pl-PL","@id":"https:\/\/gaudiumetspes-blog.pl\/index.php\/2019\/02\/14\/powysilac-sie-dla-pana\/#primaryimage","url":"https:\/\/gaudiumetspes-blog.pl\/wp-content\/uploads\/2019\/02\/IMG_5729-1024x768.jpeg","contentUrl":"https:\/\/gaudiumetspes-blog.pl\/wp-content\/uploads\/2019\/02\/IMG_5729-1024x768.jpeg"},{"@type":"BreadcrumbList","@id":"https:\/\/gaudiumetspes-blog.pl\/index.php\/2019\/02\/14\/powysilac-sie-dla-pana\/#breadcrumb","itemListElement":[{"@type":"ListItem","position":1,"name":"Strona g\u0142\u00f3wna","item":"https:\/\/gaudiumetspes-blog.pl\/"},{"@type":"ListItem","position":2,"name":"Powysila\u0107 si\u0119 dla Pana"}]},{"@type":"WebSite","@id":"https:\/\/gaudiumetspes-blog.pl\/#website","url":"https:\/\/gaudiumetspes-blog.pl\/","name":"Gaudium Et Spes","description":"Blog Ks. Jacka Ja\u015bkowskiego","potentialAction":[{"@type":"SearchAction","target":{"@type":"EntryPoint","urlTemplate":"https:\/\/gaudiumetspes-blog.pl\/?s={search_term_string}"},"query-input":{"@type":"PropertyValueSpecification","valueRequired":true,"valueName":"search_term_string"}}],"inLanguage":"pl-PL"},{"@type":"Person","@id":"https:\/\/gaudiumetspes-blog.pl\/#\/schema\/person\/1661982992b752dea8dff0d4ed845a65","name":"Ks. Jacek","image":{"@type":"ImageObject","inLanguage":"pl-PL","@id":"https:\/\/gaudiumetspes-blog.pl\/#\/schema\/person\/image\/","url":"https:\/\/gaudiumetspes-blog.pl\/wp-content\/uploads\/2019\/07\/avatar-JJ-150x150.jpg","contentUrl":"https:\/\/gaudiumetspes-blog.pl\/wp-content\/uploads\/2019\/07\/avatar-JJ-150x150.jpg","caption":"Ks. Jacek"},"description":"Witam serdecznie! K\u0142ania si\u0119 Ks. Jacek Ja\u015bkowski. Nie jestem ani kim\u015b wa\u017cnym, ani kim\u015b znanym. Jestem ksi\u0119dzem, kt\u00f3ry po prostu chce rozmawia\u0107. Codzienna kap\u0142a\u0144ska pos\u0142uga pokazuje mi, \u017ce temat\u00f3w do rozm\u00f3w z ksi\u0119dzem jest coraz wi\u0119cej i dzisiaj \u017caden ksi\u0105dz nie mo\u017ce od nich ucieka\u0107, ale - wprost przeciwnie - podejmowa\u0107 nowe wyzwania. To przekonanie sk\u0142oni\u0142o mnie do pr\u00f3by otwarcia tego\u017c bloga, chocia\u017c okazji do rozm\u00f3w na co dzie\u0144 - w konfesjonale i poza nim - na szcz\u0119\u015bcie nie brakuje. My\u015bl\u0119 jednak, \u017ce ten blog b\u0119dzie jeszcze jednym sposobem i przestrzeni\u0105 nawi\u0105zania kontaktu z lud\u017ami dobrej woli, otwartymi na dialog.","url":"https:\/\/gaudiumetspes-blog.pl\/index.php\/author\/ks-jacek\/"}]}},"jetpack_featured_media_url":"","jetpack_sharing_enabled":true,"_links":{"self":[{"href":"https:\/\/gaudiumetspes-blog.pl\/index.php\/wp-json\/wp\/v2\/posts\/14692","targetHints":{"allow":["GET"]}}],"collection":[{"href":"https:\/\/gaudiumetspes-blog.pl\/index.php\/wp-json\/wp\/v2\/posts"}],"about":[{"href":"https:\/\/gaudiumetspes-blog.pl\/index.php\/wp-json\/wp\/v2\/types\/post"}],"author":[{"embeddable":true,"href":"https:\/\/gaudiumetspes-blog.pl\/index.php\/wp-json\/wp\/v2\/users\/1"}],"replies":[{"embeddable":true,"href":"https:\/\/gaudiumetspes-blog.pl\/index.php\/wp-json\/wp\/v2\/comments?post=14692"}],"version-history":[{"count":1,"href":"https:\/\/gaudiumetspes-blog.pl\/index.php\/wp-json\/wp\/v2\/posts\/14692\/revisions"}],"predecessor-version":[{"id":14955,"href":"https:\/\/gaudiumetspes-blog.pl\/index.php\/wp-json\/wp\/v2\/posts\/14692\/revisions\/14955"}],"wp:attachment":[{"href":"https:\/\/gaudiumetspes-blog.pl\/index.php\/wp-json\/wp\/v2\/media?parent=14692"}],"wp:term":[{"taxonomy":"category","embeddable":true,"href":"https:\/\/gaudiumetspes-blog.pl\/index.php\/wp-json\/wp\/v2\/categories?post=14692"},{"taxonomy":"post_tag","embeddable":true,"href":"https:\/\/gaudiumetspes-blog.pl\/index.php\/wp-json\/wp\/v2\/tags?post=14692"}],"curies":[{"name":"wp","href":"https:\/\/api.w.org\/{rel}","templated":true}]}}