{"id":14695,"date":"2019-02-11T07:59:00","date_gmt":"2019-02-11T06:59:00","guid":{"rendered":"https:\/\/gaudiumetspes-blog.pl\/index.php\/2019\/02\/11\/dziekujemy-za-manifest-wiary\/"},"modified":"2019-07-31T12:59:39","modified_gmt":"2019-07-31T10:59:39","slug":"dziekujemy-za-manifest-wiary","status":"publish","type":"post","link":"https:\/\/gaudiumetspes-blog.pl\/index.php\/2019\/02\/11\/dziekujemy-za-manifest-wiary\/","title":{"rendered":"Dzi\u0119kujemy za MANIFEST WIARY!"},"content":{"rendered":"<p><\/p>\n<div align=\"justify\" style=\"font-weight: normal; line-height: 150%; margin-bottom: 0cm;\">\n<span style=\"color: black;\"><span style=\"font-family: &quot;book antiqua&quot; , serif;\"><span style=\"font-size: x-large;\">Szcz\u0119\u015b\u0107<br \/>\nBo\u017ce! Moi Drodzy, w dniu dzisiejszym <b>urodziny prze\u017cywa Iwona<br \/>\nZagubie\u0144, z kt\u00f3r\u0105 \u2013 i z kt\u00f3rej Rodzin\u0105 \u2013 mia\u0142em przyjemno\u015b\u0107<br \/>\nwsp\u00f3\u0142pracowa\u0107 w czasie mojej pos\u0142ugi w Celestynowie. Dzi\u0119kuj\u0105c<br \/>\nza wszelk\u0105 \u017cyczliwo\u015b\u0107, \u017cycz\u0119 Jubilatce, aby trwa\u0142a w<br \/>\nnieustaj\u0105cej blisko\u015bci Jezusa! Zapewniam o modlitwie.<\/b><\/span><\/span><\/span><\/div>\n<div align=\"justify\" style=\"background: transparent; font-weight: normal; line-height: 150%; margin-bottom: 0cm; page-break-before: auto; text-indent: 1.3cm;\">\n<span style=\"color: black;\"><span style=\"font-family: &quot;book antiqua&quot; , serif;\"><span style=\"font-size: x-large;\">Moi<br \/>\nDrodzy, dzisiaj Ko\u015bci\u00f3\u0142 dopuszcza wspomnienie dowolne Naj\u015bwi\u0119tszej<br \/>\nMaryi Panny z Lourdes, szczeg\u00f3lnej Patronki Chorych, w zwi\u0105zku z<br \/>\nczym dzisiaj prze\u017cywamy tak\u017ce \u015awiatowy Dzie\u0144 Chorego. Skrz\u0119tnie<br \/>\nwykorzystuj\u0105c t\u0119 okazj\u0119, w\u0142\u0105czam w dzisiejsze rozwa\u017canie kilka<br \/>\ns\u0142\u00f3w o wydarzeniach w Lourdes. Czyni\u0119 to tym ch\u0119tniej, \u017ce kilka<br \/>\nrazy by\u0142em w Lourdes i nosz\u0119 g\u0142\u0119boko w sercu \u015bwi\u0119t\u0105 atmosfer\u0119<br \/>\ntego miejsca.<\/span><\/span><\/span><\/div>\n<div align=\"justify\" style=\"background: transparent; break-before: auto; line-height: 150%; margin-bottom: 0cm; text-indent: 1.3cm;\">\n<span style=\"color: black; font-weight: normal;\"><span style=\"font-family: &quot;book antiqua&quot; , serif;\"><span style=\"font-size: x-large;\">A<br \/>\npod rozwa\u017caniem \u2013 co\u015b bardzo wyj\u0105tkowego: <b>MANIFEST WIARY,<\/b><br \/>\nopracowany i opublikowany w dniu 8 lutego przez Ksi\u0119dza Kardyna\u0142a<br \/>\nGerharda Ludwiga M<\/span><\/span><\/span><span style=\"font-size: x-large; text-align: -webkit-right; text-indent: 0px;\"><span style=\"font-variant-east-asian: normal; font-variant-numeric: normal;\"><span style=\"color: black;\"><span style=\"font-family: &quot;book antiqua&quot; , serif;\">\u00fc<\/span><\/span><\/span><\/span><span style=\"font-family: &quot;book antiqua&quot;, serif; font-size: x-large; font-weight: normal; text-indent: 1.3cm;\">llera, by\u0142ego Prefekta Kongregacji Nauki Wiary,<br \/>\nPasterza o krystalicznej postawie i r\u00f3wnie krystalicznych pogl\u0105dach,<br \/>\ng\u0142osiciela krystalicznie czystej nauki katolickiej! I w\u0142a\u015bnie<br \/>\ntakie kompendium zawiera dokument, kt\u00f3ry zamieszczam i o<br \/>\nprzeczytanie i rozwa\u017canie kt\u00f3rego bardzo Was prosz\u0119.<\/span><\/div>\n<div align=\"justify\" style=\"background: transparent; font-weight: normal; line-height: 150%; margin-bottom: 0cm; text-indent: 1.3cm;\">\n<span style=\"font-size: x-large;\"><span style=\"color: black;\"><span style=\"font-family: &quot;book antiqua&quot; , serif;\">Nawet<br \/>\nsobie nie wyobra\u017cacie, jak bardzo ciesz\u0119 si\u0119 z jego wydania i jak<br \/>\nbardzo jestem wdzi\u0119czny Ksi\u0119dzu Kardyna\u0142owi za Jego odwag\u0119! A<br \/>\nprzy okazji \u2013 wyra\u017cam wielk\u0105 dum\u0119, \u017ce mog\u0142em kilka razy<br \/>\nspotka\u0107 osobi\u015bcie Ksi\u0119dza Kardyna\u0142a i z Nim porozmawia\u0107, oraz z<br \/>\ntego, \u017ce Ksi\u0105dz Kardyna\u0142 tak bardzo ceni sobie Polsk\u0119 i nas,<br \/>\nPolak\u00f3w, ale te\u017c wspiera Ko\u015bci\u00f3\u0142 na Syberii i by\u0142 w Surgucie, w<br \/>\ngo\u015bcinie u Ksi\u0119dza Marka. <\/span><\/span><br \/>\n<\/span><\/div>\n<div align=\"justify\" style=\"background: transparent; font-weight: normal; line-height: 150%; margin-bottom: 0cm; text-indent: 1.3cm;\">\n<span style=\"color: black;\"><span style=\"font-family: &quot;book antiqua&quot; , serif;\"><span style=\"font-size: x-large;\">My\u015bl\u0119,<br \/>\n\u017ce z tych samych powod\u00f3w \u2013 ale przede wszystkim: ze wzgl\u0119du na<br \/>\ntre\u015b\u0107 \u2013 Ksi\u0105dz Marek tak\u017ce bardzo cieszy si\u0119 z tego dokumentu,<br \/>\no czym mnie wczoraj poinformowa\u0142.<\/span><\/span><\/span><\/div>\n<div align=\"justify\" style=\"background: transparent; font-weight: normal; line-height: 150%; margin-bottom: 0cm; text-indent: 1.3cm;\">\n<span style=\"color: black;\"><span style=\"font-family: &quot;book antiqua&quot; , serif;\"><span style=\"font-size: x-large;\">Dobrego<br \/>\ndnia: tym, kt\u00f3rzy do pracy; tym, kt\u00f3rzy do szko\u0142y; i tym, kt\u00f3rzy<br \/>\nna ferie!<\/span><\/span><\/span><\/div>\n<div align=\"center\" style=\"font-weight: normal; line-height: 150%; margin-bottom: 0cm;\">\n<span style=\"color: black;\"><span style=\"font-family: &quot;book antiqua&quot; , serif;\"><span style=\"font-size: x-large;\">Gaudium<br \/>\net spes!  Ks. Jacek<\/span><\/span><\/span><\/div>\n<div align=\"justify\" style=\"line-height: 150%; margin-bottom: 0cm;\">\n<span style=\"font-size: x-large;\"><\/p>\n<p><\/span><\/div>\n<div align=\"justify\" style=\"line-height: 150%; margin-bottom: 0cm;\">\n<span style=\"color: black;\"><span style=\"font-family: &quot;book antiqua&quot; , serif;\"><span style=\"font-size: x-large;\"><b>Poniedzia\u0142ek<br \/>\n5 Tygodnia zwyk\u0142ego, rok I,<\/b><\/span><\/span><\/span><\/div>\n<div align=\"justify\" style=\"line-height: 150%; margin-bottom: 0cm;\">\n<span style=\"color: black;\"><span style=\"font-family: &quot;book antiqua&quot; , serif;\"><span style=\"font-size: x-large;\"><b>Wspomnienie<br \/>\nNaj\u015bwi\u0119tszej Maryi Panny z Lourdes,<\/b><\/span><\/span><\/span><\/div>\n<div align=\"justify\" style=\"line-height: 150%; margin-bottom: 0cm;\">\n<span style=\"color: black;\"><span style=\"font-family: &quot;book antiqua&quot; , serif;\"><span style=\"font-size: x-large;\"><b>do<br \/>\nczyta\u0144:  Rdz 1,1\u201319;  Mk 6,53\u201356<\/b><\/span><\/span><\/span><\/div>\n<div align=\"justify\" style=\"line-height: 150%; margin-bottom: 0cm;\">\n<span style=\"font-size: x-large;\"><\/p>\n<p><\/span><\/div>\n<div align=\"justify\" style=\"font-style: normal; font-variant: normal; letter-spacing: normal; line-height: 150%; margin-bottom: 0cm;\">\n<span style=\"color: black;\"><span style=\"font-family: &quot;book antiqua&quot; , serif;\"><span style=\"font-size: x-large;\"><b>CZYTANIE<br \/>\nZ KSI\u0118GI RODZAJU:<\/b><\/span><\/span><\/span><\/div>\n<div align=\"justify\" style=\"font-style: normal; font-variant: normal; letter-spacing: normal; line-height: 150%; margin-bottom: 0cm; page-break-before: auto; text-indent: 1.3cm;\">\n<span style=\"color: black;\"><span style=\"font-family: &quot;book antiqua&quot; , serif;\"><span style=\"font-size: x-large;\"><b>Na<br \/>\npocz\u0105tku B\u00f3g stworzy\u0142 niebo i ziemi\u0119. Ziemia za\u015b by\u0142a bez\u0142adem<br \/>\ni pustkowiem: ciemno\u015b\u0107 by\u0142a nad powierzchni\u0105 bezmiaru w\u00f3d, a<br \/>\nDuch Bo\u017cy unosi\u0142 si\u0119 nad wodami.<\/b><\/span><\/span><\/span><\/div>\n<div align=\"justify\" style=\"font-style: normal; font-variant: normal; letter-spacing: normal; line-height: 150%; margin-bottom: 0cm; text-indent: 1.3cm;\">\n<span style=\"color: black;\"><span style=\"font-family: &quot;book antiqua&quot; , serif;\"><span style=\"font-size: x-large;\"><b>Wtedy<br \/>\nB\u00f3g rzek\u0142: \u201eNiechaj si\u0119 stanie \u015bwiat\u0142o\u015b\u0107\u201d. I sta\u0142a si\u0119<br \/>\n\u015bwiat\u0142o\u015b\u0107. B\u00f3g widz\u0105c, \u017ce \u015bwiat\u0142o\u015b\u0107 jest dobra, oddzieli\u0142<br \/>\nj\u0105 od ciemno\u015bci. I nazwa\u0142 B\u00f3g \u015bwiat\u0142o\u015b\u0107 dniem, a ciemno\u015b\u0107<br \/>\nnazwa\u0142 noc\u0105. I tak up\u0142yn\u0105\u0142 wiecz\u00f3r i poranek, dzie\u0144 pierwszy.<\/b><\/span><\/span><\/span><\/div>\n<div align=\"justify\" style=\"font-style: normal; font-variant: normal; letter-spacing: normal; line-height: 150%; margin-bottom: 0cm; text-indent: 1.3cm;\">\n<span style=\"color: black;\"><span style=\"font-family: &quot;book antiqua&quot; , serif;\"><span style=\"font-size: x-large;\"><b>A<br \/>\npotem B\u00f3g rzek\u0142: \u201eNiechaj powstanie sklepienie w \u015brodku w\u00f3d i<br \/>\nniechaj ono oddzieli jedne wody od drugich\u201d. Uczyniwszy to<br \/>\nsklepienie, B\u00f3g oddzieli\u0142 wody pod sklepieniem od w\u00f3d ponad<br \/>\nsklepieniem; a gdy tak si\u0119 sta\u0142o, B\u00f3g nazwa\u0142 to sklepienie<br \/>\nniebem. I tak up\u0142yn\u0105\u0142 wiecz\u00f3r, a po nim poranek, dzie\u0144 drugi.<\/b><\/span><\/span><\/span><\/div>\n<div align=\"justify\" style=\"font-style: normal; font-variant: normal; letter-spacing: normal; line-height: 150%; margin-bottom: 0cm; text-indent: 1.3cm;\">\n<span style=\"color: black;\"><span style=\"font-family: &quot;book antiqua&quot; , serif;\"><span style=\"font-size: x-large;\"><b>A<br \/>\npotem B\u00f3g rzek\u0142: \u201eNiechaj zbior\u0105 si\u0119 wody spod nieba w jedno<br \/>\nmiejsce i niech si\u0119 uka\u017ce powierzchnia sucha\u201d. A gdy tak si\u0119<br \/>\nsta\u0142o, B\u00f3g nazwa\u0142 t\u0119 such\u0105 powierzchni\u0119 ziemi\u0105, a zbiorowisko<br \/>\nw\u00f3d nazwa\u0142 morzem.<\/b><\/span><\/span><\/span><\/div>\n<div align=\"justify\" style=\"font-style: normal; font-variant: normal; letter-spacing: normal; line-height: 150%; margin-bottom: 0cm; text-indent: 1.3cm;\">\n<span style=\"color: black;\"><span style=\"font-family: &quot;book antiqua&quot; , serif;\"><span style=\"font-size: x-large;\"><b>B\u00f3g<br \/>\nwidz\u0105c, \u017ce by\u0142y dobre, rzek\u0142: \u201eNiechaj ziemia wyda ro\u015bliny<br \/>\nzielone: trawy daj\u0105ce nasiona, drzewa owocowe rodz\u0105ce na ziemi<br \/>\nwed\u0142ug swego gatunku owoce, w kt\u00f3rych s\u0105 nasiona\u201d. I sta\u0142o si\u0119<br \/>\ntak. Ziemia wyda\u0142a ro\u015bliny zielone: traw\u0119 daj\u0105c\u0105 nasienie wed\u0142ug<br \/>\nswego gatunku i drzewa rodz\u0105ce owoce, w kt\u00f3rych by\u0142o nasienie<br \/>\nwed\u0142ug ich gatunk\u00f3w. A B\u00f3g widzia\u0142, \u017ce by\u0142y dobre. I tak<br \/>\nup\u0142yn\u0105\u0142 wiecz\u00f3r i poranek, dzie\u0144 trzeci.<\/b><\/span><\/span><\/span><\/div>\n<div align=\"justify\" style=\"line-height: 150%; margin-bottom: 0cm; text-indent: 1.3cm;\">\n<span style=\"color: black;\"><span style=\"font-family: &quot;book antiqua&quot; , serif;\"><span style=\"font-size: x-large;\"><b><span style=\"font-variant: normal;\"><span style=\"letter-spacing: normal;\"><span style=\"font-style: normal;\">A<br \/>\npotem B\u00f3g rzek\u0142: \u201eNiechaj powstan\u0105 cia\u0142a niebieskie, \u015bwiec\u0105ce<br \/>\nna sklepieniu nieba, aby oddziela\u0142y dzie\u0144 od nocy, aby wyznacza\u0142y<br \/>\npory roku, dni i lata, aby by\u0142y cia\u0142ami ja\u015bniej\u0105cymi na<br \/>\nsklepieniu nieba i aby \u015bwieci\u0142y nad ziemi\u0105\u201d. I sta\u0142o si\u0119 tak.<br \/>\nB\u00f3g uczyni\u0142 dwa du\u017ce cia\u0142a ja\u015bniej\u0105ce: wi\u0119ksze, aby rz\u0105dzi\u0142o<br \/>\ndniem, i mniejsze, aby rz\u0105dzi\u0142o noc\u0105, oraz gwiazdy. I umie\u015bci\u0142<br \/>\nje B\u00f3g na sklepieniu nieba, aby \u015bwieci\u0142y nad ziemi\u0105; aby rz\u0105dzi\u0142y<br \/>\ndniem i noc\u0105 i oddziela\u0142y \u015bwiat\u0142o\u015b\u0107 od ciemno\u015bci. A widzia\u0142<br \/>\nB\u00f3g, \u017ce by\u0142y dobre. I tak up\u0142yn\u0105\u0142 wiecz\u00f3r i poranek, dzie\u0144<br \/>\nczwarty.<\/span><\/span><\/span><\/b><\/span><\/span><\/span><\/div>\n<div align=\"justify\" style=\"line-height: 150%; margin-bottom: 0cm;\">\n<span style=\"font-size: x-large;\"><\/p>\n<p><\/span><\/div>\n<div align=\"justify\" style=\"font-style: normal; font-variant: normal; letter-spacing: normal; line-height: 150%; margin-bottom: 0cm;\">\n<span style=\"color: black;\"><span style=\"font-family: &quot;book antiqua&quot; , serif;\"><span style=\"font-size: x-large;\"><b>S\u0141OWA<br \/>\nEWANGELII WED\u0141UG \u015aWI\u0118TEGO MARKA:<\/b><\/span><\/span><\/span><\/div>\n<div align=\"justify\" style=\"font-style: normal; font-variant: normal; letter-spacing: normal; line-height: 150%; margin-bottom: 0cm; page-break-before: auto; text-indent: 1.3cm;\">\n<span style=\"color: black;\"><span style=\"font-family: &quot;book antiqua&quot; , serif;\"><span style=\"font-size: x-large;\"><b>Gdy<br \/>\nJezus i uczniowie Jego si\u0119 przeprawili, przyp\u0142yn\u0119li do ziemi<br \/>\nGenezaret i przybili do brzegu.<\/b><\/span><\/span><\/span><\/div>\n<div align=\"justify\" style=\"font-style: normal; font-variant: normal; letter-spacing: normal; line-height: 150%; margin-bottom: 0cm; text-indent: 1.3cm;\">\n<span style=\"color: black;\"><span style=\"font-family: &quot;book antiqua&quot; , serif;\"><span style=\"font-size: x-large;\"><b>Skoro<br \/>\nwysiedli z \u0142odzi, zaraz Go poznano. Ludzie biegali po ca\u0142ej owej<br \/>\nokolicy i zacz\u0119li znosi\u0107 na noszach chorych tam, gdzie, jak<br \/>\ns\u0142yszeli, przebywa. I gdziekolwiek wchodzi\u0142 do wsi, do miast czy do<br \/>\nosad, k\u0142adli chorych na otwartych miejscach i prosili Go, \u017ceby cho\u0107<br \/>\nfr\u0119dzli u Jego p\u0142aszcza mogli si\u0119 dotkn\u0105\u0107. A wszyscy, kt\u00f3rzy<br \/>\nsi\u0119 Go dotkn\u0119li, odzyskiwali zdrowie.<\/b><\/span><\/span><\/span><\/div>\n<div align=\"justify\" style=\"line-height: 150%; margin-bottom: 0cm;\">\n<span style=\"font-size: x-large;\"><\/p>\n<p><\/span><\/div>\n<div align=\"justify\" style=\"font-style: normal; font-variant: normal; font-weight: normal; letter-spacing: normal; line-height: 150%; margin-bottom: 0cm; page-break-before: auto; text-indent: 1.3cm;\">\n<span style=\"font-size: x-large;\"><span style=\"color: black;\"><span style=\"font-family: &quot;book antiqua&quot; , serif;\">Liturgia<br \/>\nS\u0142owa prowadzi nas dzisiaj <b>do pocz\u0105tku \u2013 pocz\u0105tku<br \/>\nwszystkiego! <\/b>Dos\u0142ownie! Wszak pierwsze s\u0142owa Pisma \u015awi\u0119tego,<br \/>\njakie w\u0142a\u015bnie dzi\u015b s\u0142yszymy, to: <i><b>Na pocz\u0105tku B\u00f3g stworzy\u0142<br \/>\nniebo i ziemi\u0119.<\/b><\/i><b> <\/b>To s\u0105 pierwsze s\u0142owa owego<br \/>\nniezwyk\u0142ego i jedynego w swoim rodzaju <b>Listu Boga do cz\u0142owieka<\/b><br \/>\n\u2013 i m\u00f3wi\u0105 one o pocz\u0105tku: o pocz\u0105tku wszystkich spraw i<br \/>\nwydarze\u0144 w historii cz\u0142owieka. <\/span><\/span><br \/>\n<\/span><\/div>\n<div align=\"justify\" style=\"font-style: normal; font-variant: normal; font-weight: normal; letter-spacing: normal; line-height: 150%; margin-bottom: 0cm; text-indent: 1.3cm;\">\n<span style=\"font-size: x-large;\"><span style=\"color: black;\"><span style=\"font-family: &quot;book antiqua&quot; , serif;\"><b>U<br \/>\ntego\u017c pocz\u0105tku stan\u0105\u0142 B\u00f3g.<\/b> W\u0142a\u015bciwie, nale\u017ca\u0142oby<br \/>\npowiedzie\u0107, \u017ce to <b>On uczyni\u0142<\/b> \u00f3w pocz\u0105tek. Gdyby nie Jego<br \/>\nzamys\u0142 stw\u00f3rczy, \u017cadnego pocz\u0105tku by nie by\u0142o. Ale On chcia\u0142,<br \/>\naby by\u0142 <b>pocz\u0105tek nieba i ziemi,<\/b> i aby sta\u0142a si\u0119 <b>\u015bwiat\u0142o\u015b\u0107,<\/b><br \/>\noddzielona od ciemno\u015bci; i aby by\u0142y <b>dzie\u0144 i noc;<\/b> i aby<br \/>\npowsta\u0142o <i><b>sklepienie w \u015brodku w\u00f3d,<\/b><\/i><b> <\/b>nazwane<br \/>\nniebem, kt\u00f3re oddzieli <i><b>wody pod sklepieniem od w\u00f3d ponad<br \/>\nsklepieniem;<\/b><\/i><b> <\/b>i aby powsta\u0142a powierzchnia sucha, zwana<br \/>\n<b>ziemi\u0105,<\/b> w odr\u00f3\u017cnieniu od zbiorowiska w\u00f3d, zwanego <b>morzem\u2026<\/b><br \/>\n<\/span><\/span><br \/>\n<\/span><\/div>\n<div align=\"justify\" style=\"font-style: normal; font-variant: normal; font-weight: normal; letter-spacing: normal; line-height: 150%; margin-bottom: 0cm; text-indent: 1.3cm;\">\n<span style=\"font-size: x-large;\"><span style=\"color: black;\"><span style=\"font-family: &quot;book antiqua&quot; , serif;\">A<br \/>\npotem B\u00f3g chcia\u0142, by <i><b>ziemia wyda\u0142a ro\u015bliny zielone: traw\u0119<br \/>\ndaj\u0105c\u0105 nasienie wed\u0142ug swego gatunku i drzewa rodz\u0105ce owoce, w<br \/>\nkt\u00f3rych by\u0142o nasienie wed\u0142ug ich gatunk\u00f3w.<\/b><\/i> I wreszcie<br \/>\nchcia\u0142, by wtedy, <i><b>na pocz\u0105tku,<\/b><\/i> powsta\u0142y <i><b>cia\u0142a<br \/>\nniebieskie, \u015bwiec\u0105ce na sklepieniu nieba, aby oddziela\u0142y dzie\u0144 od<br \/>\nnocy, aby wyznacza\u0142y pory roku, dni i lata, aby by\u0142y cia\u0142ami<br \/>\nja\u015bniej\u0105cymi na sklepieniu nieba i aby \u015bwieci\u0142y nad ziemi\u0105.<\/b><\/i><b><br \/>\n<\/b>Tyle dzisiaj us\u0142yszeli\u015bmy. Ci\u0105g dalszy us\u0142yszymy jutro. <\/span><\/span><br \/>\n<\/span><\/div>\n<div align=\"justify\" style=\"font-style: normal; font-variant: normal; font-weight: normal; letter-spacing: normal; line-height: 150%; margin-bottom: 0cm; text-indent: 1.3cm;\">\n<span style=\"font-size: x-large;\"><span style=\"color: black;\"><span style=\"font-family: &quot;book antiqua&quot; , serif;\">Ale<br \/>\nju\u017c ten dzisiejszy przekaz pokazuje nam <b>wielk\u0105 mi\u0142o\u015b\u0107 Boga,<br \/>\nkt\u00f3ry\u2026 nas chcia\u0142! <\/b>Tak mo\u017cemy to uj\u0105\u0107: <b>B\u00f3g nas chcia\u0142!<br \/>\n<\/b>I dlatego by\u0142 pocz\u0105tek, a po nim \u2013 ca\u0142a historia cz\u0142owieka<br \/>\ni historia jego relacji z Bogiem, tak cz\u0119sto <b>trudna, patrz\u0105c z<br \/>\nBo\u017cej perspektywy.<\/b> Bo B\u00f3g, kt\u00f3ry chcia\u0142 cz\u0142owieka z mi\u0142o\u015bci<br \/>\ni stworzy\u0142 mu tak wspania\u0142y \u015bwiat z mi\u0142o\u015bci, tak cz\u0119sto nie<br \/>\nm\u00f3g\u0142 si\u0119 z jego strony<b> doczeka\u0107 mi\u0142o\u015bci ani wdzi\u0119czno\u015bci.<\/b><br \/>\n<\/span><\/span><br \/>\n<\/span><\/div>\n<div align=\"justify\" style=\"font-style: normal; font-variant: normal; font-weight: normal; letter-spacing: normal; line-height: 150%; margin-bottom: 0cm; text-indent: 1.3cm;\">\n<span style=\"font-size: x-large;\"><span style=\"color: black;\"><span style=\"font-family: &quot;book antiqua&quot; , serif;\">Dlatego,<br \/>\nmoi Drodzy, my dzisiaj g\u0142\u0119boko przemy\u015blmy nasze osobiste relacje z<br \/>\nBogiem i zastan\u00f3wmy si\u0119, <b>jak my odpowiadamy na t\u0119 Bo\u017c\u0105<br \/>\nmi\u0142o\u015b\u0107. <\/b>Mo\u017ce w\u0142a\u015bnie to dzisiejsze czytanie stanie si\u0119 dla<br \/>\nnas okazj\u0105, by\u015bmy wr\u00f3cili do tych najbardziej podstawowych prawd<br \/>\nnaszej relacji z Bogiem, <b>do ich pocz\u0105tku,<\/b> i u\u015bwiadomili<br \/>\nsobie, \u017ce tak naprawd\u0119 <b>nie musieli\u015bmy zaistnie\u0107<\/b> na<br \/>\n\u015bwiecie, nie musieli\u015bmy mie\u0107 tego, co mamy, a jednak jeste\u015bmy \u2013<br \/>\ni to <b>nie jako jakie\u015b z\u0142o konieczne,<\/b> jako jaki\u015b ci\u0119\u017car dla<br \/>\nBoga, ale w\u0142a\u015bnie jako Jego dzieci, tak bardzo przez Niego<br \/>\nukochane. <\/span><\/span><br \/>\n<\/span><\/div>\n<div align=\"justify\" style=\"font-style: normal; font-variant: normal; font-weight: normal; letter-spacing: normal; line-height: 150%; margin-bottom: 0cm; text-indent: 1.3cm;\">\n<span style=\"font-size: x-large;\"><span style=\"color: black;\"><span style=\"font-family: &quot;book antiqua&quot; , serif;\">Dzieci,<br \/>\ndla kt\u00f3rych stworzy\u0142 <b>ca\u0142y, tak pi\u0119kny, logicznie uporz\u0105dkowany<br \/>\n\u015bwiat,<\/b> w kt\u00f3rym poszczeg\u00f3lne stworzenia wsp\u00f3\u0142graj\u0105 ze sob\u0105,<br \/>\nnawzajem si\u0119 wspieraj\u0105c i uzupe\u0142niaj\u0105c. Moi Drodzy, <b>to<br \/>\nwszystko dla nas! <\/b>Niestety, my ju\u017c dzisiaj wiemy, \u017ce ca\u0142a ta<br \/>\nharmonia, kt\u00f3ra by\u0142a na pocz\u0105tku, p\u00f3\u017aniej <b>zosta\u0142a zak\u0142\u00f3cona.<\/b><br \/>\nW\u0142a\u015bnie przez nas. Wszed\u0142 grzech, a z nim \u2013 doczesna \u015bmier\u0107. <\/span><\/span><br \/>\n<\/span><\/div>\n<div align=\"justify\" style=\"font-style: normal; font-variant: normal; font-weight: normal; letter-spacing: normal; line-height: 150%; margin-bottom: 0cm; text-indent: 1.3cm;\">\n<span style=\"font-size: x-large;\"><span style=\"color: black;\"><span style=\"font-family: &quot;book antiqua&quot; , serif;\">Jednak<br \/>\ni wtedy <b>B\u00f3g z nas nie zrezygnowa\u0142, <\/b>ale da\u0142 nam kolejn\u0105<br \/>\nszans\u0119, posy\u0142aj\u0105c na \u015bwiat swojego Syna, aby <b>przywr\u00f3ci\u0142 ow\u0105<br \/>\nzbawcz\u0105 harmoni\u0119<\/b> i da\u0142 nam szans\u0119 powrotu do Boga. <\/span><\/span><br \/>\n<\/span><\/div>\n<div align=\"justify\" style=\"font-style: normal; font-variant: normal; font-weight: normal; letter-spacing: normal; line-height: 150%; margin-bottom: 0cm; text-indent: 1.3cm;\">\n<span style=\"font-size: x-large;\"><span style=\"color: black;\"><span style=\"font-family: &quot;book antiqua&quot; , serif;\">W<br \/>\ndzisiejszej Ewangelii nie s\u0142yszymy o jakim\u015b konkretnym wydarzeniu<br \/>\nczy pouczeniu ze strony Jezusa, ale w\u0142a\u015bnie widzimy Go chodz\u0105cego<br \/>\npo tej naszej biednej ziemi i <b>przywracaj\u0105cego pierwotny porz\u0105dek<br \/>\n\u015bwiata<\/b> \u2013 poprzez dokonywanie tak licznych uzdrowie\u0144 i<br \/>\nprzywracanie ludziom takiego zwyk\u0142ego <b>szcz\u0119\u015bcia, rado\u015bci,<br \/>\npogody ducha\u2026<\/b> O tym ostatnim akurat dzi\u015b nie s\u0142yszymy, ale<br \/>\nmo\u017cemy by\u0107 pewni, \u017ce tam, gdzie cz\u0142owiek wychodzi z ci\u0119\u017ckiej<br \/>\nchoroby, nierzadko z beznadziejnej po ludzku sytuacji, tam te\u017c<br \/>\n<b>panuje wielka rado\u015b\u0107!<\/b> Czy jednocze\u015bnie panuje <b>wielka<br \/>\nwdzi\u0119czno\u015b\u0107 Bogu?<\/b> Wiemy, \u017ce nie zawsze. <b>A powinna!<\/b> Od<br \/>\ntego zawsze nale\u017ca\u0142oby zaczyna\u0107. <\/span><\/span><br \/>\n<\/span><\/div>\n<div align=\"justify\" style=\"font-style: normal; font-variant: normal; font-weight: normal; letter-spacing: normal; line-height: 150%; margin-bottom: 0cm; text-indent: 1.3cm;\">\n<span style=\"color: black;\"><span style=\"font-family: &quot;book antiqua&quot; , serif;\"><span style=\"font-size: x-large;\">Dlatego<br \/>\nmy dzisiaj mamy okazj\u0119 <b>u\u015bwiadomi\u0107 sobie raz jeszcze, <\/b>jak<br \/>\nbardzo jeste\u015bmy ukochani przez Boga i podzi\u0119kowa\u0107 Mu za to, co<br \/>\n<b>uwa\u017camy za tak podstawowe i oczywiste, <\/b>\u017ce nawet nie<br \/>\nmy\u015blimy, \u017ceby za to dzi\u0119kowa\u0107, a wi\u0119c za to, \u017ce w og\u00f3le<br \/>\nistniejemy, <b>\u017ce<\/b> <b>\u017cyjemy,<\/b> \u017ce cieszymy si\u0119 w miar\u0119<br \/>\ndobrym zdrowiem (a przynajmniej: jako takim\u2026); \u017ce mamy <b>przy<br \/>\nsobie bliskie i kochane Osoby,<\/b> \u017ce nie jeste\u015bmy g\u0142odni, \u017ce<br \/>\njednak tyle dobrych rzeczy nam si\u0119 na co dzie\u0144 udaje\u2026 A nawet,<br \/>\nje\u017celi przychodz\u0105 trudne wydarzenia i do\u015bwiadczenia, jak chocia\u017cby<br \/>\nchoroby, to i <b>z nich B\u00f3g wyprowadza dobro. <\/b>Dzisiaj mamy<br \/>\nszczeg\u00f3ln\u0105 okazj\u0119, aby za to podzi\u0119kowa\u0107.<\/span><\/span><\/span><\/div>\n<div align=\"justify\" style=\"font-style: normal; font-variant: normal; font-weight: normal; letter-spacing: normal; line-height: 150%; margin-bottom: 0cm; text-indent: 1.3cm;\">\n<span style=\"font-size: x-large;\"><span style=\"color: black;\"><span style=\"font-family: &quot;book antiqua&quot; , serif;\">A<br \/>\nczynimy to w kontek\u015bcie prze\u017cywanego w liturgii Ko\u015bcio\u0142a<br \/>\ndowolnego wspomnienia <b>Naj\u015bwi\u0119tszej Maryi Panny z Lourdes,<\/b><br \/>\nszczeg\u00f3lnej Patronki Chorych. Z tej okazji dzisiaj prze\u017cywamy tak\u017ce<br \/>\n<b>\u015awiatowy Dzie\u0144 Chorego,<\/b> co jest dla nas okazj\u0105 do modlitwy<br \/>\nza tych w\u0142a\u015bnie, kt\u00f3rych Pan <b>zaszczyci\u0142 udzia\u0142em w swoim<br \/>\nKrzy\u017cu.<\/b> <\/span><\/span><br \/>\n<\/span><\/div>\n<div align=\"justify\" style=\"font-style: normal; font-variant: normal; font-weight: normal; letter-spacing: normal; line-height: 150%; margin-bottom: 0cm; text-indent: 1.3cm;\">\n<span style=\"color: black;\"><span style=\"font-family: &quot;book antiqua&quot; , serif;\"><span style=\"font-size: x-large;\">Niech<br \/>\nIm te\u017c da \u015bwiadomo\u015b\u0107 i poczucie <b>g\u0142\u0119bokiego sensu tego, co<br \/>\nprze\u017cywaj\u0105<\/b> \u2013 i pomoc ze strony ludzi. Co za\u015b mo\u017cemy<br \/>\npowiedzie\u0107 o samym tym miejscu, do kt\u00f3rego dzi\u015b duchowo<br \/>\npielgrzymujemy i o wydarzeniach, kt\u00f3re si\u0119 tam dokona\u0142y?<\/span><\/span><\/span><\/div>\n<div align=\"justify\" style=\"line-height: 150%; margin-bottom: 0cm; text-indent: 1.3cm;\">\n<span style=\"font-size: x-large;\"><span style=\"color: black;\"><span style=\"font-variant: normal;\"><span style=\"font-family: &quot;book antiqua&quot; , serif;\"><span style=\"letter-spacing: normal;\"><span style=\"font-style: normal;\"><span style=\"font-weight: normal;\">Ot\u00f3\u017c,<br \/>\nw<\/span><\/span><\/span><\/span><\/span><span style=\"font-family: &quot;book antiqua&quot; , serif;\"><b><br \/>\n1858 roku, w cztery lata po og\u0142oszeniu przez Piusa IX dogmatu o<br \/>\nNiepokalanym Pocz\u0119ciu,<\/b><\/span><span style=\"font-family: &quot;book antiqua&quot; , serif;\"><br \/>\nMatka Bo\u017ca zjawi\u0142a si\u0119 ubogiej pasterce, \u015awi\u0119tej Bernadecie<br \/>\nSoubirous, <\/span><span style=\"font-family: &quot;book antiqua&quot; , serif;\">w\u0142a\u015bnie tam: <\/span><span style=\"font-family: &quot;book antiqua&quot; , serif;\">w<br \/>\nGrocie Massabielskiej, w Lourdes, <\/span><span style=\"font-family: &quot;book antiqua&quot; , serif;\">we<br \/>\nFrancji<\/span><span style=\"font-family: &quot;book antiqua&quot; , serif;\">. W ten spos\u00f3b \u2013<br \/>\nje\u015bli tak mo\u017cna powiedzie\u0107 \u2013 <\/span><span style=\"font-family: &quot;book antiqua&quot; , serif;\"><b>Niebo<br \/>\npotwierdzi\u0142o prawd\u0119, kt\u00f3r\u0105 Ko\u015bci\u00f3\u0142 odkry\u0142 i og\u0142osi\u0142 pod<br \/>\nnatchnieniem Ducha \u015awi\u0119tego.<\/b><\/span><span style=\"font-family: &quot;book antiqua&quot; , serif;\"><br \/>\nPodczas osiemnastu zjawie\u0144, dokonuj\u0105cych si\u0119 w okresie <\/span><span style=\"font-family: &quot;book antiqua&quot; , serif;\"><b>od<br \/>\n11 lutego do 16 lipca 1858 roku,<\/b><\/span><span style=\"font-family: &quot;book antiqua&quot; , serif;\"><br \/>\nMaryja wzywa\u0142a do modlitwy i pokuty. <\/span><\/span><br \/>\n<\/span><\/div>\n<div align=\"justify\" style=\"background: transparent; line-height: 150%; margin-bottom: 0cm; text-indent: 1.3cm;\">\n<span style=\"font-size: x-large;\"><span style=\"color: black;\"><span style=\"font-family: &quot;book antiqua&quot; , serif;\">11<br \/>\nlutego, Bernadetta Soubirous wraz z siostr\u0105 i przyjaci\u00f3\u0142k\u0105 uda\u0142a<br \/>\nsi\u0119 w pobli\u017ce Starej Ska\u0142y \u2013 Massabielle \u2013 <\/span><span style=\"font-family: &quot;book antiqua&quot; , serif;\">w<\/span><span style=\"font-family: &quot;book antiqua&quot; , serif;\"><br \/>\nposzukiwani<\/span><span style=\"font-family: &quot;book antiqua&quot; , serif;\">u<\/span><span style=\"font-family: &quot;book antiqua&quot; , serif;\"><br \/>\nsuchych ga\u0142\u0119zi, aby rozpali\u0107 ogie\u0144 w domu. Gdy zosta\u0142a sama,<br \/>\n<\/span><span style=\"font-family: &quot;book antiqua&quot; , serif;\"><span style=\"font-weight: normal;\">us\u0142ysza\u0142a<br \/>\ndziwny d\u017awi\u0119k, podobny do szumu wiatru<\/span><\/span><span style=\"font-family: &quot;book antiqua&quot; , serif;\"><b><br \/>\ni zobaczy\u0142a \u015bwiat\u0142o\u015b\u0107, z kt\u00f3rej wy\u0142oni\u0142a si\u0119 posta\u0107<br \/>\n\u201ePi\u0119knej Pani\u201d z r\u00f3\u017ca\u0144cem w r\u0119ku.<\/b><\/span><span style=\"font-family: &quot;book antiqua&quot; , serif;\"><br \/>\nOdt\u0105d objawienia powtarza\u0142y si\u0119. <\/span><\/span><br \/>\n<\/span><\/div>\n<div align=\"justify\" style=\"background: transparent; line-height: 150%; margin-bottom: 0cm; text-indent: 1.3cm;\">\n<span style=\"font-size: x-large;\"><span style=\"color: black;\"><span style=\"font-family: &quot;book antiqua&quot; , serif;\">Bernadetta<br \/>\nopowiedzia\u0142a o tym wydarzeniu kole\u017cankom, te rozpowiedzia\u0142y o tym<br \/>\ns\u0105siadom. Rodzice skrzyczeli Bernadett\u0119, \u017ce rozpowiada plotki i<br \/>\nzakazali jej chodzi\u0107 do groty, w kt\u00f3rej mia\u0142a jej si\u0119 ukaza\u0107<br \/>\nMatka Bo\u017ca. <\/span><span style=\"font-family: &quot;book antiqua&quot; , serif;\"><b>Cofn\u0119li<br \/>\njednak zakaz, <\/b><\/span><span style=\"font-family: &quot;book antiqua&quot; , serif;\"><span style=\"font-weight: normal;\">gdy<br \/>\nzobaczyli, \u017ce dziecko ga\u015bnie im dos\u0142ownie w oczach<\/span><\/span><span style=\"font-family: &quot;book antiqua&quot; , serif;\"><b><br \/>\nz powodu jakiej\u015b wewn\u0119trznej udr\u0119ki.<\/b><\/span><span style=\"font-family: &quot;book antiqua&quot; , serif;\"><br \/>\n<\/span><\/span><br \/>\n<\/span><\/div>\n<div align=\"justify\" style=\"background: transparent; line-height: 150%; margin-bottom: 0cm; text-indent: 1.3cm;\">\n<span style=\"font-size: x-large;\"><span style=\"color: black;\"><span style=\"font-family: &quot;book antiqua&quot; , serif;\">Dnia<br \/>\n14 lutego dziewcz\u0119ta uda\u0142y si\u0119 najpierw do ko\u015bcio\u0142a i wzi\u0119\u0142y<br \/>\nze sob\u0105 wod\u0119 \u015bwi\u0119con\u0105. Gdy przyby\u0142y do groty, by\u0142o ju\u017c po<br \/>\npo\u0142udniu. Kiedy w czasie odmawiania R\u00f3\u017ca\u0144ca ponownie ukaza\u0142a si\u0119<br \/>\nMatka Bo\u017ca, Bernadetta \u2013 id\u0105c za porad\u0105 towarzyszek \u2013<br \/>\n<\/span><span style=\"font-family: &quot;book antiqua&quot; , serif;\"><b>pokropi\u0142a J\u0105<\/b><\/span><span style=\"font-family: &quot;book antiqua&quot; , serif;\"><br \/>\ni wypowiedzia\u0142a s\u0142owa: \u201eJe\u015bli przychodzisz od Boga, zbli\u017c si\u0119!<br \/>\nJe\u015bli od szatana, id\u017a precz!\u201d. Pani, u\u015bmiechaj\u0105c si\u0119, zbli\u017cy\u0142a<br \/>\nsi\u0119 a\u017c do wylotu groty \u2013 <\/span><span style=\"font-family: &quot;book antiqua&quot; , serif;\"><b>i<br \/>\nodmawia\u0142a R\u00f3\u017caniec.<\/b><\/span><span style=\"font-family: &quot;book antiqua&quot; , serif;\"> <\/span><\/span><br \/>\n<\/span><\/div>\n<div align=\"justify\" style=\"background: transparent; line-height: 150%; margin-bottom: 0cm; text-indent: 1.3cm;\">\n<span style=\"font-size: x-large;\"><span style=\"color: black;\"><span style=\"font-family: &quot;book antiqua&quot; , serif;\">18<br \/>\nlutego Bernadetta uda\u0142a si\u0119 w pobli\u017ce groty z dwiema znajomymi<br \/>\nrodziny Soubirous. Te przekonane, <\/span><span style=\"font-family: &quot;book antiqua&quot; , serif;\"><b>\u017ce<br \/>\nmo\u017ce to jaka<\/b><\/span><span style=\"font-family: &quot;book antiqua&quot; , serif;\"><b>\u015b<\/b><\/span><span style=\"font-family: &quot;book antiqua&quot; , serif;\"><b><br \/>\ndusza czy\u015b\u0107cowa, <\/b><\/span><span style=\"font-family: &quot;book antiqua&quot; , serif;\">poradzi\u0142y<br \/>\nBernadecie, aby poprosi\u0142a Zjaw\u0119 o napisanie \u017cyczenia na kartce<br \/>\npapieru, kt\u00f3r\u0105 ze sob\u0105 przynios\u0142y. Pani odpowiedzia\u0142a: <\/span><span style=\"font-family: &quot;book antiqua&quot; , serif;\"><b>\u201ePisanie<br \/>\ntego, co ci chc\u0119 powiedzie\u0107, jest niepotrzebne\u201d<\/b><\/span><span style=\"font-family: &quot;book antiqua&quot; , serif;\">.<br \/>\nMatka Bo\u017ca poleci\u0142a dziewczynce, aby przychodzi\u0142a przez kolejnych<br \/>\npi\u0119tna\u015bcie dni. <\/span><\/span><br \/>\n<\/span><\/div>\n<div align=\"justify\" style=\"background: transparent; line-height: 150%; margin-bottom: 0cm; text-indent: 1.3cm;\">\n<span style=\"font-size: x-large;\"><span style=\"color: black;\"><span style=\"font-family: &quot;book antiqua&quot; , serif;\">Wiadomo\u015b\u0107<br \/>\nrozesz\u0142a si\u0119 lotem b\u0142yskawicy po ca\u0142ym miasteczku. 21 lutego, w<br \/>\nniedziel\u0119, zjawi\u0142o si\u0119 przy grocie ska\u0142 massabielskich kilka<br \/>\ntysi\u0119cy ludzi. <\/span><span style=\"font-family: &quot;book antiqua&quot; , serif;\"><b>Pe\u0142na<br \/>\nsmutku Matka Bo\u017ca zach\u0119ca\u0142a Bernadett\u0119, aby modli\u0142a si\u0119 za<br \/>\ngrzesznik\u00f3w.<\/b><\/span><span style=\"font-family: &quot;book antiqua&quot; , serif;\"> Tego\u017c<br \/>\ndnia, gdy Bernadetta wychodzi\u0142a po po\u0142udniu z ko\u015bcio\u0142a z<br \/>\nNieszpor\u00f3w, zosta\u0142a <\/span><span style=\"font-family: &quot;book antiqua&quot; , serif;\"><b>zatrzymana<br \/>\nprzez komendanta miejscowej policji i poddana \u015bledztwu.<\/b><\/span><span style=\"font-family: &quot;book antiqua&quot; , serif;\"><br \/>\nKiedy dnia nast\u0119pnego uda\u0142a si\u0119 do szko\u0142y, ucz\u0105ce j\u0105 siostry<br \/>\nzacz\u0119\u0142y j\u0105 karci\u0107, \u017ce <\/span><span style=\"font-family: &quot;book antiqua&quot; , serif;\"><b>wprowadzi\u0142a<br \/>\ntyle zamieszania swoimi przywidzeniami.<\/b><\/span><span style=\"font-family: &quot;book antiqua&quot; , serif;\"><br \/>\n<\/span><\/span><br \/>\n<\/span><\/div>\n<div align=\"justify\" style=\"background: transparent; line-height: 150%; margin-bottom: 0cm; text-indent: 1.3cm;\">\n<span style=\"color: black;\"><span style=\"font-size: x-large;\"><span style=\"font-family: &quot;book antiqua&quot; , serif;\">23<br \/>\nlutego Matka Bo\u017ca ukaza\u0142a si\u0119 Bernadecie ponownie i poleci\u0142a jej,<br \/>\naby uda\u0142a si\u0119 do miejscowego proboszcza <\/span><span style=\"font-family: &quot;book antiqua&quot; , serif;\"><b>z<br \/>\npro\u015bb\u0105, by w miejscu objawie\u0144 wystawiono ku Jej czci kaplic\u0119.<\/b><\/span><span style=\"font-family: &quot;book antiqua&quot; , serif;\"><br \/>\nRoztropny proboszcz, a r\u00f3wnocze\u015bnie tak\u017ce dziekan, po pilnym<br \/>\nprzeegzaminowaniu czternastoletniej dziewczynki, rzek\u0142 do niej:<br \/>\n<\/span><span style=\"font-family: &quot;book antiqua&quot; , serif;\"><b>\u201eM\u00f3wi\u0142a\u015b mi, \u017ce u<br \/>\nst\u00f3p tej Pani w miejscu, gdzie zwyk\u0142a stawa\u0107, jest krzak dzikiej<br \/>\nr\u00f3\u017cy. Popro\u015b J\u0105, aby kaza\u0142a tej ga\u0142\u0119zi rozkwitn\u0105\u0107\u201d<\/b><\/span><span style=\"font-family: &quot;book antiqua&quot; , serif;\">.<br \/>\nPrzy najbli\u017cszym zjawieniu si\u0119 Matki Bo\u017cej Bernadetta powt\u00f3rzy\u0142a<br \/>\ns\u0142owa proboszcza. Pani odpowiedzia\u0142a u\u015bmiechem, a potem ze<br \/>\nsmutkiem wypowiedzia\u0142a s\u0142owa: <\/span><span style=\"font-family: &quot;book antiqua&quot; , serif;\"><b>\u201ePokuty\u2026<br \/>\npokuty\u2026 pokuty\u2026\u201d.<\/b><\/span><\/span><\/span><\/div>\n<div align=\"justify\" style=\"background: transparent; line-height: 150%; margin-bottom: 0cm; text-indent: 1.3cm;\">\n<span style=\"font-size: x-large;\"><span style=\"color: black;\"><span style=\"font-family: &quot;book antiqua&quot; , serif;\">25<br \/>\nlutego, w czasie ekstazy, Bernadetta <\/span><span style=\"font-family: &quot;book antiqua&quot; , serif;\">u<\/span><span style=\"font-family: &quot;book antiqua&quot; , serif;\">s\u0142ysz<\/span><span style=\"font-family: &quot;book antiqua&quot; , serif;\">a\u0142\u0105<\/span><span style=\"font-family: &quot;book antiqua&quot; , serif;\"><br \/>\npolecenie: <\/span><span style=\"font-family: &quot;book antiqua&quot; , serif;\"><b>\u201eA teraz id\u017a<br \/>\ndo \u017ar\u00f3d\u0142a, napij si\u0119 z niego i obmyj si\u0119 w nim\u201d.<\/b><\/span><span style=\"font-family: &quot;book antiqua&quot; , serif;\"><br \/>\nDziewczynka skierowa\u0142a swoje kroki do pobliskiej rzeki, ale<br \/>\nus\u0142ysza\u0142a g\u0142os: \u201eNie w t\u0119 stron\u0119! Nie m\u00f3wi\u0142am ci przecie\u017c,<br \/>\naby\u015b pi\u0142a wod\u0119 z rzeki, <\/span><span style=\"font-family: &quot;book antiqua&quot; , serif;\"><b>ale<br \/>\nze \u017ar\u00f3d\u0142a. Ono jest tu\u201d.<\/b><\/span><span style=\"font-family: &quot;book antiqua&quot; , serif;\"><br \/>\nBernadetta na kolanach pod\u0105\u017cy\u0142a ku wskazanemu w pobli\u017cu groty<br \/>\nmiejscu. Gdy zacz\u0119\u0142a grzeba\u0107, pokaza\u0142a si\u0119 woda. <\/span><span style=\"font-family: &quot;book antiqua&quot; , serif;\"><span style=\"font-weight: normal;\">Na<br \/>\noczach t\u0142umu \u015bledz\u0105cego wszystko uwa\u017cnie<\/span><\/span><span style=\"font-family: &quot;book antiqua&quot; , serif;\"><b><br \/>\nukaza\u0142o si\u0119 \u017ar\u00f3d\u0142o, kt\u00f3rego dot\u0105d nie by\u0142o. <\/b><\/span><span style=\"font-family: &quot;book antiqua&quot; , serif;\"><span style=\"font-weight: normal;\">Woda<br \/>\nbi\u0142a z niego coraz obficiej i szerokim strumieniem p\u0142yn\u0119\u0142a do<br \/>\nrzeki. <\/span><\/span><\/span><br \/>\n<\/span><\/div>\n<div align=\"justify\" style=\"background: transparent; line-height: 150%; margin-bottom: 0cm; text-indent: 1.3cm;\">\n<span style=\"font-size: x-large;\"><span style=\"color: black;\"><span style=\"font-family: &quot;book antiqua&quot; , serif;\">Okaza\u0142o<br \/>\nsi\u0119 rych\u0142o, \u017ce woda ta <\/span><span style=\"font-family: &quot;book antiqua&quot; , serif;\"><b>ma<br \/>\nmoc lecznicz\u0105.<\/b><\/span><span style=\"font-family: &quot;book antiqua&quot; , serif;\"><br \/>\nNast\u0119pnego bowiem dnia pos\u0142a\u0142 do \u017ar\u00f3d\u0142a po wod\u0119 swoj\u0105 c\u00f3rk\u0119<br \/>\nmiejscowy kamieniarz, rze\u017abiarz nagrobk\u00f3w. Straci\u0142 prawe oko przy<br \/>\nrozsadzaniu dynamitem blok\u00f3w kamiennych. Tak\u017ce na lewe oko widzia\u0142<br \/>\ncoraz s\u0142abiej. <\/span><span style=\"font-family: &quot;book antiqua&quot; , serif;\"><b>Po gor\u0105cej<br \/>\nmodlitwie pocz\u0105\u0142 przemywa\u0107 sobie ow\u0105 wod\u0105 oczy i natychmiast<br \/>\nodzyska\u0142 wzrok.<\/b><\/span><span style=\"font-family: &quot;book antiqua&quot; , serif;\"> Cud ten<br \/>\nzapocz\u0105tkowa\u0142 ca\u0142y szereg innych znak\u00f3w i cud\u00f3w. <\/span><\/span><br \/>\n<\/span><\/div>\n<div align=\"justify\" style=\"background: transparent; line-height: 150%; margin-bottom: 0cm; text-indent: 1.3cm;\">\n<span style=\"font-size: x-large;\"><span style=\"color: black;\"><span style=\"font-family: &quot;book antiqua&quot; , serif;\">27<br \/>\nlutego Matka Bo\u017ca <\/span><span style=\"font-family: &quot;book antiqua&quot; , serif;\"><b>ponowi\u0142a<br \/>\n\u017cyczenie, aby na tym miejscu powsta\u0142a kaplica. <\/b><\/span><span style=\"font-family: &quot;book antiqua&quot; , serif;\">1<br \/>\nmarca 1858 roku poleci\u0142a Bernadecie, aby modli\u0142a si\u0119 nadal na<br \/>\nr\u00f3\u017ca\u0144cu. 2 marca z kolei, Matka Bo\u017ca poprosi\u0142a, <\/span><span style=\"font-family: &quot;book antiqua&quot; , serif;\"><b>aby<br \/>\ndo groty urz\u0105dzano procesje.<\/b><\/span><span style=\"font-family: &quot;book antiqua&quot; , serif;\"><br \/>\nZawiadomiony o tym proboszcz odpowiedzia\u0142, \u017ce b\u0119dzie to m\u00f3g\u0142<br \/>\nuczyni\u0107 <\/span><span style=\"font-family: &quot;book antiqua&quot; , serif;\"><b>dopiero za<br \/>\npozwoleniem swojego biskupa.<\/b><\/span><span style=\"font-family: &quot;book antiqua&quot; , serif;\"><br \/>\n<\/span><\/span><br \/>\n<\/span><\/div>\n<div align=\"justify\" style=\"background: transparent; line-height: 150%; margin-bottom: 0cm; text-indent: 1.3cm;\">\n<span style=\"font-size: x-large;\"><span style=\"color: black;\"><span style=\"font-family: &quot;book antiqua&quot; , serif;\">Tymczasem,<br \/>\n4 marca, na oczach oko\u0142o dwudziestu tysi\u0119cy ludzi <\/span><span style=\"font-family: &quot;book antiqua&quot; , serif;\"><b>zosta\u0142<br \/>\ncudownie uleczony przy \u017ar\u00f3dle miejscowy restaurator.<\/b><\/span><span style=\"font-family: &quot;book antiqua&quot; , serif;\"><br \/>\nMia\u0142 on na wierzchu d\u0142oni wielk\u0105 naro\u015bl. Lekarze orzekli, \u017ce<br \/>\njest to z\u0142o\u015bliwy rak i trzeba r\u0119k\u0119 amputowa\u0107. <\/span><span style=\"font-family: &quot;book antiqua&quot; , serif;\"><b>Kiedy<br \/>\nmodli\u0142 si\u0119 gor\u0105co i poleca\u0142 wstawiennictwu Bernadetty, zanurzy\u0142<br \/>\nr\u0119k\u0119 i wyci\u0105gn\u0105\u0142 j\u0105 zupe\u0142nie zdrow\u0105, bez ropiej\u0105cej naro\u015bli.<\/b><\/span><span style=\"font-family: &quot;book antiqua&quot; , serif;\"><br \/>\nA poprzedniego dnia, pewna matka dozna\u0142a \u0142aski nag\u0142ego uzdrowienia<br \/>\nswojego dziecka, zanurzaj\u0105c je ca\u0142e w zimnej wodzie \u017ar\u00f3d\u0142a \u2013 <\/span><span style=\"font-family: &quot;book antiqua&quot; , serif;\"><b>i<br \/>\nto w sytuacji, w kt\u00f3rej lekarze orzekli, \u017ce dni dziecka s\u0105 ju\u017c<br \/>\npoliczone.<\/b><\/span><span style=\"font-family: &quot;book antiqua&quot; , serif;\"> <\/span><\/span><br \/>\n<\/span><\/div>\n<div align=\"justify\" style=\"background: transparent; line-height: 150%; margin-bottom: 0cm; text-indent: 1.3cm;\">\n<span style=\"font-size: x-large;\"><span style=\"color: black;\"><span style=\"font-family: &quot;book antiqua&quot; , serif;\">Wtedy<br \/>\nte\u017c nast\u0105pi\u0142a d\u0142u\u017csza przerwa w objawieniach. Dopiero <\/span><span style=\"font-family: &quot;book antiqua&quot; , serif;\"><b>25<br \/>\nmarca, w uroczysto\u015b\u0107 Zwiastowania, <\/b><\/span><span style=\"font-family: &quot;book antiqua&quot; , serif;\"><span style=\"font-weight: normal;\">Bernadetta<br \/>\nponownie zobaczy\u0142a Matk\u0119 Bo\u017c\u0105.<\/span><\/span><span style=\"font-family: &quot;book antiqua&quot; , serif;\"><br \/>\nKiedy J\u0105 zapyta\u0142a o imi\u0119, otrzyma\u0142a odpowied\u017a: <\/span><span style=\"font-family: &quot;book antiqua&quot; , serif;\"><b>\u201eJam<br \/>\njest Niepokalane Pocz\u0119cie\u201d.<\/b><\/span><span style=\"font-family: &quot;book antiqua&quot; , serif;\"><br \/>\nBy\u0142y to bardzo wa\u017cne s\u0142owa, poniewa\u017c mija\u0142y zaledwie <\/span><span style=\"font-family: &quot;book antiqua&quot; , serif;\"><b>cztery<br \/>\nlata od og\u0142oszenia<\/b><\/span><span style=\"font-family: &quot;book antiqua&quot; , serif;\"> przez<br \/>\nPapie\u017ca Piusa IX dogmatu o Niepokalanym Pocz\u0119ciu Maryi, a przecie\u017c<br \/>\nw\u00f3wczas \u015brodki komunikacji spo\u0142ecznej nie by\u0142y tak rozwini\u0119te<br \/>\njak dzisiaj, dlatego <\/span><span style=\"font-family: &quot;book antiqua&quot; , serif;\"><b>informacje<br \/>\nnie rozchodzi\u0142y si\u0119 po \u015bwiecie zbyt szybko<\/b><\/span><span style=\"font-family: &quot;book antiqua&quot; , serif;\"><span style=\"font-weight: normal;\"><br \/>\ni nie dociera\u0142y tak sprawnie, jak obecnie, do \u015bwiadomo\u015bci ludzi <\/span><\/span><span style=\"font-family: &quot;book antiqua&quot; , serif;\">\u2013<br \/>\nszczeg\u00f3lnie <\/span><span style=\"font-family: &quot;book antiqua&quot; , serif;\"><b>tak prostych,<br \/>\njak Bernadetta.<\/b><\/span><span style=\"font-family: &quot;book antiqua&quot; , serif;\"> Dlatego<br \/>\nten dzie\u0144 mo\u017cna okre\u015bli\u0107 jako <\/span><span style=\"font-family: &quot;book antiqua&quot; , serif;\"><b>swoisty<br \/>\nprze\u0142om<\/b><\/span><span style=\"font-family: &quot;book antiqua&quot; , serif;\"> w<br \/>\nuwiarygodnianiu informacji o objawianiu si\u0119 Matki Bo\u017cej. <\/span><\/span><br \/>\n<\/span><\/div>\n<div align=\"justify\" style=\"background: transparent; line-height: 150%; margin-bottom: 0cm; text-indent: 1.3cm;\">\n<span style=\"font-size: x-large;\"><span style=\"color: black;\"><span style=\"font-family: &quot;book antiqua&quot; , serif;\">Po<br \/>\nkolejnej d\u0142u\u017cszej przerwie, 7 kwietnia, w \u015brod\u0119 po Wielkanocy,<br \/>\nponownie Matka Bo\u017ca objawi\u0142a si\u0119 Bernadecie. Po rozej\u015bciu si\u0119<br \/>\nt\u0142um\u00f3w policja pod pozorem bezpiecze\u0144stwa publicznego i<br \/>\nkonieczno\u015bci przeprowadzenia bada\u0144 wody, <\/span><span style=\"font-family: &quot;book antiqua&quot; , serif;\"><b>zamkn\u0119\u0142a<br \/>\ndost\u0119p do \u017ar\u00f3d\u0142a i groty.<\/b><\/span><span style=\"font-family: &quot;book antiqua&quot; , serif;\"><br \/>\nZabrano tak\u017ce do komisariatu liczne ju\u017c z\u0142o\u017cone wota. Jednak<br \/>\nBernadetta ucz\u0119szcza\u0142a tam nadal i kl\u0119kaj\u0105c opodal, modli\u0142a si\u0119.<br \/>\n<\/span><\/span><br \/>\n<\/span><\/div>\n<div align=\"justify\" style=\"background: transparent; line-height: 150%; margin-bottom: 0cm; text-indent: 1.3cm;\">\n<span style=\"font-size: x-large;\"><span style=\"color: black;\"><span style=\"font-family: &quot;book antiqua&quot; , serif;\">16<br \/>\nlipca, w uroczysto\u015b\u0107 Szkaplerz<\/span><\/span><span style=\"color: black;\"><span style=\"font-family: &quot;book antiqua&quot; , serif;\">a<br \/>\n\u015awi\u0119tego<\/span><\/span><span style=\"color: black;\"><span style=\"font-family: &quot;book antiqua&quot; , serif;\">,<br \/>\nMatka Bo\u017ca pojawi\u0142a si\u0119 po raz ostatni. 18 stycznia 1862 roku,<br \/>\nkomisja powo\u0142ana przez miejscowego biskupa \u2013 po wielu badaniach \u2013<br \/>\nog\u0142osi\u0142a dekret, \u017ce <\/span><\/span><span style=\"color: black;\"><span style=\"font-family: &quot;book antiqua&quot; , serif;\"><b>\u201emo\u017cna<br \/>\nda\u0107 wiar\u0119\u201d zjawiskom, jakie si\u0119 przydarzy\u0142y w Lourdes.<\/b><\/span><\/span><span style=\"color: black;\"><span style=\"font-family: &quot;book antiqua&quot; , serif;\"><br \/>\nW roku 1875 arcybiskup Pary\u017ca po\u015bwi\u0119ci\u0142 uroczy\u015bcie \u015bwi\u0105tyni\u0119,<br \/>\nwybudowan\u0105 na miejscu objawie\u0144. W uroczysto\u015bci tej wzi\u0119\u0142o udzia\u0142<br \/>\ntrzydziestu pi\u0119ciu arcybiskup\u00f3w i biskup\u00f3w, trzy tysi\u0105ce kap\u0142an\u00f3w<br \/>\ni sto tysi\u0119cy wiernych. W roku 1891, Leon XIII ustanowi\u0142 <\/span><\/span><span style=\"color: black;\"><span style=\"font-family: &quot;book antiqua&quot; , serif;\"><b>\u015a<\/b><\/span><\/span><span style=\"color: black;\"><span style=\"font-family: &quot;book antiqua&quot; , serif;\"><b>wi\u0119to<br \/>\nObjawienia si\u0119 Matki Bo\u017cej w Lourdes,<\/b><\/span><\/span><span style=\"color: black;\"><span style=\"font-family: &quot;book antiqua&quot; , serif;\"><br \/>\nkt\u00f3re <\/span><\/span><span style=\"color: black;\"><span style=\"font-family: &quot;book antiqua&quot; , serif;\"><b>\u015awi\u0119ty<br \/>\nPius X w 1907 roku rozci\u0105gn\u0105\u0142 na ca\u0142y Ko\u015bci\u00f3\u0142.<\/b><\/span><\/span><span style=\"color: black;\"><span style=\"font-family: &quot;book antiqua&quot; , serif;\"><br \/>\nW roku 1933 Bernadetta Soubirous zosta\u0142a kanonizowana. <\/span><\/span><br \/>\n<\/span><\/div>\n<div align=\"justify\" style=\"background: transparent; line-height: 150%; margin-bottom: 0cm; text-indent: 1.3cm;\">\n<span style=\"font-size: x-large;\"><span style=\"font-variant: normal;\"><span style=\"color: black;\"><span style=\"font-family: &quot;book antiqua&quot; , serif;\"><span style=\"letter-spacing: normal;\"><span style=\"font-style: normal;\"><span style=\"font-weight: normal;\">Lourdes<br \/>\n<\/span><\/span><\/span><\/span><\/span><\/span><span style=\"font-variant: normal;\"><span style=\"color: black;\"><span style=\"font-family: &quot;book antiqua&quot; , serif;\"><span style=\"letter-spacing: normal;\"><span style=\"font-style: normal;\"><span style=\"font-weight: normal;\">natomiast<br \/>\nsta\u0142o si\u0119 <\/span><\/span><\/span><\/span><\/span><\/span><span style=\"font-variant: normal;\"><span style=\"color: black;\"><span style=\"font-family: &quot;book antiqua&quot; , serif;\"><span style=\"letter-spacing: normal;\"><span style=\"font-style: normal;\"><span style=\"font-weight: normal;\">s\u0142ynnym<br \/>\nmiejscem pielgrzymkowym \u2013 <\/span><\/span><\/span><\/span><\/span><\/span><span style=\"font-variant: normal;\"><span style=\"color: black;\"><span style=\"font-family: &quot;book antiqua&quot; , serif;\"><span style=\"letter-spacing: normal;\"><span style=\"font-style: normal;\"><span style=\"font-weight: normal;\">prawdziwym<br \/>\n<\/span><\/span><\/span><\/span><\/span><\/span><span style=\"font-variant: normal;\"><span style=\"color: black;\"><span style=\"font-family: &quot;book antiqua&quot; , serif;\"><span style=\"letter-spacing: normal;\"><span style=\"font-style: normal;\"><b>Sanktuarium<br \/>\nChorych i Cierpi\u0105cych<\/b><\/span><\/span><\/span><\/span><\/span><span style=\"font-variant: normal;\"><span style=\"color: black;\"><span style=\"font-family: &quot;book antiqua&quot; , serif;\"><span style=\"letter-spacing: normal;\"><span style=\"font-style: normal;\"><span style=\"font-weight: normal;\"><br \/>\n\u2013<\/span><\/span><\/span><\/span><\/span><\/span><span style=\"font-variant: normal;\"><span style=\"color: black;\"><span style=\"font-family: &quot;book antiqua&quot; , serif;\"><span style=\"letter-spacing: normal;\"><span style=\"font-style: normal;\"><span style=\"font-weight: normal;\"><br \/>\ndo kt\u00f3rego przybywaj\u0105 tysi\u0105ce ludzi, by czci\u0107 Matk\u0119 Bo\u017c\u0105 <\/span><\/span><\/span><\/span><\/span><\/span><span style=\"font-variant: normal;\"><span style=\"color: black;\"><span style=\"font-family: &quot;book antiqua&quot; , serif;\"><span style=\"letter-spacing: normal;\"><span style=\"font-style: normal;\"><span style=\"font-weight: normal;\">i<br \/>\nprosi\u0107 o <\/span><\/span><\/span><\/span><\/span><\/span><span style=\"font-variant: normal;\"><span style=\"color: black;\"><span style=\"font-family: &quot;book antiqua&quot; , serif;\"><span style=\"letter-spacing: normal;\"><span style=\"font-style: normal;\"><b>uzdrowienie<br \/>\nze swych dolegliwo\u015bci<\/b><\/span><\/span><\/span><\/span><\/span><span style=\"font-variant: normal;\"><span style=\"color: black;\"><span style=\"font-family: &quot;book antiqua&quot; , serif;\"><span style=\"letter-spacing: normal;\"><span style=\"font-style: normal;\"><span style=\"font-weight: normal;\"><br \/>\noraz o <\/span><\/span><\/span><\/span><\/span><\/span><span style=\"font-variant: normal;\"><span style=\"color: black;\"><span style=\"font-family: &quot;book antiqua&quot; , serif;\"><span style=\"letter-spacing: normal;\"><span style=\"font-style: normal;\"><b>umocnienie<br \/>\nw d\u017awiganiu krzy\u017ca cierpienia.<\/b><\/span><\/span><\/span><\/span><\/span><\/span><\/div>\n<div align=\"justify\" style=\"background: transparent; line-height: 150%; margin-bottom: 0cm; text-indent: 1.3cm;\">\n<span style=\"font-size: x-large;\"><span style=\"color: black;\"><span style=\"font-family: &quot;book antiqua&quot; , serif;\">A<br \/>\noto jak sama Bernadetta opisa\u0142a, w roku 1861 \u2013 w jednym z list\u00f3w<br \/>\n\u2013 wydarzenia, w kt\u00f3rych uczestniczy\u0142a: \u201ePewnego dnia, kiedy<br \/>\nwraz z dwiema dziewczynkami uda\u0142am si\u0119 nad rzek\u0119 Gave, aby<br \/>\nnazbiera\u0107 chrustu, us\u0142ysza\u0142am jakby szelest wiatru. Obr\u00f3ci\u0142am<br \/>\nsi\u0119 ku \u0142\u0105ce, ale zobaczy\u0142am, i\u017c ga\u0142\u0105zki drzew nie poruszaj\u0105<br \/>\nsi\u0119 wcale. Unios\u0142am wtedy g\u0142ow\u0119 i spojrza\u0142am w kierunku groty.<br \/>\n<\/span><\/span><span style=\"color: black;\"><span style=\"font-family: &quot;book antiqua&quot; , serif;\"><b>Zobaczy\u0142am<br \/>\nPani\u0105 odzian\u0105 w bia\u0142e szaty. Mia\u0142a na sobie bia\u0142\u0105 sukni\u0119,<br \/>\nprzepasana by\u0142a niebiesk\u0105 wst\u0119g\u0105, na ka\u017cdej z Jej st\u00f3p<br \/>\nspoczywa\u0142a z\u0142ocista r\u00f3\u017ca.<\/b><\/span><\/span><span style=\"color: black;\"><span style=\"font-family: &quot;book antiqua&quot; , serif;\"><br \/>\nTaki sam kolor mia\u0142y ziarenka Jej r\u00f3\u017ca\u0144ca.<\/span><\/span><\/span><\/div>\n<div align=\"justify\" style=\"background: transparent; line-height: 150%; margin-bottom: 0cm; text-indent: 1.3cm;\">\n<span style=\"font-size: x-large;\"><span style=\"color: black;\"><span style=\"font-family: &quot;book antiqua&quot; , serif;\">Kiedy<br \/>\nJ\u0105 zobaczy\u0142am, przetar\u0142am oczy s\u0105dz\u0105c, i\u017c mi si\u0119 przywidzia\u0142o.<br \/>\nZaraz te\u017c w\u0142o\u017cy\u0142am r\u0119k\u0119 do kieszonki i znalaz\u0142am sw\u00f3j<br \/>\nr\u00f3\u017caniec. <\/span><\/span><span style=\"color: black;\"><span style=\"font-family: &quot;book antiqua&quot; , serif;\"><span style=\"font-weight: normal;\">Chcia\u0142am<br \/>\nprze\u017cegna\u0107 si\u0119, ale nie mog\u0142am unie\u015b\u0107 opadaj\u0105cej r\u0119ki.<br \/>\nDopiero<\/span><\/span><\/span><span style=\"color: black;\"><span style=\"font-family: &quot;book antiqua&quot; , serif;\"><b><br \/>\nkiedy Pani uczyni\u0142a znak krzy\u017ca, wtedy i ja dr\u017c\u0105c\u0105 r\u0119k\u0105<br \/>\nspr\u00f3bowa\u0142am, i uda\u0142o si\u0119.<\/b><\/span><\/span><span style=\"color: black;\"><span style=\"font-family: &quot;book antiqua&quot; , serif;\"><br \/>\nR\u00f3wnocze\u015bnie zacz\u0119\u0142am odmawia\u0107 R\u00f3\u017caniec. Tak\u017ce Pani<br \/>\nprzesuwa\u0142a ziarenka r\u00f3\u017ca\u0144ca, ale nie porusza\u0142a wargami. Kiedy<br \/>\nsko\u0144czy\u0142am odmawianie, widzenie usta\u0142o natychmiast.<\/span><\/span><\/span><\/div>\n<div align=\"justify\" style=\"background: transparent; line-height: 150%; margin-bottom: 0cm; text-indent: 1.3cm;\">\n<span style=\"font-size: x-large;\"><span style=\"color: black;\"><span style=\"font-family: &quot;book antiqua&quot; , serif;\">Z<\/span><\/span><span style=\"color: black;\"><span style=\"font-family: &quot;book antiqua&quot; , serif;\">apyta\u0142am<br \/>\nwi\u0119c obydwie dziewczynki, czy czego\u015b nie widzia\u0142y. Odpowiedzia\u0142y,<br \/>\n\u017ce nie. Spyta\u0142y natomiast, co takiego mam im do opowiedzenia. Wtedy<br \/>\noznajmi\u0142am im, \u017ce <\/span><\/span><span style=\"color: black;\"><span style=\"font-family: &quot;book antiqua&quot; , serif;\"><b>widzia\u0142am<br \/>\nPani\u0105 w bieli i \u017ce nie wiem, kim Ona mog\u0142aby by\u0107.<\/b><\/span><\/span><span style=\"color: black;\"><span style=\"font-family: &quot;book antiqua&quot; , serif;\"><br \/>\nUpomnia\u0142am je jednak, aby nie m\u00f3wi\u0142y o tym nikomu. One znowu<br \/>\nnamawia\u0142y mnie, \u017cebym nie wraca\u0142a na to miejsce, ale ja si\u0119 na to<br \/>\nnie zgodzi\u0142am. <\/span><\/span><span style=\"color: black;\"><span style=\"font-family: &quot;book antiqua&quot; , serif;\"><span style=\"font-weight: normal;\">Wr\u00f3ci\u0142am<br \/>\nwi\u0119c na to samo miejsce w niedziel\u0119,<\/span><\/span><\/span><span style=\"color: black;\"><span style=\"font-family: &quot;book antiqua&quot; , serif;\"><b><br \/>\nczuj\u0105c wewn\u0119trznie, \u017ce co\u015b mnie tam wo\u0142a.<\/b><\/span><\/span><\/span><\/div>\n<div align=\"justify\" style=\"background: transparent; line-height: 150%; margin-bottom: 0cm; text-indent: 1.3cm;\">\n<span style=\"font-size: x-large;\"><span style=\"color: black;\"><span style=\"font-family: &quot;book antiqua&quot; , serif;\">Pani<br \/>\nprzem\u00f3wi\u0142a do mnie dopiero za trzecim razem. Zapyta\u0142a, czy nie<br \/>\nzechcia\u0142abym przychodzi\u0107 tu do Niej przez dni pi\u0119tna\u015bcie.<br \/>\nOdpowiedzia\u0142am, \u017ce chc\u0119. Pani powiedzia\u0142a jeszcze, \u017ce <\/span><\/span><span style=\"color: black;\"><span style=\"font-family: &quot;book antiqua&quot; , serif;\"><b>mam<br \/>\npowiedzie\u0107 kap\u0142anom, aby postarali si\u0119 o wybudowanie na tym<br \/>\nmiejscu kaplicy.<\/b><\/span><\/span><span style=\"color: black;\"><span style=\"font-family: &quot;book antiqua&quot; , serif;\"><br \/>\nNast\u0119pnie poleci\u0142a mi napi\u0107 si\u0119 wody ze \u017ar\u00f3d\u0142a. Poniewa\u017c nie<br \/>\nwidzia\u0142am tam \u017cadnego \u017ar\u00f3d\u0142a, zwr\u00f3ci\u0142am si\u0119 w stron\u0119 rzeki<br \/>\nGave. Ale Pani da\u0142a mi znak, \u017ce nie tam, i palcem pokaza\u0142a na<br \/>\n\u017ar\u00f3d\u0142o. <\/span><\/span><br \/>\n<\/span><\/div>\n<div align=\"justify\" style=\"background: transparent; line-height: 150%; margin-bottom: 0cm; text-indent: 1.3cm;\">\n<span style=\"font-size: x-large;\"><span style=\"color: black;\"><span style=\"font-family: &quot;book antiqua&quot; , serif;\">Kiedy<br \/>\npodesz\u0142am bli\u017cej, znalaz\u0142am zaledwie <\/span><\/span><span style=\"color: black;\"><span style=\"font-family: &quot;book antiqua&quot; , serif;\"><b>odrobin\u0119<br \/>\nb\u0142otnistej wody.<\/b><\/span><\/span><span style=\"color: black;\"><span style=\"font-family: &quot;book antiqua&quot; , serif;\"><br \/>\nNadstawi\u0142am d\u0142o\u0144, ale nic nie mog\u0142am pochwyci\u0107. Zacz\u0119\u0142am wi\u0119c<br \/>\ndr\u0105\u017cy\u0107 ziemi\u0119 w tym miejscu <\/span><\/span><span style=\"color: black;\"><span style=\"font-family: &quot;book antiqua&quot; , serif;\"><b>i<br \/>\ndopiero w\u00f3wczas mog\u0142am zaczerpn\u0105\u0107 nieco wody. Odrzuci\u0142am trzy<br \/>\nrazy, za czwartym razem wypi\u0142am.<\/b><\/span><\/span><span style=\"color: black;\"><span style=\"font-family: &quot;book antiqua&quot; , serif;\"><br \/>\nWidzenie znik\u0142o, a ja powr\u00f3ci\u0142am do domu.<\/span><\/span><\/span><\/div>\n<div align=\"justify\" style=\"background: transparent; line-height: 150%; margin-bottom: 0cm; text-indent: 1.3cm;\">\n<span style=\"font-size: x-large;\"><strong><span style=\"font-variant: normal;\"><span style=\"color: black;\"><span style=\"font-family: &quot;book antiqua&quot; , serif;\"><span style=\"letter-spacing: normal;\"><span style=\"font-style: normal;\"><span style=\"font-weight: normal;\">Przez<br \/>\npi\u0119tna\u015bcie dni powraca\u0142am na to miejsce, <\/span><\/span><\/span><\/span><\/span><\/span><\/strong><strong><span style=\"font-variant: normal;\"><span style=\"color: black;\"><span style=\"font-family: &quot;book antiqua&quot; , serif;\"><span style=\"letter-spacing: normal;\"><span style=\"font-style: normal;\"><b>a<br \/>\nPani ukazywa\u0142a mi si\u0119 za ka\u017cdym razem, z wyj\u0105tkiem jednego wtorku<br \/>\ni pi\u0105tku.<\/b><\/span><\/span><\/span><\/span><\/span><\/strong><strong><span style=\"font-variant: normal;\"><span style=\"color: black;\"><span style=\"font-family: &quot;book antiqua&quot; , serif;\"><span style=\"letter-spacing: normal;\"><span style=\"font-style: normal;\"><span style=\"font-weight: normal;\"><br \/>\nPoleca\u0142a na nowo, abym zach\u0119ci\u0142a kap\u0142an\u00f3w do wybudowania<br \/>\nkaplicy, zach\u0119ci\u0142a tak\u017ce, abym si\u0119 obmy\u0142a w \u017ar\u00f3dle <\/span><\/span><\/span><\/span><\/span><\/span><\/strong><strong><span style=\"font-variant: normal;\"><span style=\"color: black;\"><span style=\"font-family: &quot;book antiqua&quot; , serif;\"><span style=\"letter-spacing: normal;\"><span style=\"font-style: normal;\"><b>i<br \/>\nabym si\u0119 modli\u0142a o nawr\u00f3cenie grzesznik\u00f3w.<\/b><\/span><\/span><\/span><\/span><\/span><\/strong><strong><span style=\"font-variant: normal;\"><span style=\"color: black;\"><span style=\"font-family: &quot;book antiqua&quot; , serif;\"><span style=\"letter-spacing: normal;\"><span style=\"font-style: normal;\"><span style=\"font-weight: normal;\"><br \/>\nWielokrotnie zapytywa\u0142am, kim jest, ale Ona u\u015bmiecha\u0142a si\u0119 tylko<br \/>\n\u0142agodnie. W ko\u0144cu, trzymaj\u0105c r\u0119ce uniesione i kieruj\u0105c wzrok ku<br \/>\nniebu <\/span><\/span><\/span><\/span><\/span><\/span><\/strong><strong><span style=\"font-variant: normal;\"><span style=\"color: black;\"><span style=\"font-family: &quot;book antiqua&quot; , serif;\"><span style=\"letter-spacing: normal;\"><span style=\"font-style: normal;\"><b>powiedzia\u0142a,<br \/>\n\u017ce jest Niepokalanym Pocz\u0119ciem.<\/b><\/span><\/span><\/span><\/span><\/span><\/strong><span style=\"font-variant: normal;\"><span style=\"color: black;\"><span style=\"font-family: &quot;book antiqua&quot; , serif;\"><span style=\"letter-spacing: normal;\"><span style=\"font-style: normal;\"><b>\u201d<br \/>\n<\/b><\/span><\/span><\/span><\/span><\/span><span style=\"font-variant: normal;\"><span style=\"color: black;\"><span style=\"font-family: &quot;book antiqua&quot; , serif;\"><span style=\"letter-spacing: normal;\"><span style=\"font-style: normal;\"><span style=\"font-weight: normal;\">Tyle<br \/>\nze wspomnie\u0144 samej Bernadetty.<\/span><\/span><\/span><\/span><\/span><\/span><\/span><\/div>\n<div align=\"justify\" style=\"background: transparent; font-style: normal; font-variant: normal; font-weight: normal; letter-spacing: normal; line-height: 150%; margin-bottom: 0cm; text-indent: 1.3cm;\">\n<span style=\"color: black;\"><span style=\"font-family: &quot;book antiqua&quot; , serif;\"><span style=\"font-size: x-large;\"><strong><span style=\"font-weight: normal;\">Ws\u0142uchani<br \/>\nw s\u0142owa Maryi, wzywaj\u0105cej \u015bwiat do nawr\u00f3cenia, <\/span><\/strong><strong><span style=\"font-weight: normal;\">a<br \/>\nwi\u0119c do <\/span><\/strong><strong><b>powrotu<br \/>\n\u201edo pocz\u0105tku\u201d,<\/b><\/strong><strong><span style=\"font-weight: normal;\"><br \/>\na tak\u017ce zas\u0142uchani w <\/span><\/strong><strong><span style=\"font-weight: normal;\">Bo\u017ce<br \/>\ns\u0142owo dzisiejszej liturgii, <\/span><\/strong><strong><span style=\"font-weight: normal;\">raz<br \/>\njeszcze podzi\u0119kujmy Bogu za wszystko, co uczyni\u0142 <\/span><\/strong><strong><i><b>na<br \/>\npocz\u0105tku<\/b><\/i><\/strong><strong><span style=\"font-weight: normal;\"><br \/>\n\u2013 i co stale nam czyni i czym nas obdarowuje w ka\u017cdej chwili<br \/>\nnaszego istnienia. Bo gdyby przez chwil\u0119 o nas zapomnia\u0142, to <\/span><\/strong><strong><b>w<br \/>\ntej jednej chwili przestaliby\u015bmy istnie\u0107.<\/b><\/strong><strong><span style=\"font-weight: normal;\"><br \/>\nCzy mamy tego \u015bwiadomo\u015b\u0107?\u2026 <\/span><\/strong><strong><span style=\"font-weight: normal;\">Czy<br \/>\ndzi\u0119kujemy za to, \u017ce\u2026 jeste\u015bmy?\u2026<\/span><\/strong><\/span><\/span><\/span><\/div>\n<div align=\"justify\" style=\"background: transparent; font-style: normal; font-variant: normal; font-weight: normal; letter-spacing: normal; line-height: 150%; margin-bottom: 0cm; text-indent: 1.3cm;\">\n<span style=\"font-size: x-large;\"><\/p>\n<p><\/span><\/div>\n<div align=\"center\" style=\"background: transparent; font-style: normal; font-variant: normal; font-weight: normal; letter-spacing: normal; line-height: 150%; margin-bottom: 0cm;\">\n<span style=\"font-size: x-large;\"><span style=\"color: black;\"><span style=\"font-family: &quot;book antiqua&quot; , serif;\"><strong><b>A<br \/>\nOTO ZAPOWIEDZIANY DOKUMENT <\/b><\/strong><\/span><\/span><br \/>\n<\/span><\/div>\n<div align=\"center\" style=\"background: transparent; font-style: normal; font-variant: normal; font-weight: normal; letter-spacing: normal; line-height: 150%; margin-bottom: 0cm;\">\n<span style=\"color: black;\"><span style=\"font-family: &quot;book antiqua&quot; , serif;\"><span style=\"font-size: x-large;\"><strong><b>KSI\u0118DZA<br \/>\nKARDYNA\u0141A GERHARDA LUDWIGA <\/b><\/strong><strong><b>M\u00dcLLERA<\/b><\/strong><strong><b>:<\/b><\/strong><\/span><\/span><\/span><\/div>\n<div align=\"justify\" style=\"background: transparent; font-style: normal; font-variant: normal; font-weight: normal; letter-spacing: normal; line-height: 150%; margin-bottom: 0cm;\">\n<span style=\"font-size: x-large;\"><\/p>\n<p><\/span><\/div>\n<div align=\"center\" style=\"line-height: 150%; margin-bottom: 0cm; page-break-before: auto;\">\n<strong><span style=\"font-variant: normal;\"><span style=\"color: black;\"><span style=\"font-family: &quot;book antiqua&quot; , serif;\"><span style=\"font-size: x-large;\"><span style=\"letter-spacing: normal;\"><span style=\"font-style: normal;\"><b>MANIFEST<br \/>\nWIARY<\/b><\/span><\/span><\/span><\/span><\/span><\/span><\/strong><\/div>\n<div align=\"justify\" style=\"border: none; line-height: 150%; margin-bottom: 0cm; orphans: 2; padding: 0cm; widows: 2;\">\n<span style=\"font-size: x-large;\"><\/p>\n<p><\/span><\/div>\n<div align=\"center\" style=\"border: none; font-style: normal; font-variant: normal; font-weight: normal; letter-spacing: normal; line-height: 150%; margin-bottom: 0cm; orphans: 2; padding: 0cm; widows: 2;\">\n<span style=\"color: black;\"><span style=\"font-family: &quot;book antiqua&quot; , serif;\"><span style=\"font-size: x-large;\"><strong><span style=\"font-weight: normal;\">(<\/span><\/strong><strong><span style=\"font-weight: normal;\">Numery<br \/>\nw tek\u015bcie odnosz\u0105 si\u0119 do Katechizmu Ko\u015bcio\u0142a Katolickiego<\/span><\/strong><strong><span style=\"font-weight: normal;\">)<\/span><\/strong><\/span><\/span><\/span><\/div>\n<div align=\"justify\" style=\"border: none; line-height: 150%; margin-bottom: 0cm; orphans: 2; padding: 0cm; widows: 2;\">\n<span style=\"font-size: x-large;\"><\/p>\n<p><\/span><\/div>\n<div align=\"justify\" style=\"border: none; line-height: 150%; margin-bottom: 0cm; orphans: 2; padding: 0cm; widows: 2;\">\n<span style=\"font-size: x-large;\"><strong><span style=\"font-variant: normal;\"><span style=\"color: black;\"><span style=\"letter-spacing: normal;\">\u201e<\/span><\/span><\/span><\/strong><strong><span style=\"font-variant: normal;\"><span style=\"color: black;\"><span style=\"font-family: &quot;book antiqua&quot; , serif;\"><span style=\"letter-spacing: normal;\"><span style=\"font-style: normal;\"><b>Niech<br \/>\nsi\u0119 nie trwo\u017cy wasze serce!\u201d (J 14,1)<\/b><\/span><\/span><\/span><\/span><\/span><\/strong><\/span><\/div>\n<div align=\"justify\" style=\"background: transparent; border: none; font-style: normal; font-variant: normal; font-weight: normal; letter-spacing: normal; line-height: 150%; margin-bottom: 0cm; orphans: 2; padding: 0cm; page-break-before: auto; text-indent: 1.3cm; widows: 2;\">\n<span style=\"color: black;\"><span style=\"font-family: &quot;book antiqua&quot; , serif;\"><span style=\"font-size: x-large;\">Wobec<br \/>\ncoraz bardziej rozszerzaj\u0105cego si\u0119 zamieszania w nauczaniu wiary,<br \/>\nwielu biskup\u00f3w, kap\u0142an\u00f3w, zakonnik\u00f3w i \u015bwieckich Ko\u015bcio\u0142a<br \/>\nKatolickiego poprosi\u0142o mnie o z\u0142o\u017cenie publicznego \u015bwiadectwa<br \/>\nPrawdzie Objawienia. Jest zadaniem w\u0142a\u015bciwym pasterzom prowadzi\u0107<br \/>\nludzi im powierzonych na drodze do zbawienia, to za\u015b mo\u017ce dzia\u0107<br \/>\nsi\u0119 jedynie w\u00f3wczas, gdy taka droga jest znana oraz gdy oni sami<br \/>\njako pierwsi ni\u0105 pod\u0105\u017caj\u0105. Dlatego w\u0142a\u015bnie napomina\u0142 Aposto\u0142:<br \/>\n<i><b>Przekaza\u0142em wam na pocz\u0105tku to, co przej\u0105\u0142em<\/b><\/i> (1 Kor<br \/>\n15, 3). Dzi\u015b wielu chrze\u015bcijan nie zna ju\u017c nawet podstaw wiary,<br \/>\nprzy rosn\u0105cym wci\u0105\u017c niebezpiecze\u0144stwie, \u017ce nie znajd\u0105 ju\u017c<br \/>\ndrogi, kt\u00f3ra prowadzi do \u017cycia wiecznego. Jednakowo\u017c, podstawowym<br \/>\nzadaniem Ko\u015bcio\u0142a pozostaje prowadzi\u0107 ludzi do Jezusa Chrystusa,<br \/>\n\u015awiat\u0142o\u015bci narod\u00f3w (Lumen gentium 1). W tej sytuacji powstaje<br \/>\npytanie, jak znale\u017a\u0107 w\u0142a\u015bciwy kierunek. Wed\u0142ug Jana Paw\u0142a II,<br \/>\nKatechizm Ko\u015bcio\u0142a Katolickiego stanowi \u201epewn\u0105 norm\u0119 nauczania<br \/>\nwiary\u201d (Fidei depositum IV). Zosta\u0142 on napisany dla umocnienia<br \/>\nbraci i si\u00f3str w wierze, wierze wystawionej na ci\u0119\u017ck\u0105 pr\u00f3b\u0119<br \/>\nprzez \u201edyktatur\u0119 relatywizmu\u201d.<\/span><\/span><\/span><\/div>\n<div align=\"justify\" style=\"border: none; line-height: 150%; margin-bottom: 0cm; orphans: 2; padding: 0cm; widows: 2;\">\n<span style=\"font-size: x-large;\"><\/p>\n<p><\/span><\/div>\n<div align=\"justify\" style=\"border: none; line-height: 150%; margin-bottom: 0cm; orphans: 2; padding: 0cm; widows: 2;\">\n<strong><span style=\"font-variant: normal;\"><span style=\"color: black;\"><span style=\"font-family: &quot;book antiqua&quot; , serif;\"><span style=\"font-size: x-large;\"><span style=\"letter-spacing: normal;\"><span style=\"font-style: normal;\"><b>B\u00f3g<br \/>\nTr\u00f3jjedyny, objawiony w Jezusie Chrystusie<\/b><\/span><\/span><\/span><\/span><\/span><\/span><\/strong><\/div>\n<div align=\"justify\" style=\"background: transparent; border: none; font-style: normal; font-variant: normal; font-weight: normal; letter-spacing: normal; line-height: 150%; margin-bottom: 0cm; orphans: 2; padding: 0cm; page-break-before: auto; text-indent: 1.3cm; widows: 2;\">\n<span style=\"color: black;\"><span style=\"font-family: &quot;book antiqua&quot; , serif;\"><span style=\"font-size: x-large;\">Sedno<br \/>\nwiary wszystkich chrze\u015bcijan le\u017cy w wyznaniu Naj\u015bwi\u0119tszej Tr\u00f3jcy.<br \/>\nStali\u015bmy si\u0119 uczniami Jezusa, dzie\u0107mi i przyjaci\u00f3\u0142mi Boga,<br \/>\npoprzez chrzest w imi\u0119 Ojca i Syna, i Ducha \u015awi\u0119tego. Rozr\u00f3\u017cnienie<br \/>\ntrzech Os\u00f3b w Boskiej jedno\u015bci (254) wyznacza fundamentaln\u0105<br \/>\nr\u00f3\u017cnic\u0119 w wierze w Boga oraz w obrazie cz\u0142owieka \u2013 w por\u00f3wnaniu<br \/>\nz innymi religiami. Po rozpoznaniu Chrystusa, widma znikaj\u0105. On jest<br \/>\nprawdziwym Bogiem i prawdziwym cz\u0142owiekiem, kt\u00f3ry wcieli\u0142 si\u0119 w<br \/>\n\u0142onie Dziewicy Maryi dzi\u0119ki dzia\u0142aniu Ducha \u015awi\u0119tego. S\u0142owo,<br \/>\nkt\u00f3re sta\u0142o si\u0119 cia\u0142em, Syn Boga, jest jedynym Zbawicielem \u015bwiata<br \/>\n(679) i jedynym Po\u015brednikiem miedzy Bogiem i lud\u017ami (846). Dlatego<br \/>\nte\u017c Pierwszy List \u015bwi\u0119tego Jana Aposto\u0142a odnosi si\u0119 do tego, kto<br \/>\nneguje Jego B\u00f3stwo, jak do Antychrysta (1 J 2, 22), albowiem Jezus<br \/>\nChrystus, Syn Boga, jest odwiecznie wsp\u00f3\u0142istotny Bogu, swojemu Ojcu<br \/>\n(663). Z wielk\u0105 stanowczo\u015bci\u0105 nale\u017cy stawi\u0107 czo\u0142a pojawieniu<br \/>\nsi\u0119 dawnych herezji, kt\u00f3re w Jezusie Chrystusie widzia\u0142y jedynie<br \/>\nwybitn\u0105 osob\u0119, brata czy przyjaciela, proroka czy przyk\u0142ad<br \/>\nmoralno\u015bci. On jest przede wszystkim S\u0142owem, kt\u00f3re by\u0142o u Boga i<br \/>\nkt\u00f3re jest Bogiem, Synem Ojca, kt\u00f3ry przyj\u0105\u0142 nasz\u0105 ludzka<br \/>\nnatur\u0119, aby nas odkupi\u0107 i kt\u00f3ry przyjdzie s\u0105dzi\u0107 \u017cywych i<br \/>\numar\u0142ych. Jego samego uwielbiamy w jedno\u015bci z Ojcem i Duchem<br \/>\n\u015awi\u0119tym, jako jedynego i prawdziwego Boga (691).<\/span><\/span><\/span><\/div>\n<div align=\"justify\" style=\"border: none; line-height: 150%; margin-bottom: 0cm; orphans: 2; padding: 0cm; widows: 2;\">\n<span style=\"font-size: x-large;\"><\/p>\n<p><\/span><\/div>\n<div align=\"justify\" style=\"border: none; line-height: 150%; margin-bottom: 0cm; orphans: 2; padding: 0cm; widows: 2;\">\n<strong><span style=\"font-variant: normal;\"><span style=\"color: black;\"><span style=\"font-family: &quot;book antiqua&quot; , serif;\"><span style=\"font-size: x-large;\"><span style=\"letter-spacing: normal;\"><span style=\"font-style: normal;\"><b>Ko\u015bci\u00f3\u0142<\/b><\/span><\/span><\/span><\/span><\/span><\/span><\/strong><\/div>\n<div align=\"justify\" style=\"background: transparent; border: none; font-style: normal; font-variant: normal; font-weight: normal; letter-spacing: normal; line-height: 150%; margin-bottom: 0cm; orphans: 2; padding: 0cm; page-break-before: auto; text-indent: 1.3cm; widows: 2;\">\n<span style=\"color: black;\"><span style=\"font-family: &quot;book antiqua&quot; , serif;\"><span style=\"font-size: x-large;\">Jezus<br \/>\nChrystus za\u0142o\u017cy\u0142 Ko\u015bci\u00f3\u0142, widzialny znak i narz\u0119dzie<br \/>\nzbawienia, kt\u00f3ry trwa w Ko\u015bciele Katolickim (816). Da\u0142 swojemu<br \/>\nKo\u015bcio\u0142owi, kt\u00f3ry \u201ezrodzi\u0142 si\u0119 z boku umieraj\u0105cego na krzy\u017cu<br \/>\nChrystusa\u201d (766), sakramentaln\u0105 struktur\u0119, kt\u00f3ra trwa\u0107 b\u0119dzie<br \/>\na\u017c do pe\u0142nego wype\u0142nienia si\u0119 Kr\u00f3lestwa (765). Chrystus \u2013<br \/>\nG\u0142owa oraz wierni, jako cz\u0142onki Cia\u0142a, s\u0105 jedn\u0105 i t\u0105 sama osob\u0105<br \/>\nmistyczn\u0105 (795), dlatego te\u017c Ko\u015bci\u00f3\u0142 jest \u015bwi\u0119ty, poniewa\u017c<br \/>\nChrystus, jedyny Po\u015brednik, uczyni\u0142 j\u0105 na ziemi widzialnym<br \/>\norganizmem i nieustannie go podtrzymuje (771). Poprzez Ko\u015bci\u00f3\u0142<br \/>\nodkupie\u0144cze dzie\u0142o Chrystusa uobecnia si\u0119 w czasie i przestrzeni<br \/>\npoprzez celebrowanie sakrament\u00f3w \u015bwi\u0119tych, przede wszystkim Ofiary<br \/>\neucharystycznej, Mszy \u015bwi\u0119tej (1330). Ko\u015bci\u00f3\u0142 w\u0142adz\u0105 Chrystusa<br \/>\nprzekazuje Boskie Objawienie, kt\u00f3re \u201eobejmuje tak\u017ce wszystkie<br \/>\ntre\u015bci nauki, \u0142\u0105cznie z moralno\u015bci\u0105, bez kt\u00f3rych zbawcze prawdy<br \/>\nwiary nie mog\u0105 by\u0107 strze\u017cone, wyk\u0142adane czy zachowywane\u201d<br \/>\n(2035).<\/span><\/span><\/span><\/div>\n<div align=\"justify\" style=\"background: transparent; border: none; line-height: 150%; margin-bottom: 0cm; orphans: 2; padding: 0cm; text-indent: 1.3cm; widows: 2;\">\n<span style=\"font-size: x-large;\"><\/p>\n<p><\/span><\/div>\n<div align=\"justify\" style=\"background: transparent; border: none; line-height: 150%; margin-bottom: 0cm; orphans: 2; padding: 0cm; widows: 2;\">\n<strong><span style=\"font-variant: normal;\"><span style=\"color: black;\"><span style=\"font-family: &quot;book antiqua&quot; , serif;\"><span style=\"font-size: x-large;\"><span style=\"letter-spacing: normal;\"><span style=\"font-style: normal;\"><b>Porz\u0105dek<br \/>\nsakramentalny<\/b><\/span><\/span><\/span><\/span><\/span><\/span><\/strong><\/div>\n<div align=\"justify\" style=\"background: transparent; border: none; font-style: normal; font-variant: normal; font-weight: normal; letter-spacing: normal; line-height: 150%; margin-bottom: 0cm; orphans: 2; padding: 0cm; page-break-before: auto; text-indent: 1.3cm; widows: 2;\">\n<span style=\"color: black;\"><span style=\"font-family: &quot;book antiqua&quot; , serif;\"><span style=\"font-size: x-large;\">Ko\u015bci\u00f3\u0142<br \/>\njest w Jezusie Chrystusie powszechnym sakramentem zbawienia (776).<br \/>\nNie \u015bwieci w\u0142asnym \u015bwiat\u0142em, ale odbija niejako \u015bwiat\u0142o<br \/>\nChrystusa, kt\u00f3re l\u015bni na Jego obliczu, a to dzieje si\u0119 tylko<br \/>\nwtedy, gdy punktem odniesienia nie jest opinia wi\u0119kszo\u015bci czy te\u017c<br \/>\nduch czas\u00f3w, ale raczej prawda objawiona w Jezusie Chrystusie, kt\u00f3ry<br \/>\npowierzy\u0142 Ko\u015bcio\u0142owi Katolickiemu pe\u0142ni\u0119 \u0142aski i prawdy (819):<br \/>\nOn sam jest obecny w sakramentach Ko\u015bcio\u0142a.<\/span><\/span><\/span><\/div>\n<div align=\"justify\" style=\"background: transparent; border: none; font-style: normal; font-variant: normal; font-weight: normal; letter-spacing: normal; line-height: 150%; margin-bottom: 0cm; orphans: 2; padding: 0cm; page-break-before: auto; text-indent: 1.3cm; widows: 2;\">\n<span style=\"color: black;\"><span style=\"font-family: &quot;book antiqua&quot; , serif;\"><span style=\"font-size: x-large;\">Ko\u015bci\u00f3\u0142<br \/>\nnie jest utworzonym przez cz\u0142owieka stowarzyszeniem, kt\u00f3rego<br \/>\nstruktura mog\u0142aby by\u0107 modyfikowana przez jego cz\u0142onk\u00f3w wed\u0142ug<br \/>\nw\u0142asnego upodobania: Ko\u015bci\u00f3\u0142 jest pochodzenia Bo\u017cego. \u201eSam<br \/>\nChrystus jest \u017ar\u00f3d\u0142em pos\u0142ugi w Ko\u015bciele. On j\u0105 ustanowi\u0142,<br \/>\nwyposa\u017cy\u0142 we w\u0142adz\u0119 oraz wyznaczy\u0142 pos\u0142anie, ukierunkowanie i<br \/>\ncel\u201d (874). Tak\u017ce dzi\u015b pozostaje w mocy napomnienie Aposto\u0142a,<br \/>\nwed\u0142ug kt\u00f3rego przekl\u0119tym jest ka\u017cdy, kto g\u0142osi\u0142by inn\u0105<br \/>\nEwangeli\u0119, <i><b>nawet my lub anio\u0142 z nieba<\/b><\/i> (Ga 1, 8).<br \/>\nPrzekazywanie wiary jest nierozerwalnie zwi\u0105zane z ludzk\u0105<br \/>\nwiarygodno\u015bci\u0105 jej przekazicieli: ci za\u015b, w niekt\u00f3rych<br \/>\nprzypadkach, opu\u015bcili tych, kt\u00f3rzy zostali im powierzeni,<br \/>\nwstrz\u0105saj\u0105c nimi i powa\u017cnie szkodz\u0105c ich wierze. W ich przypadku<br \/>\nwype\u0142nia si\u0119 s\u0142owo Pisma: <i><b>Przyjdzie bowiem chwila, kiedy<br \/>\nzdrowej nauki nie b\u0119d\u0105 znosili, ale wed\u0142ug w\u0142asnych po\u017c\u0105da\u0144 \u2013<br \/>\nponiewa\u017c ich uszy \u015bwierzbi\u0105 \u2013 b\u0119d\u0105 sobie mno\u017cyli nauczycieli<\/b><\/i><br \/>\n(2 Tm 4, 3).<\/span><\/span><\/span><\/div>\n<div align=\"justify\" style=\"background: transparent; border: none; font-style: normal; font-variant: normal; font-weight: normal; letter-spacing: normal; line-height: 150%; margin-bottom: 0cm; orphans: 2; padding: 0cm; page-break-before: auto; text-indent: 1.3cm; widows: 2;\">\n<span style=\"color: black;\"><span style=\"font-family: &quot;book antiqua&quot; , serif;\"><span style=\"font-size: x-large;\">Zadaniem<br \/>\nMagisterium Ko\u015bcio\u0142a wzgl\u0119dem ludu Bo\u017cego jest: \u201echroni\u0107 go<br \/>\nprzed wypaczeniami i s\u0142abo\u015bciami\u201d, aby mia\u0142 \u201emo\u017cliwo\u015b\u0107<br \/>\nwyznawania bez b\u0142\u0119du autentycznej wiary\u201d (890). To odnosi si\u0119<br \/>\nszczeg\u00f3lnie do siedmiu sakrament\u00f3w. Naj\u015bwi\u0119tsza Eucharystia jest<br \/>\n\u201e\u017ar\u00f3d\u0142em i szczytem ca\u0142ego \u017cycia chrze\u015bcija\u0144skiego\u201d<br \/>\n(1324). Ofiara eucharystyczna, w kt\u00f3rej Chrystus w\u0142\u0105cza nas w<br \/>\nswoj\u0105 ofiar\u0119 Krzy\u017ca, ma na celu najg\u0142\u0119bsze zjednoczenie z Nim<br \/>\n(1382). Dlatego te\u017c Pismo \u015awi\u0119te udziela napomnie\u0144 odno\u015bnie<br \/>\nwarunk\u00f3w przyjmowania Komunii \u015bwi\u0119tej: <i><b>Dlatego te\u017c kto<br \/>\nspo\u017cywa chleb lub pije kielich Pa\u0144ski niegodnie, winny b\u0119dzie<br \/>\nCia\u0142a i Krwi Pa\u0144skiej<\/b><\/i> (1 Kor 11, 27), zatem \u201eJe\u015bli kto\u015b<br \/>\nma \u015bwiadomo\u015b\u0107 grzechu ci\u0119\u017ckiego, przed przyj\u0119ciem Komunii<br \/>\npowinien przyst\u0105pi\u0107 do sakramentu pojednania\u201d (1385). Z<br \/>\nwewn\u0119trznej logiki sakramentu wynika, \u017ce rozwiedzeni \u017cyj\u0105cy w<br \/>\nzwi\u0105zkach cywilnych, kt\u00f3rych sakramentalne ma\u0142\u017ce\u0144stwo przed<br \/>\nBogiem jest wci\u0105\u017c wa\u017cne, podobnie jak i wszyscy ci chrze\u015bcijanie,<br \/>\nkt\u00f3rzy nie s\u0105 w pe\u0142nej komunii z wiar\u0105 katolick\u0105, wreszcie<br \/>\nwszyscy ci, kt\u00f3rzy nie s\u0105 odpowiednio usposobieni, nie mog\u0105<br \/>\nowocnie przyj\u0105\u0107 Naj\u015bwi\u0119tszej Eucharystii (1457), poniewa\u017c w ten<br \/>\nspos\u00f3b nie prowadzi ich ona do zbawienia. Wyja\u015bnianie tego jest<br \/>\nuczynkiem mi\u0142osierdzia wzgl\u0119dem duszy.<\/span><\/span><\/span><\/div>\n<div align=\"justify\" style=\"background: transparent; border: none; font-style: normal; font-variant: normal; font-weight: normal; letter-spacing: normal; line-height: 150%; margin-bottom: 0cm; orphans: 2; padding: 0cm; text-indent: 1.3cm; widows: 2;\">\n<span style=\"color: black;\"><span style=\"font-family: &quot;book antiqua&quot; , serif;\"><span style=\"font-size: x-large;\">Uznanie<br \/>\ngrzech\u00f3w w spowiedzi \u015bwi\u0119tej przynajmniej jeden raz w roku stanowi<br \/>\njedno z przykaza\u0144 Ko\u015bcio\u0142a (2042). Kiedy wierz\u0105cy nie wyznaj\u0105<br \/>\nju\u017c swoich grzech\u00f3w, otrzymuj\u0105c ich odpuszczenie, pr\u00f3\u017cnym staje<br \/>\nsi\u0119 zbawienie przyniesione przez Chrystusa; On przecie\u017c sta\u0142 si\u0119<br \/>\ncz\u0142owiekiem, aby odkupi\u0107 nas od naszych grzech\u00f3w. W\u0142adza<br \/>\nprzebaczenia, kt\u00f3r\u0105 Zmartwychwsta\u0142y przekaza\u0142 Aposto\u0142om i ich<br \/>\nnast\u0119pcom w biskupstwie i kap\u0142a\u0144stwie, odpuszcza grzechy ci\u0119\u017ckie<br \/>\ni powszednie pope\u0142nione po chrzcie. Obecna praktyka spowiedzi<br \/>\nuwidacznia, \u017ce sumienia wierz\u0105cych nie s\u0105 dzi\u015b wystarczaj\u0105co<br \/>\nformowane. Mi\u0142osierdzie Bo\u017ce jest nam dane, aby\u015bmy wype\u0142niali<br \/>\nJego przykazania i tak przylgn\u0119li do Jego woli, nie za\u015b aby\u015bmy<br \/>\nunikali wezwania do nawr\u00f3cenia (1458).<\/span><\/span><\/span><\/div>\n<div align=\"justify\" style=\"background: transparent; border: none; font-variant: normal; letter-spacing: normal; line-height: 150%; margin-bottom: 0cm; orphans: 2; padding: 0cm; page-break-before: auto; text-indent: 1.3cm; widows: 2;\">\n<span style=\"color: black; font-size: x-large;\">\u201e<span style=\"font-family: &quot;book antiqua&quot; , serif;\"><span style=\"font-style: normal;\"><span style=\"font-weight: normal;\">Kap\u0142an<br \/>\nprowadzi dalej dzie\u0142o odkupienia na ziemi\u201d (1589). \u015awi\u0119cenia,<br \/>\nkt\u00f3re nadaj\u0105 kap\u0142anowi \u201e\u015bwi\u0119t\u0105 w\u0142adz\u0119\u201d (1592), s\u0105 nie do<br \/>\nzast\u0105pienia, poniewa\u017c poprzez nie Jezus staje si\u0119 sakramentalnie<br \/>\nobecny w swoim zbawczym dzia\u0142aniu. Kap\u0142ani wybieraj\u0105 dobrowolnie<br \/>\ncelibat jako \u201eznak nowego \u017cycia\u201d (1579). Chodzi o dar z siebie<br \/>\nsamego na s\u0142u\u017cb\u0119 Chrystusa i Jego Kr\u00f3lestwa, kt\u00f3re nadchodzi.<br \/>\nAby udzieli\u0107 wa\u017cnie \u015bwi\u0119ce\u0144 w trzech stopniach tego sakramentu,<br \/>\nKo\u015bci\u00f3\u0142 czuje si\u0119 zwi\u0105zany wyborem dokonanym przez samego Pana,<br \/>\n\u201ez tego powodu nie s\u0105 mo\u017cliwe \u015bwi\u0119cenia kobiet\u201d (1577). W tym<br \/>\nkontek\u015bcie, m\u00f3wienie o dyskryminacji kobiety jawi si\u0119 wyra\u017anie<br \/>\njako b\u0142\u0119dne rozumienie tego sakramentu, kt\u00f3ry nie dotyczy<br \/>\nziemskiej w\u0142adzy, ale reprezentowania Chrystusa, Oblubie\u0144ca<br \/>\nKo\u015bcio\u0142a.<\/span><\/span><\/span><\/span><\/div>\n<div align=\"justify\" style=\"border: none; line-height: 150%; margin-bottom: 0cm; orphans: 2; padding: 0cm; widows: 2;\">\n<span style=\"font-size: x-large;\"><\/p>\n<p><\/span><\/div>\n<div align=\"justify\" style=\"border: none; line-height: 150%; margin-bottom: 0cm; orphans: 2; padding: 0cm; widows: 2;\">\n<strong><span style=\"font-variant: normal;\"><span style=\"color: black;\"><span style=\"font-family: &quot;book antiqua&quot; , serif;\"><span style=\"font-size: x-large;\"><span style=\"letter-spacing: normal;\"><span style=\"font-style: normal;\"><b>Prawo<br \/>\nmoralne<\/b><\/span><\/span><\/span><\/span><\/span><\/span><\/strong><\/div>\n<div align=\"justify\" style=\"background: transparent; border: none; font-style: normal; font-variant: normal; font-weight: normal; letter-spacing: normal; line-height: 150%; margin-bottom: 0cm; orphans: 2; padding: 0cm; page-break-before: auto; text-indent: 1.3cm; widows: 2;\">\n<span style=\"color: black;\"><span style=\"font-family: &quot;book antiqua&quot; , serif;\"><span style=\"font-size: x-large;\">Wiara<br \/>\ni \u017cycie s\u0105 nieroz\u0142\u0105czne, albowiem wiara bez uczynk\u00f3w spe\u0142nionych<br \/>\nw Panu jest martwa (1815). Prawo moralne jest dzie\u0142em Bo\u017cej<br \/>\nM\u0105dro\u015bci i prowadzi cz\u0142owieka do obiecanego szcz\u0119\u015bcia (1950). W<br \/>\nzwi\u0105zku z tym, \u201ewyznacza cz\u0142owiekowi drog\u0119 praktykowania dobra i<br \/>\nosi\u0105gania jego celu\u201d (1955). Jego przestrzeganie jest konieczne u<br \/>\nwszystkich os\u00f3b dobrej woli, aby osi\u0105gn\u0105\u0107 wieczne zbawienie. Ten<br \/>\nkto umiera w grzechu ci\u0119\u017ckim bez \u017calu pozostanie na zawsze<br \/>\noddzielonym od Boga (1033). To prowadzi do praktycznych konsekwencji<br \/>\nw \u017cyciu chrze\u015bcijan, po\u015br\u00f3d kt\u00f3rych nale\u017cy wymieni\u0107 te<br \/>\ncz\u0119\u015bciej dzi\u015b lekcewa\u017cone (por. 2270-2283; 2350-2381). Prawo<br \/>\nmoralne nie jest ci\u0119\u017carem, ale jest cz\u0119\u015bci\u0105 tej prawdy, kt\u00f3ra<br \/>\nwyzwala (por. J 8, 32) i poprzez kt\u00f3r\u0105 chrze\u015bcijanin przemierza<br \/>\ndrog\u0119 zbawienia, prawdy, kt\u00f3ra nie mo\u017ce by\u0107 relatywizowana.<\/span><\/span><\/span><\/div>\n<div align=\"justify\" style=\"border: none; line-height: 150%; margin-bottom: 0cm; orphans: 2; padding: 0cm; widows: 2;\">\n<span style=\"font-size: x-large;\"><\/p>\n<p><\/span><\/div>\n<div align=\"justify\" style=\"border: none; line-height: 150%; margin-bottom: 0cm; orphans: 2; padding: 0cm; widows: 2;\">\n<strong><span style=\"font-variant: normal;\"><span style=\"color: black;\"><span style=\"font-family: &quot;book antiqua&quot; , serif;\"><span style=\"font-size: x-large;\"><span style=\"letter-spacing: normal;\"><span style=\"font-style: normal;\"><b>\u017bycie<br \/>\nwieczne<\/b><\/span><\/span><\/span><\/span><\/span><\/span><\/strong><\/div>\n<div align=\"justify\" style=\"background: transparent; border: none; font-style: normal; font-variant: normal; font-weight: normal; letter-spacing: normal; line-height: 150%; margin-bottom: 0cm; orphans: 2; padding: 0cm; page-break-before: auto; text-indent: 1.3cm; widows: 2;\">\n<span style=\"color: black;\"><span style=\"font-family: &quot;book antiqua&quot; , serif;\"><span style=\"font-size: x-large;\">Wielu<br \/>\npyta si\u0119 dzi\u015b, dlaczego Ko\u015bci\u00f3\u0142 wci\u0105\u017c istnieje skoro sami<br \/>\nbiskupi wol\u0105 dzia\u0142a\u0107 jako politycy ni\u017c jako nauczyciele g\u0142osi\u0107<br \/>\nEwangeli\u0119. Spojrzenie nie powinno zatrzymywa\u0107 si\u0119 na kwestiach<br \/>\ndrugorz\u0119dnych, jednak bardziej ni\u017c kiedykolwiek jest koniecznym,<br \/>\naby Ko\u015bci\u00f3\u0142 podj\u0105\u0142 si\u0119 w\u0142a\u015bciwego mu zadania. Ka\u017cde ludzkie<br \/>\nistnienie ma nie\u015bmierteln\u0105 dusz\u0119, kt\u00f3ra przy jego \u015bmierci<br \/>\nod\u0142\u0105cza si\u0119 od cia\u0142a, jednak w nadziei na zmartwychwstanie<br \/>\numar\u0142ych (366). \u015amier\u0107 czyni definitywn\u0105 decyzj\u0119 cz\u0142owieka za<br \/>\nlub przeciw Bogu. Wszyscy musz\u0105 przej\u015b\u0107 s\u0105d szczeg\u00f3\u0142owy<br \/>\nnatychmiast po \u015bmierci (1021): albo b\u0119dzie jeszcze konieczne<br \/>\noczyszczenie albo cz\u0142owiek p\u00f3jdzie bezpo\u015brednio ku szcz\u0119\u015bciu<br \/>\nwiecznemu i b\u0119dzie mu umo\u017cliwione ogl\u0105danie Boga twarz\u0105 w twarz.<br \/>\nIstnieje jednak tak\u017ce straszna mo\u017cliwo\u015b\u0107, \u017ce osoba, a\u017c do<br \/>\nko\u0144ca, pozostanie w sprzeczno\u015bci z Bogiem: odrzucaj\u0105c definitywnie<br \/>\nJego mi\u0142o\u015b\u0107, bezpo\u015brednio pot\u0119pi si\u0119 na wieki (por. 1022). \u201eB\u00f3g<br \/>\nstworzy\u0142 ci\u0119 bez ciebie, ale nie zbawia ci\u0119 bez ciebie\u201d (1847).<br \/>\nWieczno\u015b\u0107 kary piekielnej jest straszn\u0105 rzeczywisto\u015bci\u0105, kt\u00f3ra<br \/>\n\u2013 wed\u0142ug \u015bwiadectwa Pisma \u015bwi\u0119tego \u2013 dotyczy tych wszystkich,<br \/>\nkt\u00f3rzy umieraj\u0105 w stanie grzechu \u015bmiertelnego\u201d (1035).<br \/>\nChrze\u015bcijanin przechodzi przez ciasna bram\u0119, <i><b>bo szeroka jest<br \/>\nbrama i przestronna ta droga, kt\u00f3ra prowadzi do zguby, a wielu jest<br \/>\ntakich, kt\u00f3rzy przez ni\u0105 wchodz\u0105<\/b><\/i> (Mt 7, 13).<\/span><\/span><\/span><\/div>\n<div align=\"justify\" style=\"background: transparent; border: none; font-style: normal; font-variant: normal; font-weight: normal; letter-spacing: normal; line-height: 150%; margin-bottom: 0cm; orphans: 2; padding: 0cm; text-indent: 1.3cm; widows: 2;\">\n<span style=\"color: black;\"><span style=\"font-family: &quot;book antiqua&quot; , serif;\"><span style=\"font-size: x-large;\">Milczenie<br \/>\no tych i innych prawdach wiary albo te\u017c nauczanie tego, co jest im<br \/>\nprzeciwne, jest najgorszym oszustwem, kt\u00f3remu Katechizm stanowczo<br \/>\nsi\u0119 sprzeciwia. To jest ostatnia pr\u00f3ba Ko\u015bcio\u0142a, polegaj\u0105ca na<br \/>\n\u201eoszuka\u0144czej religii, daj\u0105cej ludziom pozorne rozwi\u0105zanie ich<br \/>\nproblem\u00f3w za cen\u0119 odst\u0119pstwa od prawdy\u201d (675). To jest oszustwo<br \/>\nAntychrysta, kt\u00f3ry nadchodzi <i><b>z wszelkim zwodzeniem ku<br \/>\nnieprawo\u015bci tych, kt\u00f3rzy gin\u0105, poniewa\u017c nie przyj\u0119li mi\u0142o\u015bci<br \/>\nprawdy, aby dost\u0105pi\u0107 zbawienia<\/b><\/i> (2 Tes 2, 10).<\/span><\/span><\/span><\/div>\n<div align=\"justify\" style=\"border: none; line-height: 150%; margin-bottom: 0cm; orphans: 2; padding: 0cm; widows: 2;\">\n<span style=\"font-size: x-large;\"><\/p>\n<p><\/span><\/div>\n<div align=\"justify\" style=\"border: none; line-height: 150%; margin-bottom: 0cm; orphans: 2; padding: 0cm; widows: 2;\">\n<strong><span style=\"font-variant: normal;\"><span style=\"color: black;\"><span style=\"font-family: &quot;book antiqua&quot; , serif;\"><span style=\"font-size: x-large;\"><span style=\"letter-spacing: normal;\"><span style=\"font-style: normal;\"><b>Wezwanie<\/b><\/span><\/span><\/span><\/span><\/span><\/span><\/strong><\/div>\n<div align=\"justify\" style=\"background: transparent; border: none; font-style: normal; font-variant: normal; font-weight: normal; letter-spacing: normal; line-height: 150%; margin-bottom: 0cm; orphans: 2; padding: 0cm; page-break-before: auto; text-indent: 1.3cm; widows: 2;\">\n<span style=\"color: black;\"><span style=\"font-family: &quot;book antiqua&quot; , serif;\"><span style=\"font-size: x-large;\">Jako<br \/>\nrobotnicy w winnicy Pana, nosimy wszyscy odpowiedzialno\u015b\u0107<br \/>\nprzypominania tych podstawowych prawd, trzymaj\u0105c si\u0119 mocno tego, co<br \/>\nsami otrzymali\u015bmy. Chciejmy mie\u0107 odwag\u0119, aby przeby\u0107 drog\u0119<br \/>\nJezusa Chrystusa z determinacj\u0105, tak by osi\u0105gn\u0105\u0107 \u017cycie wieczne,<br \/>\nid\u0105c za Jego przykazaniami (2075).<\/span><\/span><\/span><\/div>\n<div align=\"justify\" style=\"background: transparent; border: none; font-style: normal; font-variant: normal; font-weight: normal; letter-spacing: normal; line-height: 150%; margin-bottom: 0cm; orphans: 2; padding: 0cm; text-indent: 1.3cm; widows: 2;\">\n<span style=\"color: black;\"><span style=\"font-family: &quot;book antiqua&quot; , serif;\"><span style=\"font-size: x-large;\">Pro\u015bmy<br \/>\nPana, aby da\u0142 nam w pe\u0142ni pozna\u0107, jak wieli jest dar katolickiej<br \/>\nwiary, poprzez kt\u00f3ry otwiera si\u0119 brama \u017cycia wiecznego. <i><b>Kto<br \/>\nsi\u0119 bowiem Mnie i s\u0142\u00f3w moich zawstydzi przed tym pokoleniem<br \/>\nwiaro\u0142omnym i grzesznym, tego Syn Cz\u0142owieczy wstydzi\u0107 si\u0119 b\u0119dzie,<br \/>\ngdy przyjdzie w chwale Ojca swojego razem z anio\u0142ami \u015bwi\u0119tymi<\/b><\/i><br \/>\n(Mk 8,38). Dlatego te\u017c wzmacniamy wiar\u0119 wyznaj\u0105c prawd\u0119, kt\u00f3r\u0105<br \/>\njest sam Jezus Chrystus.<\/span><\/span><\/span><\/div>\n<div align=\"justify\" style=\"background: transparent; border: none; font-style: normal; font-variant: normal; font-weight: normal; letter-spacing: normal; line-height: 150%; margin-bottom: 0cm; orphans: 2; padding: 0cm; text-indent: 1.3cm; widows: 2;\">\n<span style=\"color: black;\"><span style=\"font-family: &quot;book antiqua&quot; , serif;\"><span style=\"font-size: x-large;\">Pouczenie,<br \/>\nkt\u00f3re Pawe\u0142, Aposto\u0142 Jezusa Chrystusa, daje swojemu<br \/>\nwsp\u00f3\u0142pracownikowi i nast\u0119pcy Tymoteuszowi, skierowane jest w<br \/>\nszczeg\u00f3lny spos\u00f3b do nas, biskup\u00f3w i kap\u0142an\u00f3w. Pisa\u0142 on:<br \/>\n<i><b>Zaklinam ci\u0119 wobec Boga i Chrystusa Jezusa, kt\u00f3ry b\u0119dzie<br \/>\ns\u0105dzi\u0142 \u017cywych i umar\u0142ych, i na Jego pojawienie si\u0119, i na Jego<br \/>\nkr\u00f3lestwo: g\u0142o\u015b nauk\u0119, nastawaj w por\u0119, nie w por\u0119, [w razie<br \/>\npotrzeby] wyka\u017c b\u0142\u0105d, poucz, podnie\u015b na duchu z ca\u0142\u0105<br \/>\ncierpliwo\u015bci\u0105, ilekro\u0107 nauczasz. Przyjdzie bowiem chwila, kiedy<br \/>\nzdrowej nauki nie b\u0119d\u0105 znosili, ale wed\u0142ug w\u0142asnych po\u017c\u0105da\u0144 \u2013<br \/>\nponiewa\u017c ich uszy \u015bwierzbi\u0105 \u2013 b\u0119d\u0105 sobie mno\u017cyli nauczycieli.<br \/>\nB\u0119d\u0105 si\u0119 odwracali od s\u0142uchania prawdy, a obr\u00f3c\u0105 si\u0119 ku<br \/>\nzmy\u015blonym opowiadaniom. Ty za\u015b czuwaj we wszystkim, zno\u015b trudy,<br \/>\nwykonaj dzie\u0142o ewangelisty, spe\u0142nij swe pos\u0142ugiwanie! <\/b><\/i>(2<br \/>\nTm 4,1\u20135).<\/span><\/span><\/span><\/div>\n<div align=\"justify\" style=\"background: transparent; border: none; font-style: normal; font-variant: normal; font-weight: normal; letter-spacing: normal; line-height: 150%; margin-bottom: 0cm; orphans: 2; padding: 0cm; text-indent: 1.3cm; widows: 2;\">\n<span style=\"color: black;\"><span style=\"font-family: &quot;book antiqua&quot; , serif;\"><span style=\"font-size: x-large;\">Oby<br \/>\nMaryja, Matka Boga, wyb\u0142aga\u0142a nam \u0142ask\u0119 trwania w wyznawaniu<br \/>\nprawdy Jezusa Chrystusa bez zachwiania.<\/span><\/span><\/span><\/div>\n<div align=\"justify\" style=\"background: transparent; border: none; font-style: normal; font-variant: normal; font-weight: normal; letter-spacing: normal; line-height: 150%; margin-bottom: 0cm; orphans: 2; padding: 0cm; text-indent: 1.3cm; widows: 2;\">\n<span style=\"font-size: x-large;\"><\/p>\n<p><\/span><\/div>\n<div align=\"justify\" style=\"background: transparent; border: none; font-style: normal; font-variant: normal; font-weight: normal; letter-spacing: normal; line-height: 150%; margin-bottom: 0cm; orphans: 2; padding: 0cm; text-indent: 1.3cm; widows: 2;\">\n<span style=\"color: black;\"><span style=\"font-family: &quot;book antiqua&quot; , serif;\"><span style=\"font-size: x-large;\">W<br \/>\njedno\u015bci wiary i modlitwy.<\/span><\/span><\/span><\/div>\n<div align=\"right\" style=\"border: none; line-height: 150%; margin-bottom: 0cm; orphans: 2; padding: 0cm; widows: 2;\">\n<span style=\"font-size: x-large;\"><\/p>\n<p><\/span><\/div>\n<div align=\"right\" style=\"border: none; line-height: 150%; margin-bottom: 0cm; orphans: 2; padding: 0cm; widows: 2;\">\n<span style=\"font-size: x-large;\"><strong><span style=\"font-variant: normal;\"><span style=\"color: black;\"><span style=\"font-family: &quot;book antiqua&quot; , serif;\"><span style=\"letter-spacing: normal;\"><span style=\"font-style: normal;\"><b>Gerhard<br \/>\n<\/b><\/span><\/span><\/span><\/span><\/span><\/strong><strong><span style=\"font-variant: normal;\"><span style=\"color: black;\"><span style=\"font-family: &quot;book antiqua&quot; , serif;\"><span style=\"letter-spacing: normal;\"><span style=\"font-style: normal;\"><b>Ludwig<br \/>\n<\/b><\/span><\/span><\/span><\/span><\/span><\/strong><strong><span style=\"font-variant: normal;\"><span style=\"color: black;\"><span style=\"font-family: &quot;book antiqua&quot; , serif;\"><span style=\"letter-spacing: normal;\"><span style=\"font-style: normal;\"><b>Kardyna\u0142<br \/>\nM\u00fcller<\/b><\/span><\/span><\/span><\/span><\/span><\/strong><\/span><\/div>\n<div align=\"right\" style=\"background: transparent; border: none; font-style: normal; font-variant: normal; letter-spacing: normal; line-height: 150%; margin-bottom: 0cm; orphans: 2; padding: 0cm; widows: 2;\">\n<span style=\"color: black;\"><span style=\"font-family: &quot;book antiqua&quot; , serif;\"><b><strong><span style=\"font-size: x-large;\">Prefekt<br \/>\nKongregacji Nauki Wiary w latach 2012-2017<\/span><\/strong><\/b><\/span><\/span><\/div>\n","protected":false},"excerpt":{"rendered":"<p>Szcz\u0119\u015b\u0107 Bo\u017ce! Moi Drodzy, w dniu dzisiejszym urodziny prze\u017cywa Iwona Zagubie\u0144, z kt\u00f3r\u0105 \u2013 i z kt\u00f3rej Rodzin\u0105 \u2013 mia\u0142em przyjemno\u015b\u0107 wsp\u00f3\u0142pracowa\u0107 w czasie mojej pos\u0142ugi w Celestynowie. Dzi\u0119kuj\u0105c za wszelk\u0105 \u017cyczliwo\u015b\u0107, \u017cycz\u0119 Jubilatce, aby trwa\u0142a w nieustaj\u0105cej blisko\u015bci Jezusa! Zapewniam o modlitwie. Moi Drodzy, dzisiaj Ko\u015bci\u00f3\u0142 dopuszcza wspomnienie dowolne Naj\u015bwi\u0119tszej Maryi Panny z Lourdes, [&hellip;]<\/p>\n","protected":false},"author":1,"featured_media":0,"comment_status":"open","ping_status":"open","sticky":false,"template":"","format":"standard","meta":{"jetpack_post_was_ever_published":false,"_jetpack_newsletter_access":"","_jetpack_dont_email_post_to_subs":false,"_jetpack_newsletter_tier_id":0,"_jetpack_memberships_contains_paywalled_content":false,"_jetpack_memberships_contains_paid_content":false,"footnotes":""},"categories":[1],"tags":[],"class_list":["post-14695","post","type-post","status-publish","format-standard","hentry","category-bez-kategorii"],"yoast_head":"<!-- This site is optimized with the Yoast SEO plugin v25.1 - https:\/\/yoast.com\/wordpress\/plugins\/seo\/ -->\n<title>Dzi\u0119kujemy za MANIFEST WIARY! - Gaudium Et Spes<\/title>\n<meta name=\"robots\" content=\"index, follow, max-snippet:-1, max-image-preview:large, max-video-preview:-1\" \/>\n<link rel=\"canonical\" href=\"https:\/\/gaudiumetspes-blog.pl\/index.php\/2019\/02\/11\/dziekujemy-za-manifest-wiary\/\" \/>\n<meta property=\"og:locale\" content=\"pl_PL\" \/>\n<meta property=\"og:type\" content=\"article\" \/>\n<meta property=\"og:title\" content=\"Dzi\u0119kujemy za MANIFEST WIARY! - Gaudium Et Spes\" \/>\n<meta property=\"og:description\" content=\"Szcz\u0119\u015b\u0107 Bo\u017ce! Moi Drodzy, w dniu dzisiejszym urodziny prze\u017cywa Iwona Zagubie\u0144, z kt\u00f3r\u0105 \u2013 i z kt\u00f3rej Rodzin\u0105 \u2013 mia\u0142em przyjemno\u015b\u0107 wsp\u00f3\u0142pracowa\u0107 w czasie mojej pos\u0142ugi w Celestynowie. Dzi\u0119kuj\u0105c za wszelk\u0105 \u017cyczliwo\u015b\u0107, \u017cycz\u0119 Jubilatce, aby trwa\u0142a w nieustaj\u0105cej blisko\u015bci Jezusa! Zapewniam o modlitwie. Moi Drodzy, dzisiaj Ko\u015bci\u00f3\u0142 dopuszcza wspomnienie dowolne Naj\u015bwi\u0119tszej Maryi Panny z Lourdes, [&hellip;]\" \/>\n<meta property=\"og:url\" content=\"https:\/\/gaudiumetspes-blog.pl\/index.php\/2019\/02\/11\/dziekujemy-za-manifest-wiary\/\" \/>\n<meta property=\"og:site_name\" content=\"Gaudium Et Spes\" \/>\n<meta property=\"article:published_time\" content=\"2019-02-11T06:59:00+00:00\" \/>\n<meta property=\"article:modified_time\" content=\"2019-07-31T10:59:39+00:00\" \/>\n<meta name=\"author\" content=\"Ks. Jacek\" \/>\n<meta name=\"twitter:card\" content=\"summary_large_image\" \/>\n<meta name=\"twitter:label1\" content=\"Napisane przez\" \/>\n\t<meta name=\"twitter:data1\" content=\"Ks. Jacek\" \/>\n\t<meta name=\"twitter:label2\" content=\"Szacowany czas czytania\" \/>\n\t<meta name=\"twitter:data2\" content=\"29 minut\" \/>\n<script type=\"application\/ld+json\" class=\"yoast-schema-graph\">{\"@context\":\"https:\/\/schema.org\",\"@graph\":[{\"@type\":\"WebPage\",\"@id\":\"https:\/\/gaudiumetspes-blog.pl\/index.php\/2019\/02\/11\/dziekujemy-za-manifest-wiary\/\",\"url\":\"https:\/\/gaudiumetspes-blog.pl\/index.php\/2019\/02\/11\/dziekujemy-za-manifest-wiary\/\",\"name\":\"Dzi\u0119kujemy za MANIFEST WIARY! - Gaudium Et Spes\",\"isPartOf\":{\"@id\":\"https:\/\/gaudiumetspes-blog.pl\/#website\"},\"datePublished\":\"2019-02-11T06:59:00+00:00\",\"dateModified\":\"2019-07-31T10:59:39+00:00\",\"author\":{\"@id\":\"https:\/\/gaudiumetspes-blog.pl\/#\/schema\/person\/1661982992b752dea8dff0d4ed845a65\"},\"breadcrumb\":{\"@id\":\"https:\/\/gaudiumetspes-blog.pl\/index.php\/2019\/02\/11\/dziekujemy-za-manifest-wiary\/#breadcrumb\"},\"inLanguage\":\"pl-PL\",\"potentialAction\":[{\"@type\":\"ReadAction\",\"target\":[\"https:\/\/gaudiumetspes-blog.pl\/index.php\/2019\/02\/11\/dziekujemy-za-manifest-wiary\/\"]}]},{\"@type\":\"BreadcrumbList\",\"@id\":\"https:\/\/gaudiumetspes-blog.pl\/index.php\/2019\/02\/11\/dziekujemy-za-manifest-wiary\/#breadcrumb\",\"itemListElement\":[{\"@type\":\"ListItem\",\"position\":1,\"name\":\"Strona g\u0142\u00f3wna\",\"item\":\"https:\/\/gaudiumetspes-blog.pl\/\"},{\"@type\":\"ListItem\",\"position\":2,\"name\":\"Dzi\u0119kujemy za&nbsp;MANIFEST WIARY!\"}]},{\"@type\":\"WebSite\",\"@id\":\"https:\/\/gaudiumetspes-blog.pl\/#website\",\"url\":\"https:\/\/gaudiumetspes-blog.pl\/\",\"name\":\"Gaudium Et Spes\",\"description\":\"Blog Ks. Jacka Ja\u015bkowskiego\",\"potentialAction\":[{\"@type\":\"SearchAction\",\"target\":{\"@type\":\"EntryPoint\",\"urlTemplate\":\"https:\/\/gaudiumetspes-blog.pl\/?s={search_term_string}\"},\"query-input\":{\"@type\":\"PropertyValueSpecification\",\"valueRequired\":true,\"valueName\":\"search_term_string\"}}],\"inLanguage\":\"pl-PL\"},{\"@type\":\"Person\",\"@id\":\"https:\/\/gaudiumetspes-blog.pl\/#\/schema\/person\/1661982992b752dea8dff0d4ed845a65\",\"name\":\"Ks. Jacek\",\"image\":{\"@type\":\"ImageObject\",\"inLanguage\":\"pl-PL\",\"@id\":\"https:\/\/gaudiumetspes-blog.pl\/#\/schema\/person\/image\/\",\"url\":\"https:\/\/gaudiumetspes-blog.pl\/wp-content\/uploads\/2019\/07\/avatar-JJ-150x150.jpg\",\"contentUrl\":\"https:\/\/gaudiumetspes-blog.pl\/wp-content\/uploads\/2019\/07\/avatar-JJ-150x150.jpg\",\"caption\":\"Ks. Jacek\"},\"description\":\"Witam serdecznie! K\u0142ania si\u0119 Ks. Jacek Ja\u015bkowski. Nie jestem ani kim\u015b wa\u017cnym, ani kim\u015b znanym. Jestem ksi\u0119dzem, kt\u00f3ry po prostu chce rozmawia\u0107. Codzienna kap\u0142a\u0144ska pos\u0142uga pokazuje mi, \u017ce temat\u00f3w do rozm\u00f3w z ksi\u0119dzem jest coraz wi\u0119cej i dzisiaj \u017caden ksi\u0105dz nie mo\u017ce od nich ucieka\u0107, ale - wprost przeciwnie - podejmowa\u0107 nowe wyzwania. To przekonanie sk\u0142oni\u0142o mnie do pr\u00f3by otwarcia tego\u017c bloga, chocia\u017c okazji do rozm\u00f3w na co dzie\u0144 - w konfesjonale i poza nim - na szcz\u0119\u015bcie nie brakuje. My\u015bl\u0119 jednak, \u017ce ten blog b\u0119dzie jeszcze jednym sposobem i przestrzeni\u0105 nawi\u0105zania kontaktu z lud\u017ami dobrej woli, otwartymi na dialog.\",\"url\":\"https:\/\/gaudiumetspes-blog.pl\/index.php\/author\/ks-jacek\/\"}]}<\/script>\n<!-- \/ Yoast SEO plugin. -->","yoast_head_json":{"title":"Dzi\u0119kujemy za MANIFEST WIARY! - Gaudium Et Spes","robots":{"index":"index","follow":"follow","max-snippet":"max-snippet:-1","max-image-preview":"max-image-preview:large","max-video-preview":"max-video-preview:-1"},"canonical":"https:\/\/gaudiumetspes-blog.pl\/index.php\/2019\/02\/11\/dziekujemy-za-manifest-wiary\/","og_locale":"pl_PL","og_type":"article","og_title":"Dzi\u0119kujemy za MANIFEST WIARY! - Gaudium Et Spes","og_description":"Szcz\u0119\u015b\u0107 Bo\u017ce! Moi Drodzy, w dniu dzisiejszym urodziny prze\u017cywa Iwona Zagubie\u0144, z kt\u00f3r\u0105 \u2013 i z kt\u00f3rej Rodzin\u0105 \u2013 mia\u0142em przyjemno\u015b\u0107 wsp\u00f3\u0142pracowa\u0107 w czasie mojej pos\u0142ugi w Celestynowie. Dzi\u0119kuj\u0105c za wszelk\u0105 \u017cyczliwo\u015b\u0107, \u017cycz\u0119 Jubilatce, aby trwa\u0142a w nieustaj\u0105cej blisko\u015bci Jezusa! Zapewniam o modlitwie. Moi Drodzy, dzisiaj Ko\u015bci\u00f3\u0142 dopuszcza wspomnienie dowolne Naj\u015bwi\u0119tszej Maryi Panny z Lourdes, [&hellip;]","og_url":"https:\/\/gaudiumetspes-blog.pl\/index.php\/2019\/02\/11\/dziekujemy-za-manifest-wiary\/","og_site_name":"Gaudium Et Spes","article_published_time":"2019-02-11T06:59:00+00:00","article_modified_time":"2019-07-31T10:59:39+00:00","author":"Ks. Jacek","twitter_card":"summary_large_image","twitter_misc":{"Napisane przez":"Ks. Jacek","Szacowany czas czytania":"29 minut"},"schema":{"@context":"https:\/\/schema.org","@graph":[{"@type":"WebPage","@id":"https:\/\/gaudiumetspes-blog.pl\/index.php\/2019\/02\/11\/dziekujemy-za-manifest-wiary\/","url":"https:\/\/gaudiumetspes-blog.pl\/index.php\/2019\/02\/11\/dziekujemy-za-manifest-wiary\/","name":"Dzi\u0119kujemy za MANIFEST WIARY! - Gaudium Et Spes","isPartOf":{"@id":"https:\/\/gaudiumetspes-blog.pl\/#website"},"datePublished":"2019-02-11T06:59:00+00:00","dateModified":"2019-07-31T10:59:39+00:00","author":{"@id":"https:\/\/gaudiumetspes-blog.pl\/#\/schema\/person\/1661982992b752dea8dff0d4ed845a65"},"breadcrumb":{"@id":"https:\/\/gaudiumetspes-blog.pl\/index.php\/2019\/02\/11\/dziekujemy-za-manifest-wiary\/#breadcrumb"},"inLanguage":"pl-PL","potentialAction":[{"@type":"ReadAction","target":["https:\/\/gaudiumetspes-blog.pl\/index.php\/2019\/02\/11\/dziekujemy-za-manifest-wiary\/"]}]},{"@type":"BreadcrumbList","@id":"https:\/\/gaudiumetspes-blog.pl\/index.php\/2019\/02\/11\/dziekujemy-za-manifest-wiary\/#breadcrumb","itemListElement":[{"@type":"ListItem","position":1,"name":"Strona g\u0142\u00f3wna","item":"https:\/\/gaudiumetspes-blog.pl\/"},{"@type":"ListItem","position":2,"name":"Dzi\u0119kujemy za&nbsp;MANIFEST WIARY!"}]},{"@type":"WebSite","@id":"https:\/\/gaudiumetspes-blog.pl\/#website","url":"https:\/\/gaudiumetspes-blog.pl\/","name":"Gaudium Et Spes","description":"Blog Ks. Jacka Ja\u015bkowskiego","potentialAction":[{"@type":"SearchAction","target":{"@type":"EntryPoint","urlTemplate":"https:\/\/gaudiumetspes-blog.pl\/?s={search_term_string}"},"query-input":{"@type":"PropertyValueSpecification","valueRequired":true,"valueName":"search_term_string"}}],"inLanguage":"pl-PL"},{"@type":"Person","@id":"https:\/\/gaudiumetspes-blog.pl\/#\/schema\/person\/1661982992b752dea8dff0d4ed845a65","name":"Ks. Jacek","image":{"@type":"ImageObject","inLanguage":"pl-PL","@id":"https:\/\/gaudiumetspes-blog.pl\/#\/schema\/person\/image\/","url":"https:\/\/gaudiumetspes-blog.pl\/wp-content\/uploads\/2019\/07\/avatar-JJ-150x150.jpg","contentUrl":"https:\/\/gaudiumetspes-blog.pl\/wp-content\/uploads\/2019\/07\/avatar-JJ-150x150.jpg","caption":"Ks. Jacek"},"description":"Witam serdecznie! K\u0142ania si\u0119 Ks. Jacek Ja\u015bkowski. Nie jestem ani kim\u015b wa\u017cnym, ani kim\u015b znanym. Jestem ksi\u0119dzem, kt\u00f3ry po prostu chce rozmawia\u0107. Codzienna kap\u0142a\u0144ska pos\u0142uga pokazuje mi, \u017ce temat\u00f3w do rozm\u00f3w z ksi\u0119dzem jest coraz wi\u0119cej i dzisiaj \u017caden ksi\u0105dz nie mo\u017ce od nich ucieka\u0107, ale - wprost przeciwnie - podejmowa\u0107 nowe wyzwania. To przekonanie sk\u0142oni\u0142o mnie do pr\u00f3by otwarcia tego\u017c bloga, chocia\u017c okazji do rozm\u00f3w na co dzie\u0144 - w konfesjonale i poza nim - na szcz\u0119\u015bcie nie brakuje. My\u015bl\u0119 jednak, \u017ce ten blog b\u0119dzie jeszcze jednym sposobem i przestrzeni\u0105 nawi\u0105zania kontaktu z lud\u017ami dobrej woli, otwartymi na dialog.","url":"https:\/\/gaudiumetspes-blog.pl\/index.php\/author\/ks-jacek\/"}]}},"jetpack_featured_media_url":"","jetpack_sharing_enabled":true,"_links":{"self":[{"href":"https:\/\/gaudiumetspes-blog.pl\/index.php\/wp-json\/wp\/v2\/posts\/14695","targetHints":{"allow":["GET"]}}],"collection":[{"href":"https:\/\/gaudiumetspes-blog.pl\/index.php\/wp-json\/wp\/v2\/posts"}],"about":[{"href":"https:\/\/gaudiumetspes-blog.pl\/index.php\/wp-json\/wp\/v2\/types\/post"}],"author":[{"embeddable":true,"href":"https:\/\/gaudiumetspes-blog.pl\/index.php\/wp-json\/wp\/v2\/users\/1"}],"replies":[{"embeddable":true,"href":"https:\/\/gaudiumetspes-blog.pl\/index.php\/wp-json\/wp\/v2\/comments?post=14695"}],"version-history":[{"count":1,"href":"https:\/\/gaudiumetspes-blog.pl\/index.php\/wp-json\/wp\/v2\/posts\/14695\/revisions"}],"predecessor-version":[{"id":14946,"href":"https:\/\/gaudiumetspes-blog.pl\/index.php\/wp-json\/wp\/v2\/posts\/14695\/revisions\/14946"}],"wp:attachment":[{"href":"https:\/\/gaudiumetspes-blog.pl\/index.php\/wp-json\/wp\/v2\/media?parent=14695"}],"wp:term":[{"taxonomy":"category","embeddable":true,"href":"https:\/\/gaudiumetspes-blog.pl\/index.php\/wp-json\/wp\/v2\/categories?post=14695"},{"taxonomy":"post_tag","embeddable":true,"href":"https:\/\/gaudiumetspes-blog.pl\/index.php\/wp-json\/wp\/v2\/tags?post=14695"}],"curies":[{"name":"wp","href":"https:\/\/api.w.org\/{rel}","templated":true}]}}