{"id":14696,"date":"2019-02-10T04:52:00","date_gmt":"2019-02-10T03:52:00","guid":{"rendered":"https:\/\/gaudiumetspes-blog.pl\/index.php\/2019\/02\/10\/jak-by-tu-zmienic-bieg-historii-swiata\/"},"modified":"2019-07-31T12:59:39","modified_gmt":"2019-07-31T10:59:39","slug":"jak-by-tu-zmienic-bieg-historii-swiata","status":"publish","type":"post","link":"https:\/\/gaudiumetspes-blog.pl\/index.php\/2019\/02\/10\/jak-by-tu-zmienic-bieg-historii-swiata\/","title":{"rendered":"Jak by tu zmieni\u0107 bieg historii \u015bwiata?&#8230;"},"content":{"rendered":"<p><\/p>\n<div align=\"justify\" style=\"font-weight: normal; line-height: 150%; margin-bottom: 0cm;\">\n<span style=\"color: black;\"><span style=\"font-family: Book Antiqua, serif;\"><span style=\"font-size: x-large;\">Niech<br \/>\nb\u0119dzie pochwalony Jezus Chrystus! Moi Drodzy, w dniu dzisiejszym<b><br \/>\nimieniny prze\u017cywa Ksi\u0105dz Jacek Wo<\/b><b>j<\/b><b>dat, Kolega z<br \/>\njednego roku \u015awi\u0119ce\u0144, oraz Ksi\u0105dz Jacek Szostakiewicz, starszy<br \/>\nKolega, pochodz\u0105cy z mojej rodzinnej Parafii. Niech Im Pan<br \/>\nb\u0142ogos\u0142awi i ci\u0105gle wzmacnia Ich kap\u0142a\u0144sk\u0105 gorliwo\u015b\u0107.<br \/>\nZapewniam o modlitwie!<\/b><\/span><\/span><\/span><\/div>\n<div align=\"justify\" style=\"background: transparent; font-weight: normal; line-height: 150%; margin-bottom: 0cm; page-break-before: auto; text-indent: 1.3cm;\">\n<span style=\"color: black;\"><span style=\"font-family: Book Antiqua, serif;\"><span style=\"font-size: x-large;\">Moi<br \/>\nDrodzy, wczoraj oko\u0142o godziny 15:30 wyjechali\u015bmy ze Szklarskiej<br \/>\nPor\u0119by i przed p\u00f3\u0142noc\u0105 dotarli\u015bmy na miejsce. Dzi\u0119kujemy Bogu<br \/>\nza ten naprawd\u0119 wspania\u0142y czas. Dzi\u0119kujemy naszym Gospodarzom, Pa\u0144stwu Annie i Tomaszowi Marczewskim, za niezwykle \u017cyczliwe przyj\u0119cie! A Wam dzi\u0119kujemy za to, \u017ce<br \/>\nbyli\u015bcie tam z nami sercem i modlitw\u0105. Dzi\u0119ki za ka\u017cde dobre<br \/>\ns\u0142owo pozdrowie\u0144, wszelkimi drogami do nas skierowane.<\/span><\/span><\/span><\/div>\n<div align=\"justify\" style=\"background: transparent; font-weight: normal; line-height: 150%; margin-bottom: 0cm; text-indent: 1.3cm;\">\n<span style=\"color: black;\"><span style=\"font-family: Book Antiqua, serif;\"><span style=\"font-size: x-large;\">Na<br \/>\ng\u0142\u0119bokie i radosne prze\u017cywanie Dnia Pa\u0144skiego \u2013 <b>niech Was<br \/>\nb\u0142ogos\u0142awi B\u00f3g Wszechmog\u0105cy: Ojciec + i Syn, i Duch \u015awi\u0119ty.<br \/>\nAmen<\/b><\/span><\/span><\/span><\/div>\n<div align=\"center\" style=\"background: transparent; font-weight: normal; line-height: 150%; margin-bottom: 0cm;\">\n<span style=\"color: black;\"><span style=\"font-family: Book Antiqua, serif;\"><span style=\"font-size: x-large;\">Gaudium<br \/>\net spes!  Ks. Jacek<\/span><\/span><\/span><\/div>\n<div align=\"justify\" style=\"line-height: 150%; margin-bottom: 0cm;\">\n<span style=\"font-size: x-large;\"><\/p>\n<p><\/span><\/div>\n<div align=\"justify\" style=\"line-height: 150%; margin-bottom: 0cm;\">\n<span style=\"color: black;\"><span style=\"font-family: Book Antiqua, serif;\"><span style=\"font-size: x-large;\"><b>5<br \/>\nNiedziela zwyk\u0142a, C,<\/b><\/span><\/span><\/span><\/div>\n<div align=\"justify\" style=\"line-height: 150%; margin-bottom: 0cm;\">\n<span style=\"color: black;\"><span style=\"font-family: Book Antiqua, serif;\"><span style=\"font-size: x-large;\"><b>do<br \/>\nczyta\u0144:  <span style=\"font-variant: normal;\"><span style=\"letter-spacing: normal;\"><span style=\"font-style: normal;\">Iz<br \/>\n6,1\u20132a.3\u20138<\/span><\/span><\/span>;  <span style=\"font-variant: normal;\"><span style=\"letter-spacing: normal;\"><span style=\"font-style: normal;\">1<br \/>\nKor 15,1\u201311;<\/span><\/span><\/span>  <span style=\"font-variant: normal;\"><span style=\"letter-spacing: normal;\"><span style=\"font-style: normal;\">\u0141k<br \/>\n5,1\u201311<\/span><\/span><\/span><\/b><\/span><\/span><\/span><\/div>\n<div align=\"justify\" style=\"line-height: 150%; margin-bottom: 0cm;\">\n<span style=\"font-size: x-large;\"><\/p>\n<p><\/span><\/div>\n<div align=\"justify\" style=\"font-style: normal; font-variant: normal; letter-spacing: normal; line-height: 150%; margin-bottom: 0cm;\">\n<span style=\"color: black;\"><span style=\"font-family: Book Antiqua, serif;\"><span style=\"font-size: x-large;\"><b>CZYTANIE<br \/>\nZ KSI\u0118GI PROROKA IZAJASZA:<\/b><\/span><\/span><\/span><\/div>\n<div align=\"justify\" style=\"font-style: normal; font-variant: normal; letter-spacing: normal; line-height: 150%; margin-bottom: 0cm; page-break-before: auto; text-indent: 1.3cm; widows: 1;\">\n<span style=\"color: black;\"><span style=\"font-family: Book Antiqua, serif;\"><span style=\"font-size: x-large;\"><b>W<br \/>\nroku \u015bmierci kr\u00f3la Ozjasza ujrza\u0142em Pana, siedz\u0105cego na wysokim i<br \/>\nwynios\u0142ym tronie, a tren Jego szaty wype\u0142nia\u0142 \u015bwi\u0105tyni\u0119.<br \/>\nSerafiny sta\u0142y ponad Nim; ka\u017cdy z nich mia\u0142 po sze\u015b\u0107 skrzyde\u0142.<\/b><\/span><\/span><\/span><\/div>\n<div align=\"justify\" style=\"font-style: normal; font-variant: normal; letter-spacing: normal; line-height: 150%; margin-bottom: 0cm; text-indent: 1.3cm; widows: 1;\">\n<span style=\"color: black;\"><span style=\"font-family: Book Antiqua, serif;\"><span style=\"font-size: x-large;\"><b>I<br \/>\nwo\u0142a\u0142 jeden do drugiego: \u201e\u015awi\u0119ty, \u015awi\u0119ty, \u015awi\u0119ty jest Pan<br \/>\nZast\u0119p\u00f3w. Ca\u0142a ziemia pe\u0142na jest Jego chwa\u0142y\u201d. Od g\u0142osu tego,<br \/>\nkt\u00f3ry wo\u0142a\u0142, zadrga\u0142y futryny drzwi, a \u015bwi\u0105tynia nape\u0142ni\u0142a<br \/>\nsi\u0119 dymem.<\/b><\/span><\/span><\/span><\/div>\n<div align=\"justify\" style=\"font-style: normal; font-variant: normal; letter-spacing: normal; line-height: 150%; margin-bottom: 0cm; text-indent: 1.3cm; widows: 1;\">\n<span style=\"color: black;\"><span style=\"font-family: Book Antiqua, serif;\"><span style=\"font-size: x-large;\"><b>I<br \/>\npowiedzia\u0142em: \u201eBiada mi! Jestem zgubiony! Wszak jestem m\u0119\u017cem o<br \/>\nnieczystych wargach i mieszkam po\u015br\u00f3d ludu o nieczystych wargach, a<br \/>\noczy moje ogl\u0105da\u0142y Kr\u00f3la, Pana Zast\u0119p\u00f3w!\u201d<\/b><\/span><\/span><\/span><\/div>\n<div align=\"justify\" style=\"font-style: normal; font-variant: normal; letter-spacing: normal; line-height: 150%; margin-bottom: 0cm; text-indent: 1.3cm; widows: 1;\">\n<span style=\"color: black;\"><span style=\"font-family: Book Antiqua, serif;\"><span style=\"font-size: x-large;\"><b>W\u00f3wczas<br \/>\nprzylecia\u0142 do mnie jeden z serafin\u00f3w, trzymaj\u0105c w r\u0119ce w\u0119giel,<br \/>\nkt\u00f3ry kleszczami wzi\u0105\u0142 z o\u0142tarza. Dotkn\u0105\u0142 nim ust moich i<br \/>\nrzek\u0142: \u201eOto dotkn\u0119\u0142o to twoich warg: twoja wina jest zmazana,<br \/>\nzg\u0142adzony tw\u00f3j grzech\u201d.<\/b><\/span><\/span><\/span><\/div>\n<div align=\"justify\" style=\"font-style: normal; font-variant: normal; letter-spacing: normal; line-height: 150%; margin-bottom: 0cm; text-indent: 1.3cm; widows: 1;\">\n<span style=\"color: black;\"><span style=\"font-family: Book Antiqua, serif;\"><span style=\"font-size: x-large;\"><b>I<br \/>\nus\u0142ysza\u0142em g\u0142os Pana m\u00f3wi\u0105cego: \u201eKogo mam pos\u0142a\u0107? Kto by Nam<br \/>\nposzed\u0142?\u201d Odpowiedzia\u0142em: \u201eOto ja, po\u015blij mnie!\u201d<\/b><\/span><\/span><\/span><\/div>\n<div align=\"justify\" style=\"line-height: 150%; margin-bottom: 0cm;\">\n<span style=\"font-size: x-large;\"><\/p>\n<p><\/span><\/div>\n<div align=\"justify\" style=\"font-style: normal; font-variant: normal; letter-spacing: normal; line-height: 150%; margin-bottom: 0cm;\">\n<span style=\"color: black;\"><span style=\"font-family: Book Antiqua, serif;\"><span style=\"font-size: x-large;\"><b>CZYTANIE<br \/>\nZ PIERWSZEGO LISTU \u015aWI\u0118TEGO PAW\u0141A APOSTO\u0141A DO KORYNTIAN:<\/b><\/span><\/span><\/span><\/div>\n<div align=\"justify\" style=\"font-style: normal; font-variant: normal; letter-spacing: normal; line-height: 150%; margin-bottom: 0cm; page-break-before: auto; text-indent: 1.3cm; widows: 1;\">\n<span style=\"color: black;\"><span style=\"font-family: Book Antiqua, serif;\"><span style=\"font-size: x-large;\"><b>Przypominam,<br \/>\nbracia, Ewangeli\u0119, kt\u00f3r\u0105 wam g\u0142osi\u0142em, kt\u00f3r\u0105 przyj\u0119li\u015bcie i<br \/>\nw kt\u00f3rej te\u017c trwacie. Przez ni\u0105 r\u00f3wnie\u017c b\u0119dziecie zbawieni,<br \/>\nje\u017celi j\u0105 zachowacie tak, jak wam rozkaza\u0142em. Chyba \u017ceby\u015bcie<br \/>\nuwierzyli na pr\u00f3\u017cno.<\/b><\/span><\/span><\/span><\/div>\n<div align=\"justify\" style=\"font-style: normal; font-variant: normal; letter-spacing: normal; line-height: 150%; margin-bottom: 0cm; text-indent: 1.3cm; widows: 1;\">\n<span style=\"color: black;\"><span style=\"font-family: Book Antiqua, serif;\"><span style=\"font-size: x-large;\"><b>Przekaza\u0142em<br \/>\nwam na pocz\u0105tku to, co przej\u0105\u0142em: \u017ce Chrystus umar\u0142 za nasze<br \/>\ngrzechy, zgodnie z Pismem, \u017ce zosta\u0142 pogrzebany, \u017ce zmartwychwsta\u0142<br \/>\ntrzeciego dnia, zgodnie z Pismem; i \u017ce ukaza\u0142 si\u0119 Kefasowi, a<br \/>\npotem Dwunastu, p\u00f3\u017aniej zjawi\u0142 si\u0119 wi\u0119cej ni\u017c pi\u0119ciuset<br \/>\nbraciom r\u00f3wnocze\u015bnie; wi\u0119kszo\u015b\u0107 z nich \u017cyje dot\u0105d, niekt\u00f3rzy<br \/>\nza\u015b pomarli. Potem ukaza\u0142 si\u0119 Jakubowi, p\u00f3\u017aniej wszystkim<br \/>\naposto\u0142om. W ko\u0144cu, ju\u017c po wszystkich, ukaza\u0142 si\u0119 tak\u017ce i mnie<br \/>\njako poronionemu p\u0142odowi.<\/b><\/span><\/span><\/span><\/div>\n<div align=\"justify\" style=\"font-style: normal; font-variant: normal; letter-spacing: normal; line-height: 150%; margin-bottom: 0cm; text-indent: 1.3cm; widows: 1;\">\n<span style=\"color: black;\"><span style=\"font-family: Book Antiqua, serif;\"><span style=\"font-size: x-large;\"><b>Jestem<br \/>\nbowiem najmniejszy ze wszystkich aposto\u0142\u00f3w i niegodzien zwa\u0107 si\u0119<br \/>\naposto\u0142em, bo prze\u015bladowa\u0142em Ko\u015bci\u00f3\u0142 Bo\u017cy. Lecz za \u0142ask\u0105<br \/>\nBoga jestem tym, czym jestem, a dana mi \u0142aska Jego nie okaza\u0142a si\u0119<br \/>\ndaremna; przeciwnie, pracowa\u0142em wi\u0119cej od nich wszystkich, nie ja,<br \/>\nco prawda, lecz \u0142aska Bo\u017ca ze mn\u0105.<\/b><\/span><\/span><\/span><\/div>\n<div align=\"justify\" style=\"font-style: normal; font-variant: normal; letter-spacing: normal; line-height: 150%; margin-bottom: 0cm; text-indent: 1.3cm; widows: 1;\">\n<span style=\"color: black;\"><span style=\"font-family: Book Antiqua, serif;\"><span style=\"font-size: x-large;\"><b>Tak<br \/>\nwi\u0119c czy to ja, czy inni, tak nauczamy i tak wy\u015bcie uwierzyli.<\/b><\/span><\/span><\/span><\/div>\n<div align=\"justify\" style=\"line-height: 150%; margin-bottom: 0cm;\">\n<span style=\"font-size: x-large;\"><\/p>\n<p><\/span><\/div>\n<div align=\"justify\" style=\"font-style: normal; font-variant: normal; letter-spacing: normal; line-height: 150%; margin-bottom: 0cm;\">\n<span style=\"color: black;\"><span style=\"font-family: Book Antiqua, serif;\"><span style=\"font-size: x-large;\"><b>S\u0141OWA<br \/>\nEWANGELII WED\u0141UG \u015aWI\u0118TEGO \u0141UKASZA:<\/b><\/span><\/span><\/span><\/div>\n<div align=\"justify\" style=\"font-style: normal; font-variant: normal; letter-spacing: normal; line-height: 150%; margin-bottom: 0cm; page-break-before: auto; text-indent: 1.3cm; widows: 1;\">\n<span style=\"color: black;\"><span style=\"font-family: Book Antiqua, serif;\"><span style=\"font-size: x-large;\"><b>Zdarzy\u0142o<br \/>\nsi\u0119 raz, gdy t\u0142um cisn\u0105\u0142 si\u0119 do Jezusa, aby s\u0142ucha\u0107 s\u0142owa<br \/>\nBo\u017cego, a On sta\u0142 nad jeziorem Genezaret, \u017ce zobaczy\u0142 dwie<br \/>\n\u0142odzie, stoj\u0105ce przy brzegu, rybacy za\u015b wyszli z nich i p\u0142ukali<br \/>\nsieci. Wszed\u0142szy do jednej \u0142odzi, kt\u00f3ra nale\u017ca\u0142a do Szymona,<br \/>\npoprosi\u0142 go, \u017ceby nieco odbi\u0142 od brzegu. Potem usiad\u0142 i z \u0142odzi<br \/>\nnaucza\u0142 t\u0142umy.<\/b><\/span><\/span><\/span><\/div>\n<div align=\"justify\" style=\"font-style: normal; font-variant: normal; letter-spacing: normal; line-height: 150%; margin-bottom: 0cm; text-indent: 1.3cm; widows: 1;\">\n<span style=\"color: black;\"><span style=\"font-family: Book Antiqua, serif;\"><span style=\"font-size: x-large;\"><b>Gdy<br \/>\nprzesta\u0142 m\u00f3wi\u0107, rzek\u0142 do Szymona: \u201eWyp\u0142y\u0144 na g\u0142\u0119bi\u0119 i<br \/>\nzarzu\u0107cie sieci na po\u0142\u00f3w!\u201d A Szymon odpowiedzia\u0142: \u201eMistrzu,<br \/>\nprzez ca\u0142\u0105 noc pracowali\u015bmy i nice\u015bmy nie u\u0142owili. Lecz na Twoje<br \/>\ns\u0142owo zarzuc\u0119 sieci\u201d. Skoro to uczynili, zagarn\u0119li tak wielkie<br \/>\nmn\u00f3stwo ryb, \u017ce sieci ich zaczyna\u0142y si\u0119 rwa\u0107. Skin\u0119li wi\u0119c na<br \/>\nwsp\u00f3lnik\u00f3w w drugiej \u0142odzi, \u017ceby im przyszli z pomoc\u0105. Ci<br \/>\npodp\u0142yn\u0119li i nape\u0142nili obie \u0142odzie, tak \u017ce si\u0119 prawie<br \/>\nzanurza\u0142y.<\/b><\/span><\/span><\/span><\/div>\n<div align=\"justify\" style=\"font-style: normal; font-variant: normal; letter-spacing: normal; line-height: 150%; margin-bottom: 0cm; text-indent: 1.3cm; widows: 1;\">\n<span style=\"color: black;\"><span style=\"font-family: Book Antiqua, serif;\"><span style=\"font-size: x-large;\"><b>Widz\u0105c<br \/>\nto, Szymon Piotr przypad\u0142 Jezusowi do kolan i rzek\u0142: \u201eOdejd\u017a ode<br \/>\nmnie, Panie, bo jestem cz\u0142owiek grzeszny\u201d. I jego bowiem, i<br \/>\nwszystkich jego towarzyszy w zdumienie wprawi\u0142 po\u0142\u00f3w ryb, jakiego<br \/>\ndokonali; jak r\u00f3wnie\u017c Jakuba i Jana, syn\u00f3w Zebedeusza, kt\u00f3rzy<br \/>\nbyli wsp\u00f3lnikami Szymona. Lecz Jezus rzek\u0142 do Szymona: \u201eNie b\u00f3j<br \/>\nsi\u0119, odt\u0105d ludzi b\u0119dziesz \u0142owi\u0142\u201d. I przyci\u0105gn\u0105wszy \u0142odzie<br \/>\ndo brzegu, zostawili wszystko i poszli za Nim.<\/b><\/span><\/span><\/span><\/div>\n<div align=\"justify\" style=\"line-height: 150%; margin-bottom: 0cm;\">\n<span style=\"font-size: x-large;\"><\/p>\n<p><\/span><\/div>\n<div align=\"justify\" style=\"font-weight: normal; line-height: 150%; margin-bottom: 0cm; page-break-before: auto; text-indent: 1.3cm;\">\n<span style=\"font-size: x-large;\"><span style=\"color: black;\"><span style=\"font-family: Book Antiqua, serif;\">Wydaje<br \/>\nsi\u0119, \u017ce ten dylemat, przed jakim stan\u0105\u0142 B\u00f3g, a kt\u00f3ry wyrazi\u0142 w<br \/>\ns\u0142owach: <span style=\"font-variant: normal;\"><span style=\"letter-spacing: normal;\"><i><b>Kogo<br \/>\nmam pos\u0142a\u0107? Kto by Nam poszed\u0142?,<\/b><\/i><\/span><\/span><span style=\"font-variant: normal;\"><span style=\"letter-spacing: normal;\"><span style=\"font-style: normal;\"><b><br \/>\n<\/b><\/span><\/span><\/span><span style=\"font-variant: normal;\"><span style=\"letter-spacing: normal;\"><span style=\"font-style: normal;\">jest<br \/>\nwci\u0105\u017c aktualny. B\u00f3g ci\u0105gle zadaje to pytanie kolejnym pokoleniom<br \/>\nludzi, spo\u015br\u00f3d kt\u00f3rych <\/span><\/span><\/span><span style=\"font-variant: normal;\"><span style=\"letter-spacing: normal;\"><span style=\"font-style: normal;\"><b>ci\u0105gle<br \/>\npowo\u0142uje<\/b><\/span><\/span><\/span><span style=\"font-variant: normal;\"><span style=\"letter-spacing: normal;\"><span style=\"font-style: normal;\"><br \/>\njednych do takiej, drugich do innej misji, a na pewno wszystkich,<br \/>\nkt\u00f3rzy przyznaj\u0105 si\u0119 do Niego i uznaj\u0105 si\u0119 za wierz\u0105cych \u2013<br \/>\npowo\u0142uje do <\/span><\/span><\/span><span style=\"font-variant: normal;\"><span style=\"letter-spacing: normal;\"><span style=\"font-style: normal;\"><b>codziennego<br \/>\n\u015bwiadczenia<\/b><\/span><\/span><\/span><span style=\"font-variant: normal;\"><span style=\"letter-spacing: normal;\"><span style=\"font-style: normal;\"><br \/>\no wyznawanej wierze. <\/span><\/span><\/span><span style=\"font-variant: normal;\"><span style=\"letter-spacing: normal;\"><span style=\"font-style: normal;\">Ale<br \/>\n<\/span><\/span><\/span><span style=\"font-variant: normal;\"><span style=\"letter-spacing: normal;\"><span style=\"font-style: normal;\">to<br \/>\n<\/span><\/span><\/span><span style=\"font-variant: normal;\"><span style=\"letter-spacing: normal;\"><span style=\"font-style: normal;\">powo\u0142<\/span><\/span><\/span><span style=\"font-variant: normal;\"><span style=\"letter-spacing: normal;\"><span style=\"font-style: normal;\">ywanie<br \/>\nodnosi skutek tylko u<\/span><\/span><\/span><span style=\"font-variant: normal;\"><span style=\"letter-spacing: normal;\"><span style=\"font-style: normal;\"><br \/>\ntych, kt\u00f3rzy \u2013 podobnie, jak dzi\u015b Izajasz \u2013 ochotnym sercem<br \/>\nodpowiadaj\u0105: <\/span><\/span><\/span><span style=\"font-variant: normal;\"><span style=\"letter-spacing: normal;\"><i><b>Oto<br \/>\nja, po\u015blij mnie!<\/b><\/i><\/span><\/span><span style=\"font-variant: normal;\"><span style=\"letter-spacing: normal;\"><span style=\"font-style: normal;\"><br \/>\n<\/span><\/span><\/span><\/span><\/span><br \/>\n<\/span><\/div>\n<div align=\"justify\" style=\"font-weight: normal; line-height: 150%; margin-bottom: 0cm; text-indent: 1.3cm;\">\n<span style=\"font-size: x-large;\"><span style=\"color: black;\"><span style=\"font-family: Book Antiqua, serif;\"><span style=\"font-variant: normal;\"><span style=\"letter-spacing: normal;\"><span style=\"font-style: normal;\">St\u0105d<br \/>\nte\u017c, niejako <\/span><\/span><\/span><span style=\"font-variant: normal;\"><span style=\"letter-spacing: normal;\"><span style=\"font-style: normal;\">na<br \/>\nmarginesie,<\/span><\/span><\/span><span style=\"font-variant: normal;\"><span style=\"letter-spacing: normal;\"><span style=\"font-style: normal;\"><br \/>\n<\/span><\/span><\/span><span style=\"font-variant: normal;\"><span style=\"letter-spacing: normal;\"><span style=\"font-style: normal;\">mo\u017cna<br \/>\n<\/span><\/span><\/span><span style=\"font-variant: normal;\"><span style=\"letter-spacing: normal;\"><span style=\"font-style: normal;\">zauwa\u017cy\u0107<\/span><\/span><\/span><span style=\"font-variant: normal;\"><span style=\"letter-spacing: normal;\"><span style=\"font-style: normal;\">,<br \/>\n\u017ce zjawisko, kt\u00f3re zwykli\u015bmy okre\u015bla\u0107 jako <\/span><\/span><\/span><span style=\"font-variant: normal;\"><span style=\"letter-spacing: normal;\"><span style=\"font-style: normal;\"><b>brak<br \/>\npowo\u0142a\u0144 kap\u0142a\u0144skich<\/b><\/span><\/span><\/span><span style=\"font-variant: normal;\"><span style=\"letter-spacing: normal;\"><span style=\"font-style: normal;\"><br \/>\n\u2013 zjawisko nasilaj\u0105ce si\u0119 ostatnio tak\u017ce w naszej Ojczy\u017anie, o<br \/>\nEuropie zachodniej nawet nie wspominaj\u0105c \u2013 nie polega tak naprawd\u0119<br \/>\nna tym, \u017ce <\/span><\/span><\/span><span style=\"font-variant: normal;\"><span style=\"letter-spacing: normal;\"><span style=\"font-style: normal;\"><b>B\u00f3g<br \/>\nnie powo\u0142uje<\/b><\/span><\/span><\/span><span style=\"font-variant: normal;\"><span style=\"letter-spacing: normal;\"><span style=\"font-style: normal;\"><br \/>\nnowych pracownik\u00f3w do swojej Winnicy, albo powo\u0142uje rzadziej, albo<br \/>\nm\u00f3wi ciszej, dlatego nie s\u0142ycha\u0107 Jego g\u0142osu. To nie tak. <\/span><\/span><\/span><\/span><\/span><br \/>\n<\/span><\/div>\n<div align=\"justify\" style=\"font-weight: normal; line-height: 150%; margin-bottom: 0cm; text-indent: 1.3cm;\">\n<span style=\"font-size: x-large;\"><span style=\"color: black;\"><span style=\"font-family: Book Antiqua, serif;\"><span style=\"font-variant: normal;\"><span style=\"letter-spacing: normal;\"><span style=\"font-style: normal;\"><b>B\u00f3g<br \/>\nnie jest chwiejny i zmienny<\/b><\/span><\/span><\/span><span style=\"font-variant: normal;\"><span style=\"letter-spacing: normal;\"><span style=\"font-style: normal;\"><br \/>\nw swoich postanowieniach i dzia\u0142aniach \u2013 wprost przeciwnie: jest<br \/>\nbardzo sta\u0142y, konsekwentny i wytrwa\u0142y. I dlatego <\/span><\/span><\/span><span style=\"font-variant: normal;\"><span style=\"letter-spacing: normal;\"><span style=\"font-style: normal;\"><b>ci\u0105gle<\/b><\/span><\/span><\/span><span style=\"font-variant: normal;\"><span style=\"letter-spacing: normal;\"><span style=\"font-style: normal;\"><br \/>\nstawia to pytanie: <\/span><\/span><\/span><span style=\"font-variant: normal;\"><span style=\"letter-spacing: normal;\"><i><b>Kogo<br \/>\nmam pos\u0142a\u0107? Kto by Nam poszed\u0142?,<\/b><\/i><\/span><\/span><span style=\"font-variant: normal;\"><span style=\"letter-spacing: normal;\"><span style=\"font-style: normal;\"><b><br \/>\n<\/b><\/span><\/span><\/span><span style=\"font-variant: normal;\"><span style=\"letter-spacing: normal;\"><span style=\"font-style: normal;\">tylko<br \/>\nze strony ludzi nie doczekuje si\u0119 ochotnej odpowiedzi. <\/span><\/span><\/span><span style=\"font-variant: normal;\"><span style=\"letter-spacing: normal;\"><span style=\"font-style: normal;\">Cz\u0119sto<\/span><\/span><\/span><span style=\"font-variant: normal;\"><span style=\"letter-spacing: normal;\"><span style=\"font-style: normal;\"><br \/>\n\u2013 \u017cadnej odpowiedzi\u2026 Dlatego nie tyle nale\u017cy m\u00f3wi\u0107 o braku<br \/>\npowo\u0142a\u0144, co o <\/span><\/span><\/span><span style=\"font-variant: normal;\"><span style=\"letter-spacing: normal;\"><span style=\"font-style: normal;\"><b>braku<br \/>\npowo\u0142anych, braku gotowo\u015bci<\/b><\/span><\/span><\/span><span style=\"font-variant: normal;\"><span style=\"letter-spacing: normal;\"><span style=\"font-style: normal;\"><br \/>\ntych, kt\u00f3rych Pan powo\u0142uje. <\/span><\/span><\/span><\/span><\/span><br \/>\n<\/span><\/div>\n<div align=\"justify\" style=\"font-weight: normal; line-height: 150%; margin-bottom: 0cm; text-indent: 1.3cm;\">\n<span style=\"font-size: x-large;\"><span style=\"color: black;\"><span style=\"font-family: Book Antiqua, serif;\"><span style=\"font-variant: normal;\"><span style=\"letter-spacing: normal;\"><span style=\"font-style: normal;\">Izajasz<br \/>\ndaje dzi\u015b wspania\u0142y przyk\u0142ad <\/span><\/span><\/span><span style=\"font-variant: normal;\"><span style=\"letter-spacing: normal;\"><span style=\"font-style: normal;\">w\u0142a\u015bnie<br \/>\nowej gotowo\u015bci, wypowiadaj\u0105c znamienne s\u0142owa: <\/span><\/span><\/span><span style=\"font-variant: normal;\"><span style=\"letter-spacing: normal;\"><i><b>Oto<br \/>\nja, po\u015blij mnie!<\/b><\/i><\/span><\/span><span style=\"font-variant: normal;\"><span style=\"letter-spacing: normal;\"><span style=\"font-style: normal;\"><br \/>\n<\/span><\/span><\/span><\/span><\/span><br \/>\n<\/span><\/div>\n<div align=\"justify\" style=\"font-weight: normal; line-height: 150%; margin-bottom: 0cm; text-indent: 1.3cm;\">\n<span style=\"font-size: x-large;\"><span style=\"color: black;\"><span style=\"font-family: Book Antiqua, serif;\"><span style=\"font-variant: normal;\"><span style=\"letter-spacing: normal;\"><i><b>Oto<br \/>\nja<\/b><\/i><\/span><\/span><span style=\"font-variant: normal;\"><span style=\"letter-spacing: normal;\"><span style=\"font-style: normal;\"><br \/>\n\u2013 a wi\u0119c oddaj\u0119 samego siebie i ca\u0142ego siebie; takiego, jakim<br \/>\njestem i kim jestem! Oddaj\u0119 do pe\u0142nej dyspozycji Boga, m\u00f3wi\u0105c:<br \/>\n<\/span><\/span><\/span><span style=\"font-variant: normal;\"><span style=\"letter-spacing: normal;\"><i><b>Po\u015blij<br \/>\nmnie! <\/b><\/i><\/span><\/span><span style=\"font-variant: normal;\"><span style=\"letter-spacing: normal;\"><span style=\"font-style: normal;\">W<br \/>\nten spos\u00f3b odpowiadam na \u00f3w Bo\u017cy dylemat, wyra\u017cony w pytaniu:<br \/>\n<\/span><\/span><\/span><span style=\"font-variant: normal;\"><span style=\"letter-spacing: normal;\"><i><b>Kogo<br \/>\nmam pos\u0142a\u0107? Kto by <\/b><\/i><\/span><\/span><span style=\"font-variant: normal;\"><span style=\"letter-spacing: normal;\"><i><b>N<\/b><\/i><\/span><\/span><span style=\"font-variant: normal;\"><span style=\"letter-spacing: normal;\"><i><b>am<br \/>\nposzed\u0142?<\/b><\/i><\/span><\/span><span style=\"font-variant: normal;\"><span style=\"letter-spacing: normal;\"><span style=\"font-style: normal;\"><br \/>\n<\/span><\/span><\/span><\/span><\/span><br \/>\n<\/span><\/div>\n<div align=\"justify\" style=\"font-weight: normal; line-height: 150%; margin-bottom: 0cm; text-indent: 1.3cm;\">\n<span style=\"font-size: x-large;\"><span style=\"color: black;\"><span style=\"font-family: Book Antiqua, serif;\"><span style=\"font-variant: normal;\"><span style=\"letter-spacing: normal;\"><span style=\"font-style: normal;\">Ot\u00f3\u017c,<br \/>\nw\u0142a\u015bnie: <\/span><\/span><\/span><span style=\"font-variant: normal;\"><span style=\"letter-spacing: normal;\"><i><b>Kto<br \/>\nby Nam poszed\u0142?<\/b><\/i><\/span><\/span><span style=\"font-variant: normal;\"><span style=\"letter-spacing: normal;\"><span style=\"font-style: normal;\"><br \/>\n\u2013 przy czym s\u0142owo: <\/span><\/span><\/span><span style=\"font-variant: normal;\"><span style=\"letter-spacing: normal;\"><span style=\"font-style: normal;\"><b>\u201eNam\u201d<\/b><\/span><\/span><\/span><span style=\"font-variant: normal;\"><span style=\"letter-spacing: normal;\"><span style=\"font-style: normal;\"><br \/>\nnapisane jest wielk\u0105 liter\u0105, przeto wiemy, kto to pytanie <\/span><\/span><\/span><span style=\"font-variant: normal;\"><span style=\"letter-spacing: normal;\"><span style=\"font-style: normal;\">stawia<\/span><\/span><\/span><span style=\"font-variant: normal;\"><span style=\"letter-spacing: normal;\"><span style=\"font-style: normal;\">.<br \/>\n<\/span><\/span><\/span><span style=\"font-variant: normal;\"><span style=\"letter-spacing: normal;\"><span style=\"font-style: normal;\">A<br \/>\nskoro tak, to Prorok, kt\u00f3ry <\/span><\/span><\/span><span style=\"font-variant: normal;\"><span style=\"letter-spacing: normal;\"><span style=\"font-style: normal;\">jest<br \/>\ngot\u00f3w<\/span><\/span><\/span><span style=\"font-variant: normal;\"><span style=\"letter-spacing: normal;\"><span style=\"font-style: normal;\"><br \/>\np\u00f3j\u015b\u0107, p\u00f3jdzie <\/span><\/span><\/span><span style=\"font-variant: normal;\"><span style=\"letter-spacing: normal;\"><span style=\"font-style: normal;\"><b>w<br \/>\nimi\u0119 Boga,<\/b><\/span><\/span><\/span><span style=\"font-variant: normal;\"><span style=\"letter-spacing: normal;\"><span style=\"font-style: normal;\"><br \/>\np\u00f3jdzie <\/span><\/span><\/span><span style=\"font-variant: normal;\"><span style=\"letter-spacing: normal;\"><span style=\"font-style: normal;\"><b>w<br \/>\nsprawie Boga,<\/b><\/span><\/span><\/span><span style=\"font-variant: normal;\"><span style=\"letter-spacing: normal;\"><span style=\"font-style: normal;\"><br \/>\np\u00f3jdzie <\/span><\/span><\/span><span style=\"font-variant: normal;\"><span style=\"letter-spacing: normal;\"><span style=\"font-style: normal;\"><b>ze<br \/>\nwzgl\u0119du na Boga<\/b><\/span><\/span><\/span><span style=\"font-variant: normal;\"><span style=\"letter-spacing: normal;\"><span style=\"font-style: normal;\"><br \/>\n\u2013 nie w swojej prywatnej sprawie i nie w czyjekolwiek inne imi\u0119. <\/span><\/span><\/span><\/span><\/span><br \/>\n<\/span><\/div>\n<div align=\"justify\" style=\"font-weight: normal; line-height: 150%; margin-bottom: 0cm; text-indent: 1.3cm;\">\n<span style=\"font-size: x-large;\"><span style=\"color: black;\"><span style=\"font-family: Book Antiqua, serif;\"><span style=\"font-variant: normal;\"><span style=\"letter-spacing: normal;\"><span style=\"font-style: normal;\">T<\/span><\/span><\/span><span style=\"font-variant: normal;\"><span style=\"letter-spacing: normal;\"><span style=\"font-style: normal;\">akie<br \/>\nw\u0142a\u015bnie przestawienie my\u015blenia i <\/span><\/span><\/span><span style=\"font-variant: normal;\"><span style=\"letter-spacing: normal;\"><span style=\"font-style: normal;\"><b>zmian\u0119<br \/>\n\u017cyciowych priorytet\u00f3w<\/b><\/span><\/span><\/span><span style=\"font-variant: normal;\"><span style=\"letter-spacing: normal;\"><span style=\"font-style: normal;\"><br \/>\nJezus zaproponowa\u0142 dzi\u015b Szymonowi, Jakubowi i Janowi. Ci trzej,<br \/>\nsk\u0105din\u0105d bliscy sobie ludzie \u2013 wsp\u00f3lnicy w jednym, rybackim<br \/>\n\u201e<\/span><\/span><\/span><span style=\"font-variant: normal;\"><span style=\"letter-spacing: normal;\"><span style=\"font-style: normal;\">biznesie\u201d<\/span><\/span><\/span><span style=\"font-variant: normal;\"><span style=\"letter-spacing: normal;\"><span style=\"font-style: normal;\"><br \/>\n\u2013 od lat wykonywali sw\u00f3j fach. A skoro tak, to <\/span><\/span><\/span><span style=\"font-variant: normal;\"><span style=\"letter-spacing: normal;\"><span style=\"font-style: normal;\"><b>dobrze<br \/>\nsi\u0119 na nim znali,<\/b><\/span><\/span><\/span><span style=\"font-variant: normal;\"><span style=\"letter-spacing: normal;\"><span style=\"font-style: normal;\"><br \/>\nbo w ko\u0144cu jakiego\u015b do\u015bwiadczenia si\u0119 z czasem nabywa. <\/span><\/span><\/span><span style=\"font-variant: normal;\"><span style=\"letter-spacing: normal;\"><span style=\"font-style: normal;\">Ale<br \/>\noto dzisiaj to ich do\u015bwiadczenie zosta\u0142o poddane pr\u00f3bie. <\/span><\/span><\/span><\/span><\/span><br \/>\n<\/span><\/div>\n<div align=\"justify\" style=\"font-weight: normal; line-height: 150%; margin-bottom: 0cm; text-indent: 1.3cm;\">\n<span style=\"font-size: x-large;\"><span style=\"color: black;\"><span style=\"font-family: Book Antiqua, serif;\"><span style=\"font-variant: normal;\"><span style=\"letter-spacing: normal;\"><span style=\"font-style: normal;\">Skoro<br \/>\nbowiem po ca\u0142onocnym po\u0142owie wr\u00f3cili z niczym, to oznacza\u0142o, \u017ce<br \/>\n<\/span><\/span><\/span><span style=\"font-variant: normal;\"><span style=\"letter-spacing: normal;\"><span style=\"font-style: normal;\">tam,<br \/>\n<\/span><\/span><\/span><span style=\"font-variant: normal;\"><span style=\"letter-spacing: normal;\"><span style=\"font-style: normal;\">gdzie<br \/>\n\u0142owili,<\/span><\/span><\/span><span style=\"font-variant: normal;\"><span style=\"letter-spacing: normal;\"><span style=\"font-style: normal;\"><br \/>\npo prostu nie by\u0142o ryb \u2013 i ju\u017c. <\/span><\/span><\/span><span style=\"font-variant: normal;\"><span style=\"letter-spacing: normal;\"><span style=\"font-style: normal;\">Oni<br \/>\no tym dobrze wiedzieli, mieli z pewno\u015bci\u0105 <\/span><\/span><\/span><span style=\"font-variant: normal;\"><span style=\"letter-spacing: normal;\"><span style=\"font-style: normal;\"><b>w\u0142a\u015bciwy<br \/>\ni realny os\u0105d sytuacji.<\/b><\/span><\/span><\/span><span style=\"font-variant: normal;\"><span style=\"letter-spacing: normal;\"><span style=\"font-style: normal;\"><br \/>\nJakie\u017c zatem musia\u0142o by\u0107 ich zdziwienie \u2013 a <\/span><\/span><\/span><span style=\"font-variant: normal;\"><span style=\"letter-spacing: normal;\"><span style=\"font-style: normal;\">mo\u017cna<br \/>\nsi\u0119 domy\u015bla\u0107, \u017ce<\/span><\/span><\/span><span style=\"font-variant: normal;\"><span style=\"letter-spacing: normal;\"><span style=\"font-style: normal;\"><br \/>\ni zdenerwowanie \u2013 kiedy Jezus, zako\u0144czywszy swoje nauczanie,<br \/>\nniespodziewanie poleci\u0142: <\/span><\/span><\/span><span style=\"font-variant: normal;\"><span style=\"letter-spacing: normal;\"><i><b>Wyp\u0142y\u0144<br \/>\nna g\u0142\u0119bi\u0119 i zarzu\u0107cie sieci na po\u0142\u00f3w!<\/b><\/i><\/span><\/span><span style=\"font-variant: normal;\"><span style=\"letter-spacing: normal;\"><span style=\"font-style: normal;\"><br \/>\nTak zwyczajnie, bezceremonialnie i po prostu. <\/span><\/span><\/span><\/span><\/span><br \/>\n<\/span><\/div>\n<div align=\"justify\" style=\"font-weight: normal; line-height: 150%; margin-bottom: 0cm; text-indent: 1.3cm;\">\n<span style=\"font-size: x-large;\"><span style=\"color: black;\"><span style=\"font-family: Book Antiqua, serif;\"><span style=\"font-variant: normal;\"><span style=\"letter-spacing: normal;\"><span style=\"font-style: normal;\">Moi<br \/>\nDrodzy, czy wyczuwamy t\u0119 sytuacj\u0119? Oto do\u015bwiadczeni rybacy, kt\u00f3rzy<br \/>\n\u2013 m\u00f3wi\u0105c kolokwialnie \u2013 z\u0119by na tym fachu zjedli, nie u\u0142owili<br \/>\nprzez ca\u0142\u0105 noc ani jednej ryb<\/span><\/span><\/span><span style=\"font-variant: normal;\"><span style=\"letter-spacing: normal;\"><span style=\"font-style: normal;\">ki<\/span><\/span><\/span><span style=\"font-variant: normal;\"><span style=\"letter-spacing: normal;\"><span style=\"font-style: normal;\">,<br \/>\n<\/span><\/span><\/span><span style=\"font-variant: normal;\"><span style=\"letter-spacing: normal;\"><span style=\"font-style: normal;\"><b>a<br \/>\nteraz maj\u0105 zarzuci\u0107 sieci w innym miejscu?!<\/b><\/span><\/span><\/span><span style=\"font-variant: normal;\"><span style=\"letter-spacing: normal;\"><span style=\"font-style: normal;\"><br \/>\nPrzecie\u017c gdyby to mia\u0142o co\u015b da\u0107 \u2013 czy\u017c sami nie wiedzieliby o<br \/>\ntym i <\/span><\/span><\/span><span style=\"font-variant: normal;\"><span style=\"letter-spacing: normal;\"><span style=\"font-style: normal;\"><b>ju\u017c<br \/>\ndawno <\/b><\/span><\/span><\/span><span style=\"font-variant: normal;\"><span style=\"letter-spacing: normal;\"><span style=\"font-style: normal;\"><b>by<br \/>\n<\/b><\/span><\/span><\/span><span style=\"font-variant: normal;\"><span style=\"letter-spacing: normal;\"><span style=\"font-style: normal;\"><b>tego<br \/>\nnie zrobili? <\/b><\/span><\/span><\/span><\/span><\/span><br \/>\n<\/span><\/div>\n<div align=\"justify\" style=\"font-weight: normal; line-height: 150%; margin-bottom: 0cm; text-indent: 1.3cm;\">\n<span style=\"font-size: x-large;\"><span style=\"color: black;\"><span style=\"font-family: Book Antiqua, serif;\"><span style=\"font-variant: normal;\"><span style=\"letter-spacing: normal;\"><span style=\"font-style: normal;\">Mo\u017cemy<br \/>\nsi\u0119 zatem domy\u015bla\u0107, \u017ce pierwsze ich <\/span><\/span><\/span><span style=\"font-variant: normal;\"><span style=\"letter-spacing: normal;\"><span style=\"font-style: normal;\">skojarzenia<\/span><\/span><\/span><span style=\"font-variant: normal;\"><span style=\"letter-spacing: normal;\"><span style=\"font-style: normal;\"><br \/>\nnie by\u0142y dla Jezusa zbyt <\/span><\/span><\/span><span style=\"font-variant: normal;\"><span style=\"letter-spacing: normal;\"><span style=\"font-style: normal;\">\u017cyczliwe<\/span><\/span><\/span><span style=\"font-variant: normal;\"><span style=\"letter-spacing: normal;\"><span style=\"font-style: normal;\">\u2026<br \/>\nI mo\u017ce dobrze, \u017ce ich <\/span><\/span><\/span><span style=\"font-variant: normal;\"><span style=\"letter-spacing: normal;\"><span style=\"font-style: normal;\">dzi\u015b<\/span><\/span><\/span><span style=\"font-variant: normal;\"><span style=\"letter-spacing: normal;\"><span style=\"font-style: normal;\"><br \/>\nnie s\u0142yszymy. Jednak z ca\u0142ej sytuacji doskonale wybrn\u0105\u0142 Szymon,<br \/>\nstwierdzaj\u0105c: <\/span><\/span><\/span><span style=\"font-variant: normal;\"><span style=\"letter-spacing: normal;\"><i><b>Mistrzu,<br \/>\n<\/b><\/i><\/span><\/span><span style=\"font-variant: normal;\"><span style=\"letter-spacing: normal;\"><i><b>przez<br \/>\n<\/b><\/i><\/span><\/span><span style=\"font-variant: normal;\"><span style=\"letter-spacing: normal;\"><i><b>ca\u0142\u0105<br \/>\nnoc pracowali\u015bmy i nic<\/b><\/i><\/span><\/span><span style=\"font-variant: normal;\"><span style=\"letter-spacing: normal;\"><i><b>e\u015bmy<\/b><\/i><\/span><\/span><span style=\"font-variant: normal;\"><span style=\"letter-spacing: normal;\"><i><b><br \/>\nnie u\u0142owil<\/b><\/i><\/span><\/span><span style=\"font-variant: normal;\"><span style=\"letter-spacing: normal;\"><i><b>i<\/b><\/i><\/span><\/span><span style=\"font-variant: normal;\"><span style=\"letter-spacing: normal;\"><i><b>.<br \/>\nLecz na Twoje s\u0142owo zarzuc\u0119 sieci.<\/b><\/i><\/span><\/span><span style=\"font-variant: normal;\"><span style=\"letter-spacing: normal;\"><span style=\"font-style: normal;\"><b><br \/>\n<\/b><\/span><\/span><\/span><\/span><\/span><br \/>\n<\/span><\/div>\n<div align=\"justify\" style=\"font-weight: normal; line-height: 150%; margin-bottom: 0cm; text-indent: 1.3cm;\">\n<span style=\"font-size: x-large;\"><span style=\"color: black;\"><span style=\"font-family: Book Antiqua, serif;\"><span style=\"font-variant: normal;\"><span style=\"letter-spacing: normal;\"><span style=\"font-style: normal;\">Powiedz<\/span><\/span><\/span><span style=\"font-variant: normal;\"><span style=\"letter-spacing: normal;\"><span style=\"font-style: normal;\">my<br \/>\nsobie jasno<\/span><\/span><\/span><span style=\"font-variant: normal;\"><span style=\"letter-spacing: normal;\"><span style=\"font-style: normal;\">,<br \/>\n\u017ce <\/span><\/span><\/span><span style=\"font-variant: normal;\"><span style=\"letter-spacing: normal;\"><span style=\"font-style: normal;\"><b>post\u0105pi\u0142<br \/>\nnaj<\/b><\/span><\/span><\/span><span style=\"font-variant: normal;\"><span style=\"letter-spacing: normal;\"><span style=\"font-style: normal;\"><b>rozs\u0105dniej<\/b><\/span><\/span><\/span><span style=\"font-variant: normal;\"><span style=\"letter-spacing: normal;\"><span style=\"font-style: normal;\"><b>,<\/b><\/span><\/span><\/span><span style=\"font-variant: normal;\"><span style=\"letter-spacing: normal;\"><span style=\"font-style: normal;\"><br \/>\njak <\/span><\/span><\/span><span style=\"font-variant: normal;\"><span style=\"letter-spacing: normal;\"><span style=\"font-style: normal;\">tylko<br \/>\n<\/span><\/span><\/span><span style=\"font-variant: normal;\"><span style=\"letter-spacing: normal;\"><span style=\"font-style: normal;\">w<br \/>\ntej sytuacji <\/span><\/span><\/span><span style=\"font-variant: normal;\"><span style=\"letter-spacing: normal;\"><span style=\"font-style: normal;\">mo\u017cna<br \/>\nby\u0142o post\u0105pi\u0107: z jednej strony, powo\u0142a\u0142 si\u0119 i na swoje<br \/>\n<\/span><\/span><\/span><span style=\"font-variant: normal;\"><span style=\"letter-spacing: normal;\"><span style=\"font-style: normal;\"><b>dzia\u0142anie,<\/b><\/span><\/span><\/span><span style=\"font-variant: normal;\"><span style=\"letter-spacing: normal;\"><span style=\"font-style: normal;\"><br \/>\ni \u2013 <\/span><\/span><\/span><span style=\"font-variant: normal;\"><span style=\"letter-spacing: normal;\"><span style=\"font-style: normal;\">tak<br \/>\n<\/span><\/span><\/span><span style=\"font-variant: normal;\"><span style=\"letter-spacing: normal;\"><span style=\"font-style: normal;\">nie<br \/>\nwprost, po\u015brednio, <\/span><\/span><\/span><span style=\"font-variant: normal;\"><span style=\"letter-spacing: normal;\"><span style=\"font-style: normal;\">ale<br \/>\nmo\u017cna to wyczu\u0107 <\/span><\/span><\/span><span style=\"font-variant: normal;\"><span style=\"letter-spacing: normal;\"><span style=\"font-style: normal;\">\u2013<br \/>\nna swoje <\/span><\/span><\/span><span style=\"font-variant: normal;\"><span style=\"letter-spacing: normal;\"><span style=\"font-style: normal;\"><b>do\u015bwiadczenie,<\/b><\/span><\/span><\/span><span style=\"font-variant: normal;\"><span style=\"letter-spacing: normal;\"><span style=\"font-style: normal;\"><br \/>\n<\/span><\/span><\/span><span style=\"font-variant: normal;\"><span style=\"letter-spacing: normal;\"><span style=\"font-style: normal;\">z<br \/>\ndrugiej jednak strony:<\/span><\/span><\/span><span style=\"font-variant: normal;\"><span style=\"letter-spacing: normal;\"><span style=\"font-style: normal;\"><br \/>\n<\/span><\/span><\/span><span style=\"font-variant: normal;\"><span style=\"letter-spacing: normal;\"><span style=\"font-style: normal;\"><b>odwa\u017cy\u0142<br \/>\nsi\u0119 zaufa\u0107 Jezusowi! <\/b><\/span><\/span><\/span><span style=\"font-variant: normal;\"><span style=\"letter-spacing: normal;\"><span style=\"font-style: normal;\">A<br \/>\nco si\u0119 sta\u0142o potem, to ju\u017c wiemy. <\/span><\/span><\/span><\/span><\/span><br \/>\n<\/span><\/div>\n<div align=\"justify\" style=\"font-weight: normal; line-height: 150%; margin-bottom: 0cm; text-indent: 1.3cm;\">\n<span style=\"color: black;\"><span style=\"font-family: Book Antiqua, serif;\"><span style=\"font-size: x-large;\"><span style=\"font-variant: normal;\"><span style=\"letter-spacing: normal;\"><span style=\"font-style: normal;\">Ale<br \/>\nnie to by\u0142o w tym momencie najwa\u017cniejsze. Owszem, to by\u0142o<br \/>\nniezwyk\u0142e i spektakularne, <\/span><\/span><\/span><span style=\"font-variant: normal;\"><span style=\"letter-spacing: normal;\"><span style=\"font-style: normal;\"><b>ale<br \/>\nnie najwa\u017cniejsze. <\/b><\/span><\/span><\/span><span style=\"font-variant: normal;\"><span style=\"letter-spacing: normal;\"><span style=\"font-style: normal;\">Bo<br \/>\nnie o ryby chodzi\u0142o Jezusowi. <\/span><\/span><\/span><span style=\"font-variant: normal;\"><span style=\"letter-spacing: normal;\"><span style=\"font-style: normal;\">A<br \/>\no<\/span><\/span><\/span><span style=\"font-variant: normal;\"><span style=\"letter-spacing: normal;\"><span style=\"font-style: normal;\"><br \/>\nco chodzi\u0142o? O <\/span><\/span><\/span><span style=\"font-variant: normal;\"><span style=\"letter-spacing: normal;\"><span style=\"font-style: normal;\">to,<br \/>\n<\/span><\/span><\/span><span style=\"font-variant: normal;\"><span style=\"letter-spacing: normal;\"><span style=\"font-style: normal;\">co<br \/>\n<\/span><\/span><\/span><span style=\"font-variant: normal;\"><span style=\"letter-spacing: normal;\"><span style=\"font-style: normal;\">wyrazi\u0142<br \/>\nw s\u0142owach, skierowanych do Piotra: <\/span><\/span><\/span><span style=\"font-variant: normal;\"><span style=\"letter-spacing: normal;\"><i><b>Nie<br \/>\nb\u00f3j si\u0119, odt\u0105d ludzi b\u0119dziesz \u0142owi\u0142.<\/b><\/i><\/span><\/span><span style=\"font-variant: normal;\"><span style=\"letter-spacing: normal;\"><span style=\"font-style: normal;\"><b><br \/>\n<\/b><\/span><\/span><\/span><span style=\"font-variant: normal;\"><span style=\"letter-spacing: normal;\"><span style=\"font-style: normal;\">A<br \/>\nw ten spos\u00f3b jasno <\/span><\/span><\/span><span style=\"font-variant: normal;\"><span style=\"letter-spacing: normal;\"><span style=\"font-style: normal;\">da\u0142<br \/>\ndo zrozumienia<\/span><\/span><\/span><span style=\"font-variant: normal;\"><span style=\"letter-spacing: normal;\"><span style=\"font-style: normal;\">,<br \/>\n\u017ce ka\u017c\u0105c Piotrowi raz jeszcze spr\u00f3bowa\u0107 po\u0142owu \u2013 pomimo<br \/>\nnieudanych pr\u00f3b w nocy \u2013 nie chcia\u0142 go <\/span><\/span><\/span><span style=\"font-variant: normal;\"><span style=\"letter-spacing: normal;\"><span style=\"font-style: normal;\"><b>w<br \/>\njakikolwiek spos\u00f3b zlekcewa\u017cy\u0107,<\/b><\/span><\/span><\/span><span style=\"font-variant: normal;\"><span style=\"letter-spacing: normal;\"><span style=\"font-style: normal;\"><br \/>\nczy powiedzie\u0107 c<\/span><\/span><\/span><span style=\"font-variant: normal;\"><span style=\"letter-spacing: normal;\"><span style=\"font-style: normal;\">zeg<\/span><\/span><\/span><span style=\"font-variant: normal;\"><span style=\"letter-spacing: normal;\"><span style=\"font-style: normal;\">o\u015b<br \/>\nw stylu: <\/span><\/span><\/span><span style=\"font-variant: normal;\"><span style=\"letter-spacing: normal;\"><span style=\"font-style: normal;\"><b>\u201eI<br \/>\nc\u00f3\u017c Wy, Ch\u0142opaki, tak naprawd\u0119 potraficie? <\/b><\/span><\/span><\/span><span style=\"font-variant: normal;\"><span style=\"letter-spacing: normal;\"><span style=\"font-style: normal;\">N<\/span><\/span><\/span><span style=\"font-variant: normal;\"><span style=\"letter-spacing: normal;\"><span style=\"font-style: normal;\">a<br \/>\nc\u00f3\u017c zda\u0142o si\u0119 to Wasze do\u015bwiadczenie? <\/span><\/span><\/span><span style=\"font-variant: normal;\"><span style=\"letter-spacing: normal;\"><span style=\"font-style: normal;\">Ca\u0142a<br \/>\nnoc mord\u0119gi \u2013 i <\/span><\/span><\/span><span style=\"font-variant: normal;\"><span style=\"letter-spacing: normal;\"><span style=\"font-style: normal;\">co?<\/span><\/span><\/span><span style=\"font-variant: normal;\"><span style=\"letter-spacing: normal;\"><span style=\"font-style: normal;\"><br \/>\n<\/span><\/span><\/span><span style=\"font-variant: normal;\"><span style=\"letter-spacing: normal;\"><span style=\"font-style: normal;\">A<br \/>\n<\/span><\/span><\/span><span style=\"font-variant: normal;\"><span style=\"letter-spacing: normal;\"><span style=\"font-style: normal;\">Ja<br \/>\ntu raz tylko pokaza\u0142em, gdzie macie \u0142owi\u0107, i prosz\u0119 bardzo: <\/span><\/span><\/span><span style=\"font-variant: normal;\"><span style=\"letter-spacing: normal;\"><span style=\"font-style: normal;\"><b>sieci<br \/>\nwr\u0119cz p\u0119kaj\u0105!<\/b><\/span><\/span><\/span><span style=\"font-variant: normal;\"><span style=\"letter-spacing: normal;\"><span style=\"font-style: normal;\"><br \/>\n<\/span><\/span><\/span><span style=\"font-variant: normal;\"><span style=\"letter-spacing: normal;\"><span style=\"font-style: normal;\">Co<br \/>\nWy tak naprawd\u0119 umiecie zrobi\u0107?\u201d<\/span><\/span><\/span><\/span><\/span><\/span><\/div>\n<div align=\"justify\" style=\"font-weight: normal; line-height: 150%; margin-bottom: 0cm; text-indent: 1.3cm;\">\n<span style=\"font-size: x-large;\"><span style=\"color: black;\"><span style=\"font-family: Book Antiqua, serif;\"><span style=\"font-variant: normal;\"><span style=\"letter-spacing: normal;\"><span style=\"font-style: normal;\">Nie,<br \/>\nnie to chcia\u0142 <\/span><\/span><\/span><span style=\"font-variant: normal;\"><span style=\"letter-spacing: normal;\"><span style=\"font-style: normal;\">Jezus<br \/>\np<\/span><\/span><\/span><span style=\"font-variant: normal;\"><span style=\"letter-spacing: normal;\"><span style=\"font-style: normal;\">owiedzie\u0107<br \/>\n<\/span><\/span><\/span><span style=\"font-variant: normal;\"><span style=\"letter-spacing: normal;\"><span style=\"font-style: normal;\">i<br \/>\nudowodni\u0107<\/span><\/span><\/span><span style=\"font-variant: normal;\"><span style=\"letter-spacing: normal;\"><span style=\"font-style: normal;\">.<br \/>\nChcia\u0142 im tylko pokaza\u0107, \u017ce <\/span><\/span><\/span><span style=\"font-variant: normal;\"><span style=\"letter-spacing: normal;\"><span style=\"font-style: normal;\"><b>s\u0105<br \/>\nw \u017cyciu sprawy wa\u017cne i wa\u017cniejsze;<\/b><\/span><\/span><\/span><span style=\"font-variant: normal;\"><span style=\"letter-spacing: normal;\"><span style=\"font-style: normal;\"><br \/>\ni s\u0105 cele dora\u017ane, i cele wy\u017csze, a On ich w\u0142a\u015bnie <\/span><\/span><\/span><span style=\"font-variant: normal;\"><span style=\"letter-spacing: normal;\"><span style=\"font-style: normal;\"><b>do<br \/>\ntych wy\u017cszych powo\u0142<\/b><\/span><\/span><\/span><span style=\"font-variant: normal;\"><span style=\"letter-spacing: normal;\"><span style=\"font-style: normal;\"><b>uje<\/b><\/span><\/span><\/span><span style=\"font-variant: normal;\"><span style=\"letter-spacing: normal;\"><span style=\"font-style: normal;\"><b>.<\/b><\/span><\/span><\/span><span style=\"font-variant: normal;\"><span style=\"letter-spacing: normal;\"><span style=\"font-style: normal;\"><br \/>\nDa\u0142 im do zrozumienia, \u017ce <\/span><\/span><\/span><span style=\"font-variant: normal;\"><span style=\"letter-spacing: normal;\"><span style=\"font-style: normal;\">je\u017celi<br \/>\noni podejm\u0105 z Nim wsp\u00f3\u0142prac\u0119 w sprawach wy\u017cszej wagi, to <\/span><\/span><\/span><span style=\"font-variant: normal;\"><span style=\"letter-spacing: normal;\"><span style=\"font-style: normal;\"><b>On<br \/>\nsam zatroszczy si\u0119 o te doczesne.<\/b><\/span><\/span><\/span><span style=\"font-variant: normal;\"><span style=\"letter-spacing: normal;\"><span style=\"font-style: normal;\"><br \/>\nPrzeto ca\u0142a sprawa nie oznacza\u0142a zlekcewa\u017cenia do\u015bwiadczenia<br \/>\nrybak\u00f3w, ale w\u0142a\u015bnie <\/span><\/span><\/span><span style=\"font-variant: normal;\"><span style=\"letter-spacing: normal;\"><span style=\"font-style: normal;\"><b>wykorzystania<br \/>\nich do\u015bwiadczenia<\/b><\/span><\/span><\/span><span style=\"font-variant: normal;\"><span style=\"letter-spacing: normal;\"><span style=\"font-style: normal;\"><br \/>\n\u2013<\/span><\/span><\/span><span style=\"font-variant: normal;\"><span style=\"letter-spacing: normal;\"><span style=\"font-style: normal;\"><br \/>\na bardziej jeszcze: ich dobrej woli i otwartego serca \u2013 <\/span><\/span><\/span><span style=\"font-variant: normal;\"><span style=\"letter-spacing: normal;\"><span style=\"font-style: normal;\">do<br \/>\npo\u0142ow\u00f3w <\/span><\/span><\/span><span style=\"font-variant: normal;\"><span style=\"letter-spacing: normal;\"><span style=\"font-style: normal;\"><b>o<br \/>\nwiele bardziej znacz\u0105cych i wa\u017cnych! <\/b><\/span><\/span><\/span><\/span><\/span><br \/>\n<\/span><\/div>\n<div align=\"justify\" style=\"font-weight: normal; line-height: 150%; margin-bottom: 0cm; text-indent: 1.3cm;\">\n<span style=\"font-size: x-large;\"><span style=\"color: black;\"><span style=\"font-family: Book Antiqua, serif;\"><span style=\"font-variant: normal;\"><span style=\"letter-spacing: normal;\"><span style=\"font-style: normal;\">A<br \/>\nskoro \u00f3w po\u0142\u00f3w doczesny odby\u0142 si\u0119 tak pomy\u015blnie i obficie, to<br \/>\nmo\u017cna mie\u0107 nadzieje, \u017ce i te duchowe po\u0142owy \u2013 po\u0142owy ludzi \u2013<br \/>\ntak\u017ce b\u0119d\u0105 owocne. Bo <\/span><\/span><\/span><span style=\"font-variant: normal;\"><span style=\"letter-spacing: normal;\"><span style=\"font-style: normal;\"><b>za<br \/>\njednymi i drugimi stoi moc Bo\u017ca. <\/b><\/span><\/span><\/span><span style=\"font-variant: normal;\"><span style=\"letter-spacing: normal;\"><span style=\"font-style: normal;\">Oby<br \/>\n<\/span><\/span><\/span><span style=\"font-variant: normal;\"><span style=\"letter-spacing: normal;\"><span style=\"font-style: normal;\">tylko<br \/>\n<\/span><\/span><\/span><span style=\"font-variant: normal;\"><span style=\"letter-spacing: normal;\"><span style=\"font-style: normal;\">cz\u0142owiek<br \/>\npodj\u0105\u0142 z ni\u0105 wsp\u00f3\u0142prac\u0119. To znaczy: oby nie ufa\u0142 jedynie<br \/>\nsobie, <\/span><\/span><\/span><span style=\"font-variant: normal;\"><span style=\"letter-spacing: normal;\"><span style=\"font-style: normal;\">a<br \/>\nw\u0142a\u015bnie Jezusowi i Jego mocy<\/span><\/span><\/span><span style=\"font-variant: normal;\"><span style=\"letter-spacing: normal;\"><span style=\"font-style: normal;\">.<br \/>\nOby te\u017c si\u0119 da\u0142 porwa\u0107 <\/span><\/span><\/span><span style=\"font-variant: normal;\"><span style=\"letter-spacing: normal;\"><span style=\"font-style: normal;\"><b>do<br \/>\nrzeczy wznios\u0142ych i zamierze\u0144 wysokich! <\/b><\/span><\/span><\/span><\/span><\/span><br \/>\n<\/span><\/div>\n<div align=\"justify\" style=\"font-weight: normal; line-height: 150%; margin-bottom: 0cm; text-indent: 1.3cm;\">\n<span style=\"font-size: x-large;\"><span style=\"color: black;\"><span style=\"font-family: Book Antiqua, serif;\"><span style=\"font-variant: normal;\"><span style=\"letter-spacing: normal;\"><span style=\"font-style: normal;\">Tak,<br \/>\njak \u015awi\u0119ty Pawe\u0142, kt\u00f3ry maj\u0105c \u015bwiadomo\u015b\u0107 tego, kim by\u0142,<br \/>\nzanim zosta\u0142 Aposto\u0142em, pisa\u0142 do Koryntian, <\/span><\/span><\/span><span style=\"font-variant: normal;\"><span style=\"letter-spacing: normal;\"><span style=\"font-style: normal;\">co<\/span><\/span><\/span><span style=\"font-variant: normal;\"><span style=\"letter-spacing: normal;\"><span style=\"font-style: normal;\"><br \/>\nmy us\u0142yszeli\u015bmy dzi\u015b w drugim czytaniu: <\/span><\/span><\/span><span style=\"font-variant: normal;\"><span style=\"letter-spacing: normal;\"><i><b>Jestem<br \/>\nbowiem najmniejszy ze wszystkich aposto\u0142\u00f3w i niegodzien zwa\u0107 si\u0119<br \/>\naposto\u0142em, bo prze\u015bladowa\u0142em Ko\u015bci\u00f3\u0142 Bo\u017cy. Lecz za \u0142ask\u0105<br \/>\nBoga jestem tym, czym jestem, a dana mi \u0142aska Jego nie okaza\u0142a si\u0119<br \/>\ndaremna; przeciwnie, pracowa\u0142em wi\u0119cej od nich wszystkich, nie ja,<br \/>\nco prawda, lecz \u0142aska Bo\u017ca ze mn\u0105.<\/b><\/i><\/span><\/span><span style=\"font-variant: normal;\"><span style=\"letter-spacing: normal;\"><span style=\"font-style: normal;\"><br \/>\n<\/span><\/span><\/span><\/span><\/span><br \/>\n<\/span><\/div>\n<div align=\"justify\" style=\"font-weight: normal; line-height: 150%; margin-bottom: 0cm; text-indent: 1.3cm;\">\n<span style=\"font-size: x-large;\"><span style=\"color: black;\"><span style=\"font-family: Book Antiqua, serif;\"><span style=\"font-variant: normal;\"><span style=\"letter-spacing: normal;\"><span style=\"font-style: normal;\">\u0141aska<br \/>\nBo\u017ca w przypadku Paw\u0142a <\/span><\/span><\/span><span style=\"font-variant: normal;\"><span style=\"letter-spacing: normal;\"><span style=\"font-style: normal;\">faktycznie<br \/>\n<\/span><\/span><\/span><span style=\"font-variant: normal;\"><span style=\"letter-spacing: normal;\"><i><b>nie<br \/>\nokaza\u0142a si\u0119 daremna.<\/b><\/i><\/span><\/span><span style=\"font-variant: normal;\"><span style=\"letter-spacing: normal;\"><i><br \/>\n<\/i><\/span><\/span><span style=\"font-variant: normal;\"><span style=\"letter-spacing: normal;\"><span style=\"font-style: normal;\">Dlaczego?<br \/>\nBo Pawe\u0142 jej po prostu nie zmarnowa\u0142. Gdy bowiem nast\u0105pi\u0142o owo<br \/>\npami\u0119tne <\/span><\/span><\/span><span style=\"font-variant: normal;\"><span style=\"letter-spacing: normal;\"><span style=\"font-style: normal;\"><b>spotkanie<br \/>\n<\/b><\/span><\/span><\/span><span style=\"font-variant: normal;\"><span style=\"letter-spacing: normal;\"><span style=\"font-style: normal;\"><b>na<\/b><\/span><\/span><\/span><span style=\"font-variant: normal;\"><span style=\"letter-spacing: normal;\"><span style=\"font-style: normal;\"><b><br \/>\ndrodze do Damaszku,<\/b><\/span><\/span><\/span><span style=\"font-variant: normal;\"><span style=\"letter-spacing: normal;\"><span style=\"font-style: normal;\"><br \/>\n<\/span><\/span><\/span><span style=\"font-variant: normal;\"><span style=\"letter-spacing: normal;\"><span style=\"font-style: normal;\">kiedy<br \/>\nPan ukaza\u0142 si\u0119 mu \u2013 jak sam Pawe\u0142 si\u0119 okre\u015bli\u0142 \u2013 <\/span><\/span><\/span><span style=\"font-variant: normal;\"><span style=\"letter-spacing: normal;\"><i><b>jako<br \/>\nporonionemu p\u0142odowi,<\/b><\/i><\/span><\/span><span style=\"font-variant: normal;\"><span style=\"letter-spacing: normal;\"><span style=\"font-style: normal;\"><br \/>\n<\/span><\/span><\/span><span style=\"font-variant: normal;\"><span style=\"letter-spacing: normal;\"><span style=\"font-style: normal;\">w\u00f3wczas<br \/>\nw umy\u015ble i sercu <\/span><\/span><\/span><span style=\"font-variant: normal;\"><span style=\"letter-spacing: normal;\"><span style=\"font-style: normal;\">tego<br \/>\n<\/span><\/span><\/span><span style=\"font-variant: normal;\"><span style=\"letter-spacing: normal;\"><span style=\"font-style: normal;\">dotychczasowego<br \/>\nzajad\u0142ego prze\u015bladowcy wszystko, ale to dok\u0142adnie <\/span><\/span><\/span><span style=\"font-variant: normal;\"><span style=\"letter-spacing: normal;\"><span style=\"font-style: normal;\"><b>wszystko<br \/>\nsi\u0119 odmieni\u0142o,<\/b><\/span><\/span><\/span><span style=\"font-variant: normal;\"><span style=\"letter-spacing: normal;\"><span style=\"font-style: normal;\"><br \/>\nwszystko si\u0119 poprzestawia\u0142o, nast\u0105pi\u0142 ca\u0142kowity \u201ereset\u201d<br \/>\ndotychczasowego my\u015blenia i dzia\u0142ania, dzi\u0119ki czemu Ko\u015bci\u00f3\u0142<br \/>\nzyska\u0142 jednego z <\/span><\/span><\/span><span style=\"font-variant: normal;\"><span style=\"letter-spacing: normal;\"><span style=\"font-style: normal;\"><b>najwi\u0119kszych<br \/>\nswoich Nauczycieli i Aposto\u0142\u00f3w.<\/b><\/span><\/span><\/span><span style=\"font-variant: normal;\"><span style=\"letter-spacing: normal;\"><span style=\"font-style: normal;\"><br \/>\nMo\u017cna nawet zaryzykowa\u0107 takie obrazowe stwierdzenie, \u017ce <\/span><\/span><\/span><span style=\"font-variant: normal;\"><span style=\"letter-spacing: normal;\"><span style=\"font-style: normal;\"><b>\u201eporoniony<\/b><\/span><\/span><\/span><span style=\"font-variant: normal;\"><span style=\"letter-spacing: normal;\"><span style=\"font-style: normal;\"><br \/>\n<\/span><\/span><\/span><span style=\"font-variant: normal;\"><span style=\"letter-spacing: normal;\"><span style=\"font-style: normal;\"><b>p\u0142\u00f3d\u201d<br \/>\nzrodzi\u0142 tak wiele duchowych dzieci <\/b><\/span><\/span><\/span><span style=\"font-variant: normal;\"><span style=\"letter-spacing: normal;\"><span style=\"font-style: normal;\">\u2013<br \/>\npoprzez swoje gorliwe nauczanie i ofiarn\u0105 pos\u0142ug\u0119. A ile takich<br \/>\nduchowych dzieci <\/span><\/span><\/span><span style=\"font-variant: normal;\"><span style=\"letter-spacing: normal;\"><span style=\"font-style: normal;\"><b>zrodzili<br \/>\nAposto\u0142owie: <\/b><\/span><\/span><\/span><span style=\"font-variant: normal;\"><span style=\"letter-spacing: normal;\"><span style=\"font-style: normal;\">Piotr,<br \/>\nJakub i Jan? <\/span><\/span><\/span><span style=\"font-variant: normal;\"><span style=\"letter-spacing: normal;\"><span style=\"font-style: normal;\">A<br \/>\npozostali <\/span><\/span><\/span><span style=\"font-variant: normal;\"><span style=\"letter-spacing: normal;\"><span style=\"font-style: normal;\">Aposto\u0142owie<\/span><\/span><\/span><span style=\"font-variant: normal;\"><span style=\"letter-spacing: normal;\"><span style=\"font-style: normal;\">?<br \/>\n<\/span><\/span><\/span><span style=\"font-variant: normal;\"><span style=\"letter-spacing: normal;\"><span style=\"font-style: normal;\">A<br \/>\njak wielu jak wiele nauczy\u0142o si\u0119 <\/span><\/span><\/span><span style=\"font-variant: normal;\"><span style=\"letter-spacing: normal;\"><span style=\"font-style: normal;\"><b>z<br \/>\npism Proroka Izajasza?<\/b><\/span><\/span><\/span><span style=\"font-variant: normal;\"><span style=\"letter-spacing: normal;\"><span style=\"font-style: normal;\"><br \/>\n<\/span><\/span><\/span><\/span><\/span><br \/>\n<\/span><\/div>\n<div align=\"justify\" style=\"font-weight: normal; line-height: 150%; margin-bottom: 0cm; text-indent: 1.3cm;\">\n<span style=\"font-size: x-large;\"><span style=\"color: black;\"><span style=\"font-family: Book Antiqua, serif;\"><span style=\"font-variant: normal;\"><span style=\"letter-spacing: normal;\"><span style=\"font-style: normal;\">Zobaczmy,<br \/>\nmoi Drodzy, mamy tu <\/span><\/span><\/span><span style=\"font-variant: normal;\"><span style=\"letter-spacing: normal;\"><span style=\"font-style: normal;\"><b>ca\u0142\u0105<br \/>\ngaleri\u0119 ludzi wielkich,<\/b><\/span><\/span><\/span><span style=\"font-variant: normal;\"><span style=\"letter-spacing: normal;\"><span style=\"font-style: normal;\"><br \/>\nludzi nietuzinkowych, ludzi niezwyk\u0142ych i odwa\u017cnych, ludzi m\u0105drych<br \/>\ni duchowo p\u0142odnych; ludzi przebojowych <\/span><\/span><\/span><span style=\"font-variant: normal;\"><span style=\"letter-spacing: normal;\"><span style=\"font-style: normal;\">i<br \/>\njedynych w swoim rodzaju \u2013 <\/span><\/span><\/span><span style=\"font-variant: normal;\"><span style=\"letter-spacing: normal;\"><span style=\"font-style: normal;\"><b>ale<br \/>\njednak ludzi! <\/b><\/span><\/span><\/span><span style=\"font-variant: normal;\"><span style=\"letter-spacing: normal;\"><span style=\"font-style: normal;\">To<br \/>\nnie byli przybysze z innej planety, to nie by\u0142y istoty o jakiej\u015b<br \/>\nnadz<\/span><\/span><\/span><span style=\"font-variant: normal;\"><span style=\"letter-spacing: normal;\"><span style=\"font-style: normal;\">iemskiej<\/span><\/span><\/span><span style=\"font-variant: normal;\"><span style=\"letter-spacing: normal;\"><span style=\"font-style: normal;\"><br \/>\nmocy i sile, to nie byli jacy\u015b p\u00f3\u0142bogowie \u2013 nie! <\/span><\/span><\/span><\/span><\/span><br \/>\n<\/span><\/div>\n<div align=\"justify\" style=\"font-weight: normal; line-height: 150%; margin-bottom: 0cm; text-indent: 1.3cm;\">\n<span style=\"font-size: x-large;\"><span style=\"color: black;\"><span style=\"font-family: Book Antiqua, serif;\"><span style=\"font-variant: normal;\"><span style=\"letter-spacing: normal;\"><span style=\"font-style: normal;\">To<br \/>\nbyli <\/span><\/span><\/span><span style=\"font-variant: normal;\"><span style=\"letter-spacing: normal;\"><span style=\"font-style: normal;\"><b>ludzie<br \/>\nz krwi i ko\u015bci,<\/b><\/span><\/span><\/span><span style=\"font-variant: normal;\"><span style=\"letter-spacing: normal;\"><span style=\"font-style: normal;\"><br \/>\nnajzwyklejsi ze zwyk\u0142ych, do tego jeszcze obarczeni ludzkimi<br \/>\ns\u0142abo\u015bciami, grzechami, a wr\u0119cz maj\u0105cy niejedn\u0105 zbrodni\u0119 na<br \/>\nsumieniu (jak chocia\u017cby \u015awi\u0119ty Pawe\u0142 w tym wcze\u015bniejszym okresie<br \/>\n\u017cycia, o kt\u00f3rym tu sobie wspominali\u015bmy); zatem: <\/span><\/span><\/span><span style=\"font-variant: normal;\"><span style=\"letter-spacing: normal;\"><span style=\"font-style: normal;\">byli<br \/>\nto <\/span><\/span><\/span><span style=\"font-variant: normal;\"><span style=\"letter-spacing: normal;\"><span style=\"font-style: normal;\"><b>zwykli<br \/>\nludzie! <\/b><\/span><\/span><\/span><span style=\"font-variant: normal;\"><span style=\"letter-spacing: normal;\"><span style=\"font-style: normal;\">A<br \/>\nprzecie\u017c \u2013 <\/span><\/span><\/span><span style=\"font-variant: normal;\"><span style=\"letter-spacing: normal;\"><span style=\"font-style: normal;\"><b>tak<br \/>\nniezwykli.<\/b><\/span><\/span><\/span><span style=\"font-variant: normal;\"><span style=\"letter-spacing: normal;\"><span style=\"font-style: normal;\"><br \/>\nDlaczego niezwykli? Bo dokonali tak bardzo wiele. A dlaczego tego<br \/>\ndokonali? Bo pozwolili <\/span><\/span><\/span><span style=\"font-variant: normal;\"><span style=\"letter-spacing: normal;\"><span style=\"font-style: normal;\"><b>Bogu<br \/>\ndzia\u0142a\u0107 w sobie i przez siebie.<\/b><\/span><\/span><\/span><span style=\"font-variant: normal;\"><span style=\"letter-spacing: normal;\"><span style=\"font-style: normal;\"><br \/>\n<\/span><\/span><\/span><\/span><\/span><br \/>\n<\/span><\/div>\n<div align=\"justify\" style=\"font-weight: normal; line-height: 150%; margin-bottom: 0cm; text-indent: 1.3cm;\">\n<span style=\"font-size: x-large;\"><span style=\"color: black;\"><span style=\"font-family: Book Antiqua, serif;\"><span style=\"font-variant: normal;\"><span style=\"letter-spacing: normal;\"><span style=\"font-style: normal;\">Bo<br \/>\nzarzucili sieci tam, gdzie \u2013<\/span><\/span><\/span><span style=\"font-variant: normal;\"><span style=\"letter-spacing: normal;\"><span style=\"font-style: normal;\"><br \/>\n<\/span><\/span><\/span><span style=\"font-variant: normal;\"><span style=\"letter-spacing: normal;\"><span style=\"font-style: normal;\">wed\u0142ug<br \/>\nludzkiego rozeznania i wieloletniego do\u015bwiadczenia \u2013<\/span><\/span><\/span><span style=\"font-variant: normal;\"><span style=\"letter-spacing: normal;\"><span style=\"font-style: normal;\"><br \/>\n<\/span><\/span><\/span><span style=\"font-variant: normal;\"><span style=\"letter-spacing: normal;\"><span style=\"font-style: normal;\">nie<br \/>\npowinno by\u0107 ani jednej rybki. Bo powiedzieli: <\/span><\/span><\/span><span style=\"font-variant: normal;\"><span style=\"letter-spacing: normal;\"><i><b>Oto<br \/>\nja, po\u015blij mnie! <\/b><\/i><\/span><\/span><span style=\"font-variant: normal;\"><span style=\"letter-spacing: normal;\"><span style=\"font-style: normal;\">\u2013<br \/>\nkiedy inni nie chcieli p\u00f3j\u015b\u0107 (przy czym, tu wcale nie musi <\/span><\/span><\/span><span style=\"font-variant: normal;\"><span style=\"letter-spacing: normal;\"><span style=\"font-style: normal;\">od<br \/>\nrazu <\/span><\/span><\/span><span style=\"font-variant: normal;\"><span style=\"letter-spacing: normal;\"><span style=\"font-style: normal;\">chodzi\u0107<br \/>\no kap\u0142a\u0144stwo lub \u017cycie zakonne\u2026). Bo nie bali si\u0119 <\/span><\/span><\/span><span style=\"font-variant: normal;\"><span style=\"letter-spacing: normal;\"><span style=\"font-style: normal;\"><b>zmieni\u0107<br \/>\nkierunku swego dotychczasowego \u017cycia<\/b><\/span><\/span><\/span><span style=\"font-variant: normal;\"><span style=\"letter-spacing: normal;\"><span style=\"font-style: normal;\"><br \/>\ni zacz\u0105\u0107 wszystkiego od nowa. <\/span><\/span><\/span><\/span><\/span><br \/>\n<\/span><\/div>\n<div align=\"justify\" style=\"font-weight: normal; line-height: 150%; margin-bottom: 0cm; text-indent: 1.3cm;\">\n<span style=\"font-size: x-large;\"><span style=\"color: black;\"><span style=\"font-family: Book Antiqua, serif;\"><span style=\"font-variant: normal;\"><span style=\"letter-spacing: normal;\"><span style=\"font-style: normal;\">Tacy<br \/>\nludzie, moi Drodzy, znacz\u0105 histori\u0119 \u015bwiata i histori\u0119 Ko\u015bcio\u0142a!<br \/>\n<\/span><\/span><\/span><span style=\"font-variant: normal;\"><span style=\"letter-spacing: normal;\"><span style=\"font-style: normal;\"><b>Oni<br \/>\nj\u0105 znacz\u0105 \u2013 i oni j\u0105 tworz\u0105.<\/b><\/span><\/span><\/span><span style=\"font-variant: normal;\"><span style=\"letter-spacing: normal;\"><span style=\"font-style: normal;\"><br \/>\nPojedynczy ludzie! Zobaczmy, przy tej okazji, do jak wielkich rzeczy<br \/>\nzdolny jest pojedynczy cz\u0142owiek. I to nie tylko piastuj\u0105cy <\/span><\/span><\/span><span style=\"font-variant: normal;\"><span style=\"letter-spacing: normal;\"><span style=\"font-style: normal;\">tak<br \/>\nwysokie<\/span><\/span><\/span><span style=\"font-variant: normal;\"><span style=\"letter-spacing: normal;\"><span style=\"font-style: normal;\"><br \/>\nstanowisko, jak Jan Pawe\u0142 II \u2013 chocia\u017c on tak\u017ce naznaczy\u0142 <\/span><\/span><\/span><span style=\"font-variant: normal;\"><span style=\"letter-spacing: normal;\"><span style=\"font-style: normal;\"><b>bieg<br \/>\nhistorii \u015bwiata na d\u0142ugie setki lat.<\/b><\/span><\/span><\/span><span style=\"font-variant: normal;\"><span style=\"letter-spacing: normal;\"><span style=\"font-style: normal;\"><br \/>\n<\/span><\/span><\/span><\/span><\/span><br \/>\n<\/span><\/div>\n<div align=\"justify\" style=\"font-weight: normal; line-height: 150%; margin-bottom: 0cm; text-indent: 1.3cm;\">\n<span style=\"font-size: x-large;\"><span style=\"color: black;\"><span style=\"font-family: Book Antiqua, serif;\"><span style=\"font-variant: normal;\"><span style=\"letter-spacing: normal;\"><span style=\"font-style: normal;\">Ale<br \/>\nprzecie\u017c <\/span><\/span><\/span><span style=\"font-variant: normal;\"><span style=\"letter-spacing: normal;\"><span style=\"font-style: normal;\"><b>\u015awi\u0119ty<br \/>\nJan Maria Vianney<\/b><\/span><\/span><\/span><span style=\"font-variant: normal;\"><span style=\"letter-spacing: normal;\"><span style=\"font-style: normal;\"><br \/>\nby\u0142 prostym, wiejskim proboszczem, <\/span><\/span><\/span><span style=\"font-variant: normal;\"><span style=\"letter-spacing: normal;\"><span style=\"font-style: normal;\"><b>B\u0142ogos\u0142awiona<br \/>\nKarolina K\u00f3zk\u00f3wna<\/b><\/span><\/span><\/span><span style=\"font-variant: normal;\"><span style=\"letter-spacing: normal;\"><span style=\"font-style: normal;\"><br \/>\nby\u0142a prost\u0105 dziewczyn\u0105 ze wsi, <\/span><\/span><\/span><span style=\"font-variant: normal;\"><span style=\"letter-spacing: normal;\"><span style=\"font-style: normal;\"><b>B\u0142ogos\u0142awieni<br \/>\nUnici Podlascy<\/b><\/span><\/span><\/span><span style=\"font-variant: normal;\"><span style=\"letter-spacing: normal;\"><span style=\"font-style: normal;\"><br \/>\nbyli prostymi rolnikami, pracuj\u0105cymi na swoich gospodarstwach, w<br \/>\ndu\u017cej wi\u0119kszo\u015bci nie umiej\u0105cymi czyta\u0107 i pisa\u0107! Oni wszyscy \u2013<br \/>\ntu wymienieni i ci, na wyliczenie kt\u00f3rych dnia bym nam zabrak\u0142o \u2013<br \/>\n<\/span><\/span><\/span><span style=\"font-variant: normal;\"><span style=\"letter-spacing: normal;\"><span style=\"font-style: normal;\"><b>znacz\u0105<br \/>\nhistori\u0119 \u015bwiata i histori\u0119 Ko\u015bcio\u0142a. <\/b><\/span><\/span><\/span><\/span><\/span><br \/>\n<\/span><\/div>\n<div align=\"justify\" style=\"font-weight: normal; line-height: 150%; margin-bottom: 0cm; text-indent: 1.3cm;\">\n<span style=\"font-size: x-large;\"><span style=\"color: black;\"><span style=\"font-family: Book Antiqua, serif;\"><span style=\"font-variant: normal;\"><span style=\"letter-spacing: normal;\"><span style=\"font-style: normal;\">Bo<br \/>\npojedynczy cz\u0142owiek jest w stanie naprawd\u0119 dokona\u0107 bardzo, ale to<br \/>\nbardzo wiele! Pewnie, \u017ce <\/span><\/span><\/span><span style=\"font-variant: normal;\"><span style=\"letter-spacing: normal;\"><span style=\"font-style: normal;\">dzia\u0142aj\u0105c<br \/>\nwe wsp\u00f3lnocie \u2013<\/span><\/span><\/span><span style=\"font-variant: normal;\"><span style=\"letter-spacing: normal;\"><span style=\"font-style: normal;\"><br \/>\nmo\u017ce jeszcze wi\u0119cej. We wsp\u00f3lnocie jest zawsze si\u0142a! Ale ci<br \/>\npojedynczy ludzie tak\u017ce dzia\u0142aj\u0105 we wsp\u00f3lnocie \u2013 <\/span><\/span><\/span><span style=\"font-variant: normal;\"><span style=\"letter-spacing: normal;\"><span style=\"font-style: normal;\"><b>we<br \/>\nwsp\u00f3lnocie z Jezusem!<\/b><\/span><\/span><\/span><span style=\"font-variant: normal;\"><span style=\"letter-spacing: normal;\"><span style=\"font-style: normal;\"><br \/>\n<\/span><\/span><\/span><span style=\"font-variant: normal;\"><span style=\"letter-spacing: normal;\"><span style=\"font-style: normal;\">Oni<br \/>\nnie s\u0105 sami. Bo cz\u0142owiek sam nic nie jest w stanie zrobi\u0107 \u2013 na<br \/>\npewno, nic dobrego. Ale kiedy swoje s\u0142abe, ludzkie si\u0142y, <\/span><\/span><\/span><span style=\"font-variant: normal;\"><span style=\"letter-spacing: normal;\"><span style=\"font-style: normal;\"><b>pomno\u017cy<br \/>\nprzez moc Bo\u017c\u0105, <\/b><\/span><\/span><\/span><span style=\"font-variant: normal;\"><span style=\"letter-spacing: normal;\"><span style=\"font-style: normal;\">to<br \/>\nb\u0119dzie w stanie dokona\u0107 cud\u00f3w! Tak, jak dokonywali ich wielcy<br \/>\nludzie, o kt\u00f3rych tu dzi\u015b m\u00f3wimy. <\/span><\/span><\/span><\/span><\/span><br \/>\n<\/span><\/div>\n<div align=\"justify\" style=\"font-weight: normal; line-height: 150%; margin-bottom: 0cm; text-indent: 1.3cm;\">\n<span style=\"font-size: x-large;\"><span style=\"color: black;\"><span style=\"font-family: Book Antiqua, serif;\"><span style=\"font-variant: normal;\"><span style=\"letter-spacing: normal;\"><span style=\"font-style: normal;\">Jednak<br \/>\nkto\u015b m\u00f3g\u0142by zapyta\u0107: <\/span><\/span><\/span><span style=\"font-variant: normal;\"><span style=\"letter-spacing: normal;\"><span style=\"font-style: normal;\"><b>Co<br \/>\nz tego wynika dla nas,<\/b><\/span><\/span><\/span><span style=\"font-variant: normal;\"><span style=\"letter-spacing: normal;\"><span style=\"font-style: normal;\"><br \/>\n<\/span><\/span><\/span><span style=\"font-variant: normal;\"><span style=\"letter-spacing: normal;\"><span style=\"font-style: normal;\">takich<br \/>\nzwyczajnych<\/span><\/span><\/span><span style=\"font-variant: normal;\"><span style=\"letter-spacing: normal;\"><span style=\"font-style: normal;\"><br \/>\nludzi? Oni \u2013 to wielcy \u015awi\u0119ci. Ale my? <\/span><\/span><\/span><\/span><\/span><br \/>\n<\/span><\/div>\n<div align=\"justify\" style=\"font-weight: normal; line-height: 150%; margin-bottom: 0cm; text-indent: 1.3cm;\">\n<span style=\"font-size: x-large;\"><span style=\"color: black;\"><span style=\"font-family: Book Antiqua, serif;\"><span style=\"font-variant: normal;\"><span style=\"letter-spacing: normal;\"><span style=\"font-style: normal;\">Ot\u00f3\u017c,<br \/>\nmy te\u017c <\/span><\/span><\/span><span style=\"font-variant: normal;\"><span style=\"letter-spacing: normal;\"><span style=\"font-style: normal;\"><b>mo\u017cemy<br \/>\ntakimi si\u0119 stawa\u0107. <\/b><\/span><\/span><\/span><span style=\"font-variant: normal;\"><span style=\"letter-spacing: normal;\"><span style=\"font-style: normal;\">A<br \/>\nwr\u0119cz powinni\u015bmy! Dlaczego sami cz\u0119sto skazujemy si\u0119 na<br \/>\nprzeci\u0119tno\u015b\u0107? <\/span><\/span><\/span><span style=\"font-variant: normal;\"><span style=\"letter-spacing: normal;\"><span style=\"font-style: normal;\">Tak<br \/>\n\u0142atwo <\/span><\/span><\/span><span style=\"font-variant: normal;\"><span style=\"letter-spacing: normal;\"><span style=\"font-style: normal;\"><b>wmawiamy<br \/>\nsobie,<\/b><\/span><\/span><\/span><span style=\"font-variant: normal;\"><span style=\"letter-spacing: normal;\"><span style=\"font-style: normal;\"><br \/>\n\u017ce nie jeste\u015bmy w stanie niczego wielkiego dokona\u0107, bo my to tylko<br \/>\ntak\u2026 od pierwszego do pierwszego, <\/span><\/span><\/span><span style=\"font-variant: normal;\"><span style=\"letter-spacing: normal;\"><span style=\"font-style: normal;\"><b>\u017ceby<br \/>\nsi\u0119 to wszystko jako\u015b toczy\u0142o,<\/b><\/span><\/span><\/span><span style=\"font-variant: normal;\"><span style=\"letter-spacing: normal;\"><span style=\"font-style: normal;\"><br \/>\n\u017ceby nam nikt za bardzo g\u0142owy nie zawraca\u0142, zbyt du\u017co od nas nie<br \/>\nchcia\u0142, bo my to tacy zwyczajni ludzie \u2013 chcemy mie\u0107 \u015bwi\u0119ty<br \/>\nspok\u00f3j. <\/span><\/span><\/span><\/span><\/span><br \/>\n<\/span><\/div>\n<div align=\"justify\" style=\"font-weight: normal; line-height: 150%; margin-bottom: 0cm; text-indent: 1.3cm;\">\n<span style=\"color: black;\"><span style=\"font-family: Book Antiqua, serif;\"><span style=\"font-size: x-large;\"><span style=\"font-variant: normal;\"><span style=\"letter-spacing: normal;\"><span style=\"font-style: normal;\">Tylko<br \/>\nco zrobi\u0107, <\/span><\/span><\/span><span style=\"font-variant: normal;\"><span style=\"letter-spacing: normal;\"><span style=\"font-style: normal;\"><b>kiedy<br \/>\ntego \u015bwi\u0119tego spokoju jak raz nie ma,<\/b><\/span><\/span><\/span><span style=\"font-variant: normal;\"><span style=\"letter-spacing: normal;\"><span style=\"font-style: normal;\"><br \/>\nbo problemy w rodzinie, bo problemy w pracy, bo jaka\u015b choroba si\u0119<br \/>\nprzypl\u0105ta\u0142a, a tu jeszcze pija\u0144stwo w domu, awantury, i z<br \/>\ns\u0105siadami nie za dobrze\u2026 <\/span><\/span><\/span><span style=\"font-variant: normal;\"><span style=\"letter-spacing: normal;\"><span style=\"font-style: normal;\"><b>Co<br \/>\nrobi\u0107? Usi\u0105\u015b\u0107 i biadoli\u0107? Narzeka\u0107? Przeklina\u0107?<\/b><\/span><\/span><\/span><span style=\"font-variant: normal;\"><span style=\"letter-spacing: normal;\"><span style=\"font-style: normal;\"><br \/>\nTak naj\u0142atwiej. Ale czy to naprawd\u0119 najlepsze rozwi\u0105zanie? Czy to<br \/>\nw og\u00f3le jakiekolwiek rozwi\u0105zanie?<\/span><\/span><\/span><\/span><\/span><\/span><\/div>\n<div align=\"justify\" style=\"font-weight: normal; line-height: 150%; margin-bottom: 0cm; text-indent: 1.3cm;\">\n<span style=\"color: black;\"><span style=\"font-family: Book Antiqua, serif;\"><span style=\"font-size: x-large;\"><span style=\"font-variant: normal;\"><span style=\"letter-spacing: normal;\"><span style=\"font-style: normal;\">M<\/span><\/span><\/span><span style=\"font-variant: normal;\"><span style=\"letter-spacing: normal;\"><span style=\"font-style: normal;\">oi<br \/>\nDrodzy, <\/span><\/span><\/span><span style=\"font-variant: normal;\"><span style=\"letter-spacing: normal;\"><span style=\"font-style: normal;\">je\u017celi<br \/>\ndzisiaj m\u00f3wimy o ludziach, kt\u00f3rzy \u2013 z pomoc\u0105 Bo\u017c\u0105! \u2013 byli i<br \/>\ns\u0105 w stanie <\/span><\/span><\/span><span style=\"font-variant: normal;\"><span style=\"letter-spacing: normal;\"><span style=\"font-style: normal;\"><b>zmieni\u0107<br \/>\nbieg historii ca\u0142ego \u015bwiata, <\/b><\/span><\/span><\/span><span style=\"font-variant: normal;\"><span style=\"letter-spacing: normal;\"><span style=\"font-style: normal;\">to<br \/>\npo pierwsze: je\u017celi oni mogli, to <\/span><\/span><\/span><span style=\"font-variant: normal;\"><span style=\"letter-spacing: normal;\"><span style=\"font-style: normal;\"><b>dlaczego<br \/>\nmy nie mo\u017cemy?<\/b><\/span><\/span><\/span><span style=\"font-variant: normal;\"><span style=\"letter-spacing: normal;\"><span style=\"font-style: normal;\"><br \/>\nA po drugie: nie musimy zaczyna\u0107 od razu od ca\u0142ego \u015bwiata.<br \/>\n<\/span><\/span><\/span><span style=\"font-variant: normal;\"><span style=\"letter-spacing: normal;\"><span style=\"font-style: normal;\"><b>Zacznijmy<br \/>\nod swojej rodziny,<\/b><\/span><\/span><\/span><span style=\"font-variant: normal;\"><span style=\"letter-spacing: normal;\"><span style=\"font-style: normal;\"><br \/>\nod miejsca pracy, od swojej klasy w szkole\u2026 I nie t\u0142umaczmy, \u017ce<br \/>\nnie damy rady, <\/span><\/span><\/span><span style=\"font-variant: normal;\"><span style=\"letter-spacing: normal;\"><span style=\"font-style: normal;\">gdy\u017c<\/span><\/span><\/span><span style=\"font-variant: normal;\"><span style=\"letter-spacing: normal;\"><span style=\"font-style: normal;\"><br \/>\nsytuacja <\/span><\/span><\/span><span style=\"font-variant: normal;\"><span style=\"letter-spacing: normal;\"><span style=\"font-style: normal;\">rzekomo<\/span><\/span><\/span><span style=\"font-variant: normal;\"><span style=\"letter-spacing: normal;\"><span style=\"font-style: normal;\"><br \/>\njest beznadziejna. To nieprawda! <\/span><\/span><\/span><span style=\"font-variant: normal;\"><span style=\"letter-spacing: normal;\"><span style=\"font-style: normal;\"><b>Dla<br \/>\nchrze\u015bcijanina nie ma sytuacji beznadziejnej! <\/b><\/span><\/span><\/span><span style=\"font-variant: normal;\"><span style=\"letter-spacing: normal;\"><span style=\"font-style: normal;\">Prawdziwy<br \/>\nchrze\u015bcijanin absolutnie <\/span><\/span><\/span><span style=\"font-variant: normal;\"><span style=\"letter-spacing: normal;\"><span style=\"font-style: normal;\"><b>wykre\u015bla<br \/>\nze swojego s\u0142ownika<\/b><\/span><\/span><\/span><span style=\"font-variant: normal;\"><span style=\"letter-spacing: normal;\"><span style=\"font-style: normal;\"><br \/>\ntakie poj\u0119cia, jak w\u0142a\u015bnie: \u201esytuacja beznadziejna\u201d, ale te\u017c<br \/>\n\u201etragedia\u201d, \u201e<\/span><\/span><\/span><span style=\"font-variant: normal;\"><span style=\"letter-spacing: normal;\"><span style=\"font-style: normal;\">sytuacja<br \/>\nbez wyj\u015bcia\u201d, lub te\u017c: \u201enic si\u0119 nie da zrobi\u0107\u201d!<\/span><\/span><\/span><\/span><\/span><\/span><\/div>\n<div align=\"justify\" style=\"font-weight: normal; line-height: 150%; margin-bottom: 0cm; text-indent: 1.3cm;\">\n<span style=\"font-size: x-large;\"><span style=\"color: black;\"><span style=\"font-family: Book Antiqua, serif;\"><span style=\"font-variant: normal;\"><span style=\"letter-spacing: normal;\"><span style=\"font-style: normal;\">Moi<br \/>\nDrodzy, powiedzmy to bardzo jasno i zdecydowanie: <\/span><\/span><\/span><span style=\"font-variant: normal;\"><span style=\"letter-spacing: normal;\"><span style=\"font-style: normal;\"><b>ka\u017cda<br \/>\n\u017cona, ka\u017cda matka,<\/b><\/span><\/span><\/span><span style=\"font-variant: normal;\"><span style=\"letter-spacing: normal;\"><span style=\"font-style: normal;\"><br \/>\nnarzekaj\u0105ca na pija\u0144stwo swego m\u0119\u017ca lub syna \u2013 jest w stanie<br \/>\nzmieni\u0107 t\u0119 sytuacj\u0119! <\/span><\/span><\/span><span style=\"font-variant: normal;\"><span style=\"letter-spacing: normal;\"><span style=\"font-style: normal;\"><b>Ka\u017cdy<br \/>\nnauczyciel,<\/b><\/span><\/span><\/span><span style=\"font-variant: normal;\"><span style=\"letter-spacing: normal;\"><span style=\"font-style: normal;\"><br \/>\nnarzekaj\u0105cy na m\u0142odzie\u017c i dzieci, kt\u00f3rym si\u0119 nic nie chce i z<br \/>\nkt\u00f3rymi nie mo\u017ce doj\u015b\u0107 do porozumienia \u2013 jest w stanie zmieni\u0107<br \/>\nt\u0119 sytuacj\u0119! <\/span><\/span><\/span><span style=\"font-variant: normal;\"><span style=\"letter-spacing: normal;\"><span style=\"font-style: normal;\"><b>Ka\u017cdy<br \/>\npracownik,<\/b><\/span><\/span><\/span><span style=\"font-variant: normal;\"><span style=\"letter-spacing: normal;\"><span style=\"font-style: normal;\"><br \/>\nnarzekaj\u0105cy na fataln\u0105 atmosfer\u0119 w swojej pracy \u2013 jest w stanie<br \/>\nzmieni\u0107 t\u0119 sytuacj\u0119! <\/span><\/span><\/span><span style=\"font-variant: normal;\"><span style=\"letter-spacing: normal;\"><span style=\"font-style: normal;\"><b>Ka\u017cdy<br \/>\nduszpasterz,<\/b><\/span><\/span><\/span><span style=\"font-variant: normal;\"><span style=\"letter-spacing: normal;\"><span style=\"font-style: normal;\"><br \/>\nborykaj\u0105cy si\u0119 z problemem braku zrozumienia i wsp\u00f3\u0142pracy ze<br \/>\nstrony swoich parafian \u2013 jest w stanie zmieni\u0107 t\u0119 sytuacj\u0119! I w<br \/>\nog\u00f3le <\/span><\/span><\/span><span style=\"font-variant: normal;\"><span style=\"letter-spacing: normal;\"><span style=\"font-style: normal;\"><b>ka\u017cdy,<br \/>\nkto boryka si\u0119 z jakimkolwiek problemem,<\/b><\/span><\/span><\/span><span style=\"font-variant: normal;\"><span style=\"letter-spacing: normal;\"><span style=\"font-style: normal;\"><br \/>\nz kt\u00f3rym jakoby \u201enic si\u0119 nie da zrobi\u0107\u201d \u2013 jest w stanie<br \/>\nzmieni\u0107 t\u0119 sytuacj\u0119! <\/span><\/span><\/span><\/span><\/span><br \/>\n<\/span><\/div>\n<div align=\"justify\" style=\"font-weight: normal; line-height: 150%; margin-bottom: 0cm; text-indent: 1.3cm;\">\n<span style=\"font-size: x-large;\"><span style=\"color: black;\"><span style=\"font-family: Book Antiqua, serif;\"><span style=\"font-variant: normal;\"><span style=\"letter-spacing: normal;\"><span style=\"font-style: normal;\">Je\u017celi<br \/>\nnie jest w stanie zrobi\u0107 tego w tym momencie, to znaczy, \u017ce <\/span><\/span><\/span><span style=\"font-variant: normal;\"><span style=\"letter-spacing: normal;\"><span style=\"font-style: normal;\">jeszcze<br \/>\n<\/span><\/span><\/span><span style=\"font-variant: normal;\"><span style=\"letter-spacing: normal;\"><span style=\"font-style: normal;\">wi\u0119cej<br \/>\nmusi si\u0119 <\/span><\/span><\/span><span style=\"font-variant: normal;\"><span style=\"letter-spacing: normal;\"><span style=\"font-style: normal;\"><b>modli\u0107,<\/b><\/span><\/span><\/span><span style=\"font-variant: normal;\"><span style=\"letter-spacing: normal;\"><span style=\"font-style: normal;\"><br \/>\ncz\u0119\u015bciej przyst\u0119powa\u0107 do <\/span><\/span><\/span><span style=\"font-variant: normal;\"><span style=\"letter-spacing: normal;\"><span style=\"font-style: normal;\"><b>Komunii<br \/>\n\u015awi\u0119tej, <\/b><\/span><\/span><\/span><span style=\"font-variant: normal;\"><span style=\"letter-spacing: normal;\"><span style=\"font-style: normal;\">podejmowa\u0107<br \/>\nw tej intencji <\/span><\/span><\/span><span style=\"font-variant: normal;\"><span style=\"letter-spacing: normal;\"><span style=\"font-style: normal;\"><b>posty<br \/>\ni wyrzeczenia,<\/b><\/span><\/span><\/span><span style=\"font-variant: normal;\"><span style=\"letter-spacing: normal;\"><span style=\"font-style: normal;\"><br \/>\nofiarowa\u0107 w tej intencji swoje codzienne <\/span><\/span><\/span><span style=\"font-variant: normal;\"><span style=\"letter-spacing: normal;\"><span style=\"font-style: normal;\"><b>krzy\u017ce<br \/>\ni do\u015bwiadczenia,<\/b><\/span><\/span><\/span><span style=\"font-variant: normal;\"><span style=\"letter-spacing: normal;\"><span style=\"font-style: normal;\"><br \/>\nprosi\u0107 <\/span><\/span><\/span><span style=\"font-variant: normal;\"><span style=\"letter-spacing: normal;\"><span style=\"font-style: normal;\"><b>Ducha<br \/>\n\u015awi\u0119tego o \u015bwiat\u0142o<\/b><\/span><\/span><\/span><span style=\"font-variant: normal;\"><span style=\"letter-spacing: normal;\"><span style=\"font-style: normal;\"><br \/>\ndo podejmowania w\u0142a\u015bciwych dzia\u0142a\u0144 (w ko\u0144cu, po co\u015b si\u0119 to<br \/>\nBierzmowanie przyjmowa\u0142o\u2026); cz\u0119\u015bciej i uwa\u017cniej <\/span><\/span><\/span><span style=\"font-variant: normal;\"><span style=\"letter-spacing: normal;\"><span style=\"font-style: normal;\"><b>czyta\u0107<br \/>\nPismo \u015awi\u0119te,<\/b><\/span><\/span><\/span><span style=\"font-variant: normal;\"><span style=\"letter-spacing: normal;\"><span style=\"font-style: normal;\"><br \/>\nszukaj\u0105c tam odpowiedzi na pytanie, jak zaradzi\u0107 danej sytuacji; a<br \/>\nwreszcie tak\u017ce \u2013 <\/span><\/span><\/span><span style=\"font-variant: normal;\"><span style=\"letter-spacing: normal;\"><span style=\"font-style: normal;\"><b>rozmawia\u0107<br \/>\no tym z innymi i prosi\u0107 ich o modlitw\u0119.<\/b><\/span><\/span><\/span><span style=\"font-variant: normal;\"><span style=\"letter-spacing: normal;\"><span style=\"font-style: normal;\"><br \/>\nTyle mo\u017cna zrobi\u0107. <\/span><\/span><\/span><\/span><\/span><br \/>\n<\/span><\/div>\n<div align=\"justify\" style=\"font-weight: normal; line-height: 150%; margin-bottom: 0cm; text-indent: 1.3cm;\">\n<span style=\"color: black;\"><span style=\"font-family: Book Antiqua, serif;\"><span style=\"font-size: x-large;\"><span style=\"font-variant: normal;\"><span style=\"letter-spacing: normal;\"><span style=\"font-style: normal;\">A<br \/>\ndo tego \u2013 a mo\u017ce: przede wszystkim! \u2013 <\/span><\/span><\/span><span style=\"font-variant: normal;\"><span style=\"letter-spacing: normal;\"><span style=\"font-style: normal;\"><b>nie<br \/>\nwolno traci\u0107 nadziei, nie wolno si\u0119 za\u0142amywa\u0107, zniech\u0119ca\u0107,<br \/>\nrezygnowa\u0107! <\/b><\/span><\/span><\/span><span style=\"font-variant: normal;\"><span style=\"letter-spacing: normal;\"><span style=\"font-style: normal;\">Nie<br \/>\nwolno! <\/span><\/span><\/span><span style=\"font-variant: normal;\"><span style=\"letter-spacing: normal;\"><span style=\"font-style: normal;\">Bo<br \/>\nca\u0142a nasza nadzieja w Bogu! Dlatego nie wolno si\u0119 podda\u0107 ani na<br \/>\nchwil\u0119 \u2013 chocia\u017cby czas rozwi\u0105zania naszych problem\u00f3w <\/span><\/span><\/span><span style=\"font-variant: normal;\"><span style=\"letter-spacing: normal;\"><span style=\"font-style: normal;\"><b>wyd\u0142u\u017ca\u0142<br \/>\nsi\u0119 i oddala\u0142.<\/b><\/span><\/span><\/span><span style=\"font-variant: normal;\"><span style=\"letter-spacing: normal;\"><span style=\"font-style: normal;\"><br \/>\nJe\u017celi podejmiemy te wskazane dzia\u0142ania, a do tego b\u0119dziemy bardzo<br \/>\n<\/span><\/span><\/span><span style=\"font-variant: normal;\"><span style=\"letter-spacing: normal;\"><span style=\"font-style: normal;\"><b>zdecydowani,<br \/>\nwytrwali i <\/b><\/span><\/span><\/span><span style=\"font-variant: normal;\"><span style=\"letter-spacing: normal;\"><span style=\"font-style: normal;\"><b>za<\/b><\/span><\/span><\/span><span style=\"font-variant: normal;\"><span style=\"letter-spacing: normal;\"><span style=\"font-style: normal;\"><b>uf<\/b><\/span><\/span><\/span><span style=\"font-variant: normal;\"><span style=\"letter-spacing: normal;\"><span style=\"font-style: normal;\"><b>amy<\/b><\/span><\/span><\/span><span style=\"font-variant: normal;\"><span style=\"letter-spacing: normal;\"><span style=\"font-style: normal;\"><b><br \/>\nBogu<\/b><\/span><\/span><\/span><span style=\"font-variant: normal;\"><span style=\"letter-spacing: normal;\"><span style=\"font-style: normal;\"><br \/>\n\u2013 zwyci\u0119\u017cymy! Zmienimy bieg historii \u015bwiata \u2013 tego <\/span><\/span><\/span><span style=\"font-variant: normal;\"><span style=\"letter-spacing: normal;\"><span style=\"font-style: normal;\"><b>swojego<br \/>\n\u015bwiata,<\/b><\/span><\/span><\/span><span style=\"font-variant: normal;\"><span style=\"letter-spacing: normal;\"><span style=\"font-style: normal;\"><br \/>\nw kt\u00f3rym na co dzie\u0144 \u017cyjemy. <\/span><\/span><\/span><span style=\"font-variant: normal;\"><span style=\"letter-spacing: normal;\"><span style=\"font-style: normal;\">A<br \/>\nprzez to \u2013 w jakim\u015b stopniu \u2013 <\/span><\/span><\/span><span style=\"font-variant: normal;\"><span style=\"letter-spacing: normal;\"><span style=\"font-style: normal;\"><b>tak\u017ce<br \/>\nca\u0142ego \u015bwiata!<\/b><\/span><\/span><\/span><\/span><\/span><\/span><\/div>\n<div align=\"justify\" style=\"font-weight: normal; line-height: 150%; margin-bottom: 0cm; text-indent: 1.3cm;\">\n<span style=\"color: black;\"><span style=\"font-family: Book Antiqua, serif;\"><span style=\"font-size: x-large;\"><span style=\"font-variant: normal;\"><span style=\"letter-spacing: normal;\"><span style=\"font-style: normal;\">Moi<br \/>\nDrodzy, jeste\u015bmy w stanie tego dokona\u0107! Ka\u017cda i ka\u017cdy z nas \u2013<br \/>\njest w stanie tego dokona\u0107. <\/span><\/span><\/span><span style=\"font-variant: normal;\"><span style=\"letter-spacing: normal;\"><span style=\"font-style: normal;\"><b>Przypomnijmy<br \/>\njeszcze raz: <\/b><\/span><\/span><\/span><span style=\"font-variant: normal;\"><span style=\"letter-spacing: normal;\"><span style=\"font-style: normal;\">cz\u0119sta<br \/>\nKomunia \u015awi\u0119ta, gorliwa modlitwa, ofiarowanie w <\/span><\/span><\/span><span style=\"font-variant: normal;\"><span style=\"letter-spacing: normal;\"><span style=\"font-style: normal;\">danej<\/span><\/span><\/span><span style=\"font-variant: normal;\"><span style=\"letter-spacing: normal;\"><span style=\"font-style: normal;\"><br \/>\nintencji post\u00f3w, cierpie\u0144, wyrzecze\u0144 i codziennych krzy\u017cy; pro\u015bba<br \/>\ndo Ducha \u015awi\u0119tego o \u015bwiat\u0142o, rozmowy z lud\u017ami i <\/span><\/span><\/span><span style=\"font-variant: normal;\"><span style=\"letter-spacing: normal;\"><span style=\"font-style: normal;\">zach\u0119ta<\/span><\/span><\/span><span style=\"font-variant: normal;\"><span style=\"letter-spacing: normal;\"><span style=\"font-style: normal;\">,<br \/>\nby i oni si\u0119 modlili; lektura Pisma \u015awi\u0119tego, a nade wszystko \u2013<\/span><\/span><\/span><span style=\"font-variant: normal;\"><span style=\"letter-spacing: normal;\"><span style=\"font-style: normal;\"><b><br \/>\ncierpliwo\u015b\u0107, wytrwa\u0142o\u015b\u0107 i niegasn\u0105ca nadzieja! <\/b><\/span><\/span><\/span><span style=\"font-variant: normal;\"><span style=\"letter-spacing: normal;\"><span style=\"font-style: normal;\">W<br \/>\nten spos\u00f3b ka\u017cda i ka\u017cdy nas \u2013 jedna osoba \u2013 jest w stanie<br \/>\npotrz\u0105sn\u0105\u0107 \u015bwiatem.<\/span><\/span><\/span><\/span><\/span><\/span><\/div>\n<div align=\"justify\" style=\"font-weight: normal; line-height: 150%; margin-bottom: 0cm; text-indent: 1.3cm;\">\n<span style=\"color: black;\"><span style=\"font-family: Book Antiqua, serif;\"><span style=\"font-size: x-large;\"><span style=\"font-variant: normal;\"><span style=\"letter-spacing: normal;\"><span style=\"font-style: normal;\">Wiem,<br \/>\nco wielu z Was teraz sobie my\u015bli: \u201eCo On gada? Takie ksi\u0119\u017cowskie<br \/>\ngl\u0119dzenie na ambonie. <\/span><\/span><\/span><span style=\"font-variant: normal;\"><span style=\"letter-spacing: normal;\"><span style=\"font-style: normal;\">Przecie\u017c<br \/>\nto niemo\u017cliwe!\u201d<\/span><\/span><\/span><\/span><\/span><\/span><\/div>\n<div align=\"justify\" style=\"font-weight: normal; line-height: 150%; margin-bottom: 0cm; text-indent: 1.3cm;\">\n<span style=\"color: black;\"><span style=\"font-family: Book Antiqua, serif;\"><span style=\"font-size: x-large;\"><span style=\"font-variant: normal;\"><span style=\"letter-spacing: normal;\"><span style=\"font-style: normal;\">Niemo\u017cliwe?<br \/>\nNaprawd\u0119? <\/span><\/span><\/span><span style=\"font-variant: normal;\"><span style=\"letter-spacing: normal;\"><span style=\"font-style: normal;\">No<br \/>\nto s\u0105 dwa wyj\u015bcia: albo nadal narzeka\u0107, za\u0142amywa\u0107 si\u0119 i<br \/>\nbiadoli\u0107, albo <\/span><\/span><\/span><span style=\"font-variant: normal;\"><span style=\"letter-spacing: normal;\"><span style=\"font-style: normal;\"><b>odwa\u017cy\u0107<br \/>\nsi\u0119 \u2013 i zawalczy\u0107.<\/b><\/span><\/span><\/span><span style=\"font-variant: normal;\"><span style=\"letter-spacing: normal;\"><span style=\"font-style: normal;\"><br \/>\nCo wybieracie?\u2026<\/span><\/span><\/span><\/span><\/span><\/span><\/div>\n","protected":false},"excerpt":{"rendered":"<p>Niech b\u0119dzie pochwalony Jezus Chrystus! Moi Drodzy, w dniu dzisiejszym imieniny prze\u017cywa Ksi\u0105dz Jacek Wojdat, Kolega z jednego roku \u015awi\u0119ce\u0144, oraz Ksi\u0105dz Jacek Szostakiewicz, starszy Kolega, pochodz\u0105cy z mojej rodzinnej Parafii. Niech Im Pan b\u0142ogos\u0142awi i ci\u0105gle wzmacnia Ich kap\u0142a\u0144sk\u0105 gorliwo\u015b\u0107. Zapewniam o modlitwie! Moi Drodzy, wczoraj oko\u0142o godziny 15:30 wyjechali\u015bmy ze Szklarskiej Por\u0119by i [&hellip;]<\/p>\n","protected":false},"author":1,"featured_media":0,"comment_status":"open","ping_status":"open","sticky":false,"template":"","format":"standard","meta":{"jetpack_post_was_ever_published":false,"_jetpack_newsletter_access":"","_jetpack_dont_email_post_to_subs":false,"_jetpack_newsletter_tier_id":0,"_jetpack_memberships_contains_paywalled_content":false,"_jetpack_memberships_contains_paid_content":false,"footnotes":""},"categories":[1],"tags":[],"class_list":["post-14696","post","type-post","status-publish","format-standard","hentry","category-bez-kategorii"],"yoast_head":"<!-- This site is optimized with the Yoast SEO plugin v25.1 - https:\/\/yoast.com\/wordpress\/plugins\/seo\/ -->\n<title>Jak by tu zmieni\u0107 bieg historii \u015bwiata?... - Gaudium Et Spes<\/title>\n<meta name=\"robots\" content=\"index, follow, max-snippet:-1, max-image-preview:large, max-video-preview:-1\" \/>\n<link rel=\"canonical\" href=\"https:\/\/gaudiumetspes-blog.pl\/index.php\/2019\/02\/10\/jak-by-tu-zmienic-bieg-historii-swiata\/\" \/>\n<meta property=\"og:locale\" content=\"pl_PL\" \/>\n<meta property=\"og:type\" content=\"article\" \/>\n<meta property=\"og:title\" content=\"Jak by tu zmieni\u0107 bieg historii \u015bwiata?... - Gaudium Et Spes\" \/>\n<meta property=\"og:description\" content=\"Niech b\u0119dzie pochwalony Jezus Chrystus! Moi Drodzy, w dniu dzisiejszym imieniny prze\u017cywa Ksi\u0105dz Jacek Wojdat, Kolega z jednego roku \u015awi\u0119ce\u0144, oraz Ksi\u0105dz Jacek Szostakiewicz, starszy Kolega, pochodz\u0105cy z mojej rodzinnej Parafii. Niech Im Pan b\u0142ogos\u0142awi i ci\u0105gle wzmacnia Ich kap\u0142a\u0144sk\u0105 gorliwo\u015b\u0107. Zapewniam o modlitwie! Moi Drodzy, wczoraj oko\u0142o godziny 15:30 wyjechali\u015bmy ze Szklarskiej Por\u0119by i [&hellip;]\" \/>\n<meta property=\"og:url\" content=\"https:\/\/gaudiumetspes-blog.pl\/index.php\/2019\/02\/10\/jak-by-tu-zmienic-bieg-historii-swiata\/\" \/>\n<meta property=\"og:site_name\" content=\"Gaudium Et Spes\" \/>\n<meta property=\"article:published_time\" content=\"2019-02-10T03:52:00+00:00\" \/>\n<meta property=\"article:modified_time\" content=\"2019-07-31T10:59:39+00:00\" \/>\n<meta name=\"author\" content=\"Ks. Jacek\" \/>\n<meta name=\"twitter:card\" content=\"summary_large_image\" \/>\n<meta name=\"twitter:label1\" content=\"Napisane przez\" \/>\n\t<meta name=\"twitter:data1\" content=\"Ks. Jacek\" \/>\n\t<meta name=\"twitter:label2\" content=\"Szacowany czas czytania\" \/>\n\t<meta name=\"twitter:data2\" content=\"17 minut\" \/>\n<script type=\"application\/ld+json\" class=\"yoast-schema-graph\">{\"@context\":\"https:\/\/schema.org\",\"@graph\":[{\"@type\":\"WebPage\",\"@id\":\"https:\/\/gaudiumetspes-blog.pl\/index.php\/2019\/02\/10\/jak-by-tu-zmienic-bieg-historii-swiata\/\",\"url\":\"https:\/\/gaudiumetspes-blog.pl\/index.php\/2019\/02\/10\/jak-by-tu-zmienic-bieg-historii-swiata\/\",\"name\":\"Jak by tu zmieni\u0107 bieg historii \u015bwiata?... - Gaudium Et Spes\",\"isPartOf\":{\"@id\":\"https:\/\/gaudiumetspes-blog.pl\/#website\"},\"datePublished\":\"2019-02-10T03:52:00+00:00\",\"dateModified\":\"2019-07-31T10:59:39+00:00\",\"author\":{\"@id\":\"https:\/\/gaudiumetspes-blog.pl\/#\/schema\/person\/1661982992b752dea8dff0d4ed845a65\"},\"breadcrumb\":{\"@id\":\"https:\/\/gaudiumetspes-blog.pl\/index.php\/2019\/02\/10\/jak-by-tu-zmienic-bieg-historii-swiata\/#breadcrumb\"},\"inLanguage\":\"pl-PL\",\"potentialAction\":[{\"@type\":\"ReadAction\",\"target\":[\"https:\/\/gaudiumetspes-blog.pl\/index.php\/2019\/02\/10\/jak-by-tu-zmienic-bieg-historii-swiata\/\"]}]},{\"@type\":\"BreadcrumbList\",\"@id\":\"https:\/\/gaudiumetspes-blog.pl\/index.php\/2019\/02\/10\/jak-by-tu-zmienic-bieg-historii-swiata\/#breadcrumb\",\"itemListElement\":[{\"@type\":\"ListItem\",\"position\":1,\"name\":\"Strona g\u0142\u00f3wna\",\"item\":\"https:\/\/gaudiumetspes-blog.pl\/\"},{\"@type\":\"ListItem\",\"position\":2,\"name\":\"Jak by&nbsp;tu zmieni\u0107 bieg historii \u015bwiata?&#8230;\"}]},{\"@type\":\"WebSite\",\"@id\":\"https:\/\/gaudiumetspes-blog.pl\/#website\",\"url\":\"https:\/\/gaudiumetspes-blog.pl\/\",\"name\":\"Gaudium Et Spes\",\"description\":\"Blog Ks. Jacka Ja\u015bkowskiego\",\"potentialAction\":[{\"@type\":\"SearchAction\",\"target\":{\"@type\":\"EntryPoint\",\"urlTemplate\":\"https:\/\/gaudiumetspes-blog.pl\/?s={search_term_string}\"},\"query-input\":{\"@type\":\"PropertyValueSpecification\",\"valueRequired\":true,\"valueName\":\"search_term_string\"}}],\"inLanguage\":\"pl-PL\"},{\"@type\":\"Person\",\"@id\":\"https:\/\/gaudiumetspes-blog.pl\/#\/schema\/person\/1661982992b752dea8dff0d4ed845a65\",\"name\":\"Ks. Jacek\",\"image\":{\"@type\":\"ImageObject\",\"inLanguage\":\"pl-PL\",\"@id\":\"https:\/\/gaudiumetspes-blog.pl\/#\/schema\/person\/image\/\",\"url\":\"https:\/\/gaudiumetspes-blog.pl\/wp-content\/uploads\/2019\/07\/avatar-JJ-150x150.jpg\",\"contentUrl\":\"https:\/\/gaudiumetspes-blog.pl\/wp-content\/uploads\/2019\/07\/avatar-JJ-150x150.jpg\",\"caption\":\"Ks. Jacek\"},\"description\":\"Witam serdecznie! K\u0142ania si\u0119 Ks. Jacek Ja\u015bkowski. Nie jestem ani kim\u015b wa\u017cnym, ani kim\u015b znanym. Jestem ksi\u0119dzem, kt\u00f3ry po prostu chce rozmawia\u0107. Codzienna kap\u0142a\u0144ska pos\u0142uga pokazuje mi, \u017ce temat\u00f3w do rozm\u00f3w z ksi\u0119dzem jest coraz wi\u0119cej i dzisiaj \u017caden ksi\u0105dz nie mo\u017ce od nich ucieka\u0107, ale - wprost przeciwnie - podejmowa\u0107 nowe wyzwania. To przekonanie sk\u0142oni\u0142o mnie do pr\u00f3by otwarcia tego\u017c bloga, chocia\u017c okazji do rozm\u00f3w na co dzie\u0144 - w konfesjonale i poza nim - na szcz\u0119\u015bcie nie brakuje. My\u015bl\u0119 jednak, \u017ce ten blog b\u0119dzie jeszcze jednym sposobem i przestrzeni\u0105 nawi\u0105zania kontaktu z lud\u017ami dobrej woli, otwartymi na dialog.\",\"url\":\"https:\/\/gaudiumetspes-blog.pl\/index.php\/author\/ks-jacek\/\"}]}<\/script>\n<!-- \/ Yoast SEO plugin. -->","yoast_head_json":{"title":"Jak by tu zmieni\u0107 bieg historii \u015bwiata?... - Gaudium Et Spes","robots":{"index":"index","follow":"follow","max-snippet":"max-snippet:-1","max-image-preview":"max-image-preview:large","max-video-preview":"max-video-preview:-1"},"canonical":"https:\/\/gaudiumetspes-blog.pl\/index.php\/2019\/02\/10\/jak-by-tu-zmienic-bieg-historii-swiata\/","og_locale":"pl_PL","og_type":"article","og_title":"Jak by tu zmieni\u0107 bieg historii \u015bwiata?... - Gaudium Et Spes","og_description":"Niech b\u0119dzie pochwalony Jezus Chrystus! Moi Drodzy, w dniu dzisiejszym imieniny prze\u017cywa Ksi\u0105dz Jacek Wojdat, Kolega z jednego roku \u015awi\u0119ce\u0144, oraz Ksi\u0105dz Jacek Szostakiewicz, starszy Kolega, pochodz\u0105cy z mojej rodzinnej Parafii. Niech Im Pan b\u0142ogos\u0142awi i ci\u0105gle wzmacnia Ich kap\u0142a\u0144sk\u0105 gorliwo\u015b\u0107. Zapewniam o modlitwie! Moi Drodzy, wczoraj oko\u0142o godziny 15:30 wyjechali\u015bmy ze Szklarskiej Por\u0119by i [&hellip;]","og_url":"https:\/\/gaudiumetspes-blog.pl\/index.php\/2019\/02\/10\/jak-by-tu-zmienic-bieg-historii-swiata\/","og_site_name":"Gaudium Et Spes","article_published_time":"2019-02-10T03:52:00+00:00","article_modified_time":"2019-07-31T10:59:39+00:00","author":"Ks. Jacek","twitter_card":"summary_large_image","twitter_misc":{"Napisane przez":"Ks. Jacek","Szacowany czas czytania":"17 minut"},"schema":{"@context":"https:\/\/schema.org","@graph":[{"@type":"WebPage","@id":"https:\/\/gaudiumetspes-blog.pl\/index.php\/2019\/02\/10\/jak-by-tu-zmienic-bieg-historii-swiata\/","url":"https:\/\/gaudiumetspes-blog.pl\/index.php\/2019\/02\/10\/jak-by-tu-zmienic-bieg-historii-swiata\/","name":"Jak by tu zmieni\u0107 bieg historii \u015bwiata?... - Gaudium Et Spes","isPartOf":{"@id":"https:\/\/gaudiumetspes-blog.pl\/#website"},"datePublished":"2019-02-10T03:52:00+00:00","dateModified":"2019-07-31T10:59:39+00:00","author":{"@id":"https:\/\/gaudiumetspes-blog.pl\/#\/schema\/person\/1661982992b752dea8dff0d4ed845a65"},"breadcrumb":{"@id":"https:\/\/gaudiumetspes-blog.pl\/index.php\/2019\/02\/10\/jak-by-tu-zmienic-bieg-historii-swiata\/#breadcrumb"},"inLanguage":"pl-PL","potentialAction":[{"@type":"ReadAction","target":["https:\/\/gaudiumetspes-blog.pl\/index.php\/2019\/02\/10\/jak-by-tu-zmienic-bieg-historii-swiata\/"]}]},{"@type":"BreadcrumbList","@id":"https:\/\/gaudiumetspes-blog.pl\/index.php\/2019\/02\/10\/jak-by-tu-zmienic-bieg-historii-swiata\/#breadcrumb","itemListElement":[{"@type":"ListItem","position":1,"name":"Strona g\u0142\u00f3wna","item":"https:\/\/gaudiumetspes-blog.pl\/"},{"@type":"ListItem","position":2,"name":"Jak by&nbsp;tu zmieni\u0107 bieg historii \u015bwiata?&#8230;"}]},{"@type":"WebSite","@id":"https:\/\/gaudiumetspes-blog.pl\/#website","url":"https:\/\/gaudiumetspes-blog.pl\/","name":"Gaudium Et Spes","description":"Blog Ks. Jacka Ja\u015bkowskiego","potentialAction":[{"@type":"SearchAction","target":{"@type":"EntryPoint","urlTemplate":"https:\/\/gaudiumetspes-blog.pl\/?s={search_term_string}"},"query-input":{"@type":"PropertyValueSpecification","valueRequired":true,"valueName":"search_term_string"}}],"inLanguage":"pl-PL"},{"@type":"Person","@id":"https:\/\/gaudiumetspes-blog.pl\/#\/schema\/person\/1661982992b752dea8dff0d4ed845a65","name":"Ks. Jacek","image":{"@type":"ImageObject","inLanguage":"pl-PL","@id":"https:\/\/gaudiumetspes-blog.pl\/#\/schema\/person\/image\/","url":"https:\/\/gaudiumetspes-blog.pl\/wp-content\/uploads\/2019\/07\/avatar-JJ-150x150.jpg","contentUrl":"https:\/\/gaudiumetspes-blog.pl\/wp-content\/uploads\/2019\/07\/avatar-JJ-150x150.jpg","caption":"Ks. Jacek"},"description":"Witam serdecznie! K\u0142ania si\u0119 Ks. Jacek Ja\u015bkowski. Nie jestem ani kim\u015b wa\u017cnym, ani kim\u015b znanym. Jestem ksi\u0119dzem, kt\u00f3ry po prostu chce rozmawia\u0107. Codzienna kap\u0142a\u0144ska pos\u0142uga pokazuje mi, \u017ce temat\u00f3w do rozm\u00f3w z ksi\u0119dzem jest coraz wi\u0119cej i dzisiaj \u017caden ksi\u0105dz nie mo\u017ce od nich ucieka\u0107, ale - wprost przeciwnie - podejmowa\u0107 nowe wyzwania. To przekonanie sk\u0142oni\u0142o mnie do pr\u00f3by otwarcia tego\u017c bloga, chocia\u017c okazji do rozm\u00f3w na co dzie\u0144 - w konfesjonale i poza nim - na szcz\u0119\u015bcie nie brakuje. My\u015bl\u0119 jednak, \u017ce ten blog b\u0119dzie jeszcze jednym sposobem i przestrzeni\u0105 nawi\u0105zania kontaktu z lud\u017ami dobrej woli, otwartymi na dialog.","url":"https:\/\/gaudiumetspes-blog.pl\/index.php\/author\/ks-jacek\/"}]}},"jetpack_featured_media_url":"","jetpack_sharing_enabled":true,"_links":{"self":[{"href":"https:\/\/gaudiumetspes-blog.pl\/index.php\/wp-json\/wp\/v2\/posts\/14696","targetHints":{"allow":["GET"]}}],"collection":[{"href":"https:\/\/gaudiumetspes-blog.pl\/index.php\/wp-json\/wp\/v2\/posts"}],"about":[{"href":"https:\/\/gaudiumetspes-blog.pl\/index.php\/wp-json\/wp\/v2\/types\/post"}],"author":[{"embeddable":true,"href":"https:\/\/gaudiumetspes-blog.pl\/index.php\/wp-json\/wp\/v2\/users\/1"}],"replies":[{"embeddable":true,"href":"https:\/\/gaudiumetspes-blog.pl\/index.php\/wp-json\/wp\/v2\/comments?post=14696"}],"version-history":[{"count":1,"href":"https:\/\/gaudiumetspes-blog.pl\/index.php\/wp-json\/wp\/v2\/posts\/14696\/revisions"}],"predecessor-version":[{"id":14945,"href":"https:\/\/gaudiumetspes-blog.pl\/index.php\/wp-json\/wp\/v2\/posts\/14696\/revisions\/14945"}],"wp:attachment":[{"href":"https:\/\/gaudiumetspes-blog.pl\/index.php\/wp-json\/wp\/v2\/media?parent=14696"}],"wp:term":[{"taxonomy":"category","embeddable":true,"href":"https:\/\/gaudiumetspes-blog.pl\/index.php\/wp-json\/wp\/v2\/categories?post=14696"},{"taxonomy":"post_tag","embeddable":true,"href":"https:\/\/gaudiumetspes-blog.pl\/index.php\/wp-json\/wp\/v2\/tags?post=14696"}],"curies":[{"name":"wp","href":"https:\/\/api.w.org\/{rel}","templated":true}]}}