{"id":14697,"date":"2019-02-09T06:14:00","date_gmt":"2019-02-09T05:14:00","guid":{"rendered":"https:\/\/gaudiumetspes-blog.pl\/index.php\/2019\/02\/09\/badzcie-posuszni\/"},"modified":"2019-07-31T12:59:37","modified_gmt":"2019-07-31T10:59:37","slug":"badzcie-posuszni","status":"publish","type":"post","link":"https:\/\/gaudiumetspes-blog.pl\/index.php\/2019\/02\/09\/badzcie-posuszni\/","title":{"rendered":"B\u0105d\u017acie pos\u0142uszni&#8230;"},"content":{"rendered":"<p><\/p>\n<div align=\"justify\" style=\"font-weight: normal; line-height: 150%; margin-bottom: 0cm;\">\n<span style=\"color: black;\"><span style=\"font-family: Book Antiqua, serif;\"><span style=\"font-size: x-large;\">Szcz\u0119\u015b\u0107<br \/>\nBo\u017ce! Moi Drodzy, <b>w dniu wczorajszym urodziny prze\u017cywa\u0142a<br \/>\nUrszula Wasilewska, moja Kole\u017canka jeszcze lat <\/b><b>dzieci\u0144stwa<\/b><b>,<br \/>\ndo\u015bwiadczona przez Pana krzy\u017cem niepe\u0142nosprawno\u015bci, ale przez to<br \/>\n\u2013 tak g\u0142\u0119boko i m\u0105drze patrz\u0105ca na \u017cycie. Dzi\u0119kuj\u0119 Uli za<br \/>\n\u015bwiadectwo wiary i \u017cyciowej m\u0105dro\u015bci, oraz za nasze d\u0142ugie i<br \/>\ng\u0142\u0119bokie rozmowy. Dzi\u0119kuj\u0119 tak\u017ce za \u017cyczliwo\u015b\u0107 i modlitewne<br \/>\nwsparcie, jakiego mi zawsze udziela.<\/b><\/span><\/span><\/span><\/div>\n<div align=\"justify\" style=\"background: transparent; line-height: 150%; margin-bottom: 0cm; page-break-before: auto; text-indent: 1.3cm;\">\n<span style=\"font-size: x-large;\"><span style=\"color: black;\"><span style=\"font-family: Book Antiqua, serif;\"><b>Dzisiaj<br \/>\nnatomiast urodziny prze\u017cywa Daria G\u00f3rska, nale\u017c\u0105ca w swoim czasie<br \/>\ndo Wsp\u00f3lnoty m\u0142odzie\u017cowej w Tr\u0105bkach. <\/b><\/span><\/span><br \/>\n<\/span><\/div>\n<div align=\"justify\" style=\"background: transparent; line-height: 150%; margin-bottom: 0cm; text-indent: 1.3cm;\">\n<span style=\"color: black;\"><span style=\"font-family: Book Antiqua, serif;\"><span style=\"font-size: x-large;\"><b>\u017bycz\u0119<br \/>\nobu Jubilatkom, aby trwa\u0142y w sta\u0142ej przyja\u017ani z Jezusem. Ze swej<br \/>\nstrony \u2013 zapewniam o modlitwie!<\/b><\/span><\/span><\/span><\/div>\n<div align=\"justify\" style=\"background: transparent; line-height: 150%; margin-bottom: 0cm; text-indent: 1.3cm;\">\n<span style=\"color: black;\"><span style=\"font-family: Book Antiqua, serif;\"><span style=\"font-size: x-large;\"><span style=\"font-weight: normal;\">Bardzo<br \/>\nserdecznie dzi\u0119kuj\u0119 Ksi\u0119dzu Markowi za wczorajsze s\u0142\u00f3wko z<br \/>\nSyberii. Dzi\u0119ki temu, \u017ce zechcia\u0142 je przygotowa\u0107, my mieli\u015bmy<br \/>\nczas na inne sprawy, ale przede wszystkim \u2013 wdzi\u0119czni jeste\u015bmy za<br \/>\nm\u0105dro\u015b\u0107 i g\u0142\u0119bi\u0119, kt\u00f3re odnajdujemy zawsze, ilekro\u0107<br \/>\nwczytujemy si\u0119 w Jego rozwa\u017cania. Tym razem, rzecz dotyczy\u0142a<br \/>\nma\u0142\u017ce\u0144stwa, a wi\u0119c kwestii, kt\u00f3r\u0105 Ksi\u0105dz Marek od zawsze<br \/>\nbardzo sumiennie si\u0119 zajmuje od strony duszpasterskiej, szczeg\u00f3lnie<br \/>\nna Syberii, gdzie instytucja ma\u0142\u017ce\u0144stwa potrzebuje wsparcia, a<br \/>\nnierzadko \u2013 odbudowy. Ale czy u nas obecnie jest \u2013 w wielu<br \/>\nprzypadkach \u2013 tak\u017ce go nie potrzebuje? Dlatego tym bardziej<br \/>\nwdzi\u0119czni jeste\u015bmy za te wczorajsze, czytelne wskazania.<\/span><\/span><\/span><\/span><\/div>\n<div align=\"justify\" style=\"background: transparent; line-height: 150%; margin-bottom: 0cm; text-indent: 1.3cm;\">\n<span style=\"color: black;\"><span style=\"font-family: Book Antiqua, serif;\"><span style=\"font-size: x-large;\"><span style=\"font-weight: normal;\">Moi<br \/>\nDrodzy, dzisiaj wczesnym popo\u0142udniem, zamierzamy wyruszy\u0107 w drog\u0119<br \/>\ndo Miastkowa. Szybko min\u0105\u0142 nam ten tydzie\u0144, bardzo szybko.<br \/>\nDzi\u0119kujemy Panu za to, \u017ce czuwa\u0142 nad nami, da\u0142 nam wyborn\u0105<br \/>\npogod\u0119 i \u015bwietn\u0105 atmosfer\u0119 w naszej niewielkiej <\/span><span style=\"font-weight: normal;\">G<\/span><span style=\"font-weight: normal;\">rupie.<br \/>\nCodziennie pami\u0119tali\u015bmy o Was w modlitwie \u2013 i jeszcze dzisiaj<br \/>\nb\u0119dziemy pami\u0119tali.<\/span><\/span><\/span><\/span><\/div>\n<div align=\"justify\" style=\"background: transparent; line-height: 150%; margin-bottom: 0cm; text-indent: 1.3cm;\">\n<span style=\"color: black;\"><span style=\"font-family: Book Antiqua, serif;\"><span style=\"font-size: x-large;\"><span style=\"font-weight: normal;\">Dzisiaj<br \/>\n\u2013 jak w ka\u017cd\u0105 sobot\u0119 \u2013 s\u0142\u00f3wko przygotowa\u0142 Jakub. Jestem Mu<br \/>\ntym bardziej za to wdzi\u0119czny, \u017ce jest tutaj, ze mn\u0105, wi\u0119c m\u00f3g\u0142<br \/>\n\u0142atwo zwolni\u0107 si\u0119 z tego zobowi\u0105zania, co nawet Mu proponowa\u0142em.<br \/>\nBo w ko\u0144cu jest na wypoczynku. Jemu jednak zale\u017ca\u0142o na wywi\u0105zaniu<br \/>\nsi\u0119 ze swego dobrowolnie przyj\u0119tego obowi\u0105zku. Wielkie za to<br \/>\ndzi\u0119ki!<\/span><\/span><\/span><\/span><\/div>\n<div align=\"justify\" style=\"background: transparent; line-height: 150%; margin-bottom: 0cm; text-indent: 1.3cm;\">\n<span style=\"color: black;\"><span style=\"font-family: Book Antiqua, serif;\"><span style=\"font-size: x-large;\"><span style=\"font-weight: normal;\">I<br \/>\nwielkie dzi\u0119ki za to, \u017ce zechcieli tu ze mn\u0105 przyjecha\u0107: Jakub,<br \/>\nJego Siostra, Zosia, i \u0141ukasz K\u0119dziorek, Ministrant z naszej<br \/>\nParafii. I w\u0142a\u015bnie t\u0105 Ekip\u0105 wszystkich Was pozdrawiamy!<\/span><\/span><\/span><\/span><\/div>\n<div align=\"center\" style=\"font-weight: normal; line-height: 150%; margin-bottom: 0cm;\">\n<span style=\"color: black;\"><span style=\"font-family: Book Antiqua, serif;\"><span style=\"font-size: x-large;\">Gaudium<br \/>\net spes!  Ks. Jacek<\/span><\/span><\/span><\/div>\n<div align=\"justify\" style=\"line-height: 150%; margin-bottom: 0cm;\">\n<span style=\"font-size: x-large;\"><\/p>\n<p><\/span><\/div>\n<div align=\"justify\" style=\"line-height: 150%; margin-bottom: 0cm;\">\n<span style=\"color: black;\"><span style=\"font-family: Book Antiqua, serif;\"><span style=\"font-size: x-large;\"><b>Sobota<br \/>\n4 Tygodnia zwyk\u0142ego, rok I,<\/b><\/span><\/span><\/span><\/div>\n<div align=\"justify\" style=\"line-height: 150%; margin-bottom: 0cm;\">\n<span style=\"font-size: x-large;\"><span style=\"color: black;\"><span style=\"font-family: Book Antiqua, serif;\"><b>do<br \/>\nczyta\u0144:  <span style=\"font-variant: normal;\"><span style=\"letter-spacing: normal;\"><span style=\"font-style: normal;\">Hbr<br \/>\n13,15\u201317.20\u201321;<\/span><\/span><\/span>  <span style=\"font-variant: normal;\"><span style=\"letter-spacing: normal;\"><span style=\"font-style: normal;\">Mk<br \/>\n6,30\u201334<\/span><\/span><\/span> <\/b><\/span><\/span><br \/>\n<\/span><\/div>\n<div align=\"justify\" style=\"line-height: 150%; margin-bottom: 0cm;\">\n<span style=\"font-size: x-large;\"><\/p>\n<p><\/span><\/div>\n<div align=\"justify\" style=\"font-style: normal; font-variant: normal; letter-spacing: normal; line-height: 150%; margin-bottom: 0cm; page-break-before: auto;\">\n<span style=\"font-size: x-large;\"><span style=\"color: black;\"><span style=\"font-family: Book Antiqua, serif;\"><b>CZYTANIE<br \/>\nZ LISTU DO HEBRAJCZYK\u00d3W: <\/b><\/span><\/span><br \/>\n<\/span><\/div>\n<div align=\"justify\" style=\"background: transparent; line-height: 150%; margin-bottom: 0cm; page-break-before: auto; text-indent: 1.3cm;\">\n<span style=\"font-size: x-large;\"><span style=\"color: black;\"><span style=\"font-family: Book Antiqua, serif;\"><span style=\"font-variant: normal;\"><span style=\"letter-spacing: normal;\"><span style=\"font-style: normal;\"><b>Bracia:<br \/>\nPrzez Jezusa sk\u0142adajmy Bogu ofiar\u0119<\/b><\/span><\/span><\/span><span style=\"font-variant: normal;\"><span style=\"letter-spacing: normal;\"><span style=\"font-style: normal;\"><span style=\"font-weight: normal;\"><br \/>\n<\/span><\/span><\/span><\/span><span style=\"font-variant: normal;\"><span style=\"letter-spacing: normal;\"><span style=\"font-style: normal;\"><b>czci<br \/>\nustawicznie, to jest owoc warg, kt\u00f3re wyznaj\u0105 Jego imi\u0119. Nie<br \/>\nzapominajcie o dobroczynno\u015bci i wzajemnej wi\u0119zi, gdy\u017c cieszy si\u0119<br \/>\nB\u00f3g takimi ofiarami. <\/b><\/span><\/span><\/span><\/span><\/span><br \/>\n<\/span><\/div>\n<div align=\"justify\" style=\"background: transparent; font-style: normal; font-variant: normal; letter-spacing: normal; line-height: 150%; margin-bottom: 0cm; text-indent: 1.3cm;\">\n<span style=\"color: black;\"><span style=\"font-family: Book Antiqua, serif;\"><span style=\"font-size: x-large;\"><b>B\u0105d\u017acie<br \/>\npos\u0142uszni waszym prze\u0142o\u017conym i b\u0105d\u017acie im ulegli, poniewa\u017c oni<br \/>\nczuwaj\u0105 nad duszami waszymi i musz\u0105 zda\u0107 spraw\u0119 z tego. Niech to<br \/>\nczyni\u0105 z rado\u015bci\u0105, a nie ze smutkiem, bo to nie by\u0142oby dla was<br \/>\nkorzystne.<\/b><\/span><\/span><\/span><\/div>\n<div align=\"justify\" style=\"background: transparent; font-style: normal; font-variant: normal; letter-spacing: normal; line-height: 150%; margin-bottom: 0cm; text-indent: 1.3cm;\">\n<span style=\"color: black;\"><span style=\"font-family: Book Antiqua, serif;\"><span style=\"font-size: x-large;\"><b>B\u00f3g<br \/>\nza\u015b pokoju, kt\u00f3ry na mocy krwi przymierza wiecznego wywi\u00f3d\u0142<br \/>\nspomi\u0119dzy zmar\u0142ych Wielkiego Pasterza owiec, Pana naszego Jezusa,<br \/>\nniech was uzdolni do wszelkiego dobra, by\u015bcie czynili Jego wol\u0119,<br \/>\nsprawuj\u0105c w was, co mi\u0142e jest w oczach Jego, przez Jezusa<br \/>\nChrystusa, kt\u00f3remu chwa\u0142a na wieki wiek\u00f3w. Amen.<\/b><\/span><\/span><\/span><\/div>\n<div align=\"justify\" style=\"line-height: 150%; margin-bottom: 0cm;\">\n<span style=\"font-size: x-large;\"><\/p>\n<p><\/span><\/div>\n<div align=\"justify\" style=\"font-style: normal; font-variant: normal; letter-spacing: normal; line-height: 150%; margin-bottom: 0cm;\">\n<span style=\"font-size: x-large;\"><span style=\"color: black;\"><span style=\"font-family: Book Antiqua, serif;\"><b>S\u0141OWA<br \/>\nEWANGELII WED\u0141UG \u015aWI\u0118TEGO MARKA: <\/b><\/span><\/span><br \/>\n<\/span><\/div>\n<div align=\"justify\" style=\"background: transparent; font-style: normal; font-variant: normal; letter-spacing: normal; line-height: 150%; margin-bottom: 0cm; page-break-before: auto; text-indent: 1.3cm;\">\n<span style=\"color: black;\"><span style=\"font-family: Book Antiqua, serif;\"><span style=\"font-size: x-large;\"><b>Po<br \/>\nswojej pracy aposto\u0142owie zebrali si\u0119 u Jezusa i opowiedzieli Mu<br \/>\nwszystko, co zdzia\u0142ali i czego nauczali. A On rzek\u0142 do nich:<br \/>\n\u201eP\u00f3jd\u017acie wy sami osobno na miejsce pustynne i wypocznijcie<br \/>\nnieco\u201d. Tak wielu bowiem przychodzi\u0142o i odchodzi\u0142o, \u017ce nawet na<br \/>\nposi\u0142ek nie mieli czasu.<\/b><\/span><\/span><\/span><\/div>\n<div align=\"justify\" style=\"background: transparent; font-style: normal; font-variant: normal; letter-spacing: normal; line-height: 150%; margin-bottom: 0cm; text-indent: 1.3cm;\">\n<span style=\"color: black;\"><span style=\"font-family: Book Antiqua, serif;\"><span style=\"font-size: x-large;\"><b>Odp\u0142yn\u0119li<br \/>\nwi\u0119c \u0142odzi\u0105 na miejsce pustynne osobno. Lecz widziano ich<br \/>\nodp\u0142ywaj\u0105cych. Wielu zauwa\u017cy\u0142o to i zbiegli si\u0119 tam pieszo ze<br \/>\nwszystkich miast, a nawet ich uprzedzili.<\/b><\/span><\/span><\/span><\/div>\n<div align=\"justify\" style=\"background: transparent; font-style: normal; font-variant: normal; letter-spacing: normal; line-height: 150%; margin-bottom: 0cm; text-indent: 1.3cm;\">\n<span style=\"color: black;\"><span style=\"font-family: Book Antiqua, serif;\"><span style=\"font-size: x-large;\"><b>Gdy<br \/>\nJezus wysiad\u0142, ujrza\u0142 wielki t\u0142um i zdj\u0119\u0142a Go lito\u015b\u0107 nad nimi;<br \/>\nbyli bowiem jak owce nie maj\u0105ce pasterza. I zacz\u0105\u0142 ich naucza\u0107.<\/b><\/span><\/span><\/span><\/div>\n<div align=\"justify\" style=\"line-height: 150%; margin-bottom: 0cm;\">\n<span style=\"font-size: x-large;\"><\/p>\n<p><\/span><\/div>\n<div align=\"center\" style=\"background: transparent; font-style: normal; font-variant: normal; letter-spacing: normal; line-height: 150%; margin-bottom: 0cm; page-break-before: auto;\">\n<span style=\"color: black;\"><span style=\"font-family: Book Antiqua, serif;\"><span style=\"font-size: x-large;\"><b>A<br \/>\nOTO S\u0141\u00d3WKO JAKUBA:<\/b><\/span><\/span><\/span><\/div>\n<div align=\"justify\" style=\"background: transparent; font-style: normal; font-variant: normal; font-weight: normal; letter-spacing: normal; line-height: 150%; margin-bottom: 0cm; text-indent: 1.3cm;\">\n<span style=\"font-size: x-large;\"><\/p>\n<p><\/span><\/div>\n<div align=\"justify\" style=\"background: transparent; font-style: normal; font-variant: normal; font-weight: normal; letter-spacing: normal; line-height: 150%; margin-bottom: 0cm; text-indent: 1.3cm;\">\n<span style=\"color: black;\"><span style=\"font-family: Book Antiqua, serif;\"><span style=\"font-size: x-large;\">Dzisiaj<br \/>\nw tekstach liturgicznych widzimy, jak ogromn\u0105 rol\u0119 w \u017cyciu<br \/>\ncz\u0142owieka odgrywa pos\u0142usze\u0144stwo. W obecnych czasach, ludzie coraz<br \/>\nbardziej dbaj\u0105 o swoj\u0105 wygod\u0119, staraj\u0105 si\u0119 nie przepracowywa\u0107.<br \/>\nCo wi\u0119cej, sp\u0119dzaj\u0105 sw\u00f3j czas w spos\u00f3b jak najprzyjemniejszy z<br \/>\nmo\u017cliwych. I nic w tym dziwnego, gdy\u017c skoro B\u00f3g da\u0142 ludziom tak<br \/>\nwiele d\u00f3br i nie jest zaborczy (to jest pozwala kocha\u0107 innych i<br \/>\nzajmowa\u0107 si\u0119 r\u00f3\u017cnymi czynno\u015bciami z Nim bezpo\u015brednio<br \/>\nniezwi\u0105zanymi), to powinni si\u0119 nimi nacieszy\u0107 w pewnym sensie na<br \/>\nJego chwa\u0142\u0119, lecz nie za cen\u0119 odej\u015bcia od Przykaza\u0144 Bo\u017cych. To<br \/>\none wyznaczaj\u0105 nam drog\u0119 i pokazuj\u0105, jak ma \u017cy\u0107 cz\u0142owiek<br \/>\nzar\u00f3wno w I, jak i w XXI wieku.<\/span><\/span><\/span><\/div>\n<div align=\"justify\" style=\"background: transparent; line-height: 150%; margin-bottom: 0cm; text-indent: 1.3cm;\">\n<span style=\"font-size: x-large;\"><span style=\"color: black;\"><span style=\"font-family: Book Antiqua, serif;\"><span style=\"font-variant: normal;\"><span style=\"letter-spacing: normal;\"><span style=\"font-style: normal;\"><span style=\"font-weight: normal;\">W<br \/>\n<\/span><\/span><\/span><\/span><span style=\"font-variant: normal;\"><span style=\"letter-spacing: normal;\"><span style=\"font-style: normal;\"><span style=\"font-weight: normal;\">n<\/span><\/span><\/span><\/span><span style=\"font-variant: normal;\"><span style=\"letter-spacing: normal;\"><span style=\"font-style: normal;\"><span style=\"font-weight: normal;\">ich<br \/>\nw\u0142a\u015bnie zapisane jest (cytuj\u0105c Ksi\u0119g\u0119 Rodzaju): <\/span><\/span><\/span><\/span><span style=\"font-variant: normal;\"><span style=\"letter-spacing: normal;\"><i><b>Czcij<\/b><\/i><\/span><\/span><span style=\"font-variant: normal;\"><span style=\"letter-spacing: normal;\"><span style=\"font-style: normal;\"><span style=\"font-weight: normal;\"><br \/>\n<\/span><\/span><\/span><\/span><span style=\"font-variant: normal;\"><span style=\"letter-spacing: normal;\"><i><b>ojca<br \/>\ntwego i matk\u0119 twoj\u0105, aby\u015b d\u0142ugo \u017cy\u0142 na ziemi, kt\u00f3r\u0105 Pan, B\u00f3g<br \/>\ntw\u00f3j, da tobie.<\/b><\/i><\/span><\/span><span style=\"font-variant: normal;\"><span style=\"letter-spacing: normal;\"><span style=\"font-style: normal;\"><span style=\"font-weight: normal;\"><br \/>\n<\/span><\/span><\/span><\/span><span style=\"font-variant: normal;\"><span style=\"letter-spacing: normal;\"><span style=\"font-style: normal;\"><span style=\"font-weight: normal;\">Jak<br \/>\nmo\u017cemy przeczyta\u0107 w Katechizmie Ko\u015bcio\u0142a Katolickiego:<br \/>\n\u201e<\/span><\/span><\/span><\/span>Przykazanie to wskazuje i obejmuje<br \/>\nobowi\u0105zki rodzic\u00f3w, opiekun\u00f3w, nauczycieli, prze\u0142o\u017conych,<br \/>\nurz\u0119dnik\u00f3w pa\u0144stwowych, rz\u0105dz\u0105cych, wszystkich tych, kt\u00f3rzy<br \/>\nsprawuj\u0105 w\u0142adz\u0119 nad drugim cz\u0142owiekiem lub nad wsp\u00f3lnot\u0105 os\u00f3b\u201d.<br \/>\nTo oznacza ni mniej, ni wi\u0119cej, \u017ce musimy odnosi\u0107 si\u0119 do naszych<br \/>\nprze\u0142o\u017conych z szacunkiem. <\/span><\/span><br \/>\n<\/span><\/div>\n<div align=\"justify\" style=\"background: transparent; line-height: 150%; margin-bottom: 0cm; text-indent: 1.3cm;\">\n<span style=\"color: black;\"><span style=\"font-family: Book Antiqua, serif;\"><span style=\"font-size: x-large;\">I<br \/>\nmo\u017ce si\u0119 to wielu nie podoba\u0107, ale tak w\u0142a\u015bnie jest, \u017ce Pan<br \/>\nJezus wprowadzi\u0142 do swojego Ko\u015bcio\u0142a hierarchi\u0119, czyni\u0105c Piotra<br \/>\npierwszym papie\u017cem. W ten spos\u00f3b dzia\u0142a to i dzisiaj, a nawet<br \/>\nmo\u017cemy zauwa\u017cy\u0107, \u017ce ten system zostawa\u0142 ulepszany na tyle, \u017ce<br \/>\ndzi\u015b tak\u017ce prosperuje bez zarzutu.<\/span><\/span><\/span><\/div>\n<div align=\"justify\" style=\"background: transparent; line-height: 150%; margin-bottom: 0cm; text-indent: 1.3cm;\">\n<span style=\"font-size: x-large;\"><span style=\"color: black;\"><span style=\"font-family: Book Antiqua, serif;\">W<br \/>\nten sam spos\u00f3b winny wygl\u0105da\u0107 rodziny. W momencie, kiedy widzimy<br \/>\ndzieci tak strasznie rozpieszczane przez swoich rodzic\u00f3w lub<br \/>\ndoprowadzone do stanu, kiedy to nie s\u0105 zaradne \u017cyciowo, wini\u0107<br \/>\nnale\u017cy w\u0142a\u015bnie to z\u0142e podej\u015bcie do prze\u0142o\u017conego, kt\u00f3rym jest<br \/>\nrodzic. A teraz nasuwa si\u0119 pytanie, kto to powoduje? Dlaczego w<br \/>\ndzisiejszych czasach mamusie i tatusiowie nie budz\u0105 nijakiego<br \/>\nrespektu? <\/span><\/span><br \/>\n<\/span><\/div>\n<div align=\"justify\" style=\"background: transparent; line-height: 150%; margin-bottom: 0cm; text-indent: 1.3cm;\">\n<span style=\"color: black;\"><span style=\"font-family: Book Antiqua, serif;\"><span style=\"font-size: x-large;\">Odpowied\u017a<br \/>\njest banalnie prosta: sami doprowadzaj\u0105 do takiego stanu. Rodzice<br \/>\nwype\u0142niaj\u0105 to, co jest zapisane w Li\u015bcie do Hebrajczyk\u00f3w: <i><b>czuwaj\u0105<br \/>\nnad<\/b><\/i><b> [\u2026] <\/b><i><b>duszami,<\/b><\/i> lecz nie potrafi\u0105<br \/>\nukszta\u0142towa\u0107 u swoich dzieci postawy bycia \u201epos\u0142usznymi swoim<br \/>\nprze\u0142o\u017conym\u201d i bycia \u201eim uleg\u0142ymi\u201d. Ko\u0144czy si\u0119 to tym, \u017ce<br \/>\nrodzice trac\u0105 w\u0142adz\u0119 nad swoj\u0105 pociech\u0105 i \u2013 co gorsza \u2013 tym,<br \/>\n\u017ce m\u0142odzie\u017c zaczyna kroczy\u0107 z\u0142ymi \u015bcie\u017ckami.<\/span><\/span><\/span><\/div>\n<div align=\"justify\" style=\"background: transparent; line-height: 150%; margin-bottom: 0cm; text-indent: 1.3cm;\">\n<span style=\"font-size: x-large;\"><span style=\"color: black;\"><span style=\"font-family: Book Antiqua, serif;\">A<br \/>\nco z sytuacj\u0105, kiedy spe\u0142niamy wol\u0119 Pana Jezusa i stosujemy si\u0119<br \/>\ndo zasady hierarchiczno\u015bci? Odpowied\u017a na to pytanie znajdujemy w<br \/>\nEwangelii wed\u0142ug \u015bw. Marka, gdzie to uczniowie, po wykonaniu<br \/>\npolece\u0144 swojego Prz<span style=\"font-weight: normal;\">e\u0142o\u017conego,<br \/>\notrzymuj\u0105 od Niego czas wolny, kt\u00f3ry mog\u0105 przeznaczy\u0107 na<br \/>\nodpoczynek: <\/span><span style=\"font-variant: normal;\"><span style=\"letter-spacing: normal;\"><i><b>A<br \/>\nOn rzek\u0142 do nich: \u201eP\u00f3jd\u017acie wy sami osobno na miejsce pustynne i<br \/>\nwypocznijcie nieco\u201d. Tak wielu bowiem przychodzi\u0142o i odchodzi\u0142o,<br \/>\n\u017ce nawet na posi\u0142ek nie mieli czasu. <\/b><\/i><\/span><\/span><\/span><\/span><br \/>\n<\/span><\/div>\n<div align=\"justify\" style=\"background: transparent; line-height: 150%; margin-bottom: 0cm; text-indent: 1.3cm;\">\n<span style=\"color: black;\"><span style=\"font-family: Book Antiqua, serif;\"><span style=\"font-size: x-large;\"><span style=\"font-variant: normal;\"><span style=\"letter-spacing: normal;\"><span style=\"font-style: normal;\"><span style=\"font-weight: normal;\">I<br \/>\nmimo \u017ce Aposto\u0142om nie uda\u0142o si\u0119 w spokoju odpocz\u0105\u0107, to jednak<br \/>\noni, oddani zasadzie pos\u0142usze\u0144stwa, dalej pomagali Jezusowi. My te\u017c<br \/>\nmo\u017cemy liczy\u0107 na nagrod\u0119 za pos\u0142usze\u0144stwo, a mianowicie \u2013<\/span><\/span><\/span><\/span><span style=\"font-variant: normal;\"><span style=\"letter-spacing: normal;\"><span style=\"font-style: normal;\"><span style=\"font-weight: normal;\"><br \/>\n<\/span><\/span><\/span><\/span><span style=\"font-variant: normal;\"><span style=\"letter-spacing: normal;\"><span style=\"font-style: normal;\"><span style=\"font-weight: normal;\">na<br \/>\n\u017cycie wieczne.<\/span><\/span><\/span><\/span><\/span><\/span><\/span><\/div>\n<div align=\"justify\" style=\"background: transparent; line-height: 150%; margin-bottom: 0cm; text-indent: 1.3cm;\">\n<span style=\"color: black;\"><span style=\"font-family: Book Antiqua, serif;\"><span style=\"font-size: x-large;\"><span style=\"font-variant: normal;\"><span style=\"letter-spacing: normal;\"><span style=\"font-style: normal;\"><span style=\"font-weight: normal;\">Czy<br \/>\n<\/span><\/span><\/span><\/span><span style=\"font-variant: normal;\"><span style=\"letter-spacing: normal;\"><span style=\"font-style: normal;\"><span style=\"font-weight: normal;\">swoj\u0105<br \/>\npostaw\u0105 staram si\u0119 da\u0107 \u015bwiadectwo uczciwo\u015bci w przestrzeganiu<br \/>\npraw, ustanowionych przez Boga<\/span><\/span><\/span><\/span><span style=\"font-variant: normal;\"><span style=\"letter-spacing: normal;\"><span style=\"font-style: normal;\"><span style=\"font-weight: normal;\">?<br \/>\n<\/span><\/span><\/span><\/span><span style=\"font-variant: normal;\"><span style=\"letter-spacing: normal;\"><span style=\"font-style: normal;\"><span style=\"font-weight: normal;\">Jak<br \/>\nw praktyce realizuj\u0119 zasad\u0119 pos\u0142usze\u0144stwa<\/span><\/span><\/span><\/span><span style=\"font-variant: normal;\"><span style=\"letter-spacing: normal;\"><span style=\"font-style: normal;\"><span style=\"font-weight: normal;\"><br \/>\npos\u0142usze\u0144stwa? Czy pami\u0119tam o IV Przykazaniu Bo\u017cym?  Czy walcz\u0119<br \/>\nwci\u0105\u017c o moje miejsce w mie\u015bcie wieczno\u015bci?<\/span><\/span><\/span><\/span><\/span><\/span><\/span><\/div>\n","protected":false},"excerpt":{"rendered":"<p>Szcz\u0119\u015b\u0107 Bo\u017ce! Moi Drodzy, w dniu wczorajszym urodziny prze\u017cywa\u0142a Urszula Wasilewska, moja Kole\u017canka jeszcze lat dzieci\u0144stwa, do\u015bwiadczona przez Pana krzy\u017cem niepe\u0142nosprawno\u015bci, ale przez to \u2013 tak g\u0142\u0119boko i m\u0105drze patrz\u0105ca na \u017cycie. Dzi\u0119kuj\u0119 Uli za \u015bwiadectwo wiary i \u017cyciowej m\u0105dro\u015bci, oraz za nasze d\u0142ugie i g\u0142\u0119bokie rozmowy. Dzi\u0119kuj\u0119 tak\u017ce za \u017cyczliwo\u015b\u0107 i modlitewne wsparcie, jakiego [&hellip;]<\/p>\n","protected":false},"author":1,"featured_media":0,"comment_status":"open","ping_status":"open","sticky":false,"template":"","format":"standard","meta":{"jetpack_post_was_ever_published":false,"_jetpack_newsletter_access":"","_jetpack_dont_email_post_to_subs":false,"_jetpack_newsletter_tier_id":0,"_jetpack_memberships_contains_paywalled_content":false,"_jetpack_memberships_contains_paid_content":false,"footnotes":""},"categories":[1],"tags":[],"class_list":["post-14697","post","type-post","status-publish","format-standard","hentry","category-bez-kategorii"],"yoast_head":"<!-- This site is optimized with the Yoast SEO plugin v25.1 - https:\/\/yoast.com\/wordpress\/plugins\/seo\/ -->\n<title>B\u0105d\u017acie pos\u0142uszni... - Gaudium Et Spes<\/title>\n<meta name=\"robots\" content=\"index, follow, max-snippet:-1, max-image-preview:large, max-video-preview:-1\" \/>\n<link rel=\"canonical\" href=\"https:\/\/gaudiumetspes-blog.pl\/index.php\/2019\/02\/09\/badzcie-posuszni\/\" \/>\n<meta property=\"og:locale\" content=\"pl_PL\" \/>\n<meta property=\"og:type\" content=\"article\" \/>\n<meta property=\"og:title\" content=\"B\u0105d\u017acie pos\u0142uszni... - Gaudium Et Spes\" \/>\n<meta property=\"og:description\" content=\"Szcz\u0119\u015b\u0107 Bo\u017ce! Moi Drodzy, w dniu wczorajszym urodziny prze\u017cywa\u0142a Urszula Wasilewska, moja Kole\u017canka jeszcze lat dzieci\u0144stwa, do\u015bwiadczona przez Pana krzy\u017cem niepe\u0142nosprawno\u015bci, ale przez to \u2013 tak g\u0142\u0119boko i m\u0105drze patrz\u0105ca na \u017cycie. Dzi\u0119kuj\u0119 Uli za \u015bwiadectwo wiary i \u017cyciowej m\u0105dro\u015bci, oraz za nasze d\u0142ugie i g\u0142\u0119bokie rozmowy. Dzi\u0119kuj\u0119 tak\u017ce za \u017cyczliwo\u015b\u0107 i modlitewne wsparcie, jakiego [&hellip;]\" \/>\n<meta property=\"og:url\" content=\"https:\/\/gaudiumetspes-blog.pl\/index.php\/2019\/02\/09\/badzcie-posuszni\/\" \/>\n<meta property=\"og:site_name\" content=\"Gaudium Et Spes\" \/>\n<meta property=\"article:published_time\" content=\"2019-02-09T05:14:00+00:00\" \/>\n<meta property=\"article:modified_time\" content=\"2019-07-31T10:59:37+00:00\" \/>\n<meta name=\"author\" content=\"Ks. Jacek\" \/>\n<meta name=\"twitter:card\" content=\"summary_large_image\" \/>\n<meta name=\"twitter:label1\" content=\"Napisane przez\" \/>\n\t<meta name=\"twitter:data1\" content=\"Ks. Jacek\" \/>\n\t<meta name=\"twitter:label2\" content=\"Szacowany czas czytania\" \/>\n\t<meta name=\"twitter:data2\" content=\"6 minut\" \/>\n<script type=\"application\/ld+json\" class=\"yoast-schema-graph\">{\"@context\":\"https:\/\/schema.org\",\"@graph\":[{\"@type\":\"WebPage\",\"@id\":\"https:\/\/gaudiumetspes-blog.pl\/index.php\/2019\/02\/09\/badzcie-posuszni\/\",\"url\":\"https:\/\/gaudiumetspes-blog.pl\/index.php\/2019\/02\/09\/badzcie-posuszni\/\",\"name\":\"B\u0105d\u017acie pos\u0142uszni... - Gaudium Et Spes\",\"isPartOf\":{\"@id\":\"https:\/\/gaudiumetspes-blog.pl\/#website\"},\"datePublished\":\"2019-02-09T05:14:00+00:00\",\"dateModified\":\"2019-07-31T10:59:37+00:00\",\"author\":{\"@id\":\"https:\/\/gaudiumetspes-blog.pl\/#\/schema\/person\/1661982992b752dea8dff0d4ed845a65\"},\"breadcrumb\":{\"@id\":\"https:\/\/gaudiumetspes-blog.pl\/index.php\/2019\/02\/09\/badzcie-posuszni\/#breadcrumb\"},\"inLanguage\":\"pl-PL\",\"potentialAction\":[{\"@type\":\"ReadAction\",\"target\":[\"https:\/\/gaudiumetspes-blog.pl\/index.php\/2019\/02\/09\/badzcie-posuszni\/\"]}]},{\"@type\":\"BreadcrumbList\",\"@id\":\"https:\/\/gaudiumetspes-blog.pl\/index.php\/2019\/02\/09\/badzcie-posuszni\/#breadcrumb\",\"itemListElement\":[{\"@type\":\"ListItem\",\"position\":1,\"name\":\"Strona g\u0142\u00f3wna\",\"item\":\"https:\/\/gaudiumetspes-blog.pl\/\"},{\"@type\":\"ListItem\",\"position\":2,\"name\":\"B\u0105d\u017acie pos\u0142uszni&#8230;\"}]},{\"@type\":\"WebSite\",\"@id\":\"https:\/\/gaudiumetspes-blog.pl\/#website\",\"url\":\"https:\/\/gaudiumetspes-blog.pl\/\",\"name\":\"Gaudium Et Spes\",\"description\":\"Blog Ks. Jacka Ja\u015bkowskiego\",\"potentialAction\":[{\"@type\":\"SearchAction\",\"target\":{\"@type\":\"EntryPoint\",\"urlTemplate\":\"https:\/\/gaudiumetspes-blog.pl\/?s={search_term_string}\"},\"query-input\":{\"@type\":\"PropertyValueSpecification\",\"valueRequired\":true,\"valueName\":\"search_term_string\"}}],\"inLanguage\":\"pl-PL\"},{\"@type\":\"Person\",\"@id\":\"https:\/\/gaudiumetspes-blog.pl\/#\/schema\/person\/1661982992b752dea8dff0d4ed845a65\",\"name\":\"Ks. Jacek\",\"image\":{\"@type\":\"ImageObject\",\"inLanguage\":\"pl-PL\",\"@id\":\"https:\/\/gaudiumetspes-blog.pl\/#\/schema\/person\/image\/\",\"url\":\"https:\/\/gaudiumetspes-blog.pl\/wp-content\/uploads\/2019\/07\/avatar-JJ-150x150.jpg\",\"contentUrl\":\"https:\/\/gaudiumetspes-blog.pl\/wp-content\/uploads\/2019\/07\/avatar-JJ-150x150.jpg\",\"caption\":\"Ks. Jacek\"},\"description\":\"Witam serdecznie! K\u0142ania si\u0119 Ks. Jacek Ja\u015bkowski. Nie jestem ani kim\u015b wa\u017cnym, ani kim\u015b znanym. Jestem ksi\u0119dzem, kt\u00f3ry po prostu chce rozmawia\u0107. Codzienna kap\u0142a\u0144ska pos\u0142uga pokazuje mi, \u017ce temat\u00f3w do rozm\u00f3w z ksi\u0119dzem jest coraz wi\u0119cej i dzisiaj \u017caden ksi\u0105dz nie mo\u017ce od nich ucieka\u0107, ale - wprost przeciwnie - podejmowa\u0107 nowe wyzwania. To przekonanie sk\u0142oni\u0142o mnie do pr\u00f3by otwarcia tego\u017c bloga, chocia\u017c okazji do rozm\u00f3w na co dzie\u0144 - w konfesjonale i poza nim - na szcz\u0119\u015bcie nie brakuje. My\u015bl\u0119 jednak, \u017ce ten blog b\u0119dzie jeszcze jednym sposobem i przestrzeni\u0105 nawi\u0105zania kontaktu z lud\u017ami dobrej woli, otwartymi na dialog.\",\"url\":\"https:\/\/gaudiumetspes-blog.pl\/index.php\/author\/ks-jacek\/\"}]}<\/script>\n<!-- \/ Yoast SEO plugin. -->","yoast_head_json":{"title":"B\u0105d\u017acie pos\u0142uszni... - Gaudium Et Spes","robots":{"index":"index","follow":"follow","max-snippet":"max-snippet:-1","max-image-preview":"max-image-preview:large","max-video-preview":"max-video-preview:-1"},"canonical":"https:\/\/gaudiumetspes-blog.pl\/index.php\/2019\/02\/09\/badzcie-posuszni\/","og_locale":"pl_PL","og_type":"article","og_title":"B\u0105d\u017acie pos\u0142uszni... - Gaudium Et Spes","og_description":"Szcz\u0119\u015b\u0107 Bo\u017ce! Moi Drodzy, w dniu wczorajszym urodziny prze\u017cywa\u0142a Urszula Wasilewska, moja Kole\u017canka jeszcze lat dzieci\u0144stwa, do\u015bwiadczona przez Pana krzy\u017cem niepe\u0142nosprawno\u015bci, ale przez to \u2013 tak g\u0142\u0119boko i m\u0105drze patrz\u0105ca na \u017cycie. Dzi\u0119kuj\u0119 Uli za \u015bwiadectwo wiary i \u017cyciowej m\u0105dro\u015bci, oraz za nasze d\u0142ugie i g\u0142\u0119bokie rozmowy. Dzi\u0119kuj\u0119 tak\u017ce za \u017cyczliwo\u015b\u0107 i modlitewne wsparcie, jakiego [&hellip;]","og_url":"https:\/\/gaudiumetspes-blog.pl\/index.php\/2019\/02\/09\/badzcie-posuszni\/","og_site_name":"Gaudium Et Spes","article_published_time":"2019-02-09T05:14:00+00:00","article_modified_time":"2019-07-31T10:59:37+00:00","author":"Ks. Jacek","twitter_card":"summary_large_image","twitter_misc":{"Napisane przez":"Ks. Jacek","Szacowany czas czytania":"6 minut"},"schema":{"@context":"https:\/\/schema.org","@graph":[{"@type":"WebPage","@id":"https:\/\/gaudiumetspes-blog.pl\/index.php\/2019\/02\/09\/badzcie-posuszni\/","url":"https:\/\/gaudiumetspes-blog.pl\/index.php\/2019\/02\/09\/badzcie-posuszni\/","name":"B\u0105d\u017acie pos\u0142uszni... - Gaudium Et Spes","isPartOf":{"@id":"https:\/\/gaudiumetspes-blog.pl\/#website"},"datePublished":"2019-02-09T05:14:00+00:00","dateModified":"2019-07-31T10:59:37+00:00","author":{"@id":"https:\/\/gaudiumetspes-blog.pl\/#\/schema\/person\/1661982992b752dea8dff0d4ed845a65"},"breadcrumb":{"@id":"https:\/\/gaudiumetspes-blog.pl\/index.php\/2019\/02\/09\/badzcie-posuszni\/#breadcrumb"},"inLanguage":"pl-PL","potentialAction":[{"@type":"ReadAction","target":["https:\/\/gaudiumetspes-blog.pl\/index.php\/2019\/02\/09\/badzcie-posuszni\/"]}]},{"@type":"BreadcrumbList","@id":"https:\/\/gaudiumetspes-blog.pl\/index.php\/2019\/02\/09\/badzcie-posuszni\/#breadcrumb","itemListElement":[{"@type":"ListItem","position":1,"name":"Strona g\u0142\u00f3wna","item":"https:\/\/gaudiumetspes-blog.pl\/"},{"@type":"ListItem","position":2,"name":"B\u0105d\u017acie pos\u0142uszni&#8230;"}]},{"@type":"WebSite","@id":"https:\/\/gaudiumetspes-blog.pl\/#website","url":"https:\/\/gaudiumetspes-blog.pl\/","name":"Gaudium Et Spes","description":"Blog Ks. Jacka Ja\u015bkowskiego","potentialAction":[{"@type":"SearchAction","target":{"@type":"EntryPoint","urlTemplate":"https:\/\/gaudiumetspes-blog.pl\/?s={search_term_string}"},"query-input":{"@type":"PropertyValueSpecification","valueRequired":true,"valueName":"search_term_string"}}],"inLanguage":"pl-PL"},{"@type":"Person","@id":"https:\/\/gaudiumetspes-blog.pl\/#\/schema\/person\/1661982992b752dea8dff0d4ed845a65","name":"Ks. Jacek","image":{"@type":"ImageObject","inLanguage":"pl-PL","@id":"https:\/\/gaudiumetspes-blog.pl\/#\/schema\/person\/image\/","url":"https:\/\/gaudiumetspes-blog.pl\/wp-content\/uploads\/2019\/07\/avatar-JJ-150x150.jpg","contentUrl":"https:\/\/gaudiumetspes-blog.pl\/wp-content\/uploads\/2019\/07\/avatar-JJ-150x150.jpg","caption":"Ks. Jacek"},"description":"Witam serdecznie! K\u0142ania si\u0119 Ks. Jacek Ja\u015bkowski. Nie jestem ani kim\u015b wa\u017cnym, ani kim\u015b znanym. Jestem ksi\u0119dzem, kt\u00f3ry po prostu chce rozmawia\u0107. Codzienna kap\u0142a\u0144ska pos\u0142uga pokazuje mi, \u017ce temat\u00f3w do rozm\u00f3w z ksi\u0119dzem jest coraz wi\u0119cej i dzisiaj \u017caden ksi\u0105dz nie mo\u017ce od nich ucieka\u0107, ale - wprost przeciwnie - podejmowa\u0107 nowe wyzwania. To przekonanie sk\u0142oni\u0142o mnie do pr\u00f3by otwarcia tego\u017c bloga, chocia\u017c okazji do rozm\u00f3w na co dzie\u0144 - w konfesjonale i poza nim - na szcz\u0119\u015bcie nie brakuje. My\u015bl\u0119 jednak, \u017ce ten blog b\u0119dzie jeszcze jednym sposobem i przestrzeni\u0105 nawi\u0105zania kontaktu z lud\u017ami dobrej woli, otwartymi na dialog.","url":"https:\/\/gaudiumetspes-blog.pl\/index.php\/author\/ks-jacek\/"}]}},"jetpack_featured_media_url":"","jetpack_sharing_enabled":true,"_links":{"self":[{"href":"https:\/\/gaudiumetspes-blog.pl\/index.php\/wp-json\/wp\/v2\/posts\/14697","targetHints":{"allow":["GET"]}}],"collection":[{"href":"https:\/\/gaudiumetspes-blog.pl\/index.php\/wp-json\/wp\/v2\/posts"}],"about":[{"href":"https:\/\/gaudiumetspes-blog.pl\/index.php\/wp-json\/wp\/v2\/types\/post"}],"author":[{"embeddable":true,"href":"https:\/\/gaudiumetspes-blog.pl\/index.php\/wp-json\/wp\/v2\/users\/1"}],"replies":[{"embeddable":true,"href":"https:\/\/gaudiumetspes-blog.pl\/index.php\/wp-json\/wp\/v2\/comments?post=14697"}],"version-history":[{"count":1,"href":"https:\/\/gaudiumetspes-blog.pl\/index.php\/wp-json\/wp\/v2\/posts\/14697\/revisions"}],"predecessor-version":[{"id":14944,"href":"https:\/\/gaudiumetspes-blog.pl\/index.php\/wp-json\/wp\/v2\/posts\/14697\/revisions\/14944"}],"wp:attachment":[{"href":"https:\/\/gaudiumetspes-blog.pl\/index.php\/wp-json\/wp\/v2\/media?parent=14697"}],"wp:term":[{"taxonomy":"category","embeddable":true,"href":"https:\/\/gaudiumetspes-blog.pl\/index.php\/wp-json\/wp\/v2\/categories?post=14697"},{"taxonomy":"post_tag","embeddable":true,"href":"https:\/\/gaudiumetspes-blog.pl\/index.php\/wp-json\/wp\/v2\/tags?post=14697"}],"curies":[{"name":"wp","href":"https:\/\/api.w.org\/{rel}","templated":true}]}}