{"id":14699,"date":"2019-02-07T05:53:00","date_gmt":"2019-02-07T04:53:00","guid":{"rendered":"https:\/\/gaudiumetspes-blog.pl\/index.php\/2019\/02\/07\/czy-boga-trzeba-sie-bac\/"},"modified":"2019-07-31T12:59:29","modified_gmt":"2019-07-31T10:59:29","slug":"czy-boga-trzeba-sie-bac","status":"publish","type":"post","link":"https:\/\/gaudiumetspes-blog.pl\/index.php\/2019\/02\/07\/czy-boga-trzeba-sie-bac\/","title":{"rendered":"Czy Boga trzeba si\u0119 ba\u0107?&#8230;"},"content":{"rendered":"<p><\/p>\n<div align=\"justify\" style=\"font-weight: normal; line-height: 150%; margin-bottom: 0cm;\">\n<span style=\"color: black;\"><span style=\"font-family: Book Antiqua, serif;\"><span style=\"font-size: x-large;\">Szcz\u0119\u015b\u0107<br \/>\nBo\u017ce! Moi Drodzy, serdecznie pozdrawiamy Was \u2013 ca\u0142\u0105 nasz\u0105 Ekip\u0105<br \/>\n\u2013 ze Szklarskiej Por\u0119by i zapewniamy o modlitwie. Pogod\u0119 mamy<br \/>\nwymarzon\u0105, \u015bniegu du\u017co, ale nowy nie pada. Atmosfera rewelacyjna!<\/span><\/span><\/span><\/div>\n<div align=\"justify\" style=\"background: transparent; font-weight: normal; line-height: 150%; margin-bottom: 0cm; page-break-before: auto; text-indent: 1.3cm;\">\n<span style=\"color: black;\"><span style=\"font-family: Book Antiqua, serif;\"><span style=\"font-size: x-large;\">Dobrego<br \/>\ndnia \u017cyczymy Wszystkim \u201eferiuj\u0105cym\u201d i Wszystkim pracuj\u0105cym!<\/span><\/span><\/span><\/div>\n<div align=\"justify\" style=\"background: transparent; font-weight: normal; line-height: 150%; margin-bottom: 0cm; page-break-before: auto; text-indent: 1.3cm;\">\n<span style=\"color: black;\"><span style=\"font-family: Book Antiqua, serif;\"><span style=\"font-size: x-large;\">Pami\u0119tajcie,<br \/>\n\u017ce dzisiaj \u2013 pierwszy czwartek miesi\u0105ca.<\/span><\/span><\/span><\/div>\n<div align=\"center\" style=\"font-weight: normal; line-height: 150%; margin-bottom: 0cm;\">\n<span style=\"color: black;\"><span style=\"font-family: Book Antiqua, serif;\"><span style=\"font-size: x-large;\">Gaudium<br \/>\net spes!  Ks. Jacek<\/span><\/span><\/span><\/div>\n<div align=\"justify\" style=\"line-height: 150%; margin-bottom: 0cm;\">\n<span style=\"font-size: x-large;\"><\/p>\n<p><\/span><\/div>\n<div align=\"justify\" style=\"line-height: 150%; margin-bottom: 0cm;\">\n<span style=\"color: black;\"><span style=\"font-family: Book Antiqua, serif;\"><span style=\"font-size: x-large;\"><b>Czwartek<br \/>\n4 Tygodnia zwyk\u0142ego, rok I,<\/b><\/span><\/span><\/span><\/div>\n<div align=\"justify\" style=\"line-height: 150%; margin-bottom: 0cm;\">\n<span style=\"font-size: x-large;\"><span style=\"color: black;\"><b><span style=\"font-family: Book Antiqua, serif;\">do<br \/>\nczyta\u0144:  <\/span><span style=\"font-variant: normal;\"><span style=\"font-family: Book Antiqua, serif;\"><span style=\"letter-spacing: normal;\"><span style=\"font-style: normal;\">Hbr<br \/>\n12,18\u201319.21\u201324;<\/span><\/span><\/span><\/span><span style=\"font-family: Book Antiqua, serif;\"><br \/>\n <\/span><span style=\"font-variant: normal;\"><span style=\"font-family: Book Antiqua, serif;\"><span style=\"letter-spacing: normal;\"><span style=\"font-style: normal;\">Mk<br \/>\n6,7\u2013<\/span><\/span><\/span><\/span><span style=\"font-variant: normal;\"><span style=\"font-family: Book Antiqua, serif;\"><span style=\"letter-spacing: normal;\"><span style=\"font-style: normal;\">1<\/span><\/span><\/span><\/span><span style=\"font-variant: normal;\"><span style=\"font-family: Book Antiqua, serif;\"><span style=\"letter-spacing: normal;\"><span style=\"font-style: normal;\">3<\/span><\/span><\/span><\/span><span style=\"font-family: Book Antiqua, serif;\"><br \/>\n<\/span><\/b><\/span><br \/>\n<\/span><\/div>\n<div align=\"justify\" style=\"line-height: 150%; margin-bottom: 0cm;\">\n<span style=\"font-size: x-large;\"><\/p>\n<p><\/span><\/div>\n<div align=\"justify\" style=\"line-height: 150%; margin-bottom: 0cm; page-break-before: auto;\">\n<span style=\"color: black;\"><span style=\"font-family: Book Antiqua, serif;\"><span style=\"font-size: x-large;\"><b><span style=\"font-variant: normal;\"><span style=\"letter-spacing: normal;\"><span style=\"font-style: normal;\">CZYTANIE<br \/>\nZ LISTU DO HEBRAJCZYK\u00d3W<\/span><\/span><\/span><span style=\"font-variant: normal;\"><span style=\"letter-spacing: normal;\"><span style=\"font-style: normal;\">:<\/span><\/span><\/span><\/b><\/span><\/span><\/span><\/div>\n<div align=\"justify\" style=\"background: transparent; font-style: normal; font-variant: normal; letter-spacing: normal; line-height: 150%; margin-bottom: 0cm; page-break-before: auto; text-indent: 1.3cm;\">\n<span style=\"color: black;\"><span style=\"font-family: Book Antiqua, serif;\"><span style=\"font-size: x-large;\"><b>Bracia:<br \/>\nNie przyst\u0105pili\u015bcie do dotykalnego i p\u0142on\u0105cego ognia, do mg\u0142y,<br \/>\ndo ciemno\u015bci i burzy ani te\u017c do grzmi\u0105cych tr\u0105b i do takiego<br \/>\nd\u017awi\u0119ku s\u0142\u00f3w, i\u017c wszyscy, kt\u00f3rzy go s\u0142yszeli, prosili, aby do<br \/>\nnich nie m\u00f3wi\u0142. A tak straszne by\u0142o to zjawisko, i\u017c Moj\u017cesz<br \/>\npowiedzia\u0142: \u201ePrzera\u017cony jestem i dr\u017c\u0119\u201d.<\/b><\/span><\/span><\/span><\/div>\n<div align=\"justify\" style=\"background: transparent; font-style: normal; font-variant: normal; letter-spacing: normal; line-height: 150%; margin-bottom: 0cm; text-indent: 1.3cm;\">\n<span style=\"color: black;\"><span style=\"font-family: Book Antiqua, serif;\"><span style=\"font-size: x-large;\"><b>Wy<br \/>\nnatomiast przyst\u0105pili\u015bcie do g\u00f3ry Syjon, do miasta Boga \u017cyj\u0105cego,<br \/>\nJeruzalem niebieskiego, do niezliczonej liczby anio\u0142\u00f3w, na<br \/>\nuroczyste zebranie, do Ko\u015bcio\u0142a pierworodnych, kt\u00f3rzy s\u0105 zapisani<br \/>\nw niebiosach, do Boga, kt\u00f3ry s\u0105dzi wszystkich, do duch\u00f3w<br \/>\nsprawiedliwych, kt\u00f3re ju\u017c dosz\u0142y do celu, do po\u015brednika Nowego<br \/>\nTestamentu \u2013 Jezusa, do pokropienia krwi\u0105, kt\u00f3ra przemawia<br \/>\nmocniej ni\u017c krew Abla.<\/b><\/span><\/span><\/span><\/div>\n<div align=\"justify\" style=\"line-height: 150%; margin-bottom: 0cm;\">\n<span style=\"font-size: x-large;\"><\/p>\n<p><\/span><\/div>\n<div align=\"justify\" style=\"line-height: 150%; margin-bottom: 0cm;\">\n<span style=\"color: black;\"><span style=\"font-family: Book Antiqua, serif;\"><span style=\"font-size: x-large;\"><b><span style=\"font-variant: normal;\"><span style=\"letter-spacing: normal;\"><span style=\"font-style: normal;\">S\u0141OWA<br \/>\nEWANGELII WED\u0141UG \u015aW<\/span><\/span><\/span><span style=\"font-variant: normal;\"><span style=\"letter-spacing: normal;\"><span style=\"font-style: normal;\">I\u0118TEGO<\/span><\/span><\/span><span style=\"font-variant: normal;\"><span style=\"letter-spacing: normal;\"><span style=\"font-style: normal;\"><br \/>\nMARKA:<\/span><\/span><\/span><\/b><\/span><\/span><\/span><\/div>\n<div align=\"justify\" style=\"background: transparent; font-style: normal; font-variant: normal; letter-spacing: normal; line-height: 150%; margin-bottom: 0cm; page-break-before: auto; text-indent: 1.3cm;\">\n<span style=\"font-size: x-large;\"><span style=\"color: black;\"><span style=\"font-family: Book Antiqua, serif;\"><b>Jezus<br \/>\nprzywo\u0142a\u0142 do siebie Dwunastu i zacz\u0105\u0142 rozsy\u0142a\u0107 ich po dw\u00f3ch.<br \/>\nDa\u0142 im te\u017c w\u0142adz\u0119 nad duchami nieczystymi. <\/b><\/span><\/span><br \/>\n<\/span><\/div>\n<div align=\"justify\" style=\"background: transparent; font-style: normal; font-variant: normal; letter-spacing: normal; line-height: 150%; margin-bottom: 0cm; text-indent: 1.3cm;\">\n<span style=\"color: black;\"><span style=\"font-family: Book Antiqua, serif;\"><span style=\"font-size: x-large;\"><b>I<br \/>\nprzykaza\u0142 im, \u017ceby nic z sob\u0105 nie brali na drog\u0119 pr\u00f3cz laski:<br \/>\nani chleba, ani torby, ani pieni\u0119dzy w trzosie. \u201eAle id\u017acie obuci<br \/>\nw sanda\u0142y i nie wdziewajcie dw\u00f3ch sukien\u201d.<\/b><\/span><\/span><\/span><\/div>\n<div align=\"justify\" style=\"background: transparent; font-style: normal; font-variant: normal; letter-spacing: normal; line-height: 150%; margin-bottom: 0cm; text-indent: 1.3cm;\">\n<span style=\"color: black;\"><span style=\"font-family: Book Antiqua, serif;\"><span style=\"font-size: x-large;\"><b>I<br \/>\nm\u00f3wi\u0142 do nich: \u201eGdy do jakiego domu wejdziecie, zosta\u0144cie tam,<br \/>\na\u017c stamt\u0105d wyjdziecie. Je\u015bli w jakim miejscu was nie przyjm\u0105 i<br \/>\nnie b\u0119d\u0105 was s\u0142ucha\u0107, wychodz\u0105c stamt\u0105d strz\u0105\u015bnijcie proch z<br \/>\nn\u00f3g waszych na \u015bwiadectwo dla nich\u201d.<\/b><\/span><\/span><\/span><\/div>\n<div align=\"justify\" style=\"background: transparent; font-style: normal; font-variant: normal; letter-spacing: normal; line-height: 150%; margin-bottom: 0cm; text-indent: 1.3cm;\">\n<span style=\"color: black;\"><span style=\"font-family: Book Antiqua, serif;\"><span style=\"font-size: x-large;\"><b>Oni<br \/>\nwi\u0119c wyszli i wzywali do nawr\u00f3cenia. Wyrzucali te\u017c wiele z\u0142ych<br \/>\nduch\u00f3w oraz wielu chorych namaszczali olejem i uzdrawiali.<\/b><\/span><\/span><\/span><\/div>\n<div align=\"justify\" style=\"line-height: 150%; margin-bottom: 0cm;\">\n<span style=\"font-size: x-large;\"><\/p>\n<p><\/span><\/div>\n<div align=\"justify\" style=\"background: transparent; font-style: normal; font-variant: normal; font-weight: normal; letter-spacing: normal; line-height: 150%; margin-bottom: 0cm; page-break-before: auto; text-indent: 1.3cm;\">\n<span style=\"font-size: x-large;\"><span style=\"color: black;\"><span style=\"font-family: Book Antiqua, serif;\">Pierwsze<br \/>\ndzisiejsze czytanie wyra\u017anie <b>dzieli si\u0119 na dwie cz\u0119\u015bci:<\/b><br \/>\npierwsza odnosi si\u0119 do Starego Testamentu, a druga \u2013 do Nowego.<br \/>\nJak s\u0142yszeli\u015bmy, to pierwsze Przymierze charakteryzowa\u0142o si\u0119 tym,<br \/>\n\u017ce B\u00f3g, kiedy przemawia\u0142 do cz\u0142owieka, postrzegany by\u0142 <b>jako<br \/>\nkto\u015b nieosi\u0105galny, <\/b>pot\u0119\u017cny, pe\u0142en majestatu, <b>napawaj\u0105cy<br \/>\nstrachem <\/b>i m\u00f3wi\u0105cy takim g\u0142osem, <i><b>i\u017c wszyscy, kt\u00f3rzy go<br \/>\ns\u0142yszeli, prosili, aby do nich nie m\u00f3wi\u0142.<\/b><\/i> <\/span><\/span><br \/>\n<\/span><\/div>\n<div align=\"justify\" style=\"background: transparent; font-style: normal; font-variant: normal; font-weight: normal; letter-spacing: normal; line-height: 150%; margin-bottom: 0cm; text-indent: 1.3cm;\">\n<span style=\"font-size: x-large;\"><span style=\"color: black;\"><span style=\"font-family: Book Antiqua, serif;\">I<br \/>\nchocia\u017c akurat Moj\u017cesz wst\u0119powa\u0142 na g\u00f3r\u0119 i <b>rozmawia\u0142 z<br \/>\nBogiem w imieniu swego ludu,<\/b> bo nikt inny nie mia\u0142 odwagi tego<br \/>\nuczyni\u0107, to jednak Autor Listu do Hebrajczyk\u00f3w przekonuje nas, \u017ce<br \/>\nnawet on, Moj\u017cesz, w kt\u00f3rym\u015b momencie mia\u0142 powiedzie\u0107:<br \/>\n<i><b>Przera\u017cony jestem i dr\u017c\u0119.<\/b><\/i><i> <\/i><\/span><\/span><br \/>\n<\/span><\/div>\n<div align=\"justify\" style=\"background: transparent; font-style: normal; font-variant: normal; font-weight: normal; letter-spacing: normal; line-height: 150%; margin-bottom: 0cm; text-indent: 1.3cm;\">\n<span style=\"font-size: x-large;\"><span style=\"color: black;\"><span style=\"font-family: Book Antiqua, serif;\">Oczywi\u015bcie,<br \/>\npomimo tego wszystkiego, <b>B\u00f3g kontaktowa\u0142 si\u0119 z cz\u0142owiekiem,<\/b><br \/>\nobjawia\u0142 mu swoj\u0105 wol\u0119 i dokonywa\u0142 w jego historii dzie\u0142<br \/>\nwielkich i znamiennych, ale \u00f3w <b>ogromny i niewyobra\u017calny dystans,<\/b><br \/>\njaki zawsze istnieje pomi\u0119dzy Bogiem a cz\u0142owiekiem, by\u0142 wyra\u017anie<br \/>\npodkre\u015blany. <\/span><\/span><br \/>\n<\/span><\/div>\n<div align=\"justify\" style=\"background: transparent; font-style: normal; font-variant: normal; font-weight: normal; letter-spacing: normal; line-height: 150%; margin-bottom: 0cm; text-indent: 1.3cm;\">\n<span style=\"color: black;\"><span style=\"font-family: Book Antiqua, serif;\"><span style=\"font-size: x-large;\">Natomiast<br \/>\nw Nowym Przymierzu B\u00f3g <b>ten<\/b><b> dystans bardzo skr\u00f3ci\u0142.<br \/>\nBardzo! <\/b>W spos\u00f3b niemo\u017cliwy wr\u0119cz do wyra\u017cenia! I chocia\u017c \u2013<br \/>\ncharakteryzuj\u0105c t\u0119 now\u0105 sytuacj\u0119 \u2013 Autor Listu do Hebrajczyk\u00f3w<br \/>\nm\u00f3wi o Bogu, <i><b>kt\u00f3ry s\u0105dzi wszystkich,<\/b><\/i><b> <\/b>to<br \/>\njednak z jego wypowiedzi wynika, \u017ce owa rzeczywisto\u015b\u0107 do tej pory<br \/>\nniedost\u0119pna i napawaj\u0105ca l\u0119kiem, czyli Niebo,<b> jest ju\u017c przed<br \/>\nlud\u017ami otwarta.<\/b><\/span><\/span><\/span><\/div>\n<div align=\"justify\" style=\"background: transparent; font-style: normal; font-variant: normal; font-weight: normal; letter-spacing: normal; line-height: 150%; margin-bottom: 0cm; text-indent: 1.3cm;\">\n<span style=\"font-size: x-large;\"><span style=\"color: black;\"><span style=\"font-family: Book Antiqua, serif;\">Wyra\u017anie<br \/>\nm\u00f3wi do swoich uczni\u00f3w i wsp\u00f3\u0142wyznawc\u00f3w: <i><b>Wy natomiast<br \/>\nprzyst\u0105pili\u015bcie do g\u00f3r<\/b><\/i><i><b>y<\/b><\/i><i><b> Syjon, do<br \/>\nmiasta Boga \u017cyj\u0105cego, Jeruzalem niebieskiego, do niezliczonej<br \/>\nliczby anio\u0142\u00f3w, na uroczyste zebranie, do Ko\u015bcio\u0142a pierworodnych,<br \/>\nkt\u00f3rzy s\u0105 zapisani w niebiosach, do Boga, kt\u00f3ry s\u0105dzi wszystkich,<br \/>\ndo duch\u00f3w sprawiedliwych, kt\u00f3re ju\u017c dosz\u0142y do celu, do po\u015brednika<br \/>\nNowego Testamentu \u2013 Jezusa, do pokropienia krwi\u0105, kt\u00f3ra przemawia<br \/>\nmocniej ni\u017c krew Abla.<\/b><\/i> <\/span><\/span><br \/>\n<\/span><\/div>\n<div align=\"justify\" style=\"background: transparent; font-style: normal; font-variant: normal; font-weight: normal; letter-spacing: normal; line-height: 150%; margin-bottom: 0cm; text-indent: 1.3cm;\">\n<span style=\"font-size: x-large;\"><span style=\"color: black;\"><span style=\"font-family: Book Antiqua, serif;\">Kluczowe<br \/>\njest tu stwierdzenie: <i><b>wy natomiast,<\/b><\/i> kt\u00f3re wskazuje na<br \/>\n<b>r\u00f3\u017cn\u0105 sytuacj\u0119 ludu Nowego Testamentu<\/b> od tej, w jakiej<br \/>\nznajdowali si\u0119 poprzednicy. Ta sytuacja jest wyra\u017anie inna \u2013 o<br \/>\nwiele bardziej <b>dla chrze\u015bcijan korzystna!<\/b> Lud Nowego<br \/>\nPrzymierza \u2013 czyli tak\u017ce my \u2013 jeste\u015bmy zaproszeni do<br \/>\nbezpo\u015bredniej blisko\u015bci, a wr\u0119cz <b>jedno\u015bci z Jezusem,<\/b> bo<br \/>\nzostali\u015bmy pokropieni <i><b>krwi\u0105, kt\u00f3ra przemawia mocniej ni\u017c<br \/>\nkrew Abla.<\/b><\/i><b> <\/b>Jeste\u015bmy po prostu zbawieni! \u017beby to<br \/>\njeszcze raz podkre\u015bli\u0107: <b>Niebo zosta\u0142o przed nami otwarte.<\/b> <\/span><\/span><br \/>\n<\/span><\/div>\n<div align=\"justify\" style=\"background: transparent; font-style: normal; font-variant: normal; font-weight: normal; letter-spacing: normal; line-height: 150%; margin-bottom: 0cm; text-indent: 1.3cm;\">\n<span style=\"font-size: x-large;\"><span style=\"color: black;\"><span style=\"font-family: Book Antiqua, serif;\">I<br \/>\ndlatego my dzisiaj ju\u017c nie podchodzimy do Boga z takim strachem, z<br \/>\njakim czyni\u0142 to lud Starego Przymierza, i nawet poj\u0119cie <b>\u201eboja\u017ani<br \/>\nBo\u017cej\u201d,<\/b> jakim si\u0119 dzi\u015b pos\u0142ugujemy, widz\u0105c w nim jeden z<br \/>\ndar\u00f3w Ducha \u015awi\u0119tego, nie oznacza dos\u0142ownie <b>boja\u017ani, w<br \/>\nrozumieniu strachu,<\/b> ile raczej <b>pe\u0142en mi\u0142o\u015bci respekt i<br \/>\nszacunek<\/b> do Boga i Jego spraw. <\/span><\/span><br \/>\n<\/span><\/div>\n<div align=\"justify\" style=\"background: transparent; font-style: normal; font-variant: normal; font-weight: normal; letter-spacing: normal; line-height: 150%; margin-bottom: 0cm; text-indent: 1.3cm;\">\n<span style=\"font-size: x-large;\"><span style=\"color: black;\"><span style=\"font-family: Book Antiqua, serif;\">Jak<br \/>\nz tym szacunkiem i respektem jest w praktyce \u2013 to ju\u017c ka\u017cdy musi<br \/>\nsobie odpowiedzie\u0107: czy nie dochodzi do jakiego\u015b <b>\u201eoswojenia<br \/>\nsi\u0119\u201d<\/b> z tymi tajemnicami i sprawami do tego stopnia, \u017ce B\u00f3g<br \/>\nstaje si\u0119 wr\u0119cz \u201ekumplem\u201d, <b>z kt\u00f3rym mo\u017cna sobie swobodnie<br \/>\n\u201epogrywa\u0107\u201d<\/b> i lekcewa\u017cy\u0107 Jego s\u0142owa, Jego wol\u0119, Jego<br \/>\ndary\u2026 Oby si\u0119 to nam nigdy nie zdarzy\u0142o! <b>Oby\u015bmy docenili<\/b><br \/>\nto, \u017ce B\u00f3g do nas tak bardzo wychodzi i tak bardzo <b>skraca \u00f3w<br \/>\nniewyobra\u017calny dystans,<\/b> kt\u00f3ry \u2013 sam w sobie \u2013 przecie\u017c si\u0119<br \/>\nnie zmieni\u0142! <\/span><\/span><br \/>\n<\/span><\/div>\n<div align=\"justify\" style=\"background: transparent; font-style: normal; font-variant: normal; font-weight: normal; letter-spacing: normal; line-height: 150%; margin-bottom: 0cm; text-indent: 1.3cm;\">\n<span style=\"font-size: x-large;\"><span style=\"color: black;\"><span style=\"font-family: Book Antiqua, serif;\">Zapewne<br \/>\nz tak\u0105 my\u015bl\u0105 dzisiaj <i><b>Jezus przywo\u0142a\u0142 do siebie Dwunastu i<br \/>\nzacz\u0105\u0142 rozsy\u0142a\u0107 ich po dw\u00f3ch,<\/b><\/i><b> <\/b>daj\u0105c im<br \/>\nnast\u0119puj\u0105ce polecenie: <i><b>Gdy do jakiego domu wejdziecie,<br \/>\nzosta\u0144cie tam, a\u017c stamt\u0105d wyjdziecie. Je\u015bli w jakim miejscu was<br \/>\nnie przyjm\u0105 i nie b\u0119d\u0105 was s\u0142ucha\u0107, wychodz\u0105c stamt\u0105d<br \/>\nstrz\u0105\u015bnijcie proch z n\u00f3g waszych na \u015bwiadectwo dla nich.<\/b><\/i> <\/span><\/span><br \/>\n<\/span><\/div>\n<div align=\"justify\" style=\"background: transparent; font-style: normal; font-variant: normal; font-weight: normal; letter-spacing: normal; line-height: 150%; margin-bottom: 0cm; text-indent: 1.3cm;\">\n<span style=\"color: black;\"><span style=\"font-family: Book Antiqua, serif;\"><span style=\"font-size: x-large;\">Daje<br \/>\ndo my\u015blenia to ostatnie polecenie: <i><b>Strz\u0105\u015bnijcie proch z n\u00f3g<br \/>\nwaszych na \u015bwiadectwo dla nich,<\/b><\/i><b> <\/b>prawda? Wyra\u017anie<br \/>\nwskazuje ono, \u017ce dar\u00f3w Jezusa \u2013 i Jego pos\u0142a\u0144c\u00f3w \u2013<b> nie<br \/>\nmo\u017cna sobie lekcewa\u017cy\u0107,<\/b> ani stroi\u0107 sobie z nich \u017cart\u00f3w.<br \/>\nPrzeto boja\u017a\u0144 Bo\u017ca, rozumiana jako pe\u0142en mi\u0142o\u015bci respekt, jest<br \/>\n<b>najlepsz\u0105 nasz\u0105 odpowiedzi\u0105<\/b> na pe\u0142ne mi\u0142o\u015bci wychodzenie<br \/>\nBoga do ka\u017cdego z nas z inicjatyw\u0105 zbawienia i z rozlicznymi<br \/>\nduchowymi darami.<\/span><\/span><\/span><\/div>\n<div align=\"justify\" style=\"background: transparent; font-style: normal; font-variant: normal; font-weight: normal; letter-spacing: normal; line-height: 150%; margin-bottom: 0cm; text-indent: 1.3cm;\">\n<span style=\"color: black;\"><span style=\"font-family: Book Antiqua, serif;\"><span style=\"font-size: x-large;\">Czy<br \/>\nmog\u0119 powiedzie\u0107, \u017ce <b>moje aktualne odniesienie<\/b> do Boga i do<br \/>\nJego spraw na tym w\u0142a\u015bnie polega?\u2026<\/span><\/span><\/span><\/div>\n","protected":false},"excerpt":{"rendered":"<p>Szcz\u0119\u015b\u0107 Bo\u017ce! Moi Drodzy, serdecznie pozdrawiamy Was \u2013 ca\u0142\u0105 nasz\u0105 Ekip\u0105 \u2013 ze Szklarskiej Por\u0119by i zapewniamy o modlitwie. Pogod\u0119 mamy wymarzon\u0105, \u015bniegu du\u017co, ale nowy nie pada. Atmosfera rewelacyjna! Dobrego dnia \u017cyczymy Wszystkim \u201eferiuj\u0105cym\u201d i Wszystkim pracuj\u0105cym! Pami\u0119tajcie, \u017ce dzisiaj \u2013 pierwszy czwartek miesi\u0105ca. Gaudium et spes! Ks. Jacek Czwartek 4 Tygodnia zwyk\u0142ego, rok [&hellip;]<\/p>\n","protected":false},"author":1,"featured_media":0,"comment_status":"open","ping_status":"open","sticky":false,"template":"","format":"standard","meta":{"jetpack_post_was_ever_published":false,"_jetpack_newsletter_access":"","_jetpack_dont_email_post_to_subs":false,"_jetpack_newsletter_tier_id":0,"_jetpack_memberships_contains_paywalled_content":false,"_jetpack_memberships_contains_paid_content":false,"footnotes":""},"categories":[1],"tags":[],"class_list":["post-14699","post","type-post","status-publish","format-standard","hentry","category-bez-kategorii"],"yoast_head":"<!-- This site is optimized with the Yoast SEO plugin v25.1 - https:\/\/yoast.com\/wordpress\/plugins\/seo\/ -->\n<title>Czy Boga trzeba si\u0119 ba\u0107?... - Gaudium Et Spes<\/title>\n<meta name=\"robots\" content=\"index, follow, max-snippet:-1, max-image-preview:large, max-video-preview:-1\" \/>\n<link rel=\"canonical\" href=\"https:\/\/gaudiumetspes-blog.pl\/index.php\/2019\/02\/07\/czy-boga-trzeba-sie-bac\/\" \/>\n<meta property=\"og:locale\" content=\"pl_PL\" \/>\n<meta property=\"og:type\" content=\"article\" \/>\n<meta property=\"og:title\" content=\"Czy Boga trzeba si\u0119 ba\u0107?... - Gaudium Et Spes\" \/>\n<meta property=\"og:description\" content=\"Szcz\u0119\u015b\u0107 Bo\u017ce! Moi Drodzy, serdecznie pozdrawiamy Was \u2013 ca\u0142\u0105 nasz\u0105 Ekip\u0105 \u2013 ze Szklarskiej Por\u0119by i zapewniamy o modlitwie. Pogod\u0119 mamy wymarzon\u0105, \u015bniegu du\u017co, ale nowy nie pada. Atmosfera rewelacyjna! Dobrego dnia \u017cyczymy Wszystkim \u201eferiuj\u0105cym\u201d i Wszystkim pracuj\u0105cym! Pami\u0119tajcie, \u017ce dzisiaj \u2013 pierwszy czwartek miesi\u0105ca. Gaudium et spes! Ks. Jacek Czwartek 4 Tygodnia zwyk\u0142ego, rok [&hellip;]\" \/>\n<meta property=\"og:url\" content=\"https:\/\/gaudiumetspes-blog.pl\/index.php\/2019\/02\/07\/czy-boga-trzeba-sie-bac\/\" \/>\n<meta property=\"og:site_name\" content=\"Gaudium Et Spes\" \/>\n<meta property=\"article:published_time\" content=\"2019-02-07T04:53:00+00:00\" \/>\n<meta property=\"article:modified_time\" content=\"2019-07-31T10:59:29+00:00\" \/>\n<meta name=\"author\" content=\"Ks. Jacek\" \/>\n<meta name=\"twitter:card\" content=\"summary_large_image\" \/>\n<meta name=\"twitter:label1\" content=\"Napisane przez\" \/>\n\t<meta name=\"twitter:data1\" content=\"Ks. Jacek\" \/>\n\t<meta name=\"twitter:label2\" content=\"Szacowany czas czytania\" \/>\n\t<meta name=\"twitter:data2\" content=\"5 minut\" \/>\n<script type=\"application\/ld+json\" class=\"yoast-schema-graph\">{\"@context\":\"https:\/\/schema.org\",\"@graph\":[{\"@type\":\"WebPage\",\"@id\":\"https:\/\/gaudiumetspes-blog.pl\/index.php\/2019\/02\/07\/czy-boga-trzeba-sie-bac\/\",\"url\":\"https:\/\/gaudiumetspes-blog.pl\/index.php\/2019\/02\/07\/czy-boga-trzeba-sie-bac\/\",\"name\":\"Czy Boga trzeba si\u0119 ba\u0107?... - Gaudium Et Spes\",\"isPartOf\":{\"@id\":\"https:\/\/gaudiumetspes-blog.pl\/#website\"},\"datePublished\":\"2019-02-07T04:53:00+00:00\",\"dateModified\":\"2019-07-31T10:59:29+00:00\",\"author\":{\"@id\":\"https:\/\/gaudiumetspes-blog.pl\/#\/schema\/person\/1661982992b752dea8dff0d4ed845a65\"},\"breadcrumb\":{\"@id\":\"https:\/\/gaudiumetspes-blog.pl\/index.php\/2019\/02\/07\/czy-boga-trzeba-sie-bac\/#breadcrumb\"},\"inLanguage\":\"pl-PL\",\"potentialAction\":[{\"@type\":\"ReadAction\",\"target\":[\"https:\/\/gaudiumetspes-blog.pl\/index.php\/2019\/02\/07\/czy-boga-trzeba-sie-bac\/\"]}]},{\"@type\":\"BreadcrumbList\",\"@id\":\"https:\/\/gaudiumetspes-blog.pl\/index.php\/2019\/02\/07\/czy-boga-trzeba-sie-bac\/#breadcrumb\",\"itemListElement\":[{\"@type\":\"ListItem\",\"position\":1,\"name\":\"Strona g\u0142\u00f3wna\",\"item\":\"https:\/\/gaudiumetspes-blog.pl\/\"},{\"@type\":\"ListItem\",\"position\":2,\"name\":\"Czy&nbsp;Boga trzeba si\u0119 ba\u0107?&#8230;\"}]},{\"@type\":\"WebSite\",\"@id\":\"https:\/\/gaudiumetspes-blog.pl\/#website\",\"url\":\"https:\/\/gaudiumetspes-blog.pl\/\",\"name\":\"Gaudium Et Spes\",\"description\":\"Blog Ks. Jacka Ja\u015bkowskiego\",\"potentialAction\":[{\"@type\":\"SearchAction\",\"target\":{\"@type\":\"EntryPoint\",\"urlTemplate\":\"https:\/\/gaudiumetspes-blog.pl\/?s={search_term_string}\"},\"query-input\":{\"@type\":\"PropertyValueSpecification\",\"valueRequired\":true,\"valueName\":\"search_term_string\"}}],\"inLanguage\":\"pl-PL\"},{\"@type\":\"Person\",\"@id\":\"https:\/\/gaudiumetspes-blog.pl\/#\/schema\/person\/1661982992b752dea8dff0d4ed845a65\",\"name\":\"Ks. Jacek\",\"image\":{\"@type\":\"ImageObject\",\"inLanguage\":\"pl-PL\",\"@id\":\"https:\/\/gaudiumetspes-blog.pl\/#\/schema\/person\/image\/\",\"url\":\"https:\/\/gaudiumetspes-blog.pl\/wp-content\/uploads\/2019\/07\/avatar-JJ-150x150.jpg\",\"contentUrl\":\"https:\/\/gaudiumetspes-blog.pl\/wp-content\/uploads\/2019\/07\/avatar-JJ-150x150.jpg\",\"caption\":\"Ks. Jacek\"},\"description\":\"Witam serdecznie! K\u0142ania si\u0119 Ks. Jacek Ja\u015bkowski. Nie jestem ani kim\u015b wa\u017cnym, ani kim\u015b znanym. Jestem ksi\u0119dzem, kt\u00f3ry po prostu chce rozmawia\u0107. Codzienna kap\u0142a\u0144ska pos\u0142uga pokazuje mi, \u017ce temat\u00f3w do rozm\u00f3w z ksi\u0119dzem jest coraz wi\u0119cej i dzisiaj \u017caden ksi\u0105dz nie mo\u017ce od nich ucieka\u0107, ale - wprost przeciwnie - podejmowa\u0107 nowe wyzwania. To przekonanie sk\u0142oni\u0142o mnie do pr\u00f3by otwarcia tego\u017c bloga, chocia\u017c okazji do rozm\u00f3w na co dzie\u0144 - w konfesjonale i poza nim - na szcz\u0119\u015bcie nie brakuje. My\u015bl\u0119 jednak, \u017ce ten blog b\u0119dzie jeszcze jednym sposobem i przestrzeni\u0105 nawi\u0105zania kontaktu z lud\u017ami dobrej woli, otwartymi na dialog.\",\"url\":\"https:\/\/gaudiumetspes-blog.pl\/index.php\/author\/ks-jacek\/\"}]}<\/script>\n<!-- \/ Yoast SEO plugin. -->","yoast_head_json":{"title":"Czy Boga trzeba si\u0119 ba\u0107?... - Gaudium Et Spes","robots":{"index":"index","follow":"follow","max-snippet":"max-snippet:-1","max-image-preview":"max-image-preview:large","max-video-preview":"max-video-preview:-1"},"canonical":"https:\/\/gaudiumetspes-blog.pl\/index.php\/2019\/02\/07\/czy-boga-trzeba-sie-bac\/","og_locale":"pl_PL","og_type":"article","og_title":"Czy Boga trzeba si\u0119 ba\u0107?... - Gaudium Et Spes","og_description":"Szcz\u0119\u015b\u0107 Bo\u017ce! Moi Drodzy, serdecznie pozdrawiamy Was \u2013 ca\u0142\u0105 nasz\u0105 Ekip\u0105 \u2013 ze Szklarskiej Por\u0119by i zapewniamy o modlitwie. Pogod\u0119 mamy wymarzon\u0105, \u015bniegu du\u017co, ale nowy nie pada. Atmosfera rewelacyjna! Dobrego dnia \u017cyczymy Wszystkim \u201eferiuj\u0105cym\u201d i Wszystkim pracuj\u0105cym! Pami\u0119tajcie, \u017ce dzisiaj \u2013 pierwszy czwartek miesi\u0105ca. Gaudium et spes! Ks. Jacek Czwartek 4 Tygodnia zwyk\u0142ego, rok [&hellip;]","og_url":"https:\/\/gaudiumetspes-blog.pl\/index.php\/2019\/02\/07\/czy-boga-trzeba-sie-bac\/","og_site_name":"Gaudium Et Spes","article_published_time":"2019-02-07T04:53:00+00:00","article_modified_time":"2019-07-31T10:59:29+00:00","author":"Ks. Jacek","twitter_card":"summary_large_image","twitter_misc":{"Napisane przez":"Ks. Jacek","Szacowany czas czytania":"5 minut"},"schema":{"@context":"https:\/\/schema.org","@graph":[{"@type":"WebPage","@id":"https:\/\/gaudiumetspes-blog.pl\/index.php\/2019\/02\/07\/czy-boga-trzeba-sie-bac\/","url":"https:\/\/gaudiumetspes-blog.pl\/index.php\/2019\/02\/07\/czy-boga-trzeba-sie-bac\/","name":"Czy Boga trzeba si\u0119 ba\u0107?... - Gaudium Et Spes","isPartOf":{"@id":"https:\/\/gaudiumetspes-blog.pl\/#website"},"datePublished":"2019-02-07T04:53:00+00:00","dateModified":"2019-07-31T10:59:29+00:00","author":{"@id":"https:\/\/gaudiumetspes-blog.pl\/#\/schema\/person\/1661982992b752dea8dff0d4ed845a65"},"breadcrumb":{"@id":"https:\/\/gaudiumetspes-blog.pl\/index.php\/2019\/02\/07\/czy-boga-trzeba-sie-bac\/#breadcrumb"},"inLanguage":"pl-PL","potentialAction":[{"@type":"ReadAction","target":["https:\/\/gaudiumetspes-blog.pl\/index.php\/2019\/02\/07\/czy-boga-trzeba-sie-bac\/"]}]},{"@type":"BreadcrumbList","@id":"https:\/\/gaudiumetspes-blog.pl\/index.php\/2019\/02\/07\/czy-boga-trzeba-sie-bac\/#breadcrumb","itemListElement":[{"@type":"ListItem","position":1,"name":"Strona g\u0142\u00f3wna","item":"https:\/\/gaudiumetspes-blog.pl\/"},{"@type":"ListItem","position":2,"name":"Czy&nbsp;Boga trzeba si\u0119 ba\u0107?&#8230;"}]},{"@type":"WebSite","@id":"https:\/\/gaudiumetspes-blog.pl\/#website","url":"https:\/\/gaudiumetspes-blog.pl\/","name":"Gaudium Et Spes","description":"Blog Ks. Jacka Ja\u015bkowskiego","potentialAction":[{"@type":"SearchAction","target":{"@type":"EntryPoint","urlTemplate":"https:\/\/gaudiumetspes-blog.pl\/?s={search_term_string}"},"query-input":{"@type":"PropertyValueSpecification","valueRequired":true,"valueName":"search_term_string"}}],"inLanguage":"pl-PL"},{"@type":"Person","@id":"https:\/\/gaudiumetspes-blog.pl\/#\/schema\/person\/1661982992b752dea8dff0d4ed845a65","name":"Ks. Jacek","image":{"@type":"ImageObject","inLanguage":"pl-PL","@id":"https:\/\/gaudiumetspes-blog.pl\/#\/schema\/person\/image\/","url":"https:\/\/gaudiumetspes-blog.pl\/wp-content\/uploads\/2019\/07\/avatar-JJ-150x150.jpg","contentUrl":"https:\/\/gaudiumetspes-blog.pl\/wp-content\/uploads\/2019\/07\/avatar-JJ-150x150.jpg","caption":"Ks. Jacek"},"description":"Witam serdecznie! K\u0142ania si\u0119 Ks. Jacek Ja\u015bkowski. Nie jestem ani kim\u015b wa\u017cnym, ani kim\u015b znanym. Jestem ksi\u0119dzem, kt\u00f3ry po prostu chce rozmawia\u0107. Codzienna kap\u0142a\u0144ska pos\u0142uga pokazuje mi, \u017ce temat\u00f3w do rozm\u00f3w z ksi\u0119dzem jest coraz wi\u0119cej i dzisiaj \u017caden ksi\u0105dz nie mo\u017ce od nich ucieka\u0107, ale - wprost przeciwnie - podejmowa\u0107 nowe wyzwania. To przekonanie sk\u0142oni\u0142o mnie do pr\u00f3by otwarcia tego\u017c bloga, chocia\u017c okazji do rozm\u00f3w na co dzie\u0144 - w konfesjonale i poza nim - na szcz\u0119\u015bcie nie brakuje. My\u015bl\u0119 jednak, \u017ce ten blog b\u0119dzie jeszcze jednym sposobem i przestrzeni\u0105 nawi\u0105zania kontaktu z lud\u017ami dobrej woli, otwartymi na dialog.","url":"https:\/\/gaudiumetspes-blog.pl\/index.php\/author\/ks-jacek\/"}]}},"jetpack_featured_media_url":"","jetpack_sharing_enabled":true,"_links":{"self":[{"href":"https:\/\/gaudiumetspes-blog.pl\/index.php\/wp-json\/wp\/v2\/posts\/14699","targetHints":{"allow":["GET"]}}],"collection":[{"href":"https:\/\/gaudiumetspes-blog.pl\/index.php\/wp-json\/wp\/v2\/posts"}],"about":[{"href":"https:\/\/gaudiumetspes-blog.pl\/index.php\/wp-json\/wp\/v2\/types\/post"}],"author":[{"embeddable":true,"href":"https:\/\/gaudiumetspes-blog.pl\/index.php\/wp-json\/wp\/v2\/users\/1"}],"replies":[{"embeddable":true,"href":"https:\/\/gaudiumetspes-blog.pl\/index.php\/wp-json\/wp\/v2\/comments?post=14699"}],"version-history":[{"count":1,"href":"https:\/\/gaudiumetspes-blog.pl\/index.php\/wp-json\/wp\/v2\/posts\/14699\/revisions"}],"predecessor-version":[{"id":14934,"href":"https:\/\/gaudiumetspes-blog.pl\/index.php\/wp-json\/wp\/v2\/posts\/14699\/revisions\/14934"}],"wp:attachment":[{"href":"https:\/\/gaudiumetspes-blog.pl\/index.php\/wp-json\/wp\/v2\/media?parent=14699"}],"wp:term":[{"taxonomy":"category","embeddable":true,"href":"https:\/\/gaudiumetspes-blog.pl\/index.php\/wp-json\/wp\/v2\/categories?post=14699"},{"taxonomy":"post_tag","embeddable":true,"href":"https:\/\/gaudiumetspes-blog.pl\/index.php\/wp-json\/wp\/v2\/tags?post=14699"}],"curies":[{"name":"wp","href":"https:\/\/api.w.org\/{rel}","templated":true}]}}