{"id":14701,"date":"2019-02-05T06:23:00","date_gmt":"2019-02-05T05:23:00","guid":{"rendered":"https:\/\/gaudiumetspes-blog.pl\/index.php\/2019\/02\/05\/uwierzyc-tylko\/"},"modified":"2019-07-31T12:59:29","modified_gmt":"2019-07-31T10:59:29","slug":"uwierzyc-tylko","status":"publish","type":"post","link":"https:\/\/gaudiumetspes-blog.pl\/index.php\/2019\/02\/05\/uwierzyc-tylko\/","title":{"rendered":"Uwierzy\u0107 &#8211; tylko?&#8230;"},"content":{"rendered":"<p><\/p>\n<div align=\"justify\" style=\"font-weight: normal; line-height: 150%; margin-bottom: 0cm;\">\n<span style=\"color: black;\"><span style=\"font-family: Book Antiqua, serif;\"><span style=\"font-size: x-large;\">Szcz\u0119\u015b\u0107<br \/>\nBo\u017ce! Moi Drodzy, w dniu wczorajszym <b>imieniny prze\u017cywa<\/b><b>\u0142a<\/b><b><br \/>\nWeronika Nied\u017awiedzka, moja Siostrzenica, kt\u00f3rej wraz ca\u0142\u0105<br \/>\nRodzin\u0105 \u017cyczymy, aby by\u0142a nadal tak\u0105 nasz\u0105 wielk\u0105 rado\u015bci\u0105,<br \/>\njak\u0105 jest, a wpatrzona w swoj\u0105 Patronk\u0119, odkrywa\u0142a oblicze<br \/>\nChrystusa w ka\u017cdym cz\u0142owieku, jakiego spotka na swojej drodze!<\/b><\/span><\/span><\/span><\/div>\n<div align=\"justify\" style=\"background: transparent; line-height: 150%; margin-bottom: 0cm; page-break-before: auto; text-indent: 1.3cm;\">\n<span style=\"color: black;\"><span style=\"font-family: Book Antiqua, serif;\"><span style=\"font-size: x-large;\"><b>Imieniny<br \/>\nwczoraj prze\u017cywa\u0142 tak\u017ce Ksi\u0105dz Andrzej Biernat, niegdy\u015b \u2013<br \/>\nOjciec Duchowny Pieszej Pielgrzymki Podlaskiej, a obecnie: Dziekan<br \/>\nmojego rodzinnego Dekanatu, w Bia\u0142ej Podlaskiej. \u017bycz\u0119 Drogiemu<br \/>\nSolenizantowi wszelkich Bo\u017cych natchnie\u0144 i b\u0142ogos\u0142awie\u0144stw!<\/b><\/span><\/span><\/span><\/div>\n<div align=\"justify\" style=\"background: transparent; line-height: 150%; margin-bottom: 0cm; text-indent: 1.3cm;\">\n<span style=\"color: black;\"><span style=\"font-family: Book Antiqua, serif;\"><span style=\"font-size: x-large;\"><b>Dzisiaj<br \/>\nnatomiast imieniny prze\u017cywa Agata Witek, nale\u017c\u0105ca w swoim czasie<br \/>\ndo jednej z m\u0142odzie\u017cowych Wsp\u00f3lnot.<\/b><\/span><\/span><\/span><\/div>\n<div align=\"justify\" style=\"background: transparent; line-height: 150%; margin-bottom: 0cm; text-indent: 1.3cm;\">\n<span style=\"color: black;\"><span style=\"font-family: Book Antiqua, serif;\"><span style=\"font-size: x-large;\"><b>Prze\u017cywa<br \/>\nje tak\u017ce Agata Bogusz, moja by\u0142a Uczennica z Liceum Lelewela w<br \/>\n\u017belechowie, Osoba zaanga\u017cowana w dzia\u0142alno\u015b\u0107 m\u0142odzie\u017cow\u0105 w<br \/>\ntamtejszej Parafii.<\/b><\/span><\/span><\/span><\/div>\n<div align=\"justify\" style=\"background: transparent; line-height: 150%; margin-bottom: 0cm; text-indent: 1.3cm;\">\n<span style=\"font-size: x-large;\"><span style=\"color: black;\"><span style=\"font-family: Book Antiqua, serif;\"><b>\u017bycz\u0119<br \/>\nSolenizantkom, aby by\u0142y dobre i nios\u0142y dobro innym \u2013 zgodnie z<br \/>\ntre\u015bci\u0105 Ich imienia. <\/b><\/span><\/span><br \/>\n<\/span><\/div>\n<div align=\"justify\" style=\"background: transparent; line-height: 150%; margin-bottom: 0cm; text-indent: 1.3cm;\">\n<span style=\"color: black;\"><span style=\"font-family: Book Antiqua, serif;\"><span style=\"font-size: x-large;\"><b>Solenizanta<br \/>\ni Solenizantki zapewniam o modlitwie!<\/b><\/span><\/span><\/span><\/div>\n<div align=\"justify\" style=\"background: transparent; font-weight: normal; line-height: 150%; margin-bottom: 0cm; text-indent: 1.3cm;\">\n<span style=\"color: black;\"><span style=\"font-family: Book Antiqua, serif;\"><span style=\"font-size: x-large;\">Moi<br \/>\nDrodzy, serdecznie dzi\u0119kujemy Ksi\u0119dzu Markowi za wczorajsze s\u0142\u00f3wko.<br \/>\nCoraz cz\u0119\u015bciej prosz\u0119 tutaj r\u00f3\u017cne Osoby, szczeg\u00f3lnie szukaj\u0105ce<br \/>\njakiego\u015b g\u0142\u0119bszego kontaktu z Bogiem, aby uwa\u017cnie odczyta\u0142y<br \/>\nkolejne s\u0142\u00f3wka Ksi\u0119dza Marka \u2013 nawet, je\u017celi na co dzie\u0144 nie<br \/>\nczytaj\u0105 bloga. Dla mnie te\u017c to s\u0142\u00f3wko ka\u017cdorazowo jest wielkim<br \/>\nwsparciem.<\/span><\/span><\/span><\/div>\n<div align=\"justify\" style=\"background: transparent; font-weight: normal; line-height: 150%; margin-bottom: 0cm; text-indent: 1.3cm;\">\n<span style=\"color: black;\"><span style=\"font-family: Book Antiqua, serif;\"><span style=\"font-size: x-large;\">A<br \/>\nwczorajsze \u2013 opr\u00f3cz tre\u015bci religijnych \u2013 zawiera\u0142o w sobie<br \/>\ntak\u017ce elementy \u201eszklarskopor\u0119bowe\u201d. Zobaczcie, moi Drodzy, jaki<br \/>\nten \u015bwiat teraz ma\u0142y: tysi\u0105ce kilometr\u00f3w mi\u0119dzy nami, a przep\u0142yw<br \/>\ninformacji, w tym tak\u017ce zdj\u0119\u0107, dokonuje si\u0119 w przeci\u0105gu kilku<br \/>\nsekund\u2026 To teraz pomy\u015blmy, jak szybko przep\u0142ywaj\u0105 sygna\u0142y<br \/>\nmi\u0119dzy nami a Panem! Zanim co\u015b powiemy lub pomy\u015blimy \u2013 On ju\u017c o<br \/>\ntym wie!<\/span><\/span><\/span><\/div>\n<div align=\"justify\" style=\"background: transparent; font-weight: normal; line-height: 150%; margin-bottom: 0cm; text-indent: 1.3cm;\">\n<span style=\"color: black;\"><span style=\"font-family: Book Antiqua, serif;\"><span style=\"font-size: x-large;\">Dzi\u0119kuj\u0119<br \/>\nKsi\u0119dzu Markowi (nie zapominajmy: Kanonikowi!) za wczorajsze m\u0105dre<br \/>\ni g\u0142\u0119bokie refleksje, a Wam wszystkim za \u017cyczliwo\u015b\u0107 i<br \/>\npozdrowienia \u2013 na blogu i przez telefon. Pozdrawiamy nasz\u0105 ma\u0142\u0105,<br \/>\nale \u015bwietn\u0105 Ekip\u0105, z tego niezwyk\u0142ego miejsca! \u015aniegu jest<br \/>\nbardzo du\u017co \u2013 pada\u0142 przez ca\u0142\u0105 niedziel\u0119. Ale wczoraj ju\u017c nie<br \/>\npada\u0142. I ca\u0142y dzie\u0144 by\u0142 w s\u0142o\u0144cu.<\/span><\/span><\/span><\/div>\n<div align=\"justify\" style=\"background: transparent; font-weight: normal; line-height: 150%; margin-bottom: 0cm; text-indent: 1.3cm;\">\n<span style=\"color: black;\"><span style=\"font-family: Book Antiqua, serif;\"><span style=\"font-size: x-large;\">Pami\u0119tamy<br \/>\no Was w naszych codziennych modlitwach!<\/span><\/span><\/span><\/div>\n<div align=\"center\" style=\"background: transparent; font-weight: normal; line-height: 150%; margin-bottom: 0cm;\">\n<span style=\"color: black;\"><span style=\"font-family: Book Antiqua, serif;\"><span style=\"font-size: x-large;\">Gaudium<br \/>\net spes!  Ks. Jacek<\/span><\/span><\/span><\/div>\n<div align=\"justify\" style=\"line-height: 150%; margin-bottom: 0cm;\">\n<span style=\"font-size: x-large;\"><\/p>\n<p><\/span><\/div>\n<div align=\"justify\" style=\"line-height: 150%; margin-bottom: 0cm;\">\n<span style=\"color: black;\"><span style=\"font-family: Book Antiqua, serif;\"><span style=\"font-size: x-large;\"><b>Wtorek<br \/>\n4 Tygodnia zwyk\u0142ego, rok I,<\/b><\/span><\/span><\/span><\/div>\n<div align=\"justify\" style=\"line-height: 150%; margin-bottom: 0cm;\">\n<span style=\"color: black;\"><span style=\"font-family: Book Antiqua, serif;\"><span style=\"font-size: x-large;\"><b>Wspomnienie<br \/>\n\u015aw. Agaty, Dziewicy i M\u0119czennicy,<\/b><\/span><\/span><\/span><\/div>\n<div align=\"justify\" style=\"line-height: 150%; margin-bottom: 0cm;\">\n<span style=\"color: black;\"><span style=\"font-family: Book Antiqua, serif;\"><span style=\"font-size: x-large;\"><b>do<br \/>\nczyta\u0144:  Hbr 12,1\u20134;  Mk 5,21\u201343<\/b><\/span><\/span><\/span><\/div>\n<div align=\"justify\" style=\"line-height: 150%; margin-bottom: 0cm;\">\n<span style=\"font-size: x-large;\"><\/p>\n<p><\/span><\/div>\n<div align=\"justify\" style=\"line-height: 150%; margin-bottom: 0cm;\">\n<span style=\"color: black;\"><span style=\"font-family: Book Antiqua, serif;\"><span style=\"font-size: x-large;\"><b>CZYTANIE<br \/>\nZ LISTU DO HEBRAJCZYK\u00d3W:<\/b><\/span><\/span><\/span><\/div>\n<div align=\"justify\" style=\"font-style: normal; font-variant: normal; letter-spacing: normal; line-height: 150%; margin-bottom: 0cm; page-break-before: auto; text-indent: 1.3cm;\">\n<span style=\"font-size: x-large;\"><span style=\"color: black;\"><span style=\"font-family: Book Antiqua, serif;\"><b>Bracia:<br \/>\nMaj\u0105c doko\u0142a siebie takie mn\u00f3stwo \u015bwiadk\u00f3w, od\u0142o\u017cywszy wszelki<br \/>\nci\u0119\u017car, a przede wszystkim grzech, kt\u00f3ry nas \u0142atwo zwodzi,<br \/>\nwinni\u015bmy wytrwale biec w wyznaczonych nam zawodach. Patrzmy na<br \/>\nJezusa, kt\u00f3ry nam w wierze przewodzi i j\u0105 wydoskonala. On to<br \/>\nzamiast rado\u015bci, kt\u00f3r\u0105 Mu obiecywano, przecierpia\u0142 krzy\u017c, nie<br \/>\nbacz\u0105c na jego ha\u0144b\u0119, i zasiad\u0142 po prawicy tronu Boga. <\/b><\/span><\/span><br \/>\n<\/span><\/div>\n<div align=\"justify\" style=\"line-height: 150%; margin-bottom: 0cm; text-indent: 1.3cm;\">\n<span style=\"font-size: x-large;\"><span style=\"color: black;\"><span style=\"font-family: Book Antiqua, serif;\"><b><span style=\"font-variant: normal;\"><span style=\"letter-spacing: normal;\"><span style=\"font-style: normal;\">Zastanawiajcie<br \/>\nsi\u0119 wi\u0119c nad Tym, kt\u00f3ry ze strony grzesznik\u00f3w tak\u0105 wielk\u0105<br \/>\nwycierpia\u0142 wrogo\u015b\u0107 przeciw sobie, aby\u015bcie nie ustawali, z\u0142amani<br \/>\nna duchu. Jeszcze nie opierali\u015bcie si\u0119 a\u017c do przelewu krwi,<br \/>\nwalcz\u0105c przeciw grzechowi.<\/span><\/span><\/span> <\/b><\/span><\/span><br \/>\n<\/span><\/div>\n<div align=\"justify\" style=\"line-height: 150%; margin-bottom: 0cm;\">\n<span style=\"font-size: x-large;\"><\/p>\n<p><\/span><\/div>\n<div align=\"justify\" style=\"line-height: 150%; margin-bottom: 0cm;\">\n<span style=\"color: black;\"><span style=\"font-family: Book Antiqua, serif;\"><span style=\"font-size: x-large;\"><b>S\u0141OWA<br \/>\nEWANGELII WED\u0141UG \u015aWI\u0118TEGO MARKA:<\/b><\/span><\/span><\/span><\/div>\n<div align=\"justify\" style=\"line-height: 150%; margin-bottom: 0cm; page-break-before: auto; text-indent: 1.3cm;\">\n<span style=\"font-size: x-large;\"><span style=\"color: black;\"><span style=\"font-family: Book Antiqua, serif;\"><b><span style=\"font-variant: normal;\"><span style=\"letter-spacing: normal;\"><span style=\"font-style: normal;\">Gdy<br \/>\nJezus przeprawi\u0142 si\u0119 z powrotem w \u0142odzi na drugi brzeg, zebra\u0142<br \/>\nsi\u0119 wielki t\u0142um wok\u00f3\u0142 Niego, a On by\u0142 jeszcze nad jeziorem.<br \/>\nWtedy przyszed\u0142 jeden z prze\u0142o\u017conych synagogi, imieniem Jair. Gdy<br \/>\nGo ujrza\u0142, upad\u0142 Mu do n\u00f3g i prosi\u0142 usilnie: \u201eMoja c\u00f3reczka<br \/>\ndogorywa, przyjd\u017a i po\u0142\u00f3\u017c na ni\u0105 r\u0119ce, aby ocala\u0142a i \u017cy\u0142a.\u201d<br \/>\nPoszed\u0142 wi\u0119c z nim, a wielki t\u0142um szed\u0142 za Nim i zewsz\u0105d <\/span><\/span><\/span><span style=\"font-variant: normal;\"><span style=\"letter-spacing: normal;\"><span style=\"font-style: normal;\">Go<br \/>\n\u015bciskali<\/span><\/span><\/span><span style=\"font-variant: normal;\"><span style=\"letter-spacing: normal;\"><span style=\"font-style: normal;\">.<br \/>\n<\/span><\/span><\/span><\/b><\/span><\/span><br \/>\n<\/span><\/div>\n<div align=\"justify\" style=\"line-height: 150%; margin-bottom: 0cm; text-indent: 1.3cm;\">\n<span style=\"font-size: x-large;\"><span style=\"color: black;\"><span style=\"font-family: Book Antiqua, serif;\"><b><span style=\"font-variant: normal;\"><span style=\"letter-spacing: normal;\"><span style=\"font-style: normal;\">A<br \/>\npewna kobieta od dwunastu lat cierpia\u0142a na up\u0142yw krwi. Wiele<br \/>\nprzecierpia\u0142a od r\u00f3\u017cnych lekarzy i ca\u0142e swe mienie wyda\u0142a, a nic<br \/>\njej nie pomog\u0142o, lecz mia\u0142a si\u0119 jeszcze gorzej. S\u0142ysza\u0142a ona o<br \/>\nJezusie, wi\u0119c <\/span><\/span><\/span><span style=\"font-variant: normal;\"><span style=\"letter-spacing: normal;\"><span style=\"font-style: normal;\">zbli\u017cy\u0142a<br \/>\nsi\u0119 z<\/span><\/span><\/span><span style=\"font-variant: normal;\"><span style=\"letter-spacing: normal;\"><span style=\"font-style: normal;\"><br \/>\nty\u0142u, mi\u0119dzy t\u0142umem, i dotkn\u0119\u0142a si\u0119 Jego p\u0142aszcza. M\u00f3wi\u0142a<br \/>\nbowiem: \u201e<\/span><\/span><\/span><span style=\"font-variant: normal;\"><span style=\"letter-spacing: normal;\"><span style=\"font-style: normal;\">\u017b<\/span><\/span><\/span><span style=\"font-variant: normal;\"><span style=\"letter-spacing: normal;\"><span style=\"font-style: normal;\">ebym<br \/>\nsi\u0119 cho\u0107 Jego p\u0142aszcza dotkn\u0119\u0142a, a b\u0119d\u0119 zdrowa\u201d. Zaraz te\u017c<br \/>\nusta\u0142 jej krwotok i poczu\u0142a w ciele, \u017ce jest uzdrowiona z<br \/>\ndolegliwo\u015bci. <\/span><\/span><\/span><\/b><\/span><\/span><br \/>\n<\/span><\/div>\n<div align=\"justify\" style=\"line-height: 150%; margin-bottom: 0cm; text-indent: 1.3cm;\">\n<span style=\"font-size: x-large;\"><span style=\"color: black;\"><span style=\"font-family: Book Antiqua, serif;\"><b><span style=\"font-variant: normal;\"><span style=\"letter-spacing: normal;\"><span style=\"font-style: normal;\">A<br \/>\nJezus natychmiast u\u015bwiadomi\u0142 sobie, \u017ce moc wysz\u0142a od Niego.<br \/>\nObr\u00f3ci\u0142 si\u0119 w t\u0142umie i zapyta\u0142: \u201eKto si\u0119 dotkn\u0105\u0142 mojego<br \/>\np\u0142aszcza?\u201d Odpowiedzieli Mu uczniowie: \u201eWidzisz, \u017ce t\u0142um<br \/>\nzewsz\u0105d Ci\u0119 \u015bciska, a pytasz: <\/span><\/span><\/span><span style=\"font-variant: normal;\"><span style=\"letter-spacing: normal;\"><span style=\"font-style: normal;\">\u00ab<\/span><\/span><\/span><span style=\"font-variant: normal;\"><span style=\"letter-spacing: normal;\"><span style=\"font-style: normal;\">Kto<br \/>\nsi\u0119 Mnie dotkn\u0105\u0142?<\/span><\/span><\/span><span style=\"font-variant: normal;\"><span style=\"letter-spacing: normal;\"><span style=\"font-style: normal;\">\u00bb<\/span><\/span><\/span><span style=\"font-variant: normal;\"><span style=\"letter-spacing: normal;\"><span style=\"font-style: normal;\">\u201d<br \/>\nOn jednak rozgl\u0105da\u0142 si\u0119, by ujrze\u0107 t\u0119, kt\u00f3ra to uczyni\u0142a.<br \/>\nWtedy kobieta przysz\u0142a zal\u0119kniona i dr\u017c\u0105ca, gdy\u017c wiedzia\u0142a, co<br \/>\nsi\u0119 z ni\u0105 sta\u0142o, upad\u0142a przed Nim i wyzna\u0142a Mu ca\u0142\u0105 prawd\u0119.<br \/>\nOn za\u015b rzek\u0142 do niej: \u201eC\u00f3rko, twoja wiara ci\u0119 ocali\u0142a, id\u017a w<br \/>\npokoju i b\u0105d\u017a uzdrowiona ze swej dolegliwo\u015bci\u201d. <\/span><\/span><\/span><\/b><\/span><\/span><br \/>\n<\/span><\/div>\n<div align=\"justify\" style=\"font-style: normal; font-variant: normal; letter-spacing: normal; line-height: 150%; margin-bottom: 0cm; text-indent: 1.3cm;\">\n<span style=\"font-size: x-large;\"><span style=\"color: black;\"><span style=\"font-family: Book Antiqua, serif;\"><b>Gdy<br \/>\nOn jeszcze m\u00f3wi\u0142, przyszli ludzie od prze\u0142o\u017conego synagogi i<br \/>\ndonie\u015bli: \u201eTwoja c\u00f3rka umar\u0142a, czemu jeszcze trudzisz<br \/>\nNauczyciela?\u201d Lecz Jezus s\u0142ysz\u0105c, co m\u00f3wiono, rzek\u0142<br \/>\nprze\u0142o\u017conemu synagogi: \u201eNie b\u00f3j si\u0119, wierz tylko!\u201d I nie<br \/>\npozwoli\u0142 nikomu i\u015b\u0107 z sob\u0105 z wyj\u0105tkiem Piotra, Jakuba i Jana,<br \/>\nbrata Jakubowego. <\/b><\/span><\/span><br \/>\n<\/span><\/div>\n<div align=\"justify\" style=\"font-style: normal; font-variant: normal; letter-spacing: normal; line-height: 150%; margin-bottom: 0cm; text-indent: 1.3cm;\">\n<span style=\"font-size: x-large;\"><span style=\"color: black;\"><span style=\"font-family: Book Antiqua, serif;\"><b>Tak<br \/>\nprzyszli do domu prze\u0142o\u017conego synagogi. Wobec zamieszania, p\u0142aczu<br \/>\ni g\u0142o\u015bnego zawodzenia, wszed\u0142 i rzek\u0142 do nich: \u201eCzemu robicie<br \/>\nzgie\u0142k i p\u0142aczecie? Dziecko nie umar\u0142o, tylko \u015bpi.\u201d I<br \/>\nwy\u015bmiewali Go. <\/b><\/span><\/span><br \/>\n<\/span><\/div>\n<div align=\"justify\" style=\"font-style: normal; font-variant: normal; letter-spacing: normal; line-height: 150%; margin-bottom: 0cm; text-indent: 1.3cm;\">\n<span style=\"color: black;\"><span style=\"font-family: Book Antiqua, serif;\"><span style=\"font-size: x-large;\"><b>Lecz<br \/>\nOn odsun\u0105\u0142 wszystkich, wzi\u0105\u0142 z sob\u0105 tylko ojca, matk\u0119 dziecka<br \/>\noraz tych, kt\u00f3rzy z Nim byli, i wszed\u0142 tam, gdzie dziecko le\u017ca\u0142o.<br \/>\nUj\u0105wszy dziewczynk\u0119 za r\u0119k\u0119, rzek\u0142 do niej: \u201eTalitha kum\u201d,<br \/>\nto znaczy: \u201eDziewczynko, m\u00f3wi\u0119 ci, wsta\u0144!\u201d Dziewczynka<br \/>\nnatychmiast wsta\u0142a i chodzi\u0142a, mia\u0142a bowiem dwana\u015bcie lat. I<br \/>\nos\u0142upieli wprost ze zdumienia. Przykaza\u0142 im te\u017c z naciskiem, \u017ceby<br \/>\nnikt o tym nie wiedzia\u0142, i poleci\u0142, aby jej dano je\u015b\u0107.<\/b><\/span><\/span><\/span><\/div>\n<div align=\"justify\" style=\"line-height: 150%; margin-bottom: 0cm;\">\n<span style=\"font-size: x-large;\"><\/p>\n<p><\/span><\/div>\n<div align=\"justify\" style=\"font-style: normal; font-variant: normal; font-weight: normal; letter-spacing: normal; line-height: 150%; margin-bottom: 0cm; page-break-before: auto; text-indent: 1.3cm;\">\n<span style=\"font-size: x-large;\"><span style=\"color: black;\"><span style=\"font-family: Book Antiqua, serif;\">Chyba<br \/>\ndo nas wszystkich Autor Listu do Hebrajczyk\u00f3w kieruje te oto s\u0142owa:<br \/>\n<i><b>Jeszcze nie opierali\u015bcie si\u0119 a\u017c do przelewu krwi, walcz\u0105c<br \/>\nprzeciw grzechowi.<\/b><\/i><b> <\/b>Rzeczywi\u015bcie, my nie przelewali\u015bmy<br \/>\nkrwi w obronie wiary. <b>I oby\u015bmy nigdy nie musieli!<\/b> Wiemy<br \/>\njednak, \u017ce nie wszyscy na \u015bwiecie maj\u0105 tak dobrze, jak my. My\u015blimy<br \/>\no tylu miejscach na kuli ziemskiej, gdzie <b>za wiar\u0119 w Jezusa traci<br \/>\nsi\u0119 \u017cycie<\/b> \u2013 i to w spos\u00f3b najbardziej brutalny i okrutny!<br \/>\nTakie to mamy cywilizowane czasy! Tyle si\u0119 m\u00f3wi o prawach<br \/>\ncz\u0142owieka! <b>Tylko chrze\u015bcijanom nie zawsze i nie wsz\u0119dzie one<br \/>\nprzys\u0142uguj\u0105\u2026<\/b> <\/span><\/span><br \/>\n<\/span><\/div>\n<div align=\"justify\" style=\"font-style: normal; font-variant: normal; font-weight: normal; letter-spacing: normal; line-height: 150%; margin-bottom: 0cm; text-indent: 1.3cm;\">\n<span style=\"font-size: x-large;\"><span style=\"color: black;\"><span style=\"font-family: Book Antiqua, serif;\">My<br \/>\njednak mo\u017cemy si\u0119 cieszy\u0107 wolno\u015bci\u0105 i swobod\u0105 w wyznawaniu<br \/>\nwiary. Co nie oznacza, \u017ce tak\u017ce nie musimy pokonywa\u0107 rozlicznych<br \/>\ntrudno\u015bci. A w\u015br\u00f3d nich \u2013 tych najwi\u0119kszych, kt\u00f3rych <b>\u017ar\u00f3d\u0142o<br \/>\ntkwi w nas samych! <\/b>Oczywi\u015bcie, wiemy o czym mowa. O czym? <\/span><\/span><br \/>\n<\/span><\/div>\n<div align=\"justify\" style=\"font-style: normal; font-variant: normal; font-weight: normal; letter-spacing: normal; line-height: 150%; margin-bottom: 0cm; text-indent: 1.3cm;\">\n<span style=\"color: black;\"><span style=\"font-family: Book Antiqua, serif;\"><span style=\"font-size: x-large;\"><b>O<br \/>\ngrzechu, <\/b>kt\u00f3remu tak \u0142atwo ulegamy. I w\u0142a\u015bnie walka z<br \/>\npokusami do niego i z nim samym \u2013 to jest <b>nasze najwi\u0119ksze<br \/>\nm\u0119cze\u0144stwo. <\/b>Bo musimy pokonywa\u0107 swoje w\u0142asne, <b>wewn\u0119trzne<br \/>\nopory<\/b> i z\u0142e sk\u0142onno\u015bci, ale te\u017c r\u00f3\u017cne komentarze, a<br \/>\nniekiedy wr\u0119cz drwiny i przeszkody <b>ze strony otoczenia!<\/b><\/span><\/span><\/span><\/div>\n<div align=\"justify\" style=\"font-style: normal; font-variant: normal; font-weight: normal; letter-spacing: normal; line-height: 150%; margin-bottom: 0cm; text-indent: 1.3cm;\">\n<span style=\"font-size: x-large;\"><span style=\"color: black;\"><span style=\"font-family: Book Antiqua, serif;\">Z<br \/>\ntakimi dok\u0142adnie problemami musieli si\u0119 zmierzy\u0107 bohaterowie<br \/>\ndzisiejszej Ewangelii. Kobieta cierpi\u0105ca na up\u0142yw krwi <b>przeciska\u0142a<br \/>\nsi\u0119 przez t\u0142um,<\/b> kt\u00f3ry nie chcia\u0142 jej dopu\u015bci\u0107 do Jezusa, a<br \/>\nJair musia\u0142 wys\u0142ucha\u0107 wiadomo\u015bci o \u015bmierci swej c\u00f3rki \u2013 o<br \/>\nuratowanie kt\u00f3rej w\u0142a\u015bnie prosi\u0142 \u2013 oraz zniech\u0119caj\u0105cego<br \/>\npytania: <i><b>Po co jeszcze trudzisz Nauczyciela?<\/b><\/i> <\/span><\/span><br \/>\n<\/span><\/div>\n<div align=\"justify\" style=\"font-style: normal; font-variant: normal; font-weight: normal; letter-spacing: normal; line-height: 150%; margin-bottom: 0cm; text-indent: 1.3cm;\">\n<span style=\"font-size: x-large;\"><span style=\"color: black;\"><span style=\"font-family: Book Antiqua, serif;\">Ale<br \/>\nw tym momencie odpowied\u017a Jezusa przynios\u0142a pocieszenie i wsparcie.<br \/>\nBo Jezus rzek\u0142: <i><b>Nie b\u00f3j si\u0119, wierz tylko!<\/b><\/i> My\u015bl\u0119,<br \/>\n\u017ce ta zach\u0119ta nie tylko do Jaira by\u0142a skierowana. W jaki\u015b<br \/>\nduchowy, wewn\u0119trzny spos\u00f3b, <b>musia\u0142a j\u0105 us\u0142ysze\u0107<\/b> kobieta<br \/>\ncierpi\u0105ca na krwotok, a tak\u017ce ci wszyscy \u015awiadkowie wiary, na<br \/>\nkt\u00f3rych wskazuje dzi\u015b Autor Listu do Hebrajczyk\u00f3w. Wszyscy oni<br \/>\ndlatego wytrwali, nie zniech\u0119cili si\u0119, nie odeszli od Jezusa, \u017ce<br \/>\nus\u0142yszeli bardzo wyra\u017anie: <i><b>Nie b\u00f3j si\u0119, wierz tylko!<\/b><\/i><b><br \/>\n<\/b><\/span><\/span><br \/>\n<\/span><\/div>\n<div align=\"justify\" style=\"font-style: normal; font-variant: normal; font-weight: normal; letter-spacing: normal; line-height: 150%; margin-bottom: 0cm; text-indent: 1.3cm;\">\n<span style=\"font-size: x-large;\"><span style=\"color: black;\"><span style=\"font-family: Book Antiqua, serif;\">No,tak!<br \/>\n\u0141atwo powiedzie\u0107: <b>tylko wierz!<\/b> Jakby to rzeczywi\u015bcie by\u0142o<br \/>\n<b>\u201etylko\u201d<\/b> \u2013 zw\u0142aszcza, kiedy trzeba odda\u0107 \u017cycie za<br \/>\nwiar\u0119, albo ponie\u015b\u0107 cierpienie, albo przynajmniej dozna\u0107<br \/>\nnieprzyjemno\u015bci ze strony ludzi. Ale <b>czy\u017c mamy inne wyj\u015bcie,<\/b><br \/>\nani\u017celi z ca\u0142ej si\u0142y zmierza\u0107, a czasami <b>rozpycha\u0107 si\u0119 wr\u0119cz<\/b><br \/>\nw drodze do Jezusa \u2013 tak, rozpycha\u0107 si\u0119, przedzieraj\u0105c si\u0119<br \/>\nprzez tyle r\u00f3\u017cnych przeszk\u00f3d wewn\u0119trznych i zewn\u0119trznych? <\/span><\/span><br \/>\n<\/span><\/div>\n<div align=\"justify\" style=\"font-style: normal; font-variant: normal; font-weight: normal; letter-spacing: normal; line-height: 150%; margin-bottom: 0cm; text-indent: 1.3cm;\">\n<span style=\"color: black;\"><span style=\"font-family: Book Antiqua, serif;\"><span style=\"font-size: x-large;\">To<br \/>\nprawda, jeszcze nie opierali\u015bmy si\u0119 <i><b>a\u017c do przelewu krwi,<br \/>\nwalcz\u0105c przeciwko grzechowi.<\/b><\/i> Ale oby\u015bmy pozostali wierni<br \/>\nJezusowi w obliczu tego <b>codziennego \u201eup\u0142ywu krwi\u201d, <\/b>na<br \/>\nkt\u00f3ry cierpia\u0142a kobieta z Ewangelii, a kt\u00f3ry mo\u017cna uzna\u0107 za<br \/>\n<b>symbol naszych codziennych trudno\u015bci,<\/b> cierpie\u0144, do\u015bwiadcze\u0144,<br \/>\nb\u00f3l\u00f3w i przeciwno\u015bci\u2026 A nawet \u2013 naszego codziennego zm\u0119czenia.<br \/>\nOby\u015bmy <b>w obliczu tego wszystkiego \u2013 pozostali wierni! <\/b>Oby\u015bmy<br \/>\ntylko \u2013 albo: a\u017c! \u2013 wierzyli!<\/span><\/span><\/span><\/div>\n<div align=\"justify\" style=\"font-style: normal; font-variant: normal; font-weight: normal; letter-spacing: normal; line-height: 150%; margin-bottom: 0cm; text-indent: 1.3cm;\">\n<span style=\"color: black;\"><span style=\"font-family: Book Antiqua, serif;\"><span style=\"font-size: x-large;\">Przyk\u0142adem<br \/>\ni pomoc\u0105 na tej drodze z pewno\u015bci\u0105 b\u0119dzie dla nas \u015bwiadectwo<br \/>\nwiary Patronki dnia dzisiejszego, <b>\u015awi\u0119tej Agaty.<\/b> Ona akurat<br \/>\nopiera\u0142a si\u0119 <i><b>a\u017c do przelewu krwi,<\/b><\/i> przeto zalicza si\u0119<br \/>\ndo tego wielkiego grona \u015awiadk\u00f3w, o kt\u00f3rych m\u00f3wi Autor Listu do<br \/>\nHebrajczyk\u00f3w. Co wiemy o \u015awi\u0119tej Agacie?<\/span><\/span><\/span><\/div>\n<div align=\"justify\" style=\"line-height: 150%; margin-bottom: 0cm; text-indent: 1.3cm;\">\n<span style=\"font-size: x-large;\"><span style=\"color: black;\"><span style=\"font-family: Book Antiqua, serif;\"><span style=\"font-weight: normal;\">Jej<\/span><span style=\"font-weight: normal;\"><br \/>\nimi\u0119 etymologicznie oznacza: <\/span><b>\u201edobra\u201d, \u201edobrze<br \/>\nurodzona\u201d, \u201eze szlachetnego rodu\u201d.<\/b> Wiadomo\u015bci o niej<br \/>\nczerpiemy zasadniczo <b>z akt jej m\u0119cze\u0144stwa. <\/b>W pierwszych<br \/>\nwiekach chrze\u015bcija\u0144stwa istnia\u0142 bowiem zwyczaj, \u017ce sporz\u0105dzano<br \/>\nakta M\u0119czennik\u00f3w. Wi\u0119kszo\u015b\u0107 z nich nie doczeka\u0142a \u2013 niestety \u2013<br \/>\ndo naszych czas\u00f3w. <\/span><\/span><br \/>\n<\/span><\/div>\n<div align=\"justify\" style=\"line-height: 150%; margin-bottom: 0cm; text-indent: 1.3cm;\">\n<span style=\"font-size: x-large;\"><span style=\"color: black;\"><span style=\"font-family: Book Antiqua, serif;\">Akta<br \/>\nm\u0119cze\u0144stwa Agaty <b>pochodz\u0105 dopiero z V wieku <\/b>i wed\u0142ug nich<br \/>\nurodzi\u0142a si\u0119 ona w Katanii na Sycylii, oko\u0142o 235 roku. Po<br \/>\nprzyj\u0119ciu Chrztu postanowi\u0142a po\u015bwi\u0119ci\u0107 si\u0119 Chrystusowi i \u017cy\u0107<br \/>\nw dziewictwie. Jej wyj\u0105tkowa uroda zwr\u00f3ci\u0142a uwag\u0119 Kwincjana,<br \/>\nnamiestnika Sycylii, kt\u00f3ry zaproponowa\u0142 jej ma\u0142\u017ce\u0144stwo. <span style=\"font-weight: normal;\">Agata<br \/>\n<\/span><span style=\"font-weight: normal;\">jednak<\/span><b> <\/b><b>odm\u00f3wi\u0142a,<br \/>\n<\/b><span style=\"font-weight: normal;\">czym <\/span><span style=\"font-weight: normal;\">wzbudz<\/span><span style=\"font-weight: normal;\">i\u0142a<\/span><span style=\"font-weight: normal;\"><br \/>\nw odrzuconym senatorze<\/span><b> nienawi\u015b\u0107 i pragnienie zemsty.<\/b><br \/>\nTrwa\u0142y w\u00f3wczas prze\u015bladowania chrze\u015bcijan, zarz\u0105dzone przez<br \/>\ncesarza Decjusza. <\/span><\/span><br \/>\n<\/span><\/div>\n<div align=\"justify\" style=\"line-height: 150%; margin-bottom: 0cm; text-indent: 1.3cm;\">\n<span style=\"font-size: x-large;\"><span style=\"color: black;\"><span style=\"font-family: Book Antiqua, serif;\"><span style=\"font-weight: normal;\">Kwincjan<br \/>\naresztowa\u0142 Agat\u0119. <\/span><b>Pr\u00f3bowa\u0142 j\u0105 znies\u0142awi\u0107 <\/b><span style=\"font-weight: normal;\">przez<br \/>\npozbawienie jej dziewiczej niewinno\u015bci, dlatego odda\u0142 j\u0105 pod<br \/>\n\u201eopiek\u0119\u201d pewnej rozpustnej kobiety. Kiedy te zabiegi spe\u0142z\u0142y<br \/>\nna niczym, <\/span><b>namiestnik skaza\u0142 Agat\u0119 na tortury, <\/b><span style=\"font-weight: normal;\">podczas<br \/>\nkt\u00f3rych odci\u0119to jej piersi. W tym jednak czasie miasto nawiedzi\u0142o<br \/>\n<\/span><b>trz\u0119sienie ziemi, wynikiem czego zgin\u0119\u0142o wielu pogan.<br \/>\n<\/b><span style=\"font-weight: normal;\">Przera\u017cony namiestnik nakaza\u0142<br \/>\nzaprzesta\u0107 m\u0105k, gdy\u017c dostrzeg\u0142 w tym kar\u0119 Bo\u017c\u0105. Ostatecznie<br \/>\n<\/span><b>Agata ponios\u0142a \u015bmier\u0107, rzucona na roz\u017carzone w\u0119gle, 5<br \/>\nlutego 251 roku. <\/b><\/span><\/span><br \/>\n<\/span><\/div>\n<div align=\"justify\" style=\"line-height: 150%; margin-bottom: 0cm; text-indent: 1.3cm;\">\n<span style=\"color: black;\"><span style=\"font-family: Book Antiqua, serif;\"><span style=\"font-size: x-large;\"><span style=\"font-variant: normal;\"><span style=\"letter-spacing: normal;\"><span style=\"font-style: normal;\"><span style=\"font-weight: normal;\">Jej<br \/>\ncia\u0142o chrze\u015bcijanie z\u0142o\u017cyli w bezpiecznym miejscu poza miastem. W<br \/>\nnast\u0119pnych wiekach kolejni Papie\u017ce wystawili <\/span><\/span><\/span><\/span><span style=\"font-variant: normal;\"><span style=\"letter-spacing: normal;\"><span style=\"font-style: normal;\"><span style=\"font-weight: normal;\">ku<\/span><\/span><\/span><\/span><span style=\"font-variant: normal;\"><span style=\"letter-spacing: normal;\"><span style=\"font-style: normal;\"><span style=\"font-weight: normal;\"><br \/>\njej cz<\/span><\/span><\/span><\/span><span style=\"font-variant: normal;\"><span style=\"letter-spacing: normal;\"><span style=\"font-style: normal;\"><span style=\"font-weight: normal;\">ci<\/span><\/span><\/span><\/span><span style=\"font-variant: normal;\"><span style=\"letter-spacing: normal;\"><span style=\"font-style: normal;\"><span style=\"font-weight: normal;\"><br \/>\n kilka \u015bwi\u0105ty\u0144. <\/span><\/span><\/span><\/span><span style=\"font-variant: normal;\"><span style=\"letter-spacing: normal;\"><span style=\"font-style: normal;\"><b>Dowodzi<br \/>\nto wielkie<\/b><\/span><\/span><\/span><span style=\"font-variant: normal;\"><span style=\"letter-spacing: normal;\"><span style=\"font-style: normal;\"><b>go<\/b><\/span><\/span><\/span><span style=\"font-variant: normal;\"><span style=\"letter-spacing: normal;\"><span style=\"font-style: normal;\"><b><br \/>\n<\/b><\/span><\/span><\/span><span style=\"font-variant: normal;\"><span style=\"letter-spacing: normal;\"><span style=\"font-style: normal;\"><b>szacunku<\/b><\/span><\/span><\/span><span style=\"font-variant: normal;\"><span style=\"letter-spacing: normal;\"><span style=\"font-style: normal;\"><b>,<br \/>\njak<\/b><\/span><\/span><\/span><span style=\"font-variant: normal;\"><span style=\"letter-spacing: normal;\"><span style=\"font-style: normal;\"><b>im<\/b><\/span><\/span><\/span><span style=\"font-variant: normal;\"><span style=\"letter-spacing: normal;\"><span style=\"font-style: normal;\"><b><br \/>\notaczano j\u0105 w owych czasach. <\/b><\/span><\/span><\/span><span style=\"font-variant: normal;\"><span style=\"letter-spacing: normal;\"><span style=\"font-style: normal;\"><span style=\"font-weight: normal;\">Obecnie<br \/>\ncia\u0142o Agaty znajduje si\u0119 w katedrze w Katanii.<\/span><\/span><\/span><\/span><\/span><\/span><\/span><\/div>\n<div align=\"justify\" style=\"font-style: normal; font-variant: normal; font-weight: normal; letter-spacing: normal; line-height: 150%; margin-bottom: 0cm; text-indent: 1.3cm;\">\n<span style=\"color: black;\"><span style=\"font-family: Book Antiqua, serif;\"><span style=\"font-size: x-large;\">Wpatruj\u0105c<br \/>\nsi\u0119 w przyk\u0142ad jej \u015bwi\u0119to\u015bci, a jednocze\u015bnie ws\u0142uchuj\u0105c si\u0119<br \/>\nuwa\u017cnie w Bo\u017ce s\u0142owo dzisiejszej liturgii, zastan\u00f3wmy si\u0119, co<br \/>\ndla nas jest takim <b>najwi\u0119kszym i najbardziej bolesnym powodem<br \/>\n\u201eup\u0142ywu krwi\u201d?<\/b> I jak sobie z nim radzimy? Czy przedzieramy<br \/>\nsi\u0119 \u2013 niekiedy wr\u0119cz rozpaczliwie \u2013 do Jezusa? Czy sta\u0107 nas na<br \/>\nto, by\u2026<b> tylko uwierzy\u0107?\u2026<\/b><\/span><\/span><\/span><\/div>\n","protected":false},"excerpt":{"rendered":"<p>Szcz\u0119\u015b\u0107 Bo\u017ce! Moi Drodzy, w dniu wczorajszym imieniny prze\u017cywa\u0142a Weronika Nied\u017awiedzka, moja Siostrzenica, kt\u00f3rej wraz ca\u0142\u0105 Rodzin\u0105 \u017cyczymy, aby by\u0142a nadal tak\u0105 nasz\u0105 wielk\u0105 rado\u015bci\u0105, jak\u0105 jest, a wpatrzona w swoj\u0105 Patronk\u0119, odkrywa\u0142a oblicze Chrystusa w ka\u017cdym cz\u0142owieku, jakiego spotka na swojej drodze! Imieniny wczoraj prze\u017cywa\u0142 tak\u017ce Ksi\u0105dz Andrzej Biernat, niegdy\u015b \u2013 Ojciec Duchowny Pieszej [&hellip;]<\/p>\n","protected":false},"author":1,"featured_media":0,"comment_status":"open","ping_status":"open","sticky":false,"template":"","format":"standard","meta":{"jetpack_post_was_ever_published":false,"_jetpack_newsletter_access":"","_jetpack_dont_email_post_to_subs":false,"_jetpack_newsletter_tier_id":0,"_jetpack_memberships_contains_paywalled_content":false,"_jetpack_memberships_contains_paid_content":false,"footnotes":""},"categories":[1],"tags":[],"class_list":["post-14701","post","type-post","status-publish","format-standard","hentry","category-bez-kategorii"],"yoast_head":"<!-- This site is optimized with the Yoast SEO plugin v25.1 - https:\/\/yoast.com\/wordpress\/plugins\/seo\/ -->\n<title>Uwierzy\u0107 - tylko?... - Gaudium Et Spes<\/title>\n<meta name=\"robots\" content=\"index, follow, max-snippet:-1, max-image-preview:large, max-video-preview:-1\" \/>\n<link rel=\"canonical\" href=\"https:\/\/gaudiumetspes-blog.pl\/index.php\/2019\/02\/05\/uwierzyc-tylko\/\" \/>\n<meta property=\"og:locale\" content=\"pl_PL\" \/>\n<meta property=\"og:type\" content=\"article\" \/>\n<meta property=\"og:title\" content=\"Uwierzy\u0107 - tylko?... - Gaudium Et Spes\" \/>\n<meta property=\"og:description\" content=\"Szcz\u0119\u015b\u0107 Bo\u017ce! Moi Drodzy, w dniu wczorajszym imieniny prze\u017cywa\u0142a Weronika Nied\u017awiedzka, moja Siostrzenica, kt\u00f3rej wraz ca\u0142\u0105 Rodzin\u0105 \u017cyczymy, aby by\u0142a nadal tak\u0105 nasz\u0105 wielk\u0105 rado\u015bci\u0105, jak\u0105 jest, a wpatrzona w swoj\u0105 Patronk\u0119, odkrywa\u0142a oblicze Chrystusa w ka\u017cdym cz\u0142owieku, jakiego spotka na swojej drodze! Imieniny wczoraj prze\u017cywa\u0142 tak\u017ce Ksi\u0105dz Andrzej Biernat, niegdy\u015b \u2013 Ojciec Duchowny Pieszej [&hellip;]\" \/>\n<meta property=\"og:url\" content=\"https:\/\/gaudiumetspes-blog.pl\/index.php\/2019\/02\/05\/uwierzyc-tylko\/\" \/>\n<meta property=\"og:site_name\" content=\"Gaudium Et Spes\" \/>\n<meta property=\"article:published_time\" content=\"2019-02-05T05:23:00+00:00\" \/>\n<meta property=\"article:modified_time\" content=\"2019-07-31T10:59:29+00:00\" \/>\n<meta name=\"author\" content=\"Ks. Jacek\" \/>\n<meta name=\"twitter:card\" content=\"summary_large_image\" \/>\n<meta name=\"twitter:label1\" content=\"Napisane przez\" \/>\n\t<meta name=\"twitter:data1\" content=\"Ks. Jacek\" \/>\n\t<meta name=\"twitter:label2\" content=\"Szacowany czas czytania\" \/>\n\t<meta name=\"twitter:data2\" content=\"9 minut\" \/>\n<script type=\"application\/ld+json\" class=\"yoast-schema-graph\">{\"@context\":\"https:\/\/schema.org\",\"@graph\":[{\"@type\":\"WebPage\",\"@id\":\"https:\/\/gaudiumetspes-blog.pl\/index.php\/2019\/02\/05\/uwierzyc-tylko\/\",\"url\":\"https:\/\/gaudiumetspes-blog.pl\/index.php\/2019\/02\/05\/uwierzyc-tylko\/\",\"name\":\"Uwierzy\u0107 - tylko?... - Gaudium Et Spes\",\"isPartOf\":{\"@id\":\"https:\/\/gaudiumetspes-blog.pl\/#website\"},\"datePublished\":\"2019-02-05T05:23:00+00:00\",\"dateModified\":\"2019-07-31T10:59:29+00:00\",\"author\":{\"@id\":\"https:\/\/gaudiumetspes-blog.pl\/#\/schema\/person\/1661982992b752dea8dff0d4ed845a65\"},\"breadcrumb\":{\"@id\":\"https:\/\/gaudiumetspes-blog.pl\/index.php\/2019\/02\/05\/uwierzyc-tylko\/#breadcrumb\"},\"inLanguage\":\"pl-PL\",\"potentialAction\":[{\"@type\":\"ReadAction\",\"target\":[\"https:\/\/gaudiumetspes-blog.pl\/index.php\/2019\/02\/05\/uwierzyc-tylko\/\"]}]},{\"@type\":\"BreadcrumbList\",\"@id\":\"https:\/\/gaudiumetspes-blog.pl\/index.php\/2019\/02\/05\/uwierzyc-tylko\/#breadcrumb\",\"itemListElement\":[{\"@type\":\"ListItem\",\"position\":1,\"name\":\"Strona g\u0142\u00f3wna\",\"item\":\"https:\/\/gaudiumetspes-blog.pl\/\"},{\"@type\":\"ListItem\",\"position\":2,\"name\":\"Uwierzy\u0107 &#8211; tylko?&#8230;\"}]},{\"@type\":\"WebSite\",\"@id\":\"https:\/\/gaudiumetspes-blog.pl\/#website\",\"url\":\"https:\/\/gaudiumetspes-blog.pl\/\",\"name\":\"Gaudium Et Spes\",\"description\":\"Blog Ks. Jacka Ja\u015bkowskiego\",\"potentialAction\":[{\"@type\":\"SearchAction\",\"target\":{\"@type\":\"EntryPoint\",\"urlTemplate\":\"https:\/\/gaudiumetspes-blog.pl\/?s={search_term_string}\"},\"query-input\":{\"@type\":\"PropertyValueSpecification\",\"valueRequired\":true,\"valueName\":\"search_term_string\"}}],\"inLanguage\":\"pl-PL\"},{\"@type\":\"Person\",\"@id\":\"https:\/\/gaudiumetspes-blog.pl\/#\/schema\/person\/1661982992b752dea8dff0d4ed845a65\",\"name\":\"Ks. Jacek\",\"image\":{\"@type\":\"ImageObject\",\"inLanguage\":\"pl-PL\",\"@id\":\"https:\/\/gaudiumetspes-blog.pl\/#\/schema\/person\/image\/\",\"url\":\"https:\/\/gaudiumetspes-blog.pl\/wp-content\/uploads\/2019\/07\/avatar-JJ-150x150.jpg\",\"contentUrl\":\"https:\/\/gaudiumetspes-blog.pl\/wp-content\/uploads\/2019\/07\/avatar-JJ-150x150.jpg\",\"caption\":\"Ks. Jacek\"},\"description\":\"Witam serdecznie! K\u0142ania si\u0119 Ks. Jacek Ja\u015bkowski. Nie jestem ani kim\u015b wa\u017cnym, ani kim\u015b znanym. Jestem ksi\u0119dzem, kt\u00f3ry po prostu chce rozmawia\u0107. Codzienna kap\u0142a\u0144ska pos\u0142uga pokazuje mi, \u017ce temat\u00f3w do rozm\u00f3w z ksi\u0119dzem jest coraz wi\u0119cej i dzisiaj \u017caden ksi\u0105dz nie mo\u017ce od nich ucieka\u0107, ale - wprost przeciwnie - podejmowa\u0107 nowe wyzwania. To przekonanie sk\u0142oni\u0142o mnie do pr\u00f3by otwarcia tego\u017c bloga, chocia\u017c okazji do rozm\u00f3w na co dzie\u0144 - w konfesjonale i poza nim - na szcz\u0119\u015bcie nie brakuje. My\u015bl\u0119 jednak, \u017ce ten blog b\u0119dzie jeszcze jednym sposobem i przestrzeni\u0105 nawi\u0105zania kontaktu z lud\u017ami dobrej woli, otwartymi na dialog.\",\"url\":\"https:\/\/gaudiumetspes-blog.pl\/index.php\/author\/ks-jacek\/\"}]}<\/script>\n<!-- \/ Yoast SEO plugin. -->","yoast_head_json":{"title":"Uwierzy\u0107 - tylko?... - Gaudium Et Spes","robots":{"index":"index","follow":"follow","max-snippet":"max-snippet:-1","max-image-preview":"max-image-preview:large","max-video-preview":"max-video-preview:-1"},"canonical":"https:\/\/gaudiumetspes-blog.pl\/index.php\/2019\/02\/05\/uwierzyc-tylko\/","og_locale":"pl_PL","og_type":"article","og_title":"Uwierzy\u0107 - tylko?... - Gaudium Et Spes","og_description":"Szcz\u0119\u015b\u0107 Bo\u017ce! Moi Drodzy, w dniu wczorajszym imieniny prze\u017cywa\u0142a Weronika Nied\u017awiedzka, moja Siostrzenica, kt\u00f3rej wraz ca\u0142\u0105 Rodzin\u0105 \u017cyczymy, aby by\u0142a nadal tak\u0105 nasz\u0105 wielk\u0105 rado\u015bci\u0105, jak\u0105 jest, a wpatrzona w swoj\u0105 Patronk\u0119, odkrywa\u0142a oblicze Chrystusa w ka\u017cdym cz\u0142owieku, jakiego spotka na swojej drodze! Imieniny wczoraj prze\u017cywa\u0142 tak\u017ce Ksi\u0105dz Andrzej Biernat, niegdy\u015b \u2013 Ojciec Duchowny Pieszej [&hellip;]","og_url":"https:\/\/gaudiumetspes-blog.pl\/index.php\/2019\/02\/05\/uwierzyc-tylko\/","og_site_name":"Gaudium Et Spes","article_published_time":"2019-02-05T05:23:00+00:00","article_modified_time":"2019-07-31T10:59:29+00:00","author":"Ks. Jacek","twitter_card":"summary_large_image","twitter_misc":{"Napisane przez":"Ks. Jacek","Szacowany czas czytania":"9 minut"},"schema":{"@context":"https:\/\/schema.org","@graph":[{"@type":"WebPage","@id":"https:\/\/gaudiumetspes-blog.pl\/index.php\/2019\/02\/05\/uwierzyc-tylko\/","url":"https:\/\/gaudiumetspes-blog.pl\/index.php\/2019\/02\/05\/uwierzyc-tylko\/","name":"Uwierzy\u0107 - tylko?... - Gaudium Et Spes","isPartOf":{"@id":"https:\/\/gaudiumetspes-blog.pl\/#website"},"datePublished":"2019-02-05T05:23:00+00:00","dateModified":"2019-07-31T10:59:29+00:00","author":{"@id":"https:\/\/gaudiumetspes-blog.pl\/#\/schema\/person\/1661982992b752dea8dff0d4ed845a65"},"breadcrumb":{"@id":"https:\/\/gaudiumetspes-blog.pl\/index.php\/2019\/02\/05\/uwierzyc-tylko\/#breadcrumb"},"inLanguage":"pl-PL","potentialAction":[{"@type":"ReadAction","target":["https:\/\/gaudiumetspes-blog.pl\/index.php\/2019\/02\/05\/uwierzyc-tylko\/"]}]},{"@type":"BreadcrumbList","@id":"https:\/\/gaudiumetspes-blog.pl\/index.php\/2019\/02\/05\/uwierzyc-tylko\/#breadcrumb","itemListElement":[{"@type":"ListItem","position":1,"name":"Strona g\u0142\u00f3wna","item":"https:\/\/gaudiumetspes-blog.pl\/"},{"@type":"ListItem","position":2,"name":"Uwierzy\u0107 &#8211; tylko?&#8230;"}]},{"@type":"WebSite","@id":"https:\/\/gaudiumetspes-blog.pl\/#website","url":"https:\/\/gaudiumetspes-blog.pl\/","name":"Gaudium Et Spes","description":"Blog Ks. Jacka Ja\u015bkowskiego","potentialAction":[{"@type":"SearchAction","target":{"@type":"EntryPoint","urlTemplate":"https:\/\/gaudiumetspes-blog.pl\/?s={search_term_string}"},"query-input":{"@type":"PropertyValueSpecification","valueRequired":true,"valueName":"search_term_string"}}],"inLanguage":"pl-PL"},{"@type":"Person","@id":"https:\/\/gaudiumetspes-blog.pl\/#\/schema\/person\/1661982992b752dea8dff0d4ed845a65","name":"Ks. Jacek","image":{"@type":"ImageObject","inLanguage":"pl-PL","@id":"https:\/\/gaudiumetspes-blog.pl\/#\/schema\/person\/image\/","url":"https:\/\/gaudiumetspes-blog.pl\/wp-content\/uploads\/2019\/07\/avatar-JJ-150x150.jpg","contentUrl":"https:\/\/gaudiumetspes-blog.pl\/wp-content\/uploads\/2019\/07\/avatar-JJ-150x150.jpg","caption":"Ks. Jacek"},"description":"Witam serdecznie! K\u0142ania si\u0119 Ks. Jacek Ja\u015bkowski. Nie jestem ani kim\u015b wa\u017cnym, ani kim\u015b znanym. Jestem ksi\u0119dzem, kt\u00f3ry po prostu chce rozmawia\u0107. Codzienna kap\u0142a\u0144ska pos\u0142uga pokazuje mi, \u017ce temat\u00f3w do rozm\u00f3w z ksi\u0119dzem jest coraz wi\u0119cej i dzisiaj \u017caden ksi\u0105dz nie mo\u017ce od nich ucieka\u0107, ale - wprost przeciwnie - podejmowa\u0107 nowe wyzwania. To przekonanie sk\u0142oni\u0142o mnie do pr\u00f3by otwarcia tego\u017c bloga, chocia\u017c okazji do rozm\u00f3w na co dzie\u0144 - w konfesjonale i poza nim - na szcz\u0119\u015bcie nie brakuje. My\u015bl\u0119 jednak, \u017ce ten blog b\u0119dzie jeszcze jednym sposobem i przestrzeni\u0105 nawi\u0105zania kontaktu z lud\u017ami dobrej woli, otwartymi na dialog.","url":"https:\/\/gaudiumetspes-blog.pl\/index.php\/author\/ks-jacek\/"}]}},"jetpack_featured_media_url":"","jetpack_sharing_enabled":true,"_links":{"self":[{"href":"https:\/\/gaudiumetspes-blog.pl\/index.php\/wp-json\/wp\/v2\/posts\/14701","targetHints":{"allow":["GET"]}}],"collection":[{"href":"https:\/\/gaudiumetspes-blog.pl\/index.php\/wp-json\/wp\/v2\/posts"}],"about":[{"href":"https:\/\/gaudiumetspes-blog.pl\/index.php\/wp-json\/wp\/v2\/types\/post"}],"author":[{"embeddable":true,"href":"https:\/\/gaudiumetspes-blog.pl\/index.php\/wp-json\/wp\/v2\/users\/1"}],"replies":[{"embeddable":true,"href":"https:\/\/gaudiumetspes-blog.pl\/index.php\/wp-json\/wp\/v2\/comments?post=14701"}],"version-history":[{"count":1,"href":"https:\/\/gaudiumetspes-blog.pl\/index.php\/wp-json\/wp\/v2\/posts\/14701\/revisions"}],"predecessor-version":[{"id":14932,"href":"https:\/\/gaudiumetspes-blog.pl\/index.php\/wp-json\/wp\/v2\/posts\/14701\/revisions\/14932"}],"wp:attachment":[{"href":"https:\/\/gaudiumetspes-blog.pl\/index.php\/wp-json\/wp\/v2\/media?parent=14701"}],"wp:term":[{"taxonomy":"category","embeddable":true,"href":"https:\/\/gaudiumetspes-blog.pl\/index.php\/wp-json\/wp\/v2\/categories?post=14701"},{"taxonomy":"post_tag","embeddable":true,"href":"https:\/\/gaudiumetspes-blog.pl\/index.php\/wp-json\/wp\/v2\/tags?post=14701"}],"curies":[{"name":"wp","href":"https:\/\/api.w.org\/{rel}","templated":true}]}}