{"id":14703,"date":"2019-02-03T04:48:00","date_gmt":"2019-02-03T03:48:00","guid":{"rendered":"https:\/\/gaudiumetspes-blog.pl\/index.php\/2019\/02\/03\/nie-lekaj-sie-prawdy-czarno-biaej\/"},"modified":"2019-07-31T12:59:27","modified_gmt":"2019-07-31T10:59:27","slug":"nie-lekaj-sie-prawdy-czarno-biaej","status":"publish","type":"post","link":"https:\/\/gaudiumetspes-blog.pl\/index.php\/2019\/02\/03\/nie-lekaj-sie-prawdy-czarno-biaej\/","title":{"rendered":"Nie l\u0119kaj si\u0119 prawdy: czarno &#8211; bia\u0142ej!"},"content":{"rendered":"<p><\/p>\n<div align=\"justify\" style=\"font-weight: normal; line-height: 150%; margin-bottom: 0cm;\">\n<span style=\"color: black;\"><span style=\"font-family: &quot;book antiqua&quot; , serif;\"><span style=\"font-size: x-large;\">Niech<br \/>\nb\u0119dzie pochwalony Jezus Chrystus! Moi Drodzy,&nbsp;<\/span><\/span><\/span><span style=\"font-family: &quot;book antiqua&quot;, serif; font-size: x-large; text-indent: 1.3cm;\">do wczorajszej informacji o trzech R\u00f3\u017cach R\u00f3\u017ca\u0144ca<br \/>\nRodzic\u00f3w za Dzieci dodaj\u0119, \u017ce Patronem czwartej jest \u015awi\u0119ty Jan<br \/>\nPawe\u0142 II, a Moderatorem \u2013 Pani Hania Ga\u0142\u0105zka \u2013 Matryba,<br \/>\nKoordynatorka ca\u0142ego dzie\u0142a w naszej Parafii.<\/span><\/div>\n<div align=\"justify\" style=\"background: transparent; line-height: 150%; margin-bottom: 0cm; text-indent: 1.3cm;\">\n<span style=\"color: black;\"><span style=\"font-family: &quot;book antiqua&quot; , serif;\"><span style=\"font-size: x-large;\"><span style=\"font-weight: normal;\">Wczorajsze<br \/>\nza\u015b zawierzenie trzeciej i czwartej R\u00f3\u017cy odby\u0142o si\u0119 naprawd\u0119<br \/>\npi\u0119knie i uroczy\u015bcie! Czekamy na kolejnych Rodzic\u00f3w, kt\u00f3rzy<br \/>\npodejm\u0105 si\u0119 modlitwy za swoje Dzieci. Tak\u017ce w kontek\u015bcie<br \/>\nproblem\u00f3w, o kt\u00f3rych wspominam w rozwa\u017caniu\u2026<\/span><\/span><\/span><\/span><\/div>\n<div align=\"justify\" style=\"background: transparent; line-height: 150%; margin-bottom: 0cm; text-indent: 1.3cm;\">\n<span style=\"font-size: x-large;\"><span style=\"color: black;\"><span style=\"font-family: &quot;book antiqua&quot; , serif;\"><span style=\"font-weight: normal;\">A<br \/>\noto dzisiaj, moi Drodzy, po Mszy \u015awi\u0119tej o godzinie 12:00, z tr\u00f3jk\u0105<br \/>\nM\u0142odzie\u017cy (bo wi\u0119cej znowu nikt nie chcia\u0142\u2026) ruszam do<br \/>\nSzklarskiej Por\u0119by. Czyli \u2013 w jakim\u015b sensie \u2013 do siebie\u2026 Z<br \/>\npewno\u015bci\u0105, b\u0119d\u0119 mia\u0142 du\u017co okazji do modlitwy za Was, moi<br \/>\nDrodzy, oraz we wszystkich intencjach, kt\u00f3re le\u017c\u0105 mi na sercu\u2026 <\/span><\/span><\/span><br \/>\n<\/span><\/div>\n<div align=\"justify\" style=\"background: transparent; line-height: 150%; margin-bottom: 0cm; text-indent: 1.3cm;\">\n<span style=\"color: black;\"><span style=\"font-family: &quot;book antiqua&quot; , serif;\"><span style=\"font-size: x-large;\"><span style=\"font-weight: normal;\">Na<br \/>\ng\u0142\u0119bokie i radosne prze\u017cywanie Dnia Pa\u0144skiego: <\/span><b>Niech<br \/>\nWas b\u0142ogos\u0142awi B\u00f3g Wszechmog\u0105cy: Ojciec + i Syn, i Duch \u015awi\u0119ty.<br \/>\nAmen<\/b><\/span><\/span><\/span><\/div>\n<div align=\"center\" style=\"font-weight: normal; line-height: 150%; margin-bottom: 0cm;\">\n<span style=\"color: black;\"><span style=\"font-family: &quot;book antiqua&quot; , serif;\"><span style=\"font-size: x-large;\">Gaudium<br \/>\net spes!  Ks. Jacek<\/span><\/span><\/span><\/div>\n<div align=\"justify\" style=\"line-height: 150%; margin-bottom: 0cm;\">\n<span style=\"font-size: x-large;\"><\/p>\n<p><\/span><\/div>\n<div align=\"justify\" style=\"line-height: 150%; margin-bottom: 0cm;\">\n<span style=\"color: black;\"><span style=\"font-family: &quot;book antiqua&quot; , serif;\"><span style=\"font-size: x-large;\"><b>4<br \/>\nNiedziela zwyk\u0142a, C,<\/b><\/span><\/span><\/span><\/div>\n<div align=\"justify\" style=\"line-height: 150%; margin-bottom: 0cm;\">\n<span style=\"color: black;\"><span style=\"font-family: &quot;book antiqua&quot; , serif;\"><span style=\"font-size: x-large;\"><b>do<br \/>\nczyta\u0144:  Jr 1,4\u20135.17\u201319;  1 Kor 12,31\u201313,13;  \u0141k 4,21\u201330<\/b><\/span><\/span><\/span><\/div>\n<div align=\"justify\" style=\"line-height: 150%; margin-bottom: 0cm;\">\n<span style=\"font-size: x-large;\"><\/p>\n<p><\/span><\/div>\n<div align=\"justify\" style=\"font-style: normal; font-variant: normal; letter-spacing: normal; line-height: 150%; margin-bottom: 0cm;\">\n<span style=\"color: black;\"><span style=\"font-family: &quot;book antiqua&quot; , serif;\"><span style=\"font-size: x-large;\"><b>CZYTANIE<br \/>\nZ KSI\u0118GI PROROKA JEREMIASZA:<\/b><\/span><\/span><\/span><\/div>\n<div align=\"justify\" style=\"font-style: normal; font-variant: normal; letter-spacing: normal; line-height: 150%; margin-bottom: 0cm; page-break-before: auto; text-indent: 1.3cm; widows: 1;\">\n<span style=\"color: black;\"><span style=\"font-family: &quot;book antiqua&quot; , serif;\"><span style=\"font-size: x-large;\"><b>Za<br \/>\npanowania Jozjasza Pan skierowa\u0142 do mnie nast\u0119puj\u0105ce s\u0142owo:<br \/>\n\u201eZanim ukszta\u0142towa\u0142em ci\u0119 w \u0142onie matki, zna\u0142em ci\u0119,<br \/>\npo\u015bwi\u0119ci\u0142em ci\u0119, nim przyszed\u0142e\u015b na \u015bwiat, ustanowi\u0142em ci\u0119<br \/>\nprorokiem dla narod\u00f3w.<\/b><\/span><\/span><\/span><\/div>\n<div align=\"justify\" style=\"font-style: normal; font-variant: normal; letter-spacing: normal; line-height: 150%; margin-bottom: 0cm; text-indent: 1.3cm; widows: 1;\">\n<span style=\"color: black;\"><span style=\"font-family: &quot;book antiqua&quot; , serif;\"><span style=\"font-size: x-large;\"><b>Ty<br \/>\nza\u015b przepasz swoje biodra, wsta\u0144 i m\u00f3w wszystko, co ci rozka\u017c\u0119.<br \/>\nNie l\u0119kaj si\u0119 ich, bym ci\u0119 czasem nie nape\u0142ni\u0142 l\u0119kiem przed<br \/>\nnimi.<\/b><\/span><\/span><\/span><\/div>\n<div align=\"justify\" style=\"font-style: normal; font-variant: normal; letter-spacing: normal; line-height: 150%; margin-bottom: 0cm; text-indent: 1.3cm; widows: 1;\">\n<span style=\"color: black;\"><span style=\"font-family: &quot;book antiqua&quot; , serif;\"><span style=\"font-size: x-large;\"><b>A<br \/>\noto Ja czyni\u0119 ci\u0119 dzisiaj twierdz\u0105 warown\u0105, kolumn\u0105 ze stali i<br \/>\nmurem spi\u017cowym przeciw ca\u0142ej ziemi, przeciw kr\u00f3lom judzkim i ich<br \/>\nprzyw\u00f3dcom, ich kap\u0142anom i ludowi tej ziemi.<\/b><\/span><\/span><\/span><\/div>\n<div align=\"justify\" style=\"font-style: normal; font-variant: normal; letter-spacing: normal; line-height: 150%; margin-bottom: 0cm; text-indent: 1.3cm; widows: 1;\">\n<span style=\"color: black;\"><span style=\"font-family: &quot;book antiqua&quot; , serif;\"><span style=\"font-size: x-large;\"><b>B\u0119d\u0105<br \/>\nwalczy\u0107 przeciw tobie, ale nie zdo\u0142aj\u0105 ci\u0119 zwyci\u0119\u017cy\u0107, gdy\u017c Ja<br \/>\njestem z tob\u0105 \u2013 m\u00f3wi Pan \u2013 by ci\u0119 ochrania\u0107\u201d.<\/b><\/span><\/span><\/span><\/div>\n<div align=\"justify\" style=\"line-height: 150%; margin-bottom: 0cm;\">\n<span style=\"font-size: x-large;\"><\/p>\n<p><\/span><\/div>\n<div align=\"justify\" style=\"font-style: normal; font-variant: normal; letter-spacing: normal; line-height: 150%; margin-bottom: 0cm;\">\n<span style=\"color: black;\"><span style=\"font-family: &quot;book antiqua&quot; , serif;\"><span style=\"font-size: x-large;\"><b>CZYTANIE<br \/>\nZ PIERWSZEGO LISTU \u015aWI\u0118TEGO PAW\u0141A APOSTO\u0141A DO KORYNTIAN:<\/b><\/span><\/span><\/span><\/div>\n<div align=\"justify\" style=\"line-height: 150%; margin-bottom: 0cm; page-break-before: auto; text-indent: 1.3cm;\">\n<span style=\"color: black;\"><span style=\"font-family: &quot;book antiqua&quot; , serif;\"><span style=\"font-size: x-large;\"><b><span style=\"font-variant: normal;\"><span style=\"letter-spacing: normal;\"><span style=\"font-style: normal;\">Bracia:<br \/>\n<\/span><\/span><\/span><span style=\"font-variant: normal;\"><span style=\"letter-spacing: normal;\"><span style=\"font-style: normal;\">Starajcie<br \/>\nsi\u0119 o wi\u0119ksze dary, a ja wam wska\u017c\u0119 drog\u0119 jeszcze doskonalsz\u0105.<\/span><\/span><\/span><\/b><\/span><\/span><\/span><\/div>\n<div align=\"justify\" style=\"line-height: 150%; margin-bottom: 0cm; text-indent: 1.3cm;\">\n<span style=\"color: black;\"><span style=\"font-family: &quot;book antiqua&quot; , serif;\"><span style=\"font-size: x-large;\"><b><span style=\"font-variant: normal;\"><span style=\"letter-spacing: normal;\"><span style=\"font-style: normal;\">Gdybym<br \/>\nm\u00f3wi\u0142 j\u0119zykami ludzi i anio\u0142\u00f3w, a mi\u0142o\u015bci bym nie mia\u0142,<br \/>\nsta\u0142bym si\u0119 jak mied\u017a brz\u0119cz\u0105ca albo cymba\u0142 brzmi\u0105cy. Gdybym<br \/>\nte\u017c mia\u0142 dar prorokowania i zna\u0142 wszystkie tajemnice, i posiada\u0142<br \/>\nwszelk\u0105 wiedz\u0119, i <\/span><\/span><\/span><span style=\"font-variant: normal;\"><span style=\"letter-spacing: normal;\"><span style=\"font-style: normal;\">wszelk\u0105<br \/>\nmo\u017cliw\u0105 <\/span><\/span><\/span><span style=\"font-variant: normal;\"><span style=\"letter-spacing: normal;\"><span style=\"font-style: normal;\">wiar\u0119,<br \/>\n<\/span><\/span><\/span><span style=\"font-variant: normal;\"><span style=\"letter-spacing: normal;\"><span style=\"font-style: normal;\">tak<\/span><\/span><\/span><span style=\"font-variant: normal;\"><span style=\"letter-spacing: normal;\"><span style=\"font-style: normal;\"><br \/>\ni\u017cbym g\u00f3ry przenosi\u0142, a mi\u0142o\u015bci bym nie mia\u0142 \u2013 by\u0142bym<br \/>\nniczym. I gdybym rozda\u0142 na ja\u0142mu\u017cn\u0119 ca\u0142\u0105 maj\u0119tno\u015b\u0107 moj\u0105, a<br \/>\ncia\u0142o wystawi\u0142 na spalenie, lecz mi\u0142o\u015bci bym nie mia\u0142, nic <\/span><\/span><\/span><span style=\"font-variant: normal;\"><span style=\"letter-spacing: normal;\"><span style=\"font-style: normal;\">bym<br \/>\nnie zyska\u0142<\/span><\/span><\/span><span style=\"font-variant: normal;\"><span style=\"letter-spacing: normal;\"><span style=\"font-style: normal;\">.<\/span><\/span><\/span><\/b><\/span><\/span><\/span><\/div>\n<div align=\"justify\" style=\"line-height: 150%; margin-bottom: 0cm; text-indent: 1.3cm;\">\n<span style=\"color: black;\"><span style=\"font-family: &quot;book antiqua&quot; , serif;\"><span style=\"font-size: x-large;\"><b><span style=\"font-variant: normal;\"><span style=\"letter-spacing: normal;\"><span style=\"font-style: normal;\">Mi\u0142o\u015b\u0107<br \/>\ncierpliwa jest, \u0142askawa jest. Mi\u0142o\u015b\u0107 nie zazdro\u015bci, nie szuka<br \/>\npoklasku, nie unosi si\u0119 pych\u0105; nie <\/span><\/span><\/span><span style=\"font-variant: normal;\"><span style=\"letter-spacing: normal;\"><span style=\"font-style: normal;\">dopuszcza<br \/>\nsi\u0119<\/span><\/span><\/span><span style=\"font-variant: normal;\"><span style=\"letter-spacing: normal;\"><span style=\"font-style: normal;\"><br \/>\nbezwstyd<\/span><\/span><\/span><span style=\"font-variant: normal;\"><span style=\"letter-spacing: normal;\"><span style=\"font-style: normal;\">u<\/span><\/span><\/span><span style=\"font-variant: normal;\"><span style=\"letter-spacing: normal;\"><span style=\"font-style: normal;\">,<br \/>\nnie szuka swego, nie unosi si\u0119 gniewem, nie pami\u0119ta z\u0142ego, nie<br \/>\ncieszy si\u0119 z niesprawiedliwo\u015bci, lecz wsp\u00f3\u0142weseli si\u0119 z prawd\u0105.<br \/>\nWszystko znosi, wszystkiemu wierzy, we wszystkim pok\u0142ada nadziej\u0119,<br \/>\nwszystko przetrzyma.<\/span><\/span><\/span><\/b><\/span><\/span><\/span><\/div>\n<div align=\"justify\" style=\"line-height: 150%; margin-bottom: 0cm; text-indent: 1.3cm;\">\n<span style=\"color: black;\"><span style=\"font-family: &quot;book antiqua&quot; , serif;\"><span style=\"font-size: x-large;\"><b><span style=\"font-variant: normal;\"><span style=\"letter-spacing: normal;\"><span style=\"font-style: normal;\">Mi\u0142o\u015b\u0107<br \/>\nnigdy nie ustaje, nie jest jak proroctwa, kt\u00f3re si\u0119 sko\u0144cz\u0105, albo<br \/>\njak dar j\u0119zyk\u00f3w, kt\u00f3ry zniknie, lub jak wiedza, kt\u00f3rej zabraknie.<br \/>\nPo cz\u0119\u015bci bowiem tylko poznajemy, po cz\u0119\u015bci prorokujemy. Gdy za\u015b<br \/>\nprzyjdzie to, co jest doskona\u0142e, zniknie to, co jest tylko<br \/>\ncz\u0119\u015bciowe. Gdy by\u0142em dzieckiem, m\u00f3wi\u0142em jak dziecko, czu\u0142em jak<br \/>\ndziecko, my\u015bla\u0142em jak dziecko. Kiedy za\u015b sta\u0142em si\u0119 m\u0119\u017cem,<br \/>\nwyzby\u0142em si\u0119 tego, co dzieci<\/span><\/span><\/span><span style=\"font-variant: normal;\"><span style=\"letter-spacing: normal;\"><span style=\"font-style: normal;\">\u0119ce<\/span><\/span><\/span><span style=\"font-variant: normal;\"><span style=\"letter-spacing: normal;\"><span style=\"font-style: normal;\">.<br \/>\nTeraz widzimy jakby w zwierciadle, niejasno; wtedy za\u015b <\/span><\/span><\/span><span style=\"font-variant: normal;\"><span style=\"letter-spacing: normal;\"><span style=\"font-style: normal;\">zobacz<\/span><\/span><\/span><span style=\"font-variant: normal;\"><span style=\"letter-spacing: normal;\"><span style=\"font-style: normal;\">ymy<br \/>\ntwarz\u0105 w twarz. Teraz poznaj\u0119 po cz\u0119\u015bci, wtedy za\u015b pozna<\/span><\/span><\/span><span style=\"font-variant: normal;\"><span style=\"letter-spacing: normal;\"><span style=\"font-style: normal;\">m<\/span><\/span><\/span><span style=\"font-variant: normal;\"><span style=\"letter-spacing: normal;\"><span style=\"font-style: normal;\"><br \/>\ntak, jak <\/span><\/span><\/span><span style=\"font-variant: normal;\"><span style=\"letter-spacing: normal;\"><span style=\"font-style: normal;\">i<\/span><\/span><\/span><span style=\"font-variant: normal;\"><span style=\"letter-spacing: normal;\"><span style=\"font-style: normal;\"><br \/>\nzosta\u0142em poznany.<\/span><\/span><\/span><\/b><\/span><\/span><\/span><\/div>\n<div align=\"justify\" style=\"font-style: normal; font-variant: normal; letter-spacing: normal; line-height: 150%; margin-bottom: 0cm; text-indent: 1.3cm;\">\n<span style=\"color: black;\"><span style=\"font-family: &quot;book antiqua&quot; , serif;\"><span style=\"font-size: x-large;\"><b>Tak<br \/>\nwi\u0119c trwaj\u0105 wiara, nadzieja, mi\u0142o\u015b\u0107 \u2013 te trzy: z nich za\u015b<br \/>\nnajwi\u0119ksza jest mi\u0142o\u015b\u0107.<\/b><\/span><\/span><\/span><\/div>\n<div align=\"justify\" style=\"line-height: 150%; margin-bottom: 0cm;\">\n<span style=\"font-size: x-large;\"><\/p>\n<p><\/span><\/div>\n<div align=\"justify\" style=\"font-style: normal; font-variant: normal; letter-spacing: normal; line-height: 150%; margin-bottom: 0cm;\">\n<span style=\"color: black;\"><span style=\"font-family: &quot;book antiqua&quot; , serif;\"><span style=\"font-size: x-large;\"><b>S\u0141OWA<br \/>\nEWANGELII WED\u0141UG \u015aWI\u0118TEGO \u0141UKASZA:<\/b><\/span><\/span><\/span><\/div>\n<div align=\"justify\" style=\"line-height: 150%; margin-bottom: 0cm; page-break-before: auto; text-indent: 1.3cm;\">\n<span style=\"color: black;\"><span style=\"font-family: &quot;book antiqua&quot; , serif;\"><span style=\"font-size: x-large;\"><b><span style=\"font-variant: normal;\"><span style=\"letter-spacing: normal;\"><span style=\"font-style: normal;\">W<br \/>\nNazarecie w synagodze, po czytaniu z proroctwa Izajasza, Jezus<br \/>\npowiedzia\u0142:<\/span><\/span><\/span><span style=\"font-variant: normal;\"><span style=\"letter-spacing: normal;\"><span style=\"font-style: normal;\"><br \/>\n\u201e<\/span><\/span><\/span><span style=\"font-variant: normal;\"><span style=\"letter-spacing: normal;\"><span style=\"font-style: normal;\">Dzi\u015b<br \/>\nspe\u0142ni\u0142y si\u0119 te s\u0142owa Pisma, kt\u00f3re<\/span><\/span><\/span><span style=\"font-variant: normal;\"><span style=\"letter-spacing: normal;\"><span style=\"font-style: normal;\">\u015bcie<\/span><\/span><\/span><span style=\"font-variant: normal;\"><span style=\"letter-spacing: normal;\"><span style=\"font-style: normal;\"><br \/>\ns\u0142yszeli\u201d. A wszyscy przy\u015bwiadczali Mu i dziwili si\u0119 pe\u0142nym<br \/>\n<\/span><\/span><\/span><span style=\"font-variant: normal;\"><span style=\"letter-spacing: normal;\"><span style=\"font-style: normal;\">wdzi\u0119ku<\/span><\/span><\/span><span style=\"font-variant: normal;\"><span style=\"letter-spacing: normal;\"><span style=\"font-style: normal;\"><br \/>\ns\u0142owom, kt\u00f3re p\u0142yn\u0119\u0142y z ust Jego. I m\u00f3wili: \u201eCzy<\/span><\/span><\/span><span style=\"font-variant: normal;\"><span style=\"letter-spacing: normal;\"><span style=\"font-style: normal;\">\u017c<\/span><\/span><\/span><span style=\"font-variant: normal;\"><span style=\"letter-spacing: normal;\"><span style=\"font-style: normal;\"><br \/>\nnie jest to syn J\u00f3zefa\u201d?<\/span><\/span><\/span><\/b><\/span><\/span><\/span><\/div>\n<div align=\"justify\" style=\"font-style: normal; font-variant: normal; letter-spacing: normal; line-height: 150%; margin-bottom: 0cm; text-indent: 1.3cm;\">\n<span style=\"color: black;\"><span style=\"font-family: &quot;book antiqua&quot; , serif;\"><span style=\"font-size: x-large;\"><b>Wtedy<br \/>\nrzek\u0142 do nich: \u201eZ pewno\u015bci\u0105 powiecie Mi to przys\u0142owie:<br \/>\n\u00abLekarzu, ulecz samego siebie\u00bb; dokonaj\u017ce i tu, w swojej<br \/>\nojczy\u017anie, tego, co wydarzy\u0142o si\u0119, jak s\u0142yszeli\u015bmy, w<br \/>\nKafarnaum\u201d.<\/b><\/span><\/span><\/span><\/div>\n<div align=\"justify\" style=\"font-style: normal; font-variant: normal; letter-spacing: normal; line-height: 150%; margin-bottom: 0cm; text-indent: 1.3cm;\">\n<span style=\"color: black;\"><span style=\"font-family: &quot;book antiqua&quot; , serif;\"><span style=\"font-size: x-large;\"><b>I<br \/>\ndoda\u0142: \u201eZaprawd\u0119, powiadam wam: \u017baden prorok nie jest mile<br \/>\nwidziany w swojej ojczy\u017anie. Naprawd\u0119, m\u00f3wi\u0119 wam: Wiele wd\u00f3w<br \/>\nby\u0142o w Izraelu za czas\u00f3w Eliasza, kiedy niebo pozostawa\u0142o<br \/>\nzamkni\u0119te przez trzy lata i sze\u015b\u0107 miesi\u0119cy, tak \u017ce wielki g\u0142\u00f3d<br \/>\npanowa\u0142 w ca\u0142ym kraju; a Eliasz do \u017cadnej z nich nie zosta\u0142<br \/>\npos\u0142any, tylko do owej wdowy w Sarepcie Sydo\u0144skiej. I wielu<br \/>\ntr\u0119dowatych by\u0142o w Izraelu za proroka Elizeusza, a \u017caden z nich<br \/>\nnie zosta\u0142 oczyszczony, tylko Syryjczyk Naaman\u201d.<\/b><\/span><\/span><\/span><\/div>\n<div align=\"justify\" style=\"line-height: 150%; margin-bottom: 0cm; text-indent: 1.3cm;\">\n<span style=\"color: black;\"><span style=\"font-family: &quot;book antiqua&quot; , serif;\"><span style=\"font-size: x-large;\"><b><span style=\"font-variant: normal;\"><span style=\"letter-spacing: normal;\"><span style=\"font-style: normal;\">Na<br \/>\nte s\u0142owa wszyscy w synagodze unie\u015bli si\u0119 gniewem. Porwa<\/span><\/span><\/span><span style=\"font-variant: normal;\"><span style=\"letter-spacing: normal;\"><span style=\"font-style: normal;\">li<\/span><\/span><\/span><span style=\"font-variant: normal;\"><span style=\"letter-spacing: normal;\"><span style=\"font-style: normal;\"><br \/>\nsi\u0119 z miejsc<\/span><\/span><\/span><span style=\"font-variant: normal;\"><span style=\"letter-spacing: normal;\"><span style=\"font-style: normal;\">a<\/span><\/span><\/span><span style=\"font-variant: normal;\"><span style=\"letter-spacing: normal;\"><span style=\"font-style: normal;\">,<br \/>\nwyrzucili Go z miasta i wyprowadzili a\u017c na <\/span><\/span><\/span><span style=\"font-variant: normal;\"><span style=\"letter-spacing: normal;\"><span style=\"font-style: normal;\">stok<\/span><\/span><\/span><span style=\"font-variant: normal;\"><span style=\"letter-spacing: normal;\"><span style=\"font-style: normal;\"><br \/>\ng\u00f3ry, na kt\u00f3rej ich miasto <\/span><\/span><\/span><span style=\"font-variant: normal;\"><span style=\"letter-spacing: normal;\"><span style=\"font-style: normal;\">by\u0142o<br \/>\nzbudowane<\/span><\/span><\/span><span style=\"font-variant: normal;\"><span style=\"letter-spacing: normal;\"><span style=\"font-style: normal;\">,<br \/>\naby Go str\u0105ci\u0107. On jednak, przeszed\u0142szy po\u015br\u00f3d nich, oddali\u0142<br \/>\nsi\u0119.<\/span><\/span><\/span><\/b><\/span><\/span><\/span><\/div>\n<div align=\"justify\" style=\"background: transparent; font-weight: normal; line-height: 150%; margin-bottom: 0cm; text-indent: 1.3cm;\">\n<span style=\"font-size: x-large;\"><\/p>\n<p><\/span><\/div>\n<div align=\"justify\" style=\"background: transparent; font-weight: normal; line-height: 150%; margin-bottom: 0cm; text-indent: 1.3cm;\">\n<span style=\"font-size: x-large;\"><span style=\"color: black;\"><span style=\"font-family: &quot;book antiqua&quot; , serif;\">S\u0142owa,<br \/>\nkt\u00f3re B\u00f3g dzisiaj skierowa\u0142 do Proroka Jeremiasza, mo\u017ce i<br \/>\npowinien uzna\u0107 za sw\u00f3j <b>\u017cyciowy program <\/b>ka\u017cdy powo\u0142any do<br \/>\ng\u0142oszenia Bo\u017cego s\u0142owa, odkrywaj\u0105c w nich r\u00f3wnie\u017c <b>spos\u00f3b<br \/>\nwype\u0142niania<\/b> tej\u017ce pos\u0142ugi. Chodzi o te s\u0142owa: <span style=\"font-variant: normal;\"><span style=\"letter-spacing: normal;\"><i><b>Ty<br \/>\nza\u015b przepasz <\/b><\/i><\/span><\/span><span style=\"font-variant: normal;\"><span style=\"letter-spacing: normal;\"><i><b>swoje<\/b><\/i><\/span><\/span><span style=\"font-variant: normal;\"><span style=\"letter-spacing: normal;\"><i><b><br \/>\nbiodra, wsta\u0144 i m\u00f3w wszystko, co ci rozka\u017c\u0119. Nie l\u0119kaj si\u0119 ich,<br \/>\nbym ci\u0119 czasem nie nape\u0142ni\u0142 l\u0119kiem przed nimi.<\/b><\/i><\/span><\/span><span style=\"font-variant: normal;\"><span style=\"letter-spacing: normal;\"><span style=\"font-style: normal;\"><br \/>\n<\/span><\/span><\/span><span style=\"font-variant: normal;\"><span style=\"letter-spacing: normal;\"><span style=\"font-style: normal;\">Moi<br \/>\nDrodzy,<\/span><\/span><\/span><span style=\"font-variant: normal;\"><span style=\"letter-spacing: normal;\"><span style=\"font-style: normal;\"><br \/>\nka\u017cdy z element\u00f3w tej wypowiedzi ma znaczenie <\/span><\/span><\/span><span style=\"font-variant: normal;\"><span style=\"letter-spacing: normal;\"><span style=\"font-style: normal;\">i<br \/>\nniesie z sob\u0105 jak\u0105\u015b tre\u015b\u0107, jakie\u015b przes\u0142anie. <\/span><\/span><\/span><\/span><\/span><br \/>\n<\/span><\/div>\n<div align=\"justify\" style=\"background: transparent; font-weight: normal; line-height: 150%; margin-bottom: 0cm; text-indent: 1.3cm;\">\n<span style=\"font-size: x-large;\"><span style=\"color: black;\"><span style=\"font-family: &quot;book antiqua&quot; , serif;\"><span style=\"font-variant: normal;\"><span style=\"letter-spacing: normal;\"><span style=\"font-style: normal;\">Oto<br \/>\nten, kt\u00f3rego Pan powo\u0142uje do m\u00f3wienia w swoim imieniu, ma<br \/>\n<\/span><\/span><\/span><span style=\"font-variant: normal;\"><span style=\"letter-spacing: normal;\"><span style=\"font-style: normal;\"><b>przepasa\u0107<br \/>\nbiodra.<\/b><\/span><\/span><\/span><span style=\"font-variant: normal;\"><span style=\"letter-spacing: normal;\"><span style=\"font-style: normal;\"><br \/>\nWiemy, \u017ce przepasanie bioder \u2013 to <\/span><\/span><\/span><span style=\"font-variant: normal;\"><span style=\"letter-spacing: normal;\"><span style=\"font-style: normal;\"><b>znak<br \/>\ns\u0142u\u017cby.<\/b><\/span><\/span><\/span><span style=\"font-variant: normal;\"><span style=\"letter-spacing: normal;\"><span style=\"font-style: normal;\"><br \/>\n<\/span><\/span><\/span><span style=\"font-variant: normal;\"><span style=\"letter-spacing: normal;\"><span style=\"font-style: normal;\">S\u0142uga<br \/>\nlub niewolnik przepasywa\u0142 swoje szaty<\/span><\/span><\/span><span style=\"font-variant: normal;\"><span style=\"letter-spacing: normal;\"><span style=\"font-style: normal;\">,<br \/>\naby ich zbytnia <\/span><\/span><\/span><span style=\"font-variant: normal;\"><span style=\"letter-spacing: normal;\"><span style=\"font-style: normal;\">roz\u0142o\u017cysto\u015b\u0107<\/span><\/span><\/span><span style=\"font-variant: normal;\"><span style=\"letter-spacing: normal;\"><span style=\"font-style: normal;\"><br \/>\nnie przeszkadza\u0142<\/span><\/span><\/span><span style=\"font-variant: normal;\"><span style=\"letter-spacing: normal;\"><span style=\"font-style: normal;\">a<\/span><\/span><\/span><span style=\"font-variant: normal;\"><span style=\"letter-spacing: normal;\"><span style=\"font-style: normal;\"><br \/>\nmu w pracy.<\/span><\/span><\/span><span style=\"font-variant: normal;\"><span style=\"letter-spacing: normal;\"><span style=\"font-style: normal;\"><b><br \/>\nJezus tak\u017ce tym obrazem si\u0119 pos\u0142ugiwa\u0142,<\/b><\/span><\/span><\/span><span style=\"font-variant: normal;\"><span style=\"letter-spacing: normal;\"><span style=\"font-style: normal;\"><br \/>\n<\/span><\/span><\/span><span style=\"font-variant: normal;\"><span style=\"letter-spacing: normal;\"><span style=\"font-style: normal;\">zwracaj\u0105c<br \/>\nsi\u0119 do swoich uczni\u00f3w i zach\u0119caj\u0105c ich w ten spos\u00f3b do aktywnej<br \/>\npos\u0142ugi dla dobra swego Kr\u00f3lestwa<\/span><\/span><\/span><span style=\"font-variant: normal;\"><span style=\"letter-spacing: normal;\"><span style=\"font-style: normal;\">.<br \/>\n<\/span><\/span><\/span><\/span><\/span><br \/>\n<\/span><\/div>\n<div align=\"justify\" style=\"background: transparent; font-weight: normal; line-height: 150%; margin-bottom: 0cm; text-indent: 1.3cm;\">\n<span style=\"font-size: x-large;\"><span style=\"color: black;\"><span style=\"font-family: &quot;book antiqua&quot; , serif;\"><span style=\"font-variant: normal;\"><span style=\"letter-spacing: normal;\"><span style=\"font-style: normal;\">Nast\u0119pnie<br \/>\ns\u0142yszymy: <\/span><\/span><\/span><span style=\"font-variant: normal;\"><span style=\"letter-spacing: normal;\"><i><b>W<\/b><\/i><\/span><\/span><span style=\"font-variant: normal;\"><span style=\"letter-spacing: normal;\"><i><b>sta\u0144!<\/b><\/i><\/span><\/span><span style=\"font-variant: normal;\"><span style=\"letter-spacing: normal;\"><span style=\"font-style: normal;\"><b><br \/>\n<\/b><\/span><\/span><\/span><span style=\"font-variant: normal;\"><span style=\"letter-spacing: normal;\"><span style=\"font-style: normal;\">To<br \/>\nwezwanie do gotowo\u015bci i aktywno\u015bci. Cz\u0119sto na kartach Pisma<br \/>\n\u015awi\u0119tego wezwanie do dzia\u0142ania poprzedzone jest <\/span><\/span><\/span><span style=\"font-variant: normal;\"><span style=\"letter-spacing: normal;\"><span style=\"font-style: normal;\"><b>wezwaniem<br \/>\ndo powstania,<\/b><\/span><\/span><\/span><span style=\"font-variant: normal;\"><span style=\"letter-spacing: normal;\"><span style=\"font-style: normal;\"><br \/>\n<\/span><\/span><\/span><span style=\"font-variant: normal;\"><span style=\"letter-spacing: normal;\"><span style=\"font-style: normal;\">czyli<br \/>\n<\/span><\/span><\/span><span style=\"font-variant: normal;\"><span style=\"letter-spacing: normal;\"><span style=\"font-style: normal;\">ruszenia<br \/>\nsi\u0119 z miejsca, do pokonania w sobie pokusy jakiego\u015b zasiedzenia. <\/span><\/span><\/span><\/span><\/span><br \/>\n<\/span><\/div>\n<div align=\"justify\" style=\"background: transparent; font-weight: normal; line-height: 150%; margin-bottom: 0cm; text-indent: 1.3cm;\">\n<span style=\"font-size: x-large;\"><span style=\"color: black;\"><span style=\"font-family: &quot;book antiqua&quot; , serif;\"><span style=\"font-variant: normal;\"><span style=\"letter-spacing: normal;\"><span style=\"font-style: normal;\">Kolejny<br \/>\nfragment dzisiejszego Bo\u017cego wezwania to: <\/span><\/span><\/span><span style=\"font-variant: normal;\"><span style=\"letter-spacing: normal;\"><i><b>M<\/b><\/i><\/span><\/span><span style=\"font-variant: normal;\"><span style=\"letter-spacing: normal;\"><i><b>\u00f3w<br \/>\nwszystko, co ci rozka\u017c\u0119.<\/b><\/i><\/span><\/span><span style=\"font-variant: normal;\"><span style=\"letter-spacing: normal;\"><span style=\"font-style: normal;\"><b><br \/>\n<\/b><\/span><\/span><\/span><span style=\"font-variant: normal;\"><span style=\"letter-spacing: normal;\"><span style=\"font-style: normal;\">Tu<br \/>\nwidzimy a\u017c trzy wa\u017cne s\u0142owa. Pierwsze \u2013 to: <\/span><\/span><\/span><span style=\"font-variant: normal;\"><span style=\"letter-spacing: normal;\"><i><b>M<\/b><\/i><\/span><\/span><span style=\"font-variant: normal;\"><span style=\"letter-spacing: normal;\"><i><b>\u00f3w!<\/b><\/i><\/span><\/span><span style=\"font-variant: normal;\"><span style=\"letter-spacing: normal;\"><span style=\"font-style: normal;\"><br \/>\nA wi\u0119c zabierz g\u0142os w imieniu Boga, nie milcz, wypowiedz s\u0142owo.<br \/>\n<\/span><\/span><\/span><span style=\"font-variant: normal;\"><span style=\"letter-spacing: normal;\"><i><b>M\u00f3w<br \/>\nwszystko<\/b><\/i><\/span><\/span><span style=\"font-variant: normal;\"><span style=\"letter-spacing: normal;\"><span style=\"font-style: normal;\"><br \/>\n\u2013 to znaczy niczego nie omi\u0144, niczego nie przemilcz, chocia\u017cby to<br \/>\nmia\u0142o kosztowa\u0107, chocia\u017cby to wi\u0105za\u0142o si\u0119 z utrat\u0105<br \/>\npopularno\u015bci w \u015brodowisku, a mo\u017ce wr\u0119cz \u2013<\/span><\/span><\/span><span style=\"font-variant: normal;\"><span style=\"letter-spacing: normal;\"><span style=\"font-style: normal;\"><br \/>\nw skrajnym przypadku \u2013<\/span><\/span><\/span><span style=\"font-variant: normal;\"><span style=\"letter-spacing: normal;\"><span style=\"font-style: normal;\"><br \/>\nnawet utrat\u0105 \u017cycia! <\/span><\/span><\/span><span style=\"font-variant: normal;\"><span style=\"letter-spacing: normal;\"><i><b>M\u00f3w<br \/>\nwszystko! <\/b><\/i><\/span><\/span><span style=\"font-variant: normal;\"><span style=\"letter-spacing: normal;\"><span style=\"font-style: normal;\">Ale<br \/>\nuwaga! <\/span><\/span><\/span><\/span><\/span><br \/>\n<\/span><\/div>\n<div align=\"justify\" style=\"background: transparent; font-weight: normal; line-height: 150%; margin-bottom: 0cm; text-indent: 1.3cm;\">\n<span style=\"font-size: x-large;\"><span style=\"color: black;\"><span style=\"font-family: &quot;book antiqua&quot; , serif;\"><span style=\"font-variant: normal;\"><span style=\"letter-spacing: normal;\"><i><b>M\u00f3w<br \/>\nwszystko, co ci rozka\u017c\u0119! \u2013<\/b><\/i><\/span><\/span><span style=\"font-variant: normal;\"><span style=\"letter-spacing: normal;\"><i><b><br \/>\n<\/b><\/i><\/span><\/span><span style=\"font-variant: normal;\"><span style=\"letter-spacing: normal;\"><span style=\"font-style: normal;\">nakazuje<\/span><\/span><\/span><span style=\"font-variant: normal;\"><span style=\"letter-spacing: normal;\"><span style=\"font-style: normal;\"><br \/>\nB\u00f3g. Czyli \u2013 nie co ci \u201e\u015blina na j\u0119zyk przyniesie\u201d, nie co<br \/>\nci si\u0119 wydaje akurat teraz godne powiedzenia, tylko jasno i<br \/>\nkonkretnie: <\/span><\/span><\/span><span style=\"font-variant: normal;\"><span style=\"letter-spacing: normal;\"><span style=\"font-style: normal;\">M<\/span><\/span><\/span><span style=\"font-variant: normal;\"><span style=\"letter-spacing: normal;\"><span style=\"font-style: normal;\">\u00f3w<br \/>\nto, <\/span><\/span><\/span><span style=\"font-variant: normal;\"><span style=\"letter-spacing: normal;\"><i><b>co<br \/>\nci rozka\u017c\u0119! <\/b><\/i><\/span><\/span><span style=\"font-variant: normal;\"><span style=\"letter-spacing: normal;\"><span style=\"font-style: normal;\"><b>Wszystko<br \/>\nto,<\/b><\/span><\/span><\/span><span style=\"font-variant: normal;\"><span style=\"letter-spacing: normal;\"><span style=\"font-style: normal;\"><br \/>\nco ci rozka\u017c\u0119, ale jednocze\u015bnie \u2013 <\/span><\/span><\/span><span style=\"font-variant: normal;\"><span style=\"letter-spacing: normal;\"><span style=\"font-style: normal;\"><b>tylko<br \/>\nto, co ci rozka\u017c\u0119.<\/b><\/span><\/span><\/span><span style=\"font-variant: normal;\"><span style=\"letter-spacing: normal;\"><span style=\"font-style: normal;\"><br \/>\n<\/span><\/span><\/span><\/span><\/span><br \/>\n<\/span><\/div>\n<div align=\"justify\" style=\"background: transparent; font-weight: normal; line-height: 150%; margin-bottom: 0cm; text-indent: 1.3cm;\">\n<span style=\"font-size: x-large;\"><span style=\"color: black;\"><span style=\"font-family: &quot;book antiqua&quot; , serif;\"><span style=\"font-variant: normal;\"><span style=\"letter-spacing: normal;\"><span style=\"font-style: normal;\">Moi<br \/>\nDrodzy, w kt\u00f3rym\u015b miejscu, na kartach Pisma \u015awi\u0119tego, znajdziemy<br \/>\ni takie pouczenie samego Boga, \u017ce je\u015bli jaki\u015b prorok co\u015b<br \/>\nprzepowiada, a <\/span><\/span><\/span><span style=\"font-variant: normal;\"><span style=\"letter-spacing: normal;\"><span style=\"font-style: normal;\"><b>jego<br \/>\nprzepowiednia si\u0119 nie spe\u0142nia,<\/b><\/span><\/span><\/span><span style=\"font-variant: normal;\"><span style=\"letter-spacing: normal;\"><span style=\"font-style: normal;\"><br \/>\nto znak, \u017ce ten prorok jest po prostu fa\u0142szywy i m\u00f3wi co\u015b, co sam<br \/>\nsobie wymy\u015bli\u0142, a nie to, co poleci\u0142 mu B\u00f3g. Zatem, <\/span><\/span><\/span><span style=\"font-variant: normal;\"><span style=\"letter-spacing: normal;\"><span style=\"font-style: normal;\"><b>wszystko<br \/>\nto \u2013 i tylko to<\/b><\/span><\/span><\/span><span style=\"font-variant: normal;\"><span style=\"letter-spacing: normal;\"><span style=\"font-style: normal;\"><br \/>\n\u2013 co poleci\u0142 B\u00f3g, ma przekazywa\u0107 ludziom Jego wys\u0142annik. <\/span><\/span><\/span><\/span><\/span><br \/>\n<\/span><\/div>\n<div align=\"justify\" style=\"background: transparent; font-weight: normal; line-height: 150%; margin-bottom: 0cm; text-indent: 1.3cm;\">\n<span style=\"font-size: x-large;\"><span style=\"color: black;\"><span style=\"font-family: &quot;book antiqua&quot; , serif;\"><span style=\"font-variant: normal;\"><span style=\"letter-spacing: normal;\"><span style=\"font-style: normal;\">Dalsza<br \/>\ncz\u0119\u015b\u0107 zacytowanego <\/span><\/span><\/span><span style=\"font-variant: normal;\"><span style=\"letter-spacing: normal;\"><span style=\"font-style: normal;\">pouczenia<\/span><\/span><\/span><span style=\"font-variant: normal;\"><span style=\"letter-spacing: normal;\"><span style=\"font-style: normal;\"><br \/>\nte\u017c jest istotna. S\u0142yszymy w niej: <\/span><\/span><\/span><span style=\"font-variant: normal;\"><span style=\"letter-spacing: normal;\"><i><b>Nie<\/b><\/i><\/span><\/span><span style=\"font-variant: normal;\"><span style=\"letter-spacing: normal;\"><span style=\"font-style: normal;\"><b><br \/>\n<\/b><\/span><\/span><\/span><span style=\"font-variant: normal;\"><span style=\"letter-spacing: normal;\"><i><b>l\u0119kaj<br \/>\nsi\u0119 ich, bym ci\u0119 czasem nie nape\u0142ni\u0142 l\u0119kiem przed nimi.<\/b><\/i><\/span><\/span><span style=\"font-variant: normal;\"><span style=\"letter-spacing: normal;\"><span style=\"font-style: normal;\"><br \/>\n<\/span><\/span><\/span><span style=\"font-variant: normal;\"><span style=\"letter-spacing: normal;\"><span style=\"font-style: normal;\">Bardzo<br \/>\nciekawa konstrukcja, <\/span><\/span><\/span><span style=\"font-variant: normal;\"><span style=\"letter-spacing: normal;\"><span style=\"font-style: normal;\">nieprawda?<br \/>\nPos\u0142uchajmy jeszcze raz: <\/span><\/span><\/span><span style=\"font-variant: normal;\"><span style=\"letter-spacing: normal;\"><i><b>Nie<br \/>\nl\u0119kaj si\u0119 ich, bym ci\u0119 czasem nie nape\u0142ni\u0142 l\u0119kiem przed nimi.<\/b><\/i><\/span><\/span><span style=\"font-variant: normal;\"><span style=\"letter-spacing: normal;\"><span style=\"font-style: normal;\"><b><br \/>\n<\/b><\/span><\/span><\/span><span style=\"font-variant: normal;\"><span style=\"letter-spacing: normal;\"><span style=\"font-style: normal;\">To<br \/>\nznaczy, \u017ce je\u015bli <\/span><\/span><\/span><span style=\"font-variant: normal;\"><span style=\"letter-spacing: normal;\"><span style=\"font-style: normal;\">cz\u0142owiek<br \/>\nzdob\u0119dzie si\u0119 na odwag\u0119, by patrze\u0107 ludziom prosto w oczy i <\/span><\/span><\/span><span style=\"font-variant: normal;\"><span style=\"letter-spacing: normal;\"><span style=\"font-style: normal;\"><b>m\u00f3wi\u0107<br \/>\nw imieniu Boga to, co B\u00f3g chce,<\/b><\/span><\/span><\/span><span style=\"font-variant: normal;\"><span style=\"letter-spacing: normal;\"><span style=\"font-style: normal;\"><br \/>\nto ma zapewnion\u0105 ze strony Boga pomoc w pokonaniu wszelkich obaw i<br \/>\nstrachu. Ale je\u017celi tym obawom i temu strachowi tak po prostu si\u0119<br \/>\npodda, <\/span><\/span><\/span><span style=\"font-variant: normal;\"><span style=\"letter-spacing: normal;\"><span style=\"font-style: normal;\">to<\/span><\/span><\/span><span style=\"font-variant: normal;\"><span style=\"letter-spacing: normal;\"><span style=\"font-style: normal;\"><br \/>\n<\/span><\/span><\/span><span style=\"font-variant: normal;\"><span style=\"letter-spacing: normal;\"><span style=\"font-style: normal;\"><b>B\u00f3g<br \/>\ndopu\u015bci je na niego.<\/b><\/span><\/span><\/span><span style=\"font-variant: normal;\"><span style=\"letter-spacing: normal;\"><span style=\"font-style: normal;\"><br \/>\nA g\u0142osiciel s\u0142owa Bo\u017cego nie mo\u017ce si\u0119 ba\u0107. Dlaczego? <\/span><\/span><\/span><\/span><\/span><br \/>\n<\/span><\/div>\n<div align=\"justify\" style=\"background: transparent; font-weight: normal; line-height: 150%; margin-bottom: 0cm; text-indent: 1.3cm;\">\n<span style=\"font-size: x-large;\"><span style=\"color: black;\"><span style=\"font-family: &quot;book antiqua&quot; , serif;\"><span style=\"font-variant: normal;\"><span style=\"letter-spacing: normal;\"><span style=\"font-style: normal;\">W\u0142a\u015bnie<br \/>\ndlatego, \u017ce m\u00f3wi w imieniu Boga, zatem ma <\/span><\/span><\/span><span style=\"font-variant: normal;\"><span style=\"letter-spacing: normal;\"><span style=\"font-style: normal;\"><b>gwarantowane<br \/>\nwsparcie<\/b><\/span><\/span><\/span><span style=\"font-variant: normal;\"><span style=\"letter-spacing: normal;\"><span style=\"font-style: normal;\"><br \/>\nTego, w imieniu kt\u00f3rego m\u00f3wi. <\/span><\/span><\/span><span style=\"font-variant: normal;\"><span style=\"letter-spacing: normal;\"><span style=\"font-style: normal;\">St\u0105d<br \/>\nte\u017c<\/span><\/span><\/span><span style=\"font-variant: normal;\"><span style=\"letter-spacing: normal;\"><span style=\"font-style: normal;\"><br \/>\n\u2013 id\u017amy dalej w tym rozumowaniu \u2013 je\u017celi poddaje si\u0119 l\u0119kowi,<br \/>\nto daje <\/span><\/span><\/span><span style=\"font-variant: normal;\"><span style=\"letter-spacing: normal;\"><span style=\"font-style: normal;\"><b>fa\u0142szywe<br \/>\n\u015bwiadectwo <\/b><\/span><\/span><\/span><span style=\"font-variant: normal;\"><span style=\"letter-spacing: normal;\"><span style=\"font-style: normal;\"><b>o<br \/>\n<\/b><\/span><\/span><\/span><span style=\"font-variant: normal;\"><span style=\"letter-spacing: normal;\"><span style=\"font-style: normal;\"><b>Bogu.<\/b><\/span><\/span><\/span><span style=\"font-variant: normal;\"><span style=\"letter-spacing: normal;\"><span style=\"font-style: normal;\"><br \/>\nBo B\u00f3g jest mocny, jest najmocniejszy i najwi\u0119kszy, \u017cadna si\u0142a na<br \/>\ntym \u015bwiecie nie mo\u017ce si\u0119 z Nim r\u00f3wna\u0107 \u2013 <\/span><\/span><\/span><span style=\"font-variant: normal;\"><span style=\"letter-spacing: normal;\"><span style=\"font-style: normal;\"><b>nawet<br \/>\n<\/b><\/span><\/span><\/span><span style=\"font-variant: normal;\"><span style=\"letter-spacing: normal;\"><span style=\"font-style: normal;\"><b>nie<br \/>\npowinna <\/b><\/span><\/span><\/span><span style=\"font-variant: normal;\"><span style=\"letter-spacing: normal;\"><span style=\"font-style: normal;\"><b>pr\u00f3bowa\u0107<br \/>\nsi\u0119 r\u00f3wna\u0107!<\/b><\/span><\/span><\/span><span style=\"font-variant: normal;\"><span style=\"letter-spacing: normal;\"><span style=\"font-style: normal;\"><br \/>\n<\/span><\/span><\/span><span style=\"font-variant: normal;\"><span style=\"letter-spacing: normal;\"><span style=\"font-style: normal;\">Skoro<br \/>\nsi\u0119 zatem cz\u0142owiek \u00f3w<\/span><\/span><\/span><span style=\"font-variant: normal;\"><span style=\"letter-spacing: normal;\"><span style=\"font-style: normal;\"><br \/>\nobawia, <\/span><\/span><\/span><span style=\"font-variant: normal;\"><span style=\"letter-spacing: normal;\"><span style=\"font-style: normal;\">to<br \/>\nmo\u017ce<\/span><\/span><\/span><span style=\"font-variant: normal;\"><span style=\"letter-spacing: normal;\"><span style=\"font-style: normal;\"><br \/>\nbardziej g\u0142osi siebie, ni\u017c Boga\u2026 <\/span><\/span><\/span><\/span><\/span><br \/>\n<\/span><\/div>\n<div align=\"justify\" style=\"background: transparent; font-weight: normal; line-height: 150%; margin-bottom: 0cm; text-indent: 1.3cm;\">\n<span style=\"font-size: x-large;\"><span style=\"color: black;\"><span style=\"font-family: &quot;book antiqua&quot; , serif;\"><span style=\"font-variant: normal;\"><span style=\"letter-spacing: normal;\"><span style=\"font-style: normal;\">Moi<br \/>\nDrodzy, takie to w\u0142a\u015bnie wskazania dzisiaj us\u0142ysza\u0142 Prorok,<br \/>\nopr\u00f3cz innych, wa\u017cnych zapewnie\u0144 ze strony Boga, jak chocia\u017cby<br \/>\nt<\/span><\/span><\/span><span style=\"font-variant: normal;\"><span style=\"letter-spacing: normal;\"><span style=\"font-style: normal;\">ych<\/span><\/span><\/span><span style=\"font-variant: normal;\"><span style=\"letter-spacing: normal;\"><span style=\"font-style: normal;\">:<br \/>\n<\/span><\/span><\/span><span style=\"font-variant: normal;\"><span style=\"letter-spacing: normal;\"><i><b>A<br \/>\noto Ja czyni\u0119 ci\u0119 dzisiaj twierdz\u0105 warown\u0105, kolumn\u0105 <\/b><\/i><\/span><\/span><span style=\"font-variant: normal;\"><span style=\"letter-spacing: normal;\"><i><b>ze<br \/>\nstali <\/b><\/i><\/span><\/span><span style=\"font-variant: normal;\"><span style=\"letter-spacing: normal;\"><i><b>i<br \/>\nmurem spi\u017c<\/b><\/i><\/span><\/span><span style=\"font-variant: normal;\"><span style=\"letter-spacing: normal;\"><i><b>owym<\/b><\/i><\/span><\/span><span style=\"font-variant: normal;\"><span style=\"letter-spacing: normal;\"><i><b><br \/>\nprzeciw ca\u0142ej ziemi, przeciw kr\u00f3lom judzkim i ich przyw\u00f3dcom, ich<br \/>\nkap\u0142anom i ludowi tej ziemi. B\u0119d\u0105 walczy\u0107 przeciw tobie, ale nie<br \/>\nzdo\u0142aj\u0105 ci\u0119 zwyci\u0119\u017cy\u0107, gdy\u017c Ja jestem z tob\u0105 \u2013 m\u00f3wi Pan \u2013<br \/>\nby ci\u0119 ochrania\u0107.<\/b><\/i><\/span><\/span><span style=\"font-variant: normal;\"><span style=\"letter-spacing: normal;\"><span style=\"font-style: normal;\"><b><br \/>\n<\/b><\/span><\/span><\/span><\/span><\/span><br \/>\n<\/span><\/div>\n<div align=\"justify\" style=\"background: transparent; font-weight: normal; line-height: 150%; margin-bottom: 0cm; text-indent: 1.3cm;\">\n<span style=\"font-size: x-large;\"><span style=\"color: black;\"><span style=\"font-family: &quot;book antiqua&quot; , serif;\"><span style=\"font-variant: normal;\"><span style=\"letter-spacing: normal;\"><span style=\"font-style: normal;\">W<br \/>\ndzisiejszej Ewangelii Jezus pokaza\u0142, jak to pouczenie wprowadzi\u0107 w<br \/>\n\u017cycie. B\u0119d\u0105c <\/span><\/span><\/span><span style=\"font-variant: normal;\"><span style=\"letter-spacing: normal;\"><span style=\"font-style: normal;\"><b>w\u015br\u00f3d<br \/>\nswoich rodak\u00f3w,<\/b><\/span><\/span><\/span><span style=\"font-variant: normal;\"><span style=\"letter-spacing: normal;\"><span style=\"font-style: normal;\"><br \/>\nw synagodze w Nazarecie, wyra\u017anie wskaza\u0142, \u017ce Proroctwo Izajasza,<br \/>\ndotycz\u0105ce przychodz\u0105cego Mesjasza, odnosi si\u0119 do Niego. Zapewne<br \/>\nprzewidywa\u0142 \u2013 a raczej wiedzia\u0142 \u2013 \u017ce to <\/span><\/span><\/span><span style=\"font-variant: normal;\"><span style=\"letter-spacing: normal;\"><span style=\"font-style: normal;\"><b>nie<br \/>\nspotka si\u0119 z entuzjastycznym przyj\u0119ciem<\/b><\/span><\/span><\/span><span style=\"font-variant: normal;\"><span style=\"letter-spacing: normal;\"><span style=\"font-style: normal;\"><br \/>\nze strony s\u0142uchaczy. Bo przecie\u017c dobrze Go znali \u2013 niekt\u00f3rzy<br \/>\nnawet od dziecka \u2013 dlatego przyj\u0119cie do wiadomo\u015bci, \u017ce oto stoi<br \/>\nprzed nimi Bo\u017cy Syn, musia\u0142o wywo\u0142a\u0107 ich r\u00f3\u017cne reakcje. <\/span><\/span><\/span><span style=\"font-variant: normal;\"><span style=\"letter-spacing: normal;\"><span style=\"font-style: normal;\">I<\/span><\/span><\/span><span style=\"font-variant: normal;\"><span style=\"letter-spacing: normal;\"><span style=\"font-style: normal;\"><br \/>\nwywo\u0142a\u0142o. <\/span><\/span><\/span><\/span><\/span><br \/>\n<\/span><\/div>\n<div align=\"justify\" style=\"background: transparent; font-weight: normal; line-height: 150%; margin-bottom: 0cm; text-indent: 1.3cm;\">\n<span style=\"color: black;\"><span style=\"font-family: &quot;book antiqua&quot; , serif;\"><span style=\"font-size: x-large;\"><span style=\"font-variant: normal;\"><span style=\"letter-spacing: normal;\"><span style=\"font-style: normal;\">Jak<br \/>\ns\u0142yszeli\u015bmy, <\/span><\/span><\/span><span style=\"font-variant: normal;\"><span style=\"letter-spacing: normal;\"><i><b>porwa<\/b><\/i><\/span><\/span><span style=\"font-variant: normal;\"><span style=\"letter-spacing: normal;\"><i><b>li<\/b><\/i><\/span><\/span><span style=\"font-variant: normal;\"><span style=\"letter-spacing: normal;\"><i><b><br \/>\nsi\u0119 z miejsc<\/b><\/i><\/span><\/span><span style=\"font-variant: normal;\"><span style=\"letter-spacing: normal;\"><i><b>a<\/b><\/i><\/span><\/span><span style=\"font-variant: normal;\"><span style=\"letter-spacing: normal;\"><i><b>,<br \/>\nwyrzucili Go z miasta i wyprowadzili a\u017c na <\/b><\/i><\/span><\/span><span style=\"font-variant: normal;\"><span style=\"letter-spacing: normal;\"><i><b>stok<\/b><\/i><\/span><\/span><span style=\"font-variant: normal;\"><span style=\"letter-spacing: normal;\"><i><b><br \/>\ng\u00f3ry, na kt\u00f3rej ich miasto <\/b><\/i><\/span><\/span><span style=\"font-variant: normal;\"><span style=\"letter-spacing: normal;\"><i><b>by\u0142o<br \/>\nzbudowane<\/b><\/i><\/span><\/span><span style=\"font-variant: normal;\"><span style=\"letter-spacing: normal;\"><i><b>,<br \/>\naby Go str\u0105ci\u0107. On jednak, przeszed\u0142szy po\u015br\u00f3d nich, oddali\u0142<br \/>\nsi\u0119.<\/b><\/i><\/span><\/span><span style=\"font-variant: normal;\"><span style=\"letter-spacing: normal;\"><span style=\"font-style: normal;\"><br \/>\nJezus wiedzia\u0142, \u017ce tak zareaguj\u0105, a pomimo tego nie powstrzyma\u0142<br \/>\nsi\u0119 przed <\/span><\/span><\/span><span style=\"font-variant: normal;\"><span style=\"letter-spacing: normal;\"><span style=\"font-style: normal;\"><b>daniem<br \/>\n\u015bwiadectwa prawdzie.<\/b><\/span><\/span><\/span><span style=\"font-variant: normal;\"><span style=\"letter-spacing: normal;\"><span style=\"font-style: normal;\"><br \/>\nW og\u00f3le nie zwa\u017ca\u0142 na to, \u017ce mo\u017ce si\u0119 to im nie spodoba\u0107.<br \/>\nTrudno! Najwy\u017cej si\u0119 nie spodoba, ale to nie pow\u00f3d, by Jezus<br \/>\nChrystus, Bo\u017cy Syn, zapowiedziany Mesjasz, mia\u0142 si\u0119 <\/span><\/span><\/span><span style=\"font-variant: normal;\"><span style=\"letter-spacing: normal;\"><span style=\"font-style: normal;\"><b>obawia\u0107<br \/>\npowiedzenia ca\u0142ej prawdy,<\/b><\/span><\/span><\/span><span style=\"font-variant: normal;\"><span style=\"letter-spacing: normal;\"><span style=\"font-style: normal;\"><br \/>\njak\u0105 Mu przekaza\u0142 Ojciec. Dlatego powiedzia\u0142 wszystko to, co mia\u0142<br \/>\n<\/span><\/span><\/span><span style=\"font-variant: normal;\"><span style=\"letter-spacing: normal;\"><span style=\"font-style: normal;\">do<br \/>\n<\/span><\/span><\/span><span style=\"font-variant: normal;\"><span style=\"letter-spacing: normal;\"><span style=\"font-style: normal;\">powiedz<\/span><\/span><\/span><span style=\"font-variant: normal;\"><span style=\"letter-spacing: normal;\"><span style=\"font-style: normal;\">enia<\/span><\/span><\/span><span style=\"font-variant: normal;\"><span style=\"letter-spacing: normal;\"><span style=\"font-style: normal;\">.<br \/>\n<\/span><\/span><\/span><span style=\"font-variant: normal;\"><span style=\"letter-spacing: normal;\"><span style=\"font-style: normal;\"><b>Nie<br \/>\nba\u0142 si\u0119 nikogo i niczego!<\/b><\/span><\/span><\/span><\/span><\/span><\/span><\/div>\n<div align=\"justify\" style=\"background: transparent; font-weight: normal; line-height: 150%; margin-bottom: 0cm; text-indent: 1.3cm;\">\n<span style=\"font-size: x-large;\"><span style=\"color: black;\"><span style=\"font-family: &quot;book antiqua&quot; , serif;\"><span style=\"font-variant: normal;\"><span style=\"letter-spacing: normal;\"><span style=\"font-style: normal;\">Kiedy<br \/>\ntak tego wszystkiego s\u0142uchamy, moi Drodzy, to my\u015bl\u0119, \u017ce<br \/>\nsamorzutnie wr\u0119cz pojawia si\u0119 w naszym sercu <\/span><\/span><\/span><span style=\"font-variant: normal;\"><span style=\"letter-spacing: normal;\"><span style=\"font-style: normal;\"><b>pytanie<br \/>\no nasz<\/b><\/span><\/span><\/span><span style=\"font-variant: normal;\"><span style=\"letter-spacing: normal;\"><span style=\"font-style: normal;\"><b>\u0105<br \/>\npostaw\u0119,<\/b><\/span><\/span><\/span><span style=\"font-variant: normal;\"><span style=\"letter-spacing: normal;\"><span style=\"font-style: normal;\"><br \/>\no nasz\u0105 odwag\u0119, o nasze \u015bwiadectwo\u2026 <\/span><\/span><\/span><span style=\"font-variant: normal;\"><span style=\"letter-spacing: normal;\"><span style=\"font-style: normal;\">Bo<br \/>\nprzecie\u017c zdajemy sobie spraw\u0119, \u017ce te s\u0142owa, kt\u00f3re B\u00f3g dzisiaj<br \/>\nskierowa\u0142 do Jeremiasza \u2013 <\/span><\/span><\/span><span style=\"font-variant: normal;\"><span style=\"letter-spacing: normal;\"><span style=\"font-style: normal;\"><b>nie<br \/>\ntylko do Jeremiasza si\u0119 odnosz\u0105. <\/b><\/span><\/span><\/span><span style=\"font-variant: normal;\"><span style=\"letter-spacing: normal;\"><span style=\"font-style: normal;\">I<br \/>\nprzyk\u0142ad, jaki Jezus da\u0142 dzisiaj swoj\u0105 postaw\u0105, nie by\u0142 tylko<br \/>\nprzypadkowym zbiegiem wydarze\u0144. To wszystko jest <\/span><\/span><\/span><span style=\"font-variant: normal;\"><span style=\"letter-spacing: normal;\"><span style=\"font-style: normal;\"><b>bardzo<br \/>\nczytelnym przes\u0142aniem dla nas,<\/b><\/span><\/span><\/span><span style=\"font-variant: normal;\"><span style=\"letter-spacing: normal;\"><span style=\"font-style: normal;\"><br \/>\naby\u015bmy takimi w\u0142a\u015bnie aposto\u0142ami i g\u0142osicielami Dobrej Nowiny<br \/>\nbyli w tym w \u015brodowisku, w jakim \u017cyjemy. <\/span><\/span><\/span><\/span><\/span><br \/>\n<\/span><\/div>\n<div align=\"justify\" style=\"background: transparent; font-weight: normal; line-height: 150%; margin-bottom: 0cm; text-indent: 1.3cm;\">\n<span style=\"font-size: x-large;\"><span style=\"color: black;\"><span style=\"font-family: &quot;book antiqua&quot; , serif;\"><span style=\"font-variant: normal;\"><span style=\"letter-spacing: normal;\"><span style=\"font-style: normal;\">Wszyscy<br \/>\n\u2013 <\/span><\/span><\/span><span style=\"font-variant: normal;\"><span style=\"letter-spacing: normal;\"><span style=\"font-style: normal;\"><b>nie<br \/>\ntylko ksi\u0119\u017ca! Wszyscy! <\/b><\/span><\/span><\/span><span style=\"font-variant: normal;\"><span style=\"letter-spacing: normal;\"><span style=\"font-style: normal;\">Oczywi\u015bcie,<br \/>\nosoby duchowne, duszpasterze, maj\u0105 tu do odegrania rol\u0119 szczeg\u00f3ln\u0105.<br \/>\nI dobrze, gdyby zawsze byli bardzo <\/span><\/span><\/span><span style=\"font-variant: normal;\"><span style=\"letter-spacing: normal;\"><span style=\"font-style: normal;\"><b>odwa\u017cni,<br \/>\njednoznaczni i bezkompromisowi <\/b><\/span><\/span><\/span><span style=\"font-variant: normal;\"><span style=\"letter-spacing: normal;\"><span style=\"font-style: normal;\">w<br \/>\npe\u0142nieniu tej misji. Bo jak\u0105\u015b totaln\u0105 pomy\u0142k\u0105 jest sytuacja, w<br \/>\nkt\u00f3rej <\/span><\/span><\/span><span style=\"font-variant: normal;\"><span style=\"letter-spacing: normal;\"><span style=\"font-style: normal;\">duszpasterz<br \/>\n\u2013 dla tak zwanego \u015bwi\u0119tego spokoju \u2013 unika pewnych temat\u00f3w,<br \/>\nalbo tak m\u00f3wi, \u017ceby <\/span><\/span><\/span><span style=\"font-variant: normal;\"><span style=\"letter-spacing: normal;\"><span style=\"font-style: normal;\"><b>przypadkiem<br \/>\nkogo\u015b nie urazi\u0107, <\/b><\/span><\/span><\/span><span style=\"font-variant: normal;\"><span style=\"letter-spacing: normal;\"><span style=\"font-style: normal;\">nikomu<br \/>\nsi\u0119 nie narazi\u0107\u2026 <\/span><\/span><\/span><\/span><\/span><br \/>\n<\/span><\/div>\n<div align=\"justify\" style=\"background: transparent; font-weight: normal; line-height: 150%; margin-bottom: 0cm; text-indent: 1.3cm;\">\n<span style=\"font-size: x-large;\"><span style=\"color: black;\"><span style=\"font-family: &quot;book antiqua&quot; , serif;\"><span style=\"font-variant: normal;\"><span style=\"letter-spacing: normal;\"><span style=\"font-style: normal;\">Naturalnie,<br \/>\nnie w tym rzecz, \u017ceby w swoich wyst\u0105pieniach by\u0142 arogancki,<br \/>\nobcesowy lub wynios\u0142y, ale na pewno nie w tym tak\u017ce rzecz, <\/span><\/span><\/span><span style=\"font-variant: normal;\"><span style=\"letter-spacing: normal;\"><span style=\"font-style: normal;\"><b>\u017ceby<br \/>\nsi\u0119 wszystkim przymila\u0142,<\/b><\/span><\/span><\/span><span style=\"font-variant: normal;\"><span style=\"letter-spacing: normal;\"><span style=\"font-style: normal;\"><br \/>\nka\u017cdemu tylko prawi\u0142 komplementy, m\u00f3wi\u0142 tylko <\/span><\/span><\/span><span style=\"font-variant: normal;\"><span style=\"letter-spacing: normal;\"><span style=\"font-style: normal;\">t<\/span><\/span><\/span><span style=\"font-variant: normal;\"><span style=\"letter-spacing: normal;\"><span style=\"font-style: normal;\">o,<br \/>\nco przyjemne w odbiorze i mi\u0142e dla ucha \u2013 ani jedna, ani druga<br \/>\npostawa nie jest w\u0142a\u015bciwa. Najlepiej, je\u015bli b\u0119dzie si\u0119 po prostu<br \/>\n<\/span><\/span><\/span><span style=\"font-variant: normal;\"><span style=\"letter-spacing: normal;\"><span style=\"font-style: normal;\"><b>trzyma\u0142<br \/>\nprawdy! <\/b><\/span><\/span><\/span><span style=\"font-variant: normal;\"><span style=\"letter-spacing: normal;\"><span style=\"font-style: normal;\">I<br \/>\ng\u0142osi\u0142 prawd\u0119! Niczym innym nie powinien si\u0119 kierowa\u0107, jak<br \/>\ntrosk\u0105 o wiernych, powierzonych swojej pieczy \u2013 <\/span><\/span><\/span><span style=\"font-variant: normal;\"><span style=\"letter-spacing: normal;\"><span style=\"font-style: normal;\"><b>trosk\u0105,<br \/>\nwynikaj\u0105c\u0105 z mi\u0142o\u015bci.<\/b><\/span><\/span><\/span><span style=\"font-variant: normal;\"><span style=\"letter-spacing: normal;\"><span style=\"font-style: normal;\"><br \/>\n<\/span><\/span><\/span><\/span><\/span><br \/>\n<\/span><\/div>\n<div align=\"justify\" style=\"background: transparent; font-weight: normal; line-height: 150%; margin-bottom: 0cm; text-indent: 1.3cm;\">\n<span style=\"font-size: x-large;\"><span style=\"color: black;\"><span style=\"font-family: &quot;book antiqua&quot; , serif;\"><span style=\"font-variant: normal;\"><span style=\"letter-spacing: normal;\"><span style=\"font-style: normal;\">Tak,<br \/>\nz tej mi\u0142o\u015bci w\u0142a\u015bciwie pojmowanej, czyli takiej, o jakiej<br \/>\nAposto\u0142 Pawe\u0142 m\u00f3wi w dzisiejszym drugim czytaniu. <\/span><\/span><\/span><span style=\"font-variant: normal;\"><span style=\"letter-spacing: normal;\"><span style=\"font-style: normal;\"><b>On<br \/>\ntak\u017ce kierowa\u0142 si\u0119 mi\u0142o\u015bci\u0105<\/b><\/span><\/span><\/span><span style=\"font-variant: normal;\"><span style=\"letter-spacing: normal;\"><span style=\"font-style: normal;\"><br \/>\nw <\/span><\/span><\/span><span style=\"font-variant: normal;\"><span style=\"letter-spacing: normal;\"><span style=\"font-style: normal;\">swoim<br \/>\nodniesieniu do uczni\u00f3w \u2013 <\/span><\/span><\/span><span style=\"font-variant: normal;\"><span style=\"letter-spacing: normal;\"><span style=\"font-style: normal;\">r\u00f3wnie\u017c<\/span><\/span><\/span><span style=\"font-variant: normal;\"><span style=\"letter-spacing: normal;\"><span style=\"font-style: normal;\"><br \/>\nwtedy, kiedy musia\u0142 ich surowo upomnie\u0107, czy wytkn\u0105\u0107 b\u0142\u0119dy. Nie<br \/>\nkierowa\u0142 si\u0119 w\u00f3wczas ani ch\u0119ci\u0105 <\/span><\/span><\/span><span style=\"font-variant: normal;\"><span style=\"letter-spacing: normal;\"><span style=\"font-style: normal;\"><b>podkre\u015blenia<br \/>\nswojej wy\u017cszo\u015bci,<\/b><\/span><\/span><\/span><span style=\"font-variant: normal;\"><span style=\"letter-spacing: normal;\"><span style=\"font-style: normal;\"><br \/>\nani jakimkolwiek niew\u0142a\u015bciwym nastawieniem,<\/span><\/span><\/span><span style=\"font-variant: normal;\"><span style=\"letter-spacing: normal;\"><span style=\"font-style: normal;\"><br \/>\ntylko<\/span><\/span><\/span><span style=\"font-variant: normal;\"><span style=\"letter-spacing: normal;\"><span style=\"font-style: normal;\"><br \/>\n<\/span><\/span><\/span><span style=\"font-variant: normal;\"><span style=\"letter-spacing: normal;\"><span style=\"font-style: normal;\"><b>szczer\u0105<br \/>\nmi\u0142o\u015bci\u0105 i trosk\u0105 <\/b><\/span><\/span><\/span><span style=\"font-variant: normal;\"><span style=\"letter-spacing: normal;\"><span style=\"font-style: normal;\">o<br \/>\ntych, kt\u00f3rych mu Pan powierzy\u0142. I dlatego o tej mi\u0142o\u015bci dzisiaj<br \/>\npisze. <\/span><\/span><\/span><\/span><\/span><br \/>\n<\/span><\/div>\n<div align=\"justify\" style=\"background: transparent; font-weight: normal; line-height: 150%; margin-bottom: 0cm; text-indent: 1.3cm;\">\n<span style=\"font-size: x-large;\"><span style=\"color: black;\"><span style=\"font-family: &quot;book antiqua&quot; , serif;\"><span style=\"font-variant: normal;\"><span style=\"letter-spacing: normal;\"><span style=\"font-style: normal;\">Moi<br \/>\nDrodzy, my dobrze znamy ten tekst. Bardzo cz\u0119sto s\u0142yszymy go<br \/>\nzw\u0142aszcza na <\/span><\/span><\/span><span style=\"font-variant: normal;\"><span style=\"letter-spacing: normal;\"><span style=\"font-style: normal;\"><b>Mszach<br \/>\n\u015awi\u0119tych \u015blubnych. <\/b><\/span><\/span><\/span><span style=\"font-variant: normal;\"><span style=\"letter-spacing: normal;\"><span style=\"font-style: normal;\">Zreszt\u0105,<br \/>\nniejednokrotnie sami nowo\u017ce\u0144cy prosz\u0105, aby w\u0142a\u015bnie to czytanie<br \/>\nwybrzmia\u0142o w trakcie ich za\u015blubin. Nieraz tak\u017ce odnajdujemy s\u0142owa<br \/>\ntego\u017c \u2013 jak go okre\u015blamy \u2013 <\/span><\/span><\/span><span style=\"font-variant: normal;\"><span style=\"letter-spacing: normal;\"><span style=\"font-style: normal;\"><b>hymnu<br \/>\no mi\u0142o\u015bci,<\/b><\/span><\/span><\/span><span style=\"font-variant: normal;\"><span style=\"letter-spacing: normal;\"><span style=\"font-style: normal;\"><br \/>\nalbo te\u017c <\/span><\/span><\/span><span style=\"font-variant: normal;\"><span style=\"letter-spacing: normal;\"><span style=\"font-style: normal;\"><b>Pie\u015bni<br \/>\nnad pie\u015bniami Nowego Testamentu, <\/b><\/span><\/span><\/span><span style=\"font-variant: normal;\"><span style=\"letter-spacing: normal;\"><span style=\"font-style: normal;\">na<br \/>\nkartkach z \u017cyczeniami, gdzie s\u0142owa te s\u0142u\u017c\u0105 jako dedykacja, jako<br \/>\npoetycki ozdobnik owej kartki. <\/span><\/span><\/span><\/span><\/span><br \/>\n<\/span><\/div>\n<div align=\"justify\" style=\"background: transparent; font-weight: normal; line-height: 150%; margin-bottom: 0cm; text-indent: 1.3cm;\">\n<span style=\"font-size: x-large;\"><span style=\"color: black;\"><span style=\"font-family: &quot;book antiqua&quot; , serif;\"><span style=\"font-variant: normal;\"><span style=\"letter-spacing: normal;\"><span style=\"font-style: normal;\">St\u0105d<br \/>\npowstaje w nas pokusa, aby te s\u0142owa tak w\u0142a\u015bnie potraktowa\u0107: jako<br \/>\ntak\u0105 <\/span><\/span><\/span><span style=\"font-variant: normal;\"><span style=\"letter-spacing: normal;\"><span style=\"font-style: normal;\"><b>mi\u0142\u0105<br \/>\ndla ucha poezj\u0119,<\/b><\/span><\/span><\/span><span style=\"font-variant: normal;\"><span style=\"letter-spacing: normal;\"><span style=\"font-style: normal;\"><br \/>\njako taki wzruszaj\u0105cy poemacik, jako takie s\u0142odkie i czu\u0142e, tkliwe<br \/>\ni wzruszaj\u0105ce s\u0142\u00f3wka\u2026 A od tego ju\u017c tylko krok, by i sam\u0105<br \/>\nmi\u0142o\u015b\u0107 potraktowa\u0107 jako <\/span><\/span><\/span><span style=\"font-variant: normal;\"><span style=\"letter-spacing: normal;\"><span style=\"font-style: normal;\"><b>przelotne<br \/>\nuczucie i p\u0142ytkie wzruszenie\u2026 <\/b><\/span><\/span><\/span><\/span><\/span><br \/>\n<\/span><\/div>\n<div align=\"justify\" style=\"background: transparent; font-weight: normal; line-height: 150%; margin-bottom: 0cm; text-indent: 1.3cm;\">\n<span style=\"color: black;\"><span style=\"font-family: &quot;book antiqua&quot; , serif;\"><span style=\"font-size: x-large;\"><span style=\"font-variant: normal;\"><span style=\"letter-spacing: normal;\"><span style=\"font-style: normal;\">Tymczasem,<br \/>\nwystarczy si\u0119 ws\u0142ucha\u0107 dok\u0142adnie i chocia\u017c troch\u0119 pomy\u015ble\u0107<br \/>\nnad tym, co pisze \u015awi\u0119ty Pawe\u0142, aby si\u0119 przekona\u0107, \u017ce nie<br \/>\nprzelotne uczucie i s\u0142odkie wzruszenia ma na my\u015bli. Je\u017celi bowiem<br \/>\ns\u0142yszymy, \u017ce <\/span><\/span><\/span><span style=\"font-variant: normal;\"><span style=\"letter-spacing: normal;\"><i><b>m<\/b><\/i><\/span><\/span><span style=\"font-variant: normal;\"><span style=\"letter-spacing: normal;\"><i><b>i\u0142o\u015b\u0107<br \/>\nnie zazdro\u015bci, nie szuka poklasku, nie unosi si\u0119 pych\u0105; nie<br \/>\n<\/b><\/i><\/span><\/span><span style=\"font-variant: normal;\"><span style=\"letter-spacing: normal;\"><i><b>dopuszcza<br \/>\nsi\u0119<\/b><\/i><\/span><\/span><span style=\"font-variant: normal;\"><span style=\"letter-spacing: normal;\"><i><b><br \/>\nbezwstyd<\/b><\/i><\/span><\/span><span style=\"font-variant: normal;\"><span style=\"letter-spacing: normal;\"><i><b>u<\/b><\/i><\/span><\/span><span style=\"font-variant: normal;\"><span style=\"letter-spacing: normal;\"><i><b>,<br \/>\nnie szuka swego, nie unosi si\u0119 gniewem, nie pami\u0119ta z\u0142ego, nie<br \/>\ncieszy si\u0119 z niesprawiedliwo\u015bci, lecz wsp\u00f3\u0142weseli si\u0119 z prawd\u0105.<br \/>\nWszystko znosi, wszystkiemu wierzy, we wszystkim pok\u0142ada nadziej\u0119,<br \/>\nwszystko przetrzyma<\/b><\/i><\/span><\/span><span style=\"font-variant: normal;\"><span style=\"letter-spacing: normal;\"><span style=\"font-style: normal;\"><b><br \/>\n\u2013<\/b><\/span><\/span><\/span><span style=\"font-variant: normal;\"><span style=\"letter-spacing: normal;\"><span style=\"font-style: normal;\"><b><br \/>\n<\/b><\/span><\/span><\/span><span style=\"font-variant: normal;\"><span style=\"letter-spacing: normal;\"><span style=\"font-style: normal;\">to<br \/>\nnaprawd\u0119 s\u0105 to mocne stwierdzenia. I chodzi tu o <\/span><\/span><\/span><span style=\"font-variant: normal;\"><span style=\"letter-spacing: normal;\"><span style=\"font-style: normal;\"><b>bardzo<br \/>\nkonkretn\u0105 postaw\u0119<\/b><\/span><\/span><\/span><span style=\"font-variant: normal;\"><span style=\"letter-spacing: normal;\"><span style=\"font-style: normal;\"><br \/>\n\u2013 <\/span><\/span><\/span><span style=\"font-variant: normal;\"><span style=\"letter-spacing: normal;\"><span style=\"font-style: normal;\">a<br \/>\n<\/span><\/span><\/span><span style=\"font-variant: normal;\"><span style=\"letter-spacing: normal;\"><span style=\"font-style: normal;\">nie<br \/>\no tanie wzruszenia, czy p\u0142ytkie, chwilowe uczucia.<\/span><\/span><\/span><\/span><\/span><\/span><\/div>\n<div align=\"justify\" style=\"background: transparent; font-weight: normal; line-height: 150%; margin-bottom: 0cm; text-indent: 1.3cm;\">\n<span style=\"font-size: x-large;\"><span style=\"color: black;\"><span style=\"font-family: &quot;book antiqua&quot; , serif;\"><span style=\"font-variant: normal;\"><span style=\"letter-spacing: normal;\"><span style=\"font-style: normal;\">Skoro<br \/>\n<\/span><\/span><\/span><span style=\"font-variant: normal;\"><span style=\"letter-spacing: normal;\"><span style=\"font-style: normal;\">za\u015b<br \/>\n<\/span><\/span><\/span><span style=\"font-variant: normal;\"><span style=\"letter-spacing: normal;\"><span style=\"font-style: normal;\">dzisiaj<br \/>\nten tekst zosta\u0142 zestawiony z tymi, dotycz\u0105cymi m\u00f3wienia w imieniu<br \/>\nBoga, to wyci\u0105gamy z tego wniosek, \u017ce <\/span><\/span><\/span><span style=\"font-variant: normal;\"><span style=\"letter-spacing: normal;\"><span style=\"font-style: normal;\"><b>jednoznaczne<br \/>\nm\u00f3wienie<\/b><\/span><\/span><\/span><span style=\"font-variant: normal;\"><span style=\"letter-spacing: normal;\"><span style=\"font-style: normal;\"><br \/>\ndrugiemu prawdy w imieniu Boga i odwa\u017cne \u015bwiadczenie o tej prawdzie<br \/>\n\u2013 ma by\u0107 znakiem naszej <\/span><\/span><\/span><span style=\"font-variant: normal;\"><span style=\"letter-spacing: normal;\"><span style=\"font-style: normal;\"><b>mi\u0142o\u015bci<br \/>\ni troski <\/b><\/span><\/span><\/span><span style=\"font-variant: normal;\"><span style=\"letter-spacing: normal;\"><span style=\"font-style: normal;\">wobec<br \/>\nniego. Jak ju\u017c wspomnieli\u015bmy, ma by\u0107 <\/span><\/span><\/span><span style=\"font-variant: normal;\"><span style=\"letter-spacing: normal;\"><span style=\"font-style: normal;\"><b>wyrazem<br \/>\ntroski duszpasterza<\/b><\/span><\/span><\/span><span style=\"font-variant: normal;\"><span style=\"letter-spacing: normal;\"><span style=\"font-style: normal;\"><br \/>\no tych, kt\u00f3rzy zostali mu powierzeni. <\/span><\/span><\/span><\/span><\/span><br \/>\n<\/span><\/div>\n<div align=\"justify\" style=\"background: transparent; font-weight: normal; line-height: 150%; margin-bottom: 0cm; text-indent: 1.3cm;\">\n<span style=\"font-size: x-large;\"><span style=\"color: black;\"><span style=\"font-family: &quot;book antiqua&quot; , serif;\"><span style=\"font-variant: normal;\"><span style=\"letter-spacing: normal;\"><span style=\"font-style: normal;\">Przeto<br \/>\nnie ten duszpasterz dobrze wype\u0142ni<\/span><\/span><\/span><span style=\"font-variant: normal;\"><span style=\"letter-spacing: normal;\"><span style=\"font-style: normal;\">a<\/span><\/span><\/span><span style=\"font-variant: normal;\"><span style=\"letter-spacing: normal;\"><span style=\"font-style: normal;\"><br \/>\nswoj\u0105 misj\u0119, na kazaniach kt\u00f3rego <\/span><\/span><\/span><span style=\"font-variant: normal;\"><span style=\"letter-spacing: normal;\"><span style=\"font-style: normal;\">jest<\/span><\/span><\/span><span style=\"font-variant: normal;\"><span style=\"letter-spacing: normal;\"><span style=\"font-style: normal;\"><br \/>\n<\/span><\/span><\/span><span style=\"font-variant: normal;\"><span style=\"letter-spacing: normal;\"><span style=\"font-style: normal;\"><b>zawsze<br \/>\nmi\u0142o i s\u0142odko,<\/b><\/span><\/span><\/span><span style=\"font-variant: normal;\"><span style=\"letter-spacing: normal;\"><span style=\"font-style: normal;\"><br \/>\nwszyscy czu<\/span><\/span><\/span><span style=\"font-variant: normal;\"><span style=\"letter-spacing: normal;\"><span style=\"font-style: normal;\">j\u0105<br \/>\nsi\u0119<\/span><\/span><\/span><span style=\"font-variant: normal;\"><span style=\"letter-spacing: normal;\"><span style=\"font-style: normal;\"><br \/>\nkomfortowo i bezstresowo, zadowoleni <\/span><\/span><\/span><span style=\"font-variant: normal;\"><span style=\"letter-spacing: normal;\"><span style=\"font-style: normal;\">\u2013<\/span><\/span><\/span><span style=\"font-variant: normal;\"><span style=\"letter-spacing: normal;\"><span style=\"font-style: normal;\"><br \/>\njak klienci supermarketu, kiedy sobie chodz\u0105 pomi\u0119dzy p\u00f3\u0142kami i<br \/>\nprzebieraj\u0105 mi\u0119dzy towarami\u2026 Dobry duszpasterz to ten, kt\u00f3ry<br \/>\n<\/span><\/span><\/span><span style=\"font-variant: normal;\"><span style=\"letter-spacing: normal;\"><span style=\"font-style: normal;\"><b>pochwali<br \/>\ni doceni,<\/b><\/span><\/span><\/span><span style=\"font-variant: normal;\"><span style=\"letter-spacing: normal;\"><span style=\"font-style: normal;\"><br \/>\nkiedy tylko ma ku temu cho\u0107by najmniejszy pow\u00f3d, ale te\u017c<br \/>\n<\/span><\/span><\/span><span style=\"font-variant: normal;\"><span style=\"letter-spacing: normal;\"><span style=\"font-style: normal;\"><b>jednoznacznie<br \/>\ni bezkompromisowo <\/b><\/span><\/span><\/span><span style=\"font-variant: normal;\"><span style=\"letter-spacing: normal;\"><span style=\"font-style: normal;\">nazwie<br \/>\npo imieniu b\u0142\u0119dy, wskazuj\u0105c jednocze\u015bnie spos\u00f3b ich pokonania. I<br \/>\nnie b\u0119dzie zwa\u017ca\u0142 na to, czy b\u0119dzie lubiany w parafii, czy nie,<br \/>\ntylko b\u0119dzie si\u0119 w doborze <\/span><\/span><\/span><span style=\"font-variant: normal;\"><span style=\"letter-spacing: normal;\"><span style=\"font-style: normal;\">tego,<br \/>\nco ma powiedzie\u0107, <\/span><\/span><\/span><span style=\"font-variant: normal;\"><span style=\"letter-spacing: normal;\"><span style=\"font-style: normal;\">trzyma\u0142<br \/>\njedynego kryterium: <\/span><\/span><\/span><span style=\"font-variant: normal;\"><span style=\"letter-spacing: normal;\"><span style=\"font-style: normal;\"><b>kryterium<br \/>\nprawdy! <\/b><\/span><\/span><\/span><span style=\"font-variant: normal;\"><span style=\"letter-spacing: normal;\"><span style=\"font-style: normal;\">Prawdy<br \/>\nBo\u017cej. Prawdy ewangelicznej. <\/span><\/span><\/span><\/span><\/span><br \/>\n<\/span><\/div>\n<div align=\"justify\" style=\"background: transparent; font-weight: normal; line-height: 150%; margin-bottom: 0cm; text-indent: 1.3cm;\">\n<span style=\"color: black;\"><span style=\"font-family: &quot;book antiqua&quot; , serif;\"><span style=\"font-size: x-large;\"><span style=\"font-variant: normal;\"><span style=\"letter-spacing: normal;\"><span style=\"font-style: normal;\">I<br \/>\ntym samym kryterium, moi Drodzy, <\/span><\/span><\/span><span style=\"font-variant: normal;\"><span style=\"letter-spacing: normal;\"><span style=\"font-style: normal;\"><b>my<br \/>\ntak\u017ce <\/b><\/span><\/span><\/span><span style=\"font-variant: normal;\"><span style=\"letter-spacing: normal;\"><span style=\"font-style: normal;\"><b>mamy<br \/>\nsi\u0119 kierowa\u0107<\/b><\/span><\/span><\/span><span style=\"font-variant: normal;\"><span style=\"letter-spacing: normal;\"><span style=\"font-style: normal;\"><br \/>\nw kszta\u0142towaniu jakichkolwiek wszystkich naszych codziennych relacji<br \/>\nz lud\u017ami: <\/span><\/span><\/span><span style=\"font-variant: normal;\"><span style=\"letter-spacing: normal;\"><span style=\"font-style: normal;\">relacji<\/span><\/span><\/span><span style=\"font-variant: normal;\"><span style=\"letter-spacing: normal;\"><span style=\"font-style: normal;\"><br \/>\n<\/span><\/span><\/span><span style=\"font-variant: normal;\"><span style=\"letter-spacing: normal;\"><span style=\"font-style: normal;\">pomi\u0119dzy<br \/>\nprzyjaci\u00f3\u0142mi, pomi\u0119dzy wsp\u00f3\u0142pracownikami, pomi\u0119dzy kolegami i<br \/>\nkole\u017cankami w pracy, pomi\u0119dzy s\u0105siadami\u2026<\/span><\/span><\/span><span style=\"font-variant: normal;\"><span style=\"letter-spacing: normal;\"><span style=\"font-style: normal;\"><br \/>\nA ju\u017c szczeg\u00f3lnie \u2013 relacji <\/span><\/span><\/span><span style=\"font-variant: normal;\"><span style=\"letter-spacing: normal;\"><span style=\"font-style: normal;\"><b>w<br \/>\ngronie najbli\u017cszej rodziny<\/b><\/span><\/span><\/span><span style=\"font-variant: normal;\"><span style=\"letter-spacing: normal;\"><span style=\"font-style: normal;\"><b>.<\/b><\/span><\/span><\/span><span style=\"font-variant: normal;\"><span style=\"letter-spacing: normal;\"><span style=\"font-style: normal;\"><br \/>\n<\/span><\/span><\/span><span style=\"font-variant: normal;\"><span style=\"letter-spacing: normal;\"><span style=\"font-style: normal;\">A<br \/>\nju\u017c szczeg\u00f3lnie \u2013 <\/span><\/span><\/span><span style=\"font-variant: normal;\"><span style=\"letter-spacing: normal;\"><span style=\"font-style: normal;\"><b>w<br \/>\nodniesieniu rodzic\u00f3w do dzieci.<\/b><\/span><\/span><\/span><\/span><\/span><\/span><\/div>\n<div align=\"justify\" style=\"background: transparent; font-style: normal; font-variant: normal; font-weight: normal; letter-spacing: normal; line-height: 150%; margin-bottom: 0cm; text-indent: 1.3cm;\">\n<span style=\"font-size: x-large;\"><span style=\"color: black;\"><span style=\"font-family: &quot;book antiqua&quot; , serif;\">Moi<br \/>\nDrodzy, na tej linii ostatnimi czasy dosz\u0142o chyba do jakich\u015b<br \/>\nzak\u0142\u00f3ce\u0144. Pomi\u0119dzy nami \u2013 duszpasterzami i nauczycielami \u2013<br \/>\ncoraz cz\u0119\u015bciej dochodzi do g\u0142osu opinia, \u017ce \u0142atwiej nam si\u0119<br \/>\n<b>dogada\u0107 z m\u0142odymi lud\u017ami, ni\u017c z ich rodzicami. <\/b>Oczywi\u015bcie,<br \/>\nnie chodzi tu o jakiekolwiek generalizowanie i wrzucanie wszystkich<br \/>\ndo jednego worka. Ale co\u015b jest na rzeczy, moi Drodzy. <\/span><\/span><br \/>\n<\/span><\/div>\n<div align=\"justify\" style=\"background: transparent; font-weight: normal; line-height: 150%; margin-bottom: 0cm; text-indent: 1.3cm;\">\n<span style=\"font-size: x-large;\"><span style=\"color: black;\"><span style=\"font-family: &quot;book antiqua&quot; , serif;\"><span style=\"font-variant: normal;\"><span style=\"letter-spacing: normal;\"><span style=\"font-style: normal;\">Wielu<br \/>\nduszpasterzy i wielu nauczycieli \u2013 szczeg\u00f3lnie tych z wi\u0119kszym<br \/>\nsta\u017cem \u2013 podziela opini\u0119, \u017ce <\/span><\/span><\/span><span style=\"font-variant: normal;\"><span style=\"letter-spacing: normal;\"><span style=\"font-style: normal;\">coraz<br \/>\nwi\u0119cej rodzic\u00f3w w og\u00f3le <\/span><\/span><\/span><span style=\"font-variant: normal;\"><span style=\"letter-spacing: normal;\"><span style=\"font-style: normal;\"><b>nie<br \/>\ndopuszcza do siebie trudnej prawdy<\/b><\/span><\/span><\/span><span style=\"font-variant: normal;\"><span style=\"letter-spacing: normal;\"><span style=\"font-style: normal;\"><br \/>\no swoim dziecku. A w zwi\u0105zku z tym \u2013 tej trudnej prawdy swemu<br \/>\ndziecku <\/span><\/span><\/span><span style=\"font-variant: normal;\"><span style=\"letter-spacing: normal;\"><span style=\"font-style: normal;\">r\u00f3wnie\u017c<br \/>\n<\/span><\/span><\/span><span style=\"font-variant: normal;\"><span style=\"letter-spacing: normal;\"><span style=\"font-style: normal;\">nie<br \/>\nm\u00f3wi. <\/span><\/span><\/span><\/span><\/span><br \/>\n<\/span><\/div>\n<div align=\"justify\" style=\"background: transparent; font-weight: normal; line-height: 150%; margin-bottom: 0cm; text-indent: 1.3cm;\">\n<span style=\"font-size: x-large;\"><span style=\"color: black;\"><span style=\"font-family: &quot;book antiqua&quot; , serif;\"><span style=\"font-variant: normal;\"><span style=\"letter-spacing: normal;\"><span style=\"font-style: normal;\">To<br \/>\ns\u0105 ci rodzice, kt\u00f3rzy swoje dzieci <\/span><\/span><\/span><span style=\"font-variant: normal;\"><span style=\"letter-spacing: normal;\"><span style=\"font-style: normal;\"><b>wychowuj\u0105<br \/>\nbezstresowo: <\/b><\/span><\/span><\/span><span style=\"font-variant: normal;\"><span style=\"letter-spacing: normal;\"><span style=\"font-style: normal;\">wszystko<br \/>\nswemu dziecku podadz\u0105 na tacy, podtykaj\u0105c niemal\u017ce \u201epod nos\u201d;<br \/>\nza swoje dziecko wszystko zrobi\u0105, za swoje dziecko pomy\u015bl\u0105, <\/span><\/span><\/span><span style=\"font-variant: normal;\"><span style=\"letter-spacing: normal;\"><span style=\"font-style: normal;\"><b>ze<br \/>\nwszystkiego swoje dziecko rozgrzesz\u0105,<\/b><\/span><\/span><\/span><span style=\"font-variant: normal;\"><span style=\"letter-spacing: normal;\"><span style=\"font-style: normal;\"><br \/>\na wezwani przez nauczyciela czy ksi\u0119dza, by us\u0142ysze\u0107 krytyczne<br \/>\nuwagi na temat swojej pociechy, <\/span><\/span><\/span><span style=\"font-variant: normal;\"><span style=\"letter-spacing: normal;\"><span style=\"font-style: normal;\"><b>gotowi<br \/>\ns\u0105 stoczy\u0107 <\/b><\/span><\/span><\/span><span style=\"font-variant: normal;\"><span style=\"letter-spacing: normal;\"><span style=\"font-style: normal;\"><b>najwi\u0119ksz\u0105<br \/>\nbatali\u0119,<\/b><\/span><\/span><\/span><span style=\"font-variant: normal;\"><span style=\"letter-spacing: normal;\"><span style=\"font-style: normal;\"><br \/>\n<\/span><\/span><\/span><span style=\"font-variant: normal;\"><span style=\"letter-spacing: normal;\"><span style=\"font-style: normal;\">pod<br \/>\nhas\u0142em: \u201eKsi\u0105dz si\u0119 czepia! Pani \u017ale uczy! Pan nie rozumie<br \/>\nmojego dziecka!\u201d \u2013 i d\u0142ugo by tu jeszcze wymienia\u0107, co nam si\u0119<br \/>\nzdarza przy tej okazji us\u0142ysze\u0107. <\/span><\/span><\/span><\/span><\/span><br \/>\n<\/span><\/div>\n<div align=\"justify\" style=\"background: transparent; font-weight: normal; line-height: 150%; margin-bottom: 0cm; text-indent: 1.3cm;\">\n<span style=\"color: black;\"><span style=\"font-family: &quot;book antiqua&quot; , serif;\"><span style=\"font-size: x-large;\"><span style=\"font-variant: normal;\"><span style=\"letter-spacing: normal;\"><span style=\"font-style: normal;\">Tacy<br \/>\nrodzice, przychodz\u0105c do nas, w og\u00f3le nie zaczynaj\u0105 od pytania: <\/span><\/span><\/span><span style=\"font-variant: normal;\"><span style=\"letter-spacing: normal;\"><span style=\"font-style: normal;\"><b>\u201e<\/b><\/span><\/span><\/span><span style=\"font-variant: normal;\"><span style=\"letter-spacing: normal;\"><span style=\"font-style: normal;\"><b>C<\/b><\/span><\/span><\/span><span style=\"font-variant: normal;\"><span style=\"letter-spacing: normal;\"><span style=\"font-style: normal;\"><b>o<br \/>\nsi\u0119 sta\u0142o?\u201d,<\/b><\/span><\/span><\/span><span style=\"font-variant: normal;\"><span style=\"letter-spacing: normal;\"><span style=\"font-style: normal;\"><br \/>\ntylko od razu: <\/span><\/span><\/span><span style=\"font-variant: normal;\"><span style=\"letter-spacing: normal;\"><span style=\"font-style: normal;\"><b>\u201eCzego<br \/>\n<\/b><\/span><\/span><\/span><span style=\"font-variant: normal;\"><span style=\"letter-spacing: normal;\"><span style=\"font-style: normal;\"><b>k<\/b><\/span><\/span><\/span><span style=\"font-variant: normal;\"><span style=\"letter-spacing: normal;\"><span style=\"font-style: normal;\"><b>si\u0105dz<br \/>\nchce od mojego dziecka?\u201d<\/b><\/span><\/span><\/span><span style=\"font-variant: normal;\"><span style=\"letter-spacing: normal;\"><span style=\"font-style: normal;\"><br \/>\nA je\u017celi ju\u017c nawet dotrze do <\/span><\/span><\/span><span style=\"font-variant: normal;\"><span style=\"letter-spacing: normal;\"><span style=\"font-style: normal;\">ich<br \/>\n<\/span><\/span><\/span><span style=\"font-variant: normal;\"><span style=\"letter-spacing: normal;\"><span style=\"font-style: normal;\">\u015bwiadomo\u015bci,<br \/>\n\u017ce jednak dziecko takie \u015bwi\u0119te nie jest, to zaraz pojawiaj\u0105 si\u0119<br \/>\nszybkie i \u0142atwe wyt\u0142umaczenia: \u201eTo szko\u0142a \u017ale uczy! To Ksi\u0105dz<br \/>\nza du\u017co wymaga! To koledzy go tak zepsuli! Ale \u017ceby moje dziecko<br \/>\n<\/span><\/span><\/span><span style=\"font-variant: normal;\"><span style=\"letter-spacing: normal;\"><span style=\"font-style: normal;\"><b>samo<br \/>\nz siebie \u017ale post\u0105pi\u0142o?<\/b><\/span><\/span><\/span><span style=\"font-variant: normal;\"><span style=\"letter-spacing: normal;\"><span style=\"font-style: normal;\"><br \/>\nNie, to niemo\u017cliwe.\u201d<\/span><\/span><\/span><\/span><\/span><\/span><\/div>\n<div align=\"justify\" style=\"background: transparent; font-weight: normal; line-height: 150%; margin-bottom: 0cm; text-indent: 1.3cm;\">\n<span style=\"font-size: x-large;\"><span style=\"color: black;\"><span style=\"font-family: &quot;book antiqua&quot; , serif;\"><span style=\"font-variant: normal;\"><span style=\"letter-spacing: normal;\"><span style=\"font-style: normal;\">T<\/span><\/span><\/span><span style=\"font-variant: normal;\"><span style=\"letter-spacing: normal;\"><span style=\"font-style: normal;\">ymczasem,<br \/>\nmoi Drodzy, my wszyscy dobrze wiemy, \u017ce prawdziwa mi\u0142o\u015b\u0107 jest<br \/>\nwymagaj\u0105ca! I prawdziwa mi\u0142o\u015b\u0107 \u2013 <\/span><\/span><\/span><span style=\"font-variant: normal;\"><span style=\"letter-spacing: normal;\"><i><b>wsp\u00f3\u0142weseli<br \/>\nsi\u0119 z prawd\u0105. <\/b><\/i><\/span><\/span><span style=\"font-variant: normal;\"><span style=\"letter-spacing: normal;\"><span style=\"font-style: normal;\">Bo<br \/>\nautentyczna <\/span><\/span><\/span><span style=\"font-variant: normal;\"><span style=\"letter-spacing: normal;\"><span style=\"font-style: normal;\">mi\u0142o\u015b\u0107<br \/>\n\u2013 <\/span><\/span><\/span><span style=\"font-variant: normal;\"><span style=\"letter-spacing: normal;\"><span style=\"font-style: normal;\"><b>domaga<br \/>\nsi\u0119 prawdy.<\/b><\/span><\/span><\/span><span style=\"font-variant: normal;\"><span style=\"letter-spacing: normal;\"><span style=\"font-style: normal;\"><br \/>\nZawsze i wsz\u0119dzie: na ambonie, w pracy, w szkole, w rozmowie z<br \/>\ns\u0105siadem, ale nade wszystko \u2013 we w\u0142asnym domu. <\/span><\/span><\/span><span style=\"font-variant: normal;\"><span style=\"letter-spacing: normal;\"><span style=\"font-style: normal;\">W<br \/>\nka\u017cdej z wymienionych sytuacji \u2013 i w ka\u017cdej innej \u2013 obowi\u0105zuje<br \/>\nzasada, wyra\u017cona w wezwaniu, skierowanym dzi\u015b przez Boga: <\/span><\/span><\/span><span style=\"font-variant: normal;\"><span style=\"letter-spacing: normal;\"><i><b>Ty<br \/>\nza\u015b przepasz <\/b><\/i><\/span><\/span><span style=\"font-variant: normal;\"><span style=\"letter-spacing: normal;\"><i><b>swoje<\/b><\/i><\/span><\/span><span style=\"font-variant: normal;\"><span style=\"letter-spacing: normal;\"><i><b><br \/>\nbiodra, wsta\u0144 i m\u00f3w wszystko, co ci rozka\u017c\u0119. Nie l\u0119kaj si\u0119 ich,<br \/>\nbym ci\u0119 czasem nie nape\u0142ni\u0142 l\u0119kiem przed nimi.<\/b><\/i><\/span><\/span><span style=\"font-variant: normal;\"><span style=\"letter-spacing: normal;\"><span style=\"font-style: normal;\"><b><br \/>\n<\/b><\/span><\/span><\/span><\/span><\/span><br \/>\n<\/span><\/div>\n<div align=\"justify\" style=\"background: transparent; font-weight: normal; line-height: 150%; margin-bottom: 0cm; text-indent: 1.3cm;\">\n<span style=\"color: black;\"><span style=\"font-family: &quot;book antiqua&quot; , serif;\"><span style=\"font-size: x-large;\"><span style=\"font-variant: normal;\"><span style=\"letter-spacing: normal;\"><span style=\"font-style: normal;\">Drogi<br \/>\nRodzicu, <\/span><\/span><\/span><span style=\"font-variant: normal;\"><span style=\"letter-spacing: normal;\"><span style=\"font-style: normal;\"><b>nie<br \/>\nl\u0119kaj si\u0119 w\u0142asnego Dziecka!<\/b><\/span><\/span><\/span><span style=\"font-variant: normal;\"><span style=\"letter-spacing: normal;\"><span style=\"font-style: normal;\"><br \/>\nPowiedz mu prawd\u0119. I Ty, droga Siostro; i Ty, drogi Bracie \u2013<br \/>\nkimkolwiek jeste\u015b i gdziekolwiek postawi\u0142 Ci\u0119 B\u00f3g; i kogokolwiek<br \/>\nna Twojej drodze postawi\u0142: <\/span><\/span><\/span><span style=\"font-variant: normal;\"><span style=\"letter-spacing: normal;\"><span style=\"font-style: normal;\"><b>N<\/b><\/span><\/span><\/span><span style=\"font-variant: normal;\"><span style=\"letter-spacing: normal;\"><span style=\"font-style: normal;\"><b>ie<br \/>\nl\u0119kaj si\u0119 m\u00f3wi\u0107 prawdy! Czarno \u2013 bia\u0142ej, bez \u017cadnych odcieni<br \/>\nszaro\u015bci.<\/b><\/span><\/span><\/span><\/span><\/span><\/span><\/div>\n<div align=\"justify\" style=\"background: transparent; font-weight: normal; line-height: 150%; margin-bottom: 0cm; text-indent: 1.3cm;\">\n<span style=\"color: black;\"><span style=\"font-family: &quot;book antiqua&quot; , serif;\"><span style=\"font-size: x-large;\"><span style=\"font-variant: normal;\"><span style=\"letter-spacing: normal;\"><span style=\"font-style: normal;\">Moi<br \/>\nDrodzy, mam <\/span><\/span><\/span><span style=\"font-variant: normal;\"><span style=\"letter-spacing: normal;\"><span style=\"font-style: normal;\">tak\u0105<\/span><\/span><\/span><span style=\"font-variant: normal;\"><span style=\"letter-spacing: normal;\"><span style=\"font-style: normal;\"><br \/>\nserdeczn\u0105 pro\u015bb\u0119 i jednocze\u015bnie zadanie domowe: Pogadajcie sobie<br \/>\no tych sprawach dzisiaj, przy niedzielnym, rodzinnym obiedzie\u2026<\/span><\/span><\/span><\/span><\/span><\/span><\/div>\n","protected":false},"excerpt":{"rendered":"<p>Niech b\u0119dzie pochwalony Jezus Chrystus! Moi Drodzy,&nbsp;do wczorajszej informacji o trzech R\u00f3\u017cach R\u00f3\u017ca\u0144ca Rodzic\u00f3w za Dzieci dodaj\u0119, \u017ce Patronem czwartej jest \u015awi\u0119ty Jan Pawe\u0142 II, a Moderatorem \u2013 Pani Hania Ga\u0142\u0105zka \u2013 Matryba, Koordynatorka ca\u0142ego dzie\u0142a w naszej Parafii. Wczorajsze za\u015b zawierzenie trzeciej i czwartej R\u00f3\u017cy odby\u0142o si\u0119 naprawd\u0119 pi\u0119knie i uroczy\u015bcie! Czekamy na kolejnych [&hellip;]<\/p>\n","protected":false},"author":1,"featured_media":0,"comment_status":"open","ping_status":"open","sticky":false,"template":"","format":"standard","meta":{"jetpack_post_was_ever_published":false,"_jetpack_newsletter_access":"","_jetpack_dont_email_post_to_subs":false,"_jetpack_newsletter_tier_id":0,"_jetpack_memberships_contains_paywalled_content":false,"_jetpack_memberships_contains_paid_content":false,"footnotes":""},"categories":[1],"tags":[],"class_list":["post-14703","post","type-post","status-publish","format-standard","hentry","category-bez-kategorii"],"yoast_head":"<!-- This site is optimized with the Yoast SEO plugin v25.1 - https:\/\/yoast.com\/wordpress\/plugins\/seo\/ -->\n<title>Nie l\u0119kaj si\u0119 prawdy: czarno - bia\u0142ej! - Gaudium Et Spes<\/title>\n<meta name=\"robots\" content=\"index, follow, max-snippet:-1, max-image-preview:large, max-video-preview:-1\" \/>\n<link rel=\"canonical\" href=\"https:\/\/gaudiumetspes-blog.pl\/index.php\/2019\/02\/03\/nie-lekaj-sie-prawdy-czarno-biaej\/\" \/>\n<meta property=\"og:locale\" content=\"pl_PL\" \/>\n<meta property=\"og:type\" content=\"article\" \/>\n<meta property=\"og:title\" content=\"Nie l\u0119kaj si\u0119 prawdy: czarno - bia\u0142ej! - Gaudium Et Spes\" \/>\n<meta property=\"og:description\" content=\"Niech b\u0119dzie pochwalony Jezus Chrystus! Moi Drodzy,&nbsp;do wczorajszej informacji o trzech R\u00f3\u017cach R\u00f3\u017ca\u0144ca Rodzic\u00f3w za Dzieci dodaj\u0119, \u017ce Patronem czwartej jest \u015awi\u0119ty Jan Pawe\u0142 II, a Moderatorem \u2013 Pani Hania Ga\u0142\u0105zka \u2013 Matryba, Koordynatorka ca\u0142ego dzie\u0142a w naszej Parafii. Wczorajsze za\u015b zawierzenie trzeciej i czwartej R\u00f3\u017cy odby\u0142o si\u0119 naprawd\u0119 pi\u0119knie i uroczy\u015bcie! Czekamy na kolejnych [&hellip;]\" \/>\n<meta property=\"og:url\" content=\"https:\/\/gaudiumetspes-blog.pl\/index.php\/2019\/02\/03\/nie-lekaj-sie-prawdy-czarno-biaej\/\" \/>\n<meta property=\"og:site_name\" content=\"Gaudium Et Spes\" \/>\n<meta property=\"article:published_time\" content=\"2019-02-03T03:48:00+00:00\" \/>\n<meta property=\"article:modified_time\" content=\"2019-07-31T10:59:27+00:00\" \/>\n<meta name=\"author\" content=\"Ks. Jacek\" \/>\n<meta name=\"twitter:card\" content=\"summary_large_image\" \/>\n<meta name=\"twitter:label1\" content=\"Napisane przez\" \/>\n\t<meta name=\"twitter:data1\" content=\"Ks. Jacek\" \/>\n\t<meta name=\"twitter:label2\" content=\"Szacowany czas czytania\" \/>\n\t<meta name=\"twitter:data2\" content=\"16 minut\" \/>\n<script type=\"application\/ld+json\" class=\"yoast-schema-graph\">{\"@context\":\"https:\/\/schema.org\",\"@graph\":[{\"@type\":\"WebPage\",\"@id\":\"https:\/\/gaudiumetspes-blog.pl\/index.php\/2019\/02\/03\/nie-lekaj-sie-prawdy-czarno-biaej\/\",\"url\":\"https:\/\/gaudiumetspes-blog.pl\/index.php\/2019\/02\/03\/nie-lekaj-sie-prawdy-czarno-biaej\/\",\"name\":\"Nie l\u0119kaj si\u0119 prawdy: czarno - bia\u0142ej! - Gaudium Et Spes\",\"isPartOf\":{\"@id\":\"https:\/\/gaudiumetspes-blog.pl\/#website\"},\"datePublished\":\"2019-02-03T03:48:00+00:00\",\"dateModified\":\"2019-07-31T10:59:27+00:00\",\"author\":{\"@id\":\"https:\/\/gaudiumetspes-blog.pl\/#\/schema\/person\/1661982992b752dea8dff0d4ed845a65\"},\"breadcrumb\":{\"@id\":\"https:\/\/gaudiumetspes-blog.pl\/index.php\/2019\/02\/03\/nie-lekaj-sie-prawdy-czarno-biaej\/#breadcrumb\"},\"inLanguage\":\"pl-PL\",\"potentialAction\":[{\"@type\":\"ReadAction\",\"target\":[\"https:\/\/gaudiumetspes-blog.pl\/index.php\/2019\/02\/03\/nie-lekaj-sie-prawdy-czarno-biaej\/\"]}]},{\"@type\":\"BreadcrumbList\",\"@id\":\"https:\/\/gaudiumetspes-blog.pl\/index.php\/2019\/02\/03\/nie-lekaj-sie-prawdy-czarno-biaej\/#breadcrumb\",\"itemListElement\":[{\"@type\":\"ListItem\",\"position\":1,\"name\":\"Strona g\u0142\u00f3wna\",\"item\":\"https:\/\/gaudiumetspes-blog.pl\/\"},{\"@type\":\"ListItem\",\"position\":2,\"name\":\"Nie&nbsp;l\u0119kaj si\u0119 prawdy: czarno &#8211; bia\u0142ej!\"}]},{\"@type\":\"WebSite\",\"@id\":\"https:\/\/gaudiumetspes-blog.pl\/#website\",\"url\":\"https:\/\/gaudiumetspes-blog.pl\/\",\"name\":\"Gaudium Et Spes\",\"description\":\"Blog Ks. Jacka Ja\u015bkowskiego\",\"potentialAction\":[{\"@type\":\"SearchAction\",\"target\":{\"@type\":\"EntryPoint\",\"urlTemplate\":\"https:\/\/gaudiumetspes-blog.pl\/?s={search_term_string}\"},\"query-input\":{\"@type\":\"PropertyValueSpecification\",\"valueRequired\":true,\"valueName\":\"search_term_string\"}}],\"inLanguage\":\"pl-PL\"},{\"@type\":\"Person\",\"@id\":\"https:\/\/gaudiumetspes-blog.pl\/#\/schema\/person\/1661982992b752dea8dff0d4ed845a65\",\"name\":\"Ks. Jacek\",\"image\":{\"@type\":\"ImageObject\",\"inLanguage\":\"pl-PL\",\"@id\":\"https:\/\/gaudiumetspes-blog.pl\/#\/schema\/person\/image\/\",\"url\":\"https:\/\/gaudiumetspes-blog.pl\/wp-content\/uploads\/2019\/07\/avatar-JJ-150x150.jpg\",\"contentUrl\":\"https:\/\/gaudiumetspes-blog.pl\/wp-content\/uploads\/2019\/07\/avatar-JJ-150x150.jpg\",\"caption\":\"Ks. Jacek\"},\"description\":\"Witam serdecznie! K\u0142ania si\u0119 Ks. Jacek Ja\u015bkowski. Nie jestem ani kim\u015b wa\u017cnym, ani kim\u015b znanym. Jestem ksi\u0119dzem, kt\u00f3ry po prostu chce rozmawia\u0107. Codzienna kap\u0142a\u0144ska pos\u0142uga pokazuje mi, \u017ce temat\u00f3w do rozm\u00f3w z ksi\u0119dzem jest coraz wi\u0119cej i dzisiaj \u017caden ksi\u0105dz nie mo\u017ce od nich ucieka\u0107, ale - wprost przeciwnie - podejmowa\u0107 nowe wyzwania. To przekonanie sk\u0142oni\u0142o mnie do pr\u00f3by otwarcia tego\u017c bloga, chocia\u017c okazji do rozm\u00f3w na co dzie\u0144 - w konfesjonale i poza nim - na szcz\u0119\u015bcie nie brakuje. My\u015bl\u0119 jednak, \u017ce ten blog b\u0119dzie jeszcze jednym sposobem i przestrzeni\u0105 nawi\u0105zania kontaktu z lud\u017ami dobrej woli, otwartymi na dialog.\",\"url\":\"https:\/\/gaudiumetspes-blog.pl\/index.php\/author\/ks-jacek\/\"}]}<\/script>\n<!-- \/ Yoast SEO plugin. -->","yoast_head_json":{"title":"Nie l\u0119kaj si\u0119 prawdy: czarno - bia\u0142ej! - Gaudium Et Spes","robots":{"index":"index","follow":"follow","max-snippet":"max-snippet:-1","max-image-preview":"max-image-preview:large","max-video-preview":"max-video-preview:-1"},"canonical":"https:\/\/gaudiumetspes-blog.pl\/index.php\/2019\/02\/03\/nie-lekaj-sie-prawdy-czarno-biaej\/","og_locale":"pl_PL","og_type":"article","og_title":"Nie l\u0119kaj si\u0119 prawdy: czarno - bia\u0142ej! - Gaudium Et Spes","og_description":"Niech b\u0119dzie pochwalony Jezus Chrystus! Moi Drodzy,&nbsp;do wczorajszej informacji o trzech R\u00f3\u017cach R\u00f3\u017ca\u0144ca Rodzic\u00f3w za Dzieci dodaj\u0119, \u017ce Patronem czwartej jest \u015awi\u0119ty Jan Pawe\u0142 II, a Moderatorem \u2013 Pani Hania Ga\u0142\u0105zka \u2013 Matryba, Koordynatorka ca\u0142ego dzie\u0142a w naszej Parafii. Wczorajsze za\u015b zawierzenie trzeciej i czwartej R\u00f3\u017cy odby\u0142o si\u0119 naprawd\u0119 pi\u0119knie i uroczy\u015bcie! Czekamy na kolejnych [&hellip;]","og_url":"https:\/\/gaudiumetspes-blog.pl\/index.php\/2019\/02\/03\/nie-lekaj-sie-prawdy-czarno-biaej\/","og_site_name":"Gaudium Et Spes","article_published_time":"2019-02-03T03:48:00+00:00","article_modified_time":"2019-07-31T10:59:27+00:00","author":"Ks. Jacek","twitter_card":"summary_large_image","twitter_misc":{"Napisane przez":"Ks. Jacek","Szacowany czas czytania":"16 minut"},"schema":{"@context":"https:\/\/schema.org","@graph":[{"@type":"WebPage","@id":"https:\/\/gaudiumetspes-blog.pl\/index.php\/2019\/02\/03\/nie-lekaj-sie-prawdy-czarno-biaej\/","url":"https:\/\/gaudiumetspes-blog.pl\/index.php\/2019\/02\/03\/nie-lekaj-sie-prawdy-czarno-biaej\/","name":"Nie l\u0119kaj si\u0119 prawdy: czarno - bia\u0142ej! - Gaudium Et Spes","isPartOf":{"@id":"https:\/\/gaudiumetspes-blog.pl\/#website"},"datePublished":"2019-02-03T03:48:00+00:00","dateModified":"2019-07-31T10:59:27+00:00","author":{"@id":"https:\/\/gaudiumetspes-blog.pl\/#\/schema\/person\/1661982992b752dea8dff0d4ed845a65"},"breadcrumb":{"@id":"https:\/\/gaudiumetspes-blog.pl\/index.php\/2019\/02\/03\/nie-lekaj-sie-prawdy-czarno-biaej\/#breadcrumb"},"inLanguage":"pl-PL","potentialAction":[{"@type":"ReadAction","target":["https:\/\/gaudiumetspes-blog.pl\/index.php\/2019\/02\/03\/nie-lekaj-sie-prawdy-czarno-biaej\/"]}]},{"@type":"BreadcrumbList","@id":"https:\/\/gaudiumetspes-blog.pl\/index.php\/2019\/02\/03\/nie-lekaj-sie-prawdy-czarno-biaej\/#breadcrumb","itemListElement":[{"@type":"ListItem","position":1,"name":"Strona g\u0142\u00f3wna","item":"https:\/\/gaudiumetspes-blog.pl\/"},{"@type":"ListItem","position":2,"name":"Nie&nbsp;l\u0119kaj si\u0119 prawdy: czarno &#8211; bia\u0142ej!"}]},{"@type":"WebSite","@id":"https:\/\/gaudiumetspes-blog.pl\/#website","url":"https:\/\/gaudiumetspes-blog.pl\/","name":"Gaudium Et Spes","description":"Blog Ks. Jacka Ja\u015bkowskiego","potentialAction":[{"@type":"SearchAction","target":{"@type":"EntryPoint","urlTemplate":"https:\/\/gaudiumetspes-blog.pl\/?s={search_term_string}"},"query-input":{"@type":"PropertyValueSpecification","valueRequired":true,"valueName":"search_term_string"}}],"inLanguage":"pl-PL"},{"@type":"Person","@id":"https:\/\/gaudiumetspes-blog.pl\/#\/schema\/person\/1661982992b752dea8dff0d4ed845a65","name":"Ks. Jacek","image":{"@type":"ImageObject","inLanguage":"pl-PL","@id":"https:\/\/gaudiumetspes-blog.pl\/#\/schema\/person\/image\/","url":"https:\/\/gaudiumetspes-blog.pl\/wp-content\/uploads\/2019\/07\/avatar-JJ-150x150.jpg","contentUrl":"https:\/\/gaudiumetspes-blog.pl\/wp-content\/uploads\/2019\/07\/avatar-JJ-150x150.jpg","caption":"Ks. Jacek"},"description":"Witam serdecznie! K\u0142ania si\u0119 Ks. Jacek Ja\u015bkowski. Nie jestem ani kim\u015b wa\u017cnym, ani kim\u015b znanym. Jestem ksi\u0119dzem, kt\u00f3ry po prostu chce rozmawia\u0107. Codzienna kap\u0142a\u0144ska pos\u0142uga pokazuje mi, \u017ce temat\u00f3w do rozm\u00f3w z ksi\u0119dzem jest coraz wi\u0119cej i dzisiaj \u017caden ksi\u0105dz nie mo\u017ce od nich ucieka\u0107, ale - wprost przeciwnie - podejmowa\u0107 nowe wyzwania. To przekonanie sk\u0142oni\u0142o mnie do pr\u00f3by otwarcia tego\u017c bloga, chocia\u017c okazji do rozm\u00f3w na co dzie\u0144 - w konfesjonale i poza nim - na szcz\u0119\u015bcie nie brakuje. My\u015bl\u0119 jednak, \u017ce ten blog b\u0119dzie jeszcze jednym sposobem i przestrzeni\u0105 nawi\u0105zania kontaktu z lud\u017ami dobrej woli, otwartymi na dialog.","url":"https:\/\/gaudiumetspes-blog.pl\/index.php\/author\/ks-jacek\/"}]}},"jetpack_featured_media_url":"","jetpack_sharing_enabled":true,"_links":{"self":[{"href":"https:\/\/gaudiumetspes-blog.pl\/index.php\/wp-json\/wp\/v2\/posts\/14703","targetHints":{"allow":["GET"]}}],"collection":[{"href":"https:\/\/gaudiumetspes-blog.pl\/index.php\/wp-json\/wp\/v2\/posts"}],"about":[{"href":"https:\/\/gaudiumetspes-blog.pl\/index.php\/wp-json\/wp\/v2\/types\/post"}],"author":[{"embeddable":true,"href":"https:\/\/gaudiumetspes-blog.pl\/index.php\/wp-json\/wp\/v2\/users\/1"}],"replies":[{"embeddable":true,"href":"https:\/\/gaudiumetspes-blog.pl\/index.php\/wp-json\/wp\/v2\/comments?post=14703"}],"version-history":[{"count":1,"href":"https:\/\/gaudiumetspes-blog.pl\/index.php\/wp-json\/wp\/v2\/posts\/14703\/revisions"}],"predecessor-version":[{"id":14924,"href":"https:\/\/gaudiumetspes-blog.pl\/index.php\/wp-json\/wp\/v2\/posts\/14703\/revisions\/14924"}],"wp:attachment":[{"href":"https:\/\/gaudiumetspes-blog.pl\/index.php\/wp-json\/wp\/v2\/media?parent=14703"}],"wp:term":[{"taxonomy":"category","embeddable":true,"href":"https:\/\/gaudiumetspes-blog.pl\/index.php\/wp-json\/wp\/v2\/categories?post=14703"},{"taxonomy":"post_tag","embeddable":true,"href":"https:\/\/gaudiumetspes-blog.pl\/index.php\/wp-json\/wp\/v2\/tags?post=14703"}],"curies":[{"name":"wp","href":"https:\/\/api.w.org\/{rel}","templated":true}]}}