{"id":14704,"date":"2019-02-02T05:54:00","date_gmt":"2019-02-02T04:54:00","guid":{"rendered":"https:\/\/gaudiumetspes-blog.pl\/index.php\/2019\/02\/02\/moje-oczy-ujrzay-twoje-zbawienie\/"},"modified":"2019-07-31T12:59:27","modified_gmt":"2019-07-31T10:59:27","slug":"moje-oczy-ujrzay-twoje-zbawienie","status":"publish","type":"post","link":"https:\/\/gaudiumetspes-blog.pl\/index.php\/2019\/02\/02\/moje-oczy-ujrzay-twoje-zbawienie\/","title":{"rendered":"Moje oczy ujrza\u0142y Twoje zbawienie!"},"content":{"rendered":"<p><\/p>\n<div align=\"justify\" style=\"font-style: normal; font-variant: normal; font-weight: normal; letter-spacing: normal; line-height: 150%; margin-bottom: 0cm;\">\n<span style=\"color: black;\"><span style=\"font-family: Book Antiqua, serif;\"><span style=\"font-size: x-large;\">Niech<br \/>\nb\u0119dzie pochwalony Jezus Chrystus! Moi Drodzy, w dniu dzisiejszym<br \/>\nprze\u017cywamy \u015awi\u0119to Ofiarowania Pa\u0144skiego, zwane w tradycji tak\u017ce<br \/>\n\u015awi\u0119tem Matki Bo\u017cej Gromnicznej. A od 1997 roku jest to r\u00f3wnie\u017c<br \/>\n<b>Dzie\u0144 \u017bycia Konsekrowanego.<\/b><\/span><\/span><\/span><\/div>\n<div align=\"justify\" style=\"background: transparent; font-style: normal; font-variant: normal; font-weight: normal; letter-spacing: normal; line-height: 150%; margin-bottom: 0cm; orphans: 2; page-break-before: auto; text-indent: 1.3cm; widows: 2;\">\n<span style=\"color: black;\"><span style=\"font-family: Book Antiqua, serif;\"><span style=\"font-size: x-large;\">Pozw\u00f3lcie,<br \/>\n\u017ce z tej okazji prze\u015bl\u0119 zapewnienia o modlitewnej \u0142\u0105czno\u015bci \u2013<br \/>\nwraz z wyrazami wdzi\u0119czno\u015bci za wszelkie dobro \u2013 <b>wielu<\/b><b><br \/>\nznany<\/b><b>m<\/b><b> mi Os<\/b><b>o<\/b><b>b<\/b><b>om<\/b><b> <\/b><b>z<\/b><b>akonny<\/b><b>m<\/b><b>,<br \/>\na wi\u0119c kilkudziesi\u0119ciu Ojcom i Braciom z r\u00f3\u017cnych zgromadze\u0144,<br \/>\nspo\u015br\u00f3d kt\u00f3rych chcia\u0142bym wymieni\u0107:<\/b><\/span><\/span><\/span><\/div>\n<div align=\"justify\" style=\"font-variant: normal; letter-spacing: normal; line-height: 150%; margin-bottom: 0cm; orphans: 2; widows: 2;\">\n<span style=\"color: black; font-size: x-large;\">\u2013 <span style=\"font-family: Book Antiqua, serif;\"><span style=\"font-style: normal;\"><b>Ojca<br \/>\nMariusza Rudzkiego, Salezjanina pochodz\u0105cego z mojej rodzinnej<br \/>\nParafii;<\/b><\/span><\/span><\/span><\/div>\n<div align=\"justify\" style=\"font-variant: normal; letter-spacing: normal; line-height: 150%; margin-bottom: 0cm; orphans: 2; widows: 2;\">\n<span style=\"color: black; font-size: x-large;\">\u2013 <span style=\"font-family: Book Antiqua, serif;\"><span style=\"font-style: normal;\"><b>Ojc\u00f3w<br \/>\nOblat\u00f3w, <\/b><\/span><span style=\"font-style: normal;\"><b>szczeg\u00f3lnie<br \/>\ntych<\/b><\/span><span style=\"font-style: normal;\"><b> z Kodnia, <\/b><\/span><span style=\"font-style: normal;\"><b>na<br \/>\nczele z Superiorem, Ojcem Sebastianem Wi\u015bniewskim<\/b><\/span><span style=\"font-style: normal;\"><b>;<\/b><\/span><\/span><\/span><\/div>\n<div align=\"justify\" style=\"font-variant: normal; letter-spacing: normal; line-height: 150%; margin-bottom: 0cm; orphans: 2; widows: 2;\">\n<span style=\"color: black; font-size: x-large;\">\u2013 <span style=\"font-family: Book Antiqua, serif;\"><span style=\"font-style: normal;\"><b>Ojca<br \/>\nMateusza Fleiszerowicza, <\/b><\/span><span style=\"font-style: normal;\"><b>F<\/b><\/span><span style=\"font-style: normal;\"><b>ranciszkanina,<br \/>\nz kt\u00f3rym razem studiowa\u0142em prawo kanoniczne na KUL, obecnie:<br \/>\nProboszcza Parafii w Nysie;<\/b><\/span><\/span><\/span><\/div>\n<div align=\"justify\" style=\"background: transparent; font-style: normal; font-variant: normal; letter-spacing: normal; line-height: 150%; margin-bottom: 0cm; orphans: 2; page-break-before: auto; text-indent: 1.3cm; widows: 2;\">\n<span style=\"color: black;\"><span style=\"font-family: Book Antiqua, serif;\"><span style=\"font-size: x-large;\"><b>a<br \/>\ntak\u017ce tylu\u017c Siostrom, spo\u015br\u00f3d kt\u00f3rych chcia\u0142bym wymieni\u0107:<\/b><\/span><\/span><\/span><\/div>\n<div align=\"justify\" style=\"font-variant: normal; letter-spacing: normal; line-height: 150%; margin-bottom: 0cm; orphans: 2; widows: 2;\">\n<span style=\"color: black; font-size: x-large;\">\u2013 <span style=\"font-family: Book Antiqua, serif;\"><span style=\"font-style: normal;\"><b>Siostr\u0119<br \/>\nLaur\u0119 Wysock\u0105, Benedyktynk\u0119 Misjonark\u0119, za moich czas\u00f3w:<br \/>\nPrze\u0142o\u017con\u0105 domu w Tr\u0105bkach;<\/b><\/span><\/span><\/span><\/div>\n<div align=\"justify\" style=\"font-style: normal; font-variant: normal; letter-spacing: normal; line-height: 150%; margin-bottom: 0cm; orphans: 2; widows: 2;\">\n<span style=\"color: black; font-size: x-large;\">\u2013 <span style=\"font-family: Book Antiqua, serif;\"><b>Siostr\u0119<br \/>\nPaul\u0119 Bronisz, Franciszkank\u0119 Rycerstwa Niepokalanej, pochodz\u0105c\u0105 z<br \/>\nParafii Radory\u017c Ko\u015bcielny, gdzie by\u0142 m\u00f3j pierwszy wikariat, za<br \/>\nczas\u00f3w kt\u00f3rego \u2013 jako Agnieszka \u2013 w\u0142\u0105cza\u0142a si\u0119 aktywnie w<br \/>\ndzia\u0142alno\u015b\u0107 m\u0142odzie\u017cow\u0105;<\/b><\/span><\/span><\/div>\n<div align=\"justify\" style=\"font-variant: normal; letter-spacing: normal; line-height: 150%; margin-bottom: 0cm; orphans: 2; widows: 2;\">\n<span style=\"color: black; font-size: x-large;\">\u2013 <span style=\"font-family: Book Antiqua, serif;\"><span style=\"font-style: normal;\"><b>Siostr\u0119<br \/>\nAldon\u0119 Deczewsk\u0105, Franciszkank\u0119 Misjonark\u0119 Maryi, moj\u0105 Znajom\u0105<br \/>\nod wielu lat;<\/b><\/span><\/span><\/span><\/div>\n<div align=\"justify\" style=\"font-variant: normal; letter-spacing: normal; line-height: 150%; margin-bottom: 0cm; orphans: 2; widows: 2;\">\n<span style=\"color: black; font-size: x-large;\">\u2013 <span style=\"font-family: Book Antiqua, serif;\"><span style=\"font-style: normal;\"><b>Siostr\u0119<br \/>\nAngelik\u0119 Babkiewicz, Loretank\u0119 z Warszawy, z kt\u00f3r\u0105 mia\u0142em<br \/>\nprzyjemno\u015b\u0107 spotyka\u0107 si\u0119 w tamtejszym sklepie diecezjalnym;<\/b><\/span><\/span><\/span><\/div>\n<div align=\"justify\" style=\"font-variant: normal; letter-spacing: normal; line-height: 150%; margin-bottom: 0cm; orphans: 2; widows: 2;\">\n<span style=\"color: black; font-size: x-large;\">\u2013 <span style=\"font-family: Book Antiqua, serif;\"><span style=\"font-style: normal;\"><b>Siostr\u0119<br \/>\nZbigniew\u0119 Witkowsk\u0105, Loretank\u0119, za moich seminaryjnych czas\u00f3w:<br \/>\nPrze\u0142o\u017con\u0105 Si\u00f3str pos\u0142uguj\u0105cych w Seminarium;<\/b><\/span><\/span><\/span><\/div>\n<div align=\"justify\" style=\"font-variant: normal; letter-spacing: normal; line-height: 150%; margin-bottom: 0cm; orphans: 2; widows: 2;\">\n<span style=\"color: black; font-size: x-large;\">\u2013 <span style=\"font-family: Book Antiqua, serif;\"><span style=\"font-style: normal;\"><b>Siostry<br \/>\nod Anio\u0142\u00f3w, z kt\u00f3rymi mia\u0142em niebywa\u0142\u0105 przyjemno\u015b\u0107<br \/>\nwsp\u00f3\u0142pracowa\u0107 w T\u0142uszczu, a wi\u0119c: Siostr\u0119 Anet\u0119 Srok\u0119,<br \/>\nSiostr\u0119 Ann\u0119 Marat, Siostr\u0119 Ann\u0119 Nowakowsk\u0105 i Siostr\u0119 Martyn\u0119<br \/>\nKu\u0142ak;<\/b><\/span><\/span><\/span><\/div>\n<div align=\"justify\" style=\"font-variant: normal; letter-spacing: normal; line-height: 150%; margin-bottom: 0cm; orphans: 2; widows: 2;\">\n<span style=\"color: black; font-size: x-large;\">\u2013 <span style=\"font-family: Book Antiqua, serif;\"><span style=\"font-style: normal;\"><b>Siostry<br \/>\nod Anio\u0142\u00f3w, wsp\u00f3\u0142pracuj\u0105ce na Syberii z Ksi\u0119dzem Markiem;<\/b><\/span><\/span><\/span><\/div>\n<div align=\"justify\" style=\"font-variant: normal; letter-spacing: normal; line-height: 150%; margin-bottom: 0cm; orphans: 2; widows: 2;\">\n<span style=\"color: black; font-size: x-large;\">\u2013 <span style=\"font-family: Book Antiqua, serif;\"><span style=\"font-style: normal;\"><b>Si<\/b><\/span><span style=\"font-style: normal;\"><b>o<\/b><\/span><span style=\"font-style: normal;\"><b>str<\/b><\/span><span style=\"font-style: normal;\"><b>y<\/b><\/span><span style=\"font-style: normal;\"><b><br \/>\nS\u0142u\u017ck<\/b><\/span><span style=\"font-style: normal;\"><b>i, pos\u0142uguj\u0105ce<br \/>\n<\/b><\/span><span style=\"font-style: normal;\"><b> w Miastkowie;<\/b><\/span><\/span><\/span><\/div>\n<div align=\"justify\" style=\"font-variant: normal; letter-spacing: normal; line-height: 150%; margin-bottom: 0cm; orphans: 2; widows: 2;\">\n<span style=\"color: black; font-size: x-large;\">\u2013 <span style=\"font-family: Book Antiqua, serif;\"><span style=\"font-style: normal;\"><b>Siostr\u0119<br \/>\nStell\u0119 \u2013 pisz\u0105c\u0105 <\/b><\/span><span style=\"font-style: normal;\"><b>niegdy\u015b<\/b><\/span><span style=\"font-style: normal;\"><b><br \/>\nna naszym blogu.<\/b><\/span><\/span><\/span><\/div>\n<div align=\"justify\" style=\"background: transparent; font-variant: normal; letter-spacing: normal; line-height: 150%; margin-bottom: 0cm; orphans: 2; page-break-before: auto; text-indent: 1.3cm; widows: 2;\">\n<span style=\"color: black;\"><span style=\"font-family: Book Antiqua, serif;\"><span style=\"font-size: x-large;\"><span style=\"font-style: normal;\"><b>Wszystkim<br \/>\ntym Osobom Bogu po\u015bwi\u0119conym \u017cycz\u0119 nieustaj\u0105cej gorliwo\u015bci i<br \/>\nci\u0105gle wzrastaj\u0105cego <\/b><\/span><span style=\"font-style: normal;\"><b>entuzjazmu<\/b><\/span><span style=\"font-style: normal;\"><b><br \/>\ndo pe\u0142nienia swej misji, oraz jak najwi\u0119kszej wierno\u015bci<br \/>\ncharyzmatom swoich Zgromadze\u0144!<\/b><\/span><\/span><\/span><\/span><\/div>\n<div align=\"justify\" style=\"background: transparent; font-variant: normal; letter-spacing: normal; line-height: 150%; margin-bottom: 0cm; orphans: 2; text-indent: 1.3cm; widows: 2;\">\n<span style=\"color: black;\"><span style=\"font-family: Book Antiqua, serif;\"><span style=\"font-size: x-large;\"><span style=\"font-style: normal;\"><b>W<br \/>\ndniu dzisiejszym \u015bwi\u0119tuje tak\u017ce \u2013 obchodz\u0105c imieniny \u2013 Pani<br \/>\nMaria Suska, moja dobra Znajoma z K\u0142oczewa. Dzi\u0119kuj\u0105c za wszelk\u0105<br \/>\n\u017cyczliwo\u015b\u0107, w tym tak\u017ce za wsp\u00f3lne wyjazdy, \u017cycz\u0119 rado\u015bci i<br \/>\nnadziei w budowaniu <\/b><\/span><span style=\"font-style: normal;\"><b>Bo\u017cej<br \/>\n<\/b><\/span><span style=\"font-style: normal;\"><b>atmosfery w swojej<br \/>\nRodzinie i w miejscu pracy. Oraz wszelkiego Bo\u017cego b\u0142ogos\u0142awie\u0144stwa!<\/b><\/span><\/span><\/span><\/span><\/div>\n<div align=\"justify\" style=\"background: transparent; font-variant: normal; letter-spacing: normal; line-height: 150%; margin-bottom: 0cm; orphans: 2; text-indent: 1.3cm; widows: 2;\">\n<span style=\"color: black;\"><span style=\"font-family: Book Antiqua, serif;\"><span style=\"font-size: x-large;\"><span style=\"font-style: normal;\"><b>Z<br \/>\nokazji urodzin, przesy\u0142am najserdeczniejsze \u017cyczenia Ksi\u0119dzu<br \/>\nRafa\u0142owi Kornilakowi oraz Monice Konarzewskiej, nale\u017c\u0105cej w swoim<br \/>\nczasie do jednej z<\/b><\/span><span style=\"font-style: normal;\"><b>e<\/b><\/span><span style=\"font-style: normal;\"><b><br \/>\nWsp\u00f3lnot <\/b><\/span><span style=\"font-style: normal;\"><b>m\u0142odzie\u017cowych<\/b><\/span><span style=\"font-style: normal;\"><b>!<br \/>\nNiech fakt urodzenia w Dniu Ofiarowania Pa\u0144skiego b\u0119dzie dla Nich<br \/>\n<\/b><\/span><span style=\"font-style: normal;\"><b>impulsem<\/b><\/span><span style=\"font-style: normal;\"><b><br \/>\ndo sta\u0142ego ofiarowania swego \u017cycia Bogu!<\/b><\/span><\/span><\/span><\/span><\/div>\n<div align=\"justify\" style=\"background: transparent; font-style: normal; font-variant: normal; letter-spacing: normal; line-height: 150%; margin-bottom: 0cm; orphans: 2; text-indent: 1.3cm; widows: 2;\">\n<span style=\"color: black;\"><span style=\"font-family: Book Antiqua, serif;\"><span style=\"font-size: x-large;\"><b>Wszystkich<br \/>\n\u015bwi\u0119tuj\u0105cych dzisiaj powierzam Bogu \u2013 przez wstawiennictwo Matki<br \/>\nBo\u017cej Gromnicznej \u2013 w serdecznej modlitwie!<\/b><\/span><\/span><\/span><\/div>\n<div align=\"justify\" style=\"background: transparent; font-style: normal; font-variant: normal; font-weight: normal; letter-spacing: normal; line-height: 150%; margin-bottom: 0cm; orphans: 2; text-indent: 1.3cm; widows: 2;\">\n<span style=\"font-size: x-large;\"><span style=\"color: black;\"><span style=\"font-family: Book Antiqua, serif;\">Moi<br \/>\nDrodzy, dzisiaj w naszej Parafii nast\u0105pi zawierzenie Matce Bo\u017cej \u2013<br \/>\na tym samym: rozpocz\u0119cie dzia\u0142alno\u015bci \u2013 trzeciej i czwartej R\u00f3\u017cy<br \/>\nw ramach R\u00f3\u017ca\u0144ca Rodzic\u00f3w za Dzieci. Inicjatywa ta powsta\u0142a w<br \/>\n20001 roku, w Polsce, a dzisiaj ju\u017c swoim zasi\u0119giem obejmuje r\u00f3\u017cne<br \/>\nmiejsca na \u015bwiecie. <\/span><\/span><br \/>\n<\/span><\/div>\n<div align=\"justify\" style=\"background: transparent; font-style: normal; font-variant: normal; font-weight: normal; letter-spacing: normal; line-height: 150%; margin-bottom: 0cm; orphans: 2; text-indent: 1.3cm; widows: 2;\">\n<span style=\"font-size: x-large;\"><span style=\"color: black;\"><span style=\"font-family: Book Antiqua, serif;\">Polega<br \/>\nona na tym, \u017ce dwadzie\u015bcia Os\u00f3b, b\u0119d\u0105cych rodzicami, tworzy<br \/>\n\u201esk\u0142ad\u201d jednego R\u00f3\u017ca\u0144ca, czyli liczb\u0119 odpowiadaj\u0105c\u0105<br \/>\nliczbie dwudziestu tajemnic r\u00f3\u017ca\u0144cowych. I ka\u017cda z nich, przez<br \/>\nmiesi\u0105c, odmawia jeden dziesi\u0105tek R\u00f3\u017ca\u0144ca, aby w ten spos\u00f3b<br \/>\nca\u0142y R\u00f3\u017caniec odmawiany by\u0142 za wszystkie Dzieci, kt\u00f3rych Rodzice<br \/>\ntworz\u0105 dan\u0105 R\u00f3\u017c\u0119. Po miesi\u0105cu nast\u0119puje zmiana tajemnic \u2013<br \/>\ntak, jak to si\u0119 dokonuje w k\u00f3\u0142kach r\u00f3\u017ca\u0144cowych. <\/span><\/span><br \/>\n<\/span><\/div>\n<div align=\"justify\" style=\"background: transparent; font-style: normal; font-variant: normal; font-weight: normal; letter-spacing: normal; line-height: 150%; margin-bottom: 0cm; orphans: 2; text-indent: 1.3cm; widows: 2;\">\n<span style=\"color: black;\"><span style=\"font-family: Book Antiqua, serif;\"><span style=\"font-size: x-large;\">Jak<br \/>\nsi\u0119 dowiaduj\u0119, inicjatywa ta zyskuje coraz wi\u0119ksz\u0105 popularno\u015b\u0107.<br \/>\nI bardzo dobrze \u2013 wobec tylu zagro\u017ce\u0144, czyhaj\u0105cych na rodzin\u0119,<br \/>\nniekiedy niestety tak\u017ce w obr\u0119bie samej rodziny\u2026 Troch\u0119 o tym<br \/>\nwspomn\u0119 w jutrzejszym rozwa\u017caniu.<\/span><\/span><\/span><\/div>\n<div align=\"justify\" style=\"background: transparent; line-height: 150%; margin-bottom: 0cm; orphans: 2; text-indent: 1.3cm; widows: 2;\">\n<span style=\"font-size: x-large;\"><span style=\"color: black;\"><span style=\"font-variant: normal;\"><span style=\"font-family: Book Antiqua, serif;\"><span style=\"letter-spacing: normal;\"><span style=\"font-style: normal;\"><span style=\"font-weight: normal;\">W<br \/>\ntym momencie natomiast z ogromn\u0105 rado\u015bci\u0105 informuj\u0119, \u017ce w<br \/>\nMiastkowie dzia\u0142aj\u0105 ju\u017c dwie R\u00f3\u017ce, a dzisiaj nast\u0105pi<br \/>\n\u201ezaprzysi\u0119\u017cenie\u201d trzeciej i czwartej! Ta ostatnia \u201estworzy\u0142a<br \/>\nsi\u0119\u201d w przeci\u0105gu kilku dni, a wr\u0119cz godzin! Jakie\u017c to<br \/>\nszcz\u0119\u015bcie, moi Drodzy, \u017ce osiemdziesi\u0105t Os\u00f3b w Parafii<br \/>\ncodziennie modli si\u0119 za swoje Dzieci! A wierz\u0119, \u017ce b\u0119d\u0105<br \/>\nnast\u0119pne. <\/span><\/span><\/span><\/span><\/span><\/span><br \/>\n<\/span><\/div>\n<div align=\"justify\" style=\"background: transparent; line-height: 150%; margin-bottom: 0cm; orphans: 2; text-indent: 1.3cm; widows: 2;\">\n<span style=\"font-size: x-large;\"><span style=\"color: black;\"><span style=\"font-variant: normal;\"><span style=\"font-family: Book Antiqua, serif;\"><span style=\"letter-spacing: normal;\"><span style=\"font-style: normal;\"><span style=\"font-weight: normal;\">Przy<br \/>\ntej okazji dzi\u0119kuj\u0119 pani Hani Ga\u0142\u0105zce \u2013 Matrybie, kt\u00f3ra<br \/>\nkoordynuje powstawanie tych\u017ce R\u00f3\u017c w naszej Parafii, a tak\u017ce<br \/>\nPa\u0144stwu: El\u017cbiecie Rusak, Annie Baran i Januszowi Zboinie, kt\u00f3rzy<br \/>\ns\u0105 Moderatorami trzech kolejnych R\u00f3\u017c. Z tego, co wiem, jeszcze nie<br \/>\nzosta\u0142 wybrany Moderator czwartej, ale to niebawem nast\u0105pi. I oto<br \/>\ndzisiaj, na Mszy \u015awi\u0119tej o godzinie 9:00, dokona si\u0119 zawierzenie<br \/>\ntrzeciej i czwartej R\u00f3\u017cy. <\/span><\/span><\/span><\/span><\/span><\/span><br \/>\n<\/span><\/div>\n<div align=\"justify\" style=\"background: transparent; line-height: 150%; margin-bottom: 0cm; orphans: 2; text-indent: 1.3cm; widows: 2;\">\n<span style=\"color: black;\"><span style=\"font-size: x-large;\"><span style=\"font-variant: normal;\"><span style=\"font-family: Book Antiqua, serif;\"><span style=\"letter-spacing: normal;\"><span style=\"font-style: normal;\"><span style=\"font-weight: normal;\">Gdyby<br \/>\nkto\u015b chcia\u0142 si\u0119 tym dzie\u0142em zainteresowa\u0107, niech zajrzy na<br \/>\nstron\u0119: <\/span><\/span><\/span><\/span><\/span><span style=\"font-variant: normal;\"><span style=\"font-family: Book Antiqua, serif;\"><span style=\"letter-spacing: normal;\"><span style=\"font-style: normal;\"><b>www.rozaniecrodzicow.pl.<\/b><\/span><\/span><\/span><\/span><span style=\"font-variant: normal;\"><span style=\"font-family: Book Antiqua, serif;\"><span style=\"letter-spacing: normal;\"><span style=\"font-style: normal;\"><span style=\"font-weight: normal;\"><br \/>\nNiech Pan b\u0119dzie uwielbiony w tem niezwyk\u0142ym dziele!<\/span><\/span><\/span><\/span><\/span><\/span><\/span><\/div>\n<div align=\"justify\" style=\"background: transparent; line-height: 150%; margin-bottom: 0cm; orphans: 2; text-indent: 1.3cm; widows: 2;\">\n<span style=\"color: black;\"><span style=\"font-variant: normal;\"><span style=\"font-family: Book Antiqua, serif; font-size: x-large;\"><span style=\"letter-spacing: normal;\"><span style=\"font-style: normal;\"><span style=\"font-weight: normal;\">Moi<br \/>\nDrodzy, chocia\u017c dzisiaj nie ma obowi\u0105zku uczestnictwa we Mszy<br \/>\n\u015awi\u0119tej, to jednak bardzo do tego zach\u0119cam. Zw\u0142aszcza, \u017ce jest<br \/>\nsobota, w zwi\u0105zku z czym czas na pewno si\u0119 znajdzie.<\/span><\/span><\/span><\/span><\/span><\/span><\/div>\n<div align=\"justify\" style=\"background: transparent; line-height: 150%; margin-bottom: 0cm; orphans: 2; text-indent: 1.3cm; widows: 2;\">\n<span style=\"color: black;\"><span style=\"font-variant: normal;\"><span style=\"font-family: Book Antiqua, serif; font-size: x-large;\"><span style=\"letter-spacing: normal;\"><span style=\"font-style: normal;\"><span style=\"font-weight: normal;\">A<br \/>\nskoro sobota \u2013 to s\u0142\u00f3wko Jakuba. Bardzo Mu za nie dzi\u0119kuj\u0119, a<br \/>\nWszystkich zapraszam do refleksji.<\/span><\/span><\/span><\/span><\/span><\/span><\/div>\n<div align=\"justify\" style=\"background: transparent; font-style: normal; font-variant: normal; font-weight: normal; letter-spacing: normal; line-height: 150%; margin-bottom: 0cm; orphans: 2; page-break-before: auto; text-indent: 1.3cm; widows: 2;\">\n<span style=\"color: black;\"><span style=\"font-family: Book Antiqua, serif;\"><span style=\"font-size: x-large;\">Na<br \/>\ng\u0142\u0119bokie za\u015b prze\u017cywanie tego pi\u0119knego dnia \u2013 <b>niech Was<br \/>\nb\u0142ogos\u0142awi B\u00f3g Wszechmog\u0105cy: Ojciec + i Syn, i Duch \u015awi\u0119ty!<br \/>\nAmen<\/b><\/span><\/span><\/span><\/div>\n<div align=\"center\" style=\"font-style: normal; font-variant: normal; font-weight: normal; letter-spacing: normal; line-height: 150%; margin-bottom: 0cm; orphans: 2; widows: 2;\">\n<span style=\"color: black;\"><span style=\"font-family: Book Antiqua, serif;\"><span style=\"font-size: x-large;\">Gaudium<br \/>\net spes! Ks. Jacek<\/span><\/span><\/span><\/div>\n<div align=\"justify\" style=\"line-height: 150%; margin-bottom: 0cm;\">\n<span style=\"font-size: x-large;\"><\/p>\n<p><\/span><\/div>\n<div align=\"justify\" style=\"line-height: 150%; margin-bottom: 0cm;\">\n<span style=\"color: black;\"><span style=\"font-family: Book Antiqua, serif;\"><span style=\"font-size: x-large;\"><b>\u015awi\u0119to<br \/>\nOfiarowania Pa\u0144skiego,<\/b><\/span><\/span><\/span><\/div>\n<div align=\"justify\" style=\"line-height: 150%; margin-bottom: 0cm;\">\n<span style=\"color: black;\"><span style=\"font-family: Book Antiqua, serif;\"><span style=\"font-size: x-large;\"><b>do<br \/>\nczyta\u0144 z t. VI Lekcjonarza:  Ml 3,1\u20134;  Hbr 2,14\u201318;  \u0141k<br \/>\n2,22\u201340<\/b><\/span><\/span><\/span><\/div>\n<div align=\"justify\" style=\"line-height: 150%; margin-bottom: 0cm;\">\n<span style=\"font-size: x-large;\"><\/p>\n<p><\/span><\/div>\n<div align=\"justify\" style=\"font-style: normal; font-variant: normal; letter-spacing: normal; line-height: 150%; margin-bottom: 0cm; page-break-before: auto;\">\n<span style=\"color: black;\"><span style=\"font-family: Book Antiqua, serif;\"><span style=\"font-size: x-large;\"><b>CZYTANIE<br \/>\nZ KSI\u0118GI PROROKA MALACHIASZA:<\/b><\/span><\/span><\/span><\/div>\n<div align=\"justify\" style=\"font-style: normal; font-variant: normal; letter-spacing: normal; line-height: 150%; margin-bottom: 0cm; page-break-before: auto; text-indent: 1.3cm;\">\n<span style=\"font-size: x-large;\"><span style=\"color: black;\"><span style=\"font-family: Book Antiqua, serif;\"><b>To<br \/>\nm\u00f3wi Pan B\u00f3g: \u201eOto Ja wy\u015bl\u0119 anio\u0142a mego, aby przygotowa\u0142<br \/>\ndrog\u0119 przede Mn\u0105, a potem nagle przyb\u0119dzie do swej \u015bwi\u0105tyni Pan,<br \/>\nkt\u00f3rego wy oczekujecie, i Anio\u0142 Przymierza, kt\u00f3rego pragniecie. <\/b><\/span><\/span><br \/>\n<\/span><\/div>\n<div align=\"justify\" style=\"line-height: 150%; margin-bottom: 0cm; text-indent: 1.3cm;\">\n<span style=\"font-size: x-large;\"><span style=\"color: black;\"><span style=\"font-family: Book Antiqua, serif;\"><b><span style=\"font-variant: normal;\"><span style=\"letter-spacing: normal;\"><span style=\"font-style: normal;\">Oto<br \/>\nnadejdzie, m\u00f3wi Pan Zast\u0119p\u00f3w. Ale kto przetrwa dzie\u0144 Jego<br \/>\nnadej\u015bcia i kto si\u0119 ostoi, gdy si\u0119 uka\u017ce? Albowiem On jest jak<br \/>\nogie\u0144 z\u0142otnika i jak \u0142ug farbiarzy. Usi\u0105dzie wi\u0119c, jakby mia\u0142<br \/>\nprzetapia\u0107 i oczyszcza\u0107 srebro, i oczy\u015bci syn\u00f3w Lewiego, i<br \/>\nprzecedzi ich jak z\u0142oto i srebro, a wtedy b\u0119d\u0105 sk\u0142ada\u0107 Panu<br \/>\nofiary sprawiedliwe. Wtedy b\u0119dzie mi\u0142a Panu ofiara Judy i<br \/>\nJeruzalem, jak za dawnych dni i lat staro\u017cytnych\u201d.<\/span><\/span><\/span><br \/>\n<\/b><\/span><\/span><br \/>\n<\/span><\/div>\n<div align=\"justify\" style=\"line-height: 150%; margin-bottom: 0cm; text-indent: 1.22cm;\">\n<span style=\"font-size: x-large;\"><\/p>\n<p><\/span><\/div>\n<div align=\"justify\" style=\"font-style: normal; font-variant: normal; letter-spacing: normal; line-height: 150%; margin-bottom: 0cm;\">\n<span style=\"font-size: x-large;\"><span style=\"color: black;\"><span style=\"font-family: Book Antiqua, serif;\"><b>CZYTANIE<br \/>\nZ LISTU DO HEBRAJCZYK\u00d3W: <\/b><\/span><\/span><br \/>\n<\/span><\/div>\n<div align=\"justify\" style=\"font-style: normal; font-variant: normal; letter-spacing: normal; line-height: 150%; margin-bottom: 0cm; page-break-before: auto; text-indent: 1.3cm;\">\n<span style=\"color: black;\"><span style=\"font-family: Book Antiqua, serif;\"><span style=\"font-size: x-large;\"><b>Poniewa\u017c<br \/>\ndzieci uczestnicz\u0105 we krwi i ciele, dlatego i Jezus tak\u017ce bez<br \/>\n\u017cadnej r\u00f3\u017cnicy sta\u0142 si\u0119 ich uczestnikiem, aby przez \u015bmier\u0107<br \/>\npokona\u0107 tego, kt\u00f3ry dzier\u017cy\u0142 w\u0142adz\u0119 nad \u015bmierci\u0105, to jest<br \/>\ndiab\u0142a, i aby uwolni\u0107 tych wszystkich, kt\u00f3rzy przez ca\u0142e \u017cycie<br \/>\nprzez boja\u017a\u0144 \u015bmierci podlegli byli niewoli. Zaiste bowiem nie<br \/>\nanio\u0142\u00f3w przygarnia, ale przygarnia potomstwo Abrahamowe.<\/b><\/span><\/span><\/span><\/div>\n<div align=\"justify\" style=\"line-height: 150%; margin-bottom: 0cm; text-indent: 1.3cm;\">\n<span style=\"font-size: x-large;\"><span style=\"color: black;\"><span style=\"font-family: Book Antiqua, serif;\"><b><span style=\"font-variant: normal;\"><span style=\"letter-spacing: normal;\"><span style=\"font-style: normal;\">Dlatego<br \/>\nmusia\u0142 si\u0119 upodobni\u0107 pod ka\u017cdym wzgl\u0119dem do braci, aby sta\u0142 si\u0119<br \/>\nmi\u0142osiernym i wiernym arcykap\u0142anem wobec Boga dla przeb\u0142agania za<br \/>\ngrzechy ludu. W czym bowiem sam cierpia\u0142 b\u0119d\u0105c do\u015bwiadczany, w<br \/>\ntym mo\u017ce przyj\u015b\u0107 z pomoc\u0105 tym, kt\u00f3rzy s\u0105 poddani pr\u00f3bom.<\/span><\/span><\/span><br \/>\n<\/b><\/span><\/span><br \/>\n<\/span><\/div>\n<div align=\"justify\" style=\"line-height: 150%; margin-bottom: 0cm;\">\n<span style=\"font-size: x-large;\"><\/p>\n<p><\/span><\/div>\n<div align=\"justify\" style=\"font-style: normal; font-variant: normal; letter-spacing: normal; line-height: 150%; margin-bottom: 0cm;\">\n<span style=\"color: black;\"><span style=\"font-family: Book Antiqua, serif;\"><span style=\"font-size: x-large;\"><b>S\u0141OWA<br \/>\nEWANGELII WED\u0141UG \u015aWI\u0118TEGO \u0141UKASZA:<\/b><\/span><\/span><\/span><\/div>\n<div align=\"justify\" style=\"font-style: normal; font-variant: normal; letter-spacing: normal; line-height: 150%; margin-bottom: 0cm; page-break-before: auto; text-indent: 1.3cm;\">\n<span style=\"color: black;\"><span style=\"font-family: Book Antiqua, serif;\"><span style=\"font-size: x-large;\"><b>Gdy<br \/>\nup\u0142yn\u0119\u0142y dni oczyszczenia Maryi wed\u0142ug Prawa Moj\u017ceszowego,<br \/>\nRodzice przynie\u015bli Jezusa do Jerozolimy, aby Go przedstawi\u0107 Panu.<br \/>\nTak bowiem jest napisane w Prawie Pa\u0144skim: \u201eKa\u017cde pierworodne<br \/>\ndziecko p\u0142ci m\u0119skiej b\u0119dzie po\u015bwi\u0119cone Panu\u201d. Mieli r\u00f3wnie\u017c<br \/>\nz\u0142o\u017cy\u0107 w ofierze par\u0119 synogarlic albo dwa m\u0142ode go\u0142\u0119bie,<br \/>\nzgodnie z przepisem Prawa Pa\u0144skiego.<\/b><\/span><\/span><\/span><\/div>\n<div align=\"justify\" style=\"font-style: normal; font-variant: normal; letter-spacing: normal; line-height: 150%; margin-bottom: 0cm; text-indent: 1.3cm;\">\n<span style=\"font-size: x-large;\"><span style=\"color: black;\"><span style=\"font-family: Book Antiqua, serif;\"><b>A<br \/>\n\u017cy\u0142 w Jerozolimie cz\u0142owiek, imieniem Symeon. By\u0142 to cz\u0142owiek<br \/>\nprawy i pobo\u017cny, wyczekiwa\u0142 pociechy Izraela, a Duch \u015awi\u0119ty<br \/>\nspoczywa\u0142 na nim. Jemu Duch \u015awi\u0119ty objawi\u0142, \u017ce nie ujrzy<br \/>\n\u015bmierci, a\u017c nie zobaczy Mesjasza Pa\u0144skiego. <\/b><\/span><\/span><br \/>\n<\/span><\/div>\n<div align=\"justify\" style=\"font-style: normal; font-variant: normal; letter-spacing: normal; line-height: 150%; margin-bottom: 0cm; text-indent: 1.3cm;\">\n<span style=\"color: black;\"><span style=\"font-family: Book Antiqua, serif;\"><span style=\"font-size: x-large;\"><b>Za<br \/>\nnatchnieniem wi\u0119c Ducha przyszed\u0142 do \u015bwi\u0105tyni. A gdy rodzice<br \/>\nwnosili Dzieci\u0105tko Jezus, aby post\u0105pi\u0107 z Nim wed\u0142ug zwyczaju<br \/>\nPrawa, on wzi\u0105\u0142 Je w obj\u0119cia, b\u0142ogos\u0142awi\u0142 Boga i m\u00f3wi\u0142:<\/b><\/span><\/span><\/span><\/div>\n<div align=\"justify\" style=\"font-style: normal; font-variant: normal; letter-spacing: normal; line-height: 150%; margin-bottom: 0cm; text-indent: 1.3cm;\">\n<span style=\"font-size: x-large;\"><span style=\"color: black;\">\u201e<span style=\"font-family: Book Antiqua, serif;\"><b>Teraz,<br \/>\no W\u0142adco, pozw\u00f3l odej\u015b\u0107 s\u0142udze Twemu <\/b><\/span><\/span><br \/>\n<\/span><\/div>\n<div align=\"justify\" style=\"font-style: normal; font-variant: normal; letter-spacing: normal; line-height: 150%; margin-bottom: 0cm; text-indent: 1.3cm;\">\n<span style=\"color: black;\"><span style=\"font-family: Book Antiqua, serif;\"><span style=\"font-size: x-large;\"><b>w<br \/>\npokoju, wed\u0142ug Twojego s\u0142owa.<\/b><\/span><\/span><\/span><\/div>\n<div align=\"justify\" style=\"font-style: normal; font-variant: normal; letter-spacing: normal; line-height: 150%; margin-bottom: 0cm; text-indent: 1.3cm;\">\n<span style=\"color: black;\"><span style=\"font-family: Book Antiqua, serif;\"><span style=\"font-size: x-large;\"><b>Bo<br \/>\nmoje oczy ujrza\u0142y Twoje zbawienie,<\/b><\/span><\/span><\/span><\/div>\n<div align=\"justify\" style=\"font-style: normal; font-variant: normal; letter-spacing: normal; line-height: 150%; margin-bottom: 0cm; text-indent: 1.3cm;\">\n<span style=\"color: black;\"><span style=\"font-family: Book Antiqua, serif;\"><span style=\"font-size: x-large;\"><b>kt\u00f3re\u015b<br \/>\nprzygotowa\u0142 wobec wszystkich narod\u00f3w:<\/b><\/span><\/span><\/span><\/div>\n<div align=\"justify\" style=\"font-style: normal; font-variant: normal; letter-spacing: normal; line-height: 150%; margin-bottom: 0cm; text-indent: 1.3cm;\">\n<span style=\"color: black;\"><span style=\"font-family: Book Antiqua, serif;\"><span style=\"font-size: x-large;\"><b>\u015bwiat\u0142o<br \/>\nna o\u015bwiecenie pogan<\/b><\/span><\/span><\/span><\/div>\n<div align=\"justify\" style=\"font-style: normal; font-variant: normal; letter-spacing: normal; line-height: 150%; margin-bottom: 0cm; text-indent: 1.3cm;\">\n<span style=\"color: black;\"><span style=\"font-family: Book Antiqua, serif;\"><span style=\"font-size: x-large;\"><b>i<br \/>\nchwa\u0142\u0119 ludu Twego, Izraela\u201d.<\/b><\/span><\/span><\/span><\/div>\n<div align=\"justify\" style=\"font-style: normal; font-variant: normal; letter-spacing: normal; line-height: 150%; margin-bottom: 0cm; orphans: 2; page-break-before: auto; text-indent: 1.3cm; widows: 2;\">\n<span style=\"color: black;\"><span style=\"font-family: Book Antiqua, serif;\"><span style=\"font-size: x-large;\"><b>A<br \/>\nJego ojciec i Matka dziwili si\u0119 temu, co o Nim m\u00f3wiono. Symeon za\u015b<br \/>\nb\u0142ogos\u0142awi\u0142 ich i rzek\u0142 do Maryi, Matki Jego: \u201eOto Ten<br \/>\nprzeznaczony jest na upadek i na powstanie wielu w Izraelu i na znak,<br \/>\nkt\u00f3remu sprzeciwia\u0107 si\u0119 b\u0119d\u0105. A Twoj\u0105 dusz\u0119 miecz przeniknie,<br \/>\naby na jaw wysz\u0142y zamys\u0142y serc wielu\u201d.<\/b><\/span><\/span><\/span><\/div>\n<div align=\"justify\" style=\"line-height: 150%; margin-bottom: 0cm; orphans: 2; text-indent: 1.3cm; widows: 2;\">\n<span style=\"color: black;\"><span style=\"font-family: Book Antiqua, serif;\"><span style=\"font-size: x-large;\"><b><span style=\"font-variant: normal;\"><span style=\"letter-spacing: normal;\"><span style=\"font-style: normal;\">By\u0142a<br \/>\ntam r\u00f3wnie\u017c prorokini Anna, c\u00f3rka Fanuela z pokolenia Asera,<br \/>\nbardzo podesz\u0142a w latach. Od swego panie\u0144stwa siedem lat \u017cy\u0142a z<br \/>\nm\u0119\u017cem i pozosta\u0142a wdow\u0105. Liczy\u0142a ju\u017c osiemdziesi\u0105ty czwarty<br \/>\nrok \u017cycia. Nie rozstawa\u0142a si\u0119 ze \u015bwi\u0105tyni\u0105, s\u0142u\u017c\u0105c Bogu w<br \/>\npostach i modlitwach dniem i noc\u0105. <\/span><\/span><\/span><span style=\"font-variant: normal;\"><span style=\"letter-spacing: normal;\"><span style=\"font-style: normal;\">Przyszed\u0142szy<br \/>\nw tej w\u0142a\u015bnie chwili, s\u0142awi\u0142a Boga i m\u00f3wi\u0142a o Nim wszystkim,<br \/>\nk<\/span><\/span><\/span><span style=\"font-variant: normal;\"><span style=\"letter-spacing: normal;\"><span style=\"font-style: normal;\">t<\/span><\/span><\/span><span style=\"font-variant: normal;\"><span style=\"letter-spacing: normal;\"><span style=\"font-style: normal;\">\u00f3rzy<br \/>\noczekiwali wyzwolenia Jerozolimy.<\/span><\/span><\/span><\/b><\/span><\/span><\/span><\/div>\n<div align=\"justify\" style=\"font-style: normal; font-variant: normal; letter-spacing: normal; line-height: 150%; margin-bottom: 0cm; orphans: 2; text-indent: 1.3cm; widows: 2;\">\n<span style=\"font-size: x-large;\"><span style=\"color: black;\"><span style=\"font-family: Book Antiqua, serif;\"><b>A<br \/>\ngdy wype\u0142nili wszystko wed\u0142ug Prawa Pa\u0144skiego, wr\u00f3cili do<br \/>\nGalilei, do swego miasta Nazaret. <\/b><\/span><\/span><br \/>\n<\/span><\/div>\n<div align=\"justify\" style=\"font-style: normal; font-variant: normal; letter-spacing: normal; line-height: 150%; margin-bottom: 0cm; orphans: 2; text-indent: 1.3cm; widows: 2;\">\n<span style=\"color: black;\"><span style=\"font-family: Book Antiqua, serif;\"><span style=\"font-size: x-large;\"><b>Dzieci\u0119<br \/>\nza\u015b ros\u0142o i nabiera\u0142o mocy, nape\u0142niaj\u0105c si\u0119 m\u0105dro\u015bci\u0105, a<br \/>\n\u0142aska Bo\u017ca spoczywa\u0142a na Nim.<\/b><\/span><\/span><\/span><\/div>\n<div align=\"justify\" style=\"font-style: normal; font-variant: normal; letter-spacing: normal; line-height: 150%; margin-bottom: 0cm; orphans: 2; text-indent: 1.3cm; widows: 2;\">\n<span style=\"font-size: x-large;\"><\/p>\n<p><\/span><\/div>\n<div align=\"center\" style=\"line-height: 150%; margin-bottom: 0cm; orphans: 2; widows: 2;\">\n<span style=\"color: black;\"><span style=\"font-family: Book Antiqua, serif;\"><span style=\"font-size: x-large;\"><b>A<br \/>\nOTO S\u0141\u00d3WKO JAKUBA:<\/b><\/span><\/span><\/span><\/div>\n<div align=\"justify\" style=\"line-height: 150%; margin-bottom: 0cm; orphans: 2; text-indent: 1.3cm; widows: 2;\">\n<span style=\"font-size: x-large;\"><\/p>\n<p><\/span><\/div>\n<div align=\"justify\" style=\"line-height: 150%; margin-bottom: 0cm; orphans: 2; page-break-before: auto; text-indent: 1.3cm; widows: 2;\">\n<span style=\"font-size: x-large;\"><span style=\"color: black;\"><span style=\"font-family: Book Antiqua, serif;\">Dzisiaj,<br \/>\nw naszym Ko\u015bciele obchodzimy bardzo wa\u017cne \u015bwi\u0119to, kt\u00f3re jest<br \/>\npewnego rodzaju granic\u0105 mi\u0119dzy Bo\u017cym Narodzeniem a Wielkanoc\u0105. To<br \/>\ndzisiaj w\u0142a\u015bnie \u2013 jak podpowiada polska tradycja \u2013 rozbieramy<br \/>\nchoinki, chowamy stroiki, szopki, \u017c\u0142\u00f3bki, przestajemy \u015bpiewa\u0107<br \/>\nkol\u0119dy w ko\u015bcio\u0142ach. Jezus zostaje ofiarowany w \u015bwi\u0105tyni, a<br \/>\njednocze\u015bnie Maryja zostaje oczyszczona. <\/span><\/span><br \/>\n<\/span><\/div>\n<div align=\"justify\" style=\"line-height: 150%; margin-bottom: 0cm; orphans: 2; text-indent: 1.3cm; widows: 2;\">\n<span style=\"font-size: x-large;\"><span style=\"color: black;\"><span style=\"font-family: Book Antiqua, serif;\">By\u0142o<br \/>\nbowiem w prawie \u017cydowskim zapisane, \u017ce kobieta, kt\u00f3ra porodzi\u0142a<br \/>\ndziecko, stawa\u0142a si\u0119 nieczysta. Dopiero po ofiarowaniu dziecka Panu<br \/>\nBogu w \u015bwi\u0105tyni mog\u0142a dozna\u0107 oczyszczenia. Tak w\u0142a\u015bnie sta\u0142o<br \/>\nsi\u0119 z Maryj\u0105. To pokazuje, jak bardzo du\u017cy wp\u0142yw na Jezusa i Jego<br \/>\n\u017cycie mia\u0142o Prawo Moj\u017ceszowe. Podlega\u0142 On, tak jak ka\u017cdy inny<br \/>\n\u017byd, jego zapisom, gdy\u017c <i><b>musia\u0142 si\u0119 upodobni\u0107 pod ka\u017cdym<br \/>\nwzgl\u0119dem do braci, aby sta\u0142 si\u0119 mi\u0142osiernym i wiernym<br \/>\narcykap\u0142anem wobec Boga dla przeb\u0142agania za grzechy ludu. <\/b><\/i><\/span><\/span><br \/>\n<\/span><\/div>\n<div align=\"justify\" style=\"line-height: 150%; margin-bottom: 0cm; orphans: 2; text-indent: 1.3cm; widows: 2;\">\n<span style=\"color: black;\"><span style=\"font-family: Book Antiqua, serif;\"><span style=\"font-size: x-large;\">B\u00f3g,<br \/>\nprzez proroka Malachiasza, tak\u017ce m\u00f3wi o oczyszczeniu, ale tym razem<br \/>\nchodzi Mu o oczyszczenie z grzech\u00f3w, o doskonalenie siebie, o<br \/>\nd\u0105\u017cenie do idea\u0142u. Pan, na ko\u0144cu czas\u00f3w, przyjdzie na ziemi\u0119,<br \/>\naby dokona\u0107 S\u0105du Ostatecznego i w zwi\u0105zku z tym nie b\u0119dzie si\u0119<br \/>\n\u201epatyczkowa\u0142\u201d. Odda ka\u017cdemu wed\u0142ug tego, co kto zasia\u0142.<br \/>\n<i><b>Usi\u0105dzie wi\u0119c, jakby mia\u0142 przetapia\u0107 i oczyszcza\u0107 srebro,<br \/>\ni oczy\u015bci syn\u00f3w Lewiego, i przecedzi ich jak z\u0142oto i srebro.<br \/>\n<\/b><\/i>Zostawi tych, kt\u00f3rzy s\u0105 szlachetni, niczym z\u0142oto i srebro.<br \/>\nAle to oznacza, \u017ce podaruje \u017cycie wieczne tym, kt\u00f3rzy s\u0105 po<br \/>\nprostu dobrzy. Ka\u017cdy bowiem miewa potkni\u0119cia, lecz tak, jak Jezus<br \/>\npodnosi\u0142 si\u0119 z upadk\u00f3w podczas drogi krzy\u017cowej, tak i my, pe\u0142ni<br \/>\nwiary i nadziei, id\u017amy wci\u0105\u017c przez \u017cycie, nie poddaj\u0105c si\u0119,<br \/>\nci\u0105gle walcz\u0105c o miejsce w raju.<\/span><\/span><\/span><\/div>\n<div align=\"justify\" style=\"line-height: 150%; margin-bottom: 0cm; orphans: 2; text-indent: 1.3cm; widows: 2;\">\n<span style=\"color: black;\"><span style=\"font-family: Book Antiqua, serif;\"><span style=\"font-size: x-large;\">Ciekawym<br \/>\nfragmentem dzisiejszych czyta\u0144 jest niew\u0105tpliwie kwestia<br \/>\nwypowiedziana przez Symeona tu\u017c po ofiarowaniu Pana Jezusa. M\u00f3wi<br \/>\non:<\/span><\/span><\/span><\/div>\n<div align=\"justify\" style=\"line-height: 150%; margin-bottom: 0cm;\">\n<span style=\"font-size: x-large;\"><span style=\"color: black;\"><span style=\"font-family: Book Antiqua, serif;\"><i><b>Teraz,<br \/>\no W\u0142adco, pozw\u00f3l odej\u015b\u0107 s\u0142udze Twemu <\/b><\/i><\/span><\/span><br \/>\n<\/span><\/div>\n<div align=\"justify\" style=\"line-height: 150%; margin-bottom: 0cm;\">\n<span style=\"font-size: x-large;\"><span style=\"color: black;\"><span style=\"font-family: Book Antiqua, serif;\"><i><b>w<br \/>\npokoju, wed\u0142ug Twojego s\u0142owa. <\/b><\/i><\/span><\/span><br \/>\n<\/span><\/div>\n<div align=\"justify\" style=\"line-height: 150%; margin-bottom: 0cm;\">\n<span style=\"font-size: x-large;\"><span style=\"color: black;\"><span style=\"font-family: Book Antiqua, serif;\"><i><b>Bo<br \/>\nmoje oczy ujrza\u0142y Twoje zbawienie, <\/b><\/i><\/span><\/span><br \/>\n<\/span><\/div>\n<div align=\"justify\" style=\"line-height: 150%; margin-bottom: 0cm;\">\n<span style=\"font-size: x-large;\"><span style=\"color: black;\"><span style=\"font-family: Book Antiqua, serif;\"><i><b>kt\u00f3re\u015b<br \/>\nprzygotowa\u0142 wobec wszystkich narod\u00f3w: <\/b><\/i><\/span><\/span><br \/>\n<\/span><\/div>\n<div align=\"justify\" style=\"line-height: 150%; margin-bottom: 0cm;\">\n<span style=\"font-size: x-large;\"><span style=\"color: black;\"><span style=\"font-family: Book Antiqua, serif;\"><i><b>\u015bwiat\u0142o<br \/>\nna o\u015bwiecenie pogan <\/b><\/i><\/span><\/span><br \/>\n<\/span><\/div>\n<div align=\"justify\" style=\"line-height: 150%; margin-bottom: 0cm;\">\n<span style=\"color: black;\"><span style=\"font-family: Book Antiqua, serif;\"><span style=\"font-size: x-large;\"><i><b>i<br \/>\nchwa\u0142\u0119 ludu Twego, Izraela.<\/b><\/i><\/span><\/span><\/span><\/div>\n<div align=\"justify\" style=\"background: transparent; line-height: 150%; margin-bottom: 0cm; page-break-before: auto; text-indent: 1.3cm;\">\n<span style=\"font-size: x-large;\"><span style=\"color: black;\"><span style=\"font-family: Book Antiqua, serif;\">Widzimy<br \/>\ntutaj wszechogarniaj\u0105c\u0105 rado\u015b\u0107 ze spotkania z Jezusem. Symeon<br \/>\ndost\u0105pi\u0142 tego, na co my czekamy \u2013 widzia\u0142 Boga twarz\u0105 w twarz i<br \/>\ndlatego stwierdzi\u0142, \u017ce osi\u0105gn\u0105\u0142 cel swojej ziemskiej w\u0119dr\u00f3wki.<br \/>\nDodatkowo, Symeon wyg\u0142asza proroctwo, kt\u00f3re dziwi J\u00f3zefa i Maryj\u0119.<br \/>\nM\u00f3wi on bowiem, \u017ce Jezus jest \u015awiat\u0142o\u015bci\u0105, kt\u00f3ra przywiedzie<br \/>\nlud poga\u0144ski do Boga, a jednocze\u015bnie umocni w wierze plemi\u0119<br \/>\n\u017cydowskie. Dzi\u0119ki tej obietnicy ludzie spoza potomk\u00f3w narodu<br \/>\nwybranego, tacy jak my, maj\u0105 nadziej\u0119 \u017cycia wiecznego. <\/span><\/span><br \/>\n<\/span><\/div>\n<div align=\"justify\" style=\"background: transparent; line-height: 150%; margin-bottom: 0cm; text-indent: 1.3cm;\">\n<span style=\"color: black;\"><span style=\"font-family: Book Antiqua, serif;\"><span style=\"font-size: x-large;\">Dlatego<br \/>\nw\u0142a\u015bnie powinni\u015bmy dba\u0107 o ten dar z ca\u0142ych si\u0142. Skoro Jezus<br \/>\nprzyszed\u0142 na \u015bwiat, aby da\u0107 ludziom pok\u00f3j, pojedna\u0107 ludy i<br \/>\nprzekaza\u0107 Dobr\u0105 Nowin\u0119, to nie powinni\u015bmy tej szansy marnowa\u0107.<\/span><\/span><\/span><\/div>\n<div align=\"justify\" style=\"background: transparent; line-height: 150%; margin-bottom: 0cm; text-indent: 1.3cm;\">\n<span style=\"color: black;\"><span style=\"font-family: Book Antiqua, serif;\"><span style=\"font-size: x-large;\">W<br \/>\ntym kontek\u015bcie pytam samego siebie: Czy staram si\u0119 regularnie<br \/>\noczyszcza\u0107 swoj\u0105 dusz\u0119 w sakramencie pojednania? Czy zdaj\u0119 sobie<br \/>\nspraw\u0119 z tego, \u017ce stan\u0119 kiedy\u015b na S\u0105dzie Bo\u017cym i b\u0119d\u0119 musia\u0142<br \/>\nrozliczy\u0107 si\u0119 ze wszystkich swoich przewinie\u0144? Czy walcz\u0119 o \u017cycie<br \/>\nwieczne? Czy chwytam wyci\u0105gni\u0119t\u0105 w moj\u0105 stron\u0119 d\u0142o\u0144<br \/>\nChrystusa?\u2026<\/span><\/span><\/span><\/div>\n","protected":false},"excerpt":{"rendered":"<p>Niech b\u0119dzie pochwalony Jezus Chrystus! Moi Drodzy, w dniu dzisiejszym prze\u017cywamy \u015awi\u0119to Ofiarowania Pa\u0144skiego, zwane w tradycji tak\u017ce \u015awi\u0119tem Matki Bo\u017cej Gromnicznej. A od 1997 roku jest to r\u00f3wnie\u017c Dzie\u0144 \u017bycia Konsekrowanego. Pozw\u00f3lcie, \u017ce z tej okazji prze\u015bl\u0119 zapewnienia o modlitewnej \u0142\u0105czno\u015bci \u2013 wraz z wyrazami wdzi\u0119czno\u015bci za wszelkie dobro \u2013 wielu znanym mi Osobom [&hellip;]<\/p>\n","protected":false},"author":1,"featured_media":0,"comment_status":"open","ping_status":"open","sticky":false,"template":"","format":"standard","meta":{"jetpack_post_was_ever_published":false,"_jetpack_newsletter_access":"","_jetpack_dont_email_post_to_subs":false,"_jetpack_newsletter_tier_id":0,"_jetpack_memberships_contains_paywalled_content":false,"_jetpack_memberships_contains_paid_content":false,"footnotes":""},"categories":[1],"tags":[],"class_list":["post-14704","post","type-post","status-publish","format-standard","hentry","category-bez-kategorii"],"yoast_head":"<!-- This site is optimized with the Yoast SEO plugin v25.1 - https:\/\/yoast.com\/wordpress\/plugins\/seo\/ -->\n<title>Moje oczy ujrza\u0142y Twoje zbawienie! - Gaudium Et Spes<\/title>\n<meta name=\"robots\" content=\"index, follow, max-snippet:-1, max-image-preview:large, max-video-preview:-1\" \/>\n<link rel=\"canonical\" href=\"https:\/\/gaudiumetspes-blog.pl\/index.php\/2019\/02\/02\/moje-oczy-ujrzay-twoje-zbawienie\/\" \/>\n<meta property=\"og:locale\" content=\"pl_PL\" \/>\n<meta property=\"og:type\" content=\"article\" \/>\n<meta property=\"og:title\" content=\"Moje oczy ujrza\u0142y Twoje zbawienie! - Gaudium Et Spes\" \/>\n<meta property=\"og:description\" content=\"Niech b\u0119dzie pochwalony Jezus Chrystus! Moi Drodzy, w dniu dzisiejszym prze\u017cywamy \u015awi\u0119to Ofiarowania Pa\u0144skiego, zwane w tradycji tak\u017ce \u015awi\u0119tem Matki Bo\u017cej Gromnicznej. A od 1997 roku jest to r\u00f3wnie\u017c Dzie\u0144 \u017bycia Konsekrowanego. Pozw\u00f3lcie, \u017ce z tej okazji prze\u015bl\u0119 zapewnienia o modlitewnej \u0142\u0105czno\u015bci \u2013 wraz z wyrazami wdzi\u0119czno\u015bci za wszelkie dobro \u2013 wielu znanym mi Osobom [&hellip;]\" \/>\n<meta property=\"og:url\" content=\"https:\/\/gaudiumetspes-blog.pl\/index.php\/2019\/02\/02\/moje-oczy-ujrzay-twoje-zbawienie\/\" \/>\n<meta property=\"og:site_name\" content=\"Gaudium Et Spes\" \/>\n<meta property=\"article:published_time\" content=\"2019-02-02T04:54:00+00:00\" \/>\n<meta property=\"article:modified_time\" content=\"2019-07-31T10:59:27+00:00\" \/>\n<meta name=\"author\" content=\"Ks. Jacek\" \/>\n<meta name=\"twitter:card\" content=\"summary_large_image\" \/>\n<meta name=\"twitter:label1\" content=\"Napisane przez\" \/>\n\t<meta name=\"twitter:data1\" content=\"Ks. Jacek\" \/>\n\t<meta name=\"twitter:label2\" content=\"Szacowany czas czytania\" \/>\n\t<meta name=\"twitter:data2\" content=\"10 minut\" \/>\n<script type=\"application\/ld+json\" class=\"yoast-schema-graph\">{\"@context\":\"https:\/\/schema.org\",\"@graph\":[{\"@type\":\"WebPage\",\"@id\":\"https:\/\/gaudiumetspes-blog.pl\/index.php\/2019\/02\/02\/moje-oczy-ujrzay-twoje-zbawienie\/\",\"url\":\"https:\/\/gaudiumetspes-blog.pl\/index.php\/2019\/02\/02\/moje-oczy-ujrzay-twoje-zbawienie\/\",\"name\":\"Moje oczy ujrza\u0142y Twoje zbawienie! - Gaudium Et Spes\",\"isPartOf\":{\"@id\":\"https:\/\/gaudiumetspes-blog.pl\/#website\"},\"datePublished\":\"2019-02-02T04:54:00+00:00\",\"dateModified\":\"2019-07-31T10:59:27+00:00\",\"author\":{\"@id\":\"https:\/\/gaudiumetspes-blog.pl\/#\/schema\/person\/1661982992b752dea8dff0d4ed845a65\"},\"breadcrumb\":{\"@id\":\"https:\/\/gaudiumetspes-blog.pl\/index.php\/2019\/02\/02\/moje-oczy-ujrzay-twoje-zbawienie\/#breadcrumb\"},\"inLanguage\":\"pl-PL\",\"potentialAction\":[{\"@type\":\"ReadAction\",\"target\":[\"https:\/\/gaudiumetspes-blog.pl\/index.php\/2019\/02\/02\/moje-oczy-ujrzay-twoje-zbawienie\/\"]}]},{\"@type\":\"BreadcrumbList\",\"@id\":\"https:\/\/gaudiumetspes-blog.pl\/index.php\/2019\/02\/02\/moje-oczy-ujrzay-twoje-zbawienie\/#breadcrumb\",\"itemListElement\":[{\"@type\":\"ListItem\",\"position\":1,\"name\":\"Strona g\u0142\u00f3wna\",\"item\":\"https:\/\/gaudiumetspes-blog.pl\/\"},{\"@type\":\"ListItem\",\"position\":2,\"name\":\"Moje&nbsp;oczy ujrza\u0142y Twoje&nbsp;zbawienie!\"}]},{\"@type\":\"WebSite\",\"@id\":\"https:\/\/gaudiumetspes-blog.pl\/#website\",\"url\":\"https:\/\/gaudiumetspes-blog.pl\/\",\"name\":\"Gaudium Et Spes\",\"description\":\"Blog Ks. Jacka Ja\u015bkowskiego\",\"potentialAction\":[{\"@type\":\"SearchAction\",\"target\":{\"@type\":\"EntryPoint\",\"urlTemplate\":\"https:\/\/gaudiumetspes-blog.pl\/?s={search_term_string}\"},\"query-input\":{\"@type\":\"PropertyValueSpecification\",\"valueRequired\":true,\"valueName\":\"search_term_string\"}}],\"inLanguage\":\"pl-PL\"},{\"@type\":\"Person\",\"@id\":\"https:\/\/gaudiumetspes-blog.pl\/#\/schema\/person\/1661982992b752dea8dff0d4ed845a65\",\"name\":\"Ks. Jacek\",\"image\":{\"@type\":\"ImageObject\",\"inLanguage\":\"pl-PL\",\"@id\":\"https:\/\/gaudiumetspes-blog.pl\/#\/schema\/person\/image\/\",\"url\":\"https:\/\/gaudiumetspes-blog.pl\/wp-content\/uploads\/2019\/07\/avatar-JJ-150x150.jpg\",\"contentUrl\":\"https:\/\/gaudiumetspes-blog.pl\/wp-content\/uploads\/2019\/07\/avatar-JJ-150x150.jpg\",\"caption\":\"Ks. Jacek\"},\"description\":\"Witam serdecznie! K\u0142ania si\u0119 Ks. Jacek Ja\u015bkowski. Nie jestem ani kim\u015b wa\u017cnym, ani kim\u015b znanym. Jestem ksi\u0119dzem, kt\u00f3ry po prostu chce rozmawia\u0107. Codzienna kap\u0142a\u0144ska pos\u0142uga pokazuje mi, \u017ce temat\u00f3w do rozm\u00f3w z ksi\u0119dzem jest coraz wi\u0119cej i dzisiaj \u017caden ksi\u0105dz nie mo\u017ce od nich ucieka\u0107, ale - wprost przeciwnie - podejmowa\u0107 nowe wyzwania. To przekonanie sk\u0142oni\u0142o mnie do pr\u00f3by otwarcia tego\u017c bloga, chocia\u017c okazji do rozm\u00f3w na co dzie\u0144 - w konfesjonale i poza nim - na szcz\u0119\u015bcie nie brakuje. My\u015bl\u0119 jednak, \u017ce ten blog b\u0119dzie jeszcze jednym sposobem i przestrzeni\u0105 nawi\u0105zania kontaktu z lud\u017ami dobrej woli, otwartymi na dialog.\",\"url\":\"https:\/\/gaudiumetspes-blog.pl\/index.php\/author\/ks-jacek\/\"}]}<\/script>\n<!-- \/ Yoast SEO plugin. -->","yoast_head_json":{"title":"Moje oczy ujrza\u0142y Twoje zbawienie! - Gaudium Et Spes","robots":{"index":"index","follow":"follow","max-snippet":"max-snippet:-1","max-image-preview":"max-image-preview:large","max-video-preview":"max-video-preview:-1"},"canonical":"https:\/\/gaudiumetspes-blog.pl\/index.php\/2019\/02\/02\/moje-oczy-ujrzay-twoje-zbawienie\/","og_locale":"pl_PL","og_type":"article","og_title":"Moje oczy ujrza\u0142y Twoje zbawienie! - Gaudium Et Spes","og_description":"Niech b\u0119dzie pochwalony Jezus Chrystus! Moi Drodzy, w dniu dzisiejszym prze\u017cywamy \u015awi\u0119to Ofiarowania Pa\u0144skiego, zwane w tradycji tak\u017ce \u015awi\u0119tem Matki Bo\u017cej Gromnicznej. A od 1997 roku jest to r\u00f3wnie\u017c Dzie\u0144 \u017bycia Konsekrowanego. Pozw\u00f3lcie, \u017ce z tej okazji prze\u015bl\u0119 zapewnienia o modlitewnej \u0142\u0105czno\u015bci \u2013 wraz z wyrazami wdzi\u0119czno\u015bci za wszelkie dobro \u2013 wielu znanym mi Osobom [&hellip;]","og_url":"https:\/\/gaudiumetspes-blog.pl\/index.php\/2019\/02\/02\/moje-oczy-ujrzay-twoje-zbawienie\/","og_site_name":"Gaudium Et Spes","article_published_time":"2019-02-02T04:54:00+00:00","article_modified_time":"2019-07-31T10:59:27+00:00","author":"Ks. Jacek","twitter_card":"summary_large_image","twitter_misc":{"Napisane przez":"Ks. Jacek","Szacowany czas czytania":"10 minut"},"schema":{"@context":"https:\/\/schema.org","@graph":[{"@type":"WebPage","@id":"https:\/\/gaudiumetspes-blog.pl\/index.php\/2019\/02\/02\/moje-oczy-ujrzay-twoje-zbawienie\/","url":"https:\/\/gaudiumetspes-blog.pl\/index.php\/2019\/02\/02\/moje-oczy-ujrzay-twoje-zbawienie\/","name":"Moje oczy ujrza\u0142y Twoje zbawienie! - Gaudium Et Spes","isPartOf":{"@id":"https:\/\/gaudiumetspes-blog.pl\/#website"},"datePublished":"2019-02-02T04:54:00+00:00","dateModified":"2019-07-31T10:59:27+00:00","author":{"@id":"https:\/\/gaudiumetspes-blog.pl\/#\/schema\/person\/1661982992b752dea8dff0d4ed845a65"},"breadcrumb":{"@id":"https:\/\/gaudiumetspes-blog.pl\/index.php\/2019\/02\/02\/moje-oczy-ujrzay-twoje-zbawienie\/#breadcrumb"},"inLanguage":"pl-PL","potentialAction":[{"@type":"ReadAction","target":["https:\/\/gaudiumetspes-blog.pl\/index.php\/2019\/02\/02\/moje-oczy-ujrzay-twoje-zbawienie\/"]}]},{"@type":"BreadcrumbList","@id":"https:\/\/gaudiumetspes-blog.pl\/index.php\/2019\/02\/02\/moje-oczy-ujrzay-twoje-zbawienie\/#breadcrumb","itemListElement":[{"@type":"ListItem","position":1,"name":"Strona g\u0142\u00f3wna","item":"https:\/\/gaudiumetspes-blog.pl\/"},{"@type":"ListItem","position":2,"name":"Moje&nbsp;oczy ujrza\u0142y Twoje&nbsp;zbawienie!"}]},{"@type":"WebSite","@id":"https:\/\/gaudiumetspes-blog.pl\/#website","url":"https:\/\/gaudiumetspes-blog.pl\/","name":"Gaudium Et Spes","description":"Blog Ks. Jacka Ja\u015bkowskiego","potentialAction":[{"@type":"SearchAction","target":{"@type":"EntryPoint","urlTemplate":"https:\/\/gaudiumetspes-blog.pl\/?s={search_term_string}"},"query-input":{"@type":"PropertyValueSpecification","valueRequired":true,"valueName":"search_term_string"}}],"inLanguage":"pl-PL"},{"@type":"Person","@id":"https:\/\/gaudiumetspes-blog.pl\/#\/schema\/person\/1661982992b752dea8dff0d4ed845a65","name":"Ks. Jacek","image":{"@type":"ImageObject","inLanguage":"pl-PL","@id":"https:\/\/gaudiumetspes-blog.pl\/#\/schema\/person\/image\/","url":"https:\/\/gaudiumetspes-blog.pl\/wp-content\/uploads\/2019\/07\/avatar-JJ-150x150.jpg","contentUrl":"https:\/\/gaudiumetspes-blog.pl\/wp-content\/uploads\/2019\/07\/avatar-JJ-150x150.jpg","caption":"Ks. Jacek"},"description":"Witam serdecznie! K\u0142ania si\u0119 Ks. Jacek Ja\u015bkowski. Nie jestem ani kim\u015b wa\u017cnym, ani kim\u015b znanym. Jestem ksi\u0119dzem, kt\u00f3ry po prostu chce rozmawia\u0107. Codzienna kap\u0142a\u0144ska pos\u0142uga pokazuje mi, \u017ce temat\u00f3w do rozm\u00f3w z ksi\u0119dzem jest coraz wi\u0119cej i dzisiaj \u017caden ksi\u0105dz nie mo\u017ce od nich ucieka\u0107, ale - wprost przeciwnie - podejmowa\u0107 nowe wyzwania. To przekonanie sk\u0142oni\u0142o mnie do pr\u00f3by otwarcia tego\u017c bloga, chocia\u017c okazji do rozm\u00f3w na co dzie\u0144 - w konfesjonale i poza nim - na szcz\u0119\u015bcie nie brakuje. My\u015bl\u0119 jednak, \u017ce ten blog b\u0119dzie jeszcze jednym sposobem i przestrzeni\u0105 nawi\u0105zania kontaktu z lud\u017ami dobrej woli, otwartymi na dialog.","url":"https:\/\/gaudiumetspes-blog.pl\/index.php\/author\/ks-jacek\/"}]}},"jetpack_featured_media_url":"","jetpack_sharing_enabled":true,"_links":{"self":[{"href":"https:\/\/gaudiumetspes-blog.pl\/index.php\/wp-json\/wp\/v2\/posts\/14704","targetHints":{"allow":["GET"]}}],"collection":[{"href":"https:\/\/gaudiumetspes-blog.pl\/index.php\/wp-json\/wp\/v2\/posts"}],"about":[{"href":"https:\/\/gaudiumetspes-blog.pl\/index.php\/wp-json\/wp\/v2\/types\/post"}],"author":[{"embeddable":true,"href":"https:\/\/gaudiumetspes-blog.pl\/index.php\/wp-json\/wp\/v2\/users\/1"}],"replies":[{"embeddable":true,"href":"https:\/\/gaudiumetspes-blog.pl\/index.php\/wp-json\/wp\/v2\/comments?post=14704"}],"version-history":[{"count":1,"href":"https:\/\/gaudiumetspes-blog.pl\/index.php\/wp-json\/wp\/v2\/posts\/14704\/revisions"}],"predecessor-version":[{"id":14923,"href":"https:\/\/gaudiumetspes-blog.pl\/index.php\/wp-json\/wp\/v2\/posts\/14704\/revisions\/14923"}],"wp:attachment":[{"href":"https:\/\/gaudiumetspes-blog.pl\/index.php\/wp-json\/wp\/v2\/media?parent=14704"}],"wp:term":[{"taxonomy":"category","embeddable":true,"href":"https:\/\/gaudiumetspes-blog.pl\/index.php\/wp-json\/wp\/v2\/categories?post=14704"},{"taxonomy":"post_tag","embeddable":true,"href":"https:\/\/gaudiumetspes-blog.pl\/index.php\/wp-json\/wp\/v2\/tags?post=14704"}],"curies":[{"name":"wp","href":"https:\/\/api.w.org\/{rel}","templated":true}]}}