{"id":14712,"date":"2019-01-25T06:02:00","date_gmt":"2019-01-25T05:02:00","guid":{"rendered":"https:\/\/gaudiumetspes-blog.pl\/index.php\/2019\/01\/25\/ja-jestem-jezus-nazarejczyk-ktorego-ty\/"},"modified":"2019-07-31T12:59:19","modified_gmt":"2019-07-31T10:59:19","slug":"ja-jestem-jezus-nazarejczyk-ktorego-ty","status":"publish","type":"post","link":"https:\/\/gaudiumetspes-blog.pl\/index.php\/2019\/01\/25\/ja-jestem-jezus-nazarejczyk-ktorego-ty\/","title":{"rendered":"Ja jestem Jezus Nazarejczyk, kt\u00f3rego ty&#8230;"},"content":{"rendered":"<p><\/p>\n<div class=\"separator\" style=\"clear: both; text-align: center;\">\n<\/div>\n<p><\/p>\n<div class=\"separator\" style=\"clear: both; text-align: center;\">\n<\/div>\n<div class=\"separator\" style=\"clear: both; text-align: center;\">\n<a href=\"https:\/\/gaudiumetspes-blog.pl\/wp-content\/uploads\/2019\/01\/38971193905_45b1c3d6c2_o.jpg\" imageanchor=\"1\" style=\"clear: right; float: right; margin-bottom: 1em; margin-left: 1em;\"><img loading=\"lazy\" decoding=\"async\" border=\"0\" data-original-height=\"607\" data-original-width=\"527\" height=\"320\" src=\"https:\/\/gaudiumetspes-blog.pl\/wp-content\/uploads\/2019\/01\/38971193905_45b1c3d6c2_o.jpg\" width=\"276\" \/><\/a><\/div>\n<p><b><i>(Dz 22, 3-16) <br \/>Pawe\u0142 powiedzia\u0142 do ludu: &#8222;Ja jestem \u017bydem, urodzonym w Tarsie w Cylicji. Wychowa\u0142em si\u0119 jednak w tym mie\u015bcie, u st\u00f3p Gamaliela otrzyma\u0142em staranne wykszta\u0142cenie w Prawie ojczystym. Gorliwie s\u0142u\u017cy\u0142em Bogu, jak wy wszyscy dzisiaj s\u0142u\u017cycie. Prze\u015bladowa\u0142em t\u0119 drog\u0119, g\u0142osuj\u0105c nawet za kar\u0105 \u015bmierci, wi\u0105\u017c\u0105c i wtr\u0105caj\u0105c do wi\u0119zienia m\u0119\u017cczyzn i kobiety, co mo\u017ce po\u015bwiadczy\u0107 zar\u00f3wno arcykap\u0142an, jak ca\u0142a starszyzna. Od nich otrzyma\u0142em te\u017c listy do braci i uda\u0142em si\u0119 do Damaszku z zamiarem uwi\u0119zienia tych, kt\u00f3rzy tam byli, i przyprowadzenia do Jerozolimy dla wymierzenia kary. W drodze, gdy zbli\u017ca\u0142em si\u0119 do Damaszku, nagle oko\u0142o po\u0142udnia otoczy\u0142a mnie wielka jasno\u015b\u0107 z nieba. Upad\u0142em na ziemi\u0119 i pos\u0142ysza\u0142em g\u0142os, kt\u00f3ry m\u00f3wi\u0142 do mnie: \u201eSzawle, Szawle, dlaczego Mnie prze\u015bladujesz?\u201d Odpowiedzia\u0142em: \u201eKto jeste\u015b, Panie\u201d. Rzek\u0142 do mnie: \u201eJa jestem Jezus Nazarejczyk, kt\u00f3rego ty prze\u015bladujesz\u201d. Towarzysze za\u015b moi widzieli \u015bwiat\u0142o, ale g\u0142osu, kt\u00f3ry do mnie m\u00f3wi\u0142, nie s\u0142yszeli. Powiedzia\u0142em wi\u0119c: \u201eCo mam czyni\u0107, Panie?\u201d A Pan powiedzia\u0142 do mnie: \u201eWsta\u0144, id\u017a do Damaszku, tam ci powiedz\u0105 wszystko, co masz czyni\u0107\u201d. Poniewa\u017c zaniewidzia\u0142em od blasku owego \u015bwiat\u0142a, przyszed\u0142em do Damaszku prowadzony za r\u0119k\u0119 przez moich towarzyszy. Niejaki Ananiasz, cz\u0142owiek przestrzegaj\u0105cy wiernie Prawa, o kt\u00f3rym wszyscy tamtejsi \u017bydzi wydawali dobre \u015bwiadectwo, przyszed\u0142, przyst\u0105pi\u0142 do mnie i powiedzia\u0142: \u201eSzawle, bracie, przejrzyj!\u201d W tej\u017ce chwili spojrza\u0142em na niego.On za\u015b powiedzia\u0142: \u201eB\u00f3g naszych ojc\u00f3w wybra\u0142 ci\u0119, aby\u015b pozna\u0142 Jego wol\u0119 i ujrza\u0142 Sprawiedliwego i Jego w\u0142asny g\u0142os us\u0142ysza\u0142. Bo wobec wszystkich ludzi b\u0119dziesz \u015bwiadczy\u0142 o tym, co widzia\u0142e\u015b i s\u0142ysza\u0142e\u015b. Dlaczego teraz zwlekasz? Ochrzcij si\u0119 i obmyj z twoich grzech\u00f3w, wzywaj\u0105c Jego imienia!\u201d<\/p>\n<p>(Mk 16, 15-18) <br \/>Po swoim zmartwychwstaniu Jezus ukaza\u0142 si\u0119 Jedenastu i powiedzia\u0142 do nich: &#8222;Id\u017acie na ca\u0142y \u015bwiat i g\u0142o\u015bcie Ewangeli\u0119 wszelkiemu stworzeniu! Kto uwierzy i przyjmie chrzest, b\u0119dzie zbawiony; a kto nie uwierzy, b\u0119dzie pot\u0119piony. Tym za\u015b, kt\u00f3rzy uwierz\u0105, te znaki towarzyszy\u0107 b\u0119d\u0105: W imi\u0119 moje z\u0142e duchy b\u0119d\u0105 wyrzuca\u0107, nowymi j\u0119zykami m\u00f3wi\u0107 b\u0119d\u0105; w\u0119\u017ce bra\u0107 b\u0119d\u0105 do r\u0105k, i je\u015bliby co zatrutego wypili, nie b\u0119dzie im szkodzi\u0107. Na chorych r\u0119ce k\u0142a\u015b\u0107 b\u0119d\u0105, i ci odzyskaj\u0105 zdrowie\u201d.<\/i><\/b><br \/>\n<b><i><br \/><\/i><\/b><br \/>\nNiech b\u0119dzie pochwalony Jezus Chrystus!<\/p>\n<p>Pozdrawiam serdecznie z Syberii, z Nojabrska. Tak, dzi\u015b z Nojabrska.<\/p>\n<p>W Nojabrsku mamy parafi\u0119 \u015aw. Paw\u0142a Aposto\u0142a. I to w\u0142a\u015bnie dzi\u015b obchodzimy tu odpust parafialny. Prosz\u0119 o modlitw\u0119, dzi\u015b szczeg\u00f3lnie za t\u0119 parafi\u0119, t\u0119 cz\u0119\u015b\u0107 mojej parafii, kt\u00f3ra dekretem biskupa jest ju\u017c oddzieln\u0105 parafi\u0105, cho\u0107 jest cz\u0119\u015bci\u0105 mojego ogromnego terytorium. <\/p>\n<p>Przyjecha\u0142em tu wczoraj, wczoraj by\u0142a Msza i kol\u0119da, dzi\u015b zn\u00f3w kol\u0119da w ci\u0105gu dnia, za\u0142atwianie spraw i formalno\u015bci w tym mie\u015bcie i w tej parafii, a wieczorem uroczysta Msza \u015aw. i jaka\u015b herbata z parafianami. A s\u0105 tu rzeczywi\u015bcie pi\u0119kni, gorliwi, oddani ludzie. W tej parafii jest pi\u0119kna atmosfera, a\u017c si\u0119 nie chce wyje\u017cd\u017ca\u0107. Dzi\u015b ca\u0142y dzie\u0144 w Nojabrsku. <\/p>\n<p>Cho\u0107 jest to parafia \u015aw. Paw\u0142a Aposto\u0142a a nie jego nawr\u00f3cenia (jak w bliskiej mi parafii w Warszawie, na Grochowie, kt\u00f3r\u0105 pozdrawiam serdecznie), to jednak odpust obchodzimy dzi\u015b, z dw\u00f3ch powod\u00f3w &#8211; jeden, \u017ce dzi\u015b jest tylko Pawe\u0142, a nie Piotr i Pawe\u0142 i jeszcze bardziej dlatego, \u017ce koniec czerwca to czas wakacji i wielu parafian jest wtedy na urlopie. Teraz mniej wi\u0119cej wszyscy s\u0105 na miejscu. <\/p>\n<p>Dzi\u015b w Nojabrsku jest jakie\u015b &#8211; 31, ale \u017cyjemy. <\/p>\n<p>Sp\u00f3jrzmy dzi\u015b na samo wydarzenie nawr\u00f3cenia Szaw\u0142a &#8211; potem Paw\u0142a.<\/p>\n<p>To jest chyba jedyne \u015bwi\u0119to, w kalendarzu liturgicznym &#8211; nawr\u00f3cenia. Jest dzie\u0144 \u015bmierci, jest dzie\u0144 urodzin, ale nawr\u00f3cenia chyba wi\u0119cej nie ma. Cho\u0107 mog\u0142oby by\u0107 np. \u015bwi\u0119to nawr\u00f3cenia Piotra, kiedy Piotr zap\u0142aka\u0142, albo kiedy Jezus pyta go, czy Mnie mi\u0142ujesz. <\/p>\n<p>Patrzymy dzi\u015b na nawr\u00f3cenie \u015bw. Paw\u0142a. <\/p>\n<p>W Dziejach Apostolskich mamy dwa opisy jego nawr\u00f3cenia, 9 i 22 rozdzia\u0142, w lekcjonarzu s\u0105 one do wyboru. Osobi\u015bcie proponuj\u0119 przeczyta\u0107 oba, \u017ceby jeszcze g\u0142\u0119biej wej\u015b\u0107 w t\u0119 tajemnic\u0119 spotkania Szaw\u0142a z Jezusem. <\/p>\n<p>Co chcia\u0142bym podkre\u015bli\u0107 &#8211; kilka my\u015bli\u2026<\/p>\n<p><a name='more'><\/a><\/p>\n<table cellpadding=\"0\" cellspacing=\"0\" class=\"tr-caption-container\" style=\"float: left; margin-right: 1em; text-align: left;\">\n<tbody>\n<tr>\n<td style=\"text-align: center;\"><a href=\"https:\/\/gaudiumetspes-blog.pl\/wp-content\/uploads\/2019\/01\/IMG_5885-768x1024.jpg\" imageanchor=\"1\" style=\"clear: left; margin-bottom: 1em; margin-left: auto; margin-right: auto;\"><img loading=\"lazy\" decoding=\"async\" border=\"0\" data-original-height=\"1600\" data-original-width=\"1200\" height=\"320\" src=\"https:\/\/gaudiumetspes-blog.pl\/wp-content\/uploads\/2019\/01\/IMG_5885-768x1024.jpg\" width=\"240\" \/><\/a><\/td>\n<\/tr>\n<tr>\n<td class=\"tr-caption\" style=\"text-align: center;\">\u015aw. Pawe\u0142, tw\u00f3rczo\u015b\u0107 tutejszych parafian<\/td>\n<\/tr>\n<\/tbody>\n<\/table>\n<p>&nbsp;Czytamy w dzisiejszym czytaniu &#8211; \u201eGorliwie s\u0142u\u017cy\u0142em Bogu, jak wy wszyscy dzisiaj s\u0142u\u017cycie. Prze\u015bladowa\u0142em t\u0119 drog\u0119\u2026\u201d.<\/p>\n<p>Chcia\u0142bym tu podkre\u015bli\u0107 s\u0142owo &#8211; gorliwie. Szawe\u0142 gorliwie, jak on mniema\u0142 &#8211; s\u0142u\u017cy\u0142 Bogu. S\u0142u\u017cy\u0142 tak, \u017ce zabija\u0142 tych, kt\u00f3rzy przyj\u0119li Boga, wierzyli w Boga. Moment nawr\u00f3cenia, to moment, gdy Pawe\u0142 zrozumia\u0142, \u017ce nie tak si\u0119 s\u0142u\u017cy Bogu. On zaczyna, po swoim nawr\u00f3ceniu r\u00f3wnie\u017c gorliwie s\u0142u\u017cy\u0107 Bogu, ale inaczej &#8211; w inn\u0105 stron\u0119 skierowuje swoj\u0105 gorliwo\u015b\u0107, swoj\u0105 energi\u0119 \u017cyciow\u0105, sw\u00f3j entuzjazm. <\/p>\n<p>Proponuj\u0119 dzi\u015b postawi\u0107 sobie pytanie &#8211; w czym ja jestem gorliwy, co robi\u0119 z entuzjazmem? Mo\u017ce ta moja energia, m\u00f3j entuzjazm, nakierowane s\u0105 na jakie\u015b ma\u0142o wa\u017cne sprawy? Mo\u017ce Pan B\u00f3g chce ode mnie czego\u015b innego? Mo\u017ce trzeba troch\u0119 przekierowa\u0107 swoje zainteresowania, swoj\u0105 aktywno\u015b\u0107, swoj\u0105 gorliwo\u015b\u0107. Pomy\u015blmy, ka\u017cdy nad sob\u0105 &#8211; gdzie kieruj\u0119 swoj\u0105 gorliwo\u015b\u0107, aktywno\u015b\u0107, energi\u0119 \u017cyciow\u0105? Czy to jest rzeczywi\u015bcie najwa\u017cniejsze i czy tego chce Pan B\u00f3g? <\/p>\n<p>Druga my\u015bl &#8211; Pawe\u0142 jest cz\u0142owiekiem podr\u00f3\u017cy, ruchu. Nawr\u00f3cenie spotyka go w drodze do Damaszku, on ci\u0105gle chodzi, je\u017adzi, jest ci\u0105gle w ruchu. Potem te\u017c jako Aposto\u0142 Jezusa odbywa swoje podr\u00f3\u017ce misyjne. Swoj\u0105 drog\u0105 to by\u0142 jeden z argument\u00f3w, nazwania parafii w Nojabrsku jego imieniem. Tu trzeba du\u017co je\u017adzi\u0107, du\u017co podr\u00f3\u017cowa\u0107. Wczoraj zaprosili mnie ludzie do Nowego Urengoja, raz w \u017cyciu tam by\u0142em, ale dot\u0105d tam katolik\u00f3w nie zna\u0142em, okazuje si\u0119 \u017ce s\u0105. To miasto jest oddalone od Nojabrska jeszcze ok. 500 km. Na p\u00f3\u0142noc, to ju\u017c jest prawie ko\u0142o podbiegunowe. Od Surgutu to jest 760 km. na p\u00f3\u0142noc. To te\u017c nale\u017cy do okr\u0119gu gdzie jest Nojabrsk, do Jamalsko-Nienieckiego Autonomicznego Okr\u0119gu, a wi\u0119c te\u017c do parafii \u015aw. Paw\u0142a. Podr\u00f3\u017c, ruch, to co\u015b czego uczy nas Pawe\u0142 &#8211; wsta\u0107 z kanapy, walczy\u0107 z lenistwem, to co\u015b czego uczy nas Pawe\u0142. <\/p>\n<p>Czy nie jeste\u015bmy zbyt zasiedzia\u0142ymi, leniwymi aposto\u0142ami Jezusa? <\/p>\n<p>Ka\u017cdy kierowca wie, \u017ce \u017ceby kierowa\u0107 samochodem, \u017ceby on np. skr\u0119ci\u0142, to trzeba \u017ceby jecha\u0142. Je\u015bli w stoj\u0105cym samochodzie b\u0119dziemy kr\u0119ci\u0107 kierownic\u0105 to nic nie da. Ka\u017cdy na Syberii wie, \u017ce \u017ceby wyprowadzi\u0107 samoch\u00f3d z po\u015blizgu (je\u015bli nie ma tylnego nap\u0119du, ale ma\u0142o teraz samochod\u00f3w ma) trzeba nacisn\u0105\u0107 gaz a nie hamulec. <\/p>\n<p>Tak i w naszym \u017cyciu. \u017beby kierowa\u0107 \u017cyciem, \u017ceby co\u015b zmienia\u0107, \u017ceby wyj\u015b\u0107 z po\u015blizgu trzeba nacisn\u0105\u0107 gaz, trzeba przyspieszy\u0107, wtedy \u0142atwiej jest manewrowa\u0107 i co\u015b naprawi\u0107. Tego uczy nas bardzo aktywny i ci\u0105gle w drodze \u015bw. Pawe\u0142. <\/p>\n<p>I jeszcze jedno. Sp\u00f3jrzmy na dialog Paw\u0142a z Jezusem, albo lepiej Jezusa z Paw\u0142em:<\/p>\n<p>\u201eSzawle, Szawle, dlaczego Mnie prze\u015bladujesz?\u201d Odpowiedzia\u0142em: \u201eKto jeste\u015b, Panie\u201d. Rzek\u0142 do mnie: \u201eJa jestem Jezus Nazarejczyk, kt\u00f3rego ty prze\u015bladujesz\u201d. Towarzysze za\u015b moi widzieli \u015bwiat\u0142o, ale g\u0142osu, kt\u00f3ry do mnie m\u00f3wi\u0142, nie s\u0142yszeli. Powiedzia\u0142em wi\u0119c: \u201eCo mam czyni\u0107, Panie?\u201d A Pan powiedzia\u0142 do mnie: \u201eWsta\u0144, id\u017a do Damaszku, tam ci powiedz\u0105 wszystko, co masz czyni\u0107\u201d.<\/p>\n<p>Spr\u00f3bujmy dzi\u015b na modlitwie zapyta\u0107 &#8211; Kto jeste\u015b, Panie? <\/p>\n<p>Pan odpowie &#8211; Ja jestem Jezus Nazarejczyk, kt\u00f3rego ty \u2026<\/p>\n<p>Jak Jezus zako\u0144czy to zdanie? Kt\u00f3rego ty\u2026? <\/p>\n<p>Zadaj Jezusowi pytanie: Co mam czyni\u0107, Panie?<\/p>\n<p>Spr\u00f3buj ws\u0142ucha\u0107 si\u0119 w Jego odpowied\u017a &#8211; co mam czyni\u0107, Panie? <\/p>\n<p>Spr\u00f3bujmy tak dzi\u015b poby\u0107 na modlitwie, na adoracji, z takimi pytaniami\u2026<\/p>\n<p>Pami\u0119tajmy w modlitwie o papie\u017cu w Franciszku i m\u0142odzie\u017cy w Panamie, pami\u0119tajmy te\u017c o modlitwie o jedno\u015b\u0107 chrze\u015bcijan. Dzi\u015b ko\u0144czy si\u0119 tydzie\u0144 modlitw. <\/p>\n<p>I pami\u0119tajcie, prosz\u0119, w modlitwie o mnie i mojej parafii. <\/p>\n<p>Niech Was b\u0142ogos\u0142awi B\u00f3g Wszechmog\u0105cy, Ojciec + i Syn i Duch \u015awi\u0119ty. Amen. <\/p>\n<p>Z Bogiem!<\/p>\n<table align=\"center\" cellpadding=\"0\" cellspacing=\"0\" class=\"tr-caption-container\" style=\"margin-left: auto; margin-right: auto; text-align: center;\">\n<tbody>\n<tr>\n<td style=\"text-align: center;\"><a href=\"https:\/\/gaudiumetspes-blog.pl\/wp-content\/uploads\/2019\/01\/IMG_5888-1024x768.jpg\" imageanchor=\"1\" style=\"margin-left: auto; margin-right: auto;\"><img loading=\"lazy\" decoding=\"async\" border=\"0\" data-original-height=\"1200\" data-original-width=\"1600\" height=\"240\" src=\"https:\/\/gaudiumetspes-blog.pl\/wp-content\/uploads\/2019\/01\/IMG_5888-1024x768.jpg\" width=\"320\" \/><\/a><\/td>\n<\/tr>\n<tr>\n<td class=\"tr-caption\" style=\"text-align: center;\">Witra\u017c w Nojabrsku<\/td>\n<\/tr>\n<\/tbody>\n<\/table>\n<p>Ni\u017cej &#8211; kawa\u0142ek wczorajszej drogi do Nojabrska<\/p>\n<table cellpadding=\"0\" cellspacing=\"0\" class=\"tr-caption-container\" style=\"margin-left: auto; margin-right: auto; text-align: center;\">\n<tbody>\n<tr>\n<td style=\"text-align: center;\">\n<div class=\"separator\" style=\"clear: both; text-align: center;\">\n<\/div>\n<p><a href=\"https:\/\/gaudiumetspes-blog.pl\/wp-content\/uploads\/2019\/01\/IMG_5890-768x1024.jpg\" imageanchor=\"1\" style=\"clear: left; margin-bottom: 1em; margin-left: auto; margin-right: auto;\"><img loading=\"lazy\" decoding=\"async\" border=\"0\" data-original-height=\"1280\" data-original-width=\"960\" height=\"320\" src=\"https:\/\/gaudiumetspes-blog.pl\/wp-content\/uploads\/2019\/01\/IMG_5890-768x1024.jpg\" width=\"240\" \/><\/a><\/td>\n<\/tr>\n<tr>\n<td class=\"tr-caption\" style=\"text-align: center;\">Kol\u0119da wczoraj w Nojabrsku<\/p>\n<div class=\"separator\" style=\"clear: both; text-align: center;\">\n<\/div>\n<\/td>\n<\/tr>\n<\/tbody>\n<\/table>\n<p><\/p>\n","protected":false},"excerpt":{"rendered":"<p>(Dz 22, 3-16) Pawe\u0142 powiedzia\u0142 do ludu: &#8222;Ja jestem \u017bydem, urodzonym w Tarsie w Cylicji. Wychowa\u0142em si\u0119 jednak w tym mie\u015bcie, u st\u00f3p Gamaliela otrzyma\u0142em staranne wykszta\u0142cenie w Prawie ojczystym. Gorliwie s\u0142u\u017cy\u0142em Bogu, jak wy wszyscy dzisiaj s\u0142u\u017cycie. Prze\u015bladowa\u0142em t\u0119 drog\u0119, g\u0142osuj\u0105c nawet za kar\u0105 \u015bmierci, wi\u0105\u017c\u0105c i wtr\u0105caj\u0105c do wi\u0119zienia m\u0119\u017cczyzn i kobiety, co [&hellip;]<\/p>\n","protected":false},"author":1,"featured_media":0,"comment_status":"open","ping_status":"open","sticky":false,"template":"","format":"standard","meta":{"jetpack_post_was_ever_published":false,"_jetpack_newsletter_access":"","_jetpack_dont_email_post_to_subs":false,"_jetpack_newsletter_tier_id":0,"_jetpack_memberships_contains_paywalled_content":false,"_jetpack_memberships_contains_paid_content":false,"footnotes":""},"categories":[1],"tags":[],"class_list":["post-14712","post","type-post","status-publish","format-standard","hentry","category-bez-kategorii"],"yoast_head":"<!-- This site is optimized with the Yoast SEO plugin v25.1 - https:\/\/yoast.com\/wordpress\/plugins\/seo\/ -->\n<title>Ja jestem Jezus Nazarejczyk, kt\u00f3rego ty... - Gaudium Et Spes<\/title>\n<meta name=\"robots\" content=\"index, follow, max-snippet:-1, max-image-preview:large, max-video-preview:-1\" \/>\n<link rel=\"canonical\" href=\"https:\/\/gaudiumetspes-blog.pl\/index.php\/2019\/01\/25\/ja-jestem-jezus-nazarejczyk-ktorego-ty\/\" \/>\n<meta property=\"og:locale\" content=\"pl_PL\" \/>\n<meta property=\"og:type\" content=\"article\" \/>\n<meta property=\"og:title\" content=\"Ja jestem Jezus Nazarejczyk, kt\u00f3rego ty... - Gaudium Et Spes\" \/>\n<meta property=\"og:description\" content=\"(Dz 22, 3-16) Pawe\u0142 powiedzia\u0142 do ludu: &#8222;Ja jestem \u017bydem, urodzonym w Tarsie w Cylicji. Wychowa\u0142em si\u0119 jednak w tym mie\u015bcie, u st\u00f3p Gamaliela otrzyma\u0142em staranne wykszta\u0142cenie w Prawie ojczystym. Gorliwie s\u0142u\u017cy\u0142em Bogu, jak wy wszyscy dzisiaj s\u0142u\u017cycie. Prze\u015bladowa\u0142em t\u0119 drog\u0119, g\u0142osuj\u0105c nawet za kar\u0105 \u015bmierci, wi\u0105\u017c\u0105c i wtr\u0105caj\u0105c do wi\u0119zienia m\u0119\u017cczyzn i kobiety, co [&hellip;]\" \/>\n<meta property=\"og:url\" content=\"https:\/\/gaudiumetspes-blog.pl\/index.php\/2019\/01\/25\/ja-jestem-jezus-nazarejczyk-ktorego-ty\/\" \/>\n<meta property=\"og:site_name\" content=\"Gaudium Et Spes\" \/>\n<meta property=\"article:published_time\" content=\"2019-01-25T05:02:00+00:00\" \/>\n<meta property=\"article:modified_time\" content=\"2019-07-31T10:59:19+00:00\" \/>\n<meta property=\"og:image\" content=\"https:\/\/gaudiumetspes-blog.pl\/wp-content\/uploads\/2019\/01\/38971193905_45b1c3d6c2_o.jpg\" \/>\n<meta name=\"author\" content=\"Ks. Jacek\" \/>\n<meta name=\"twitter:card\" content=\"summary_large_image\" \/>\n<meta name=\"twitter:label1\" content=\"Napisane przez\" \/>\n\t<meta name=\"twitter:data1\" content=\"Ks. Jacek\" \/>\n\t<meta name=\"twitter:label2\" content=\"Szacowany czas czytania\" \/>\n\t<meta name=\"twitter:data2\" content=\"7 minut\" \/>\n<script type=\"application\/ld+json\" class=\"yoast-schema-graph\">{\"@context\":\"https:\/\/schema.org\",\"@graph\":[{\"@type\":\"WebPage\",\"@id\":\"https:\/\/gaudiumetspes-blog.pl\/index.php\/2019\/01\/25\/ja-jestem-jezus-nazarejczyk-ktorego-ty\/\",\"url\":\"https:\/\/gaudiumetspes-blog.pl\/index.php\/2019\/01\/25\/ja-jestem-jezus-nazarejczyk-ktorego-ty\/\",\"name\":\"Ja jestem Jezus Nazarejczyk, kt\u00f3rego ty... - Gaudium Et Spes\",\"isPartOf\":{\"@id\":\"https:\/\/gaudiumetspes-blog.pl\/#website\"},\"primaryImageOfPage\":{\"@id\":\"https:\/\/gaudiumetspes-blog.pl\/index.php\/2019\/01\/25\/ja-jestem-jezus-nazarejczyk-ktorego-ty\/#primaryimage\"},\"image\":{\"@id\":\"https:\/\/gaudiumetspes-blog.pl\/index.php\/2019\/01\/25\/ja-jestem-jezus-nazarejczyk-ktorego-ty\/#primaryimage\"},\"thumbnailUrl\":\"https:\/\/gaudiumetspes-blog.pl\/wp-content\/uploads\/2019\/01\/38971193905_45b1c3d6c2_o.jpg\",\"datePublished\":\"2019-01-25T05:02:00+00:00\",\"dateModified\":\"2019-07-31T10:59:19+00:00\",\"author\":{\"@id\":\"https:\/\/gaudiumetspes-blog.pl\/#\/schema\/person\/1661982992b752dea8dff0d4ed845a65\"},\"breadcrumb\":{\"@id\":\"https:\/\/gaudiumetspes-blog.pl\/index.php\/2019\/01\/25\/ja-jestem-jezus-nazarejczyk-ktorego-ty\/#breadcrumb\"},\"inLanguage\":\"pl-PL\",\"potentialAction\":[{\"@type\":\"ReadAction\",\"target\":[\"https:\/\/gaudiumetspes-blog.pl\/index.php\/2019\/01\/25\/ja-jestem-jezus-nazarejczyk-ktorego-ty\/\"]}]},{\"@type\":\"ImageObject\",\"inLanguage\":\"pl-PL\",\"@id\":\"https:\/\/gaudiumetspes-blog.pl\/index.php\/2019\/01\/25\/ja-jestem-jezus-nazarejczyk-ktorego-ty\/#primaryimage\",\"url\":\"https:\/\/gaudiumetspes-blog.pl\/wp-content\/uploads\/2019\/01\/38971193905_45b1c3d6c2_o.jpg\",\"contentUrl\":\"https:\/\/gaudiumetspes-blog.pl\/wp-content\/uploads\/2019\/01\/38971193905_45b1c3d6c2_o.jpg\"},{\"@type\":\"BreadcrumbList\",\"@id\":\"https:\/\/gaudiumetspes-blog.pl\/index.php\/2019\/01\/25\/ja-jestem-jezus-nazarejczyk-ktorego-ty\/#breadcrumb\",\"itemListElement\":[{\"@type\":\"ListItem\",\"position\":1,\"name\":\"Strona g\u0142\u00f3wna\",\"item\":\"https:\/\/gaudiumetspes-blog.pl\/\"},{\"@type\":\"ListItem\",\"position\":2,\"name\":\"Ja jestem Jezus Nazarejczyk, kt\u00f3rego&nbsp;ty&#8230;\"}]},{\"@type\":\"WebSite\",\"@id\":\"https:\/\/gaudiumetspes-blog.pl\/#website\",\"url\":\"https:\/\/gaudiumetspes-blog.pl\/\",\"name\":\"Gaudium Et Spes\",\"description\":\"Blog Ks. Jacka Ja\u015bkowskiego\",\"potentialAction\":[{\"@type\":\"SearchAction\",\"target\":{\"@type\":\"EntryPoint\",\"urlTemplate\":\"https:\/\/gaudiumetspes-blog.pl\/?s={search_term_string}\"},\"query-input\":{\"@type\":\"PropertyValueSpecification\",\"valueRequired\":true,\"valueName\":\"search_term_string\"}}],\"inLanguage\":\"pl-PL\"},{\"@type\":\"Person\",\"@id\":\"https:\/\/gaudiumetspes-blog.pl\/#\/schema\/person\/1661982992b752dea8dff0d4ed845a65\",\"name\":\"Ks. Jacek\",\"image\":{\"@type\":\"ImageObject\",\"inLanguage\":\"pl-PL\",\"@id\":\"https:\/\/gaudiumetspes-blog.pl\/#\/schema\/person\/image\/\",\"url\":\"https:\/\/gaudiumetspes-blog.pl\/wp-content\/uploads\/2019\/07\/avatar-JJ-150x150.jpg\",\"contentUrl\":\"https:\/\/gaudiumetspes-blog.pl\/wp-content\/uploads\/2019\/07\/avatar-JJ-150x150.jpg\",\"caption\":\"Ks. Jacek\"},\"description\":\"Witam serdecznie! K\u0142ania si\u0119 Ks. Jacek Ja\u015bkowski. Nie jestem ani kim\u015b wa\u017cnym, ani kim\u015b znanym. Jestem ksi\u0119dzem, kt\u00f3ry po prostu chce rozmawia\u0107. Codzienna kap\u0142a\u0144ska pos\u0142uga pokazuje mi, \u017ce temat\u00f3w do rozm\u00f3w z ksi\u0119dzem jest coraz wi\u0119cej i dzisiaj \u017caden ksi\u0105dz nie mo\u017ce od nich ucieka\u0107, ale - wprost przeciwnie - podejmowa\u0107 nowe wyzwania. To przekonanie sk\u0142oni\u0142o mnie do pr\u00f3by otwarcia tego\u017c bloga, chocia\u017c okazji do rozm\u00f3w na co dzie\u0144 - w konfesjonale i poza nim - na szcz\u0119\u015bcie nie brakuje. My\u015bl\u0119 jednak, \u017ce ten blog b\u0119dzie jeszcze jednym sposobem i przestrzeni\u0105 nawi\u0105zania kontaktu z lud\u017ami dobrej woli, otwartymi na dialog.\",\"url\":\"https:\/\/gaudiumetspes-blog.pl\/index.php\/author\/ks-jacek\/\"}]}<\/script>\n<!-- \/ Yoast SEO plugin. -->","yoast_head_json":{"title":"Ja jestem Jezus Nazarejczyk, kt\u00f3rego ty... - Gaudium Et Spes","robots":{"index":"index","follow":"follow","max-snippet":"max-snippet:-1","max-image-preview":"max-image-preview:large","max-video-preview":"max-video-preview:-1"},"canonical":"https:\/\/gaudiumetspes-blog.pl\/index.php\/2019\/01\/25\/ja-jestem-jezus-nazarejczyk-ktorego-ty\/","og_locale":"pl_PL","og_type":"article","og_title":"Ja jestem Jezus Nazarejczyk, kt\u00f3rego ty... - Gaudium Et Spes","og_description":"(Dz 22, 3-16) Pawe\u0142 powiedzia\u0142 do ludu: &#8222;Ja jestem \u017bydem, urodzonym w Tarsie w Cylicji. Wychowa\u0142em si\u0119 jednak w tym mie\u015bcie, u st\u00f3p Gamaliela otrzyma\u0142em staranne wykszta\u0142cenie w Prawie ojczystym. Gorliwie s\u0142u\u017cy\u0142em Bogu, jak wy wszyscy dzisiaj s\u0142u\u017cycie. Prze\u015bladowa\u0142em t\u0119 drog\u0119, g\u0142osuj\u0105c nawet za kar\u0105 \u015bmierci, wi\u0105\u017c\u0105c i wtr\u0105caj\u0105c do wi\u0119zienia m\u0119\u017cczyzn i kobiety, co [&hellip;]","og_url":"https:\/\/gaudiumetspes-blog.pl\/index.php\/2019\/01\/25\/ja-jestem-jezus-nazarejczyk-ktorego-ty\/","og_site_name":"Gaudium Et Spes","article_published_time":"2019-01-25T05:02:00+00:00","article_modified_time":"2019-07-31T10:59:19+00:00","og_image":[{"url":"https:\/\/gaudiumetspes-blog.pl\/wp-content\/uploads\/2019\/01\/38971193905_45b1c3d6c2_o.jpg","type":"","width":"","height":""}],"author":"Ks. Jacek","twitter_card":"summary_large_image","twitter_misc":{"Napisane przez":"Ks. Jacek","Szacowany czas czytania":"7 minut"},"schema":{"@context":"https:\/\/schema.org","@graph":[{"@type":"WebPage","@id":"https:\/\/gaudiumetspes-blog.pl\/index.php\/2019\/01\/25\/ja-jestem-jezus-nazarejczyk-ktorego-ty\/","url":"https:\/\/gaudiumetspes-blog.pl\/index.php\/2019\/01\/25\/ja-jestem-jezus-nazarejczyk-ktorego-ty\/","name":"Ja jestem Jezus Nazarejczyk, kt\u00f3rego ty... - Gaudium Et Spes","isPartOf":{"@id":"https:\/\/gaudiumetspes-blog.pl\/#website"},"primaryImageOfPage":{"@id":"https:\/\/gaudiumetspes-blog.pl\/index.php\/2019\/01\/25\/ja-jestem-jezus-nazarejczyk-ktorego-ty\/#primaryimage"},"image":{"@id":"https:\/\/gaudiumetspes-blog.pl\/index.php\/2019\/01\/25\/ja-jestem-jezus-nazarejczyk-ktorego-ty\/#primaryimage"},"thumbnailUrl":"https:\/\/gaudiumetspes-blog.pl\/wp-content\/uploads\/2019\/01\/38971193905_45b1c3d6c2_o.jpg","datePublished":"2019-01-25T05:02:00+00:00","dateModified":"2019-07-31T10:59:19+00:00","author":{"@id":"https:\/\/gaudiumetspes-blog.pl\/#\/schema\/person\/1661982992b752dea8dff0d4ed845a65"},"breadcrumb":{"@id":"https:\/\/gaudiumetspes-blog.pl\/index.php\/2019\/01\/25\/ja-jestem-jezus-nazarejczyk-ktorego-ty\/#breadcrumb"},"inLanguage":"pl-PL","potentialAction":[{"@type":"ReadAction","target":["https:\/\/gaudiumetspes-blog.pl\/index.php\/2019\/01\/25\/ja-jestem-jezus-nazarejczyk-ktorego-ty\/"]}]},{"@type":"ImageObject","inLanguage":"pl-PL","@id":"https:\/\/gaudiumetspes-blog.pl\/index.php\/2019\/01\/25\/ja-jestem-jezus-nazarejczyk-ktorego-ty\/#primaryimage","url":"https:\/\/gaudiumetspes-blog.pl\/wp-content\/uploads\/2019\/01\/38971193905_45b1c3d6c2_o.jpg","contentUrl":"https:\/\/gaudiumetspes-blog.pl\/wp-content\/uploads\/2019\/01\/38971193905_45b1c3d6c2_o.jpg"},{"@type":"BreadcrumbList","@id":"https:\/\/gaudiumetspes-blog.pl\/index.php\/2019\/01\/25\/ja-jestem-jezus-nazarejczyk-ktorego-ty\/#breadcrumb","itemListElement":[{"@type":"ListItem","position":1,"name":"Strona g\u0142\u00f3wna","item":"https:\/\/gaudiumetspes-blog.pl\/"},{"@type":"ListItem","position":2,"name":"Ja jestem Jezus Nazarejczyk, kt\u00f3rego&nbsp;ty&#8230;"}]},{"@type":"WebSite","@id":"https:\/\/gaudiumetspes-blog.pl\/#website","url":"https:\/\/gaudiumetspes-blog.pl\/","name":"Gaudium Et Spes","description":"Blog Ks. Jacka Ja\u015bkowskiego","potentialAction":[{"@type":"SearchAction","target":{"@type":"EntryPoint","urlTemplate":"https:\/\/gaudiumetspes-blog.pl\/?s={search_term_string}"},"query-input":{"@type":"PropertyValueSpecification","valueRequired":true,"valueName":"search_term_string"}}],"inLanguage":"pl-PL"},{"@type":"Person","@id":"https:\/\/gaudiumetspes-blog.pl\/#\/schema\/person\/1661982992b752dea8dff0d4ed845a65","name":"Ks. Jacek","image":{"@type":"ImageObject","inLanguage":"pl-PL","@id":"https:\/\/gaudiumetspes-blog.pl\/#\/schema\/person\/image\/","url":"https:\/\/gaudiumetspes-blog.pl\/wp-content\/uploads\/2019\/07\/avatar-JJ-150x150.jpg","contentUrl":"https:\/\/gaudiumetspes-blog.pl\/wp-content\/uploads\/2019\/07\/avatar-JJ-150x150.jpg","caption":"Ks. Jacek"},"description":"Witam serdecznie! K\u0142ania si\u0119 Ks. Jacek Ja\u015bkowski. Nie jestem ani kim\u015b wa\u017cnym, ani kim\u015b znanym. Jestem ksi\u0119dzem, kt\u00f3ry po prostu chce rozmawia\u0107. Codzienna kap\u0142a\u0144ska pos\u0142uga pokazuje mi, \u017ce temat\u00f3w do rozm\u00f3w z ksi\u0119dzem jest coraz wi\u0119cej i dzisiaj \u017caden ksi\u0105dz nie mo\u017ce od nich ucieka\u0107, ale - wprost przeciwnie - podejmowa\u0107 nowe wyzwania. To przekonanie sk\u0142oni\u0142o mnie do pr\u00f3by otwarcia tego\u017c bloga, chocia\u017c okazji do rozm\u00f3w na co dzie\u0144 - w konfesjonale i poza nim - na szcz\u0119\u015bcie nie brakuje. My\u015bl\u0119 jednak, \u017ce ten blog b\u0119dzie jeszcze jednym sposobem i przestrzeni\u0105 nawi\u0105zania kontaktu z lud\u017ami dobrej woli, otwartymi na dialog.","url":"https:\/\/gaudiumetspes-blog.pl\/index.php\/author\/ks-jacek\/"}]}},"jetpack_featured_media_url":"","jetpack_sharing_enabled":true,"_links":{"self":[{"href":"https:\/\/gaudiumetspes-blog.pl\/index.php\/wp-json\/wp\/v2\/posts\/14712","targetHints":{"allow":["GET"]}}],"collection":[{"href":"https:\/\/gaudiumetspes-blog.pl\/index.php\/wp-json\/wp\/v2\/posts"}],"about":[{"href":"https:\/\/gaudiumetspes-blog.pl\/index.php\/wp-json\/wp\/v2\/types\/post"}],"author":[{"embeddable":true,"href":"https:\/\/gaudiumetspes-blog.pl\/index.php\/wp-json\/wp\/v2\/users\/1"}],"replies":[{"embeddable":true,"href":"https:\/\/gaudiumetspes-blog.pl\/index.php\/wp-json\/wp\/v2\/comments?post=14712"}],"version-history":[{"count":1,"href":"https:\/\/gaudiumetspes-blog.pl\/index.php\/wp-json\/wp\/v2\/posts\/14712\/revisions"}],"predecessor-version":[{"id":14907,"href":"https:\/\/gaudiumetspes-blog.pl\/index.php\/wp-json\/wp\/v2\/posts\/14712\/revisions\/14907"}],"wp:attachment":[{"href":"https:\/\/gaudiumetspes-blog.pl\/index.php\/wp-json\/wp\/v2\/media?parent=14712"}],"wp:term":[{"taxonomy":"category","embeddable":true,"href":"https:\/\/gaudiumetspes-blog.pl\/index.php\/wp-json\/wp\/v2\/categories?post=14712"},{"taxonomy":"post_tag","embeddable":true,"href":"https:\/\/gaudiumetspes-blog.pl\/index.php\/wp-json\/wp\/v2\/tags?post=14712"}],"curies":[{"name":"wp","href":"https:\/\/api.w.org\/{rel}","templated":true}]}}