{"id":14717,"date":"2019-01-20T06:16:00","date_gmt":"2019-01-20T05:16:00","guid":{"rendered":"https:\/\/gaudiumetspes-blog.pl\/index.php\/2019\/01\/20\/oddac-inicjatywe-jezusowi\/"},"modified":"2019-07-31T12:59:14","modified_gmt":"2019-07-31T10:59:14","slug":"oddac-inicjatywe-jezusowi","status":"publish","type":"post","link":"https:\/\/gaudiumetspes-blog.pl\/index.php\/2019\/01\/20\/oddac-inicjatywe-jezusowi\/","title":{"rendered":"Odda\u0107 inicjatyw\u0119 Jezusowi!"},"content":{"rendered":"<p><\/p>\n<div align=\"justify\" style=\"font-weight: normal; line-height: 150%; margin-bottom: 0cm;\">\n<span style=\"color: black;\"><span style=\"font-family: Book Antiqua, serif;\"><span style=\"font-size: x-large;\">Niech<br \/>\nb\u0119dzie pochwalony Jezus Chrystus! Moi Drodzy, w dniu dzisiejszym<br \/>\n<b>imieniny prze\u017cywaj\u0105:<\/b><\/span><\/span><\/span><\/div>\n<div align=\"justify\" style=\"line-height: 150%; margin-bottom: 0cm;\">\n<span style=\"color: black; font-size: x-large;\">\u2013<br \/>\n<span style=\"font-family: Book Antiqua, serif;\"><b>Ojciec<br \/>\nSebastian Wi\u015bniewski, oblat, Prze\u0142o\u017cony Wsp\u00f3lnoty zakonnej w<br \/>\nKodniu;<\/b><\/span><\/span><\/div>\n<div align=\"justify\" style=\"line-height: 150%; margin-bottom: 0cm;\">\n<span style=\"color: black; font-size: x-large;\">\u2013<br \/>\n<span style=\"font-family: Book Antiqua, serif;\"><b>Sebastian<br \/>\nKarczewski, m\u00f3j znajomy Redaktor \u201eNaszego Dziennika\u201d;<\/b><\/span><\/span><\/div>\n<div align=\"justify\" style=\"line-height: 150%; margin-bottom: 0cm;\">\n<span style=\"color: black; font-size: x-large;\">\u2013<br \/>\n<span style=\"font-family: Book Antiqua, serif;\"><b>Sebastian<br \/>\nKucharski, za moich czas\u00f3w \u2013 Lektor w Celestynowie.<\/b><\/span><\/span><\/div>\n<div align=\"justify\" style=\"background: transparent; line-height: 150%; margin-bottom: 0cm; page-break-before: auto; text-indent: 1.3cm;\">\n<span style=\"color: black;\"><span style=\"font-family: Book Antiqua, serif;\"><span style=\"font-size: x-large;\"><b>\u017bycz\u0119<br \/>\nSolenizantom nieustannej, stale wzmacniaj\u0105cej si\u0119 \u2013 wi\u0119zi z<br \/>\nJezusem! Zapewniam o modlitwie.<\/b><\/span><\/span><\/span><\/div>\n<div align=\"justify\" style=\"background: transparent; font-weight: normal; line-height: 150%; margin-bottom: 0cm; text-indent: 1.3cm;\">\n<span style=\"color: black;\"><span style=\"font-family: Book Antiqua, serif;\"><span style=\"font-size: x-large;\">A<br \/>\nWszystkim \u017cycz\u0119 pi\u0119knie prze\u017cytej niedzieli! <b>Niech Was<br \/>\nb\u0142ogos\u0142awi B\u00f3g Wszechmog\u0105cy: Ojciec + i Syn, i Duch \u015awi\u0119ty.<br \/>\nAmen<\/b><\/span><\/span><\/span><\/div>\n<div align=\"center\" style=\"font-weight: normal; line-height: 150%; margin-bottom: 0cm;\">\n<span style=\"color: black;\"><span style=\"font-family: Book Antiqua, serif;\"><span style=\"font-size: x-large;\">Gaudium<br \/>\net spes!  Ks. Jacek<\/span><\/span><\/span><\/div>\n<div align=\"justify\" style=\"line-height: 150%; margin-bottom: 0cm;\">\n<span style=\"font-size: x-large;\"><\/p>\n<p><\/span><\/div>\n<div align=\"justify\" style=\"line-height: 150%; margin-bottom: 0cm;\">\n<span style=\"color: black;\"><span style=\"font-family: Book Antiqua, serif;\"><span style=\"font-size: x-large;\"><b>2<br \/>\nNiedziela zwyk\u0142a, C,<\/b><\/span><\/span><\/span><\/div>\n<div align=\"justify\" style=\"line-height: 150%; margin-bottom: 0cm;\">\n<span style=\"color: black;\"><span style=\"font-family: Book Antiqua, serif;\"><span style=\"font-size: x-large;\"><b>do<br \/>\nczyta\u0144:  Iz 62,1\u20135;  1 Kor 12,4\u201311;  J 2,1\u201312<\/b><\/span><\/span><\/span><\/div>\n<div align=\"justify\" style=\"line-height: 150%; margin-bottom: 0cm;\">\n<span style=\"font-size: x-large;\"><\/p>\n<p><\/span><\/div>\n<div align=\"justify\" style=\"font-style: normal; font-variant: normal; letter-spacing: normal; line-height: 150%; margin-bottom: 0cm; page-break-before: auto;\">\n<span style=\"color: black;\"><span style=\"font-family: Book Antiqua, serif;\"><span style=\"font-size: x-large;\"><b>CZYTANIE<br \/>\nZ KSI\u0118GI PROROKA IZAJASZA:<\/b><\/span><\/span><\/span><\/div>\n<div align=\"justify\" style=\"background: transparent; font-style: normal; font-variant: normal; letter-spacing: normal; line-height: 150%; margin-bottom: 0cm; page-break-before: auto; text-indent: 1.3cm;\">\n<span style=\"font-size: x-large;\"><span style=\"color: black;\"><span style=\"font-family: Book Antiqua, serif;\"><b>Przez<br \/>\nwzgl\u0105d na Syjon nie umilkn\u0119, przez wzgl\u0105d na Jerozolim\u0119 nie<br \/>\nspoczn\u0119, dop\u00f3ki jej sprawiedliwo\u015b\u0107 nie b\u0142y\u015bnie jak zorza i<br \/>\nzbawienie jej nie zap\u0142onie jak pochodnia. <\/b><\/span><\/span><br \/>\n<\/span><\/div>\n<div align=\"justify\" style=\"background: transparent; font-style: normal; font-variant: normal; letter-spacing: normal; line-height: 150%; margin-bottom: 0cm; text-indent: 1.3cm;\">\n<span style=\"font-size: x-large;\"><span style=\"color: black;\"><span style=\"font-family: Book Antiqua, serif;\"><b>W\u00f3wczas<br \/>\nnarody ujrz\u0105 tw\u0105 sprawiedliwo\u015b\u0107 i chwa\u0142\u0119 twoj\u0105 wszyscy<br \/>\nkr\u00f3lowie. I nazw\u0105 ci\u0119 nowym imieniem, kt\u00f3re usta Pana oznacz\u0105. <\/b><\/span><\/span><br \/>\n<\/span><\/div>\n<div align=\"justify\" style=\"background: transparent; font-style: normal; font-variant: normal; letter-spacing: normal; line-height: 150%; margin-bottom: 0cm; text-indent: 1.3cm;\">\n<span style=\"font-size: x-large;\"><span style=\"color: black;\"><span style=\"font-family: Book Antiqua, serif;\"><b>B\u0119dziesz<br \/>\nprze\u015bliczn\u0105 koron\u0105 w r\u0119kach Pana, kr\u00f3lewskim diademem w d\u0142oni<br \/>\ntwego Boga. <\/b><\/span><\/span><br \/>\n<\/span><\/div>\n<div align=\"justify\" style=\"background: transparent; font-style: normal; font-variant: normal; letter-spacing: normal; line-height: 150%; margin-bottom: 0cm; text-indent: 1.3cm;\">\n<span style=\"font-size: x-large;\"><span style=\"color: black;\"><span style=\"font-family: Book Antiqua, serif;\"><b>Nie<br \/>\nb\u0119d\u0105 wi\u0119cej m\u00f3wi\u0107 o tobie \u201ePorzucona\u201d, o krainie twej ju\u017c<br \/>\nnie powiedz\u0105 \u201eSpustoszona\u201d. Raczej ci\u0119 nazw\u0105 \u201eMoje w niej<br \/>\nupodobanie\u201d, a krain\u0119 twoj\u0105 \u201ePo\u015blubiona\u201d. Albowiem<br \/>\nspodoba\u0142a\u015b si\u0119 Panu i twoja kraina otrzyma m\u0119\u017ca. <\/b><\/span><\/span><br \/>\n<\/span><\/div>\n<div align=\"justify\" style=\"background: transparent; line-height: 150%; margin-bottom: 0cm; text-indent: 1.3cm;\">\n<span style=\"font-size: x-large;\"><span style=\"color: black;\"><span style=\"font-family: Book Antiqua, serif;\"><b><span style=\"font-variant: normal;\"><span style=\"letter-spacing: normal;\"><span style=\"font-style: normal;\">Bo<br \/>\njak m\u0142odzieniec po\u015blubia dziewic\u0119, tak tw\u00f3j Budowniczy ciebie<br \/>\npo\u015blubi, i jak oblubieniec weseli si\u0119 z oblubienicy, tak B\u00f3g tw\u00f3j<br \/>\ntob\u0105 si\u0119 rozraduje.<\/span><\/span><\/span> <\/b><\/span><\/span><br \/>\n<\/span><\/div>\n<div align=\"justify\" style=\"line-height: 150%; margin-bottom: 0cm;\">\n<span style=\"font-size: x-large;\"><\/p>\n<p><\/span><\/div>\n<div align=\"justify\" style=\"font-style: normal; font-variant: normal; letter-spacing: normal; line-height: 150%; margin-bottom: 0cm;\">\n<span style=\"color: black;\"><span style=\"font-family: Book Antiqua, serif;\"><span style=\"font-size: x-large;\"><b>CZYTANIE<br \/>\nZ PIERWSZEGO LISTU \u015aWI\u0118TEGO PAW\u0141A APOSTO\u0141A DO KORYNTIAN:<\/b><\/span><\/span><\/span><\/div>\n<div align=\"justify\" style=\"background: transparent; font-style: normal; font-variant: normal; letter-spacing: normal; line-height: 150%; margin-bottom: 0cm; page-break-before: auto; text-indent: 1.3cm;\">\n<span style=\"font-size: x-large;\"><span style=\"color: black;\"><span style=\"font-family: Book Antiqua, serif;\"><b>Bracia:<br \/>\nR\u00f3\u017cne s\u0105 dary \u0142aski, lecz ten sam Duch; r\u00f3\u017cne te\u017c s\u0105 rodzaje<br \/>\npos\u0142ugiwania, ale jeden Pan; r\u00f3\u017cne s\u0105 wreszcie dzia\u0142ania, lecz<br \/>\nten sam B\u00f3g, sprawca wszystkiego we wszystkim. <\/b><\/span><\/span><br \/>\n<\/span><\/div>\n<div align=\"justify\" style=\"background: transparent; font-style: normal; font-variant: normal; letter-spacing: normal; line-height: 150%; margin-bottom: 0cm; text-indent: 1.3cm;\">\n<span style=\"font-size: x-large;\"><span style=\"color: black;\"><span style=\"font-family: Book Antiqua, serif;\"><b>Wszystkim<br \/>\nza\u015b objawia si\u0119 Duch dla wsp\u00f3lnego dobra. Jednemu dany jest przez<br \/>\nDucha dar m\u0105dro\u015bci s\u0142owa, drugiemu umiej\u0119tno\u015b\u0107 poznawania<br \/>\nwed\u0142ug tego samego Ducha, innemu jeszcze dar wiary w tym\u017ce Duchu,<br \/>\ninnemu \u0142aska uzdrawiania przez tego samego Ducha, innemu dar<br \/>\nczynienia cud\u00f3w, innemu proroctwo, innemu rozpoznawanie duch\u00f3w,<br \/>\ninnemu dar j\u0119zyk\u00f3w i wreszcie innemu \u0142aska t\u0142umaczenia j\u0119zyk\u00f3w.<br \/>\n<\/b><\/span><\/span><br \/>\n<\/span><\/div>\n<div align=\"justify\" style=\"background: transparent; line-height: 150%; margin-bottom: 0cm; text-indent: 1.3cm;\">\n<span style=\"font-size: x-large;\"><span style=\"color: black;\"><span style=\"font-family: Book Antiqua, serif;\"><b><span style=\"font-variant: normal;\"><span style=\"letter-spacing: normal;\"><span style=\"font-style: normal;\">Wszystko<br \/>\nza\u015b sprawia jeden i ten sam Duch, udzielaj\u0105c ka\u017cdemu tak, jak<br \/>\nchce.<\/span><\/span><\/span> <\/b><\/span><\/span><br \/>\n<\/span><\/div>\n<div align=\"justify\" style=\"line-height: 150%; margin-bottom: 0cm;\">\n<span style=\"font-size: x-large;\"><\/p>\n<p><\/span><\/div>\n<div align=\"justify\" style=\"font-style: normal; font-variant: normal; letter-spacing: normal; line-height: 150%; margin-bottom: 0cm;\">\n<span style=\"color: black;\"><span style=\"font-family: Book Antiqua, serif;\"><span style=\"font-size: x-large;\"><b>S\u0141OWA<br \/>\nEWANGELII WED\u0141UG \u015aWI\u0118TEGO JANA:<\/b><\/span><\/span><\/span><\/div>\n<div align=\"justify\" style=\"background: transparent; font-style: normal; font-variant: normal; letter-spacing: normal; line-height: 150%; margin-bottom: 0cm; page-break-before: auto; text-indent: 1.3cm;\">\n<span style=\"font-size: x-large;\"><span style=\"color: black;\"><span style=\"font-family: Book Antiqua, serif;\"><b>W<br \/>\nKanie Galilejskiej odbywa\u0142o si\u0119 wesele i by\u0142a tam Matka Jezusa.<br \/>\nZaproszono na to wesele tak\u017ce Jezusa i Jego uczni\u00f3w. <\/b><\/span><\/span><br \/>\n<\/span><\/div>\n<div align=\"justify\" style=\"background: transparent; font-style: normal; font-variant: normal; letter-spacing: normal; line-height: 150%; margin-bottom: 0cm; text-indent: 1.3cm;\">\n<span style=\"color: black;\"><span style=\"font-family: Book Antiqua, serif;\"><span style=\"font-size: x-large;\"><b>A<br \/>\nkiedy zabrak\u0142o wina, Matka Jezusa m\u00f3wi da Niego: \u201eNie maj\u0105 ju\u017c<br \/>\nwina\u201d. Jezus Jej odpowiedzia\u0142: \u201eCzy\u017c to moja lub Twoja sprawa,<br \/>\nNiewiasto? Czy\u017c jeszcze nie nadesz\u0142a godzina moja?\u201d Wtedy Matka<br \/>\nJego powiedzia\u0142a do s\u0142ug: \u201eZr\u00f3bcie wszystko, cokolwiek wam<br \/>\npowie\u201d.<\/b><\/span><\/span><\/span><\/div>\n<div align=\"justify\" style=\"background: transparent; font-style: normal; font-variant: normal; letter-spacing: normal; line-height: 150%; margin-bottom: 0cm; text-indent: 1.3cm;\">\n<span style=\"color: black;\"><span style=\"font-family: Book Antiqua, serif;\"><span style=\"font-size: x-large;\"><b>Sta\u0142o<br \/>\nza\u015b tam sze\u015b\u0107 st\u0105gwi kamiennych przeznaczonych do \u017cydowskich<br \/>\noczyszcze\u0144, z kt\u00f3rych ka\u017cda mog\u0142a pomie\u015bci\u0107 dwie lub trzy<br \/>\nmiary. Rzek\u0142 do nich Jezus: \u201eNape\u0142nijcie st\u0105gwie wod\u0105\u201d. I<br \/>\nnape\u0142nili je a\u017c po brzegi. Potem do nich powiedzia\u0142:<br \/>\n\u201eZaczerpnijcie teraz i zanie\u015bcie staro\u015bcie weselnemu\u201d. Oni za\u015b<br \/>\nzanie\u015bli.<\/b><\/span><\/span><\/span><\/div>\n<div align=\"justify\" style=\"background: transparent; font-style: normal; font-variant: normal; letter-spacing: normal; line-height: 150%; margin-bottom: 0cm; text-indent: 1.3cm;\">\n<span style=\"color: black;\"><span style=\"font-family: Book Antiqua, serif;\"><span style=\"font-size: x-large;\"><b>A<br \/>\ngdy starosta weselny skosztowa\u0142 wody, kt\u00f3ra sta\u0142a si\u0119 winem \u2013<br \/>\nnie wiedzia\u0142 bowiem, sk\u0105d ono pochodzi, ale s\u0142udzy, kt\u00f3rzy<br \/>\nczerpali wod\u0119, wiedzieli \u2013 przywo\u0142a\u0142 pana m\u0142odego i powiedzia\u0142<br \/>\ndo niego: \u201eKa\u017cdy cz\u0142owiek stawia najpierw dobre wino, a gdy si\u0119<br \/>\nnapij\u0105, w\u00f3wczas gorsze. Ty zachowa\u0142e\u015b dobre wino a\u017c do tej<br \/>\npory\u201d.<\/b><\/span><\/span><\/span><\/div>\n<div align=\"justify\" style=\"background: transparent; font-style: normal; font-variant: normal; letter-spacing: normal; line-height: 150%; margin-bottom: 0cm; text-indent: 1.3cm;\">\n<span style=\"font-size: x-large;\"><span style=\"color: black;\"><span style=\"font-family: Book Antiqua, serif;\"><b>Taki<br \/>\nto pocz\u0105tek znak\u00f3w uczyni\u0142 Jezus w Kanie Galilejskiej. Objawi\u0142<br \/>\nswoj\u0105 chwa\u0142\u0119 i uwierzyli w Niego Jego uczniowie. <\/b><\/span><\/span><br \/>\n<\/span><\/div>\n<div align=\"justify\" style=\"background: transparent; font-style: normal; font-variant: normal; letter-spacing: normal; line-height: 150%; margin-bottom: 0cm; text-indent: 1.3cm;\">\n<span style=\"color: black;\"><span style=\"font-family: Book Antiqua, serif;\"><span style=\"font-size: x-large;\"><b>Nast\u0119pnie<br \/>\nOn, Jego Matka, bracia i uczniowie Jego udali si\u0119 do Kafarnaum,<br \/>\ngdzie pozostali kilka dni.<\/b><\/span><\/span><\/span><\/div>\n<div align=\"justify\" style=\"font-style: normal; font-variant: normal; font-weight: normal; letter-spacing: normal; line-height: 150%; margin-bottom: 0cm;\">\n<span style=\"font-size: x-large;\"><\/p>\n<p><\/span><\/div>\n<div align=\"justify\" style=\"background: transparent; font-style: normal; line-height: 150%; margin-bottom: 0cm; text-indent: 1.3cm;\">\n<span style=\"font-size: x-large;\"><span style=\"color: black;\"><span style=\"font-family: Book Antiqua, serif;\"><span style=\"font-variant: normal;\"><span style=\"letter-spacing: normal;\"><span style=\"font-weight: normal;\">Z<\/span><\/span><\/span><span style=\"font-variant: normal;\"><span style=\"letter-spacing: normal;\"><span style=\"font-weight: normal;\">auwa\u017cmy,<br \/>\n\u017ce w opisie wesela w Kanie Galilejskiej, jaki odnajdujemy dzi\u015b w<br \/>\nEwangelii wed\u0142ug \u015awi\u0119tego Jana, to Maryja <\/span><\/span><\/span><span style=\"font-variant: normal;\"><span style=\"letter-spacing: normal;\"><span style=\"font-weight: normal;\">pocz\u0105tkowo<\/span><\/span><\/span><span style=\"font-variant: normal;\"><span style=\"letter-spacing: normal;\"><span style=\"font-weight: normal;\"><br \/>\njest postaci\u0105 pierwszoplanow\u0105. Wszak s\u0142yszymy: <\/span><\/span><\/span><span style=\"font-variant: normal;\"><span style=\"letter-spacing: normal;\"><i><b>W<br \/>\nKanie Galilejskiej odbywa\u0142o si\u0119 wesele i by\u0142a tam Matka Jezusa.<br \/>\nZaproszono na to wesele tak\u017ce Jezusa i Jego uczni\u00f3w.<\/b><\/i><\/span><\/span><span style=\"font-variant: normal;\"><span style=\"letter-spacing: normal;\"><span style=\"font-weight: normal;\"><br \/>\n<\/span><\/span><\/span><span style=\"font-variant: normal;\"><span style=\"letter-spacing: normal;\"><span style=\"font-weight: normal;\">Najpierw<br \/>\njest wzmianka o Matce, potem o Jezusie. To tak, jakby nowo\u017ce\u0144cy<br \/>\npowiedzieli:<\/span><\/span><\/span><span style=\"font-variant: normal;\"><span style=\"letter-spacing: normal;\"><b><br \/>\n\u201e<\/b><\/span><\/span><span style=\"font-variant: normal;\"><span style=\"letter-spacing: normal;\"><b>Z<\/b><\/span><\/span><span style=\"font-variant: normal;\"><span style=\"letter-spacing: normal;\"><b>apraszamy<br \/>\nMaryj\u0119 z Synem\u201d.<\/b><\/span><\/span><span style=\"font-variant: normal;\"><span style=\"letter-spacing: normal;\"><span style=\"font-weight: normal;\"><br \/>\nAlbo: \u201e<\/span><\/span><\/span><span style=\"font-variant: normal;\"><span style=\"letter-spacing: normal;\"><span style=\"font-weight: normal;\">Z<\/span><\/span><\/span><span style=\"font-variant: normal;\"><span style=\"letter-spacing: normal;\"><span style=\"font-weight: normal;\">apraszamy<br \/>\nMaryj\u0119 z Dzie\u0107mi\u201d \u2013 je\u017celi uczni\u00f3w Jezusa uzna\u0107 za duchowe<br \/>\ndzieci <\/span><\/span><\/span><span style=\"font-variant: normal;\"><span style=\"letter-spacing: normal;\"><span style=\"font-weight: normal;\">Maryi.<br \/>\n<\/span><\/span><\/span><\/span><\/span><br \/>\n<\/span><\/div>\n<div align=\"justify\" style=\"background: transparent; font-style: normal; line-height: 150%; margin-bottom: 0cm; text-indent: 1.3cm;\">\n<span style=\"color: black;\"><span style=\"font-family: Book Antiqua, serif;\"><span style=\"font-size: x-large;\"><span style=\"font-variant: normal;\"><span style=\"letter-spacing: normal;\"><span style=\"font-weight: normal;\">Wiemy,<br \/>\n\u017ce je\u017celi zapraszamy jak\u0105\u015b rodzin\u0119, w kt\u00f3rej s\u0105 rodzice i<br \/>\ndoros\u0142e dzieci \u2013 kt\u00f3re mo\u017ce ju\u017c s\u0105 nawet usamodzielnione \u2013<br \/>\nto <\/span><\/span><\/span><span style=\"font-variant: normal;\"><span style=\"letter-spacing: normal;\"><b>ka\u017cdego<br \/>\nzapraszamy z osobna, <\/b><\/span><\/span><span style=\"font-variant: normal;\"><span style=\"letter-spacing: normal;\"><span style=\"font-weight: normal;\">a<br \/>\nnie \u201ematk\u0119 z dzie\u0107mi\u201d. Tymczasem, w odczytanym przed chwil\u0105<br \/>\nopisie wydarzenia, Jezus pozostaje wyra\u017anie jakby <\/span><\/span><\/span><span style=\"font-variant: normal;\"><span style=\"letter-spacing: normal;\"><b>ukryty<br \/>\nza swoj\u0105 Matk\u0105.<\/b><\/span><\/span><\/span><\/span><\/span><\/div>\n<div align=\"justify\" style=\"background: transparent; font-style: normal; line-height: 150%; margin-bottom: 0cm; text-indent: 1.3cm;\">\n<span style=\"font-size: x-large;\"><span style=\"color: black;\"><span style=\"font-family: Book Antiqua, serif;\"><span style=\"font-variant: normal;\"><span style=\"letter-spacing: normal;\"><span style=\"font-weight: normal;\">Tak\u017ce<br \/>\nwtedy, kiedy \u2013 w\u0142a\u015bnie! \u2013 to Ona spostrzeg\u0142a: <\/span><\/span><\/span><span style=\"font-variant: normal;\"><span style=\"letter-spacing: normal;\"><i><b>Nie<br \/>\nmaj\u0105 ju\u017c wina.<\/b><\/i><\/span><\/span><span style=\"font-variant: normal;\"><span style=\"letter-spacing: normal;\"><span style=\"font-weight: normal;\"><br \/>\n<\/span><\/span><\/span><span style=\"font-variant: normal;\"><span style=\"letter-spacing: normal;\"><span style=\"font-weight: normal;\">Co<br \/>\nciekawe, Jezus w pierwszej reakcji jakby w og\u00f3le nie chcia\u0142 si\u0119 t\u0105<br \/>\nspraw\u0105 zaj\u0105\u0107, jakby powiedzia\u0142: <\/span><\/span><\/span><span style=\"font-variant: normal;\"><span style=\"letter-spacing: normal;\"><b>\u201eMatko,<br \/>\ndaj mi spok\u00f3j,<\/b><\/span><\/span><span style=\"font-variant: normal;\"><span style=\"letter-spacing: normal;\"><span style=\"font-weight: normal;\"><br \/>\nJa tu jestem prywatnie, chc\u0119 si\u0119 wyluzowa\u0107, zabawi\u0107, w zwi\u0105zku z<br \/>\nczym ca\u0142y ten problem to nie moja sprawa\u201d. My\u015bl\u0119, \u017ce tak<br \/>\nw\u0142a\u015bnie mo\u017cna by zrozumie\u0107 stwierdzenie: <\/span><\/span><\/span><span style=\"font-variant: normal;\"><span style=\"letter-spacing: normal;\"><i><b>Czy\u017c<br \/>\nto moja lub Twoja sprawa, Niewiasto? Czy\u017c jeszcze nie nadesz\u0142a<br \/>\ngodzina moja?<\/b><\/i><\/span><\/span><span style=\"font-variant: normal;\"><span style=\"letter-spacing: normal;\"><span style=\"font-weight: normal;\"><br \/>\n<\/span><\/span><\/span><\/span><\/span><br \/>\n<\/span><\/div>\n<div align=\"justify\" style=\"background: transparent; font-style: normal; line-height: 150%; margin-bottom: 0cm; text-indent: 1.3cm;\">\n<span style=\"font-size: x-large;\"><span style=\"color: black;\"><span style=\"font-family: Book Antiqua, serif;\"><span style=\"font-variant: normal;\"><span style=\"letter-spacing: normal;\"><span style=\"font-weight: normal;\">W<br \/>\ninnym t\u0142umaczeniu, to nieco niejasne zdanie \u2013 zw\u0142aszcza drugie \u2013<br \/>\nju\u017c brzmi logiczniej i bardziej zrozumiale: <\/span><\/span><\/span><span style=\"font-variant: normal;\"><span style=\"letter-spacing: normal;\"><i><b>Kobieto,<br \/>\nczy to nale\u017cy do mnie lub do Ciebie? Jeszcze nie nadesz\u0142a godzina<br \/>\nmoja.<\/b><\/i><\/span><\/span><span style=\"font-variant: normal;\"><span style=\"letter-spacing: normal;\"><span style=\"font-weight: normal;\"><br \/>\nDrugie zdanie jest tutaj zdaniem twierdz\u0105cym, nie pytaj\u0105cym.<br \/>\nDlatego mo\u017cemy zrozumie\u0107 to tak w\u0142a\u015bnie, \u017ce Jezus <\/span><\/span><\/span><span style=\"font-variant: normal;\"><span style=\"letter-spacing: normal;\"><b>jakby<br \/>\nod\u017cegnuje si\u0119<\/b><\/span><\/span><span style=\"font-variant: normal;\"><span style=\"letter-spacing: normal;\"><span style=\"font-weight: normal;\"><br \/>\nod ca\u0142ej sprawy. <\/span><\/span><\/span><\/span><\/span><br \/>\n<\/span><\/div>\n<div align=\"justify\" style=\"background: transparent; font-style: normal; line-height: 150%; margin-bottom: 0cm; text-indent: 1.3cm;\">\n<span style=\"font-size: x-large;\"><span style=\"color: black;\"><span style=\"font-family: Book Antiqua, serif;\"><span style=\"font-variant: normal;\"><span style=\"letter-spacing: normal;\"><span style=\"font-weight: normal;\">Ale<br \/>\nMaryja \u201enie odpuszcza\u201d i pomimo takiej, a nie innej odpowiedzi<br \/>\nswego Syna, wydaje polecenie s\u0142ugom: <\/span><\/span><\/span><span style=\"font-variant: normal;\"><span style=\"letter-spacing: normal;\"><i><b>Zr\u00f3bcie<br \/>\nwszystko, cokolwiek wam powie.<\/b><\/i><\/span><\/span><span style=\"font-variant: normal;\"><span style=\"letter-spacing: normal;\"><b><br \/>\n<\/b><\/span><\/span><span style=\"font-variant: normal;\"><span style=\"letter-spacing: normal;\"><span style=\"font-weight: normal;\">Zauwa\u017cmy,<br \/>\n\u017ce do tego momentu inicjatywa by\u0142a po stronie Maryi, Jezus si\u0119 w<br \/>\nog\u00f3le nie uzewn\u0119trznia\u0142. A nawet jakby wzbrania\u0142. <\/span><\/span><\/span><span style=\"font-variant: normal;\"><span style=\"letter-spacing: normal;\"><span style=\"font-weight: normal;\">W<br \/>\ntym jednak momencie \u2013<\/span><\/span><\/span><span style=\"font-variant: normal;\"><span style=\"letter-spacing: normal;\"><span style=\"font-weight: normal;\"><br \/>\n<\/span><\/span><\/span><span style=\"font-variant: normal;\"><span style=\"letter-spacing: normal;\"><span style=\"font-weight: normal;\">to<br \/>\n<\/span><\/span><\/span><span style=\"font-variant: normal;\"><span style=\"letter-spacing: normal;\"><b>On<br \/>\nprzejmuje inicjatyw\u0119,<\/b><\/span><\/span><span style=\"font-variant: normal;\"><span style=\"letter-spacing: normal;\"><span style=\"font-weight: normal;\"><br \/>\nzaczyna wydawa\u0107 polecenia, a o Maryi praktycznie ju\u017c nic nie<br \/>\ns\u0142yszymy, a\u017c dopiero w ostatnim zdaniu dowiadujemy si\u0119, \u017ce <\/span><\/span><\/span><span style=\"font-variant: normal;\"><span style=\"letter-spacing: normal;\"><span style=\"font-weight: normal;\">Jezus,<\/span><\/span><\/span><span style=\"font-variant: normal;\"><span style=\"letter-spacing: normal;\"><b><br \/>\n<\/b><\/span><\/span><span style=\"font-variant: normal;\"><span style=\"letter-spacing: normal;\"><i><b>Jego<br \/>\nMatka, bracia i uczniowie Jego udali si\u0119 do Kafarnaum, gdzie<\/b><\/i><\/span><\/span><span style=\"font-variant: normal;\"><span style=\"letter-spacing: normal;\"><b><br \/>\n<\/b><\/span><\/span><span style=\"font-variant: normal;\"><span style=\"letter-spacing: normal;\"><i><b>pozostali<br \/>\nkilka dni.<\/b><\/i><\/span><\/span><span style=\"font-variant: normal;\"><span style=\"letter-spacing: normal;\"><b><br \/>\n<\/b><\/span><\/span><span style=\"font-variant: normal;\"><span style=\"letter-spacing: normal;\"><span style=\"font-weight: normal;\">Jednak<br \/>\nto si\u0119 ju\u017c dzia\u0142o po weselu. Natomiast na samym weselu, <\/span><\/span><\/span><span style=\"font-variant: normal;\"><span style=\"letter-spacing: normal;\"><span style=\"font-weight: normal;\">ca\u0142\u0105<\/span><\/span><\/span><span style=\"font-variant: normal;\"><span style=\"letter-spacing: normal;\"><span style=\"font-weight: normal;\"><br \/>\ninicjatyw\u0119 przej\u0105\u0142 Jezus. <\/span><\/span><\/span><span style=\"font-variant: normal;\"><span style=\"letter-spacing: normal;\"><span style=\"font-weight: normal;\">I<br \/>\nco si\u0119 okaza\u0142o? <\/span><\/span><\/span><\/span><\/span><br \/>\n<\/span><\/div>\n<div align=\"justify\" style=\"background: transparent; font-style: normal; line-height: 150%; margin-bottom: 0cm; text-indent: 1.3cm;\">\n<span style=\"font-size: x-large;\"><span style=\"color: black;\"><span style=\"font-family: Book Antiqua, serif;\"><span style=\"font-variant: normal;\"><span style=\"letter-spacing: normal;\"><span style=\"font-weight: normal;\">Okaza\u0142o<br \/>\nsi\u0119, \u017ce<\/span><\/span><\/span><span style=\"font-variant: normal;\"><span style=\"letter-spacing: normal;\"><span style=\"font-weight: normal;\"><br \/>\nzaistnia\u0142y problem zosta\u0142 rozwi\u0105zany. A by\u0142 to <\/span><\/span><\/span><span style=\"font-variant: normal;\"><span style=\"letter-spacing: normal;\"><b>problem<br \/>\nniema\u0142y, <\/b><\/span><\/span><span style=\"font-variant: normal;\"><span style=\"letter-spacing: normal;\"><span style=\"font-weight: normal;\">chocia\u017c<br \/>\nmo\u017ce nam <\/span><\/span><\/span><span style=\"font-variant: normal;\"><span style=\"letter-spacing: normal;\"><span style=\"font-weight: normal;\">si\u0119<br \/>\n<\/span><\/span><\/span><span style=\"font-variant: normal;\"><span style=\"letter-spacing: normal;\"><span style=\"font-weight: normal;\">takim<br \/>\nnie wydaje, bo z naszej perspektywy fakt braku wina nie wygl\u0105da a\u017c<br \/>\ntak dramatycznie \u2013 zw\u0142aszcza, gdy dzisiaj s\u0142ycha\u0107 tu i \u00f3wdzie o<br \/>\n<\/span><\/span><\/span><span style=\"font-variant: normal;\"><span style=\"letter-spacing: normal;\"><b>odwa\u017cnych<br \/>\nparach,<\/b><\/span><\/span><span style=\"font-variant: normal;\"><span style=\"letter-spacing: normal;\"><span style=\"font-weight: normal;\"><br \/>\nkt\u00f3re swoje przyj\u0119cia weselne organizuj\u0105 <\/span><\/span><\/span><span style=\"font-variant: normal;\"><span style=\"letter-spacing: normal;\"><b>bez<br \/>\nalkoholu.<\/b><\/span><\/span><span style=\"font-variant: normal;\"><span style=\"letter-spacing: normal;\"><span style=\"font-weight: normal;\"><br \/>\n<\/span><\/span><\/span><\/span><\/span><br \/>\n<\/span><\/div>\n<div align=\"justify\" style=\"background: transparent; font-style: normal; line-height: 150%; margin-bottom: 0cm; text-indent: 1.3cm;\">\n<span style=\"font-size: x-large;\"><span style=\"color: black;\"><span style=\"font-family: Book Antiqua, serif;\"><span style=\"font-variant: normal;\"><span style=\"letter-spacing: normal;\"><span style=\"font-weight: normal;\">Tyle<br \/>\ntylko, \u017ce tamtejszy kontekst kulturowy wygl\u0105da\u0142 inaczej i taki<br \/>\nbrak wina m\u00f3g\u0142 <\/span><\/span><\/span><span style=\"font-variant: normal;\"><span style=\"letter-spacing: normal;\"><b>mocno<br \/>\nzaci\u0105\u017cy\u0107 na reputacji<\/b><\/span><\/span><span style=\"font-variant: normal;\"><span style=\"letter-spacing: normal;\"><span style=\"font-weight: normal;\"><br \/>\ndopiero co powsta\u0142ego ma\u0142\u017ce\u0144stwa \u2013 na d\u0142ugie lata. Dlatego<br \/>\nJezus przyszed\u0142 z pomoc\u0105. I rozwi\u0105za\u0142 problem. I to <\/span><\/span><\/span><span style=\"font-variant: normal;\"><span style=\"letter-spacing: normal;\"><b>bardzo<br \/>\nradykalnie rozwi\u0105za\u0142.<\/b><\/span><\/span><span style=\"font-variant: normal;\"><span style=\"letter-spacing: normal;\"><span style=\"font-weight: normal;\"><br \/>\nBo ze \u201estanu zerowego\u201d doprowadzi\u0142 do stanu znacz\u0105cej obfito\u015bci<br \/>\nwina, gdy\u017c gdyby owych sze\u015b\u0107 st\u0105gwi kamiennych mie\u015bci\u0142o po dwie<br \/>\nmiary, w\u00f3wczas \u0142\u0105cznie mieliby\u015bmy <\/span><\/span><\/span><span style=\"font-variant: normal;\"><span style=\"letter-spacing: normal;\"><b>trzysta<br \/>\nosiemdziesi\u0105t cztery litry,<\/b><\/span><\/span><span style=\"font-variant: normal;\"><span style=\"letter-spacing: normal;\"><span style=\"font-weight: normal;\"><br \/>\nale je\u015bli mie\u015bci\u0142y po trzy miary \u2013 gdy\u015b relacja Ewangelisty nie<br \/>\njest tu \u015bcis\u0142a \u2013 to ju\u017c wysz\u0142oby <\/span><\/span><\/span><span style=\"font-variant: normal;\"><span style=\"letter-spacing: normal;\"><b>pi\u0119\u0107set<br \/>\nsiedemdziesi\u0105t sze\u015b\u0107 litr\u00f3w!<\/b><\/span><\/span><span style=\"font-variant: normal;\"><span style=\"letter-spacing: normal;\"><span style=\"font-weight: normal;\"><br \/>\n<\/span><\/span><\/span><span style=\"font-variant: normal;\"><span style=\"letter-spacing: normal;\"><b>I<br \/>\nto przedniego wina! <\/b><\/span><\/span><\/span><\/span><br \/>\n<\/span><\/div>\n<div align=\"justify\" style=\"background: transparent; font-style: normal; line-height: 150%; margin-bottom: 0cm; text-indent: 1.3cm;\">\n<span style=\"font-size: x-large;\"><span style=\"color: black;\"><span style=\"font-family: Book Antiqua, serif;\"><span style=\"font-variant: normal;\"><span style=\"letter-spacing: normal;\"><span style=\"font-weight: normal;\">Bo<br \/>\nokaza\u0142o si\u0119 <\/span><\/span><\/span><span style=\"font-variant: normal;\"><span style=\"letter-spacing: normal;\"><span style=\"font-weight: normal;\">(<\/span><\/span><\/span><span style=\"font-variant: normal;\"><span style=\"letter-spacing: normal;\"><span style=\"font-weight: normal;\">jak<br \/>\ns\u0142yszeli\u015bmy z wypowiedzi starosty weselnego<\/span><\/span><\/span><span style=\"font-variant: normal;\"><span style=\"letter-spacing: normal;\"><span style=\"font-weight: normal;\">)<\/span><\/span><\/span><span style=\"font-variant: normal;\"><span style=\"letter-spacing: normal;\"><span style=\"font-weight: normal;\"><br \/>\n\u017ce tamto wcze\u015bniejsze, wobec tego od Jezusa, by\u0142o <\/span><\/span><\/span><span style=\"font-variant: normal;\"><span style=\"letter-spacing: normal;\"><span style=\"font-weight: normal;\">\u2013<\/span><\/span><\/span><span style=\"font-variant: normal;\"><span style=\"letter-spacing: normal;\"><span style=\"font-weight: normal;\"><br \/>\nm\u00f3wi\u0105c delikatnie \u2013 takie sobie\u2026 <\/span><\/span><\/span><span style=\"font-variant: normal;\"><span style=\"letter-spacing: normal;\"><span style=\"font-weight: normal;\">A<br \/>\nto znaczy, \u017ce <\/span><\/span><\/span><span style=\"font-variant: normal;\"><span style=\"letter-spacing: normal;\"><b>Jezus<br \/>\nnaprawd\u0119 problem rozwi\u0105za\u0142.<\/b><\/span><\/span><span style=\"font-variant: normal;\"><span style=\"letter-spacing: normal;\"><span style=\"font-weight: normal;\"><br \/>\nI to z naddatkiem. <\/span><\/span><\/span><\/span><\/span><br \/>\n<\/span><\/div>\n<div align=\"justify\" style=\"background: transparent; font-style: normal; line-height: 150%; margin-bottom: 0cm; text-indent: 1.3cm;\">\n<span style=\"color: black;\"><span style=\"font-family: Book Antiqua, serif;\"><span style=\"font-size: x-large;\"><span style=\"font-variant: normal;\"><span style=\"letter-spacing: normal;\"><span style=\"font-weight: normal;\">Je\u017celi<br \/>\njednak uwa\u017cnie i wnikliwie<\/span><\/span><\/span><span style=\"font-variant: normal;\"><span style=\"letter-spacing: normal;\"><span style=\"font-weight: normal;\"><br \/>\nspojrzymy na ca\u0142o\u015b\u0107 opisywanego wydarzenia, <\/span><\/span><\/span><span style=\"font-variant: normal;\"><span style=\"letter-spacing: normal;\"><span style=\"font-weight: normal;\">to<\/span><\/span><\/span><span style=\"font-variant: normal;\"><span style=\"letter-spacing: normal;\"><span style=\"font-weight: normal;\"><br \/>\nczy\u017c nie <\/span><\/span><\/span><span style=\"font-variant: normal;\"><span style=\"letter-spacing: normal;\"><span style=\"font-weight: normal;\">odniesiemy<\/span><\/span><\/span><span style=\"font-variant: normal;\"><span style=\"letter-spacing: normal;\"><span style=\"font-weight: normal;\"><br \/>\nwra\u017cenia, \u017ce to <\/span><\/span><\/span><span style=\"font-variant: normal;\"><span style=\"letter-spacing: normal;\"><b>tak\u017ce<br \/>\nMatka go rozwi\u0105za\u0142a?<\/b><\/span><\/span><span style=\"font-variant: normal;\"><span style=\"letter-spacing: normal;\"><span style=\"font-weight: normal;\"><br \/>\nI \u017ce mia\u0142a w tym znacz\u0105cy udzia\u0142? A przecie\u017c <\/span><\/span><\/span><span style=\"font-variant: normal;\"><span style=\"letter-spacing: normal;\"><span style=\"font-weight: normal;\">cudu<br \/>\ndokona\u0142<\/span><\/span><\/span><span style=\"font-variant: normal;\"><span style=\"letter-spacing: normal;\"><span style=\"font-weight: normal;\"><br \/>\nJezu<\/span><\/span><\/span><span style=\"font-variant: normal;\"><span style=\"letter-spacing: normal;\"><span style=\"font-weight: normal;\">s<\/span><\/span><\/span><span style=\"font-variant: normal;\"><span style=\"letter-spacing: normal;\"><span style=\"font-weight: normal;\">,<br \/>\nnie Matka\u2026<\/span><\/span><\/span><\/span><\/span><\/span><\/div>\n<div align=\"justify\" style=\"background: transparent; font-style: normal; line-height: 150%; margin-bottom: 0cm; text-indent: 1.3cm;\">\n<span style=\"font-size: x-large;\"><span style=\"color: black;\"><span style=\"font-family: Book Antiqua, serif;\"><span style=\"font-variant: normal;\"><span style=\"letter-spacing: normal;\"><span style=\"font-weight: normal;\">Tak,<br \/>\nale to od Niej wysz\u0142a inicjatywa, Ona zauwa\u017cy\u0142a problem <\/span><\/span><\/span><span style=\"font-variant: normal;\"><span style=\"letter-spacing: normal;\"><span style=\"font-weight: normal;\">\u2013<\/span><\/span><\/span><span style=\"font-variant: normal;\"><span style=\"letter-spacing: normal;\"><span style=\"font-weight: normal;\"><br \/>\n<\/span><\/span><\/span><span style=\"font-variant: normal;\"><span style=\"letter-spacing: normal;\"><span style=\"font-weight: normal;\">tyle,<br \/>\n\u017ce<\/span><\/span><\/span><span style=\"font-variant: normal;\"><span style=\"letter-spacing: normal;\"><span style=\"font-weight: normal;\"><br \/>\np\u00f3\u017aniej <\/span><\/span><\/span><span style=\"font-variant: normal;\"><span style=\"letter-spacing: normal;\"><b>przekaza\u0142a<br \/>\ninicjatyw\u0119 Jezusowi<\/b><\/span><\/span><span style=\"font-variant: normal;\"><span style=\"letter-spacing: normal;\"><span style=\"font-weight: normal;\"><br \/>\ni Jemu pozwoli\u0142a zadzia\u0142a\u0107. Maryja przekaza\u0142a inicjatyw\u0119<br \/>\nJezusowi, usun\u0119\u0142a si\u0119 na dalszy plan, nie pr\u00f3bowa\u0142a sob\u0105 Jezusa<br \/>\nprzes\u0142oni\u0107\u2026 <\/span><\/span><\/span><span style=\"font-variant: normal;\"><span style=\"letter-spacing: normal;\"><b>I<br \/>\nna tym wygra\u0142a!<\/b><\/span><\/span><span style=\"font-variant: normal;\"><span style=\"letter-spacing: normal;\"><span style=\"font-weight: normal;\"><br \/>\nI <\/span><\/span><\/span><span style=\"font-variant: normal;\"><span style=\"letter-spacing: normal;\"><span style=\"font-weight: normal;\">w<\/span><\/span><\/span><span style=\"font-variant: normal;\"><span style=\"letter-spacing: normal;\"><span style=\"font-weight: normal;\"><br \/>\ntym <\/span><\/span><\/span><span style=\"font-variant: normal;\"><span style=\"letter-spacing: normal;\"><span style=\"font-weight: normal;\">p<\/span><\/span><\/span><span style=\"font-variant: normal;\"><span style=\"letter-spacing: normal;\"><span style=\"font-weight: normal;\">okaza\u0142a<br \/>\nsi\u0119 ca\u0142a Jej wielko\u015b\u0107! <\/span><\/span><\/span><\/span><\/span><br \/>\n<\/span><\/div>\n<div align=\"justify\" style=\"background: transparent; font-style: normal; line-height: 150%; margin-bottom: 0cm; text-indent: 1.3cm;\">\n<span style=\"color: black;\"><span style=\"font-family: Book Antiqua, serif;\"><span style=\"font-size: x-large;\"><span style=\"font-variant: normal;\"><span style=\"letter-spacing: normal;\"><span style=\"font-weight: normal;\">Okazuje<br \/>\nsi\u0119 bowiem, moi Drodzy, \u017ce <\/span><\/span><\/span><span style=\"font-variant: normal;\"><span style=\"letter-spacing: normal;\"><b>prawdziwie<br \/>\nwielkim<\/b><\/span><\/span><span style=\"font-variant: normal;\"><span style=\"letter-spacing: normal;\"><span style=\"font-weight: normal;\"><br \/>\njest nie ten cz\u0142owiek, kt\u00f3ry o t\u0119 swoj\u0105 wielko\u015b\u0107 zabiega w<br \/>\nspos\u00f3b sztuczny i pompatyczny; kt\u00f3ry za wszelk\u0105 cen\u0119 <\/span><\/span><\/span><span style=\"font-variant: normal;\"><span style=\"letter-spacing: normal;\"><span style=\"font-weight: normal;\">kreuje<\/span><\/span><\/span><span style=\"font-variant: normal;\"><span style=\"letter-spacing: normal;\"><span style=\"font-weight: normal;\"><br \/>\nsw\u00f3j <\/span><\/span><\/span><span style=\"font-variant: normal;\"><span style=\"letter-spacing: normal;\"><span style=\"font-weight: normal;\">w\u0142asny<br \/>\n<\/span><\/span><\/span><span style=\"font-variant: normal;\"><span style=\"letter-spacing: normal;\"><span style=\"font-weight: normal;\">wizerunek<\/span><\/span><\/span><span style=\"font-variant: normal;\"><span style=\"letter-spacing: normal;\"><span style=\"font-weight: normal;\"><br \/>\ni opini\u0119 o sobie; kt\u00f3ry <\/span><\/span><\/span><span style=\"font-variant: normal;\"><span style=\"letter-spacing: normal;\"><b>sam<br \/>\ndla siebie jest autorytetem i punktem odniesienia <\/b><\/span><\/span><span style=\"font-variant: normal;\"><span style=\"letter-spacing: normal;\"><b>\u2013<\/b><\/span><\/span><span style=\"font-variant: normal;\"><span style=\"letter-spacing: normal;\"><span style=\"font-weight: normal;\"><br \/>\nale ten, kto inicjatyw\u0119 <\/span><\/span><\/span><span style=\"font-variant: normal;\"><span style=\"letter-spacing: normal;\"><span style=\"font-weight: normal;\">nad<\/span><\/span><\/span><span style=\"font-variant: normal;\"><span style=\"letter-spacing: normal;\"><span style=\"font-weight: normal;\"><br \/>\nswoim \u017cyci<\/span><\/span><\/span><span style=\"font-variant: normal;\"><span style=\"letter-spacing: normal;\"><span style=\"font-weight: normal;\">em<\/span><\/span><\/span><span style=\"font-variant: normal;\"><span style=\"letter-spacing: normal;\"><span style=\"font-weight: normal;\"><br \/>\noddaje w r\u0119ce Jezusa! Wtedy cz\u0142owiek okazuje si\u0119 wielki, a w jego<br \/>\n\u017cyciu \u2013 i w jego \u015bwiecie \u2013 panuje <\/span><\/span><\/span><span style=\"font-variant: normal;\"><span style=\"letter-spacing: normal;\"><b>porz\u0105dek<br \/>\ni harmonia.<\/b><\/span><\/span><\/span><\/span><\/span><\/div>\n<div align=\"justify\" style=\"background: transparent; font-style: normal; line-height: 150%; margin-bottom: 0cm; text-indent: 1.3cm;\">\n<span style=\"font-size: x-large;\"><span style=\"color: black;\"><span style=\"font-family: Book Antiqua, serif;\"><span style=\"font-variant: normal;\"><span style=\"letter-spacing: normal;\"><span style=\"font-weight: normal;\">Wszak<br \/>\ns\u0142yszymy dzisiaj, w drugim czytaniu, s\u0142owa Aposto\u0142a Paw\u0142a, i\u017c<br \/>\n<\/span><\/span><\/span><span style=\"font-variant: normal;\"><span style=\"letter-spacing: normal;\"><i><b>r<\/b><\/i><\/span><\/span><span style=\"font-variant: normal;\"><span style=\"letter-spacing: normal;\"><i><b>\u00f3\u017cne<br \/>\ns\u0105 dary \u0142aski, lecz ten sam Duch; r\u00f3\u017cne te\u017c s\u0105 rodzaje<br \/>\npos\u0142ugiwania, ale jeden Pan; r\u00f3\u017cne s\u0105 wreszcie dzia\u0142ania, lecz<br \/>\nten sam B\u00f3g, sprawca wszystkiego we wszystkim.<\/b><\/i><\/span><\/span><span style=\"font-variant: normal;\"><span style=\"letter-spacing: normal;\"><b><br \/>\n<\/b><\/span><\/span><span style=\"font-variant: normal;\"><span style=\"letter-spacing: normal;\"><span style=\"font-weight: normal;\">I<br \/>\npotem <\/span><\/span><\/span><span style=\"font-variant: normal;\"><span style=\"letter-spacing: normal;\"><span style=\"font-weight: normal;\">dowiadujemy<br \/>\nsi\u0119, \u017ce te<\/span><\/span><\/span><span style=\"font-variant: normal;\"><span style=\"letter-spacing: normal;\"><span style=\"font-weight: normal;\">n<\/span><\/span><\/span><span style=\"font-variant: normal;\"><span style=\"letter-spacing: normal;\"><span style=\"font-weight: normal;\"><br \/>\n<\/span><\/span><\/span><span style=\"font-variant: normal;\"><span style=\"letter-spacing: normal;\"><i><b>jeden<br \/>\nPan,<\/b><\/i><\/span><\/span><span style=\"font-variant: normal;\"><span style=\"letter-spacing: normal;\"><span style=\"font-weight: normal;\"><br \/>\nprzez swego Ducha, rozdziela r\u00f3\u017cne zadania i charyzmaty w swoim<br \/>\nKo\u015bciele. I tak, <\/span><\/span><\/span><span style=\"font-variant: normal;\"><span style=\"letter-spacing: normal;\"><i><b>j<\/b><\/i><\/span><\/span><span style=\"font-variant: normal;\"><span style=\"letter-spacing: normal;\"><i><b>ednemu<br \/>\ndany jest przez Ducha dar m\u0105dro\u015bci s\u0142owa,<\/b><\/i><\/span><\/span><span style=\"font-variant: normal;\"><span style=\"letter-spacing: normal;\"><b><br \/>\n<\/b><\/span><\/span><span style=\"font-variant: normal;\"><span style=\"letter-spacing: normal;\"><b>[\u2026]<\/b><\/span><\/span><span style=\"font-variant: normal;\"><span style=\"letter-spacing: normal;\"><b><br \/>\n<\/b><\/span><\/span><span style=\"font-variant: normal;\"><span style=\"letter-spacing: normal;\"><i><b>innemu<br \/>\ndar czynienia cud\u00f3w, innemu proroctwo, innemu rozpoznawanie duch\u00f3w,<br \/>\ninnemu dar j\u0119zyk\u00f3w i wreszcie innemu \u0142aska t\u0142umaczenia j\u0119zyk\u00f3w.<\/b><\/i><\/span><\/span><span style=\"font-variant: normal;\"><span style=\"letter-spacing: normal;\"><b><br \/>\n<\/b><\/span><\/span><span style=\"font-variant: normal;\"><span style=\"letter-spacing: normal;\"><span style=\"font-weight: normal;\">Po<br \/>\nczym<\/span><\/span><\/span><span style=\"font-variant: normal;\"><span style=\"letter-spacing: normal;\"><span style=\"font-weight: normal;\">,<br \/>\nPawe\u0142 podsumowuje to stwierdzeniem: <\/span><\/span><\/span><span style=\"font-variant: normal;\"><span style=\"letter-spacing: normal;\"><i><b>Wszystko<br \/>\nza\u015b sprawia jeden i ten sam Duch, udzielaj\u0105c ka\u017cdemu tak, jak<br \/>\nchce.<\/b><\/i><\/span><\/span><span style=\"font-variant: normal;\"><span style=\"letter-spacing: normal;\"><span style=\"font-weight: normal;\"><br \/>\n<\/span><\/span><\/span><\/span><\/span><br \/>\n<\/span><\/div>\n<div align=\"justify\" style=\"background: transparent; font-style: normal; line-height: 150%; margin-bottom: 0cm; text-indent: 1.3cm;\">\n<span style=\"font-size: x-large;\"><span style=\"color: black;\"><span style=\"font-family: Book Antiqua, serif;\"><span style=\"font-variant: normal;\"><span style=\"letter-spacing: normal;\"><span style=\"font-weight: normal;\">Zobaczmy,<br \/>\nm\u00f3wimy tu \u2013 z jednej strony \u2013 o wielkiej <\/span><\/span><\/span><span style=\"font-variant: normal;\"><span style=\"letter-spacing: normal;\"><b>r\u00f3\u017cnorodno\u015bci:<br \/>\n<\/b><\/span><\/span><span style=\"font-variant: normal;\"><span style=\"letter-spacing: normal;\"><span style=\"font-weight: normal;\">ka\u017cdy<br \/>\nma jaki\u015b inny dar i inne zadanie. Ale wszyscy tworz\u0105 wspania\u0142\u0105<br \/>\njedno\u015b\u0107 i pewn\u0105 kompletn\u0105 ca\u0142o\u015b\u0107. <\/span><\/span><\/span><span style=\"font-variant: normal;\"><span style=\"letter-spacing: normal;\"><b>Jedno\u015b\u0107<br \/>\n\u2013 w r\u00f3\u017cnorodno\u015bci.<\/b><\/span><\/span><span style=\"font-variant: normal;\"><span style=\"letter-spacing: normal;\"><span style=\"font-weight: normal;\"><br \/>\nDlaczego <\/span><\/span><\/span><span style=\"font-variant: normal;\"><span style=\"letter-spacing: normal;\"><span style=\"font-weight: normal;\">tak<br \/>\nsi\u0119 dzieje<\/span><\/span><\/span><span style=\"font-variant: normal;\"><span style=\"letter-spacing: normal;\"><span style=\"font-weight: normal;\">?<br \/>\nBo nad tym wszystkim jest <\/span><\/span><\/span><span style=\"font-variant: normal;\"><span style=\"letter-spacing: normal;\"><i><b>jeden<\/b><\/i><\/span><\/span><span style=\"font-variant: normal;\"><span style=\"letter-spacing: normal;\"><span style=\"font-weight: normal;\"><br \/>\n<\/span><\/span><\/span><span style=\"font-variant: normal;\"><span style=\"letter-spacing: normal;\"><i><b>Pan.<\/b><\/i><\/span><\/span><span style=\"font-variant: normal;\"><span style=\"letter-spacing: normal;\"><span style=\"font-weight: normal;\"><br \/>\nOn <\/span><\/span><\/span><span style=\"font-variant: normal;\"><span style=\"letter-spacing: normal;\"><span style=\"font-weight: normal;\">sam<br \/>\n<\/span><\/span><\/span><span style=\"font-variant: normal;\"><span style=\"letter-spacing: normal;\"><span style=\"font-weight: normal;\">kieruje<br \/>\n\u2013 przez swego Ducha. On jest pierwszy. Do Niego nale\u017cy inicjatywa.<br \/>\nUs\u0142yszmy jeszcze raz to zdanie: <\/span><\/span><\/span><span style=\"font-variant: normal;\"><span style=\"letter-spacing: normal;\"><i><b>Wszystko<br \/>\nza\u015b sprawia jeden i ten sam Duch, udzielaj\u0105c ka\u017cdemu tak, jak<br \/>\nchce.<\/b><\/i><\/span><\/span><span style=\"font-variant: normal;\"><span style=\"letter-spacing: normal;\"><b><br \/>\n<\/b><\/span><\/span><span style=\"font-variant: normal;\"><span style=\"letter-spacing: normal;\"><span style=\"font-weight: normal;\">Inicjatywa<br \/>\nwyra\u017anie jest po stronie Bo\u017cej. Ale jest te\u017c \u2013 skierowane do nas<br \/>\n\u2013 <\/span><\/span><\/span><span style=\"font-variant: normal;\"><span style=\"letter-spacing: normal;\"><b>zaproszenie<br \/>\ndo wsp\u00f3\u0142pracy. <\/b><\/span><\/span><\/span><\/span><br \/>\n<\/span><\/div>\n<div align=\"justify\" style=\"background: transparent; font-style: normal; line-height: 150%; margin-bottom: 0cm; text-indent: 1.3cm;\">\n<span style=\"font-size: x-large;\"><span style=\"color: black;\"><span style=\"font-family: Book Antiqua, serif;\"><span style=\"font-variant: normal;\"><span style=\"letter-spacing: normal;\"><span style=\"font-weight: normal;\">Bo<br \/>\nte wszystkie dary i charyzmaty nie zosta\u0142y <\/span><\/span><\/span><span style=\"font-variant: normal;\"><span style=\"letter-spacing: normal;\"><b>dane<br \/>\n<\/b><\/span><\/span><span style=\"font-variant: normal;\"><span style=\"letter-spacing: normal;\"><b>tylko<br \/>\npo to, by by\u0142y<\/b><\/span><\/span><span style=\"font-variant: normal;\"><span style=\"letter-spacing: normal;\"><b>,<\/b><\/span><\/span><span style=\"font-variant: normal;\"><span style=\"letter-spacing: normal;\"><span style=\"font-weight: normal;\"><br \/>\nale dla dobra wsp\u00f3lnoty Ko\u015bcio\u0142a. I dla budowania takiej <\/span><\/span><\/span><span style=\"font-variant: normal;\"><span style=\"letter-spacing: normal;\"><b>wi\u0119zi<br \/>\nz Bogiem,<\/b><\/span><\/span><span style=\"font-variant: normal;\"><span style=\"letter-spacing: normal;\"><span style=\"font-weight: normal;\"><br \/>\njakiej obraz rysuje przed nami Prorok Izajasz w pierwszym czytaniu,<br \/>\ngdzie wi\u0119\u017a t<\/span><\/span><\/span><span style=\"font-variant: normal;\"><span style=\"letter-spacing: normal;\"><span style=\"font-weight: normal;\">\u0119<\/span><\/span><\/span><span style=\"font-variant: normal;\"><span style=\"letter-spacing: normal;\"><span style=\"font-weight: normal;\"><br \/>\nukaz<\/span><\/span><\/span><span style=\"font-variant: normal;\"><span style=\"letter-spacing: normal;\"><span style=\"font-weight: normal;\">uje<\/span><\/span><\/span><span style=\"font-variant: normal;\"><span style=\"letter-spacing: normal;\"><span style=\"font-weight: normal;\"><br \/>\nna przyk\u0142adzie mi\u0142osnej <\/span><\/span><\/span><span style=\"font-variant: normal;\"><span style=\"letter-spacing: normal;\"><b>wi\u0119zi<br \/>\ndwojga ma\u0142\u017conk\u00f3w.<\/b><\/span><\/span><span style=\"font-variant: normal;\"><span style=\"letter-spacing: normal;\"><span style=\"font-weight: normal;\"><br \/>\nWszak us\u0142yszeli\u015bmy takie s\u0142owa: <\/span><\/span><\/span><span style=\"font-variant: normal;\"><span style=\"letter-spacing: normal;\"><i><b>Nie<br \/>\nb\u0119d\u0105 wi\u0119cej m\u00f3wi\u0107 o tobie \u201ePorzucona\u201d, o krainie twej ju\u017c<br \/>\nnie powiedz\u0105 \u201eSpustoszona\u201d. Raczej ci\u0119 nazw\u0105 \u201eMoje w niej<br \/>\nupodobanie\u201d, a krain\u0119 twoj\u0105 \u201ePo\u015blubiona\u201d. Albowiem<br \/>\nspodoba\u0142a\u015b si\u0119 Panu i twoja kraina otrzyma m\u0119\u017ca.<\/b><\/i><\/span><\/span><span style=\"font-variant: normal;\"><span style=\"letter-spacing: normal;\"><span style=\"font-weight: normal;\"><br \/>\n<\/span><\/span><\/span><\/span><\/span><br \/>\n<\/span><\/div>\n<div align=\"justify\" style=\"background: transparent; font-style: normal; line-height: 150%; margin-bottom: 0cm; text-indent: 1.3cm;\">\n<span style=\"font-size: x-large;\"><span style=\"color: black;\"><span style=\"font-family: Book Antiqua, serif;\"><span style=\"font-variant: normal;\"><span style=\"letter-spacing: normal;\"><span style=\"font-weight: normal;\">Moi<br \/>\nDrodzy, jak\u017ce nam dzisiaj potrzeba takiej harmonii, takiego<br \/>\nporz\u0105dku, takiego Bo\u017cego pokoju \u2013 <\/span><\/span><\/span><span style=\"font-variant: normal;\"><span style=\"letter-spacing: normal;\"><span style=\"font-weight: normal;\">najpierw<\/span><\/span><\/span><span style=\"font-variant: normal;\"><span style=\"letter-spacing: normal;\"><span style=\"font-weight: normal;\"><br \/>\n<\/span><\/span><\/span><span style=\"font-variant: normal;\"><span style=\"letter-spacing: normal;\"><b>w<\/b><\/span><\/span><span style=\"font-variant: normal;\"><span style=\"letter-spacing: normal;\"><b><br \/>\nnaszych rodzin<\/b><\/span><\/span><span style=\"font-variant: normal;\"><span style=\"letter-spacing: normal;\"><b>ach<\/b><\/span><\/span><span style=\"font-variant: normal;\"><span style=\"letter-spacing: normal;\"><b>,<\/b><\/span><\/span><span style=\"font-variant: normal;\"><span style=\"letter-spacing: normal;\"><span style=\"font-weight: normal;\"><br \/>\n<\/span><\/span><\/span><span style=\"font-variant: normal;\"><span style=\"letter-spacing: normal;\"><span style=\"font-weight: normal;\">ale<br \/>\n<\/span><\/span><\/span><span style=\"font-variant: normal;\"><span style=\"letter-spacing: normal;\"><span style=\"font-weight: normal;\">tak\u017ce<br \/>\nw naszych s\u0105siedztwach, w naszych lokalnych spo\u0142eczno\u015bciach. W<br \/>\nmiejscach nauki i pracy. Ile\u017c to razy rozmawiali\u015bmy <\/span><\/span><\/span><span style=\"font-variant: normal;\"><span style=\"letter-spacing: normal;\"><b>w<br \/>\nczasie wizyty duszpasterskiej,<\/b><\/span><\/span><span style=\"font-variant: normal;\"><span style=\"letter-spacing: normal;\"><span style=\"font-weight: normal;\"><br \/>\n\u017ce w tej czy innej spo\u0142eczno\u015bci \u2013 niestety, tak\u017ce: w tej czy<br \/>\ntamtej <\/span><\/span><\/span><span style=\"font-variant: normal;\"><span style=\"letter-spacing: normal;\"><b>rodzinie<\/b><\/span><\/span><span style=\"font-variant: normal;\"><span style=\"letter-spacing: normal;\"><span style=\"font-weight: normal;\"><br \/>\n\u2013 wszystko <\/span><\/span><\/span><span style=\"font-variant: normal;\"><span style=\"letter-spacing: normal;\"><b>\u201ena<br \/>\ng\u0142owie<\/b><\/span><\/span><span style=\"font-variant: normal;\"><span style=\"letter-spacing: normal;\"><span style=\"font-weight: normal;\"><br \/>\n<\/span><\/span><\/span><span style=\"font-variant: normal;\"><span style=\"letter-spacing: normal;\"><b>stoi\u201d!<br \/>\n<\/b><\/span><\/span><span style=\"font-variant: normal;\"><span style=\"letter-spacing: normal;\"><span style=\"font-weight: normal;\">Ba\u0142agan!<br \/>\nK\u0142\u00f3tnie! <\/span><\/span><\/span><span style=\"font-variant: normal;\"><span style=\"letter-spacing: normal;\"><span style=\"font-weight: normal;\">Zazdro\u015b\u0107!<br \/>\nJakie\u015b \u017cale i pretensje \u2013 i jeszcze \u017ceby kto\u015b wiedzia\u0142, o co?<br \/>\nNiekiedy, owszem, przywo\u0142uje si\u0119 jakie\u015b powody, jakie\u015b wydarzenia<br \/>\nz przesz\u0142o\u015bci, ale nieraz chodzi o bardzo odleg\u0142\u0105 przesz\u0142o\u015b\u0107.<br \/>\nInnym razem, o jakie\u015b <\/span><\/span><\/span><span style=\"font-variant: normal;\"><span style=\"letter-spacing: normal;\"><b>bie\u017c\u0105ce<br \/>\n\u201erachunki krzywd\u201d<\/b><\/span><\/span><span style=\"font-variant: normal;\"><span style=\"letter-spacing: normal;\"><span style=\"font-weight: normal;\"><br \/>\n\u2013 jaki m\u00f3wi poeta. Niestety, rzeczywisto\u015b\u0107 <\/span><\/span><\/span><span style=\"font-variant: normal;\"><span style=\"letter-spacing: normal;\"><span style=\"font-weight: normal;\">w<br \/>\n<\/span><\/span><\/span><span style=\"font-variant: normal;\"><span style=\"letter-spacing: normal;\"><span style=\"font-weight: normal;\">wielu<br \/>\nnaszych rodzin<\/span><\/span><\/span><span style=\"font-variant: normal;\"><span style=\"letter-spacing: normal;\"><span style=\"font-weight: normal;\">ach<\/span><\/span><\/span><span style=\"font-variant: normal;\"><span style=\"letter-spacing: normal;\"><span style=\"font-weight: normal;\"><br \/>\ni <\/span><\/span><\/span><span style=\"font-variant: normal;\"><span style=\"letter-spacing: normal;\"><span style=\"font-weight: normal;\">w<br \/>\n<\/span><\/span><\/span><span style=\"font-variant: normal;\"><span style=\"letter-spacing: normal;\"><span style=\"font-weight: normal;\">wielu<br \/>\nnaszych dom<\/span><\/span><\/span><span style=\"font-variant: normal;\"><span style=\"letter-spacing: normal;\"><span style=\"font-weight: normal;\">ach<\/span><\/span><\/span><span style=\"font-variant: normal;\"><span style=\"letter-spacing: normal;\"><span style=\"font-weight: normal;\"><br \/>\nbynajmniej <\/span><\/span><\/span><span style=\"font-variant: normal;\"><span style=\"letter-spacing: normal;\"><b>nie<br \/>\njest poe<\/b><\/span><\/span><span style=\"font-variant: normal;\"><span style=\"letter-spacing: normal;\"><b>zj<\/b><\/span><\/span><span style=\"font-variant: normal;\"><span style=\"letter-spacing: normal;\"><b>\u0105<\/b><\/span><\/span><span style=\"font-variant: normal;\"><span style=\"letter-spacing: normal;\"><b>.<\/b><\/span><\/span><span style=\"font-variant: normal;\"><span style=\"letter-spacing: normal;\"><span style=\"font-weight: normal;\"><br \/>\nI \u2013 jako \u017cywo \u2013 nie przypomina tej z pierwszego i drugiego<br \/>\ndzisiejszego czytania. A dlaczego? <\/span><\/span><\/span><\/span><\/span><br \/>\n<\/span><\/div>\n<div align=\"justify\" style=\"background: transparent; font-style: normal; line-height: 150%; margin-bottom: 0cm; text-indent: 1.3cm;\">\n<span style=\"font-size: x-large;\"><span style=\"color: black;\"><span style=\"font-family: Book Antiqua, serif;\"><span style=\"font-variant: normal;\"><span style=\"letter-spacing: normal;\"><span style=\"font-weight: normal;\">Nie<br \/>\nwnikaj\u0105c w szczeg\u00f3\u0142y konkretnych sytuacji, mo\u017cemy powiedzie\u0107, \u017ce<br \/>\n<\/span><\/span><\/span><span style=\"font-variant: normal;\"><span style=\"letter-spacing: normal;\"><b>wsp\u00f3lnym<br \/>\nmianownikiem<\/b><\/span><\/span><span style=\"font-variant: normal;\"><span style=\"letter-spacing: normal;\"><span style=\"font-weight: normal;\"><br \/>\nwszystkich \u2013 ale to dos\u0142ownie: <\/span><\/span><\/span><span style=\"font-variant: normal;\"><span style=\"letter-spacing: normal;\"><b>wszystkich<\/b><\/span><\/span><span style=\"font-variant: normal;\"><span style=\"letter-spacing: normal;\"><span style=\"font-weight: normal;\"><br \/>\n\u2013 <\/span><\/span><\/span><span style=\"font-variant: normal;\"><span style=\"letter-spacing: normal;\"><b>problem\u00f3w<\/b><\/span><\/span><span style=\"font-variant: normal;\"><span style=\"letter-spacing: normal;\"><span style=\"font-weight: normal;\"><br \/>\nw naszych rodzinach jest <\/span><\/span><\/span><span style=\"font-variant: normal;\"><span style=\"letter-spacing: normal;\"><b>brak<br \/>\nBoga!<\/b><\/span><\/span><span style=\"font-variant: normal;\"><span style=\"letter-spacing: normal;\"><span style=\"font-weight: normal;\"><br \/>\nTak najog\u00f3lniej m\u00f3wi\u0105c: brak Boga! A tak dok\u0142adniej: <\/span><\/span><\/span><span style=\"font-variant: normal;\"><span style=\"letter-spacing: normal;\"><b>umieszczenie<br \/>\nBoga na dalszym miejscu<\/b><\/span><\/span><span style=\"font-variant: normal;\"><span style=\"letter-spacing: normal;\"><span style=\"font-weight: normal;\"><br \/>\nw hierarchii swoich spraw, zamiast na pierwszym. Czyli \u2013<br \/>\nniezastosowanie si\u0119 do tego wzorca, jaki daje dzisiejsza Ewangelia. <\/span><\/span><\/span><\/span><\/span><br \/>\n<\/span><\/div>\n<div align=\"justify\" style=\"background: transparent; font-style: normal; line-height: 150%; margin-bottom: 0cm; text-indent: 1.3cm;\">\n<span style=\"font-size: x-large;\"><span style=\"color: black;\"><span style=\"font-family: Book Antiqua, serif;\"><span style=\"font-variant: normal;\"><span style=\"letter-spacing: normal;\"><span style=\"font-weight: normal;\">Powiedzmy<br \/>\nto jeszcze raz z ca\u0142\u0105 moc\u0105: <\/span><\/span><\/span><span style=\"font-variant: normal;\"><span style=\"letter-spacing: normal;\"><b>Maryja<br \/>\ndlatego wygra\u0142a<\/b><\/span><\/span><span style=\"font-variant: normal;\"><span style=\"letter-spacing: normal;\"><span style=\"font-weight: normal;\"><br \/>\nca\u0142\u0105 spraw\u0119, dlatego pomog\u0142a m\u0142odemu ma\u0142\u017ce\u0144stwu, ratuj\u0105c<br \/>\njego reputacj\u0119, a do tego sama okaza\u0142a swoj\u0105 wielko\u015b\u0107 i<br \/>\nniezwyk\u0142o\u015b\u0107 \u2013 \u017ce <\/span><\/span><\/span><span style=\"font-variant: normal;\"><span style=\"letter-spacing: normal;\"><b>odda\u0142a<br \/>\ninicjatyw\u0119 Jezusowi!<\/b><\/span><\/span><span style=\"font-variant: normal;\"><span style=\"letter-spacing: normal;\"><span style=\"font-weight: normal;\"><br \/>\nI tego w\u0142a\u015bnie, moi Drodzy, brakuje cz\u0119stokro\u0107 <\/span><\/span><\/span><span style=\"font-variant: normal;\"><span style=\"letter-spacing: normal;\"><span style=\"font-weight: normal;\">w<br \/>\nnaszych domach, w naszych rodzinach. O co konkretnie chodzi? <\/span><\/span><\/span><\/span><\/span><br \/>\n<\/span><\/div>\n<div align=\"justify\" style=\"background: transparent; font-style: normal; line-height: 150%; margin-bottom: 0cm; text-indent: 1.3cm;\">\n<span style=\"font-size: x-large;\"><span style=\"color: black;\"><span style=\"font-family: Book Antiqua, serif;\"><span style=\"font-variant: normal;\"><span style=\"letter-spacing: normal;\"><span style=\"font-weight: normal;\">A<br \/>\n<\/span><\/span><\/span><span style=\"font-variant: normal;\"><span style=\"letter-spacing: normal;\"><span style=\"font-weight: normal;\">chocia\u017cby<br \/>\n<\/span><\/span><\/span><span style=\"font-variant: normal;\"><span style=\"letter-spacing: normal;\"><span style=\"font-weight: normal;\">o<br \/>\nto pytanie, kt\u00f3re nieraz stawia\u0142em <\/span><\/span><\/span><span style=\"font-variant: normal;\"><span style=\"letter-spacing: normal;\"><span style=\"font-weight: normal;\">w<br \/>\ntrakcie wizyty duszpasterskiej<\/span><\/span><\/span><span style=\"font-variant: normal;\"><span style=\"letter-spacing: normal;\"><span style=\"font-weight: normal;\">:<br \/>\n<\/span><\/span><\/span><span style=\"font-variant: normal;\"><span style=\"letter-spacing: normal;\"><b>\u201eCzy<br \/>\nudaje si\u0119 Pa\u0144stwu dociera\u0107 na Msz\u0119 \u015awi\u0119t\u0105 w niedziel\u0119?\u201d<\/b><\/span><\/span><span style=\"font-variant: normal;\"><span style=\"letter-spacing: normal;\"><span style=\"font-weight: normal;\"><br \/>\nW odpowiedzi niemal\u017ce zawsze s\u0142ysza\u0142em: \u201eOczywi\u015bcie, chodzimy,<br \/>\nchodzimy\u201d\u2026 Ja jednak dr\u0105\u017cy\u0142em dalej: \u201eCzy <\/span><\/span><\/span><span style=\"font-variant: normal;\"><span style=\"letter-spacing: normal;\"><b>w<br \/>\nka\u017cd\u0105<\/b><\/span><\/span><span style=\"font-variant: normal;\"><span style=\"letter-spacing: normal;\"><span style=\"font-weight: normal;\"><br \/>\nniedziel\u0119?\u201d \u201eNie, no w ka\u017cd\u0105 to nie! W ka\u017cd\u0105 si\u0119 nie da,<br \/>\nbo\u2026\u201d \u2013 i tutaj zwykle nast\u0119powa\u0142a <\/span><\/span><\/span><span style=\"font-variant: normal;\"><span style=\"letter-spacing: normal;\"><b>lista<br \/>\nwielu powod\u00f3w,<\/b><\/span><\/span><span style=\"font-variant: normal;\"><span style=\"letter-spacing: normal;\"><span style=\"font-weight: normal;\"><br \/>\nkt\u00f3re mia\u0142y sprawia\u0107, \u017ce si\u0119 \u201enaprawd\u0119 nie da\u201d! Ale jak si\u0119<br \/>\ntak temat nieco poci\u0105gn\u0119\u0142o, to okazywa\u0142o si\u0119, \u017ce <\/span><\/span><\/span><span style=\"font-variant: normal;\"><span style=\"letter-spacing: normal;\"><b>cz\u0119sto<br \/>\nby si\u0119 da\u0142o \u2013 gdyby si\u0119 tylko chcia\u0142o. <\/b><\/span><\/span><span style=\"font-variant: normal;\"><span style=\"letter-spacing: normal;\"><span style=\"font-weight: normal;\">Albo<br \/>\ngdyby potraktowa\u0142o si\u0119 <\/span><\/span><\/span><span style=\"font-variant: normal;\"><span style=\"letter-spacing: normal;\"><b>spraw\u0119<br \/>\njako wa\u017cn\u0105. <\/b><\/span><\/span><\/span><\/span><br \/>\n<\/span><\/div>\n<div align=\"justify\" style=\"background: transparent; font-style: normal; line-height: 150%; margin-bottom: 0cm; text-indent: 1.3cm;\">\n<span style=\"color: black;\"><span style=\"font-family: Book Antiqua, serif;\"><span style=\"font-size: x-large;\"><span style=\"font-variant: normal;\"><span style=\"letter-spacing: normal;\"><span style=\"font-weight: normal;\">I<br \/>\no to w\u0142a\u015bnie, moi Drodzy, chodzi: my musimy t\u0119 spraw\u0119 <\/span><\/span><\/span><span style=\"font-variant: normal;\"><span style=\"letter-spacing: normal;\"><b>wreszcie<br \/>\npotraktowa\u0107 jako wa\u017cn\u0105: <\/b><\/span><\/span><span style=\"font-variant: normal;\"><span style=\"letter-spacing: normal;\"><span style=\"font-weight: normal;\">cz\u0142owiek<br \/>\nwierz\u0105cy, je\u015bli nie ma rzeczywi\u015bcie wa\u017cnej, obiektywnej<\/span><\/span><\/span><span style=\"font-variant: normal;\"><span style=\"letter-spacing: normal;\"><span style=\"font-weight: normal;\">,<br \/>\nnieprzekraczalnej<\/span><\/span><\/span><span style=\"font-variant: normal;\"><span style=\"letter-spacing: normal;\"><span style=\"font-weight: normal;\"><br \/>\nprzeszkody, ma <\/span><\/span><\/span><span style=\"font-variant: normal;\"><span style=\"letter-spacing: normal;\"><b>obowi\u0105zek<br \/>\nuczestniczy\u0107 we Mszy \u015awi\u0119tej w ka\u017cd\u0105 niedziel\u0119! W ka\u017cd\u0105!<\/b><\/span><\/span><span style=\"font-variant: normal;\"><span style=\"letter-spacing: normal;\"><span style=\"font-weight: normal;\"><br \/>\nNie w co drug\u0105, albo raz w miesi\u0105cu! W ka\u017cd\u0105! Powinien te\u017c<br \/>\nprzyst\u0119powa\u0107 do Spowiedzi \u015awi\u0119tej <\/span><\/span><\/span><span style=\"font-variant: normal;\"><span style=\"letter-spacing: normal;\"><b>cz\u0119\u015bciej,<br \/>\nni\u017c raz w roku,<\/b><\/span><\/span><span style=\"font-variant: normal;\"><span style=\"letter-spacing: normal;\"><span style=\"font-weight: normal;\"><br \/>\nalbo dwa razy \u2013 jedynie na jedne i drugie \u015awi\u0119ta. Spowied\u017a<br \/>\npowinna by\u0107 <\/span><\/span><\/span><span style=\"font-variant: normal;\"><span style=\"letter-spacing: normal;\"><b>nie<br \/>\nrzadziej, jak co miesi\u0105c, <\/b><\/span><\/span><span style=\"font-variant: normal;\"><span style=\"letter-spacing: normal;\"><span style=\"font-weight: normal;\">a<br \/>\nw razie pope\u0142nienia grzechu ci\u0119\u017ckiego \u2013 nawet cz\u0119\u015bciej. <\/span><\/span><\/span><span style=\"font-variant: normal;\"><span style=\"letter-spacing: normal;\"><span style=\"font-weight: normal;\">Po<br \/>\nto, \u017ceby utrzymywa\u0107 sta\u0142y stan \u0142aski u\u015bwi\u0119caj\u0105cej i stale m\u00f3c<br \/>\nprzyst\u0119powa\u0107 do Komunii \u015awi\u0119tej. <\/span><\/span><\/span><span style=\"font-variant: normal;\"><span style=\"letter-spacing: normal;\"><b>I<br \/>\npowinien si\u0119 modli\u0107<\/b><\/span><\/span><span style=\"font-variant: normal;\"><span style=\"letter-spacing: normal;\"><span style=\"font-weight: normal;\"><br \/>\n\u2013 codziennie. Kilka razy dziennie. Najlepiej \u2013 wsp\u00f3lnie w<br \/>\nrodzinie\u2026<\/span><\/span><\/span><\/span><\/span><\/span><\/div>\n<div align=\"justify\" style=\"background: transparent; font-style: normal; line-height: 150%; margin-bottom: 0cm; text-indent: 1.3cm;\">\n<span style=\"font-size: x-large;\"><span style=\"color: black;\"><span style=\"font-family: Book Antiqua, serif;\"><span style=\"font-variant: normal;\"><span style=\"letter-spacing: normal;\"><span style=\"font-weight: normal;\">Moi<br \/>\nDrodzy, mo\u017ce wreszcie trzeba si\u0119 odwa\u017cnie <\/span><\/span><\/span><span style=\"font-variant: normal;\"><span style=\"letter-spacing: normal;\"><b>zmierzy\u0107<br \/>\nz ca\u0142\u0105 prawd\u0105 o sobie <\/b><\/span><\/span><span style=\"font-variant: normal;\"><span style=\"letter-spacing: normal;\"><span style=\"font-weight: normal;\">i<br \/>\npowiedzie\u0107 jasno, ju\u017c bez udawania przed ksi\u0119dzem \u2013 a bardziej<br \/>\nprzed samym sob\u0105 \u2013 i <\/span><\/span><\/span><span style=\"font-variant: normal;\"><span style=\"letter-spacing: normal;\"><span style=\"font-weight: normal;\">bez<br \/>\n<\/span><\/span><\/span><span style=\"font-variant: normal;\"><span style=\"letter-spacing: normal;\"><span style=\"font-weight: normal;\">ca\u0142ej<br \/>\ntej niezno\u015bnej kokieterii na pokaz, \u017ce <\/span><\/span><\/span><span style=\"font-variant: normal;\"><span style=\"letter-spacing: normal;\"><b>je\u017celi<br \/>\nja nie uczestnicz\u0119 we Mszy \u015awi\u0119tej,<\/b><\/span><\/span><span style=\"font-variant: normal;\"><span style=\"letter-spacing: normal;\"><span style=\"font-weight: normal;\"><br \/>\nalbo czyni\u0119 to tylko na pogrzebie kogo\u015b z rodziny; je\u017celi si\u0119 nie<br \/>\nspowiadam, nie modl\u0119 si\u0119 i w og\u00f3le \u017cyj\u0119 na co dzie\u0144 tak, jakby<br \/>\nBoga nie by\u0142o \u2013 <\/span><\/span><\/span><span style=\"font-variant: normal;\"><span style=\"letter-spacing: normal;\"><b>to<br \/>\njestem cz\u0142owiekiem niewierz\u0105cym! <\/b><\/span><\/span><span style=\"font-variant: normal;\"><span style=\"letter-spacing: normal;\"><span style=\"font-weight: normal;\">Trzeba<br \/>\nto wreszcie odwa\u017cnie powiedzie\u0107: <\/span><\/span><\/span><span style=\"font-variant: normal;\"><span style=\"letter-spacing: normal;\"><b>J<\/b><\/span><\/span><span style=\"font-variant: normal;\"><span style=\"letter-spacing: normal;\"><b>a<br \/>\njestem cz\u0142owiekiem niewierz\u0105cym!<\/b><\/span><\/span><span style=\"font-variant: normal;\"><span style=\"letter-spacing: normal;\"><span style=\"font-weight: normal;\"><br \/>\nPan B\u00f3g mnie w og\u00f3le nie obchodzi! I Ko\u015bci\u00f3\u0142 mnie nie obchodzi!<br \/>\nJestem niewierz\u0105cy! <\/span><\/span><\/span><\/span><\/span><br \/>\n<\/span><\/div>\n<div align=\"justify\" style=\"background: transparent; font-style: normal; line-height: 150%; margin-bottom: 0cm; text-indent: 1.3cm;\">\n<span style=\"color: black;\"><span style=\"font-family: Book Antiqua, serif;\"><span style=\"font-size: x-large;\"><span style=\"font-variant: normal;\"><span style=\"letter-spacing: normal;\"><span style=\"font-weight: normal;\">I<br \/>\nnie b\u0119d\u0119 si\u0119 dalej oszukiwa\u0142, i <\/span><\/span><\/span><span style=\"font-variant: normal;\"><span style=\"letter-spacing: normal;\"><span style=\"font-weight: normal;\">nie<br \/>\nb\u0119d\u0119 innych oszukiwa\u0142. I nie b\u0119d\u0119 <\/span><\/span><\/span><span style=\"font-variant: normal;\"><span style=\"letter-spacing: normal;\"><b>w<br \/>\nczasie wizyty duszpasterskiej t\u0142umaczy\u0142<\/b><\/span><\/span><span style=\"font-variant: normal;\"><span style=\"letter-spacing: normal;\"><span style=\"font-weight: normal;\"><br \/>\ntysi\u0105cem powod\u00f3w swoich wieloletnich cz\u0119sto zaniedba\u0144, albo \u2013<br \/>\nco si\u0119 cz\u0119\u015bciej zdarza \u2013 nie b\u0119d\u0119 <\/span><\/span><\/span><span style=\"font-variant: normal;\"><span style=\"letter-spacing: normal;\"><b>co<\/b><\/span><\/span><span style=\"font-variant: normal;\"><span style=\"letter-spacing: normal;\"><b><br \/>\nrok<\/b><\/span><\/span><span style=\"font-variant: normal;\"><span style=\"letter-spacing: normal;\"><b>u<\/b><\/span><\/span><span style=\"font-variant: normal;\"><span style=\"letter-spacing: normal;\"><b><br \/>\nunika\u0142 spotkania z Ksi\u0119dzem<\/b><\/span><\/span><span style=\"font-variant: normal;\"><span style=\"letter-spacing: normal;\"><span style=\"font-weight: normal;\"><br \/>\nw czasie wizyty duszpasterskiej, uciekaj\u0105c przed nim z w\u0142asnego<br \/>\ndomu. Przecie\u017c to jest jaki\u015b absurd! Dziecinada. <\/span><\/span><\/span><span style=\"font-variant: normal;\"><span style=\"letter-spacing: normal;\"><b>Ucieka\u0107<br \/>\nz w\u0142asnego domu przed Ksi\u0119dzem?<\/b><\/span><\/span><span style=\"font-variant: normal;\"><span style=\"letter-spacing: normal;\"><span style=\"font-weight: normal;\"><br \/>\nUkrywa\u0107 si\u0119 gdzie\u015b? To bez sensu! Trzeba mie\u0107 cywiln\u0105 odwag\u0119<br \/>\nspojrze\u0107 prawdzie w oczy i powiedzie\u0107 jasno: <\/span><\/span><\/span><span style=\"font-variant: normal;\"><span style=\"letter-spacing: normal;\"><span style=\"font-weight: normal;\">J<\/span><\/span><\/span><span style=\"font-variant: normal;\"><span style=\"letter-spacing: normal;\"><span style=\"font-weight: normal;\">estem<br \/>\nniewierz\u0105cy! <\/span><\/span><\/span><span style=\"font-variant: normal;\"><span style=\"letter-spacing: normal;\"><span style=\"font-weight: normal;\">Ja<br \/>\nteraz si\u0119 tymi sprawami nie interesuj\u0119 \u2013 i po mojej \u015bmierci<br \/>\n<\/span><\/span><\/span><span style=\"font-variant: normal;\"><span style=\"letter-spacing: normal;\"><b>rodzina<br \/>\nnie b\u0119dzie si\u0119 domaga\u0142a dla mnie katolickiego pogrzebu.<\/b><\/span><\/span><\/span><\/span><\/span><\/div>\n<div align=\"justify\" style=\"background: transparent; font-style: normal; line-height: 150%; margin-bottom: 0cm; text-indent: 1.3cm;\">\n<span style=\"color: black;\"><span style=\"font-family: Book Antiqua, serif;\"><span style=\"font-size: x-large;\"><span style=\"font-variant: normal;\"><span style=\"letter-spacing: normal;\"><span style=\"font-weight: normal;\">Naturalnie,<br \/>\n<\/span><\/span><\/span><span style=\"font-variant: normal;\"><span style=\"letter-spacing: normal;\"><b>to<br \/>\nnie jest stan wymarzony. <\/b><\/span><\/span><span style=\"font-variant: normal;\"><span style=\"letter-spacing: normal;\"><span style=\"font-weight: normal;\">Bo<br \/>\nw oczywisty spos\u00f3b by\u0142oby lepiej, \u017ceby wszyscy byli wierz\u0105cy,<br \/>\n\u017ceby wszyscy <\/span><\/span><\/span><span style=\"font-variant: normal;\"><span style=\"letter-spacing: normal;\"><span style=\"font-weight: normal;\">byli<br \/>\njedno z Jezusem. Ale <\/span><\/span><\/span><span style=\"font-variant: normal;\"><span style=\"letter-spacing: normal;\"><b>nie<br \/>\nmo\u017cna \u017cy\u0107 w ci\u0105g\u0142ym rozkroku.<\/b><\/span><\/span><span style=\"font-variant: normal;\"><span style=\"letter-spacing: normal;\"><span style=\"font-weight: normal;\"><br \/>\nI ca\u0142e \u017cycie udawa\u0107. Trzeba jasno okre\u015bli\u0107 prawd\u0119 o sobie. <\/span><\/span><\/span><span style=\"font-variant: normal;\"><span style=\"letter-spacing: normal;\"><span style=\"font-weight: normal;\">Bo<br \/>\ndopiero na tym mo\u017cna <\/span><\/span><\/span><span style=\"font-variant: normal;\"><span style=\"letter-spacing: normal;\"><b>cokolwiek<br \/>\nbudowa\u0107. <\/b><\/span><\/span><span style=\"font-variant: normal;\"><span style=\"letter-spacing: normal;\"><b>Na<br \/>\nprawdzie.<\/b><\/span><\/span><span style=\"font-variant: normal;\"><span style=\"letter-spacing: normal;\"><span style=\"font-weight: normal;\"><br \/>\nNie na udawaniu. Im d\u0142u\u017cej bowiem \u017cyje si\u0119 w takim fa\u0142szu, tym<br \/>\nbardziej oddala si\u0119 chwila jakiej\u015b przemiany w \u017cyciu.<\/span><\/span><\/span><\/span><\/span><\/span><\/div>\n<div align=\"justify\" style=\"background: transparent; font-style: normal; line-height: 150%; margin-bottom: 0cm; text-indent: 1.3cm;\">\n<span style=\"font-size: x-large;\"><span style=\"color: black;\"><span style=\"font-family: Book Antiqua, serif;\"><span style=\"font-variant: normal;\"><span style=\"letter-spacing: normal;\"><span style=\"font-weight: normal;\">Mo\u017ce<br \/>\nwi\u0119c warto odwa\u017cy\u0107 si\u0119 <\/span><\/span><\/span><span style=\"font-variant: normal;\"><span style=\"letter-spacing: normal;\"><span style=\"font-weight: normal;\">i<br \/>\nzacz\u0105\u0107<\/span><\/span><\/span><span style=\"font-variant: normal;\"><span style=\"letter-spacing: normal;\"><b><br \/>\nod prze<\/b><\/span><\/span><span style=\"font-variant: normal;\"><span style=\"letter-spacing: normal;\"><b>mian<\/b><\/span><\/span><span style=\"font-variant: normal;\"><span style=\"letter-spacing: normal;\"><b>y<\/b><\/span><\/span><span style=\"font-variant: normal;\"><span style=\"letter-spacing: normal;\"><b><br \/>\nmy\u015blenia<\/b><\/span><\/span><span style=\"font-variant: normal;\"><span style=\"letter-spacing: normal;\"><span style=\"font-weight: normal;\"><br \/>\n, <\/span><\/span><\/span><span style=\"font-variant: normal;\"><span style=\"letter-spacing: normal;\"><span style=\"font-weight: normal;\">by<\/span><\/span><\/span><span style=\"font-variant: normal;\"><span style=\"letter-spacing: normal;\"><span style=\"font-weight: normal;\"><br \/>\nprzesta\u0107 widzie\u0107 w religijnych praktykach <\/span><\/span><\/span><span style=\"font-variant: normal;\"><span style=\"letter-spacing: normal;\"><b>ci\u0119\u017cki,<br \/>\n<\/b><\/span><\/span><span style=\"font-variant: normal;\"><span style=\"letter-spacing: normal;\"><b>narzucony<br \/>\ntradycj\u0105<\/b><\/span><\/span><span style=\"font-variant: normal;\"><span style=\"letter-spacing: normal;\"><b><br \/>\nobowi\u0105zek,<\/b><\/span><\/span><span style=\"font-variant: normal;\"><span style=\"letter-spacing: normal;\"><span style=\"font-weight: normal;\"><br \/>\na <\/span><\/span><\/span><span style=\"font-variant: normal;\"><span style=\"letter-spacing: normal;\"><span style=\"font-weight: normal;\">dostrzec<br \/>\nw nich wreszcie<\/span><\/span><\/span><span style=\"font-variant: normal;\"><span style=\"letter-spacing: normal;\"><b><br \/>\n<\/b><\/span><\/span><span style=\"font-variant: normal;\"><span style=\"letter-spacing: normal;\"><b>dobro<br \/>\ndla siebie.<\/b><\/span><\/span><span style=\"font-variant: normal;\"><span style=\"letter-spacing: normal;\"><span style=\"font-weight: normal;\"><br \/>\n<\/span><\/span><\/span><span style=\"font-variant: normal;\"><span style=\"letter-spacing: normal;\"><b>Wielkie<\/b><\/span><\/span><span style=\"font-variant: normal;\"><span style=\"letter-spacing: normal;\"><span style=\"font-weight: normal;\"><br \/>\n<\/span><\/span><\/span><span style=\"font-variant: normal;\"><span style=\"letter-spacing: normal;\"><b>dobro!<br \/>\n<\/b><\/span><\/span><span style=\"font-variant: normal;\"><span style=\"letter-spacing: normal;\"><span style=\"font-weight: normal;\">I<br \/>\no<\/span><\/span><\/span><span style=\"font-variant: normal;\"><span style=\"letter-spacing: normal;\"><span style=\"font-weight: normal;\">ddanie<br \/>\ninicjatywy swego \u017cycia \u2013 w r\u0119ce Jezusa! Po to, aby w naszych<br \/>\ndomach i w naszych rodzinach <\/span><\/span><\/span><span style=\"font-variant: normal;\"><span style=\"letter-spacing: normal;\"><span style=\"font-weight: normal;\">wreszcie<br \/>\nzacz\u0119\u0142o by\u0107 normalnie\u2026 <\/span><\/span><\/span><\/span><\/span><br \/>\n<\/span><\/div>\n<div align=\"justify\" style=\"background: transparent; font-style: normal; line-height: 150%; margin-bottom: 0cm; text-indent: 1.3cm;\">\n<span style=\"font-size: x-large;\"><span style=\"color: black;\"><span style=\"font-family: Book Antiqua, serif;\"><span style=\"font-variant: normal;\"><span style=\"letter-spacing: normal;\"><span style=\"font-weight: normal;\">Moi<br \/>\nDrodzy, ka\u017cdy z nas \u2013<\/span><\/span><\/span><span style=\"font-variant: normal;\"><span style=\"letter-spacing: normal;\"><span style=\"font-weight: normal;\"><br \/>\ntak\u017ce, a mo\u017ce szczeg\u00f3lnie <\/span><\/span><\/span><span style=\"font-variant: normal;\"><span style=\"letter-spacing: normal;\"><span style=\"font-weight: normal;\">ten<\/span><\/span><\/span><span style=\"font-variant: normal;\"><span style=\"letter-spacing: normal;\"><span style=\"font-weight: normal;\">,<br \/>\nkt<\/span><\/span><\/span><span style=\"font-variant: normal;\"><span style=\"letter-spacing: normal;\"><span style=\"font-weight: normal;\">o<\/span><\/span><\/span><span style=\"font-variant: normal;\"><span style=\"letter-spacing: normal;\"><span style=\"font-weight: normal;\"><br \/>\ngorliwie praktykuj<\/span><\/span><\/span><span style=\"font-variant: normal;\"><span style=\"letter-spacing: normal;\"><span style=\"font-weight: normal;\">e<\/span><\/span><\/span><span style=\"font-variant: normal;\"><span style=\"letter-spacing: normal;\"><span style=\"font-weight: normal;\"><br \/>\nwiar\u0119 \u2013 musi przemy\u015ble\u0107 to <\/span><\/span><\/span><span style=\"font-variant: normal;\"><span style=\"letter-spacing: normal;\"><span style=\"font-weight: normal;\">swoje<\/span><\/span><\/span><span style=\"font-variant: normal;\"><span style=\"letter-spacing: normal;\"><span style=\"font-weight: normal;\"><br \/>\npraktykowanie i zapyta\u0107 <\/span><\/span><\/span><span style=\"font-variant: normal;\"><span style=\"letter-spacing: normal;\"><span style=\"font-weight: normal;\">samego<br \/>\nsiebie<\/span><\/span><\/span><span style=\"font-variant: normal;\"><span style=\"letter-spacing: normal;\"><span style=\"font-weight: normal;\">:<br \/>\nczy <\/span><\/span><\/span><span style=\"font-variant: normal;\"><span style=\"letter-spacing: normal;\"><span style=\"font-weight: normal;\">ja<\/span><\/span><\/span><span style=\"font-variant: normal;\"><span style=\"letter-spacing: normal;\"><span style=\"font-weight: normal;\"><br \/>\nzachowuj<\/span><\/span><\/span><span style=\"font-variant: normal;\"><span style=\"letter-spacing: normal;\"><span style=\"font-weight: normal;\">\u0119<\/span><\/span><\/span><span style=\"font-variant: normal;\"><span style=\"letter-spacing: normal;\"><span style=\"font-weight: normal;\"><br \/>\ntylko tradycj\u0119, form\u0119 dla formy, zwyczaj dla zwyczaju, czy te\u017c<br \/>\n<\/span><\/span><\/span><span style=\"font-variant: normal;\"><span style=\"letter-spacing: normal;\"><b>naprawd\u0119<br \/>\nszukam autentycznej, g\u0142\u0119bokiej i mocnej wi\u0119zi z Jezusem?<\/b><\/span><\/span><span style=\"font-variant: normal;\"><span style=\"letter-spacing: normal;\"><span style=\"font-weight: normal;\"><br \/>\nJe\u017celi tak, je\u017celi wydarzenie z Kany Galilejskiej b\u0119dzie si\u0119<br \/>\ndokonywa\u0142o w <\/span><\/span><\/span><span style=\"font-variant: normal;\"><span style=\"letter-spacing: normal;\"><span style=\"font-weight: normal;\">mojej<\/span><\/span><\/span><span style=\"font-variant: normal;\"><span style=\"letter-spacing: normal;\"><span style=\"font-weight: normal;\"><br \/>\nrodzin<\/span><\/span><\/span><span style=\"font-variant: normal;\"><span style=\"letter-spacing: normal;\"><span style=\"font-weight: normal;\">ie<\/span><\/span><\/span><span style=\"font-variant: normal;\"><span style=\"letter-spacing: normal;\"><span style=\"font-weight: normal;\">,<br \/>\na wi\u0119c \u2013 je\u017celi <\/span><\/span><\/span><span style=\"font-variant: normal;\"><span style=\"letter-spacing: normal;\"><span style=\"font-weight: normal;\">b\u0119d\u0119<br \/>\nstale <\/span><\/span><\/span><span style=\"font-variant: normal;\"><span style=\"letter-spacing: normal;\"><span style=\"font-weight: normal;\">odda<\/span><\/span><\/span><span style=\"font-variant: normal;\"><span style=\"letter-spacing: normal;\"><span style=\"font-weight: normal;\">wa\u0142<\/span><\/span><\/span><span style=\"font-variant: normal;\"><span style=\"letter-spacing: normal;\"><span style=\"font-weight: normal;\"><br \/>\nJezusowi inicjatyw\u0119 i w Jego r\u0119ce <\/span><\/span><\/span><span style=\"font-variant: normal;\"><span style=\"letter-spacing: normal;\"><span style=\"font-weight: normal;\">powierza\u0142<\/span><\/span><\/span><span style=\"font-variant: normal;\"><span style=\"letter-spacing: normal;\"><span style=\"font-weight: normal;\"><br \/>\n<\/span><\/span><\/span><span style=\"font-variant: normal;\"><span style=\"letter-spacing: normal;\"><span style=\"font-weight: normal;\">swoje<\/span><\/span><\/span><span style=\"font-variant: normal;\"><span style=\"letter-spacing: normal;\"><span style=\"font-weight: normal;\"><br \/>\nsprawy i problemy <\/span><\/span><\/span><span style=\"font-variant: normal;\"><span style=\"letter-spacing: normal;\"><span style=\"font-weight: normal;\">swojej<\/span><\/span><\/span><span style=\"font-variant: normal;\"><span style=\"letter-spacing: normal;\"><span style=\"font-weight: normal;\"><br \/>\nrodzin<\/span><\/span><\/span><span style=\"font-variant: normal;\"><span style=\"letter-spacing: normal;\"><span style=\"font-weight: normal;\">y<\/span><\/span><\/span><span style=\"font-variant: normal;\"><span style=\"letter-spacing: normal;\"><span style=\"font-weight: normal;\">,<br \/>\n<\/span><\/span><\/span><span style=\"font-variant: normal;\"><span style=\"letter-spacing: normal;\"><b>to<br \/>\nOn pomo\u017ce <\/b><\/span><\/span><span style=\"font-variant: normal;\"><span style=\"letter-spacing: normal;\"><b>mi<\/b><\/span><\/span><span style=\"font-variant: normal;\"><span style=\"letter-spacing: normal;\"><span style=\"font-weight: normal;\"><br \/>\ntak samo, jak pom\u00f3g\u0142 tamtemu ma\u0142\u017ce\u0144stwu. <\/span><\/span><\/span><\/span><\/span><br \/>\n<\/span><\/div>\n<div align=\"justify\" style=\"background: transparent; font-style: normal; line-height: 150%; margin-bottom: 0cm; text-indent: 1.3cm;\">\n<span style=\"color: black;\"><span style=\"font-family: Book Antiqua, serif;\"><span style=\"font-size: x-large;\"><span style=\"font-variant: normal;\"><span style=\"letter-spacing: normal;\"><span style=\"font-weight: normal;\">Czy<br \/>\njednak odwa\u017c<\/span><\/span><\/span><span style=\"font-variant: normal;\"><span style=\"letter-spacing: normal;\"><span style=\"font-weight: normal;\">\u0119<\/span><\/span><\/span><span style=\"font-variant: normal;\"><span style=\"letter-spacing: normal;\"><span style=\"font-weight: normal;\"><br \/>\nsi\u0119 na zmian\u0119 my\u015blenia i spojrzenia? <\/span><\/span><\/span><span style=\"font-variant: normal;\"><span style=\"letter-spacing: normal;\"><span style=\"font-weight: normal;\">Czy<br \/>\ndam Jezusowi szans\u0119, aby <\/span><\/span><\/span><span style=\"font-variant: normal;\"><span style=\"letter-spacing: normal;\"><b>m\u00f3g\u0142<br \/>\nkonkretnie zadzia\u0142a\u0107<\/b><\/span><\/span><span style=\"font-variant: normal;\"><span style=\"letter-spacing: normal;\"><span style=\"font-weight: normal;\"><br \/>\nw moim \u017cyciu? Czy pozwol\u0119 Mu na to, aby w tym moim, tak przecie\u017c<br \/>\nnie\u0142atwym \u017cyciu \u2013 <\/span><\/span><\/span><span style=\"font-variant: normal;\"><span style=\"letter-spacing: normal;\"><b>dokonywa\u0142<br \/>\ncud\u00f3w: <\/b><\/span><\/span><span style=\"font-variant: normal;\"><span style=\"letter-spacing: normal;\"><span style=\"font-weight: normal;\">cud\u00f3w<br \/>\nprzemiany? Ju\u017c nie wody w wino, ale <\/span><\/span><\/span><span style=\"font-variant: normal;\"><span style=\"letter-spacing: normal;\"><b>przemiany<br \/>\nmojej codziennej rzeczywisto\u015bci?\u2026<\/b><\/span><\/span><span style=\"font-variant: normal;\"><span style=\"letter-spacing: normal;\"><span style=\"font-weight: normal;\"><br \/>\nCzy odwa\u017c\u0119 si\u0119 wreszcie tak w\u0142a\u015bnie \u2013 <\/span><\/span><\/span><span style=\"font-variant: normal;\"><span style=\"letter-spacing: normal;\"><b>bezgranicznie<br \/>\nzaufa\u0107 Jezusowi?\u2026<\/b><\/span><\/span><\/span><\/span><\/span><\/div>\n","protected":false},"excerpt":{"rendered":"<p>Niech b\u0119dzie pochwalony Jezus Chrystus! Moi Drodzy, w dniu dzisiejszym imieniny prze\u017cywaj\u0105: \u2013 Ojciec Sebastian Wi\u015bniewski, oblat, Prze\u0142o\u017cony Wsp\u00f3lnoty zakonnej w Kodniu; \u2013 Sebastian Karczewski, m\u00f3j znajomy Redaktor \u201eNaszego Dziennika\u201d; \u2013 Sebastian Kucharski, za moich czas\u00f3w \u2013 Lektor w Celestynowie. \u017bycz\u0119 Solenizantom nieustannej, stale wzmacniaj\u0105cej si\u0119 \u2013 wi\u0119zi z Jezusem! Zapewniam o modlitwie. A Wszystkim [&hellip;]<\/p>\n","protected":false},"author":1,"featured_media":0,"comment_status":"open","ping_status":"open","sticky":false,"template":"","format":"standard","meta":{"jetpack_post_was_ever_published":false,"_jetpack_newsletter_access":"","_jetpack_dont_email_post_to_subs":false,"_jetpack_newsletter_tier_id":0,"_jetpack_memberships_contains_paywalled_content":false,"_jetpack_memberships_contains_paid_content":false,"footnotes":""},"categories":[1],"tags":[],"class_list":["post-14717","post","type-post","status-publish","format-standard","hentry","category-bez-kategorii"],"yoast_head":"<!-- This site is optimized with the Yoast SEO plugin v25.1 - https:\/\/yoast.com\/wordpress\/plugins\/seo\/ -->\n<title>Odda\u0107 inicjatyw\u0119 Jezusowi! - Gaudium Et Spes<\/title>\n<meta name=\"robots\" content=\"index, follow, max-snippet:-1, max-image-preview:large, max-video-preview:-1\" \/>\n<link rel=\"canonical\" href=\"https:\/\/gaudiumetspes-blog.pl\/index.php\/2019\/01\/20\/oddac-inicjatywe-jezusowi\/\" \/>\n<meta property=\"og:locale\" content=\"pl_PL\" \/>\n<meta property=\"og:type\" content=\"article\" \/>\n<meta property=\"og:title\" content=\"Odda\u0107 inicjatyw\u0119 Jezusowi! - Gaudium Et Spes\" \/>\n<meta property=\"og:description\" content=\"Niech b\u0119dzie pochwalony Jezus Chrystus! Moi Drodzy, w dniu dzisiejszym imieniny prze\u017cywaj\u0105: \u2013 Ojciec Sebastian Wi\u015bniewski, oblat, Prze\u0142o\u017cony Wsp\u00f3lnoty zakonnej w Kodniu; \u2013 Sebastian Karczewski, m\u00f3j znajomy Redaktor \u201eNaszego Dziennika\u201d; \u2013 Sebastian Kucharski, za moich czas\u00f3w \u2013 Lektor w Celestynowie. \u017bycz\u0119 Solenizantom nieustannej, stale wzmacniaj\u0105cej si\u0119 \u2013 wi\u0119zi z Jezusem! Zapewniam o modlitwie. A Wszystkim [&hellip;]\" \/>\n<meta property=\"og:url\" content=\"https:\/\/gaudiumetspes-blog.pl\/index.php\/2019\/01\/20\/oddac-inicjatywe-jezusowi\/\" \/>\n<meta property=\"og:site_name\" content=\"Gaudium Et Spes\" \/>\n<meta property=\"article:published_time\" content=\"2019-01-20T05:16:00+00:00\" \/>\n<meta property=\"article:modified_time\" content=\"2019-07-31T10:59:14+00:00\" \/>\n<meta name=\"author\" content=\"Ks. Jacek\" \/>\n<meta name=\"twitter:card\" content=\"summary_large_image\" \/>\n<meta name=\"twitter:label1\" content=\"Napisane przez\" \/>\n\t<meta name=\"twitter:data1\" content=\"Ks. Jacek\" \/>\n\t<meta name=\"twitter:label2\" content=\"Szacowany czas czytania\" \/>\n\t<meta name=\"twitter:data2\" content=\"14 minut\" \/>\n<script type=\"application\/ld+json\" class=\"yoast-schema-graph\">{\"@context\":\"https:\/\/schema.org\",\"@graph\":[{\"@type\":\"WebPage\",\"@id\":\"https:\/\/gaudiumetspes-blog.pl\/index.php\/2019\/01\/20\/oddac-inicjatywe-jezusowi\/\",\"url\":\"https:\/\/gaudiumetspes-blog.pl\/index.php\/2019\/01\/20\/oddac-inicjatywe-jezusowi\/\",\"name\":\"Odda\u0107 inicjatyw\u0119 Jezusowi! - Gaudium Et Spes\",\"isPartOf\":{\"@id\":\"https:\/\/gaudiumetspes-blog.pl\/#website\"},\"datePublished\":\"2019-01-20T05:16:00+00:00\",\"dateModified\":\"2019-07-31T10:59:14+00:00\",\"author\":{\"@id\":\"https:\/\/gaudiumetspes-blog.pl\/#\/schema\/person\/1661982992b752dea8dff0d4ed845a65\"},\"breadcrumb\":{\"@id\":\"https:\/\/gaudiumetspes-blog.pl\/index.php\/2019\/01\/20\/oddac-inicjatywe-jezusowi\/#breadcrumb\"},\"inLanguage\":\"pl-PL\",\"potentialAction\":[{\"@type\":\"ReadAction\",\"target\":[\"https:\/\/gaudiumetspes-blog.pl\/index.php\/2019\/01\/20\/oddac-inicjatywe-jezusowi\/\"]}]},{\"@type\":\"BreadcrumbList\",\"@id\":\"https:\/\/gaudiumetspes-blog.pl\/index.php\/2019\/01\/20\/oddac-inicjatywe-jezusowi\/#breadcrumb\",\"itemListElement\":[{\"@type\":\"ListItem\",\"position\":1,\"name\":\"Strona g\u0142\u00f3wna\",\"item\":\"https:\/\/gaudiumetspes-blog.pl\/\"},{\"@type\":\"ListItem\",\"position\":2,\"name\":\"Odda\u0107 inicjatyw\u0119 Jezusowi!\"}]},{\"@type\":\"WebSite\",\"@id\":\"https:\/\/gaudiumetspes-blog.pl\/#website\",\"url\":\"https:\/\/gaudiumetspes-blog.pl\/\",\"name\":\"Gaudium Et Spes\",\"description\":\"Blog Ks. Jacka Ja\u015bkowskiego\",\"potentialAction\":[{\"@type\":\"SearchAction\",\"target\":{\"@type\":\"EntryPoint\",\"urlTemplate\":\"https:\/\/gaudiumetspes-blog.pl\/?s={search_term_string}\"},\"query-input\":{\"@type\":\"PropertyValueSpecification\",\"valueRequired\":true,\"valueName\":\"search_term_string\"}}],\"inLanguage\":\"pl-PL\"},{\"@type\":\"Person\",\"@id\":\"https:\/\/gaudiumetspes-blog.pl\/#\/schema\/person\/1661982992b752dea8dff0d4ed845a65\",\"name\":\"Ks. Jacek\",\"image\":{\"@type\":\"ImageObject\",\"inLanguage\":\"pl-PL\",\"@id\":\"https:\/\/gaudiumetspes-blog.pl\/#\/schema\/person\/image\/\",\"url\":\"https:\/\/gaudiumetspes-blog.pl\/wp-content\/uploads\/2019\/07\/avatar-JJ-150x150.jpg\",\"contentUrl\":\"https:\/\/gaudiumetspes-blog.pl\/wp-content\/uploads\/2019\/07\/avatar-JJ-150x150.jpg\",\"caption\":\"Ks. Jacek\"},\"description\":\"Witam serdecznie! K\u0142ania si\u0119 Ks. Jacek Ja\u015bkowski. Nie jestem ani kim\u015b wa\u017cnym, ani kim\u015b znanym. Jestem ksi\u0119dzem, kt\u00f3ry po prostu chce rozmawia\u0107. Codzienna kap\u0142a\u0144ska pos\u0142uga pokazuje mi, \u017ce temat\u00f3w do rozm\u00f3w z ksi\u0119dzem jest coraz wi\u0119cej i dzisiaj \u017caden ksi\u0105dz nie mo\u017ce od nich ucieka\u0107, ale - wprost przeciwnie - podejmowa\u0107 nowe wyzwania. To przekonanie sk\u0142oni\u0142o mnie do pr\u00f3by otwarcia tego\u017c bloga, chocia\u017c okazji do rozm\u00f3w na co dzie\u0144 - w konfesjonale i poza nim - na szcz\u0119\u015bcie nie brakuje. My\u015bl\u0119 jednak, \u017ce ten blog b\u0119dzie jeszcze jednym sposobem i przestrzeni\u0105 nawi\u0105zania kontaktu z lud\u017ami dobrej woli, otwartymi na dialog.\",\"url\":\"https:\/\/gaudiumetspes-blog.pl\/index.php\/author\/ks-jacek\/\"}]}<\/script>\n<!-- \/ Yoast SEO plugin. -->","yoast_head_json":{"title":"Odda\u0107 inicjatyw\u0119 Jezusowi! - Gaudium Et Spes","robots":{"index":"index","follow":"follow","max-snippet":"max-snippet:-1","max-image-preview":"max-image-preview:large","max-video-preview":"max-video-preview:-1"},"canonical":"https:\/\/gaudiumetspes-blog.pl\/index.php\/2019\/01\/20\/oddac-inicjatywe-jezusowi\/","og_locale":"pl_PL","og_type":"article","og_title":"Odda\u0107 inicjatyw\u0119 Jezusowi! - Gaudium Et Spes","og_description":"Niech b\u0119dzie pochwalony Jezus Chrystus! Moi Drodzy, w dniu dzisiejszym imieniny prze\u017cywaj\u0105: \u2013 Ojciec Sebastian Wi\u015bniewski, oblat, Prze\u0142o\u017cony Wsp\u00f3lnoty zakonnej w Kodniu; \u2013 Sebastian Karczewski, m\u00f3j znajomy Redaktor \u201eNaszego Dziennika\u201d; \u2013 Sebastian Kucharski, za moich czas\u00f3w \u2013 Lektor w Celestynowie. \u017bycz\u0119 Solenizantom nieustannej, stale wzmacniaj\u0105cej si\u0119 \u2013 wi\u0119zi z Jezusem! Zapewniam o modlitwie. A Wszystkim [&hellip;]","og_url":"https:\/\/gaudiumetspes-blog.pl\/index.php\/2019\/01\/20\/oddac-inicjatywe-jezusowi\/","og_site_name":"Gaudium Et Spes","article_published_time":"2019-01-20T05:16:00+00:00","article_modified_time":"2019-07-31T10:59:14+00:00","author":"Ks. Jacek","twitter_card":"summary_large_image","twitter_misc":{"Napisane przez":"Ks. Jacek","Szacowany czas czytania":"14 minut"},"schema":{"@context":"https:\/\/schema.org","@graph":[{"@type":"WebPage","@id":"https:\/\/gaudiumetspes-blog.pl\/index.php\/2019\/01\/20\/oddac-inicjatywe-jezusowi\/","url":"https:\/\/gaudiumetspes-blog.pl\/index.php\/2019\/01\/20\/oddac-inicjatywe-jezusowi\/","name":"Odda\u0107 inicjatyw\u0119 Jezusowi! - Gaudium Et Spes","isPartOf":{"@id":"https:\/\/gaudiumetspes-blog.pl\/#website"},"datePublished":"2019-01-20T05:16:00+00:00","dateModified":"2019-07-31T10:59:14+00:00","author":{"@id":"https:\/\/gaudiumetspes-blog.pl\/#\/schema\/person\/1661982992b752dea8dff0d4ed845a65"},"breadcrumb":{"@id":"https:\/\/gaudiumetspes-blog.pl\/index.php\/2019\/01\/20\/oddac-inicjatywe-jezusowi\/#breadcrumb"},"inLanguage":"pl-PL","potentialAction":[{"@type":"ReadAction","target":["https:\/\/gaudiumetspes-blog.pl\/index.php\/2019\/01\/20\/oddac-inicjatywe-jezusowi\/"]}]},{"@type":"BreadcrumbList","@id":"https:\/\/gaudiumetspes-blog.pl\/index.php\/2019\/01\/20\/oddac-inicjatywe-jezusowi\/#breadcrumb","itemListElement":[{"@type":"ListItem","position":1,"name":"Strona g\u0142\u00f3wna","item":"https:\/\/gaudiumetspes-blog.pl\/"},{"@type":"ListItem","position":2,"name":"Odda\u0107 inicjatyw\u0119 Jezusowi!"}]},{"@type":"WebSite","@id":"https:\/\/gaudiumetspes-blog.pl\/#website","url":"https:\/\/gaudiumetspes-blog.pl\/","name":"Gaudium Et Spes","description":"Blog Ks. Jacka Ja\u015bkowskiego","potentialAction":[{"@type":"SearchAction","target":{"@type":"EntryPoint","urlTemplate":"https:\/\/gaudiumetspes-blog.pl\/?s={search_term_string}"},"query-input":{"@type":"PropertyValueSpecification","valueRequired":true,"valueName":"search_term_string"}}],"inLanguage":"pl-PL"},{"@type":"Person","@id":"https:\/\/gaudiumetspes-blog.pl\/#\/schema\/person\/1661982992b752dea8dff0d4ed845a65","name":"Ks. Jacek","image":{"@type":"ImageObject","inLanguage":"pl-PL","@id":"https:\/\/gaudiumetspes-blog.pl\/#\/schema\/person\/image\/","url":"https:\/\/gaudiumetspes-blog.pl\/wp-content\/uploads\/2019\/07\/avatar-JJ-150x150.jpg","contentUrl":"https:\/\/gaudiumetspes-blog.pl\/wp-content\/uploads\/2019\/07\/avatar-JJ-150x150.jpg","caption":"Ks. Jacek"},"description":"Witam serdecznie! K\u0142ania si\u0119 Ks. Jacek Ja\u015bkowski. Nie jestem ani kim\u015b wa\u017cnym, ani kim\u015b znanym. Jestem ksi\u0119dzem, kt\u00f3ry po prostu chce rozmawia\u0107. Codzienna kap\u0142a\u0144ska pos\u0142uga pokazuje mi, \u017ce temat\u00f3w do rozm\u00f3w z ksi\u0119dzem jest coraz wi\u0119cej i dzisiaj \u017caden ksi\u0105dz nie mo\u017ce od nich ucieka\u0107, ale - wprost przeciwnie - podejmowa\u0107 nowe wyzwania. To przekonanie sk\u0142oni\u0142o mnie do pr\u00f3by otwarcia tego\u017c bloga, chocia\u017c okazji do rozm\u00f3w na co dzie\u0144 - w konfesjonale i poza nim - na szcz\u0119\u015bcie nie brakuje. My\u015bl\u0119 jednak, \u017ce ten blog b\u0119dzie jeszcze jednym sposobem i przestrzeni\u0105 nawi\u0105zania kontaktu z lud\u017ami dobrej woli, otwartymi na dialog.","url":"https:\/\/gaudiumetspes-blog.pl\/index.php\/author\/ks-jacek\/"}]}},"jetpack_featured_media_url":"","jetpack_sharing_enabled":true,"_links":{"self":[{"href":"https:\/\/gaudiumetspes-blog.pl\/index.php\/wp-json\/wp\/v2\/posts\/14717","targetHints":{"allow":["GET"]}}],"collection":[{"href":"https:\/\/gaudiumetspes-blog.pl\/index.php\/wp-json\/wp\/v2\/posts"}],"about":[{"href":"https:\/\/gaudiumetspes-blog.pl\/index.php\/wp-json\/wp\/v2\/types\/post"}],"author":[{"embeddable":true,"href":"https:\/\/gaudiumetspes-blog.pl\/index.php\/wp-json\/wp\/v2\/users\/1"}],"replies":[{"embeddable":true,"href":"https:\/\/gaudiumetspes-blog.pl\/index.php\/wp-json\/wp\/v2\/comments?post=14717"}],"version-history":[{"count":1,"href":"https:\/\/gaudiumetspes-blog.pl\/index.php\/wp-json\/wp\/v2\/posts\/14717\/revisions"}],"predecessor-version":[{"id":14898,"href":"https:\/\/gaudiumetspes-blog.pl\/index.php\/wp-json\/wp\/v2\/posts\/14717\/revisions\/14898"}],"wp:attachment":[{"href":"https:\/\/gaudiumetspes-blog.pl\/index.php\/wp-json\/wp\/v2\/media?parent=14717"}],"wp:term":[{"taxonomy":"category","embeddable":true,"href":"https:\/\/gaudiumetspes-blog.pl\/index.php\/wp-json\/wp\/v2\/categories?post=14717"},{"taxonomy":"post_tag","embeddable":true,"href":"https:\/\/gaudiumetspes-blog.pl\/index.php\/wp-json\/wp\/v2\/tags?post=14717"}],"curies":[{"name":"wp","href":"https:\/\/api.w.org\/{rel}","templated":true}]}}