{"id":14719,"date":"2019-01-18T08:41:00","date_gmt":"2019-01-18T07:41:00","guid":{"rendered":"https:\/\/gaudiumetspes-blog.pl\/index.php\/2019\/01\/18\/sia-wspolnej-modlitwy\/"},"modified":"2019-07-31T12:59:14","modified_gmt":"2019-07-31T10:59:14","slug":"sia-wspolnej-modlitwy","status":"publish","type":"post","link":"https:\/\/gaudiumetspes-blog.pl\/index.php\/2019\/01\/18\/sia-wspolnej-modlitwy\/","title":{"rendered":"Si\u0142a wsp\u00f3lnej modlitwy"},"content":{"rendered":"<div class=\"separator\" style=\"clear: both; text-align: center;\">\n<a href=\"https:\/\/gaudiumetspes-blog.pl\/wp-content\/uploads\/2019\/01\/DSC_0238-1024x680.jpg\" imageanchor=\"1\" style=\"clear: right; float: right; margin-bottom: 1em; margin-left: 1em;\"><img loading=\"lazy\" decoding=\"async\" border=\"0\" data-original-height=\"1063\" data-original-width=\"1600\" height=\"212\" src=\"https:\/\/gaudiumetspes-blog.pl\/wp-content\/uploads\/2019\/01\/DSC_0238-1024x680.jpg\" width=\"320\" \/><\/a><\/div>\n<p>\n<b><i>(Hbr 4, 1-5. 11) <br \/>Bracia: L\u0119kajmy si\u0119, gdy jeszcze trwa obietnica wej\u015bcia do Bo\u017cego odpoczynku, aby kto\u015b z was nie mniema\u0142, i\u017c jest jej pozbawiony. Albowiem i my otrzymali\u015bmy dobr\u0105 nowin\u0119, tak jak i tamci, lecz tamtym s\u0142owo us\u0142yszane nie by\u0142o pomocne, gdy\u017c nie \u0142\u0105czyli si\u0119 przez wiar\u0119 z tymi, kt\u00f3rzy je us\u0142yszeli. Wchodzimy istotnie do odpoczynku my, kt\u00f3rzy uwierzyli\u015bmy, jak to Pan powiedzia\u0142: &#8222;Tote\u017c przysi\u0105g\u0142em w swym gniewie: Nie wejd\u0105 do mego odpoczynku&#8221;, aczkolwiek dzie\u0142a by\u0142y dokonane od stworzenia \u015bwiata. Powiedzia\u0142 bowiem B\u00f3g na pewnym miejscu o si\u00f3dmym dniu w ten spos\u00f3b: &#8222;I odpocz\u0105\u0142 B\u00f3g w si\u00f3dmym dniu po wszystkich dzie\u0142ach swoich&#8221;. I znowu tam\u017ce: &#8222;Nie wejd\u0105 do mego odpoczynku&#8221;. \u015apieszmy si\u0119 wi\u0119c wej\u015b\u0107 do owego odpoczynku, aby nikt nie poszed\u0142 za tym samym przyk\u0142adem niepos\u0142usze\u0144stwa.<\/p>\n<p>(Mk 2, 1-12) <br \/>Gdy po pewnym czasie Jezus wr\u00f3ci\u0142 do Kafarnaum, pos\u0142yszano, \u017ce jest w domu. Zebra\u0142o si\u0119 zatem tylu ludzi, \u017ce nawet przed drzwiami nie by\u0142o miejsca, a On g\u0142osi\u0142 im nauk\u0119. I przyszli do Niego z paralitykiem, kt\u00f3rego nios\u0142o czterech. Nie mog\u0105c z powodu t\u0142umu przynie\u015b\u0107 go do Niego, odkryli dach nad miejscem, gdzie Jezus si\u0119 znajdowa\u0142, i przez otw\u00f3r spu\u015bcili nosze, na kt\u00f3rych le\u017ca\u0142 paralityk. Jezus, widz\u0105c ich wiar\u0119, rzek\u0142 do paralityka: &#8222;Dziecko, odpuszczone s\u0105 twoje grzechy&#8221;. A siedzia\u0142o tam kilku uczonych w Pi\u015bmie, kt\u00f3rzy my\u015bleli w sercach swoich: &#8222;Czemu On tak m\u00f3wi? On blu\u017ani. Kt\u00f3\u017c mo\u017ce odpuszcza\u0107 grzechy, pr\u00f3cz jednego Boga?&#8221; Jezus pozna\u0142 zaraz w swym duchu, \u017ce tak my\u015bl\u0105, i rzek\u0142 do nich: &#8222;Czemu my\u015bli te nurtuj\u0105 w waszych sercach? C\u00f3\u017c jest \u0142atwiej: powiedzie\u0107 paralitykowi: Odpuszczone s\u0105 twoje grzechy, czy te\u017c powiedzie\u0107: Wsta\u0144, we\u017a swoje nosze i chod\u017a? Ot\u00f3\u017c, \u017ceby\u015bcie wiedzieli, i\u017c Syn Cz\u0142owieczy ma na ziemi w\u0142adz\u0119 odpuszczania grzech\u00f3w \u2013 rzek\u0142 do paralityka: M\u00f3wi\u0119 ci: Wsta\u0144, we\u017a swoje nosze i id\u017a do swego domu!&#8221; On wsta\u0142, wzi\u0105\u0142 zaraz swoje nosze i wyszed\u0142 na oczach wszystkich. Zdumieli si\u0119 wszyscy i wielbili Boga, m\u00f3wi\u0105c: &#8222;Nigdy jeszcze nie widzieli\u015bmy czego\u015b podobnego&#8221;.<\/i><\/b><\/p>\n<p>\n<b>Niech b\u0119dzie pochwalony Jezus Chrystus!<\/b><\/p>\n<p>Pozdrawiam z Syberii, z Surgutu, dzi\u015b znowu tylko ja. <\/p>\n<p>Sp\u00f3jrzmy na dzisiejsz\u0105 Ewangeli\u0119\u2026<\/p>\n<p>Wok\u00f3\u0142 Jezusa jest du\u017co ludzi, ale s\u0105 te\u017c bardzo r\u00f3\u017cni ludzie. <\/p>\n<p>Spr\u00f3bujmy spojrze\u0107 na ow\u0105 r\u00f3\u017cnorodno\u015b\u0107 ludzi i od ka\u017cdego cz\u0142owieka, grupy ludzi co\u015b wzi\u0105\u0107, a mo\u017ce co\u015b zauwa\u017cy\u0107 w sobie co trzeba zmieni\u0107. <\/p>\n<p>Sp\u00f3jrzmy najpierw na t\u0142um &#8211; \u201eZebra\u0142o si\u0119 zatem tylu ludzi, \u017ce nawet przed drzwiami nie by\u0142o miejsca\u201d. Je\u015bli kto\u015b s\u0142ucha\u0142 dzi\u015b Chlebak, to tam o. Adam ciekawie zauwa\u017ca, \u017ce problemem tych ludzi jest to, \u017ce oni patrz\u0105 na Jezusa i s\u0142uchaj\u0105 Jezusa, ale nie zauwa\u017caj\u0105, \u017ce jest kto\u015b cierpi\u0105cy, potrzebuj\u0105cy, i nie s\u0105 w stanie zrobi\u0107 mu miejsca, by m\u00f3g\u0142 si\u0119 przedosta\u0107 do Jezusa. Oni go nie widz\u0105. <\/p>\n<p>Od tych ludzi mo\u017cemy wzi\u0105\u0107 owo zas\u0142uchanie i zapatrzenie w Jezusa, i to jest pi\u0119kne, jednak nie mo\u017cemy tak si\u0119 zapatrze\u0107 w Jezusa, \u017ce ju\u017c nie zauwa\u017camy drugiego cz\u0142owieka, zw\u0142aszcza potrzebuj\u0105cego, cierpi\u0105cego.<\/p>\n<div>\n<br \/>\n<a name='more'><\/a><\/p>\n<div class=\"separator\" style=\"clear: both; text-align: center;\">\n<a href=\"https:\/\/gaudiumetspes-blog.pl\/wp-content\/uploads\/2019\/01\/DSC_0177-1024x680.jpg\" imageanchor=\"1\" style=\"clear: left; float: left; margin-bottom: 1em; margin-right: 1em;\"><img loading=\"lazy\" decoding=\"async\" border=\"0\" data-original-height=\"1063\" data-original-width=\"1600\" height=\"212\" src=\"https:\/\/gaudiumetspes-blog.pl\/wp-content\/uploads\/2019\/01\/DSC_0177-1024x680.jpg\" width=\"320\" \/><\/a><\/div>\n<p>W tej scenie s\u0105 te\u017c uczeni w Pi\u015bmie &#8211; \u201esiedzia\u0142o tam kilku uczonych w Pi\u015bmie\u201d. <\/p>\n<p>Oni te\u017c s\u0142uchali Jezusa, jednak kiedy Jezus odpu\u015bci\u0142 grzechy sparali\u017cowanemu, oni zacz\u0119li si\u0119 buntowa\u0107 i pos\u0105dza\u0107 Jezusa o blu\u017anierstwo. <\/p>\n<p>Ci ludzie, owszem, s\u0142uchaj\u0105 Jezusa, jednak kiedy Jezus zaczyna m\u00f3wi\u0107 co\u015b co im si\u0119 nie podoba, oni protestuj\u0105. Tu nie ma zaufania do Jezusa, nie ma postawy otwarto\u015bci &#8211;  On Nauczyciel, ja ucze\u0144, wszystko co powie &#8211; przyjmuj\u0119, bo On wie lepiej. Nie, ja wiem, a to co On g\u0142osi musi si\u0119 zgadza\u0107 z moimi pogl\u0105dami. <\/p>\n<p>Jak\u017ce cz\u0119sto i dzi\u015b jest takie podej\u015bcie do nauki Ko\u015bcio\u0142a &#8211; owszem s\u0142ucham, ale je\u015bli co\u015b jest nie po mojej my\u015bli to protestuj\u0119. Nie ma spojrzenia, \u017ce ja mog\u0119 jeszcze czego\u015b nie rozumie\u0107, \u017ce przecie\u017c Ko\u015bci\u00f3\u0142 ma asystencj\u0119 Ducha \u015awi\u0119tego, \u017ce przez Ko\u015bci\u00f3\u0142 sam Pan B\u00f3g m\u00f3wi i dzia\u0142a. Nie, ja wiem lepiej. Je\u015bli Ko\u015bci\u00f3\u0142 nie uczy zgodnie z moimi pogl\u0105dami, to problem Ko\u015bcio\u0142a. <\/p>\n<p>Uczeni w Pi\u015bmie nie widzieli w Jezusie Boga, nie s\u0142uchali Go jak Boga, oni chcieli w Nim znale\u017a\u0107 nieprawd\u0119, pow\u00f3d do krytyki i oskar\u017cenia. Jak ja s\u0142ucham nauki Ko\u015bcio\u0142a, jak ja s\u0142ucham Jezusa? Z wiar\u0105, pokor\u0105 i otwarto\u015bci\u0105?<\/p>\n<p>Kogo jeszcze widzimy w tej scenie? Widzimy 4 m\u0119\u017cczyzn, kt\u00f3rzy przynie\u015bli swojego chorego przyjaciela i po\u0142o\u017cyli go przed Jezusa. <\/p>\n<p>Ludzie pe\u0142ni wiary, pomys\u0142owo\u015bci, kreatywno\u015bci, nie poddaj\u0105cy si\u0119 przy pierwszych trudno\u015bciach. To w\u0142a\u015bnie ich wiara da\u0142a zdrowie duszy i cia\u0142a ich przyjacielowi &#8211; \u201eJezus, widz\u0105c ich wiar\u0119\u201d. Niew\u0105tpliwie s\u0105 to pozytywni ludzie, pe\u0142ni wiary i pomys\u0142owo\u015bci, ale spr\u00f3bujmy i w ich postawie si\u0119 do czego\u015b przyczepi\u0107. Oni pomagaj\u0105 koledze, oni my\u015bl\u0105 jak przynie\u015b\u0107 koleg\u0119, oni go spuszczaj\u0105 przez sufit, ale sami nie s\u0105 przed Jezusem, sami na Jezusa nie patrz\u0105, nie ws\u0142uchuj\u0105 si\u0119 w Jego s\u0142owo. Przynajmniej nic o tym nie wiemy. <\/p>\n<p>Tu jest postawa przeciwna do postawy t\u0142umu &#8211; tam ludzie zapatrzeni i zas\u0142uchani w Jezusa nie widz\u0105 drugiego cz\u0142owieka, cz\u0142owieka potrzebuj\u0105cego, cierpi\u0105cego, tu odwrotnie &#8211; jest organizacja dobroczynna, jest pomoc drugiemu cz\u0142owiekowi, jednak nie ma osobistego kontaktu z Jezusem. To co\u015b podobnego do tego, o czym rozwa\u017cali\u015bmy wczoraj &#8211; tak si\u0119 mo\u017cemy zap\u0119dzi\u0107 w dobre dzie\u0142a, \u017ce nie mamy ju\u017c czasu na modlitw\u0119. <\/p>\n<p>I wreszcie sam sparali\u017cowany. Cz\u0142owiek biedny i chory, ale zapewne jeszcze bardziej biedny i chory wewn\u0119trznie, cz\u0142owiek pogr\u0105\u017cony w grzech. Tak mo\u017cemy s\u0105dzi\u0107 na podstawie tego, \u017ce Jezus zaczyna uzdrowienie od duszy, od odpuszczenia grzech\u00f3w. Jego zewn\u0119trzna fizyczna tragedia, by\u0142a zapewne obrazem jego wewn\u0119trznego stanu, stanu duszy. By\u0107 mo\u017ce jego fizyczna tragedia by\u0142a dla niego zbawienna, dzi\u0119ki temu co dzia\u0142o si\u0119 z jego cia\u0142em, on trafi\u0142 przed Jezusa. Jezus zna\u0142 jego ca\u0142ego, wi\u0119c zaczyna od wyrzucenia grzechu. <\/p>\n<p>Jednak on le\u017cy przed Jezusem s\u0142aby, bez si\u0142y, nie ma \u017cadnych mo\u017cliwo\u015bci, jest zdany na \u0142ask\u0119 Pana. I w tej ca\u0142kowitej bezsilno\u015bci, otrzymuje \u0142ask\u0119 oczyszczenia i uzdrowienia. <\/p>\n<p>Czasem Pan B\u00f3g musi nas doprowadzi\u0107 do takiego stanu, \u017ceby\u015bmy si\u0119 opami\u0119tali i uznali, \u017ce sam, bez Pana, nic nie mog\u0119. Czasem trzeba do\u015bwiadczy\u0107 takiego parali\u017cu, bezsilno\u015bci, \u017ceby uwierzy\u0107, \u017ce moja si\u0142a jest w Bogu a nie w moich mo\u017cliwo\u015bciach. <\/p>\n<p>Spr\u00f3bujmy dzi\u015b dostrzec swoj\u0105 s\u0142abo\u015b\u0107, swoj\u0105 bezsilno\u015b\u0107, swoj\u0105 krucho\u015b\u0107, i w takiej bezsilno\u015bci stan\u0105\u0107 przed Panem. <\/p>\n<p>Ten dzisiejszy obraz, dzisiejsza Ewangelia to te\u017c pi\u0119kny obraz pokazuj\u0105cy si\u0142\u0119 wsp\u00f3lnoty, si\u0142\u0119 modlitwy wstawienniczej, \u017ce najwa\u017cniejsze i najwi\u0119ksze co mo\u017cemy zrobi\u0107 dla drugiego cz\u0142owieka to przynosi\u0107 go przed Jezusa, przynosi\u0107 go nie samemu, ale wsp\u00f3lnie &#8211; gdzie dw\u00f3ch albo trzech\u2026 albo i czterech. <\/p>\n<p>My czasami pr\u00f3bujemy komu\u015b pom\u00f3c, staramy si\u0119, prze\u017cywamy za niego wi\u0119cej ni\u017c on sam, a potem okazuje si\u0119, \u017ce to nic nie daje. A mo\u017ce trzeba by wzmocni\u0107 modlitw\u0119 za tego cz\u0142owieka? Mo\u017ce trzeba innych prosi\u0107 o modlitw\u0119, modli\u0107 si\u0119 wsp\u00f3lnie, wsp\u00f3lnotowo. Tu wida\u0107 ogromn\u0105 si\u0142\u0119 wsp\u00f3lnoty, modlitwy wsp\u00f3lnej, wsp\u00f3lnot modlitewnych. Taka modlitwa niejednego ju\u017c uratowa\u0142a, niejednego jeszcze uratuje. My te\u017c powinni\u015bmy nieustannie prosi\u0107 o modlitw\u0119 za nas, gdy\u017c te\u017c musimy uzna\u0107, \u017ce jeste\u015bmy s\u0142abi. <\/p>\n<p>Kt\u00f3ra z owych grup ludzi, albo konkretnych ludzi, jest nam najbli\u017csza? Nad czym w swoim \u017cyciu duchowym trzeba by nam popracowa\u0107? <\/p>\n<p>Ja r\u00f3wnie\u017c prosz\u0119 Was o modlitw\u0119, modlitw\u0119 za mnie i za moj\u0105 parafi\u0119. <\/p>\n<p>W niedziel\u0119 ruszam do Chanty-Mansyjska, w czwartek do Nojabrska, gdzie w pi\u0119tek, na Nawr\u00f3cenia \u015awi\u0119tego Paw\u0142a b\u0119dzie odpust. W Nojabrsku jest parafia p.w. \u015aw. Paw\u0142a Aposto\u0142a.   <\/p>\n<p>Niech i Wam Pan B\u0142ogos\u0142awi &#8211; w imi\u0119 Ojca + i Syna, i Ducha \u015awi\u0119tego. <\/p>\n<p>Trzymajcie si\u0119!<\/p>\n<p>Z Bogiem.<\/p>\n<table align=\"center\" cellpadding=\"0\" cellspacing=\"0\" class=\"tr-caption-container\" style=\"margin-left: auto; margin-right: auto; text-align: center;\">\n<tbody>\n<tr>\n<td style=\"text-align: center;\"><a href=\"https:\/\/gaudiumetspes-blog.pl\/wp-content\/uploads\/2019\/01\/DSC_0148-1024x680.jpg\" imageanchor=\"1\" style=\"margin-left: auto; margin-right: auto;\"><img loading=\"lazy\" decoding=\"async\" border=\"0\" data-original-height=\"1063\" data-original-width=\"1600\" height=\"212\" src=\"https:\/\/gaudiumetspes-blog.pl\/wp-content\/uploads\/2019\/01\/DSC_0148-1024x680.jpg\" width=\"320\" \/><\/a><\/td>\n<\/tr>\n<tr>\n<td class=\"tr-caption\" style=\"text-align: center;\">Wr\u00f3\u0107my jeszcze do Bo\u017cego Narodzenia <br \/>&#8211; arcydzie\u0142o parafian w Nojabrsku (320 km. na p\u00f3\u0142noc)<\/td>\n<\/tr>\n<\/tbody>\n<\/table>\n<p><\/p>\n<div class=\"separator\" style=\"clear: both; text-align: center;\">\n<a href=\"https:\/\/gaudiumetspes-blog.pl\/wp-content\/uploads\/2019\/01\/DSC_0150-1024x680.jpg\" imageanchor=\"1\" style=\"clear: right; float: right; margin-bottom: 1em; margin-left: 1em;\"><img loading=\"lazy\" decoding=\"async\" border=\"0\" data-original-height=\"1063\" data-original-width=\"1600\" height=\"212\" src=\"https:\/\/gaudiumetspes-blog.pl\/wp-content\/uploads\/2019\/01\/DSC_0150-1024x680.jpg\" width=\"320\" \/><\/a><\/div>\n<p><\/p>\n<div class=\"separator\" style=\"clear: both; text-align: center;\">\n<a href=\"https:\/\/gaudiumetspes-blog.pl\/wp-content\/uploads\/2019\/01\/DSC_0152-1024x680.jpg\" imageanchor=\"1\" style=\"margin-left: 1em; margin-right: 1em;\"><img loading=\"lazy\" decoding=\"async\" border=\"0\" data-original-height=\"1063\" data-original-width=\"1600\" height=\"212\" src=\"https:\/\/gaudiumetspes-blog.pl\/wp-content\/uploads\/2019\/01\/DSC_0152-1024x680.jpg\" width=\"320\" \/><\/a><\/div>\n<p><\/p>\n<table cellpadding=\"0\" cellspacing=\"0\" class=\"tr-caption-container\" style=\"float: left; margin-right: 1em; text-align: left;\">\n<tbody>\n<tr>\n<td style=\"text-align: center;\"><a href=\"https:\/\/gaudiumetspes-blog.pl\/wp-content\/uploads\/2019\/01\/DSC_0201-1024x680.jpg\" imageanchor=\"1\" style=\"clear: left; margin-bottom: 1em; margin-left: auto; margin-right: auto;\"><img loading=\"lazy\" decoding=\"async\" border=\"0\" data-original-height=\"1063\" data-original-width=\"1600\" height=\"212\" src=\"https:\/\/gaudiumetspes-blog.pl\/wp-content\/uploads\/2019\/01\/DSC_0201-1024x680.jpg\" width=\"320\" \/><\/a><\/td>\n<\/tr>\n<tr>\n<td class=\"tr-caption\" style=\"text-align: center;\">A tu i poni\u017cej arcydzie\u0142o parafian w Uraju <br \/>(730 km. na po\u0142udniowy zach\u00f3d)<\/td>\n<\/tr>\n<\/tbody>\n<\/table>\n<p><\/p>\n<div class=\"separator\" style=\"clear: both; text-align: center;\">\n<a href=\"https:\/\/gaudiumetspes-blog.pl\/wp-content\/uploads\/2019\/01\/DSC_0205-680x1024.jpg\" imageanchor=\"1\" style=\"margin-left: 1em; margin-right: 1em;\"><img loading=\"lazy\" decoding=\"async\" border=\"0\" data-original-height=\"1600\" data-original-width=\"1063\" height=\"320\" src=\"https:\/\/gaudiumetspes-blog.pl\/wp-content\/uploads\/2019\/01\/DSC_0205-680x1024.jpg\" width=\"212\" \/><\/a><\/div>\n<p><\/p>\n<table cellpadding=\"0\" cellspacing=\"0\" class=\"tr-caption-container\" style=\"float: right; margin-left: 1em; text-align: right;\">\n<tbody>\n<tr>\n<td style=\"text-align: center;\"><a href=\"https:\/\/gaudiumetspes-blog.pl\/wp-content\/uploads\/2019\/01\/DSC_0208-1024x680.jpg\" imageanchor=\"1\" style=\"clear: right; margin-bottom: 1em; margin-left: auto; margin-right: auto;\"><img loading=\"lazy\" decoding=\"async\" border=\"0\" data-original-height=\"1063\" data-original-width=\"1600\" height=\"212\" src=\"https:\/\/gaudiumetspes-blog.pl\/wp-content\/uploads\/2019\/01\/DSC_0208-1024x680.jpg\" width=\"320\" \/><\/a><\/td>\n<\/tr>\n<tr>\n<td class=\"tr-caption\" style=\"text-align: center;\">Sala wynaj\u0119ta na 1 Msz\u0119 \u015aw. &#8211; dekorowali parafianie<\/td>\n<\/tr>\n<\/tbody>\n<\/table>\n<p><\/p>\n<div class=\"separator\" style=\"clear: both; text-align: center;\">\n<a href=\"https:\/\/gaudiumetspes-blog.pl\/wp-content\/uploads\/2019\/01\/DSC_0214-1024x680.jpg\" imageanchor=\"1\" style=\"margin-left: 1em; margin-right: 1em;\"><img loading=\"lazy\" decoding=\"async\" border=\"0\" data-original-height=\"1063\" data-original-width=\"1600\" height=\"212\" src=\"https:\/\/gaudiumetspes-blog.pl\/wp-content\/uploads\/2019\/01\/DSC_0214-1024x680.jpg\" width=\"320\" \/><\/a><\/div>\n<p><\/p>\n<div class=\"separator\" style=\"clear: both; text-align: center;\">\n<a href=\"https:\/\/gaudiumetspes-blog.pl\/wp-content\/uploads\/2019\/01\/DSC_0221-1024x680.jpg\" imageanchor=\"1\" style=\"clear: left; float: left; margin-bottom: 1em; margin-right: 1em;\"><img loading=\"lazy\" decoding=\"async\" border=\"0\" data-original-height=\"1063\" data-original-width=\"1600\" height=\"212\" src=\"https:\/\/gaudiumetspes-blog.pl\/wp-content\/uploads\/2019\/01\/DSC_0221-1024x680.jpg\" width=\"320\" \/><\/a><\/div>\n<p><\/p>\n<div class=\"separator\" style=\"clear: both; text-align: center;\">\n<a href=\"https:\/\/gaudiumetspes-blog.pl\/wp-content\/uploads\/2019\/01\/DSC_0230-1024x680.jpg\" imageanchor=\"1\" style=\"margin-left: 1em; margin-right: 1em;\"><img loading=\"lazy\" decoding=\"async\" border=\"0\" data-original-height=\"1063\" data-original-width=\"1600\" height=\"212\" src=\"https:\/\/gaudiumetspes-blog.pl\/wp-content\/uploads\/2019\/01\/DSC_0230-1024x680.jpg\" width=\"320\" \/><\/a><\/div>\n<p><\/p>\n<div class=\"separator\" style=\"clear: both; text-align: center;\">\n<a href=\"https:\/\/gaudiumetspes-blog.pl\/wp-content\/uploads\/2019\/01\/DSC_0234-1024x680.jpg\" imageanchor=\"1\" style=\"clear: right; float: right; margin-bottom: 1em; margin-left: 1em;\"><img loading=\"lazy\" decoding=\"async\" border=\"0\" data-original-height=\"1063\" data-original-width=\"1600\" height=\"212\" src=\"https:\/\/gaudiumetspes-blog.pl\/wp-content\/uploads\/2019\/01\/DSC_0234-1024x680.jpg\" width=\"320\" \/><\/a><\/div>\n<p><\/p>\n<table align=\"center\" cellpadding=\"0\" cellspacing=\"0\" class=\"tr-caption-container\" style=\"margin-left: auto; margin-right: auto; text-align: center;\">\n<tbody>\n<tr>\n<td style=\"text-align: center;\"><a href=\"https:\/\/gaudiumetspes-blog.pl\/wp-content\/uploads\/2019\/01\/DSC_0259-1024x680.jpg\" imageanchor=\"1\" style=\"margin-left: auto; margin-right: auto;\"><img loading=\"lazy\" decoding=\"async\" border=\"0\" data-original-height=\"1063\" data-original-width=\"1600\" height=\"212\" src=\"https:\/\/gaudiumetspes-blog.pl\/wp-content\/uploads\/2019\/01\/DSC_0259-1024x680.jpg\" width=\"320\" \/><\/a><\/td>\n<\/tr>\n<tr>\n<td class=\"tr-caption\" style=\"text-align: center;\">I nasze niezmordowane Anio\u0142y&nbsp;<\/td>\n<\/tr>\n<\/tbody>\n<\/table>\n<p><\/p>\n<div class=\"separator\" style=\"clear: both; text-align: center;\">\n<\/div>\n<\/div>\n","protected":false},"excerpt":{"rendered":"<p>(Hbr 4, 1-5. 11) Bracia: L\u0119kajmy si\u0119, gdy jeszcze trwa obietnica wej\u015bcia do Bo\u017cego odpoczynku, aby kto\u015b z was nie mniema\u0142, i\u017c jest jej pozbawiony. Albowiem i my otrzymali\u015bmy dobr\u0105 nowin\u0119, tak jak i tamci, lecz tamtym s\u0142owo us\u0142yszane nie by\u0142o pomocne, gdy\u017c nie \u0142\u0105czyli si\u0119 przez wiar\u0119 z tymi, kt\u00f3rzy je us\u0142yszeli. Wchodzimy istotnie [&hellip;]<\/p>\n","protected":false},"author":1,"featured_media":0,"comment_status":"open","ping_status":"open","sticky":false,"template":"","format":"standard","meta":{"jetpack_post_was_ever_published":false,"_jetpack_newsletter_access":"","_jetpack_dont_email_post_to_subs":false,"_jetpack_newsletter_tier_id":0,"_jetpack_memberships_contains_paywalled_content":false,"_jetpack_memberships_contains_paid_content":false,"footnotes":""},"categories":[1],"tags":[],"class_list":["post-14719","post","type-post","status-publish","format-standard","hentry","category-bez-kategorii"],"yoast_head":"<!-- This site is optimized with the Yoast SEO plugin v25.1 - https:\/\/yoast.com\/wordpress\/plugins\/seo\/ -->\n<title>Si\u0142a wsp\u00f3lnej modlitwy - Gaudium Et Spes<\/title>\n<meta name=\"robots\" content=\"index, follow, max-snippet:-1, max-image-preview:large, max-video-preview:-1\" \/>\n<link rel=\"canonical\" href=\"https:\/\/gaudiumetspes-blog.pl\/index.php\/2019\/01\/18\/sia-wspolnej-modlitwy\/\" \/>\n<meta property=\"og:locale\" content=\"pl_PL\" \/>\n<meta property=\"og:type\" content=\"article\" \/>\n<meta property=\"og:title\" content=\"Si\u0142a wsp\u00f3lnej modlitwy - Gaudium Et Spes\" \/>\n<meta property=\"og:description\" content=\"(Hbr 4, 1-5. 11) Bracia: L\u0119kajmy si\u0119, gdy jeszcze trwa obietnica wej\u015bcia do Bo\u017cego odpoczynku, aby kto\u015b z was nie mniema\u0142, i\u017c jest jej pozbawiony. Albowiem i my otrzymali\u015bmy dobr\u0105 nowin\u0119, tak jak i tamci, lecz tamtym s\u0142owo us\u0142yszane nie by\u0142o pomocne, gdy\u017c nie \u0142\u0105czyli si\u0119 przez wiar\u0119 z tymi, kt\u00f3rzy je us\u0142yszeli. Wchodzimy istotnie [&hellip;]\" \/>\n<meta property=\"og:url\" content=\"https:\/\/gaudiumetspes-blog.pl\/index.php\/2019\/01\/18\/sia-wspolnej-modlitwy\/\" \/>\n<meta property=\"og:site_name\" content=\"Gaudium Et Spes\" \/>\n<meta property=\"article:published_time\" content=\"2019-01-18T07:41:00+00:00\" \/>\n<meta property=\"article:modified_time\" content=\"2019-07-31T10:59:14+00:00\" \/>\n<meta property=\"og:image\" content=\"https:\/\/gaudiumetspes-blog.pl\/wp-content\/uploads\/2019\/01\/DSC_0238-1024x680.jpg\" \/>\n<meta name=\"author\" content=\"Ks. Jacek\" \/>\n<meta name=\"twitter:card\" content=\"summary_large_image\" \/>\n<meta name=\"twitter:label1\" content=\"Napisane przez\" \/>\n\t<meta name=\"twitter:data1\" content=\"Ks. Jacek\" \/>\n\t<meta name=\"twitter:label2\" content=\"Szacowany czas czytania\" \/>\n\t<meta name=\"twitter:data2\" content=\"7 minut\" \/>\n<script type=\"application\/ld+json\" class=\"yoast-schema-graph\">{\"@context\":\"https:\/\/schema.org\",\"@graph\":[{\"@type\":\"WebPage\",\"@id\":\"https:\/\/gaudiumetspes-blog.pl\/index.php\/2019\/01\/18\/sia-wspolnej-modlitwy\/\",\"url\":\"https:\/\/gaudiumetspes-blog.pl\/index.php\/2019\/01\/18\/sia-wspolnej-modlitwy\/\",\"name\":\"Si\u0142a wsp\u00f3lnej modlitwy - Gaudium Et Spes\",\"isPartOf\":{\"@id\":\"https:\/\/gaudiumetspes-blog.pl\/#website\"},\"primaryImageOfPage\":{\"@id\":\"https:\/\/gaudiumetspes-blog.pl\/index.php\/2019\/01\/18\/sia-wspolnej-modlitwy\/#primaryimage\"},\"image\":{\"@id\":\"https:\/\/gaudiumetspes-blog.pl\/index.php\/2019\/01\/18\/sia-wspolnej-modlitwy\/#primaryimage\"},\"thumbnailUrl\":\"https:\/\/gaudiumetspes-blog.pl\/wp-content\/uploads\/2019\/01\/DSC_0238-1024x680.jpg\",\"datePublished\":\"2019-01-18T07:41:00+00:00\",\"dateModified\":\"2019-07-31T10:59:14+00:00\",\"author\":{\"@id\":\"https:\/\/gaudiumetspes-blog.pl\/#\/schema\/person\/1661982992b752dea8dff0d4ed845a65\"},\"breadcrumb\":{\"@id\":\"https:\/\/gaudiumetspes-blog.pl\/index.php\/2019\/01\/18\/sia-wspolnej-modlitwy\/#breadcrumb\"},\"inLanguage\":\"pl-PL\",\"potentialAction\":[{\"@type\":\"ReadAction\",\"target\":[\"https:\/\/gaudiumetspes-blog.pl\/index.php\/2019\/01\/18\/sia-wspolnej-modlitwy\/\"]}]},{\"@type\":\"ImageObject\",\"inLanguage\":\"pl-PL\",\"@id\":\"https:\/\/gaudiumetspes-blog.pl\/index.php\/2019\/01\/18\/sia-wspolnej-modlitwy\/#primaryimage\",\"url\":\"https:\/\/gaudiumetspes-blog.pl\/wp-content\/uploads\/2019\/01\/DSC_0238-1024x680.jpg\",\"contentUrl\":\"https:\/\/gaudiumetspes-blog.pl\/wp-content\/uploads\/2019\/01\/DSC_0238-1024x680.jpg\"},{\"@type\":\"BreadcrumbList\",\"@id\":\"https:\/\/gaudiumetspes-blog.pl\/index.php\/2019\/01\/18\/sia-wspolnej-modlitwy\/#breadcrumb\",\"itemListElement\":[{\"@type\":\"ListItem\",\"position\":1,\"name\":\"Strona g\u0142\u00f3wna\",\"item\":\"https:\/\/gaudiumetspes-blog.pl\/\"},{\"@type\":\"ListItem\",\"position\":2,\"name\":\"Si\u0142a wsp\u00f3lnej modlitwy\"}]},{\"@type\":\"WebSite\",\"@id\":\"https:\/\/gaudiumetspes-blog.pl\/#website\",\"url\":\"https:\/\/gaudiumetspes-blog.pl\/\",\"name\":\"Gaudium Et Spes\",\"description\":\"Blog Ks. Jacka Ja\u015bkowskiego\",\"potentialAction\":[{\"@type\":\"SearchAction\",\"target\":{\"@type\":\"EntryPoint\",\"urlTemplate\":\"https:\/\/gaudiumetspes-blog.pl\/?s={search_term_string}\"},\"query-input\":{\"@type\":\"PropertyValueSpecification\",\"valueRequired\":true,\"valueName\":\"search_term_string\"}}],\"inLanguage\":\"pl-PL\"},{\"@type\":\"Person\",\"@id\":\"https:\/\/gaudiumetspes-blog.pl\/#\/schema\/person\/1661982992b752dea8dff0d4ed845a65\",\"name\":\"Ks. Jacek\",\"image\":{\"@type\":\"ImageObject\",\"inLanguage\":\"pl-PL\",\"@id\":\"https:\/\/gaudiumetspes-blog.pl\/#\/schema\/person\/image\/\",\"url\":\"https:\/\/gaudiumetspes-blog.pl\/wp-content\/uploads\/2019\/07\/avatar-JJ-150x150.jpg\",\"contentUrl\":\"https:\/\/gaudiumetspes-blog.pl\/wp-content\/uploads\/2019\/07\/avatar-JJ-150x150.jpg\",\"caption\":\"Ks. Jacek\"},\"description\":\"Witam serdecznie! K\u0142ania si\u0119 Ks. Jacek Ja\u015bkowski. Nie jestem ani kim\u015b wa\u017cnym, ani kim\u015b znanym. Jestem ksi\u0119dzem, kt\u00f3ry po prostu chce rozmawia\u0107. Codzienna kap\u0142a\u0144ska pos\u0142uga pokazuje mi, \u017ce temat\u00f3w do rozm\u00f3w z ksi\u0119dzem jest coraz wi\u0119cej i dzisiaj \u017caden ksi\u0105dz nie mo\u017ce od nich ucieka\u0107, ale - wprost przeciwnie - podejmowa\u0107 nowe wyzwania. To przekonanie sk\u0142oni\u0142o mnie do pr\u00f3by otwarcia tego\u017c bloga, chocia\u017c okazji do rozm\u00f3w na co dzie\u0144 - w konfesjonale i poza nim - na szcz\u0119\u015bcie nie brakuje. My\u015bl\u0119 jednak, \u017ce ten blog b\u0119dzie jeszcze jednym sposobem i przestrzeni\u0105 nawi\u0105zania kontaktu z lud\u017ami dobrej woli, otwartymi na dialog.\",\"url\":\"https:\/\/gaudiumetspes-blog.pl\/index.php\/author\/ks-jacek\/\"}]}<\/script>\n<!-- \/ Yoast SEO plugin. -->","yoast_head_json":{"title":"Si\u0142a wsp\u00f3lnej modlitwy - Gaudium Et Spes","robots":{"index":"index","follow":"follow","max-snippet":"max-snippet:-1","max-image-preview":"max-image-preview:large","max-video-preview":"max-video-preview:-1"},"canonical":"https:\/\/gaudiumetspes-blog.pl\/index.php\/2019\/01\/18\/sia-wspolnej-modlitwy\/","og_locale":"pl_PL","og_type":"article","og_title":"Si\u0142a wsp\u00f3lnej modlitwy - Gaudium Et Spes","og_description":"(Hbr 4, 1-5. 11) Bracia: L\u0119kajmy si\u0119, gdy jeszcze trwa obietnica wej\u015bcia do Bo\u017cego odpoczynku, aby kto\u015b z was nie mniema\u0142, i\u017c jest jej pozbawiony. Albowiem i my otrzymali\u015bmy dobr\u0105 nowin\u0119, tak jak i tamci, lecz tamtym s\u0142owo us\u0142yszane nie by\u0142o pomocne, gdy\u017c nie \u0142\u0105czyli si\u0119 przez wiar\u0119 z tymi, kt\u00f3rzy je us\u0142yszeli. Wchodzimy istotnie [&hellip;]","og_url":"https:\/\/gaudiumetspes-blog.pl\/index.php\/2019\/01\/18\/sia-wspolnej-modlitwy\/","og_site_name":"Gaudium Et Spes","article_published_time":"2019-01-18T07:41:00+00:00","article_modified_time":"2019-07-31T10:59:14+00:00","og_image":[{"url":"https:\/\/gaudiumetspes-blog.pl\/wp-content\/uploads\/2019\/01\/DSC_0238-1024x680.jpg","type":"","width":"","height":""}],"author":"Ks. Jacek","twitter_card":"summary_large_image","twitter_misc":{"Napisane przez":"Ks. Jacek","Szacowany czas czytania":"7 minut"},"schema":{"@context":"https:\/\/schema.org","@graph":[{"@type":"WebPage","@id":"https:\/\/gaudiumetspes-blog.pl\/index.php\/2019\/01\/18\/sia-wspolnej-modlitwy\/","url":"https:\/\/gaudiumetspes-blog.pl\/index.php\/2019\/01\/18\/sia-wspolnej-modlitwy\/","name":"Si\u0142a wsp\u00f3lnej modlitwy - Gaudium Et Spes","isPartOf":{"@id":"https:\/\/gaudiumetspes-blog.pl\/#website"},"primaryImageOfPage":{"@id":"https:\/\/gaudiumetspes-blog.pl\/index.php\/2019\/01\/18\/sia-wspolnej-modlitwy\/#primaryimage"},"image":{"@id":"https:\/\/gaudiumetspes-blog.pl\/index.php\/2019\/01\/18\/sia-wspolnej-modlitwy\/#primaryimage"},"thumbnailUrl":"https:\/\/gaudiumetspes-blog.pl\/wp-content\/uploads\/2019\/01\/DSC_0238-1024x680.jpg","datePublished":"2019-01-18T07:41:00+00:00","dateModified":"2019-07-31T10:59:14+00:00","author":{"@id":"https:\/\/gaudiumetspes-blog.pl\/#\/schema\/person\/1661982992b752dea8dff0d4ed845a65"},"breadcrumb":{"@id":"https:\/\/gaudiumetspes-blog.pl\/index.php\/2019\/01\/18\/sia-wspolnej-modlitwy\/#breadcrumb"},"inLanguage":"pl-PL","potentialAction":[{"@type":"ReadAction","target":["https:\/\/gaudiumetspes-blog.pl\/index.php\/2019\/01\/18\/sia-wspolnej-modlitwy\/"]}]},{"@type":"ImageObject","inLanguage":"pl-PL","@id":"https:\/\/gaudiumetspes-blog.pl\/index.php\/2019\/01\/18\/sia-wspolnej-modlitwy\/#primaryimage","url":"https:\/\/gaudiumetspes-blog.pl\/wp-content\/uploads\/2019\/01\/DSC_0238-1024x680.jpg","contentUrl":"https:\/\/gaudiumetspes-blog.pl\/wp-content\/uploads\/2019\/01\/DSC_0238-1024x680.jpg"},{"@type":"BreadcrumbList","@id":"https:\/\/gaudiumetspes-blog.pl\/index.php\/2019\/01\/18\/sia-wspolnej-modlitwy\/#breadcrumb","itemListElement":[{"@type":"ListItem","position":1,"name":"Strona g\u0142\u00f3wna","item":"https:\/\/gaudiumetspes-blog.pl\/"},{"@type":"ListItem","position":2,"name":"Si\u0142a wsp\u00f3lnej modlitwy"}]},{"@type":"WebSite","@id":"https:\/\/gaudiumetspes-blog.pl\/#website","url":"https:\/\/gaudiumetspes-blog.pl\/","name":"Gaudium Et Spes","description":"Blog Ks. Jacka Ja\u015bkowskiego","potentialAction":[{"@type":"SearchAction","target":{"@type":"EntryPoint","urlTemplate":"https:\/\/gaudiumetspes-blog.pl\/?s={search_term_string}"},"query-input":{"@type":"PropertyValueSpecification","valueRequired":true,"valueName":"search_term_string"}}],"inLanguage":"pl-PL"},{"@type":"Person","@id":"https:\/\/gaudiumetspes-blog.pl\/#\/schema\/person\/1661982992b752dea8dff0d4ed845a65","name":"Ks. Jacek","image":{"@type":"ImageObject","inLanguage":"pl-PL","@id":"https:\/\/gaudiumetspes-blog.pl\/#\/schema\/person\/image\/","url":"https:\/\/gaudiumetspes-blog.pl\/wp-content\/uploads\/2019\/07\/avatar-JJ-150x150.jpg","contentUrl":"https:\/\/gaudiumetspes-blog.pl\/wp-content\/uploads\/2019\/07\/avatar-JJ-150x150.jpg","caption":"Ks. Jacek"},"description":"Witam serdecznie! K\u0142ania si\u0119 Ks. Jacek Ja\u015bkowski. Nie jestem ani kim\u015b wa\u017cnym, ani kim\u015b znanym. Jestem ksi\u0119dzem, kt\u00f3ry po prostu chce rozmawia\u0107. Codzienna kap\u0142a\u0144ska pos\u0142uga pokazuje mi, \u017ce temat\u00f3w do rozm\u00f3w z ksi\u0119dzem jest coraz wi\u0119cej i dzisiaj \u017caden ksi\u0105dz nie mo\u017ce od nich ucieka\u0107, ale - wprost przeciwnie - podejmowa\u0107 nowe wyzwania. To przekonanie sk\u0142oni\u0142o mnie do pr\u00f3by otwarcia tego\u017c bloga, chocia\u017c okazji do rozm\u00f3w na co dzie\u0144 - w konfesjonale i poza nim - na szcz\u0119\u015bcie nie brakuje. My\u015bl\u0119 jednak, \u017ce ten blog b\u0119dzie jeszcze jednym sposobem i przestrzeni\u0105 nawi\u0105zania kontaktu z lud\u017ami dobrej woli, otwartymi na dialog.","url":"https:\/\/gaudiumetspes-blog.pl\/index.php\/author\/ks-jacek\/"}]}},"jetpack_featured_media_url":"","jetpack_sharing_enabled":true,"_links":{"self":[{"href":"https:\/\/gaudiumetspes-blog.pl\/index.php\/wp-json\/wp\/v2\/posts\/14719","targetHints":{"allow":["GET"]}}],"collection":[{"href":"https:\/\/gaudiumetspes-blog.pl\/index.php\/wp-json\/wp\/v2\/posts"}],"about":[{"href":"https:\/\/gaudiumetspes-blog.pl\/index.php\/wp-json\/wp\/v2\/types\/post"}],"author":[{"embeddable":true,"href":"https:\/\/gaudiumetspes-blog.pl\/index.php\/wp-json\/wp\/v2\/users\/1"}],"replies":[{"embeddable":true,"href":"https:\/\/gaudiumetspes-blog.pl\/index.php\/wp-json\/wp\/v2\/comments?post=14719"}],"version-history":[{"count":1,"href":"https:\/\/gaudiumetspes-blog.pl\/index.php\/wp-json\/wp\/v2\/posts\/14719\/revisions"}],"predecessor-version":[{"id":14896,"href":"https:\/\/gaudiumetspes-blog.pl\/index.php\/wp-json\/wp\/v2\/posts\/14719\/revisions\/14896"}],"wp:attachment":[{"href":"https:\/\/gaudiumetspes-blog.pl\/index.php\/wp-json\/wp\/v2\/media?parent=14719"}],"wp:term":[{"taxonomy":"category","embeddable":true,"href":"https:\/\/gaudiumetspes-blog.pl\/index.php\/wp-json\/wp\/v2\/categories?post=14719"},{"taxonomy":"post_tag","embeddable":true,"href":"https:\/\/gaudiumetspes-blog.pl\/index.php\/wp-json\/wp\/v2\/tags?post=14719"}],"curies":[{"name":"wp","href":"https:\/\/api.w.org\/{rel}","templated":true}]}}