{"id":14721,"date":"2019-01-16T05:52:00","date_gmt":"2019-01-16T04:52:00","guid":{"rendered":"https:\/\/gaudiumetspes-blog.pl\/index.php\/2019\/01\/16\/jezus-tak-bardzo-ludzki\/"},"modified":"2019-07-31T12:58:51","modified_gmt":"2019-07-31T10:58:51","slug":"jezus-tak-bardzo-ludzki","status":"publish","type":"post","link":"https:\/\/gaudiumetspes-blog.pl\/index.php\/2019\/01\/16\/jezus-tak-bardzo-ludzki\/","title":{"rendered":"Jezus &#8211; tak bardzo &#8222;ludzki&#8221;!"},"content":{"rendered":"<p><\/p>\n<div align=\"justify\" style=\"font-weight: normal; line-height: 150%; margin-bottom: 0cm;\">\n<span style=\"color: black;\"><span style=\"font-family: Book Antiqua, serif;\"><span style=\"font-size: x-large;\">Szcz\u0119\u015b\u0107<br \/>\nBo\u017ce! Moi Drodzy, w dniu dzisiejszym <b>imieniny i urodziny prze\u017cywa<br \/>\nPan W\u0142odzimierz Olender, niezwykle \u017cyczliwy mi Cz\u0142owiek z<br \/>\nCelestynowa, Ojciec mojego Lektora Szymona. Dzi\u0119kuj\u0105c Panu W\u0142odkowi<br \/>\nza rodzinn\u0105 blisko\u015b\u0107, \u017cycz\u0119, aby swoj\u0105 modlitw\u0105 i przyk\u0142adem<br \/>\nw\u0142asnej postawy budowa\u0142 Bo\u017c\u0105 atmosfer\u0119 w swojej Rodzinie.<br \/>\nZapewniam o modlitwie!<\/b><\/span><\/span><\/span><\/div>\n<div align=\"justify\" style=\"background: transparent; font-weight: normal; line-height: 150%; margin-bottom: 0cm; page-break-before: auto; text-indent: 1.3cm;\">\n<span style=\"color: black;\"><span style=\"font-family: Book Antiqua, serif;\"><span style=\"font-size: x-large;\">A<br \/>\nw naszej blogowej Rodzinie przez najbli\u017csze dwa dni Bo\u017c\u0105 atmosfer\u0119<br \/>\nb\u0119dzie budowa\u0142 Ksi\u0105dz Marek. Znaczy to po prostu \u2013 s\u0142\u00f3wko z<br \/>\nSyberii!<\/span><\/span><\/span><\/div>\n<div align=\"center\" style=\"font-weight: normal; line-height: 150%; margin-bottom: 0cm;\">\n<span style=\"color: black;\"><span style=\"font-family: Book Antiqua, serif;\"><span style=\"font-size: x-large;\">Gaudium<br \/>\net spes!  Ks. Jacek<\/span><\/span><\/span><\/div>\n<div align=\"justify\" style=\"line-height: 150%; margin-bottom: 0cm;\">\n<span style=\"font-size: x-large;\"><\/p>\n<p><\/span><\/div>\n<div align=\"justify\" style=\"line-height: 150%; margin-bottom: 0cm;\">\n<span style=\"color: black;\"><span style=\"font-family: Book Antiqua, serif;\"><span style=\"font-size: x-large;\"><b>\u015aroda<br \/>\n1 Tygodnia zwyk\u0142ego, rok I,<\/b><\/span><\/span><\/span><\/div>\n<div align=\"justify\" style=\"line-height: 150%; margin-bottom: 0cm;\">\n<span style=\"color: black;\"><span style=\"font-family: Book Antiqua, serif;\"><span style=\"font-size: x-large;\"><b>do<br \/>\nczyta\u0144:  Hbr 2,14\u201318;  Mk 1,29\u201339<\/b><\/span><\/span><\/span><\/div>\n<div align=\"justify\" style=\"line-height: 150%; margin-bottom: 0cm;\">\n<span style=\"font-size: x-large;\"><\/p>\n<p><\/span><\/div>\n<div align=\"justify\" style=\"font-style: normal; font-variant: normal; letter-spacing: normal; line-height: 150%; margin-bottom: 0cm;\">\n<span style=\"color: black;\"><span style=\"font-family: Book Antiqua, serif;\"><span style=\"font-size: x-large;\"><b>CZYTANIE<br \/>\nZ LISTU DO HEBRAJCZYK\u00d3W:<\/b><\/span><\/span><\/span><\/div>\n<div align=\"justify\" style=\"background: transparent; font-style: normal; font-variant: normal; letter-spacing: normal; line-height: 150%; margin-bottom: 0cm; page-break-before: auto; text-indent: 1.3cm;\">\n<span style=\"font-size: x-large;\"><span style=\"color: black;\"><span style=\"font-family: Book Antiqua, serif;\"><b>Poniewa\u017c<br \/>\ndzieci uczestnicz\u0105 we krwi i ciele, dlatego i Jezus tak\u017ce bez<br \/>\n\u017cadnej r\u00f3\u017cnicy sta\u0142 si\u0119 ich uczestnikiem, aby przez \u015bmier\u0107<br \/>\npokona\u0107 tego, kt\u00f3ry dzier\u017cy\u0142 w\u0142adz\u0119 nad \u015bmierci\u0105, to jest<br \/>\ndiab\u0142a, i aby uwolni\u0107 tych wszystkich, kt\u00f3rzy przez ca\u0142e \u017cycie<br \/>\nprzez boja\u017a\u0144 \u015bmierci podlegli byli niewoli. <\/b><\/span><\/span><br \/>\n<\/span><\/div>\n<div align=\"justify\" style=\"background: transparent; font-style: normal; font-variant: normal; letter-spacing: normal; line-height: 150%; margin-bottom: 0cm; text-indent: 1.3cm;\">\n<span style=\"color: black;\"><span style=\"font-family: Book Antiqua, serif;\"><span style=\"font-size: x-large;\"><b>Zaiste<br \/>\nbowiem nie anio\u0142\u00f3w przygarnia, ale przygarnia potomstwo Abrahamowe.<br \/>\nDlatego musia\u0142 si\u0119 upodobni\u0107 pod ka\u017cdym wzgl\u0119dem do braci, aby<br \/>\nsta\u0142 si\u0119 mi\u0142osiernym i wiernym arcykap\u0142anem wobec Boga dla<br \/>\nprzeb\u0142agania za grzechy ludu.<\/b><\/span><\/span><\/span><\/div>\n<div align=\"justify\" style=\"background: transparent; font-style: normal; font-variant: normal; letter-spacing: normal; line-height: 150%; margin-bottom: 0cm; text-indent: 1.3cm;\">\n<span style=\"color: black;\"><span style=\"font-family: Book Antiqua, serif;\"><span style=\"font-size: x-large;\"><b>W<br \/>\nczym bowiem sam cierpia\u0142 b\u0119d\u0105c do\u015bwiadczany, w tym mo\u017ce przyj\u015b\u0107<br \/>\nz pomoc\u0105 tym, kt\u00f3rzy s\u0105 poddani pr\u00f3bom.<\/b><\/span><\/span><\/span><\/div>\n<div align=\"justify\" style=\"line-height: 150%; margin-bottom: 0cm;\">\n<span style=\"font-size: x-large;\"><\/p>\n<p><\/span><\/div>\n<div align=\"justify\" style=\"font-style: normal; font-variant: normal; letter-spacing: normal; line-height: 150%; margin-bottom: 0cm;\">\n<span style=\"color: black;\"><span style=\"font-family: Book Antiqua, serif;\"><span style=\"font-size: x-large;\"><b>S\u0141OWA<br \/>\nEWANGELII WED\u0141UG \u015aWI\u0118TEGO MARKA:<\/b><\/span><\/span><\/span><\/div>\n<div align=\"justify\" style=\"background: transparent; font-style: normal; font-variant: normal; letter-spacing: normal; line-height: 150%; margin-bottom: 0cm; page-break-before: auto; text-indent: 1.3cm;\">\n<span style=\"color: black;\"><span style=\"font-family: Book Antiqua, serif;\"><span style=\"font-size: x-large;\"><b>Po<br \/>\nwyj\u015bciu z synagogi Jezus przyszed\u0142 z Jakubem i Janem do domu<br \/>\nSzymona i Andrzeja. Te\u015bciowa za\u015b Szymona le\u017ca\u0142a w gor\u0105czce.<br \/>\nZaraz powiedzieli Mu o niej. On podszed\u0142 do niej i podni\u00f3s\u0142 j\u0105<br \/>\nuj\u0105wszy za r\u0119k\u0119. Gor\u0105czka j\u0105 opu\u015bci\u0142a i us\u0142ugiwa\u0142a im.<\/b><\/span><\/span><\/span><\/div>\n<div align=\"justify\" style=\"background: transparent; font-style: normal; font-variant: normal; letter-spacing: normal; line-height: 150%; margin-bottom: 0cm; text-indent: 1.3cm;\">\n<span style=\"color: black;\"><span style=\"font-family: Book Antiqua, serif;\"><span style=\"font-size: x-large;\"><b>Z<br \/>\nnastaniem wieczora, gdy s\u0142o\u0144ce zasz\u0142o, przynosili do Niego<br \/>\nwszystkich chorych i op\u0119tanych; i ca\u0142e miasto by\u0142o zebrane u<br \/>\ndrzwi. Uzdrowi\u0142 wielu dotkni\u0119tych rozmaitymi chorobami i wiele<br \/>\nz\u0142ych duch\u00f3w wyrzuci\u0142, lecz nie pozwala\u0142 z\u0142ym duchom m\u00f3wi\u0107,<br \/>\nponiewa\u017c wiedzia\u0142y, kim On jest.<\/b><\/span><\/span><\/span><\/div>\n<div align=\"justify\" style=\"background: transparent; font-style: normal; font-variant: normal; letter-spacing: normal; line-height: 150%; margin-bottom: 0cm; text-indent: 1.3cm;\">\n<span style=\"font-size: x-large;\"><span style=\"color: black;\"><span style=\"font-family: Book Antiqua, serif;\"><b>Nad<br \/>\nranem, gdy jeszcze by\u0142o ciemno, wsta\u0142, wyszed\u0142 i uda\u0142 si\u0119 na<br \/>\nmiejsce pustynne, i tam si\u0119 modli\u0142. Po\u015bpieszy\u0142 za Nim Szymon z<br \/>\ntowarzyszami, a gdy Go znale\u017ali, powiedzieli Mu: \u201eWszyscy Ci\u0119<br \/>\nszukaj\u0105\u201d. <\/b><\/span><\/span><br \/>\n<\/span><\/div>\n<div align=\"justify\" style=\"background: transparent; font-style: normal; font-variant: normal; letter-spacing: normal; line-height: 150%; margin-bottom: 0cm; text-indent: 1.3cm;\">\n<span style=\"color: black;\"><span style=\"font-family: Book Antiqua, serif;\"><span style=\"font-size: x-large;\"><b>Lecz<br \/>\nOn rzek\u0142 do nich: \u201eP\u00f3jd\u017amy gdzie indziej, do s\u0105siednich<br \/>\nmiejscowo\u015bci, abym i tam m\u00f3g\u0142 naucza\u0107, bo na to wyszed\u0142em\u201d. I<br \/>\nchodzi\u0142 po ca\u0142ej Galilei, nauczaj\u0105c w ich synagogach i wyrzucaj\u0105c<br \/>\nz\u0142e duchy.<\/b><\/span><\/span><\/span><\/div>\n<div align=\"justify\" style=\"line-height: 150%; margin-bottom: 0cm;\">\n<span style=\"font-size: x-large;\"><\/p>\n<p><\/span><\/div>\n<div align=\"justify\" style=\"background: transparent; font-style: normal; font-variant: normal; font-weight: normal; letter-spacing: normal; line-height: 150%; margin-bottom: 0cm; page-break-before: auto; text-indent: 1.3cm;\">\n<span style=\"font-size: x-large;\"><span style=\"color: black;\"><span style=\"font-family: Book Antiqua, serif;\">Dzisiejsze<br \/>\ns\u0142owo Bo\u017ce bardzo wyra\u017anie i mocno przekonuje nas, jak bardzo \u2013<br \/>\nnazwijmy to tak \u2013 \u201eludzki\u201d jest Jezus. Pierwsze czytanie to<br \/>\nnauka o tym, \u017ce \u2013 i dlaczego \u2013 Jezus sta\u0142 si\u0119 cz\u0142owiekiem.<br \/>\nJu\u017c w pierwszym zdaniu s\u0142yszymy: <i><b>Poniewa\u017c dzieci uczestnicz\u0105<br \/>\nwe krwi i ciele, dlatego i Jezus tak\u017ce bez \u017cadnej r\u00f3\u017cnicy sta\u0142<br \/>\nsi\u0119 ich uczestnikiem, aby przez \u015bmier\u0107 pokona\u0107 tego, kt\u00f3ry<br \/>\ndzier\u017cy\u0142 w\u0142adz\u0119 nad \u015bmierci\u0105, to jest diab\u0142a, i aby uwolni\u0107<br \/>\ntych wszystkich, kt\u00f3rzy przez ca\u0142e \u017cycie przez boja\u017a\u0144 \u015bmierci<br \/>\npodlegli byli niewoli.<\/b><\/i> <\/span><\/span><br \/>\n<\/span><\/div>\n<div align=\"justify\" style=\"background: transparent; font-style: normal; font-variant: normal; font-weight: normal; letter-spacing: normal; line-height: 150%; margin-bottom: 0cm; text-indent: 1.3cm;\">\n<span style=\"font-size: x-large;\"><span style=\"color: black;\">\u201e<span style=\"font-family: Book Antiqua, serif;\">Uczestniczy\u0107<br \/>\nwe krwi i ciele\u201d oznacza po prostu: <b>by\u0107 cz\u0142owiekiem,<\/b> \u017cy\u0107<br \/>\nw postaci ludzkiej, \u017cy\u0107 w ciele, czyli \u2013 nie by\u0107 duchem, nie by\u0107<br \/>\nistot\u0105 pozaziemsk\u0105. Jezus, jako Bo\u017cy Syn, <b>by\u0142 i jest<br \/>\n<\/b><b>zasadniczo I<\/b><b>stot\u0105 pozaziemsk\u0105,<\/b> ale gdyby tylko<br \/>\ntak\u0105 pozosta\u0142, to nie m\u00f3g\u0142by wzi\u0105\u0107 na siebie cierpienia i<br \/>\nz\u0142o\u017cy\u0107 za nas zbawczej ofiary. Dlatego w\u0142a\u015bnie przyj\u0105\u0142 cia\u0142o<br \/>\ni krew, jak przed chwil\u0105 sobie zacytowali\u015bmy: <i><b>sta\u0142 si\u0119 ich<br \/>\nuczestnikiem, aby przez \u015bmier\u0107 pokona\u0107 tego, kt\u00f3ry dzier\u017cy\u0142<br \/>\nw\u0142adz\u0119 nad \u015bmierci\u0105, to jest diab\u0142a.<\/b><\/i> <\/span><\/span><br \/>\n<\/span><\/div>\n<div align=\"justify\" style=\"background: transparent; font-style: normal; font-variant: normal; font-weight: normal; letter-spacing: normal; line-height: 150%; margin-bottom: 0cm; text-indent: 1.3cm;\">\n<span style=\"font-size: x-large;\"><span style=\"color: black;\"><span style=\"font-family: Book Antiqua, serif;\">Tak,<br \/>\nmoi Drodzy, Jezus specjalnie po to przyj\u0105\u0142 posta\u0107 ludzk\u0105, aby <b>m\u00f3c<br \/>\nodczu\u0107 cierpienie,<\/b> aby znie\u015b\u0107 m\u0119k\u0119, ponie\u015b\u0107 w tym cele<br \/>\n\u015bmier\u0107 \u2013 ale potem <b>tak\u017ce zmartwychwsta\u0107!<\/b> A chocia\u017c nie<br \/>\nmamy w\u0105tpliwo\u015bci, \u017ce jako Syn Bo\u017cy zawsze doskonale rozumia\u0142<br \/>\nwszystkie nasze ludzkie problemy, cierpienia i dylematy, to jednak \u2013<br \/>\njak s\u0142yszymy w pierwszym czytaniu \u2013 <i><b>w czym<\/b><\/i><b> [\u2026]<br \/>\n<\/b><i><b>sam cierpia\u0142 b\u0119d\u0105c do\u015bwiadczany, w tym mo\u017ce przyj\u015b\u0107<br \/>\nz pomoc\u0105 tym, kt\u00f3rzy s\u0105 poddani pr\u00f3bom.<\/b><\/i> <\/span><\/span><br \/>\n<\/span><\/div>\n<div align=\"justify\" style=\"background: transparent; font-style: normal; font-variant: normal; font-weight: normal; letter-spacing: normal; line-height: 150%; margin-bottom: 0cm; text-indent: 1.3cm;\">\n<span style=\"font-size: x-large;\"><span style=\"color: black;\"><span style=\"font-family: Book Antiqua, serif;\">Zatem,<br \/>\nowo \u201ebycie cz\u0142owiekiem\u201d sta\u0142o si\u0119 <b>jeszcze jednym argumentem<\/b><br \/>\nza tym, \u017ce Jezus naprawd\u0119 rozumie los zwyk\u0142ego cz\u0142owieka.<br \/>\nZobaczmy, jak bardzo zale\u017ca\u0142o Bogu, \u017ceby <b>do cz\u0142owieka si\u0119<br \/>\nzbli\u017cy\u0107,<\/b> \u017ceby si\u0119 z jego prze\u017cyciami jak najbardziej<br \/>\nzidentyfikowa\u0107. <\/span><\/span><br \/>\n<\/span><\/div>\n<div align=\"justify\" style=\"background: transparent; font-style: normal; font-variant: normal; font-weight: normal; letter-spacing: normal; line-height: 150%; margin-bottom: 0cm; text-indent: 1.3cm;\">\n<span style=\"font-size: x-large;\"><span style=\"color: black;\"><span style=\"font-family: Book Antiqua, serif;\">I<br \/>\nw dzisiejszym fragmencie Ewangelii odnajdujemy potwierdzenie tego, \u017ce<br \/>\ntak si\u0119 w\u0142a\u015bnie sta\u0142o! Jezus <b>naprawd\u0119 zidentyfikowa\u0142 si\u0119 z<br \/>\nlosem cz\u0142owieka.<\/b> S\u0142yszymy, \u017ce uczyni\u0142 tak ogromnie wiele dla<br \/>\nratowania nie tylko duchowej, ale tak\u017ce i tej ludzkiej, tej<br \/>\nfizycznej, ziemskiej sfery \u017cycia cz\u0142owieka. Jakkolwiek bowiem<br \/>\ndowiadujemy si\u0119, \u017ce <i><b>wiele z\u0142ych duch\u00f3w wyrzuci\u0142,<\/b><\/i><br \/>\nto jednak chyba bardziej na plan pierwszy wysuwa si\u0119 informacja, \u017ce<br \/>\npocz\u0105wszy od uzdrowienia z gor\u0105czki te\u015bciowej Szymona, <i><b>z<br \/>\nnastaniem wieczora, gdy s\u0142o\u0144ce zasz\u0142o, przynosili do Niego<br \/>\nwszystkich chorych i op\u0119tanych; i ca\u0142e miasto by\u0142o zebrane u<br \/>\ndrzwi. Uzdrowi\u0142 wielu dotkni\u0119tych rozmaitymi chorobami.<\/b><\/i><b> <\/b><\/span><\/span><br \/>\n<\/span><\/div>\n<div align=\"justify\" style=\"background: transparent; font-style: normal; font-variant: normal; font-weight: normal; letter-spacing: normal; line-height: 150%; margin-bottom: 0cm; text-indent: 1.3cm;\">\n<span style=\"font-size: x-large;\"><span style=\"color: black;\"><span style=\"font-family: Book Antiqua, serif;\">Zatem,<br \/>\ndla Jezusa <b>wa\u017cna by\u0142a ta sfera ludzka,<\/b> ta sfera ziemska,<br \/>\npowiedzieliby\u015bmy: doczesna. Jezus nie potraktowa\u0142 sprawy w ten<br \/>\nspos\u00f3b, \u017ce dba\u0142 tylko o sfer\u0119 duchow\u0105, bo tylko ona ostatecznie<br \/>\nsi\u0119 liczy, bo tylko wieczno\u015b\u0107 tak naprawd\u0119 si\u0119 liczy. Tak, to<br \/>\nprawda, <b>wieczno\u015b\u0107 rzeczywi\u015bcie jest wa\u017cna<\/b> i bardzo si\u0119<br \/>\nliczy, ale wol\u0105 Bo\u017c\u0105 w ko\u0144cu by\u0142o, aby <b>drog\u0105 do wieczno\u015bci<\/b><br \/>\nsta\u0142o si\u0119 to nasze \u017cycie doczesne \u2013 i w\u0142a\u015bnie <b>w to \u017cycie<br \/>\ndoczesne wszed\u0142 Bo\u017cy Syn,<\/b> staj\u0105c si\u0119 cz\u0142owiekiem, staj\u0105c<br \/>\nsi\u0119 jednym z nas, staj\u0105c si\u0119 tak bardzo ludzkim \u2013 \u201euczestnikiem<br \/>\ncia\u0142a i krwi\u201d. <\/span><\/span><br \/>\n<\/span><\/div>\n<div align=\"justify\" style=\"background: transparent; font-style: normal; font-variant: normal; font-weight: normal; letter-spacing: normal; line-height: 150%; margin-bottom: 0cm; text-indent: 1.3cm;\">\n<span style=\"color: black;\"><span style=\"font-family: Book Antiqua, serif;\"><span style=\"font-size: x-large;\">Dlatego<br \/>\ni my nasz\u0105 <b>doczesno\u015b\u0107 winni\u015bmy prze\u017cywa\u0107 w spos\u00f3b \u015bwi\u0119ty!<\/b><br \/>\nGdy\u017c to ona jest nasz\u0105 drog\u0105 do szcz\u0119\u015bliwej wieczno\u015bci. Dlatego<br \/>\nka\u017cdy dzie\u0144 i ka\u017cda godzina naszego \u017cycia <b>winna nas do Boga<br \/>\nzbli\u017ca\u0107<\/b> \u2013 nigdy oddala\u0107. Dla sprawy kr\u00f3lestwa Bo\u017cego i<br \/>\nzbawienia wiecznego nie wolno nam zmarnowa\u0107 ani jednej minuty!<\/span><\/span><\/span><\/div>\n<div align=\"justify\" style=\"background: transparent; font-style: normal; font-variant: normal; font-weight: normal; letter-spacing: normal; line-height: 150%; margin-bottom: 0cm; text-indent: 1.3cm;\">\n<span style=\"color: black;\"><span style=\"font-family: Book Antiqua, serif;\"><span style=\"font-size: x-large;\">Czy<br \/>\nmog\u0119 powiedzie\u0107, \u017ce tak w\u0142a\u015bnie prze\u017cywam ka\u017cdy sw\u00f3j dzie\u0144?<br \/>\nCzy tak prze\u017cyj\u0119 dzisiejszy dzie\u0144? Co dzisiaj zrobi\u0119 \u2013 albo<br \/>\nczego unikn\u0119 \u2013 aby <b>ten dzie\u0144 zbli\u017cy\u0142 mnie do Jezusa<\/b> i do<br \/>\nJego kr\u00f3lestwa?\u2026 Skoro Jezus sta\u0142 si\u0119 dla mnie tak bardzo<br \/>\n\u201eludzki\u201d, to co ja dzisiaj zrobi\u0119, aby <b>sta\u0107 si\u0119 bardziej<br \/>\ncz\u0142owiekiem Bo\u017cym?\u2026<\/b><\/span><\/span><\/span><\/div>\n","protected":false},"excerpt":{"rendered":"<p>Szcz\u0119\u015b\u0107 Bo\u017ce! Moi Drodzy, w dniu dzisiejszym imieniny i urodziny prze\u017cywa Pan W\u0142odzimierz Olender, niezwykle \u017cyczliwy mi Cz\u0142owiek z Celestynowa, Ojciec mojego Lektora Szymona. Dzi\u0119kuj\u0105c Panu W\u0142odkowi za rodzinn\u0105 blisko\u015b\u0107, \u017cycz\u0119, aby swoj\u0105 modlitw\u0105 i przyk\u0142adem w\u0142asnej postawy budowa\u0142 Bo\u017c\u0105 atmosfer\u0119 w swojej Rodzinie. Zapewniam o modlitwie! A w naszej blogowej Rodzinie przez najbli\u017csze dwa [&hellip;]<\/p>\n","protected":false},"author":1,"featured_media":0,"comment_status":"open","ping_status":"open","sticky":false,"template":"","format":"standard","meta":{"jetpack_post_was_ever_published":false,"_jetpack_newsletter_access":"","_jetpack_dont_email_post_to_subs":false,"_jetpack_newsletter_tier_id":0,"_jetpack_memberships_contains_paywalled_content":false,"_jetpack_memberships_contains_paid_content":false,"footnotes":""},"categories":[1],"tags":[],"class_list":["post-14721","post","type-post","status-publish","format-standard","hentry","category-bez-kategorii"],"yoast_head":"<!-- This site is optimized with the Yoast SEO plugin v25.1 - https:\/\/yoast.com\/wordpress\/plugins\/seo\/ -->\n<title>Jezus - tak bardzo &quot;ludzki&quot;! - Gaudium Et Spes<\/title>\n<meta name=\"robots\" content=\"index, follow, max-snippet:-1, max-image-preview:large, max-video-preview:-1\" \/>\n<link rel=\"canonical\" href=\"https:\/\/gaudiumetspes-blog.pl\/index.php\/2019\/01\/16\/jezus-tak-bardzo-ludzki\/\" \/>\n<meta property=\"og:locale\" content=\"pl_PL\" \/>\n<meta property=\"og:type\" content=\"article\" \/>\n<meta property=\"og:title\" content=\"Jezus - tak bardzo &quot;ludzki&quot;! - Gaudium Et Spes\" \/>\n<meta property=\"og:description\" content=\"Szcz\u0119\u015b\u0107 Bo\u017ce! Moi Drodzy, w dniu dzisiejszym imieniny i urodziny prze\u017cywa Pan W\u0142odzimierz Olender, niezwykle \u017cyczliwy mi Cz\u0142owiek z Celestynowa, Ojciec mojego Lektora Szymona. Dzi\u0119kuj\u0105c Panu W\u0142odkowi za rodzinn\u0105 blisko\u015b\u0107, \u017cycz\u0119, aby swoj\u0105 modlitw\u0105 i przyk\u0142adem w\u0142asnej postawy budowa\u0142 Bo\u017c\u0105 atmosfer\u0119 w swojej Rodzinie. Zapewniam o modlitwie! A w naszej blogowej Rodzinie przez najbli\u017csze dwa [&hellip;]\" \/>\n<meta property=\"og:url\" content=\"https:\/\/gaudiumetspes-blog.pl\/index.php\/2019\/01\/16\/jezus-tak-bardzo-ludzki\/\" \/>\n<meta property=\"og:site_name\" content=\"Gaudium Et Spes\" \/>\n<meta property=\"article:published_time\" content=\"2019-01-16T04:52:00+00:00\" \/>\n<meta property=\"article:modified_time\" content=\"2019-07-31T10:58:51+00:00\" \/>\n<meta name=\"author\" content=\"Ks. Jacek\" \/>\n<meta name=\"twitter:card\" content=\"summary_large_image\" \/>\n<meta name=\"twitter:label1\" content=\"Napisane przez\" \/>\n\t<meta name=\"twitter:data1\" content=\"Ks. Jacek\" \/>\n\t<meta name=\"twitter:label2\" content=\"Szacowany czas czytania\" \/>\n\t<meta name=\"twitter:data2\" content=\"5 minut\" \/>\n<script type=\"application\/ld+json\" class=\"yoast-schema-graph\">{\"@context\":\"https:\/\/schema.org\",\"@graph\":[{\"@type\":\"WebPage\",\"@id\":\"https:\/\/gaudiumetspes-blog.pl\/index.php\/2019\/01\/16\/jezus-tak-bardzo-ludzki\/\",\"url\":\"https:\/\/gaudiumetspes-blog.pl\/index.php\/2019\/01\/16\/jezus-tak-bardzo-ludzki\/\",\"name\":\"Jezus - tak bardzo \\\"ludzki\\\"! - Gaudium Et Spes\",\"isPartOf\":{\"@id\":\"https:\/\/gaudiumetspes-blog.pl\/#website\"},\"datePublished\":\"2019-01-16T04:52:00+00:00\",\"dateModified\":\"2019-07-31T10:58:51+00:00\",\"author\":{\"@id\":\"https:\/\/gaudiumetspes-blog.pl\/#\/schema\/person\/1661982992b752dea8dff0d4ed845a65\"},\"breadcrumb\":{\"@id\":\"https:\/\/gaudiumetspes-blog.pl\/index.php\/2019\/01\/16\/jezus-tak-bardzo-ludzki\/#breadcrumb\"},\"inLanguage\":\"pl-PL\",\"potentialAction\":[{\"@type\":\"ReadAction\",\"target\":[\"https:\/\/gaudiumetspes-blog.pl\/index.php\/2019\/01\/16\/jezus-tak-bardzo-ludzki\/\"]}]},{\"@type\":\"BreadcrumbList\",\"@id\":\"https:\/\/gaudiumetspes-blog.pl\/index.php\/2019\/01\/16\/jezus-tak-bardzo-ludzki\/#breadcrumb\",\"itemListElement\":[{\"@type\":\"ListItem\",\"position\":1,\"name\":\"Strona g\u0142\u00f3wna\",\"item\":\"https:\/\/gaudiumetspes-blog.pl\/\"},{\"@type\":\"ListItem\",\"position\":2,\"name\":\"Jezus &#8211; tak&nbsp;bardzo &#8222;ludzki&#8221;!\"}]},{\"@type\":\"WebSite\",\"@id\":\"https:\/\/gaudiumetspes-blog.pl\/#website\",\"url\":\"https:\/\/gaudiumetspes-blog.pl\/\",\"name\":\"Gaudium Et Spes\",\"description\":\"Blog Ks. Jacka Ja\u015bkowskiego\",\"potentialAction\":[{\"@type\":\"SearchAction\",\"target\":{\"@type\":\"EntryPoint\",\"urlTemplate\":\"https:\/\/gaudiumetspes-blog.pl\/?s={search_term_string}\"},\"query-input\":{\"@type\":\"PropertyValueSpecification\",\"valueRequired\":true,\"valueName\":\"search_term_string\"}}],\"inLanguage\":\"pl-PL\"},{\"@type\":\"Person\",\"@id\":\"https:\/\/gaudiumetspes-blog.pl\/#\/schema\/person\/1661982992b752dea8dff0d4ed845a65\",\"name\":\"Ks. Jacek\",\"image\":{\"@type\":\"ImageObject\",\"inLanguage\":\"pl-PL\",\"@id\":\"https:\/\/gaudiumetspes-blog.pl\/#\/schema\/person\/image\/\",\"url\":\"https:\/\/gaudiumetspes-blog.pl\/wp-content\/uploads\/2019\/07\/avatar-JJ-150x150.jpg\",\"contentUrl\":\"https:\/\/gaudiumetspes-blog.pl\/wp-content\/uploads\/2019\/07\/avatar-JJ-150x150.jpg\",\"caption\":\"Ks. Jacek\"},\"description\":\"Witam serdecznie! K\u0142ania si\u0119 Ks. Jacek Ja\u015bkowski. Nie jestem ani kim\u015b wa\u017cnym, ani kim\u015b znanym. Jestem ksi\u0119dzem, kt\u00f3ry po prostu chce rozmawia\u0107. Codzienna kap\u0142a\u0144ska pos\u0142uga pokazuje mi, \u017ce temat\u00f3w do rozm\u00f3w z ksi\u0119dzem jest coraz wi\u0119cej i dzisiaj \u017caden ksi\u0105dz nie mo\u017ce od nich ucieka\u0107, ale - wprost przeciwnie - podejmowa\u0107 nowe wyzwania. To przekonanie sk\u0142oni\u0142o mnie do pr\u00f3by otwarcia tego\u017c bloga, chocia\u017c okazji do rozm\u00f3w na co dzie\u0144 - w konfesjonale i poza nim - na szcz\u0119\u015bcie nie brakuje. My\u015bl\u0119 jednak, \u017ce ten blog b\u0119dzie jeszcze jednym sposobem i przestrzeni\u0105 nawi\u0105zania kontaktu z lud\u017ami dobrej woli, otwartymi na dialog.\",\"url\":\"https:\/\/gaudiumetspes-blog.pl\/index.php\/author\/ks-jacek\/\"}]}<\/script>\n<!-- \/ Yoast SEO plugin. -->","yoast_head_json":{"title":"Jezus - tak bardzo \"ludzki\"! - Gaudium Et Spes","robots":{"index":"index","follow":"follow","max-snippet":"max-snippet:-1","max-image-preview":"max-image-preview:large","max-video-preview":"max-video-preview:-1"},"canonical":"https:\/\/gaudiumetspes-blog.pl\/index.php\/2019\/01\/16\/jezus-tak-bardzo-ludzki\/","og_locale":"pl_PL","og_type":"article","og_title":"Jezus - tak bardzo \"ludzki\"! - Gaudium Et Spes","og_description":"Szcz\u0119\u015b\u0107 Bo\u017ce! Moi Drodzy, w dniu dzisiejszym imieniny i urodziny prze\u017cywa Pan W\u0142odzimierz Olender, niezwykle \u017cyczliwy mi Cz\u0142owiek z Celestynowa, Ojciec mojego Lektora Szymona. Dzi\u0119kuj\u0105c Panu W\u0142odkowi za rodzinn\u0105 blisko\u015b\u0107, \u017cycz\u0119, aby swoj\u0105 modlitw\u0105 i przyk\u0142adem w\u0142asnej postawy budowa\u0142 Bo\u017c\u0105 atmosfer\u0119 w swojej Rodzinie. Zapewniam o modlitwie! A w naszej blogowej Rodzinie przez najbli\u017csze dwa [&hellip;]","og_url":"https:\/\/gaudiumetspes-blog.pl\/index.php\/2019\/01\/16\/jezus-tak-bardzo-ludzki\/","og_site_name":"Gaudium Et Spes","article_published_time":"2019-01-16T04:52:00+00:00","article_modified_time":"2019-07-31T10:58:51+00:00","author":"Ks. Jacek","twitter_card":"summary_large_image","twitter_misc":{"Napisane przez":"Ks. Jacek","Szacowany czas czytania":"5 minut"},"schema":{"@context":"https:\/\/schema.org","@graph":[{"@type":"WebPage","@id":"https:\/\/gaudiumetspes-blog.pl\/index.php\/2019\/01\/16\/jezus-tak-bardzo-ludzki\/","url":"https:\/\/gaudiumetspes-blog.pl\/index.php\/2019\/01\/16\/jezus-tak-bardzo-ludzki\/","name":"Jezus - tak bardzo \"ludzki\"! - Gaudium Et Spes","isPartOf":{"@id":"https:\/\/gaudiumetspes-blog.pl\/#website"},"datePublished":"2019-01-16T04:52:00+00:00","dateModified":"2019-07-31T10:58:51+00:00","author":{"@id":"https:\/\/gaudiumetspes-blog.pl\/#\/schema\/person\/1661982992b752dea8dff0d4ed845a65"},"breadcrumb":{"@id":"https:\/\/gaudiumetspes-blog.pl\/index.php\/2019\/01\/16\/jezus-tak-bardzo-ludzki\/#breadcrumb"},"inLanguage":"pl-PL","potentialAction":[{"@type":"ReadAction","target":["https:\/\/gaudiumetspes-blog.pl\/index.php\/2019\/01\/16\/jezus-tak-bardzo-ludzki\/"]}]},{"@type":"BreadcrumbList","@id":"https:\/\/gaudiumetspes-blog.pl\/index.php\/2019\/01\/16\/jezus-tak-bardzo-ludzki\/#breadcrumb","itemListElement":[{"@type":"ListItem","position":1,"name":"Strona g\u0142\u00f3wna","item":"https:\/\/gaudiumetspes-blog.pl\/"},{"@type":"ListItem","position":2,"name":"Jezus &#8211; tak&nbsp;bardzo &#8222;ludzki&#8221;!"}]},{"@type":"WebSite","@id":"https:\/\/gaudiumetspes-blog.pl\/#website","url":"https:\/\/gaudiumetspes-blog.pl\/","name":"Gaudium Et Spes","description":"Blog Ks. Jacka Ja\u015bkowskiego","potentialAction":[{"@type":"SearchAction","target":{"@type":"EntryPoint","urlTemplate":"https:\/\/gaudiumetspes-blog.pl\/?s={search_term_string}"},"query-input":{"@type":"PropertyValueSpecification","valueRequired":true,"valueName":"search_term_string"}}],"inLanguage":"pl-PL"},{"@type":"Person","@id":"https:\/\/gaudiumetspes-blog.pl\/#\/schema\/person\/1661982992b752dea8dff0d4ed845a65","name":"Ks. Jacek","image":{"@type":"ImageObject","inLanguage":"pl-PL","@id":"https:\/\/gaudiumetspes-blog.pl\/#\/schema\/person\/image\/","url":"https:\/\/gaudiumetspes-blog.pl\/wp-content\/uploads\/2019\/07\/avatar-JJ-150x150.jpg","contentUrl":"https:\/\/gaudiumetspes-blog.pl\/wp-content\/uploads\/2019\/07\/avatar-JJ-150x150.jpg","caption":"Ks. Jacek"},"description":"Witam serdecznie! K\u0142ania si\u0119 Ks. Jacek Ja\u015bkowski. Nie jestem ani kim\u015b wa\u017cnym, ani kim\u015b znanym. Jestem ksi\u0119dzem, kt\u00f3ry po prostu chce rozmawia\u0107. Codzienna kap\u0142a\u0144ska pos\u0142uga pokazuje mi, \u017ce temat\u00f3w do rozm\u00f3w z ksi\u0119dzem jest coraz wi\u0119cej i dzisiaj \u017caden ksi\u0105dz nie mo\u017ce od nich ucieka\u0107, ale - wprost przeciwnie - podejmowa\u0107 nowe wyzwania. To przekonanie sk\u0142oni\u0142o mnie do pr\u00f3by otwarcia tego\u017c bloga, chocia\u017c okazji do rozm\u00f3w na co dzie\u0144 - w konfesjonale i poza nim - na szcz\u0119\u015bcie nie brakuje. My\u015bl\u0119 jednak, \u017ce ten blog b\u0119dzie jeszcze jednym sposobem i przestrzeni\u0105 nawi\u0105zania kontaktu z lud\u017ami dobrej woli, otwartymi na dialog.","url":"https:\/\/gaudiumetspes-blog.pl\/index.php\/author\/ks-jacek\/"}]}},"jetpack_featured_media_url":"","jetpack_sharing_enabled":true,"_links":{"self":[{"href":"https:\/\/gaudiumetspes-blog.pl\/index.php\/wp-json\/wp\/v2\/posts\/14721","targetHints":{"allow":["GET"]}}],"collection":[{"href":"https:\/\/gaudiumetspes-blog.pl\/index.php\/wp-json\/wp\/v2\/posts"}],"about":[{"href":"https:\/\/gaudiumetspes-blog.pl\/index.php\/wp-json\/wp\/v2\/types\/post"}],"author":[{"embeddable":true,"href":"https:\/\/gaudiumetspes-blog.pl\/index.php\/wp-json\/wp\/v2\/users\/1"}],"replies":[{"embeddable":true,"href":"https:\/\/gaudiumetspes-blog.pl\/index.php\/wp-json\/wp\/v2\/comments?post=14721"}],"version-history":[{"count":1,"href":"https:\/\/gaudiumetspes-blog.pl\/index.php\/wp-json\/wp\/v2\/posts\/14721\/revisions"}],"predecessor-version":[{"id":14868,"href":"https:\/\/gaudiumetspes-blog.pl\/index.php\/wp-json\/wp\/v2\/posts\/14721\/revisions\/14868"}],"wp:attachment":[{"href":"https:\/\/gaudiumetspes-blog.pl\/index.php\/wp-json\/wp\/v2\/media?parent=14721"}],"wp:term":[{"taxonomy":"category","embeddable":true,"href":"https:\/\/gaudiumetspes-blog.pl\/index.php\/wp-json\/wp\/v2\/categories?post=14721"},{"taxonomy":"post_tag","embeddable":true,"href":"https:\/\/gaudiumetspes-blog.pl\/index.php\/wp-json\/wp\/v2\/tags?post=14721"}],"curies":[{"name":"wp","href":"https:\/\/api.w.org\/{rel}","templated":true}]}}