{"id":14723,"date":"2019-01-14T05:58:00","date_gmt":"2019-01-14T04:58:00","guid":{"rendered":"https:\/\/gaudiumetspes-blog.pl\/index.php\/2019\/01\/14\/codziennosc-zwyka-niezwyka\/"},"modified":"2019-07-31T12:58:50","modified_gmt":"2019-07-31T10:58:50","slug":"codziennosc-zwyka-niezwyka","status":"publish","type":"post","link":"https:\/\/gaudiumetspes-blog.pl\/index.php\/2019\/01\/14\/codziennosc-zwyka-niezwyka\/","title":{"rendered":"Codzienno\u015b\u0107 zwyk\u0142a &#8211; niezwyk\u0142a&#8230;"},"content":{"rendered":"<p><\/p>\n<div align=\"justify\" style=\"font-weight: normal; line-height: 150%; margin-bottom: 0cm;\">\n<span style=\"color: black;\"><span style=\"font-family: Book Antiqua, serif;\"><span style=\"font-size: x-large;\">Szcz\u0119\u015b\u0107<br \/>\nBo\u017ce! Pozdrawiam w pierwszym dniu Okresu zwyk\u0142ego. U mnie \u2013 ci\u0105g<br \/>\ndalszy zwyk\u0142ych zaj\u0119\u0107. Czyli wizyta duszpasterska. Zapraszam do<br \/>\nrefleksji nad tym, jak ow\u0105 codzienno\u015b\u0107 nasz\u0105 zwyk\u0142\u0105 \u2013 czyni\u0107<br \/>\nniezwyk\u0142\u0105!<\/span><\/span><\/span><\/div>\n<div align=\"center\" style=\"font-weight: normal; line-height: 150%; margin-bottom: 0cm;\">\n<span style=\"color: black;\"><span style=\"font-family: Book Antiqua, serif;\"><span style=\"font-size: x-large;\">Gaudium<br \/>\net spes!  Ks. Jacek<\/span><\/span><\/span><\/div>\n<div align=\"justify\" style=\"line-height: 150%; margin-bottom: 0cm;\">\n<span style=\"font-size: x-large;\"><\/p>\n<p><\/span><\/div>\n<div align=\"justify\" style=\"line-height: 150%; margin-bottom: 0cm;\">\n<span style=\"color: black;\"><span style=\"font-family: Book Antiqua, serif;\"><span style=\"font-size: x-large;\"><b>Poniedzia\u0142ek<br \/>\n1 Tygodnia zwyk\u0142ego, rok I,<\/b><\/span><\/span><\/span><\/div>\n<div align=\"justify\" style=\"line-height: 150%; margin-bottom: 0cm;\">\n<span style=\"color: black;\"><span style=\"font-family: Book Antiqua, serif;\"><span style=\"font-size: x-large;\"><b>do<br \/>\nczyta\u0144:  Hbr 1,1\u20136;  Mk 1,14\u201320<\/b><\/span><\/span><\/span><\/div>\n<div align=\"justify\" style=\"line-height: 150%; margin-bottom: 0cm;\">\n<span style=\"font-size: x-large;\"><\/p>\n<p><\/span><\/div>\n<div align=\"justify\" style=\"font-style: normal; font-variant: normal; letter-spacing: normal; line-height: 150%; margin-bottom: 0cm; page-break-before: auto;\">\n<span style=\"color: black;\"><span style=\"font-family: Book Antiqua, serif;\"><span style=\"font-size: x-large;\"><b>POCZ\u0104TEK<br \/>\nLISTU DO HEBRAJCZYK\u00d3W:<\/b><\/span><\/span><\/span><\/div>\n<div align=\"justify\" style=\"background: transparent; font-style: normal; font-variant: normal; letter-spacing: normal; line-height: 150%; margin-bottom: 0cm; page-break-before: auto; text-indent: 1.3cm;\">\n<span style=\"color: black;\"><span style=\"font-family: Book Antiqua, serif;\"><span style=\"font-size: x-large;\"><b>Wielokrotnie<br \/>\ni na r\u00f3\u017cne sposoby przemawia\u0142 niegdy\u015b B\u00f3g do ojc\u00f3w przez<br \/>\nprorok\u00f3w, a w tych ostatecznych dniach przem\u00f3wi\u0142 do nas przez<br \/>\nSyna. Jego to ustanowi\u0142 dziedzicem wszystkich rzeczy, przez Niego<br \/>\nte\u017c stworzy\u0142 wszech\u015bwiat.<\/b><\/span><\/span><\/span><\/div>\n<div align=\"justify\" style=\"background: transparent; font-style: normal; font-variant: normal; letter-spacing: normal; line-height: 150%; margin-bottom: 0cm; text-indent: 1.3cm;\">\n<span style=\"color: black;\"><span style=\"font-family: Book Antiqua, serif;\"><span style=\"font-size: x-large;\"><b>Ten<br \/>\nSyn, kt\u00f3ry jest odblaskiem Jego chwa\u0142y i odbiciem Jego istoty,<br \/>\npodtrzymuje wszystko s\u0142owem swej pot\u0119gi, a dokonawszy oczyszczenia<br \/>\nz grzech\u00f3w, zasiad\u0142 po prawicy Majestatu na wysoko\u015bciach. On o<br \/>\ntyle sta\u0142 si\u0119 wy\u017cszym od anio\u0142\u00f3w, o ile odziedziczy\u0142 wy\u017csze od<br \/>\nnich imi\u0119.<\/b><\/span><\/span><\/span><\/div>\n<div align=\"justify\" style=\"background: transparent; font-style: normal; font-variant: normal; letter-spacing: normal; line-height: 150%; margin-bottom: 0cm; text-indent: 1.3cm;\">\n<span style=\"color: black;\"><span style=\"font-family: Book Antiqua, serif;\"><span style=\"font-size: x-large;\"><b>Do<br \/>\nkt\u00f3rego bowiem z anio\u0142\u00f3w powiedzia\u0142 kiedykolwiek: \u201eTy jeste\u015b<br \/>\nmoim Synem, Jam Ci\u0119 dzi\u015b zrodzi\u0142\u201d? I znowu: \u201eJa b\u0119d\u0119 Mu<br \/>\nOjcem, a On b\u0119dzie Mi Synem\u201d. Skoro za\u015b znowu wprowadzi<br \/>\nPierworodnego na \u015bwiat, powie: \u201eNiech Mu oddaj\u0105 pok\u0142on wszyscy<br \/>\nanio\u0142owie Bo\u017cy\u201d.<\/b><\/span><\/span><\/span><\/div>\n<div align=\"justify\" style=\"line-height: 150%; margin-bottom: 0cm;\">\n<span style=\"font-size: x-large;\"><\/p>\n<p><\/span><\/div>\n<div align=\"justify\" style=\"font-style: normal; font-variant: normal; letter-spacing: normal; line-height: 150%; margin-bottom: 0cm;\">\n<span style=\"color: black;\"><span style=\"font-family: Book Antiqua, serif;\"><span style=\"font-size: x-large;\"><b>S\u0141OWA<br \/>\nEWANGELII WED\u0141UG \u015aWI\u0118TEGO MARKA:<\/b><\/span><\/span><\/span><\/div>\n<div align=\"justify\" style=\"background: transparent; font-style: normal; font-variant: normal; letter-spacing: normal; line-height: 150%; margin-bottom: 0cm; page-break-before: auto; text-indent: 1.3cm;\">\n<span style=\"color: black;\"><span style=\"font-family: Book Antiqua, serif;\"><span style=\"font-size: x-large;\"><b>Gdy<br \/>\nJan zosta\u0142 uwi\u0119ziony, Jezus przyszed\u0142 do Galilei i g\u0142osi\u0142<br \/>\nEwangeli\u0119 Bo\u017c\u0105. M\u00f3wi\u0142: \u201eCzas si\u0119 wype\u0142ni\u0142 i bliskie jest<br \/>\nkr\u00f3lestwo Bo\u017ce. Nawracajcie si\u0119 i wierzcie w Ewangeli\u0119\u201d.<\/b><\/span><\/span><\/span><\/div>\n<div align=\"justify\" style=\"background: transparent; font-style: normal; font-variant: normal; letter-spacing: normal; line-height: 150%; margin-bottom: 0cm; text-indent: 1.3cm;\">\n<span style=\"color: black;\"><span style=\"font-family: Book Antiqua, serif;\"><span style=\"font-size: x-large;\"><b>Przechodz\u0105c<br \/>\nbrzegiem Jeziora Galilejskiego ujrza\u0142 Szymona i brata Szymonowego,<br \/>\nAndrzeja, jak zarzucali sie\u0107 w jezioro; byli bowiem rybakami. Jezus<br \/>\nrzek\u0142 do niech: \u201eP\u00f3jd\u017acie za Mn\u0105, a sprawi\u0119, \u017ce si\u0119<br \/>\nstaniecie rybakami ludzi\u201d. I natychmiast zostawili sieci i poszli<br \/>\nza Nim.<\/b><\/span><\/span><\/span><\/div>\n<div align=\"justify\" style=\"background: transparent; font-style: normal; font-variant: normal; letter-spacing: normal; line-height: 150%; margin-bottom: 0cm; text-indent: 1.3cm;\">\n<span style=\"color: black;\"><span style=\"font-family: Book Antiqua, serif;\"><span style=\"font-size: x-large;\"><b>Id\u0105c<br \/>\nnieco dalej ujrza\u0142 Jakuba, syna Zebedeusza, i brata jego, Jana,<br \/>\nkt\u00f3rzy te\u017c byli w \u0142odzi i naprawiali sieci. Zaraz ich powo\u0142a\u0142, a<br \/>\noni zostawili ojca swego Zebedeusza, razem z najemnikami w \u0142odzi i<br \/>\nposzli za Nim.<\/b><\/span><\/span><\/span><\/div>\n<div align=\"justify\" style=\"line-height: 150%; margin-bottom: 0cm;\">\n<span style=\"font-size: x-large;\"><\/p>\n<p><\/span><\/div>\n<div align=\"justify\" style=\"background: transparent; font-variant: normal; letter-spacing: normal; line-height: 150%; margin-bottom: 0cm; page-break-before: auto; text-indent: 1.3cm;\">\n<span style=\"color: black;\"><span style=\"font-family: Book Antiqua, serif;\"><span style=\"font-size: x-large;\"><span style=\"font-style: normal;\"><span style=\"font-weight: normal;\">S<\/span><\/span><span style=\"font-style: normal;\"><span style=\"font-weight: normal;\">\u0142uchaj\u0105c<br \/>\nobu dzisiejszych czyta\u0144, mo\u017cemy chyba powiedzie\u0107, \u017ce <\/span><\/span><b><span style=\"font-style: normal;\">dobrze<br \/>\nwprowadzaj\u0105 nas<\/span><\/b><span style=\"font-style: normal;\"><span style=\"font-weight: normal;\"><br \/>\none w Okres zwyk\u0142y w ci\u0105gu roku liturgicznego, podsumowuj\u0105c<br \/>\njednocze\u015bnie zako\u0144czony wczoraj Okres Bo\u017cego Narodzenia. Oto<br \/>\nbowiem przez ostatnie tygodnie <\/span><\/span><span style=\"font-style: normal;\"><span style=\"font-weight: normal;\">dzi\u0119kowali\u015bmy<br \/>\nBogu za fakt Narodzenia Jego Syna \u2013 i dzisiaj Autor Listu do<br \/>\nHebrajczyk\u00f3w m\u00f3wi nam: <\/span><\/span><i><b>Wielokrotnie i na r\u00f3\u017cne<br \/>\nsposoby przemawia\u0142 niegdy\u015b B\u00f3g do ojc\u00f3w przez prorok\u00f3w, a w tych<br \/>\nostatecznych dniach przem\u00f3wi\u0142 do nas przez Syna. Jego to ustanowi\u0142<br \/>\ndziedzicem wszystkich rzeczy, przez Niego te\u017c stworzy\u0142 wszech\u015bwiat.<\/b><\/i><span style=\"font-style: normal;\"><b><br \/>\n<\/b><\/span><span style=\"font-style: normal;\"><span style=\"font-weight: normal;\">To<br \/>\nw\u0142a\u015bnie ostatnio wspominali\u015bmy.<\/span><\/span><\/span><\/span><\/span><\/div>\n<div align=\"justify\" style=\"background: transparent; font-variant: normal; letter-spacing: normal; line-height: 150%; margin-bottom: 0cm; text-indent: 1.3cm;\">\n<span style=\"font-size: x-large;\"><span style=\"color: black;\"><span style=\"font-family: Book Antiqua, serif;\"><span style=\"font-style: normal;\"><span style=\"font-weight: normal;\">Nast\u0119pne<br \/>\nza\u015b s\u0142owa pierwszego czytania to og\u00f3lna charakterystyka ca\u0142ej<br \/>\ndzia\u0142alno\u015bci Jezusa. S\u0142yszymy: <\/span><\/span><i><b>Ten Syn, kt\u00f3ry<br \/>\njest odblaskiem Jego chwa\u0142y i odbiciem Jego istoty, podtrzymuje<br \/>\nwszystko s\u0142owem swej pot\u0119gi, a dokonawszy oczyszczenia z grzech\u00f3w,<br \/>\nzasiad\u0142 po prawicy Majestatu na wysoko\u015bciach. On o tyle sta\u0142 si\u0119<br \/>\nwy\u017cszym od anio\u0142\u00f3w, o ile odziedziczy\u0142 wy\u017csze od nich imi\u0119.<\/b><\/i><span style=\"font-style: normal;\"><b><br \/>\n<\/b><\/span><\/span><\/span><br \/>\n<\/span><\/div>\n<div align=\"justify\" style=\"background: transparent; font-variant: normal; letter-spacing: normal; line-height: 150%; margin-bottom: 0cm; text-indent: 1.3cm;\">\n<span style=\"font-size: x-large;\"><span style=\"color: black;\"><span style=\"font-family: Book Antiqua, serif;\"><span style=\"font-style: normal;\"><span style=\"font-weight: normal;\">Na<br \/>\npewno zauwa\u017camy, jak bardzo wyra\u017anie to przes\u0142anie wsp\u00f3\u0142gra z<br \/>\ntym, zawartym w dzisiejszej Ewangelii, gdzie czytamy, i\u017c Jezus<br \/>\nrozpoczyna swoj\u0105 publiczn\u0105 dzia\u0142alno\u015b\u0107, og\u0142aszaj\u0105c: <\/span><\/span><i><b>Czas<br \/>\nsi\u0119 wype\u0142ni\u0142 i bliskie jest kr\u00f3lestwo Bo\u017ce. Nawracajcie si\u0119 i<br \/>\nwierzcie w Ewangeli\u0119,<\/b><\/i><span style=\"font-style: normal;\"><b> <\/b><\/span><span style=\"font-style: normal;\"><span style=\"font-weight: normal;\">a<br \/>\ntak\u017ce powo\u0142uj\u0105c pierwszych swoich uczni\u00f3w. <\/span><\/span><\/span><\/span><br \/>\n<\/span><\/div>\n<div align=\"justify\" style=\"background: transparent; font-variant: normal; letter-spacing: normal; line-height: 150%; margin-bottom: 0cm; text-indent: 1.3cm;\">\n<span style=\"font-size: x-large;\"><span style=\"color: black;\"><span style=\"font-family: Book Antiqua, serif;\"><span style=\"font-style: normal;\"><span style=\"font-weight: normal;\">Zatem<br \/>\n\u2013 je\u015bli tak mo\u017cna powiedzie\u0107 \u2013 zako\u0144czyli\u015bmy czas<br \/>\n\u015bwi\u0119towania, teraz bierzemy si\u0119 do roboty. To znaczy, tak<br \/>\nkonkretnie \u2013<\/span><\/span><span style=\"font-style: normal;\"><span style=\"font-weight: normal;\"><br \/>\n<\/span><\/span><span style=\"font-style: normal;\"><span style=\"font-weight: normal;\">to<br \/>\n<\/span><\/span><b><span style=\"font-style: normal;\">Jezus bierze si\u0119<br \/>\ndo roboty.<\/span><\/b><span style=\"font-style: normal;\"><span style=\"font-weight: normal;\"><br \/>\nM\u00f3wi\u0105c dzisiejszym j\u0119zykiem \u2013 organizuje sobie <\/span><\/span><b><span style=\"font-style: normal;\">zaplecze.<\/span><\/b><span style=\"font-style: normal;\"><span style=\"font-weight: normal;\"><br \/>\nDobiera <\/span><\/span><b><span style=\"font-style: normal;\">wsp\u00f3\u0142pracownik\u00f3w.<\/span><\/b><span style=\"font-style: normal;\"><span style=\"font-weight: normal;\"><br \/>\n<\/span><\/span><span style=\"font-style: normal;\"><span style=\"font-weight: normal;\">Tworzy<br \/>\nte\u017c odpowiedni\u0105 <\/span><\/span><b><span style=\"font-style: normal;\">atmosfer\u0119,<\/span><\/b><span style=\"font-style: normal;\"><span style=\"font-weight: normal;\"><br \/>\nprzygotowuje sobie <\/span><\/span><b><span style=\"font-style: normal;\">odbiorc\u00f3w<\/span><\/b><span style=\"font-style: normal;\"><span style=\"font-weight: normal;\"><br \/>\nswojej misji, m\u00f3wi\u0105<\/span><\/span><span style=\"font-style: normal;\"><span style=\"font-weight: normal;\">c<\/span><\/span><span style=\"font-style: normal;\"><span style=\"font-weight: normal;\"><br \/>\nim w\u0142a\u015bnie o tym, \u017ce zbli\u017ca si\u0119 kr\u00f3lestwo Bo\u017ce. <\/span><\/span><\/span><\/span><br \/>\n<\/span><\/div>\n<div align=\"justify\" style=\"background: transparent; font-variant: normal; letter-spacing: normal; line-height: 150%; margin-bottom: 0cm; text-indent: 1.3cm;\">\n<span style=\"font-size: x-large;\"><span style=\"color: black;\"><span style=\"font-family: Book Antiqua, serif;\"><span style=\"font-style: normal;\"><span style=\"font-weight: normal;\">Mamy<br \/>\nzatem rzeczywi\u015bcie do czynienia z takim swoistym liturgicznym<br \/>\nprzej\u015bciem <\/span><\/span><b><span style=\"font-style: normal;\">z<br \/>\natmosfery \u015bwi\u0119ta \u2013 w powszednio\u015b\u0107.<\/span><\/b><span style=\"font-style: normal;\"><span style=\"font-weight: normal;\"><br \/>\nBo w\u0142a\u015bnie Okres zwyk\u0142y w liturgii to taki czas \u2013<br \/>\npowiedzieliby\u015bmy \u2013 <\/span><\/span><b><span style=\"font-style: normal;\">\u201edni<br \/>\npowszednich\u201d w dzia\u0142alno\u015bci Jezusa. <\/span><\/b><span style=\"font-style: normal;\"><span style=\"font-weight: normal;\">Oczywi\u015bcie,<br \/>\nw odniesieniu do Jezusa poj\u0119cie \u201epowszedni\u201d brzmi jak najmniej<br \/>\nadekwatnie, bo przecie\u017c wszystko, czego Jezus dokona\u0142 w czasie<br \/>\nswojej publicznej dzia\u0142alno\u015bci, by\u0142o <\/span><\/span><b><span style=\"font-style: normal;\">pod<br \/>\nka\u017cdym wzgl\u0119dem niezwyk\u0142e.<\/span><\/b><span style=\"font-style: normal;\"><span style=\"font-weight: normal;\"><br \/>\nA jednak, tak\u017ce w dzia\u0142alno\u015bci Jezusa odr\u00f3\u017cniamy ten czas<br \/>\n\u201epowszedni\u201d od najwi\u0119kszych wydarze\u0144 zbawczych. <\/span><\/span><\/span><\/span><br \/>\n<\/span><\/div>\n<div align=\"justify\" style=\"background: transparent; font-variant: normal; letter-spacing: normal; line-height: 150%; margin-bottom: 0cm; text-indent: 1.3cm;\">\n<span style=\"font-size: x-large;\"><span style=\"color: black;\"><span style=\"font-family: Book Antiqua, serif;\"><span style=\"font-style: normal;\"><span style=\"font-weight: normal;\">Skoro<br \/>\nza\u015b odczuwamy, \u017ce co\u015b nam nie pasuje w takim zwyczajnym okre\u015blaniu<br \/>\nmianem \u201epowszednia\u201d tak niezwyk\u0142ej dzia\u0142alno\u015bci Jezusa, to<br \/>\nznaczy, \u017ce dostrzegamy, i\u017c Jezus w\u0142a\u015bnie ow\u0105 <\/span><\/span><b><span style=\"font-style: normal;\">powszednio\u015b\u0107<br \/>\nuczyni\u0142 czym\u015b niezwyk\u0142ym.<\/span><\/b><span style=\"font-style: normal;\"><span style=\"font-weight: normal;\"><br \/>\n<\/span><\/span><\/span><\/span><br \/>\n<\/span><\/div>\n<div align=\"justify\" style=\"background: transparent; font-variant: normal; letter-spacing: normal; line-height: 150%; margin-bottom: 0cm; text-indent: 1.3cm;\">\n<span style=\"font-size: x-large;\"><span style=\"color: black;\"><span style=\"font-family: Book Antiqua, serif;\"><span style=\"font-style: normal;\"><span style=\"font-weight: normal;\">I<br \/>\nto jest, moi Drodzy, tak\u017ce zadaniem dla nas: my tak\u017ce mamy swoj\u0105<br \/>\npowszednio\u015b\u0107 czyni\u0107 <\/span><\/span><b><span style=\"font-style: normal;\">czasem<br \/>\nciekawym, owocnym, pasjonuj\u0105cym<\/span><\/b><span style=\"font-style: normal;\"><span style=\"font-weight: normal;\"><br \/>\n\u2013 w jakim\u015b sensie <\/span><\/span><b><span style=\"font-style: normal;\">niezwyk\u0142ym.<\/span><\/b><span style=\"font-style: normal;\"><span style=\"font-weight: normal;\"><br \/>\n<\/span><\/span><span style=\"font-style: normal;\"><span style=\"font-weight: normal;\">Jak<br \/>\nmamy to czyni\u0107? Na pewno, warto wzi\u0105\u0107 przyk\u0142ad z Jezusa i tak,<br \/>\njak On, po prostu wype\u0142nia\u0107 swoj\u0105 \u017cyciow\u0105 misj\u0119, swoje zadania,<br \/>\nw spos\u00f3b zaplanowany, przemy\u015blany \u2013 i <\/span><\/span><b><span style=\"font-style: normal;\">z<br \/>\nukierunkowaniem na Niebo.<\/span><\/b><span style=\"font-style: normal;\"><span style=\"font-weight: normal;\"><br \/>\nJezus \u2013 jak s\u0142yszymy dzisiaj \u2013 og\u0142asza \u015bwiatu, \u017ce <\/span><\/span><i><b>bliskie<br \/>\njest kr\u00f3lestwo Bo\u017ce.<\/b><\/i><span style=\"font-style: normal;\"><span style=\"font-weight: normal;\"><br \/>\nI w tym kontek\u015bcie podejmuje kolejne dzia\u0142ania. <\/span><\/span><\/span><\/span><br \/>\n<\/span><\/div>\n<div align=\"justify\" style=\"background: transparent; font-variant: normal; letter-spacing: normal; line-height: 150%; margin-bottom: 0cm; text-indent: 1.3cm;\">\n<span style=\"font-size: x-large;\"><span style=\"color: black;\"><span style=\"font-family: Book Antiqua, serif;\"><span style=\"font-style: normal;\"><span style=\"font-weight: normal;\">I<br \/>\nmy tak\u017ce, moi Drodzy, wszystkie nasze codzienne sprawy mamy<br \/>\npodejmowa\u0107 <\/span><\/span><b><span style=\"font-style: normal;\">w<br \/>\nkontek\u015bcie <\/span><span style=\"font-style: normal;\">K<\/span><span style=\"font-style: normal;\">r\u00f3lestwa<br \/>\nniebieskiego.<\/span><\/b><span style=\"font-style: normal;\"><span style=\"font-weight: normal;\"><br \/>\nI \u2013 je\u015bli tak mo\u017cna powiedzie\u0107 \u2013 <\/span><\/span><b><span style=\"font-style: normal;\">w<br \/>\nkierunku<\/span><\/b><span style=\"font-style: normal;\"><span style=\"font-weight: normal;\"><br \/>\nKr\u00f3lestwa niebieskiego. Mamy \u2013 to oczywiste \u2013 jak najpe\u0142niej i<br \/>\njak najpi\u0119kniej prze\u017cywa\u0107 ka\u017cdy czas \u015bwi\u0105teczny, jaki daje nam<br \/>\nKo\u015bci\u00f3\u0142. <\/span><\/span><b><span style=\"font-style: normal;\">Ale nie<br \/>\nmo\u017cemy na tym poprzesta\u0107!<\/span><\/b><span style=\"font-style: normal;\"><span style=\"font-weight: normal;\"><br \/>\n<\/span><\/span><\/span><\/span><br \/>\n<\/span><\/div>\n<div align=\"justify\" style=\"background: transparent; font-variant: normal; letter-spacing: normal; line-height: 150%; margin-bottom: 0cm; text-indent: 1.3cm;\">\n<span style=\"font-size: x-large;\"><span style=\"color: black;\"><span style=\"font-family: Book Antiqua, serif;\"><span style=\"font-style: normal;\"><span style=\"font-weight: normal;\">Prze\u017cycia<br \/>\nka\u017cdego czasu \u015bwi\u0105tecznego, ka\u017cdego czasu uroczystego, maj\u0105 nas<br \/>\nwewn\u0119trznie ubogaci\u0107, dobrze ukierunkowa\u0107 i skutecznie wzmocni\u0107<br \/>\ndo <\/span><\/span><b><span style=\"font-style: normal;\">jak najlepszego<br \/>\nprze\u017cywania<\/span><\/b><span style=\"font-style: normal;\"><span style=\"font-weight: normal;\"><br \/>\nczasu codziennego \u2013 naszych dni powszednich\u2026 Aby\u015bmy ju\u017c wi\u0119cej<br \/>\nnie m\u00f3wili \u2013 w odniesieniu do siebie \u2013 <\/span><\/span><b><span style=\"font-style: normal;\">o<br \/>\n\u201eszarej\u201d codzienno\u015bci\u2026 <\/span><\/b><\/span><\/span><br \/>\n<\/span><\/div>\n<div align=\"justify\" style=\"background: transparent; font-variant: normal; letter-spacing: normal; line-height: 150%; margin-bottom: 0cm; text-indent: 1.3cm;\">\n<span style=\"color: black;\"><span style=\"font-family: Book Antiqua, serif;\"><span style=\"font-size: x-large;\"><span style=\"font-style: normal;\"><span style=\"font-weight: normal;\">C<\/span><\/span><span style=\"font-style: normal;\"><span style=\"font-weight: normal;\">zy<br \/>\n<\/span><\/span><span style=\"font-style: normal;\"><span style=\"font-weight: normal;\">zatem<br \/>\n<\/span><\/span><span style=\"font-style: normal;\"><span style=\"font-weight: normal;\">moja<br \/>\ncodzienno\u015b\u0107 jest \u2013 w tym rozumieniu, o jakim tu sobie m\u00f3wimy \u2013<br \/>\nniezwyk\u0142a, czy jednak, niestety, szara?\u2026 I co robi\u0119, aby <\/span><\/span><b><span style=\"font-style: normal;\">nigdy<br \/>\nszar\u0105 nie by\u0142a?\u2026<\/span><\/b><\/span><\/span><\/span><\/div>\n","protected":false},"excerpt":{"rendered":"<p>Szcz\u0119\u015b\u0107 Bo\u017ce! Pozdrawiam w pierwszym dniu Okresu zwyk\u0142ego. U mnie \u2013 ci\u0105g dalszy zwyk\u0142ych zaj\u0119\u0107. Czyli wizyta duszpasterska. Zapraszam do refleksji nad tym, jak ow\u0105 codzienno\u015b\u0107 nasz\u0105 zwyk\u0142\u0105 \u2013 czyni\u0107 niezwyk\u0142\u0105! Gaudium et spes! Ks. Jacek Poniedzia\u0142ek 1 Tygodnia zwyk\u0142ego, rok I, do czyta\u0144: Hbr 1,1\u20136; Mk 1,14\u201320 POCZ\u0104TEK LISTU DO HEBRAJCZYK\u00d3W: Wielokrotnie i na [&hellip;]<\/p>\n","protected":false},"author":1,"featured_media":0,"comment_status":"open","ping_status":"open","sticky":false,"template":"","format":"standard","meta":{"jetpack_post_was_ever_published":false,"_jetpack_newsletter_access":"","_jetpack_dont_email_post_to_subs":false,"_jetpack_newsletter_tier_id":0,"_jetpack_memberships_contains_paywalled_content":false,"_jetpack_memberships_contains_paid_content":false,"footnotes":""},"categories":[1],"tags":[],"class_list":["post-14723","post","type-post","status-publish","format-standard","hentry","category-bez-kategorii"],"yoast_head":"<!-- This site is optimized with the Yoast SEO plugin v25.1 - https:\/\/yoast.com\/wordpress\/plugins\/seo\/ -->\n<title>Codzienno\u015b\u0107 zwyk\u0142a - niezwyk\u0142a... - Gaudium Et Spes<\/title>\n<meta name=\"robots\" content=\"index, follow, max-snippet:-1, max-image-preview:large, max-video-preview:-1\" \/>\n<link rel=\"canonical\" href=\"https:\/\/gaudiumetspes-blog.pl\/index.php\/2019\/01\/14\/codziennosc-zwyka-niezwyka\/\" \/>\n<meta property=\"og:locale\" content=\"pl_PL\" \/>\n<meta property=\"og:type\" content=\"article\" \/>\n<meta property=\"og:title\" content=\"Codzienno\u015b\u0107 zwyk\u0142a - niezwyk\u0142a... - Gaudium Et Spes\" \/>\n<meta property=\"og:description\" content=\"Szcz\u0119\u015b\u0107 Bo\u017ce! Pozdrawiam w pierwszym dniu Okresu zwyk\u0142ego. U mnie \u2013 ci\u0105g dalszy zwyk\u0142ych zaj\u0119\u0107. Czyli wizyta duszpasterska. Zapraszam do refleksji nad tym, jak ow\u0105 codzienno\u015b\u0107 nasz\u0105 zwyk\u0142\u0105 \u2013 czyni\u0107 niezwyk\u0142\u0105! Gaudium et spes! Ks. Jacek Poniedzia\u0142ek 1 Tygodnia zwyk\u0142ego, rok I, do czyta\u0144: Hbr 1,1\u20136; Mk 1,14\u201320 POCZ\u0104TEK LISTU DO HEBRAJCZYK\u00d3W: Wielokrotnie i na [&hellip;]\" \/>\n<meta property=\"og:url\" content=\"https:\/\/gaudiumetspes-blog.pl\/index.php\/2019\/01\/14\/codziennosc-zwyka-niezwyka\/\" \/>\n<meta property=\"og:site_name\" content=\"Gaudium Et Spes\" \/>\n<meta property=\"article:published_time\" content=\"2019-01-14T04:58:00+00:00\" \/>\n<meta property=\"article:modified_time\" content=\"2019-07-31T10:58:50+00:00\" \/>\n<meta name=\"author\" content=\"Ks. Jacek\" \/>\n<meta name=\"twitter:card\" content=\"summary_large_image\" \/>\n<meta name=\"twitter:label1\" content=\"Napisane przez\" \/>\n\t<meta name=\"twitter:data1\" content=\"Ks. Jacek\" \/>\n\t<meta name=\"twitter:label2\" content=\"Szacowany czas czytania\" \/>\n\t<meta name=\"twitter:data2\" content=\"5 minut\" \/>\n<script type=\"application\/ld+json\" class=\"yoast-schema-graph\">{\"@context\":\"https:\/\/schema.org\",\"@graph\":[{\"@type\":\"WebPage\",\"@id\":\"https:\/\/gaudiumetspes-blog.pl\/index.php\/2019\/01\/14\/codziennosc-zwyka-niezwyka\/\",\"url\":\"https:\/\/gaudiumetspes-blog.pl\/index.php\/2019\/01\/14\/codziennosc-zwyka-niezwyka\/\",\"name\":\"Codzienno\u015b\u0107 zwyk\u0142a - niezwyk\u0142a... - Gaudium Et Spes\",\"isPartOf\":{\"@id\":\"https:\/\/gaudiumetspes-blog.pl\/#website\"},\"datePublished\":\"2019-01-14T04:58:00+00:00\",\"dateModified\":\"2019-07-31T10:58:50+00:00\",\"author\":{\"@id\":\"https:\/\/gaudiumetspes-blog.pl\/#\/schema\/person\/1661982992b752dea8dff0d4ed845a65\"},\"breadcrumb\":{\"@id\":\"https:\/\/gaudiumetspes-blog.pl\/index.php\/2019\/01\/14\/codziennosc-zwyka-niezwyka\/#breadcrumb\"},\"inLanguage\":\"pl-PL\",\"potentialAction\":[{\"@type\":\"ReadAction\",\"target\":[\"https:\/\/gaudiumetspes-blog.pl\/index.php\/2019\/01\/14\/codziennosc-zwyka-niezwyka\/\"]}]},{\"@type\":\"BreadcrumbList\",\"@id\":\"https:\/\/gaudiumetspes-blog.pl\/index.php\/2019\/01\/14\/codziennosc-zwyka-niezwyka\/#breadcrumb\",\"itemListElement\":[{\"@type\":\"ListItem\",\"position\":1,\"name\":\"Strona g\u0142\u00f3wna\",\"item\":\"https:\/\/gaudiumetspes-blog.pl\/\"},{\"@type\":\"ListItem\",\"position\":2,\"name\":\"Codzienno\u015b\u0107 zwyk\u0142a &#8211; niezwyk\u0142a&#8230;\"}]},{\"@type\":\"WebSite\",\"@id\":\"https:\/\/gaudiumetspes-blog.pl\/#website\",\"url\":\"https:\/\/gaudiumetspes-blog.pl\/\",\"name\":\"Gaudium Et Spes\",\"description\":\"Blog Ks. Jacka Ja\u015bkowskiego\",\"potentialAction\":[{\"@type\":\"SearchAction\",\"target\":{\"@type\":\"EntryPoint\",\"urlTemplate\":\"https:\/\/gaudiumetspes-blog.pl\/?s={search_term_string}\"},\"query-input\":{\"@type\":\"PropertyValueSpecification\",\"valueRequired\":true,\"valueName\":\"search_term_string\"}}],\"inLanguage\":\"pl-PL\"},{\"@type\":\"Person\",\"@id\":\"https:\/\/gaudiumetspes-blog.pl\/#\/schema\/person\/1661982992b752dea8dff0d4ed845a65\",\"name\":\"Ks. Jacek\",\"image\":{\"@type\":\"ImageObject\",\"inLanguage\":\"pl-PL\",\"@id\":\"https:\/\/gaudiumetspes-blog.pl\/#\/schema\/person\/image\/\",\"url\":\"https:\/\/gaudiumetspes-blog.pl\/wp-content\/uploads\/2019\/07\/avatar-JJ-150x150.jpg\",\"contentUrl\":\"https:\/\/gaudiumetspes-blog.pl\/wp-content\/uploads\/2019\/07\/avatar-JJ-150x150.jpg\",\"caption\":\"Ks. Jacek\"},\"description\":\"Witam serdecznie! K\u0142ania si\u0119 Ks. Jacek Ja\u015bkowski. Nie jestem ani kim\u015b wa\u017cnym, ani kim\u015b znanym. Jestem ksi\u0119dzem, kt\u00f3ry po prostu chce rozmawia\u0107. Codzienna kap\u0142a\u0144ska pos\u0142uga pokazuje mi, \u017ce temat\u00f3w do rozm\u00f3w z ksi\u0119dzem jest coraz wi\u0119cej i dzisiaj \u017caden ksi\u0105dz nie mo\u017ce od nich ucieka\u0107, ale - wprost przeciwnie - podejmowa\u0107 nowe wyzwania. To przekonanie sk\u0142oni\u0142o mnie do pr\u00f3by otwarcia tego\u017c bloga, chocia\u017c okazji do rozm\u00f3w na co dzie\u0144 - w konfesjonale i poza nim - na szcz\u0119\u015bcie nie brakuje. My\u015bl\u0119 jednak, \u017ce ten blog b\u0119dzie jeszcze jednym sposobem i przestrzeni\u0105 nawi\u0105zania kontaktu z lud\u017ami dobrej woli, otwartymi na dialog.\",\"url\":\"https:\/\/gaudiumetspes-blog.pl\/index.php\/author\/ks-jacek\/\"}]}<\/script>\n<!-- \/ Yoast SEO plugin. -->","yoast_head_json":{"title":"Codzienno\u015b\u0107 zwyk\u0142a - niezwyk\u0142a... - Gaudium Et Spes","robots":{"index":"index","follow":"follow","max-snippet":"max-snippet:-1","max-image-preview":"max-image-preview:large","max-video-preview":"max-video-preview:-1"},"canonical":"https:\/\/gaudiumetspes-blog.pl\/index.php\/2019\/01\/14\/codziennosc-zwyka-niezwyka\/","og_locale":"pl_PL","og_type":"article","og_title":"Codzienno\u015b\u0107 zwyk\u0142a - niezwyk\u0142a... - Gaudium Et Spes","og_description":"Szcz\u0119\u015b\u0107 Bo\u017ce! Pozdrawiam w pierwszym dniu Okresu zwyk\u0142ego. U mnie \u2013 ci\u0105g dalszy zwyk\u0142ych zaj\u0119\u0107. Czyli wizyta duszpasterska. Zapraszam do refleksji nad tym, jak ow\u0105 codzienno\u015b\u0107 nasz\u0105 zwyk\u0142\u0105 \u2013 czyni\u0107 niezwyk\u0142\u0105! Gaudium et spes! Ks. Jacek Poniedzia\u0142ek 1 Tygodnia zwyk\u0142ego, rok I, do czyta\u0144: Hbr 1,1\u20136; Mk 1,14\u201320 POCZ\u0104TEK LISTU DO HEBRAJCZYK\u00d3W: Wielokrotnie i na [&hellip;]","og_url":"https:\/\/gaudiumetspes-blog.pl\/index.php\/2019\/01\/14\/codziennosc-zwyka-niezwyka\/","og_site_name":"Gaudium Et Spes","article_published_time":"2019-01-14T04:58:00+00:00","article_modified_time":"2019-07-31T10:58:50+00:00","author":"Ks. Jacek","twitter_card":"summary_large_image","twitter_misc":{"Napisane przez":"Ks. Jacek","Szacowany czas czytania":"5 minut"},"schema":{"@context":"https:\/\/schema.org","@graph":[{"@type":"WebPage","@id":"https:\/\/gaudiumetspes-blog.pl\/index.php\/2019\/01\/14\/codziennosc-zwyka-niezwyka\/","url":"https:\/\/gaudiumetspes-blog.pl\/index.php\/2019\/01\/14\/codziennosc-zwyka-niezwyka\/","name":"Codzienno\u015b\u0107 zwyk\u0142a - niezwyk\u0142a... - Gaudium Et Spes","isPartOf":{"@id":"https:\/\/gaudiumetspes-blog.pl\/#website"},"datePublished":"2019-01-14T04:58:00+00:00","dateModified":"2019-07-31T10:58:50+00:00","author":{"@id":"https:\/\/gaudiumetspes-blog.pl\/#\/schema\/person\/1661982992b752dea8dff0d4ed845a65"},"breadcrumb":{"@id":"https:\/\/gaudiumetspes-blog.pl\/index.php\/2019\/01\/14\/codziennosc-zwyka-niezwyka\/#breadcrumb"},"inLanguage":"pl-PL","potentialAction":[{"@type":"ReadAction","target":["https:\/\/gaudiumetspes-blog.pl\/index.php\/2019\/01\/14\/codziennosc-zwyka-niezwyka\/"]}]},{"@type":"BreadcrumbList","@id":"https:\/\/gaudiumetspes-blog.pl\/index.php\/2019\/01\/14\/codziennosc-zwyka-niezwyka\/#breadcrumb","itemListElement":[{"@type":"ListItem","position":1,"name":"Strona g\u0142\u00f3wna","item":"https:\/\/gaudiumetspes-blog.pl\/"},{"@type":"ListItem","position":2,"name":"Codzienno\u015b\u0107 zwyk\u0142a &#8211; niezwyk\u0142a&#8230;"}]},{"@type":"WebSite","@id":"https:\/\/gaudiumetspes-blog.pl\/#website","url":"https:\/\/gaudiumetspes-blog.pl\/","name":"Gaudium Et Spes","description":"Blog Ks. Jacka Ja\u015bkowskiego","potentialAction":[{"@type":"SearchAction","target":{"@type":"EntryPoint","urlTemplate":"https:\/\/gaudiumetspes-blog.pl\/?s={search_term_string}"},"query-input":{"@type":"PropertyValueSpecification","valueRequired":true,"valueName":"search_term_string"}}],"inLanguage":"pl-PL"},{"@type":"Person","@id":"https:\/\/gaudiumetspes-blog.pl\/#\/schema\/person\/1661982992b752dea8dff0d4ed845a65","name":"Ks. Jacek","image":{"@type":"ImageObject","inLanguage":"pl-PL","@id":"https:\/\/gaudiumetspes-blog.pl\/#\/schema\/person\/image\/","url":"https:\/\/gaudiumetspes-blog.pl\/wp-content\/uploads\/2019\/07\/avatar-JJ-150x150.jpg","contentUrl":"https:\/\/gaudiumetspes-blog.pl\/wp-content\/uploads\/2019\/07\/avatar-JJ-150x150.jpg","caption":"Ks. Jacek"},"description":"Witam serdecznie! K\u0142ania si\u0119 Ks. Jacek Ja\u015bkowski. Nie jestem ani kim\u015b wa\u017cnym, ani kim\u015b znanym. Jestem ksi\u0119dzem, kt\u00f3ry po prostu chce rozmawia\u0107. Codzienna kap\u0142a\u0144ska pos\u0142uga pokazuje mi, \u017ce temat\u00f3w do rozm\u00f3w z ksi\u0119dzem jest coraz wi\u0119cej i dzisiaj \u017caden ksi\u0105dz nie mo\u017ce od nich ucieka\u0107, ale - wprost przeciwnie - podejmowa\u0107 nowe wyzwania. To przekonanie sk\u0142oni\u0142o mnie do pr\u00f3by otwarcia tego\u017c bloga, chocia\u017c okazji do rozm\u00f3w na co dzie\u0144 - w konfesjonale i poza nim - na szcz\u0119\u015bcie nie brakuje. My\u015bl\u0119 jednak, \u017ce ten blog b\u0119dzie jeszcze jednym sposobem i przestrzeni\u0105 nawi\u0105zania kontaktu z lud\u017ami dobrej woli, otwartymi na dialog.","url":"https:\/\/gaudiumetspes-blog.pl\/index.php\/author\/ks-jacek\/"}]}},"jetpack_featured_media_url":"","jetpack_sharing_enabled":true,"_links":{"self":[{"href":"https:\/\/gaudiumetspes-blog.pl\/index.php\/wp-json\/wp\/v2\/posts\/14723","targetHints":{"allow":["GET"]}}],"collection":[{"href":"https:\/\/gaudiumetspes-blog.pl\/index.php\/wp-json\/wp\/v2\/posts"}],"about":[{"href":"https:\/\/gaudiumetspes-blog.pl\/index.php\/wp-json\/wp\/v2\/types\/post"}],"author":[{"embeddable":true,"href":"https:\/\/gaudiumetspes-blog.pl\/index.php\/wp-json\/wp\/v2\/users\/1"}],"replies":[{"embeddable":true,"href":"https:\/\/gaudiumetspes-blog.pl\/index.php\/wp-json\/wp\/v2\/comments?post=14723"}],"version-history":[{"count":1,"href":"https:\/\/gaudiumetspes-blog.pl\/index.php\/wp-json\/wp\/v2\/posts\/14723\/revisions"}],"predecessor-version":[{"id":14866,"href":"https:\/\/gaudiumetspes-blog.pl\/index.php\/wp-json\/wp\/v2\/posts\/14723\/revisions\/14866"}],"wp:attachment":[{"href":"https:\/\/gaudiumetspes-blog.pl\/index.php\/wp-json\/wp\/v2\/media?parent=14723"}],"wp:term":[{"taxonomy":"category","embeddable":true,"href":"https:\/\/gaudiumetspes-blog.pl\/index.php\/wp-json\/wp\/v2\/categories?post=14723"},{"taxonomy":"post_tag","embeddable":true,"href":"https:\/\/gaudiumetspes-blog.pl\/index.php\/wp-json\/wp\/v2\/tags?post=14723"}],"curies":[{"name":"wp","href":"https:\/\/api.w.org\/{rel}","templated":true}]}}