{"id":14734,"date":"2019-01-03T05:42:00","date_gmt":"2019-01-03T04:42:00","guid":{"rendered":"https:\/\/gaudiumetspes-blog.pl\/index.php\/2019\/01\/03\/kto-trwa-w-nim-nie-grzeszy\/"},"modified":"2019-07-31T12:58:11","modified_gmt":"2019-07-31T10:58:11","slug":"kto-trwa-w-nim-nie-grzeszy","status":"publish","type":"post","link":"https:\/\/gaudiumetspes-blog.pl\/index.php\/2019\/01\/03\/kto-trwa-w-nim-nie-grzeszy\/","title":{"rendered":"Kto trwa w Nim &#8211; nie grzeszy!"},"content":{"rendered":"<p><\/p>\n<div align=\"justify\" style=\"font-weight: normal; line-height: 150%; margin-bottom: 0cm;\">\n<span style=\"color: black;\"><span style=\"font-family: Book Antiqua, serif;\"><span style=\"font-size: x-large;\">Szcz\u0119\u015b\u0107<br \/>\nBo\u017ce! Moi Drodzy, w dniu dzisiejszym <b>imieniny prze\u017cywa nasza<br \/>\nMama, Danuta Ja\u015bkowska. Dzi\u0119kuj\u0105c \u2013 bo w\u0142a\u015bciwie ci\u0105gle za to<br \/>\nca\u0142\u0105 Rodzin\u0105 dzi\u0119kujemy \u2013 za wspania\u0142\u0105 atmosfer\u0119, jak\u0105<br \/>\ntworzy w naszym rodzinnym Domu, \u017cyczymy nieustannego optymizmu,<br \/>\nrado\u015bci i nadziei, i takiego g\u0142\u0119bokiego zrozumienia sensu tego<br \/>\nwszystkiego, co prze\u017cywa, <\/b><b>szczeg\u00f3lnie do\u015bwiadczenia<br \/>\nchoroby. Dzi\u0119kujemy za to, \u017ce ci\u0105gle trzyma r\u0119k\u0119 na pulsie \u2013<br \/>\nje\u015bli idzie o nasz\u0105 Rodzin\u0119 \u2013 utrzymuj\u0105c z nami sta\u0142y kontakt,<br \/>\npomimo odleg\u0142o\u015bci. To bardzo nas wszystkich jednoczy. \u017byczymy tej<br \/>\nsta\u0142ej m\u0142odo\u015bci ducha i zapa\u0142u. Ca\u0142\u0105 Rodzin\u0105 \u2013 wspieramy<br \/>\nmodlitw\u0105!<\/b><\/span><\/span><\/span><\/div>\n<div align=\"justify\" style=\"background: transparent; font-weight: normal; line-height: 150%; margin-bottom: 0cm; page-break-before: auto; text-indent: 1.3cm;\">\n<span style=\"color: black;\"><span style=\"font-family: Book Antiqua, serif;\"><span style=\"font-size: x-large;\">Dzisiaj<br \/>\ntak\u017ce, moi Drodzy, mamy pierwszy czwartek miesi\u0105ca. U nas w zwi\u0105zku<br \/>\nz tym \u2013 i nie tylko w zwi\u0105zku z tym \u2013 nie ma wizyty<br \/>\nduszpasterskiej, natomiast wieczorem mamy Msz\u0119 \u015awi\u0119t\u0105 i godzinn\u0105<br \/>\nadoracj\u0119 Naj\u015bwi\u0119tszego Sakramentu. Dla mnie osobi\u015bcie jest to<br \/>\nbardzo dobry czas na wyciszenie i modlitw\u0119 \u2013 tak\u017ce w intencji<br \/>\nnowych powo\u0142a\u0144 kap\u0142a\u0144skich.<\/span><\/span><\/span><\/div>\n<div align=\"center\" style=\"font-weight: normal; line-height: 150%; margin-bottom: 0cm;\">\n<span style=\"color: black;\"><span style=\"font-family: Book Antiqua, serif;\"><span style=\"font-size: x-large;\">Gaudium<br \/>\net spes!  Ks. Jacek<\/span><\/span><\/span><\/div>\n<div align=\"justify\" style=\"line-height: 150%; margin-bottom: 0cm;\">\n<span style=\"font-size: x-large;\"><\/p>\n<p><\/span><\/div>\n<div align=\"justify\" style=\"line-height: 150%; margin-bottom: 0cm;\">\n<span style=\"color: black;\"><span style=\"font-family: Book Antiqua, serif;\"><span style=\"font-size: x-large;\"><b>3<br \/>\nstycznia 2019.,<\/b><\/span><\/span><\/span><\/div>\n<div align=\"justify\" style=\"line-height: 150%; margin-bottom: 0cm;\">\n<span style=\"color: black;\"><span style=\"font-family: Book Antiqua, serif;\"><span style=\"font-size: x-large;\"><b>do<br \/>\nczyta\u0144:  1 J 2,29\u20133,6;  J 1,29\u201334<\/b><\/span><\/span><\/span><\/div>\n<div align=\"justify\" style=\"line-height: 150%; margin-bottom: 0cm;\">\n<span style=\"font-size: x-large;\"><\/p>\n<p><\/span><\/div>\n<div align=\"justify\" style=\"font-style: normal; font-variant: normal; letter-spacing: normal; line-height: 150%; margin-bottom: 0cm; page-break-before: auto;\">\n<span style=\"font-size: x-large;\"><span style=\"color: black;\"><span style=\"font-family: Book Antiqua, serif;\"><b>CZYTANIE<br \/>\nZ PIERWSZEGO LISTU \u015aWI\u0118TEGO JANA APOSTO\u0141A: <\/b><\/span><\/span><br \/>\n<\/span><\/div>\n<div align=\"justify\" style=\"font-style: normal; font-variant: normal; letter-spacing: normal; line-height: 150%; margin-bottom: 0cm; text-indent: 1.24cm;\">\n<span style=\"font-size: x-large;\"><span style=\"color: black;\"><span style=\"font-family: Book Antiqua, serif;\"><b>Najmilsi:<br \/>\n<\/b><\/span><\/span><br \/>\n<\/span><\/div>\n<div align=\"justify\" style=\"font-style: normal; font-variant: normal; letter-spacing: normal; line-height: 150%; margin-bottom: 0cm;\">\n<span style=\"font-size: x-large;\"><span style=\"color: black;\"><span style=\"font-family: Book Antiqua, serif;\"><b>Je\u017celi<br \/>\nwiecie, \u017ce B\u00f3g jest sprawiedliwy, <\/b><\/span><\/span><br \/>\n<\/span><\/div>\n<div align=\"justify\" style=\"font-style: normal; font-variant: normal; letter-spacing: normal; line-height: 150%; margin-bottom: 0cm;\">\n<span style=\"font-size: x-large;\"><span style=\"color: black;\"><span style=\"font-family: Book Antiqua, serif;\"><b>to<br \/>\nuznajcie r\u00f3wnie\u017c, <\/b><\/span><\/span><br \/>\n<\/span><\/div>\n<div align=\"justify\" style=\"font-style: normal; font-variant: normal; letter-spacing: normal; line-height: 150%; margin-bottom: 0cm;\">\n<span style=\"font-size: x-large;\"><span style=\"color: black;\"><span style=\"font-family: Book Antiqua, serif;\"><b>\u017ce<br \/>\nka\u017cdy, kto post\u0119puje sprawiedliwie, <\/b><\/span><\/span><br \/>\n<\/span><\/div>\n<div align=\"justify\" style=\"font-style: normal; font-variant: normal; letter-spacing: normal; line-height: 150%; margin-bottom: 0cm;\">\n<span style=\"font-size: x-large;\"><span style=\"color: black;\"><span style=\"font-family: Book Antiqua, serif;\"><b>pochodzi<br \/>\nod Niego. <\/b><\/span><\/span><br \/>\n<\/span><\/div>\n<div align=\"justify\" style=\"font-style: normal; font-variant: normal; letter-spacing: normal; line-height: 150%; margin-bottom: 0cm;\">\n<span style=\"font-size: x-large;\"><span style=\"color: black;\"><span style=\"font-family: Book Antiqua, serif;\"><b>Popatrzcie,<br \/>\njak\u0105 mi\u0142o\u015bci\u0105 obdarzy\u0142 nas Ojciec: <\/b><\/span><\/span><br \/>\n<\/span><\/div>\n<div align=\"justify\" style=\"font-style: normal; font-variant: normal; letter-spacing: normal; line-height: 150%; margin-bottom: 0cm;\">\n<span style=\"font-size: x-large;\"><span style=\"color: black;\"><span style=\"font-family: Book Antiqua, serif;\"><b>zostali\u015bmy<br \/>\nnazwani dzie\u0107mi Bo\u017cymi: <\/b><\/span><\/span><br \/>\n<\/span><\/div>\n<div align=\"justify\" style=\"font-style: normal; font-variant: normal; letter-spacing: normal; line-height: 150%; margin-bottom: 0cm;\">\n<span style=\"font-size: x-large;\"><span style=\"color: black;\"><span style=\"font-family: Book Antiqua, serif;\"><b>i<br \/>\nrzeczywi\u015bcie nimi jeste\u015bmy. <\/b><\/span><\/span><br \/>\n<\/span><\/div>\n<div align=\"justify\" style=\"font-style: normal; font-variant: normal; letter-spacing: normal; line-height: 150%; margin-bottom: 0cm;\">\n<span style=\"font-size: x-large;\"><span style=\"color: black;\"><span style=\"font-family: Book Antiqua, serif;\"><b>\u015awiat<br \/>\nza\u015b dlatego nas nie zna, <\/b><\/span><\/span><br \/>\n<\/span><\/div>\n<div align=\"justify\" style=\"font-style: normal; font-variant: normal; letter-spacing: normal; line-height: 150%; margin-bottom: 0cm;\">\n<span style=\"font-size: x-large;\"><span style=\"color: black;\"><span style=\"font-family: Book Antiqua, serif;\"><b>\u017ce<br \/>\nnie pozna\u0142 Jego. <\/b><\/span><\/span><br \/>\n<\/span><\/div>\n<div align=\"justify\" style=\"font-style: normal; font-variant: normal; letter-spacing: normal; line-height: 150%; margin-bottom: 0cm;\">\n<span style=\"font-size: x-large;\"><span style=\"color: black;\"><span style=\"font-family: Book Antiqua, serif;\"><b>Umi\u0142owani,<br \/>\nobecnie jeste\u015bmy dzie\u0107mi Bo\u017cymi, <\/b><\/span><\/span><br \/>\n<\/span><\/div>\n<div align=\"justify\" style=\"font-style: normal; font-variant: normal; letter-spacing: normal; line-height: 150%; margin-bottom: 0cm;\">\n<span style=\"font-size: x-large;\"><span style=\"color: black;\"><span style=\"font-family: Book Antiqua, serif;\"><b>ale<br \/>\njeszcze si\u0119 nie ujawni\u0142o, <\/b><\/span><\/span><br \/>\n<\/span><\/div>\n<div align=\"justify\" style=\"font-style: normal; font-variant: normal; letter-spacing: normal; line-height: 150%; margin-bottom: 0cm;\">\n<span style=\"font-size: x-large;\"><span style=\"color: black;\"><span style=\"font-family: Book Antiqua, serif;\"><b>czym<br \/>\nb\u0119dziemy. <\/b><\/span><\/span><br \/>\n<\/span><\/div>\n<div align=\"justify\" style=\"font-style: normal; font-variant: normal; letter-spacing: normal; line-height: 150%; margin-bottom: 0cm;\">\n<span style=\"font-size: x-large;\"><span style=\"color: black;\"><span style=\"font-family: Book Antiqua, serif;\"><b>Wiecie,<br \/>\n\u017ce gdy si\u0119 objawi, <\/b><\/span><\/span><br \/>\n<\/span><\/div>\n<div align=\"justify\" style=\"font-style: normal; font-variant: normal; letter-spacing: normal; line-height: 150%; margin-bottom: 0cm;\">\n<span style=\"font-size: x-large;\"><span style=\"color: black;\"><span style=\"font-family: Book Antiqua, serif;\"><b>b\u0119dziemy<br \/>\ndo Niego podobni, <\/b><\/span><\/span><br \/>\n<\/span><\/div>\n<div align=\"justify\" style=\"font-style: normal; font-variant: normal; letter-spacing: normal; line-height: 150%; margin-bottom: 0cm;\">\n<span style=\"font-size: x-large;\"><span style=\"color: black;\"><span style=\"font-family: Book Antiqua, serif;\"><b>bo<br \/>\nujrzymy Go takim, jakim jest. <\/b><\/span><\/span><br \/>\n<\/span><\/div>\n<div align=\"justify\" style=\"font-style: normal; font-variant: normal; letter-spacing: normal; line-height: 150%; margin-bottom: 0cm;\">\n<span style=\"font-size: x-large;\"><span style=\"color: black;\"><span style=\"font-family: Book Antiqua, serif;\"><b>Ka\u017cdy,<br \/>\nkto pok\u0142ada w Nim nadziej\u0119, <\/b><\/span><\/span><br \/>\n<\/span><\/div>\n<div align=\"justify\" style=\"font-style: normal; font-variant: normal; letter-spacing: normal; line-height: 150%; margin-bottom: 0cm;\">\n<span style=\"font-size: x-large;\"><span style=\"color: black;\"><span style=\"font-family: Book Antiqua, serif;\"><b>u\u015bwi\u0119ca<br \/>\nsi\u0119, podobnie jak On jest \u015bwi\u0119ty. <\/b><\/span><\/span><br \/>\n<\/span><\/div>\n<div align=\"justify\" style=\"font-style: normal; font-variant: normal; letter-spacing: normal; line-height: 150%; margin-bottom: 0cm;\">\n<span style=\"font-size: x-large;\"><span style=\"color: black;\"><span style=\"font-family: Book Antiqua, serif;\"><b>Ka\u017cdy,<br \/>\nkto grzeszy, dopuszcza si\u0119 bezprawia, <\/b><\/span><\/span><br \/>\n<\/span><\/div>\n<div align=\"justify\" style=\"font-style: normal; font-variant: normal; letter-spacing: normal; line-height: 150%; margin-bottom: 0cm;\">\n<span style=\"font-size: x-large;\"><span style=\"color: black;\"><span style=\"font-family: Book Antiqua, serif;\"><b>poniewa\u017c<br \/>\ngrzech jest bezprawiem. <\/b><\/span><\/span><br \/>\n<\/span><\/div>\n<div align=\"justify\" style=\"font-style: normal; font-variant: normal; letter-spacing: normal; line-height: 150%; margin-bottom: 0cm;\">\n<span style=\"font-size: x-large;\"><span style=\"color: black;\"><span style=\"font-family: Book Antiqua, serif;\"><b>Wiecie,<br \/>\n\u017ce On si\u0119 objawi po to, <\/b><\/span><\/span><br \/>\n<\/span><\/div>\n<div align=\"justify\" style=\"font-style: normal; font-variant: normal; letter-spacing: normal; line-height: 150%; margin-bottom: 0cm;\">\n<span style=\"font-size: x-large;\"><span style=\"color: black;\"><span style=\"font-family: Book Antiqua, serif;\"><b>aby<br \/>\nzg\u0142adzi\u0107 grzechy, <\/b><\/span><\/span><br \/>\n<\/span><\/div>\n<div align=\"justify\" style=\"font-style: normal; font-variant: normal; letter-spacing: normal; line-height: 150%; margin-bottom: 0cm;\">\n<span style=\"font-size: x-large;\"><span style=\"color: black;\"><span style=\"font-family: Book Antiqua, serif;\"><b>w<br \/>\nNim za\u015b nie ma grzechu. <\/b><\/span><\/span><br \/>\n<\/span><\/div>\n<div align=\"justify\" style=\"font-style: normal; font-variant: normal; letter-spacing: normal; line-height: 150%; margin-bottom: 0cm;\">\n<span style=\"font-size: x-large;\"><span style=\"color: black;\"><span style=\"font-family: Book Antiqua, serif;\"><b>Ka\u017cdy,<br \/>\nkto trwa w Nim, nie grzeszy, <\/b><\/span><\/span><br \/>\n<\/span><\/div>\n<div align=\"justify\" style=\"font-style: normal; font-variant: normal; letter-spacing: normal; line-height: 150%; margin-bottom: 0cm;\">\n<span style=\"font-size: x-large;\"><span style=\"color: black;\"><span style=\"font-family: Book Antiqua, serif;\"><b>\u017caden<br \/>\nza\u015b z tych, kt\u00f3rzy grzesz\u0105, <\/b><\/span><\/span><br \/>\n<\/span><\/div>\n<div align=\"justify\" style=\"font-style: normal; font-variant: normal; letter-spacing: normal; line-height: 150%; margin-bottom: 0cm;\">\n<span style=\"color: black;\"><span style=\"font-family: Book Antiqua, serif;\"><span style=\"font-size: x-large;\"><b>nie<br \/>\nwidzia\u0142 Go ani Go nie pozna\u0142.<\/b><\/span><\/span><\/span><\/div>\n<div align=\"justify\" style=\"line-height: 150%; margin-bottom: 0cm;\">\n<span style=\"font-size: x-large;\"><\/p>\n<p><\/span><\/div>\n<div align=\"justify\" style=\"font-style: normal; font-variant: normal; letter-spacing: normal; line-height: 150%; margin-bottom: 0cm;\">\n<span style=\"font-size: x-large;\"><span style=\"color: black;\"><span style=\"font-family: Book Antiqua, serif;\"><b>S\u0141OWA<br \/>\nEWANGELII WED\u0141UG \u015aWI\u0118TEGO JANA: <\/b><\/span><\/span><br \/>\n<\/span><\/div>\n<div align=\"justify\" style=\"background: transparent; font-style: normal; font-variant: normal; letter-spacing: normal; line-height: 150%; margin-bottom: 0cm; page-break-before: auto; text-indent: 1.3cm;\">\n<span style=\"font-size: x-large;\"><span style=\"color: black;\"><span style=\"font-family: Book Antiqua, serif;\"><b>Nazajutrz<br \/>\nJan zobaczy\u0142 Jezusa, nadchodz\u0105cego ku niemu, i rzek\u0142: \u201eOto<br \/>\nBaranek Bo\u017cy, kt\u00f3ry g\u0142adzi grzech \u015bwiata. To jest Ten, o kt\u00f3rym<br \/>\npowiedzia\u0142em: \u00abPo mnie przyjdzie m\u0105\u017c, kt\u00f3ry mnie przewy\u017cszy\u0142<br \/>\ngodno\u015bci\u0105, gdy\u017c by\u0142 wcze\u015bniej ode mnie\u00bb. Ja Go przedtem nie<br \/>\nzna\u0142em, ale przyszed\u0142em chrzci\u0107 wod\u0105 w tym celu, aby On si\u0119<br \/>\nobjawi\u0142 Izraelowi\u201d. <\/b><\/span><\/span><br \/>\n<\/span><\/div>\n<div align=\"justify\" style=\"background: transparent; font-style: normal; font-variant: normal; letter-spacing: normal; line-height: 150%; margin-bottom: 0cm; page-break-before: auto; text-indent: 1.3cm;\">\n<span style=\"color: black;\"><span style=\"font-family: Book Antiqua, serif;\"><span style=\"font-size: x-large;\"><b>Jan<br \/>\nda\u0142 takie \u015bwiadectwo: \u201eUjrza\u0142em Ducha, kt\u00f3ry jak go\u0142\u0119bica<br \/>\nzst\u0119powa\u0142 z nieba i spocz\u0105\u0142 na Nim. Ja Go przedtem nie zna\u0142em,<br \/>\nale Ten, kt\u00f3ry mnie pos\u0142a\u0142, abym chrzci\u0142 wod\u0105, powiedzia\u0142 do<br \/>\nmnie: \u00abTen, nad kt\u00f3rym ujrzysz Ducha zst\u0119puj\u0105cego i<br \/>\nspoczywaj\u0105cego nad Nim, jest Tym, kt\u00f3ry chrzci Duchem \u015awi\u0119tym\u00bb.<br \/>\nJa to ujrza\u0142em i daj\u0119 \u015bwiadectwo, \u017ce On jest Synem Bo\u017cym\u201d.<\/b><\/span><\/span><\/span><\/div>\n<div align=\"justify\" style=\"line-height: 150%; margin-bottom: 0cm;\">\n<span style=\"font-size: x-large;\"><\/p>\n<p><\/span><\/div>\n<div align=\"justify\" style=\"background: transparent; font-variant: normal; font-weight: normal; letter-spacing: normal; line-height: 150%; margin-bottom: 0cm; page-break-before: auto; text-indent: 1.3cm;\">\n<span style=\"font-size: x-large;\"><span style=\"color: black;\"><span style=\"font-family: Book Antiqua, serif;\"><span style=\"font-style: normal;\">W<br \/>\n<\/span><span style=\"font-style: normal;\">pierwszym dzisiejszym<br \/>\nczytaniu s\u0142yszymy: <\/span><i><b>Wiecie, \u017ce On si\u0119 objawi po to,<br \/>\naby zg\u0142adzi\u0107 grzechy\u2026<\/b><\/i><span style=\"font-style: normal;\"><b><br \/>\n<\/b><\/span><span style=\"font-style: normal;\">W Ewangelii natomiast<br \/>\ns\u0142yszymy: <\/span><i><b>Oto Baranek Bo\u017cy, kt\u00f3ry g\u0142adzi grzech<br \/>\n\u015bwiata.<\/b><\/i><span style=\"font-style: normal;\"> <\/span><span style=\"font-style: normal;\">Oba<br \/>\nzdania dotycz\u0105 Jezusa, przy czym pierwsze z nich zapisa\u0142 w swoim<br \/>\nLi\u015bcie Jan Aposto\u0142, a drugie Jan Aposto\u0142 zacytowa\u0142, ale jako<br \/>\ncz\u0119\u015b\u0107 wypowiedzi Jana Chrzciciela. Oto <\/span><span style=\"font-style: normal;\"><b>zapowied\u017a<br \/>\ng\u0142\u00f3wnej misji,<\/b><\/span><span style=\"font-style: normal;\"> jak\u0105 ma<br \/>\ndo spe\u0142nienia przychodz\u0105cy na \u015bwiat Zbawiciel: ma On <\/span><span style=\"font-style: normal;\"><b>doprowadzi\u0107<br \/>\nludzi do szcz\u0119\u015bcia wiecznego,<\/b><\/span><span style=\"font-style: normal;\"><br \/>\na pierwszym do tego krokiem jest <\/span><span style=\"font-style: normal;\"><b>zg\u0142adzenie<br \/>\nludzkich grzech\u00f3w. <\/b><\/span><\/span><\/span><br \/>\n<\/span><\/div>\n<div align=\"justify\" style=\"background: transparent; font-variant: normal; font-weight: normal; letter-spacing: normal; line-height: 150%; margin-bottom: 0cm; text-indent: 1.3cm;\">\n<span style=\"font-size: x-large;\"><span style=\"color: black;\"><span style=\"font-family: Book Antiqua, serif;\"><span style=\"font-style: normal;\">Przyj\u0119cie<br \/>\ntego daru z r\u0119ki Bo\u017cej wymaga jednak <\/span><span style=\"font-style: normal;\"><b>wsp\u00f3\u0142pracy<br \/>\nze strony cz\u0142owieka.<\/b><\/span><span style=\"font-style: normal;\"> Bo<br \/>\nJezus Chrystus rzeczywi\u015bcie zg\u0142adzi\u0142 grzechy \u015bwiata, odebra\u0142 im<br \/>\nich niszcz\u0105c\u0105 moc, ale nie odebra\u0142 wolno\u015bci cz\u0142owiekowi. Przeto<br \/>\nje\u017celi cz\u0142owiek<\/span><span style=\"font-style: normal;\"><b> nie chce<br \/>\nodwr\u00f3ci\u0107 si\u0119 od z\u0142a<\/b><\/span><span style=\"font-style: normal;\"> i<br \/>\nchce nadal brn\u0105\u0107 w grzech, to trudno na to cokolwiek poradzi\u0107.<br \/>\nSt\u0105d bardzo zdecydowane s\u0142owa Aposto\u0142a Jana: <\/span><i><b>Ka\u017cdy,<br \/>\nkto pok\u0142ada w Nim nadziej\u0119, u\u015bwi\u0119ca si\u0119, podobnie jak On jest<br \/>\n\u015bwi\u0119ty;<\/b><\/i><span style=\"font-style: normal;\"> ale zaraz potem:<\/span><i><br \/>\n<b>Ka\u017cdy, kto grzeszy, dopuszcza si\u0119 bezprawia, poniewa\u017c grzech<br \/>\njest bezprawiem;<\/b><\/i><span style=\"font-style: normal;\"><b> <\/b><\/span><span style=\"font-style: normal;\">a<br \/>\nwreszcie: <\/span><i><b>Ka\u017cdy, kto trwa w Nim, nie grzeszy, <\/b><b>\u017caden<br \/>\nza\u015b z tych, kt\u00f3rzy grzesz\u0105, <\/b><b>nie widzia\u0142 Go ani Go nie<br \/>\npozna\u0142. <\/b><\/i><\/span><\/span><br \/>\n<\/span><\/div>\n<div align=\"justify\" style=\"background: transparent; font-variant: normal; font-weight: normal; letter-spacing: normal; line-height: 150%; margin-bottom: 0cm; text-indent: 1.3cm;\">\n<span style=\"font-size: x-large;\"><span style=\"color: black;\"><span style=\"font-family: Book Antiqua, serif;\"><span style=\"font-style: normal;\">Widzimy<br \/>\nzatem, \u017ce \u017cycie bez grzechu jest \u015bwiadectwem jedno\u015bci z Jezusem.<br \/>\nNie pi\u0119kne s\u0142owa, nie szumne deklaracje, nie wznios\u0142e obietnice,<br \/>\nale <\/span><span style=\"font-style: normal;\"><b>konkret: <\/b><\/span><span style=\"font-style: normal;\"><b>\u017cycie<br \/>\nbez grzechu.<\/b><\/span><span style=\"font-style: normal;\"> Czyste<br \/>\nserce, czyste sumienie. Zdecydowana walka z grzechem, a wcze\u015bniej<br \/>\njeszcze \u2013 z pokusami do grzechu. <\/span><span style=\"font-style: normal;\"><b>Nie<br \/>\nda si\u0119 <\/b><\/span><span style=\"font-style: normal;\"><b>bowiem<br \/>\n<\/b><\/span><span style=\"font-style: normal;\"><b>pogodzi\u0107<\/b><\/span><span style=\"font-style: normal;\"><br \/>\n\u017cycia w grzechu z przyja\u017ani\u0105 z Jezusem. Aposto\u0142 przestrzega<br \/>\nwyra\u017anie \u2013 jeszcze raz to us\u0142yszmy: <\/span><i><b>\u017baden za\u015b z<br \/>\ntych, kt\u00f3rzy grzesz\u0105, nie widzia\u0142 Go ani Go nie pozna\u0142.<\/b><\/i><span style=\"font-style: normal;\"><br \/>\n<\/span><\/span><\/span><br \/>\n<\/span><\/div>\n<div align=\"justify\" style=\"background: transparent; font-variant: normal; font-weight: normal; letter-spacing: normal; line-height: 150%; margin-bottom: 0cm; text-indent: 1.3cm;\">\n<span style=\"font-size: x-large;\"><span style=\"color: black;\"><span style=\"font-family: Book Antiqua, serif;\"><span style=\"font-style: normal;\">To<br \/>\nbardzo mocne, jednoznaczne i radykalne stwierdzenie. Ale to w\u0142a\u015bnie<br \/>\ntakiego Jezusa radykalny i bezkompromisowy Jan Chrzciciel nazwa\u0142<br \/>\nBarankiem Bo\u017cym, <\/span><i><b>kt\u00f3ry g\u0142adzi grzech \u015bwiata.<\/b><\/i><span style=\"font-style: normal;\"><br \/>\n<\/span><span style=\"font-style: normal;\">A przecie\u017c dobrze pami\u0119tamy,<br \/>\nna czym polega\u0142o przygotowanie przez Jana Chrzciciela ludzi na<br \/>\nprzyj\u015bcie Mesjasza: by\u0142o to nawo\u0142ywanie do nawr\u00f3cenia, <\/span><span style=\"font-style: normal;\"><b>do<br \/>\nradykalnego zerwania z grzechem! <\/b><\/span><span style=\"font-style: normal;\">To<br \/>\npodstawa jakichkolwiek dalszych dzia\u0142a\u0144! <\/span><\/span><\/span><br \/>\n<\/span><\/div>\n<div align=\"justify\" style=\"background: transparent; font-variant: normal; font-weight: normal; letter-spacing: normal; line-height: 150%; margin-bottom: 0cm; text-indent: 1.3cm;\">\n<span style=\"font-size: x-large;\"><span style=\"color: black;\"><span style=\"font-family: Book Antiqua, serif;\"><span style=\"font-style: normal;\">Bo<br \/>\ngrzech jest czym\u015b absolutnie i bezdyskusyjnie <\/span><span style=\"font-style: normal;\"><b>przeciwnym<br \/>\nBogu.<\/b><\/span><span style=\"font-style: normal;\"> To jest bunt<br \/>\nprzeciwko Bogu. To jest po prostu z\u0142o. Dlatego nie mo\u017cna nawet<br \/>\n<\/span><span style=\"font-style: normal;\"><b>pomy\u015ble\u0107 o jakimkolwiek<br \/>\nkompromisie<\/b><\/span><span style=\"font-style: normal;\"> pomi\u0119dzy<br \/>\n\u017cyciem chrze\u015bcija\u0144skim a \u017cyciem w grzechu. Grzech trzeba<br \/>\nnatychmiast eliminowa\u0107! Wypala\u0107 gor\u0105cym \u017celazem! <\/span><\/span><\/span><br \/>\n<\/span><\/div>\n<div align=\"justify\" style=\"background: transparent; font-variant: normal; font-weight: normal; letter-spacing: normal; line-height: 150%; margin-bottom: 0cm; text-indent: 1.3cm;\">\n<span style=\"font-size: x-large;\"><span style=\"color: black;\"><span style=\"font-family: Book Antiqua, serif;\"><span style=\"font-style: normal;\">Wiemy,<br \/>\n\u017ce nie jest to proste, bo pokusa do grzechu jest silna i dlatego<br \/>\npomimo wielokrotnych dobrych postanowie\u0144, cz\u0119sto upadamy. A jednak<br \/>\n\u2013 <\/span><span style=\"font-style: normal;\"><b>nie wolno nam<br \/>\nrezygnowa\u0107,<\/b><\/span><span style=\"font-style: normal;\"> ani poddawa\u0107<br \/>\nsi\u0119 w walce z grzechem. Po naszej stronie jest Jezus \u2013 <\/span><i><b>Baranek<br \/>\nBo\u017cy,<\/b> <b>kt\u00f3ry g\u0142adzi grzech \u015bwiata.<\/b><\/i><span style=\"font-style: normal;\"><b><br \/>\n<\/b><\/span><span style=\"font-style: normal;\">On g\u0142adzi tak\u017ce nasz<br \/>\ngrzech \u2013 o ile tylko my chcemy zg\u0142adzi\u0107 go w sobie. <\/span><\/span><\/span><br \/>\n<\/span><\/div>\n<div align=\"justify\" style=\"background: transparent; font-variant: normal; font-weight: normal; letter-spacing: normal; line-height: 150%; margin-bottom: 0cm; text-indent: 1.3cm;\">\n<span style=\"color: black;\"><span style=\"font-family: Book Antiqua, serif;\"><span style=\"font-size: x-large;\"><span style=\"font-style: normal;\">Mo\u017ce<br \/>\nzatem warto zapyta\u0107 samych siebie w tym momencie \u2013 w czasie, w<br \/>\nkt\u00f3rym ci\u0105gle jeszcze dzi\u0119kujemy za dar Bo\u017cego Narodzenia: czy<br \/>\n<\/span><span style=\"font-style: normal;\"><b>chocia\u017c z jednym grzechem<\/b><\/span><span style=\"font-style: normal;\"><br \/>\npostara\u0142em si\u0119 zdecydowanie rozprawi\u0107? Czy podj\u0105\u0142em jakie\u015b<br \/>\n<\/span><span style=\"font-style: normal;\"><b>konkretne postanowienie<\/b><\/span><span style=\"font-style: normal;\"><br \/>\nw sprawie walki ze swymi s\u0142abo\u015bciami \u2013 mo\u017ce z jak\u0105\u015b jedn\u0105,<br \/>\n<\/span><span style=\"font-style: normal;\">szczeg\u00f3lnie uci\u0105\u017cliw\u0105<\/span><span style=\"font-style: normal;\">?\u2026<br \/>\nI czy jestem w tej walce bezkompromisowy, zdecydowany, radykalny,<br \/>\npami\u0119taj\u0105c ci\u0105gle, \u017ce <\/span><i><b>ka\u017cdy, kto trwa w <\/b><\/i><span style=\"font-style: normal;\"><b>[Jezusie],<\/b><\/span><i><b><br \/>\nnie grzeszy, <\/b><b>\u017caden za\u015b z tych, kt\u00f3rzy grzesz\u0105, <\/b><b>nie<br \/>\nwidzia\u0142 Go ani Go nie pozna\u0142?\u2026<\/b> <\/i><span style=\"font-style: normal;\">Jak<br \/>\nte s\u0142owa rozumiem i jak je osobi\u015bcie odnosz\u0119 do siebie?\u2026<\/span><\/span><\/span><\/span><\/div>\n","protected":false},"excerpt":{"rendered":"<p>Szcz\u0119\u015b\u0107 Bo\u017ce! Moi Drodzy, w dniu dzisiejszym imieniny prze\u017cywa nasza Mama, Danuta Ja\u015bkowska. Dzi\u0119kuj\u0105c \u2013 bo w\u0142a\u015bciwie ci\u0105gle za to ca\u0142\u0105 Rodzin\u0105 dzi\u0119kujemy \u2013 za wspania\u0142\u0105 atmosfer\u0119, jak\u0105 tworzy w naszym rodzinnym Domu, \u017cyczymy nieustannego optymizmu, rado\u015bci i nadziei, i takiego g\u0142\u0119bokiego zrozumienia sensu tego wszystkiego, co prze\u017cywa, szczeg\u00f3lnie do\u015bwiadczenia choroby. Dzi\u0119kujemy za to, \u017ce [&hellip;]<\/p>\n","protected":false},"author":1,"featured_media":0,"comment_status":"open","ping_status":"open","sticky":false,"template":"","format":"standard","meta":{"jetpack_post_was_ever_published":false,"_jetpack_newsletter_access":"","_jetpack_dont_email_post_to_subs":false,"_jetpack_newsletter_tier_id":0,"_jetpack_memberships_contains_paywalled_content":false,"_jetpack_memberships_contains_paid_content":false,"footnotes":""},"categories":[1],"tags":[],"class_list":["post-14734","post","type-post","status-publish","format-standard","hentry","category-bez-kategorii"],"yoast_head":"<!-- This site is optimized with the Yoast SEO plugin v25.1 - https:\/\/yoast.com\/wordpress\/plugins\/seo\/ -->\n<title>Kto trwa w Nim - nie grzeszy! - Gaudium Et Spes<\/title>\n<meta name=\"robots\" content=\"index, follow, max-snippet:-1, max-image-preview:large, max-video-preview:-1\" \/>\n<link rel=\"canonical\" href=\"https:\/\/gaudiumetspes-blog.pl\/index.php\/2019\/01\/03\/kto-trwa-w-nim-nie-grzeszy\/\" \/>\n<meta property=\"og:locale\" content=\"pl_PL\" \/>\n<meta property=\"og:type\" content=\"article\" \/>\n<meta property=\"og:title\" content=\"Kto trwa w Nim - nie grzeszy! - Gaudium Et Spes\" \/>\n<meta property=\"og:description\" content=\"Szcz\u0119\u015b\u0107 Bo\u017ce! Moi Drodzy, w dniu dzisiejszym imieniny prze\u017cywa nasza Mama, Danuta Ja\u015bkowska. Dzi\u0119kuj\u0105c \u2013 bo w\u0142a\u015bciwie ci\u0105gle za to ca\u0142\u0105 Rodzin\u0105 dzi\u0119kujemy \u2013 za wspania\u0142\u0105 atmosfer\u0119, jak\u0105 tworzy w naszym rodzinnym Domu, \u017cyczymy nieustannego optymizmu, rado\u015bci i nadziei, i takiego g\u0142\u0119bokiego zrozumienia sensu tego wszystkiego, co prze\u017cywa, szczeg\u00f3lnie do\u015bwiadczenia choroby. Dzi\u0119kujemy za to, \u017ce [&hellip;]\" \/>\n<meta property=\"og:url\" content=\"https:\/\/gaudiumetspes-blog.pl\/index.php\/2019\/01\/03\/kto-trwa-w-nim-nie-grzeszy\/\" \/>\n<meta property=\"og:site_name\" content=\"Gaudium Et Spes\" \/>\n<meta property=\"article:published_time\" content=\"2019-01-03T04:42:00+00:00\" \/>\n<meta property=\"article:modified_time\" content=\"2019-07-31T10:58:11+00:00\" \/>\n<meta name=\"author\" content=\"Ks. Jacek\" \/>\n<meta name=\"twitter:card\" content=\"summary_large_image\" \/>\n<meta name=\"twitter:label1\" content=\"Napisane przez\" \/>\n\t<meta name=\"twitter:data1\" content=\"Ks. Jacek\" \/>\n\t<meta name=\"twitter:label2\" content=\"Szacowany czas czytania\" \/>\n\t<meta name=\"twitter:data2\" content=\"5 minut\" \/>\n<script type=\"application\/ld+json\" class=\"yoast-schema-graph\">{\"@context\":\"https:\/\/schema.org\",\"@graph\":[{\"@type\":\"WebPage\",\"@id\":\"https:\/\/gaudiumetspes-blog.pl\/index.php\/2019\/01\/03\/kto-trwa-w-nim-nie-grzeszy\/\",\"url\":\"https:\/\/gaudiumetspes-blog.pl\/index.php\/2019\/01\/03\/kto-trwa-w-nim-nie-grzeszy\/\",\"name\":\"Kto trwa w Nim - nie grzeszy! - Gaudium Et Spes\",\"isPartOf\":{\"@id\":\"https:\/\/gaudiumetspes-blog.pl\/#website\"},\"datePublished\":\"2019-01-03T04:42:00+00:00\",\"dateModified\":\"2019-07-31T10:58:11+00:00\",\"author\":{\"@id\":\"https:\/\/gaudiumetspes-blog.pl\/#\/schema\/person\/1661982992b752dea8dff0d4ed845a65\"},\"breadcrumb\":{\"@id\":\"https:\/\/gaudiumetspes-blog.pl\/index.php\/2019\/01\/03\/kto-trwa-w-nim-nie-grzeszy\/#breadcrumb\"},\"inLanguage\":\"pl-PL\",\"potentialAction\":[{\"@type\":\"ReadAction\",\"target\":[\"https:\/\/gaudiumetspes-blog.pl\/index.php\/2019\/01\/03\/kto-trwa-w-nim-nie-grzeszy\/\"]}]},{\"@type\":\"BreadcrumbList\",\"@id\":\"https:\/\/gaudiumetspes-blog.pl\/index.php\/2019\/01\/03\/kto-trwa-w-nim-nie-grzeszy\/#breadcrumb\",\"itemListElement\":[{\"@type\":\"ListItem\",\"position\":1,\"name\":\"Strona g\u0142\u00f3wna\",\"item\":\"https:\/\/gaudiumetspes-blog.pl\/\"},{\"@type\":\"ListItem\",\"position\":2,\"name\":\"Kto trwa w&nbsp;Nim &#8211; nie&nbsp;grzeszy!\"}]},{\"@type\":\"WebSite\",\"@id\":\"https:\/\/gaudiumetspes-blog.pl\/#website\",\"url\":\"https:\/\/gaudiumetspes-blog.pl\/\",\"name\":\"Gaudium Et Spes\",\"description\":\"Blog Ks. Jacka Ja\u015bkowskiego\",\"potentialAction\":[{\"@type\":\"SearchAction\",\"target\":{\"@type\":\"EntryPoint\",\"urlTemplate\":\"https:\/\/gaudiumetspes-blog.pl\/?s={search_term_string}\"},\"query-input\":{\"@type\":\"PropertyValueSpecification\",\"valueRequired\":true,\"valueName\":\"search_term_string\"}}],\"inLanguage\":\"pl-PL\"},{\"@type\":\"Person\",\"@id\":\"https:\/\/gaudiumetspes-blog.pl\/#\/schema\/person\/1661982992b752dea8dff0d4ed845a65\",\"name\":\"Ks. Jacek\",\"image\":{\"@type\":\"ImageObject\",\"inLanguage\":\"pl-PL\",\"@id\":\"https:\/\/gaudiumetspes-blog.pl\/#\/schema\/person\/image\/\",\"url\":\"https:\/\/gaudiumetspes-blog.pl\/wp-content\/uploads\/2019\/07\/avatar-JJ-150x150.jpg\",\"contentUrl\":\"https:\/\/gaudiumetspes-blog.pl\/wp-content\/uploads\/2019\/07\/avatar-JJ-150x150.jpg\",\"caption\":\"Ks. Jacek\"},\"description\":\"Witam serdecznie! K\u0142ania si\u0119 Ks. Jacek Ja\u015bkowski. Nie jestem ani kim\u015b wa\u017cnym, ani kim\u015b znanym. Jestem ksi\u0119dzem, kt\u00f3ry po prostu chce rozmawia\u0107. Codzienna kap\u0142a\u0144ska pos\u0142uga pokazuje mi, \u017ce temat\u00f3w do rozm\u00f3w z ksi\u0119dzem jest coraz wi\u0119cej i dzisiaj \u017caden ksi\u0105dz nie mo\u017ce od nich ucieka\u0107, ale - wprost przeciwnie - podejmowa\u0107 nowe wyzwania. To przekonanie sk\u0142oni\u0142o mnie do pr\u00f3by otwarcia tego\u017c bloga, chocia\u017c okazji do rozm\u00f3w na co dzie\u0144 - w konfesjonale i poza nim - na szcz\u0119\u015bcie nie brakuje. My\u015bl\u0119 jednak, \u017ce ten blog b\u0119dzie jeszcze jednym sposobem i przestrzeni\u0105 nawi\u0105zania kontaktu z lud\u017ami dobrej woli, otwartymi na dialog.\",\"url\":\"https:\/\/gaudiumetspes-blog.pl\/index.php\/author\/ks-jacek\/\"}]}<\/script>\n<!-- \/ Yoast SEO plugin. -->","yoast_head_json":{"title":"Kto trwa w Nim - nie grzeszy! - Gaudium Et Spes","robots":{"index":"index","follow":"follow","max-snippet":"max-snippet:-1","max-image-preview":"max-image-preview:large","max-video-preview":"max-video-preview:-1"},"canonical":"https:\/\/gaudiumetspes-blog.pl\/index.php\/2019\/01\/03\/kto-trwa-w-nim-nie-grzeszy\/","og_locale":"pl_PL","og_type":"article","og_title":"Kto trwa w Nim - nie grzeszy! - Gaudium Et Spes","og_description":"Szcz\u0119\u015b\u0107 Bo\u017ce! Moi Drodzy, w dniu dzisiejszym imieniny prze\u017cywa nasza Mama, Danuta Ja\u015bkowska. Dzi\u0119kuj\u0105c \u2013 bo w\u0142a\u015bciwie ci\u0105gle za to ca\u0142\u0105 Rodzin\u0105 dzi\u0119kujemy \u2013 za wspania\u0142\u0105 atmosfer\u0119, jak\u0105 tworzy w naszym rodzinnym Domu, \u017cyczymy nieustannego optymizmu, rado\u015bci i nadziei, i takiego g\u0142\u0119bokiego zrozumienia sensu tego wszystkiego, co prze\u017cywa, szczeg\u00f3lnie do\u015bwiadczenia choroby. Dzi\u0119kujemy za to, \u017ce [&hellip;]","og_url":"https:\/\/gaudiumetspes-blog.pl\/index.php\/2019\/01\/03\/kto-trwa-w-nim-nie-grzeszy\/","og_site_name":"Gaudium Et Spes","article_published_time":"2019-01-03T04:42:00+00:00","article_modified_time":"2019-07-31T10:58:11+00:00","author":"Ks. Jacek","twitter_card":"summary_large_image","twitter_misc":{"Napisane przez":"Ks. Jacek","Szacowany czas czytania":"5 minut"},"schema":{"@context":"https:\/\/schema.org","@graph":[{"@type":"WebPage","@id":"https:\/\/gaudiumetspes-blog.pl\/index.php\/2019\/01\/03\/kto-trwa-w-nim-nie-grzeszy\/","url":"https:\/\/gaudiumetspes-blog.pl\/index.php\/2019\/01\/03\/kto-trwa-w-nim-nie-grzeszy\/","name":"Kto trwa w Nim - nie grzeszy! - Gaudium Et Spes","isPartOf":{"@id":"https:\/\/gaudiumetspes-blog.pl\/#website"},"datePublished":"2019-01-03T04:42:00+00:00","dateModified":"2019-07-31T10:58:11+00:00","author":{"@id":"https:\/\/gaudiumetspes-blog.pl\/#\/schema\/person\/1661982992b752dea8dff0d4ed845a65"},"breadcrumb":{"@id":"https:\/\/gaudiumetspes-blog.pl\/index.php\/2019\/01\/03\/kto-trwa-w-nim-nie-grzeszy\/#breadcrumb"},"inLanguage":"pl-PL","potentialAction":[{"@type":"ReadAction","target":["https:\/\/gaudiumetspes-blog.pl\/index.php\/2019\/01\/03\/kto-trwa-w-nim-nie-grzeszy\/"]}]},{"@type":"BreadcrumbList","@id":"https:\/\/gaudiumetspes-blog.pl\/index.php\/2019\/01\/03\/kto-trwa-w-nim-nie-grzeszy\/#breadcrumb","itemListElement":[{"@type":"ListItem","position":1,"name":"Strona g\u0142\u00f3wna","item":"https:\/\/gaudiumetspes-blog.pl\/"},{"@type":"ListItem","position":2,"name":"Kto trwa w&nbsp;Nim &#8211; nie&nbsp;grzeszy!"}]},{"@type":"WebSite","@id":"https:\/\/gaudiumetspes-blog.pl\/#website","url":"https:\/\/gaudiumetspes-blog.pl\/","name":"Gaudium Et Spes","description":"Blog Ks. Jacka Ja\u015bkowskiego","potentialAction":[{"@type":"SearchAction","target":{"@type":"EntryPoint","urlTemplate":"https:\/\/gaudiumetspes-blog.pl\/?s={search_term_string}"},"query-input":{"@type":"PropertyValueSpecification","valueRequired":true,"valueName":"search_term_string"}}],"inLanguage":"pl-PL"},{"@type":"Person","@id":"https:\/\/gaudiumetspes-blog.pl\/#\/schema\/person\/1661982992b752dea8dff0d4ed845a65","name":"Ks. Jacek","image":{"@type":"ImageObject","inLanguage":"pl-PL","@id":"https:\/\/gaudiumetspes-blog.pl\/#\/schema\/person\/image\/","url":"https:\/\/gaudiumetspes-blog.pl\/wp-content\/uploads\/2019\/07\/avatar-JJ-150x150.jpg","contentUrl":"https:\/\/gaudiumetspes-blog.pl\/wp-content\/uploads\/2019\/07\/avatar-JJ-150x150.jpg","caption":"Ks. Jacek"},"description":"Witam serdecznie! K\u0142ania si\u0119 Ks. Jacek Ja\u015bkowski. Nie jestem ani kim\u015b wa\u017cnym, ani kim\u015b znanym. Jestem ksi\u0119dzem, kt\u00f3ry po prostu chce rozmawia\u0107. Codzienna kap\u0142a\u0144ska pos\u0142uga pokazuje mi, \u017ce temat\u00f3w do rozm\u00f3w z ksi\u0119dzem jest coraz wi\u0119cej i dzisiaj \u017caden ksi\u0105dz nie mo\u017ce od nich ucieka\u0107, ale - wprost przeciwnie - podejmowa\u0107 nowe wyzwania. To przekonanie sk\u0142oni\u0142o mnie do pr\u00f3by otwarcia tego\u017c bloga, chocia\u017c okazji do rozm\u00f3w na co dzie\u0144 - w konfesjonale i poza nim - na szcz\u0119\u015bcie nie brakuje. My\u015bl\u0119 jednak, \u017ce ten blog b\u0119dzie jeszcze jednym sposobem i przestrzeni\u0105 nawi\u0105zania kontaktu z lud\u017ami dobrej woli, otwartymi na dialog.","url":"https:\/\/gaudiumetspes-blog.pl\/index.php\/author\/ks-jacek\/"}]}},"jetpack_featured_media_url":"","jetpack_sharing_enabled":true,"_links":{"self":[{"href":"https:\/\/gaudiumetspes-blog.pl\/index.php\/wp-json\/wp\/v2\/posts\/14734","targetHints":{"allow":["GET"]}}],"collection":[{"href":"https:\/\/gaudiumetspes-blog.pl\/index.php\/wp-json\/wp\/v2\/posts"}],"about":[{"href":"https:\/\/gaudiumetspes-blog.pl\/index.php\/wp-json\/wp\/v2\/types\/post"}],"author":[{"embeddable":true,"href":"https:\/\/gaudiumetspes-blog.pl\/index.php\/wp-json\/wp\/v2\/users\/1"}],"replies":[{"embeddable":true,"href":"https:\/\/gaudiumetspes-blog.pl\/index.php\/wp-json\/wp\/v2\/comments?post=14734"}],"version-history":[{"count":1,"href":"https:\/\/gaudiumetspes-blog.pl\/index.php\/wp-json\/wp\/v2\/posts\/14734\/revisions"}],"predecessor-version":[{"id":14813,"href":"https:\/\/gaudiumetspes-blog.pl\/index.php\/wp-json\/wp\/v2\/posts\/14734\/revisions\/14813"}],"wp:attachment":[{"href":"https:\/\/gaudiumetspes-blog.pl\/index.php\/wp-json\/wp\/v2\/media?parent=14734"}],"wp:term":[{"taxonomy":"category","embeddable":true,"href":"https:\/\/gaudiumetspes-blog.pl\/index.php\/wp-json\/wp\/v2\/categories?post=14734"},{"taxonomy":"post_tag","embeddable":true,"href":"https:\/\/gaudiumetspes-blog.pl\/index.php\/wp-json\/wp\/v2\/tags?post=14734"}],"curies":[{"name":"wp","href":"https:\/\/api.w.org\/{rel}","templated":true}]}}