{"id":14735,"date":"2019-01-02T05:52:00","date_gmt":"2019-01-02T04:52:00","guid":{"rendered":"https:\/\/gaudiumetspes-blog.pl\/index.php\/2019\/01\/02\/trwanie\/"},"modified":"2019-07-31T12:58:11","modified_gmt":"2019-07-31T10:58:11","slug":"trwanie","status":"publish","type":"post","link":"https:\/\/gaudiumetspes-blog.pl\/index.php\/2019\/01\/02\/trwanie\/","title":{"rendered":"Trwanie&#8230;"},"content":{"rendered":"<p><\/p>\n<div align=\"justify\" style=\"font-style: normal; font-variant: normal; font-weight: normal; letter-spacing: normal; line-height: 150%; margin-bottom: 0cm;\">\n<span style=\"font-size: x-large;\"><span style=\"color: black;\"><span style=\"font-family: Book Antiqua, serif;\">Szcz\u0119\u015b\u0107<br \/>\nBo\u017ce! Moi Drodzy, w dniu wczorajszym <b>swoje imieniny obchodzili: <\/b><\/span><\/span><br \/>\n<\/span><\/div>\n<div align=\"justify\" style=\"font-style: normal; font-variant: normal; letter-spacing: normal; line-height: 150%; margin-bottom: 0cm;\">\n<span style=\"font-size: x-large;\"><span style=\"color: black;\">\u2013 <span style=\"font-family: Book Antiqua, serif;\"><b>Ksi\u0105dz<br \/>\nPra\u0142at Mieczys\u0142aw Lipniacki \u2013 m\u00f3j \u201erodzony\u201d Proboszcz, czyli<br \/>\npierwszy Proboszcz mojej rodzinnej Parafii i m\u00f3j Proboszcz od<br \/>\nPierwszej Komunii \u015awi\u0119tej, a\u017c do Prymicji, a nawet jeszcze troch\u0119<br \/>\npo niej; <\/b><\/span><\/span><br \/>\n<\/span><\/div>\n<div align=\"justify\" style=\"font-style: normal; font-variant: normal; letter-spacing: normal; line-height: 150%; margin-bottom: 0cm;\">\n<span style=\"font-size: x-large;\"><span style=\"color: black;\">\u2013 <span style=\"font-family: Book Antiqua, serif;\"><b>Ksi\u0105dz<br \/>\nPra\u0142at Mieczys\u0142aw G\u0142owacki \u2013 m\u00f3j Profesor w Seminarium,<br \/>\nPromotor mojej pracy magisterskiej, m\u00f3j Szef (przed laty) w S\u0105dzie<br \/>\nBiskupim; <\/b><\/span><\/span><br \/>\n<\/span><\/div>\n<div align=\"justify\" style=\"font-style: normal; font-variant: normal; letter-spacing: normal; line-height: 150%; margin-bottom: 0cm;\">\n<span style=\"font-size: x-large;\"><span style=\"color: black;\">\u2013 <span style=\"font-family: Book Antiqua, serif;\"><b>Ksi\u0105dz<br \/>\nKanonik Mieczys\u0142aw Milczarczyk \u2013 Proboszcz Parafii w Radory\u017cu<br \/>\nKo\u015bcielnym. <\/b><\/span><\/span><br \/>\n<\/span><\/div>\n<div align=\"justify\" style=\"background: transparent; font-style: normal; font-variant: normal; letter-spacing: normal; line-height: 150%; margin-bottom: 0cm; page-break-before: auto; text-indent: 1.3cm;\">\n<span style=\"font-size: x-large;\"><span style=\"color: black;\"><span style=\"font-family: Book Antiqua, serif;\"><b>Z<br \/>\nkolei urodziny obchodzi\u0142a wczoraj Monika Mazur, nale\u017c\u0105ca w swoim<br \/>\nczasie do jednej z moich Wsp\u00f3lnot m\u0142odzie\u017cowych. <\/b><\/span><\/span><br \/>\n<\/span><\/div>\n<div align=\"justify\" style=\"background: transparent; font-style: normal; font-variant: normal; font-weight: normal; letter-spacing: normal; line-height: 150%; margin-bottom: 0cm; page-break-before: auto; text-indent: 1.3cm;\">\n<span style=\"color: black;\"><span style=\"font-family: Book Antiqua, serif;\"><span style=\"font-size: x-large;\"><b>\u017bycz\u0119<br \/>\nWszystkim \u015bwi\u0119tuj\u0105cym bezmiaru \u0142aski Bo\u017cej i ludzkiej<br \/>\n\u017cyczliwo\u015bci. <\/b><b>Niech Dobry B\u00f3g im b\u0142ogos\u0142awi \u2013 jak o tym<br \/>\nwczoraj pi\u0119knie pisa\u0142 Ksi\u0105dz Marek. <\/b><b>Wspieram modlitw\u0105!<\/b><\/span><\/span><\/span><\/div>\n<div align=\"justify\" style=\"background: transparent; font-variant: normal; letter-spacing: normal; line-height: 150%; margin-bottom: 0cm; orphans: 2; page-break-before: auto; text-indent: 1.3cm; widows: 2;\">\n<span style=\"color: black;\"><span style=\"font-family: Book Antiqua, serif;\"><span style=\"font-size: x-large;\"><span style=\"font-style: normal;\"><span style=\"font-weight: normal;\">I<br \/>\nw\u0142a\u015bnie<\/span><\/span><span style=\"font-style: normal;\"><span style=\"font-weight: normal;\"><br \/>\nKsi\u0119dzu Markowi dzi\u0119kuj\u0119 za wczorajsze s\u0142\u00f3wko z Syberii. <\/span><\/span><span style=\"font-style: normal;\"><span style=\"font-weight: normal;\">Jak<br \/>\nzawsze, by\u0142o co poczyta\u0107 \u2013<\/span><\/span><span style=\"font-style: normal;\"><span style=\"font-weight: normal;\"><br \/>\nzw\u0142aszcza, \u017ce otrzymali\u015bmy bardzo ciekawe przypomnienie my\u015bli,<br \/>\nzawartych w noworocznych s\u0142\u00f3wkach na przestrzeni ostatnich czterech<br \/>\nlat.<\/span><\/span><\/span><\/span><\/span><\/div>\n<div align=\"justify\" style=\"background: transparent; font-variant: normal; letter-spacing: normal; line-height: 150%; margin-bottom: 0cm; orphans: 2; text-indent: 1.3cm; widows: 2;\">\n<span style=\"color: black;\"><span style=\"font-family: Book Antiqua, serif;\"><span style=\"font-size: x-large;\"><span style=\"font-style: normal;\"><span style=\"font-weight: normal;\">Moi<br \/>\nDrodzy, ten fakt nasun\u0105\u0142 mi na my\u015bl skojarzenie z tym, czego<br \/>\n\u017cyczy\u0142em Ksi\u0119dzu Markowi, kiedy rozmawiali\u015bmy przez skype.<br \/>\n\u017byczy\u0142em Mu, \u017ceby trwa\u0142. Dzisiaj o tym jest tak\u017ce w s\u0142owie<br \/>\nBo\u017cym i w rozwa\u017caniu. W\u0142a\u015bnie o trwaniu. I nawet to przypomnienie<br \/>\nmy\u015bli, zawartych w s\u0142\u00f3wkach noworocznych od roku 2015 pokazuje, \u017ce<br \/>\nKsi\u0105dz Marek tam trwa. I oby trwa\u0142 \u2013 dla dobra tych, kt\u00f3rym<br \/>\ns\u0142u\u017cy. A my \u2013 trwajmy na modlitwie, wspieraj\u0105c w ten spos\u00f3b<br \/>\nJego dzia\u0142ania.<\/span><\/span><\/span><\/span><\/span><\/div>\n<div align=\"justify\" style=\"background: transparent; font-variant: normal; letter-spacing: normal; line-height: 150%; margin-bottom: 0cm; orphans: 2; text-indent: 1.3cm; widows: 2;\">\n<span style=\"color: black;\"><span style=\"font-family: Book Antiqua, serif;\"><span style=\"font-size: x-large;\"><span style=\"font-style: normal;\"><span style=\"font-weight: normal;\">\u017bycz\u0119<br \/>\nWszystkim trwania w mi\u0142o\u015bci Bo\u017cej w ci\u0105gu dzisiejszego dnia \u2013 i<br \/>\nprzez ca\u0142e \u017cycie. A u nas \u2013 kolejny dzie\u0144 wizyty<br \/>\nduszpasterskiej.<\/span><\/span><\/span><\/span><\/span><\/div>\n<div align=\"center\" style=\"background: transparent; font-variant: normal; letter-spacing: normal; line-height: 150%; margin-bottom: 0cm; orphans: 2; widows: 2;\">\n<span style=\"color: black;\"><span style=\"font-family: Book Antiqua, serif;\"><span style=\"font-size: x-large;\"><span style=\"font-style: normal;\"><span style=\"font-weight: normal;\">Gaudium<br \/>\net spes!  Ks. Jacek<\/span><\/span><\/span><\/span><\/span><\/div>\n<div align=\"justify\" style=\"line-height: 150%; margin-bottom: 0cm;\">\n<span style=\"font-size: x-large;\"><\/p>\n<p><\/span><\/div>\n<div align=\"justify\" style=\"line-height: 150%; margin-bottom: 0cm;\">\n<span style=\"color: black;\"><span style=\"font-family: Book Antiqua, serif;\"><span style=\"font-size: x-large;\"><b>Wspomnienie<br \/>\n\u015aw. Bazylego Wielkiego i Grzegorza z Nazjanzu,<\/b><\/span><\/span><\/span><\/div>\n<div align=\"justify\" style=\"line-height: 150%; margin-bottom: 0cm;\">\n<span style=\"color: black;\"><span style=\"font-family: Book Antiqua, serif;\"><span style=\"font-size: x-large;\"><b>Biskup\u00f3w<br \/>\ni Doktor\u00f3w Ko\u015bcio\u0142a,<\/b><\/span><\/span><\/span><\/div>\n<div align=\"justify\" style=\"line-height: 150%; margin-bottom: 0cm;\">\n<span style=\"color: black;\"><span style=\"font-family: Book Antiqua, serif;\"><span style=\"font-size: x-large;\"><b>do<br \/>\nczyta\u0144:  1 J 2,22\u201328;  J 1,19\u201328<\/b><\/span><\/span><\/span><\/div>\n<div align=\"justify\" style=\"font-style: normal; font-variant: normal; letter-spacing: normal; line-height: 150%; margin-bottom: 0cm;\">\n<span style=\"font-size: x-large;\"><\/p>\n<p><\/span><\/div>\n<div align=\"justify\" style=\"font-style: normal; font-variant: normal; letter-spacing: normal; line-height: 150%; margin-bottom: 0cm;\">\n<span style=\"color: black;\"><span style=\"font-family: Book Antiqua, serif;\"><span style=\"font-size: x-large;\"><b>CZYTANIE<br \/>\nZ PIERWSZEGO LISTU \u015aWI\u0118TEGO JANA APOSTO\u0141A:<\/b><\/span><\/span><\/span><\/div>\n<div align=\"justify\" style=\"background: transparent; font-style: normal; font-variant: normal; letter-spacing: normal; line-height: 150%; margin-bottom: 0cm; page-break-before: auto; text-indent: 1.3cm;\">\n<span style=\"font-size: x-large;\"><span style=\"color: black;\"><span style=\"font-family: Book Antiqua, serif;\"><b>Najmilsi:<br \/>\n<\/b><\/span><\/span><br \/>\n<\/span><\/div>\n<div align=\"justify\" style=\"font-style: normal; font-variant: normal; letter-spacing: normal; line-height: 150%; margin-bottom: 0cm;\">\n<span style=\"font-size: x-large;\"><span style=\"color: black;\"><span style=\"font-family: Book Antiqua, serif;\"><b>Kt\u00f3\u017c<br \/>\njest k\u0142amc\u0105, je\u015bli nie ten, <\/b><\/span><\/span><br \/>\n<\/span><\/div>\n<div align=\"justify\" style=\"font-style: normal; font-variant: normal; letter-spacing: normal; line-height: 150%; margin-bottom: 0cm;\">\n<span style=\"font-size: x-large;\"><span style=\"color: black;\"><span style=\"font-family: Book Antiqua, serif;\"><b>kto<br \/>\nzaprzecza, \u017ce Jezus jest Mesjaszem? <\/b><\/span><\/span><br \/>\n<\/span><\/div>\n<div align=\"justify\" style=\"font-style: normal; font-variant: normal; letter-spacing: normal; line-height: 150%; margin-bottom: 0cm;\">\n<span style=\"font-size: x-large;\"><span style=\"color: black;\"><span style=\"font-family: Book Antiqua, serif;\"><b>Ten<br \/>\nw\u0142a\u015bnie jest Antychrystem, <\/b><\/span><\/span><br \/>\n<\/span><\/div>\n<div align=\"justify\" style=\"font-style: normal; font-variant: normal; letter-spacing: normal; line-height: 150%; margin-bottom: 0cm;\">\n<span style=\"font-size: x-large;\"><span style=\"color: black;\"><span style=\"font-family: Book Antiqua, serif;\"><b>kt\u00f3ry<br \/>\nnie uznaje Ojca i Syna. <\/b><\/span><\/span><br \/>\n<\/span><\/div>\n<div align=\"justify\" style=\"font-style: normal; font-variant: normal; letter-spacing: normal; line-height: 150%; margin-bottom: 0cm;\">\n<span style=\"font-size: x-large;\"><span style=\"color: black;\"><span style=\"font-family: Book Antiqua, serif;\"><b>Ka\u017cdy,<br \/>\nkto nie uznaje Syna, <\/b><\/span><\/span><br \/>\n<\/span><\/div>\n<div align=\"justify\" style=\"font-style: normal; font-variant: normal; letter-spacing: normal; line-height: 150%; margin-bottom: 0cm;\">\n<span style=\"font-size: x-large;\"><span style=\"color: black;\"><span style=\"font-family: Book Antiqua, serif;\"><b>nie<br \/>\nma te\u017c i Ojca, <\/b><\/span><\/span><br \/>\n<\/span><\/div>\n<div align=\"justify\" style=\"font-style: normal; font-variant: normal; letter-spacing: normal; line-height: 150%; margin-bottom: 0cm;\">\n<span style=\"color: black;\"><span style=\"font-family: Book Antiqua, serif;\"><span style=\"font-size: x-large;\"><b>kto<br \/>\nza\u015b uznaje Syna, ten ma i Ojca.<\/b><\/span><\/span><\/span><\/div>\n<div align=\"justify\" style=\"font-style: normal; font-variant: normal; letter-spacing: normal; line-height: 150%; margin-bottom: 0cm; orphans: 2; widows: 2;\">\n<span style=\"font-size: x-large;\"><span style=\"color: black;\"><span style=\"font-family: Book Antiqua, serif;\"><b>Wy<br \/>\nza\u015b zachowujecie w sobie to, <\/b><\/span><\/span><br \/>\n<\/span><\/div>\n<div align=\"justify\" style=\"font-style: normal; font-variant: normal; letter-spacing: normal; line-height: 150%; margin-bottom: 0cm; orphans: 2; widows: 2;\">\n<span style=\"font-size: x-large;\"><span style=\"color: black;\"><span style=\"font-family: Book Antiqua, serif;\"><b>co<br \/>\ns\u0142yszeli\u015bcie od pocz\u0105tku. <\/b><\/span><\/span><br \/>\n<\/span><\/div>\n<div align=\"justify\" style=\"font-style: normal; font-variant: normal; letter-spacing: normal; line-height: 150%; margin-bottom: 0cm; orphans: 2; widows: 2;\">\n<span style=\"font-size: x-large;\"><span style=\"color: black;\"><span style=\"font-family: Book Antiqua, serif;\"><b>Je\u017celi<br \/>\nb\u0119dzie trwa\u0142o w was to, <\/b><\/span><\/span><br \/>\n<\/span><\/div>\n<div align=\"justify\" style=\"font-style: normal; font-variant: normal; letter-spacing: normal; line-height: 150%; margin-bottom: 0cm; orphans: 2; widows: 2;\">\n<span style=\"font-size: x-large;\"><span style=\"color: black;\"><span style=\"font-family: Book Antiqua, serif;\"><b>co<br \/>\ns\u0142yszeli\u015bcie od pocz\u0105tku, <\/b><\/span><\/span><br \/>\n<\/span><\/div>\n<div align=\"justify\" style=\"font-style: normal; font-variant: normal; letter-spacing: normal; line-height: 150%; margin-bottom: 0cm; orphans: 2; widows: 2;\">\n<span style=\"font-size: x-large;\"><span style=\"color: black;\"><span style=\"font-family: Book Antiqua, serif;\"><b>to<br \/>\ni wy b\u0119dziecie trwa\u0107 w Synu i w Ojcu. <\/b><\/span><\/span><br \/>\n<\/span><\/div>\n<div align=\"justify\" style=\"font-style: normal; font-variant: normal; letter-spacing: normal; line-height: 150%; margin-bottom: 0cm; orphans: 2; widows: 2;\">\n<span style=\"font-size: x-large;\"><span style=\"color: black;\"><span style=\"font-family: Book Antiqua, serif;\"><b>A<br \/>\nobietnic\u0105 t\u0105, dan\u0105 przez Niego samego, <\/b><\/span><\/span><br \/>\n<\/span><\/div>\n<div align=\"justify\" style=\"font-style: normal; font-variant: normal; letter-spacing: normal; line-height: 150%; margin-bottom: 0cm; orphans: 2; widows: 2;\">\n<span style=\"font-size: x-large;\"><span style=\"color: black;\"><span style=\"font-family: Book Antiqua, serif;\"><b>jest<br \/>\n\u017cycie wieczne. <\/b><\/span><\/span><br \/>\n<\/span><\/div>\n<div align=\"justify\" style=\"font-style: normal; font-variant: normal; letter-spacing: normal; line-height: 150%; margin-bottom: 0cm; orphans: 2; widows: 2;\">\n<span style=\"font-size: x-large;\"><span style=\"color: black;\"><span style=\"font-family: Book Antiqua, serif;\"><b>To<br \/>\nwszystko napisa\u0142em wam o tych, <\/b><\/span><\/span><br \/>\n<\/span><\/div>\n<div align=\"justify\" style=\"font-style: normal; font-variant: normal; letter-spacing: normal; line-height: 150%; margin-bottom: 0cm; orphans: 2; widows: 2;\">\n<span style=\"color: black;\"><span style=\"font-family: Book Antiqua, serif;\"><span style=\"font-size: x-large;\"><b>kt\u00f3rzy<br \/>\nwprowadzaj\u0105 was w b\u0142\u0105d.<\/b><\/span><\/span><\/span><\/div>\n<div align=\"justify\" style=\"font-style: normal; font-variant: normal; letter-spacing: normal; line-height: 150%; margin-bottom: 0cm; orphans: 2; widows: 2;\">\n<span style=\"font-size: x-large;\"><span style=\"color: black;\"><span style=\"font-family: Book Antiqua, serif;\"><b>Co<br \/>\ndo was to namaszczenie, <\/b><\/span><\/span><br \/>\n<\/span><\/div>\n<div align=\"justify\" style=\"font-style: normal; font-variant: normal; letter-spacing: normal; line-height: 150%; margin-bottom: 0cm; orphans: 2; widows: 2;\">\n<span style=\"font-size: x-large;\"><span style=\"color: black;\"><span style=\"font-family: Book Antiqua, serif;\"><b>kt\u00f3re<br \/>\notrzymali\u015bcie od Niego, trwa w was <\/b><\/span><\/span><br \/>\n<\/span><\/div>\n<div align=\"justify\" style=\"font-style: normal; font-variant: normal; letter-spacing: normal; line-height: 150%; margin-bottom: 0cm; orphans: 2; widows: 2;\">\n<span style=\"font-size: x-large;\"><span style=\"color: black;\"><span style=\"font-family: Book Antiqua, serif;\"><b>i<br \/>\nnie potrzebujecie pouczenia od nikogo, <\/b><\/span><\/span><br \/>\n<\/span><\/div>\n<div align=\"justify\" style=\"font-style: normal; font-variant: normal; letter-spacing: normal; line-height: 150%; margin-bottom: 0cm; orphans: 2; widows: 2;\">\n<span style=\"font-size: x-large;\"><span style=\"color: black;\"><span style=\"font-family: Book Antiqua, serif;\"><b>poniewa\u017c<br \/>\nJego namaszczenie <\/b><\/span><\/span><br \/>\n<\/span><\/div>\n<div align=\"justify\" style=\"font-style: normal; font-variant: normal; letter-spacing: normal; line-height: 150%; margin-bottom: 0cm; orphans: 2; widows: 2;\">\n<span style=\"font-size: x-large;\"><span style=\"color: black;\"><span style=\"font-family: Book Antiqua, serif;\"><b>poucza<br \/>\nwas o wszystkim. <\/b><\/span><\/span><br \/>\n<\/span><\/div>\n<div align=\"justify\" style=\"font-style: normal; font-variant: normal; letter-spacing: normal; line-height: 150%; margin-bottom: 0cm; orphans: 2; widows: 2;\">\n<span style=\"font-size: x-large;\"><span style=\"color: black;\"><span style=\"font-family: Book Antiqua, serif;\"><b>Ono<br \/>\njest prawdziwe i nie jest k\u0142amstwem. <\/b><\/span><\/span><br \/>\n<\/span><\/div>\n<div align=\"justify\" style=\"font-style: normal; font-variant: normal; letter-spacing: normal; line-height: 150%; margin-bottom: 0cm; orphans: 2; widows: 2;\">\n<span style=\"font-size: x-large;\"><span style=\"color: black;\"><span style=\"font-family: Book Antiqua, serif;\"><b>Tote\u017c<br \/>\ntrwajcie w Nim tak, <\/b><\/span><\/span><br \/>\n<\/span><\/div>\n<div align=\"justify\" style=\"font-style: normal; font-variant: normal; letter-spacing: normal; line-height: 150%; margin-bottom: 0cm; orphans: 2; widows: 2;\">\n<span style=\"font-size: x-large;\"><span style=\"color: black;\"><span style=\"font-family: Book Antiqua, serif;\"><b>jak<br \/>\nwas nauczy\u0142. <\/b><\/span><\/span><br \/>\n<\/span><\/div>\n<div align=\"justify\" style=\"font-style: normal; font-variant: normal; letter-spacing: normal; line-height: 150%; margin-bottom: 0cm; orphans: 2; widows: 2;\">\n<span style=\"font-size: x-large;\"><span style=\"color: black;\"><span style=\"font-family: Book Antiqua, serif;\"><b>Teraz<br \/>\nw\u0142a\u015bnie trwajcie w Nim, dzieci, <\/b><\/span><\/span><br \/>\n<\/span><\/div>\n<div align=\"justify\" style=\"font-style: normal; font-variant: normal; letter-spacing: normal; line-height: 150%; margin-bottom: 0cm; orphans: 2; widows: 2;\">\n<span style=\"font-size: x-large;\"><span style=\"color: black;\"><span style=\"font-family: Book Antiqua, serif;\"><b>aby\u015bmy,<br \/>\ngdy si\u0119 zjawi, mieli w Nim ufno\u015b\u0107 <\/b><\/span><\/span><br \/>\n<\/span><\/div>\n<div align=\"justify\" style=\"font-style: normal; font-variant: normal; letter-spacing: normal; line-height: 150%; margin-bottom: 0cm; orphans: 2; widows: 2;\">\n<span style=\"color: black;\"><span style=\"font-family: Book Antiqua, serif;\"><span style=\"font-size: x-large;\"><b>i<br \/>\nw dniu Jego przyj\u015bcia nie doznali wstydu.<\/b><\/span><\/span><\/span><\/div>\n<div align=\"justify\" style=\"line-height: 150%; margin-bottom: 0cm;\">\n<span style=\"font-size: x-large;\"><\/p>\n<p><\/span><\/div>\n<div align=\"justify\" style=\"font-style: normal; font-variant: normal; letter-spacing: normal; line-height: 150%; margin-bottom: 0cm;\">\n<span style=\"color: black;\"><span style=\"font-family: Book Antiqua, serif;\"><span style=\"font-size: x-large;\"><b>S\u0141OWA<br \/>\nEWANGELII WED\u0141UG \u015aWI\u0118TEGO JANA:<\/b><\/span><\/span><\/span><\/div>\n<div align=\"justify\" style=\"background: transparent; font-style: normal; font-variant: normal; letter-spacing: normal; line-height: 150%; margin-bottom: 0cm; page-break-before: auto; text-indent: 1.3cm;\">\n<span style=\"font-size: x-large;\"><span style=\"color: black;\"><span style=\"font-family: Book Antiqua, serif;\"><b>Takie<br \/>\njest \u015bwiadectwo Jana. Gdy \u017bydzi wys\u0142ali do niego z Jerozolimy<br \/>\nkap\u0142an\u00f3w i lewit\u00f3w z zapytaniem: \u201eKto ty jeste\u015b?\u201d, on wyzna\u0142,<br \/>\na nie zaprzeczy\u0142, o\u015bwiadczaj\u0105c: \u201eJa nie jestem Mesjaszem\u201d. <\/b><\/span><\/span><br \/>\n<\/span><\/div>\n<div align=\"justify\" style=\"background: transparent; font-style: normal; font-variant: normal; letter-spacing: normal; line-height: 150%; margin-bottom: 0cm; text-indent: 1.3cm;\">\n<span style=\"font-size: x-large;\"><span style=\"color: black;\"><span style=\"font-family: Book Antiqua, serif;\"><b>Zapytali<br \/>\ngo: \u201eC\u00f3\u017c zatem? Czy jeste\u015b Eliaszem?\u201d <\/b><\/span><\/span><br \/>\n<\/span><\/div>\n<div align=\"justify\" style=\"background: transparent; font-style: normal; font-variant: normal; letter-spacing: normal; line-height: 150%; margin-bottom: 0cm; text-indent: 1.3cm;\">\n<span style=\"font-size: x-large;\"><span style=\"color: black;\"><span style=\"font-family: Book Antiqua, serif;\"><b>Odrzek\u0142:<br \/>\n\u201eNie jestem\u201d. <\/b><\/span><\/span><br \/>\n<\/span><\/div>\n<div align=\"justify\" style=\"background: transparent; font-style: normal; font-variant: normal; letter-spacing: normal; line-height: 150%; margin-bottom: 0cm; text-indent: 1.3cm;\">\n<span style=\"font-size: x-large;\"><span style=\"color: black;\">\u201e<span style=\"font-family: Book Antiqua, serif;\"><b>Czy<br \/>\nty jeste\u015b prorokiem?\u201d <\/b><\/span><\/span><br \/>\n<\/span><\/div>\n<div align=\"justify\" style=\"background: transparent; font-style: normal; font-variant: normal; letter-spacing: normal; line-height: 150%; margin-bottom: 0cm; text-indent: 1.3cm;\">\n<span style=\"font-size: x-large;\"><span style=\"color: black;\"><span style=\"font-family: Book Antiqua, serif;\"><b>Odpar\u0142:<br \/>\n\u201eNie!\u201d <\/b><\/span><\/span><br \/>\n<\/span><\/div>\n<div align=\"justify\" style=\"background: transparent; font-style: normal; font-variant: normal; letter-spacing: normal; line-height: 150%; margin-bottom: 0cm; text-indent: 1.3cm;\">\n<span style=\"font-size: x-large;\"><span style=\"color: black;\"><span style=\"font-family: Book Antiqua, serif;\"><b>Powiedzieli<br \/>\nmu wi\u0119c: \u201eKim jeste\u015b, aby\u015bmy mogli da\u0107 odpowied\u017a tym, kt\u00f3rzy<br \/>\nnas wys\u0142ali? Co m\u00f3wisz sam o sobie?\u201d <\/b><\/span><\/span><br \/>\n<\/span><\/div>\n<div align=\"justify\" style=\"background: transparent; font-style: normal; font-variant: normal; letter-spacing: normal; line-height: 150%; margin-bottom: 0cm; text-indent: 1.3cm;\">\n<span style=\"color: black;\"><span style=\"font-family: Book Antiqua, serif;\"><span style=\"font-size: x-large;\"><b>Odpowiedzia\u0142:<br \/>\n\u201eJam g\u0142os wo\u0142aj\u0105cego na pustyni: Prostujcie drog\u0119 Pa\u0144sk\u0105, jak<br \/>\npowiedzia\u0142 prorok Izajasz\u201d.<\/b><\/span><\/span><\/span><\/div>\n<div align=\"justify\" style=\"background: transparent; font-style: normal; font-variant: normal; letter-spacing: normal; line-height: 150%; margin-bottom: 0cm; text-indent: 1.3cm;\">\n<span style=\"font-size: x-large;\"><span style=\"color: black;\"><span style=\"font-family: Book Antiqua, serif;\"><b>A<br \/>\nwys\u0142annicy byli spo\u015br\u00f3d faryzeusz\u00f3w. I zadawali mu pytania,<br \/>\nm\u00f3wi\u0105c do niego: \u201eCzemu zatem chrzcisz, skoro nie jeste\u015b ani<br \/>\nMesjaszem, ani Eliaszem, ani prorokiem?\u201d <\/b><\/span><\/span><br \/>\n<\/span><\/div>\n<div align=\"justify\" style=\"background: transparent; font-style: normal; font-variant: normal; letter-spacing: normal; line-height: 150%; margin-bottom: 0cm; text-indent: 1.3cm;\">\n<span style=\"color: black;\"><span style=\"font-family: Book Antiqua, serif;\"><span style=\"font-size: x-large;\"><b>Jan<br \/>\nim tak odpowiedzia\u0142: \u201eJa chrzcz\u0119 wod\u0105. Po\u015br\u00f3d was stoi Ten,<br \/>\nkt\u00f3rego wy nie znacie, kt\u00f3ry po mnie idzie, a kt\u00f3remu ja nie<br \/>\njestem godzien odwi\u0105za\u0107 rzemyka u Jego sanda\u0142a\u201d.<\/b><\/span><\/span><\/span><\/div>\n<div align=\"justify\" style=\"background: transparent; font-style: normal; font-variant: normal; letter-spacing: normal; line-height: 150%; margin-bottom: 0cm; text-indent: 1.3cm;\">\n<span style=\"color: black;\"><span style=\"font-family: Book Antiqua, serif;\"><span style=\"font-size: x-large;\"><b>Dzia\u0142o<br \/>\nsi\u0119 to w Betanii, po drugiej stronie Jordanu, gdzie Jan udziela\u0142<br \/>\nchrztu.<\/b><\/span><\/span><\/span><\/div>\n<div align=\"justify\" style=\"line-height: 150%; margin-bottom: 0cm;\">\n<span style=\"font-size: x-large;\"><\/p>\n<p><\/span><\/div>\n<div align=\"justify\" style=\"background: transparent; font-style: normal; font-variant: normal; font-weight: normal; letter-spacing: normal; line-height: 150%; margin-bottom: 0cm; page-break-before: auto; text-indent: 1.3cm;\">\n<span style=\"font-size: x-large;\"><span style=\"color: black;\"><span style=\"font-family: Book Antiqua, serif;\">Dzisiejsze<br \/>\nczytania stanowi\u0105 odpowied\u017a na pytanie: <b>Kim jest Jezus Chrystus?<\/b><br \/>\n\u015awi\u0119ty Jan, najpierw w swoim Pierwszym Li\u015bcie, przeprowadza do\u015b\u0107<br \/>\nciekawy wyw\u00f3d, pisz\u0105c mi\u0119dzy innymi: <i><b>Kt\u00f3\u017c jest k\u0142amc\u0105,<br \/>\nje\u015bli nie ten, <\/b><\/i><i><b>kto zaprzecza, \u017ce Jezus jest<br \/>\nMesjaszem? Ten w\u0142a\u015bnie jest Antychrystem, kt\u00f3ry nie uznaje Ojca i<br \/>\nSyna. Ka\u017cdy, kto nie uznaje Syna, nie ma te\u017c i Ojca, <\/b><\/i><i><b>kto<br \/>\nza\u015b uznaje Syna, ten ma i Ojca.<\/b><\/i> <\/span><\/span><br \/>\n<\/span><\/div>\n<div align=\"justify\" style=\"background: transparent; font-style: normal; font-variant: normal; font-weight: normal; letter-spacing: normal; line-height: 150%; margin-bottom: 0cm; text-indent: 1.3cm;\">\n<span style=\"font-size: x-large;\"><span style=\"color: black;\"><span style=\"font-family: Book Antiqua, serif;\">Widzimy<br \/>\nzatem, \u017ce uznanie w Jezusie Mesjasza <b>\u0142\u0105czy si\u0119 nierozerwalnie<br \/>\nz uznaniem Ojca<\/b> jako Pana i Boga, a to wszystko razem nak\u0142ada na<br \/>\nucznia <b>obowi\u0105zek trwania w jedno\u015bci<\/b> z Ojcem i Synem. \u015awi\u0119ty<br \/>\nJan tak o tym pisze: <i><b>Je\u017celi b\u0119dzie trwa\u0142o w was to, <\/b><\/i><i><b>co<br \/>\ns\u0142yszeli\u015bcie od pocz\u0105tku, <\/b><\/i><i><b>to i wy b\u0119dziecie trwa\u0107<br \/>\nw Synu i w Ojcu;<\/b><\/i><b> <\/b>a nast\u0119pnie: <i><b>Tote\u017c trwajcie w<br \/>\nNim tak, <\/b><\/i><i><b>jak was nauczy\u0142. Teraz w\u0142a\u015bnie trwajcie w<br \/>\nNim, dzieci, aby\u015bmy, gdy si\u0119 zjawi, mieli w Nim ufno\u015b\u0107 <\/b><\/i><i><b>i<br \/>\nw dniu Jego przyj\u015bcia nie doznali wstydu.<\/b><\/i> <\/span><\/span><br \/>\n<\/span><\/div>\n<div align=\"justify\" style=\"background: transparent; font-style: normal; font-variant: normal; font-weight: normal; letter-spacing: normal; line-height: 150%; margin-bottom: 0cm; text-indent: 1.3cm;\">\n<span style=\"font-size: x-large;\"><span style=\"color: black;\"><span style=\"font-family: Book Antiqua, serif;\">Wynika<br \/>\nz tego, \u017ce nie wystarczy niejako <b>teoretycznie<\/b> <b>uzna\u0107<\/b><br \/>\nJezusa za Mesjasza i Zbawiciela, ale to przekonanie, ten wyb\u00f3r,<br \/>\nnale\u017cy <b>potwierdzi\u0107 swoj\u0105 postaw\u0105. <\/b>Dok\u0142adnie: swoim<br \/>\n<b>trwaniem,<\/b> czyli konsekwentnym pe\u0142nieniem woli Bo\u017cej w<br \/>\ncodziennym \u017cyciu i post\u0119powaniem zgodnym z nauk\u0105 Jezusa. <\/span><\/span><br \/>\n<\/span><\/div>\n<div align=\"justify\" style=\"background: transparent; font-style: normal; font-variant: normal; font-weight: normal; letter-spacing: normal; line-height: 150%; margin-bottom: 0cm; text-indent: 1.3cm;\">\n<span style=\"font-size: x-large;\"><span style=\"color: black;\"><span style=\"font-family: Book Antiqua, serif;\">W<br \/>\nEwangelii natomiast ten\u017ce sam \u015awi\u0119ty Jan stawia to samo pytanie,<br \/>\nale w kontek\u015bcie pos\u0142annictwa Jana Chrzciciela. W\u0142a\u015bciwie nawet,<br \/>\nsamo pytanie o to, kim jest Jezus,<b> nie zostaje tam wprost<br \/>\npostawione,<\/b> pojawia si\u0119 natomiast pytanie, skierowane do Jana<br \/>\nChrzciciela, <b>kim\u017ce to on jest <\/b>\u2013 i czy przypadkiem to<br \/>\nw\u0142a\u015bnie on nie jest oczekiwanym Mesjaszem? <\/span><\/span><br \/>\n<\/span><\/div>\n<div align=\"justify\" style=\"background: transparent; font-style: normal; font-variant: normal; font-weight: normal; letter-spacing: normal; line-height: 150%; margin-bottom: 0cm; text-indent: 1.3cm;\">\n<span style=\"font-size: x-large;\"><span style=\"color: black;\"><span style=\"font-family: Book Antiqua, serif;\">Kiedy<br \/>\npada odpowied\u017a przecz\u0105ca, pojawiaj\u0105 si\u0119 pytania nast\u0119pne: A mo\u017ce<br \/>\njest Eliaszem? A mo\u017ce jest prorokiem? I w\u00f3wczas Jan stwierdza<br \/>\nbardzo pokornie: <i><b>Ja chrzcz\u0119 wod\u0105. Po\u015br\u00f3d was stoi Ten,<br \/>\nkt\u00f3rego wy nie znacie, kt\u00f3ry po mnie idzie, a kt\u00f3remu ja nie<br \/>\njestem godzien odwi\u0105za\u0107 rzemyka u Jego sanda\u0142a.<\/b><\/i><i> <\/i><\/span><\/span><br \/>\n<\/span><\/div>\n<div align=\"justify\" style=\"background: transparent; font-style: normal; font-variant: normal; font-weight: normal; letter-spacing: normal; line-height: 150%; margin-bottom: 0cm; text-indent: 1.3cm;\">\n<span style=\"font-size: x-large;\"><span style=\"color: black;\"><span style=\"font-family: Book Antiqua, serif;\">Zobaczmy<br \/>\nzatem, i\u017c Jan nie powiedzia\u0142 wprost, kim jest Jezus, ale o swojej<br \/>\nrelacji do przychodz\u0105cego Mesjasza powiedzia\u0142 w taki spos\u00f3b, \u017ce<br \/>\nchyba nikt nie m\u00f3g\u0142 ju\u017c mie\u0107 w\u0105tpliwo\u015bci, <b>kim jest Jezus \u2013<br \/>\ni kim dla Jana Chrzciciela jest Jezus.<\/b> <\/span><\/span><br \/>\n<\/span><\/div>\n<div align=\"justify\" style=\"background: transparent; font-style: normal; font-variant: normal; font-weight: normal; letter-spacing: normal; line-height: 150%; margin-bottom: 0cm; text-indent: 1.3cm;\">\n<span style=\"font-size: x-large;\"><span style=\"color: black;\"><span style=\"font-family: Book Antiqua, serif;\">I<br \/>\nteraz, moi Drodzy, chodzi w\u0142a\u015bnie o to, aby\u015bmy my sobie<br \/>\nodpowiedzieli \u2013 i ka\u017cdego dnia, ci\u0105gle na nowo, odpowiadali \u2013<br \/>\nna pytania, kim jest Jezus i <b>kim dla nas jest Jezus?<\/b> I aby t\u0105<br \/>\nodpowiedzi\u0105 by\u0142y nie tyle s\u0142owa, co postawa. <b>Trwanie.<\/b><br \/>\nKonsekwentne, cierpliwe, niekiedy wr\u0119cz m\u0119\u017cne i odwa\u017cne \u2013<br \/>\ntrwanie. Tak, by inni, patrz\u0105c na nas, nie mieli w\u0105tpliwo\u015bci, <b>kim<br \/>\nw og\u00f3le jest Jezus \u2013 i kim dla nas jest Jezus?<\/b> I aby dzi\u0119ki<br \/>\ntemu, tak\u017ce im \u0142atwiej by\u0142o udzieli\u0107 na te pytania odpowiedzi\u2026 <\/span><\/span><br \/>\n<\/span><\/div>\n<div align=\"justify\" style=\"background: transparent; line-height: 150%; margin-bottom: 0cm; text-indent: 1.3cm;\">\n<span style=\"font-size: x-large;\"><span style=\"color: black;\"><span style=\"font-variant: normal;\"><span style=\"font-family: Book Antiqua, serif;\"><span style=\"letter-spacing: normal;\"><span style=\"font-style: normal;\"><span style=\"font-weight: normal;\">Z<br \/>\npewno\u015bci\u0105, postawa dzisiejszych Patron\u00f3w tak\u0105 pomoc dla nas<br \/>\nwszystkich stanowi. A <\/span><\/span><\/span><\/span><\/span><span style=\"font-variant: normal;\"><span style=\"font-family: Book Antiqua, serif;\"><span style=\"letter-spacing: normal;\"><span style=\"font-style: normal;\"><span style=\"font-weight: normal;\">Patronami<br \/>\ndnia dzisiejszego s\u0105<\/span><\/span><\/span><\/span><\/span><span style=\"font-variant: normal;\"><span style=\"font-family: Book Antiqua, serif;\"><span style=\"letter-spacing: normal;\"><span style=\"font-style: normal;\"><span style=\"font-weight: normal;\"><br \/>\n<\/span><\/span><\/span><\/span><\/span><span style=\"font-variant: normal;\"><span style=\"font-family: Book Antiqua, serif;\"><span style=\"letter-spacing: normal;\"><span style=\"font-style: normal;\"><b>\u015awi\u0119ci<\/b><\/span><\/span><\/span><\/span><span style=\"font-variant: normal;\"><span style=\"font-family: Book Antiqua, serif;\"><span style=\"letter-spacing: normal;\"><span style=\"font-style: normal;\"><span style=\"font-weight: normal;\"><br \/>\n<\/span><\/span><\/span><\/span><\/span><span style=\"font-variant: normal;\"><span style=\"font-family: Book Antiqua, serif;\"><span style=\"letter-spacing: normal;\"><span style=\"font-style: normal;\"><b>Bazyli<\/b><\/span><\/span><\/span><\/span><span style=\"font-variant: normal;\"><span style=\"font-family: Book Antiqua, serif;\"><span style=\"letter-spacing: normal;\"><span style=\"font-style: normal;\"><span style=\"font-weight: normal;\"><br \/>\n<\/span><\/span><\/span><\/span><\/span><span style=\"font-variant: normal;\"><span style=\"font-family: Book Antiqua, serif;\"><span style=\"letter-spacing: normal;\"><span style=\"font-style: normal;\"><b>i<br \/>\nGrzegorz<\/b><\/span><\/span><\/span><\/span><span style=\"font-variant: normal;\"><span style=\"font-family: Book Antiqua, serif;\"><span style=\"letter-spacing: normal;\"><span style=\"font-style: normal;\"><span style=\"font-weight: normal;\">.<br \/>\n<\/span><\/span><\/span><\/span><\/span><span style=\"font-variant: normal;\"><span style=\"font-family: Book Antiqua, serif;\"><span style=\"letter-spacing: normal;\"><span style=\"font-style: normal;\"><span style=\"font-weight: normal;\">Co<br \/>\nmo\u017cemy o nich powiedzie\u0107? <\/span><\/span><\/span><\/span><\/span><\/span><br \/>\n<\/span><\/div>\n<div align=\"justify\" style=\"background: transparent; line-height: 150%; margin-bottom: 0cm; text-indent: 1.3cm;\">\n<span style=\"font-size: x-large;\"><span style=\"color: black;\"><span style=\"font-family: Book Antiqua, serif;\">Pierwszy<br \/>\nz <\/span><span style=\"font-family: Book Antiqua, serif;\">nich<\/span><span style=\"font-family: Book Antiqua, serif;\">,<br \/>\n<\/span><span style=\"font-family: Book Antiqua, serif;\"><b>Bazyli, urodzi\u0142 si\u0119 w<br \/>\n329 roku,<\/b><\/span><span style=\"font-family: Book Antiqua, serif;\"> w rodzinie<br \/>\nzamo\u017cnej i g\u0142\u0119boko religijnej w Cezarei Kapadockiej. <\/span><span style=\"font-family: Book Antiqua, serif;\"><b>Wszyscy<br \/>\ncz\u0142onkowie jego rodziny dost\u0105pili chwa\u0142y o\u0142tarzy: <\/b><\/span><span style=\"font-family: Book Antiqua, serif;\">tak<br \/>\njego babka i rodzice, jak te\u017c jego bracia oraz siostra. Jest to<br \/>\nwyj\u0105tkowy fakt w dziejach Ko\u015bcio\u0142a. <\/span><\/span><br \/>\n<\/span><\/div>\n<div align=\"justify\" style=\"background: transparent; line-height: 150%; margin-bottom: 0cm; text-indent: 1.3cm;\">\n<span style=\"font-size: x-large;\"><span style=\"color: black;\"><span style=\"font-family: Book Antiqua, serif;\">Ojciec<br \/>\nBazylego by\u0142 retorem \u2013 mia\u0142 prawo prowadzi\u0107 w\u0142asn\u0105 szko\u0142\u0119.<br \/>\n<\/span><span style=\"font-family: Book Antiqua, serif;\"><b>M\u0142ody Bazyli ucz\u0119szcza\u0142<br \/>\ndo tej szko\u0142y,<\/b><\/span><span style=\"font-family: Book Antiqua, serif;\"> a<br \/>\nnast\u0119pnie uda\u0142 si\u0119 na dalsze studia do Konstantynopola, wreszcie<br \/>\ndo Aten. Tu spotka\u0142 si\u0119 <\/span><span style=\"font-family: Book Antiqua, serif;\"><b>z<br \/>\nGrzegorzem z Nazjanzu, z kt\u00f3rym odt\u0105d pozostawa\u0142 w dozgonnej<br \/>\nprzyja\u017ani.<\/b><\/span><span style=\"font-family: Book Antiqua, serif;\"> W 356 roku,<br \/>\nBazyli obj\u0105\u0142 katedr\u0119 retoryki po swoim zmar\u0142ym ojcu w Cezarei. <\/span><span style=\"font-family: Book Antiqua, serif;\"><b>Tu<br \/>\nr\u00f3wnie\u017c przyj\u0105\u0142 Chrzest, maj\u0105c lat dwadzie\u015bcia siedem.<\/b><\/span><span style=\"font-family: Book Antiqua, serif;\"><br \/>\nTaki bowiem by\u0142 w\u00f3wczas zwyczaj, \u017ce Chrzest przyjmowano w wieku<br \/>\ndoros\u0142ym, kiedy w pe\u0142ni pozna\u0142o si\u0119 obowi\u0105zki chrze\u015bcija\u0144skie.<br \/>\n<\/span><\/span><br \/>\n<\/span><\/div>\n<div align=\"justify\" style=\"background: transparent; line-height: 150%; margin-bottom: 0cm; text-indent: 1.3cm;\">\n<span style=\"font-size: x-large;\"><span style=\"color: black;\"><span style=\"font-family: Book Antiqua, serif;\"><span style=\"font-weight: normal;\">Prze\u017cycia,<br \/>\n<\/span><\/span><span style=\"font-family: Book Antiqua, serif;\"><span style=\"font-weight: normal;\">spowodowane<\/span><\/span><span style=\"font-family: Book Antiqua, serif;\"><span style=\"font-weight: normal;\"><br \/>\n\u015bmierci<\/span><\/span><span style=\"font-family: Book Antiqua, serif;\"><span style=\"font-weight: normal;\">\u0105<\/span><\/span><span style=\"font-family: Book Antiqua, serif;\"><span style=\"font-weight: normal;\"><br \/>\nbrata, <\/span><\/span><span style=\"font-family: Book Antiqua, serif;\"><b>powa\u017cnie<br \/>\nwp\u0142yn\u0119\u0142y na jego \u017cycie.<\/b><\/span><span style=\"font-family: Book Antiqua, serif;\"><br \/>\nOdby\u0142 wielk\u0105 podr\u00f3\u017c po o\u015brodkach \u017cycia pustelniczego i mniszego<br \/>\nna Wschodzie: Egipcie, Palestynie, Syrii i Mezopotamii. Po powrocie<br \/>\npostanowi\u0142 <\/span><span style=\"font-family: Book Antiqua, serif;\"><b>po\u015bwi\u0119ci\u0107<br \/>\nsi\u0119 \u017cyciu zakonnemu: <\/b><\/span><span style=\"font-family: Book Antiqua, serif;\"><span style=\"font-weight: normal;\">rozda\u0142<br \/>\nswoj\u0105 maj\u0119tno\u015b\u0107 ubogim i za\u0142o\u017cy\u0142 pustelni\u0119 w Neocezarei nad<br \/>\nbrzegami rzeki Iris.<\/span><\/span><span style=\"font-family: Book Antiqua, serif;\"> <\/span><\/span><br \/>\n<\/span><\/div>\n<div align=\"justify\" style=\"background: transparent; line-height: 150%; margin-bottom: 0cm; text-indent: 1.3cm;\">\n<span style=\"font-size: x-large;\"><span style=\"color: black;\"><span style=\"font-family: Book Antiqua, serif;\">Niebawem<br \/>\n<\/span><span style=\"font-family: Book Antiqua, serif;\"><b>przy\u0142\u0105czy\u0142 si\u0119 do<br \/>\nniego Grzegorz z Nazjanzu. <\/b><\/span><span style=\"font-family: Book Antiqua, serif;\">Razem<br \/>\npodj\u0119li dzia\u0142alno\u015b\u0107 pisarsk\u0105, tworz\u0105c \u2013 mi\u0119dzy innymi \u2013<br \/>\n<\/span><span style=\"font-family: Book Antiqua, serif;\"><b>podstawy bazylia\u0144skiej<br \/>\nregu\u0142y zakonnej,<\/b><\/span><span style=\"font-family: Book Antiqua, serif;\"> co<br \/>\nmia\u0142o ogromne znaczenie dla rozwoju wsp\u00f3lnotowej formy \u017cycia<br \/>\nzakonnego na Wschodzie. <\/span><\/span><br \/>\n<\/span><\/div>\n<div align=\"justify\" style=\"background: transparent; line-height: 150%; margin-bottom: 0cm; text-indent: 1.3cm;\">\n<span style=\"font-size: x-large;\"><span style=\"color: black;\"><span style=\"font-family: Book Antiqua, serif;\">Bazyli<br \/>\njest jednym z g\u0142\u00f3wnych prawodawc\u00f3w, <\/span><span style=\"font-family: Book Antiqua, serif;\"><b>gdy<br \/>\nidzie o regulacje \u017cycia zakonnego<\/b><\/span><span style=\"font-family: Book Antiqua, serif;\"><br \/>\n\u2013 i to zar\u00f3wno na Wschodzie, jak i na Zachodzie chrze\u015bcija\u0144stwa.<br \/>\nIdea\u0142em \u017cycia monastycznego \u2013 wed\u0142ug Bazylego \u2013 jest <\/span><span style=\"font-family: Book Antiqua, serif;\"><b>braterska<br \/>\nwsp\u00f3lnota, <\/b><\/span><span style=\"font-family: Book Antiqua, serif;\"><span style=\"font-weight: normal;\">kt\u00f3ra<br \/>\npo\u015bwi\u0119ca si\u0119 ascezie, medytacji oraz s\u0142u\u017cy Ko\u015bcio\u0142owi zar\u00f3wno<br \/>\npoprzez nauk\u0119 wiary, jak i w dzia\u0142alno\u015bci duszpasterskiej i<br \/>\ncharytatywnej. <\/span><\/span><\/span><br \/>\n<\/span><\/div>\n<div align=\"justify\" style=\"background: transparent; line-height: 150%; margin-bottom: 0cm; text-indent: 1.3cm;\">\n<span style=\"font-size: x-large;\"><span style=\"color: black;\"><span style=\"font-family: Book Antiqua, serif;\"><b>W<br \/>\n364 roku, <\/b><\/span><span style=\"font-family: Book Antiqua, serif;\"><span style=\"font-weight: normal;\">metropolita<br \/>\nCezarei Kapadockiej, Euzebiusz, udzieli\u0142 mu<\/span><\/span><span style=\"font-family: Book Antiqua, serif;\"><b><br \/>\n\u015bwi\u0119ce\u0144 kap\u0142a\u0144skich.<\/b><\/span><span style=\"font-family: Book Antiqua, serif;\"><br \/>\nPo \u015bmierci tego\u017c metropolity, w roku 370, <\/span><span style=\"font-family: Book Antiqua, serif;\"><b>Bazyli<br \/>\nzosta\u0142 wybrany jego nast\u0119pc\u0105.<\/b><\/span><span style=\"font-family: Book Antiqua, serif;\"><br \/>\nJako <\/span><span style=\"font-family: Book Antiqua, serif;\">Ar<\/span><span style=\"font-family: Book Antiqua, serif;\">cybiskup<br \/>\nCezarei, wykaza\u0142 talent m\u0119\u017ca stanu, wyr\u00f3\u017cnia\u0142 si\u0119 tak\u017ce jako<br \/>\n<\/span><span style=\"font-family: Book Antiqua, serif;\"><b>doskona\u0142y administrator i<br \/>\nduszpasterz, dba\u0142y o dobro swojej owczarni.<\/b><\/span><span style=\"font-family: Book Antiqua, serif;\"><br \/>\nBroni\u0142 jej niezmordowanie s\u0142owem i pismem przed ska\u017ceniem herezji<br \/>\naria\u0144skiej. Rozwin\u0105\u0142 w swojej diecezji szerok\u0105 dzia\u0142alno\u015b\u0107<br \/>\ndobroczynn\u0105, buduj\u0105c na przedmie\u015bciach Cezarei kompleks budynk\u00f3w<br \/>\nna potrzeby biednych i podr\u00f3\u017cuj\u0105cych. <\/span><span style=\"font-family: Book Antiqua, serif;\"><span style=\"font-weight: normal;\">By\u0142<br \/>\ncz\u0142owiekiem szerokiej wiedzy, znakomitym m\u00f3wc\u0105, <\/span><\/span><span style=\"font-family: Book Antiqua, serif;\"><b>pracowitym<br \/>\ni mi\u0142osiernym pasterzem. <\/b><\/span><\/span><br \/>\n<\/span><\/div>\n<div align=\"justify\" style=\"background: transparent; line-height: 150%; margin-bottom: 0cm; text-indent: 1.3cm;\">\n<span style=\"color: black;\"><span style=\"font-size: x-large;\"><span style=\"font-family: Book Antiqua, serif;\"><span style=\"font-weight: normal;\">Zmar\u0142<\/span><\/span><span style=\"font-family: Book Antiqua, serif;\"><b><br \/>\n1 stycznia 379 roku.<\/b><\/span><span style=\"font-family: Book Antiqua, serif;\"> Jego<br \/>\nrelikwie przeniesiono wkr\u00f3tce do Konstantynopola \u2013 wraz z<br \/>\nrelikwiami \u015awi\u0119tego Grzegorza z Nazjanzu i \u015awi\u0119tego Jana<br \/>\nChryzostoma. Obecnie znajduj\u0105 si\u0119 one w Belgii.<\/span><\/span><\/span><\/div>\n<div align=\"justify\" style=\"background: transparent; line-height: 150%; margin-bottom: 0cm; text-indent: 1.3cm;\">\n<span style=\"color: black;\"><span style=\"font-size: x-large;\"><span style=\"font-variant: normal;\"><span style=\"font-family: Book Antiqua, serif;\"><span style=\"letter-spacing: normal;\"><span style=\"font-style: normal;\"><span style=\"font-weight: normal;\">A<br \/>\nco wiemy<\/span><\/span><\/span><\/span><\/span><span style=\"font-variant: normal;\"><span style=\"font-family: Book Antiqua, serif;\"><span style=\"letter-spacing: normal;\"><span style=\"font-style: normal;\"><b><br \/>\no drugim dzisiejszym Patronie, Grzegorzu? <\/b><\/span><\/span><\/span><\/span><span style=\"font-variant: normal;\"><span style=\"font-family: Book Antiqua, serif;\"><span style=\"letter-spacing: normal;\"><span style=\"font-style: normal;\"><span style=\"font-weight: normal;\">Urodzi\u0142<\/span><\/span><\/span><\/span><\/span><span style=\"font-variant: normal;\"><span style=\"font-family: Book Antiqua, serif;\"><span style=\"letter-spacing: normal;\"><span style=\"font-style: normal;\"><b><br \/>\n<\/b><\/span><\/span><\/span><\/span><span style=\"font-variant: normal;\"><span style=\"font-family: Book Antiqua, serif;\"><span style=\"letter-spacing: normal;\"><span style=\"font-style: normal;\"><span style=\"font-weight: normal;\">si\u0119<\/span><\/span><\/span><\/span><\/span><span style=\"font-variant: normal;\"><span style=\"font-family: Book Antiqua, serif;\"><span style=\"letter-spacing: normal;\"><span style=\"font-style: normal;\"><b><br \/>\nw 330 roku, ko\u0142o Nazjanzu.<\/b><\/span><\/span><\/span><\/span><span style=\"font-variant: normal;\"><span style=\"font-family: Book Antiqua, serif;\"><span style=\"letter-spacing: normal;\"><span style=\"font-style: normal;\"><span style=\"font-weight: normal;\"><br \/>\nOdby\u0142 wiele podr\u00f3\u017cy, aby posi\u0105\u015b\u0107 wiedz\u0119. Zwi\u0105zany przyja\u017ani\u0105<br \/>\nz Bazylim, przy\u0142\u0105czy\u0142 si\u0119 do niego, by prowadzi\u0107 \u017cycie<br \/>\npustelnicze, lecz wkr\u00f3tce zosta\u0142 kap\u0142anem i biskupem. <\/span><\/span><\/span><\/span><\/span><span style=\"font-variant: normal;\"><span style=\"font-family: Book Antiqua, serif;\"><span style=\"letter-spacing: normal;\"><span style=\"font-style: normal;\"><b>W<br \/>\n381 roku zosta\u0142 wybrany biskupem Konstantynopola,<\/b><\/span><\/span><\/span><\/span><span style=\"font-variant: normal;\"><span style=\"font-family: Book Antiqua, serif;\"><span style=\"letter-spacing: normal;\"><span style=\"font-style: normal;\"><span style=\"font-weight: normal;\"><br \/>\nusun\u0105\u0142 si\u0119 jednak do Nazjanzu z powodu podzia\u0142\u00f3w, kt\u00f3re<br \/>\nnast\u0105pi\u0142y w jego Ko\u015bciele. Zmar\u0142 w Nazjanzie, <\/span><\/span><\/span><\/span><\/span><span style=\"font-variant: normal;\"><span style=\"font-family: Book Antiqua, serif;\"><span style=\"letter-spacing: normal;\"><span style=\"font-style: normal;\"><b>dnia<br \/>\n25 stycznia 389 lub 390 roku.<\/b><\/span><\/span><\/span><\/span><span style=\"font-variant: normal;\"><span style=\"font-family: Book Antiqua, serif;\"><span style=\"letter-spacing: normal;\"><span style=\"font-style: normal;\"><span style=\"font-weight: normal;\"><br \/>\nZe wzgl\u0119du na szczeg\u00f3lny dar wiedzy i wymowy jest nazywany<br \/>\n\u201eteologiem\u201d.<\/span><\/span><\/span><\/span><\/span><\/span><\/span><\/div>\n<div align=\"justify\" style=\"background: transparent; line-height: 150%; margin-bottom: 0cm; text-indent: 1.3cm;\">\n<span style=\"font-size: x-large;\"><span style=\"color: black;\"><span style=\"font-family: Book Antiqua, serif;\">I<br \/>\nmo\u017ce w tym momencie warto wys\u0142ucha\u0107 \u015bwiadectwa, jakie <\/span><span style=\"font-family: Book Antiqua, serif;\"><br \/>\n\u015awi\u0119ty Grzegorz daje w jednej ze swoich m\u00f3w na temat \u015awi\u0119tego<br \/>\nBazylego \u2013 i \u0142\u0105cz\u0105cej ich przyja\u017ani: \u201eAteny z\u0142\u0105czy\u0142y nas,<br \/>\njak jaki\u015b nurt rzeczny, gdy p\u0142yn\u0105c z jednego ojczystego \u017ar\u00f3d\u0142a,<br \/>\nporwani w r\u00f3\u017cne strony \u017c\u0105dz\u0105 nauki, <\/span><span style=\"font-family: Book Antiqua, serif;\"><b>znowu<br \/>\nzeszli\u015bmy si\u0119 razem, jakby\u015bmy si\u0119 um\u00f3wili, gdy\u017c B\u00f3g tak<br \/>\nzrz\u0105dzi\u0142.<\/b><\/span><span style=\"font-family: Book Antiqua, serif;\"> W\u00f3wczas to<br \/>\nw\u0142a\u015bnie nie tylko ja sam z uszanowaniem traktowa\u0142em <\/span><span style=\"font-family: Book Antiqua, serif;\"><b>mojego<br \/>\nwielkiego Bazylego, widz\u0105c powag\u0119 jego obyczaj\u00f3w i dojrza\u0142o\u015b\u0107<br \/>\numys\u0142u,<\/b><\/span><span style=\"font-family: Book Antiqua, serif;\"> lecz tak\u017ce<br \/>\nsk\u0142ania\u0142em do podobnego zachowania si\u0119 i innych m\u0142odzie\u0144c\u00f3w,<br \/>\nkt\u00f3rzy go jeszcze nie znali. Bo u wielu, kt\u00f3rzy ju\u017c przedtem o nim<br \/>\ns\u0142yszeli, <\/span><span style=\"font-family: Book Antiqua, serif;\"><b>od razu budzi\u0142<br \/>\nszacunek. C\u00f3\u017c z tego wynik\u0142o? <\/b><\/span><\/span><br \/>\n<\/span><\/div>\n<div align=\"justify\" style=\"background: transparent; line-height: 150%; margin-bottom: 0cm; text-indent: 1.3cm;\">\n<span style=\"font-size: x-large;\"><span style=\"color: black;\"><span style=\"font-family: Book Antiqua, serif;\">Chyba<br \/>\ntylko on jeden spo\u015br\u00f3d wszystkich przebywaj\u0105cych na studiach<br \/>\nunikn\u0105\u0142 powszechnego obrz\u0119du wprowadzenia \u2013 uznano bowiem, \u017ce<br \/>\n<\/span><span style=\"font-family: Book Antiqua, serif;\"><b>nale\u017cy mu si\u0119 wi\u0119cej<br \/>\nczci,<\/b><\/span><span style=\"font-family: Book Antiqua, serif;\"> ni\u017c zwyk\u0142emu<br \/>\nnowicjuszowi. To by\u0142 pocz\u0105tek naszej przyja\u017ani. [\u2026] Mieli\u015bmy<br \/>\noczy zwr\u00f3cone na jeden cel i stale rozwijali\u015bmy w sobie nawzajem<br \/>\nnasze d\u0105\u017cenie, tak by si\u0119 stawa\u0142o coraz gor\u0119tsze i mocniejsze.<br \/>\nWiod\u0142y nas <\/span><span style=\"font-family: Book Antiqua, serif;\"><b>jednakowe<br \/>\nnadzieje<\/b><\/span><span style=\"font-family: Book Antiqua, serif;\"> co do przedmiotu<br \/>\nbudz\u0105cego zwykle najwi\u0119cej zawi\u015bci \u2013 mam tu na my\u015bli sztuk\u0119<br \/>\nwymowy. Jednak zawi\u015bci nie by\u0142o, wsp\u00f3\u0142zawodnictwo za\u015b<br \/>\ntraktowali\u015bmy powa\u017cnie. <\/span><\/span><br \/>\n<\/span><\/div>\n<div align=\"justify\" style=\"background: transparent; line-height: 150%; margin-bottom: 0cm; text-indent: 1.3cm;\">\n<span style=\"color: black;\"><span style=\"font-size: x-large;\"><span style=\"font-family: Book Antiqua, serif;\"><b>A<br \/>\nwalczyli\u015bmy obaj nie o to, kto b\u0119dzie mia\u0142 pierwsze\u0144stwo, lecz<br \/>\nkto ma drugiemu ust\u0105pi\u0107,<\/b><\/span><span style=\"font-family: Book Antiqua, serif;\"><br \/>\ngdy\u017c ka\u017cdy z nas uwa\u017ca\u0142 s\u0142aw\u0119 drugiego za w\u0142asn\u0105. Mog\u0142o si\u0119<br \/>\nwydawa\u0107, \u017ce obaj mamy jedn\u0105 dusz\u0119, kt\u00f3ra podtrzymuje dwa cia\u0142a.<br \/>\nI je\u017celi nie nale\u017cy wierzy\u0107 tym, kt\u00f3rzy m\u00f3wi\u0105, \u017ce wszystko<br \/>\nzawiera si\u0119 we wszystkim, to tym bardziej wierzy\u0107 nam, \u017ce <\/span><span style=\"font-family: Book Antiqua, serif;\"><b>jeden<br \/>\nby\u0142 w drugim i obok drugiego. <\/b><\/span><span style=\"font-family: Book Antiqua, serif;\">[\u2026]<\/span><\/span><\/span><\/div>\n<div align=\"justify\" style=\"background: transparent; line-height: 150%; margin-bottom: 0cm; text-indent: 1.3cm;\">\n<span style=\"font-size: x-large;\"><span style=\"color: black;\"><span style=\"font-variant: normal;\"><span style=\"font-family: Book Antiqua, serif;\"><span style=\"letter-spacing: normal;\"><span style=\"font-style: normal;\"><span style=\"font-weight: normal;\">Chocia\u017c<br \/>\nwi\u0119c inni nosz\u0105 r\u00f3\u017cne imiona czy to po ojcu, czy w\u0142asne, od<br \/>\nswych zawod\u00f3w lub czyn\u00f3w, <\/span><\/span><\/span><\/span><\/span><span style=\"font-variant: normal;\"><span style=\"font-family: Book Antiqua, serif;\"><span style=\"letter-spacing: normal;\"><span style=\"font-style: normal;\"><b>to<br \/>\nmy uwa\u017cali\u015bmy za wielki zaszczyt i wielkie imi\u0119 by\u0107 i nazywa\u0107<br \/>\nsi\u0119 chrze\u015bcijanami.\u201d<\/b><\/span><\/span><\/span><\/span><span style=\"font-variant: normal;\"><span style=\"font-family: Book Antiqua, serif;\"><span style=\"letter-spacing: normal;\"><span style=\"font-style: normal;\"><span style=\"font-weight: normal;\"><br \/>\nTyle ze \u015bwiadectwa \u015awi\u0119tego Grzegorza z Nazjanzu. <\/span><\/span><\/span><\/span><\/span><\/span><br \/>\n<\/span><\/div>\n<div align=\"justify\" style=\"background: transparent; line-height: 150%; margin-bottom: 0cm; text-indent: 1.3cm;\">\n<span style=\"color: black;\"><span style=\"font-size: x-large;\"><span style=\"font-variant: normal;\"><span style=\"font-family: Book Antiqua, serif;\"><span style=\"letter-spacing: normal;\"><span style=\"font-style: normal;\"><span style=\"font-weight: normal;\">W<\/span><\/span><\/span><\/span><\/span><span style=\"font-variant: normal;\"><span style=\"font-family: Book Antiqua, serif;\"><span style=\"letter-spacing: normal;\"><span style=\"font-style: normal;\"><span style=\"font-weight: normal;\">patruj\u0105c<br \/>\nsi\u0119 w przyk\u0142ad ich \u015bwi\u0119to\u015bci i przyzywaj\u0105c ich wstawiennictwa,<br \/>\na jednocze\u015bnie uwa\u017cnie ws\u0142uchuj\u0105c si\u0119 w Bo\u017ce s\u0142owo dzisiejszej<br \/>\nliturgii, <\/span><\/span><\/span><\/span><\/span><span style=\"font-variant: normal;\"><span style=\"font-family: Book Antiqua, serif;\"><span style=\"letter-spacing: normal;\"><span style=\"font-style: normal;\"><span style=\"font-weight: normal;\">raz<br \/>\njeszcze odpowiedzmy sobie na pytanie, <\/span><\/span><\/span><\/span><\/span><span style=\"font-variant: normal;\"><span style=\"font-family: Book Antiqua, serif;\"><span style=\"letter-spacing: normal;\"><span style=\"font-style: normal;\"><b>kim<br \/>\ndla nas jest Jezus Chrystus? <\/b><\/span><\/span><\/span><\/span><span style=\"font-variant: normal;\"><span style=\"font-family: Book Antiqua, serif;\"><span style=\"letter-spacing: normal;\"><span style=\"font-style: normal;\"><span style=\"font-weight: normal;\">Co<br \/>\ninni mog\u0105 o tym powiedzie\u0107, <\/span><\/span><\/span><\/span><\/span><span style=\"font-variant: normal;\"><span style=\"font-family: Book Antiqua, serif;\"><span style=\"letter-spacing: normal;\"><span style=\"font-style: normal;\"><b>patrz\u0105c<br \/>\nna nasz\u0105 postaw\u0119?<\/b><\/span><\/span><\/span><\/span><span style=\"font-variant: normal;\"><span style=\"font-family: Book Antiqua, serif;\"><span style=\"letter-spacing: normal;\"><span style=\"font-style: normal;\"><span style=\"font-weight: normal;\"><br \/>\nI czy ta postawa charakteryzuje si\u0119 \u2013 <\/span><\/span><\/span><\/span><\/span><span style=\"font-variant: normal;\"><span style=\"font-family: Book Antiqua, serif;\"><span style=\"letter-spacing: normal;\"><span style=\"font-style: normal;\"><b>trwaniem?\u2026<\/b><\/span><\/span><\/span><\/span><\/span><\/span><\/div>\n","protected":false},"excerpt":{"rendered":"<p>Szcz\u0119\u015b\u0107 Bo\u017ce! Moi Drodzy, w dniu wczorajszym swoje imieniny obchodzili: \u2013 Ksi\u0105dz Pra\u0142at Mieczys\u0142aw Lipniacki \u2013 m\u00f3j \u201erodzony\u201d Proboszcz, czyli pierwszy Proboszcz mojej rodzinnej Parafii i m\u00f3j Proboszcz od Pierwszej Komunii \u015awi\u0119tej, a\u017c do Prymicji, a nawet jeszcze troch\u0119 po niej; \u2013 Ksi\u0105dz Pra\u0142at Mieczys\u0142aw G\u0142owacki \u2013 m\u00f3j Profesor w Seminarium, Promotor mojej pracy magisterskiej, [&hellip;]<\/p>\n","protected":false},"author":1,"featured_media":0,"comment_status":"open","ping_status":"open","sticky":false,"template":"","format":"standard","meta":{"jetpack_post_was_ever_published":false,"_jetpack_newsletter_access":"","_jetpack_dont_email_post_to_subs":false,"_jetpack_newsletter_tier_id":0,"_jetpack_memberships_contains_paywalled_content":false,"_jetpack_memberships_contains_paid_content":false,"footnotes":""},"categories":[1],"tags":[],"class_list":["post-14735","post","type-post","status-publish","format-standard","hentry","category-bez-kategorii"],"yoast_head":"<!-- This site is optimized with the Yoast SEO plugin v25.1 - https:\/\/yoast.com\/wordpress\/plugins\/seo\/ -->\n<title>Trwanie... - Gaudium Et Spes<\/title>\n<meta name=\"robots\" content=\"index, follow, max-snippet:-1, max-image-preview:large, max-video-preview:-1\" \/>\n<link rel=\"canonical\" href=\"https:\/\/gaudiumetspes-blog.pl\/index.php\/2019\/01\/02\/trwanie\/\" \/>\n<meta property=\"og:locale\" content=\"pl_PL\" \/>\n<meta property=\"og:type\" content=\"article\" \/>\n<meta property=\"og:title\" content=\"Trwanie... - Gaudium Et Spes\" \/>\n<meta property=\"og:description\" content=\"Szcz\u0119\u015b\u0107 Bo\u017ce! Moi Drodzy, w dniu wczorajszym swoje imieniny obchodzili: \u2013 Ksi\u0105dz Pra\u0142at Mieczys\u0142aw Lipniacki \u2013 m\u00f3j \u201erodzony\u201d Proboszcz, czyli pierwszy Proboszcz mojej rodzinnej Parafii i m\u00f3j Proboszcz od Pierwszej Komunii \u015awi\u0119tej, a\u017c do Prymicji, a nawet jeszcze troch\u0119 po niej; \u2013 Ksi\u0105dz Pra\u0142at Mieczys\u0142aw G\u0142owacki \u2013 m\u00f3j Profesor w Seminarium, Promotor mojej pracy magisterskiej, [&hellip;]\" \/>\n<meta property=\"og:url\" content=\"https:\/\/gaudiumetspes-blog.pl\/index.php\/2019\/01\/02\/trwanie\/\" \/>\n<meta property=\"og:site_name\" content=\"Gaudium Et Spes\" \/>\n<meta property=\"article:published_time\" content=\"2019-01-02T04:52:00+00:00\" \/>\n<meta property=\"article:modified_time\" content=\"2019-07-31T10:58:11+00:00\" \/>\n<meta name=\"author\" content=\"Ks. Jacek\" \/>\n<meta name=\"twitter:card\" content=\"summary_large_image\" \/>\n<meta name=\"twitter:label1\" content=\"Napisane przez\" \/>\n\t<meta name=\"twitter:data1\" content=\"Ks. Jacek\" \/>\n\t<meta name=\"twitter:label2\" content=\"Szacowany czas czytania\" \/>\n\t<meta name=\"twitter:data2\" content=\"11 minut\" \/>\n<script type=\"application\/ld+json\" class=\"yoast-schema-graph\">{\"@context\":\"https:\/\/schema.org\",\"@graph\":[{\"@type\":\"WebPage\",\"@id\":\"https:\/\/gaudiumetspes-blog.pl\/index.php\/2019\/01\/02\/trwanie\/\",\"url\":\"https:\/\/gaudiumetspes-blog.pl\/index.php\/2019\/01\/02\/trwanie\/\",\"name\":\"Trwanie... - Gaudium Et Spes\",\"isPartOf\":{\"@id\":\"https:\/\/gaudiumetspes-blog.pl\/#website\"},\"datePublished\":\"2019-01-02T04:52:00+00:00\",\"dateModified\":\"2019-07-31T10:58:11+00:00\",\"author\":{\"@id\":\"https:\/\/gaudiumetspes-blog.pl\/#\/schema\/person\/1661982992b752dea8dff0d4ed845a65\"},\"breadcrumb\":{\"@id\":\"https:\/\/gaudiumetspes-blog.pl\/index.php\/2019\/01\/02\/trwanie\/#breadcrumb\"},\"inLanguage\":\"pl-PL\",\"potentialAction\":[{\"@type\":\"ReadAction\",\"target\":[\"https:\/\/gaudiumetspes-blog.pl\/index.php\/2019\/01\/02\/trwanie\/\"]}]},{\"@type\":\"BreadcrumbList\",\"@id\":\"https:\/\/gaudiumetspes-blog.pl\/index.php\/2019\/01\/02\/trwanie\/#breadcrumb\",\"itemListElement\":[{\"@type\":\"ListItem\",\"position\":1,\"name\":\"Strona g\u0142\u00f3wna\",\"item\":\"https:\/\/gaudiumetspes-blog.pl\/\"},{\"@type\":\"ListItem\",\"position\":2,\"name\":\"Trwanie&#8230;\"}]},{\"@type\":\"WebSite\",\"@id\":\"https:\/\/gaudiumetspes-blog.pl\/#website\",\"url\":\"https:\/\/gaudiumetspes-blog.pl\/\",\"name\":\"Gaudium Et Spes\",\"description\":\"Blog Ks. Jacka Ja\u015bkowskiego\",\"potentialAction\":[{\"@type\":\"SearchAction\",\"target\":{\"@type\":\"EntryPoint\",\"urlTemplate\":\"https:\/\/gaudiumetspes-blog.pl\/?s={search_term_string}\"},\"query-input\":{\"@type\":\"PropertyValueSpecification\",\"valueRequired\":true,\"valueName\":\"search_term_string\"}}],\"inLanguage\":\"pl-PL\"},{\"@type\":\"Person\",\"@id\":\"https:\/\/gaudiumetspes-blog.pl\/#\/schema\/person\/1661982992b752dea8dff0d4ed845a65\",\"name\":\"Ks. Jacek\",\"image\":{\"@type\":\"ImageObject\",\"inLanguage\":\"pl-PL\",\"@id\":\"https:\/\/gaudiumetspes-blog.pl\/#\/schema\/person\/image\/\",\"url\":\"https:\/\/gaudiumetspes-blog.pl\/wp-content\/uploads\/2019\/07\/avatar-JJ-150x150.jpg\",\"contentUrl\":\"https:\/\/gaudiumetspes-blog.pl\/wp-content\/uploads\/2019\/07\/avatar-JJ-150x150.jpg\",\"caption\":\"Ks. Jacek\"},\"description\":\"Witam serdecznie! K\u0142ania si\u0119 Ks. Jacek Ja\u015bkowski. Nie jestem ani kim\u015b wa\u017cnym, ani kim\u015b znanym. Jestem ksi\u0119dzem, kt\u00f3ry po prostu chce rozmawia\u0107. Codzienna kap\u0142a\u0144ska pos\u0142uga pokazuje mi, \u017ce temat\u00f3w do rozm\u00f3w z ksi\u0119dzem jest coraz wi\u0119cej i dzisiaj \u017caden ksi\u0105dz nie mo\u017ce od nich ucieka\u0107, ale - wprost przeciwnie - podejmowa\u0107 nowe wyzwania. To przekonanie sk\u0142oni\u0142o mnie do pr\u00f3by otwarcia tego\u017c bloga, chocia\u017c okazji do rozm\u00f3w na co dzie\u0144 - w konfesjonale i poza nim - na szcz\u0119\u015bcie nie brakuje. My\u015bl\u0119 jednak, \u017ce ten blog b\u0119dzie jeszcze jednym sposobem i przestrzeni\u0105 nawi\u0105zania kontaktu z lud\u017ami dobrej woli, otwartymi na dialog.\",\"url\":\"https:\/\/gaudiumetspes-blog.pl\/index.php\/author\/ks-jacek\/\"}]}<\/script>\n<!-- \/ Yoast SEO plugin. -->","yoast_head_json":{"title":"Trwanie... - Gaudium Et Spes","robots":{"index":"index","follow":"follow","max-snippet":"max-snippet:-1","max-image-preview":"max-image-preview:large","max-video-preview":"max-video-preview:-1"},"canonical":"https:\/\/gaudiumetspes-blog.pl\/index.php\/2019\/01\/02\/trwanie\/","og_locale":"pl_PL","og_type":"article","og_title":"Trwanie... - Gaudium Et Spes","og_description":"Szcz\u0119\u015b\u0107 Bo\u017ce! Moi Drodzy, w dniu wczorajszym swoje imieniny obchodzili: \u2013 Ksi\u0105dz Pra\u0142at Mieczys\u0142aw Lipniacki \u2013 m\u00f3j \u201erodzony\u201d Proboszcz, czyli pierwszy Proboszcz mojej rodzinnej Parafii i m\u00f3j Proboszcz od Pierwszej Komunii \u015awi\u0119tej, a\u017c do Prymicji, a nawet jeszcze troch\u0119 po niej; \u2013 Ksi\u0105dz Pra\u0142at Mieczys\u0142aw G\u0142owacki \u2013 m\u00f3j Profesor w Seminarium, Promotor mojej pracy magisterskiej, [&hellip;]","og_url":"https:\/\/gaudiumetspes-blog.pl\/index.php\/2019\/01\/02\/trwanie\/","og_site_name":"Gaudium Et Spes","article_published_time":"2019-01-02T04:52:00+00:00","article_modified_time":"2019-07-31T10:58:11+00:00","author":"Ks. Jacek","twitter_card":"summary_large_image","twitter_misc":{"Napisane przez":"Ks. Jacek","Szacowany czas czytania":"11 minut"},"schema":{"@context":"https:\/\/schema.org","@graph":[{"@type":"WebPage","@id":"https:\/\/gaudiumetspes-blog.pl\/index.php\/2019\/01\/02\/trwanie\/","url":"https:\/\/gaudiumetspes-blog.pl\/index.php\/2019\/01\/02\/trwanie\/","name":"Trwanie... - Gaudium Et Spes","isPartOf":{"@id":"https:\/\/gaudiumetspes-blog.pl\/#website"},"datePublished":"2019-01-02T04:52:00+00:00","dateModified":"2019-07-31T10:58:11+00:00","author":{"@id":"https:\/\/gaudiumetspes-blog.pl\/#\/schema\/person\/1661982992b752dea8dff0d4ed845a65"},"breadcrumb":{"@id":"https:\/\/gaudiumetspes-blog.pl\/index.php\/2019\/01\/02\/trwanie\/#breadcrumb"},"inLanguage":"pl-PL","potentialAction":[{"@type":"ReadAction","target":["https:\/\/gaudiumetspes-blog.pl\/index.php\/2019\/01\/02\/trwanie\/"]}]},{"@type":"BreadcrumbList","@id":"https:\/\/gaudiumetspes-blog.pl\/index.php\/2019\/01\/02\/trwanie\/#breadcrumb","itemListElement":[{"@type":"ListItem","position":1,"name":"Strona g\u0142\u00f3wna","item":"https:\/\/gaudiumetspes-blog.pl\/"},{"@type":"ListItem","position":2,"name":"Trwanie&#8230;"}]},{"@type":"WebSite","@id":"https:\/\/gaudiumetspes-blog.pl\/#website","url":"https:\/\/gaudiumetspes-blog.pl\/","name":"Gaudium Et Spes","description":"Blog Ks. Jacka Ja\u015bkowskiego","potentialAction":[{"@type":"SearchAction","target":{"@type":"EntryPoint","urlTemplate":"https:\/\/gaudiumetspes-blog.pl\/?s={search_term_string}"},"query-input":{"@type":"PropertyValueSpecification","valueRequired":true,"valueName":"search_term_string"}}],"inLanguage":"pl-PL"},{"@type":"Person","@id":"https:\/\/gaudiumetspes-blog.pl\/#\/schema\/person\/1661982992b752dea8dff0d4ed845a65","name":"Ks. Jacek","image":{"@type":"ImageObject","inLanguage":"pl-PL","@id":"https:\/\/gaudiumetspes-blog.pl\/#\/schema\/person\/image\/","url":"https:\/\/gaudiumetspes-blog.pl\/wp-content\/uploads\/2019\/07\/avatar-JJ-150x150.jpg","contentUrl":"https:\/\/gaudiumetspes-blog.pl\/wp-content\/uploads\/2019\/07\/avatar-JJ-150x150.jpg","caption":"Ks. Jacek"},"description":"Witam serdecznie! K\u0142ania si\u0119 Ks. Jacek Ja\u015bkowski. Nie jestem ani kim\u015b wa\u017cnym, ani kim\u015b znanym. Jestem ksi\u0119dzem, kt\u00f3ry po prostu chce rozmawia\u0107. Codzienna kap\u0142a\u0144ska pos\u0142uga pokazuje mi, \u017ce temat\u00f3w do rozm\u00f3w z ksi\u0119dzem jest coraz wi\u0119cej i dzisiaj \u017caden ksi\u0105dz nie mo\u017ce od nich ucieka\u0107, ale - wprost przeciwnie - podejmowa\u0107 nowe wyzwania. To przekonanie sk\u0142oni\u0142o mnie do pr\u00f3by otwarcia tego\u017c bloga, chocia\u017c okazji do rozm\u00f3w na co dzie\u0144 - w konfesjonale i poza nim - na szcz\u0119\u015bcie nie brakuje. My\u015bl\u0119 jednak, \u017ce ten blog b\u0119dzie jeszcze jednym sposobem i przestrzeni\u0105 nawi\u0105zania kontaktu z lud\u017ami dobrej woli, otwartymi na dialog.","url":"https:\/\/gaudiumetspes-blog.pl\/index.php\/author\/ks-jacek\/"}]}},"jetpack_featured_media_url":"","jetpack_sharing_enabled":true,"_links":{"self":[{"href":"https:\/\/gaudiumetspes-blog.pl\/index.php\/wp-json\/wp\/v2\/posts\/14735","targetHints":{"allow":["GET"]}}],"collection":[{"href":"https:\/\/gaudiumetspes-blog.pl\/index.php\/wp-json\/wp\/v2\/posts"}],"about":[{"href":"https:\/\/gaudiumetspes-blog.pl\/index.php\/wp-json\/wp\/v2\/types\/post"}],"author":[{"embeddable":true,"href":"https:\/\/gaudiumetspes-blog.pl\/index.php\/wp-json\/wp\/v2\/users\/1"}],"replies":[{"embeddable":true,"href":"https:\/\/gaudiumetspes-blog.pl\/index.php\/wp-json\/wp\/v2\/comments?post=14735"}],"version-history":[{"count":1,"href":"https:\/\/gaudiumetspes-blog.pl\/index.php\/wp-json\/wp\/v2\/posts\/14735\/revisions"}],"predecessor-version":[{"id":14812,"href":"https:\/\/gaudiumetspes-blog.pl\/index.php\/wp-json\/wp\/v2\/posts\/14735\/revisions\/14812"}],"wp:attachment":[{"href":"https:\/\/gaudiumetspes-blog.pl\/index.php\/wp-json\/wp\/v2\/media?parent=14735"}],"wp:term":[{"taxonomy":"category","embeddable":true,"href":"https:\/\/gaudiumetspes-blog.pl\/index.php\/wp-json\/wp\/v2\/categories?post=14735"},{"taxonomy":"post_tag","embeddable":true,"href":"https:\/\/gaudiumetspes-blog.pl\/index.php\/wp-json\/wp\/v2\/tags?post=14735"}],"curies":[{"name":"wp","href":"https:\/\/api.w.org\/{rel}","templated":true}]}}