{"id":14740,"date":"2018-12-28T05:46:00","date_gmt":"2018-12-28T04:46:00","guid":{"rendered":"https:\/\/gaudiumetspes-blog.pl\/index.php\/2018\/12\/28\/pisze-wam-to-dlatego-zebyscie-nie\/"},"modified":"2019-07-31T12:58:03","modified_gmt":"2019-07-31T10:58:03","slug":"pisze-wam-to-dlatego-zebyscie-nie","status":"publish","type":"post","link":"https:\/\/gaudiumetspes-blog.pl\/index.php\/2018\/12\/28\/pisze-wam-to-dlatego-zebyscie-nie\/","title":{"rendered":"Pisz\u0119 Wam to dlatego, \u017ceby\u015bcie nie grzeszyli&#8230;"},"content":{"rendered":"<p><\/p>\n<div align=\"justify\" style=\"font-weight: normal; line-height: 150%; margin-bottom: 0cm;\">\n<span style=\"font-size: x-large;\"><span style=\"color: black;\"><span style=\"font-family: Book Antiqua, serif;\">Szcz\u0119\u015b\u0107<br \/>\nBo\u017ce! Moi Drodzy, w dniu dzisiejszym <b>imieniny prze\u017cywa Ojciec<br \/>\nCezary Szcze\u015bniak, kapucyn, nale\u017c\u0105cy w swoim czasie \u2013 za m\u0142odych<br \/>\nlat \u2013 do jednej z m\u0142odzie\u017cowych Wsp\u00f3lnot. <\/b><\/span><\/span><br \/>\n<\/span><\/div>\n<div align=\"justify\" style=\"background: transparent; font-weight: normal; line-height: 150%; margin-bottom: 0cm; page-break-before: auto; text-indent: 1.3cm;\">\n<span style=\"color: black;\"><span style=\"font-family: Book Antiqua, serif;\"><span style=\"font-size: x-large;\"><b>Urodziny<br \/>\nnatomiast prze\u017cywa Artur Ga\u0142\u0105zka, dobry Cz\u0142owiek z Miastkowa.<\/b><\/span><\/span><\/span><\/div>\n<div align=\"justify\" style=\"background: transparent; line-height: 150%; margin-bottom: 0cm; page-break-before: auto; text-indent: 1.3cm;\">\n<span style=\"color: black;\"><span style=\"font-family: Book Antiqua, serif;\"><span style=\"font-size: x-large;\"><b>\u017bycz\u0119<br \/>\nObu \u015bwi\u0119tuj\u0105cym tak totalnego zaufania do Pana, jak o tym<br \/>\nrozwa\u017camy dzisiaj, w kontek\u015bcie Bo\u017cego s\u0142owa. Zapewniam o<br \/>\nmodlitwie!<\/b><\/span><\/span><\/span><\/div>\n<div align=\"justify\" style=\"background: transparent; font-weight: normal; line-height: 150%; margin-bottom: 0cm; page-break-before: auto; text-indent: 1.3cm;\">\n<span style=\"color: black;\"><span style=\"font-family: Book Antiqua, serif;\"><span style=\"font-size: x-large;\">A<br \/>\nja dzisiaj wyruszam \u2013 wraz z Ksi\u0119dzem Proboszczem \u2013 na tras\u0119<br \/>\nwizyty duszpasterskiej. To samo zreszt\u0105 dzieje si\u0119 we wszystkich<br \/>\nchyba Parafiach w naszym kraju. Polecam Waszej modlitwie, moi Drodzy,<br \/>\nto wielkie, cho\u0107 cz\u0119sto nie\u0142atwe dzie\u0142o.<\/span><\/span><\/span><\/div>\n<div align=\"center\" style=\"font-weight: normal; line-height: 150%; margin-bottom: 0cm;\">\n<span style=\"color: black;\"><span style=\"font-family: Book Antiqua, serif;\"><span style=\"font-size: x-large;\">Gaudium<br \/>\net spes!  Ks. Jacek<\/span><\/span><\/span><\/div>\n<div align=\"justify\" style=\"line-height: 150%; margin-bottom: 0cm;\">\n<span style=\"font-size: x-large;\"><\/p>\n<p><\/span><\/div>\n<div align=\"justify\" style=\"line-height: 150%; margin-bottom: 0cm;\">\n<span style=\"color: black;\"><span style=\"font-family: Book Antiqua, serif;\"><span style=\"font-size: x-large;\"><b>\u015awi\u0119to<br \/>\n\u015awi\u0119tych M\u0142odziank\u00f3w, M\u0119czennik\u00f3w,<\/b><\/span><\/span><\/span><\/div>\n<div align=\"justify\" style=\"line-height: 150%; margin-bottom: 0cm;\">\n<span style=\"color: black;\"><span style=\"font-family: Book Antiqua, serif;\"><span style=\"font-size: x-large;\"><b>do<br \/>\nczyta\u0144 z t. VI Lekcjonarza:  1 J 1,5\u20132,2;  Mt 2,13\u201318<\/b><\/span><\/span><\/span><\/div>\n<div align=\"justify\" style=\"line-height: 150%; margin-bottom: 0cm;\">\n<span style=\"font-size: x-large;\"><\/p>\n<p><\/span><\/div>\n<div align=\"justify\" style=\"font-style: normal; font-variant: normal; letter-spacing: normal; line-height: 150%; margin-bottom: 0cm; page-break-before: auto;\">\n<span style=\"font-size: x-large;\"><span style=\"color: black;\"><span style=\"font-family: Book Antiqua, serif;\"><b>CZYTANIE<br \/>\nZ PIERWSZEGO LISTU \u015aWI\u0118TEGO JANA APOSTO\u0141A: <\/b><\/span><\/span><br \/>\n<\/span><\/div>\n<div align=\"justify\" style=\"background: transparent; font-style: normal; font-variant: normal; letter-spacing: normal; line-height: 150%; margin-bottom: 0cm; page-break-before: auto; text-indent: 1.3cm;\">\n<span style=\"font-size: x-large;\"><span style=\"color: black;\"><span style=\"font-family: Book Antiqua, serif;\"><b>Umi\u0142owani:<br \/>\nNowina, kt\u00f3r\u0105 us\u0142yszeli\u015bmy od Jezusa Chrystusa i kt\u00f3r\u0105 wam<br \/>\ng\u0142osimy, jest taka: B\u00f3g jest \u015bwiat\u0142o\u015bci\u0105, a nie ma w Nim \u017cadnej<br \/>\nciemno\u015bci. Je\u017celi m\u00f3wimy, \u017ce mamy z Nim wsp\u00f3\u0142uczestnictwo, a<br \/>\nchodzimy w ciemno\u015bci, k\u0142amiemy i nie post\u0119pujemy zgodnie z prawd\u0105.<br \/>\nJe\u017celi za\u015b chodzimy w \u015bwiat\u0142o\u015bci, tak jak On sam trwa w<br \/>\n\u015bwiat\u0142o\u015bci, wtedy mamy jedni z drugimi wsp\u00f3\u0142uczestnictwo, a krew<br \/>\nJezusa, Syna Jego, oczyszcza nas z wszelkiego grzechu. <\/b><\/span><\/span><br \/>\n<\/span><\/div>\n<div align=\"justify\" style=\"background: transparent; font-style: normal; font-variant: normal; letter-spacing: normal; line-height: 150%; margin-bottom: 0cm; text-indent: 1.3cm;\">\n<span style=\"font-size: x-large;\"><span style=\"color: black;\"><span style=\"font-family: Book Antiqua, serif;\"><b>Je\u015bli<br \/>\nm\u00f3wimy, \u017ce nie mamy grzechu, to samych siebie oszukujemy i nie ma w<br \/>\nnas prawdy. Je\u017celi wyznajemy nasze grzechy, B\u00f3g b\u0119d\u0105c wiernym i<br \/>\nsprawiedliwym odpu\u015bci je nam i oczy\u015bci nas z wszelkiej nieprawo\u015bci.<br \/>\nJe\u015bli powiemy, \u017ce nie zgrzeszyli\u015bmy, czynimy Go k\u0142amc\u0105 i nie ma<br \/>\nw nas Jego nauki. <\/b><\/span><\/span><br \/>\n<\/span><\/div>\n<div align=\"justify\" style=\"background: transparent; font-style: normal; font-variant: normal; letter-spacing: normal; line-height: 150%; margin-bottom: 0cm; text-indent: 1.3cm;\">\n<span style=\"color: black;\"><span style=\"font-family: Book Antiqua, serif;\"><span style=\"font-size: x-large;\"><b>Dzieci<br \/>\nmoje, pisz\u0119 wam to dlatego, \u017ceby\u015bcie nie grzeszyli. Je\u015bliby nawet<br \/>\nkto\u015b zgrzeszy\u0142, mamy Rzecznika wobec Ojca, Jezusa Chrystusa<br \/>\nsprawiedliwego. On bowiem jest ofiar\u0105 przeb\u0142agaln\u0105 za nasze<br \/>\ngrzechy, i nie tylko za nasze, lecz r\u00f3wnie\u017c za grzechy ca\u0142ego<br \/>\n\u015bwiata.<\/b><\/span><\/span><\/span><\/div>\n<div align=\"justify\" style=\"line-height: 150%; margin-bottom: 0cm;\">\n<span style=\"font-size: x-large;\"><\/p>\n<p><\/span><\/div>\n<div align=\"justify\" style=\"font-style: normal; font-variant: normal; letter-spacing: normal; line-height: 150%; margin-bottom: 0cm;\">\n<span style=\"font-size: x-large;\"><span style=\"color: black;\"><span style=\"font-family: Book Antiqua, serif;\"><b>S\u0141OWA<br \/>\nEWANGELII WED\u0141UG \u015aWI\u0118TEGO MATEUSZA: <\/b><\/span><\/span><br \/>\n<\/span><\/div>\n<div align=\"justify\" style=\"background: transparent; font-style: normal; font-variant: normal; letter-spacing: normal; line-height: 150%; margin-bottom: 0cm; page-break-before: auto; text-indent: 1.3cm;\">\n<span style=\"font-size: x-large;\"><span style=\"color: black;\"><span style=\"font-family: Book Antiqua, serif;\"><b>Gdy<br \/>\nM\u0119drcy odjechali, oto anio\u0142 Pa\u0144ski ukaza\u0142 si\u0119 J\u00f3zefowi we \u015bnie<br \/>\ni rzek\u0142: \u201eWsta\u0144, we\u017a Dzieci\u0119 i Jego Matk\u0119 i uchod\u017a do Egiptu;<br \/>\npozosta\u0144 tam, a\u017c ci powiem; bo Herod b\u0119dzie szuka\u0142 Dzieci\u0119cia,<br \/>\naby Je zg\u0142adzi\u0107\u201d. <\/b><\/span><\/span><br \/>\n<\/span><\/div>\n<div align=\"justify\" style=\"background: transparent; font-style: normal; font-variant: normal; letter-spacing: normal; line-height: 150%; margin-bottom: 0cm; text-indent: 1.3cm;\">\n<span style=\"font-size: x-large;\"><span style=\"color: black;\"><span style=\"font-family: Book Antiqua, serif;\"><b>On<br \/>\nwsta\u0142, wzi\u0105\u0142 w nocy Dzieci\u0119 i Jego Matk\u0119 i uda\u0142 si\u0119 do Egiptu;<br \/>\ntam pozosta\u0142 a\u017c do \u015bmierci Heroda. Tak mia\u0142o si\u0119 spe\u0142ni\u0107<br \/>\ns\u0142owo, kt\u00f3re Pan powiedzia\u0142 przez Proroka: \u201eZ Egiptu wezwa\u0142em<br \/>\nSyna mego\u201d. <\/b><\/span><\/span><br \/>\n<\/span><\/div>\n<div align=\"justify\" style=\"background: transparent; font-style: normal; font-variant: normal; letter-spacing: normal; line-height: 150%; margin-bottom: 0cm; text-indent: 1.3cm;\">\n<span style=\"font-size: x-large;\"><span style=\"color: black;\"><span style=\"font-family: Book Antiqua, serif;\"><b>Wtedy<br \/>\nHerod widz\u0105c, \u017ce go M\u0119drcy zawiedli, wpad\u0142 w straszny gniew.<br \/>\nPos\u0142a\u0142 oprawc\u00f3w do Betlejem i ca\u0142ej okolicy i kaza\u0142 pozabija\u0107<br \/>\nwszystkich ch\u0142opc\u00f3w w wieku do dw\u00f3ch lat, stosownie do czasu, o<br \/>\nkt\u00f3rym si\u0119 dowiedzia\u0142 od M\u0119drc\u00f3w. <\/b><\/span><\/span><br \/>\n<\/span><\/div>\n<div align=\"justify\" style=\"background: transparent; font-style: normal; font-variant: normal; letter-spacing: normal; line-height: 150%; margin-bottom: 0cm; text-indent: 1.3cm;\">\n<span style=\"color: black;\"><span style=\"font-family: Book Antiqua, serif;\"><span style=\"font-size: x-large;\"><b>Wtedy<br \/>\nspe\u0142ni\u0142y si\u0119 s\u0142owa proroka Jeremiasza: \u201eKrzyk us\u0142yszano w<br \/>\nRama, p\u0142acz i j\u0119k wielki. Rachel op\u0142akuje swe dzieci i nie chce<br \/>\nutuli\u0107 si\u0119 w \u017calu, bo ich ju\u017c nie ma\u201d.<\/b><\/span><\/span><\/span><\/div>\n<div align=\"justify\" style=\"line-height: 150%; margin-bottom: 0cm;\">\n<span style=\"font-size: x-large;\"><\/p>\n<p><\/span><\/div>\n<div align=\"justify\" style=\"background: transparent; font-style: normal; font-variant: normal; font-weight: normal; letter-spacing: normal; line-height: 150%; margin-bottom: 0cm; page-break-before: auto; text-indent: 1.3cm;\">\n<span style=\"font-size: x-large;\"><span style=\"color: black;\"><span style=\"font-family: Book Antiqua, serif;\">\u015awi\u0119ty<br \/>\nJan Aposto\u0142 m\u00f3wi dzi\u015b do nas w pierwszym czytaniu: <i><b>Je\u017celi<br \/>\nm\u00f3wimy, \u017ce mamy z Nim wsp\u00f3\u0142uczestnictwo, a chodzimy w ciemno\u015bci,<br \/>\nk\u0142amiemy i nie post\u0119pujemy zgodnie z prawd\u0105; <\/b><\/i>a nast\u0119pnie:<br \/>\n<i><b>Je\u015bli m\u00f3wimy, \u017ce nie mamy grzechu, to samych siebie<br \/>\noszukujemy i nie ma w nas prawdy.<\/b><\/i> Dzisiaj w\u0142a\u015bnie<br \/>\nprze\u017cywamy wydarzenie, kt\u00f3re jest znakiem <b>bardzo mocnego<br \/>\nzderzenia: <\/b>\u015bwiat\u0142o\u015bci z ciemno\u015bci\u0105; z\u0142a i grzechu \u2013 z<br \/>\nniewinno\u015bci\u0105 i \u015bwi\u0119to\u015bci\u0105. <\/span><\/span><br \/>\n<\/span><\/div>\n<div align=\"justify\" style=\"background: transparent; font-style: normal; font-variant: normal; font-weight: normal; letter-spacing: normal; line-height: 150%; margin-bottom: 0cm; text-indent: 1.3cm;\">\n<span style=\"font-size: x-large;\"><span style=\"color: black;\"><span style=\"font-family: Book Antiqua, serif;\">Zazdrosny<br \/>\no swoj\u0105 w\u0142adz\u0119 i pozycj\u0119, do szpiku ko\u015bci moralnie <b>zepsuty<br \/>\nHerod,<\/b> w ma\u0142ym Dzieci\u0119ciu zobaczy\u0142 zagro\u017cenie dla swojej<br \/>\nwyimaginowanej pozycji. A nie mog\u0105c wywrze\u0107 zemsty na samym<br \/>\nDzieci\u0119ciu, postanowi\u0142 <b>atakowa\u0107 na o\u015blep!<\/b> Szkoda tylko, \u017ce<br \/>\nkosztem najbardziej niewinnych i bezbronnych\u2026 <\/span><\/span><br \/>\n<\/span><\/div>\n<div align=\"justify\" style=\"background: transparent; font-style: normal; font-variant: normal; font-weight: normal; letter-spacing: normal; line-height: 150%; margin-bottom: 0cm; text-indent: 1.3cm;\">\n<span style=\"font-size: x-large;\"><span style=\"color: black;\"><span style=\"font-family: Book Antiqua, serif;\">Kiedy<br \/>\ns\u0142uchamy fragmentu Ewangelii Mateuszowej, opisuj\u0105cej to wydarzenie,<br \/>\nto mamy wra\u017cenie, \u017ce jaka\u015b <b>straszliwa ciemno\u015b\u0107 zapanowa\u0142a na<br \/>\n\u015bwiecie. <\/b>Wyobra\u017camy sobie krwawych siepaczy Heroda, wpadaj\u0105cych<br \/>\nbez ostrze\u017cenia do dom\u00f3w Izraelit\u00f3w i wydzieraj\u0105cych brutalnie<br \/>\nmatkom z r\u0105k ich male\u0144kie dzieci\u0105tka, a potem\u2026 A\u017c strach<br \/>\npomy\u015ble\u0107, nie spos\u00f3b te\u017c o tym m\u00f3wi\u0107\u2026 <b>I ten przera\u017aliwy<br \/>\nkrzyk matek! Ten przera\u017aliwy krzyk!<\/b> Zaprawd\u0119, ciemno\u015b\u0107<br \/>\nzapanowa\u0142a wtedy nad Betlejem i ca\u0142\u0105 okolic\u0105. A dlaczego tak si\u0119<br \/>\nsta\u0142o? <\/span><\/span><br \/>\n<\/span><\/div>\n<div align=\"justify\" style=\"background: transparent; font-style: normal; font-variant: normal; font-weight: normal; letter-spacing: normal; line-height: 150%; margin-bottom: 0cm; text-indent: 1.3cm;\">\n<span style=\"font-size: x-large;\"><span style=\"color: black;\"><span style=\"font-family: Book Antiqua, serif;\">Dlatego,<br \/>\n\u017ce taka straszliwa ciemno\u015b\u0107 panowa\u0142a w duszy Heroda. \u017beby to<br \/>\njeszcze raz powt\u00f3rzy\u0107: to by\u0142 cz\u0142owiek do szpiku ko\u015bci zepsuty,<br \/>\n<b>totalny moralny wrak!<\/b> Jego dusza by\u0142a mroczna, straszliwie<br \/>\nmroczna. A do tego \u2013 na nieszcz\u0119\u015bcie dla \u015bwiata \u2013 <b>mia\u0142 on<br \/>\nw\u0142adz\u0119.<\/b> Im wy\u017cej za\u015b stoi taki cz\u0142owiek, kt\u00f3ry tyle z\u0142a i<br \/>\nciemno\u015bci ma w sobie, tym wi\u0119kszego spustoszenia dokonuje wok\u00f3\u0142. <\/span><\/span><br \/>\n<\/span><\/div>\n<div align=\"justify\" style=\"background: transparent; font-style: normal; font-variant: normal; font-weight: normal; letter-spacing: normal; line-height: 150%; margin-bottom: 0cm; text-indent: 1.3cm;\">\n<span style=\"font-size: x-large;\"><span style=\"color: black;\"><span style=\"font-family: Book Antiqua, serif;\">I<br \/>\nmo\u017ce w\u0142a\u015bnie dlatego Jan Aposto\u0142 przestrzega dzisiaj nas<br \/>\nwszystkich: <i><b>Dzieci moje, pisz\u0119 wam to dlatego, \u017ceby\u015bcie nie<br \/>\ngrzeszyli.<\/b><\/i> A je\u017celi komu\u015b nawet zdarzy\u0142oby si\u0119 to<br \/>\nnieszcz\u0119\u015bcie, to <i><b>mamy Rzecznika wobec Ojca, Jezusa Chrystusa<br \/>\nsprawiedliwego. On bowiem jest ofiar\u0105 przeb\u0142agaln\u0105 za nasze<br \/>\ngrzechy, i nie tylko za nasze, lecz r\u00f3wnie\u017c za grzechy ca\u0142ego<br \/>\n\u015bwiata.<\/b><\/i> \u017beby jednak m\u00f3c skorzysta\u0107 z owoc\u00f3w zbawczej<br \/>\nofiary <i><b>Jezusa Chrystusa sprawiedliwego,<\/b><\/i> trzeba jak<br \/>\nnajszybciej uzna\u0107 sw\u00f3j grzech. I chcie\u0107 si\u0119 z niego wyzwoli\u0107. <\/span><\/span><br \/>\n<\/span><\/div>\n<div align=\"justify\" style=\"background: transparent; font-style: normal; font-variant: normal; font-weight: normal; letter-spacing: normal; line-height: 150%; margin-bottom: 0cm; text-indent: 1.3cm;\">\n<span style=\"color: black;\"><span style=\"font-family: Book Antiqua, serif;\"><span style=\"font-size: x-large;\">Tymczasem<br \/>\nHerod w\u0142a\u015bnie <b>brn\u0105\u0142 sw\u00f3j grzech,<\/b> chocia\u017c uwa\u017ca\u0142 go za<br \/>\nco\u015b absolutnie normalnego i na pewno <b>nie uznawa\u0142 tego, co robi,<br \/>\nza z\u0142o.<\/b> On przecie\u017c broni\u0142 swojej w\u0142adzy, si\u0142y swego<br \/>\nkr\u00f3lestwa. Niestety, zaprowadza\u0142 w ten spos\u00f3b <b>kr\u00f3lestwo z\u0142a i<br \/>\nciemno\u015bci,<\/b> sia\u0142 groz\u0119 i przera\u017cenie, b\u00f3l i rozpacz<br \/>\nbezbronnych matek \u2013 i <b>\u015bmier\u0107 niewinnych dzieci. <\/b>Oto do<br \/>\nczego prowadzi trwanie w grzechu.<\/span><\/span><\/span><\/div>\n<div align=\"justify\" style=\"background: transparent; font-style: normal; font-variant: normal; font-weight: normal; letter-spacing: normal; line-height: 150%; margin-bottom: 0cm; text-indent: 1.3cm;\">\n<span style=\"font-size: x-large;\"><span style=\"color: black;\"><span style=\"font-family: Book Antiqua, serif;\">Moi<br \/>\nDrodzy, mo\u017ce w\u0142a\u015bnie tak\u0105 my\u015bl poddaje nam pod rozwag\u0119 Pan<br \/>\nw\u0142a\u015bnie dzisiaj, w to liturgiczne wspomnienie niewinnych Dzieci,<br \/>\nzamordowanych przez <b>z\u0142ego cz\u0142owieka, trwaj\u0105cego w grzechu,<\/b><br \/>\naby\u015bmy po prze\u017cyciu \u015awi\u0105t Narodzenia Pa\u0144skiego, wpatrzeni w<br \/>\nniewinne Bo\u017ce Dzieci\u0105tko, postanowili sobie <b>jak najszybciej<br \/>\nrozprawia\u0107 si\u0119 z grzechem<\/b> w swoim sercu \u2013 i bardziej dba\u0107 o<br \/>\nswoj\u0105 niewinno\u015b\u0107, o czysto\u015b\u0107 swojej duszy. \u017beby <b>nie brn\u0105\u0107<br \/>\nw grzech, <\/b>ale zrywa\u0107 z nim od razu, jak najszybciej. A wr\u0119cz \u2013<br \/>\nnie ulega\u0107 pokusom i <b>nie doprowadza\u0107 do grzechu! <\/b><\/span><\/span><br \/>\n<\/span><\/div>\n<div align=\"justify\" style=\"background: transparent; font-style: normal; font-variant: normal; font-weight: normal; letter-spacing: normal; line-height: 150%; margin-bottom: 0cm; text-indent: 1.3cm;\">\n<span style=\"color: black;\"><span style=\"font-family: Book Antiqua, serif;\"><span style=\"font-size: x-large;\">Bo<br \/>\njak si\u0119 ju\u017c zacznie w niego brn\u0105\u0107, to <b>ko\u0144ca nie b\u0119dzie<\/b> \u2013<br \/>\na\u017c dojdzie do prawdziwych dramat\u00f3w. Je\u017celi za\u015b zdob\u0119dziemy si\u0119<br \/>\nna odwag\u0119 i spojrzymy prawdzie w oczy, by <b>przyzna\u0107 si\u0119 do z\u0142a<\/b><br \/>\ni postanowi\u0107 realn\u0105 popraw\u0119, to szybko wszystko wr\u00f3ci do normy.<br \/>\nDo tej dobrej normy.<\/span><\/span><\/span><\/div>\n<div align=\"justify\" style=\"background: transparent; font-style: normal; font-variant: normal; font-weight: normal; letter-spacing: normal; line-height: 150%; margin-bottom: 0cm; text-indent: 1.3cm;\">\n<span style=\"color: black;\"><span style=\"font-family: Book Antiqua, serif;\"><span style=\"font-size: x-large;\">Wszak<br \/>\n\u015awi\u0119ty Jan poucza nas dzisiaj: <i><b>Je\u017celi za\u015b chodzimy w<br \/>\n\u015bwiat\u0142o\u015bci, tak jak On sam trwa w \u015bwiat\u0142o\u015bci, wtedy mamy jedni<br \/>\nz drugimi wsp\u00f3\u0142uczestnictwo, a krew Jezusa, Syna Jego, oczyszcza<br \/>\nnas z wszelkiego grzechu.<\/b><\/i><b> <\/b>A nast\u0119pnie: <i><b>Je\u017celi<br \/>\nwyznajemy nasze<\/b><\/i><b> <\/b><i><b>grzechy, B\u00f3g b\u0119d\u0105c wiernym i<br \/>\nsprawiedliwym odpu\u015bci je nam i oczy\u015bci nas z wszelkiej nieprawo\u015bci.<\/b><\/i><\/span><\/span><\/span><\/div>\n<div align=\"justify\" style=\"background: transparent; font-style: normal; font-variant: normal; font-weight: normal; letter-spacing: normal; line-height: 150%; margin-bottom: 0cm; text-indent: 1.3cm;\">\n<span style=\"color: black;\"><span style=\"font-family: Book Antiqua, serif;\"><span style=\"font-size: x-large;\">I<br \/>\nmo\u017ce w\u0142a\u015bnie postanowienie <b>systematycznej, comiesi\u0119cznej<br \/>\nSpowiedzi,<\/b> poprzedzonej <b>solidnym rachunkiem sumienia, <\/b>a<br \/>\ntak\u017ce postanowienie <b>codziennego, kr\u00f3ciutkiego rachunku sumienia<\/b><br \/>\nna koniec dnia \u2013 b\u0119dzie nasz\u0105 odpowiedzi\u0105 na te s\u0142owa Aposto\u0142a<br \/>\ni na to dramatyczne wydarzenie, jakie dzi\u015b wspominamy w liturgii?\u2026<\/span><\/span><\/span><\/div>\n","protected":false},"excerpt":{"rendered":"<p>Szcz\u0119\u015b\u0107 Bo\u017ce! Moi Drodzy, w dniu dzisiejszym imieniny prze\u017cywa Ojciec Cezary Szcze\u015bniak, kapucyn, nale\u017c\u0105cy w swoim czasie \u2013 za m\u0142odych lat \u2013 do jednej z m\u0142odzie\u017cowych Wsp\u00f3lnot. Urodziny natomiast prze\u017cywa Artur Ga\u0142\u0105zka, dobry Cz\u0142owiek z Miastkowa. \u017bycz\u0119 Obu \u015bwi\u0119tuj\u0105cym tak totalnego zaufania do Pana, jak o tym rozwa\u017camy dzisiaj, w kontek\u015bcie Bo\u017cego s\u0142owa. Zapewniam o [&hellip;]<\/p>\n","protected":false},"author":1,"featured_media":0,"comment_status":"open","ping_status":"open","sticky":false,"template":"","format":"standard","meta":{"jetpack_post_was_ever_published":false,"_jetpack_newsletter_access":"","_jetpack_dont_email_post_to_subs":false,"_jetpack_newsletter_tier_id":0,"_jetpack_memberships_contains_paywalled_content":false,"_jetpack_memberships_contains_paid_content":false,"footnotes":""},"categories":[1],"tags":[],"class_list":["post-14740","post","type-post","status-publish","format-standard","hentry","category-bez-kategorii"],"yoast_head":"<!-- This site is optimized with the Yoast SEO plugin v25.1 - https:\/\/yoast.com\/wordpress\/plugins\/seo\/ -->\n<title>Pisz\u0119 Wam to dlatego, \u017ceby\u015bcie nie grzeszyli... - Gaudium Et Spes<\/title>\n<meta name=\"robots\" content=\"index, follow, max-snippet:-1, max-image-preview:large, max-video-preview:-1\" \/>\n<link rel=\"canonical\" href=\"https:\/\/gaudiumetspes-blog.pl\/index.php\/2018\/12\/28\/pisze-wam-to-dlatego-zebyscie-nie\/\" \/>\n<meta property=\"og:locale\" content=\"pl_PL\" \/>\n<meta property=\"og:type\" content=\"article\" \/>\n<meta property=\"og:title\" content=\"Pisz\u0119 Wam to dlatego, \u017ceby\u015bcie nie grzeszyli... - Gaudium Et Spes\" \/>\n<meta property=\"og:description\" content=\"Szcz\u0119\u015b\u0107 Bo\u017ce! Moi Drodzy, w dniu dzisiejszym imieniny prze\u017cywa Ojciec Cezary Szcze\u015bniak, kapucyn, nale\u017c\u0105cy w swoim czasie \u2013 za m\u0142odych lat \u2013 do jednej z m\u0142odzie\u017cowych Wsp\u00f3lnot. Urodziny natomiast prze\u017cywa Artur Ga\u0142\u0105zka, dobry Cz\u0142owiek z Miastkowa. \u017bycz\u0119 Obu \u015bwi\u0119tuj\u0105cym tak totalnego zaufania do Pana, jak o tym rozwa\u017camy dzisiaj, w kontek\u015bcie Bo\u017cego s\u0142owa. Zapewniam o [&hellip;]\" \/>\n<meta property=\"og:url\" content=\"https:\/\/gaudiumetspes-blog.pl\/index.php\/2018\/12\/28\/pisze-wam-to-dlatego-zebyscie-nie\/\" \/>\n<meta property=\"og:site_name\" content=\"Gaudium Et Spes\" \/>\n<meta property=\"article:published_time\" content=\"2018-12-28T04:46:00+00:00\" \/>\n<meta property=\"article:modified_time\" content=\"2019-07-31T10:58:03+00:00\" \/>\n<meta name=\"author\" content=\"Ks. Jacek\" \/>\n<meta name=\"twitter:card\" content=\"summary_large_image\" \/>\n<meta name=\"twitter:label1\" content=\"Napisane przez\" \/>\n\t<meta name=\"twitter:data1\" content=\"Ks. Jacek\" \/>\n\t<meta name=\"twitter:label2\" content=\"Szacowany czas czytania\" \/>\n\t<meta name=\"twitter:data2\" content=\"6 minut\" \/>\n<script type=\"application\/ld+json\" class=\"yoast-schema-graph\">{\"@context\":\"https:\/\/schema.org\",\"@graph\":[{\"@type\":\"WebPage\",\"@id\":\"https:\/\/gaudiumetspes-blog.pl\/index.php\/2018\/12\/28\/pisze-wam-to-dlatego-zebyscie-nie\/\",\"url\":\"https:\/\/gaudiumetspes-blog.pl\/index.php\/2018\/12\/28\/pisze-wam-to-dlatego-zebyscie-nie\/\",\"name\":\"Pisz\u0119 Wam to dlatego, \u017ceby\u015bcie nie grzeszyli... - Gaudium Et Spes\",\"isPartOf\":{\"@id\":\"https:\/\/gaudiumetspes-blog.pl\/#website\"},\"datePublished\":\"2018-12-28T04:46:00+00:00\",\"dateModified\":\"2019-07-31T10:58:03+00:00\",\"author\":{\"@id\":\"https:\/\/gaudiumetspes-blog.pl\/#\/schema\/person\/1661982992b752dea8dff0d4ed845a65\"},\"breadcrumb\":{\"@id\":\"https:\/\/gaudiumetspes-blog.pl\/index.php\/2018\/12\/28\/pisze-wam-to-dlatego-zebyscie-nie\/#breadcrumb\"},\"inLanguage\":\"pl-PL\",\"potentialAction\":[{\"@type\":\"ReadAction\",\"target\":[\"https:\/\/gaudiumetspes-blog.pl\/index.php\/2018\/12\/28\/pisze-wam-to-dlatego-zebyscie-nie\/\"]}]},{\"@type\":\"BreadcrumbList\",\"@id\":\"https:\/\/gaudiumetspes-blog.pl\/index.php\/2018\/12\/28\/pisze-wam-to-dlatego-zebyscie-nie\/#breadcrumb\",\"itemListElement\":[{\"@type\":\"ListItem\",\"position\":1,\"name\":\"Strona g\u0142\u00f3wna\",\"item\":\"https:\/\/gaudiumetspes-blog.pl\/\"},{\"@type\":\"ListItem\",\"position\":2,\"name\":\"Pisz\u0119 Wam to&nbsp;dlatego, \u017ceby\u015bcie nie&nbsp;grzeszyli&#8230;\"}]},{\"@type\":\"WebSite\",\"@id\":\"https:\/\/gaudiumetspes-blog.pl\/#website\",\"url\":\"https:\/\/gaudiumetspes-blog.pl\/\",\"name\":\"Gaudium Et Spes\",\"description\":\"Blog Ks. Jacka Ja\u015bkowskiego\",\"potentialAction\":[{\"@type\":\"SearchAction\",\"target\":{\"@type\":\"EntryPoint\",\"urlTemplate\":\"https:\/\/gaudiumetspes-blog.pl\/?s={search_term_string}\"},\"query-input\":{\"@type\":\"PropertyValueSpecification\",\"valueRequired\":true,\"valueName\":\"search_term_string\"}}],\"inLanguage\":\"pl-PL\"},{\"@type\":\"Person\",\"@id\":\"https:\/\/gaudiumetspes-blog.pl\/#\/schema\/person\/1661982992b752dea8dff0d4ed845a65\",\"name\":\"Ks. Jacek\",\"image\":{\"@type\":\"ImageObject\",\"inLanguage\":\"pl-PL\",\"@id\":\"https:\/\/gaudiumetspes-blog.pl\/#\/schema\/person\/image\/\",\"url\":\"https:\/\/gaudiumetspes-blog.pl\/wp-content\/uploads\/2019\/07\/avatar-JJ-150x150.jpg\",\"contentUrl\":\"https:\/\/gaudiumetspes-blog.pl\/wp-content\/uploads\/2019\/07\/avatar-JJ-150x150.jpg\",\"caption\":\"Ks. Jacek\"},\"description\":\"Witam serdecznie! K\u0142ania si\u0119 Ks. Jacek Ja\u015bkowski. Nie jestem ani kim\u015b wa\u017cnym, ani kim\u015b znanym. Jestem ksi\u0119dzem, kt\u00f3ry po prostu chce rozmawia\u0107. Codzienna kap\u0142a\u0144ska pos\u0142uga pokazuje mi, \u017ce temat\u00f3w do rozm\u00f3w z ksi\u0119dzem jest coraz wi\u0119cej i dzisiaj \u017caden ksi\u0105dz nie mo\u017ce od nich ucieka\u0107, ale - wprost przeciwnie - podejmowa\u0107 nowe wyzwania. To przekonanie sk\u0142oni\u0142o mnie do pr\u00f3by otwarcia tego\u017c bloga, chocia\u017c okazji do rozm\u00f3w na co dzie\u0144 - w konfesjonale i poza nim - na szcz\u0119\u015bcie nie brakuje. My\u015bl\u0119 jednak, \u017ce ten blog b\u0119dzie jeszcze jednym sposobem i przestrzeni\u0105 nawi\u0105zania kontaktu z lud\u017ami dobrej woli, otwartymi na dialog.\",\"url\":\"https:\/\/gaudiumetspes-blog.pl\/index.php\/author\/ks-jacek\/\"}]}<\/script>\n<!-- \/ Yoast SEO plugin. -->","yoast_head_json":{"title":"Pisz\u0119 Wam to dlatego, \u017ceby\u015bcie nie grzeszyli... - Gaudium Et Spes","robots":{"index":"index","follow":"follow","max-snippet":"max-snippet:-1","max-image-preview":"max-image-preview:large","max-video-preview":"max-video-preview:-1"},"canonical":"https:\/\/gaudiumetspes-blog.pl\/index.php\/2018\/12\/28\/pisze-wam-to-dlatego-zebyscie-nie\/","og_locale":"pl_PL","og_type":"article","og_title":"Pisz\u0119 Wam to dlatego, \u017ceby\u015bcie nie grzeszyli... - Gaudium Et Spes","og_description":"Szcz\u0119\u015b\u0107 Bo\u017ce! Moi Drodzy, w dniu dzisiejszym imieniny prze\u017cywa Ojciec Cezary Szcze\u015bniak, kapucyn, nale\u017c\u0105cy w swoim czasie \u2013 za m\u0142odych lat \u2013 do jednej z m\u0142odzie\u017cowych Wsp\u00f3lnot. Urodziny natomiast prze\u017cywa Artur Ga\u0142\u0105zka, dobry Cz\u0142owiek z Miastkowa. \u017bycz\u0119 Obu \u015bwi\u0119tuj\u0105cym tak totalnego zaufania do Pana, jak o tym rozwa\u017camy dzisiaj, w kontek\u015bcie Bo\u017cego s\u0142owa. Zapewniam o [&hellip;]","og_url":"https:\/\/gaudiumetspes-blog.pl\/index.php\/2018\/12\/28\/pisze-wam-to-dlatego-zebyscie-nie\/","og_site_name":"Gaudium Et Spes","article_published_time":"2018-12-28T04:46:00+00:00","article_modified_time":"2019-07-31T10:58:03+00:00","author":"Ks. Jacek","twitter_card":"summary_large_image","twitter_misc":{"Napisane przez":"Ks. Jacek","Szacowany czas czytania":"6 minut"},"schema":{"@context":"https:\/\/schema.org","@graph":[{"@type":"WebPage","@id":"https:\/\/gaudiumetspes-blog.pl\/index.php\/2018\/12\/28\/pisze-wam-to-dlatego-zebyscie-nie\/","url":"https:\/\/gaudiumetspes-blog.pl\/index.php\/2018\/12\/28\/pisze-wam-to-dlatego-zebyscie-nie\/","name":"Pisz\u0119 Wam to dlatego, \u017ceby\u015bcie nie grzeszyli... - Gaudium Et Spes","isPartOf":{"@id":"https:\/\/gaudiumetspes-blog.pl\/#website"},"datePublished":"2018-12-28T04:46:00+00:00","dateModified":"2019-07-31T10:58:03+00:00","author":{"@id":"https:\/\/gaudiumetspes-blog.pl\/#\/schema\/person\/1661982992b752dea8dff0d4ed845a65"},"breadcrumb":{"@id":"https:\/\/gaudiumetspes-blog.pl\/index.php\/2018\/12\/28\/pisze-wam-to-dlatego-zebyscie-nie\/#breadcrumb"},"inLanguage":"pl-PL","potentialAction":[{"@type":"ReadAction","target":["https:\/\/gaudiumetspes-blog.pl\/index.php\/2018\/12\/28\/pisze-wam-to-dlatego-zebyscie-nie\/"]}]},{"@type":"BreadcrumbList","@id":"https:\/\/gaudiumetspes-blog.pl\/index.php\/2018\/12\/28\/pisze-wam-to-dlatego-zebyscie-nie\/#breadcrumb","itemListElement":[{"@type":"ListItem","position":1,"name":"Strona g\u0142\u00f3wna","item":"https:\/\/gaudiumetspes-blog.pl\/"},{"@type":"ListItem","position":2,"name":"Pisz\u0119 Wam to&nbsp;dlatego, \u017ceby\u015bcie nie&nbsp;grzeszyli&#8230;"}]},{"@type":"WebSite","@id":"https:\/\/gaudiumetspes-blog.pl\/#website","url":"https:\/\/gaudiumetspes-blog.pl\/","name":"Gaudium Et Spes","description":"Blog Ks. Jacka Ja\u015bkowskiego","potentialAction":[{"@type":"SearchAction","target":{"@type":"EntryPoint","urlTemplate":"https:\/\/gaudiumetspes-blog.pl\/?s={search_term_string}"},"query-input":{"@type":"PropertyValueSpecification","valueRequired":true,"valueName":"search_term_string"}}],"inLanguage":"pl-PL"},{"@type":"Person","@id":"https:\/\/gaudiumetspes-blog.pl\/#\/schema\/person\/1661982992b752dea8dff0d4ed845a65","name":"Ks. Jacek","image":{"@type":"ImageObject","inLanguage":"pl-PL","@id":"https:\/\/gaudiumetspes-blog.pl\/#\/schema\/person\/image\/","url":"https:\/\/gaudiumetspes-blog.pl\/wp-content\/uploads\/2019\/07\/avatar-JJ-150x150.jpg","contentUrl":"https:\/\/gaudiumetspes-blog.pl\/wp-content\/uploads\/2019\/07\/avatar-JJ-150x150.jpg","caption":"Ks. Jacek"},"description":"Witam serdecznie! K\u0142ania si\u0119 Ks. Jacek Ja\u015bkowski. Nie jestem ani kim\u015b wa\u017cnym, ani kim\u015b znanym. Jestem ksi\u0119dzem, kt\u00f3ry po prostu chce rozmawia\u0107. Codzienna kap\u0142a\u0144ska pos\u0142uga pokazuje mi, \u017ce temat\u00f3w do rozm\u00f3w z ksi\u0119dzem jest coraz wi\u0119cej i dzisiaj \u017caden ksi\u0105dz nie mo\u017ce od nich ucieka\u0107, ale - wprost przeciwnie - podejmowa\u0107 nowe wyzwania. To przekonanie sk\u0142oni\u0142o mnie do pr\u00f3by otwarcia tego\u017c bloga, chocia\u017c okazji do rozm\u00f3w na co dzie\u0144 - w konfesjonale i poza nim - na szcz\u0119\u015bcie nie brakuje. My\u015bl\u0119 jednak, \u017ce ten blog b\u0119dzie jeszcze jednym sposobem i przestrzeni\u0105 nawi\u0105zania kontaktu z lud\u017ami dobrej woli, otwartymi na dialog.","url":"https:\/\/gaudiumetspes-blog.pl\/index.php\/author\/ks-jacek\/"}]}},"jetpack_featured_media_url":"","jetpack_sharing_enabled":true,"_links":{"self":[{"href":"https:\/\/gaudiumetspes-blog.pl\/index.php\/wp-json\/wp\/v2\/posts\/14740","targetHints":{"allow":["GET"]}}],"collection":[{"href":"https:\/\/gaudiumetspes-blog.pl\/index.php\/wp-json\/wp\/v2\/posts"}],"about":[{"href":"https:\/\/gaudiumetspes-blog.pl\/index.php\/wp-json\/wp\/v2\/types\/post"}],"author":[{"embeddable":true,"href":"https:\/\/gaudiumetspes-blog.pl\/index.php\/wp-json\/wp\/v2\/users\/1"}],"replies":[{"embeddable":true,"href":"https:\/\/gaudiumetspes-blog.pl\/index.php\/wp-json\/wp\/v2\/comments?post=14740"}],"version-history":[{"count":1,"href":"https:\/\/gaudiumetspes-blog.pl\/index.php\/wp-json\/wp\/v2\/posts\/14740\/revisions"}],"predecessor-version":[{"id":14799,"href":"https:\/\/gaudiumetspes-blog.pl\/index.php\/wp-json\/wp\/v2\/posts\/14740\/revisions\/14799"}],"wp:attachment":[{"href":"https:\/\/gaudiumetspes-blog.pl\/index.php\/wp-json\/wp\/v2\/media?parent=14740"}],"wp:term":[{"taxonomy":"category","embeddable":true,"href":"https:\/\/gaudiumetspes-blog.pl\/index.php\/wp-json\/wp\/v2\/categories?post=14740"},{"taxonomy":"post_tag","embeddable":true,"href":"https:\/\/gaudiumetspes-blog.pl\/index.php\/wp-json\/wp\/v2\/tags?post=14740"}],"curies":[{"name":"wp","href":"https:\/\/api.w.org\/{rel}","templated":true}]}}