{"id":14741,"date":"2018-12-27T05:58:00","date_gmt":"2018-12-27T04:58:00","guid":{"rendered":"https:\/\/gaudiumetspes-blog.pl\/index.php\/2018\/12\/27\/doswiadczyc-by-zaswiadczyc\/"},"modified":"2019-07-31T12:58:03","modified_gmt":"2019-07-31T10:58:03","slug":"doswiadczyc-by-zaswiadczyc","status":"publish","type":"post","link":"https:\/\/gaudiumetspes-blog.pl\/index.php\/2018\/12\/27\/doswiadczyc-by-zaswiadczyc\/","title":{"rendered":"Do\u015bwiadczy\u0107 &#8211; by za\u015bwiadczy\u0107!"},"content":{"rendered":"<p><\/p>\n<div align=\"justify\" style=\"font-weight: normal; line-height: 150%; margin-bottom: 0cm;\">\n<span style=\"color: black;\"><span style=\"font-family: Book Antiqua, serif;\"><span style=\"font-size: x-large;\">Szcz\u0119\u015b\u0107<br \/>\nBo\u017ce! Moi Drodzy, w dniu dzisiejszym <b>imieniny prze\u017cywa Ksi\u0105dz<br \/>\nKanonik Jan Grochowski, Proboszcz Parafii w Tr\u0105bkach, a tak w og\u00f3le<br \/>\n\u2013 to m\u00f3j pierwszy Proboszcz. Dzi\u0119kuj\u0105c Ksi\u0119dzu Kanonikowi za<br \/>\nbezmiar \u017cyczliwo\u015bci i pomocy, kt\u00f3re przez lata mi okazywa\u0142 i<br \/>\nci\u0105gle okazuje, \u017cycz\u0119 si\u0142y i mocy ducha do pokonywania<br \/>\ncodziennych trudno\u015bci i budowania kr\u00f3lestwa Bo\u017cego w sercach<br \/>\nludzi.<\/b><\/span><\/span><\/span><\/div>\n<div align=\"justify\" style=\"background: transparent; line-height: 150%; margin-bottom: 0cm; page-break-before: auto; text-indent: 1.3cm;\">\n<span style=\"color: black;\"><span style=\"font-family: Book Antiqua, serif;\"><span style=\"font-size: x-large;\"><b>Z<br \/>\nkolei, rocznic\u0119 zawarcia sakramentalnego Ma\u0142\u017ce\u0144stwa prze\u017cywaj\u0105<br \/>\n\u017banna i \u0141ukasz Sulowscy, moi Przyjaciele z Lublina. \u017bycz\u0119<br \/>\nci\u0105g\u0142ego odkrywania pi\u0119kna i wielko\u015bci ma\u0142\u017ce\u0144skiego<br \/>\nprzymierza. \u017bycz\u0119 ci\u0105g\u0142ego do\u015bwiadczania Bo\u017cej mocy i<br \/>\n\u015bwiadczenia o niej.<\/b><\/span><\/span><\/span><\/div>\n<div align=\"justify\" style=\"background: transparent; line-height: 150%; margin-bottom: 0cm; text-indent: 1.3cm;\">\n<span style=\"color: black;\"><span style=\"font-family: Book Antiqua, serif;\"><span style=\"font-size: x-large;\"><b>Wszystkich<br \/>\ndzi\u015b \u015bwi\u0119tuj\u0105cych zapewniam o modlitwie!<\/b><\/span><\/span><\/span><\/div>\n<div align=\"justify\" style=\"background: transparent; font-weight: normal; line-height: 150%; margin-bottom: 0cm;\">\n<span style=\"color: black;\"><span style=\"font-family: Book Antiqua, serif;\"><span style=\"font-size: x-large;\">A<br \/>\nWszystkim, \u015bwi\u0119tuj\u0105cym dzi\u015b kolejny dzie\u0144 Oktawy Bo\u017cego<br \/>\nNarodzenia \u017cycz\u0119 niegasn\u0105cej rado\u015bci z tego faktu!<\/span><\/span><\/span><\/div>\n<div align=\"center\" style=\"font-weight: normal; line-height: 150%; margin-bottom: 0cm;\">\n<span style=\"color: black;\"><span style=\"font-family: Book Antiqua, serif;\"><span style=\"font-size: x-large;\">Gaudium<br \/>\net spes!  Ks. Jacek<\/span><\/span><\/span><\/div>\n<div align=\"justify\" style=\"line-height: 150%; margin-bottom: 0cm;\">\n<span style=\"font-size: x-large;\"><\/p>\n<p><\/span><\/div>\n<div align=\"justify\" style=\"line-height: 150%; margin-bottom: 0cm;\">\n<span style=\"color: black;\"><span style=\"font-family: Book Antiqua, serif;\"><span style=\"font-size: x-large;\"><b>\u015aw.<br \/>\nJana, Aposto\u0142a i Ewangelisty,<\/b><\/span><\/span><\/span><\/div>\n<div align=\"justify\" style=\"line-height: 150%; margin-bottom: 0cm;\">\n<span style=\"color: black;\"><span style=\"font-family: Book Antiqua, serif;\"><span style=\"font-size: x-large;\"><b>do<br \/>\nczyta\u0144 z t. VI Lekcjonarza:  1 J 1,1\u20134;  J 20,2\u20138<\/b><\/span><\/span><\/span><\/div>\n<div align=\"justify\" style=\"line-height: 150%; margin-bottom: 0cm;\">\n<span style=\"font-size: x-large;\"><\/p>\n<p><\/span><\/div>\n<div align=\"justify\" style=\"line-height: 150%; margin-bottom: 0cm;\">\n<span style=\"font-size: x-large;\"><span style=\"color: black;\"><span style=\"font-family: Book Antiqua, serif;\"><b><span style=\"font-variant: normal;\"><span style=\"letter-spacing: normal;\"><span style=\"font-style: normal;\">POCZ\u0104TEK<br \/>\nPIERWSZEGO LISTU \u015aW<\/span><\/span><\/span><span style=\"font-variant: normal;\"><span style=\"letter-spacing: normal;\"><span style=\"font-style: normal;\">I\u0118TEGO<\/span><\/span><\/span><span style=\"font-variant: normal;\"><span style=\"letter-spacing: normal;\"><span style=\"font-style: normal;\"><br \/>\nJANA APOSTO\u0141A: <\/span><\/span><\/span><\/b><\/span><\/span><br \/>\n<\/span><\/div>\n<div align=\"justify\" style=\"background: transparent; font-style: normal; font-variant: normal; letter-spacing: normal; line-height: 150%; margin-bottom: 0cm; page-break-before: auto; text-indent: 1.3cm;\">\n<span style=\"color: black;\"><span style=\"font-family: Book Antiqua, serif;\"><span style=\"font-size: x-large;\"><b>Umi\u0142owani:<br \/>\nTo wam oznajmiamy, co by\u0142o od pocz\u0105tku, co\u015bmy us\u0142yszeli o S\u0142owie<br \/>\n\u017cycia, co ujrzeli\u015bmy w\u0142asnymi oczami, na co patrzyli\u015bmy i czego<br \/>\ndotyka\u0142y nasze r\u0119ce, bo \u017cycie objawi\u0142o si\u0119. My\u015bmy je widzieli,<br \/>\no nim \u015bwiadczymy i g\u0142osimy wam \u017cycie wieczne, kt\u00f3re by\u0142o w Ojcu,<br \/>\na nam zosta\u0142o objawione, oznajmiamy wam, co\u015bmy ujrzeli i s\u0142yszeli,<br \/>\naby\u015bcie i wy mieli \u0142\u0105czno\u015b\u0107 z nami. A mie\u0107 z nami \u0142\u0105czno\u015b\u0107<br \/>\nznaczy: mie\u0107 j\u0105 z Ojcem i z Jego Synem Jezusem Chrystusem. Piszemy<br \/>\nto w tym celu, aby nasza rado\u015b\u0107 by\u0142a pe\u0142na.<\/b><\/span><\/span><\/span><\/div>\n<div align=\"justify\" style=\"font-style: normal; font-variant: normal; letter-spacing: normal; line-height: 150%; margin-bottom: 0cm;\">\n<span style=\"font-size: x-large;\"><\/p>\n<p><\/span><\/div>\n<div align=\"justify\" style=\"line-height: 150%; margin-bottom: 0cm;\">\n<span style=\"color: black;\"><span style=\"font-family: Book Antiqua, serif;\"><span style=\"font-size: x-large;\"><b><span style=\"font-variant: normal;\"><span style=\"letter-spacing: normal;\"><span style=\"font-style: normal;\">S\u0141OWA<br \/>\nEWANGELII WED\u0141UG \u015aW<\/span><\/span><\/span><span style=\"font-variant: normal;\"><span style=\"letter-spacing: normal;\"><span style=\"font-style: normal;\">I\u0118TEGO<\/span><\/span><\/span><span style=\"font-variant: normal;\"><span style=\"letter-spacing: normal;\"><span style=\"font-style: normal;\"><br \/>\nJANA:<\/span><\/span><\/span><\/b><\/span><\/span><\/span><\/div>\n<div align=\"justify\" style=\"background: transparent; font-style: normal; font-variant: normal; letter-spacing: normal; line-height: 150%; margin-bottom: 0cm; page-break-before: auto; text-indent: 1.3cm;\">\n<span style=\"font-size: x-large;\"><span style=\"color: black;\"><span style=\"font-family: Book Antiqua, serif;\"><b>Pierwszego<br \/>\ndnia po szabacie Maria Magdalena pobieg\u0142a i przyby\u0142a do Szymona<br \/>\nPiotra i do drugiego ucznia, kt\u00f3rego Jezus kocha\u0142, i rzek\u0142a do<br \/>\nnich: \u201eZabrano Pana z grobu i nie wiemy, gdzie Go po\u0142o\u017cono\u201d. <\/b><\/span><\/span><br \/>\n<\/span><\/div>\n<div align=\"justify\" style=\"background: transparent; font-style: normal; font-variant: normal; letter-spacing: normal; line-height: 150%; margin-bottom: 0cm; text-indent: 1.3cm;\">\n<span style=\"font-size: x-large;\"><span style=\"color: black;\"><span style=\"font-family: Book Antiqua, serif;\"><b>Wyszed\u0142<br \/>\nwi\u0119c Piotr i \u00f3w drugi ucze\u0144 i szli do grobu. Biegli oni obydwaj<br \/>\nrazem, lecz \u00f3w drugi ucze\u0144 wyprzedzi\u0142 Piotra i przyby\u0142 pierwszy<br \/>\ndo grobu. A kiedy si\u0119 nachyli\u0142, zobaczy\u0142 le\u017c\u0105ce p\u0142\u00f3tna,<br \/>\njednak\u017ce nie wszed\u0142 do \u015brodka. Nadszed\u0142 potem tak\u017ce Szymon<br \/>\nPiotr, id\u0105cy za nim. Wszed\u0142 on do wn\u0119trza grobu i ujrza\u0142 le\u017c\u0105ce<br \/>\np\u0142\u00f3tna oraz chust\u0119, kt\u00f3ra by\u0142a na Jego g\u0142owie, le\u017c\u0105c\u0105 nie<br \/>\nrazem z p\u0142\u00f3tnami, ale oddzielnie zwini\u0119t\u0105 na jednym miejscu. <\/b><\/span><\/span><br \/>\n<\/span><\/div>\n<div align=\"justify\" style=\"background: transparent; font-style: normal; font-variant: normal; letter-spacing: normal; line-height: 150%; margin-bottom: 0cm; text-indent: 1.3cm;\">\n<span style=\"color: black;\"><span style=\"font-family: Book Antiqua, serif;\"><span style=\"font-size: x-large;\"><b>Wtedy<br \/>\nwszed\u0142 do wn\u0119trza tak\u017ce i \u00f3w drugi ucze\u0144, kt\u00f3ry przyby\u0142<br \/>\npierwszy do grobu. Ujrza\u0142 i uwierzy\u0142.<\/b><\/span><\/span><\/span><\/div>\n<div align=\"justify\" style=\"font-style: normal; font-variant: normal; letter-spacing: normal; line-height: 150%; margin-bottom: 0cm;\">\n<span style=\"font-size: x-large;\"><\/p>\n<p><\/span><\/div>\n<div align=\"justify\" style=\"background: transparent; font-style: normal; font-variant: normal; font-weight: normal; letter-spacing: normal; line-height: 150%; margin-bottom: 0cm; page-break-before: auto; text-indent: 1.3cm;\">\n<span style=\"font-size: x-large;\"><span style=\"color: black;\"><span style=\"font-family: Book Antiqua, serif;\">W<br \/>\nobu dzisiejszych czytaniach mocno zwraca nasz\u0105 uwag\u0119 aspekt<br \/>\n<b>osobistego do\u015bwiadczenia <\/b>pewnej prawdy, pewnej<br \/>\nrzeczywisto\u015bci. Szczeg\u00f3lnie w pierwszym czytaniu, znacz\u0105co<br \/>\nwybrzmiewa to zdanie: <i><b>To wam oznajmiamy, co by\u0142o od pocz\u0105tku,<br \/>\nco\u015bmy us\u0142yszeli o S\u0142owie \u017cycia, co ujrzeli\u015bmy w\u0142asnymi oczami,<br \/>\nna co patrzyli\u015bmy i czego dotyka\u0142y nasze r\u0119ce, bo \u017cycie objawi\u0142o<br \/>\nsi\u0119.<\/b><\/i> Kilkukrotnie podkre\u015blony zosta\u0142o to osobiste<br \/>\ndo\u015bwiadczenie: co\u015bmy us\u0142yszeli; <i><b>co u<\/b><\/i><i><b>j<\/b><\/i><i><b>rzeli\u015bmy;<br \/>\nna co patrzyli\u015bmy; <\/b><\/i><i><b>czego<\/b><\/i><i><b> dotyka\u0142y nasze<br \/>\nr\u0119ce\u2026<\/b><\/i> <\/span><\/span><br \/>\n<\/span><\/div>\n<div align=\"justify\" style=\"background: transparent; font-style: normal; font-variant: normal; font-weight: normal; letter-spacing: normal; line-height: 150%; margin-bottom: 0cm; text-indent: 1.3cm;\">\n<span style=\"font-size: x-large;\"><span style=\"color: black;\"><span style=\"font-family: Book Antiqua, serif;\">I<br \/>\njeszcze w nast\u0119pnym zdaniu ponownie padaj\u0105 s\u0142owa: <i><b>My\u015bmy je<br \/>\nwidzieli\u2026,<\/b><\/i> ale zaraz przechodz\u0105 one w s\u0142owa, m\u00f3wi\u0105ce o<br \/>\n\u015bwiadectwie, dawanym o tym, co si\u0119 zobaczy\u0142o i czego si\u0119<br \/>\ndo\u015bwiadczy\u0142o. S\u0142yszymy: <i><b>My\u015bmy je widzieli, o nim \u015bwiadczymy<br \/>\ni g\u0142osimy wam \u017cycie wieczne;<\/b><\/i><b> <\/b>a jeszcze dalej:<br \/>\n<i><b>O<\/b><\/i><i><b>znajmiamy wam, co\u015bmy ujrzeli i s\u0142yszeli,<br \/>\naby\u015bcie i wy mieli \u0142\u0105czno\u015b\u0107 z nami.<\/b><\/i><i> <\/i><\/span><\/span><br \/>\n<\/span><\/div>\n<div align=\"justify\" style=\"background: transparent; font-style: normal; font-variant: normal; font-weight: normal; letter-spacing: normal; line-height: 150%; margin-bottom: 0cm; text-indent: 1.3cm;\">\n<span style=\"font-size: x-large;\"><span style=\"color: black;\"><span style=\"font-family: Book Antiqua, serif;\">W<br \/>\nEwangelii natomiast, ten\u017ce sam \u015awi\u0119ty Jan, kt\u00f3ry zwraca si\u0119 do<br \/>\nnas w pierwszym czytaniu \u2013 wszystko to, o czym w pierwszym czytaniu<br \/>\nm\u00f3wi nieco szerzej, streszcza w dw\u00f3ch s\u0142owach: <i><b>Ujrza\u0142 i<br \/>\nuwierzy\u0142. <\/b><\/i>Wiemy, \u017ce cho\u0107 w trzeciej osobie, to jednak m\u00f3wi<br \/>\ntu o swoim osobistym do\u015bwiadczeniu. <\/span><\/span><br \/>\n<\/span><\/div>\n<div align=\"justify\" style=\"background: transparent; font-style: normal; font-variant: normal; font-weight: normal; letter-spacing: normal; line-height: 150%; margin-bottom: 0cm; text-indent: 1.3cm;\">\n<span style=\"font-size: x-large;\"><span style=\"color: black;\"><span style=\"font-family: Book Antiqua, serif;\">Tak<br \/>\nwi\u0119c, w naszym aposto\u0142owaniu \u2013 ale w og\u00f3le: w kszta\u0142towaniu si\u0119<br \/>\nca\u0142ej naszej chrze\u015bcija\u0144skiej postawy \u2013 ogromne znaczenie ma<br \/>\nnasze <b>osobiste do\u015bwiadczenie rzeczywisto\u015bci niebieskiej,<\/b> a<br \/>\nwi\u0119c to, czy my j\u0105 zobaczyli\u015bmy, czy j\u0105 us\u0142yszeli\u015bmy, czy j\u0105<br \/>\ndotkn\u0119li\u015bmy, czy j\u0105 \u2013 we w\u0142a\u015bciwym tego s\u0142owa rozumieniu \u2013<br \/>\nodczuli\u015bmy\u2026 Mo\u017ce bowiem dlatego nasza <b>chrze\u015bcija\u0144ska postawa<br \/>\njest taka senna i niemrawa,<\/b> i coraz cz\u0119\u015bciej s\u0142yszy si\u0119 i<br \/>\nm\u00f3wi o <b>\u201eKo\u015bciele w defensywie\u201d;<\/b> o Ko\u015bciele, kt\u00f3ry<br \/>\nprzeprasza, \u017ce \u017cyje; o Ko\u015bciele, kt\u00f3ry si\u0119 ci\u0105gle wycofuje i za<br \/>\nco\u015b przeprasza \u2013 mo\u017ce w\u0142a\u015bnie dlatego tak si\u0119 dzieje, \u017ce my,<br \/>\nkatolicy; my, uczniowie i przyjaciele Jezusa, <b>nie widzimy, nie<br \/>\ns\u0142yszymy, nie dotykamy,<\/b> nie odczuwamy tego wszystkiego, z czym<br \/>\nOn sam, Jezus, do nas wychodzi. <\/span><\/span><br \/>\n<\/span><\/div>\n<div align=\"justify\" style=\"background: transparent; font-style: normal; font-variant: normal; font-weight: normal; letter-spacing: normal; line-height: 150%; margin-bottom: 0cm; text-indent: 1.3cm;\">\n<span style=\"font-size: x-large;\"><span style=\"color: black;\"><span style=\"font-family: Book Antiqua, serif;\">My<br \/>\nchodzimy do ko\u015bcio\u0142a, my \u015bwi\u0119tujemy Bo\u017ce Narodzenie, my<br \/>\nodmawiamy pacierz, my si\u0119 spowiadamy, ale te wszystkie wielkie<br \/>\nsprawy jako\u015b nas <b>nie poruszaj\u0105, nie dotykaj\u0105, dziej\u0105 si\u0119<br \/>\njakby obok nas.<\/b> My na nie patrzymy, ale ich <b>nie widzimy;<\/b><br \/>\nmy ich s\u0142uchamy, ale ich <b>nie s\u0142yszymy;<\/b> my je mamy w r\u0119ku, a<br \/>\njakby\u015bmy <b>w og\u00f3le nie czuli,<\/b> \u017ce je mamy\u2026 Wielkie sprawy,<br \/>\njakie naprawd\u0119 dokonuj\u0105 si\u0119 wok\u00f3\u0142 nas \u2013 <b>nie dokonuj\u0105 si\u0119<br \/>\nw nas!<\/b> <\/span><\/span><br \/>\n<\/span><\/div>\n<div align=\"justify\" style=\"background: transparent; font-style: normal; font-variant: normal; font-weight: normal; letter-spacing: normal; line-height: 150%; margin-bottom: 0cm; text-indent: 1.3cm;\">\n<span style=\"font-size: x-large;\"><span style=\"color: black;\"><span style=\"font-family: Book Antiqua, serif;\">I<br \/>\nmo\u017ce w\u0142a\u015bnie dlatego \u2013 skoro si\u0119 samemu osobi\u015bcie, wewn\u0119trznie<br \/>\nnie do\u015bwiadczy\u0142o \u2013 <b>jak o tym \u015bwiadczy\u0107 na zewn\u0105trz?<\/b> Z<br \/>\nczym i\u015b\u0107 do ludzi? Nie na darmo Ko\u015bci\u00f3\u0142 od wiek\u00f3w uczy swoich<br \/>\nkap\u0142an\u00f3w i wszystkich, kt\u00f3rych posy\u0142a do g\u0142oszenia Bo\u017cego<br \/>\ns\u0142owa, \u017ce <b>contemplata aliis tradere,<\/b> czyli: przekazuj innym<br \/>\n<b>to, co sam przemy\u015bla\u0142e\u015b,<\/b> przekontemplowa\u0142e\u015b; wewn\u0119trznie,<br \/>\nduchowo przetworzy\u0142e\u015b; w jaki\u015b osobisty spos\u00f3b do\u015bwiadczy\u0142e\u015b\u2026<br \/>\n<\/span><\/span><br \/>\n<\/span><\/div>\n<div align=\"justify\" style=\"background: transparent; font-style: normal; font-variant: normal; font-weight: normal; letter-spacing: normal; line-height: 150%; margin-bottom: 0cm; text-indent: 1.3cm;\">\n<span style=\"font-size: x-large;\"><span style=\"color: black;\"><span style=\"font-family: Book Antiqua, serif;\">Je\u017celi<br \/>\nkaznodzieja, katecheta, g\u0142osiciel S\u0142owa sam nie prze\u017cy\u0142 tego<br \/>\nS\u0142owa, a nawet powiedzmy to mocniej: je\u017celi <b>nie spotka\u0142 Jezusa<br \/>\nw tym\u017ce S\u0142owie,<\/b> to nie ma z czym wychodzi\u0107 do ludzi, bo b\u0119dzie<br \/>\ntylko wypowiada\u0142 puste s\u0142owa. Nawet mo\u017ce i pi\u0119kne, i w\u0142a\u015bciwie<br \/>\ndobrane, i artystycznie na wysokim poziomie \u2013 <b>ale puste.<\/b> Nie<br \/>\npoci\u0105gaj\u0105ce,<b> nie poruszaj\u0105ce nikogo.<\/b> Bo on sam tego nie<br \/>\nprze\u017cy\u0142. <\/span><\/span><br \/>\n<\/span><\/div>\n<div align=\"justify\" style=\"background: transparent; font-style: normal; font-variant: normal; font-weight: normal; letter-spacing: normal; line-height: 150%; margin-bottom: 0cm; text-indent: 1.3cm;\">\n<span style=\"font-size: x-large;\"><span style=\"color: black;\"><span style=\"font-family: Book Antiqua, serif;\">Jednak\u017ce,<br \/>\nta zasada nie tylko g\u0142osicieli S\u0142owa dotyczy \u2013 dotyczy tak\u017ce<br \/>\n<b>ka\u017cdej i ka\u017cdego z nas: <\/b>nasze m\u00f3wienie o tych<br \/>\nnajwa\u017cniejszych sprawach b\u0119dzie pi\u0119knym \u015bwiadectwem wobec innych,<br \/>\nje\u017celi <b>sami tym b\u0119dziemy \u017cyli.<\/b> Ale najpierw \u2013 sami<br \/>\n<b>zobaczymy, us\u0142yszymy, dotkniemy, odczujemy\u2026<\/b> <\/span><\/span><br \/>\n<\/span><\/div>\n<div align=\"justify\" style=\"background: transparent; font-style: normal; font-variant: normal; font-weight: normal; letter-spacing: normal; line-height: 150%; margin-bottom: 0cm; text-indent: 1.3cm;\">\n<span style=\"color: black;\"><span style=\"font-family: Book Antiqua, serif;\"><span style=\"font-size: x-large;\">Jak<br \/>\nbardzo musimy, moi Drodzy, wyt\u0119\u017ca\u0107 sw\u00f3j wzrok i s\u0142uch, jak<br \/>\nbardzo musimy skupia\u0107 ca\u0142\u0105 swoj\u0105 uwag\u0119 i uwra\u017cliwia\u0107 serca,<br \/>\naby to, co Jezus m\u00f3wi do nas w trakcie modlitwy i w czasie<br \/>\nsprawowania liturgii Ko\u015bcio\u0142a, a tak\u017ce poprzez s\u0142owa Pisma<br \/>\n\u015awi\u0119tego \u2013 nie by\u0142o tylko jakim\u015b zewn\u0119trznym doznaniem,<br \/>\nzewn\u0119trznym d\u017awi\u0119kiem, kt\u00f3ry <b>\u201ejednym uchem wpadnie, a drugim<br \/>\nwypadnie\u201d,<\/b> tylko prawdziwie poruszaj\u0105cym do\u015bwiadczeniem<br \/>\nspotkania z Jezusem. Jak to zrobi\u0107?\u2026 Co dzisiaj zrobi\u0119, aby<br \/>\nsamemu <b>do\u015bwiadczy\u0107 \u2013 by potem za\u015bwiadczy\u0107?\u2026<\/b><\/span><\/span><\/span><\/div>\n","protected":false},"excerpt":{"rendered":"<p>Szcz\u0119\u015b\u0107 Bo\u017ce! Moi Drodzy, w dniu dzisiejszym imieniny prze\u017cywa Ksi\u0105dz Kanonik Jan Grochowski, Proboszcz Parafii w Tr\u0105bkach, a tak w og\u00f3le \u2013 to m\u00f3j pierwszy Proboszcz. Dzi\u0119kuj\u0105c Ksi\u0119dzu Kanonikowi za bezmiar \u017cyczliwo\u015bci i pomocy, kt\u00f3re przez lata mi okazywa\u0142 i ci\u0105gle okazuje, \u017cycz\u0119 si\u0142y i mocy ducha do pokonywania codziennych trudno\u015bci i budowania kr\u00f3lestwa Bo\u017cego [&hellip;]<\/p>\n","protected":false},"author":1,"featured_media":0,"comment_status":"open","ping_status":"open","sticky":false,"template":"","format":"standard","meta":{"jetpack_post_was_ever_published":false,"_jetpack_newsletter_access":"","_jetpack_dont_email_post_to_subs":false,"_jetpack_newsletter_tier_id":0,"_jetpack_memberships_contains_paywalled_content":false,"_jetpack_memberships_contains_paid_content":false,"footnotes":""},"categories":[1],"tags":[],"class_list":["post-14741","post","type-post","status-publish","format-standard","hentry","category-bez-kategorii"],"yoast_head":"<!-- This site is optimized with the Yoast SEO plugin v25.1 - https:\/\/yoast.com\/wordpress\/plugins\/seo\/ -->\n<title>Do\u015bwiadczy\u0107 - by za\u015bwiadczy\u0107! - Gaudium Et Spes<\/title>\n<meta name=\"robots\" content=\"index, follow, max-snippet:-1, max-image-preview:large, max-video-preview:-1\" \/>\n<link rel=\"canonical\" href=\"https:\/\/gaudiumetspes-blog.pl\/index.php\/2018\/12\/27\/doswiadczyc-by-zaswiadczyc\/\" \/>\n<meta property=\"og:locale\" content=\"pl_PL\" \/>\n<meta property=\"og:type\" content=\"article\" \/>\n<meta property=\"og:title\" content=\"Do\u015bwiadczy\u0107 - by za\u015bwiadczy\u0107! - Gaudium Et Spes\" \/>\n<meta property=\"og:description\" content=\"Szcz\u0119\u015b\u0107 Bo\u017ce! Moi Drodzy, w dniu dzisiejszym imieniny prze\u017cywa Ksi\u0105dz Kanonik Jan Grochowski, Proboszcz Parafii w Tr\u0105bkach, a tak w og\u00f3le \u2013 to m\u00f3j pierwszy Proboszcz. Dzi\u0119kuj\u0105c Ksi\u0119dzu Kanonikowi za bezmiar \u017cyczliwo\u015bci i pomocy, kt\u00f3re przez lata mi okazywa\u0142 i ci\u0105gle okazuje, \u017cycz\u0119 si\u0142y i mocy ducha do pokonywania codziennych trudno\u015bci i budowania kr\u00f3lestwa Bo\u017cego [&hellip;]\" \/>\n<meta property=\"og:url\" content=\"https:\/\/gaudiumetspes-blog.pl\/index.php\/2018\/12\/27\/doswiadczyc-by-zaswiadczyc\/\" \/>\n<meta property=\"og:site_name\" content=\"Gaudium Et Spes\" \/>\n<meta property=\"article:published_time\" content=\"2018-12-27T04:58:00+00:00\" \/>\n<meta property=\"article:modified_time\" content=\"2019-07-31T10:58:03+00:00\" \/>\n<meta name=\"author\" content=\"Ks. Jacek\" \/>\n<meta name=\"twitter:card\" content=\"summary_large_image\" \/>\n<meta name=\"twitter:label1\" content=\"Napisane przez\" \/>\n\t<meta name=\"twitter:data1\" content=\"Ks. Jacek\" \/>\n\t<meta name=\"twitter:label2\" content=\"Szacowany czas czytania\" \/>\n\t<meta name=\"twitter:data2\" content=\"6 minut\" \/>\n<script type=\"application\/ld+json\" class=\"yoast-schema-graph\">{\"@context\":\"https:\/\/schema.org\",\"@graph\":[{\"@type\":\"WebPage\",\"@id\":\"https:\/\/gaudiumetspes-blog.pl\/index.php\/2018\/12\/27\/doswiadczyc-by-zaswiadczyc\/\",\"url\":\"https:\/\/gaudiumetspes-blog.pl\/index.php\/2018\/12\/27\/doswiadczyc-by-zaswiadczyc\/\",\"name\":\"Do\u015bwiadczy\u0107 - by za\u015bwiadczy\u0107! - Gaudium Et Spes\",\"isPartOf\":{\"@id\":\"https:\/\/gaudiumetspes-blog.pl\/#website\"},\"datePublished\":\"2018-12-27T04:58:00+00:00\",\"dateModified\":\"2019-07-31T10:58:03+00:00\",\"author\":{\"@id\":\"https:\/\/gaudiumetspes-blog.pl\/#\/schema\/person\/1661982992b752dea8dff0d4ed845a65\"},\"breadcrumb\":{\"@id\":\"https:\/\/gaudiumetspes-blog.pl\/index.php\/2018\/12\/27\/doswiadczyc-by-zaswiadczyc\/#breadcrumb\"},\"inLanguage\":\"pl-PL\",\"potentialAction\":[{\"@type\":\"ReadAction\",\"target\":[\"https:\/\/gaudiumetspes-blog.pl\/index.php\/2018\/12\/27\/doswiadczyc-by-zaswiadczyc\/\"]}]},{\"@type\":\"BreadcrumbList\",\"@id\":\"https:\/\/gaudiumetspes-blog.pl\/index.php\/2018\/12\/27\/doswiadczyc-by-zaswiadczyc\/#breadcrumb\",\"itemListElement\":[{\"@type\":\"ListItem\",\"position\":1,\"name\":\"Strona g\u0142\u00f3wna\",\"item\":\"https:\/\/gaudiumetspes-blog.pl\/\"},{\"@type\":\"ListItem\",\"position\":2,\"name\":\"Do\u015bwiadczy\u0107 &#8211; by&nbsp;za\u015bwiadczy\u0107!\"}]},{\"@type\":\"WebSite\",\"@id\":\"https:\/\/gaudiumetspes-blog.pl\/#website\",\"url\":\"https:\/\/gaudiumetspes-blog.pl\/\",\"name\":\"Gaudium Et Spes\",\"description\":\"Blog Ks. Jacka Ja\u015bkowskiego\",\"potentialAction\":[{\"@type\":\"SearchAction\",\"target\":{\"@type\":\"EntryPoint\",\"urlTemplate\":\"https:\/\/gaudiumetspes-blog.pl\/?s={search_term_string}\"},\"query-input\":{\"@type\":\"PropertyValueSpecification\",\"valueRequired\":true,\"valueName\":\"search_term_string\"}}],\"inLanguage\":\"pl-PL\"},{\"@type\":\"Person\",\"@id\":\"https:\/\/gaudiumetspes-blog.pl\/#\/schema\/person\/1661982992b752dea8dff0d4ed845a65\",\"name\":\"Ks. Jacek\",\"image\":{\"@type\":\"ImageObject\",\"inLanguage\":\"pl-PL\",\"@id\":\"https:\/\/gaudiumetspes-blog.pl\/#\/schema\/person\/image\/\",\"url\":\"https:\/\/gaudiumetspes-blog.pl\/wp-content\/uploads\/2019\/07\/avatar-JJ-150x150.jpg\",\"contentUrl\":\"https:\/\/gaudiumetspes-blog.pl\/wp-content\/uploads\/2019\/07\/avatar-JJ-150x150.jpg\",\"caption\":\"Ks. Jacek\"},\"description\":\"Witam serdecznie! K\u0142ania si\u0119 Ks. Jacek Ja\u015bkowski. Nie jestem ani kim\u015b wa\u017cnym, ani kim\u015b znanym. Jestem ksi\u0119dzem, kt\u00f3ry po prostu chce rozmawia\u0107. Codzienna kap\u0142a\u0144ska pos\u0142uga pokazuje mi, \u017ce temat\u00f3w do rozm\u00f3w z ksi\u0119dzem jest coraz wi\u0119cej i dzisiaj \u017caden ksi\u0105dz nie mo\u017ce od nich ucieka\u0107, ale - wprost przeciwnie - podejmowa\u0107 nowe wyzwania. To przekonanie sk\u0142oni\u0142o mnie do pr\u00f3by otwarcia tego\u017c bloga, chocia\u017c okazji do rozm\u00f3w na co dzie\u0144 - w konfesjonale i poza nim - na szcz\u0119\u015bcie nie brakuje. My\u015bl\u0119 jednak, \u017ce ten blog b\u0119dzie jeszcze jednym sposobem i przestrzeni\u0105 nawi\u0105zania kontaktu z lud\u017ami dobrej woli, otwartymi na dialog.\",\"url\":\"https:\/\/gaudiumetspes-blog.pl\/index.php\/author\/ks-jacek\/\"}]}<\/script>\n<!-- \/ Yoast SEO plugin. -->","yoast_head_json":{"title":"Do\u015bwiadczy\u0107 - by za\u015bwiadczy\u0107! - Gaudium Et Spes","robots":{"index":"index","follow":"follow","max-snippet":"max-snippet:-1","max-image-preview":"max-image-preview:large","max-video-preview":"max-video-preview:-1"},"canonical":"https:\/\/gaudiumetspes-blog.pl\/index.php\/2018\/12\/27\/doswiadczyc-by-zaswiadczyc\/","og_locale":"pl_PL","og_type":"article","og_title":"Do\u015bwiadczy\u0107 - by za\u015bwiadczy\u0107! - Gaudium Et Spes","og_description":"Szcz\u0119\u015b\u0107 Bo\u017ce! Moi Drodzy, w dniu dzisiejszym imieniny prze\u017cywa Ksi\u0105dz Kanonik Jan Grochowski, Proboszcz Parafii w Tr\u0105bkach, a tak w og\u00f3le \u2013 to m\u00f3j pierwszy Proboszcz. Dzi\u0119kuj\u0105c Ksi\u0119dzu Kanonikowi za bezmiar \u017cyczliwo\u015bci i pomocy, kt\u00f3re przez lata mi okazywa\u0142 i ci\u0105gle okazuje, \u017cycz\u0119 si\u0142y i mocy ducha do pokonywania codziennych trudno\u015bci i budowania kr\u00f3lestwa Bo\u017cego [&hellip;]","og_url":"https:\/\/gaudiumetspes-blog.pl\/index.php\/2018\/12\/27\/doswiadczyc-by-zaswiadczyc\/","og_site_name":"Gaudium Et Spes","article_published_time":"2018-12-27T04:58:00+00:00","article_modified_time":"2019-07-31T10:58:03+00:00","author":"Ks. Jacek","twitter_card":"summary_large_image","twitter_misc":{"Napisane przez":"Ks. Jacek","Szacowany czas czytania":"6 minut"},"schema":{"@context":"https:\/\/schema.org","@graph":[{"@type":"WebPage","@id":"https:\/\/gaudiumetspes-blog.pl\/index.php\/2018\/12\/27\/doswiadczyc-by-zaswiadczyc\/","url":"https:\/\/gaudiumetspes-blog.pl\/index.php\/2018\/12\/27\/doswiadczyc-by-zaswiadczyc\/","name":"Do\u015bwiadczy\u0107 - by za\u015bwiadczy\u0107! - Gaudium Et Spes","isPartOf":{"@id":"https:\/\/gaudiumetspes-blog.pl\/#website"},"datePublished":"2018-12-27T04:58:00+00:00","dateModified":"2019-07-31T10:58:03+00:00","author":{"@id":"https:\/\/gaudiumetspes-blog.pl\/#\/schema\/person\/1661982992b752dea8dff0d4ed845a65"},"breadcrumb":{"@id":"https:\/\/gaudiumetspes-blog.pl\/index.php\/2018\/12\/27\/doswiadczyc-by-zaswiadczyc\/#breadcrumb"},"inLanguage":"pl-PL","potentialAction":[{"@type":"ReadAction","target":["https:\/\/gaudiumetspes-blog.pl\/index.php\/2018\/12\/27\/doswiadczyc-by-zaswiadczyc\/"]}]},{"@type":"BreadcrumbList","@id":"https:\/\/gaudiumetspes-blog.pl\/index.php\/2018\/12\/27\/doswiadczyc-by-zaswiadczyc\/#breadcrumb","itemListElement":[{"@type":"ListItem","position":1,"name":"Strona g\u0142\u00f3wna","item":"https:\/\/gaudiumetspes-blog.pl\/"},{"@type":"ListItem","position":2,"name":"Do\u015bwiadczy\u0107 &#8211; by&nbsp;za\u015bwiadczy\u0107!"}]},{"@type":"WebSite","@id":"https:\/\/gaudiumetspes-blog.pl\/#website","url":"https:\/\/gaudiumetspes-blog.pl\/","name":"Gaudium Et Spes","description":"Blog Ks. Jacka Ja\u015bkowskiego","potentialAction":[{"@type":"SearchAction","target":{"@type":"EntryPoint","urlTemplate":"https:\/\/gaudiumetspes-blog.pl\/?s={search_term_string}"},"query-input":{"@type":"PropertyValueSpecification","valueRequired":true,"valueName":"search_term_string"}}],"inLanguage":"pl-PL"},{"@type":"Person","@id":"https:\/\/gaudiumetspes-blog.pl\/#\/schema\/person\/1661982992b752dea8dff0d4ed845a65","name":"Ks. Jacek","image":{"@type":"ImageObject","inLanguage":"pl-PL","@id":"https:\/\/gaudiumetspes-blog.pl\/#\/schema\/person\/image\/","url":"https:\/\/gaudiumetspes-blog.pl\/wp-content\/uploads\/2019\/07\/avatar-JJ-150x150.jpg","contentUrl":"https:\/\/gaudiumetspes-blog.pl\/wp-content\/uploads\/2019\/07\/avatar-JJ-150x150.jpg","caption":"Ks. Jacek"},"description":"Witam serdecznie! K\u0142ania si\u0119 Ks. Jacek Ja\u015bkowski. Nie jestem ani kim\u015b wa\u017cnym, ani kim\u015b znanym. Jestem ksi\u0119dzem, kt\u00f3ry po prostu chce rozmawia\u0107. Codzienna kap\u0142a\u0144ska pos\u0142uga pokazuje mi, \u017ce temat\u00f3w do rozm\u00f3w z ksi\u0119dzem jest coraz wi\u0119cej i dzisiaj \u017caden ksi\u0105dz nie mo\u017ce od nich ucieka\u0107, ale - wprost przeciwnie - podejmowa\u0107 nowe wyzwania. To przekonanie sk\u0142oni\u0142o mnie do pr\u00f3by otwarcia tego\u017c bloga, chocia\u017c okazji do rozm\u00f3w na co dzie\u0144 - w konfesjonale i poza nim - na szcz\u0119\u015bcie nie brakuje. My\u015bl\u0119 jednak, \u017ce ten blog b\u0119dzie jeszcze jednym sposobem i przestrzeni\u0105 nawi\u0105zania kontaktu z lud\u017ami dobrej woli, otwartymi na dialog.","url":"https:\/\/gaudiumetspes-blog.pl\/index.php\/author\/ks-jacek\/"}]}},"jetpack_featured_media_url":"","jetpack_sharing_enabled":true,"_links":{"self":[{"href":"https:\/\/gaudiumetspes-blog.pl\/index.php\/wp-json\/wp\/v2\/posts\/14741","targetHints":{"allow":["GET"]}}],"collection":[{"href":"https:\/\/gaudiumetspes-blog.pl\/index.php\/wp-json\/wp\/v2\/posts"}],"about":[{"href":"https:\/\/gaudiumetspes-blog.pl\/index.php\/wp-json\/wp\/v2\/types\/post"}],"author":[{"embeddable":true,"href":"https:\/\/gaudiumetspes-blog.pl\/index.php\/wp-json\/wp\/v2\/users\/1"}],"replies":[{"embeddable":true,"href":"https:\/\/gaudiumetspes-blog.pl\/index.php\/wp-json\/wp\/v2\/comments?post=14741"}],"version-history":[{"count":1,"href":"https:\/\/gaudiumetspes-blog.pl\/index.php\/wp-json\/wp\/v2\/posts\/14741\/revisions"}],"predecessor-version":[{"id":14798,"href":"https:\/\/gaudiumetspes-blog.pl\/index.php\/wp-json\/wp\/v2\/posts\/14741\/revisions\/14798"}],"wp:attachment":[{"href":"https:\/\/gaudiumetspes-blog.pl\/index.php\/wp-json\/wp\/v2\/media?parent=14741"}],"wp:term":[{"taxonomy":"category","embeddable":true,"href":"https:\/\/gaudiumetspes-blog.pl\/index.php\/wp-json\/wp\/v2\/categories?post=14741"},{"taxonomy":"post_tag","embeddable":true,"href":"https:\/\/gaudiumetspes-blog.pl\/index.php\/wp-json\/wp\/v2\/tags?post=14741"}],"curies":[{"name":"wp","href":"https:\/\/api.w.org\/{rel}","templated":true}]}}