{"id":14746,"date":"2018-12-22T05:28:00","date_gmt":"2018-12-22T04:28:00","guid":{"rendered":"https:\/\/gaudiumetspes-blog.pl\/index.php\/2018\/12\/22\/wejrza-na-unizenie-swojej-suzebnicy\/"},"modified":"2019-07-31T12:58:03","modified_gmt":"2019-07-31T10:58:03","slug":"wejrza-na-unizenie-swojej-suzebnicy","status":"publish","type":"post","link":"https:\/\/gaudiumetspes-blog.pl\/index.php\/2018\/12\/22\/wejrza-na-unizenie-swojej-suzebnicy\/","title":{"rendered":"Wejrza\u0142 na uni\u017cenie swojej S\u0142u\u017cebnicy!"},"content":{"rendered":"<p><\/p>\n<div align=\"justify\" style=\"font-weight: normal; line-height: 150%; margin-bottom: 0cm;\">\n<span style=\"color: black;\"><span style=\"font-family: Book Antiqua, serif;\"><span style=\"font-size: x-large;\">Szcz\u0119\u015b\u0107<br \/>\nBo\u017ce! Moi Drodzy, w naszej Parafii dzisiaj odbywaj\u0105 si\u0119 ostatnie<br \/>\nRoraty. I w og\u00f3le \u2013 Adwent si\u0119 ju\u017c dope\u0142nia. W naszym ko\u015bciele<br \/>\nwczoraj stan\u0119\u0142a szopka, ubrano tak\u017ce choinki, wdzi\u0119czny jestem za<br \/>\nto \u2013 mi\u0119dzy innymi \u2013 mojej M\u0142odzie\u017cy, w tym tak\u017ce moim<br \/>\nLektorom, w tym tak\u017ce: Jakubowi, kt\u00f3ry dzisiaj dzieli si\u0119 z nami<br \/>\nrefleksj\u0105 nad Bo\u017cym s\u0142owem. Jak w ka\u017cd\u0105 sobot\u0119. Dzi\u0119kuj\u0119 Mu<br \/>\nza to, \u017ce zawsze \u2013 nie tylko w tej sprawie \u2013 mog\u0119 na Niego<br \/>\nliczy\u0107.<\/span><\/span><\/span><\/div>\n<div align=\"justify\" style=\"font-weight: normal; line-height: 150%; margin-bottom: 0cm;\">\n<span style=\"color: black;\"><span style=\"font-family: Book Antiqua, serif;\"><span style=\"font-size: x-large;\">&nbsp; &nbsp; &nbsp; &nbsp; &nbsp;A ja dzisiaj &#8211; wraz z Ksi\u0119dzem Proboszczem &#8211; wyruszam do Chorych, kt\u00f3rych odwiedzimy z racji \u015awi\u0105t.<\/span><\/span><\/span><\/div>\n<div align=\"center\" style=\"font-weight: normal; line-height: 150%; margin-bottom: 0cm;\">\n<span style=\"color: black;\"><span style=\"font-family: Book Antiqua, serif;\"><span style=\"font-size: x-large;\">Gaudium<br \/>\net spes!  Ks. Jacek<\/span><\/span><\/span><\/div>\n<div align=\"justify\" style=\"line-height: 150%; margin-bottom: 0cm;\">\n<span style=\"font-size: x-large;\"><\/p>\n<p><\/span><\/div>\n<div align=\"justify\" style=\"line-height: 150%; margin-bottom: 0cm;\">\n<span style=\"color: black;\"><span style=\"font-family: Book Antiqua, serif;\"><span style=\"font-size: x-large;\"><b>22<br \/>\ngrudnia 2018.,<\/b><\/span><\/span><\/span><\/div>\n<div align=\"justify\" style=\"line-height: 150%; margin-bottom: 0cm;\">\n<span style=\"font-size: x-large;\"><span style=\"color: black;\"><span style=\"font-family: Book Antiqua, serif;\"><b>do<br \/>\nczyta\u0144:  <span style=\"font-variant: normal;\"><span style=\"letter-spacing: normal;\"><span style=\"font-style: normal;\">1<br \/>\nSm 1,24\u201328;<\/span><\/span><\/span>  <span style=\"font-variant: normal;\"><span style=\"letter-spacing: normal;\"><span style=\"font-style: normal;\">\u0141k<br \/>\n1,46\u201356<\/span><\/span><\/span> <\/b><\/span><\/span><br \/>\n<\/span><\/div>\n<div align=\"justify\" style=\"line-height: 150%; margin-bottom: 0cm;\">\n<span style=\"font-size: x-large;\"><\/p>\n<p><\/span><\/div>\n<div align=\"justify\" style=\"font-style: normal; font-variant: normal; letter-spacing: normal; line-height: 150%; margin-bottom: 0cm;\">\n<span style=\"color: black;\"><span style=\"font-family: Book Antiqua, serif;\"><span style=\"font-size: x-large;\"><b>CZYTANIE<br \/>\nZ PIERWSZEJ KSI\u0118GI SAMUELA:<\/b><\/span><\/span><\/span><\/div>\n<div align=\"justify\" style=\"background: transparent; font-style: normal; font-variant: normal; letter-spacing: normal; line-height: 150%; margin-bottom: 0cm; page-break-before: auto; text-indent: 1.3cm;\">\n<span style=\"color: black;\"><span style=\"font-family: Book Antiqua, serif;\"><span style=\"font-size: x-large;\"><b>Gdy<br \/>\nAnna odstawi\u0142a Samuela od piersi, wzi\u0119\u0142a go z sob\u0105 w drog\u0119,<br \/>\nzabieraj\u0105c r\u00f3wnie\u017c trzyletniego cielca, jedn\u0105 ef\u0119 m\u0105ki i buk\u0142ak<br \/>\nwina. Przyprowadzi\u0142a go do domu Pana, do Szilo. Ch\u0142opiec by\u0142<br \/>\njeszcze ma\u0142y.<\/b><\/span><\/span><\/span><\/div>\n<div align=\"justify\" style=\"background: transparent; font-style: normal; font-variant: normal; letter-spacing: normal; line-height: 150%; margin-bottom: 0cm; text-indent: 1.3cm;\">\n<span style=\"color: black;\"><span style=\"font-family: Book Antiqua, serif;\"><span style=\"font-size: x-large;\"><b>Zabili<br \/>\ncielca i poprowadzili ch\u0142opca przed Helego. Powiedzia\u0142a ona<br \/>\nw\u00f3wczas: \u201ePozw\u00f3l, panie m\u00f3j! Na twoje \u017cycie! To ja jestem ow\u0105<br \/>\nkobiet\u0105, kt\u00f3ra sta\u0142a tu przed tob\u0105 i modli\u0142a si\u0119 do Pana. O<br \/>\ntego ch\u0142opca si\u0119 modli\u0142am, i Pan spe\u0142ni\u0142 moj\u0105 pro\u015bb\u0119, kt\u00f3r\u0105<br \/>\ndo Niego zanosi\u0142am. Oto ja oddaj\u0119 go Panu. Na wszystkie dni, jak<br \/>\nd\u0142ugo b\u0119dzie \u017cy\u0142, zostaje oddany na w\u0142asno\u015b\u0107 Pana\u201d.<\/b><\/span><\/span><\/span><\/div>\n<div align=\"justify\" style=\"background: transparent; font-style: normal; font-variant: normal; letter-spacing: normal; line-height: 150%; margin-bottom: 0cm; text-indent: 1.3cm;\">\n<span style=\"color: black;\"><span style=\"font-family: Book Antiqua, serif;\"><span style=\"font-size: x-large;\"><b>I<br \/>\noddali tam pok\u0142on Panu.<\/b><\/span><\/span><\/span><\/div>\n<div align=\"justify\" style=\"line-height: 150%; margin-bottom: 0cm;\">\n<span style=\"font-size: x-large;\"><\/p>\n<p><\/span><\/div>\n<div align=\"justify\" style=\"font-style: normal; font-variant: normal; letter-spacing: normal; line-height: 150%; margin-bottom: 0cm;\">\n<span style=\"color: black;\"><span style=\"font-family: Book Antiqua, serif;\"><span style=\"font-size: x-large;\"><b>S\u0141OWA<br \/>\nEWANGELII WED\u0141UG \u015aWI\u0118TEGO \u0141UKASZA:<\/b><\/span><\/span><\/span><\/div>\n<div align=\"justify\" style=\"font-style: normal; font-variant: normal; letter-spacing: normal; line-height: 150%; margin-bottom: 0cm; page-break-before: auto;\">\n<span style=\"font-size: x-large;\"><span style=\"color: black;\"><span style=\"font-family: Book Antiqua, serif;\"><b>W<br \/>\nowym czasie Maryja rzek\u0142a: <\/b><\/span><\/span><br \/>\n<\/span><\/div>\n<div align=\"justify\" style=\"font-style: normal; font-variant: normal; letter-spacing: normal; line-height: 150%; margin-bottom: 0cm;\">\n<span style=\"font-size: x-large;\"><b style=\"font-family: &quot;Book Antiqua&quot;, serif; text-indent: 49.1339px;\">\u201e<\/b><span style=\"color: black;\"><span style=\"font-family: Book Antiqua, serif;\"><b>Wielbi<br \/>\ndusza moja Pana <\/b><\/span><\/span><br \/>\n<\/span><\/div>\n<div align=\"justify\" style=\"font-style: normal; font-variant: normal; letter-spacing: normal; line-height: 150%; margin-bottom: 0cm;\">\n<span style=\"font-size: x-large;\"><span style=\"color: black;\"><span style=\"font-family: Book Antiqua, serif;\"><b>i<br \/>\nraduje si\u0119 duch m\u00f3j w Bogu, Zbawcy moim. <\/b><\/span><\/span><br \/>\n<\/span><\/div>\n<div align=\"justify\" style=\"font-style: normal; font-variant: normal; letter-spacing: normal; line-height: 150%; margin-bottom: 0cm;\">\n<span style=\"font-size: x-large;\"><span style=\"color: black;\"><span style=\"font-family: Book Antiqua, serif;\"><b>Bo<br \/>\nwejrza\u0142 na uni\u017cenie swojej s\u0142u\u017cebnicy, <\/b><\/span><\/span><br \/>\n<\/span><\/div>\n<div align=\"justify\" style=\"font-style: normal; font-variant: normal; letter-spacing: normal; line-height: 150%; margin-bottom: 0cm;\">\n<span style=\"font-size: x-large;\"><span style=\"color: black;\"><span style=\"font-family: Book Antiqua, serif;\"><b>oto<br \/>\nbowiem odt\u0105d b\u0142ogos\u0142awi\u0107 mnie b\u0119d\u0105 <\/b><\/span><\/span><br \/>\n<\/span><\/div>\n<div align=\"justify\" style=\"font-style: normal; font-variant: normal; letter-spacing: normal; line-height: 150%; margin-bottom: 0cm;\">\n<span style=\"font-size: x-large;\"><span style=\"color: black;\"><span style=\"font-family: Book Antiqua, serif;\"><b>wszystkie<br \/>\npokolenia. <\/b><\/span><\/span><br \/>\n<\/span><\/div>\n<div align=\"justify\" style=\"font-style: normal; font-variant: normal; letter-spacing: normal; line-height: 150%; margin-bottom: 0cm;\">\n<span style=\"font-size: x-large;\"><span style=\"color: black;\"><span style=\"font-family: Book Antiqua, serif;\"><b>Gdy\u017c<br \/>\nwielkie rzeczy uczyni\u0142 mi Wszechmocny, <\/b><\/span><\/span><br \/>\n<\/span><\/div>\n<div align=\"justify\" style=\"font-style: normal; font-variant: normal; letter-spacing: normal; line-height: 150%; margin-bottom: 0cm;\">\n<span style=\"font-size: x-large;\"><span style=\"color: black;\"><span style=\"font-family: Book Antiqua, serif;\"><b>\u015bwi\u0119te<br \/>\njest imi\u0119 Jego. <\/b><\/span><\/span><br \/>\n<\/span><\/div>\n<div align=\"justify\" style=\"font-style: normal; font-variant: normal; letter-spacing: normal; line-height: 150%; margin-bottom: 0cm;\">\n<span style=\"font-size: x-large;\"><span style=\"color: black;\"><span style=\"font-family: Book Antiqua, serif;\"><b>A<br \/>\nJego mi\u0142osierdzie z pokolenia na pokolenia <\/b><\/span><\/span><br \/>\n<\/span><\/div>\n<div align=\"justify\" style=\"font-style: normal; font-variant: normal; letter-spacing: normal; line-height: 150%; margin-bottom: 0cm;\">\n<span style=\"color: black;\"><span style=\"font-family: Book Antiqua, serif;\"><span style=\"font-size: x-large;\"><b>nad<br \/>\ntymi, co si\u0119 Go boj\u0105.<\/b><\/span><\/span><\/span><\/div>\n<div align=\"justify\" style=\"font-style: normal; font-variant: normal; letter-spacing: normal; line-height: 150%; margin-bottom: 0cm;\">\n<span style=\"font-size: x-large;\"><span style=\"color: black;\"><span style=\"font-family: Book Antiqua, serif;\"><b>Okaza\u0142<br \/>\nmoc swego ramienia, <\/b><\/span><\/span><br \/>\n<\/span><\/div>\n<div align=\"justify\" style=\"font-style: normal; font-variant: normal; letter-spacing: normal; line-height: 150%; margin-bottom: 0cm;\">\n<span style=\"font-size: x-large;\"><span style=\"color: black;\"><span style=\"font-family: Book Antiqua, serif;\"><b>rozproszy\u0142<br \/>\npyszni\u0105cych si\u0119 zamys\u0142ami serc swoich. <\/b><\/span><\/span><br \/>\n<\/span><\/div>\n<div align=\"justify\" style=\"font-style: normal; font-variant: normal; letter-spacing: normal; line-height: 150%; margin-bottom: 0cm;\">\n<span style=\"font-size: x-large;\"><span style=\"color: black;\"><span style=\"font-family: Book Antiqua, serif;\"><b>Str\u0105ci\u0142<br \/>\nw\u0142adc\u00f3w z tronu, <\/b><\/span><\/span><br \/>\n<\/span><\/div>\n<div align=\"justify\" style=\"font-style: normal; font-variant: normal; letter-spacing: normal; line-height: 150%; margin-bottom: 0cm;\">\n<span style=\"font-size: x-large;\"><span style=\"color: black;\"><span style=\"font-family: Book Antiqua, serif;\"><b>a<br \/>\nwywy\u017cszy\u0142 pokornych. <\/b><\/span><\/span><br \/>\n<\/span><\/div>\n<div align=\"justify\" style=\"font-style: normal; font-variant: normal; letter-spacing: normal; line-height: 150%; margin-bottom: 0cm;\">\n<span style=\"font-size: x-large;\"><span style=\"color: black;\"><span style=\"font-family: Book Antiqua, serif;\"><b>G\u0142odnych<br \/>\nnasyci\u0142 dobrami, <\/b><\/span><\/span><br \/>\n<\/span><\/div>\n<div align=\"justify\" style=\"font-style: normal; font-variant: normal; letter-spacing: normal; line-height: 150%; margin-bottom: 0cm;\">\n<span style=\"font-size: x-large;\"><span style=\"color: black;\"><span style=\"font-family: Book Antiqua, serif;\"><b>a<br \/>\nbogatych z niczym odprawi\u0142. <\/b><\/span><\/span><br \/>\n<\/span><\/div>\n<div align=\"justify\" style=\"font-style: normal; font-variant: normal; letter-spacing: normal; line-height: 150%; margin-bottom: 0cm;\">\n<span style=\"font-size: x-large;\"><span style=\"color: black;\"><span style=\"font-family: Book Antiqua, serif;\"><b>Uj\u0105\u0142<br \/>\nsi\u0119 za swoim s\u0142ug\u0105, Izraelem, <\/b><\/span><\/span><br \/>\n<\/span><\/div>\n<div align=\"justify\" style=\"font-style: normal; font-variant: normal; letter-spacing: normal; line-height: 150%; margin-bottom: 0cm;\">\n<span style=\"font-size: x-large;\"><span style=\"color: black;\"><span style=\"font-family: Book Antiqua, serif;\"><b>pomny<br \/>\nna swe mi\u0142osierdzie. <\/b><\/span><\/span><br \/>\n<\/span><\/div>\n<div align=\"justify\" style=\"font-style: normal; font-variant: normal; letter-spacing: normal; line-height: 150%; margin-bottom: 0cm;\">\n<span style=\"font-size: x-large;\"><span style=\"color: black;\"><span style=\"font-family: Book Antiqua, serif;\"><b>Jak<br \/>\nobieca\u0142 naszym ojcom, <\/b><\/span><\/span><br \/>\n<\/span><\/div>\n<div align=\"justify\" style=\"font-style: normal; font-variant: normal; letter-spacing: normal; line-height: 150%; margin-bottom: 0cm;\">\n<span style=\"color: black;\"><span style=\"font-family: Book Antiqua, serif;\"><span style=\"font-size: x-large;\"><b>Abrahamowi<br \/>\ni jego potomstwu na wieki\u201d.<\/b><\/span><\/span><\/span><\/div>\n<div align=\"justify\" style=\"font-style: normal; font-variant: normal; letter-spacing: normal; line-height: 150%; margin-bottom: 0cm; text-indent: 1.3cm;\">\n<span style=\"color: black;\"><span style=\"font-family: Book Antiqua, serif;\"><span style=\"font-size: x-large;\"><b>Maryja<br \/>\npozosta\u0142a u El\u017cbiety oko\u0142o trzech miesi\u0119cy; potem wr\u00f3ci\u0142a do<br \/>\ndomu.<\/b><\/span><\/span><\/span><\/div>\n<div align=\"justify\" style=\"line-height: 150%; margin-bottom: 0cm;\">\n<span style=\"font-size: x-large;\"><\/p>\n<p><\/span><\/div>\n<div align=\"center\" style=\"line-height: 150%; margin-bottom: 0cm; page-break-before: auto;\">\n<span style=\"color: black;\"><span style=\"font-family: Book Antiqua, serif;\"><span style=\"font-size: x-large;\"><b>A<br \/>\nOTO S\u0141\u00d3WKO JAKUBA:<\/b><\/span><\/span><\/span><\/div>\n<div align=\"justify\" style=\"line-height: 150%; margin-bottom: 0cm; text-indent: 1.3cm;\">\n<span style=\"font-size: x-large;\"><\/p>\n<p><\/span><\/div>\n<div align=\"justify\" style=\"line-height: 150%; margin-bottom: 0cm; page-break-before: auto; text-indent: 1.3cm;\">\n<span style=\"color: black;\"><span style=\"font-family: Book Antiqua, serif;\"><span style=\"font-size: x-large;\">Dzisiaj<br \/>\nw tekstach liturgicznych zawiera si\u0119 jeden z najpi\u0119kniejszych<br \/>\n(je\u017celi nie najpi\u0119kniejszy) hymn chwal\u0105cy Boga \u2013 Magnificat.<br \/>\nJest to pie\u015b\u0144 duszy, kt\u00f3r\u0105 wypowiada Maryja podczas wizyty u \u015bw.<br \/>\nEl\u017cbiety. Dla mnie ten moment ma du\u017co wi\u0119ksze znaczenie, gdy\u017c<br \/>\ndochodzi do niego w wydarzeniu, pod kt\u00f3rego wezwaniem jest moja<br \/>\nparafia. I mimo i\u017c wspomnienie tego spotkania obchodzimy w maju, to<br \/>\njednak sama liturgia bezpo\u015brednio wskazuje nam powi\u0105zanie<br \/>\nnawiedzenia Naj\u015bwi\u0119tszej Maryi Panny z Narodzeniem Pa\u0144skim, do<br \/>\nkt\u00f3rego przygotowujemy si\u0119 w tym adwencie.<\/span><\/span><\/span><\/div>\n<div align=\"justify\" style=\"line-height: 150%; margin-bottom: 0cm; text-indent: 1.3cm;\">\n<span style=\"color: black;\"><span style=\"font-family: Book Antiqua, serif;\"><span style=\"font-size: x-large;\">Ca\u0142y<br \/>\nhymn jest swoistym zestawem zasad, kt\u00f3rymi kieruje si\u0119 B\u00f3g.<br \/>\nPocz\u0105tkowe wersety wywy\u017cszaj\u0105 ubogich i pokornych oraz m\u00f3wi\u0105 o<br \/>\nponi\u017ceniu pysznych i bogatych. Patrz\u0105c ca\u0142o\u015bciowo, widzimy, \u017ce<br \/>\njest to hymn jakby potr\u00f3jnej wdzi\u0119czno\u015bci: za \u0142ask\u0119 wyniesienia<br \/>\nMaryi do godno\u015bci Matki Zbawiciela, za mi\u0142osierdzie i dobro\u0107,<br \/>\njakim obdarzy\u0142 B\u00f3g Izraela oraz za wierno\u015b\u0107 s\u0142owu danemu przed<br \/>\nwiekami prorokom.<\/span><\/span><\/span><\/div>\n<div align=\"justify\" style=\"line-height: 150%; margin-bottom: 0cm; text-indent: 1.3cm;\">\n<span style=\"color: black;\"><span style=\"font-family: Book Antiqua, serif;\"><span style=\"font-size: x-large;\">Mimo,<br \/>\ni\u017c mo\u017cemy wiele wyczyta\u0107 z ca\u0142ego hymnu, to jednak ja chcia\u0142bym<br \/>\nzwr\u00f3ci\u0107 uwag\u0119 na to co znajduje si\u0119 w pierwszym wersie: <i><b>Wielbi<br \/>\ndusza moja Pana, i raduje si\u0119 duch m\u00f3j w Bogu, Zbawcy moim.<\/b><\/i><br \/>\nRado\u015b\u0107, do kt\u00f3rej nak\u0142ania\u0142 Maryj\u0119 archanio\u0142 Gabriel w scenie<br \/>\nzwiastowania, dopiero teraz wype\u0142nia serce Matki Bo\u017cej. Mia\u0142a si\u0119<br \/>\nOna cieszy\u0107, gdy\u017c B\u00f3g nape\u0142ni\u0142 J\u0105 \u0142ask\u0105. Co wa\u017cne, jest ona<br \/>\n\u015bwiadoma tego b\u0142ogos\u0142awie\u0144stwa: <i><b>Bo wejrza\u0142 na uni\u017cenie<br \/>\nswojej s\u0142u\u017cebnicy.<\/b><\/i><\/span><\/span><\/span><\/div>\n<div align=\"justify\" style=\"line-height: 150%; margin-bottom: 0cm; text-indent: 1.3cm;\">\n<span style=\"color: black;\"><span style=\"font-family: Book Antiqua, serif;\"><span style=\"font-size: x-large;\">My,<br \/>\nw zwi\u0105zku z tym, musimy wci\u0105\u017c przypomina\u0107 sobie to, \u017ce czas<br \/>\nadwentu powinien by\u0107 czasem spokojnym, cichym, ale tak\u017ce czasem<br \/>\nrado\u015bci. Takiej samej rado\u015bci, jak\u0105 nape\u0142niona zosta\u0142a Maryja.<br \/>\nPowinni\u015bmy by\u0107 tymi, kt\u00f3rzy z niecierpliwo\u015bci\u0105 czekaj\u0105 na<br \/>\nJezusa Chrystusa, Zbawc\u0119 ca\u0142ego \u015bwiata.<\/span><\/span><\/span><\/div>\n<div align=\"justify\" style=\"line-height: 150%; margin-bottom: 0cm; text-indent: 1.3cm;\">\n<span style=\"font-size: x-large;\"><span style=\"color: black;\"><span style=\"font-family: Book Antiqua, serif;\">Warto<br \/>\nte\u017c skierowa\u0107 swoj\u0105 uwag\u0119 na pierwsze czytanie, kt\u00f3re mo\u017ce<br \/>\nwydawa\u0107 si\u0119 przy\u0107mione przez to, jak bardzo wa\u017cny fragment<br \/>\nznajduje si\u0119 w Ewangelii. Jednak nie nale\u017cy tego tak odbiera\u0107,<br \/>\ngdy\u017c czytanie z ksi\u0119gi Samuela mo\u017cna nazwa\u0107 pierwowzorem postawy<br \/>\nMaryi. A mianowicie spogl\u0105damy tu na Ann\u0119, matk\u0119 proroka Samuela. <\/span><\/span><br \/>\n<\/span><\/div>\n<div align=\"justify\" style=\"line-height: 150%; margin-bottom: 0cm; text-indent: 1.3cm;\">\n<span style=\"color: black;\"><span style=\"font-family: Book Antiqua, serif;\"><span style=\"font-size: x-large;\">Anna<br \/>\nby\u0142a kobiet\u0105, kt\u00f3ra tak, jak na przyk\u0142ad \u015bwi\u0119ta El\u017cbieta, nie<br \/>\nmog\u0142a mie\u0107 potomstwa. Jej m\u0105\u017c, Elkan, mia\u0142 tak\u017ce drug\u0105 \u017con\u0119,<br \/>\nPeninn\u0119, z kt\u00f3r\u0105 mia\u0142 mn\u00f3stwo dzieci. Z tego powodu w\u0142a\u015bnie,<br \/>\nAnna by\u0142a wyszydzana przez Peninn\u0119. Jednak wzajemna mi\u0142o\u015b\u0107 Anny<br \/>\nwobec Elkana, jak r\u00f3wnie\u017c ich oddanie Bogu, poskutkowa\u0142o<br \/>\npojawieniem si\u0119 potomka \u2013 Samuela.<\/span><\/span><\/span><\/div>\n<div align=\"justify\" style=\"line-height: 150%; margin-bottom: 0cm; text-indent: 1.3cm;\">\n<span style=\"font-size: x-large;\"><span style=\"color: black;\"><span style=\"font-family: Book Antiqua, serif;\">Anna,<br \/>\nchc\u0105c podzi\u0119kowa\u0107 Bogu, odda\u0142a syna na s\u0142u\u017cb\u0119 Panu. Gdy to<br \/>\nzrobi\u0142a, podzi\u0119kowa\u0142a Mu w taki sam spos\u00f3b, jak Maryja. I mimo,<br \/>\ni\u017c jest to fragment znajduj\u0105cy si\u0119 bezpo\u015brednio po dzisiejszym<br \/>\nczytaniu, to warto przynajmniej przytoczy\u0107 jego pierwsze s\u0142owa:<br \/>\n<i><b>Raduje si\u0119 me serce w Panu, moc moja wzrasta dzi\u0119ki Panu,<br \/>\nrozwar\u0142y si\u0119 me usta na wrog\u00f3w moich, gdy\u017c cieszy\u0107 si\u0119 mog\u0119<br \/>\nTwoj\u0105 pomoc\u0105.<\/b><\/i> Zaskakuj\u0105ce podobie\u0144stwo, czy\u017c nie? <\/span><\/span><br \/>\n<\/span><\/div>\n<div align=\"justify\" style=\"line-height: 150%; margin-bottom: 0cm; text-indent: 1.3cm;\">\n<span style=\"color: black;\"><span style=\"font-family: Book Antiqua, serif;\"><span style=\"font-size: x-large;\">Maryja<br \/>\ni Anna \u2013 dwie kobiety, wybrane przez Boga, dwie kobiety maj\u0105ce na<br \/>\nswojej drodze ogrom przeciwno\u015bci. Obie pokazuj\u0105, jak\u0105 moc ma \u0142aska<br \/>\nod Boga. Obie s\u0105 przyk\u0142adem tego, \u017ce mo\u017cna \u017cy\u0107 w zgodzie i<br \/>\nprawdziwej mi\u0142o\u015bci ze swoim m\u0119\u017cem. Nie skar\u017c\u0105 si\u0119 na swoje<br \/>\nproblemy. One s\u0105 ca\u0142e dla Boga. W pe\u0142ni oddaj\u0105 Mu swoje \u017cycie.<\/span><\/span><\/span><\/div>\n<div align=\"justify\" style=\"line-height: 150%; margin-bottom: 0cm; text-indent: 1.3cm;\">\n<span style=\"color: black;\"><span style=\"font-family: Book Antiqua, serif;\"><span style=\"font-size: x-large;\">Wpatruj\u0105c<br \/>\nsi\u0119 ich postawy, pytam sam siebie: Czy jestem wytrzyma\u0142y? Czy nie<br \/>\nma we mnie strachu przed podejmowaniem wa\u017cnych decyzji? Czy zawsze<br \/>\nzgadzam si\u0119 na wol\u0119 Boga? Czy zostawiam pole manewru dla Pana, tak<br \/>\naby pokierowa\u0142 moim \u017cyciem? Czy raduj\u0119 si\u0119 na przyj\u015bcie Zbawcy?<br \/>\nCzy jestem ju\u017c przygotowany na Bo\u017ce Narodzenie?\u2026<\/span><\/span><\/span><\/div>\n","protected":false},"excerpt":{"rendered":"<p>Szcz\u0119\u015b\u0107 Bo\u017ce! Moi Drodzy, w naszej Parafii dzisiaj odbywaj\u0105 si\u0119 ostatnie Roraty. I w og\u00f3le \u2013 Adwent si\u0119 ju\u017c dope\u0142nia. W naszym ko\u015bciele wczoraj stan\u0119\u0142a szopka, ubrano tak\u017ce choinki, wdzi\u0119czny jestem za to \u2013 mi\u0119dzy innymi \u2013 mojej M\u0142odzie\u017cy, w tym tak\u017ce moim Lektorom, w tym tak\u017ce: Jakubowi, kt\u00f3ry dzisiaj dzieli si\u0119 z nami refleksj\u0105 [&hellip;]<\/p>\n","protected":false},"author":1,"featured_media":0,"comment_status":"open","ping_status":"open","sticky":false,"template":"","format":"standard","meta":{"jetpack_post_was_ever_published":false,"_jetpack_newsletter_access":"","_jetpack_dont_email_post_to_subs":false,"_jetpack_newsletter_tier_id":0,"_jetpack_memberships_contains_paywalled_content":false,"_jetpack_memberships_contains_paid_content":false,"footnotes":""},"categories":[1],"tags":[],"class_list":["post-14746","post","type-post","status-publish","format-standard","hentry","category-bez-kategorii"],"yoast_head":"<!-- This site is optimized with the Yoast SEO plugin v25.1 - https:\/\/yoast.com\/wordpress\/plugins\/seo\/ -->\n<title>Wejrza\u0142 na uni\u017cenie swojej S\u0142u\u017cebnicy! - Gaudium Et Spes<\/title>\n<meta name=\"robots\" content=\"index, follow, max-snippet:-1, max-image-preview:large, max-video-preview:-1\" \/>\n<link rel=\"canonical\" href=\"https:\/\/gaudiumetspes-blog.pl\/index.php\/2018\/12\/22\/wejrza-na-unizenie-swojej-suzebnicy\/\" \/>\n<meta property=\"og:locale\" content=\"pl_PL\" \/>\n<meta property=\"og:type\" content=\"article\" \/>\n<meta property=\"og:title\" content=\"Wejrza\u0142 na uni\u017cenie swojej S\u0142u\u017cebnicy! - Gaudium Et Spes\" \/>\n<meta property=\"og:description\" content=\"Szcz\u0119\u015b\u0107 Bo\u017ce! Moi Drodzy, w naszej Parafii dzisiaj odbywaj\u0105 si\u0119 ostatnie Roraty. I w og\u00f3le \u2013 Adwent si\u0119 ju\u017c dope\u0142nia. W naszym ko\u015bciele wczoraj stan\u0119\u0142a szopka, ubrano tak\u017ce choinki, wdzi\u0119czny jestem za to \u2013 mi\u0119dzy innymi \u2013 mojej M\u0142odzie\u017cy, w tym tak\u017ce moim Lektorom, w tym tak\u017ce: Jakubowi, kt\u00f3ry dzisiaj dzieli si\u0119 z nami refleksj\u0105 [&hellip;]\" \/>\n<meta property=\"og:url\" content=\"https:\/\/gaudiumetspes-blog.pl\/index.php\/2018\/12\/22\/wejrza-na-unizenie-swojej-suzebnicy\/\" \/>\n<meta property=\"og:site_name\" content=\"Gaudium Et Spes\" \/>\n<meta property=\"article:published_time\" content=\"2018-12-22T04:28:00+00:00\" \/>\n<meta property=\"article:modified_time\" content=\"2019-07-31T10:58:03+00:00\" \/>\n<meta name=\"author\" content=\"Ks. Jacek\" \/>\n<meta name=\"twitter:card\" content=\"summary_large_image\" \/>\n<meta name=\"twitter:label1\" content=\"Napisane przez\" \/>\n\t<meta name=\"twitter:data1\" content=\"Ks. Jacek\" \/>\n\t<meta name=\"twitter:label2\" content=\"Szacowany czas czytania\" \/>\n\t<meta name=\"twitter:data2\" content=\"5 minut\" \/>\n<script type=\"application\/ld+json\" class=\"yoast-schema-graph\">{\"@context\":\"https:\/\/schema.org\",\"@graph\":[{\"@type\":\"WebPage\",\"@id\":\"https:\/\/gaudiumetspes-blog.pl\/index.php\/2018\/12\/22\/wejrza-na-unizenie-swojej-suzebnicy\/\",\"url\":\"https:\/\/gaudiumetspes-blog.pl\/index.php\/2018\/12\/22\/wejrza-na-unizenie-swojej-suzebnicy\/\",\"name\":\"Wejrza\u0142 na uni\u017cenie swojej S\u0142u\u017cebnicy! - Gaudium Et Spes\",\"isPartOf\":{\"@id\":\"https:\/\/gaudiumetspes-blog.pl\/#website\"},\"datePublished\":\"2018-12-22T04:28:00+00:00\",\"dateModified\":\"2019-07-31T10:58:03+00:00\",\"author\":{\"@id\":\"https:\/\/gaudiumetspes-blog.pl\/#\/schema\/person\/1661982992b752dea8dff0d4ed845a65\"},\"breadcrumb\":{\"@id\":\"https:\/\/gaudiumetspes-blog.pl\/index.php\/2018\/12\/22\/wejrza-na-unizenie-swojej-suzebnicy\/#breadcrumb\"},\"inLanguage\":\"pl-PL\",\"potentialAction\":[{\"@type\":\"ReadAction\",\"target\":[\"https:\/\/gaudiumetspes-blog.pl\/index.php\/2018\/12\/22\/wejrza-na-unizenie-swojej-suzebnicy\/\"]}]},{\"@type\":\"BreadcrumbList\",\"@id\":\"https:\/\/gaudiumetspes-blog.pl\/index.php\/2018\/12\/22\/wejrza-na-unizenie-swojej-suzebnicy\/#breadcrumb\",\"itemListElement\":[{\"@type\":\"ListItem\",\"position\":1,\"name\":\"Strona g\u0142\u00f3wna\",\"item\":\"https:\/\/gaudiumetspes-blog.pl\/\"},{\"@type\":\"ListItem\",\"position\":2,\"name\":\"Wejrza\u0142 na&nbsp;uni\u017cenie swojej S\u0142u\u017cebnicy!\"}]},{\"@type\":\"WebSite\",\"@id\":\"https:\/\/gaudiumetspes-blog.pl\/#website\",\"url\":\"https:\/\/gaudiumetspes-blog.pl\/\",\"name\":\"Gaudium Et Spes\",\"description\":\"Blog Ks. Jacka Ja\u015bkowskiego\",\"potentialAction\":[{\"@type\":\"SearchAction\",\"target\":{\"@type\":\"EntryPoint\",\"urlTemplate\":\"https:\/\/gaudiumetspes-blog.pl\/?s={search_term_string}\"},\"query-input\":{\"@type\":\"PropertyValueSpecification\",\"valueRequired\":true,\"valueName\":\"search_term_string\"}}],\"inLanguage\":\"pl-PL\"},{\"@type\":\"Person\",\"@id\":\"https:\/\/gaudiumetspes-blog.pl\/#\/schema\/person\/1661982992b752dea8dff0d4ed845a65\",\"name\":\"Ks. Jacek\",\"image\":{\"@type\":\"ImageObject\",\"inLanguage\":\"pl-PL\",\"@id\":\"https:\/\/gaudiumetspes-blog.pl\/#\/schema\/person\/image\/\",\"url\":\"https:\/\/gaudiumetspes-blog.pl\/wp-content\/uploads\/2019\/07\/avatar-JJ-150x150.jpg\",\"contentUrl\":\"https:\/\/gaudiumetspes-blog.pl\/wp-content\/uploads\/2019\/07\/avatar-JJ-150x150.jpg\",\"caption\":\"Ks. Jacek\"},\"description\":\"Witam serdecznie! K\u0142ania si\u0119 Ks. Jacek Ja\u015bkowski. Nie jestem ani kim\u015b wa\u017cnym, ani kim\u015b znanym. Jestem ksi\u0119dzem, kt\u00f3ry po prostu chce rozmawia\u0107. Codzienna kap\u0142a\u0144ska pos\u0142uga pokazuje mi, \u017ce temat\u00f3w do rozm\u00f3w z ksi\u0119dzem jest coraz wi\u0119cej i dzisiaj \u017caden ksi\u0105dz nie mo\u017ce od nich ucieka\u0107, ale - wprost przeciwnie - podejmowa\u0107 nowe wyzwania. To przekonanie sk\u0142oni\u0142o mnie do pr\u00f3by otwarcia tego\u017c bloga, chocia\u017c okazji do rozm\u00f3w na co dzie\u0144 - w konfesjonale i poza nim - na szcz\u0119\u015bcie nie brakuje. My\u015bl\u0119 jednak, \u017ce ten blog b\u0119dzie jeszcze jednym sposobem i przestrzeni\u0105 nawi\u0105zania kontaktu z lud\u017ami dobrej woli, otwartymi na dialog.\",\"url\":\"https:\/\/gaudiumetspes-blog.pl\/index.php\/author\/ks-jacek\/\"}]}<\/script>\n<!-- \/ Yoast SEO plugin. -->","yoast_head_json":{"title":"Wejrza\u0142 na uni\u017cenie swojej S\u0142u\u017cebnicy! - Gaudium Et Spes","robots":{"index":"index","follow":"follow","max-snippet":"max-snippet:-1","max-image-preview":"max-image-preview:large","max-video-preview":"max-video-preview:-1"},"canonical":"https:\/\/gaudiumetspes-blog.pl\/index.php\/2018\/12\/22\/wejrza-na-unizenie-swojej-suzebnicy\/","og_locale":"pl_PL","og_type":"article","og_title":"Wejrza\u0142 na uni\u017cenie swojej S\u0142u\u017cebnicy! - Gaudium Et Spes","og_description":"Szcz\u0119\u015b\u0107 Bo\u017ce! Moi Drodzy, w naszej Parafii dzisiaj odbywaj\u0105 si\u0119 ostatnie Roraty. I w og\u00f3le \u2013 Adwent si\u0119 ju\u017c dope\u0142nia. W naszym ko\u015bciele wczoraj stan\u0119\u0142a szopka, ubrano tak\u017ce choinki, wdzi\u0119czny jestem za to \u2013 mi\u0119dzy innymi \u2013 mojej M\u0142odzie\u017cy, w tym tak\u017ce moim Lektorom, w tym tak\u017ce: Jakubowi, kt\u00f3ry dzisiaj dzieli si\u0119 z nami refleksj\u0105 [&hellip;]","og_url":"https:\/\/gaudiumetspes-blog.pl\/index.php\/2018\/12\/22\/wejrza-na-unizenie-swojej-suzebnicy\/","og_site_name":"Gaudium Et Spes","article_published_time":"2018-12-22T04:28:00+00:00","article_modified_time":"2019-07-31T10:58:03+00:00","author":"Ks. Jacek","twitter_card":"summary_large_image","twitter_misc":{"Napisane przez":"Ks. Jacek","Szacowany czas czytania":"5 minut"},"schema":{"@context":"https:\/\/schema.org","@graph":[{"@type":"WebPage","@id":"https:\/\/gaudiumetspes-blog.pl\/index.php\/2018\/12\/22\/wejrza-na-unizenie-swojej-suzebnicy\/","url":"https:\/\/gaudiumetspes-blog.pl\/index.php\/2018\/12\/22\/wejrza-na-unizenie-swojej-suzebnicy\/","name":"Wejrza\u0142 na uni\u017cenie swojej S\u0142u\u017cebnicy! - Gaudium Et Spes","isPartOf":{"@id":"https:\/\/gaudiumetspes-blog.pl\/#website"},"datePublished":"2018-12-22T04:28:00+00:00","dateModified":"2019-07-31T10:58:03+00:00","author":{"@id":"https:\/\/gaudiumetspes-blog.pl\/#\/schema\/person\/1661982992b752dea8dff0d4ed845a65"},"breadcrumb":{"@id":"https:\/\/gaudiumetspes-blog.pl\/index.php\/2018\/12\/22\/wejrza-na-unizenie-swojej-suzebnicy\/#breadcrumb"},"inLanguage":"pl-PL","potentialAction":[{"@type":"ReadAction","target":["https:\/\/gaudiumetspes-blog.pl\/index.php\/2018\/12\/22\/wejrza-na-unizenie-swojej-suzebnicy\/"]}]},{"@type":"BreadcrumbList","@id":"https:\/\/gaudiumetspes-blog.pl\/index.php\/2018\/12\/22\/wejrza-na-unizenie-swojej-suzebnicy\/#breadcrumb","itemListElement":[{"@type":"ListItem","position":1,"name":"Strona g\u0142\u00f3wna","item":"https:\/\/gaudiumetspes-blog.pl\/"},{"@type":"ListItem","position":2,"name":"Wejrza\u0142 na&nbsp;uni\u017cenie swojej S\u0142u\u017cebnicy!"}]},{"@type":"WebSite","@id":"https:\/\/gaudiumetspes-blog.pl\/#website","url":"https:\/\/gaudiumetspes-blog.pl\/","name":"Gaudium Et Spes","description":"Blog Ks. Jacka Ja\u015bkowskiego","potentialAction":[{"@type":"SearchAction","target":{"@type":"EntryPoint","urlTemplate":"https:\/\/gaudiumetspes-blog.pl\/?s={search_term_string}"},"query-input":{"@type":"PropertyValueSpecification","valueRequired":true,"valueName":"search_term_string"}}],"inLanguage":"pl-PL"},{"@type":"Person","@id":"https:\/\/gaudiumetspes-blog.pl\/#\/schema\/person\/1661982992b752dea8dff0d4ed845a65","name":"Ks. Jacek","image":{"@type":"ImageObject","inLanguage":"pl-PL","@id":"https:\/\/gaudiumetspes-blog.pl\/#\/schema\/person\/image\/","url":"https:\/\/gaudiumetspes-blog.pl\/wp-content\/uploads\/2019\/07\/avatar-JJ-150x150.jpg","contentUrl":"https:\/\/gaudiumetspes-blog.pl\/wp-content\/uploads\/2019\/07\/avatar-JJ-150x150.jpg","caption":"Ks. Jacek"},"description":"Witam serdecznie! K\u0142ania si\u0119 Ks. Jacek Ja\u015bkowski. Nie jestem ani kim\u015b wa\u017cnym, ani kim\u015b znanym. Jestem ksi\u0119dzem, kt\u00f3ry po prostu chce rozmawia\u0107. Codzienna kap\u0142a\u0144ska pos\u0142uga pokazuje mi, \u017ce temat\u00f3w do rozm\u00f3w z ksi\u0119dzem jest coraz wi\u0119cej i dzisiaj \u017caden ksi\u0105dz nie mo\u017ce od nich ucieka\u0107, ale - wprost przeciwnie - podejmowa\u0107 nowe wyzwania. To przekonanie sk\u0142oni\u0142o mnie do pr\u00f3by otwarcia tego\u017c bloga, chocia\u017c okazji do rozm\u00f3w na co dzie\u0144 - w konfesjonale i poza nim - na szcz\u0119\u015bcie nie brakuje. My\u015bl\u0119 jednak, \u017ce ten blog b\u0119dzie jeszcze jednym sposobem i przestrzeni\u0105 nawi\u0105zania kontaktu z lud\u017ami dobrej woli, otwartymi na dialog.","url":"https:\/\/gaudiumetspes-blog.pl\/index.php\/author\/ks-jacek\/"}]}},"jetpack_featured_media_url":"","jetpack_sharing_enabled":true,"_links":{"self":[{"href":"https:\/\/gaudiumetspes-blog.pl\/index.php\/wp-json\/wp\/v2\/posts\/14746","targetHints":{"allow":["GET"]}}],"collection":[{"href":"https:\/\/gaudiumetspes-blog.pl\/index.php\/wp-json\/wp\/v2\/posts"}],"about":[{"href":"https:\/\/gaudiumetspes-blog.pl\/index.php\/wp-json\/wp\/v2\/types\/post"}],"author":[{"embeddable":true,"href":"https:\/\/gaudiumetspes-blog.pl\/index.php\/wp-json\/wp\/v2\/users\/1"}],"replies":[{"embeddable":true,"href":"https:\/\/gaudiumetspes-blog.pl\/index.php\/wp-json\/wp\/v2\/comments?post=14746"}],"version-history":[{"count":1,"href":"https:\/\/gaudiumetspes-blog.pl\/index.php\/wp-json\/wp\/v2\/posts\/14746\/revisions"}],"predecessor-version":[{"id":14793,"href":"https:\/\/gaudiumetspes-blog.pl\/index.php\/wp-json\/wp\/v2\/posts\/14746\/revisions\/14793"}],"wp:attachment":[{"href":"https:\/\/gaudiumetspes-blog.pl\/index.php\/wp-json\/wp\/v2\/media?parent=14746"}],"wp:term":[{"taxonomy":"category","embeddable":true,"href":"https:\/\/gaudiumetspes-blog.pl\/index.php\/wp-json\/wp\/v2\/categories?post=14746"},{"taxonomy":"post_tag","embeddable":true,"href":"https:\/\/gaudiumetspes-blog.pl\/index.php\/wp-json\/wp\/v2\/tags?post=14746"}],"curies":[{"name":"wp","href":"https:\/\/api.w.org\/{rel}","templated":true}]}}