{"id":14749,"date":"2018-12-19T09:06:00","date_gmt":"2018-12-19T08:06:00","guid":{"rendered":"https:\/\/gaudiumetspes-blog.pl\/index.php\/2018\/12\/19\/cisza-to-dobrodziejstwo\/"},"modified":"2019-07-31T12:58:02","modified_gmt":"2019-07-31T10:58:02","slug":"cisza-to-dobrodziejstwo","status":"publish","type":"post","link":"https:\/\/gaudiumetspes-blog.pl\/index.php\/2018\/12\/19\/cisza-to-dobrodziejstwo\/","title":{"rendered":"Cisza &#8211; to dobrodziejstwo!"},"content":{"rendered":"<p><\/p>\n<div align=\"justify\" style=\"font-weight: normal; line-height: 150%; margin-bottom: 0cm;\">\n<span style=\"color: black;\"><span style=\"font-family: Book Antiqua, serif;\"><span style=\"font-size: x-large;\">Szcz\u0119\u015b\u0107<br \/>\nBo\u017ce! Moi Drodzy, w dniu dzisiejszym <b>imieniny obchodzi kilku<br \/>\nmoich Znajomych:<\/b><\/span><\/span><\/span><\/div>\n<div align=\"justify\" style=\"line-height: 150%; margin-bottom: 0cm;\">\n<span style=\"color: black; font-size: x-large;\">\u2013<br \/>\n<span style=\"font-family: Book Antiqua, serif;\"><b>Ksi\u0105dz<br \/>\nDariusz Osta\u0142owski i Ksi\u0105dz Dariusz Radzikowski \u2013 moi Koledzy<br \/>\nkursowi;<\/b><\/span><\/span><\/div>\n<div align=\"justify\" style=\"line-height: 150%; margin-bottom: 0cm;\">\n<span style=\"color: black; font-size: x-large;\">\u2013<br \/>\n<span style=\"font-family: Book Antiqua, serif;\"><b>Ksi\u0105dz<br \/>\nDariusz Sobkowicz \u2013 m\u00f3j Kolega z Diecezji lubelskiej;<\/b><\/span><\/span><\/div>\n<div align=\"justify\" style=\"line-height: 150%; margin-bottom: 0cm;\">\n<span style=\"color: black; font-size: x-large;\">\u2013<br \/>\n<span style=\"font-family: Book Antiqua, serif;\"><b>Ksi\u0105dz<br \/>\nDariusz Zag\u00f3rski \u2013 Rektor Wy\u017cszego Seminarium Duchownego w<br \/>\nToruniu i Kolega z czas\u00f3w studi\u00f3w na KUL;<\/b><\/span><\/span><\/div>\n<div align=\"justify\" style=\"line-height: 150%; margin-bottom: 0cm;\">\n<span style=\"color: black; font-size: x-large;\">\u2013<br \/>\n<span style=\"font-family: Book Antiqua, serif;\"><b>Ksi\u0105dz<br \/>\nDariusz Lipiec \u2013 Kolega i Profesor KUL;<\/b><\/span><\/span><\/div>\n<div align=\"justify\" style=\"font-weight: normal; line-height: 150%; margin-bottom: 0cm;\">\n<span style=\"color: black; font-size: x-large;\">\u2013 <span style=\"font-family: Book Antiqua, serif;\"><b>Ksi\u0105dz<br \/>\nDariusz Szczepaniuk \u2013 Kanclerz Kurii Diecezjalnej Warszawsko \u2013<br \/>\nPraskiej;<\/b><\/span><\/span><\/div>\n<div align=\"justify\" style=\"line-height: 150%; margin-bottom: 0cm;\">\n<span style=\"color: black; font-size: x-large;\">\u2013<br \/>\n<span style=\"font-family: Book Antiqua, serif;\"><b>Ksi\u0105dz<br \/>\nDariusz Zaj\u0105c \u2013 niegdy\u015b Misjonarz na Syberii, a obecnie pracuj\u0105cy<br \/>\nw Diecezji Warszawsko \u2013 Praskiej;<\/b><\/span><\/span><\/div>\n<div align=\"justify\" style=\"line-height: 150%; margin-bottom: 0cm;\">\n<span style=\"color: black; font-size: x-large;\">\u2013<br \/>\n<span style=\"font-family: Book Antiqua, serif;\"><b>Ksi\u0105dz<br \/>\nDariusz Czajka \u2013 pochodz\u0105cy z Parafii \u017belech\u00f3w;<\/b><\/span><\/span><\/div>\n<div align=\"justify\" style=\"line-height: 150%; margin-bottom: 0cm;\">\n<span style=\"color: black; font-size: x-large;\">\u2013<br \/>\n<span style=\"font-family: Book Antiqua, serif;\"><b>Ojciec<br \/>\nDariusz Miastowski \u2013 m\u00f3j znajomy Kapucyn;<\/b><\/span><\/span><\/div>\n<div align=\"justify\" style=\"line-height: 150%; margin-bottom: 0cm;\">\n<span style=\"color: black; font-size: x-large;\">\u2013<br \/>\n<span style=\"font-family: Book Antiqua, serif;\"><b>Dariusz<br \/>\nMajek \u2013 stale i aktywnie obecny na naszym blogu.<\/b><\/span><\/span><\/div>\n<div align=\"justify\" style=\"line-height: 150%; margin-bottom: 0cm; page-break-before: auto; text-indent: 1.3cm;\">\n<span style=\"color: black;\"><span style=\"font-family: Book Antiqua, serif;\"><span style=\"font-size: x-large;\"><b>Jednocze\u015bnie<br \/>\nurodziny obchodzi dzisiaj Piotr Sitek, nale\u017c\u0105cy niegdy\u015b do<br \/>\nWsp\u00f3lnoty m\u0142odzie\u017cowej w Tr\u0105bkach.<\/b><\/span><\/span><\/span><\/div>\n<div align=\"justify\" style=\"line-height: 150%; margin-bottom: 0cm; text-indent: 1.3cm;\">\n<span style=\"color: black;\"><span style=\"font-family: Book Antiqua, serif;\"><span style=\"font-size: x-large;\"><b>Wszystkim<br \/>\nDrogi Solenizantom i Jubilatowi \u017cycz\u0119 uwa\u017cnego i dok\u0142adnego<br \/>\nodczytywania Bo\u017cych znak\u00f3w w Ich \u017cyciu. Zapewniam o modlitwie!<\/b><\/span><\/span><\/span><\/div>\n<div align=\"justify\" style=\"font-weight: normal; line-height: 150%; margin-bottom: 0cm; text-indent: 1.3cm;\">\n<span style=\"color: black;\"><span style=\"font-family: Book Antiqua, serif;\"><span style=\"font-size: x-large;\">Moi<br \/>\nDrodzy, dzisiaj nieco op\u00f3\u017ani\u0142em sw\u00f3j wpis, ale zosta\u0142o to<br \/>\nspowodowane mn\u00f3stwem r\u00f3\u017cnych zaj\u0119\u0107 od wczesnego rana.<\/span><\/span><\/span><\/div>\n<div align=\"justify\" style=\"font-weight: normal; line-height: 150%; margin-bottom: 0cm; text-indent: 1.3cm;\">\n<span style=\"color: black;\"><span style=\"font-family: Book Antiqua, serif;\"><span style=\"font-size: x-large;\">Dzisiaj<br \/>\nu nas wieczorem, w trakcie uroczystej Mszy \u015awi\u0119tej o godz. 18:00,<br \/>\nnast\u0105pi przekazanie Betlejemskiego \u015awiat\u0142a Pokoju \u2013 przez<br \/>\nnaszych Harcerzy \u2013 Harcerzom z ca\u0142ej okolicy i wszystkim, kt\u00f3rzy<br \/>\nb\u0119d\u0105 chcieli je przyj\u0105\u0107. W niedziel\u0119, nasza Ekipa przywioz\u0142a to<br \/>\n\u015bwiat\u0142o z Warszawy. Zapowiada si\u0119 \u2013 jak lubi cz\u0119sto powtarza\u0107<br \/>\nKsi\u0105dz Marek, przy okazji i bez okazji \u2013 \u201eprzepi\u0119kna<br \/>\nuroczysto\u015b\u0107\u201d!<\/span><\/span><\/span><\/div>\n<div align=\"justify\" style=\"font-weight: normal; line-height: 150%; margin-bottom: 0cm; text-indent: 1.3cm;\">\n<span style=\"color: black;\"><span style=\"font-family: Book Antiqua, serif;\"><span style=\"font-size: x-large;\">&nbsp; &nbsp; &nbsp; &nbsp; &nbsp; &nbsp; &nbsp; &nbsp; &nbsp; &nbsp; &nbsp; &nbsp; &nbsp; &nbsp; &nbsp; &nbsp; &nbsp;Gaudium<br \/>\net spes!  Ks. Jacek<\/span><\/span><\/span><\/div>\n<div align=\"justify\" style=\"line-height: 150%; margin-bottom: 0cm;\">\n<span style=\"font-size: x-large;\"><\/p>\n<p><\/span><\/div>\n<div align=\"justify\" style=\"line-height: 150%; margin-bottom: 0cm;\">\n<span style=\"color: black;\"><span style=\"font-family: Book Antiqua, serif;\"><span style=\"font-size: x-large;\"><b>19<br \/>\ngrudnia 2018.,<\/b><\/span><\/span><\/span><\/div>\n<div align=\"justify\" style=\"line-height: 150%; margin-bottom: 0cm;\">\n<span style=\"color: black;\"><span style=\"font-family: Book Antiqua, serif;\"><span style=\"font-size: x-large;\"><b>do<br \/>\nczyta\u0144:  Sdz 13,2\u20137.24\u201325a;  \u0141k 1,5\u201325<\/b><\/span><\/span><\/span><\/div>\n<div align=\"justify\" style=\"line-height: 150%; margin-bottom: 0cm;\">\n<span style=\"font-size: x-large;\"><\/p>\n<p><\/span><\/div>\n<div align=\"justify\" style=\"font-style: normal; font-variant: normal; letter-spacing: normal; line-height: 150%; margin-bottom: 0cm; page-break-before: auto;\">\n<span style=\"font-size: x-large;\"><span style=\"color: black;\"><span style=\"font-family: Book Antiqua, serif;\"><b>CZYTANIE<br \/>\nZ KSI\u0118GI S\u0118DZI\u00d3W: <\/b><\/span><\/span><br \/>\n<\/span><\/div>\n<div align=\"justify\" style=\"background: transparent; font-style: normal; font-variant: normal; letter-spacing: normal; line-height: 150%; margin-bottom: 0cm; page-break-before: auto; text-indent: 1.3cm;\">\n<span style=\"font-size: x-large;\"><span style=\"color: black;\"><span style=\"font-family: Book Antiqua, serif;\"><b>W<br \/>\nSorea, w pokoleniu Dana, \u017cy\u0142 pewien m\u0105\u017c imieniem Manoach. \u017bona<br \/>\njego by\u0142a niep\u0142odna i nie rodzi\u0142a. Anio\u0142 Pa\u0144ski ukaza\u0142 si\u0119<br \/>\nowej kobiecie, m\u00f3wi\u0105c jej: \u201eOto\u015b teraz niep\u0142odna i nie<br \/>\nrodzi\u0142a\u015b, ale poczniesz i porodzisz syna. Lecz odt\u0105d strze\u017c si\u0119:<br \/>\nnie pij wina ani sycery i nie jedz nic nieczystego. Oto poczniesz i<br \/>\nporodzisz syna, a brzytwa nie dotknie jego g\u0142owy, gdy\u017c ch\u0142opiec<br \/>\nten b\u0119dzie Bo\u017cym nazirejczykiem od chwili urodzenia. On to zacznie<br \/>\nwybawia\u0107 Izraelit\u00f3w z r\u0105k filisty\u0144skich\u201d. <\/b><\/span><\/span><br \/>\n<\/span><\/div>\n<div align=\"justify\" style=\"background: transparent; font-style: normal; font-variant: normal; letter-spacing: normal; line-height: 150%; margin-bottom: 0cm; text-indent: 1.3cm;\">\n<span style=\"font-size: x-large;\"><span style=\"color: black;\"><span style=\"font-family: Book Antiqua, serif;\"><b>Posz\u0142a<br \/>\nwi\u0119c kobieta do swego m\u0119\u017ca i tak rzek\u0142a do niego: \u201ePrzyszed\u0142<br \/>\ndo mnie m\u0105\u017c Bo\u017cy, kt\u00f3rego oblicze by\u0142o jakby oblicze anio\u0142a<br \/>\nBo\u017cego, pe\u0142ne dostoje\u0144stwa. Nie pyta\u0142am go, sk\u0105d przyby\u0142, a on<br \/>\nnie oznajmi\u0142 mi swego imienia. Rzek\u0142 do mnie: \u00abOto poczniesz i<br \/>\nporodzisz syna, lecz odt\u0105d nie pij wina ani sycery, ani nie jedz nic<br \/>\nnieczystego, bo ch\u0142opiec ten b\u0119dzie Bo\u017cym nazirejczykiem od chwili<br \/>\nurodzenia a\u017c do swojej \u015bmierci\u00bb\u201d. <\/b><\/span><\/span><br \/>\n<\/span><\/div>\n<div align=\"justify\" style=\"background: transparent; font-style: normal; font-variant: normal; letter-spacing: normal; line-height: 150%; margin-bottom: 0cm; text-indent: 1.3cm;\">\n<span style=\"color: black;\"><span style=\"font-family: Book Antiqua, serif;\"><span style=\"font-size: x-large;\"><b>Porodzi\u0142a<br \/>\nwi\u0119c owa kobieta syna i nazwa\u0142a go imieniem Samson. Ch\u0142opiec r\u00f3s\u0142,<br \/>\na Pan mu b\u0142ogos\u0142awi\u0142. Duch za\u015b Pana pocz\u0105\u0142 na niego<br \/>\noddzia\u0142ywa\u0107.<\/b><\/span><\/span><\/span><\/div>\n<div align=\"justify\" style=\"line-height: 150%; margin-bottom: 0cm;\">\n<span style=\"font-size: x-large;\"><\/p>\n<p><\/span><\/div>\n<div align=\"justify\" style=\"line-height: 150%; margin-bottom: 0cm;\">\n<span style=\"font-size: x-large;\"><span style=\"color: black;\"><span style=\"font-family: Book Antiqua, serif;\"><b><span style=\"font-variant: normal;\"><span style=\"letter-spacing: normal;\"><span style=\"font-style: normal;\">S\u0141OWA<br \/>\nEWANGELII WED\u0141UG \u015aW<\/span><\/span><\/span><span style=\"font-variant: normal;\"><span style=\"letter-spacing: normal;\"><span style=\"font-style: normal;\">I\u0118TEGO<\/span><\/span><\/span><span style=\"font-variant: normal;\"><span style=\"letter-spacing: normal;\"><span style=\"font-style: normal;\"><br \/>\n\u0141UKASZA: <\/span><\/span><\/span><\/b><\/span><\/span><br \/>\n<\/span><\/div>\n<div align=\"justify\" style=\"background: transparent; font-style: normal; font-variant: normal; letter-spacing: normal; line-height: 150%; margin-bottom: 0cm; page-break-before: auto; text-indent: 1.3cm;\">\n<span style=\"font-size: x-large;\"><span style=\"color: black;\"><span style=\"font-family: Book Antiqua, serif;\"><b>Za<br \/>\nczas\u00f3w Heroda, kr\u00f3la Judei, \u017cy\u0142 pewien kap\u0142an, imieniem<br \/>\nZachariasz, z oddzia\u0142u Abiasza. Mia\u0142 on \u017con\u0119 z rodu Aarona, a na<br \/>\nimi\u0119 by\u0142o jej El\u017cbieta. Oboje byli sprawiedliwi wobec Boga i<br \/>\npost\u0119powali nienagannie wed\u0142ug wszystkich przykaza\u0144 i przepis\u00f3w<br \/>\nPa\u0144skich. Nie mieli jednak dziecka, poniewa\u017c El\u017cbieta by\u0142a<br \/>\nniep\u0142odna; oboje za\u015b byli ju\u017c posuni\u0119ci w latach. <\/b><\/span><\/span><br \/>\n<\/span><\/div>\n<div align=\"justify\" style=\"background: transparent; font-style: normal; font-variant: normal; letter-spacing: normal; line-height: 150%; margin-bottom: 0cm; text-indent: 1.3cm;\">\n<span style=\"font-size: x-large;\"><span style=\"color: black;\"><span style=\"font-family: Book Antiqua, serif;\"><b>Kiedy<br \/>\nZachariasz w wyznaczonej dla swego oddzia\u0142u kolei pe\u0142ni\u0142 s\u0142u\u017cb\u0119<br \/>\nkap\u0142a\u0144sk\u0105 przed Bogiem, jemu zgodnie ze zwyczajem kap\u0142a\u0144skim<br \/>\nprzypad\u0142 los, \u017ceby wej\u015b\u0107 do przybytku Pa\u0144skiego i z\u0142o\u017cy\u0107<br \/>\nofiar\u0119 kadzenia. A ca\u0142y lud modli\u0142 si\u0119 na zewn\u0105trz w czasie<br \/>\nkadzenia. <\/b><\/span><\/span><br \/>\n<\/span><\/div>\n<div align=\"justify\" style=\"background: transparent; font-style: normal; font-variant: normal; letter-spacing: normal; line-height: 150%; margin-bottom: 0cm; text-indent: 1.3cm;\">\n<span style=\"font-size: x-large;\"><span style=\"color: black;\"><span style=\"font-family: Book Antiqua, serif;\"><b>Naraz<br \/>\nukaza\u0142 mu si\u0119 anio\u0142 Pa\u0144ski, stoj\u0105cy po prawej stronie o\u0142tarza<br \/>\nkadzenia. Przerazi\u0142 si\u0119 na ten widok Zachariasz i strach pad\u0142 na<br \/>\nniego. <\/b><\/span><\/span><br \/>\n<\/span><\/div>\n<div align=\"justify\" style=\"background: transparent; font-style: normal; font-variant: normal; letter-spacing: normal; line-height: 150%; margin-bottom: 0cm; text-indent: 1.3cm;\">\n<span style=\"font-size: x-large;\"><span style=\"color: black;\"><span style=\"font-family: Book Antiqua, serif;\"><b>Lecz<br \/>\nanio\u0142 rzek\u0142 do niego: \u201eNie b\u00f3j si\u0119, Zachariaszu; twoja pro\u015bba<br \/>\nzosta\u0142a wys\u0142uchana: \u017cona twoja El\u017cbieta urodzi ci syna, kt\u00f3remu<br \/>\nnadasz imi\u0119 Jan. B\u0119dzie to dla ciebie rado\u015b\u0107 i wesele; i wielu z<br \/>\njego narodzenia cieszy\u0107 si\u0119 b\u0119dzie. B\u0119dzie bowiem wielki w oczach<br \/>\nPana; wina i sycery pi\u0107 nie b\u0119dzie i ju\u017c w \u0142onie matki nape\u0142niony<br \/>\nb\u0119dzie Duchem \u015awi\u0119tym. Wielu spo\u015br\u00f3d dzieci Izraela nawr\u00f3ci do<br \/>\nPana, Boga ich; on sam p\u00f3jdzie przed Nim w duchu i mocy Eliasza,<br \/>\n\u017ceby serca ojc\u00f3w nak\u0142oni\u0107 ku dzieciom, a niepos\u0142usznych do<br \/>\nusposobienia sprawiedliwych, by przygotowa\u0107 Panu lud doskona\u0142y\u201d.<br \/>\nNa to rzek\u0142 Zachariasz do anio\u0142a: \u201ePo czym to poznam? Bo ja<br \/>\njestem ju\u017c stary i moja \u017cona jest w podesz\u0142ym wieku\u201d. <\/b><\/span><\/span><br \/>\n<\/span><\/div>\n<div align=\"justify\" style=\"background: transparent; font-style: normal; font-variant: normal; letter-spacing: normal; line-height: 150%; margin-bottom: 0cm; text-indent: 1.3cm;\">\n<span style=\"font-size: x-large;\"><span style=\"color: black;\"><span style=\"font-family: Book Antiqua, serif;\"><b>Odpowiedzia\u0142<br \/>\nmu anio\u0142: \u201eJa jestem Gabriel, kt\u00f3ry stoj\u0119 przed Bogiem. A<br \/>\nzosta\u0142em pos\u0142any, aby m\u00f3wi\u0107 z tob\u0105 i oznajmi\u0107 ci t\u0119 wie\u015b\u0107<br \/>\nradosn\u0105. A oto b\u0119dziesz niemy i nie b\u0119dziesz m\u00f3g\u0142 m\u00f3wi\u0107 a\u017c do<br \/>\ndnia, w kt\u00f3rym si\u0119 to stanie, bo nie uwierzy\u0142e\u015b moim s\u0142owom,<br \/>\nkt\u00f3re si\u0119 spe\u0142ni\u0105 w swoim czasie\u201d. <\/b><\/span><\/span><br \/>\n<\/span><\/div>\n<div align=\"justify\" style=\"background: transparent; font-style: normal; font-variant: normal; letter-spacing: normal; line-height: 150%; margin-bottom: 0cm; text-indent: 1.3cm;\">\n<span style=\"font-size: x-large;\"><span style=\"color: black;\"><span style=\"font-family: Book Antiqua, serif;\"><b>Lud<br \/>\ntymczasem czeka\u0142 na Zachariasza. I dziwi\u0142 si\u0119, \u017ce tak d\u0142ugo<br \/>\nzatrzymuje si\u0119 w przybytku. Kiedy wyszed\u0142, nie m\u00f3g\u0142 do nich m\u00f3wi\u0107<br \/>\ni zrozumieli, \u017ce mia\u0142 widzenie w przybytku. On za\u015b dawa\u0142 im znaki<br \/>\ni pozosta\u0142 niemy. <\/b><\/span><\/span><br \/>\n<\/span><\/div>\n<div align=\"justify\" style=\"background: transparent; font-style: normal; font-variant: normal; letter-spacing: normal; line-height: 150%; margin-bottom: 0cm; text-indent: 1.3cm;\">\n<span style=\"color: black;\"><span style=\"font-family: Book Antiqua, serif;\"><span style=\"font-size: x-large;\"><b>A<br \/>\ngdy up\u0142yn\u0119\u0142y dni jego pos\u0142ugi kap\u0142a\u0144skiej, powr\u00f3ci\u0142 do swego<br \/>\ndomu. Potem \u017cona jego, El\u017cbieta, pocz\u0119\u0142a i pozostawa\u0142a w ukryciu<br \/>\nprzez pi\u0119\u0107 miesi\u0119cy i m\u00f3wi\u0142a: \u201eTak uczyni\u0142 mi Pan w\u00f3wczas,<br \/>\nkiedy wejrza\u0142 \u0142askawie i zdj\u0105\u0142 ze mnie ha\u0144b\u0119 w oczach ludzi\u201d.<\/b><\/span><\/span><\/span><\/div>\n<div align=\"justify\" style=\"line-height: 150%; margin-bottom: 0cm;\">\n<span style=\"font-size: x-large;\"><\/p>\n<p><\/span><\/div>\n<div align=\"justify\" style=\"background: transparent; font-style: normal; font-variant: normal; font-weight: normal; letter-spacing: normal; line-height: 150%; margin-bottom: 0cm; page-break-before: auto; text-indent: 1.3cm;\">\n<span style=\"font-size: x-large;\"><span style=\"color: black;\"><span style=\"font-family: Book Antiqua, serif;\">Dwa<br \/>\nbardzo <b>podobne w swej tre\u015bci<\/b> opisy znajdujemy w dzisiejszych<br \/>\nczytaniach. Oto bowiem s\u0142yszymy zapowiedzi narodzenia ludzi<br \/>\nniezwyk\u0142ych. I \u2013 rzeczywi\u015bcie \u2013 podobie\u0144stw w obu historiach<br \/>\njest wiele. <\/span><\/span><br \/>\n<\/span><\/div>\n<div align=\"justify\" style=\"background: transparent; font-style: normal; font-variant: normal; font-weight: normal; letter-spacing: normal; line-height: 150%; margin-bottom: 0cm; text-indent: 1.3cm;\">\n<span style=\"font-size: x-large;\"><span style=\"color: black;\"><span style=\"font-family: Book Antiqua, serif;\">W<br \/>\nobu przypadkach zapowied\u017a ta pop\u0142yn\u0119\u0142a <b>wprost z Nieba;<\/b> w<br \/>\nobu przypadkach by\u0142a ona<b> du\u017cym zaskoczeniem<\/b> dla przysz\u0142ych<br \/>\nrodzic\u00f3w dziecka; w obu przypadkach <b>mieli to by\u0107 synowie;<\/b> w<br \/>\nobu przypadkach wys\u0142annicy z Nieba nakazywali <b>po\u015bwi\u0119cenie nowo<br \/>\nnarodzonych dzieci Bogu<\/b> od samego pocz\u0105tku;  w obu przypadkach<br \/>\nmatki by\u0142y <b>do tej pory bezdzietne,<\/b> co w narodzie wybranym<br \/>\ntraktowano jako kar\u0119 Bo\u017c\u0105 i <i><b>ha\u0144b\u0119 w oczach ludzi,<\/b><\/i><br \/>\na co w obu tych przypadkach by\u0142o p\u0142aszczyzn\u0105, na kt\u00f3rej B\u00f3g m\u00f3g\u0142<br \/>\nukaza\u0107 swoj\u0105 wszechmoc; w obu przypadkach chodzi o ludzi, kt\u00f3rzy<br \/>\nwywr\u0105 bardzo <b>znacz\u0105cy wp\u0142yw na histori\u0119<\/b> swego ludu, a<br \/>\npo\u015brednio tak\u017ce: na histori\u0119 zbawienia. <\/span><\/span><br \/>\n<\/span><\/div>\n<div align=\"justify\" style=\"background: transparent; font-style: normal; font-variant: normal; font-weight: normal; letter-spacing: normal; line-height: 150%; margin-bottom: 0cm; text-indent: 1.3cm;\">\n<span style=\"font-size: x-large;\"><span style=\"color: black;\"><span style=\"font-family: Book Antiqua, serif;\">W<br \/>\nobu przypadkach tak\u017ce <b>kontekst historyczny<\/b> narodzenia si\u0119<br \/>\nowych dzieci by\u0142 trudny dla narodu wybranego, przeto ci, kt\u00f3rych<br \/>\nnarodzenie zapowiadano, mieli dokona\u0107 <b>jakiej\u015b formy wyzwolenia,<\/b><br \/>\nmieli \u2013 w imi\u0119 Bo\u017ce \u2013 dokona\u0107 jakich\u015b niezwyk\u0142ych znak\u00f3w.<br \/>\nZatem \u2013 co wydaje si\u0119 oczywiste \u2013 w obu przypadkach zapowiedzi<br \/>\nich narodzenia wywo\u0142a\u0142y <b>wielk\u0105 rado\u015b\u0107 rodzic\u00f3w. <\/b><\/span><\/span><br \/>\n<\/span><\/div>\n<div align=\"justify\" style=\"background: transparent; font-style: normal; font-variant: normal; font-weight: normal; letter-spacing: normal; line-height: 150%; margin-bottom: 0cm; text-indent: 1.3cm;\">\n<span style=\"color: black;\"><span style=\"font-family: Book Antiqua, serif;\"><span style=\"font-size: x-large;\">Ale<br \/>\n\u2013 nie od razu. W przypadku Zachariasza pojawi\u0142o si\u0119 pewne<br \/>\nniedowierzanie\u2026 Rodzice Samsona \u2013 o czym dzisiaj nie s\u0142yszymy w<br \/>\nczytaniu \u2013 tak\u017ce <b>dopytywali o szczeg\u00f3\u0142y<\/b> zapowiadanego<br \/>\nwydarzenia, chocia\u017c w ich przypadku nie mo\u017cna m\u00f3wi\u0107 o<br \/>\nniedowierzaniu. Oni otworzyli swe serca na Bo\u017c\u0105 obietnic\u0119,<br \/>\njakkolwiek <b>prosili o wskaz\u00f3wki,<\/b> co i jak maj\u0105 czyni\u0107.<br \/>\nNatomiast w wypowiedzi Zachariasza dostrzegamy <b>niejak\u0105<br \/>\nw\u0105tpliwo\u015b\u0107.<\/b> Nie jest ona \u2013 powiedzmy to szczerze \u2013 jaka\u015b<br \/>\nwyj\u0105tkowo du\u017ca i ostra, ale jednak gdzie\u015b <b>w g\u0142\u0119bi serca<br \/>\nmusia\u0142a nurtowa\u0107<\/b> starszego ju\u017c wiekiem przysz\u0142ego ojca, skoro<br \/>\nB\u00f3g zdecydowa\u0142 si\u0119 tak radykalnie w\u0105tpliwo\u015b\u0107 t\u0119 rozwia\u0107:<br \/>\nZachariasz zosta\u0142 <b>dotkni\u0119ty odj\u0119ciem mowy,<\/b> aby w ten spos\u00f3b<br \/>\nprzekona\u0107 si\u0119, \u017ce naprawd\u0119 B\u00f3g zainterweniowa\u0142 w \u017cyciu jego<br \/>\nrodziny.<\/span><\/span><\/span><\/div>\n<div align=\"justify\" style=\"background: transparent; font-style: normal; font-variant: normal; font-weight: normal; letter-spacing: normal; line-height: 150%; margin-bottom: 0cm; text-indent: 1.3cm;\">\n<span style=\"font-size: x-large;\"><span style=\"color: black;\"><span style=\"font-family: Book Antiqua, serif;\">R\u00f3\u017cnie<br \/>\nt\u0142umaczy si\u0119 ten fakt. Wed\u0142ug niekt\u00f3rych opinii, by\u0142 to po<br \/>\nprostu <b>znak od Boga, <\/b>kt\u00f3ry w ten spos\u00f3b chcia\u0142 przekona\u0107<br \/>\nnieco opornego Zachariasza do uwierzenia w obietnic\u0119, kt\u00f3r\u0105<br \/>\ndopiero co otrzyma\u0142. Wed\u0142ug innych, by\u0142o to <b>symboliczne<br \/>\nwyciszanie Starego Testamentu<\/b> na rzecz Nowego. Niekt\u00f3rzy jednak<br \/>\nuwa\u017caj\u0105, \u017ce w ten spos\u00f3b Zachariasz zosta\u0142 przez Boga<br \/>\n\u201ewyciszony\u201d i <b>wprowadzony w stan skupienia, <\/b>aby g\u0142\u0119boko<br \/>\nw sercu lepiej przygotowa\u0107 si\u0119 na przyj\u0119cie w swojej rodzinie<br \/>\ndziecka. <\/span><\/span><br \/>\n<\/span><\/div>\n<div align=\"justify\" style=\"background: transparent; font-style: normal; font-variant: normal; font-weight: normal; letter-spacing: normal; line-height: 150%; margin-bottom: 0cm; text-indent: 1.3cm;\">\n<span style=\"font-size: x-large;\"><span style=\"color: black;\"><span style=\"font-family: Book Antiqua, serif;\">Skoro<br \/>\nnie m\u00f3g\u0142 m\u00f3wi\u0107, to si\u0142\u0105 rzeczy musia\u0142 wej\u015b\u0107 w <b>przestrze\u0144<br \/>\npewnego skupienia,<\/b> w przestrze\u0144 swego wn\u0119trza, swego serca, aby<br \/>\n<b>g\u0142\u0119biej zaduma\u0107 si\u0119<\/b> nad wielko\u015bci\u0105 Boga i Jego<br \/>\ndzia\u0142aniem w \u017cyciu cz\u0142owieka. By\u0142y to zatem dla Zachariasza<br \/>\n<b>swoiste rekolekcje,<\/b> dni skupienia, a wi\u0119c \u2013 co\u015b bardzo<br \/>\npozytywnego. <\/span><\/span><br \/>\n<\/span><\/div>\n<div align=\"justify\" style=\"background: transparent; font-style: normal; font-variant: normal; font-weight: normal; letter-spacing: normal; line-height: 150%; margin-bottom: 0cm; text-indent: 1.3cm;\">\n<span style=\"font-size: x-large;\"><span style=\"color: black;\"><span style=\"font-family: Book Antiqua, serif;\">A<br \/>\nchocia\u017c zwyk\u0142o si\u0119 uwa\u017ca\u0107 to za kar\u0119 Bo\u017c\u0105, bo nawet w jednym<br \/>\nz brewiarzowych hymn\u00f3w m\u00f3wimy, i\u017c Zachariasz <b>\u201emowy odj\u0119ciem<br \/>\nzosta\u0142 ukarany\u201d,<\/b> to jednak musimy chyba stwierdzi\u0107, \u017ce \u201emowy<br \/>\nodj\u0119ciem\u201d zosta\u0142 on <b>obdarowany<\/b> \u2013 jako czym\u015b naprawd\u0119<br \/>\nwarto\u015bciowym i dobrym! <\/span><\/span><br \/>\n<\/span><\/div>\n<div align=\"justify\" style=\"background: transparent; font-style: normal; font-variant: normal; font-weight: normal; letter-spacing: normal; line-height: 150%; margin-bottom: 0cm; text-indent: 1.3cm;\">\n<span style=\"color: black;\"><span style=\"font-family: Book Antiqua, serif;\"><span style=\"font-size: x-large;\">My<br \/>\nte\u017c, moi Drodzy, musimy sobie to u\u015bwiadomi\u0107, \u017ce <b>cisza \u2013 to<br \/>\nnie kara! Cisza to dobrodziejstwo!<\/b> A ju\u017c szczeg\u00f3lnie \u2013 w<br \/>\nnaszych czasach, tak bardzo rozkrzyczanych, naznaczonych niesamowitym<br \/>\nbe\u0142kotem, zgie\u0142kiem, ha\u0142asem, kt\u00f3ry do naszych serc nie tyle<br \/>\nwkrada si\u0119, co <b>wdziera si\u0119 w spos\u00f3b szczeg\u00f3lnie agresywny.<\/b><br \/>\nKiedy za\u015b Ko\u015bci\u00f3\u0142 \u2013 czy to w Adwencie, czy w Wielkim Po\u015bcie,<br \/>\nczy w poszczeg\u00f3lne pi\u0105tki ca\u0142ego roku \u2013 zach\u0119ca do ciszy, to<br \/>\n<b>spotyka si\u0119 to z<\/b> <b>oporem<\/b> wielu ludzi, widz\u0105cych w tym<br \/>\nkolejne ograniczenia swojej wolno\u015bci i jakie\u015b nieziemskie<br \/>\nwymagania. A tymczasem \u2013 podkre\u015blmy to jeszcze raz bardzo mocno \u2013<br \/>\n<b>cisza to nie kara!<\/b> <b>Cisza to dobrodziejstwo!<\/b><\/span><\/span><\/span><\/div>\n<div align=\"justify\" style=\"background: transparent; font-style: normal; font-variant: normal; font-weight: normal; letter-spacing: normal; line-height: 150%; margin-bottom: 0cm; text-indent: 1.3cm;\">\n<span style=\"color: black;\"><span style=\"font-family: Book Antiqua, serif;\"><span style=\"font-size: x-large;\">Na<br \/>\nile tego dobrodziejstwa pozwalam sobie w czasie prze\u017cywanego akurat<br \/>\nAdwentu? Ile mam odwagi, \u017ceby <b>zawalczy\u0107 o cisz\u0119<\/b> w swoim<br \/>\n\u017cyciu?\u2026<\/span><\/span><\/span><\/div>\n","protected":false},"excerpt":{"rendered":"<p>Szcz\u0119\u015b\u0107 Bo\u017ce! Moi Drodzy, w dniu dzisiejszym imieniny obchodzi kilku moich Znajomych: \u2013 Ksi\u0105dz Dariusz Osta\u0142owski i Ksi\u0105dz Dariusz Radzikowski \u2013 moi Koledzy kursowi; \u2013 Ksi\u0105dz Dariusz Sobkowicz \u2013 m\u00f3j Kolega z Diecezji lubelskiej; \u2013 Ksi\u0105dz Dariusz Zag\u00f3rski \u2013 Rektor Wy\u017cszego Seminarium Duchownego w Toruniu i Kolega z czas\u00f3w studi\u00f3w na KUL; \u2013 Ksi\u0105dz Dariusz [&hellip;]<\/p>\n","protected":false},"author":1,"featured_media":0,"comment_status":"open","ping_status":"open","sticky":false,"template":"","format":"standard","meta":{"jetpack_post_was_ever_published":false,"_jetpack_newsletter_access":"","_jetpack_dont_email_post_to_subs":false,"_jetpack_newsletter_tier_id":0,"_jetpack_memberships_contains_paywalled_content":false,"_jetpack_memberships_contains_paid_content":false,"footnotes":""},"categories":[1],"tags":[],"class_list":["post-14749","post","type-post","status-publish","format-standard","hentry","category-bez-kategorii"],"yoast_head":"<!-- This site is optimized with the Yoast SEO plugin v25.1 - https:\/\/yoast.com\/wordpress\/plugins\/seo\/ -->\n<title>Cisza - to dobrodziejstwo! - Gaudium Et Spes<\/title>\n<meta name=\"robots\" content=\"index, follow, max-snippet:-1, max-image-preview:large, max-video-preview:-1\" \/>\n<link rel=\"canonical\" href=\"https:\/\/gaudiumetspes-blog.pl\/index.php\/2018\/12\/19\/cisza-to-dobrodziejstwo\/\" \/>\n<meta property=\"og:locale\" content=\"pl_PL\" \/>\n<meta property=\"og:type\" content=\"article\" \/>\n<meta property=\"og:title\" content=\"Cisza - to dobrodziejstwo! - Gaudium Et Spes\" \/>\n<meta property=\"og:description\" content=\"Szcz\u0119\u015b\u0107 Bo\u017ce! Moi Drodzy, w dniu dzisiejszym imieniny obchodzi kilku moich Znajomych: \u2013 Ksi\u0105dz Dariusz Osta\u0142owski i Ksi\u0105dz Dariusz Radzikowski \u2013 moi Koledzy kursowi; \u2013 Ksi\u0105dz Dariusz Sobkowicz \u2013 m\u00f3j Kolega z Diecezji lubelskiej; \u2013 Ksi\u0105dz Dariusz Zag\u00f3rski \u2013 Rektor Wy\u017cszego Seminarium Duchownego w Toruniu i Kolega z czas\u00f3w studi\u00f3w na KUL; \u2013 Ksi\u0105dz Dariusz [&hellip;]\" \/>\n<meta property=\"og:url\" content=\"https:\/\/gaudiumetspes-blog.pl\/index.php\/2018\/12\/19\/cisza-to-dobrodziejstwo\/\" \/>\n<meta property=\"og:site_name\" content=\"Gaudium Et Spes\" \/>\n<meta property=\"article:published_time\" content=\"2018-12-19T08:06:00+00:00\" \/>\n<meta property=\"article:modified_time\" content=\"2019-07-31T10:58:02+00:00\" \/>\n<meta name=\"author\" content=\"Ks. Jacek\" \/>\n<meta name=\"twitter:card\" content=\"summary_large_image\" \/>\n<meta name=\"twitter:label1\" content=\"Napisane przez\" \/>\n\t<meta name=\"twitter:data1\" content=\"Ks. Jacek\" \/>\n\t<meta name=\"twitter:label2\" content=\"Szacowany czas czytania\" \/>\n\t<meta name=\"twitter:data2\" content=\"8 minut\" \/>\n<script type=\"application\/ld+json\" class=\"yoast-schema-graph\">{\"@context\":\"https:\/\/schema.org\",\"@graph\":[{\"@type\":\"WebPage\",\"@id\":\"https:\/\/gaudiumetspes-blog.pl\/index.php\/2018\/12\/19\/cisza-to-dobrodziejstwo\/\",\"url\":\"https:\/\/gaudiumetspes-blog.pl\/index.php\/2018\/12\/19\/cisza-to-dobrodziejstwo\/\",\"name\":\"Cisza - to dobrodziejstwo! - Gaudium Et Spes\",\"isPartOf\":{\"@id\":\"https:\/\/gaudiumetspes-blog.pl\/#website\"},\"datePublished\":\"2018-12-19T08:06:00+00:00\",\"dateModified\":\"2019-07-31T10:58:02+00:00\",\"author\":{\"@id\":\"https:\/\/gaudiumetspes-blog.pl\/#\/schema\/person\/1661982992b752dea8dff0d4ed845a65\"},\"breadcrumb\":{\"@id\":\"https:\/\/gaudiumetspes-blog.pl\/index.php\/2018\/12\/19\/cisza-to-dobrodziejstwo\/#breadcrumb\"},\"inLanguage\":\"pl-PL\",\"potentialAction\":[{\"@type\":\"ReadAction\",\"target\":[\"https:\/\/gaudiumetspes-blog.pl\/index.php\/2018\/12\/19\/cisza-to-dobrodziejstwo\/\"]}]},{\"@type\":\"BreadcrumbList\",\"@id\":\"https:\/\/gaudiumetspes-blog.pl\/index.php\/2018\/12\/19\/cisza-to-dobrodziejstwo\/#breadcrumb\",\"itemListElement\":[{\"@type\":\"ListItem\",\"position\":1,\"name\":\"Strona g\u0142\u00f3wna\",\"item\":\"https:\/\/gaudiumetspes-blog.pl\/\"},{\"@type\":\"ListItem\",\"position\":2,\"name\":\"Cisza &#8211; to&nbsp;dobrodziejstwo!\"}]},{\"@type\":\"WebSite\",\"@id\":\"https:\/\/gaudiumetspes-blog.pl\/#website\",\"url\":\"https:\/\/gaudiumetspes-blog.pl\/\",\"name\":\"Gaudium Et Spes\",\"description\":\"Blog Ks. Jacka Ja\u015bkowskiego\",\"potentialAction\":[{\"@type\":\"SearchAction\",\"target\":{\"@type\":\"EntryPoint\",\"urlTemplate\":\"https:\/\/gaudiumetspes-blog.pl\/?s={search_term_string}\"},\"query-input\":{\"@type\":\"PropertyValueSpecification\",\"valueRequired\":true,\"valueName\":\"search_term_string\"}}],\"inLanguage\":\"pl-PL\"},{\"@type\":\"Person\",\"@id\":\"https:\/\/gaudiumetspes-blog.pl\/#\/schema\/person\/1661982992b752dea8dff0d4ed845a65\",\"name\":\"Ks. Jacek\",\"image\":{\"@type\":\"ImageObject\",\"inLanguage\":\"pl-PL\",\"@id\":\"https:\/\/gaudiumetspes-blog.pl\/#\/schema\/person\/image\/\",\"url\":\"https:\/\/gaudiumetspes-blog.pl\/wp-content\/uploads\/2019\/07\/avatar-JJ-150x150.jpg\",\"contentUrl\":\"https:\/\/gaudiumetspes-blog.pl\/wp-content\/uploads\/2019\/07\/avatar-JJ-150x150.jpg\",\"caption\":\"Ks. Jacek\"},\"description\":\"Witam serdecznie! K\u0142ania si\u0119 Ks. Jacek Ja\u015bkowski. Nie jestem ani kim\u015b wa\u017cnym, ani kim\u015b znanym. Jestem ksi\u0119dzem, kt\u00f3ry po prostu chce rozmawia\u0107. Codzienna kap\u0142a\u0144ska pos\u0142uga pokazuje mi, \u017ce temat\u00f3w do rozm\u00f3w z ksi\u0119dzem jest coraz wi\u0119cej i dzisiaj \u017caden ksi\u0105dz nie mo\u017ce od nich ucieka\u0107, ale - wprost przeciwnie - podejmowa\u0107 nowe wyzwania. To przekonanie sk\u0142oni\u0142o mnie do pr\u00f3by otwarcia tego\u017c bloga, chocia\u017c okazji do rozm\u00f3w na co dzie\u0144 - w konfesjonale i poza nim - na szcz\u0119\u015bcie nie brakuje. My\u015bl\u0119 jednak, \u017ce ten blog b\u0119dzie jeszcze jednym sposobem i przestrzeni\u0105 nawi\u0105zania kontaktu z lud\u017ami dobrej woli, otwartymi na dialog.\",\"url\":\"https:\/\/gaudiumetspes-blog.pl\/index.php\/author\/ks-jacek\/\"}]}<\/script>\n<!-- \/ Yoast SEO plugin. -->","yoast_head_json":{"title":"Cisza - to dobrodziejstwo! - Gaudium Et Spes","robots":{"index":"index","follow":"follow","max-snippet":"max-snippet:-1","max-image-preview":"max-image-preview:large","max-video-preview":"max-video-preview:-1"},"canonical":"https:\/\/gaudiumetspes-blog.pl\/index.php\/2018\/12\/19\/cisza-to-dobrodziejstwo\/","og_locale":"pl_PL","og_type":"article","og_title":"Cisza - to dobrodziejstwo! - Gaudium Et Spes","og_description":"Szcz\u0119\u015b\u0107 Bo\u017ce! Moi Drodzy, w dniu dzisiejszym imieniny obchodzi kilku moich Znajomych: \u2013 Ksi\u0105dz Dariusz Osta\u0142owski i Ksi\u0105dz Dariusz Radzikowski \u2013 moi Koledzy kursowi; \u2013 Ksi\u0105dz Dariusz Sobkowicz \u2013 m\u00f3j Kolega z Diecezji lubelskiej; \u2013 Ksi\u0105dz Dariusz Zag\u00f3rski \u2013 Rektor Wy\u017cszego Seminarium Duchownego w Toruniu i Kolega z czas\u00f3w studi\u00f3w na KUL; \u2013 Ksi\u0105dz Dariusz [&hellip;]","og_url":"https:\/\/gaudiumetspes-blog.pl\/index.php\/2018\/12\/19\/cisza-to-dobrodziejstwo\/","og_site_name":"Gaudium Et Spes","article_published_time":"2018-12-19T08:06:00+00:00","article_modified_time":"2019-07-31T10:58:02+00:00","author":"Ks. Jacek","twitter_card":"summary_large_image","twitter_misc":{"Napisane przez":"Ks. Jacek","Szacowany czas czytania":"8 minut"},"schema":{"@context":"https:\/\/schema.org","@graph":[{"@type":"WebPage","@id":"https:\/\/gaudiumetspes-blog.pl\/index.php\/2018\/12\/19\/cisza-to-dobrodziejstwo\/","url":"https:\/\/gaudiumetspes-blog.pl\/index.php\/2018\/12\/19\/cisza-to-dobrodziejstwo\/","name":"Cisza - to dobrodziejstwo! - Gaudium Et Spes","isPartOf":{"@id":"https:\/\/gaudiumetspes-blog.pl\/#website"},"datePublished":"2018-12-19T08:06:00+00:00","dateModified":"2019-07-31T10:58:02+00:00","author":{"@id":"https:\/\/gaudiumetspes-blog.pl\/#\/schema\/person\/1661982992b752dea8dff0d4ed845a65"},"breadcrumb":{"@id":"https:\/\/gaudiumetspes-blog.pl\/index.php\/2018\/12\/19\/cisza-to-dobrodziejstwo\/#breadcrumb"},"inLanguage":"pl-PL","potentialAction":[{"@type":"ReadAction","target":["https:\/\/gaudiumetspes-blog.pl\/index.php\/2018\/12\/19\/cisza-to-dobrodziejstwo\/"]}]},{"@type":"BreadcrumbList","@id":"https:\/\/gaudiumetspes-blog.pl\/index.php\/2018\/12\/19\/cisza-to-dobrodziejstwo\/#breadcrumb","itemListElement":[{"@type":"ListItem","position":1,"name":"Strona g\u0142\u00f3wna","item":"https:\/\/gaudiumetspes-blog.pl\/"},{"@type":"ListItem","position":2,"name":"Cisza &#8211; to&nbsp;dobrodziejstwo!"}]},{"@type":"WebSite","@id":"https:\/\/gaudiumetspes-blog.pl\/#website","url":"https:\/\/gaudiumetspes-blog.pl\/","name":"Gaudium Et Spes","description":"Blog Ks. Jacka Ja\u015bkowskiego","potentialAction":[{"@type":"SearchAction","target":{"@type":"EntryPoint","urlTemplate":"https:\/\/gaudiumetspes-blog.pl\/?s={search_term_string}"},"query-input":{"@type":"PropertyValueSpecification","valueRequired":true,"valueName":"search_term_string"}}],"inLanguage":"pl-PL"},{"@type":"Person","@id":"https:\/\/gaudiumetspes-blog.pl\/#\/schema\/person\/1661982992b752dea8dff0d4ed845a65","name":"Ks. Jacek","image":{"@type":"ImageObject","inLanguage":"pl-PL","@id":"https:\/\/gaudiumetspes-blog.pl\/#\/schema\/person\/image\/","url":"https:\/\/gaudiumetspes-blog.pl\/wp-content\/uploads\/2019\/07\/avatar-JJ-150x150.jpg","contentUrl":"https:\/\/gaudiumetspes-blog.pl\/wp-content\/uploads\/2019\/07\/avatar-JJ-150x150.jpg","caption":"Ks. Jacek"},"description":"Witam serdecznie! K\u0142ania si\u0119 Ks. Jacek Ja\u015bkowski. Nie jestem ani kim\u015b wa\u017cnym, ani kim\u015b znanym. Jestem ksi\u0119dzem, kt\u00f3ry po prostu chce rozmawia\u0107. Codzienna kap\u0142a\u0144ska pos\u0142uga pokazuje mi, \u017ce temat\u00f3w do rozm\u00f3w z ksi\u0119dzem jest coraz wi\u0119cej i dzisiaj \u017caden ksi\u0105dz nie mo\u017ce od nich ucieka\u0107, ale - wprost przeciwnie - podejmowa\u0107 nowe wyzwania. To przekonanie sk\u0142oni\u0142o mnie do pr\u00f3by otwarcia tego\u017c bloga, chocia\u017c okazji do rozm\u00f3w na co dzie\u0144 - w konfesjonale i poza nim - na szcz\u0119\u015bcie nie brakuje. My\u015bl\u0119 jednak, \u017ce ten blog b\u0119dzie jeszcze jednym sposobem i przestrzeni\u0105 nawi\u0105zania kontaktu z lud\u017ami dobrej woli, otwartymi na dialog.","url":"https:\/\/gaudiumetspes-blog.pl\/index.php\/author\/ks-jacek\/"}]}},"jetpack_featured_media_url":"","jetpack_sharing_enabled":true,"_links":{"self":[{"href":"https:\/\/gaudiumetspes-blog.pl\/index.php\/wp-json\/wp\/v2\/posts\/14749","targetHints":{"allow":["GET"]}}],"collection":[{"href":"https:\/\/gaudiumetspes-blog.pl\/index.php\/wp-json\/wp\/v2\/posts"}],"about":[{"href":"https:\/\/gaudiumetspes-blog.pl\/index.php\/wp-json\/wp\/v2\/types\/post"}],"author":[{"embeddable":true,"href":"https:\/\/gaudiumetspes-blog.pl\/index.php\/wp-json\/wp\/v2\/users\/1"}],"replies":[{"embeddable":true,"href":"https:\/\/gaudiumetspes-blog.pl\/index.php\/wp-json\/wp\/v2\/comments?post=14749"}],"version-history":[{"count":1,"href":"https:\/\/gaudiumetspes-blog.pl\/index.php\/wp-json\/wp\/v2\/posts\/14749\/revisions"}],"predecessor-version":[{"id":14790,"href":"https:\/\/gaudiumetspes-blog.pl\/index.php\/wp-json\/wp\/v2\/posts\/14749\/revisions\/14790"}],"wp:attachment":[{"href":"https:\/\/gaudiumetspes-blog.pl\/index.php\/wp-json\/wp\/v2\/media?parent=14749"}],"wp:term":[{"taxonomy":"category","embeddable":true,"href":"https:\/\/gaudiumetspes-blog.pl\/index.php\/wp-json\/wp\/v2\/categories?post=14749"},{"taxonomy":"post_tag","embeddable":true,"href":"https:\/\/gaudiumetspes-blog.pl\/index.php\/wp-json\/wp\/v2\/tags?post=14749"}],"curies":[{"name":"wp","href":"https:\/\/api.w.org\/{rel}","templated":true}]}}