{"id":15503,"date":"2019-08-01T07:33:53","date_gmt":"2019-08-01T05:33:53","guid":{"rendered":"https:\/\/gaudiumetspes-blog.pl\/?p=15503"},"modified":"2019-08-01T07:41:56","modified_gmt":"2019-08-01T05:41:56","slug":"witam-w-nowym-domu","status":"publish","type":"post","link":"https:\/\/gaudiumetspes-blog.pl\/index.php\/2019\/08\/01\/witam-w-nowym-domu\/","title":{"rendered":"WITAM W NOWYM DOMU!"},"content":{"rendered":"<p align=\"justify\"><span style=\"color: #000000\"><span style=\"font-family: Book Antiqua, serif\"><span style=\"font-size: large\">Szcz\u0119\u015b\u0107 Bo\u017ce! Moi Drodzy, witam w nowym domu! Nie musimy zapami\u0119tywa\u0107 i zapisywa\u0107 nowego adresu, bo Moderator tak nam \u201eu\u0142o\u017cy\u0142 chodnik\u201d, \u017ce sam prowadzi nas do nowego mieszkania, kiedy udamy si\u0119 pod stary adres. Bardzo serdecznie dzi\u0119kuj\u0119 Moderatorowi, Krzysztofowi Fabisiakowi, za ca\u0142\u0105 prac\u0119, jak\u0105 do tej pory wykona\u0142 \u2013 i ci\u0105gle jeszcze b\u0119dzie wykonywa\u0142! Dzi\u0119kuj\u0119 tak\u017ce Jego wspania\u0142ej \u017bonie, Magdalenie, za pomoc i konsultacj\u0119 przy tej pracy.<\/span><\/span><\/span><\/p>\n<p align=\"justify\"><span style=\"color: #000000\"><span style=\"font-family: Book Antiqua, serif\"><span style=\"font-size: large\">Moi Drodzy, nasze nowe mieszkanko wymaga jeszcze pewnych prac wyko\u0144czeniowych. Do ustawienia jest edytor zamieszczanych tekst\u00f3w \u2013 i jeszcze par\u0119 innych rzeczy. Ale to wszystko na spokojnie. Tymczasem, ju\u017c tu jeste\u015bmy. <b>WITAM WSZYSTKICH MOICH DOMOWNIK\u00d3W W NOWYM MIESZKANIU!<\/b><\/span><\/span><\/span><\/p>\n<p align=\"justify\"><span style=\"color: #000000\"><span style=\"font-family: Book Antiqua, serif\"><span style=\"font-size: large\">Moderator przeni\u00f3s\u0142 tu ca\u0142\u0105 zawarto\u015b\u0107 poprzedniego bloga. Niestety, te poprzednie teksty s\u0105 dziwnie porozrzucane, dlatego wizualnie nie wypada to najlepiej. Wczoraj troch\u0119 popracowa\u0142em, aby poustawia\u0107 chocia\u017c ostatnie posty, ale poprzednie wygl\u0105daj\u0105 tak, jak wygl\u0105daj\u0105\u2026 Spr\u00f3bujemy nad tym jeszcze popracowa\u0107. Tak\u017ce nowe posty b\u0119d\u0105 udoskonalane, je\u015bli idzie o szat\u0119 graficzn\u0105.<\/span><\/span><\/span><\/p>\n<p align=\"justify\"><span style=\"color: #000000\"><span style=\"font-family: Book Antiqua, serif\"><span style=\"font-size: large\">W tym nowym mieszkaniu reaktywujemy pokoik pod nazw\u0105: \u201eKsi\u0119ga intencji\u201d. Moi Drodzy, poniewa\u017c dawno tam nie zagl\u0105dali\u015bmy i cz\u0119\u015b\u0107 intencji si\u0119 zdezaktualizowa\u0142a, przeto wczoraj wszystkie poprzednie wpisy zosta\u0142y usuni\u0119te i zaczynamy ten pokoik meblowa\u0107 od nowa. Prosz\u0119 przysy\u0142a\u0107 do mnie swoje intencje, a ja b\u0119d\u0119 je zamieszcza\u0142. Prosz\u0119 mnie tak\u017ce informowa\u0107 na bie\u017c\u0105co, je\u017celi kt\u00f3r\u0105\u015b intencj\u0119 trzeba zmodyfikowa\u0107, albo usun\u0105\u0107. <\/span><\/span><\/span><\/p>\n<p align=\"justify\"><span style=\"color: #000000\"><span style=\"font-family: Book Antiqua, serif\"><span style=\"font-size: large\">W tym celu prosz\u0119 o zagl\u0105danie do pokoiku z napisem: \u201eKontakt\u201d. Tam znajdziemy zach\u0119t\u0119: \u201eNapisz do mnie\u201d. W ten spos\u00f3b odnawiamy tak\u017ce t\u0119 form\u0119 osobistego kontaktu.<\/span><\/span><\/span><\/p>\n<p align=\"justify\"><span style=\"color: #000000\"><span style=\"font-family: Book Antiqua, serif\"><span style=\"font-size: large\">Zgodnie z Waszymi sugestiami, moi Drodzy, otwieramy jeszcze dwa nowe pokoiki \u2013 znajdziecie je na g\u00f3rze strony tytu\u0142owej: \u201eParafia w Surgucie\u201d i \u201eBlog Ksi\u0119dza Marka\u201d. A my\u015bl\u0119, \u017ce jeszcze jeden uda si\u0119 w tych dniach otworzy\u0107.<\/span><\/span><\/span><\/p>\n<p align=\"justify\"><span style=\"color: #000000\"><span style=\"font-family: Book Antiqua, serif\"><span style=\"font-size: large\">Moi Drodzy, zobaczmy, jak nam si\u0119 b\u0119dzie mieszka\u0142o w nowym miejscu. W imieniu Moderatora i swoim prosz\u0119 o sugestie, obserwacje, propozycje\u2026 <\/span><\/span><\/span><\/p>\n<p align=\"justify\"><span style=\"color: #000000\"><span style=\"font-family: Book Antiqua, serif\"><span style=\"font-size: large\">Tymczasem, dzi\u0119kujemy Ksi\u0119dzu Markowi za wczorajsze s\u0142\u00f3wko. Tak si\u0119 z\u0142o\u017cy\u0142o, \u017ce to akurat ono wprowadzi\u0142o nas do nowego domu! Pami\u0119tajmy o modlitwie we wszystkich intencjach, jakie Ksi\u0105dz Marek nam poleca, szczeg\u00f3lnie za chorego Anatolia\u2026 <\/span><\/span><\/span><\/p>\n<p align=\"justify\"><span style=\"color: #000000\"><span style=\"font-family: Book Antiqua, serif\"><span style=\"font-size: large\">A oto wczoraj, na szlak p\u0105tniczy, wyruszy\u0142a pierwsza Grupa Pieszej Pielgrzymki Podlaskiej. Tak si\u0119 sk\u0142ada, \u017ce jako pierwsza wyrusza Grupa numerycznie ostatnia, bo siedemnasta. Z W\u0142odawy. Dzisiaj wyruszaj\u0105 Grupy z mojego rodzinnego Miasta, z Bia\u0142ej Podlaskiej, a tak\u017ce z \u0141osic. Zechciejmy towarzyszy\u0107 Pielgrzymom modlitw\u0105!<\/span><\/span><\/span><\/p>\n<p align=\"center\"><span style=\"color: #000000\"><span style=\"font-family: Book Antiqua, serif\"><span style=\"font-size: large\">Gaudium et spes! Ks. Jacek<\/span><\/span><\/span><\/p>\n<p align=\"center\">\n<p align=\"center\">\n<p align=\"center\">\n<p align=\"center\">\n<p align=\"justify\"><span style=\"color: #000000\"><span style=\"font-family: Book Antiqua, serif\"><span style=\"font-size: large\"><b>Czwartek 17 Tygodnia zwyk\u0142ego, rok I,<\/b><\/span><\/span><\/span><\/p>\n<p align=\"justify\"><span style=\"color: #000000\"><span style=\"font-family: Book Antiqua, serif\"><span style=\"font-size: large\"><b>Wspomnienie \u015aw. Alfonsa Marii Liguoriego, <\/b><\/span><\/span><\/span><\/p>\n<p align=\"justify\"><span style=\"color: #000000\"><span style=\"font-family: Book Antiqua, serif\"><span style=\"font-size: large\"><b>Biskupa i Doktora Ko\u015bcio\u0142a,<\/b><\/span><\/span><\/span><\/p>\n<p align=\"justify\"><span style=\"color: #000000\"><span style=\"font-family: Book Antiqua, serif\"><span style=\"font-size: large\"><b>do czyta\u0144: Wj 40,16\u201321.34\u201338; Mt 13,47\u201353<\/b><\/span><\/span><\/span><\/p>\n<p align=\"justify\">\n<p align=\"justify\">\n<p align=\"justify\">\n<p align=\"justify\">\n<p align=\"justify\"><span style=\"color: #000000\"><span style=\"font-family: Book Antiqua, serif\"><span style=\"font-size: large\"><b>CZYTANIE Z KSI\u0118GI WYJ\u015aCIA:<\/b><\/span><\/span><\/span><\/p>\n<p align=\"justify\"><span style=\"color: #000000\"><span style=\"font-family: Book Antiqua, serif\"><span style=\"font-size: large\"><b>Moj\u017cesz wykona\u0142 wszystko tak, jak mu to Pan nakaza\u0142 uczyni\u0107. Wzniesiono przybytek dnia pierwszego, miesi\u0105ca pierwszego roku drugiego. Postawi\u0142 Moj\u017cesz przybytek, za\u0142o\u017cy\u0142 podstawy, ustawi\u0142 dach, umie\u015bci\u0142 poprzeczki oraz ustawi\u0142 s\u0142upy. I rozci\u0105gn\u0105\u0142 namiot nad przybytkiem i nakry\u0142 go przykryciem namiotu z g\u00f3ry, jak to nakaza\u0142 Pan Moj\u017ceszowi. Nast\u0119pnie wzi\u0105\u0142 \u015awiadectwo i po\u0142o\u017cy\u0142 je w Arce, w\u0142o\u017cy\u0142 te\u017c dr\u0105\u017cki do pier\u015bcieni Arki i przykry\u0142 z wierzchu przeb\u0142agalni\u0105. Wni\u00f3s\u0142 nast\u0119pnie Ark\u0119 do przybytku i zawiesi\u0142 zas\u0142on\u0119 zakrywaj\u0105c\u0105 i okry\u0142 ni\u0105 Ark\u0119 \u015awiadectwa, jak nakaza\u0142 Pan Moj\u017ceszowi.<\/b><\/span><\/span><\/span><\/p>\n<p align=\"justify\"><span style=\"color: #000000\"><span style=\"font-family: Book Antiqua, serif\"><span style=\"font-size: large\"><b>Wtedy to ob\u0142ok okry\u0142 Namiot Spotkania, a chwa\u0142a Pana nape\u0142ni\u0142a przybytek. I nie m\u00f3g\u0142 Moj\u017cesz wej\u015b\u0107 do Namiotu Spotkania, bo spoczywa\u0142 na nim ob\u0142ok i chwa\u0142a Pana wype\u0142nia\u0142a przybytek. Ile razy ob\u0142ok wznosi\u0142 si\u0119 nad przybytkiem, synowie Izraela wyruszali w drog\u0119, a je\u015bli ob\u0142ok nie wznosi\u0142 si\u0119, nie ruszali w drog\u0119, a\u017c do dnia uniesienia si\u0119 ob\u0142oku. Ob\u0142ok bowiem Pana za dnia zakrywa\u0142 przybytek, a w nocy b\u0142yszcza\u0142 jak ogie\u0144 w oczach ca\u0142ego domu izraelskiego w czasie ca\u0142ej ich w\u0119dr\u00f3wki.<\/b><\/span><\/span><\/span><\/p>\n<p align=\"justify\">\n<p align=\"justify\">\n<p align=\"justify\">\n<p align=\"justify\">\n<p align=\"justify\"><span style=\"color: #000000\"><span style=\"font-family: Book Antiqua, serif\"><span style=\"font-size: large\"><b>S\u0141OWA EWANGELII WED\u0141UG \u015aWI\u0118TEGO MATEUSZA:<\/b><\/span><\/span><\/span><\/p>\n<p align=\"justify\"><span style=\"color: #000000\"><span style=\"font-family: Book Antiqua, serif\"><span style=\"font-size: large\"><b>Jezus powiedzia\u0142 do t\u0142um\u00f3w: \u201ePodobne jest kr\u00f3lestwo niebieskie do sieci zarzuconej w morze i zagarniaj\u0105cej ryby wszelkiego rodzaju. Gdy si\u0119 nape\u0142ni\u0142a, wyci\u0105gn\u0119li j\u0105 na brzeg i usiad\u0142szy, dobre zebrali w naczynia, a z\u0142e odrzucili. Tak b\u0119dzie przy ko\u0144cu \u015bwiata: wyjd\u0105 anio\u0142owie, wy\u0142\u0105cz\u0105 z\u0142ych spo\u015br\u00f3d sprawiedliwych i wrzuc\u0105 w piec rozpalony; tam b\u0119dzie p\u0142acz i zgrzytanie z\u0119b\u00f3w.<\/b><\/span><\/span><\/span><\/p>\n<p align=\"justify\"><span style=\"color: #000000\"><span style=\"font-family: Book Antiqua, serif\"><span style=\"font-size: large\"><b>Zrozumieli\u015bcie to wszystko?\u201d <\/b><\/span><\/span><\/span><\/p>\n<p align=\"justify\"><span style=\"color: #000000\"><span style=\"font-family: Book Antiqua, serif\"><span style=\"font-size: large\"><b>Odpowiedzieli Mu: \u201eTak jest\u201d. <\/b><\/span><\/span><\/span><\/p>\n<p align=\"justify\"><span style=\"color: #000000\"><span style=\"font-family: Book Antiqua, serif\"><span style=\"font-size: large\"><b>A On rzek\u0142 do nich: \u201eDlatego ka\u017cdy uczony w Pi\u015bmie, kt\u00f3ry sta\u0142 si\u0119 uczniem kr\u00f3lestwa niebieskiego, podobny jest do ojca rodziny, kt\u00f3ry ze swego skarbca wydobywa rzeczy nowe i stare\u201d. <\/b><\/span><\/span><\/span><\/p>\n<p align=\"justify\"><span style=\"color: #000000\"><span style=\"font-family: Book Antiqua, serif\"><span style=\"font-size: large\"><b>Gdy Jezus doko\u0144czy\u0142 tych przypowie\u015bci, oddali\u0142 si\u0119 stamt\u0105d.<\/b><\/span><\/span><\/span><\/p>\n<p align=\"justify\">\n<p align=\"justify\">\n<p align=\"justify\">\n<p align=\"justify\">\n<p align=\"justify\"><span style=\"color: #000000\"><span style=\"font-family: Book Antiqua, serif\"><span style=\"font-size: large\">S\u0142uchaj\u0105c bardzo skrupulatnego opisu pracy, wykonanej przez Moj\u017cesza w celu wystawienia Namiotu Spotkania, zapewne zastanawiamy si\u0119, <b>dlaczego jest on a\u017c tak skrupulatny?<\/b> Dlaczego Moj\u017cesz musia\u0142 dok\u0142adnie, wed\u0142ug drobiazgowych wskaz\u00f3wek o znaczeniu technicznym, uczyni\u0107 to wszystko, co B\u00f3g powiedzia\u0142, nie dopuszczaj\u0105c <b>\u017cadnych w\u0142asnych pomys\u0142\u00f3w,<\/b> \u017cadnej w\u0142asnej inwencji tw\u00f3rczej, tylko bardzo, bardzo szczeg\u00f3\u0142owo wype\u0142niaj\u0105c Bo\u017ce wskazania?\u2026 <\/span><\/span><\/span><\/p>\n<p align=\"justify\"><span style=\"color: #000000\"><span style=\"font-family: Book Antiqua, serif\"><span style=\"font-size: large\">By\u0107 mo\u017ce dlatego, \u017ce to <b>sam B\u00f3g<\/b> \u2013 chocia\u017c r\u0119kami Moj\u017cesza i jego pomocnik\u00f3w \u2013 <b>przygotowa\u0142 sobie<\/b> miejsce sta\u0142ego przebywania w\u015br\u00f3d swego ludu. Wiemy \u2013 z lektury Starego Testamentu \u2013 \u017ce od samego pocz\u0105tku miejsce to by\u0142o otoczone przez Boga <b>szczeg\u00f3ln\u0105<\/b> <b>opiek\u0105.<\/b> Nawet dzisiaj us\u0142yszeli\u015bmy, \u017ce kiedy ju\u017c Moj\u017cesz doko\u0144czy\u0142 swoich czynno\u015bci, <i><b>wtedy to ob\u0142ok okry\u0142 Namiot Spotkania, a chwa\u0142a Pana nape\u0142ni\u0142a przybytek. I nie m\u00f3g\u0142 Moj\u017cesz wej\u015b\u0107 do Namiotu Spotkania, bo spoczywa\u0142 na nim ob\u0142ok i chwa\u0142a Pana wype\u0142nia\u0142a przybytek. Ile razy ob\u0142ok wznosi\u0142 si\u0119 nad przybytkiem, synowie Izraela wyruszali w drog\u0119, a je\u015bli ob\u0142ok nie wznosi\u0142 si\u0119, nie ruszali w drog\u0119, a\u017c do dnia uniesienia si\u0119 ob\u0142oku. Ob\u0142ok bowiem Pana za dnia zakrywa\u0142 przybytek, a w nocy b\u0142yszcza\u0142 jak ogie\u0144 w oczach ca\u0142ego domu izraelskiego w czasie ca\u0142ej ich w\u0119dr\u00f3wki.<\/b><\/i> <\/span><\/span><\/span><\/p>\n<p align=\"justify\"><span style=\"color: #000000\"><span style=\"font-family: Book Antiqua, serif\"><span style=\"font-size: large\">Widzimy zatem, \u017ce miejsce to mia\u0142o by\u0107 nie tylko domem Boga na pustyni \u2013 ono mia\u0142o te\u017c si\u0119 sta\u0107 <b>znakiem dla ludu, <\/b><b>co robi\u0107 w danym dniu:<\/b> rusza\u0107 w drog\u0119, czy zosta\u0107 na miejscu. Mo\u017cna zatem powiedzie\u0107, \u017ce Namiot Spotkania, czyli przybytek Bo\u017cy, zbudowany na czas w\u0119dr\u00f3wki \u2013 to <b>znak Bo\u017cej opieki<\/b> nad ludem w tym szczeg\u00f3lnym czasie, takie swoiste <b>\u00ab<\/b><b>centrum dowodzenia<\/b><b>\u00bb<\/b><b>. <\/b><\/span><\/span><\/span><\/p>\n<p align=\"justify\"><span style=\"color: #000000\"><span style=\"font-family: Book Antiqua, serif\"><span style=\"font-size: large\">Bo nie tylko dzia\u0142anie Boga, ale i sam Namiot Spotkania \u2013 a dok\u0142adniej: ob\u0142ok okrywaj\u0105cy go lub wznosz\u0105cy si\u0119 \u2013 by\u0142 czytelnym, <b>zewn\u0119trznym<\/b> <b>znakiem Bo\u017cej woli<\/b> i s\u0142owa, kt\u00f3re B\u00f3g, w tym\u017ce Namiocie, kierowa\u0142 do Moj\u017cesza. S\u0142owa za\u015b to \u2013 to przecie\u017c <b>konkretne wskazania i polecenia,<\/b> co robi\u0107 w danym momencie. <\/span><\/span><\/span><\/p>\n<p align=\"justify\"><span style=\"color: #000000\"><span style=\"font-family: Book Antiqua, serif\"><span style=\"font-size: large\">St\u0105d te\u017c owe <b>skrupulatne Bo\u017ce wskaz\u00f3wki<\/b> i ich dok\u0142adne wype\u0142nianie przez Moj\u017cesza mo\u017cemy potraktowa\u0107 jako kolejne potwierdzenie tego, \u017ce <b>B\u00f3g naprawd\u0119 nad wszystkim czuwa<\/b> i wszystkim sam kieruje. Skoro nawet miejsce, b\u0119d\u0105ce znakiem Jego realnej obecno\u015bci, ma by\u0107 <b>tak dok\u0142adnie wykonane<\/b> wed\u0142ug Jego polece\u0144, to c\u00f3\u017c powiedzie\u0107 o dzia\u0142aniach, kt\u00f3re dotycz\u0105 dobra cz\u0142owieka, dobra narodu \u2013 czy\u017c one nie maj\u0105 by\u0107 wykonane tak samo?\u2026 <\/span><\/span><\/span><\/p>\n<p align=\"justify\"><span style=\"color: #000000\"><span style=\"font-family: Book Antiqua, serif\"><span style=\"font-size: large\"><b>B\u00f3g naprawd\u0119 nad wszystkim czuwa,<\/b> wszystkim kieruje, o wszystkim wie, wszystko widzi i s\u0142yszy \u2013 i wszystko tak zaplanowa\u0142, aby cz\u0142owiek na tym <b>tylko skorzysta\u0142! <\/b>Aby z tego wynika\u0142o tylko jego dobro \u2013 szczeg\u00f3lnie dobro wieczne.<\/span><\/span><\/span><\/p>\n<p align=\"justify\"><span style=\"color: #000000\"><span style=\"font-family: Book Antiqua, serif\"><span style=\"font-size: large\">Potwierdzeniem owego Bo\u017cego czuwania nad wszystkim s\u0105 s\u0142owa Jezusa z dzisiejszej Ewangelii, w kt\u00f3rych to \u2013 w przypowie\u015bci o sieci \u2013 zapowiada <b>sprawiedliwy s\u0105d Bo\u017cy<\/b> nad dobrymi i z\u0142ymi lud\u017ami: s\u0105d, kt\u00f3ry nast\u0105pi na ko\u0144cu czas\u00f3w. Wtedy to wszyscy, \u017cyj\u0105cy po Bo\u017cemu, <b>zostan\u0105 nagrodzeni,<\/b> ci drudzy jednak\u2026 No, niestety\u2026 <\/span><\/span><\/span><\/p>\n<p align=\"justify\"><span style=\"color: #000000\"><span style=\"font-family: Book Antiqua, serif\"><span style=\"font-size: large\">Ale to w\u0142a\u015bnie b\u0119dzie potwierdzeniem owej Bo\u017cej opieki nad \u015bwiatem i tego, \u017ce <b>B\u00f3g naprawd\u0119 wszystko widzi<\/b> i o wszystkim wie. Mo\u017ce si\u0119 bowiem niekiedy wydawa\u0107 \u2013 nawet w obliczu tego wszystkiego, co obecnie dzieje si\u0119 na \u015bwiecie \u2013 \u017ce sytuacja <b>wymkn\u0119\u0142a si\u0119 Bogu spod kontroli\u2026<\/b> I \u017ce to wszystko, co dzisiaj wyprawiaj\u0105 ludzie, \u015bwiadczy o tym, \u017ce nie tylko nie wype\u0142niaj\u0105 oni szczeg\u00f3\u0142owych Bo\u017cych polece\u0144, ale nawet te <b>najbardziej podstawowe i fundamentalne<\/b> maj\u0105 w g\u0142\u0119bokim lekcewa\u017ceniu. <\/span><\/span><\/span><\/p>\n<p align=\"justify\"><span style=\"color: #000000\"><span style=\"font-family: Book Antiqua, serif\"><span style=\"font-size: large\">A tymczasem, <b>B\u00f3g nie zrezygnowa\u0142, <\/b>tak\u017ce w naszych czasach, z budowania swojej \u015bwi\u0105tyni, swego przybytku, w sercach ludzi, w naszych sercach \u2013 <b>dok\u0142adnie wed\u0142ug swojego zamys\u0142u.<\/b> Swojego, nie naszego. B\u00f3g nadal z niczego pod tym wzgl\u0119dem nie rezygnuje i <b>nie ulega naszym zachciankom, <\/b>ludzkiemu \u201ewidzimisi\u0119\u201d\u2026 B\u00f3g nie rezygnuje z bardzo serdecznej, <b>osobistej opieki nad nami<\/b> i wskazywania nam prostych dr\u00f3g zbawienia. <\/span><\/span><\/span><\/p>\n<p align=\"justify\"><span style=\"color: #000000\"><span style=\"font-family: Book Antiqua, serif\"><span style=\"font-size: large\">Nie ma zatem \u017cadnego t\u0142umaczenia, \u017ce <b>teraz to mo\u017cna sobie na wi\u0119cej pozwoli\u0107,<\/b> mo\u017cna wyra\u017ane i jednoznaczne Bo\u017ce wskazania jako\u015b tam omija\u0107, bo to i czasy inne, i warunki inne, i okoliczno\u015bci takie lub owakie\u2026 Nic z tych rzeczy!<\/span><\/span><\/span><\/p>\n<p align=\"justify\"><span style=\"color: #000000\"><span style=\"font-family: Book Antiqua, serif\"><span style=\"font-size: large\">Bo\u017ca \u015bwi\u0105tynia w sercach ludzkich mo\u017ce mie\u0107 taki kszta\u0142t \u2013 i tylko taki \u2013 <b>jaki szczeg\u00f3\u0142owo zaplanowa\u0142 i wskaza\u0142 B\u00f3g! <\/b>Je\u017celi zatem kto\u015b pr\u00f3buje wznosi\u0107 co\u015b innego, modyfikuj\u0105c jako\u015b po swojemu Bo\u017ce zamiary i wskazania, musi mie\u0107 \u015bwiadomo\u015b\u0107, \u017ce wznosi \u015bwi\u0105tyni\u0119 <b>nie na chwa\u0142\u0119 Bo\u017c\u0105, ale na chwa\u0142\u0119 w\u0142asn\u0105.<\/b> Jednak w takiej \u015bwi\u0105tyni na pewno <b>nie spotka Boga.<\/b> I nie osi\u0105gnie zbawienia.<\/span><\/span><\/span><\/p>\n<p align=\"justify\"><span style=\"color: #000000\"><span style=\"font-family: Book Antiqua, serif\"><span style=\"font-size: large\">Wzorem i przyk\u0142adem wznoszenia wspania\u0142ej duchowej \u015bwi\u0105tyni Bo\u017cej w swoim \u017cyciu i w swoim sercu jest postawa dzisiejszego Patrona, <b>\u015aw<\/b><b>i\u0119t<\/b><b>ego<\/b><b> Alfons<\/b><b>a<\/b><b> Mari<\/b><b>i<\/b><b> Liguori<\/b><b>ego<\/b><b>, Biskup<\/b><b>a<\/b><b> i Doktor<\/b><b>a<\/b><b> Ko\u015bcio\u0142a.<\/b><\/span><\/span><\/span><\/p>\n<p align=\"justify\"><span style=\"color: #000000\"><span style=\"font-size: large\"><span style=\"font-family: Book Antiqua, serif\">U<\/span><span style=\"font-family: Book Antiqua, serif\">rodzi\u0142 si\u0119 <\/span><span style=\"font-family: Book Antiqua, serif\">on<\/span> <span style=\"font-family: Book Antiqua, serif\"><b>27 wrze\u015bnia 1696 roku, <\/b><\/span><span style=\"font-family: Book Antiqua, serif\">w Marinelli pod Neapolem, w zamo\u017cnej rodzinie szlacheckiej. Ju\u017c w dwa dni p<\/span><span style=\"font-family: Book Antiqua, serif\">\u00f3\u017aniej<\/span><span style=\"font-family: Book Antiqua, serif\"> otrzyma\u0142 Chrzest. Jego ojciec marzy\u0142 dla niego <\/span><span style=\"font-family: Book Antiqua, serif\"><b>o karierze urz\u0119dniczej.<\/b><\/span><span style=\"font-family: Book Antiqua, serif\"> Dlatego te\u017c, gdy Alfons uko\u0144czy\u0142 szko\u0142\u0119 podstawow\u0105, <\/span><span style=\"font-family: Book Antiqua, serif\">zosta\u0142 wys\u0142any na<\/span><span style=\"font-family: Book Antiqua, serif\"><b> studia prawnicze na uniwersytet w Neapolu.<\/b><\/span><span style=\"font-family: Book Antiqua, serif\"> Mia\u0142 wtedy zaledwie dwana\u015bcie lat. <\/span><\/span><\/span><\/p>\n<p align=\"justify\"><span style=\"color: #000000\"><span style=\"font-size: large\"><span style=\"font-family: Book Antiqua, serif\">W rodzinnym pa\u0142acu mia\u0142 doskona\u0142ych nauczycieli. Wykazywa\u0142 tak\u017ce od dziecka <\/span><span style=\"font-family: Book Antiqua, serif\"><b>niezwyk\u0142\u0105 pilno\u015b\u0107 do nauki i du\u017ce zdolno\u015bci.<\/b><\/span><span style=\"font-family: Book Antiqua, serif\"> Kiedy mia\u0142 zaledwie siedemna\u015bcie lat, by\u0142 ju\u017c <\/span><span style=\"font-family: Book Antiqua, serif\"><b>doktorem obojga praw: prawa \u015bwieckiego i kanonicznego.<\/b><\/span><span style=\"font-family: Book Antiqua, serif\"> Ojciec zaplanowa\u0142 mu te\u017c odpowiednie ma\u0142\u017ce\u0144stwo. Wybra\u0142 mu nawet kandydatk\u0119 na \u017con\u0119, kt\u00f3ra jednak niebawem zmar\u0142a. <\/span><\/span><\/span><\/p>\n<p align=\"justify\"><span style=\"color: #000000\"><span style=\"font-size: large\"><span style=\"font-family: Book Antiqua, serif\">Alfons po kilku latach praktyki adwokackiej, zniech\u0119cony przekupstwem w s\u0105downictwie <\/span><span style=\"font-family: Book Antiqua, serif\">(jako\u015b to nam znajomo brzmi, prawda?\u2026)<\/span><span style=\"font-family: Book Antiqua, serif\">, <\/span><span style=\"font-family: Book Antiqua, serif\"><b>ku niezadowoleniu ojca, postanowi\u0142 spe\u0142ni\u0107 swoje marzenia.<\/b><\/span><span style=\"font-family: Book Antiqua, serif\"> Przed obrazem Matki Bo\u017cej w Porta Alba z\u0142o\u017cy\u0142 swoj\u0105 szpad\u0119 i rozpocz\u0105\u0142 studia teologiczne. Po czterech latach, <\/span><span style=\"font-family: Book Antiqua, serif\"><b>w roku 1727, <\/b><\/span><span style=\"font-family: Book Antiqua, serif\">maj\u0105c lat trzydzie\u015bci jeden, <\/span><span style=\"font-family: Book Antiqua, serif\"><b>przyj\u0105\u0142 \u015bwi\u0119cenia kap\u0142a\u0144skie.<\/b><\/span> <\/span><\/span><\/p>\n<p align=\"justify\"><span style=\"color: #000000\"><span style=\"font-size: large\"><span style=\"font-family: Book Antiqua, serif\">Pragn\u0105c jednak <\/span><span style=\"font-family: Book Antiqua, serif\"><b>\u017cycia doskonalszego, marzy\u0142 o zakonie.<\/b><\/span><span style=\"font-family: Book Antiqua, serif\"> Zamierza\u0142 najpierw wst\u0105pi\u0107 do teatyn\u00f3w, potem do filipin\u00f3w albo do jakiej\u015b kongregacji misyjnej. <\/span><span style=\"font-family: Book Antiqua, serif\"><b>Nie m\u00f3g\u0142 si\u0119 jednak zdecydowa\u0107.<\/b><\/span><span style=\"font-family: Book Antiqua, serif\"> Z zapa\u0142em odda\u0142 si\u0119 wi\u0119c <\/span><span style=\"font-family: Book Antiqua, serif\"><b>pracy apostolskiej nad m\u0142odzie\u017c\u0105 rzemie\u015blnicz\u0105 i robotnicz\u0105.<\/b><\/span><span style=\"font-family: Book Antiqua, serif\"> Gromadzi\u0142 j\u0105 w dni wolne od pracy, gra\u0142 z nimi na gitarze i \u015bpiewa\u0142 u\u0142o\u017cone przez siebie pie\u015bni, uczy\u0142 prawd wiary. <\/span><span style=\"font-family: Book Antiqua, serif\"><b>Zas\u0142yn\u0105\u0142 te\u017c jako doskona\u0142y kaznodzieja.<\/b><\/span><span style=\"font-family: Book Antiqua, serif\"> Po trzech latach nadludzkiej pracy musia\u0142 uda\u0107 si\u0119 na wypoczynek. <\/span><\/span><\/span><\/p>\n<p align=\"justify\"><span style=\"color: #000000\"><span style=\"font-size: large\"><span style=\"font-family: Book Antiqua, serif\">Nie oznacza to bynajmniej, \u017ce przesta\u0142 w\u00f3wczas pracowa\u0107. W miejscu swego przebywania zetkn\u0105\u0142 si\u0119 ze Zgromadzeniem Si\u00f3str Nawiedzenia. Zaj\u0105\u0142 si\u0119 nimi i <\/span><span style=\"font-family: Book Antiqua, serif\"><b>przekszta\u0142ci\u0142 je na Kongregacj\u0119 Zbawiciela.<\/b><\/span><span style=\"font-family: Book Antiqua, serif\"> By\u0142 to m\u0142ody zakon kontemplacyjny. <\/span><span style=\"font-family: Book Antiqua, serif\"><b>W przysz\u0142o\u015bci mia\u0142 on stanowi\u0107 \u017ce\u0144sk\u0105 ga\u0142\u0105\u017a redemptoryst\u00f3w.<\/b><\/span><span style=\"font-family: Book Antiqua, serif\"> Alfons zauwa\u017cy\u0142 te\u017c, \u017ce g\u00f3rale, w\u015br\u00f3d kt\u00f3rych w\u00f3wczas mieszka\u0142, nie maj\u0105 dostatecznej opieki duszpasterskiej. <\/span><\/span><\/span><\/p>\n<p align=\"justify\"><span style=\"color: #000000\"><span style=\"font-size: large\"><span style=\"font-family: Book Antiqua, serif\">Dojrza\u0142a wi\u0119c w nim <\/span><span style=\"font-family: Book Antiqua, serif\"><b>my\u015bl utworzenia<\/b><\/span> <span style=\"font-family: Book Antiqua, serif\"><b>zgromadzenia m\u0119skiego, <\/b><\/span><span style=\"font-family: Book Antiqua, serif\">kt\u00f3re odda\u0142oby si\u0119 pracy w\u015br\u00f3d najbardziej opuszczonych oraz zaniedbanych.<\/span><span style=\"font-family: Book Antiqua, serif\"> Tak powsta\u0142o <\/span><span style=\"font-family: Book Antiqua, serif\"><b>Zgromadzenie Naj\u015bwi\u0119tszego Odkupiciela,<\/b><\/span><span style=\"font-family: Book Antiqua, serif\"> znane dzi\u015b pod nazw\u0105 <\/span><span style=\"font-family: Book Antiqua, serif\"><b>redemptoryst\u00f3w<\/b><\/span><span style=\"font-family: Book Antiqua, serif\">. By\u0142 to rok 1732. Na zatwierdzenie regu\u0142 nowej rodziny zakonnej Alfons nie czeka\u0142 d\u0142ugo. <\/span><span style=\"font-family: Book Antiqua, serif\">Zatwierdzi\u0142 j\u0105 <\/span><span style=\"font-family: Book Antiqua, serif\">bowiem <\/span><span style=\"font-family: Book Antiqua, serif\">niebawem<\/span><span style=\"font-family: Book Antiqua, serif\"><b> Papie\u017c Benedykt XIV, w roku 1749.<\/b><\/span> <\/span><\/span><\/p>\n<p align=\"justify\"><span style=\"color: #000000\"><span style=\"font-size: large\"><span style=\"font-family: Book Antiqua, serif\">Tymczasem, w 1762 roku Papie\u017c Klemens XIII mianowa\u0142 Alfonsa <\/span><span style=\"font-family: Book Antiqua, serif\"><b>B<\/b><\/span><span style=\"font-family: Book Antiqua, serif\"><b>iskupem<\/b><\/span><span style=\"font-family: Book Antiqua, serif\"><b> w miasteczku Santa Agata dei Goti.<\/b><\/span><span style=\"font-family: Book Antiqua, serif\"> Alfons mia\u0142 wtedy <\/span><span style=\"font-family: Book Antiqua, serif\"><b>ju\u017c sze\u015b\u0107dziesi\u0105t sze\u015b\u0107 lat!<\/b><\/span><span style=\"font-family: Book Antiqua, serif\"> Pomimo tego jednak, <\/span><span style=\"font-family: Book Antiqua, serif\"><b>z m\u0142odzie\u0144czym zapa\u0142em zabra\u0142 si\u0119 do pracy:<\/b><\/span><span style=\"font-family: Book Antiqua, serif\"> wizytowa\u0142, przemawia\u0142, spowiada\u0142, odwiedza\u0142 kap\u0142an\u00f3w i zagrzewa\u0142 ich do gorliwo\u015bci, reformowa\u0142 klasztory, budzi\u0142 nowe powo\u0142ania kap\u0142a\u0144skie i zakonne. Wszystkie dochody, jakie mu pozostawa\u0142y \u2013 prowadzi\u0142 bowiem nader skromne \u017cycie \u2013 <\/span><span style=\"font-family: Book Antiqua, serif\"><b>oddawa\u0142 ubogim i na tworzenie nowych plac\u00f3wek swojego Zgromadzenia.<\/b><\/span><span style=\"font-family: Book Antiqua, serif\"> Kiedy nasta\u0142 g\u0142\u00f3d, <\/span><span style=\"font-family: Book Antiqua, serif\">sprzeda\u0142 sprz\u0119ty i naczynia domu biskupiego, aby za to kupi\u0107 chleb dla g\u0142oduj\u0105cych.<\/span><\/span><\/span><\/p>\n<p align=\"justify\"><span style=\"color: #000000\"><span style=\"font-size: large\"><span style=\"font-family: Book Antiqua, serif\">Jako <\/span><span style=\"font-family: Book Antiqua, serif\">B<\/span><span style=\"font-family: Book Antiqua, serif\">iskup, nie tylko nie zmieni\u0142 surowego trybu \u017cycia, ale go nawet obostrzy\u0142, twierdz\u0105c, \u017ce <\/span><span style=\"font-family: Book Antiqua, serif\"><b>teraz musi pokutowa\u0107 za swoich wiernych. <\/b><\/span><span style=\"font-family: Book Antiqua, serif\">Sypia\u0142 ma\u0142o, jad\u0142 tylko zup\u0119, chleb i jarzyny, nosi\u0142 w\u0142osiennic\u0119 i kolczasty \u0142a\u0144cuch, biczowa\u0142 si\u0119 cz\u0119sto do krwi. Nadmierne trudy, wiek i surowy tryb \u017cycia wyniszczy\u0142y jego organizm tak, \u017ce poczu\u0142 si\u0119 zmuszony <\/span><span style=\"font-family: Book Antiqua, serif\"><b>prosi\u0107 Papie\u017ca o zwolnienie z obowi\u0105zk\u00f3w <\/b><\/span><span style=\"font-family: Book Antiqua, serif\"><b>p<\/b><\/span><span style=\"font-family: Book Antiqua, serif\"><b>asterza diecezji.<\/b><\/span><span style=\"font-family: Book Antiqua, serif\"> Po trzynastu latach pasterzowania powr\u00f3ci\u0142 wi\u0119c, w roku 1775, do swoich duchowych syn\u00f3w. <\/span><\/span><\/span><\/p>\n<p align=\"justify\"><span style=\"color: #000000\"><span style=\"font-size: large\"><span style=\"font-family: Book Antiqua, serif\">Ci jednak w\u0142a\u015bnie wtedy, wskutek jakich\u015b niejasnych zatarg\u00f3w politycznych, <\/span><span style=\"font-family: Book Antiqua, serif\"><b>rozdzieleni zostali na dwie odr\u0119bne grupy:<\/b><\/span><span style=\"font-family: Book Antiqua, serif\"> nad redemptorystami, zamieszka\u0142ymi na terenie pa\u0144stwa ko\u015bcielnego, Papie\u017c ustanowi\u0142 osobnego prze\u0142o\u017conego, za\u015b redemptoryst\u00f3w neapolita\u0144skich pozbawi\u0142 wszelkich przywilej\u00f3w. S\u0119dziwy Za\u0142o\u017cyciel bardzo to prze\u017cywa\u0142, jednak <\/span><span style=\"font-family: Book Antiqua, serif\"><b>wszystko znosi\u0142 z poddaniem si\u0119 woli Bo\u017cej.<\/b><\/span> <\/span><\/span><\/p>\n<p align=\"justify\"><span style=\"color: #000000\"><span style=\"font-size: large\"><span style=\"font-family: Book Antiqua, serif\">Do tych cierpie\u0144 duchowych do\u0142\u0105czy\u0142y si\u0119 <\/span><span style=\"font-family: Book Antiqua, serif\"><b>cierpienia fizyczne:<\/b><\/span><span style=\"font-family: Book Antiqua, serif\"> reumatyzm, skrzywienie kr\u0119gos\u0142upa i inne. Pochylony do ziemi, nie m\u00f3g\u0142 ju\u017c chodzi\u0107 i zosta\u0142 przykuty do fotela. Wreszcie tak\u017ce B\u00f3g do\u015bwiadczy\u0142 go <\/span><span style=\"font-family: Book Antiqua, serif\"><b>fal\u0105 udr\u0119k moralnych: pokus, osch\u0142o\u015bci i skrupu\u0142\u00f3w\u2026<\/b><\/span><\/span><\/span><\/p>\n<p align=\"justify\"><span style=\"color: #000000\"><span style=\"font-family: Book Antiqua, serif\"><span style=\"font-size: large\">Dzisiaj widzimy, \u017ce jego trud i po\u015bwi\u0119cenie <b>nie posz\u0142y na marne <\/b>\u2013 za\u0142o\u017cone przeze\u0144 zgromadzenie pr\u0119\u017cnie si\u0119 rozwija, a u nas w Polsce niezwykle wiele dobrego czyni ono, prowadz\u0105c chocia\u017cby tak pi\u0119kne dzie\u0142a, jak: <b>Telewizj\u0119 TRWAM, Radio Maryja, Wy\u017csz\u0105 Szko\u0142\u0119 Kultury Spo\u0142ecznej i Medialnej\u2026 <\/b>Dlatego patrz\u0105c dzisiaj z wysoko\u015bci Niebios, \u015awi\u0119ty Biskup mo\u017ce cieszy\u0107 si\u0119 owocami swojej pracy i swego cierpienia.<\/span><\/span><\/span><\/p>\n<p align=\"justify\"><span style=\"color: #000000\"><span style=\"font-size: large\"><span style=\"font-family: Book Antiqua, serif\">A m\u00f3wi\u0105c wsp\u00f3\u0142czesnym nam j\u0119zykiem, stwierdzi\u0107 mo\u017cemy, i\u017c n<\/span><span style=\"font-family: Book Antiqua, serif\">asz dzisiejszy Patron by\u0142 ekspertem w tym, co dzisiaj nazywane jest teologi\u0105 pastoraln\u0105. W swojej kap\u0142a\u0144skiej pracy <\/span><span style=\"font-family: Book Antiqua, serif\"><b>wyg\u0142osi\u0142 ponad pi\u0119\u0107set misji i rekolekcji!<\/b><\/span><span style=\"font-family: Book Antiqua, serif\"> Najwi\u0119cej jednak zas\u0142u\u017cy\u0142 si\u0119 Ko\u015bcio\u0142owi <\/span><span style=\"font-family: Book Antiqua, serif\"><b>jako pisarz \u2013 jeden z najp\u0142odniejszych,<\/b><\/span><span style=\"font-family: Book Antiqua, serif\"> jakich znaj\u0105 dzieje chrze\u015bcija\u0144stwa. \u0141\u0105cznie wymienia si\u0119 <\/span><span style=\"font-family: Book Antiqua, serif\"><b>sto sze\u015b\u0107dziesi\u0105t tytu\u0142\u00f3w napisanych przeze\u0144 prac,<\/b><\/span><span style=\"font-family: Book Antiqua, serif\"> kt\u00f3rych liczba wyda\u0144 si\u0119gn\u0119\u0142a ponad <\/span><span style=\"font-family: Book Antiqua, serif\"><b>siedemna\u015bcie tysi\u0119cy w ponad sze\u015b\u0107dziesi\u0119ciu j\u0119zykach!<\/b><\/span><span style=\"font-family: Book Antiqua, serif\"> Alfons Liguori <\/span><span style=\"font-family: Book Antiqua, serif\"><b>pisa\u0142 dla wszystkich:<\/b><\/span><span style=\"font-family: Book Antiqua, serif\"> dla kap\u0142an\u00f3w, kleryk\u00f3w, zakonnik\u00f3w, spowiednik\u00f3w, wiernych\u2026 <\/span><\/span><\/span><\/p>\n<p align=\"justify\"><span style=\"color: #000000\"><span style=\"font-size: large\"><span style=\"font-family: Book Antiqua, serif\">Jego dzie\u0142a wchodz\u0105 sw\u0105 tematyk\u0105 w zakres teologii dogmatycznej, moralnej i ascetycznej. Zapewne dlatego, w dniu 26 kwietnia 1950 roku, Papie\u017c Pius XII og\u0142osi\u0142 \u015awi\u0119tego Alfonsa <\/span><span style=\"font-family: Book Antiqua, serif\"><b>Patronem spowiednik\u00f3w i profesor\u00f3w teologii moralnej.<\/b><\/span><span style=\"font-family: Book Antiqua, serif\"> Jego nauczanie duchowe zdominowa\u0142o \u017cycie chrze\u015bcija\u0144skie Italii XVIII wieku. <\/span><\/span><\/span><\/p>\n<p align=\"justify\"><span style=\"color: #000000\"><span style=\"font-size: large\"><span style=\"font-family: Book Antiqua, serif\">Alfons Liguori zmar\u0142 w wieku dziewi\u0119\u0107dziesi\u0119ciu jeden lat, <\/span><span style=\"font-family: Book Antiqua, serif\"><b>w dniu 1 sierpnia 1787 roku.<\/b><\/span><span style=\"font-family: Book Antiqua, serif\"> Jego uroczystej <\/span><span style=\"font-family: Book Antiqua, serif\">B<\/span><span style=\"font-family: Book Antiqua, serif\">eatyfikacji dokona\u0142 w roku 1816 Papie\u017c Pius VII, za\u015b Papie\u017c Grzegorz XVI dokona\u0142 jego <\/span><span style=\"font-family: Book Antiqua, serif\"><b>K<\/b><\/span><span style=\"font-family: Book Antiqua, serif\"><b>anonizacji<\/b><\/span><span style=\"font-family: Book Antiqua, serif\"><b> w roku 1839.<\/b><\/span><span style=\"font-family: Book Antiqua, serif\"> Papie\u017c Pius IX og\u0142osi\u0142 go w roku 1871 <\/span><span style=\"font-family: Book Antiqua, serif\"><b>Doktorem Ko\u015bcio\u0142a.<\/b><\/span><\/span><\/span><\/p>\n<p align=\"justify\"><span style=\"color: #000000\"><span style=\"font-family: Book Antiqua, serif\"><span style=\"font-size: large\">Wpatruj\u0105c si\u0119 w postaw\u0119 \u015awi\u0119tego Alfonsa Marii, <b>po\u015bwi\u0119caj\u0105cego si\u0119 bezgranicznie<\/b> dla sprawy budowania w sercu swoim \u2013 i w sercach ludzkich \u2013 duchowego przybytku, prawdziwej \u015bwi\u0105tyni Bo\u017cej, pomy\u015blmy, co my swoim \u017cyciem i post\u0119powaniem na co dzie\u0144 budujemy: <b>czy jest to \u015bwi\u0105tynia Bo\u017ca,<\/b> wznoszona na chwa\u0142\u0119 Bo\u017c\u0105, czy <b>jaki\u015b dziwol\u0105g,<\/b> wznoszony na nasz\u0105 w\u0142asn\u0105 chwa\u0142\u0119?\u2026 I co robimy \u2013 lub b\u0119dziemy robili \u2013 na co dzie\u0144, aby to by\u0142a jednak \u015bwi\u0105tynia Boga, wznoszona <b>dok\u0142adnie wed\u0142ug Jego wskaza\u0144?\u2026<\/b><\/span><\/span><\/span><\/p>\n","protected":false},"excerpt":{"rendered":"<p>Szcz\u0119\u015b\u0107 Bo\u017ce! Moi Drodzy, witam w nowym domu! Nie musimy zapami\u0119tywa\u0107 i zapisywa\u0107 nowego adresu, bo Moderator tak nam \u201eu\u0142o\u017cy\u0142 chodnik\u201d, \u017ce sam prowadzi nas do nowego mieszkania, kiedy udamy si\u0119 pod stary adres. Bardzo serdecznie dzi\u0119kuj\u0119 Moderatorowi, Krzysztofowi Fabisiakowi, za ca\u0142\u0105 prac\u0119, jak\u0105 do tej pory wykona\u0142 \u2013 i ci\u0105gle jeszcze b\u0119dzie wykonywa\u0142! Dzi\u0119kuj\u0119 [&hellip;]<\/p>\n","protected":false},"author":1,"featured_media":0,"comment_status":"open","ping_status":"open","sticky":false,"template":"","format":"standard","meta":{"jetpack_post_was_ever_published":false,"_jetpack_newsletter_access":"","_jetpack_dont_email_post_to_subs":false,"_jetpack_newsletter_tier_id":0,"_jetpack_memberships_contains_paywalled_content":false,"_jetpack_memberships_contains_paid_content":false,"footnotes":""},"categories":[1],"tags":[],"class_list":["post-15503","post","type-post","status-publish","format-standard","hentry","category-bez-kategorii"],"yoast_head":"<!-- This site is optimized with the Yoast SEO plugin v25.1 - https:\/\/yoast.com\/wordpress\/plugins\/seo\/ -->\n<title>WITAM W NOWYM DOMU! - Gaudium Et Spes<\/title>\n<meta name=\"robots\" content=\"index, follow, max-snippet:-1, max-image-preview:large, max-video-preview:-1\" \/>\n<link rel=\"canonical\" href=\"https:\/\/gaudiumetspes-blog.pl\/index.php\/2019\/08\/01\/witam-w-nowym-domu\/\" \/>\n<meta property=\"og:locale\" content=\"pl_PL\" \/>\n<meta property=\"og:type\" content=\"article\" \/>\n<meta property=\"og:title\" content=\"WITAM W NOWYM DOMU! - Gaudium Et Spes\" \/>\n<meta property=\"og:description\" content=\"Szcz\u0119\u015b\u0107 Bo\u017ce! Moi Drodzy, witam w nowym domu! Nie musimy zapami\u0119tywa\u0107 i zapisywa\u0107 nowego adresu, bo Moderator tak nam \u201eu\u0142o\u017cy\u0142 chodnik\u201d, \u017ce sam prowadzi nas do nowego mieszkania, kiedy udamy si\u0119 pod stary adres. Bardzo serdecznie dzi\u0119kuj\u0119 Moderatorowi, Krzysztofowi Fabisiakowi, za ca\u0142\u0105 prac\u0119, jak\u0105 do tej pory wykona\u0142 \u2013 i ci\u0105gle jeszcze b\u0119dzie wykonywa\u0142! Dzi\u0119kuj\u0119 [&hellip;]\" \/>\n<meta property=\"og:url\" content=\"https:\/\/gaudiumetspes-blog.pl\/index.php\/2019\/08\/01\/witam-w-nowym-domu\/\" \/>\n<meta property=\"og:site_name\" content=\"Gaudium Et Spes\" \/>\n<meta property=\"article:published_time\" content=\"2019-08-01T05:33:53+00:00\" \/>\n<meta property=\"article:modified_time\" content=\"2019-08-01T05:41:56+00:00\" \/>\n<meta name=\"author\" content=\"Ks. Jacek\" \/>\n<meta name=\"twitter:card\" content=\"summary_large_image\" \/>\n<meta name=\"twitter:label1\" content=\"Napisane przez\" \/>\n\t<meta name=\"twitter:data1\" content=\"Ks. Jacek\" \/>\n\t<meta name=\"twitter:label2\" content=\"Szacowany czas czytania\" \/>\n\t<meta name=\"twitter:data2\" content=\"14 minut\" \/>\n<script type=\"application\/ld+json\" class=\"yoast-schema-graph\">{\"@context\":\"https:\/\/schema.org\",\"@graph\":[{\"@type\":\"WebPage\",\"@id\":\"https:\/\/gaudiumetspes-blog.pl\/index.php\/2019\/08\/01\/witam-w-nowym-domu\/\",\"url\":\"https:\/\/gaudiumetspes-blog.pl\/index.php\/2019\/08\/01\/witam-w-nowym-domu\/\",\"name\":\"WITAM W NOWYM DOMU! - Gaudium Et Spes\",\"isPartOf\":{\"@id\":\"https:\/\/gaudiumetspes-blog.pl\/#website\"},\"datePublished\":\"2019-08-01T05:33:53+00:00\",\"dateModified\":\"2019-08-01T05:41:56+00:00\",\"author\":{\"@id\":\"https:\/\/gaudiumetspes-blog.pl\/#\/schema\/person\/1661982992b752dea8dff0d4ed845a65\"},\"breadcrumb\":{\"@id\":\"https:\/\/gaudiumetspes-blog.pl\/index.php\/2019\/08\/01\/witam-w-nowym-domu\/#breadcrumb\"},\"inLanguage\":\"pl-PL\",\"potentialAction\":[{\"@type\":\"ReadAction\",\"target\":[\"https:\/\/gaudiumetspes-blog.pl\/index.php\/2019\/08\/01\/witam-w-nowym-domu\/\"]}]},{\"@type\":\"BreadcrumbList\",\"@id\":\"https:\/\/gaudiumetspes-blog.pl\/index.php\/2019\/08\/01\/witam-w-nowym-domu\/#breadcrumb\",\"itemListElement\":[{\"@type\":\"ListItem\",\"position\":1,\"name\":\"Strona g\u0142\u00f3wna\",\"item\":\"https:\/\/gaudiumetspes-blog.pl\/\"},{\"@type\":\"ListItem\",\"position\":2,\"name\":\"WITAM W&nbsp;NOWYM DOMU!\"}]},{\"@type\":\"WebSite\",\"@id\":\"https:\/\/gaudiumetspes-blog.pl\/#website\",\"url\":\"https:\/\/gaudiumetspes-blog.pl\/\",\"name\":\"Gaudium Et Spes\",\"description\":\"Blog Ks. Jacka Ja\u015bkowskiego\",\"potentialAction\":[{\"@type\":\"SearchAction\",\"target\":{\"@type\":\"EntryPoint\",\"urlTemplate\":\"https:\/\/gaudiumetspes-blog.pl\/?s={search_term_string}\"},\"query-input\":{\"@type\":\"PropertyValueSpecification\",\"valueRequired\":true,\"valueName\":\"search_term_string\"}}],\"inLanguage\":\"pl-PL\"},{\"@type\":\"Person\",\"@id\":\"https:\/\/gaudiumetspes-blog.pl\/#\/schema\/person\/1661982992b752dea8dff0d4ed845a65\",\"name\":\"Ks. Jacek\",\"image\":{\"@type\":\"ImageObject\",\"inLanguage\":\"pl-PL\",\"@id\":\"https:\/\/gaudiumetspes-blog.pl\/#\/schema\/person\/image\/\",\"url\":\"https:\/\/gaudiumetspes-blog.pl\/wp-content\/uploads\/2019\/07\/avatar-JJ-150x150.jpg\",\"contentUrl\":\"https:\/\/gaudiumetspes-blog.pl\/wp-content\/uploads\/2019\/07\/avatar-JJ-150x150.jpg\",\"caption\":\"Ks. Jacek\"},\"description\":\"Witam serdecznie! K\u0142ania si\u0119 Ks. Jacek Ja\u015bkowski. Nie jestem ani kim\u015b wa\u017cnym, ani kim\u015b znanym. Jestem ksi\u0119dzem, kt\u00f3ry po prostu chce rozmawia\u0107. Codzienna kap\u0142a\u0144ska pos\u0142uga pokazuje mi, \u017ce temat\u00f3w do rozm\u00f3w z ksi\u0119dzem jest coraz wi\u0119cej i dzisiaj \u017caden ksi\u0105dz nie mo\u017ce od nich ucieka\u0107, ale - wprost przeciwnie - podejmowa\u0107 nowe wyzwania. To przekonanie sk\u0142oni\u0142o mnie do pr\u00f3by otwarcia tego\u017c bloga, chocia\u017c okazji do rozm\u00f3w na co dzie\u0144 - w konfesjonale i poza nim - na szcz\u0119\u015bcie nie brakuje. My\u015bl\u0119 jednak, \u017ce ten blog b\u0119dzie jeszcze jednym sposobem i przestrzeni\u0105 nawi\u0105zania kontaktu z lud\u017ami dobrej woli, otwartymi na dialog.\",\"url\":\"https:\/\/gaudiumetspes-blog.pl\/index.php\/author\/ks-jacek\/\"}]}<\/script>\n<!-- \/ Yoast SEO plugin. -->","yoast_head_json":{"title":"WITAM W NOWYM DOMU! - Gaudium Et Spes","robots":{"index":"index","follow":"follow","max-snippet":"max-snippet:-1","max-image-preview":"max-image-preview:large","max-video-preview":"max-video-preview:-1"},"canonical":"https:\/\/gaudiumetspes-blog.pl\/index.php\/2019\/08\/01\/witam-w-nowym-domu\/","og_locale":"pl_PL","og_type":"article","og_title":"WITAM W NOWYM DOMU! - Gaudium Et Spes","og_description":"Szcz\u0119\u015b\u0107 Bo\u017ce! Moi Drodzy, witam w nowym domu! Nie musimy zapami\u0119tywa\u0107 i zapisywa\u0107 nowego adresu, bo Moderator tak nam \u201eu\u0142o\u017cy\u0142 chodnik\u201d, \u017ce sam prowadzi nas do nowego mieszkania, kiedy udamy si\u0119 pod stary adres. Bardzo serdecznie dzi\u0119kuj\u0119 Moderatorowi, Krzysztofowi Fabisiakowi, za ca\u0142\u0105 prac\u0119, jak\u0105 do tej pory wykona\u0142 \u2013 i ci\u0105gle jeszcze b\u0119dzie wykonywa\u0142! Dzi\u0119kuj\u0119 [&hellip;]","og_url":"https:\/\/gaudiumetspes-blog.pl\/index.php\/2019\/08\/01\/witam-w-nowym-domu\/","og_site_name":"Gaudium Et Spes","article_published_time":"2019-08-01T05:33:53+00:00","article_modified_time":"2019-08-01T05:41:56+00:00","author":"Ks. Jacek","twitter_card":"summary_large_image","twitter_misc":{"Napisane przez":"Ks. Jacek","Szacowany czas czytania":"14 minut"},"schema":{"@context":"https:\/\/schema.org","@graph":[{"@type":"WebPage","@id":"https:\/\/gaudiumetspes-blog.pl\/index.php\/2019\/08\/01\/witam-w-nowym-domu\/","url":"https:\/\/gaudiumetspes-blog.pl\/index.php\/2019\/08\/01\/witam-w-nowym-domu\/","name":"WITAM W NOWYM DOMU! - Gaudium Et Spes","isPartOf":{"@id":"https:\/\/gaudiumetspes-blog.pl\/#website"},"datePublished":"2019-08-01T05:33:53+00:00","dateModified":"2019-08-01T05:41:56+00:00","author":{"@id":"https:\/\/gaudiumetspes-blog.pl\/#\/schema\/person\/1661982992b752dea8dff0d4ed845a65"},"breadcrumb":{"@id":"https:\/\/gaudiumetspes-blog.pl\/index.php\/2019\/08\/01\/witam-w-nowym-domu\/#breadcrumb"},"inLanguage":"pl-PL","potentialAction":[{"@type":"ReadAction","target":["https:\/\/gaudiumetspes-blog.pl\/index.php\/2019\/08\/01\/witam-w-nowym-domu\/"]}]},{"@type":"BreadcrumbList","@id":"https:\/\/gaudiumetspes-blog.pl\/index.php\/2019\/08\/01\/witam-w-nowym-domu\/#breadcrumb","itemListElement":[{"@type":"ListItem","position":1,"name":"Strona g\u0142\u00f3wna","item":"https:\/\/gaudiumetspes-blog.pl\/"},{"@type":"ListItem","position":2,"name":"WITAM W&nbsp;NOWYM DOMU!"}]},{"@type":"WebSite","@id":"https:\/\/gaudiumetspes-blog.pl\/#website","url":"https:\/\/gaudiumetspes-blog.pl\/","name":"Gaudium Et Spes","description":"Blog Ks. Jacka Ja\u015bkowskiego","potentialAction":[{"@type":"SearchAction","target":{"@type":"EntryPoint","urlTemplate":"https:\/\/gaudiumetspes-blog.pl\/?s={search_term_string}"},"query-input":{"@type":"PropertyValueSpecification","valueRequired":true,"valueName":"search_term_string"}}],"inLanguage":"pl-PL"},{"@type":"Person","@id":"https:\/\/gaudiumetspes-blog.pl\/#\/schema\/person\/1661982992b752dea8dff0d4ed845a65","name":"Ks. Jacek","image":{"@type":"ImageObject","inLanguage":"pl-PL","@id":"https:\/\/gaudiumetspes-blog.pl\/#\/schema\/person\/image\/","url":"https:\/\/gaudiumetspes-blog.pl\/wp-content\/uploads\/2019\/07\/avatar-JJ-150x150.jpg","contentUrl":"https:\/\/gaudiumetspes-blog.pl\/wp-content\/uploads\/2019\/07\/avatar-JJ-150x150.jpg","caption":"Ks. Jacek"},"description":"Witam serdecznie! K\u0142ania si\u0119 Ks. Jacek Ja\u015bkowski. Nie jestem ani kim\u015b wa\u017cnym, ani kim\u015b znanym. Jestem ksi\u0119dzem, kt\u00f3ry po prostu chce rozmawia\u0107. Codzienna kap\u0142a\u0144ska pos\u0142uga pokazuje mi, \u017ce temat\u00f3w do rozm\u00f3w z ksi\u0119dzem jest coraz wi\u0119cej i dzisiaj \u017caden ksi\u0105dz nie mo\u017ce od nich ucieka\u0107, ale - wprost przeciwnie - podejmowa\u0107 nowe wyzwania. To przekonanie sk\u0142oni\u0142o mnie do pr\u00f3by otwarcia tego\u017c bloga, chocia\u017c okazji do rozm\u00f3w na co dzie\u0144 - w konfesjonale i poza nim - na szcz\u0119\u015bcie nie brakuje. My\u015bl\u0119 jednak, \u017ce ten blog b\u0119dzie jeszcze jednym sposobem i przestrzeni\u0105 nawi\u0105zania kontaktu z lud\u017ami dobrej woli, otwartymi na dialog.","url":"https:\/\/gaudiumetspes-blog.pl\/index.php\/author\/ks-jacek\/"}]}},"jetpack_featured_media_url":"","jetpack_sharing_enabled":true,"_links":{"self":[{"href":"https:\/\/gaudiumetspes-blog.pl\/index.php\/wp-json\/wp\/v2\/posts\/15503","targetHints":{"allow":["GET"]}}],"collection":[{"href":"https:\/\/gaudiumetspes-blog.pl\/index.php\/wp-json\/wp\/v2\/posts"}],"about":[{"href":"https:\/\/gaudiumetspes-blog.pl\/index.php\/wp-json\/wp\/v2\/types\/post"}],"author":[{"embeddable":true,"href":"https:\/\/gaudiumetspes-blog.pl\/index.php\/wp-json\/wp\/v2\/users\/1"}],"replies":[{"embeddable":true,"href":"https:\/\/gaudiumetspes-blog.pl\/index.php\/wp-json\/wp\/v2\/comments?post=15503"}],"version-history":[{"count":5,"href":"https:\/\/gaudiumetspes-blog.pl\/index.php\/wp-json\/wp\/v2\/posts\/15503\/revisions"}],"predecessor-version":[{"id":15508,"href":"https:\/\/gaudiumetspes-blog.pl\/index.php\/wp-json\/wp\/v2\/posts\/15503\/revisions\/15508"}],"wp:attachment":[{"href":"https:\/\/gaudiumetspes-blog.pl\/index.php\/wp-json\/wp\/v2\/media?parent=15503"}],"wp:term":[{"taxonomy":"category","embeddable":true,"href":"https:\/\/gaudiumetspes-blog.pl\/index.php\/wp-json\/wp\/v2\/categories?post=15503"},{"taxonomy":"post_tag","embeddable":true,"href":"https:\/\/gaudiumetspes-blog.pl\/index.php\/wp-json\/wp\/v2\/tags?post=15503"}],"curies":[{"name":"wp","href":"https:\/\/api.w.org\/{rel}","templated":true}]}}