{"id":15524,"date":"2019-08-03T06:18:42","date_gmt":"2019-08-03T04:18:42","guid":{"rendered":"https:\/\/gaudiumetspes-blog.pl\/?p=15524"},"modified":"2019-08-03T06:18:42","modified_gmt":"2019-08-03T04:18:42","slug":"boze-piec-minut-w-naszym-zyciu","status":"publish","type":"post","link":"https:\/\/gaudiumetspes-blog.pl\/index.php\/2019\/08\/03\/boze-piec-minut-w-naszym-zyciu\/","title":{"rendered":"Bo\u017ce &#8222;pi\u0119\u0107 minut&#8221; w naszym \u017cyciu"},"content":{"rendered":"<p align=\"justify\"><span style=\"color: #000000\"><span style=\"font-family: Book Antiqua, serif\"><span style=\"font-size: large\">Szcz\u0119\u015b\u0107 Bo\u017ce! Moi Drodzy, w dniu dzisiejszym <b>urodziny prze\u017cywa Albert Dudzik, za moich czas\u00f3w \u2013 Lektor w Parafii w \u017belechowie. Niech Mu Pan b\u0142ogos\u0142awi i u\u015bwi\u0119ca swoj\u0105 obecno\u015bci\u0105 ca\u0142y Jego czas \u2013 ka\u017cdy dzie\u0144 Jego \u017cycia! Wi\u0119cej o tym \u2013 w rozwa\u017caniu. Ze swej strony, zapewniam o modlitwie!<\/b><\/span><\/span><\/span><\/p>\n<p align=\"justify\"><span style=\"color: #000000\"><span style=\"font-family: Book Antiqua, serif\"><span style=\"font-size: large\">Moi Drodzy, dzi\u015b pierwsza sobota miesi\u0105ca. I kolejny dzie\u0144 pielgrzymowania tak wielu Os\u00f3b do Tronu Jasnog\u00f3rskiej Pani \u2013 ze wszystkich zak\u0105tk\u00f3w ziemi polskiej. W Pielgrzymce Podlaskiej wyrusz\u0105 kolejne Grupy: ze wspomnianego przed chwil\u0105 \u017belechowa, ale i z \u0141ukowa, i z Garwolina. Niech to b\u0119dzie Bo\u017cy czas w \u017cyciu Pielgrzym\u00f3w -zar\u00f3wno id\u0105cych na trasie, jak i duchowych.<\/span><\/span><\/span><\/p>\n<p align=\"center\"><span style=\"color: #000000\"><span style=\"font-family: Book Antiqua, serif\"><span style=\"font-size: large\">Gaudium et spes! Ks. Jacek<\/span><\/span><\/span><\/p>\n<p align=\"center\">\n<p align=\"center\">\n<p align=\"center\">\n<p align=\"center\">\n<p align=\"justify\"><span style=\"color: #000000\"><span style=\"font-family: Book Antiqua, serif\"><span style=\"font-size: large\"><b>Sobota 17 Tygodnia zwyk\u0142ego, rok I,<\/b><\/span><\/span><\/span><\/p>\n<p align=\"justify\"><span style=\"color: #000000\"><span style=\"font-family: Book Antiqua, serif\"><span style=\"font-size: large\"><b>do czyta\u0144: Kp\u0142 25,1.8\u201317; Mt 14,1\u201312<\/b><\/span><\/span><\/span><\/p>\n<p align=\"justify\">\n<p align=\"justify\">\n<p align=\"justify\">\n<p align=\"justify\">\n<p align=\"justify\"><span style=\"color: #000000\"><span style=\"font-family: Book Antiqua, serif\"><span style=\"font-size: large\"><b>CZYTANIE Z KSI\u0118GI KAP\u0141A\u0143SKIEJ: <\/b><\/span><\/span><\/span><\/p>\n<p align=\"justify\"><span style=\"color: #000000\"><span style=\"font-family: Book Antiqua, serif\"><span style=\"font-size: large\"><b>Pan powiedzia\u0142 do Moj\u017cesza na g\u00f3rze Synaj: \u201ePoliczysz sobie siedem lat szabatowych, to jest siedem razy po siedem lat, tak \u017ce czas siedmiu lat szabatowych b\u0119dzie obejmowa\u0142 czterdzie\u015bci dziewi\u0119\u0107 lat. Dziesi\u0105tego dnia, si\u00f3dmego miesi\u0105ca zatr\u0105bisz w r\u00f3g. W Dniu Przeb\u0142agania zatr\u0105bcie w r\u00f3g w ca\u0142ej waszej ziemi. B\u0119dziecie \u015bwi\u0119ci\u0107 pi\u0119\u0107dziesi\u0105ty rok, oznajmicie wyzwolenie w kraju dla wszystkich jego mieszka\u0144c\u00f3w. B\u0119dzie to dla was jubileusz, ka\u017cdy z was powr\u00f3ci do swej w\u0142asno\u015bci i ka\u017cdy powr\u00f3ci do swego rodu. Ca\u0142y ten rok pi\u0119\u0107dziesi\u0105ty b\u0119dzie dla was rokiem jubileuszowym, nie b\u0119dziecie sia\u0107, nie b\u0119dziecie \u017c\u0105\u0107 tego, co uro\u015bnie, nie b\u0119dziecie zbiera\u0107 nieobci\u0119tych winogron, bo to b\u0119dzie dla was jubileusz, to b\u0119dzie dla was rzecz \u015bwi\u0119ta. Wolno wam jednak b\u0119dzie je\u015b\u0107 to, co uro\u015bnie na polu. <\/b><\/span><\/span><\/span><\/p>\n<p align=\"justify\"><span style=\"color: #000000\"><span style=\"font-family: Book Antiqua, serif\"><span style=\"font-size: large\"><b>W tym roku jubileuszowym ka\u017cdy powr\u00f3ci do swej w\u0142asno\u015bci. Kiedy wi\u0119c b\u0119dziecie sprzedawa\u0107 co\u015b bli\u017aniemu albo kupowa\u0107 co\u015b od bli\u017aniego, nie wyrz\u0105dzajcie krzywdy jeden drugiemu. Ale odpowiednio do liczby lat, kt\u00f3re up\u0142yn\u0119\u0142y od jubileuszu, b\u0119dziesz kupowa\u0142 od bli\u017aniego, a on sprzeda tobie odpowiednio do liczby lat plon\u00f3w. Im wi\u0119cej lat pozostaje do jubileuszu, tym wi\u0119ksz\u0105 cen\u0119 zap\u0142acisz, im mniej lat pozostaje, tym mniejsz\u0105 cen\u0119 zap\u0142acisz, bo ilo\u015b\u0107 plon\u00f3w on ci sprzedaje. <\/b><\/span><\/span><\/span><\/p>\n<p align=\"justify\"><span style=\"color: #000000\"><span style=\"font-family: Book Antiqua, serif\"><span style=\"font-size: large\"><b>Nie b\u0119dziecie wyrz\u0105dza\u0107 krzywdy jeden drugiemu. B\u0119dziesz si\u0119 ba\u0142 Boga twego, bo Ja jestem Pan, B\u00f3g wasz!\u201d<\/b><\/span><\/span><\/span><\/p>\n<p align=\"justify\">\n<p align=\"justify\">\n<p align=\"justify\">\n<p align=\"justify\">\n<p align=\"justify\"><span style=\"color: #000000\"><span style=\"font-family: Book Antiqua, serif\"><span style=\"font-size: large\"><b>S\u0141OWA EWANGELII WED\u0141UG \u015aWI\u0118TEGO MATEUSZA: <\/b><\/span><\/span><\/span><\/p>\n<p align=\"justify\"><span style=\"color: #000000\"><span style=\"font-family: Book Antiqua, serif\"><span style=\"font-size: large\"><b>W owym czasie dosz\u0142a do uszu tetrarchy Heroda wie\u015b\u0107 o Jezusie. I rzek\u0142 do swych dworzan: \u201eTo Jan Chrzciciel. On powsta\u0142 z martwych i dlatego moce cudotw\u00f3rcze dzia\u0142aj\u0105 w nim\u201d. <\/b><\/span><\/span><\/span><\/p>\n<p align=\"justify\"><span style=\"color: #000000\"><span style=\"font-family: Book Antiqua, serif\"><span style=\"font-size: large\"><b>Herod bowiem kaza\u0142 pochwyci\u0107 Jana i zwi\u0105zanego wrzuci\u0107 do wi\u0119zienia. Powodem by\u0142a Herodiada, \u017cona brata jego Filipa. Jan bowiem upomina\u0142 go: \u201eNie wolno ci jej trzyma\u0107\u201d. Ch\u0119tnie te\u017c by\u0142by go zg\u0142adzi\u0142, ba\u0142 si\u0119 jednak ludu, poniewa\u017c miano go za proroka.<\/b><\/span><\/span><\/span><\/p>\n<p align=\"justify\"><span style=\"color: #000000\"><span style=\"font-family: Book Antiqua, serif\"><span style=\"font-size: large\"><b>Ot\u00f3\u017c kiedy obchodzono urodziny Heroda, ta\u0144czy\u0142a c\u00f3rka Herodiady wobec go\u015bci i spodoba\u0142a si\u0119 Herodowi. Zatem pod przysi\u0119g\u0105 obieca\u0142 jej da\u0107 wszystko, o cokolwiek poprosi. A ona, przedtem ju\u017c podm\u00f3wiona przez sw\u0105 matk\u0119, powiedzia\u0142a: \u201eDaj mi tu na misie g\u0142ow\u0119 Jana Chrzciciela\u201d. Zasmuci\u0142 si\u0119 kr\u00f3l. Lecz przez wzgl\u0105d na przysi\u0119g\u0119 i na wsp\u00f3\u0142biesiadnik\u00f3w kaza\u0142 jej da\u0107. Pos\u0142a\u0142 wi\u0119c kata i kaza\u0142 \u015bci\u0105\u0107 Jana w wi\u0119zieniu. Przyniesiono g\u0142ow\u0119 jego na misie i dano dziewcz\u0119ciu, a ono zanios\u0142o j\u0105 swojej matce. <\/b><\/span><\/span><\/span><\/p>\n<p align=\"justify\"><span style=\"color: #000000\"><span style=\"font-family: Book Antiqua, serif\"><span style=\"font-size: large\"><b>Uczniowie za\u015b Jana przyszli, zabrali jego cia\u0142o i pogrzebali je; potem poszli i donie\u015bli o tym Jezusowi.<\/b><\/span><\/span><\/span><\/p>\n<p align=\"justify\">\n<p align=\"justify\">\n<p align=\"justify\">\n<p align=\"justify\">\n<p align=\"justify\"><span style=\"color: #000000\"><span style=\"font-family: Book Antiqua, serif\"><span style=\"font-size: large\">Czym rok jubileuszowy <b>r\u00f3\u017cni si\u0119 od inn<\/b><b>ego roku<\/b> \u2013 chocia\u017cby od tego, kt\u00f3ry by\u0142 tu\u017c przed nim, albo od tego, kt\u00f3ry b\u0119dzie tu\u017c po nim? A to pytanie mo\u017cna postawi\u0107 zar\u00f3wno, gdy my\u015blimy o tym <b>starotestamentalnym <\/b><b>roku jubileuszowym,<\/b> o kt\u00f3rym s\u0142yszymy w dzisiejszym pierwszym czytaniu, czyli <b>o roku pi\u0119\u0107dziesi\u0105tym, <\/b>nast\u0119puj\u0105cym po up\u0142ywie siedmiu razy po siedem lat; jak te\u017c w\u00f3wczas, gdy mamy na uwadze <b>jubileusze, prze\u017cywane chocia\u017cby w Ko\u015bciele,<\/b> czy innych ludzkich wsp\u00f3lnotach i spo\u0142eczno\u015bciach, niekoniecznie nawet religijnych. Chocia\u017c my dzisiaj skupiamy si\u0119 <b>jednak na tych religijnych,<\/b> bo w nich jubileusz zyskuje szczeg\u00f3lny wymiar. W\u0142a\u015bnie \u2013 jaki?\u2026 <\/span><\/span><\/span><\/p>\n<p align=\"justify\"><span style=\"color: #000000\"><span style=\"font-family: Book Antiqua, serif\"><span style=\"font-size: large\">Jeszcze raz zapytajmy: <b>C<\/b><b>zym\u017ce ten rok r\u00f3\u017cni si\u0119 od pozosta\u0142ych?<\/b> Czy s\u0142o\u0144ce mocniej w nim \u015bwieci? Czy na ludzi spada z nieba deszcz pieni\u0119dzy, a mo\u017ce innych bogactw i obfito\u015bci materialnych? A mo\u017ce <b>atmosfera w powietrzu<\/b> jest lepsza, przez co ludzie nie s\u0105 tacy rozdra\u017cnieni i przez to nie s\u0105 dla siebie nawzajem wrodzy?\u2026 <\/span><\/span><\/span><\/p>\n<p align=\"justify\"><span style=\"color: #000000\"><span style=\"font-family: Book Antiqua, serif\"><span style=\"font-size: large\">Naturalnie, \u017cadna z tych okoliczno\u015bci nie zachodzi, a je\u017celi nawet zachodzi, to <b>nie dlatego, \u017ce jest to rok jubileuszowy,<\/b> tylko\u2026 tak, po prostu. Na czym zatem polega rok jubileuszowy, na kt\u00f3rym tak bardzo zale\u017ca\u0142o Bogu, i\u017c precyzyjnie okre\u015bli\u0142 spos\u00f3b jego prze\u017cywania, m\u00f3wi\u0105c dzisiaj: <i><b>Ca\u0142y ten rok pi\u0119\u0107dziesi\u0105ty b\u0119dzie dla was rokiem jubileuszowym, nie b\u0119dziecie sia\u0107, nie b\u0119dziecie \u017c\u0105\u0107 tego, co uro\u015bnie, nie b\u0119dziecie zbiera\u0107 nieobci\u0119tych winogron, bo to b\u0119dzie dla was jubileusz, to b\u0119dzie dla was rzecz \u015bwi\u0119ta. Wolno wam jednak b\u0119dzie je\u015b\u0107 to, co uro\u015bnie na polu<\/b><\/i><b> \u2013 <\/b>co by\u0142o takiego szczeg\u00f3lnego w tym roku?<\/span><\/span><\/span><\/p>\n<p align=\"justify\"><span style=\"color: #000000\"><span style=\"font-family: Book Antiqua, serif\"><span style=\"font-size: large\">A mo\u017ce w\u0142a\u015bnie to, \u017ce to by\u0142 \u2013 i jest! \u2013 <b>Bo\u017cy czas w \u017cyciu cz\u0142owieka,<\/b> w \u017cyciu tej, czy innej, ludzkiej spo\u0142eczno\u015bci?\u2026 Owszem, prawd\u0105 jest \u2013 i o tym nie mo\u017cemy i nie chcemy zapomina\u0107 \u2013 \u017ce <b>ka\u017cdy czas<\/b> w \u017cyciu cz\u0142owieka <b>jest Bo\u017cym czasem.<\/b> Wszak jest <b>przez Boga dany i B\u00f3g w nim dzia\u0142a.<\/b> Jednak jubileusz to taki czas, kiedy cz\u0142owiek ma sobie o Bogu <b>przypomnie\u0107 bardziej<\/b> \u2013 bardziej uroczy\u015bcie! Mo\u017ce te\u017c\u2026 bardziej autentycznie?\u2026 A przez to \u2013 bardziej skutecznie?\u2026 <\/span><\/span><\/span><\/p>\n<p align=\"justify\"><span style=\"color: #000000\"><span style=\"font-family: Book Antiqua, serif\"><span style=\"font-size: large\"><b>Skutecznie<\/b> \u2013 w tym sensie, \u017ce kiedy cz\u0142owiek u\u015bwiadomi sobie, jak wiele od Boga otrzymuje, \u017ce w\u0142a\u015bciwie <b>wszystko od Niego otrzymuje,<\/b> to b\u0119dzie Mu za to <b>bardziej wdzi\u0119czny,<\/b> a jednocze\u015bnie: mo\u017ce troch\u0119 <b>m\u0105drzej i sensowniej <\/b><b>s<\/b><b>korzysta<\/b> z Bo\u017cych dar\u00f3w?\u2026 Je\u015bli tak by si\u0119 sta\u0142o, to by znaczy\u0142o, \u017ce jubileusz <b>naprawd\u0119 spe\u0142ni\u0142 swoj\u0105 rol\u0119.<\/b> Znaczy\u0142oby to, \u017ce cz\u0142owiek zatrzyma\u0142 si\u0119 w biegu, zastanowi\u0142, rozejrza\u0142 wok\u00f3\u0142 siebie, <b>oderwa\u0142 wzrok\u2026 od samego siebie<\/b> \u2013 i zauwa\u017cy\u0142 Boga! <\/span><\/span><\/span><\/p>\n<p align=\"justify\"><span style=\"color: #000000\"><span style=\"font-family: Book Antiqua, serif\"><span style=\"font-size: large\">M\u00f3wi\u0105c zatem dzisiejszym j\u0119zykiem, stwierdzi\u0107 mo\u017cemy, \u017ce jubileusz \u2013 to takie <b>\u201epi\u0119\u0107 minut\u201d Boga w \u017cyciu cz\u0142owieka.<\/b> Jest to bardzo popularne i cz\u0119sto stosowane wyra\u017cenie, \u017ce kto\u015b ma akurat <b>swoje \u201epi\u0119\u0107 minut\u201d,<\/b> czyli taki szczeg\u00f3lny czas, kiedy mo\u017ce <b>bardziej<\/b> <b>zaistnie\u0107<\/b> w swoim otoczeniu, w swojej spo\u0142eczno\u015bci. <\/span><\/span><\/span><\/p>\n<p align=\"justify\"><span style=\"color: #000000\"><span style=\"font-family: Book Antiqua, serif\"><span style=\"font-size: large\">Niestety, nie zawsze jest to wyra\u017cenie o znaczeniu pozytywnym. Zdarza si\u0119 bowiem, \u017ce takie \u201epi\u0119\u0107 minut\u201d oznacza <b>danie si\u0119 we znaki<\/b> ca\u0142emu otoczeniu przez <b>cz\u0142owieka pr\u00f3\u017cnego,<\/b> zarozumia\u0142ego, zadufanego w sobie, przekonanego o swojej nieomylnej racji. <\/span><\/span><\/span><\/p>\n<p align=\"justify\"><span style=\"color: #000000\"><span style=\"font-family: Book Antiqua, serif\"><span style=\"font-size: large\">Dok\u0142adnie o takiej sytuacji m\u00f3wi nam <b>dzisiejsza Ewangelia.<\/b> Pod\u0142a i przewrotna Herodiada, wiedziona jakim\u015b diabelskim instynktem, odkry\u0142a, \u017ce <b>w\u0142a\u015bnie nast\u0105pi\u0142o jej \u201epi\u0119\u0107 minut\u201d<\/b> i mo\u017ce raz na zawsze uciszy\u0107 niewygodnego Proroka, wywo\u0142uj\u0105cego jej wyrzuty sumienia z powodu niemoralnego \u017cycia. I rzeczywi\u015bcie, <b>zdawa\u0107 by si\u0119 mog\u0142o,<\/b> \u017ce wygra\u0142a. <\/span><\/span><\/span><\/p>\n<p align=\"justify\"><span style=\"color: #000000\"><span style=\"font-family: Book Antiqua, serif\"><span style=\"font-size: large\">Nie wiedzia\u0142a jednak niem\u0105dra (\u017ceby nie powiedzie\u0107 dosadniej\u2026), \u017ce <b>w\u0142a\u015bnie wtedy z kretesem przegra\u0142a!<\/b> Bo s\u0142owa i przes\u0142anie Jana Chrzciciela <b>prze\u017cy\u0142y jego \u015bmier\u0107<\/b> i do dzi\u015b dnia kszta\u0142tuj\u0105 ludzkie postawy, natomiast ona \u2013 tak\u017ce do dzi\u015b dnia \u2013 jest symbolem moralnej zgnilizny i totalnego upadku. <b>Tyle \u201ewygra\u0142a\u201d! <\/b>Tyle \u201ezyska\u0142a\u201d! Tak w\u0142a\u015bnie wykorzysta\u0142a swoje \u201epi\u0119\u0107 minut\u201d\u2026 To by\u0142 z ca\u0142\u0105 pewno\u015bci\u0105, w jej \u017cyciu \u2013 <b>czas diab\u0142a! <\/b>Czas jego intensywnego dzia\u0142ania. Czas d\u0142u\u017cszy, ni\u017c pi\u0119\u0107 minut\u2026 <\/span><\/span><\/span><\/p>\n<p align=\"justify\"><span style=\"color: #000000\"><span style=\"font-family: Book Antiqua, serif\"><span style=\"font-size: large\">A jubileusz jest po to, aby w naszym \u017cyciu <b>to B\u00f3g mia\u0142 sw\u00f3j szczeg\u00f3lny czas.<\/b> Po to, moi Drodzy, my tak\u017ce mamy swoje jubileusze. Ale po to mamy tak\u017ce chocia\u017cby <b>ka\u017cd\u0105 niedziel\u0119!<\/b> Bo\u017cy czas w naszym \u017cyciu. <b>Bo\u017ce \u201epi\u0119\u0107 minut\u201d<\/b> <b>w naszym \u017cyciu!<\/b> I nie po to, aby B\u00f3g m\u00f3g\u0142 \u201ena si\u0142\u0119\u201d zaistnie\u0107, zab\u0142ysn\u0105\u0107 przed nami, czym\u015b nas zaszokowa\u0107, czym\u015b si\u0119 przed nami wykaza\u0107\u2026 On naprawd\u0119 tego nie potrzebuje! <\/span><\/span><\/span><\/p>\n<p align=\"justify\"><span style=\"color: #000000\"><span style=\"font-family: Book Antiqua, serif\"><span style=\"font-size: large\">On nie jest pr\u00f3\u017cny, <b>nie chce si\u0119 przed nami popisywa\u0107<\/b> swoj\u0105 wielko\u015bci\u0105, jakby bez tego nie m\u00f3g\u0142 si\u0119 oby\u0107. Nie! B\u00f3g domaga si\u0119 od nas \u015bwi\u0119towania czasu jubileuszu i zabiega o to swoje \u201epi\u0119\u0107 minut\u201d w naszym \u017cyciu \u2013 <b>dla naszego dobra! <\/b>Tak, moi Drodzy, Bo\u017ce \u201epi\u0119\u0107 minut\u201d w naszym \u017cyciu <b>potrzebne jest nam, nie Bogu!<\/b> \u015awi\u0119ty czas, Bo\u017cy czas \u2013 czas jubileuszowy, czas podnios\u0142y \u2013 potrzebny jest nam, nie Bogu! On nic na tym \u2013 w wymiarze zewn\u0119trznym, czy materialnym \u2013 nie zyskuje! <b>To my wszystko na tym zyskujemy. <\/b><\/span><\/span><\/span><\/p>\n<p align=\"justify\"><span style=\"color: #000000\"><span style=\"font-family: Book Antiqua, serif\"><span style=\"font-size: large\">Ka\u017cdy i ka\u017cdy z nas. To ja osobi\u015bcie na tym zyskuj\u0119. Czy zatem doceniam i staram si\u0119 <b>w\u0142a\u015bciwie prze\u017cy\u0107<\/b> Bo\u017cy czas w moim \u017cyciu \u2013 chocia\u017cby niedziel\u0119 i \u015bwi\u0119ta? Czy ten czas r\u00f3\u017cni si\u0119, w moim przypadku, od tego codziennego? <b>Czy si\u0119 r\u00f3\u017cni \u2013 i czym si\u0119 r\u00f3\u017cni?\u2026<\/b> <\/span><\/span><\/span><\/p>\n<p align=\"justify\"><span style=\"color: #000000\"><span style=\"font-family: Book Antiqua, serif\"><span style=\"font-size: large\">I czy dzi\u0119ki nale\u017cytemu prze\u017cyciu ka\u017cdego szczeg\u00f3lnego Bo\u017cego czasu w moim \u017cyciu \u2013 <b>ca\u0142y m\u00f3j czas<\/b> i ca\u0142e moje \u017cycie staj\u0105 si\u0119 bardziej Bo\u017ce?\u2026<\/span><\/span><\/span><\/p>\n","protected":false},"excerpt":{"rendered":"<p>Szcz\u0119\u015b\u0107 Bo\u017ce! Moi Drodzy, w dniu dzisiejszym urodziny prze\u017cywa Albert Dudzik, za moich czas\u00f3w \u2013 Lektor w Parafii w \u017belechowie. Niech Mu Pan b\u0142ogos\u0142awi i u\u015bwi\u0119ca swoj\u0105 obecno\u015bci\u0105 ca\u0142y Jego czas \u2013 ka\u017cdy dzie\u0144 Jego \u017cycia! Wi\u0119cej o tym \u2013 w rozwa\u017caniu. Ze swej strony, zapewniam o modlitwie! Moi Drodzy, dzi\u015b pierwsza sobota miesi\u0105ca. I [&hellip;]<\/p>\n","protected":false},"author":1,"featured_media":0,"comment_status":"open","ping_status":"open","sticky":false,"template":"","format":"standard","meta":{"jetpack_post_was_ever_published":false,"_jetpack_newsletter_access":"","_jetpack_dont_email_post_to_subs":false,"_jetpack_newsletter_tier_id":0,"_jetpack_memberships_contains_paywalled_content":false,"_jetpack_memberships_contains_paid_content":false,"footnotes":""},"categories":[1],"tags":[],"class_list":["post-15524","post","type-post","status-publish","format-standard","hentry","category-bez-kategorii"],"yoast_head":"<!-- This site is optimized with the Yoast SEO plugin v25.1 - https:\/\/yoast.com\/wordpress\/plugins\/seo\/ -->\n<title>Bo\u017ce &quot;pi\u0119\u0107 minut&quot; w naszym \u017cyciu - Gaudium Et Spes<\/title>\n<meta name=\"robots\" content=\"index, follow, max-snippet:-1, max-image-preview:large, max-video-preview:-1\" \/>\n<link rel=\"canonical\" href=\"https:\/\/gaudiumetspes-blog.pl\/index.php\/2019\/08\/03\/boze-piec-minut-w-naszym-zyciu\/\" \/>\n<meta property=\"og:locale\" content=\"pl_PL\" \/>\n<meta property=\"og:type\" content=\"article\" \/>\n<meta property=\"og:title\" content=\"Bo\u017ce &quot;pi\u0119\u0107 minut&quot; w naszym \u017cyciu - Gaudium Et Spes\" \/>\n<meta property=\"og:description\" content=\"Szcz\u0119\u015b\u0107 Bo\u017ce! Moi Drodzy, w dniu dzisiejszym urodziny prze\u017cywa Albert Dudzik, za moich czas\u00f3w \u2013 Lektor w Parafii w \u017belechowie. Niech Mu Pan b\u0142ogos\u0142awi i u\u015bwi\u0119ca swoj\u0105 obecno\u015bci\u0105 ca\u0142y Jego czas \u2013 ka\u017cdy dzie\u0144 Jego \u017cycia! Wi\u0119cej o tym \u2013 w rozwa\u017caniu. Ze swej strony, zapewniam o modlitwie! Moi Drodzy, dzi\u015b pierwsza sobota miesi\u0105ca. I [&hellip;]\" \/>\n<meta property=\"og:url\" content=\"https:\/\/gaudiumetspes-blog.pl\/index.php\/2019\/08\/03\/boze-piec-minut-w-naszym-zyciu\/\" \/>\n<meta property=\"og:site_name\" content=\"Gaudium Et Spes\" \/>\n<meta property=\"article:published_time\" content=\"2019-08-03T04:18:42+00:00\" \/>\n<meta name=\"author\" content=\"Ks. Jacek\" \/>\n<meta name=\"twitter:card\" content=\"summary_large_image\" \/>\n<meta name=\"twitter:label1\" content=\"Napisane przez\" \/>\n\t<meta name=\"twitter:data1\" content=\"Ks. Jacek\" \/>\n\t<meta name=\"twitter:label2\" content=\"Szacowany czas czytania\" \/>\n\t<meta name=\"twitter:data2\" content=\"8 minut\" \/>\n<script type=\"application\/ld+json\" class=\"yoast-schema-graph\">{\"@context\":\"https:\/\/schema.org\",\"@graph\":[{\"@type\":\"WebPage\",\"@id\":\"https:\/\/gaudiumetspes-blog.pl\/index.php\/2019\/08\/03\/boze-piec-minut-w-naszym-zyciu\/\",\"url\":\"https:\/\/gaudiumetspes-blog.pl\/index.php\/2019\/08\/03\/boze-piec-minut-w-naszym-zyciu\/\",\"name\":\"Bo\u017ce \\\"pi\u0119\u0107 minut\\\" w naszym \u017cyciu - Gaudium Et Spes\",\"isPartOf\":{\"@id\":\"https:\/\/gaudiumetspes-blog.pl\/#website\"},\"datePublished\":\"2019-08-03T04:18:42+00:00\",\"author\":{\"@id\":\"https:\/\/gaudiumetspes-blog.pl\/#\/schema\/person\/1661982992b752dea8dff0d4ed845a65\"},\"breadcrumb\":{\"@id\":\"https:\/\/gaudiumetspes-blog.pl\/index.php\/2019\/08\/03\/boze-piec-minut-w-naszym-zyciu\/#breadcrumb\"},\"inLanguage\":\"pl-PL\",\"potentialAction\":[{\"@type\":\"ReadAction\",\"target\":[\"https:\/\/gaudiumetspes-blog.pl\/index.php\/2019\/08\/03\/boze-piec-minut-w-naszym-zyciu\/\"]}]},{\"@type\":\"BreadcrumbList\",\"@id\":\"https:\/\/gaudiumetspes-blog.pl\/index.php\/2019\/08\/03\/boze-piec-minut-w-naszym-zyciu\/#breadcrumb\",\"itemListElement\":[{\"@type\":\"ListItem\",\"position\":1,\"name\":\"Strona g\u0142\u00f3wna\",\"item\":\"https:\/\/gaudiumetspes-blog.pl\/\"},{\"@type\":\"ListItem\",\"position\":2,\"name\":\"Bo\u017ce &#8222;pi\u0119\u0107 minut&#8221; w&nbsp;naszym \u017cyciu\"}]},{\"@type\":\"WebSite\",\"@id\":\"https:\/\/gaudiumetspes-blog.pl\/#website\",\"url\":\"https:\/\/gaudiumetspes-blog.pl\/\",\"name\":\"Gaudium Et Spes\",\"description\":\"Blog Ks. Jacka Ja\u015bkowskiego\",\"potentialAction\":[{\"@type\":\"SearchAction\",\"target\":{\"@type\":\"EntryPoint\",\"urlTemplate\":\"https:\/\/gaudiumetspes-blog.pl\/?s={search_term_string}\"},\"query-input\":{\"@type\":\"PropertyValueSpecification\",\"valueRequired\":true,\"valueName\":\"search_term_string\"}}],\"inLanguage\":\"pl-PL\"},{\"@type\":\"Person\",\"@id\":\"https:\/\/gaudiumetspes-blog.pl\/#\/schema\/person\/1661982992b752dea8dff0d4ed845a65\",\"name\":\"Ks. Jacek\",\"image\":{\"@type\":\"ImageObject\",\"inLanguage\":\"pl-PL\",\"@id\":\"https:\/\/gaudiumetspes-blog.pl\/#\/schema\/person\/image\/\",\"url\":\"https:\/\/gaudiumetspes-blog.pl\/wp-content\/uploads\/2019\/07\/avatar-JJ-150x150.jpg\",\"contentUrl\":\"https:\/\/gaudiumetspes-blog.pl\/wp-content\/uploads\/2019\/07\/avatar-JJ-150x150.jpg\",\"caption\":\"Ks. Jacek\"},\"description\":\"Witam serdecznie! K\u0142ania si\u0119 Ks. Jacek Ja\u015bkowski. Nie jestem ani kim\u015b wa\u017cnym, ani kim\u015b znanym. Jestem ksi\u0119dzem, kt\u00f3ry po prostu chce rozmawia\u0107. Codzienna kap\u0142a\u0144ska pos\u0142uga pokazuje mi, \u017ce temat\u00f3w do rozm\u00f3w z ksi\u0119dzem jest coraz wi\u0119cej i dzisiaj \u017caden ksi\u0105dz nie mo\u017ce od nich ucieka\u0107, ale - wprost przeciwnie - podejmowa\u0107 nowe wyzwania. To przekonanie sk\u0142oni\u0142o mnie do pr\u00f3by otwarcia tego\u017c bloga, chocia\u017c okazji do rozm\u00f3w na co dzie\u0144 - w konfesjonale i poza nim - na szcz\u0119\u015bcie nie brakuje. My\u015bl\u0119 jednak, \u017ce ten blog b\u0119dzie jeszcze jednym sposobem i przestrzeni\u0105 nawi\u0105zania kontaktu z lud\u017ami dobrej woli, otwartymi na dialog.\",\"url\":\"https:\/\/gaudiumetspes-blog.pl\/index.php\/author\/ks-jacek\/\"}]}<\/script>\n<!-- \/ Yoast SEO plugin. -->","yoast_head_json":{"title":"Bo\u017ce \"pi\u0119\u0107 minut\" w naszym \u017cyciu - Gaudium Et Spes","robots":{"index":"index","follow":"follow","max-snippet":"max-snippet:-1","max-image-preview":"max-image-preview:large","max-video-preview":"max-video-preview:-1"},"canonical":"https:\/\/gaudiumetspes-blog.pl\/index.php\/2019\/08\/03\/boze-piec-minut-w-naszym-zyciu\/","og_locale":"pl_PL","og_type":"article","og_title":"Bo\u017ce \"pi\u0119\u0107 minut\" w naszym \u017cyciu - Gaudium Et Spes","og_description":"Szcz\u0119\u015b\u0107 Bo\u017ce! Moi Drodzy, w dniu dzisiejszym urodziny prze\u017cywa Albert Dudzik, za moich czas\u00f3w \u2013 Lektor w Parafii w \u017belechowie. Niech Mu Pan b\u0142ogos\u0142awi i u\u015bwi\u0119ca swoj\u0105 obecno\u015bci\u0105 ca\u0142y Jego czas \u2013 ka\u017cdy dzie\u0144 Jego \u017cycia! Wi\u0119cej o tym \u2013 w rozwa\u017caniu. Ze swej strony, zapewniam o modlitwie! Moi Drodzy, dzi\u015b pierwsza sobota miesi\u0105ca. I [&hellip;]","og_url":"https:\/\/gaudiumetspes-blog.pl\/index.php\/2019\/08\/03\/boze-piec-minut-w-naszym-zyciu\/","og_site_name":"Gaudium Et Spes","article_published_time":"2019-08-03T04:18:42+00:00","author":"Ks. Jacek","twitter_card":"summary_large_image","twitter_misc":{"Napisane przez":"Ks. Jacek","Szacowany czas czytania":"8 minut"},"schema":{"@context":"https:\/\/schema.org","@graph":[{"@type":"WebPage","@id":"https:\/\/gaudiumetspes-blog.pl\/index.php\/2019\/08\/03\/boze-piec-minut-w-naszym-zyciu\/","url":"https:\/\/gaudiumetspes-blog.pl\/index.php\/2019\/08\/03\/boze-piec-minut-w-naszym-zyciu\/","name":"Bo\u017ce \"pi\u0119\u0107 minut\" w naszym \u017cyciu - Gaudium Et Spes","isPartOf":{"@id":"https:\/\/gaudiumetspes-blog.pl\/#website"},"datePublished":"2019-08-03T04:18:42+00:00","author":{"@id":"https:\/\/gaudiumetspes-blog.pl\/#\/schema\/person\/1661982992b752dea8dff0d4ed845a65"},"breadcrumb":{"@id":"https:\/\/gaudiumetspes-blog.pl\/index.php\/2019\/08\/03\/boze-piec-minut-w-naszym-zyciu\/#breadcrumb"},"inLanguage":"pl-PL","potentialAction":[{"@type":"ReadAction","target":["https:\/\/gaudiumetspes-blog.pl\/index.php\/2019\/08\/03\/boze-piec-minut-w-naszym-zyciu\/"]}]},{"@type":"BreadcrumbList","@id":"https:\/\/gaudiumetspes-blog.pl\/index.php\/2019\/08\/03\/boze-piec-minut-w-naszym-zyciu\/#breadcrumb","itemListElement":[{"@type":"ListItem","position":1,"name":"Strona g\u0142\u00f3wna","item":"https:\/\/gaudiumetspes-blog.pl\/"},{"@type":"ListItem","position":2,"name":"Bo\u017ce &#8222;pi\u0119\u0107 minut&#8221; w&nbsp;naszym \u017cyciu"}]},{"@type":"WebSite","@id":"https:\/\/gaudiumetspes-blog.pl\/#website","url":"https:\/\/gaudiumetspes-blog.pl\/","name":"Gaudium Et Spes","description":"Blog Ks. Jacka Ja\u015bkowskiego","potentialAction":[{"@type":"SearchAction","target":{"@type":"EntryPoint","urlTemplate":"https:\/\/gaudiumetspes-blog.pl\/?s={search_term_string}"},"query-input":{"@type":"PropertyValueSpecification","valueRequired":true,"valueName":"search_term_string"}}],"inLanguage":"pl-PL"},{"@type":"Person","@id":"https:\/\/gaudiumetspes-blog.pl\/#\/schema\/person\/1661982992b752dea8dff0d4ed845a65","name":"Ks. Jacek","image":{"@type":"ImageObject","inLanguage":"pl-PL","@id":"https:\/\/gaudiumetspes-blog.pl\/#\/schema\/person\/image\/","url":"https:\/\/gaudiumetspes-blog.pl\/wp-content\/uploads\/2019\/07\/avatar-JJ-150x150.jpg","contentUrl":"https:\/\/gaudiumetspes-blog.pl\/wp-content\/uploads\/2019\/07\/avatar-JJ-150x150.jpg","caption":"Ks. Jacek"},"description":"Witam serdecznie! K\u0142ania si\u0119 Ks. Jacek Ja\u015bkowski. Nie jestem ani kim\u015b wa\u017cnym, ani kim\u015b znanym. Jestem ksi\u0119dzem, kt\u00f3ry po prostu chce rozmawia\u0107. Codzienna kap\u0142a\u0144ska pos\u0142uga pokazuje mi, \u017ce temat\u00f3w do rozm\u00f3w z ksi\u0119dzem jest coraz wi\u0119cej i dzisiaj \u017caden ksi\u0105dz nie mo\u017ce od nich ucieka\u0107, ale - wprost przeciwnie - podejmowa\u0107 nowe wyzwania. To przekonanie sk\u0142oni\u0142o mnie do pr\u00f3by otwarcia tego\u017c bloga, chocia\u017c okazji do rozm\u00f3w na co dzie\u0144 - w konfesjonale i poza nim - na szcz\u0119\u015bcie nie brakuje. My\u015bl\u0119 jednak, \u017ce ten blog b\u0119dzie jeszcze jednym sposobem i przestrzeni\u0105 nawi\u0105zania kontaktu z lud\u017ami dobrej woli, otwartymi na dialog.","url":"https:\/\/gaudiumetspes-blog.pl\/index.php\/author\/ks-jacek\/"}]}},"jetpack_featured_media_url":"","jetpack_sharing_enabled":true,"_links":{"self":[{"href":"https:\/\/gaudiumetspes-blog.pl\/index.php\/wp-json\/wp\/v2\/posts\/15524","targetHints":{"allow":["GET"]}}],"collection":[{"href":"https:\/\/gaudiumetspes-blog.pl\/index.php\/wp-json\/wp\/v2\/posts"}],"about":[{"href":"https:\/\/gaudiumetspes-blog.pl\/index.php\/wp-json\/wp\/v2\/types\/post"}],"author":[{"embeddable":true,"href":"https:\/\/gaudiumetspes-blog.pl\/index.php\/wp-json\/wp\/v2\/users\/1"}],"replies":[{"embeddable":true,"href":"https:\/\/gaudiumetspes-blog.pl\/index.php\/wp-json\/wp\/v2\/comments?post=15524"}],"version-history":[{"count":3,"href":"https:\/\/gaudiumetspes-blog.pl\/index.php\/wp-json\/wp\/v2\/posts\/15524\/revisions"}],"predecessor-version":[{"id":15530,"href":"https:\/\/gaudiumetspes-blog.pl\/index.php\/wp-json\/wp\/v2\/posts\/15524\/revisions\/15530"}],"wp:attachment":[{"href":"https:\/\/gaudiumetspes-blog.pl\/index.php\/wp-json\/wp\/v2\/media?parent=15524"}],"wp:term":[{"taxonomy":"category","embeddable":true,"href":"https:\/\/gaudiumetspes-blog.pl\/index.php\/wp-json\/wp\/v2\/categories?post=15524"},{"taxonomy":"post_tag","embeddable":true,"href":"https:\/\/gaudiumetspes-blog.pl\/index.php\/wp-json\/wp\/v2\/tags?post=15524"}],"curies":[{"name":"wp","href":"https:\/\/api.w.org\/{rel}","templated":true}]}}