{"id":15538,"date":"2019-08-06T05:47:19","date_gmt":"2019-08-06T03:47:19","guid":{"rendered":"https:\/\/gaudiumetspes-blog.pl\/?p=15538"},"modified":"2019-08-05T22:25:41","modified_gmt":"2019-08-05T20:25:41","slug":"wyglad-jego-twarzy-sie-odmienil","status":"publish","type":"post","link":"https:\/\/gaudiumetspes-blog.pl\/index.php\/2019\/08\/06\/wyglad-jego-twarzy-sie-odmienil\/","title":{"rendered":"Wygl\u0105d Jego twarzy si\u0119 odmieni\u0142&#8230;"},"content":{"rendered":"<p align=\"justify\"><span style=\"color: #000000\"><span style=\"font-family: Book Antiqua, serif\"><span style=\"font-size: large\">Niech b\u0119dzie pochwalony Jezus Chrystus! Moi Drodzy, serdecznie pozdrawiam z trasy 39 Pieszej Pielgrzymki Podlaskiej, a dok\u0142adnie \u2013 z Czarnolasu, gdzie w czasie Mszy \u015awi\u0119tej o godz. 6:30 mam wyg\u0142osi\u0107 homili\u0119. <\/span><\/span><\/span><\/p>\n<p align=\"justify\"><span style=\"color: #000000\"><span style=\"font-family: Book Antiqua, serif\"><span style=\"font-size: large\">Potem chcia\u0142bym przej\u015b\u0107 kilka etap\u00f3w, a nast\u0119pnie \u2013 odwiedzi\u0107 Ksi\u0119dza Proboszcza Stanis\u0142awa S\u0142awi\u0144skiego w Ciepielowie, gdzie wypada dzisiejszy nocleg Kolumny siedleckiej. Ksi\u0105dz Proboszcz ze swymi bardzo \u017cyczliwymi Parafianami od tylu lat niezwykle go\u015bcinnie przyjmuje Pielgrzym\u00f3w z Podlasia. <\/span><\/span><\/span><\/p>\n<p align=\"justify\"><span style=\"color: #000000\"><span style=\"font-family: Book Antiqua, serif\"><span style=\"font-size: large\">Po tym spotkaniu \u2013 wracam do Samogoszczy, gdzie odprawi\u0119 Msz\u0119 \u015awi\u0119t\u0105 o godz. 18:00, w zast\u0119pstwie Ksi\u0119dza Proboszcza.<\/span><\/span><\/span><\/p>\n<p align=\"justify\"><span style=\"color: #000000\"><span style=\"font-family: Book Antiqua, serif\"><span style=\"font-size: large\">Ca\u0142y czas prosz\u0119 o duchowe wspieranie Pielgrzym\u00f3w!<\/span><\/span><\/span><\/p>\n<p align=\"justify\"><span style=\"color: #000000\"><span style=\"font-family: Book Antiqua, serif\"><span style=\"font-size: large\">Moi Drodzy, dzi\u0119kuj\u0119 za r\u00f3\u017cne opinie i sugestie na temat naszego forum. Wszystkie je przekierowuj\u0119 do Moderatora, Krzysztofa Fabisiaka, bo ja sam znam si\u0119 na ca\u0142ej tej sprawie jak \u2013 nie przymierzaj\u0105c \u2013 na ta\u0144cu baletowym. Moderator z pewno\u015bci\u0105 kompetentnie si\u0119 do tego odniesie.<\/span><\/span><\/span><\/p>\n<p align=\"justify\"><span style=\"color: #000000\"><span style=\"font-family: Book Antiqua, serif\"><span style=\"font-size: large\">A jutro \u2013 po raz pierwszy w naszym nowym mieszkaniu \u2013 s\u0142\u00f3wko z Syberii!<\/span><\/span><\/span><\/p>\n<p align=\"justify\"><span style=\"color: #000000\"><span style=\"font-family: Book Antiqua, serif\"><span style=\"font-size: large\">Na g\u0142\u0119bokie i religijne prze\u017cywanie dzisiejszego \u015awi\u0119ta \u2013 <b>niech Was b\u0142ogos\u0142awi B\u00f3g Wszechmog\u0105cy: Ojciec + i Syn, i Duch \u015awi\u0119ty. Amen<\/b><\/span><\/span><\/span><\/p>\n<p align=\"center\"><span style=\"color: #000000\"><span style=\"font-family: Book Antiqua, serif\"><span style=\"font-size: large\">Gaudium et spes! Ks. Jacek<\/span><\/span><\/span><\/p>\n<p align=\"center\">\n<p align=\"center\">\n<p align=\"center\">\n<p align=\"center\">\n<p align=\"center\">\n<p align=\"justify\"><span style=\"color: #000000\"><span style=\"font-family: Book Antiqua, serif\"><span style=\"font-size: large\"><b>\u015awi\u0119to Przemienienia Pa\u0144skiego, C,<\/b><\/span><\/span><\/span><\/p>\n<p align=\"justify\"><span style=\"color: #000000\"><span style=\"font-family: Book Antiqua, serif\"><span style=\"font-size: large\"><b>do czyta\u0144 z t. VI Lekcjonarza:<\/b> <\/span><\/span><\/span><\/p>\n<p align=\"justify\"><span style=\"color: #000000\"> <span style=\"font-family: Book Antiqua, serif\"><span style=\"font-size: large\"><b>Dn 7,9\u201310. 13-14; 2 P 1,16\u201319; \u0141k 9,28b\u201336<\/b><\/span><\/span><\/span><\/p>\n<p align=\"justify\">\n<p align=\"justify\">\n<p align=\"justify\">\n<p align=\"justify\">\n<p align=\"justify\">\n<p align=\"justify\"><span style=\"color: #000000\"><span style=\"font-family: Book Antiqua, serif\"><span style=\"font-size: large\"><b>CZYTANIE Z KSI\u0118GI PROROKA DANIELA:<\/b><\/span><\/span><\/span><\/p>\n<p align=\"justify\"><span style=\"color: #000000\"><span style=\"font-family: Book Antiqua, serif\"><span style=\"font-size: large\"><b>Patrza\u0142em, a\u017c postawiono trony, a Przedwieczny zaj\u0105\u0142 miejsce. Szata Jego by\u0142a bia\u0142a jak \u015bnieg, a w\u0142osy Jego g\u0142owy jakby z czystej we\u0142ny. Tron Jego by\u0142 z ognistych p\u0142omieni, jego ko\u0142a &#8211; p\u0142on\u0105cy ogie\u0144. Strumie\u0144 ognia si\u0119 rozlewa\u0142 i wyp\u0142ywa\u0142 sprzed Niego. Tysi\u0105c tysi\u0119cy s\u0142u\u017cy\u0142o Mu, a dziesi\u0119\u0107 tysi\u0119cy po dziesi\u0119\u0107 tysi\u0119cy sta\u0142o przed Nim. S\u0105d zasiad\u0142 i otwarto ksi\u0119gi.<\/b><\/span><\/span><\/span><\/p>\n<p align=\"justify\"><span style=\"color: #000000\"><span style=\"font-family: Book Antiqua, serif\"><span style=\"font-size: large\"><b>Patrzy\u0142em w nocnych widzeniach, a oto na ob\u0142okach nieba przybywa jakby Syn Cz\u0142owieczy. Podchodzi do Przedwiecznego i wprowadzaj\u0105 Go przed Niego. Powierzono Mu panowanie, chwa\u0142\u0119 i w\u0142adz\u0119 kr\u00f3lewsk\u0105, a s\u0142u\u017cy\u0142y Mu wszystkie narody, ludy i j\u0119zyki. Panowanie Jego jest wiecznym panowaniem, kt\u00f3re nie przeminie, a Jego kr\u00f3lestwo nie ulegnie zag\u0142adzie.<\/b><\/span><\/span><\/span><\/p>\n<p align=\"justify\">\n<p align=\"justify\">\n<p align=\"justify\">\n<p align=\"justify\">\n<p align=\"justify\">\n<p align=\"center\"><span style=\"color: #000000\"><span style=\"font-family: Book Antiqua, serif\"><span style=\"font-size: large\"><b>ALBO:<\/b><\/span><\/span><\/span><\/p>\n<p align=\"center\">\n<p align=\"center\">\n<p align=\"center\">\n<p align=\"center\">\n<p align=\"center\">\n<p align=\"justify\"><span style=\"color: #000000\"><span style=\"font-family: Book Antiqua, serif\"><span style=\"font-size: large\"><b>CZYTANIE Z DRUGIEGO LISTU \u015aWI\u0118TEGO PIOTRA APOSTO\u0141A:<\/b><\/span><\/span><\/span><\/p>\n<p align=\"justify\"><span style=\"color: #000000\"><span style=\"font-family: Book Antiqua, serif\"><span style=\"font-size: large\"><b>Najmilsi: Nie za wymy\u015blonymi mitami post\u0119powali\u015bmy wtedy, gdy dali\u015bmy wam pozna\u0107 moc i przyj\u015bcie Pana naszego Jezusa Chrystusa, ale nauczali\u015bmy jako naoczni \u015bwiadkowie Jego wielko\u015bci.<\/b><\/span><\/span><\/span><\/p>\n<p align=\"justify\"><span style=\"color: #000000\"><span style=\"font-family: Book Antiqua, serif\"><span style=\"font-size: large\"><b>Otrzyma\u0142 bowiem od Boga Ojca cze\u015b\u0107 i chwa\u0142\u0119, gdy taki oto g\u0142os Go doszed\u0142 od wspania\u0142ego Majestatu: \u201eTo jest m\u00f3j Syn umi\u0142owany, w kt\u00f3rym mam upodobanie\u201d. I s\u0142yszeli\u015bmy, jak ten g\u0142os doszed\u0142 z nieba, kiedy z Nim razem byli\u015bmy na g\u00f3rze \u015bwi\u0119tej.<\/b><\/span><\/span><\/span><\/p>\n<p align=\"justify\"><span style=\"color: #000000\"><span style=\"font-family: Book Antiqua, serif\"><span style=\"font-size: large\"><b>Mamy jednak mocniejsz\u0105, prorock\u0105 mow\u0119, a dobrze zrobicie, je\u017celi b\u0119dziecie przy niej trwali jak przy lampie, kt\u00f3ra \u015bwieci w ciemnym miejscu, a\u017c dzie\u0144 za\u015bwita, a gwiazda poranna wzejdzie w waszych sercach.<\/b><\/span><\/span><\/span><\/p>\n<p align=\"justify\">\n<p align=\"justify\">\n<p align=\"justify\">\n<p align=\"justify\">\n<p align=\"justify\">\n<p align=\"justify\"><span style=\"color: #000000\"><span style=\"font-family: Book Antiqua, serif\"><span style=\"font-size: large\"><b>S\u0141OWA EWANGELII WED\u0141UG \u015aWI\u0118TEGO \u0141UKASZA:<\/b><\/span><\/span><\/span><\/p>\n<p align=\"justify\"><span style=\"color: #000000\"><span style=\"font-family: Book Antiqua, serif\"><span style=\"font-size: large\"><b>Jezus wzi\u0105\u0142 z sob\u0105 Piotra, Jana i Jakuba i wyszed\u0142 na g\u00f3r\u0119, aby si\u0119 modli\u0107.<\/b><\/span><\/span><\/span><\/p>\n<p align=\"justify\"><span style=\"color: #000000\"><span style=\"font-family: Book Antiqua, serif\"><span style=\"font-size: large\"><b>Gdy si\u0119 modli\u0142, wygl\u0105d Jego twarzy si\u0119 odmieni\u0142, a Jego odzienie sta\u0142o si\u0119 l\u015bni\u0105co bia\u0142e.<\/b><\/span><\/span><\/span><\/p>\n<p align=\"justify\"><span style=\"color: #000000\"><span style=\"font-family: Book Antiqua, serif\"><span style=\"font-size: large\"><b>A oto dw\u00f3ch m\u0119\u017c\u00f3w rozmawia\u0142o z Nim. Byli to Moj\u017cesz i Eliasz. Ukazali si\u0119 oni w chwale i m\u00f3wili o Jego odej\u015bciu, kt\u00f3rego mia\u0142 dokona\u0107 w Jerozolimie.<\/b><\/span><\/span><\/span><\/p>\n<p align=\"justify\"><span style=\"color: #000000\"><span style=\"font-family: Book Antiqua, serif\"><span style=\"font-size: large\"><b>Tymczasem Piotr i towarzysze snem byli zmorzeni. Gdy si\u0119 ockn\u0119li, ujrzeli Jego chwa\u0142\u0119 i obydw\u00f3ch m\u0119\u017c\u00f3w, stoj\u0105cych przy Nim.<\/b><\/span><\/span><\/span><\/p>\n<p align=\"justify\"><span style=\"color: #000000\"><span style=\"font-family: Book Antiqua, serif\"><span style=\"font-size: large\"><b>Gdy oni odchodzili od Niego, Piotr rzek\u0142 do Jezusa: \u201eMistrzu, dobrze, \u017ce tu jeste\u015bmy. Postawimy trzy namioty: jeden dla Ciebie, jeden dla Moj\u017cesza i jeden dla Eliasza\u201d. Nie wiedzia\u0142 bowiem, co m\u00f3wi. Gdy jeszcze to m\u00f3wi\u0142, zjawi\u0142 si\u0119 ob\u0142ok i os\u0142oni\u0142 ich; zl\u0119kli si\u0119, gdy tamci weszli w ob\u0142ok.<\/b><\/span><\/span><\/span><\/p>\n<p align=\"justify\"><span style=\"color: #000000\"><span style=\"font-family: Book Antiqua, serif\"><span style=\"font-size: large\"><b>A z ob\u0142oku odezwa\u0142 si\u0119 g\u0142os: \u201eTo jest m\u00f3j Syn wybrany, Jego s\u0142uchajcie\u201d. W chwili, gdy odezwa\u0142 si\u0119 ten g\u0142os, Jezus znalaz\u0142 si\u0119 sam.<\/b><\/span><\/span><\/span><\/p>\n<p align=\"justify\"><span style=\"color: #000000\"><span style=\"font-family: Book Antiqua, serif\"><span style=\"font-size: large\"><b>A oni zachowali milczenie i w owym czasie nikomu nic nie oznajmiali o tym, co widzieli.<\/b><\/span><\/span><\/span><\/p>\n<p align=\"justify\">\n<p align=\"justify\">\n<p align=\"justify\">\n<p align=\"justify\">\n<p align=\"justify\">\n<p align=\"justify\"><span style=\"color: #000000\"><span style=\"font-family: Book Antiqua, serif\"><span style=\"font-size: large\">W <b>Prefacji, przeznaczonej na dzisiejsze \u015awi<\/b><b>\u0119<\/b><b>to,<\/b> celebrans w czasie ka\u017cdej Mszy \u015awi\u0119tej wypowiada lub wy\u015bpiewuje takie oto s\u0142owa:<\/span><\/span><\/span><\/p>\n<p align=\"justify\"><span style=\"color: #000000\">\u201e<span style=\"font-family: Book Antiqua, serif\"><span style=\"font-size: large\">Zaprawd\u0119, godne to i sprawiedliwe, s\u0142uszne i zbawienne, aby\u015bmy Tobie, Ojcze \u015awi\u0119ty, zawsze i wsz\u0119dzie sk\u0142adali dzi\u0119kczynienie, przez naszego Pana Jezusa Chrystusa.<\/span><\/span><\/span><\/p>\n<p align=\"justify\"><span style=\"color: #000000\"><span style=\"font-family: Book Antiqua, serif\"><span style=\"font-size: large\"><b>On objawi\u0142 swoj\u0105 chwa\u0142\u0119 wobec wybranych \u015bwiadk\u00f3w,<\/b> a Jego cia\u0142o podobne do naszego zaja\u015bnia\u0142o niezwyk\u0142ym blaskiem. <b>W ten spos\u00f3b umocni\u0142 serca uczni\u00f3w, aby nie ulegli zgorszeniu krzy\u017ca,<\/b> a ca\u0142emu Ko\u015bcio\u0142owi da\u0142 nadziej\u0119, \u017ce osi\u0105gnie chwa\u0142\u0119, kt\u00f3r\u0105 sam zaja\u015bnia\u0142 jako jego G\u0142owa.\u201d<\/span><\/span><\/span><\/p>\n<p align=\"justify\"><span style=\"color: #000000\"><span style=\"font-family: Book Antiqua, serif\"><span style=\"font-size: large\">Ot\u00f3\u017c, w\u0142a\u015bnie! <b>\u201eW ten spos\u00f3b umocni\u0142 serca uczni\u00f3w, aby nie ulegli zgorszeniu krzy\u017ca\u201d. <\/b>Tak zwyk\u0142o si\u0119 t\u0142umaczy\u0107 sens tego niezwyk\u0142ego wydarzenia, kt\u00f3re dzi\u015b w liturgii prze\u017cywamy i kt\u00f3rego \u2013 s\u0142uchaj\u0105c Bo\u017cego s\u0142owa \u2013 w duchowy spos\u00f3b <b>jeste\u015bmy \u015bwiadkami. <\/b><\/span><\/span><\/span><\/p>\n<p align=\"justify\"><span style=\"color: #000000\"><span style=\"font-family: Book Antiqua, serif\"><span style=\"font-size: large\">Jezus, wiedz\u0105c o wszystkim, co ma na Niego ju\u017c wkr\u00f3tce przyj\u015b\u0107, czyli o straszliwej M\u0119ce i zwi\u0105zanym z ni\u0105 poni\u017ceniu, a wr\u0119cz sponiewieraniu przez ludzi \u2013 <i><b>wzi\u0105\u0142 z sob\u0105 Piotra, Jana i Jakuba i wyszed\u0142 na g\u00f3r\u0119, aby si\u0119 modli\u0107. <\/b><\/i><i><b>Gdy si\u0119 modli\u0142, wygl\u0105d Jego twarzy si\u0119 odmieni\u0142, a Jego odzienie sta\u0142o si\u0119 l\u015bni\u0105co bia\u0142e. <\/b><\/i><i><b>A oto dw\u00f3ch m\u0119\u017c\u00f3w rozmawia\u0142o z Nim. Byli to Moj\u017cesz i Eliasz. Ukazali si\u0119 oni w chwale i m\u00f3wili o Jego odej\u015bciu, kt\u00f3rego mia\u0142 dokona\u0107 w Jerozolimie.<\/b><\/i> <\/span><\/span><\/span><\/p>\n<p align=\"justify\"><span style=\"color: #000000\"><span style=\"font-family: Book Antiqua, serif\"><span style=\"font-size: large\">Tak to dzisiaj przedstawia \u015awi\u0119ty \u0141ukasz. Jezus chcia\u0142 w ten spos\u00f3b przygotowa\u0107 uczni\u00f3w na to swoje okrutne do\u015bwiadczenie, aby kiedy ujrz\u0105 Go w takim nieludzkim stanie, <b>nie zw\u0105tpili w Niego i we wszystko, <\/b>czego ich naucza\u0142 i czego w\u015br\u00f3d nich dokona\u0142. Dlatego ukaza\u0142 im cz\u0105stk\u0119 swej wielkiej chwa\u0142y, o kt\u00f3rej Prorok Daniel, obdarzony wizj\u0105 z Nieba, tak napisa\u0142: <i><b>Patrza\u0142em, a\u017c postawiono trony, a Przedwieczny zaj\u0105\u0142 miejsce. Szata Jego by\u0142a bia\u0142a jak \u015bnieg, a w\u0142osy Jego g\u0142owy jakby z czystej we\u0142ny. Tron Jego by\u0142 z ognistych p\u0142omieni, jego ko\u0142a &#8211; p\u0142on\u0105cy ogie\u0144. Strumie\u0144 ognia si\u0119 rozlewa\u0142 i<\/b><\/i><b> <\/b><i><b>wyp\u0142ywa\u0142 sprzed Niego. Tysi\u0105c tysi\u0119cy s\u0142u\u017cy\u0142o Mu, a dziesi\u0119\u0107 tysi\u0119cy po dziesi\u0119\u0107 tysi\u0119cy sta\u0142o przed Nim. S\u0105d zasiad\u0142 i otwarto ksi\u0119gi.<\/b><\/i><\/span><\/span><\/span><\/p>\n<p align=\"justify\"><span style=\"color: #000000\"><span style=\"font-family: Book Antiqua, serif\"><span style=\"font-size: large\">I dalej: <i><b>Patrzy\u0142em w nocnych widzeniach, a oto na ob\u0142okach nieba przybywa jakby Syn Cz\u0142owieczy. Podchodzi do Przedwiecznego i wprowadzaj\u0105 Go przed Niego. Powierzono Mu panowanie, chwa\u0142\u0119 i w\u0142adz\u0119 kr\u00f3lewsk\u0105, a s\u0142u\u017cy\u0142y Mu wszystkie narody, ludy i j\u0119zyki. Panowanie Jego jest wiecznym panowaniem, kt\u00f3re nie przeminie, a Jego kr\u00f3lestwo nie ulegnie zag\u0142adzie.<\/b><\/i><\/span><\/span><\/span><\/p>\n<p align=\"justify\"><span style=\"color: #000000\"><span style=\"font-family: Book Antiqua, serif\"><span style=\"font-size: large\">Wizja, kt\u00f3r\u0105 przedstawia tu Prorok, to zaledwie <b>jaki\u015b ma\u0142y u\u0142amek<\/b> owego niezmiernego blasku chwa\u0142y Bo\u017cej, kt\u00f3r\u0105 w ca\u0142ej pe\u0142ni dane nam b\u0119dzie <b>ujrze\u0107 w Niebie.<\/b> Na ziemi bowiem nikt nie jest w stanie ujrze\u0107 Bo\u017c\u0105 chwa\u0142\u0119 i pozosta\u0107 przy \u017cyciu \u2013 jest to <b>zbyt \u201emocne\u201d do\u015bwiadczenie<\/b> dla cz\u0142owieka! <\/span><\/span><\/span><\/p>\n<p align=\"justify\"><span style=\"color: #000000\"><span style=\"font-family: Book Antiqua, serif\"><span style=\"font-size: large\">Dlatego zar\u00f3wno Prorokowi Danielowi, jak i trzem wybranym uczniom na Taborze, ukazana zosta\u0142a <b>zaledwie ma\u0142a cz\u0105stka<\/b> prawdziwego obrazu Bo\u017cego majestatu, co nie zmienia faktu, \u017ce przestraszony Piotr zacz\u0105\u0142 wygadywa\u0107 jakie\u015b <b>dziwne rzeczy o namiotach,<\/b> kt\u00f3re to rzekomo chcia\u0142 postawi\u0107 Jezusowi i dw\u00f3m Przybyszom z Nieba. Ewangelista \u0141ukasz kwituje to kr\u00f3tkim zdaniem: <i><b>Nie wiedzia\u0142 bowiem, co m\u00f3wi.<\/b><\/i><\/span><\/span><\/span><\/p>\n<p align=\"justify\"><span style=\"color: #000000\"><span style=\"font-family: Book Antiqua, serif\"><span style=\"font-size: large\">P\u00f3\u017aniej, po latach, kiedy ju\u017c och\u0142on\u0105\u0142 i przemy\u015bla\u0142 to wszystko, m\u00f3g\u0142 Piotr w swoim Li\u015bcie, kt\u00f3rego fragmentu mo\u017cemy dzi\u015b wys\u0142ucha\u0107 w drugim czytaniu, zapisa\u0107 takie s\u0142owa: <i><b>Nie za wymy\u015blonymi mitami post\u0119powali\u015bmy wtedy, gdy dali\u015bmy wam pozna\u0107 moc i przyj\u015bcie Pana naszego Jezusa Chrystusa, ale nauczali\u015bmy jako naoczni \u015bwiadkowie Jego wielko\u015bci. Otrzyma\u0142 bowiem od Boga Ojca cze\u015b\u0107 i chwa\u0142\u0119, gdy taki oto g\u0142os Go doszed\u0142 od wspania\u0142ego Majestatu: \u201eTo jest m\u00f3j Syn umi\u0142owany, w kt\u00f3rym mam upodobanie\u201d. I s\u0142yszeli\u015bmy, jak ten g\u0142os doszed\u0142 z nieba, kiedy z Nim razem byli\u015bmy na g\u00f3rze \u015bwi\u0119tej.<\/b><\/i><\/span><\/span><\/span><\/p>\n<p align=\"justify\"><span style=\"color: #000000\"><span style=\"font-family: Book Antiqua, serif\"><span style=\"font-size: large\">Takie \u015bwiadectwo z\u0142o\u017cy\u0142 ju\u017c po latach \u015awi\u0119ty Piotr, co te\u017c nie zmienia faktu, \u017ce w czasie M\u0119ki <b>jednak si\u0119 przestraszy\u0142<\/b> i nie tylko nie pozosta\u0142 przy Jezusie, ale nawet trzykrotnie si\u0119 Go wypar\u0142. Zatem, do\u015bwiadczenie M\u0119ki jego Mistrza by\u0142o <b>zbyt trudne,<\/b> zbyt wymagaj\u0105ce, aby w tamtym momencie m\u00f3g\u0142 mu sprosta\u0107. <\/span><\/span><\/span><\/p>\n<p align=\"justify\"><span style=\"color: #000000\"><span style=\"font-family: Book Antiqua, serif\"><span style=\"font-size: large\">Mo\u017cna wi\u0119c powiedzie\u0107, \u017ce pomys\u0142 Jezusa, aby przynajmniej trzem swoim uczniom <b>poda\u0107 tak\u0105 swoist\u0105 szczepionk\u0119,<\/b> kt\u00f3ra by ich uodporni\u0142a na do\u015bwiadczenie Jego straszliwego cierpienia, spali\u0142 na panewce. Bo w ko\u0144cu, spo\u015br\u00f3d owych trzech wybranych \u2013 <b>tylko Jan p\u00f3\u017aniej pozosta\u0142 do ko\u0144ca<\/b> pod krzy\u017cem. Jakub \u2013 tak, jak pozostali Aposto\u0142owie \u2013 uciek\u0142, a Piotr dodatkowo jeszcze Go zdradzi\u0142. Po co wi\u0119c by\u0142o to wchodzenie na g\u00f3r\u0119 i ukazywanie swej chwa\u0142y? Czy nie by\u0142o to <b>dzia\u0142anie daremne?<\/b><\/span><\/span><\/span><\/p>\n<p align=\"justify\"><span style=\"color: #000000\"><span style=\"font-family: Book Antiqua, serif\"><span style=\"font-size: large\">Z pewno\u015bci\u0105, Jezus tak na to nie patrzy\u0142. Gdyby bowiem chcia\u0142, aby to wydarzenie <b>obowi\u0105zkowo<\/b><b> wp\u0142yn\u0119\u0142o<\/b> na postawy wszystkich i wr\u0119cz <b>zmusi\u0142o ich<\/b> do pozostania pod krzy\u017cem i nieprze\u017cywania a\u017c tak bardzo Jego M\u0119ki, to ukaza\u0142by si\u0119 <b>w <\/b><b>ca\u0142ym blasku<\/b><b> wszystkim <\/b>\u2013 zar\u00f3wno uczniom, jak i pozosta\u0142ym \u2013 a do tego wizja ta nie trwa\u0142aby przez chwil\u0119, tylko w\u0142a\u015bnie <b>przez czas odpowiednio d\u0142ugi, <\/b>by wszyscy mogli si\u0119 napatrze\u0107, dobrze sobie ten widok zapami\u0119ta\u0107 i potem ju\u017c niczym si\u0119 specjalnie nie przejmowa\u0107. Ale gdyby tak zrobi\u0142, to przecie\u017c <b>zniweczy\u0142by ca\u0142y sw\u00f3j zbawczy zamiar,<\/b> kt\u00f3ry polega\u0142 dok\u0142adnie na tym, aby sta\u0107 si\u0119 jednym z nas <b>i prze\u017cy\u0107 to,<\/b> co my, ludzie, prze\u017cywamy!<\/span><\/span><\/span><\/p>\n<p align=\"justify\"><span style=\"color: #000000\"><span style=\"font-family: Book Antiqua, serif\"><span style=\"font-size: large\">Dlatego to dzisiejsze wydarzenie \u2013 cho\u0107 niezmiernie wa\u017cne, znacz\u0105ce i potrzebne \u2013 jest jednak, na tle ca\u0142ej dzia\u0142alno\u015bci Jezusa, <b>wydarzeniem jednostkowym.<\/b> Bo przecie\u017c Jezus swoj\u0105 chwa\u0142\u0119 objawi\u0142 nie tylko wtedy, na G\u00f3rze \u015bwi\u0119tej, ale <b>objawia\u0142 j\u0105 na co dzie\u0144<\/b> \u2013 poprzez swoje niezwyk\u0142e nauczanie i cudown\u0105 dzia\u0142alno\u015b\u0107, a tak\u017ce: przez pokazywanie wszystkim wok\u00f3\u0142 swojej <b>nadzwyczajnej wi\u0119zi, \u0142\u0105cz\u0105cej Go z Ojcem!<\/b> <\/span><\/span><\/span><\/p>\n<p align=\"justify\"><span style=\"color: #000000\"><span style=\"font-family: Book Antiqua, serif\"><span style=\"font-size: large\">Takie objawianie mia\u0142o miejsce przez ca\u0142e trzy lata Jego publicznej dzia\u0142alno\u015bci \u2013 i ma miejsce <b>przez dwa tysi\u0105ce lat,<\/b> w \u017cyciu i dzia\u0142alno\u015bci Chrystusowego Ko\u015bcio\u0142a. A najwi\u0119kszym objawieniem blasku Bo\u017cej chwa\u0142y przez Jezusa by\u0142o nie to dzisiejsze wydarzenie, ale inny blask: blask wielkanocnego Poranka \u2013 <b>blask Zmartwychwstania!<\/b> I to wok\u00f3\u0142 tego wydarzenia koncentruje si\u0119 ca\u0142e \u017cycie Ko\u015bcio\u0142a, z niego czerpie sw\u0105 witaln\u0105 si\u0142\u0119 \u2013 i do niego ostatecznie zmierza. <\/span><\/span><\/span><\/p>\n<p align=\"justify\"><span style=\"color: #000000\"><span style=\"font-family: Book Antiqua, serif\"><span style=\"font-size: large\">Jezus zatem objawia nam swoj\u0105 chwa\u0142\u0119! Objawia j\u0105 stale: <b>nie tylko w dni wielkie i uroczyste,<\/b> czy poprzez znaki szczeg\u00f3lne, ale tak\u017ce \u2013 a mo\u017ce nawet bardziej \u2013 <b>w zwyk\u0142ej codzienno\u015bci. <\/b>Moi Drodzy,<b> <\/b><b>doce\u0144my to codzienne objawianie si\u0119 <\/b>chwa\u0142y Jezusa: w naszym spotykaniu si\u0119 z Nim<b> na Mszy \u015awi\u0119tej<\/b> i na <b>modlitwie,<\/b> w naszej systematycznej, dobrze przygotowanej <b>Spowiedzi,<\/b> w sta\u0142ej <b>Komunii \u015awi\u0119tej,<\/b> ale te\u017c <b>w lekturze Pisma \u015awi\u0119tego<\/b>, w dobroci innych ludzi \u2013 cz\u0119sto tych naszych najbli\u017cszych, z kt\u00f3rymi na co dzie\u0144 \u017cyjemy; w zwyk\u0142ych, codziennych wydarzeniach i sytuacjach\u2026 M\u00f3wi\u0105c kr\u00f3tko, moi Drodzy: <b>doce\u0144my nasz\u0105 codzienno\u015b\u0107! <\/b><\/span><\/span><\/span><\/p>\n<p align=\"justify\"><span style=\"color: #000000\"><span style=\"font-family: Book Antiqua, serif\"><span style=\"font-size: large\">I zauwa\u017cajmy te codzienne promyki Bo\u017cej chwa\u0142y, kt\u00f3r\u0105 na tyle sposob\u00f3w \u2013 i przez tylu ludzi \u2013 Jezus nam objawia. A w dni uroczyste i wielkie, lub te\u017c kiedy do\u015bwiadczymy jakiego\u015b nadzwyczajnego Bo\u017cego dzia\u0142ania \u2013 <b>uwielbiajmy Go za to,<\/b> \u017ce nie ukrywa si\u0119 przed nami, ale w\u0142a\u015bnie <b>objawia si\u0119 nam i chce nam pom\u00f3c, <\/b>aby\u015bmy mogli kiedy\u015b \u2013 ju\u017c bez \u017cadnych ogranicze\u0144 \u2013 t\u0119 chwa\u0142\u0119 Bo\u017c\u0105 ogl\u0105da\u0107 w Niebie. <\/span><\/span><\/span><\/p>\n<p align=\"justify\"><span style=\"color: #000000\"><span style=\"font-family: Book Antiqua, serif\"><span style=\"font-size: large\"><b>Doce\u0144my to Bo\u017ce objawianie si\u0119! <\/b>I postarajmy si\u0119 nie przegapi\u0107 \u017cadnego, cho\u0107by najmniejszego sygna\u0142u z Jego strony\u2026<\/span><\/span><\/span><\/p>\n","protected":false},"excerpt":{"rendered":"<p>Niech b\u0119dzie pochwalony Jezus Chrystus! Moi Drodzy, serdecznie pozdrawiam z trasy 39 Pieszej Pielgrzymki Podlaskiej, a dok\u0142adnie \u2013 z Czarnolasu, gdzie w czasie Mszy \u015awi\u0119tej o godz. 6:30 mam wyg\u0142osi\u0107 homili\u0119. Potem chcia\u0142bym przej\u015b\u0107 kilka etap\u00f3w, a nast\u0119pnie \u2013 odwiedzi\u0107 Ksi\u0119dza Proboszcza Stanis\u0142awa S\u0142awi\u0144skiego w Ciepielowie, gdzie wypada dzisiejszy nocleg Kolumny siedleckiej. Ksi\u0105dz Proboszcz ze [&hellip;]<\/p>\n","protected":false},"author":1,"featured_media":0,"comment_status":"open","ping_status":"open","sticky":false,"template":"","format":"standard","meta":{"jetpack_post_was_ever_published":false,"_jetpack_newsletter_access":"","_jetpack_dont_email_post_to_subs":false,"_jetpack_newsletter_tier_id":0,"_jetpack_memberships_contains_paywalled_content":false,"_jetpack_memberships_contains_paid_content":false,"footnotes":""},"categories":[1],"tags":[],"class_list":["post-15538","post","type-post","status-publish","format-standard","hentry","category-bez-kategorii"],"yoast_head":"<!-- This site is optimized with the Yoast SEO plugin v25.1 - https:\/\/yoast.com\/wordpress\/plugins\/seo\/ -->\n<title>Wygl\u0105d Jego twarzy si\u0119 odmieni\u0142... - Gaudium Et Spes<\/title>\n<meta name=\"robots\" content=\"index, follow, max-snippet:-1, max-image-preview:large, max-video-preview:-1\" \/>\n<link rel=\"canonical\" href=\"https:\/\/gaudiumetspes-blog.pl\/index.php\/2019\/08\/06\/wyglad-jego-twarzy-sie-odmienil\/\" \/>\n<meta property=\"og:locale\" content=\"pl_PL\" \/>\n<meta property=\"og:type\" content=\"article\" \/>\n<meta property=\"og:title\" content=\"Wygl\u0105d Jego twarzy si\u0119 odmieni\u0142... - Gaudium Et Spes\" \/>\n<meta property=\"og:description\" content=\"Niech b\u0119dzie pochwalony Jezus Chrystus! Moi Drodzy, serdecznie pozdrawiam z trasy 39 Pieszej Pielgrzymki Podlaskiej, a dok\u0142adnie \u2013 z Czarnolasu, gdzie w czasie Mszy \u015awi\u0119tej o godz. 6:30 mam wyg\u0142osi\u0107 homili\u0119. Potem chcia\u0142bym przej\u015b\u0107 kilka etap\u00f3w, a nast\u0119pnie \u2013 odwiedzi\u0107 Ksi\u0119dza Proboszcza Stanis\u0142awa S\u0142awi\u0144skiego w Ciepielowie, gdzie wypada dzisiejszy nocleg Kolumny siedleckiej. Ksi\u0105dz Proboszcz ze [&hellip;]\" \/>\n<meta property=\"og:url\" content=\"https:\/\/gaudiumetspes-blog.pl\/index.php\/2019\/08\/06\/wyglad-jego-twarzy-sie-odmienil\/\" \/>\n<meta property=\"og:site_name\" content=\"Gaudium Et Spes\" \/>\n<meta property=\"article:published_time\" content=\"2019-08-06T03:47:19+00:00\" \/>\n<meta name=\"author\" content=\"Ks. Jacek\" \/>\n<meta name=\"twitter:card\" content=\"summary_large_image\" \/>\n<meta name=\"twitter:label1\" content=\"Napisane przez\" \/>\n\t<meta name=\"twitter:data1\" content=\"Ks. Jacek\" \/>\n\t<meta name=\"twitter:label2\" content=\"Szacowany czas czytania\" \/>\n\t<meta name=\"twitter:data2\" content=\"10 minut\" \/>\n<script type=\"application\/ld+json\" class=\"yoast-schema-graph\">{\"@context\":\"https:\/\/schema.org\",\"@graph\":[{\"@type\":\"WebPage\",\"@id\":\"https:\/\/gaudiumetspes-blog.pl\/index.php\/2019\/08\/06\/wyglad-jego-twarzy-sie-odmienil\/\",\"url\":\"https:\/\/gaudiumetspes-blog.pl\/index.php\/2019\/08\/06\/wyglad-jego-twarzy-sie-odmienil\/\",\"name\":\"Wygl\u0105d Jego twarzy si\u0119 odmieni\u0142... - Gaudium Et Spes\",\"isPartOf\":{\"@id\":\"https:\/\/gaudiumetspes-blog.pl\/#website\"},\"datePublished\":\"2019-08-06T03:47:19+00:00\",\"author\":{\"@id\":\"https:\/\/gaudiumetspes-blog.pl\/#\/schema\/person\/1661982992b752dea8dff0d4ed845a65\"},\"breadcrumb\":{\"@id\":\"https:\/\/gaudiumetspes-blog.pl\/index.php\/2019\/08\/06\/wyglad-jego-twarzy-sie-odmienil\/#breadcrumb\"},\"inLanguage\":\"pl-PL\",\"potentialAction\":[{\"@type\":\"ReadAction\",\"target\":[\"https:\/\/gaudiumetspes-blog.pl\/index.php\/2019\/08\/06\/wyglad-jego-twarzy-sie-odmienil\/\"]}]},{\"@type\":\"BreadcrumbList\",\"@id\":\"https:\/\/gaudiumetspes-blog.pl\/index.php\/2019\/08\/06\/wyglad-jego-twarzy-sie-odmienil\/#breadcrumb\",\"itemListElement\":[{\"@type\":\"ListItem\",\"position\":1,\"name\":\"Strona g\u0142\u00f3wna\",\"item\":\"https:\/\/gaudiumetspes-blog.pl\/\"},{\"@type\":\"ListItem\",\"position\":2,\"name\":\"Wygl\u0105d Jego twarzy si\u0119 odmieni\u0142&#8230;\"}]},{\"@type\":\"WebSite\",\"@id\":\"https:\/\/gaudiumetspes-blog.pl\/#website\",\"url\":\"https:\/\/gaudiumetspes-blog.pl\/\",\"name\":\"Gaudium Et Spes\",\"description\":\"Blog Ks. Jacka Ja\u015bkowskiego\",\"potentialAction\":[{\"@type\":\"SearchAction\",\"target\":{\"@type\":\"EntryPoint\",\"urlTemplate\":\"https:\/\/gaudiumetspes-blog.pl\/?s={search_term_string}\"},\"query-input\":{\"@type\":\"PropertyValueSpecification\",\"valueRequired\":true,\"valueName\":\"search_term_string\"}}],\"inLanguage\":\"pl-PL\"},{\"@type\":\"Person\",\"@id\":\"https:\/\/gaudiumetspes-blog.pl\/#\/schema\/person\/1661982992b752dea8dff0d4ed845a65\",\"name\":\"Ks. Jacek\",\"image\":{\"@type\":\"ImageObject\",\"inLanguage\":\"pl-PL\",\"@id\":\"https:\/\/gaudiumetspes-blog.pl\/#\/schema\/person\/image\/\",\"url\":\"https:\/\/gaudiumetspes-blog.pl\/wp-content\/uploads\/2019\/07\/avatar-JJ-150x150.jpg\",\"contentUrl\":\"https:\/\/gaudiumetspes-blog.pl\/wp-content\/uploads\/2019\/07\/avatar-JJ-150x150.jpg\",\"caption\":\"Ks. Jacek\"},\"description\":\"Witam serdecznie! K\u0142ania si\u0119 Ks. Jacek Ja\u015bkowski. Nie jestem ani kim\u015b wa\u017cnym, ani kim\u015b znanym. Jestem ksi\u0119dzem, kt\u00f3ry po prostu chce rozmawia\u0107. Codzienna kap\u0142a\u0144ska pos\u0142uga pokazuje mi, \u017ce temat\u00f3w do rozm\u00f3w z ksi\u0119dzem jest coraz wi\u0119cej i dzisiaj \u017caden ksi\u0105dz nie mo\u017ce od nich ucieka\u0107, ale - wprost przeciwnie - podejmowa\u0107 nowe wyzwania. To przekonanie sk\u0142oni\u0142o mnie do pr\u00f3by otwarcia tego\u017c bloga, chocia\u017c okazji do rozm\u00f3w na co dzie\u0144 - w konfesjonale i poza nim - na szcz\u0119\u015bcie nie brakuje. My\u015bl\u0119 jednak, \u017ce ten blog b\u0119dzie jeszcze jednym sposobem i przestrzeni\u0105 nawi\u0105zania kontaktu z lud\u017ami dobrej woli, otwartymi na dialog.\",\"url\":\"https:\/\/gaudiumetspes-blog.pl\/index.php\/author\/ks-jacek\/\"}]}<\/script>\n<!-- \/ Yoast SEO plugin. -->","yoast_head_json":{"title":"Wygl\u0105d Jego twarzy si\u0119 odmieni\u0142... - Gaudium Et Spes","robots":{"index":"index","follow":"follow","max-snippet":"max-snippet:-1","max-image-preview":"max-image-preview:large","max-video-preview":"max-video-preview:-1"},"canonical":"https:\/\/gaudiumetspes-blog.pl\/index.php\/2019\/08\/06\/wyglad-jego-twarzy-sie-odmienil\/","og_locale":"pl_PL","og_type":"article","og_title":"Wygl\u0105d Jego twarzy si\u0119 odmieni\u0142... - Gaudium Et Spes","og_description":"Niech b\u0119dzie pochwalony Jezus Chrystus! Moi Drodzy, serdecznie pozdrawiam z trasy 39 Pieszej Pielgrzymki Podlaskiej, a dok\u0142adnie \u2013 z Czarnolasu, gdzie w czasie Mszy \u015awi\u0119tej o godz. 6:30 mam wyg\u0142osi\u0107 homili\u0119. Potem chcia\u0142bym przej\u015b\u0107 kilka etap\u00f3w, a nast\u0119pnie \u2013 odwiedzi\u0107 Ksi\u0119dza Proboszcza Stanis\u0142awa S\u0142awi\u0144skiego w Ciepielowie, gdzie wypada dzisiejszy nocleg Kolumny siedleckiej. Ksi\u0105dz Proboszcz ze [&hellip;]","og_url":"https:\/\/gaudiumetspes-blog.pl\/index.php\/2019\/08\/06\/wyglad-jego-twarzy-sie-odmienil\/","og_site_name":"Gaudium Et Spes","article_published_time":"2019-08-06T03:47:19+00:00","author":"Ks. Jacek","twitter_card":"summary_large_image","twitter_misc":{"Napisane przez":"Ks. Jacek","Szacowany czas czytania":"10 minut"},"schema":{"@context":"https:\/\/schema.org","@graph":[{"@type":"WebPage","@id":"https:\/\/gaudiumetspes-blog.pl\/index.php\/2019\/08\/06\/wyglad-jego-twarzy-sie-odmienil\/","url":"https:\/\/gaudiumetspes-blog.pl\/index.php\/2019\/08\/06\/wyglad-jego-twarzy-sie-odmienil\/","name":"Wygl\u0105d Jego twarzy si\u0119 odmieni\u0142... - Gaudium Et Spes","isPartOf":{"@id":"https:\/\/gaudiumetspes-blog.pl\/#website"},"datePublished":"2019-08-06T03:47:19+00:00","author":{"@id":"https:\/\/gaudiumetspes-blog.pl\/#\/schema\/person\/1661982992b752dea8dff0d4ed845a65"},"breadcrumb":{"@id":"https:\/\/gaudiumetspes-blog.pl\/index.php\/2019\/08\/06\/wyglad-jego-twarzy-sie-odmienil\/#breadcrumb"},"inLanguage":"pl-PL","potentialAction":[{"@type":"ReadAction","target":["https:\/\/gaudiumetspes-blog.pl\/index.php\/2019\/08\/06\/wyglad-jego-twarzy-sie-odmienil\/"]}]},{"@type":"BreadcrumbList","@id":"https:\/\/gaudiumetspes-blog.pl\/index.php\/2019\/08\/06\/wyglad-jego-twarzy-sie-odmienil\/#breadcrumb","itemListElement":[{"@type":"ListItem","position":1,"name":"Strona g\u0142\u00f3wna","item":"https:\/\/gaudiumetspes-blog.pl\/"},{"@type":"ListItem","position":2,"name":"Wygl\u0105d Jego twarzy si\u0119 odmieni\u0142&#8230;"}]},{"@type":"WebSite","@id":"https:\/\/gaudiumetspes-blog.pl\/#website","url":"https:\/\/gaudiumetspes-blog.pl\/","name":"Gaudium Et Spes","description":"Blog Ks. Jacka Ja\u015bkowskiego","potentialAction":[{"@type":"SearchAction","target":{"@type":"EntryPoint","urlTemplate":"https:\/\/gaudiumetspes-blog.pl\/?s={search_term_string}"},"query-input":{"@type":"PropertyValueSpecification","valueRequired":true,"valueName":"search_term_string"}}],"inLanguage":"pl-PL"},{"@type":"Person","@id":"https:\/\/gaudiumetspes-blog.pl\/#\/schema\/person\/1661982992b752dea8dff0d4ed845a65","name":"Ks. Jacek","image":{"@type":"ImageObject","inLanguage":"pl-PL","@id":"https:\/\/gaudiumetspes-blog.pl\/#\/schema\/person\/image\/","url":"https:\/\/gaudiumetspes-blog.pl\/wp-content\/uploads\/2019\/07\/avatar-JJ-150x150.jpg","contentUrl":"https:\/\/gaudiumetspes-blog.pl\/wp-content\/uploads\/2019\/07\/avatar-JJ-150x150.jpg","caption":"Ks. Jacek"},"description":"Witam serdecznie! K\u0142ania si\u0119 Ks. Jacek Ja\u015bkowski. Nie jestem ani kim\u015b wa\u017cnym, ani kim\u015b znanym. Jestem ksi\u0119dzem, kt\u00f3ry po prostu chce rozmawia\u0107. Codzienna kap\u0142a\u0144ska pos\u0142uga pokazuje mi, \u017ce temat\u00f3w do rozm\u00f3w z ksi\u0119dzem jest coraz wi\u0119cej i dzisiaj \u017caden ksi\u0105dz nie mo\u017ce od nich ucieka\u0107, ale - wprost przeciwnie - podejmowa\u0107 nowe wyzwania. To przekonanie sk\u0142oni\u0142o mnie do pr\u00f3by otwarcia tego\u017c bloga, chocia\u017c okazji do rozm\u00f3w na co dzie\u0144 - w konfesjonale i poza nim - na szcz\u0119\u015bcie nie brakuje. My\u015bl\u0119 jednak, \u017ce ten blog b\u0119dzie jeszcze jednym sposobem i przestrzeni\u0105 nawi\u0105zania kontaktu z lud\u017ami dobrej woli, otwartymi na dialog.","url":"https:\/\/gaudiumetspes-blog.pl\/index.php\/author\/ks-jacek\/"}]}},"jetpack_featured_media_url":"","jetpack_sharing_enabled":true,"_links":{"self":[{"href":"https:\/\/gaudiumetspes-blog.pl\/index.php\/wp-json\/wp\/v2\/posts\/15538","targetHints":{"allow":["GET"]}}],"collection":[{"href":"https:\/\/gaudiumetspes-blog.pl\/index.php\/wp-json\/wp\/v2\/posts"}],"about":[{"href":"https:\/\/gaudiumetspes-blog.pl\/index.php\/wp-json\/wp\/v2\/types\/post"}],"author":[{"embeddable":true,"href":"https:\/\/gaudiumetspes-blog.pl\/index.php\/wp-json\/wp\/v2\/users\/1"}],"replies":[{"embeddable":true,"href":"https:\/\/gaudiumetspes-blog.pl\/index.php\/wp-json\/wp\/v2\/comments?post=15538"}],"version-history":[{"count":1,"href":"https:\/\/gaudiumetspes-blog.pl\/index.php\/wp-json\/wp\/v2\/posts\/15538\/revisions"}],"predecessor-version":[{"id":15539,"href":"https:\/\/gaudiumetspes-blog.pl\/index.php\/wp-json\/wp\/v2\/posts\/15538\/revisions\/15539"}],"wp:attachment":[{"href":"https:\/\/gaudiumetspes-blog.pl\/index.php\/wp-json\/wp\/v2\/media?parent=15538"}],"wp:term":[{"taxonomy":"category","embeddable":true,"href":"https:\/\/gaudiumetspes-blog.pl\/index.php\/wp-json\/wp\/v2\/categories?post=15538"},{"taxonomy":"post_tag","embeddable":true,"href":"https:\/\/gaudiumetspes-blog.pl\/index.php\/wp-json\/wp\/v2\/tags?post=15538"}],"curies":[{"name":"wp","href":"https:\/\/api.w.org\/{rel}","templated":true}]}}