{"id":15565,"date":"2019-08-10T07:27:16","date_gmt":"2019-08-10T05:27:16","guid":{"rendered":"https:\/\/gaudiumetspes-blog.pl\/?p=15565"},"modified":"2019-08-10T07:27:16","modified_gmt":"2019-08-10T05:27:16","slug":"jezeli-obumrze-przynosi-plon-obfity","status":"publish","type":"post","link":"https:\/\/gaudiumetspes-blog.pl\/index.php\/2019\/08\/10\/jezeli-obumrze-przynosi-plon-obfity\/","title":{"rendered":"Je\u017celi obumrze &#8211; przynosi plon obfity!"},"content":{"rendered":"<p align=\"justify\"><span style=\"color: #000000\"><span style=\"font-family: Book Antiqua, serif\"><span style=\"font-size: large\">Szcz\u0119\u015b\u0107 Bo\u017ce! Serdecznie pozdrawiam w kolejnym dniu wakacji \u2013 i w kolejnym dniu Pielgrzymki. Jak zawsze \u2013 nawi\u0105zujemy duchow\u0105 \u0142\u0105czno\u015b\u0107 z tymi, co na trasie. Pielgrzymka Podlaska dzisiaj przemierza etapy: z Tumlina \u2013 do J\u00f3zefiny i Eustachowa, oraz z Kostom\u0142ot\u00f3w \u2013 do \u0141opuszna i Jedla. Jest to teren Diecezji kieleckiej.<\/span><\/span><\/span><\/p>\n<p align=\"justify\"><span style=\"color: #000000\"><span style=\"font-family: Book Antiqua, serif\"><span style=\"font-size: large\">Niech B\u00f3g b\u0142ogos\u0142awi Pielgrzymom!<\/span><\/span><\/span><\/p>\n<p align=\"justify\"><span style=\"color: #000000\"><span style=\"font-family: Book Antiqua, serif\"><span style=\"font-size: large\">A ja tymczasem pozdrawiam z Lublina, ale na wiecz\u00f3r wracam do Samogoszczy, gdzie przez tydzie\u0144 zast\u0119powa\u0142em Ksi\u0119dza Proboszcza, a dzi\u015b \u2013 normalna pos\u0142uga sobotnio \u2013 niedzielna. <\/span><\/span><\/span><\/p>\n<p align=\"justify\"><span style=\"color: #000000\"><span style=\"font-family: Book Antiqua, serif\"><span style=\"font-size: large\">Dobrego dnia!<\/span><\/span><\/span><\/p>\n<p align=\"center\"><span style=\"color: #000000\"><span style=\"font-family: Book Antiqua, serif\"><span style=\"font-size: large\">Gaudium et spes! Ks. Jacek<\/span><\/span><\/span><\/p>\n<p align=\"center\">\n<p align=\"center\">\n<p align=\"center\">\n<p align=\"center\">\n<p align=\"center\">\n<p align=\"justify\"><span style=\"color: #000000\"><span style=\"font-family: Book Antiqua, serif\"><span style=\"font-size: large\"><b>\u015awi\u0119to \u015aw. Wawrzy\u0144ca, Diakona i M\u0119czennika,<\/b><\/span><\/span><\/span><\/p>\n<p align=\"justify\"><span style=\"color: #000000\"><span style=\"font-family: Book Antiqua, serif\"><span style=\"font-size: large\"><b>do czyta\u0144 z t. VI Lekcjonarza: <\/b> <b>Mdr 3,1\u20139;<\/b> <b>2 Kor 9,6\u201310; <\/b> <b>J 12,24\u201326<\/b> <\/span><\/span><\/span><\/p>\n<p align=\"justify\">\n<p align=\"justify\">\n<p align=\"justify\">\n<p align=\"justify\">\n<p align=\"justify\">\n<p align=\"justify\"><span style=\"color: #000000\"><span style=\"font-family: Book Antiqua, serif\"><span style=\"font-size: large\"><b>CZYTANIE Z KSI\u0118GI M\u0104DRO\u015aCI:<\/b><\/span><\/span><\/span><\/p>\n<p align=\"justify\"><span style=\"color: #000000\"><span style=\"font-family: Book Antiqua, serif\"><span style=\"font-size: large\"><b>Dusze sprawiedliwych s\u0105 w r\u0119ku Boga i nie dosi\u0119gnie ich m\u0119ka. Zda\u0142o si\u0119 oczom g\u0142upich, \u017ce pomarli, zej\u015bcie ich poczytano za nieszcz\u0119\u015bcie i odej\u015bcie od nas za unicestwienie, a oni trwaj\u0105 w pokoju. Cho\u0107 nawet w ludzkim rozumieniu doznali ka\u017ani, nadzieja ich pe\u0142na jest nie\u015bmiertelno\u015bci.<\/b><\/span><\/span><\/span><\/p>\n<p align=\"justify\"><span style=\"color: #000000\"><span style=\"font-family: Book Antiqua, serif\"><span style=\"font-size: large\"><b>Po nieznacznym skarceniu dost\u0105pi\u0105 d\u00f3br wielkich, B\u00f3g ich bowiem do\u015bwiadczy\u0142 i znalaz\u0142 ich godnymi siebie. Do\u015bwiadczy\u0142 ich jak z\u0142oto w tyglu i przyj\u0105\u0142 ich jak ca\u0142opaln\u0105 ofiar\u0119.<\/b><\/span><\/span><\/span><\/p>\n<p align=\"justify\"><span style=\"color: #000000\"><span style=\"font-family: Book Antiqua, serif\"><span style=\"font-size: large\"><b>W dzie\u0144 nawiedzenia swego zaja\u015bniej\u0105 i rozbiegn\u0105 si\u0119 jak iskry po \u015bciernisku. B\u0119d\u0105 s\u0105dzi\u0107 ludy, zapanuj\u0105 nad narodami, a Pan kr\u00f3lowa\u0107 b\u0119dzie nad nimi na wieki.<\/b><\/span><\/span><\/span><\/p>\n<p align=\"justify\"><span style=\"color: #000000\"><span style=\"font-family: Book Antiqua, serif\"><span style=\"font-size: large\"><b>Ci, kt\u00f3rzy Mu zaufali, zrozumiej\u0105 prawd\u0119, wierni w mi\u0142o\u015bci b\u0119d\u0105 przy Nim trwali: \u0142aska bowiem i mi\u0142osierdzie dla Jego wybranych.<\/b><\/span><\/span><\/span><\/p>\n<p align=\"justify\">\n<p align=\"justify\">\n<p align=\"justify\">\n<p align=\"justify\">\n<p align=\"justify\">\n<p align=\"center\"><span style=\"color: #000000\"><span style=\"font-family: Book Antiqua, serif\"><span style=\"font-size: large\"><b>ALBO:<\/b><\/span><\/span><\/span><\/p>\n<p align=\"center\">\n<p align=\"center\">\n<p align=\"center\">\n<p align=\"center\">\n<p align=\"center\">\n<p align=\"justify\"><span style=\"color: #000000\"><span style=\"font-family: Book Antiqua, serif\"><span style=\"font-size: large\"><b>CZYTANIE Z DRUGIEGO LISTU \u015aWI\u0118TEGO PAW\u0141A APOSTO\u0141A DO KORYNTIAN:<\/b><\/span><\/span><\/span><\/p>\n<p align=\"justify\"><span style=\"color: #000000\"><span style=\"font-family: Book Antiqua, serif\"><span style=\"font-size: large\"><b>Bracia: Kto sk\u0105po sieje, ten sk\u0105po i zbiera, kto za\u015b hojnie sieje, ten hojnie te\u017c zbiera\u0107 b\u0119dzie. Ka\u017cdy niech przeto post\u0105pi tak, jak mu nakazuje jego w\u0142asne serce, nie \u017ca\u0142uj\u0105c i nie czuj\u0105c si\u0119 przymuszonym, albowiem radosnego dawc\u0119 mi\u0142uje B\u00f3g. A B\u00f3g mo\u017ce zla\u0107 na was ca\u0142\u0105 obfito\u015b\u0107 \u0142aski, tak by\u015bcie maj\u0105c wszystkiego i zawsze pod dostatkiem, bogaci byli we wszystkie dobre uczynki wed\u0142ug tego, co jest napisane: \u201eRozproszy\u0142, da\u0142 ubogim, sprawiedliwo\u015b\u0107 Jego trwa na wieki\u201d.<\/b><\/span><\/span><\/span><\/p>\n<p align=\"justify\"><span style=\"color: #000000\"><span style=\"font-family: Book Antiqua, serif\"><span style=\"font-size: large\"><b>Ten za\u015b, kt\u00f3ry daje nasienie siewcy, i chleba dostarczy ku pokrzepieniu, i ziarno rozmno\u017cy, i zwi\u0119kszy plon waszej sprawiedliwo\u015bci.<\/b><\/span><\/span><\/span><\/p>\n<p align=\"justify\">\n<p align=\"justify\">\n<p align=\"justify\">\n<p align=\"justify\">\n<p align=\"justify\">\n<p align=\"justify\"><span style=\"color: #000000\"><span style=\"font-family: Book Antiqua, serif\"><span style=\"font-size: large\"><b>S\u0141OWA EWANGELII WED\u0141UG \u015aWI\u0118TEGO JANA:<\/b><\/span><\/span><\/span><\/p>\n<p align=\"justify\"><span style=\"color: #000000\"><span style=\"font-family: Book Antiqua, serif\"><span style=\"font-size: large\"><b>Jezus powiedzia\u0142 do swoich uczni\u00f3w: \u201eZaprawd\u0119, zaprawd\u0119, powiadam wam: Je\u017celi ziarno pszenicy wpad\u0142szy w ziemi\u0119 nie obumrze, zostanie tylko samo, ale je\u017celi obumrze, przynosi plon obfity. <\/b><\/span><\/span><\/span><\/p>\n<p align=\"justify\"><span style=\"color: #000000\"><span style=\"font-family: Book Antiqua, serif\"><span style=\"font-size: large\"><b>Ten, kto kocha swoje \u017cycie, traci je, a kto nienawidzi swego \u017cycia na tym \u015bwiecie, zachowa je na \u017cycie wieczne.<\/b><\/span><\/span><\/span><\/p>\n<p align=\"justify\"><span style=\"color: #000000\"><span style=\"font-family: Book Antiqua, serif\"><span style=\"font-size: large\"><b>A kto by chcia\u0142 Mi s\u0142u\u017cy\u0107, niech idzie na Mn\u0105, a gdzie Ja jestem, tam b\u0119dzie i m\u00f3j s\u0142uga. A je\u015bli kto Mi s\u0142u\u017cy, uczci go m\u00f3j Ojciec\u201d.<\/b><\/span><\/span><\/span><\/p>\n<p align=\"justify\">\n<p align=\"justify\">\n<p align=\"justify\">\n<p align=\"justify\">\n<p align=\"justify\">\n<p align=\"justify\"><span style=\"color: #000000\"><span style=\"font-family: Book Antiqua, serif\"><span style=\"font-size: large\">Patron dnia dzisiejszego, <b>Wawrzyniec<\/b>, by\u0142 jednym z siedmiu diakon\u00f3w Ko\u015bcio\u0142a rzymskiego za czas\u00f3w Papie\u017ca Sykstusa II. Pomimo, \u017ce wiele os\u00f3b s\u0142awi\u0142o jego bohatersk\u0105 \u015bmier\u0107 \u2013 jak chocia\u017cby \u015awi\u0119ty Ambro\u017cy czy \u015awi\u0119ty Augustyn \u2013 to jednak <b>wiadomo\u015bci historyczne o nim posiadamy bardzo skromne. <\/b>W\u0142a\u015bciwie \u017ar\u00f3d\u0142em jedynym jest \u201eLiber Pontificalis\u201d \u2013 \u201eKsi\u0119ga Papie\u017cy\u201d, kt\u00f3ry \u015bmier\u0107 Wawrzy\u0144ca<b> wi\u0105\u017ce bezpo\u015brednio z m\u0119cze\u0144stwem \u015awi\u0119tego Papie\u017ca Sykstusa II, <\/b>zam\u0119czonego dnia 6 sierpnia 258 roku, wraz ze swoimi czterema diakonami.<\/span><\/span><\/span><\/p>\n<p align=\"justify\"><span style=\"color: #000000\"><span style=\"font-family: Book Antiqua, serif\"><span style=\"font-size: large\">Niekt\u00f3rzy pisarze wsp\u00f3\u0142cze\u015bni w tym samym dniu i w tych samych okoliczno\u015bciach<b> sytuuj\u0105 m\u0119cze\u0144stwo Wawrzy\u0144ca. <\/b>Temu jednak stanowczo sprzeciwia si\u0119 powszechna i najdawniejsza tradycja rzymska. Jej wyrazem jest <b>\u201e<\/b><b>Passio\u201d<\/b><i><b>, <\/b><\/i>czyli opis m\u0119ki wielkiego Diakona.<\/span><\/span><\/span><\/p>\n<p align=\"justify\"><span style=\"color: #000000\"><span style=\"font-family: Book Antiqua, serif\"><span style=\"font-size: large\">Wed\u0142ug niej, Wawrzyniec mia\u0142 by\u0107 wy\u0142\u0105czony z grupy skazanych na \u015bmier\u0107 wraz z Sykstusem II. Grupa ta stanowi\u0142a swoisty <b>orszak Papie\u017ca. <\/b>Wawrzy\u0144ca pocz\u0105tkowo z niej wy\u0142\u0105czono, bowiem <b>by\u0142 on administratorem maj\u0105tku Ko\u015bcio\u0142a w Rzymie. <\/b>Mia\u0142 r\u00f3wnocze\u015bnie zlecon\u0105 opiek\u0119 nad ubogimi. Namiestnik rzymski liczy\u0142, \u017ce namow\u0105 i kusz\u0105cymi obietnicami, a w razie potrzeby katuszami, <b>wymusi na nim <\/b>oddanie ca\u0142ego maj\u0105tku ko\u015bcielnego w jego r\u0119ce.<\/span><\/span><\/span><\/p>\n<p align=\"justify\"><span style=\"color: #000000\"><span style=\"font-family: Book Antiqua, serif\"><span style=\"font-size: large\">Wawrzyniec mia\u0142 w\u00f3wczas poprosi\u0107 o kilka dni, aby m\u00f3g\u0142 <b>zebra\u0107 \u201eskarby Ko\u015bcio\u0142a\u201d <\/b>i pokaza\u0107 je namiestnikowi. Kiedy nadszed\u0142 oznaczony dzie\u0144, Diakon zgromadzi\u0142 <b>ca\u0142\u0105 biedot\u0119 Rzymu, <\/b>kt\u00f3r\u0105 wspiera\u0142a gmina chrze\u015bcija\u0144ska. Mia\u0142 przy tym powiedzie\u0107: <b>\u201e<\/b><b>Oto s\u0105 skarby Ko\u015bcio\u0142a!\u201d<\/b><\/span><\/span><\/span><\/p>\n<p align=\"justify\"><span style=\"color: #000000\"><span style=\"font-family: Book Antiqua, serif\"><span style=\"font-size: large\">Zawiedziony i rozw\u015bcieczony tyran kaza\u0142 zastosowa\u0107 wobec niego wyj\u0105tkow\u0105 katusz\u0119: nakaza\u0142 <b>rozci\u0105gn\u0105\u0107 Wawrzy\u0144ca na \u017celaznych rusztach, <\/b><b>po<\/b><b>wol<\/b><b>i<\/b><b> podgrzewa\u0107 i piec \u017cywcem w ogniu. <\/b>Wed\u0142ug przekazu, Wawrzyniec mia\u0142 si\u0119 zdoby\u0107 jeszcze na s\u0142owa: <b>\u201e<\/b><b>Widzisz, \u017ce cia\u0142o moje jest ju\u017c dosy\u0107 przypieczone. Obr\u00f3\u0107 je teraz na drug\u0105 stron\u0119!\u201d<\/b><\/span><\/span><\/span><\/p>\n<p align=\"justify\"><span style=\"color: #000000\"><span style=\"font-family: Book Antiqua, serif\"><span style=\"font-size: large\">\u015awi\u0119ty Papie\u017c Leon Wielki daje do tych s\u0142\u00f3w pi\u0119kny komentarz: <b>\u201e<\/b><b>Jak silny musia\u0142 by\u0107 ogie\u0144 mi\u0142o\u015bci Chrystusowej, skoro gasi\u0142 on \u017car ognia naturalnego!\u201d.<\/b>Wed\u0142ug wspomnianego opisu m\u0119ki, Wawrzyniec mia\u0142 by\u0107 przedtem biczowany knutami z drutu, potem wieszano go, wyrywaj\u0105c cz\u0142onki ze staw\u00f3w.<\/span><\/span><\/span><\/p>\n<p align=\"justify\"><span style=\"color: #000000\"><span style=\"font-family: Book Antiqua, serif\"><span style=\"font-size: large\">W tym\u017ce opisie jest podany jeszcze jeden szczeg\u00f3\u0142. Ot\u00f3\u017c, kiedy prowadzono \u015awi\u0119tego Papie\u017ca Sykstusa \u2013 wraz z jego diakonami \u2013 na \u015bmier\u0107, <b>chcia\u0142 i\u015b\u0107 z nim tak\u017ce Wawrzyniec. <\/b>Pyta\u0142 nawet Papie\u017ca: <b>\u201e<\/b><b>Dok\u0105d idziesz, Ojcze, bez syna? Jak\u017ce obejdziesz si\u0119 bez swojego diakona? <\/b>Nigdy nie odprawia\u0142e\u015b Eucharystii bez niego, czym\u017ce wi\u0119c mog\u0142em \u015bci\u0105gn\u0105\u0107 na siebie twoj\u0105 nie\u0142ask\u0119?\u201d Na to mia\u0142 odpowiedzie\u0107 Sykstus: <b>\u201e<\/b><b>Dla mnie, steranego wiekiem, jest przygotowana mniejsza pr\u00f3ba. Ciebie czekaj\u0105 wiele wi\u0119ksze cierpienia, ale te\u017c i pi\u0119kniejsza czeka ci\u0119 korona\u201d. <\/b>Niekt\u00f3rzy z krytyk\u00f3w s\u0105 sk\u0142onni ten dialog uzna\u0107 za p\u00f3\u017aniejszy, dodany do opisu m\u0119cze\u0144stwa, ku zbudowaniu wiernych.<\/span><\/span><\/span><\/p>\n<p align=\"justify\"><span style=\"color: #000000\"><span style=\"font-family: Book Antiqua, serif\"><span style=\"font-size: large\">Niezwyk\u0142e okoliczno\u015bci <b>m\u0119cze\u0144skiej \u015bmierci Wawrzy\u0144ca, poniesionej 10 sierpnia 258 roku, <\/b>rozbudzi\u0142y w Ko\u015bciele rzymskim niezwyk\u0142y jego kult. \u015awi\u0119ty Augustyn pisze, \u017ce jak Jerozolima szczyci si\u0119 \u015awi\u0119tym Szczepanem, tak Rzym jest dumny ze \u015awi\u0119tego Wawrzy\u0144ca. Najwi\u0119kszy za\u015b poeta staro\u017cytnego chrze\u015bcija\u0144stwa, Prudencjusz, zapisa\u0142, \u017ce bohaterska \u015bmier\u0107 Wawrzy\u0144ca <b>zada\u0142a cios ba\u0142wochwalstwu, kt\u00f3re od tego czasu zacz\u0119\u0142o chyli\u0107 si\u0119 ku upadkowi \u2013 <\/b>a\u017c do ostatecznego zwyci\u0119stwa Chrystusowego Ko\u015bcio\u0142a. Cia\u0142o M\u0119czennika pogrzeba\u0142 \u015awi\u0119ty Justyn. Co roku wierni t\u0142umnie gromadzili si\u0119 wok\u00f3\u0142 grobu M\u0119czennika.<\/span><\/span><\/span><\/p>\n<p align=\"justify\"><span style=\"color: #000000\"><span style=\"font-family: Book Antiqua, serif\"><span style=\"font-size: large\">Imi\u0119 \u015awi\u0119tego Wawrzy\u0144ca w\u0142\u0105czono do kanonu Mszy \u015awi\u0119tej i do Litanii do Wszystkich \u015awi\u0119tych. Z Rzymu jego kult przeni\u00f3s\u0142 si\u0119 na ca\u0142y Ko\u015bci\u00f3\u0142. <b>By\u0142 on w staro\u017cytno\u015bci i <\/b><b>\u015b<\/b><b>redniowieczu jednym z najbardziej popularnych \u015awi\u0119tych. <\/b>Ju\u017c w pierwszej po\u0142owie IV stulecia na cmentarzu przy Via Tiburtina obchodzono \u015bwi\u0119to ku jego czci. Kult Wawrzy\u0144ca do\u015b\u0107 wcze\u015bnie rozprzestrzeni\u0142 si\u0119 <b>tak\u017ce na ziemiach polskich.<\/b><\/span><\/span><\/span><\/p>\n<p align=\"justify\"><span style=\"color: #000000\"><span style=\"font-family: Book Antiqua, serif\"><span style=\"font-size: large\">S\u0142uchaj\u0105c czyta\u0144, przeznaczonych specjalnie na dzisiejsze \u015awi\u0119to , w\u0142a\u015bciwie <b>ka\u017cde z kolejnych zda\u0144<\/b> mo\u017cemy odnie\u015b\u0107 bezpo\u015brednio do Patrona dnia dzisiejszego i s\u0142owami zar\u00f3wno pierwszego, jak i drugiego z danych nam do wyboru czyta\u0144, jak wreszcie tak\u017ce s\u0142owami Ewangelii \u2013 mo\u017cemy <b>opisa\u0107 jego postaw\u0119,<\/b> a szczeg\u00f3lne bohaterskie m\u0119cze\u0144stwo. <\/span><\/span><\/span><\/p>\n<p align=\"justify\"><span style=\"color: #000000\"><span style=\"font-family: Book Antiqua, serif\"><span style=\"font-size: large\">Bo to w\u0142a\u015bnie jego dusza jest <i><b>w r\u0119ku Boga i nie dosi\u0119gnie <\/b><\/i><b>[<\/b><b>jej<\/b><b>]<\/b><i><b> m\u0119ka.<\/b><\/i> <i><b>Zda\u0142o si\u0119 oczom g\u0142upich, \u017ce<\/b><\/i><b> <\/b><b>[umar\u0142],<\/b><b> <\/b><i><b>zej\u015bcie<\/b><\/i><b> <\/b><b>[jego]<\/b><b> <\/b><i><b>poczytano za nieszcz\u0119\u015bcie i odej\u015bcie od nas za unicestwienie, a<\/b><\/i><b> <\/b><b>[<\/b><b>on trwa<\/b><b>]<\/b><b> <\/b><i><b>w pokoju. Cho\u0107 nawet w ludzkim rozumieniu<\/b><\/i><b> <\/b><b>[<\/b><b>dozna<\/b><b>\u0142]<\/b><b> <\/b><i><b>ka\u017ani, nadzieja<\/b><\/i><b> <\/b><b>[jego]<\/b><b> <\/b><i><b>pe\u0142na jest nie\u015bmiertelno\u015bci.<\/b><\/i><b> <\/b><b>[\u2026] <\/b><i><b>B\u00f3g<\/b><\/i><b> <\/b><b>[go]<\/b><b> <\/b><i><b>bowiem do\u015bwiadczy\u0142 i znalaz\u0142<\/b><\/i><b> <\/b><b>[go<\/b><b> godnym<\/b><b>]<\/b><b> <\/b><i><b>siebie<\/b><\/i><b>. <\/b><\/span><\/span><\/span><\/p>\n<p align=\"justify\"><span style=\"color: #000000\"><span style=\"font-family: Book Antiqua, serif\"><span style=\"font-size: large\">A kolejne zdanie to jakby odniesienie do <b>m\u0119cze\u0144skiej \u015bmierci<\/b> Wawrzy\u0144ca, zadanej przez spalenie. \u015amier\u0107 ta bowiem stanowi z pewno\u015bci\u0105 swoisty komentarz do tych oto s\u0142\u00f3w Autora natchnionego: <i><b>D<\/b><\/i><i><b>o\u015bwiadczy\u0142 ich jak z\u0142oto w tyglu i przyj\u0105\u0142 ich jak ca\u0142opaln\u0105 ofiar\u0119. <\/b><\/i>B\u00f3g tak w\u0142a\u015bnie do\u015bwiadczy\u0142 Wawrzy\u0144ca \u2013 i znalaz\u0142 godnym siebie. <\/span><\/span><\/span><\/p>\n<p align=\"justify\"><span style=\"color: #000000\"><span style=\"font-family: Book Antiqua, serif\"><span style=\"font-size: large\">Je\u017celi za\u015b zwr\u00f3ci\u0107 uwag\u0119 na te oto s\u0142owa Aposto\u0142a Paw\u0142a, zapisane w drugim, danym nam dzi\u015b do wyboru czytaniu: <i><b>Kto sk\u0105po sieje, ten sk\u0105po i zbiera, kto za\u015b hojnie sieje, ten hojnie te\u017c zbiera\u0107 b\u0119dzie,<\/b><\/i><b> <\/b>to tak\u017ce mo\u017cemy powiedzie\u0107, \u017ce \u015awi\u0119ty Diakon przez ca\u0142y czas swojej ziemskiej pos\u0142ugi i przez swoj\u0105 m\u0119cze\u0144sk\u0105 \u015bmier\u0107, dobitnie pokaza\u0142, jak <i><b>hojnie sieje<\/b><\/i><i> <\/i>\u2013 i jak, dzi\u0119ki temu, hojnie zebra\u0142 Bo\u017c\u0105 nagrod\u0119 wieczn\u0105 dla siebie i Bo\u017ce b\u0142ogos\u0142awie\u0144stwo dla ca\u0142ego Ko\u015bcio\u0142a. Nie czu\u0142 si\u0119 do niczego przymuszony, wiedzia\u0142 bowiem, \u017ce <i><b>radosnego dawc\u0119 mi\u0142uje B\u00f3g. <\/b><\/i><\/span><\/span><\/span><\/p>\n<p align=\"justify\"><span style=\"color: #000000\"><span style=\"font-family: Book Antiqua, serif\"><span style=\"font-size: large\">Dlatego, jak owo ziarno z ewangelicznej przypowie\u015bci Jezusa, <b>obumar\u0142, <\/b>aby w ten spos\u00f3b jego \u017cycie mog\u0142o przynie\u015b\u0107 <i><b>plon obfity.<\/b><\/i> Bez wahania po\u015bwi\u0119ci\u0142 swoje \u017cycie na tym \u015bwiecie, odda\u0142 je, aby m\u00f3c je zachowa\u0107 w wieczno\u015bci.<\/span><\/span><\/span><\/p>\n<p align=\"justify\"><span style=\"color: #000000\"><span style=\"font-family: Book Antiqua, serif\"><span style=\"font-size: large\">Jak zatem widzimy, Moi Drodzy, \u015awi\u0119ty Wawrzyniec <b>bardzo dok\u0142adnie wype\u0142ni\u0142<\/b> swoim \u017cyciem Bo\u017ce nakazy, zapisane na kartach Pisma \u015awi\u0119tego. Do ko\u0144ca pozosta\u0142 <b>bezgranicznie wierny Bogu, <\/b>co potwierdzi\u0142 w\u0142a\u015bnie t\u0105, wskazan\u0105 tu <b>wierno\u015bci\u0105 <\/b><b>Jego<\/b><b> s\u0142owu,<\/b> ale te\u017c \u2013 <b>wierno\u015bci\u0105 Papie\u017cowi,<\/b> jako widzialnej G\u0142owie Ko\u015bcio\u0142a, o czym sobie wcze\u015bniej wspominali\u015bmy. Pozosta\u0142 te\u017c do ko\u0144ca wierny <b>swojej trosce o Ko\u015bci\u00f3\u0142, <\/b>szczeg\u00f3lnie \u2013 o najwi\u0119ksze skarby Ko\u015bcio\u0142a, kt\u00f3re widzia\u0142 w ludziach najubo\u017cszych. \u015awi\u0119ty Wawrzyniec \u2013 heroicznie <b>odwa\u017cny,<\/b> bezgranicznie <b>wierny, <\/b>ca\u0142kowicie <b>oddany<\/b> Chrystusowi i Ko\u015bcio\u0142owi!<\/span><\/span><\/span><\/p>\n<p align=\"justify\"><span style=\"color: #000000\"><span style=\"font-family: Book Antiqua, serif\"><span style=\"font-size: large\">W jakim stopniu moje \u017cycie <b>potwierdza<\/b><b> moj\u0105 wierno\u015b\u0107<\/b> Chrystusowi? Czy jest to dok\u0142adne wype\u0142nianie Jego Ewangelii i <b>wierno\u015b\u0107 Jego Ko\u015bcio\u0142owi<\/b> \u2013 w ca\u0142ej mojej postawie, a w tym tak\u017ce: w moich wypowiedziach na temat Ko\u015bcio\u0142a? I na temat b\u0142\u0119d\u00f3w i grzech\u00f3w ludzi Ko\u015bcio\u0142a? <\/span><\/span><\/span><\/p>\n<p align=\"justify\"><span style=\"color: #000000\"><span style=\"font-family: Book Antiqua, serif\"><span style=\"font-size: large\">Czy we wszystkim, co m\u00f3wi\u0119 i robi\u0119, wida\u0107 moj\u0105 <b>nieudawan\u0105 i mocn\u0105 \u2013 trosk\u0119 o Ko\u015bci\u00f3\u0142?\u2026<\/b><\/span><\/span><\/span><\/p>\n","protected":false},"excerpt":{"rendered":"<p>Szcz\u0119\u015b\u0107 Bo\u017ce! Serdecznie pozdrawiam w kolejnym dniu wakacji \u2013 i w kolejnym dniu Pielgrzymki. Jak zawsze \u2013 nawi\u0105zujemy duchow\u0105 \u0142\u0105czno\u015b\u0107 z tymi, co na trasie. Pielgrzymka Podlaska dzisiaj przemierza etapy: z Tumlina \u2013 do J\u00f3zefiny i Eustachowa, oraz z Kostom\u0142ot\u00f3w \u2013 do \u0141opuszna i Jedla. Jest to teren Diecezji kieleckiej. Niech B\u00f3g b\u0142ogos\u0142awi Pielgrzymom! A [&hellip;]<\/p>\n","protected":false},"author":1,"featured_media":0,"comment_status":"open","ping_status":"open","sticky":false,"template":"","format":"standard","meta":{"jetpack_post_was_ever_published":false,"_jetpack_newsletter_access":"","_jetpack_dont_email_post_to_subs":false,"_jetpack_newsletter_tier_id":0,"_jetpack_memberships_contains_paywalled_content":false,"_jetpack_memberships_contains_paid_content":false,"footnotes":""},"categories":[1],"tags":[],"class_list":["post-15565","post","type-post","status-publish","format-standard","hentry","category-bez-kategorii"],"yoast_head":"<!-- This site is optimized with the Yoast SEO plugin v25.1 - https:\/\/yoast.com\/wordpress\/plugins\/seo\/ -->\n<title>Je\u017celi obumrze - przynosi plon obfity! - Gaudium Et Spes<\/title>\n<meta name=\"robots\" content=\"index, follow, max-snippet:-1, max-image-preview:large, max-video-preview:-1\" \/>\n<link rel=\"canonical\" href=\"https:\/\/gaudiumetspes-blog.pl\/index.php\/2019\/08\/10\/jezeli-obumrze-przynosi-plon-obfity\/\" \/>\n<meta property=\"og:locale\" content=\"pl_PL\" \/>\n<meta property=\"og:type\" content=\"article\" \/>\n<meta property=\"og:title\" content=\"Je\u017celi obumrze - przynosi plon obfity! - Gaudium Et Spes\" \/>\n<meta property=\"og:description\" content=\"Szcz\u0119\u015b\u0107 Bo\u017ce! Serdecznie pozdrawiam w kolejnym dniu wakacji \u2013 i w kolejnym dniu Pielgrzymki. Jak zawsze \u2013 nawi\u0105zujemy duchow\u0105 \u0142\u0105czno\u015b\u0107 z tymi, co na trasie. Pielgrzymka Podlaska dzisiaj przemierza etapy: z Tumlina \u2013 do J\u00f3zefiny i Eustachowa, oraz z Kostom\u0142ot\u00f3w \u2013 do \u0141opuszna i Jedla. Jest to teren Diecezji kieleckiej. Niech B\u00f3g b\u0142ogos\u0142awi Pielgrzymom! A [&hellip;]\" \/>\n<meta property=\"og:url\" content=\"https:\/\/gaudiumetspes-blog.pl\/index.php\/2019\/08\/10\/jezeli-obumrze-przynosi-plon-obfity\/\" \/>\n<meta property=\"og:site_name\" content=\"Gaudium Et Spes\" \/>\n<meta property=\"article:published_time\" content=\"2019-08-10T05:27:16+00:00\" \/>\n<meta name=\"author\" content=\"Ks. Jacek\" \/>\n<meta name=\"twitter:card\" content=\"summary_large_image\" \/>\n<meta name=\"twitter:label1\" content=\"Napisane przez\" \/>\n\t<meta name=\"twitter:data1\" content=\"Ks. Jacek\" \/>\n\t<meta name=\"twitter:label2\" content=\"Szacowany czas czytania\" \/>\n\t<meta name=\"twitter:data2\" content=\"8 minut\" \/>\n<script type=\"application\/ld+json\" class=\"yoast-schema-graph\">{\"@context\":\"https:\/\/schema.org\",\"@graph\":[{\"@type\":\"WebPage\",\"@id\":\"https:\/\/gaudiumetspes-blog.pl\/index.php\/2019\/08\/10\/jezeli-obumrze-przynosi-plon-obfity\/\",\"url\":\"https:\/\/gaudiumetspes-blog.pl\/index.php\/2019\/08\/10\/jezeli-obumrze-przynosi-plon-obfity\/\",\"name\":\"Je\u017celi obumrze - przynosi plon obfity! - Gaudium Et Spes\",\"isPartOf\":{\"@id\":\"https:\/\/gaudiumetspes-blog.pl\/#website\"},\"datePublished\":\"2019-08-10T05:27:16+00:00\",\"author\":{\"@id\":\"https:\/\/gaudiumetspes-blog.pl\/#\/schema\/person\/1661982992b752dea8dff0d4ed845a65\"},\"breadcrumb\":{\"@id\":\"https:\/\/gaudiumetspes-blog.pl\/index.php\/2019\/08\/10\/jezeli-obumrze-przynosi-plon-obfity\/#breadcrumb\"},\"inLanguage\":\"pl-PL\",\"potentialAction\":[{\"@type\":\"ReadAction\",\"target\":[\"https:\/\/gaudiumetspes-blog.pl\/index.php\/2019\/08\/10\/jezeli-obumrze-przynosi-plon-obfity\/\"]}]},{\"@type\":\"BreadcrumbList\",\"@id\":\"https:\/\/gaudiumetspes-blog.pl\/index.php\/2019\/08\/10\/jezeli-obumrze-przynosi-plon-obfity\/#breadcrumb\",\"itemListElement\":[{\"@type\":\"ListItem\",\"position\":1,\"name\":\"Strona g\u0142\u00f3wna\",\"item\":\"https:\/\/gaudiumetspes-blog.pl\/\"},{\"@type\":\"ListItem\",\"position\":2,\"name\":\"Je\u017celi obumrze &#8211; przynosi plon obfity!\"}]},{\"@type\":\"WebSite\",\"@id\":\"https:\/\/gaudiumetspes-blog.pl\/#website\",\"url\":\"https:\/\/gaudiumetspes-blog.pl\/\",\"name\":\"Gaudium Et Spes\",\"description\":\"Blog Ks. Jacka Ja\u015bkowskiego\",\"potentialAction\":[{\"@type\":\"SearchAction\",\"target\":{\"@type\":\"EntryPoint\",\"urlTemplate\":\"https:\/\/gaudiumetspes-blog.pl\/?s={search_term_string}\"},\"query-input\":{\"@type\":\"PropertyValueSpecification\",\"valueRequired\":true,\"valueName\":\"search_term_string\"}}],\"inLanguage\":\"pl-PL\"},{\"@type\":\"Person\",\"@id\":\"https:\/\/gaudiumetspes-blog.pl\/#\/schema\/person\/1661982992b752dea8dff0d4ed845a65\",\"name\":\"Ks. Jacek\",\"image\":{\"@type\":\"ImageObject\",\"inLanguage\":\"pl-PL\",\"@id\":\"https:\/\/gaudiumetspes-blog.pl\/#\/schema\/person\/image\/\",\"url\":\"https:\/\/gaudiumetspes-blog.pl\/wp-content\/uploads\/2019\/07\/avatar-JJ-150x150.jpg\",\"contentUrl\":\"https:\/\/gaudiumetspes-blog.pl\/wp-content\/uploads\/2019\/07\/avatar-JJ-150x150.jpg\",\"caption\":\"Ks. Jacek\"},\"description\":\"Witam serdecznie! K\u0142ania si\u0119 Ks. Jacek Ja\u015bkowski. Nie jestem ani kim\u015b wa\u017cnym, ani kim\u015b znanym. Jestem ksi\u0119dzem, kt\u00f3ry po prostu chce rozmawia\u0107. Codzienna kap\u0142a\u0144ska pos\u0142uga pokazuje mi, \u017ce temat\u00f3w do rozm\u00f3w z ksi\u0119dzem jest coraz wi\u0119cej i dzisiaj \u017caden ksi\u0105dz nie mo\u017ce od nich ucieka\u0107, ale - wprost przeciwnie - podejmowa\u0107 nowe wyzwania. To przekonanie sk\u0142oni\u0142o mnie do pr\u00f3by otwarcia tego\u017c bloga, chocia\u017c okazji do rozm\u00f3w na co dzie\u0144 - w konfesjonale i poza nim - na szcz\u0119\u015bcie nie brakuje. My\u015bl\u0119 jednak, \u017ce ten blog b\u0119dzie jeszcze jednym sposobem i przestrzeni\u0105 nawi\u0105zania kontaktu z lud\u017ami dobrej woli, otwartymi na dialog.\",\"url\":\"https:\/\/gaudiumetspes-blog.pl\/index.php\/author\/ks-jacek\/\"}]}<\/script>\n<!-- \/ Yoast SEO plugin. -->","yoast_head_json":{"title":"Je\u017celi obumrze - przynosi plon obfity! - Gaudium Et Spes","robots":{"index":"index","follow":"follow","max-snippet":"max-snippet:-1","max-image-preview":"max-image-preview:large","max-video-preview":"max-video-preview:-1"},"canonical":"https:\/\/gaudiumetspes-blog.pl\/index.php\/2019\/08\/10\/jezeli-obumrze-przynosi-plon-obfity\/","og_locale":"pl_PL","og_type":"article","og_title":"Je\u017celi obumrze - przynosi plon obfity! - Gaudium Et Spes","og_description":"Szcz\u0119\u015b\u0107 Bo\u017ce! Serdecznie pozdrawiam w kolejnym dniu wakacji \u2013 i w kolejnym dniu Pielgrzymki. Jak zawsze \u2013 nawi\u0105zujemy duchow\u0105 \u0142\u0105czno\u015b\u0107 z tymi, co na trasie. Pielgrzymka Podlaska dzisiaj przemierza etapy: z Tumlina \u2013 do J\u00f3zefiny i Eustachowa, oraz z Kostom\u0142ot\u00f3w \u2013 do \u0141opuszna i Jedla. Jest to teren Diecezji kieleckiej. Niech B\u00f3g b\u0142ogos\u0142awi Pielgrzymom! A [&hellip;]","og_url":"https:\/\/gaudiumetspes-blog.pl\/index.php\/2019\/08\/10\/jezeli-obumrze-przynosi-plon-obfity\/","og_site_name":"Gaudium Et Spes","article_published_time":"2019-08-10T05:27:16+00:00","author":"Ks. Jacek","twitter_card":"summary_large_image","twitter_misc":{"Napisane przez":"Ks. Jacek","Szacowany czas czytania":"8 minut"},"schema":{"@context":"https:\/\/schema.org","@graph":[{"@type":"WebPage","@id":"https:\/\/gaudiumetspes-blog.pl\/index.php\/2019\/08\/10\/jezeli-obumrze-przynosi-plon-obfity\/","url":"https:\/\/gaudiumetspes-blog.pl\/index.php\/2019\/08\/10\/jezeli-obumrze-przynosi-plon-obfity\/","name":"Je\u017celi obumrze - przynosi plon obfity! - Gaudium Et Spes","isPartOf":{"@id":"https:\/\/gaudiumetspes-blog.pl\/#website"},"datePublished":"2019-08-10T05:27:16+00:00","author":{"@id":"https:\/\/gaudiumetspes-blog.pl\/#\/schema\/person\/1661982992b752dea8dff0d4ed845a65"},"breadcrumb":{"@id":"https:\/\/gaudiumetspes-blog.pl\/index.php\/2019\/08\/10\/jezeli-obumrze-przynosi-plon-obfity\/#breadcrumb"},"inLanguage":"pl-PL","potentialAction":[{"@type":"ReadAction","target":["https:\/\/gaudiumetspes-blog.pl\/index.php\/2019\/08\/10\/jezeli-obumrze-przynosi-plon-obfity\/"]}]},{"@type":"BreadcrumbList","@id":"https:\/\/gaudiumetspes-blog.pl\/index.php\/2019\/08\/10\/jezeli-obumrze-przynosi-plon-obfity\/#breadcrumb","itemListElement":[{"@type":"ListItem","position":1,"name":"Strona g\u0142\u00f3wna","item":"https:\/\/gaudiumetspes-blog.pl\/"},{"@type":"ListItem","position":2,"name":"Je\u017celi obumrze &#8211; przynosi plon obfity!"}]},{"@type":"WebSite","@id":"https:\/\/gaudiumetspes-blog.pl\/#website","url":"https:\/\/gaudiumetspes-blog.pl\/","name":"Gaudium Et Spes","description":"Blog Ks. Jacka Ja\u015bkowskiego","potentialAction":[{"@type":"SearchAction","target":{"@type":"EntryPoint","urlTemplate":"https:\/\/gaudiumetspes-blog.pl\/?s={search_term_string}"},"query-input":{"@type":"PropertyValueSpecification","valueRequired":true,"valueName":"search_term_string"}}],"inLanguage":"pl-PL"},{"@type":"Person","@id":"https:\/\/gaudiumetspes-blog.pl\/#\/schema\/person\/1661982992b752dea8dff0d4ed845a65","name":"Ks. Jacek","image":{"@type":"ImageObject","inLanguage":"pl-PL","@id":"https:\/\/gaudiumetspes-blog.pl\/#\/schema\/person\/image\/","url":"https:\/\/gaudiumetspes-blog.pl\/wp-content\/uploads\/2019\/07\/avatar-JJ-150x150.jpg","contentUrl":"https:\/\/gaudiumetspes-blog.pl\/wp-content\/uploads\/2019\/07\/avatar-JJ-150x150.jpg","caption":"Ks. Jacek"},"description":"Witam serdecznie! K\u0142ania si\u0119 Ks. Jacek Ja\u015bkowski. Nie jestem ani kim\u015b wa\u017cnym, ani kim\u015b znanym. Jestem ksi\u0119dzem, kt\u00f3ry po prostu chce rozmawia\u0107. Codzienna kap\u0142a\u0144ska pos\u0142uga pokazuje mi, \u017ce temat\u00f3w do rozm\u00f3w z ksi\u0119dzem jest coraz wi\u0119cej i dzisiaj \u017caden ksi\u0105dz nie mo\u017ce od nich ucieka\u0107, ale - wprost przeciwnie - podejmowa\u0107 nowe wyzwania. To przekonanie sk\u0142oni\u0142o mnie do pr\u00f3by otwarcia tego\u017c bloga, chocia\u017c okazji do rozm\u00f3w na co dzie\u0144 - w konfesjonale i poza nim - na szcz\u0119\u015bcie nie brakuje. My\u015bl\u0119 jednak, \u017ce ten blog b\u0119dzie jeszcze jednym sposobem i przestrzeni\u0105 nawi\u0105zania kontaktu z lud\u017ami dobrej woli, otwartymi na dialog.","url":"https:\/\/gaudiumetspes-blog.pl\/index.php\/author\/ks-jacek\/"}]}},"jetpack_featured_media_url":"","jetpack_sharing_enabled":true,"_links":{"self":[{"href":"https:\/\/gaudiumetspes-blog.pl\/index.php\/wp-json\/wp\/v2\/posts\/15565","targetHints":{"allow":["GET"]}}],"collection":[{"href":"https:\/\/gaudiumetspes-blog.pl\/index.php\/wp-json\/wp\/v2\/posts"}],"about":[{"href":"https:\/\/gaudiumetspes-blog.pl\/index.php\/wp-json\/wp\/v2\/types\/post"}],"author":[{"embeddable":true,"href":"https:\/\/gaudiumetspes-blog.pl\/index.php\/wp-json\/wp\/v2\/users\/1"}],"replies":[{"embeddable":true,"href":"https:\/\/gaudiumetspes-blog.pl\/index.php\/wp-json\/wp\/v2\/comments?post=15565"}],"version-history":[{"count":1,"href":"https:\/\/gaudiumetspes-blog.pl\/index.php\/wp-json\/wp\/v2\/posts\/15565\/revisions"}],"predecessor-version":[{"id":15566,"href":"https:\/\/gaudiumetspes-blog.pl\/index.php\/wp-json\/wp\/v2\/posts\/15565\/revisions\/15566"}],"wp:attachment":[{"href":"https:\/\/gaudiumetspes-blog.pl\/index.php\/wp-json\/wp\/v2\/media?parent=15565"}],"wp:term":[{"taxonomy":"category","embeddable":true,"href":"https:\/\/gaudiumetspes-blog.pl\/index.php\/wp-json\/wp\/v2\/categories?post=15565"},{"taxonomy":"post_tag","embeddable":true,"href":"https:\/\/gaudiumetspes-blog.pl\/index.php\/wp-json\/wp\/v2\/tags?post=15565"}],"curies":[{"name":"wp","href":"https:\/\/api.w.org\/{rel}","templated":true}]}}