{"id":15567,"date":"2019-08-11T05:53:48","date_gmt":"2019-08-11T03:53:48","guid":{"rendered":"https:\/\/gaudiumetspes-blog.pl\/?p=15567"},"modified":"2019-08-10T13:44:04","modified_gmt":"2019-08-10T11:44:04","slug":"w-drodze-do-ziemi-obiecanej","status":"publish","type":"post","link":"https:\/\/gaudiumetspes-blog.pl\/index.php\/2019\/08\/11\/w-drodze-do-ziemi-obiecanej\/","title":{"rendered":"W drodze do Ziemi Obiecanej&#8230;"},"content":{"rendered":"<p align=\"justify\"><span style=\"color: #000000\"><span style=\"font-family: Book Antiqua, serif\"><span style=\"font-size: large\">Niech b\u0119dzie pochwalony Jezus Chrystus! Moi Drodzy, w dniu dzisiejszym <b>urodziny prze\u017cywa Rafa\u0142 Szewczak, za moich czas\u00f3w \u2013 Lektor w mojej pierwszej Parafii, w Radory\u017cu Ko\u015bcielnym, a obecnie M\u0105\u017c i Ojciec Rodziny, mieszkaj\u0105cy (oczywi\u015bcie, wraz z Rodzin\u0105) w Warszawie.<\/b><\/span><\/span><\/span><\/p>\n<p align=\"justify\"><span style=\"color: #000000\"><span style=\"font-family: Book Antiqua, serif\"><span style=\"font-size: large\"><b>Urodziny prze\u017cywa tak\u017ce Jakub Biernacki, zaanga\u017cowany w swoim czasie do Wsp\u00f3lnoty m\u0142odzie\u017cowej w Tr\u0105bkach.<\/b><\/span><\/span><\/span><\/p>\n<p align=\"justify\"><span style=\"color: #000000\"><span style=\"font-family: Book Antiqua, serif\"><span style=\"font-size: large\"><b>Obu Jubilatom \u017cycz\u0119 odwagi i zapa\u0142u do ci\u0105g\u0142ego czuwania \u2013 w taki spos\u00f3b, jak tego dzisiaj Jezus uczy nas w swoim S\u0142owie. Wi\u0119cej o tym \u2013 w rozwa\u017caniu. Zapewniam o modlitwie!<\/b><\/span><\/span><\/span><\/p>\n<p align=\"justify\"><span style=\"color: #000000\"><span style=\"font-family: Book Antiqua, serif\"><span style=\"font-size: large\">Moi Drodzy, pozdrawiam Was serdecznie z Samogoszczy, ale po po\u0142udniu wyruszam do Czarncy (tak, tej od Hetmana Czarnieckiego, gdzie zreszt\u0105 spoczywa\u2026), bo tam dochodzi dzisiaj Pielgrzymka Podlaska. Je\u015bli B\u00f3g pozwoli, to jutro chcia\u0142bym troch\u0119 popielgrzymowa\u0107\u2026 <\/span><\/span><\/span><\/p>\n<p align=\"justify\"><span style=\"color: #000000\"><span style=\"font-family: Book Antiqua, serif\"><span style=\"font-size: large\">Na g\u0142\u0119bokie i radosne prze\u017cywanie Dnia Pa\u0144skiego \u2013 <b>niech Was b\u0142ogos\u0142awi B\u00f3g Wszechmog\u0105cy: Ojciec + i Syn, i Duch \u015awi\u0119ty. Amen<\/b><\/span><\/span><\/span><\/p>\n<p align=\"center\"><span style=\"color: #000000\"><span style=\"font-family: Book Antiqua, serif\"><span style=\"font-size: large\">Gaudium et spes! Ks. Jacek<\/span><\/span><\/span><\/p>\n<p align=\"center\">\n<p align=\"center\">\n<p align=\"center\">\n<p align=\"center\">\n<p align=\"center\">\n<p align=\"justify\"><span style=\"color: #000000\"><span style=\"font-family: Book Antiqua, serif\"><span style=\"font-size: large\"><b>19 Niedziela zwyk\u0142a, C,<\/b><\/span><\/span><\/span><\/p>\n<p align=\"justify\"><span style=\"color: #000000\"><span style=\"font-family: Book Antiqua, serif\"><span style=\"font-size: large\"><b>do czyta\u0144: Mdr 18,6\u20139; Hbr 11,1\u20132.8\u201319; \u0141k 12,32\u201348<\/b><\/span><\/span><\/span><\/p>\n<p align=\"justify\">\n<p align=\"justify\">\n<p align=\"justify\">\n<p align=\"justify\">\n<p align=\"justify\">\n<p align=\"justify\"><span style=\"color: #000000\"><span style=\"font-family: Book Antiqua, serif\"><span style=\"font-size: large\"><b>CZYTANIE Z KSI\u0118GI M\u0104DRO\u015aCI: <\/b><\/span><\/span><\/span><\/p>\n<p align=\"justify\"><span style=\"color: #000000\"><span style=\"font-family: Book Antiqua, serif\"><span style=\"font-size: large\"><b>Noc wyzwolenia oznajmiono wcze\u015bniej naszym ojcom, by nabrali otuchy wiedz\u0105c niechybnie, jakim przysi\u0119gom zawierzyli. I lud Tw\u00f3j wyczekiwa\u0142 ocalenia sprawiedliwych, a zatraty wrog\u00f3w. Czym bowiem pokara\u0142e\u015b przeciwnik\u00f3w tym uwielbi\u0142e\u015b nas, powo\u0142anych. <\/b><\/span><\/span><\/span><\/p>\n<p align=\"justify\"><span style=\"color: #000000\"><span style=\"font-family: Book Antiqua, serif\"><span style=\"font-size: large\"><b>Pobo\u017cni synowie dobrych sk\u0142adali w ukryciu ofiary i ustanowili zgodnie Boskie prawo, \u017ce te same dobra i niebezpiecze\u0144stwa \u015bwi\u0119ci podejm\u0105 jednakowo. I ju\u017c zaczynali \u015bpiewa\u0107 hymny przodk\u00f3w.<\/b><\/span><\/span><\/span><\/p>\n<p align=\"justify\">\n<p align=\"justify\">\n<p align=\"justify\">\n<p align=\"justify\">\n<p align=\"justify\">\n<p align=\"justify\"><span style=\"color: #000000\"><span style=\"font-family: Book Antiqua, serif\"><span style=\"font-size: large\"><b>CZYTANIE Z LISTU DO HEBRAJCZYK\u00d3W: <\/b><\/span><\/span><\/span><\/p>\n<p align=\"justify\"><span style=\"color: #000000\"><span style=\"font-family: Book Antiqua, serif\"><span style=\"font-size: large\"><b>Bracia: Wiara jest por\u0119k\u0105 tych d\u00f3br, kt\u00f3rych si\u0119 spodziewamy, dowodem tych rzeczywisto\u015bci, kt\u00f3rych nie widzimy. Dla niej to przodkowie otrzymali \u015bwiadectwo. <\/b><\/span><\/span><\/span><\/p>\n<p align=\"justify\"><span style=\"color: #000000\"><span style=\"font-family: Book Antiqua, serif\"><span style=\"font-size: large\"><b>Przez wiar\u0119 ten, kt\u00f3rego nazwano Abrahamem, us\u0142ucha\u0142 wezwania Bo\u017cego, by wyruszy\u0107 do ziemi, kt\u00f3r\u0105 mia\u0142 obj\u0105\u0107 w posiadanie. Wyszed\u0142 nie wiedz\u0105c, dok\u0105d idzie. Przez wiar\u0119 przyw\u0119drowa\u0142 do Ziemi Obiecanej jako ziemi obcej, pod namiotami mieszkaj\u0105c z Izaakiem i Jakubem, wsp\u00f3\u0142dziedzicami tej samej obietnicy. Oczekiwa\u0142 bowiem miasta zbudowanego na silnych fundamentach, kt\u00f3rego architektem i budowniczym jest sam B\u00f3g. <\/b><\/span><\/span><\/span><\/p>\n<p align=\"justify\"><span style=\"color: #000000\"><span style=\"font-family: Book Antiqua, serif\"><span style=\"font-size: large\"><b>Przez wiar\u0119 tak\u017ce i sama Sara mimo podesz\u0142ego wieku otrzyma\u0142a moc pocz\u0119cia. Uzna\u0142a bowiem za godnego wiary Tego, kt\u00f3ry udzieli\u0142 obietnicy. Przeto z cz\u0142owieka jednego, i to ju\u017c niemal obumar\u0142ego, powsta\u0142o potomstwo tak liczne, jak gwiazdy niebieskie, jak niezliczony piasek, kt\u00f3ry jest nad brzegiem morskim. <\/b><\/span><\/span><\/span><\/p>\n<p align=\"justify\"><span style=\"color: #000000\"><span style=\"font-family: Book Antiqua, serif\"><span style=\"font-size: large\"><b>W wierze pomarli oni wszyscy, nie osi\u0105gn\u0105wszy tego, co im przyrzeczono, lecz patrzyli na to z daleka i pozdrawiali, uznawszy siebie za go\u015bci i pielgrzym\u00f3w tej ziemi. Ci bowiem, co tak m\u00f3wi\u0105, okazuj\u0105, \u017ce szukaj\u0105 ojczyzny. Gdyby za\u015b t\u0119 wspominali, z kt\u00f3rej wyszli, znale\u017aliby sposobno\u015b\u0107 powrotu do niej. Teraz za\u015b do lepszej d\u0105\u017c\u0105, to jest do niebieskiej. Dlatego B\u00f3g nie wstydzi si\u0119 nosi\u0107 imi\u0119 ich Boga, gdy\u017c przysposobi\u0142 im miasto. <\/b><\/span><\/span><\/span><\/p>\n<p align=\"justify\"><span style=\"color: #000000\"><span style=\"font-family: Book Antiqua, serif\"><span style=\"font-size: large\"><b>Przez wiar\u0119 Abraham, wystawiony na pr\u00f3b\u0119, ofiarowa\u0142 Izaaka, i to jedynego syna sk\u0142ada\u0142 na ofiar\u0119, on, kt\u00f3ry otrzyma\u0142 obietnic\u0119, kt\u00f3remu powiedziane by\u0142o: \u201eZ Izaaka b\u0119dzie dla ciebie potomstwo\u201d. Pomy\u015bla\u0142 bowiem, i\u017c B\u00f3g mocen wskrzesi\u0107 tak\u017ce umar\u0142ych, i dlatego odzyska\u0142 go jako podobie\u0144stwo \u015bmierci i zmartwychwstania Chrystusa.<\/b><\/span><\/span><\/span><\/p>\n<p align=\"justify\">\n<p align=\"justify\">\n<p align=\"justify\">\n<p align=\"justify\">\n<p align=\"justify\">\n<p align=\"justify\"><span style=\"color: #000000\"><span style=\"font-family: Book Antiqua, serif\"><span style=\"font-size: large\"><b>S\u0141OWA EWANGELII WED\u0141UG \u015aWI\u0118TEGO \u0141UKASZA: <\/b><\/span><\/span><\/span><\/p>\n<p align=\"justify\"><span style=\"color: #000000\"><span style=\"font-family: Book Antiqua, serif\"><span style=\"font-size: large\"><b>Jezus powiedzia\u0142 do swoich uczni\u00f3w: \u201eNie b\u00f3j si\u0119, ma\u0142a trz\u00f3dko, gdy\u017c spodoba\u0142o si\u0119 Ojcu waszemu da\u0107 wam kr\u00f3lestwo. Sprzedajcie wasze mienie i dajcie ja\u0142mu\u017cn\u0119. Sprawcie sobie trzosy, kt\u00f3re nie niszczej\u0105, skarb niewyczerpany w niebie, gdzie z\u0142odziej si\u0119 nie dostaje ani m\u00f3l nie niszczy. Bo gdzie jest skarb wasz, tam b\u0119dzie i serce wasze. <\/b><\/span><\/span><\/span><\/p>\n<p align=\"justify\"><span style=\"color: #000000\"><span style=\"font-family: Book Antiqua, serif\"><span style=\"font-size: large\"><b>Niech b\u0119d\u0105 przepasane biodra wasze i zapalone pochodnie. A wy podobni do ludzi, oczekuj\u0105cych swego pana, kiedy z uczty weselnej powr\u00f3ci; aby mu zaraz otworzy\u0107, gdy nadejdzie i zako\u0142acze. Szcz\u0119\u015bliwi owi s\u0142udzy, kt\u00f3rych pan zastanie czuwaj\u0105cych, gdy nadejdzie. Zaprawd\u0119 powiadam wam: Przepasze si\u0119 i ka\u017ce im zasi\u0105\u015b\u0107 do sto\u0142u, a obchodz\u0105c b\u0119dzie im us\u0142ugiwa\u0142. Czy o drugiej, czy o trzeciej stra\u017cy przyjdzie, szcz\u0119\u015bliwi oni, gdy ich tak zastanie. <\/b><\/span><\/span><\/span><\/p>\n<p align=\"justify\"><span style=\"color: #000000\"><span style=\"font-family: Book Antiqua, serif\"><span style=\"font-size: large\"><b>A to rozumiejcie, \u017ce gdyby gospodarz wiedzia\u0142, o kt\u00f3rej godzinie z\u0142odziej ma przyj\u015b\u0107, nie pozwoli\u0142by w\u0142ama\u0107 si\u0119 do swego domu. Wy te\u017c b\u0105d\u017acie gotowi, gdy\u017c o godzinie, kt\u00f3rej si\u0119 nie domy\u015blacie, Syn Cz\u0142owieczy przyjdzie\u201d. <\/b><\/span><\/span><\/span><\/p>\n<p align=\"justify\"><span style=\"color: #000000\"><span style=\"font-family: Book Antiqua, serif\"><span style=\"font-size: large\"><b>Wtedy Piotr zapyta\u0142: \u201ePanie, czy do nas m\u00f3wisz t\u0119 przypowie\u015b\u0107, czy te\u017c do wszystkich?\u201d Pan odpowiedzia\u0142: \u201eKt\u00f3\u017c jest owym rz\u0105dc\u0105 wiernym i roztropnym, kt\u00f3rego pan ustanowi nad swoj\u0105 s\u0142u\u017cb\u0105, \u017ceby na czas wydziela\u0142 jej \u017cywno\u015b\u0107? Szcz\u0119\u015bliwy ten s\u0142uga, kt\u00f3rego pan, powr\u00f3ciwszy, zastanie przy tej czynno\u015bci. Prawdziwie powiadam wam: Postawi go nad ca\u0142ym swoim mieniem. Lecz je\u015bli \u00f3w s\u0142uga powie sobie w duszy: M\u00f3j pan oci\u0105ga si\u0119 z powrotem \u2013 i zacznie bi\u0107 s\u0142ugi i s\u0142u\u017cebnice, a przy tym je\u015b\u0107, pi\u0107 i upija\u0107 si\u0119, to nadejdzie pan tego s\u0142ugi w dniu, kiedy si\u0119 nie spodziewa, i o godzinie, kt\u00f3rej nie zna; ka\u017ce go \u0107wiartowa\u0107 i z niewiernymi wyznaczy mu miejsce. <\/b><\/span><\/span><\/span><\/p>\n<p align=\"justify\"><span style=\"color: #000000\"><span style=\"font-family: Book Antiqua, serif\"><span style=\"font-size: large\"><b>S\u0142uga, kt\u00f3ry zna wol\u0119 swego pana, a nic nie przyrz\u0105dzi\u0142 i nie uczyni\u0142 zgodnie z jego wol\u0105, otrzyma wielk\u0105 ch\u0142ost\u0119. Ten za\u015b, kt\u00f3ry nie zna jego woli i uczyni\u0142 co\u015b godnego kary, otrzyma ma\u0142\u0105 ch\u0142ost\u0119. <\/b><\/span><\/span><\/span><\/p>\n<p align=\"justify\"><span style=\"color: #000000\"><span style=\"font-family: Book Antiqua, serif\"><span style=\"font-size: large\"><b>Komu wiele dano, od tego wiele wymaga\u0107 si\u0119 b\u0119dzie; a komu wiele zlecono, tym wi\u0119cej od niego \u017c\u0105da\u0107 b\u0119d\u0105\u201d.<\/b><\/span><\/span><\/span><\/p>\n<p align=\"justify\">\n<p align=\"justify\">\n<p align=\"justify\">\n<p align=\"justify\">\n<p align=\"justify\">\n<p align=\"justify\"><span style=\"color: #000000\"><span style=\"font-family: Book Antiqua, serif\"><span style=\"font-size: large\">Dzisiejsze pierwsze czytanie to fragment d\u0142u\u017cszej wypowiedzi Autora Ksi\u0119gi M\u0105dro\u015bci, opowiadaj\u0105cego \u2013 oczywi\u015bcie, w wielkim skr\u00f3cie \u2013 <b>histori\u0119 narodu wybranego,<\/b> z mocnym akcentem na jego <b>wyj\u015bcie z niewoli egipskiej.<\/b> S\u0142yszymy zatem, w tym kontek\u015bcie, nast\u0119puj\u0105ce s\u0142owa: <i><b>Noc wyzwolenia oznajmiono wcze\u015bniej naszym ojcom, by nabrali otuchy wiedz\u0105c niechybnie, jakim przysi\u0119gom zawierzyli. I lud Tw\u00f3j wyczekiwa\u0142 ocalenia sprawiedliwych, a zatraty wrog\u00f3w. Czym bowiem pokara\u0142e\u015b przeciwnik\u00f3w, tym uwielbi\u0142e\u015b nas, powo\u0142anych. <\/b><\/i><\/span><\/span><\/span><\/p>\n<p align=\"justify\"><span style=\"color: #000000\"><span style=\"font-family: Book Antiqua, serif\"><span style=\"font-size: large\">Jednak owi \u00abpowo\u0142ani\u00bb, czyli cz\u0142onkowie narodu wybranego \u2013 to bardzo wa\u017cne! \u2013 podeszli wtedy do ca\u0142ej sprawy <b>w duchu wielkiej wiary!<\/b> I akurat ci, o kt\u00f3rych dzi\u015b mowa, doczekali si\u0119 wype\u0142nienia Bo\u017cych obietnic, ich poprzednicy natomiast \u2013 chocia\u017c te\u017c z wiar\u0105 oczekiwali \u2013 <b>tego si\u0119 <\/b><b>nie <\/b><b>doczekali\u2026<\/b> \u017bydzi bowiem w niewoli egipskiej przebywali <b>ponad czterysta lat!<\/b> <\/span><\/span><\/span><\/p>\n<p align=\"justify\"><span style=\"color: #000000\"><span style=\"font-family: Book Antiqua, serif\"><span style=\"font-size: large\">Autor Listu do Hebrajczyk\u00f3w tak o tym m\u00f3wi w drugim dzisiejszym czytaniu: <i><b>W wierze pomarli oni wszyscy, nie osi\u0105gn\u0105wszy tego, co im przyrzeczono, lecz patrzyli na to z daleka i pozdrawiali, uznawszy siebie za go\u015bci i pielgrzym\u00f3w tej ziemi.<\/b><\/i><i> <\/i><\/span><\/span><\/span><\/p>\n<p align=\"justify\"><span style=\"color: #000000\"><span style=\"font-family: Book Antiqua, serif\"><span style=\"font-size: large\">Tak, to prawda, nie doczekali wej\u015bcia do ziemi obiecanej \u2013 <b>na tym \u015bwiecie. <\/b>Czy to jednak oznacza, \u017ce byli przez to gorzej potraktowani przez Boga, \u017ce jako\u015b przegrali ca\u0142\u0105 spraw\u0119? Nie, bo celem d\u0105\u017ce\u0144 cz\u0142owieka, wiernego Bogu, nie jest \u017cadna ziemska ojczyzna. Autor Listu do Hebrajczyk\u00f3w m\u00f3wi o tym tak: <i><b>Ci bowiem, co tak m\u00f3wi\u0105, okazuj\u0105, \u017ce szukaj\u0105 ojczyzny. Gdyby za\u015b t\u0119 wspominali, z kt\u00f3rej wyszli, znale\u017aliby sposobno\u015b\u0107 powrotu do niej. Teraz za\u015b do lepszej d\u0105\u017c\u0105, to jest do niebieskiej.<\/b><\/i><i> <\/i><\/span><\/span><\/span><\/p>\n<p align=\"justify\"><span style=\"color: #000000\"><span style=\"font-family: Book Antiqua, serif\"><span style=\"font-size: large\">Wszystko to oznacza, \u017ce wydarzenia Starego Testamentu s\u0105 zapowiedzi\u0105 wielkich wydarze\u0144 Nowego Testamentu, a <b>ziemia obiecana,<\/b> do kt\u00f3rej nar\u00f3d wybrany wszed\u0142 pod przewodnictwem Abrahama \u2013 a do kt\u00f3rej potem, po wielu latach niewoli egipskiej, ponownie wyruszy\u0142 pod wodz\u0105 Moj\u017cesza \u2013 jest znakiem i zapowiedzi\u0105 <b>ojczyzny niebieskiej, do kt\u00f3rej wszyscy zd\u0105\u017camy!<\/b> <\/span><\/span><\/span><\/p>\n<p align=\"justify\"><span style=\"color: #000000\"><span style=\"font-family: Book Antiqua, serif\"><span style=\"font-size: large\">Ale \u017ceby j\u0105 osi\u0105gn\u0105\u0107 \u2013 <b>potrzeba wiary! Wielkiej wiary!<\/b> Takiej, jakiej przyk\u0142ad da\u0142 Abraham, Sara i wielu, wielu ludzi Starego Testamentu, o kt\u00f3rych mowa dzisiaj w drugim czytaniu. Szczeg\u00f3lnym za\u015b przyk\u0142adem wiary \u2013 i to heroicznej, totalnej \u2013 <b>jest Abraham.<\/b> Na nim B\u00f3g si\u0119 <b>nigdy nie zawi\u00f3d\u0142<\/b> \u2013 nawet, kiedy podda\u0142 tak ci\u0119\u017ckiej pr\u00f3bie, o kt\u00f3rej w drugim czytaniu s\u0142yszymy: <i><b>Przez wiar\u0119 Abraham, wystawiony na pr\u00f3b\u0119, ofiarowa\u0142 Izaaka, i to jedynego syna sk\u0142ada\u0142 na ofiar\u0119, on, kt\u00f3ry otrzyma\u0142 obietnic\u0119, kt\u00f3remu powiedziane by\u0142o: \u201eZ Izaaka b\u0119dzie dla ciebie potomstwo\u201d. Pomy\u015bla\u0142 bowiem, i\u017c B\u00f3g mocen wskrzesi\u0107 tak\u017ce umar\u0142ych, i dlatego odzyska\u0142 go jako podobie\u0144stwo \u015bmierci i zmartwychwstania Chrystusa. <\/b><\/i><\/span><\/span><\/span><\/p>\n<p align=\"justify\"><span style=\"color: #000000\"><span style=\"font-family: Book Antiqua, serif\"><span style=\"font-size: large\">Z pewno\u015bci\u0105, pami\u0119tamy ca\u0142\u0105 t\u0119 histori\u0119, jak to B\u00f3g obieca\u0142 Abrahamowi, \u017ce pomimo podesz\u0142ego wieku <b>doczeka si\u0119 syna,<\/b> z kt\u00f3rego narodzi si\u0119 <b>potomstwo tak liczne, jak gwiazdy na niebie,<\/b> a kiedy ten syn rzeczywi\u015bcie si\u0119 pojawi\u0142, B\u00f3g za\u017c\u0105da\u0142 <b>z\u0142o\u017cenia go w ofierze.<\/b> Mo\u017cna powiedzie\u0107, \u017ce polecenie to by\u0142o zupe\u0142nie niezrozumia\u0142e, a ca\u0142a sytuacja \u2013 absurdalna. <\/span><\/span><\/span><\/p>\n<p align=\"justify\"><span style=\"color: #000000\"><span style=\"font-family: Book Antiqua, serif\"><span style=\"font-size: large\">A jednak Abraham <b>nie dyskutowa\u0142 z Bogiem, <\/b>o nic nie pyta\u0142 \u2013 chocia\u017c nie wiemy, co my\u015bla\u0142 \u2013 tylko zabra\u0142 si\u0119 do wype\u0142nienia Bo\u017cego polecenia. Wiemy, \u017ce ostatecznie nie okaza\u0142o si\u0119 to konieczne. <b>B\u00f3g powstrzyma\u0142 r\u0119k\u0119 Abrahama,<\/b> a w ten spos\u00f3b \u2013 mo\u017cna powt\u00f3rzy\u0107 za Autorem biblijnym w drugim czytaniu \u2013 Abraham niejako <b>odzyska\u0142 Izaaka.<\/b> Sam za\u015b Izaak sta\u0142 si\u0119 symbolem Chrystusa, kt\u00f3rego co prawda B\u00f3g nie oszcz\u0119dzi\u0142 tak, jak oszcz\u0119dzi\u0142 syna Abrahama, ale <b>przywr\u00f3ci\u0142 Go do \u017cycia w akcie Zmartwychwstania!<\/b><\/span><\/span><\/span><\/p>\n<p align=\"justify\"><span style=\"color: #000000\"><span style=\"font-family: Book Antiqua, serif\"><span style=\"font-size: large\">No, dobrze! Ale \u2013 zapytamy zapewne \u2013 w jakim stopniu to wszystko dotyczy nas? Co nas tak naprawd\u0119 dzisiaj <b>obchodzi<\/b><b> Abraham, Moj\u017cesz, Izaak?\u2026<\/b> Co nam po tych szczeg\u00f3\u0142owych i drobiazgowych rozwa\u017caniach, kt\u00f3re tu sobie prowadzimy na temat narodu wybranego? Przecie\u017c to takie <b>odleg\u0142e dla nas <\/b><b>czasy i miejsca\u2026 <\/b><\/span><\/span><\/span><\/p>\n<p align=\"justify\"><span style=\"color: #000000\"><span style=\"font-family: Book Antiqua, serif\"><span style=\"font-size: large\">Tak, w\u0119dr\u00f3wka narodu wybranego, czy te\u017c wielkie postacie Starego Testamentu \u2013 to dla nas odleg\u0142a historia. Ale wz\u00f3r, jaki nam daj\u0105, jest ponadczasowy. Bo <b>wiary i pos\u0142usze\u0144stwa Bogu<\/b> mo\u017cemy si\u0119 od nich uczy\u0107 zawsze! A poza tym, my \u2013 podobnie, jak i oni \u2013 zd\u0105\u017camy <b>do ziemi obiecanej,<\/b> czyli do ojczyzny niebieskiej, czyli po prostu: <b>do Nieba!<\/b><\/span><\/span><\/span><\/p>\n<p align=\"justify\"><span style=\"color: #000000\"><span style=\"font-family: Book Antiqua, serif\"><span style=\"font-size: large\">O tym zreszt\u0105 dzisiaj <i><b>Jezus powiedzia\u0142 do swoich uczni\u00f3w:<\/b><\/i><b> <\/b><i><b>\u201eNie b\u00f3j si\u0119, ma\u0142a trz\u00f3dko, gdy\u017c spodoba\u0142o si\u0119 Ojcu waszemu da\u0107 wam kr\u00f3lestwo. Sprzedajcie wasze mienie i dajcie ja\u0142mu\u017cn\u0119. Sprawcie sobie trzosy, kt\u00f3re nie niszczej\u0105, skarb niewyczerpany w niebie, gdzie z\u0142odziej si\u0119 nie dostaje ani m\u00f3l nie niszczy. Bo gdzie jest skarb wasz, tam b\u0119dzie i serce wasze. <\/b><\/i>Moi Drodzy, to tam w\u0142a\u015bnie zd\u0105\u017camy. Do tego miejsca, gdzie <b>ju\u017c nie b\u0119dzie cierpienia,<\/b> p\u0142aczu, ani \u017cadnego zmartwienia, z kt\u00f3rymi teraz musimy si\u0119 zmaga\u0107, na tym \u015bwiecie\u2026<\/span><\/span><\/span><\/p>\n<p align=\"justify\"><span style=\"color: #000000\"><span style=\"font-family: Book Antiqua, serif\"><span style=\"font-size: large\">A jak ma wygl\u0105da\u0107 ta nasza w\u0119dr\u00f3wka? Jak codziennie mamy do tego\u017c Nieba si\u0119 zbli\u017ca\u0107? O tym te\u017c Jezus powiedzia\u0142 w dzisiejszej Ewangelii. M\u00f3wi\u0142 tak: <i><b>Niech b\u0119d\u0105 przepasane biodra wasze i zapalone pochodnie. A wy podobni do ludzi, oczekuj\u0105cych swego pana, kiedy z uczty weselnej powr\u00f3ci; aby mu zaraz otworzy\u0107, gdy nadejdzie i zako\u0142acze. Szcz\u0119\u015bliwi owi s\u0142udzy, kt\u00f3rych pan zastanie czuwaj\u0105cych, gdy nadejdzie. Zaprawd\u0119 powiadam wam: Przepasze si\u0119 i ka\u017ce im zasi\u0105\u015b\u0107 do sto\u0142u, a obchodz\u0105c b\u0119dzie im us\u0142ugiwa\u0142. Czy o drugiej, czy o trzeciej stra\u017cy przyjdzie, szcz\u0119\u015bliwi oni, gdy ich tak zastanie.<\/b><\/i><b> <\/b><\/span><\/span><\/span><\/p>\n<p align=\"justify\"><span style=\"color: #000000\"><span style=\"font-family: Book Antiqua, serif\"><span style=\"font-size: large\">A zatem, w\u0119dr\u00f3wka do Nieba \u2013 to <b>trud codzienny.<\/b> To nie jakie\u015b <b>wielkie \u201ezrywy\u201d<\/b> \u2013 raz, czy dwa razy do roku, kiedy przed Bo\u017cym Narodzeniem, albo przed Wielkanoc\u0105, <b>p\u00f3jd\u0119 do Spowiedzi<\/b> (cz\u0119sto w ostatniej chwili) i przyjm\u0119 Komuni\u0119 \u015awi\u0119t\u0105. To nie s\u0105 tak\u017ce \u2013 to znaczy: nie tylko s\u0105 \u2013 takie wydarzenia, jak <b>Chrzest, Pierwsza Komunia \u015awi\u0119ta, czy pogrzeb<\/b> w rodzinie. <\/span><\/span><\/span><\/p>\n<p align=\"justify\"><span style=\"color: #000000\"><span style=\"font-family: Book Antiqua, serif\"><span style=\"font-size: large\">To nie s\u0105 tak\u017ce jedynie jakie\u015b inne, pojedyncze wydarzenia, czy \u015bwi\u0119ta, kiedy to cz\u0142owiek <b>przypomina sobie na kr\u00f3tki czas o Panu Bogu,<\/b> a wtedy i do ko\u015bcio\u0142a przyjdzie, i do Spowiedzi, i na jak\u0105\u015b katechez\u0119 czy konferencj\u0119, na kt\u00f3r\u0105 ksi\u0105dz kaza\u0142 przyj\u015b\u0107, a poza tym \u2013 to <b>chodzi swoimi drogami,<\/b> swoje sprawy za\u0142atwia, a takimi problemami, jak wieczne zbawienie, <b>w og\u00f3le sobie g\u0142owy nie zaprz\u0105ta!<\/b> Bo ma aktualnie wa\u017cniejsze kwestie na g\u0142owie.<\/span><\/span><\/span><\/p>\n<p align=\"justify\"><span style=\"color: #000000\"><span style=\"font-family: Book Antiqua, serif\"><span style=\"font-size: large\">A tymczasem, Jezus m\u00f3wi dzi\u015b <b>o czuwaniu\u2026 <\/b>O sta\u0142ym czuwaniu. A czuwanie \u2013 jak sama nazwa wskazuje \u2013 to czujno\u015b\u0107, to bycie <b>ci\u0105gle gotowym! <\/b>Na co? Na spotkanie z Panem! Jak to dzisiaj Jezus uj\u0105\u0142 w Ewangelii: <i><b>A wy podobni do ludzi, oczekuj\u0105cych swego pana, kiedy z uczty weselnej powr\u00f3ci; aby mu zaraz otworzy\u0107, gdy nadejdzie i zako\u0142acze. Szcz\u0119\u015bliwi owi s\u0142udzy, kt\u00f3rych pan zastanie<\/b><\/i><b> <\/b><i><b>czuwaj\u0105cych, gdy nadejdzie.<\/b><\/i> Ot\u00f3\u017c, w\u0142a\u015bnie! <b>Szcz\u0119\u015bliwi \u2013 czuwaj\u0105cy\u2026<\/b> <\/span><\/span><\/span><\/p>\n<p align=\"justify\"><span style=\"color: #000000\"><span style=\"font-family: Book Antiqua, serif\"><span style=\"font-size: large\">Abraham by\u0142 takim cz\u0142owiekiem. Do niego B\u00f3g m\u00f3g\u0142 si\u0119 zwr\u00f3ci\u0107 <b>zawsze i ze wszystkim.<\/b> I Abraham \u2013 jak cho\u0107by w sprawie ofiary, jak\u0105 mia\u0142 z\u0142o\u017cy\u0107 ze swego syna \u2013 po prostu: <b>wsta\u0142, wzi\u0105\u0142 swego syna i poszed\u0142 spe\u0142ni\u0107 wol\u0119 Bo\u017c\u0105.<\/b> W ka\u017cdej chwili by\u0142 na to gotowy. <\/span><\/span><\/span><\/p>\n<p align=\"justify\"><span style=\"color: #000000\"><span style=\"font-family: Book Antiqua, serif\"><span style=\"font-size: large\">Podobnie i Moj\u017cesz, podobnie inni wielcy ludzie Starego Testamentu, kt\u00f3rzy byli z Bogiem \u2013 je\u015bli tak mo\u017cna powiedzie\u0107 \u2013 <b>\u201ena nas\u0142uchu\u201d, gotowi w ka\u017cdej chwili<\/b> w\u0142\u0105czy\u0107 si\u0119 w rozmow\u0119 z Nim i w dzia\u0142anie, jakiego On sam od nich w danym momencie oczekiwa\u0142.<\/span><\/span><\/span><\/p>\n<p align=\"justify\"><span style=\"color: #000000\"><span style=\"font-family: Book Antiqua, serif\"><span style=\"font-size: large\">Takiej w\u0142a\u015bnie postawy <b>Jezus oczekuje od swoich uczni\u00f3w.<\/b> Maj\u0105 by\u0107 gotowi zawsze, maj\u0105 by\u0107 czujni! I <b>nie tylko<\/b> w tym znaczeniu, \u017ce maj\u0105 by\u0107 gotowi na przej\u015bcie z tego \u015bwiata, bo nam stwierdzenie o przyj\u015bciu Pana zaraz si\u0119 pewnie kojarzy z tym, \u017ce przyjdzie <b>po to, by nas wezwa\u0144 na S\u0105d.<\/b> Owszem, o to te\u017c chodzi, bo to r\u00f3wnie\u017c kiedy\u015b nast\u0105pi \u2013 nie wiemy, kiedy, ale wiemy, \u017ce na pewno nast\u0105pi. Mo\u017ce zaraz, za pi\u0119\u0107 minut, kogo\u015b z nas ju\u017c na tym \u015bwiecie nie b\u0119dzie?\u2026 <b>A mo\u017ce mnie nie b\u0119dzie?\u2026<\/b> Nie wiemy. Dlatego jak najbardziej w\u0142a\u015bciwym jest to skojarzenie, \u017ce mamy by\u0107 czujni, czyli mamy by\u0107 w ka\u017cdej chwili gotowi <b>na przej\u015bcie z tego \u015bwiata. <\/b>Ale nie tylko.<\/span><\/span><\/span><\/p>\n<p align=\"justify\"><span style=\"color: #000000\"><span style=\"font-family: Book Antiqua, serif\"><span style=\"font-size: large\">Bo gdyby to tylko o to chodzi\u0142o, to by\u015bmy si\u0119 wyspowiadali, przyj\u0119li Komuni\u0119 \u015awi\u0119ta i za\u0142o\u017cyli r\u0119ce, <b>nic kompletnie nie robi\u0105c, <\/b>tylko czekali na Jego przyj\u015bcie \u2013 bo przecie\u017c nie mo\u017cemy sobie zszarga\u0107 u Niego swego konta przez jaki\u015b grzech. Oczywi\u015bcie, \u017ce to nie o to chodzi.<\/span><\/span><\/span><\/p>\n<p align=\"justify\"><span style=\"color: #000000\"><span style=\"font-family: Book Antiqua, serif\"><span style=\"font-size: large\">Tym czuwaniem ma by\u0107 <b>nasza codzienno\u015b\u0107! <\/b>Tak, nasza pi\u0119knie prze\u017cywana, pracowita codzienno\u015b\u0107. W dalszej cz\u0119\u015bci Ewangelii Jezus m\u00f3wi o s\u0142udze, kt\u00f3rego zadaniem jest wydziela\u0107 \u017cywno\u015b\u0107 innym. Stwierdza tam: <i><b>Szcz\u0119\u015bliwy ten s\u0142uga, kt\u00f3rego pan, powr\u00f3ciwszy, zastanie przy tej czynno\u015bci.<\/b><\/i> W ten spos\u00f3b m\u00f3wi nam wszystkim: szcz\u0119\u015bliwy b\u0119dzie ten, kogo przyj\u015bcie Pana <b>zastanie w trakcie solidnego wype\u0142niania <\/b><b>codziennych<\/b><b> obowi\u0105zk\u00f3w! <\/b>A jednocze\u015bnie \u2013 cz\u0142owieka <b>o czystym sercu i sumieniu.<\/b> To w\u0142a\u015bnie oznacza postawa czuwania: sta\u0142e <b>bycie jedno \u2013<\/b> z Bogiem i z innymi lud\u017ami. <\/span><\/span><\/span><\/p>\n<p align=\"justify\"><span style=\"color: #000000\"><span style=\"font-family: Book Antiqua, serif\"><span style=\"font-size: large\">Czy to jest \u0142atwe? Czy to jest w og\u00f3le mo\u017cliwe, \u017ceby zawsze by\u0107 w gotowo\u015bci, <b>stale w stanie przyja\u017ani z Bogiem<\/b> i \u017cyczliwo\u015bci, otwarto\u015bci wobec<b> drugi<\/b><b>ego<\/b><b> cz\u0142owiek<\/b><b>a<\/b><b>?<\/b> Czy nie mo\u017cna tu sobie troch\u0119 \u201eodpu\u015bci\u0107\u201d, \u201epoluzowa\u0107\u201d?\u2026 <\/span><\/span><\/span><\/p>\n<p align=\"justify\"><span style=\"color: #000000\"><span style=\"font-family: Book Antiqua, serif\"><span style=\"font-size: large\">Moi Drodzy, Jezus m\u00f3wi dzisiaj bardzo wyra\u017anie: <b>Komu <\/b><i><b>wiele dano, od tego wiele wymaga\u0107 si\u0119 b\u0119dzie; a komu wiele zlecono, tym wi\u0119cej od niego \u017c\u0105da\u0107 b\u0119d\u0105.<\/b><\/i><b> <\/b>Nam dano bardzo wiele: od dzieci\u0144stwa jeste\u015bmy <b>wychowani w wierze,<\/b> chocia\u017c wielu ludzi \u2013 mo\u017ce nawet w naszym otoczeniu, a ju\u017c na pewno w innych cz\u0119\u015bciach \u015bwiata \u2013 takich warunk\u00f3w nie mia\u0142o i nadal nie ma\u2026<\/span><\/span><\/span><\/p>\n<p align=\"justify\"><span style=\"color: #000000\"><span style=\"font-family: Book Antiqua, serif\"><span style=\"font-size: large\">Poza tym, <b>mamy mo\u017cliwo\u015b\u0107<\/b> sta\u0142ego i swobodnego praktykowania swojej wiary i korzystania z Bo\u017cych dobrodziejstw, a wi\u0119c <b>z<\/b><b>e Mszy \u015awi\u0119tej <\/b>w ka\u017cd\u0105 niedziel\u0119 i kiedy tylko chcemy; z<b> Bo\u017cego s\u0142owa,<\/b> kt\u00f3rego bez przeszk\u00f3d mo\u017cemy s\u0142ucha\u0107 lub je czyta\u0144; z<b> Komunii \u015awi\u0119tej<\/b> i innych Sakrament\u00f3w, do kt\u00f3rych bez przeszk\u00f3d mo\u017cemy przyst\u0119powa\u0107. Inni takich mo\u017cliwo\u015bci nie maj\u0105\u2026<\/span><\/span><\/span><\/p>\n<p align=\"justify\"><span style=\"color: #000000\"><span style=\"font-family: Book Antiqua, serif\"><span style=\"font-size: large\">Moi Drodzy, doce\u0144my to, co mamy! I we\u017amy sobie \u2013 w tym kontek\u015bcie \u2013 g\u0142\u0119boko do serca te s\u0142owa Jezusa: <i><b>Komu wiele dano, od tego wiele wymaga\u0107 si\u0119 b\u0119dzie; a komu wiele zlecono, tym wi\u0119cej od niego \u017c\u0105da\u0107 b\u0119d\u0105.<\/b><\/i><b> <\/b>I we\u017amy sobie do serca wezwanie Jezusa do ci\u0105g\u0142ego czuwania, do sta\u0142ej gotowo\u015bci i aktywno\u015bci \u2013 i pomy\u015blmy, czy nasze \u017cycie to aby <b>na pewno w\u0119dr\u00f3wka do Nieba,<\/b> czy mo\u017ce w zupe\u0142nie przeciwnym kierunku?\u2026 <\/span><\/span><\/span><\/p>\n<p align=\"justify\"><span style=\"color: #000000\"><span style=\"font-family: Book Antiqua, serif\"><span style=\"font-size: large\">Warto, moi Drodzy, \u017ceby teraz ka\u017cda i ka\u017cdy z nas, pocz\u0105wszy ode mnie, postawi\u0142 sobie i odwa\u017cnie, bardzo szczerze, odpowiedzia\u0142 na pytanie: Gdyby tak Jezus <b>wezwa\u0142 mnie do siebie teraz, <\/b>albo za kilka minut \u2013 i spojrza\u0142 na moje \u017cycie, spojrza\u0142 mi g\u0142\u0119boko w oczy i wejrza\u0142 w moje serce, to jaki widok by zobaczy\u0142?\u2026 <b>Na czym by mnie zasta\u0142?\u2026 <\/b><\/span><\/span><\/span><\/p>\n","protected":false},"excerpt":{"rendered":"<p>Niech b\u0119dzie pochwalony Jezus Chrystus! Moi Drodzy, w dniu dzisiejszym urodziny prze\u017cywa Rafa\u0142 Szewczak, za moich czas\u00f3w \u2013 Lektor w mojej pierwszej Parafii, w Radory\u017cu Ko\u015bcielnym, a obecnie M\u0105\u017c i Ojciec Rodziny, mieszkaj\u0105cy (oczywi\u015bcie, wraz z Rodzin\u0105) w Warszawie. Urodziny prze\u017cywa tak\u017ce Jakub Biernacki, zaanga\u017cowany w swoim czasie do Wsp\u00f3lnoty m\u0142odzie\u017cowej w Tr\u0105bkach. Obu Jubilatom [&hellip;]<\/p>\n","protected":false},"author":1,"featured_media":0,"comment_status":"open","ping_status":"open","sticky":false,"template":"","format":"standard","meta":{"jetpack_post_was_ever_published":false,"_jetpack_newsletter_access":"","_jetpack_dont_email_post_to_subs":false,"_jetpack_newsletter_tier_id":0,"_jetpack_memberships_contains_paywalled_content":false,"_jetpack_memberships_contains_paid_content":false,"footnotes":""},"categories":[1],"tags":[],"class_list":["post-15567","post","type-post","status-publish","format-standard","hentry","category-bez-kategorii"],"yoast_head":"<!-- This site is optimized with the Yoast SEO plugin v25.1 - https:\/\/yoast.com\/wordpress\/plugins\/seo\/ -->\n<title>W drodze do Ziemi Obiecanej... - Gaudium Et Spes<\/title>\n<meta name=\"robots\" content=\"index, follow, max-snippet:-1, max-image-preview:large, max-video-preview:-1\" \/>\n<link rel=\"canonical\" href=\"https:\/\/gaudiumetspes-blog.pl\/index.php\/2019\/08\/11\/w-drodze-do-ziemi-obiecanej\/\" \/>\n<meta property=\"og:locale\" content=\"pl_PL\" \/>\n<meta property=\"og:type\" content=\"article\" \/>\n<meta property=\"og:title\" content=\"W drodze do Ziemi Obiecanej... - Gaudium Et Spes\" \/>\n<meta property=\"og:description\" content=\"Niech b\u0119dzie pochwalony Jezus Chrystus! Moi Drodzy, w dniu dzisiejszym urodziny prze\u017cywa Rafa\u0142 Szewczak, za moich czas\u00f3w \u2013 Lektor w mojej pierwszej Parafii, w Radory\u017cu Ko\u015bcielnym, a obecnie M\u0105\u017c i Ojciec Rodziny, mieszkaj\u0105cy (oczywi\u015bcie, wraz z Rodzin\u0105) w Warszawie. Urodziny prze\u017cywa tak\u017ce Jakub Biernacki, zaanga\u017cowany w swoim czasie do Wsp\u00f3lnoty m\u0142odzie\u017cowej w Tr\u0105bkach. Obu Jubilatom [&hellip;]\" \/>\n<meta property=\"og:url\" content=\"https:\/\/gaudiumetspes-blog.pl\/index.php\/2019\/08\/11\/w-drodze-do-ziemi-obiecanej\/\" \/>\n<meta property=\"og:site_name\" content=\"Gaudium Et Spes\" \/>\n<meta property=\"article:published_time\" content=\"2019-08-11T03:53:48+00:00\" \/>\n<meta name=\"author\" content=\"Ks. Jacek\" \/>\n<meta name=\"twitter:card\" content=\"summary_large_image\" \/>\n<meta name=\"twitter:label1\" content=\"Napisane przez\" \/>\n\t<meta name=\"twitter:data1\" content=\"Ks. Jacek\" \/>\n\t<meta name=\"twitter:label2\" content=\"Szacowany czas czytania\" \/>\n\t<meta name=\"twitter:data2\" content=\"14 minut\" \/>\n<script type=\"application\/ld+json\" class=\"yoast-schema-graph\">{\"@context\":\"https:\/\/schema.org\",\"@graph\":[{\"@type\":\"WebPage\",\"@id\":\"https:\/\/gaudiumetspes-blog.pl\/index.php\/2019\/08\/11\/w-drodze-do-ziemi-obiecanej\/\",\"url\":\"https:\/\/gaudiumetspes-blog.pl\/index.php\/2019\/08\/11\/w-drodze-do-ziemi-obiecanej\/\",\"name\":\"W drodze do Ziemi Obiecanej... - Gaudium Et Spes\",\"isPartOf\":{\"@id\":\"https:\/\/gaudiumetspes-blog.pl\/#website\"},\"datePublished\":\"2019-08-11T03:53:48+00:00\",\"author\":{\"@id\":\"https:\/\/gaudiumetspes-blog.pl\/#\/schema\/person\/1661982992b752dea8dff0d4ed845a65\"},\"breadcrumb\":{\"@id\":\"https:\/\/gaudiumetspes-blog.pl\/index.php\/2019\/08\/11\/w-drodze-do-ziemi-obiecanej\/#breadcrumb\"},\"inLanguage\":\"pl-PL\",\"potentialAction\":[{\"@type\":\"ReadAction\",\"target\":[\"https:\/\/gaudiumetspes-blog.pl\/index.php\/2019\/08\/11\/w-drodze-do-ziemi-obiecanej\/\"]}]},{\"@type\":\"BreadcrumbList\",\"@id\":\"https:\/\/gaudiumetspes-blog.pl\/index.php\/2019\/08\/11\/w-drodze-do-ziemi-obiecanej\/#breadcrumb\",\"itemListElement\":[{\"@type\":\"ListItem\",\"position\":1,\"name\":\"Strona g\u0142\u00f3wna\",\"item\":\"https:\/\/gaudiumetspes-blog.pl\/\"},{\"@type\":\"ListItem\",\"position\":2,\"name\":\"W&nbsp;drodze do&nbsp;Ziemi Obiecanej&#8230;\"}]},{\"@type\":\"WebSite\",\"@id\":\"https:\/\/gaudiumetspes-blog.pl\/#website\",\"url\":\"https:\/\/gaudiumetspes-blog.pl\/\",\"name\":\"Gaudium Et Spes\",\"description\":\"Blog Ks. Jacka Ja\u015bkowskiego\",\"potentialAction\":[{\"@type\":\"SearchAction\",\"target\":{\"@type\":\"EntryPoint\",\"urlTemplate\":\"https:\/\/gaudiumetspes-blog.pl\/?s={search_term_string}\"},\"query-input\":{\"@type\":\"PropertyValueSpecification\",\"valueRequired\":true,\"valueName\":\"search_term_string\"}}],\"inLanguage\":\"pl-PL\"},{\"@type\":\"Person\",\"@id\":\"https:\/\/gaudiumetspes-blog.pl\/#\/schema\/person\/1661982992b752dea8dff0d4ed845a65\",\"name\":\"Ks. Jacek\",\"image\":{\"@type\":\"ImageObject\",\"inLanguage\":\"pl-PL\",\"@id\":\"https:\/\/gaudiumetspes-blog.pl\/#\/schema\/person\/image\/\",\"url\":\"https:\/\/gaudiumetspes-blog.pl\/wp-content\/uploads\/2019\/07\/avatar-JJ-150x150.jpg\",\"contentUrl\":\"https:\/\/gaudiumetspes-blog.pl\/wp-content\/uploads\/2019\/07\/avatar-JJ-150x150.jpg\",\"caption\":\"Ks. Jacek\"},\"description\":\"Witam serdecznie! K\u0142ania si\u0119 Ks. Jacek Ja\u015bkowski. Nie jestem ani kim\u015b wa\u017cnym, ani kim\u015b znanym. Jestem ksi\u0119dzem, kt\u00f3ry po prostu chce rozmawia\u0107. Codzienna kap\u0142a\u0144ska pos\u0142uga pokazuje mi, \u017ce temat\u00f3w do rozm\u00f3w z ksi\u0119dzem jest coraz wi\u0119cej i dzisiaj \u017caden ksi\u0105dz nie mo\u017ce od nich ucieka\u0107, ale - wprost przeciwnie - podejmowa\u0107 nowe wyzwania. To przekonanie sk\u0142oni\u0142o mnie do pr\u00f3by otwarcia tego\u017c bloga, chocia\u017c okazji do rozm\u00f3w na co dzie\u0144 - w konfesjonale i poza nim - na szcz\u0119\u015bcie nie brakuje. My\u015bl\u0119 jednak, \u017ce ten blog b\u0119dzie jeszcze jednym sposobem i przestrzeni\u0105 nawi\u0105zania kontaktu z lud\u017ami dobrej woli, otwartymi na dialog.\",\"url\":\"https:\/\/gaudiumetspes-blog.pl\/index.php\/author\/ks-jacek\/\"}]}<\/script>\n<!-- \/ Yoast SEO plugin. -->","yoast_head_json":{"title":"W drodze do Ziemi Obiecanej... - Gaudium Et Spes","robots":{"index":"index","follow":"follow","max-snippet":"max-snippet:-1","max-image-preview":"max-image-preview:large","max-video-preview":"max-video-preview:-1"},"canonical":"https:\/\/gaudiumetspes-blog.pl\/index.php\/2019\/08\/11\/w-drodze-do-ziemi-obiecanej\/","og_locale":"pl_PL","og_type":"article","og_title":"W drodze do Ziemi Obiecanej... - Gaudium Et Spes","og_description":"Niech b\u0119dzie pochwalony Jezus Chrystus! Moi Drodzy, w dniu dzisiejszym urodziny prze\u017cywa Rafa\u0142 Szewczak, za moich czas\u00f3w \u2013 Lektor w mojej pierwszej Parafii, w Radory\u017cu Ko\u015bcielnym, a obecnie M\u0105\u017c i Ojciec Rodziny, mieszkaj\u0105cy (oczywi\u015bcie, wraz z Rodzin\u0105) w Warszawie. Urodziny prze\u017cywa tak\u017ce Jakub Biernacki, zaanga\u017cowany w swoim czasie do Wsp\u00f3lnoty m\u0142odzie\u017cowej w Tr\u0105bkach. Obu Jubilatom [&hellip;]","og_url":"https:\/\/gaudiumetspes-blog.pl\/index.php\/2019\/08\/11\/w-drodze-do-ziemi-obiecanej\/","og_site_name":"Gaudium Et Spes","article_published_time":"2019-08-11T03:53:48+00:00","author":"Ks. Jacek","twitter_card":"summary_large_image","twitter_misc":{"Napisane przez":"Ks. Jacek","Szacowany czas czytania":"14 minut"},"schema":{"@context":"https:\/\/schema.org","@graph":[{"@type":"WebPage","@id":"https:\/\/gaudiumetspes-blog.pl\/index.php\/2019\/08\/11\/w-drodze-do-ziemi-obiecanej\/","url":"https:\/\/gaudiumetspes-blog.pl\/index.php\/2019\/08\/11\/w-drodze-do-ziemi-obiecanej\/","name":"W drodze do Ziemi Obiecanej... - Gaudium Et Spes","isPartOf":{"@id":"https:\/\/gaudiumetspes-blog.pl\/#website"},"datePublished":"2019-08-11T03:53:48+00:00","author":{"@id":"https:\/\/gaudiumetspes-blog.pl\/#\/schema\/person\/1661982992b752dea8dff0d4ed845a65"},"breadcrumb":{"@id":"https:\/\/gaudiumetspes-blog.pl\/index.php\/2019\/08\/11\/w-drodze-do-ziemi-obiecanej\/#breadcrumb"},"inLanguage":"pl-PL","potentialAction":[{"@type":"ReadAction","target":["https:\/\/gaudiumetspes-blog.pl\/index.php\/2019\/08\/11\/w-drodze-do-ziemi-obiecanej\/"]}]},{"@type":"BreadcrumbList","@id":"https:\/\/gaudiumetspes-blog.pl\/index.php\/2019\/08\/11\/w-drodze-do-ziemi-obiecanej\/#breadcrumb","itemListElement":[{"@type":"ListItem","position":1,"name":"Strona g\u0142\u00f3wna","item":"https:\/\/gaudiumetspes-blog.pl\/"},{"@type":"ListItem","position":2,"name":"W&nbsp;drodze do&nbsp;Ziemi Obiecanej&#8230;"}]},{"@type":"WebSite","@id":"https:\/\/gaudiumetspes-blog.pl\/#website","url":"https:\/\/gaudiumetspes-blog.pl\/","name":"Gaudium Et Spes","description":"Blog Ks. Jacka Ja\u015bkowskiego","potentialAction":[{"@type":"SearchAction","target":{"@type":"EntryPoint","urlTemplate":"https:\/\/gaudiumetspes-blog.pl\/?s={search_term_string}"},"query-input":{"@type":"PropertyValueSpecification","valueRequired":true,"valueName":"search_term_string"}}],"inLanguage":"pl-PL"},{"@type":"Person","@id":"https:\/\/gaudiumetspes-blog.pl\/#\/schema\/person\/1661982992b752dea8dff0d4ed845a65","name":"Ks. Jacek","image":{"@type":"ImageObject","inLanguage":"pl-PL","@id":"https:\/\/gaudiumetspes-blog.pl\/#\/schema\/person\/image\/","url":"https:\/\/gaudiumetspes-blog.pl\/wp-content\/uploads\/2019\/07\/avatar-JJ-150x150.jpg","contentUrl":"https:\/\/gaudiumetspes-blog.pl\/wp-content\/uploads\/2019\/07\/avatar-JJ-150x150.jpg","caption":"Ks. Jacek"},"description":"Witam serdecznie! K\u0142ania si\u0119 Ks. Jacek Ja\u015bkowski. Nie jestem ani kim\u015b wa\u017cnym, ani kim\u015b znanym. Jestem ksi\u0119dzem, kt\u00f3ry po prostu chce rozmawia\u0107. Codzienna kap\u0142a\u0144ska pos\u0142uga pokazuje mi, \u017ce temat\u00f3w do rozm\u00f3w z ksi\u0119dzem jest coraz wi\u0119cej i dzisiaj \u017caden ksi\u0105dz nie mo\u017ce od nich ucieka\u0107, ale - wprost przeciwnie - podejmowa\u0107 nowe wyzwania. To przekonanie sk\u0142oni\u0142o mnie do pr\u00f3by otwarcia tego\u017c bloga, chocia\u017c okazji do rozm\u00f3w na co dzie\u0144 - w konfesjonale i poza nim - na szcz\u0119\u015bcie nie brakuje. My\u015bl\u0119 jednak, \u017ce ten blog b\u0119dzie jeszcze jednym sposobem i przestrzeni\u0105 nawi\u0105zania kontaktu z lud\u017ami dobrej woli, otwartymi na dialog.","url":"https:\/\/gaudiumetspes-blog.pl\/index.php\/author\/ks-jacek\/"}]}},"jetpack_featured_media_url":"","jetpack_sharing_enabled":true,"_links":{"self":[{"href":"https:\/\/gaudiumetspes-blog.pl\/index.php\/wp-json\/wp\/v2\/posts\/15567","targetHints":{"allow":["GET"]}}],"collection":[{"href":"https:\/\/gaudiumetspes-blog.pl\/index.php\/wp-json\/wp\/v2\/posts"}],"about":[{"href":"https:\/\/gaudiumetspes-blog.pl\/index.php\/wp-json\/wp\/v2\/types\/post"}],"author":[{"embeddable":true,"href":"https:\/\/gaudiumetspes-blog.pl\/index.php\/wp-json\/wp\/v2\/users\/1"}],"replies":[{"embeddable":true,"href":"https:\/\/gaudiumetspes-blog.pl\/index.php\/wp-json\/wp\/v2\/comments?post=15567"}],"version-history":[{"count":1,"href":"https:\/\/gaudiumetspes-blog.pl\/index.php\/wp-json\/wp\/v2\/posts\/15567\/revisions"}],"predecessor-version":[{"id":15568,"href":"https:\/\/gaudiumetspes-blog.pl\/index.php\/wp-json\/wp\/v2\/posts\/15567\/revisions\/15568"}],"wp:attachment":[{"href":"https:\/\/gaudiumetspes-blog.pl\/index.php\/wp-json\/wp\/v2\/media?parent=15567"}],"wp:term":[{"taxonomy":"category","embeddable":true,"href":"https:\/\/gaudiumetspes-blog.pl\/index.php\/wp-json\/wp\/v2\/categories?post=15567"},{"taxonomy":"post_tag","embeddable":true,"href":"https:\/\/gaudiumetspes-blog.pl\/index.php\/wp-json\/wp\/v2\/tags?post=15567"}],"curies":[{"name":"wp","href":"https:\/\/api.w.org\/{rel}","templated":true}]}}