{"id":15652,"date":"2019-08-18T06:37:58","date_gmt":"2019-08-18T04:37:58","guid":{"rendered":"https:\/\/gaudiumetspes-blog.pl\/?p=15652"},"modified":"2019-08-18T06:37:58","modified_gmt":"2019-08-18T04:37:58","slug":"musimy-od-siebie-wymagac","status":"publish","type":"post","link":"https:\/\/gaudiumetspes-blog.pl\/index.php\/2019\/08\/18\/musimy-od-siebie-wymagac\/","title":{"rendered":"Musimy od siebie wymaga\u0107!"},"content":{"rendered":"<p align=\"justify\"><span style=\"color: #000000;\"><span style=\"font-family: Book Antiqua, serif;\"><span style=\"font-size: large;\">Niech b\u0119dzie pochwalony Jezus Chrystus! Moi Drodzy, bardzo serdecznie dzi\u0119kuj\u0119 za \u017cyczenia, wyrazy \u017cyczliwo\u015bci i wsparcia, a przede wszystkim \u2013 za modlitw\u0119 i obietnic\u0119 modlitwy, jakie w tych dniach, a szczeg\u00f3lnie wczoraj, dotar\u0142y do mnie: na blogu, \u201ena \u017cywo\u201d, przez telefon, mailem, czy jakkolwiek inaczej. Dzi\u0119kuj\u0119 \u2013 i, jak zawsze, zapewniam, \u017ce w najbli\u017cszych dniach b\u0119d\u0119 sprawowa\u0142 Msz\u0119 \u015awi\u0119t\u0105 w intencji wszystkich, kt\u00f3rzy mi dobrze \u017cycz\u0105! Ale i w codziennej modlitwie ju\u017c t\u0119 dobro\u0107 odwdzi\u0119czam \u2013 i b\u0119d\u0119 to czyni\u0142. Niech m\u00f3j Patron wyprasza nam wszystkim moc Bo\u017cego b\u0142ogos\u0142awie\u0144stwa!<\/span><\/span><\/span><\/p>\n<p align=\"justify\"><span style=\"color: #000000;\"><span style=\"font-family: Book Antiqua, serif;\"><span style=\"font-size: large;\">Niech to b\u0142ogos\u0142awie\u0144stwo towarzyszy nam w prze\u017cywaniu dzisiejszego Dnia Pa\u0144skiego: <b>Niech Was b\u0142ogos\u0142awi B\u00f3g Wszechmog\u0105cy: Ojciec + i Syn, i Duch \u015awi\u0119ty. Amen<\/b><\/span><\/span><\/span><\/p>\n<p align=\"center\"><span style=\"color: #000000;\"><span style=\"font-family: Book Antiqua, serif;\"><span style=\"font-size: large;\">Gaudium et spes! Ks. Jacek<\/span><\/span><\/span><\/p>\n<p align=\"center\">\n<p align=\"center\">\n<p align=\"center\">\n<p align=\"center\">\n<p align=\"center\">\n<p align=\"justify\"><span style=\"color: #000000;\"><span style=\"font-family: Book Antiqua, serif;\"><span style=\"font-size: large;\"><b>20 Niedziela zwyk\u0142a, C,<\/b><\/span><\/span><\/span><\/p>\n<p align=\"justify\"><span style=\"color: #000000;\"><span style=\"font-family: Book Antiqua, serif;\"><span style=\"font-size: large;\"><b>do czyta\u0144:<\/b> <b>Jr 38,4\u20136.8\u201310;<\/b> <b>Hbr 12,1\u20134; <\/b> <b>\u0141k 12,49\u201353<\/b> <\/span><\/span><\/span><\/p>\n<p align=\"justify\">\n<p align=\"justify\">\n<p align=\"justify\">\n<p align=\"justify\">\n<p align=\"justify\">\n<p align=\"justify\"><span style=\"color: #000000;\"><span style=\"font-family: Book Antiqua, serif;\"><span style=\"font-size: large;\"><b>CZYTANIE Z KSI\u0118GI PROROKA JEREMIASZA:<\/b><\/span><\/span><\/span><\/p>\n<p align=\"justify\"><span style=\"color: #000000;\"><span style=\"font-family: Book Antiqua, serif;\"><span style=\"font-size: large;\"><b>W czasie obl\u0119\u017cenia Jerozolimy przyw\u00f3dcy, kt\u00f3rzy trzymali Jeremiasza w wi\u0119zieniu, powiedzieli do kr\u00f3la: \u201eNiech umrze ten cz\u0142owiek, bo naprawd\u0119 obezw\u0142adnia on r\u0119ce \u017co\u0142nierzy, kt\u00f3rzy pozostali w tym mie\u015bcie, i r\u0119ce ca\u0142ego ludu, gdy m\u00f3wi do nich podobne s\u0142owa. Cz\u0142owiek ten nie szuka przecie\u017c pomy\u015blno\u015bci dla tego ludu, lecz nieszcz\u0119\u015bcia!\u201d<\/b><\/span><\/span><\/span><\/p>\n<p align=\"justify\"><span style=\"color: #000000;\"><span style=\"font-family: Book Antiqua, serif;\"><span style=\"font-size: large;\"><b>Kr\u00f3l Sedecjasz odrzek\u0142: \u201eOto jest w waszych r\u0119kach!\u201d Nie m\u00f3g\u0142 bowiem kr\u00f3l nic uczyni\u0107 przeciw nim. Wzi\u0119li wi\u0119c Jeremiasza i wtr\u0105cili go, spuszczaj\u0105c na linach, do cysterny Malkiasza, syna kr\u00f3lewskiego, kt\u00f3ra si\u0119 znajdowa\u0142a na dziedzi\u0144cu wartowni. W cysternie za\u015b nie by\u0142o wody, lecz b\u0142oto; zanurzy\u0142 si\u0119 wi\u0119c Jeremiasz w b\u0142ocie.<\/b><\/span><\/span><\/span><\/p>\n<p align=\"justify\"><span style=\"color: #000000;\"><span style=\"font-family: Book Antiqua, serif;\"><span style=\"font-size: large;\"><b>Ebedmelek wyszed\u0142 z domu kr\u00f3lewskiego i rzek\u0142 do kr\u00f3la: \u201ePanie m\u00f3j, kr\u00f3lu! Ci ludzie post\u0105pili \u017ale we wszystkim, co uczynili prorokowi Jeremiaszowi, wrzucaj\u0105c go do cysterny. Przecie\u017c umrze z g\u0142odu w tym miejscu, zw\u0142aszcza \u017ce nie ma ju\u017c chleba w mie\u015bcie!\u201d<\/b><\/span><\/span><\/span><\/p>\n<p align=\"justify\"><span style=\"color: #000000;\"><span style=\"font-family: Book Antiqua, serif;\"><span style=\"font-size: large;\"><b>Rozkaza\u0142 kr\u00f3l Kuszycie Ebedmelekowi: \u201eWe\u017a sobie st\u0105d trzech ludzi i wyci\u0105gnij proroka Jeremiasza z cysterny, zanim umrze!\u201d<\/b><\/span><\/span><\/span><\/p>\n<p align=\"justify\">\n<p align=\"justify\">\n<p align=\"justify\">\n<p align=\"justify\">\n<p align=\"justify\">\n<p align=\"justify\"><span style=\"color: #000000;\"><span style=\"font-family: Book Antiqua, serif;\"><span style=\"font-size: large;\"><b>CZYTANIE Z LISTU DO HEBRAJCZYK\u00d3W:<\/b><\/span><\/span><\/span><\/p>\n<p align=\"justify\"><span style=\"color: #000000;\"><span style=\"font-family: Book Antiqua, serif;\"><span style=\"font-size: large;\"><b>Bracia: Maj\u0105c doko\u0142a siebie takie mn\u00f3stwo \u015bwiadk\u00f3w, od\u0142o\u017cywszy wszelki ci\u0119\u017car, a przede wszystkim grzech, kt\u00f3ry nas \u0142atwo zwodzi, winni\u015bmy wytrwale biec w wyznaczonych nam zawodach. Patrzmy na Jezusa, kt\u00f3ry nam w wierze przewodzi i j\u0105 wydoskonala. On to zamiast rado\u015bci, kt\u00f3r\u0105 Mu obiecywano, przecierpia\u0142 krzy\u017c, nie bacz\u0105c na jego ha\u0144b\u0119, i zasiad\u0142 po prawicy tronu Boga.<\/b><\/span><\/span><\/span><\/p>\n<p align=\"justify\"><span style=\"color: #000000;\"><span style=\"font-family: Book Antiqua, serif;\"><span style=\"font-size: large;\"><b>Zastanawiajcie si\u0119 wi\u0119c nad Tym, kt\u00f3ry ze strony grzesznik\u00f3w tak\u0105 wielk\u0105 wycierpia\u0142 wrogo\u015b\u0107 przeciw sobie, aby\u015bcie nie ustawali, z\u0142amani na duchu. Jeszcze nie opierali\u015bcie si\u0119 a\u017c do przelewu krwi, walcz\u0105c przeciw grzechowi.<\/b><\/span><\/span><\/span><\/p>\n<p align=\"justify\">\n<p align=\"justify\">\n<p align=\"justify\">\n<p align=\"justify\">\n<p align=\"justify\">\n<p align=\"justify\"><span style=\"color: #000000;\"><span style=\"font-family: Book Antiqua, serif;\"><span style=\"font-size: large;\"><b>S\u0141OWA EWANGELII WED\u0141UG \u015aWI\u0118TEGO \u0141UKASZA:<\/b><\/span><\/span><\/span><\/p>\n<p align=\"justify\"><span style=\"color: #000000;\"><span style=\"font-family: Book Antiqua, serif;\"><span style=\"font-size: large;\"><b>Jezus powiedzia\u0142 do swoich uczni\u00f3w: \u201ePrzyszed\u0142em rzuci\u0107 ogie\u0144 na ziemi\u0119 i jak\u017ce bardzo pragn\u0119, \u017ceby on ju\u017c zap\u0142on\u0105\u0142! Chrzest mam przyj\u0105\u0107 i jakiej doznaj\u0119 udr\u0119ki, a\u017c si\u0119 to stanie.<\/b><\/span><\/span><\/span><\/p>\n<p align=\"justify\"><span style=\"color: #000000;\"><span style=\"font-family: Book Antiqua, serif;\"><span style=\"font-size: large;\"><b>Czy my\u015blicie, \u017ce przyszed\u0142em da\u0107 ziemi pok\u00f3j? Nie, powiadam wam, lecz roz\u0142am. Odt\u0105d bowiem pi\u0119cioro b\u0119dzie rozdwojonych w jednym domu: troje stanie przeciw dwojgu, a dwoje przeciw trojgu; ojciec przeciw synowi, a syn przeciw ojcu; matka przeciw c\u00f3rce, a c\u00f3rka przeciw matce; te\u015bciowa przeciw synowej, a synowa przeciw te\u015bciowej\u201d.<\/b><\/span><\/span><\/span><\/p>\n<p align=\"justify\">\n<p align=\"justify\">\n<p align=\"justify\">\n<p align=\"justify\">\n<p align=\"justify\">\n<p align=\"justify\"><span style=\"color: #000000;\"><span style=\"font-family: Book Antiqua, serif;\"><span style=\"font-size: large;\">S\u0142owa Jezusa, zawarte w dzisiejszej Ewangelii, <b>mo\u017ce nas wr\u0119cz zaskakuj\u0105, <\/b>bo oto Ten, kt\u00f3rego zwykli\u015bmy nazywa\u0107 Ksi\u0119ciem pokoju, kt\u00f3rego zwykli\u015bmy nazywa\u0107 uosobion\u0105 mi\u0142o\u015bci\u0105, nagle \u2013 niespodziewanie \u2013<b> og\u0142asza, \u017ce przyszed\u0142 da\u0107 ziemi roz\u0142am!<\/b> Oto w jednym domu ludzie maj\u0105 by\u0107 sk\u0142\u00f3ceni pomi\u0119dzy sob\u0105: syn przeciw ojcu, matka przeciw c\u00f3rce i odwrotnie. <b>Co chcia\u0142 powiedzie\u0107 Jezus <\/b>i na czym polega ta Jego dziwna obietnica? <\/span><\/span><\/span><\/p>\n<p align=\"justify\"><span style=\"color: #000000;\"><span style=\"font-family: Book Antiqua, serif;\"><span style=\"font-size: large;\">Pewn\u0105 pomoc\u0105 w zrozumieniu tej trudnej kwestii s\u0105 dzisiejsze czytania, pierwsze i drugie, w kt\u00f3rych s\u0142yszymy, \u017ce <b>pe\u0142nienie<\/b> <b>s\u0142u\u017cb<\/b><b>y<\/b><b> Bo\u017c<\/b><b>ej<\/b><b> jest wymagaj\u0105ca, <\/b>\u017ce wymaga pewnej ofiary, \u017ce wymaga nawet tego, aby opowiedzie\u0107 si\u0119 za Bogiem <b>pomimo niezadowolenia ze strony ludzi \u2013<\/b> r\u00f3wnie\u017c tych najbli\u017cszych. <\/span><\/span><\/span><\/p>\n<p align=\"justify\"><span style=\"color: #000000;\"><span style=\"font-family: Book Antiqua, serif;\"><span style=\"font-size: large;\">Oto bowiem Prorok Jeremiasz, za g\u0142oszenie z moc\u0105 i odwag\u0105 Bo\u017cej prawdy, niewygodnej dla s\u0142uchaczy, <b>zosta\u0142 ostatecznie wtr\u0105cony do cysterny pe\u0142nej b\u0142ota. <\/b>Na szcz\u0119\u015bcie \u2013 B\u00f3g pospieszy\u0142 mu z pomoc\u0105 i Prorok rych\u0142o zosta\u0142 uwolniony. Spos\u00f3b jednak, z jakim go potraktowano, \u015bwiadczy dobitnie o tym, \u017ce <b>pe\u0142nienie s\u0142u\u017cby Bo\u017cej, <\/b><b>wype\u0142nianie Bo\u017cej woli,<\/b><b> jest <\/b><b>naprawd\u0119 <\/b><b>wymagaj\u0105ce \u2013 <\/b>i cz\u0119sto wi\u0105\u017ce si\u0119 z prawdziwymi trudno\u015bciami. <\/span><\/span><\/span><\/p>\n<p align=\"justify\"><span style=\"color: #000000;\"><span style=\"font-family: Book Antiqua, serif;\"><span style=\"font-size: large;\">Tak\u017ce sam Jezus \u2013 jak m\u00f3wi w drugim czytaniu Autor Listu do Hebrajczyk\u00f3w <i>\u2013 <\/i><i><b>zamiast rado\u015bci, kt\u00f3r\u0105 mu obiecywano, przecierpia\u0142 krzy\u017c\u2026<\/b><\/i> <\/span><\/span><\/span><\/p>\n<p align=\"justify\"><span style=\"color: #000000;\"><span style=\"font-family: Book Antiqua, serif;\"><span style=\"font-size: large;\">Czy to wszystko, co s\u0142yszymy, a o czym tu sobie m\u00f3wimy, <b>nie zniech\u0119ca nas do <\/b><b>wiary w Boga<\/b><b>, <\/b>do bycia blisko Niego?<b> <\/b>Czy te przeciwno\u015bci, o kt\u00f3rych tak wyra\u017anie m\u00f3wi dzisiejsza liturgia S\u0142owa, nie s\u0105 dla nas jakim\u015b usprawiedliwieniem dla takiego oto nastawienia, \u017ce skoro B\u00f3g tak wiele wymaga, <b>to mo\u017ce jednak nie <\/b><b>warto <\/b><b>wchodzi\u0107 z Nim w <\/b><b>zbyt <\/b><b>bli<\/b><b>skie<\/b><b> kontakty? <\/b><\/span><\/span><\/span><\/p>\n<p align=\"justify\"><span style=\"color: #000000;\"><span style=\"font-family: Book Antiqua, serif;\"><span style=\"font-size: large;\">Dzisiejszy \u015bwiat i ludzie w nim \u017cyj\u0105cy nie lubi\u0105 zbyt du\u017cych wymaga\u0144 \u2013 raczej d\u0105\u017cy si\u0119 do tego, aby wszystko usprawni\u0107, ulepszy\u0107, uczyni\u0107 coraz bardziej wygodnym, \u0142atwym\u2026 Ogromnie du\u017co<b> m\u00f3wi si\u0119 tak\u017ce o pokoju i zgodzie, <\/b>chocia\u017c z tym akurat to naprawd\u0119 bardzo r\u00f3\u017cnie bywa. A Jezus dzisiaj konkretnie m\u00f3wi o wymaganiach, trudno\u015bciach, przeciwno\u015bciach i o roz\u0142amach\u2026 Dlaczego? Czy odpowiedzialno\u015b\u0107 za taki stan rzeczy<b> naprawd\u0119 spoczywa na Jezusie? <\/b><\/span><\/span><\/span><\/p>\n<p align=\"justify\"><span style=\"color: #000000;\"><span style=\"font-family: Book Antiqua, serif;\"><span style=\"font-size: large;\">A mo\u017ce jednak przekonamy si\u0119, \u017ce <b>Jezus w swoim dzia\u0142aniu i w swoim nauczaniu jest niezmienny,<\/b> a tylko ludzie raz tak, a raz inaczej patrz\u0105 na \u015bwiat. I w momencie, kiedy wymagania, stawiane przez Jezusa, zdaj\u0105 si\u0119 by\u0107 <b>tylko <\/b><b>troch\u0119<\/b><b> wi\u0119ksze<\/b> i potrzeba nieco wi\u0119kszego zaanga\u017cowania, od razu pojawia si\u0119 pytanie: Po co mi to wszystko? <b>Co ja z tego mam?<\/b> Co na tym zyskuj\u0119? Czy nie lepiej, \u017cebym mia\u0142 \u015bwi\u0119ty spok\u00f3j? Okazuje si\u0119 bowiem, \u017ce to wszystko, co ma jak\u0105kolwiek warto\u015b\u0107, a ju\u017c na pewno to wszystko, <b>co ma warto\u015b\u0107 znacz\u0105c\u0105 \u2013 musi kosztowa\u0107!<\/b> <\/span><\/span><\/span><\/p>\n<p align=\"justify\"><span style=\"color: #000000;\"><span style=\"font-family: Book Antiqua, serif;\"><span style=\"font-size: large;\">A wi\u0119c \u2013 co jest lepszym rozwi\u0105zaniem: nie przem\u0119cza\u0107 si\u0119 i niczego nie osi\u0105gn\u0105\u0107, czy te\u017c do\u0142o\u017cy\u0107 stara\u0144, ponie\u015b\u0107 pewne trudno\u015bci, <b>ale osi\u0105gn\u0105\u0107 co\u015b znacz\u0105cego, warto\u015bciowego? <\/b>Najwi\u0119ksz\u0105 warto\u015bci\u0105, do jakiej my, chrze\u015bcijanie, d\u0105\u017cymy \u2013 <b>jest zbawienie, jest <\/b><b>pe\u0142ne zjednoczenie z Bogiem.<\/b> Jest to ogromnie znacz\u0105ca warto\u015b\u0107 \u2013 najwi\u0119ksza z mo\u017cliwych! \u2013 dlatego nie mo\u017ce si\u0119 oby\u0107 bez pewnych koszt\u00f3w. <\/span><\/span><\/span><\/p>\n<p align=\"justify\"><span style=\"color: #000000;\"><span style=\"font-family: Book Antiqua, serif;\"><span style=\"font-size: large;\">Przede wszystkim \u2013 wymaga od nas zaanga\u017cowania i starania. Trzeba si\u0119 troch\u0119 napracowa\u0107, \u017ceby <b>wej\u015b\u0107 w bezpo\u015bredni\u0105 blisko\u015b\u0107 Boga.<\/b> Trzeba do\u0142o\u017cy\u0107 nieco stara\u0144, \u017ceby sprosta\u0107 oczekiwaniom Jezusa wobec nas. Trzeba nawet <b>mocniej postawi\u0107 \u201ena swoim\u201d,<\/b> aby obroni\u0107 pewne warto\u015bci, aby jasno pokaza\u0107 innym, \u017ce na czym\u015b nam zale\u017cy<b> i tak \u0142atwo <\/b><b>z Jezusa i Jego zasad <\/b><b>nie zrezygnujemy!<\/b><\/span><\/span><\/span><\/p>\n<p align=\"justify\"><span style=\"color: #000000;\"><span style=\"font-family: Book Antiqua, serif;\"><span style=\"font-size: large;\">To, naturalnie, wszystkim podoba\u0107 si\u0119 nie mo\u017ce, tote\u017c musi do\u015b\u0107 do pewnych nieporozumie\u0144 \u2013 <b>nawet w\u015br\u00f3d najbli\u017cszych.<\/b> Ale nie mo\u017cna zrezygnowa\u0107 z Jezusa i Jego zasad \u2013 tylko po to, aby si\u0119 komu\u015b przypodoba\u0107. <\/span><\/span><\/span><\/p>\n<p align=\"justify\"><span style=\"color: #000000;\"><span style=\"font-family: Book Antiqua, serif;\"><span style=\"font-size: large;\">Jezus Chrystus \u2013 to trzeba przyzna\u0107 \u2013 jest wymagaj\u0105cy i trwanie w blisko\u015bci z Nim kosztuje. Ale <b>ile rado\u015bci daje,<\/b> to najlepiej wiedz\u0105 ci, kt\u00f3rzy wracaj\u0105 po latach b\u0142\u0105dzenia po bezdro\u017cach grzechu. Ci, kt\u00f3rym dana zosta\u0142a \u0142aska nawr\u00f3cenia, <b>do\u015bwiadczaj\u0105 niezwyk\u0142ej rado\u015bci spotkania! <\/b>Tak\u017ce ci, kt\u00f3rzy codziennie, przez modlitw\u0119 i prac\u0119 nad sob\u0105, pog\u0142\u0119biaj\u0105 sw\u0105 blisko\u015b\u0107 z Jezusem, <b>prze\u017cywaj\u0105 wielk\u0105 <\/b><b>wewn\u0119trzn\u0105 rado\u015b\u0107 z tego powodu.<\/b><\/span><\/span><\/span><\/p>\n<p align=\"justify\"><span style=\"color: #000000;\"><span style=\"font-family: Book Antiqua, serif;\"><span style=\"font-size: large;\">Rado\u015b\u0107, kt\u00f3ra nie jest tylko przelotnym zachwytem, ale trwa\u0142\u0105 warto\u015bci\u0105, trwa\u0142ym pokojem serca, tak\u017ce: spokojem sumienia. A je\u017celi kto\u015b nie odczuwa tej blisko\u015bci, je\u017celi kto\u015b twierdzi, <b>\u017ce wiara mu nic nie daje,<\/b> to mo\u017ce w\u0142a\u015bnie dlatego, <b>\u017ce nie stawia sobie wymaga\u0144!<\/b> Mo\u017ce nastawi\u0142 si\u0119 na wiar\u0119, kt\u00f3ra nic nie kosztuje, kt\u00f3ra nie wymaga po\u015bwi\u0119cenia, zaanga\u017cowania; kt\u00f3ra jest warto\u015bci\u0105 zaspokajaj\u0105c\u0105 tylko prywatne zachcianki: <b>\u201ePanie Bo\u017ce, skoro ja wierz\u0119 w Ciebie, to czemu nie dajesz mi tego, na co <\/b><b>aktualnie <\/b><b>mam ochot\u0119?\u201d <\/b><\/span><\/span><\/span><\/p>\n<p align=\"justify\"><span style=\"color: #000000;\"><span style=\"font-family: Book Antiqua, serif;\"><span style=\"font-size: large;\">I je\u017celi kto\u015b twierdzi, \u017ce jedno\u015b\u0107 z Bogiem wci\u0105\u017c jest dla niego czym\u015b odleg\u0142ym, czym\u015b nierealnym, to mo\u017ce dlatego, \u017ce jeszcze ci\u0105gle boi si\u0119 konkretnego postawienia sprawy, mo\u017ce jeszcze ci\u0105gle <b>boi si\u0119 o ludzkie zdanie i ludzk\u0105 opini\u0119,<\/b> ci\u0105gle boi si\u0119 o ludzkie wzgl\u0119dy i nie sta\u0107 go na to, aby <b>opowiedzie\u0107 si\u0119 za <\/b><b>Jezusem<\/b><b> i za wiar\u0105,<\/b> gdy\u017c mo\u017ce si\u0119 to nie spodoba\u0107 jego otoczeniu, a zw\u0142aszcza \u2013 wp\u0142ywowym osobom z tego otoczenia. <\/span><\/span><\/span><\/p>\n<p align=\"justify\"><span style=\"color: #000000;\"><span style=\"font-family: Book Antiqua, serif;\"><span style=\"font-size: large;\">Nic dziwnego, <b>\u017ce wiara, stawiana na kt\u00f3rym\u015b z kolei miejscu <\/b><b>w \u017cyciu<\/b><b>,<\/b> nie daje poczucia blisko\u015bci Boga, nie daje poczucia sensu w \u017cyciu, nie daje wewn\u0119trznego zadowolenia, wewn\u0119trznego uspokojenia \u2013 taka wiara jest po prostu ci\u0105g\u0142ym niespe\u0142nieniem. Naprawd\u0119 \u2013 trzeba to sobie jasno u\u015bwiadomi\u0107 \u2013 <b>musimy od siebie wymaga\u0107!<\/b> <b>Musimy od siebie wymaga\u0107, nawet gdyby inni od nas nie wymagali \u2013 <\/b>jak nas zach\u0119ca\u0142 Jan Pawe\u0142 II. <\/span><\/span><\/span><\/p>\n<p align=\"justify\"><span style=\"color: #000000;\"><span style=\"font-family: Book Antiqua, serif;\"><span style=\"font-size: large;\">Nie ma innej drogi, nie ma innej mo\u017cliwo\u015bci zbli\u017cenia do Jezusa, jak podj\u0119cie okre\u015blonych wymaga\u0144<b>. Wiara, kt\u00f3ra nic nie kosztuje, nie jest <\/b><b>ani <\/b><b>autentyczna, <\/b><b>ani<\/b><b> trwa\u0142a!<\/b> Dlatego musimy od siebie wymaga\u0107. Tak\u017ce: wymaga\u0107 od siebie nawzajem. <\/span><\/span><\/span><\/p>\n<p align=\"justify\"><span style=\"color: #000000;\"><span style=\"font-family: Book Antiqua, serif;\"><span style=\"font-size: large;\"><b>Rodzice i nauczyciele<\/b> musz\u0105 wymaga\u0107 od m\u0142odych ludzi okre\u015blonej postawy i w\u0142a\u015bciwego zachowania, ale najpierw \u2013 tego samego musz\u0105 wymaga\u0107 od siebie. <b>M\u0105dre wymagania,<\/b> poparte dobrym przyk\u0142adem, szczer\u0105 mi\u0142o\u015bci\u0105 i modlitw\u0105, z pewno\u015bci\u0105 odnios\u0105 w\u0142a\u015bciwy skutek. Nawet, je\u015bli nie od razu, to z czasem.<\/span><\/span><\/span><\/p>\n<p align=\"justify\"><span style=\"color: #000000;\"><span style=\"font-family: Book Antiqua, serif;\"><span style=\"font-size: large;\"><b>I nie jest prawd\u0105, \u017ce m\u0142odzie\u017c dzisiaj boi si\u0119 wymaga\u0144!<\/b> Oto zako\u0144czy\u0142a si\u0119 kolejna ju\u017c<b> Piesz<\/b><b>a<\/b><b> Pielgrzymk<\/b><b>a<\/b><b> Podlask<\/b><b>a<\/b> <b>na Jasn\u0105 G\u00f3r\u0119.<\/b> Bez cienia przesady mo\u017cemy stwierdzi\u0107, \u017ce nasza Pielgrzymka jest <b>jedn\u0105 z bardziej wymagaj\u0105cych polskich Pielgrzymek, <\/b>gdy idzie o zasady i regulamin: od naszych P\u0105tnik\u00f3w wymaga si\u0119 ci\u0105gle <b>odpowiedniego stroju<\/b>, <b>odpowiednie<\/b><b>go <\/b><b>zachowania,<\/b> a wi\u0119c skupienia na modlitwie; przestrzegania zasady, \u017ce Pielgrzymowi ze strony napotkanych ludzi <b>nic si\u0119 nie nale\u017cy,<\/b> \u017ce wszystko otrzymuje z ich dobroci i nie mo\u017ce niczego si\u0119 domaga\u0107\u2026 Wymaga si\u0119 tak\u017ce <b>zachowania punktualno\u015bci, wysokiej kultury osobistej.<\/b> <\/span><\/span><\/span><\/p>\n<p align=\"justify\"><span style=\"color: #000000;\"><span style=\"font-family: Book Antiqua, serif;\"><span style=\"font-size: large;\">I \u2013 moi Drodzy \u2013 z ca\u0142\u0105 odpowiedzialno\u015bci\u0105 mo\u017cemy stwierdzi\u0107, \u017ce du\u017ca cz\u0119\u015b\u0107 M\u0142odzie\u017cy, uczestnicz\u0105cej w naszej Pielgrzymce,<b> podejmuje te wymagania i dobrze je wype\u0142nia!<\/b> A kiedy z r\u00f3\u017cnych stron \u2013 na przestrzeni lat \u2013 pojawia\u0142y si\u0119 propozycje, by mo\u017ce jednak te wymagania zmniejszy\u0107, to po dok\u0142adniejszej refleksji zawsze zwyci\u0119\u017ca\u0142o przekonanie, <b>\u017ce jednak \u2013 nie! <\/b>Bo nasza M\u0142odzie\u017c jest w stanie im sprosta\u0107; jest w stanie sprosta\u0107 wymaganiom naprawd\u0119 wysokim, o ile tylko s\u0105 one m\u0105dre i wynikaj\u0105 ze<b> szczerej wobec nich mi\u0142o\u015bci.<\/b> I \u2013 z ca\u0142\u0105 pewno\u015bci\u0105 \u2013 kiedy s\u0105 poparte w\u0142asnym, dobrym przyk\u0142adem.<\/span><\/span><\/span><\/p>\n<p align=\"justify\"><span style=\"color: #000000;\"><span style=\"font-family: Book Antiqua, serif;\"><span style=\"font-size: large;\">Dlatego, moi Drodzy, <b>nie b\u00f3jmy si\u0119 stawia\u0107 sobie nawzajem <\/b><b>wysokich <\/b><b>wymaga\u0144!<\/b> Najpierw, oczywi\u015bcie, sobie samym, a potem \u2013 tym, za kt\u00f3rych jeste\u015bmy odpowiedzialni. My, kt\u00f3rzy ju\u017c sko\u0144czyli\u015bmy nauk\u0119 w szkole, cz\u0119sto przekonujemy si\u0119, \u017ce najlepiej i najserdeczniej <b>wspominamy tych nauczycieli, kt\u00f3rzy od nas m\u0105drze i konsekwentnie wymagali. <\/b>I tak jest dzisiaj. <\/span><\/span><\/span><\/p>\n<p align=\"justify\"><span style=\"color: #000000;\"><span style=\"font-family: Book Antiqua, serif;\"><span style=\"font-size: large;\">Wcale nie jest prawd\u0105, \u017ce m\u0142ody cz\u0142owiek nastawiony jest tylko na \u0142atwizn\u0119 i tak zwany luz. To jest dobre \u2013 ale do czasu. Styl, jaki dzisiaj proponuje internet i telewizja, daje chwilowe tylko zadowolenie. <b>Tak zwany \u201eluz\u201d i zasada: \u201e<\/b><b>R<\/b><b>\u00f3bta, co chceta\u201d \u2013 owszem \u2013 na kr\u00f3tki czas daje poczucie wyzwolenia i niezale\u017cno\u015bci.<\/b> Tyle tylko, \u017ce szybko wp\u0119dza w r\u00f3\u017cne uzale\u017cnienia i na\u0142ogi, a po pewnym czasie okazuje si\u0119, \u017ce to naprawd\u0119 nie o to chodzi.<\/span><\/span><\/span><\/p>\n<p align=\"justify\"><span style=\"color: #000000;\"><span style=\"font-family: Book Antiqua, serif;\"><span style=\"font-size: large;\">Nie b\u00f3jmy si\u0119 zatem podj\u0105\u0107 wymaga\u0144, kt\u00f3re stawia nam Jezus. Nie b\u00f3jmy si\u0119 wymaga\u0107 od siebie! Nie b\u00f3jmy si\u0119 odwa\u017cnego opowiedzenia si\u0119 za Chrystusem, <b>nawet gdyby si\u0119 to innym nie podoba\u0142o!<\/b> Wiara, kt\u00f3ra nie wymaga, nie jest prawdziw\u0105 wiar\u0105. <b>Wiara, kt\u00f3ra nie kosztuje, nie ma warto\u015bci. <\/b><\/span><\/span><\/span><\/p>\n<p align=\"justify\"><span style=\"color: #000000;\"><span style=\"font-family: Book Antiqua, serif;\"><span style=\"font-size: large;\">Wiedzmy tak\u017ce i o tym, \u017ce Chrystus, za kt\u00f3rym chcemy si\u0119 opowiedzie\u0107, nie zostawi nas samych. Przyk\u0142ad opieki Bo\u017cej nad Prorokiem Jeremiaszem czy <b>przyk\u0142ad Jezusa, kt\u00f3ry sam podj\u0105\u0142 cierpienie, <\/b>jakie z kolei dzisiaj podejmuj\u0105 Jego wyznawcy \u2013<b> musz\u0105 by\u0107 dla nas zach\u0119t\u0105.<\/b> B\u00f3g nie opu\u015bci tych, kt\u00f3rzy Mu ufaj\u0105 i pr\u0119dko pospieszy im z pomoc\u0105. Trzeba jednak tego, aby\u015bmy sami od siebie potrafili wymaga\u0107. <b>Aby bardziej zale\u017ca\u0142o nam na opinii <\/b><b>Jezusa<\/b><b>, ni\u017c os\u00f3b z naszego otoczenia!<\/b> <\/span><\/span><\/span><\/p>\n<p align=\"justify\"><span style=\"color: #000000;\"><span style=\"font-family: Book Antiqua, serif;\"><span style=\"font-size: large;\">To prawda, \u017ce o ile nikt nas dzisiaj \u2013 jak Proroka Jeremiasza \u2013 nie wrzuci do cysterny z b\u0142otem, <b>to mo\u017ce obrzuci\u0107 b\u0142otem pom\u00f3wie\u0144, oskar\u017ce\u0144, <\/b><b>z\u0142o\u015bliwo\u015bci.<\/b> Jednak to wszystko naprawd\u0119 nie ma znaczenia dla tych, kt\u00f3rzy ufaj\u0105 Jezusowi! On sam stanie w ich obronie, <b>a Jego zwyci\u0119stwo jest pewne!<\/b><\/span><\/span><\/span><\/p>\n<p align=\"justify\"><span style=\"color: #000000;\"><span style=\"font-family: Book Antiqua, serif;\"><span style=\"font-size: large;\">A zatem, moi Drodzy, <b>musimy od siebie wymaga\u0107 \u2013 nawet gdyby inni od nas nie wymagali\u2026 <\/b><\/span><\/span><\/span><\/p>\n","protected":false},"excerpt":{"rendered":"<p>Niech b\u0119dzie pochwalony Jezus Chrystus! Moi Drodzy, bardzo serdecznie dzi\u0119kuj\u0119 za \u017cyczenia, wyrazy \u017cyczliwo\u015bci i wsparcia, a przede wszystkim \u2013 za modlitw\u0119 i obietnic\u0119 modlitwy, jakie w tych dniach, a szczeg\u00f3lnie wczoraj, dotar\u0142y do mnie: na blogu, \u201ena \u017cywo\u201d, przez telefon, mailem, czy jakkolwiek inaczej. Dzi\u0119kuj\u0119 \u2013 i, jak zawsze, zapewniam, \u017ce w najbli\u017cszych dniach [&hellip;]<\/p>\n","protected":false},"author":1,"featured_media":0,"comment_status":"open","ping_status":"open","sticky":false,"template":"","format":"standard","meta":{"jetpack_post_was_ever_published":false,"_jetpack_newsletter_access":"","_jetpack_dont_email_post_to_subs":false,"_jetpack_newsletter_tier_id":0,"_jetpack_memberships_contains_paywalled_content":false,"_jetpack_memberships_contains_paid_content":false,"footnotes":""},"categories":[1],"tags":[],"class_list":["post-15652","post","type-post","status-publish","format-standard","hentry","category-bez-kategorii"],"yoast_head":"<!-- This site is optimized with the Yoast SEO plugin v25.1 - https:\/\/yoast.com\/wordpress\/plugins\/seo\/ -->\n<title>Musimy od siebie wymaga\u0107! - Gaudium Et Spes<\/title>\n<meta name=\"robots\" content=\"index, follow, max-snippet:-1, max-image-preview:large, max-video-preview:-1\" \/>\n<link rel=\"canonical\" href=\"https:\/\/gaudiumetspes-blog.pl\/index.php\/2019\/08\/18\/musimy-od-siebie-wymagac\/\" \/>\n<meta property=\"og:locale\" content=\"pl_PL\" \/>\n<meta property=\"og:type\" content=\"article\" \/>\n<meta property=\"og:title\" content=\"Musimy od siebie wymaga\u0107! - Gaudium Et Spes\" \/>\n<meta property=\"og:description\" content=\"Niech b\u0119dzie pochwalony Jezus Chrystus! Moi Drodzy, bardzo serdecznie dzi\u0119kuj\u0119 za \u017cyczenia, wyrazy \u017cyczliwo\u015bci i wsparcia, a przede wszystkim \u2013 za modlitw\u0119 i obietnic\u0119 modlitwy, jakie w tych dniach, a szczeg\u00f3lnie wczoraj, dotar\u0142y do mnie: na blogu, \u201ena \u017cywo\u201d, przez telefon, mailem, czy jakkolwiek inaczej. Dzi\u0119kuj\u0119 \u2013 i, jak zawsze, zapewniam, \u017ce w najbli\u017cszych dniach [&hellip;]\" \/>\n<meta property=\"og:url\" content=\"https:\/\/gaudiumetspes-blog.pl\/index.php\/2019\/08\/18\/musimy-od-siebie-wymagac\/\" \/>\n<meta property=\"og:site_name\" content=\"Gaudium Et Spes\" \/>\n<meta property=\"article:published_time\" content=\"2019-08-18T04:37:58+00:00\" \/>\n<meta name=\"author\" content=\"Ks. Jacek\" \/>\n<meta name=\"twitter:card\" content=\"summary_large_image\" \/>\n<meta name=\"twitter:label1\" content=\"Napisane przez\" \/>\n\t<meta name=\"twitter:data1\" content=\"Ks. Jacek\" \/>\n\t<meta name=\"twitter:label2\" content=\"Szacowany czas czytania\" \/>\n\t<meta name=\"twitter:data2\" content=\"11 minut\" \/>\n<script type=\"application\/ld+json\" class=\"yoast-schema-graph\">{\"@context\":\"https:\/\/schema.org\",\"@graph\":[{\"@type\":\"WebPage\",\"@id\":\"https:\/\/gaudiumetspes-blog.pl\/index.php\/2019\/08\/18\/musimy-od-siebie-wymagac\/\",\"url\":\"https:\/\/gaudiumetspes-blog.pl\/index.php\/2019\/08\/18\/musimy-od-siebie-wymagac\/\",\"name\":\"Musimy od siebie wymaga\u0107! - Gaudium Et Spes\",\"isPartOf\":{\"@id\":\"https:\/\/gaudiumetspes-blog.pl\/#website\"},\"datePublished\":\"2019-08-18T04:37:58+00:00\",\"author\":{\"@id\":\"https:\/\/gaudiumetspes-blog.pl\/#\/schema\/person\/1661982992b752dea8dff0d4ed845a65\"},\"breadcrumb\":{\"@id\":\"https:\/\/gaudiumetspes-blog.pl\/index.php\/2019\/08\/18\/musimy-od-siebie-wymagac\/#breadcrumb\"},\"inLanguage\":\"pl-PL\",\"potentialAction\":[{\"@type\":\"ReadAction\",\"target\":[\"https:\/\/gaudiumetspes-blog.pl\/index.php\/2019\/08\/18\/musimy-od-siebie-wymagac\/\"]}]},{\"@type\":\"BreadcrumbList\",\"@id\":\"https:\/\/gaudiumetspes-blog.pl\/index.php\/2019\/08\/18\/musimy-od-siebie-wymagac\/#breadcrumb\",\"itemListElement\":[{\"@type\":\"ListItem\",\"position\":1,\"name\":\"Strona g\u0142\u00f3wna\",\"item\":\"https:\/\/gaudiumetspes-blog.pl\/\"},{\"@type\":\"ListItem\",\"position\":2,\"name\":\"Musimy od&nbsp;siebie wymaga\u0107!\"}]},{\"@type\":\"WebSite\",\"@id\":\"https:\/\/gaudiumetspes-blog.pl\/#website\",\"url\":\"https:\/\/gaudiumetspes-blog.pl\/\",\"name\":\"Gaudium Et Spes\",\"description\":\"Blog Ks. Jacka Ja\u015bkowskiego\",\"potentialAction\":[{\"@type\":\"SearchAction\",\"target\":{\"@type\":\"EntryPoint\",\"urlTemplate\":\"https:\/\/gaudiumetspes-blog.pl\/?s={search_term_string}\"},\"query-input\":{\"@type\":\"PropertyValueSpecification\",\"valueRequired\":true,\"valueName\":\"search_term_string\"}}],\"inLanguage\":\"pl-PL\"},{\"@type\":\"Person\",\"@id\":\"https:\/\/gaudiumetspes-blog.pl\/#\/schema\/person\/1661982992b752dea8dff0d4ed845a65\",\"name\":\"Ks. Jacek\",\"image\":{\"@type\":\"ImageObject\",\"inLanguage\":\"pl-PL\",\"@id\":\"https:\/\/gaudiumetspes-blog.pl\/#\/schema\/person\/image\/\",\"url\":\"https:\/\/gaudiumetspes-blog.pl\/wp-content\/uploads\/2019\/07\/avatar-JJ-150x150.jpg\",\"contentUrl\":\"https:\/\/gaudiumetspes-blog.pl\/wp-content\/uploads\/2019\/07\/avatar-JJ-150x150.jpg\",\"caption\":\"Ks. Jacek\"},\"description\":\"Witam serdecznie! K\u0142ania si\u0119 Ks. Jacek Ja\u015bkowski. Nie jestem ani kim\u015b wa\u017cnym, ani kim\u015b znanym. Jestem ksi\u0119dzem, kt\u00f3ry po prostu chce rozmawia\u0107. Codzienna kap\u0142a\u0144ska pos\u0142uga pokazuje mi, \u017ce temat\u00f3w do rozm\u00f3w z ksi\u0119dzem jest coraz wi\u0119cej i dzisiaj \u017caden ksi\u0105dz nie mo\u017ce od nich ucieka\u0107, ale - wprost przeciwnie - podejmowa\u0107 nowe wyzwania. To przekonanie sk\u0142oni\u0142o mnie do pr\u00f3by otwarcia tego\u017c bloga, chocia\u017c okazji do rozm\u00f3w na co dzie\u0144 - w konfesjonale i poza nim - na szcz\u0119\u015bcie nie brakuje. My\u015bl\u0119 jednak, \u017ce ten blog b\u0119dzie jeszcze jednym sposobem i przestrzeni\u0105 nawi\u0105zania kontaktu z lud\u017ami dobrej woli, otwartymi na dialog.\",\"url\":\"https:\/\/gaudiumetspes-blog.pl\/index.php\/author\/ks-jacek\/\"}]}<\/script>\n<!-- \/ Yoast SEO plugin. -->","yoast_head_json":{"title":"Musimy od siebie wymaga\u0107! - Gaudium Et Spes","robots":{"index":"index","follow":"follow","max-snippet":"max-snippet:-1","max-image-preview":"max-image-preview:large","max-video-preview":"max-video-preview:-1"},"canonical":"https:\/\/gaudiumetspes-blog.pl\/index.php\/2019\/08\/18\/musimy-od-siebie-wymagac\/","og_locale":"pl_PL","og_type":"article","og_title":"Musimy od siebie wymaga\u0107! - Gaudium Et Spes","og_description":"Niech b\u0119dzie pochwalony Jezus Chrystus! Moi Drodzy, bardzo serdecznie dzi\u0119kuj\u0119 za \u017cyczenia, wyrazy \u017cyczliwo\u015bci i wsparcia, a przede wszystkim \u2013 za modlitw\u0119 i obietnic\u0119 modlitwy, jakie w tych dniach, a szczeg\u00f3lnie wczoraj, dotar\u0142y do mnie: na blogu, \u201ena \u017cywo\u201d, przez telefon, mailem, czy jakkolwiek inaczej. Dzi\u0119kuj\u0119 \u2013 i, jak zawsze, zapewniam, \u017ce w najbli\u017cszych dniach [&hellip;]","og_url":"https:\/\/gaudiumetspes-blog.pl\/index.php\/2019\/08\/18\/musimy-od-siebie-wymagac\/","og_site_name":"Gaudium Et Spes","article_published_time":"2019-08-18T04:37:58+00:00","author":"Ks. Jacek","twitter_card":"summary_large_image","twitter_misc":{"Napisane przez":"Ks. Jacek","Szacowany czas czytania":"11 minut"},"schema":{"@context":"https:\/\/schema.org","@graph":[{"@type":"WebPage","@id":"https:\/\/gaudiumetspes-blog.pl\/index.php\/2019\/08\/18\/musimy-od-siebie-wymagac\/","url":"https:\/\/gaudiumetspes-blog.pl\/index.php\/2019\/08\/18\/musimy-od-siebie-wymagac\/","name":"Musimy od siebie wymaga\u0107! - Gaudium Et Spes","isPartOf":{"@id":"https:\/\/gaudiumetspes-blog.pl\/#website"},"datePublished":"2019-08-18T04:37:58+00:00","author":{"@id":"https:\/\/gaudiumetspes-blog.pl\/#\/schema\/person\/1661982992b752dea8dff0d4ed845a65"},"breadcrumb":{"@id":"https:\/\/gaudiumetspes-blog.pl\/index.php\/2019\/08\/18\/musimy-od-siebie-wymagac\/#breadcrumb"},"inLanguage":"pl-PL","potentialAction":[{"@type":"ReadAction","target":["https:\/\/gaudiumetspes-blog.pl\/index.php\/2019\/08\/18\/musimy-od-siebie-wymagac\/"]}]},{"@type":"BreadcrumbList","@id":"https:\/\/gaudiumetspes-blog.pl\/index.php\/2019\/08\/18\/musimy-od-siebie-wymagac\/#breadcrumb","itemListElement":[{"@type":"ListItem","position":1,"name":"Strona g\u0142\u00f3wna","item":"https:\/\/gaudiumetspes-blog.pl\/"},{"@type":"ListItem","position":2,"name":"Musimy od&nbsp;siebie wymaga\u0107!"}]},{"@type":"WebSite","@id":"https:\/\/gaudiumetspes-blog.pl\/#website","url":"https:\/\/gaudiumetspes-blog.pl\/","name":"Gaudium Et Spes","description":"Blog Ks. Jacka Ja\u015bkowskiego","potentialAction":[{"@type":"SearchAction","target":{"@type":"EntryPoint","urlTemplate":"https:\/\/gaudiumetspes-blog.pl\/?s={search_term_string}"},"query-input":{"@type":"PropertyValueSpecification","valueRequired":true,"valueName":"search_term_string"}}],"inLanguage":"pl-PL"},{"@type":"Person","@id":"https:\/\/gaudiumetspes-blog.pl\/#\/schema\/person\/1661982992b752dea8dff0d4ed845a65","name":"Ks. Jacek","image":{"@type":"ImageObject","inLanguage":"pl-PL","@id":"https:\/\/gaudiumetspes-blog.pl\/#\/schema\/person\/image\/","url":"https:\/\/gaudiumetspes-blog.pl\/wp-content\/uploads\/2019\/07\/avatar-JJ-150x150.jpg","contentUrl":"https:\/\/gaudiumetspes-blog.pl\/wp-content\/uploads\/2019\/07\/avatar-JJ-150x150.jpg","caption":"Ks. Jacek"},"description":"Witam serdecznie! K\u0142ania si\u0119 Ks. Jacek Ja\u015bkowski. Nie jestem ani kim\u015b wa\u017cnym, ani kim\u015b znanym. Jestem ksi\u0119dzem, kt\u00f3ry po prostu chce rozmawia\u0107. Codzienna kap\u0142a\u0144ska pos\u0142uga pokazuje mi, \u017ce temat\u00f3w do rozm\u00f3w z ksi\u0119dzem jest coraz wi\u0119cej i dzisiaj \u017caden ksi\u0105dz nie mo\u017ce od nich ucieka\u0107, ale - wprost przeciwnie - podejmowa\u0107 nowe wyzwania. To przekonanie sk\u0142oni\u0142o mnie do pr\u00f3by otwarcia tego\u017c bloga, chocia\u017c okazji do rozm\u00f3w na co dzie\u0144 - w konfesjonale i poza nim - na szcz\u0119\u015bcie nie brakuje. My\u015bl\u0119 jednak, \u017ce ten blog b\u0119dzie jeszcze jednym sposobem i przestrzeni\u0105 nawi\u0105zania kontaktu z lud\u017ami dobrej woli, otwartymi na dialog.","url":"https:\/\/gaudiumetspes-blog.pl\/index.php\/author\/ks-jacek\/"}]}},"jetpack_featured_media_url":"","jetpack_sharing_enabled":true,"_links":{"self":[{"href":"https:\/\/gaudiumetspes-blog.pl\/index.php\/wp-json\/wp\/v2\/posts\/15652","targetHints":{"allow":["GET"]}}],"collection":[{"href":"https:\/\/gaudiumetspes-blog.pl\/index.php\/wp-json\/wp\/v2\/posts"}],"about":[{"href":"https:\/\/gaudiumetspes-blog.pl\/index.php\/wp-json\/wp\/v2\/types\/post"}],"author":[{"embeddable":true,"href":"https:\/\/gaudiumetspes-blog.pl\/index.php\/wp-json\/wp\/v2\/users\/1"}],"replies":[{"embeddable":true,"href":"https:\/\/gaudiumetspes-blog.pl\/index.php\/wp-json\/wp\/v2\/comments?post=15652"}],"version-history":[{"count":1,"href":"https:\/\/gaudiumetspes-blog.pl\/index.php\/wp-json\/wp\/v2\/posts\/15652\/revisions"}],"predecessor-version":[{"id":15653,"href":"https:\/\/gaudiumetspes-blog.pl\/index.php\/wp-json\/wp\/v2\/posts\/15652\/revisions\/15653"}],"wp:attachment":[{"href":"https:\/\/gaudiumetspes-blog.pl\/index.php\/wp-json\/wp\/v2\/media?parent=15652"}],"wp:term":[{"taxonomy":"category","embeddable":true,"href":"https:\/\/gaudiumetspes-blog.pl\/index.php\/wp-json\/wp\/v2\/categories?post=15652"},{"taxonomy":"post_tag","embeddable":true,"href":"https:\/\/gaudiumetspes-blog.pl\/index.php\/wp-json\/wp\/v2\/tags?post=15652"}],"curies":[{"name":"wp","href":"https:\/\/api.w.org\/{rel}","templated":true}]}}