{"id":15659,"date":"2019-08-21T10:19:42","date_gmt":"2019-08-21T08:19:42","guid":{"rendered":"https:\/\/gaudiumetspes-blog.pl\/?p=15659"},"modified":"2019-08-21T11:59:27","modified_gmt":"2019-08-21T09:59:27","slug":"ciezar-dnia-i-spiekota","status":"publish","type":"post","link":"https:\/\/gaudiumetspes-blog.pl\/index.php\/2019\/08\/21\/ciezar-dnia-i-spiekota\/","title":{"rendered":"Ci\u0119\u017car dnia i spiekota"},"content":{"rendered":"<p><strong>Niech b\u0119dzie pochwalony Jezus Chrystus!<\/strong><\/p>\n<p><img loading=\"lazy\" decoding=\"async\" class=\" wp-image-15662 alignright\" src=\"https:\/\/gaudiumetspes-blog.pl\/wp-content\/uploads\/2019\/08\/DSC_0381-300x199.jpg\" alt=\"\" width=\"366\" height=\"243\" srcset=\"https:\/\/gaudiumetspes-blog.pl\/wp-content\/uploads\/2019\/08\/DSC_0381-300x199.jpg 300w, https:\/\/gaudiumetspes-blog.pl\/wp-content\/uploads\/2019\/08\/DSC_0381-768x510.jpg 768w, https:\/\/gaudiumetspes-blog.pl\/wp-content\/uploads\/2019\/08\/DSC_0381-1024x680.jpg 1024w, https:\/\/gaudiumetspes-blog.pl\/wp-content\/uploads\/2019\/08\/DSC_0381-1920x1275.jpg 1920w, https:\/\/gaudiumetspes-blog.pl\/wp-content\/uploads\/2019\/08\/DSC_0381-720x478.jpg 720w, https:\/\/gaudiumetspes-blog.pl\/wp-content\/uploads\/2019\/08\/DSC_0381-580x385.jpg 580w, https:\/\/gaudiumetspes-blog.pl\/wp-content\/uploads\/2019\/08\/DSC_0381-320x213.jpg 320w\" sizes=\"auto, (max-width: 366px) 100vw, 366px\" \/>Pozdrawiam serdecznie z Surgutu, z Syberii.<span class=\"Apple-converted-space\">\u00a0<\/span><\/p>\n<p>Bardzo serdecznie dzi\u0119kuj\u0119 za wszystkie \u017cyczenia urodzinowe, a przede wszystkim za modlitw\u0119. Jestem wzruszony tym powa\u017cnym podej\u015bciem do modlitwy, do ofiarowania Komunii przez Ann\u0119, wyra\u017con\u0105 w s\u0142owach &#8211; zawiod\u0142am was\u2026 bo w tym dniu nie uda\u0142o si\u0119 by\u0107 na Mszy \u015aw. Dzi\u0119kuj\u0119 za modlitw\u0119 i Komuni\u0119 \u015aw. 18 sierpnia, my\u015bl\u0119, \u017ce i 18 te\u017c nam modlitwa jest potrzebna, jak i 21 sierpnia tak\u017ce. Dzi\u0119kuj\u0119 raz jeszcze. Sam modli\u0142em si\u0119 za tych, kt\u00f3rzy szczeg\u00f3lnie w tym dniu o mnie pami\u0119tali i pozdrawiali, bo nawet nie wiem, czy wszystkim zd\u0105\u017cy\u0142em odpowiedzie\u0107. Na samym facebooku by\u0142o ponad sto pozdrowie\u0144, \u017cycze\u0144, wi\u0119c je\u015bli komu\u015b nie odpowiedzia\u0142em wprost, to wybaczcie, ale odpowiedzia\u0142em modlitw\u0105 za Was.<\/p>\n<p>Do\u0142\u0105czam si\u0119 jednocze\u015bnie do \u017cycze\u0144 imieninowych dla Ks. Jacka, gospodarza tego Domu, nowego i pi\u0119knego. Niech Pan B\u00f3g mu b\u0142ogos\u0142awi i prowadzi, zw\u0142aszcza w tym nowym zadaniu, nowym pos\u0142ugiwaniu, jakie nied\u0142ugo podejmie, a w zasadzie to ju\u017c podj\u0105\u0142. Wspieram modlitw\u0105.<\/p>\n<p>Dzi\u015b wspomnienie Piusa X, papie\u017ca. Polecam jego biografi\u0119 &#8211; ni\u017cej link. Kiedy t\u0119 biografi\u0119 przed chwil\u0105 przeczyta\u0142em, to m\u00f3wi\u0105c kr\u00f3tko, mo\u017cna by podsumowa\u0107 &#8211; dobra wytrwa\u0142o\u015b\u0107, wierno\u015b\u0107 powo\u0142aniu, gorliwo\u015b\u0107. Takimi cechami, cnotami odznacza\u0142 si\u0119 jako cz\u0142owiek, jako ksi\u0105dz, jako biskup, jako papie\u017c. Polecam lektur\u0119 tego \u017cyciorysu:<\/p>\n<p><a href=\"https:\/\/brewiarz.pl\/czytelnia\/swieci\/08-21a.php3\">https:\/\/brewiarz.pl\/czytelnia\/swieci\/08-21a.php3<\/a><\/p>\n<p>A co dzi\u015b w s\u0142owie?<span class=\"Apple-converted-space\">\u00a0<\/span><\/p>\n<p><b><i>(Sdz 9, 6-15)<span class=\"Apple-converted-space\">\u00a0<\/span><\/i><\/b><\/p>\n<p><b><i>Wszyscy mo\u017cni miasta Sychem oraz ca\u0142y gr\u00f3d Millo zgromadzili si\u0119 i przyszed\u0142szy pod d\u0105b, gdzie sta\u0142a stela w Sychem, og\u0142osili Abimeleka kr\u00f3lem. Doniesiono o tym Jotamowi, kt\u00f3ry poszed\u0142szy, stan\u0105\u0142 na szczycie g\u00f3ry Garizim, a podni\u00f3s\u0142szy g\u0142os, tak do nich wo\u0142a\u0142: &#8222;Pos\u0142uchajcie mnie, mo\u017cni Sychem, a B\u00f3g us\u0142yszy was tak\u017ce. Zebra\u0142y si\u0119 drzewa, aby nama\u015bci\u0107 kr\u00f3la nad sob\u0105. Rzek\u0142y do oliwki: Kr\u00f3luj nad nami! Odpowiedzia\u0142a im oliwka: Czy\u017c mam si\u0119 wyrzec mojej oliwy, kt\u00f3ra s\u0142u\u017cy czci bog\u00f3w i ludzi, aby p\u00f3j\u015b\u0107 i ko\u0142ysa\u0107 si\u0119 ponad drzewami? Z kolei zwr\u00f3ci\u0142y si\u0119 drzewa do figowca: Chod\u017a ty i kr\u00f3luj nad nami! Odpowiedzia\u0142 im figowiec: Czy\u017c mam si\u0119 wyrzec mojej s\u0142odyczy i wybornego mego owocu, aby p\u00f3j\u015b\u0107 i ko\u0142ysa\u0107 si\u0119 ponad drzewami? Nast\u0119pnie rzek\u0142y drzewa do krzewu winnego: Chod\u017a ty i kr\u00f3luj nad nami! Krzew winny im odpowiedzia\u0142: Czy\u017c mam si\u0119 wyrzec mojego soku rozweselaj\u0105cego bog\u00f3w i ludzi, aby p\u00f3j\u015b\u0107 i ko\u0142ysa\u0107 si\u0119 ponad drzewami? W\u00f3wczas rzek\u0142y wszystkie drzewa do krzewu cierniowego: Chod\u017a ty i kr\u00f3luj nad nami! Odpowiedzia\u0142 krzew cierniowy drzewom: Je\u015bli naprawd\u0119 chcecie mnie nama\u015bci\u0107 na kr\u00f3la, chod\u017acie i odpoczywajcie w moim cieniu! A je\u015bli nie, niech ogie\u0144 wyjdzie z krzewu cierniowego i spali cedry liba\u0144skie\u201d.<\/i><\/b><\/p>\n<p><b><i>(Mt 20, 1-16)<span class=\"Apple-converted-space\">\u00a0<\/span><\/i><\/b><\/p>\n<p><b><i>Jezus opowiedzia\u0142 swoim uczniom nast\u0119puj\u0105c\u0105 przypowie\u015b\u0107: &#8222;Kr\u00f3lestwo niebieskie podobne jest do gospodarza, kt\u00f3ry wyszed\u0142 wczesnym rankiem, aby naj\u0105\u0107 robotnik\u00f3w do swej winnicy. Um\u00f3wi\u0142 si\u0119 z robotnikami o denara za dzie\u0144 i pos\u0142a\u0142 ich do winnicy. Gdy wyszed\u0142 oko\u0142o godziny trzeciej, zobaczy\u0142 innych, stoj\u0105cych na rynku bezczynnie, i rzek\u0142 do nich: \u201eId\u017acie i wy do mojej winnicy, a co b\u0119dzie s\u0142uszne, dam wam\u201d. Oni poszli. Wyszed\u0142szy ponownie oko\u0142o godziny sz\u00f3stej i dziewi\u0105tej, tak samo uczyni\u0142. Gdy wyszed\u0142 oko\u0142o godziny jedenastej, spotka\u0142 innych stoj\u0105cych i zapyta\u0142 ich: \u201eCzemu tu stoicie ca\u0142y dzie\u0144 bezczynnie?\u201d Odpowiedzieli mu: \u201eBo nas nikt nie naj\u0105\u0142\u201d. Rzek\u0142 im: \u201eId\u017acie i wy do winnicy\u201d. A gdy nadszed\u0142 wiecz\u00f3r, rzek\u0142 w\u0142a\u015bciciel winnicy do swego rz\u0105dcy: \u201eZwo\u0142aj robotnik\u00f3w i wyp\u0142a\u0107 im nale\u017cno\u015b\u0107, pocz\u0105wszy od ostatnich a\u017c do pierwszych\u201d. Przyszli naj\u0119ci oko\u0142o jedenastej godziny i otrzymali po denarze. Gdy wi\u0119c przyszli pierwsi, my\u015bleli, \u017ce wi\u0119cej dostan\u0105; lecz i oni otrzymali po denarze. Wzi\u0105wszy go, szemrali przeciw gospodarzowi, m\u00f3wi\u0105c: \u201eCi ostatni jedn\u0105 godzin\u0119 pracowali, a zr\u00f3wna\u0142e\u015b ich z nami, kt\u00f3rzy znosili\u015bmy ci\u0119\u017car dnia i spiekot\u0119\u201d. Na to odrzek\u0142 jednemu z nich: \u201ePrzyjacielu, nie czyni\u0119 ci krzywdy; czy\u017c nie o denara um\u00f3wi\u0142e\u015b si\u0119 ze mn\u0105? We\u017a, co twoje, i odejd\u017a. Chc\u0119 te\u017c i temu ostatniemu da\u0107 tak samo jak tobie. Czy mi nie wolno uczyni\u0107 ze swoim, co chc\u0119? Czy na to z\u0142ym okiem patrzysz, \u017ce ja jestem dobry?\u201d Tak ostatni b\u0119d\u0105 pierwszymi, a pierwsi ostatnimi&#8221;.<\/i><\/b><\/p>\n<p>Chcia\u0142bym zatrzyma\u0107 si\u0119 na Ewangelii. I czytanie wymaga\u0142o by szerszego komentarza, nie zd\u0105\u017cymy z tym, wi\u0119c dzi\u015b zatrzymam si\u0119 na Ewangelii.<\/p>\n<p>Znana nam dobrze przypowie\u015b\u0107 o robotnikach w winnicy. Byli ci naj\u0119ci rano, kt\u00f3rzy wytrwale pracowali do wieczora. Rano zapewne cieszyli si\u0119, \u017ce znale\u017ali prac\u0119, \u017ce b\u0119dzie za co nakarmi\u0107 rodzin\u0119. Cieszyli si\u0119, \u017ce jest praca i \u017ce dostan\u0105 za ni\u0105 zap\u0142at\u0119. Wiedzieli jak\u0105 &#8211; jednego denara. Potem przyszli do pracy inni, potem jeszcze inni, kt\u00f3rzy tak samo cieszyli si\u0119, \u017ce znale\u017ali prac\u0119. Do samego wieczora tak przychodzili. A kiedy nadszed\u0142 wiecz\u00f3r wszyscy prac\u0119 sko\u0144czyli.<span class=\"Apple-converted-space\">\u00a0<\/span><\/p>\n<p>Tu ma\u0142a dygresja do tych, kt\u00f3rzy prac\u0119 przynosz\u0105 do domu, albo prac\u0105 \u017cyj\u0105 w domu. Jest wiecz\u00f3r, jest czas, kiedy prac\u0119 trzeba zako\u0144czy\u0107, zostawi\u0107, wyj\u015b\u0107 z pracy, niezale\u017cnie od tego ile \u017ce\u015bmy zrobili. Koniec dygresji.<span class=\"Apple-converted-space\">\u00a0<\/span><\/p>\n<p>Ciekawe, \u017ce gospodarz zacz\u0105\u0142 wyp\u0142aca\u0107 pieni\u0105dze od ostatnich a nie od pierwszych. Tak jakby specjalnie, na z\u0142o\u015b\u0107\u2026 Nie, nie na z\u0142o\u015b\u0107, chcia\u0142 im, a raczej nam, co\u015b pokaza\u0107.<span class=\"Apple-converted-space\">\u00a0<\/span><\/p>\n<p>W zwi\u0105zku z tym kilka my\u015bli, jakie przychodz\u0105 mi do g\u0142owy, mam nadziej\u0119, \u017ce od Ducha \u015awi\u0119tego\u2026<\/p>\n<p>Ot\u00f3\u017c, problem robotnik\u00f3w, tych, kt\u00f3rzy pracowali od rana zacz\u0105\u0142 si\u0119 wtedy, gdy si\u0119 zacz\u0119li por\u00f3wnywa\u0107. Obudzi\u0142a si\u0119 zazdro\u015b\u0107 &#8211; oni lepsi, my gorsi.<\/p>\n<p>Por\u00f3wnywanie si\u0119 z innymi, por\u00f3wnywanie si\u0119 rodz\u0105ce zazdro\u015b\u0107 &#8211; straszna rzecz.<span class=\"Apple-converted-space\">\u00a0<\/span><\/p>\n<p>Kto\u015b nazwa\u0142 ciekawie zazdro\u015b\u0107 &#8211; najg\u0142upszym grzechem. Czemu? Bo nic z niego nie masz a ni w tym \u017cyciu, ani w innym. Ukrad\u0142e\u015b co\u015b, masz grzech, zagra\u017ca to zbawieniu, ale masz cho\u0107 w tym \u017cyciu co\u015b. Tak w przypadku wielu innych grzech\u00f3w, cho\u0107 na chwil\u0119 masz jak\u0105\u015b przyjemno\u015b\u0107. W przypadku zazdro\u015bci &#8211; nieprzyjemno\u015b\u0107 od pocz\u0105tku i jeszcze grzech do tego. Po co wi\u0119c zazdro\u015bci\u0107?<span class=\"Apple-converted-space\">\u00a0<\/span><\/p>\n<p>Jak g\u0142upim jest por\u00f3wnywa\u0107 si\u0119 z innymi &#8211; oni s\u0105 lepsi, ja gorszy, albo na odwr\u00f3t. owszem, je\u015bli to jest zdrowa rywalizacja, nie budz\u0105ca zazdro\u015bci a mobilizuj\u0105ca do pracy, do wysi\u0142ku, jak w sporcie, to co innego. M\u00f3wi\u0119 tu o g\u0142upiej zazdro\u015bci &#8211; jego lubi\u0105, mnie nie lubi\u0105\u2026<span class=\"Apple-converted-space\">\u00a0<\/span><\/p>\n<p>Ca\u0142y dzie\u0144 pracowali i by\u0142o dobrze, byli zadowoleni, wieczorem por\u00f3wnali si\u0119 z innymi i pojawi\u0142a si\u0119 gorycz niezadowolenia, szemrania &#8211; po co?<\/p>\n<p>Pro\u015bmy Boga, by nas uwalnia\u0142 od z\u0142ego i g\u0142upiego por\u00f3wnywania si\u0119, od zazdro\u015bci. Spr\u00f3bujmy si\u0119 dzi\u015b ucieszy\u0107 z tego, \u017ce komu\u015b innemu si\u0119 co\u015b uda\u0142o, \u017ce kogo\u015b innego pochwalili, docenili. Ucieszmy si\u0119 tym szczerze, gratulujmy mu tego i cieszmy si\u0119. Nam nic nie uby\u0142o.<span class=\"Apple-converted-space\">\u00a0<\/span><\/p>\n<p>Inna my\u015bl zwi\u0105zana z tym fragmentem, z t\u0105 przypowie\u015bci\u0105\u2026<\/p>\n<p>Kiedy owi robotnicy szli do pracy, cieszyli si\u0119, cieszyli si\u0119, \u017ce mog\u0105 pracowa\u0107, \u017ce mog\u0105 pracowa\u0107 w winnicy, u takiego gospodarza. Popracowali dzie\u0144, jak czytamy: \u201eznosili ci\u0119\u017car dnia i spiekot\u0119\u2026\u201d. Wyszli rozgoryczeni, smutni, niezadowoleni\u2026<span class=\"Apple-converted-space\">\u00a0<\/span><\/p>\n<p>Ostatni, kt\u00f3rzy przyszli wieczorem, kt\u00f3rzy tyle czekali i nareszcie si\u0119 dostali do pracy w winnicy, pokazuj\u0105 zapewne rado\u015b\u0107 tych pierwszych, kiedy oni zaczynali.<span class=\"Apple-converted-space\">\u00a0<\/span><\/p>\n<p>Dlaczego w wielu przypadkach ten pierwszy entuzjazm, pierwsza rado\u015b\u0107 ginie pod ci\u0119\u017carem dnia i spiekoty. Szara codzienno\u015b\u0107, wypala, gasi, \u00f3w pierwszy entuzjazm. Czemu? M\u0142odzi zakochani, nie widz\u0105 \u015bwiata poza sob\u0105, serduszka w oczach, mog\u0105 godzinami siedzie\u0107 razem i nic nie robi\u0107 &#8211; s\u0105 szcz\u0119\u015bliwi, bo s\u0105 razem. A potem jest \u015blub, dzieci, szara rodzinna codzienno\u015b\u0107\u2026 A potem czasem i rozw\u00f3d\u2026 A nawet je\u015bli nie tak strasznie, to bywaj\u0105 jakie\u015b k\u0142\u00f3tnie, jakie\u015b spory, zm\u0119czenie sob\u0105\u2026 Ju\u017c nie ma godzinami przesiadywania razem. Ci\u0119\u017car dnia i spiekota zwyk\u0142o\u015bci, codzienno\u015bci, zabija \u00f3w pierwszy entuzjazm.<span class=\"Apple-converted-space\">\u00a0<\/span><\/p>\n<p>A w relacjach z Bogiem\u2026 Widz\u0119 cz\u0119sto ludzi, kt\u00f3rzy odnale\u017ali Boga, pi\u0119kne \u015bwiadectwo, niesamowita gorliwo\u015b\u0107, ludzie promieniuj\u0105 Bogiem, daj\u0105 o nim \u015bwiadectwo, modl\u0105 si\u0119, na Msz\u0119 \u015aw. przychodz\u0105 codziennie. A potem, mija czas, wszystko staje si\u0119 takim zwyk\u0142ym, szarym &#8211; ci\u0119\u017car dnia i spiekota\u2026<span class=\"Apple-converted-space\">\u00a0<\/span><\/p>\n<p>Uderza w nas s\u0142o\u0144ce, wiatr, mr\u00f3z codzienno\u015bci\u2026<span class=\"Apple-converted-space\">\u00a0<\/span><\/p>\n<p>A mo\u017ce warto wr\u00f3ci\u0107 do tego pocz\u0105tku? Lubi\u0119, nawet do\u015bwiadczonych ma\u0142\u017conk\u00f3w z wieloletnim sta\u017cem, pyta\u0107 o ich pierwsze spotkanie &#8211; jak \u017ce\u015bcie si\u0119 poznali? Jak \u017ce\u015bcie si\u0119 spotkali? &#8211; zawsze po takim pytaniu pojawia si\u0119 u\u015bmiech na ich twarzach &#8211; zawsze.<span class=\"Apple-converted-space\">\u00a0<\/span><\/p>\n<p>W\u0142a\u015bnie, powr\u00f3t do pocz\u0105tk\u00f3w\u2026<span class=\"Apple-converted-space\">\u00a0<\/span><\/p>\n<p>Wczoraj mia\u0142em ma\u0142y jubileusz, prawd\u0119 m\u00f3wi\u0105c przypomnia\u0142em sobie o nim rozmy\u015blaj\u0105c nad t\u0105 Ewangeli\u0105. 20 sierpnia 2009 roku przylecia\u0142em na Syberi\u0119, ju\u017c do pos\u0142ugi, na sta\u0142e. 19 sierpnia wylecia\u0142em z Polski, 20 sierpnia dotar\u0142em. R\u00f3wno 10 lat. I w tym samym czasie, ks. Pawe\u0142, kt\u00f3ry niebawem tu b\u0119dzie, przysy\u0142a mi zdj\u0119cia z pi\u0119knej modlitwy pos\u0142ania &#8211; w swojej parafii, w Z\u0105bkach, proboszcz i wszyscy kap\u0142ani, modl\u0105 si\u0119 nad nim, proboszcz po\u015bwi\u0119ca i wk\u0142ada krzy\u017c misyjny\u2026 Swoj\u0105 drog\u0105 ciesz\u0119 si\u0119 rado\u015bci\u0105 ks. Paw\u0142a, bo mi nikt nigdy takiego krzy\u017ca misyjnego nie wk\u0142ada\u0142, a szkoda, bo to jest pi\u0119kny gest i nie tylko gest. Kiedy tak to ogl\u0105da\u0142em, kiedy s\u0142ucham czasem ks. Paw\u0142a, z jak\u0105 rado\u015bci\u0105 i gorliwo\u015bci\u0105 zbiera si\u0119 do wyjazdu, to sobie przypominam to, co we mnie si\u0119 dzia\u0142o 10 lat temu. I patrz\u0119 na te dziesi\u0119\u0107 lat\u2026 Nie przesz\u0142o mi, ciesz\u0119 si\u0119, \u017ce tu jestem, ale\u2026 ile\u017c by\u0142o przez te 10 lat tego ci\u0119\u017caru dnia i siekoty, ile razy biczowa\u0142y &#8211; s\u0142o\u0144ce i mr\u00f3z, wiatr codzienno\u015bci, szaro\u015bci, r\u00f3\u017cnych problem\u00f3w, czasem i walki z samym sob\u0105, i wad, i grzech\u00f3w\u2026<span class=\"Apple-converted-space\">\u00a0<\/span><\/p>\n<p>Jak to pi\u0119knie wygl\u0105da na pocz\u0105tku, a jak potem ci\u0119\u017cko znosi\u0107 \u00f3w ci\u0119\u017car dnia i spiekot\u0119, albo u nas to raczej ci\u0119\u017car dnia i mr\u00f3z, \u015bnieg, i zim\u0119\u2026 (ci\u0119\u017cko mi przychodz\u0105 teraz latem te s\u0142owa &#8211; \u015bnieg, mr\u00f3z, zima. Nie chc\u0119 o tym nawet my\u015ble\u0107, troch\u0119 mam tego dosy\u0107, wi\u0119c p\u00f3ki nie ma to i wspomina\u0107 si\u0119 nie chce).<span class=\"Apple-converted-space\">\u00a0<\/span><\/p>\n<p>Spr\u00f3bujmy dzi\u015b wr\u00f3ci\u0107, do tych pierwszych chwil, powspomina\u0107, prze\u017cy\u0107 to jeszcze raz. Po co? \u017beby wr\u00f3ci\u0107 do pierwszej mi\u0142o\u015bci, \u017ceby nie da\u0107 si\u0119 sobie i temu zestarze\u0107, oklapn\u0105\u0107, \u017ceby\u015bmy nie zgubili pod wiecz\u00f3r tego co by\u0142o rano, \u017ceby nie da\u0107 ci\u0119\u017carowi dnia i spiekoty zepsu\u0107 rado\u015bci pocz\u0105tku.<span class=\"Apple-converted-space\">\u00a0<\/span><\/p>\n<p>Wr\u00f3\u0107my do: ma\u0142\u017conkowie &#8211; do dnia \u015blubu, do pierwszych chwil jak poznali\u015bcie si\u0119, do chwil zakochania\u2026 Ksi\u0119\u017ca &#8211; do momentu odkrycia powo\u0142ania, do wst\u0105pienia do seminarium, do \u015bwi\u0119ce\u0144\u2026 Podobnie zakonnicy, siostry zakonne &#8211; moment powo\u0142ania, \u015blub\u00f3w\u2026 A tak\u017ce i samotni ludzie, do chwil najwi\u0119kszej rado\u015bci, odkrywania sensu i rado\u015bci swojego \u017cycia, Bo\u017cego wezwania, do chwil najwi\u0119kszej pobo\u017cno\u015bci do\u015bwiadczenia Bo\u017cej mi\u0142o\u015bci.<span class=\"Apple-converted-space\">\u00a0<\/span><\/p>\n<p>I je\u015bli widzimy m\u0142odych, kt\u00f3rzy teraz to prze\u017cywaj\u0105, to niech w nas b\u0119dzie rado\u015b\u0107, niech im si\u0119 uda, b\u0142ogos\u0142awmy ich, nie zazdro\u015b\u0107my.<span class=\"Apple-converted-space\">\u00a0<\/span><\/p>\n<p>A co na Syberii?<\/p>\n<p>Na Syberii, zaraz po tym jak napisa\u0142em rozwa\u017canie w zesz\u0142ym tygodniu, wstrz\u0105sn\u0119\u0142a nami nieoczekiwana \u015bmier\u0107 taty naszej siostry Joanny (o czym potem ks. Jacek pisa\u0142). W pi\u0105tek by\u0142 pogrzeb, widzia\u0142em zdj\u0119cia, jakie\u015b kr\u00f3tkie nagrania, by\u0142 to pi\u0119kny pogrzeb, godny takiego cz\u0142owieka, pogrzeb pe\u0142en wiary i nadziei w zmartwychwstanie, wielka modlitwa za zmar\u0142ego, ale te\u017c \u015bwiadectwa nawr\u00f3ce\u0144, spowiedzi po latach. Ta Bo\u017ca chwa\u0142a przeplata si\u0119 z krzy\u017cem, z wielk\u0105 strat\u0105 i smutkiem najbli\u017cszych, kt\u00f3rym trzeba si\u0119 teraz przyzwyczai\u0107 do tej nowej rzeczywisto\u015bci. M\u00f3dlmy si\u0119 te\u017c za s. Joann\u0119 i jej rodzin\u0119.<span class=\"Apple-converted-space\">\u00a0<\/span><\/p>\n<p>Ja w niedziel\u0119 odwiedzi\u0142em w szpitalu, na reanimacji, naszego parafianina, Anatolia, o kt\u00f3rym kiedy\u015b pisa\u0142em. Przyj\u0105\u0142 Komuni\u0119 \u015aw., namaszczenie chorych, wci\u0105\u017c stan jest powa\u017cny. Z ca\u0142\u0105 jego rodzin\u0105 i ca\u0142\u0105 parafi\u0105 modlimy si\u0119 za niego.<span class=\"Apple-converted-space\">\u00a0<\/span><\/p>\n<p>A w sobot\u0119, w dzie\u0144 moich urodzin, dwie pary zawar\u0142y sakramentalny zwi\u0105zek ma\u0142\u017ce\u0144ski. To ju\u017c ludzie nie najm\u0142odsi, po blisko 40 lat ma\u0142\u017ce\u0144stwa. Pi\u0119kne \u015bwiadectwo, katolicy od urodzenia, rodem z Ukrainy, korzenie polskie, potem przyjechali tutaj, na p\u00f3\u0142noc i jak wielu tutaj na naszej p\u00f3\u0142nocy, z powod\u00f3w braku ko\u015bcio\u0142a i ksi\u0119dza gdzie\u015b si\u0119 zagubili. Niedawno Oleg, jeden z nich mia\u0142 sze\u015b\u0107dziesi\u0105tk\u0119. Przyjechali bliscy z Ukrainy, przyjechali z nim do ko\u015bcio\u0142a i tak si\u0119 zacz\u0119\u0142o. Mieszkaj\u0105 w Nieftiejugansku, 70 km. od Surgutu. Przyje\u017cd\u017caj\u0105 w ka\u017cd\u0105 niedziel\u0119, a czasem jeszcze i w inne dni przyje\u017cd\u017cali na katechizacj\u0119 i przygotowanie do sakrament\u00f3w. Pi\u0119knie otworzyli si\u0119 na Pana Boga i w\u0142a\u015bnie w sobot\u0119 by\u0142 ich \u015blub, a raczej \u015bluby. Nie tylko \u015blub, to by\u0142y te\u017c, pierwsze spowiedzi i pierwsze Komunie \u015aw. tych ludzi.<span class=\"Apple-converted-space\">\u00a0<\/span><\/p>\n<p>Trudno sobie wyobrazi\u0107 pi\u0119kniejszy prezent jaki mog\u0105 ludzie podarowa\u0107 ksi\u0119dzu na urodziny, ni\u017c to, \u017ce si\u0119 nawracaj\u0105, przychodz\u0105 do ko\u015bcio\u0142a, wracaj\u0105 do Pana Boga.<span class=\"Apple-converted-space\">\u00a0<\/span><\/p>\n<p>Po Mszy \u015aw. By\u0142a uczta, mn\u00f3stwo jedzenia, pi\u0119kne \u015bpiewy, radosne rozmowy. \u015awi\u0119towali\u015bmy i \u015blub i urodziny, wszystko razem. Ni\u017cej troch\u0119 zdj\u0119\u0107 z tej uroczysto\u015bci. Mo\u017cna obejrze\u0107.<span class=\"Apple-converted-space\">\u00a0<\/span><\/p>\n<p>Takie to r\u00f3\u017cne rado\u015bci naszej parafii, i nie tylko rado\u015bci. Du\u017co jeszcze innych spraw mo\u017cna by napisa\u0107, ale na razie wystarczy.<span class=\"Apple-converted-space\">\u00a0<\/span><\/p>\n<p>Niech Was b\u0142ogos\u0142awi B\u00f3g Wszechmog\u0105cy, Ojciec + i Syn, i Duch \u015awi\u0119ty. Amen.<span class=\"Apple-converted-space\">\u00a0<\/span><\/p>\n<p><a title=\"17 \u0430\u0432\u0433\u0443\u0441\u0442\u0430\" href=\"https:\/\/www.flickr.com\/photos\/157385822@N06\/albums\/72157710444910956\" data-flickr-embed=\"true\"><img loading=\"lazy\" decoding=\"async\" src=\"https:\/\/live.staticflickr.com\/65535\/48577310896_bc4ed9a103_z.jpg\" alt=\"17 \u0430\u0432\u0433\u0443\u0441\u0442\u0430\" width=\"640\" height=\"425\" \/><\/a><script async src=\"\/\/embedr.flickr.com\/assets\/client-code.js\" charset=\"utf-8\"><\/script><\/p>\n","protected":false},"excerpt":{"rendered":"<p>Niech b\u0119dzie pochwalony Jezus Chrystus! Pozdrawiam serdecznie z Surgutu, z Syberii.\u00a0 Bardzo serdecznie dzi\u0119kuj\u0119 za wszystkie \u017cyczenia urodzinowe, a przede wszystkim za modlitw\u0119. Jestem wzruszony tym powa\u017cnym podej\u015bciem do modlitwy, do ofiarowania Komunii przez Ann\u0119, wyra\u017con\u0105 w s\u0142owach &#8211; zawiod\u0142am was\u2026 bo w tym dniu nie uda\u0142o si\u0119 by\u0107 na Mszy \u015aw. Dzi\u0119kuj\u0119 za modlitw\u0119 [&hellip;]<\/p>\n","protected":false},"author":3,"featured_media":0,"comment_status":"open","ping_status":"open","sticky":false,"template":"","format":"standard","meta":{"jetpack_post_was_ever_published":false,"_jetpack_newsletter_access":"","_jetpack_dont_email_post_to_subs":false,"_jetpack_newsletter_tier_id":0,"_jetpack_memberships_contains_paywalled_content":false,"_jetpack_memberships_contains_paid_content":false,"footnotes":""},"categories":[1],"tags":[],"class_list":["post-15659","post","type-post","status-publish","format-standard","hentry","category-bez-kategorii"],"yoast_head":"<!-- This site is optimized with the Yoast SEO plugin v25.1 - https:\/\/yoast.com\/wordpress\/plugins\/seo\/ -->\n<title>Ci\u0119\u017car dnia i spiekota - Gaudium Et Spes<\/title>\n<meta name=\"robots\" content=\"index, follow, max-snippet:-1, max-image-preview:large, max-video-preview:-1\" \/>\n<link rel=\"canonical\" href=\"https:\/\/gaudiumetspes-blog.pl\/index.php\/2019\/08\/21\/ciezar-dnia-i-spiekota\/\" \/>\n<meta property=\"og:locale\" content=\"pl_PL\" \/>\n<meta property=\"og:type\" content=\"article\" \/>\n<meta property=\"og:title\" content=\"Ci\u0119\u017car dnia i spiekota - Gaudium Et Spes\" \/>\n<meta property=\"og:description\" content=\"Niech b\u0119dzie pochwalony Jezus Chrystus! Pozdrawiam serdecznie z Surgutu, z Syberii.\u00a0 Bardzo serdecznie dzi\u0119kuj\u0119 za wszystkie \u017cyczenia urodzinowe, a przede wszystkim za modlitw\u0119. Jestem wzruszony tym powa\u017cnym podej\u015bciem do modlitwy, do ofiarowania Komunii przez Ann\u0119, wyra\u017con\u0105 w s\u0142owach &#8211; zawiod\u0142am was\u2026 bo w tym dniu nie uda\u0142o si\u0119 by\u0107 na Mszy \u015aw. Dzi\u0119kuj\u0119 za modlitw\u0119 [&hellip;]\" \/>\n<meta property=\"og:url\" content=\"https:\/\/gaudiumetspes-blog.pl\/index.php\/2019\/08\/21\/ciezar-dnia-i-spiekota\/\" \/>\n<meta property=\"og:site_name\" content=\"Gaudium Et Spes\" \/>\n<meta property=\"article:published_time\" content=\"2019-08-21T08:19:42+00:00\" \/>\n<meta property=\"article:modified_time\" content=\"2019-08-21T09:59:27+00:00\" \/>\n<meta property=\"og:image\" content=\"https:\/\/gaudiumetspes-blog.pl\/wp-content\/uploads\/2019\/08\/DSC_0381-300x199.jpg\" \/>\n<meta name=\"author\" content=\"Ks. Marek\" \/>\n<meta name=\"twitter:card\" content=\"summary_large_image\" \/>\n<meta name=\"twitter:label1\" content=\"Napisane przez\" \/>\n\t<meta name=\"twitter:data1\" content=\"Ks. Marek\" \/>\n\t<meta name=\"twitter:label2\" content=\"Szacowany czas czytania\" \/>\n\t<meta name=\"twitter:data2\" content=\"12 minut\" \/>\n<script type=\"application\/ld+json\" class=\"yoast-schema-graph\">{\"@context\":\"https:\/\/schema.org\",\"@graph\":[{\"@type\":\"WebPage\",\"@id\":\"https:\/\/gaudiumetspes-blog.pl\/index.php\/2019\/08\/21\/ciezar-dnia-i-spiekota\/\",\"url\":\"https:\/\/gaudiumetspes-blog.pl\/index.php\/2019\/08\/21\/ciezar-dnia-i-spiekota\/\",\"name\":\"Ci\u0119\u017car dnia i spiekota - Gaudium Et Spes\",\"isPartOf\":{\"@id\":\"https:\/\/gaudiumetspes-blog.pl\/#website\"},\"primaryImageOfPage\":{\"@id\":\"https:\/\/gaudiumetspes-blog.pl\/index.php\/2019\/08\/21\/ciezar-dnia-i-spiekota\/#primaryimage\"},\"image\":{\"@id\":\"https:\/\/gaudiumetspes-blog.pl\/index.php\/2019\/08\/21\/ciezar-dnia-i-spiekota\/#primaryimage\"},\"thumbnailUrl\":\"https:\/\/gaudiumetspes-blog.pl\/wp-content\/uploads\/2019\/08\/DSC_0381-300x199.jpg\",\"datePublished\":\"2019-08-21T08:19:42+00:00\",\"dateModified\":\"2019-08-21T09:59:27+00:00\",\"author\":{\"@id\":\"https:\/\/gaudiumetspes-blog.pl\/#\/schema\/person\/12bc173d67dadb67c1c90d9c6c34c643\"},\"breadcrumb\":{\"@id\":\"https:\/\/gaudiumetspes-blog.pl\/index.php\/2019\/08\/21\/ciezar-dnia-i-spiekota\/#breadcrumb\"},\"inLanguage\":\"pl-PL\",\"potentialAction\":[{\"@type\":\"ReadAction\",\"target\":[\"https:\/\/gaudiumetspes-blog.pl\/index.php\/2019\/08\/21\/ciezar-dnia-i-spiekota\/\"]}]},{\"@type\":\"ImageObject\",\"inLanguage\":\"pl-PL\",\"@id\":\"https:\/\/gaudiumetspes-blog.pl\/index.php\/2019\/08\/21\/ciezar-dnia-i-spiekota\/#primaryimage\",\"url\":\"https:\/\/gaudiumetspes-blog.pl\/wp-content\/uploads\/2019\/08\/DSC_0381.jpg\",\"contentUrl\":\"https:\/\/gaudiumetspes-blog.pl\/wp-content\/uploads\/2019\/08\/DSC_0381.jpg\",\"width\":4288,\"height\":2848},{\"@type\":\"BreadcrumbList\",\"@id\":\"https:\/\/gaudiumetspes-blog.pl\/index.php\/2019\/08\/21\/ciezar-dnia-i-spiekota\/#breadcrumb\",\"itemListElement\":[{\"@type\":\"ListItem\",\"position\":1,\"name\":\"Strona g\u0142\u00f3wna\",\"item\":\"https:\/\/gaudiumetspes-blog.pl\/\"},{\"@type\":\"ListItem\",\"position\":2,\"name\":\"Ci\u0119\u017car dnia i&nbsp;spiekota\"}]},{\"@type\":\"WebSite\",\"@id\":\"https:\/\/gaudiumetspes-blog.pl\/#website\",\"url\":\"https:\/\/gaudiumetspes-blog.pl\/\",\"name\":\"Gaudium Et Spes\",\"description\":\"Blog Ks. Jacka Ja\u015bkowskiego\",\"potentialAction\":[{\"@type\":\"SearchAction\",\"target\":{\"@type\":\"EntryPoint\",\"urlTemplate\":\"https:\/\/gaudiumetspes-blog.pl\/?s={search_term_string}\"},\"query-input\":{\"@type\":\"PropertyValueSpecification\",\"valueRequired\":true,\"valueName\":\"search_term_string\"}}],\"inLanguage\":\"pl-PL\"},{\"@type\":\"Person\",\"@id\":\"https:\/\/gaudiumetspes-blog.pl\/#\/schema\/person\/12bc173d67dadb67c1c90d9c6c34c643\",\"name\":\"Ks. Marek\",\"image\":{\"@type\":\"ImageObject\",\"inLanguage\":\"pl-PL\",\"@id\":\"https:\/\/gaudiumetspes-blog.pl\/#\/schema\/person\/image\/\",\"url\":\"https:\/\/gaudiumetspes-blog.pl\/wp-content\/uploads\/2019\/08\/73914d81-03a2-41a3-a2c0-9e0651fc6189-150x150.jpg\",\"contentUrl\":\"https:\/\/gaudiumetspes-blog.pl\/wp-content\/uploads\/2019\/08\/73914d81-03a2-41a3-a2c0-9e0651fc6189-150x150.jpg\",\"caption\":\"Ks. Marek\"},\"description\":\"Nazywam si\u0119 Ks. Marek Ja\u015bkowski i jestem Proboszczem Parafii \u015aw. J\u00f3zefa Robotnika w Surgucie i Parafii \u015aw. Paw\u0142a Aposto\u0142a w Nojabrsku. Moja Parafia to p\u00f3\u0142nocna cz\u0119\u015b\u0107 zachodniej Syberii \u2013 mo\u017cna powiedzie\u0107, \u017ce terytorialnie to prawie po\u0142owa Diecezji nowosybirskiej, jej p\u00f3\u0142nocna cz\u0119\u015b\u0107. Nasz Biskup okre\u015bli\u0142 kiedy\u015b, \u017ce jest to terytorialnie najwi\u0119ksza Parafia na \u015bwiecie! Terytorium Parafii jest czterokrotnie wi\u0119ksze od terytorium Polski! Przez kilka lat by\u0142em jedynym rzymskokatolickim ksi\u0119dzem na tym terytorium, od wrze\u015bnia 2019 roku pos\u0142ug\u0119 podejmuje Wsp\u00f3\u0142pracownik, Ks. Pawe\u0142 Czelu\u015bci\u0144ski. W Parafii pos\u0142uguj\u0105 tak\u017ce dwie Siostry od Anio\u0142\u00f3w, S. Joann i S. Teresa. Terytorium naszej Parafii to Chanty-Mansyjski Autonomiczny Okr\u0119g i Jamalsko-Nieniecki Autonomiczny Okr\u0119g. Jest to terytorium, kt\u00f3re s\u0142ynie z wydobycia ropy i gazu. Wi\u0119kszo\u015b\u0107 ropy, wydobywanej w Rosji \u2013 wydobywa si\u0119 z terenu mojej Parafii. W zwi\u0105zku z tym, w ostatnich kilku dziesi\u0119cioleciach, przyby\u0142o mn\u00f3stwo ludzi w poszukiwaniu pracy. Na tym terenie jest kilkana\u015bcie, a mo\u017ce i kilkadziesi\u0105t \u2013 cz\u0119sto nowych miast, w kt\u00f3rych osiedlaj\u0105 si\u0119 owi przyje\u017cd\u017caj\u0105cy ludzie. Odwiedzamy miasta: Jugorsk i Sowiecki, oddalone 650 km od Surgutu; Uraj \u2013 730 km; Niaga\u0144 \u2013 600 km; Chanty-Mansyjsk \u2013 300 km. To kierunek po\u0142udniowo \u2013 zachodni. Natomiast na p\u00f3\u0142nocy odwiedzamy Nojabrsk \u2013 320 km i Koga\u0142ym \u2013 190 km, Gubkinskij \u2013 500 km; Tarko-Sale \u2013 600 km; Nowyj Urengoj \u2013 760 km. Je\u017adzimy te\u017c do Tiumenii, \u017ceby stamt\u0105d polecie\u0107 samolotem do Salechardu, na ko\u0142o podbiegunowe \u2013 ponad 1100 km w prostej linii \u2013 \u017ceby i tam odwiedzi\u0107 naszych Parafian, kt\u00f3rzy cz\u0119sto bior\u0105 urlop w pracy, aby spotka\u0107 si\u0119 z nami, uczestniczy\u0107 we Mszy \u015awi\u0119tej i w katechizacji. Do Salechardu nie ma drogi, mo\u017cna dotrze\u0107 tylko samolotem, albo (latem) statkiem. Wymienione miasta to tylko niekt\u00f3re z miejsc, kt\u00f3re odwiedzamy. W ca\u0142ej naszej Parafii mamy jeden ko\u015bci\u00f3\u0142 \u2013 w Surgucie \u2013 i jedn\u0105 kaplic\u0119, w Nojabrsku, w jednym z blok\u00f3w. W innych miejscach spotykamy si\u0119 w mieszkaniach Parafian. Ludzie jednak cz\u0119sto kr\u0119puj\u0105 si\u0119 przychodzi\u0107 do kogo\u015b, do domu. A Parafia najbardziej rozwija si\u0119 tam, gdzie jest \u015bwi\u0105tynia. Ostatnio kupili\u015bmy dom na kaplic\u0119 w Koga\u0142ymie. Konieczny jest tam jednak gruntowny remont, kt\u00f3ry aktualnie prowadzimy. Nast\u0119pnym miejscem oczekuj\u0105cym na swoj\u0105 \u015bwi\u0105tyni\u0119 - kaplic\u0119 jest Chanty-Mansyjsk. Dramatycznie potrzeba tu ksi\u0119\u017cy! \u017beby kr\u00f3lestwo Bo\u017ce mog\u0142o wzrasta\u0107 w sercach ludzi, musz\u0105 mie\u0107 oni cz\u0119stszy dost\u0119p do Sakrament\u00f3w. Na terenie naszej Parafii mieszka jakie\u015b 2,5 miliona ludzi, w samym Surgucie \u2013 350 tysi\u0119cy. A tylko dw\u00f3ch Ksi\u0119\u017cy i dwie Siostry. Prosimy Was zatem o dwojak\u0105 pomoc: Modlitwa \u2013 to najwa\u017cniejsze! Prosz\u0119 Was, pom\u00f3dlcie si\u0119 za nasz\u0105 Parafi\u0119 przynajmniej dziesi\u0105tkiem R\u00f3\u017ca\u0144ca, a potem pom\u00f3dlcie si\u0119 przez wstawiennictwo naszych \u015awi\u0119tych Patron\u00f3w: Matki Bo\u017cej Fatimskiej, \u015aw. J\u00f3zefa Robotnika, \u015aw. Paw\u0142a Aposto\u0142a, \u015aw. Jana Paw\u0142a II, Micha\u0142a Archanio\u0142a i Anio\u0142\u00f3w Str\u00f3\u017c\u00f3w. Ofiara \u2013 materialna pomoc tak\u017ce jest nam niezmiernie potrzebna ze wzgl\u0119du na budow\u0119 domu parafialnego w Surgucie, remont domu na kaplic\u0119 w Koga\u0142ymie, oraz organizowanie spotka\u0144 wsp\u00f3lnot i miejsc modlitwy w wielu innych miastach. Wszystkim Darczy\u0144com z serca dzi\u0119kujemy i obiecujemy modlitw\u0119! Niech Was b\u0142ogos\u0142awi B\u00f3g Wszechmog\u0105cy: Ojciec + i Syn, i Duch \u015awi\u0119ty. Amen o.marek@mail.ru www.catholicsurgut.ru Dane do przelewu: Marek Ja\u015bkowski ul. K\u0105pielowa 19\/2 21-500 Bia\u0142a Podlaska Nr konta: 50 1020 5558 1111 1548 2400 0027\",\"url\":\"https:\/\/gaudiumetspes-blog.pl\/index.php\/author\/ks-marek\/\"}]}<\/script>\n<!-- \/ Yoast SEO plugin. -->","yoast_head_json":{"title":"Ci\u0119\u017car dnia i spiekota - Gaudium Et Spes","robots":{"index":"index","follow":"follow","max-snippet":"max-snippet:-1","max-image-preview":"max-image-preview:large","max-video-preview":"max-video-preview:-1"},"canonical":"https:\/\/gaudiumetspes-blog.pl\/index.php\/2019\/08\/21\/ciezar-dnia-i-spiekota\/","og_locale":"pl_PL","og_type":"article","og_title":"Ci\u0119\u017car dnia i spiekota - Gaudium Et Spes","og_description":"Niech b\u0119dzie pochwalony Jezus Chrystus! Pozdrawiam serdecznie z Surgutu, z Syberii.\u00a0 Bardzo serdecznie dzi\u0119kuj\u0119 za wszystkie \u017cyczenia urodzinowe, a przede wszystkim za modlitw\u0119. Jestem wzruszony tym powa\u017cnym podej\u015bciem do modlitwy, do ofiarowania Komunii przez Ann\u0119, wyra\u017con\u0105 w s\u0142owach &#8211; zawiod\u0142am was\u2026 bo w tym dniu nie uda\u0142o si\u0119 by\u0107 na Mszy \u015aw. Dzi\u0119kuj\u0119 za modlitw\u0119 [&hellip;]","og_url":"https:\/\/gaudiumetspes-blog.pl\/index.php\/2019\/08\/21\/ciezar-dnia-i-spiekota\/","og_site_name":"Gaudium Et Spes","article_published_time":"2019-08-21T08:19:42+00:00","article_modified_time":"2019-08-21T09:59:27+00:00","og_image":[{"url":"https:\/\/gaudiumetspes-blog.pl\/wp-content\/uploads\/2019\/08\/DSC_0381-300x199.jpg","type":"","width":"","height":""}],"author":"Ks. Marek","twitter_card":"summary_large_image","twitter_misc":{"Napisane przez":"Ks. Marek","Szacowany czas czytania":"12 minut"},"schema":{"@context":"https:\/\/schema.org","@graph":[{"@type":"WebPage","@id":"https:\/\/gaudiumetspes-blog.pl\/index.php\/2019\/08\/21\/ciezar-dnia-i-spiekota\/","url":"https:\/\/gaudiumetspes-blog.pl\/index.php\/2019\/08\/21\/ciezar-dnia-i-spiekota\/","name":"Ci\u0119\u017car dnia i spiekota - Gaudium Et Spes","isPartOf":{"@id":"https:\/\/gaudiumetspes-blog.pl\/#website"},"primaryImageOfPage":{"@id":"https:\/\/gaudiumetspes-blog.pl\/index.php\/2019\/08\/21\/ciezar-dnia-i-spiekota\/#primaryimage"},"image":{"@id":"https:\/\/gaudiumetspes-blog.pl\/index.php\/2019\/08\/21\/ciezar-dnia-i-spiekota\/#primaryimage"},"thumbnailUrl":"https:\/\/gaudiumetspes-blog.pl\/wp-content\/uploads\/2019\/08\/DSC_0381-300x199.jpg","datePublished":"2019-08-21T08:19:42+00:00","dateModified":"2019-08-21T09:59:27+00:00","author":{"@id":"https:\/\/gaudiumetspes-blog.pl\/#\/schema\/person\/12bc173d67dadb67c1c90d9c6c34c643"},"breadcrumb":{"@id":"https:\/\/gaudiumetspes-blog.pl\/index.php\/2019\/08\/21\/ciezar-dnia-i-spiekota\/#breadcrumb"},"inLanguage":"pl-PL","potentialAction":[{"@type":"ReadAction","target":["https:\/\/gaudiumetspes-blog.pl\/index.php\/2019\/08\/21\/ciezar-dnia-i-spiekota\/"]}]},{"@type":"ImageObject","inLanguage":"pl-PL","@id":"https:\/\/gaudiumetspes-blog.pl\/index.php\/2019\/08\/21\/ciezar-dnia-i-spiekota\/#primaryimage","url":"https:\/\/gaudiumetspes-blog.pl\/wp-content\/uploads\/2019\/08\/DSC_0381.jpg","contentUrl":"https:\/\/gaudiumetspes-blog.pl\/wp-content\/uploads\/2019\/08\/DSC_0381.jpg","width":4288,"height":2848},{"@type":"BreadcrumbList","@id":"https:\/\/gaudiumetspes-blog.pl\/index.php\/2019\/08\/21\/ciezar-dnia-i-spiekota\/#breadcrumb","itemListElement":[{"@type":"ListItem","position":1,"name":"Strona g\u0142\u00f3wna","item":"https:\/\/gaudiumetspes-blog.pl\/"},{"@type":"ListItem","position":2,"name":"Ci\u0119\u017car dnia i&nbsp;spiekota"}]},{"@type":"WebSite","@id":"https:\/\/gaudiumetspes-blog.pl\/#website","url":"https:\/\/gaudiumetspes-blog.pl\/","name":"Gaudium Et Spes","description":"Blog Ks. Jacka Ja\u015bkowskiego","potentialAction":[{"@type":"SearchAction","target":{"@type":"EntryPoint","urlTemplate":"https:\/\/gaudiumetspes-blog.pl\/?s={search_term_string}"},"query-input":{"@type":"PropertyValueSpecification","valueRequired":true,"valueName":"search_term_string"}}],"inLanguage":"pl-PL"},{"@type":"Person","@id":"https:\/\/gaudiumetspes-blog.pl\/#\/schema\/person\/12bc173d67dadb67c1c90d9c6c34c643","name":"Ks. Marek","image":{"@type":"ImageObject","inLanguage":"pl-PL","@id":"https:\/\/gaudiumetspes-blog.pl\/#\/schema\/person\/image\/","url":"https:\/\/gaudiumetspes-blog.pl\/wp-content\/uploads\/2019\/08\/73914d81-03a2-41a3-a2c0-9e0651fc6189-150x150.jpg","contentUrl":"https:\/\/gaudiumetspes-blog.pl\/wp-content\/uploads\/2019\/08\/73914d81-03a2-41a3-a2c0-9e0651fc6189-150x150.jpg","caption":"Ks. Marek"},"description":"Nazywam si\u0119 Ks. Marek Ja\u015bkowski i jestem Proboszczem Parafii \u015aw. J\u00f3zefa Robotnika w Surgucie i Parafii \u015aw. Paw\u0142a Aposto\u0142a w Nojabrsku. Moja Parafia to p\u00f3\u0142nocna cz\u0119\u015b\u0107 zachodniej Syberii \u2013 mo\u017cna powiedzie\u0107, \u017ce terytorialnie to prawie po\u0142owa Diecezji nowosybirskiej, jej p\u00f3\u0142nocna cz\u0119\u015b\u0107. Nasz Biskup okre\u015bli\u0142 kiedy\u015b, \u017ce jest to terytorialnie najwi\u0119ksza Parafia na \u015bwiecie! Terytorium Parafii jest czterokrotnie wi\u0119ksze od terytorium Polski! Przez kilka lat by\u0142em jedynym rzymskokatolickim ksi\u0119dzem na tym terytorium, od wrze\u015bnia 2019 roku pos\u0142ug\u0119 podejmuje Wsp\u00f3\u0142pracownik, Ks. Pawe\u0142 Czelu\u015bci\u0144ski. W Parafii pos\u0142uguj\u0105 tak\u017ce dwie Siostry od Anio\u0142\u00f3w, S. Joann i S. Teresa. Terytorium naszej Parafii to Chanty-Mansyjski Autonomiczny Okr\u0119g i Jamalsko-Nieniecki Autonomiczny Okr\u0119g. Jest to terytorium, kt\u00f3re s\u0142ynie z wydobycia ropy i gazu. Wi\u0119kszo\u015b\u0107 ropy, wydobywanej w Rosji \u2013 wydobywa si\u0119 z terenu mojej Parafii. W zwi\u0105zku z tym, w ostatnich kilku dziesi\u0119cioleciach, przyby\u0142o mn\u00f3stwo ludzi w poszukiwaniu pracy. Na tym terenie jest kilkana\u015bcie, a mo\u017ce i kilkadziesi\u0105t \u2013 cz\u0119sto nowych miast, w kt\u00f3rych osiedlaj\u0105 si\u0119 owi przyje\u017cd\u017caj\u0105cy ludzie. Odwiedzamy miasta: Jugorsk i Sowiecki, oddalone 650 km od Surgutu; Uraj \u2013 730 km; Niaga\u0144 \u2013 600 km; Chanty-Mansyjsk \u2013 300 km. To kierunek po\u0142udniowo \u2013 zachodni. Natomiast na p\u00f3\u0142nocy odwiedzamy Nojabrsk \u2013 320 km i Koga\u0142ym \u2013 190 km, Gubkinskij \u2013 500 km; Tarko-Sale \u2013 600 km; Nowyj Urengoj \u2013 760 km. Je\u017adzimy te\u017c do Tiumenii, \u017ceby stamt\u0105d polecie\u0107 samolotem do Salechardu, na ko\u0142o podbiegunowe \u2013 ponad 1100 km w prostej linii \u2013 \u017ceby i tam odwiedzi\u0107 naszych Parafian, kt\u00f3rzy cz\u0119sto bior\u0105 urlop w pracy, aby spotka\u0107 si\u0119 z nami, uczestniczy\u0107 we Mszy \u015awi\u0119tej i w katechizacji. Do Salechardu nie ma drogi, mo\u017cna dotrze\u0107 tylko samolotem, albo (latem) statkiem. Wymienione miasta to tylko niekt\u00f3re z miejsc, kt\u00f3re odwiedzamy. W ca\u0142ej naszej Parafii mamy jeden ko\u015bci\u00f3\u0142 \u2013 w Surgucie \u2013 i jedn\u0105 kaplic\u0119, w Nojabrsku, w jednym z blok\u00f3w. W innych miejscach spotykamy si\u0119 w mieszkaniach Parafian. Ludzie jednak cz\u0119sto kr\u0119puj\u0105 si\u0119 przychodzi\u0107 do kogo\u015b, do domu. A Parafia najbardziej rozwija si\u0119 tam, gdzie jest \u015bwi\u0105tynia. Ostatnio kupili\u015bmy dom na kaplic\u0119 w Koga\u0142ymie. Konieczny jest tam jednak gruntowny remont, kt\u00f3ry aktualnie prowadzimy. Nast\u0119pnym miejscem oczekuj\u0105cym na swoj\u0105 \u015bwi\u0105tyni\u0119 - kaplic\u0119 jest Chanty-Mansyjsk. Dramatycznie potrzeba tu ksi\u0119\u017cy! \u017beby kr\u00f3lestwo Bo\u017ce mog\u0142o wzrasta\u0107 w sercach ludzi, musz\u0105 mie\u0107 oni cz\u0119stszy dost\u0119p do Sakrament\u00f3w. Na terenie naszej Parafii mieszka jakie\u015b 2,5 miliona ludzi, w samym Surgucie \u2013 350 tysi\u0119cy. A tylko dw\u00f3ch Ksi\u0119\u017cy i dwie Siostry. Prosimy Was zatem o dwojak\u0105 pomoc: Modlitwa \u2013 to najwa\u017cniejsze! Prosz\u0119 Was, pom\u00f3dlcie si\u0119 za nasz\u0105 Parafi\u0119 przynajmniej dziesi\u0105tkiem R\u00f3\u017ca\u0144ca, a potem pom\u00f3dlcie si\u0119 przez wstawiennictwo naszych \u015awi\u0119tych Patron\u00f3w: Matki Bo\u017cej Fatimskiej, \u015aw. J\u00f3zefa Robotnika, \u015aw. Paw\u0142a Aposto\u0142a, \u015aw. Jana Paw\u0142a II, Micha\u0142a Archanio\u0142a i Anio\u0142\u00f3w Str\u00f3\u017c\u00f3w. Ofiara \u2013 materialna pomoc tak\u017ce jest nam niezmiernie potrzebna ze wzgl\u0119du na budow\u0119 domu parafialnego w Surgucie, remont domu na kaplic\u0119 w Koga\u0142ymie, oraz organizowanie spotka\u0144 wsp\u00f3lnot i miejsc modlitwy w wielu innych miastach. Wszystkim Darczy\u0144com z serca dzi\u0119kujemy i obiecujemy modlitw\u0119! Niech Was b\u0142ogos\u0142awi B\u00f3g Wszechmog\u0105cy: Ojciec + i Syn, i Duch \u015awi\u0119ty. Amen o.marek@mail.ru www.catholicsurgut.ru Dane do przelewu: Marek Ja\u015bkowski ul. K\u0105pielowa 19\/2 21-500 Bia\u0142a Podlaska Nr konta: 50 1020 5558 1111 1548 2400 0027","url":"https:\/\/gaudiumetspes-blog.pl\/index.php\/author\/ks-marek\/"}]}},"jetpack_featured_media_url":"","jetpack_sharing_enabled":true,"_links":{"self":[{"href":"https:\/\/gaudiumetspes-blog.pl\/index.php\/wp-json\/wp\/v2\/posts\/15659","targetHints":{"allow":["GET"]}}],"collection":[{"href":"https:\/\/gaudiumetspes-blog.pl\/index.php\/wp-json\/wp\/v2\/posts"}],"about":[{"href":"https:\/\/gaudiumetspes-blog.pl\/index.php\/wp-json\/wp\/v2\/types\/post"}],"author":[{"embeddable":true,"href":"https:\/\/gaudiumetspes-blog.pl\/index.php\/wp-json\/wp\/v2\/users\/3"}],"replies":[{"embeddable":true,"href":"https:\/\/gaudiumetspes-blog.pl\/index.php\/wp-json\/wp\/v2\/comments?post=15659"}],"version-history":[{"count":3,"href":"https:\/\/gaudiumetspes-blog.pl\/index.php\/wp-json\/wp\/v2\/posts\/15659\/revisions"}],"predecessor-version":[{"id":15663,"href":"https:\/\/gaudiumetspes-blog.pl\/index.php\/wp-json\/wp\/v2\/posts\/15659\/revisions\/15663"}],"wp:attachment":[{"href":"https:\/\/gaudiumetspes-blog.pl\/index.php\/wp-json\/wp\/v2\/media?parent=15659"}],"wp:term":[{"taxonomy":"category","embeddable":true,"href":"https:\/\/gaudiumetspes-blog.pl\/index.php\/wp-json\/wp\/v2\/categories?post=15659"},{"taxonomy":"post_tag","embeddable":true,"href":"https:\/\/gaudiumetspes-blog.pl\/index.php\/wp-json\/wp\/v2\/tags?post=15659"}],"curies":[{"name":"wp","href":"https:\/\/api.w.org\/{rel}","templated":true}]}}