{"id":15664,"date":"2019-08-22T05:36:26","date_gmt":"2019-08-22T03:36:26","guid":{"rendered":"https:\/\/gaudiumetspes-blog.pl\/?p=15664"},"modified":"2019-08-21T22:59:41","modified_gmt":"2019-08-21T20:59:41","slug":"krolowac-to-sluzyc-a-sluzyc-to-krolowac","status":"publish","type":"post","link":"https:\/\/gaudiumetspes-blog.pl\/index.php\/2019\/08\/22\/krolowac-to-sluzyc-a-sluzyc-to-krolowac\/","title":{"rendered":"Kr\u00f3lowa\u0107 &#8211; to s\u0142u\u017cy\u0107! A s\u0142u\u017cy\u0107 &#8211; to kr\u00f3lowa\u0107!"},"content":{"rendered":"<p align=\"justify\"><span style=\"color: #000000;\"><span style=\"font-family: Book Antiqua, serif;\"><span style=\"font-size: large;\">Szcz\u0119\u015b\u0107 Bo\u017ce! Moi Drodzy, w dniu dzisiejszym <b>imieniny prze\u017cywa Cezary Kryczka, za moich czas\u00f3w \u2013 Lektor w Parafii w Radory\u017cu Ko\u015bcielnym, na moim pierwszym wikariacie. Urodziny natomiast prze\u017cywa Katarzyna Baczkura, nale\u017c\u0105ca w swoim czasie do jednej z m\u0142odzie\u017cowych Wsp\u00f3lnot. \u017bycz\u0119 Obojgu \u015bwi\u0119tuj\u0105cym zapa\u0142u i natchnienia do codziennego radosnego i gorliwego pe\u0142nienia s\u0142u\u017cby Bo\u017cej! Wi\u0119cej o tym w rozwa\u017caniu. Zapewniam o modlitwie!<\/b><\/span><\/span><\/span><\/p>\n<p align=\"justify\"><span style=\"color: #000000;\"><span style=\"font-family: Book Antiqua, serif;\"><span style=\"font-size: large;\">Moi Drodzy, bardzo dzi\u0119kujemy Ksi\u0119dzu Markowi za wczorajsze s\u0142\u00f3wko z Syberii! Je\u017celi kto\u015b go jeszcze nie przeczyta\u0142, niech to koniecznie zrobi. A je\u017celi kto\u015b przeczyta\u0142 \u2013 niech to zrobi jeszcze raz! Koniecznie! Naprawd\u0119 \u2013 warto! Fantastyczne refleksje nad Bo\u017cym s\u0142owem! Nie ukrywam, \u017ce za\u015bmia\u0142em si\u0119, czytaj\u0105c o najg\u0142upszym grzechu. Ale trzeba przyzna\u0107, \u017ce to prawda, prawda? Ciekawa refleksja \u2013 ta i wszystkie pozosta\u0142e!<\/span><\/span><\/span><\/p>\n<p align=\"justify\"><span style=\"color: #000000;\"><span style=\"font-family: Book Antiqua, serif;\"><span style=\"font-size: large;\">I wspania\u0142a relacja w wielkich wydarze\u0144, jakie dzia\u0142y si\u0119 ostatnio w Parafii w Surgucie. Raz jeszcze, z okazji dnia ra\u017cdienija, przesy\u0142amy serdeczne \u017cyczenia! A tort \u2013 wykonany zapewne, jak si\u0119 domy\u015blam po zobaczeniu zdj\u0119cia, przez nieocenion\u0105 Pani\u0105 D\u017cawair \u2013 musia\u0142 smakowa\u0107 wybornie! Chyba mo\u017cemy troch\u0119 pozazdro\u015bci\u0107. Oczywi\u015bcie \u2013 tak nieszkodliwie\u2026 Bez popadania w najg\u0142upszy grzech!<\/span><\/span><\/span><\/p>\n<p align=\"justify\"><span style=\"color: #000000;\"><span style=\"font-family: Book Antiqua, serif;\"><span style=\"font-size: large;\">Pami\u0119tajmy w modlitwie o Ksi\u0119dzu Marku, o Siostrze Joannie i Jej Rodzinie, o Jej Tacie, ale te\u017c otoczmy modlitw\u0105 dwie Pary M\u0142ode.<\/span><\/span><\/span><\/p>\n<p align=\"justify\"><span style=\"color: #000000;\"><span style=\"font-family: Book Antiqua, serif;\"><span style=\"font-size: large;\">Moi Drodzy, z racji dzisiejszego wspomnienia, dotycz\u0105cego Matki Naj\u015bwi\u0119tszej, si\u0119gn\u0105\u0142em do czyta\u0144 z tomu VI Lekcjonarza, czyli tego, przeznaczonego na wspomnienia \u015awi\u0119tych. Nie s\u0105 to wi\u0119c czytania z dnia powszedniego. Nie zdziwcie si\u0119 zatem, je\u017celi w ko\u015bciele us\u0142yszycie inne czytania, z Ksi\u0119gi S\u0119dzi\u00f3w. Bo r\u00f3\u017cne portale religijne r\u00f3\u017cnie proponuj\u0105: albo z tomu VI, albo z dnia powszedniego. <\/span><\/span><\/span><\/p>\n<p align=\"justify\"><span style=\"color: #000000;\"><span style=\"font-family: Book Antiqua, serif;\"><span style=\"font-size: large;\">Ja wybra\u0142em te pierwsze \u2013 w\u0142a\u015bnie dlatego, \u017ce rzecz dotyczy Matki Bo\u017cej, a o Niej Pismo \u015awi\u0119te m\u00f3wi wprost. W przypadku wspomnie\u0144 obowi\u0105zkowych innych \u015awi\u0119tych, o kt\u00f3rych nie ma mowy w Pi\u015bmie \u015awi\u0119tym, bior\u0119 czytania \u201ez dnia\u201d. <\/span><\/span><\/span><\/p>\n<p align=\"justify\"><span style=\"color: #000000;\"><span style=\"font-family: Book Antiqua, serif;\"><span style=\"font-size: large;\">Dobrego i b\u0142ogos\u0142awionego dnia!<\/span><\/span><\/span><\/p>\n<p align=\"center\"><span style=\"color: #000000;\"><span style=\"font-family: Book Antiqua, serif;\"><span style=\"font-size: large;\">Gaudium et spes! Ks. Jacek<\/span><\/span><\/span><\/p>\n<p align=\"center\">\n<p align=\"center\">\n<p align=\"center\">\n<p align=\"center\">\n<p align=\"center\">\n<p align=\"justify\"><span style=\"color: #000000;\"><span style=\"font-family: Book Antiqua, serif;\"><span style=\"font-size: large;\"><b>Wspomnienie Naj\u015bwi\u0119tszej Maryi Panny, Kr\u00f3lowej,<\/b><\/span><\/span><\/span><\/p>\n<p align=\"justify\"><span style=\"color: #000000;\"><span style=\"font-family: Book Antiqua, serif;\"><span style=\"font-size: large;\"><b>do czyta\u0144 z t. VI Lekcjonarza: Iz 9,1\u20133.5\u20136; \u0141k 1,26\u201338<\/b><\/span><\/span><\/span><\/p>\n<p align=\"justify\">\n<p align=\"justify\">\n<p align=\"justify\">\n<p align=\"justify\">\n<p align=\"justify\">\n<p align=\"justify\"><span style=\"color: #000000;\"><span style=\"font-family: Book Antiqua, serif;\"><span style=\"font-size: large;\"><b>CZYTANIE Z KSI\u0118GI PROROKA IZAJASZA:<\/b><\/span><\/span><\/span><\/p>\n<p align=\"justify\"><span style=\"color: #000000;\"><span style=\"font-family: Book Antiqua, serif;\"><span style=\"font-size: large;\"><b>Nar\u00f3d krocz\u0105cy w ciemno\u015bciach ujrza\u0142 \u015bwiat\u0142o\u015b\u0107 wielk\u0105; nad mieszka\u0144cami kraju mrok\u00f3w zab\u0142ys\u0142o \u015bwiat\u0142o. Pomno\u017cy\u0142e\u015b rado\u015b\u0107, zwi\u0119kszy\u0142e\u015b wesele. Rozradowali si\u0119 przed Tob\u0105, jak si\u0119 raduj\u0105 we \u017cniwa, jak si\u0119 wesel\u0105 przy podziale \u0142upu. Bo jak w dniu pora\u017cki Madianit\u00f3w z\u0142ama\u0142e\u015b jego ci\u0119\u017ckie jarzmo i dr\u0105\u017cek na jego ramieniu, pr\u0119t jego ciemi\u0119zcy.<\/b><\/span><\/span><\/span><\/p>\n<p align=\"justify\"><span style=\"color: #000000;\"><span style=\"font-family: Book Antiqua, serif;\"><span style=\"font-size: large;\"><b>Albowiem Dzieci\u0119 nam si\u0119 narodzi\u0142o, Syn zosta\u0142 nam dany, na Jego barkach spocz\u0119\u0142a w\u0142adza. Nazwano Go imieniem: \u201ePrzedziwny Doradca, B\u00f3g Mocny, Odwieczny Ojciec, Ksi\u0105\u017c\u0119 Pokoju\u201d.<\/b><\/span><\/span><\/span><\/p>\n<p align=\"justify\"><span style=\"color: #000000;\"><span style=\"font-family: Book Antiqua, serif;\"><span style=\"font-size: large;\"><b>Wielkie b\u0119dzie Jego panowanie w pokoju bez granic na tronie Dawida i nad Jego kr\u00f3lestwem, kt\u00f3re On utwierdzi i umocni prawem i sprawiedliwo\u015bci\u0105, odt\u0105d i na wieki. Zazdrosna mi\u0142o\u015b\u0107 Pana Zast\u0119p\u00f3w tego dokona.<\/b><\/span><\/span><\/span><\/p>\n<p align=\"justify\">\n<p align=\"justify\">\n<p align=\"justify\">\n<p align=\"justify\">\n<p align=\"justify\">\n<p align=\"justify\"><span style=\"color: #000000;\"><span style=\"font-family: Book Antiqua, serif;\"><span style=\"font-size: large;\"><b>S\u0141OWA EWANGELII WED\u0141UG \u015aWI\u0118TEGO \u0141UKASZA:<\/b><\/span><\/span><\/span><\/p>\n<p align=\"justify\"><span style=\"color: #000000;\"><span style=\"font-family: Book Antiqua, serif;\"><span style=\"font-size: large;\"><b>B\u00f3g pos\u0142a\u0142 anio\u0142a Gabriela do miasta w Galilei, zwanego Nazaret, do Dziewicy po\u015blubionej m\u0119\u017cowi, imieniem J\u00f3zef, z rodu Dawida; a Dziewicy by\u0142o na imi\u0119 Maryja.<\/b><\/span><\/span><\/span><\/p>\n<p align=\"justify\"><span style=\"color: #000000;\"><span style=\"font-family: Book Antiqua, serif;\"><span style=\"font-size: large;\"><b>Anio\u0142 wszed\u0142 do Niej i rzek\u0142: \u201eB\u0105d\u017a pozdrowiona, pe\u0142na \u0142aski, Pan z Tob\u0105, b\u0142ogos\u0142awiona jeste\u015b mi\u0119dzy niewiastami\u201d.<\/b><\/span><\/span><\/span><\/p>\n<p align=\"justify\"><span style=\"color: #000000;\"><span style=\"font-family: Book Antiqua, serif;\"><span style=\"font-size: large;\"><b>Ona zmiesza\u0142a si\u0119 na te s\u0142owa i rozwa\u017ca\u0142a, co mia\u0142oby znaczy\u0107 to pozdrowienie.<\/b><\/span><\/span><\/span><\/p>\n<p align=\"justify\"><span style=\"color: #000000;\"><span style=\"font-family: Book Antiqua, serif;\"><span style=\"font-size: large;\"><b>Lecz anio\u0142 rzek\u0142 do Niej: \u201eNie b\u00f3j si\u0119, Maryjo, znalaz\u0142a\u015b bowiem \u0142ask\u0119 u Boga. Oto poczniesz i porodzisz Syna, kt\u00f3remu nadasz imi\u0119 Jezus. B\u0119dzie On wielki i b\u0119dzie nazwany Synem Najwy\u017cszego, a Pan B\u00f3g da Mu tron Jego praojca, Dawida. B\u0119dzie panowa\u0142 nad domem Jakuba na wieki, a Jego panowaniu nie b\u0119dzie ko\u0144ca\u201d.<\/b><\/span><\/span><\/span><\/p>\n<p align=\"justify\"><span style=\"color: #000000;\"><span style=\"font-family: Book Antiqua, serif;\"><span style=\"font-size: large;\"><b>Na to Maryja rzek\u0142a do anio\u0142a: \u201eJak\u017ce si\u0119 to stanie, skoro m\u0119\u017ca nie znam?\u201d<\/b><\/span><\/span><\/span><\/p>\n<p align=\"justify\"><span style=\"color: #000000;\"><span style=\"font-family: Book Antiqua, serif;\"><span style=\"font-size: large;\"><b>Anio\u0142 Jej odpowiedzia\u0142: \u201eDuch \u015awi\u0119ty zst\u0105pi na Ciebie i moc Najwy\u017cszego os\u0142oni Ci\u0119. Dlatego te\u017c \u015awi\u0119te, kt\u00f3re si\u0119 narodzi, b\u0119dzie nazwane Synem Bo\u017cym. A oto r\u00f3wnie\u017c krewna Twoja, El\u017cbieta, pocz\u0119\u0142a w swej staro\u015bci syna i jest ju\u017c w sz\u00f3stym miesi\u0105cu ta, kt\u00f3ra uchodzi za niep\u0142odn\u0105. Dla Boga bowiem nie ma nic niemo\u017cliwego\u201d.<\/b><\/span><\/span><\/span><\/p>\n<p align=\"justify\"><span style=\"color: #000000;\"><span style=\"font-family: Book Antiqua, serif;\"><span style=\"font-size: large;\"><b>Na to rzek\u0142a Maryja: \u201eOto ja s\u0142u\u017cebnica Pa\u0144ska, niech mi si\u0119 stanie wed\u0142ug twego s\u0142owa\u201d. Wtedy odszed\u0142 od Niej anio\u0142.<\/b><\/span><\/span><\/span><\/p>\n<p align=\"justify\">\n<p align=\"justify\">\n<p align=\"justify\">\n<p align=\"justify\">\n<p align=\"justify\">\n<p align=\"justify\"><span style=\"color: #000000;\"><span style=\"font-family: Book Antiqua, serif;\"><span style=\"font-size: large;\">Wspomnienie Maryi Kr\u00f3lowej, kt\u00f3re dzi\u015b prze\u017cywamy, zosta\u0142o wprowadzone przez Papie\u017ca Piusa XII encyklik\u0105 <b>\u201e<\/b><b>Ad caeli Reginam\u201d (\u201eDo Kr\u00f3lowej niebios\u201d), wydan\u0105 11 pa\u017adziernika 1954 roku, <\/b>w setn\u0105 rocznic\u0119 og\u0142oszenia dogmatu o Niepokalanym Pocz\u0119ciu Maryi. Ju\u017c w czasie Soboru Watyka\u0144skiego I, w roku 1869, <b>B<\/b><b>iskupi<\/b><b> francuscy i hiszpa\u0144scy prosili o to \u015bwi\u0119to. <\/b>P\u00f3\u017aniej pro\u015bby te by\u0142y wielokrotnie ponawiane.<\/span><\/span><\/span><\/p>\n<p align=\"justify\"><span style=\"color: #000000;\"><span style=\"font-family: Book Antiqua, serif;\"><span style=\"font-size: large;\">Pocz\u0105tkowo wspomnienie Maryi Kr\u00f3lowej obchodzone by\u0142o w dniu 31 maja, ale w wyniku posoborowej reformy kalendarza liturgicznego przesuni\u0119to je na <b>oktaw\u0119 uroczysto\u015bci Wniebowzi\u0119cia Maryi \u2013 a wi\u0119c 22 sierpnia. <\/b>To w\u0142a\u015bnie wydarzenie ukoronowania Maryi wspominamy w pi\u0105tej tajemnicy chwalebnej R\u00f3\u017ca\u0144ca \u015awi\u0119tego.<\/span><\/span><\/span><\/p>\n<p align=\"justify\"><span style=\"color: #000000;\"><span style=\"font-family: Book Antiqua, serif;\"><span style=\"font-size: large;\"><b>W Pi\u015bmie \u015awi\u0119tym nie mamy tekstu, kt\u00f3ry by wprost m\u00f3wi\u0142 o kr\u00f3lewskim tytule Naj\u015bwi\u0119tszej Maryi Panny. <\/b>S\u0105 jednak teksty po\u015brednie, kt\u00f3re t\u0119 prawd\u0119 zawieraj\u0105. W raju pojawia si\u0119 zapowied\u017a Niewiasty, kt\u00f3ra skruszy g\u0142ow\u0119 w\u0119\u017ca. Archanio\u0142 Gabriel \u2013 jak us\u0142yszeli\u015bmy to w Ewangelii \u2013 zwraca si\u0119 do Maryi: <i><b>B\u0142ogos\u0142awiona jeste\u015b mi\u0119dzy niewiastami<\/b><\/i><i><b>!<\/b><\/i><b> <\/b>A zatem \u2013 spomi\u0119dzy wszystkich niewiast na ziemi Ona jest pierwsza. Sama te\u017c Maryja w proroczym natchnieniu wypowiada o sobie s\u0142owa: <i><b>Oto b\u0142ogos\u0142awi\u0107 Mnie b\u0119d\u0105 odt\u0105d wszystkie pokolenia.<\/b><\/i><\/span><\/span><\/span><\/p>\n<p align=\"justify\"><span style=\"color: #000000;\"><span style=\"font-family: Book Antiqua, serif;\"><span style=\"font-size: large;\">Maryja pochodzi\u0142a z kr\u00f3lewskiego rodu Dawida. Ewangelie bardzo cz\u0119sto podkre\u015blaj\u0105 to kr\u00f3lewskie pochodzenie Jej Syna \u2013 Jezusa. Apokalipsa z kolei zawiera pi\u0119kny obraz <b>Niewiasty obleczonej w s\u0142o\u0144ce i ksi\u0119\u017cyc pod Jej stopami, na kt\u00f3rej g\u0142owie ja\u015bnieje wieniec z gwiazd dwunastu. <\/b>Niewiast\u0105 ow\u0105 \u2013 wed\u0142ug Tradycji Ko\u015bcio\u0142a \u2013 jest w\u0142a\u015bnie Maryja.<\/span><\/span><\/span><\/p>\n<p align=\"justify\"><span style=\"color: #000000;\"><span style=\"font-family: Book Antiqua, serif;\"><span style=\"font-size: large;\">Potwierdzenie powszechnej wiary w to, \u017ce Maryja jest Kr\u00f3low\u0105 nieba i ziemi, wyra\u017ca r\u00f3wnie\u017c <b>nauczanie Ojc\u00f3w Ko\u015bcio\u0142a, ale tak\u017ce \u2013 ikonografia chrze\u015bcija\u0144ska, <\/b>kt\u00f3ra od lat najdawniejszych przedstawia Maryj\u0119 na tronie, z nimbem, w kt\u00f3rym przedstawiano tylko cesarzy. Taki spos\u00f3b przedstawiania Naj\u015bwi\u0119tszej Maryi Panny spotykamy ju\u017c od III wieku w katakumbach.<\/span><\/span><\/span><\/p>\n<p align=\"justify\"><span style=\"color: #000000;\"><span style=\"font-family: Book Antiqua, serif;\"><span style=\"font-size: large;\">W VIII wieku \u2013 jako forma walki z obrazoburcami \u2013 przyj\u0105\u0142 si\u0119 zwyczaj <b>prywatnego koronowania obraz\u00f3w i figur Matki Bo\u017cej, <\/b>zw\u0142aszcza s\u0142yn\u0105cych szczeg\u00f3lnymi \u0142askami. Od XVII wieku zwyczaj ten <b>urz\u0119dowo zastrze<\/b><b>g\u0142a sobie<\/b><b> Stolic<\/b><b>a<\/b><b> Apostolsk<\/b><b>a<\/b><b>. <\/b>Pocz\u0105tkowo koronacje owe by\u0142y zarezerwowane jedynie dla cudownych obraz\u00f3w w\u0142oskich. Wkr\u00f3tce jednak rozszerzono je na ca\u0142y \u015bwiat. W Polsce tego zaszczytu dost\u0105pi\u0142 <b>jako pierwszy obraz Matki Bo\u017cej \u0141askawej w Warszawie, w 1651 roku, a nast\u0119pnie \u2013 w roku 1717 \u2013 Obraz Matki Bo\u017cej Cz\u0119stochowskiej.<\/b><\/span><\/span><\/span><\/p>\n<p align=\"justify\"><span style=\"color: #000000;\"><span style=\"font-family: Book Antiqua, serif;\"><span style=\"font-size: large;\">R\u00f3wnie\u017c najdawniejsze i najbardziej popularne modlitwy do Maryi, do kt\u00f3rych zaliczamy: <b>\u201e<\/b><b>Pod Twoj\u0105 obron\u0119\u201d i \u201eWitaj, Kr\u00f3lowo\u201d, czy te\u017c Litania Loreta\u0144ska <\/b>\u2013 zawieraj\u0105 odniesienie do kr\u00f3lowania Matki Jezusa. <\/span><\/span><\/span><\/p>\n<p align=\"justify\"><span style=\"color: #000000;\"><span style=\"font-family: Book Antiqua, serif;\"><span style=\"font-size: large;\">Tytu\u0142 ten podkre\u015blony zosta\u0142 tak\u017ce w dokumentach Soboru Watyka\u0144skiego II, szczeg\u00f3lnie w Konstytucji Dogmatycznej o Ko\u015bciele \u201eLumen gentium\u201d, gdzie w punkcie 59 czytamy: <b>\u201e<\/b><b>Niepokalana Dziewica, zachowana woln\u0105 od wszelkiej skazy winy pierworodnej, dope\u0142niwszy biegu \u017cycia ziemskiego z cia\u0142em i dusz\u0105 wzi\u0119ta zosta\u0142a do chwa\u0142y niebieskiej i wywy\u017cszona przez Pana jako Kr\u00f3lowa wszystkiego, aby bardziej upodobni\u0142a si\u0119 do Syna swego, Pana panuj\u0105cego oraz zwyci\u0119zcy grzechu i \u015bmierci.<\/b><b>\u201d<\/b><\/span><\/span><\/span><\/p>\n<p align=\"justify\"><span style=\"color: #000000;\"><span style=\"font-family: Book Antiqua, serif;\"><span style=\"font-size: large;\">Tak zatem, tytu\u0142 \u201eKr\u00f3lowa\u201d podkre\u015bla stan Maryi w czasach ostatecznych jako Tej, kt\u00f3ra zasiada obok swego Syna, Kr\u00f3la chwa\u0142y. <b>Maryja ma uczestnictwo w chwale zmartwychwsta\u0142ego Chrystusa, gdy\u017c mia\u0142a udzia\u0142 w Jego dziele zbawczym. <\/b>Jest Jego Matk\u0105, nosi\u0142a Go w swoim \u0142onie, urodzi\u0142a Go, zadba\u0142a o Jego wychowanie, <b>towarzyszy\u0142a Mu nieustannie <\/b>podczas Jego nauczania \u2013 a\u017c do krzy\u017ca, a potem \u2013 w Wieczerniku, a\u017c do Dnia Pi\u0119\u0107dziesi\u0105tnicy.<\/span><\/span><\/span><\/p>\n<p align=\"justify\"><span style=\"color: #000000;\"><span style=\"font-family: Book Antiqua, serif;\"><span style=\"font-size: large;\"><b>Maryja nie jest Kr\u00f3low\u0105 absolutn\u0105, najwy\u017csz\u0105 i jedyn\u0105. <\/b>Jest nad Ni\u0105 B\u00f3g i tylko On ma najpe\u0142niejsze prawo do tego tytu\u0142u. Je\u015bli jednak Maryj\u0119 nazywamy Kr\u00f3low\u0105, to <b>ze wzgl\u0119du na Jej Syna. <\/b>Godno\u015b\u0107 Jej Boskiego Macierzy\u0144stwa wynosi J\u0105 ponad wszystkie stworzenia, czyni J\u0105 Kr\u00f3low\u0105 anio\u0142\u00f3w i wszystkich \u015bwi\u0119tych, Kr\u00f3low\u0105 nieba i ziemi. <b>Kr\u00f3lewsko\u015b\u0107 Maryi jest zatem po\u015brednia. <\/b>Tylko bowiem B\u00f3g jest w\u0142adc\u0105 najwy\u017cszym i jedynym!<\/span><\/span><\/span><\/p>\n<p align=\"justify\"><span style=\"color: #000000;\"><span style=\"font-family: Book Antiqua, serif;\"><span style=\"font-size: large;\">Maj\u0105c to wszystko na uwadze i jednocze\u015bnie ws\u0142uchuj\u0105c si\u0119 w czytania biblijne, specjalnie przeznaczone na dzisiejsze wspomnienie, zauwa\u017camy, \u017ce pierwszy z odczytanych tekst\u00f3w, z Proroctwa Izajasza m\u00f3wi <b>wprost o kr\u00f3lowaniu, ale\u2026 Jezusa! <\/b>Nie Maryi, ale Jezusa! <\/span><\/span><\/span><\/p>\n<p align=\"justify\"><span style=\"color: #000000;\"><span style=\"font-family: Book Antiqua, serif;\"><span style=\"font-size: large;\">Nie dziwi nas to jednak, bo \u2013 jako rzekli\u015bmy wcze\u015bniej \u2013 kr\u00f3lewska godno\u015b\u0107 Naj\u015bwi\u0119tszej Maryi Panny <b>wynika z godno\u015bci kr\u00f3lewskiej Jej Syna<\/b> i ma charakter po\u015bredni. I chocia\u017c nie ma tu bezpo\u015bredniego odniesienia do Maryi, to jednak w tytu\u0142ach, nadanych przez Proroka przychodz\u0105cemu Synowi Bo\u017cemu, a wi\u0119c: <i><b>Przedziwny Doradca, B\u00f3g Mocny, Odwieczny Ojciec, Ksi\u0105\u017c\u0119 Pokoju,<\/b><\/i><b> <\/b>odnajdujemy \u2013 mo\u017ce: odczuwamy\u2026 \u2013 jak\u0105\u015b cz\u0105stk\u0119 <b>wielkiej godno\u015bci Matki,<\/b> kt\u00f3ra takiego Syna podarowa\u0142a \u015bwiatu. <\/span><\/span><\/span><\/p>\n<p align=\"justify\"><span style=\"color: #000000;\"><span style=\"font-family: Book Antiqua, serif;\"><span style=\"font-size: large;\">W Ewangelii spotykamy ju\u017c osobi\u015bcie Maryj\u0119, ale tutaj z kolei <b>nie od razu wyczuwamy<\/b> Jej kr\u00f3lewsk\u0105 godno\u015b\u0107 \u2013 a przynajmniej: w ludzkim rozumieniu tej\u017ce godno\u015bci. Bo od strony wiary patrz\u0105c, od strony duchowej, z pewno\u015bci\u0105 okre\u015blenia: <i><b>pe\u0142na \u0142aski,<\/b><\/i> oraz:<b> <\/b><i><b>b\u0142ogos\u0142awiona<\/b><\/i><b> <\/b><b>[\u2026] <\/b><i><b>mi\u0119dzy niewiastami, <\/b><\/i>mo\u017cemy pojmowa\u0107 jako <b>wyj\u0105tkowe tytu\u0142y kr\u00f3lewskie.<\/b> Jednak\u017ce od strony ludzkiej uwag\u0119 nasz\u0105 zwracaj\u0105 zapewne takie okoliczno\u015bci, jak <b>m\u0142ody wiek<\/b> Maryi, Jej <b>zmieszanie<\/b> niezwyk\u0142ym spotkaniem i jeszcze bardziej niezwyk\u0142\u0105 propozycj\u0105, a tak\u017ce ta <b>zwyczajna codzienno\u015b\u0107, <\/b>w kt\u00f3rej Anio\u0142 przyszed\u0142 do Niej i powiedzia\u0142 to, co zleci\u0142 Mu B\u00f3g. <\/span><\/span><\/span><\/p>\n<p align=\"justify\"><span style=\"color: #000000;\"><span style=\"font-family: Book Antiqua, serif;\"><span style=\"font-size: large;\">I je\u015bli to dzisiejsze wydarzenie uzna\u0107 za tak\u0105 swoist\u0105 <b>pierwsz\u0105, ziemsk\u0105 koronacj\u0119 Maryi na Kr\u00f3low\u0105 nieba i ziem<\/b><b>i<\/b> \u2013 skoro to w\u0142a\u015bnie wtedy us\u0142ysza\u0142a pod swoim adresem owe kr\u00f3lewskiej tytu\u0142y i faktycznie sta\u0142a si\u0119 Matk\u0105 Kr\u00f3la \u2013 to trzeba przyzna\u0107, \u017ce dokona\u0142o si\u0119 to <b>w okoliczno\u015bciach nader powszednich\u2026 <\/b><\/span><\/span><\/span><\/p>\n<p align=\"justify\"><span style=\"color: #000000;\"><span style=\"font-family: Book Antiqua, serif;\"><span style=\"font-size: large;\">Dlatego zapewne mo\u017cemy stwierdzi\u0107 \u2013 na podstawie jednego i drugiego czytania biblijnego \u2013 i\u017c Maryja swoj\u0105 kr\u00f3lewsk\u0105 godno\u015b\u0107 <b>w jaki<\/b><b>\u015b spos\u00f3b<\/b><b> ukrywa,<\/b> na pewno si\u0119 z ni\u0105 na prawo i lewo <b>nie obnosi,<\/b> prze\u017cywaj\u0105c j\u0105 raczej <b>w g\u0142\u0119bi swego serca\u2026 <\/b>Na zewn\u0105trz natomiast widzimy Jej pos\u0142usze\u0144stwo Bogu i pokorne wype\u0142nianie najzwyklejszych <b>obowi\u0105zk\u00f3w codzienno\u015bci.<\/b> Na przyk\u0142adzie Maryi wida\u0107 chyba w stopniu najwi\u0119kszym z mo\u017cliwych, \u017ce <b>kr\u00f3lowa\u0107 \u2013 to s\u0142u\u017cy\u0107.<\/b><\/span><\/span><\/span><\/p>\n<p align=\"justify\"><span style=\"color: #000000;\"><span style=\"font-family: Book Antiqua, serif;\"><span style=\"font-size: large;\">I my tak\u017ce nie inaczej osi\u0105gniemy sw\u00f3j udzia\u0142 w Kr\u00f3lestwie niebieskim, jak <b>na drodze s\u0142u\u017cby \u2013 Bogu i ludziom. <\/b>Bo i w naszym przypadku \u2013 tak samo, jak w przypadku Maryi \u2013 <b>kr\u00f3lowa\u0107, to s\u0142u\u017cy\u0107! A s\u0142u\u017cy\u0107 \u2013 to kr\u00f3lowa\u0107!<\/b><\/span><\/span><\/span><\/p>\n<p align=\"justify\"><span style=\"color: #000000;\"><span style=\"font-family: Book Antiqua, serif;\"><span style=\"font-size: large;\">Jako\u015b na \u015bwiecie wszystko to wygl\u0105da zupe\u0142nie inaczej\u2026 Zupe\u0142nie\u2026 Ale my przecie\u017c \u2013 chocia\u017c na tym \u015bwiecie \u017cyjemy \u2013 <b>z tego \u015bwiata nie jeste\u015bmy! <\/b>Bo Jezus nas sobie z tego \u015bwiata wybra\u0142. I da\u0142 nam Kr\u00f3lestwo. <\/span><\/span><\/span><\/p>\n<p align=\"justify\"><span style=\"color: #000000;\"><span style=\"font-family: Book Antiqua, serif;\"><span style=\"font-size: large;\">Czy je posi\u0105dziemy?\u2026 Czy na pewno tego chcemy?\u2026 Co zatem w tym kierunku na co dzie\u0144 robimy?\u2026 A co b\u0119dziemy robili <b>jeszcze <\/b><b>\u00ab<\/b><b>bardziej<\/b><b>\u00bb<\/b><b> i <\/b><b>\u00ab<\/b><b>wi\u0119cej<\/b><b>\u00bb<\/b><b>?\u2026<\/b><\/span><\/span><\/span><\/p>\n","protected":false},"excerpt":{"rendered":"<p>Szcz\u0119\u015b\u0107 Bo\u017ce! Moi Drodzy, w dniu dzisiejszym imieniny prze\u017cywa Cezary Kryczka, za moich czas\u00f3w \u2013 Lektor w Parafii w Radory\u017cu Ko\u015bcielnym, na moim pierwszym wikariacie. Urodziny natomiast prze\u017cywa Katarzyna Baczkura, nale\u017c\u0105ca w swoim czasie do jednej z m\u0142odzie\u017cowych Wsp\u00f3lnot. \u017bycz\u0119 Obojgu \u015bwi\u0119tuj\u0105cym zapa\u0142u i natchnienia do codziennego radosnego i gorliwego pe\u0142nienia s\u0142u\u017cby Bo\u017cej! Wi\u0119cej o [&hellip;]<\/p>\n","protected":false},"author":1,"featured_media":0,"comment_status":"open","ping_status":"open","sticky":false,"template":"","format":"standard","meta":{"jetpack_post_was_ever_published":false,"_jetpack_newsletter_access":"","_jetpack_dont_email_post_to_subs":false,"_jetpack_newsletter_tier_id":0,"_jetpack_memberships_contains_paywalled_content":false,"_jetpack_memberships_contains_paid_content":false,"footnotes":""},"categories":[1],"tags":[],"class_list":["post-15664","post","type-post","status-publish","format-standard","hentry","category-bez-kategorii"],"yoast_head":"<!-- This site is optimized with the Yoast SEO plugin v25.1 - https:\/\/yoast.com\/wordpress\/plugins\/seo\/ -->\n<title>Kr\u00f3lowa\u0107 - to s\u0142u\u017cy\u0107! A s\u0142u\u017cy\u0107 - to kr\u00f3lowa\u0107! - Gaudium Et Spes<\/title>\n<meta name=\"robots\" content=\"index, follow, max-snippet:-1, max-image-preview:large, max-video-preview:-1\" \/>\n<link rel=\"canonical\" href=\"https:\/\/gaudiumetspes-blog.pl\/index.php\/2019\/08\/22\/krolowac-to-sluzyc-a-sluzyc-to-krolowac\/\" \/>\n<meta property=\"og:locale\" content=\"pl_PL\" \/>\n<meta property=\"og:type\" content=\"article\" \/>\n<meta property=\"og:title\" content=\"Kr\u00f3lowa\u0107 - to s\u0142u\u017cy\u0107! A s\u0142u\u017cy\u0107 - to kr\u00f3lowa\u0107! - Gaudium Et Spes\" \/>\n<meta property=\"og:description\" content=\"Szcz\u0119\u015b\u0107 Bo\u017ce! Moi Drodzy, w dniu dzisiejszym imieniny prze\u017cywa Cezary Kryczka, za moich czas\u00f3w \u2013 Lektor w Parafii w Radory\u017cu Ko\u015bcielnym, na moim pierwszym wikariacie. Urodziny natomiast prze\u017cywa Katarzyna Baczkura, nale\u017c\u0105ca w swoim czasie do jednej z m\u0142odzie\u017cowych Wsp\u00f3lnot. \u017bycz\u0119 Obojgu \u015bwi\u0119tuj\u0105cym zapa\u0142u i natchnienia do codziennego radosnego i gorliwego pe\u0142nienia s\u0142u\u017cby Bo\u017cej! Wi\u0119cej o [&hellip;]\" \/>\n<meta property=\"og:url\" content=\"https:\/\/gaudiumetspes-blog.pl\/index.php\/2019\/08\/22\/krolowac-to-sluzyc-a-sluzyc-to-krolowac\/\" \/>\n<meta property=\"og:site_name\" content=\"Gaudium Et Spes\" \/>\n<meta property=\"article:published_time\" content=\"2019-08-22T03:36:26+00:00\" \/>\n<meta name=\"author\" content=\"Ks. Jacek\" \/>\n<meta name=\"twitter:card\" content=\"summary_large_image\" \/>\n<meta name=\"twitter:label1\" content=\"Napisane przez\" \/>\n\t<meta name=\"twitter:data1\" content=\"Ks. Jacek\" \/>\n\t<meta name=\"twitter:label2\" content=\"Szacowany czas czytania\" \/>\n\t<meta name=\"twitter:data2\" content=\"10 minut\" \/>\n<script type=\"application\/ld+json\" class=\"yoast-schema-graph\">{\"@context\":\"https:\/\/schema.org\",\"@graph\":[{\"@type\":\"WebPage\",\"@id\":\"https:\/\/gaudiumetspes-blog.pl\/index.php\/2019\/08\/22\/krolowac-to-sluzyc-a-sluzyc-to-krolowac\/\",\"url\":\"https:\/\/gaudiumetspes-blog.pl\/index.php\/2019\/08\/22\/krolowac-to-sluzyc-a-sluzyc-to-krolowac\/\",\"name\":\"Kr\u00f3lowa\u0107 - to s\u0142u\u017cy\u0107! A s\u0142u\u017cy\u0107 - to kr\u00f3lowa\u0107! - Gaudium Et Spes\",\"isPartOf\":{\"@id\":\"https:\/\/gaudiumetspes-blog.pl\/#website\"},\"datePublished\":\"2019-08-22T03:36:26+00:00\",\"author\":{\"@id\":\"https:\/\/gaudiumetspes-blog.pl\/#\/schema\/person\/1661982992b752dea8dff0d4ed845a65\"},\"breadcrumb\":{\"@id\":\"https:\/\/gaudiumetspes-blog.pl\/index.php\/2019\/08\/22\/krolowac-to-sluzyc-a-sluzyc-to-krolowac\/#breadcrumb\"},\"inLanguage\":\"pl-PL\",\"potentialAction\":[{\"@type\":\"ReadAction\",\"target\":[\"https:\/\/gaudiumetspes-blog.pl\/index.php\/2019\/08\/22\/krolowac-to-sluzyc-a-sluzyc-to-krolowac\/\"]}]},{\"@type\":\"BreadcrumbList\",\"@id\":\"https:\/\/gaudiumetspes-blog.pl\/index.php\/2019\/08\/22\/krolowac-to-sluzyc-a-sluzyc-to-krolowac\/#breadcrumb\",\"itemListElement\":[{\"@type\":\"ListItem\",\"position\":1,\"name\":\"Strona g\u0142\u00f3wna\",\"item\":\"https:\/\/gaudiumetspes-blog.pl\/\"},{\"@type\":\"ListItem\",\"position\":2,\"name\":\"Kr\u00f3lowa\u0107 &#8211; to&nbsp;s\u0142u\u017cy\u0107! A&nbsp;s\u0142u\u017cy\u0107 &#8211; to&nbsp;kr\u00f3lowa\u0107!\"}]},{\"@type\":\"WebSite\",\"@id\":\"https:\/\/gaudiumetspes-blog.pl\/#website\",\"url\":\"https:\/\/gaudiumetspes-blog.pl\/\",\"name\":\"Gaudium Et Spes\",\"description\":\"Blog Ks. Jacka Ja\u015bkowskiego\",\"potentialAction\":[{\"@type\":\"SearchAction\",\"target\":{\"@type\":\"EntryPoint\",\"urlTemplate\":\"https:\/\/gaudiumetspes-blog.pl\/?s={search_term_string}\"},\"query-input\":{\"@type\":\"PropertyValueSpecification\",\"valueRequired\":true,\"valueName\":\"search_term_string\"}}],\"inLanguage\":\"pl-PL\"},{\"@type\":\"Person\",\"@id\":\"https:\/\/gaudiumetspes-blog.pl\/#\/schema\/person\/1661982992b752dea8dff0d4ed845a65\",\"name\":\"Ks. Jacek\",\"image\":{\"@type\":\"ImageObject\",\"inLanguage\":\"pl-PL\",\"@id\":\"https:\/\/gaudiumetspes-blog.pl\/#\/schema\/person\/image\/\",\"url\":\"https:\/\/gaudiumetspes-blog.pl\/wp-content\/uploads\/2019\/07\/avatar-JJ-150x150.jpg\",\"contentUrl\":\"https:\/\/gaudiumetspes-blog.pl\/wp-content\/uploads\/2019\/07\/avatar-JJ-150x150.jpg\",\"caption\":\"Ks. Jacek\"},\"description\":\"Witam serdecznie! K\u0142ania si\u0119 Ks. Jacek Ja\u015bkowski. Nie jestem ani kim\u015b wa\u017cnym, ani kim\u015b znanym. Jestem ksi\u0119dzem, kt\u00f3ry po prostu chce rozmawia\u0107. Codzienna kap\u0142a\u0144ska pos\u0142uga pokazuje mi, \u017ce temat\u00f3w do rozm\u00f3w z ksi\u0119dzem jest coraz wi\u0119cej i dzisiaj \u017caden ksi\u0105dz nie mo\u017ce od nich ucieka\u0107, ale - wprost przeciwnie - podejmowa\u0107 nowe wyzwania. To przekonanie sk\u0142oni\u0142o mnie do pr\u00f3by otwarcia tego\u017c bloga, chocia\u017c okazji do rozm\u00f3w na co dzie\u0144 - w konfesjonale i poza nim - na szcz\u0119\u015bcie nie brakuje. My\u015bl\u0119 jednak, \u017ce ten blog b\u0119dzie jeszcze jednym sposobem i przestrzeni\u0105 nawi\u0105zania kontaktu z lud\u017ami dobrej woli, otwartymi na dialog.\",\"url\":\"https:\/\/gaudiumetspes-blog.pl\/index.php\/author\/ks-jacek\/\"}]}<\/script>\n<!-- \/ Yoast SEO plugin. -->","yoast_head_json":{"title":"Kr\u00f3lowa\u0107 - to s\u0142u\u017cy\u0107! A s\u0142u\u017cy\u0107 - to kr\u00f3lowa\u0107! - Gaudium Et Spes","robots":{"index":"index","follow":"follow","max-snippet":"max-snippet:-1","max-image-preview":"max-image-preview:large","max-video-preview":"max-video-preview:-1"},"canonical":"https:\/\/gaudiumetspes-blog.pl\/index.php\/2019\/08\/22\/krolowac-to-sluzyc-a-sluzyc-to-krolowac\/","og_locale":"pl_PL","og_type":"article","og_title":"Kr\u00f3lowa\u0107 - to s\u0142u\u017cy\u0107! A s\u0142u\u017cy\u0107 - to kr\u00f3lowa\u0107! - Gaudium Et Spes","og_description":"Szcz\u0119\u015b\u0107 Bo\u017ce! Moi Drodzy, w dniu dzisiejszym imieniny prze\u017cywa Cezary Kryczka, za moich czas\u00f3w \u2013 Lektor w Parafii w Radory\u017cu Ko\u015bcielnym, na moim pierwszym wikariacie. Urodziny natomiast prze\u017cywa Katarzyna Baczkura, nale\u017c\u0105ca w swoim czasie do jednej z m\u0142odzie\u017cowych Wsp\u00f3lnot. \u017bycz\u0119 Obojgu \u015bwi\u0119tuj\u0105cym zapa\u0142u i natchnienia do codziennego radosnego i gorliwego pe\u0142nienia s\u0142u\u017cby Bo\u017cej! Wi\u0119cej o [&hellip;]","og_url":"https:\/\/gaudiumetspes-blog.pl\/index.php\/2019\/08\/22\/krolowac-to-sluzyc-a-sluzyc-to-krolowac\/","og_site_name":"Gaudium Et Spes","article_published_time":"2019-08-22T03:36:26+00:00","author":"Ks. Jacek","twitter_card":"summary_large_image","twitter_misc":{"Napisane przez":"Ks. Jacek","Szacowany czas czytania":"10 minut"},"schema":{"@context":"https:\/\/schema.org","@graph":[{"@type":"WebPage","@id":"https:\/\/gaudiumetspes-blog.pl\/index.php\/2019\/08\/22\/krolowac-to-sluzyc-a-sluzyc-to-krolowac\/","url":"https:\/\/gaudiumetspes-blog.pl\/index.php\/2019\/08\/22\/krolowac-to-sluzyc-a-sluzyc-to-krolowac\/","name":"Kr\u00f3lowa\u0107 - to s\u0142u\u017cy\u0107! A s\u0142u\u017cy\u0107 - to kr\u00f3lowa\u0107! - Gaudium Et Spes","isPartOf":{"@id":"https:\/\/gaudiumetspes-blog.pl\/#website"},"datePublished":"2019-08-22T03:36:26+00:00","author":{"@id":"https:\/\/gaudiumetspes-blog.pl\/#\/schema\/person\/1661982992b752dea8dff0d4ed845a65"},"breadcrumb":{"@id":"https:\/\/gaudiumetspes-blog.pl\/index.php\/2019\/08\/22\/krolowac-to-sluzyc-a-sluzyc-to-krolowac\/#breadcrumb"},"inLanguage":"pl-PL","potentialAction":[{"@type":"ReadAction","target":["https:\/\/gaudiumetspes-blog.pl\/index.php\/2019\/08\/22\/krolowac-to-sluzyc-a-sluzyc-to-krolowac\/"]}]},{"@type":"BreadcrumbList","@id":"https:\/\/gaudiumetspes-blog.pl\/index.php\/2019\/08\/22\/krolowac-to-sluzyc-a-sluzyc-to-krolowac\/#breadcrumb","itemListElement":[{"@type":"ListItem","position":1,"name":"Strona g\u0142\u00f3wna","item":"https:\/\/gaudiumetspes-blog.pl\/"},{"@type":"ListItem","position":2,"name":"Kr\u00f3lowa\u0107 &#8211; to&nbsp;s\u0142u\u017cy\u0107! A&nbsp;s\u0142u\u017cy\u0107 &#8211; to&nbsp;kr\u00f3lowa\u0107!"}]},{"@type":"WebSite","@id":"https:\/\/gaudiumetspes-blog.pl\/#website","url":"https:\/\/gaudiumetspes-blog.pl\/","name":"Gaudium Et Spes","description":"Blog Ks. Jacka Ja\u015bkowskiego","potentialAction":[{"@type":"SearchAction","target":{"@type":"EntryPoint","urlTemplate":"https:\/\/gaudiumetspes-blog.pl\/?s={search_term_string}"},"query-input":{"@type":"PropertyValueSpecification","valueRequired":true,"valueName":"search_term_string"}}],"inLanguage":"pl-PL"},{"@type":"Person","@id":"https:\/\/gaudiumetspes-blog.pl\/#\/schema\/person\/1661982992b752dea8dff0d4ed845a65","name":"Ks. Jacek","image":{"@type":"ImageObject","inLanguage":"pl-PL","@id":"https:\/\/gaudiumetspes-blog.pl\/#\/schema\/person\/image\/","url":"https:\/\/gaudiumetspes-blog.pl\/wp-content\/uploads\/2019\/07\/avatar-JJ-150x150.jpg","contentUrl":"https:\/\/gaudiumetspes-blog.pl\/wp-content\/uploads\/2019\/07\/avatar-JJ-150x150.jpg","caption":"Ks. Jacek"},"description":"Witam serdecznie! K\u0142ania si\u0119 Ks. Jacek Ja\u015bkowski. Nie jestem ani kim\u015b wa\u017cnym, ani kim\u015b znanym. Jestem ksi\u0119dzem, kt\u00f3ry po prostu chce rozmawia\u0107. Codzienna kap\u0142a\u0144ska pos\u0142uga pokazuje mi, \u017ce temat\u00f3w do rozm\u00f3w z ksi\u0119dzem jest coraz wi\u0119cej i dzisiaj \u017caden ksi\u0105dz nie mo\u017ce od nich ucieka\u0107, ale - wprost przeciwnie - podejmowa\u0107 nowe wyzwania. To przekonanie sk\u0142oni\u0142o mnie do pr\u00f3by otwarcia tego\u017c bloga, chocia\u017c okazji do rozm\u00f3w na co dzie\u0144 - w konfesjonale i poza nim - na szcz\u0119\u015bcie nie brakuje. My\u015bl\u0119 jednak, \u017ce ten blog b\u0119dzie jeszcze jednym sposobem i przestrzeni\u0105 nawi\u0105zania kontaktu z lud\u017ami dobrej woli, otwartymi na dialog.","url":"https:\/\/gaudiumetspes-blog.pl\/index.php\/author\/ks-jacek\/"}]}},"jetpack_featured_media_url":"","jetpack_sharing_enabled":true,"_links":{"self":[{"href":"https:\/\/gaudiumetspes-blog.pl\/index.php\/wp-json\/wp\/v2\/posts\/15664","targetHints":{"allow":["GET"]}}],"collection":[{"href":"https:\/\/gaudiumetspes-blog.pl\/index.php\/wp-json\/wp\/v2\/posts"}],"about":[{"href":"https:\/\/gaudiumetspes-blog.pl\/index.php\/wp-json\/wp\/v2\/types\/post"}],"author":[{"embeddable":true,"href":"https:\/\/gaudiumetspes-blog.pl\/index.php\/wp-json\/wp\/v2\/users\/1"}],"replies":[{"embeddable":true,"href":"https:\/\/gaudiumetspes-blog.pl\/index.php\/wp-json\/wp\/v2\/comments?post=15664"}],"version-history":[{"count":2,"href":"https:\/\/gaudiumetspes-blog.pl\/index.php\/wp-json\/wp\/v2\/posts\/15664\/revisions"}],"predecessor-version":[{"id":15666,"href":"https:\/\/gaudiumetspes-blog.pl\/index.php\/wp-json\/wp\/v2\/posts\/15664\/revisions\/15666"}],"wp:attachment":[{"href":"https:\/\/gaudiumetspes-blog.pl\/index.php\/wp-json\/wp\/v2\/media?parent=15664"}],"wp:term":[{"taxonomy":"category","embeddable":true,"href":"https:\/\/gaudiumetspes-blog.pl\/index.php\/wp-json\/wp\/v2\/categories?post=15664"},{"taxonomy":"post_tag","embeddable":true,"href":"https:\/\/gaudiumetspes-blog.pl\/index.php\/wp-json\/wp\/v2\/tags?post=15664"}],"curies":[{"name":"wp","href":"https:\/\/api.w.org\/{rel}","templated":true}]}}