{"id":15676,"date":"2019-08-26T05:53:24","date_gmt":"2019-08-26T03:53:24","guid":{"rendered":"https:\/\/gaudiumetspes-blog.pl\/?p=15676"},"modified":"2019-08-26T05:53:24","modified_gmt":"2019-08-26T03:53:24","slug":"swieta-jego-gora-wspaniale-wzniesienie","status":"publish","type":"post","link":"https:\/\/gaudiumetspes-blog.pl\/index.php\/2019\/08\/26\/swieta-jego-gora-wspaniale-wzniesienie\/","title":{"rendered":"\u015awi\u0119ta Jego G\u00f3ra, wspania\u0142e wzniesienie!"},"content":{"rendered":"<p align=\"justify\"><span style=\"color: #000000;\"><span style=\"font-family: Book Antiqua, serif;\"><span style=\"font-size: large;\">Niech b\u0119dzie pochwalony Jezus Chrystus! Moi Drodzy, w dniu dzisiejszym <b>rocznic\u0119 \u015blubu prze\u017cywaj\u0105 Micha\u0142 i Natalia Ja\u015bkowscy, czyli m\u00f3j Brat stryjeczny i Jego \u017bona. Niech Im Pan b\u0142ogos\u0142awi w codziennym kszta\u0142towaniu atmosfery domowego Ko\u015bcio\u0142a Ich domu! Zapewniam o modlitwie.<\/b><\/span><\/span><\/span><\/p>\n<p align=\"justify\"><span style=\"color: #000000;\"><span style=\"font-family: Book Antiqua, serif;\"><span style=\"font-size: large;\">Moi Drodzy, chocia\u017c dzisiaj nie ma obowi\u0105zku uczestniczenia we Mszy \u015awi\u0119tej, to jednak bardzo serdecznie \u2013 na miar\u0119 mo\u017cliwo\u015bci \u2013 do tego zach\u0119cam. <\/span><\/span><\/span><\/p>\n<p align=\"justify\"><span style=\"color: #000000;\"><span style=\"font-family: Book Antiqua, serif;\"><span style=\"font-size: large;\">Na g\u0142\u0119bokie i radosne prze\u017cywanie dzisiejszej Uroczysto\u015bci \u2013 <b>niech Was b\u0142ogos\u0142awi B\u00f3g Wszechmog\u0105cy: Ojciec + i Syn, i Duch \u015awi\u0119ty. Amen<\/b><\/span><\/span><\/span><\/p>\n<p align=\"center\"><span style=\"color: #000000;\"><span style=\"font-family: Book Antiqua, serif;\"><span style=\"font-size: large;\">Gaudium et spes! Ks. Jacek<\/span><\/span><\/span><\/p>\n<p align=\"center\">\n<p align=\"center\">\n<p align=\"center\">\n<p align=\"center\">\n<p align=\"center\">\n<p align=\"justify\"><span style=\"color: #000000;\"><span style=\"font-family: Book Antiqua, serif;\"><span style=\"font-size: large;\"><b>Uroczysto\u015b\u0107 Naj\u015bwi\u0119tszej Maryi Panny Cz\u0119stochowskiej,<\/b><\/span><\/span><\/span><\/p>\n<p align=\"justify\"><span style=\"color: #000000;\"><span style=\"font-family: Book Antiqua, serif;\"><span style=\"font-size: large;\"><b>do czyta\u0144 z t. VI Lekcjonarza: <\/b><\/span><\/span><\/span><\/p>\n<p align=\"justify\"><span style=\"color: #000000;\"> <span style=\"font-family: Book Antiqua, serif;\"><span style=\"font-size: large;\"><b>Prz 8,22\u201335 albo: Iz 2,2\u20135; Ga 4,4\u20137; J 2,1\u201311<\/b><\/span><\/span><\/span><\/p>\n<p align=\"justify\">\n<p align=\"justify\">\n<p align=\"justify\">\n<p align=\"justify\">\n<p align=\"justify\">\n<p align=\"justify\"><span style=\"color: #000000;\"><span style=\"font-family: Book Antiqua, serif;\"><span style=\"font-size: large;\"><b>CZYTANIE Z KSI\u0118GI PRZYS\u0141\u00d3W:<\/b><\/span><\/span><\/span><\/p>\n<p align=\"justify\"><span style=\"color: #000000;\"><span style=\"font-family: Book Antiqua, serif;\"><span style=\"font-size: large;\"><b>To m\u00f3wi M\u0105dro\u015b\u0107 Bo\u017ca: \u201ePan mnie stworzy\u0142, swe arcydzie\u0142o, przed swymi czynami, od dawna, od wiek\u00f3w jestem stworzona, od pocz\u0105tku, nim ziemia powsta\u0142a.<\/b><\/span><\/span><\/span><\/p>\n<p align=\"justify\"><span style=\"color: #000000;\"><span style=\"font-family: Book Antiqua, serif;\"><span style=\"font-size: large;\"><b>Jestem zrodzona, gdy jeszcze bezmiar w\u00f3d nie istnia\u0142 ani \u017ar\u00f3d\u0142a, co wod\u0105 tryskaj\u0105, i zanim g\u00f3ry stan\u0119\u0142y. Pocz\u0119ta jestem przed pag\u00f3rkami, nim ziemi\u0119 i pola uczyni\u0142, pocz\u0105tek py\u0142u na ziemi.<\/b><\/span><\/span><\/span><\/p>\n<p align=\"justify\"><span style=\"color: #000000;\"><span style=\"font-family: Book Antiqua, serif;\"><span style=\"font-size: large;\"><b>Gdy niebo umacnia\u0142, z Nim by\u0142am, gdy kre\u015bli\u0142 sklepienie nad bezmiarem w\u00f3d, gdy w g\u00f3rze utwierdza\u0142 ob\u0142oki, gdy \u017ar\u00f3d\u0142a wielkiej otch\u0142ani umacnia\u0142, gdy morzu stawia\u0142 granice, by wody z brzeg\u00f3w nie wysz\u0142y, gdy kre\u015bli\u0142 fundamenty pod ziemi\u0119. Ja by\u0142am przy Nim mistrzyni\u0105, rozkosz\u0105 Jego dzie\u0144 po dniu, ca\u0142y czas igraj\u0105c przed Nim, igraj\u0105c na okr\u0119gu ziemi, znajduj\u0105c rado\u015b\u0107 przy synach ludzkich.<\/b><\/span><\/span><\/span><\/p>\n<p align=\"justify\"><span style=\"color: #000000;\"><span style=\"font-family: Book Antiqua, serif;\"><span style=\"font-size: large;\"><b>Wi\u0119c teraz, synowie, s\u0142uchajcie mnie, szcz\u0119\u015bliwi, co dr\u00f3g moich strzeg\u0105. Przyjmijcie nauk\u0119 i sta\u0144cie si\u0119 m\u0105drzy, poucze\u0144 mych nie odrzucajcie. B\u0142ogos\u0142awiony ten, kto mnie s\u0142ucha, kto co dzie\u0144 u drzwi moich czeka, by czuwa\u0107 u progu mej bramy, bo kto mnie znajdzie, ten znajdzie \u017cycie i uzyska \u0142ask\u0119 u Pana\u00bb.<\/b><\/span><\/span><\/span><\/p>\n<p align=\"justify\">\n<p align=\"justify\">\n<p align=\"justify\">\n<p align=\"justify\">\n<p align=\"justify\">\n<p align=\"center\"><span style=\"color: #000000;\"><span style=\"font-family: Book Antiqua, serif;\"><span style=\"font-size: large;\"><b>ALBO:<\/b><\/span><\/span><\/span><\/p>\n<p align=\"center\">\n<p align=\"center\">\n<p align=\"center\">\n<p align=\"center\">\n<p align=\"center\">\n<p align=\"justify\"><span style=\"color: #000000;\"><span style=\"font-family: Book Antiqua, serif;\"><span style=\"font-size: large;\"><b>CZYTANIE Z KSI\u0118GI PROROKA IZAJASZA:<\/b><\/span><\/span><\/span><\/p>\n<p align=\"justify\"><span style=\"color: #000000;\"><span style=\"font-family: Book Antiqua, serif;\"><span style=\"font-size: large;\"><b>Stanie si\u0119 na ko\u0144cu czas\u00f3w, \u017ce g\u00f3ra \u015bwi\u0105tyni Pana stanie mocno na wierzchu g\u00f3r i wystrzeli ponad pag\u00f3rki.<\/b><\/span><\/span><\/span><\/p>\n<p align=\"justify\"><span style=\"color: #000000;\"><span style=\"font-family: Book Antiqua, serif;\"><span style=\"font-size: large;\"><b>Wszystkie narody do niej pop\u0142yn\u0105, mnogie ludy p\u00f3jd\u0105 i rzekn\u0105: \u201eChod\u017acie, wst\u0105pmy na G\u00f3r\u0119 Pana do \u015bwi\u0105tyni Boga Jakuba. Niech nas nauczy dr\u00f3g swoich, by\u015bmy kroczyli Jego \u015bcie\u017ckami. Bo Prawo wyjdzie z Syjonu i s\u0142owo Pana z Jeruzalem\u201d.<\/b><\/span><\/span><\/span><\/p>\n<p align=\"justify\"><span style=\"color: #000000;\"><span style=\"font-family: Book Antiqua, serif;\"><span style=\"font-size: large;\"><b>On b\u0119dzie rozjemc\u0105 pomi\u0119dzy ludami i wyda wyroki dla licznych narod\u00f3w. Wtedy swe miecze przekuj\u0105 na lemiesze, a swoje w\u0142\u00f3cznie na sierpy. Nar\u00f3d przeciw narodowi nie podniesie miecza, nie b\u0119d\u0105 si\u0119 wi\u0119cej zaprawia\u0107 do wojny.<\/b><\/span><\/span><\/span><\/p>\n<p align=\"justify\"><span style=\"color: #000000;\"><span style=\"font-family: Book Antiqua, serif;\"><span style=\"font-size: large;\"><b>Chod\u017acie, domu Jakuba, post\u0119pujmy w \u015bwiat\u0142o\u015bci Pana.<\/b><\/span><\/span><\/span><\/p>\n<p align=\"justify\">\n<p align=\"justify\">\n<p align=\"justify\">\n<p align=\"justify\">\n<p align=\"justify\">\n<p align=\"justify\"><span style=\"color: #000000;\"><span style=\"font-family: Book Antiqua, serif;\"><span style=\"font-size: large;\"><b>CZYTANIE Z LISTU \u015aWI\u0118TEGO PAW\u0141A APOSTO\u0141A DO GALAT\u00d3W:<\/b><\/span><\/span><\/span><\/p>\n<p align=\"justify\"><span style=\"color: #000000;\"><span style=\"font-family: Book Antiqua, serif;\"><span style=\"font-size: large;\"><b>Bracia: Gdy nadesz\u0142a pe\u0142nia czasu, B\u00f3g zes\u0142a\u0142 swojego Syna, zrodzonego z niewiasty, zrodzonego pod Prawem, aby wykupi\u0142 tych, kt\u00f3rzy podlegali Prawu, aby\u015bmy mogli otrzyma\u0107 przybrane synostwo. Na dow\u00f3d tego, \u017ce jeste\u015bcie synami, B\u00f3g wys\u0142a\u0142 do serc naszych Ducha Syna swego, kt\u00f3ry wo\u0142a: \u201eAbba, Ojcze\u201d. A zatem nie jeste\u015b ju\u017c niewolnikiem, lecz synem. Je\u017celi za\u015b synem, to i dziedzicem z woli Bo\u017cej.<\/b><\/span><\/span><\/span><\/p>\n<p align=\"justify\">\n<p align=\"justify\">\n<p align=\"justify\">\n<p align=\"justify\">\n<p align=\"justify\">\n<p align=\"justify\"><span style=\"color: #000000;\"><span style=\"font-family: Book Antiqua, serif;\"><span style=\"font-size: large;\"><b>S\u0141OWA EWANGELII WED\u0141UG \u015aWI\u0118TEGO JANA:<\/b><\/span><\/span><\/span><\/p>\n<p align=\"justify\"><span style=\"color: #000000;\"><span style=\"font-family: Book Antiqua, serif;\"><span style=\"font-size: large;\"><b>W Kanie Galilejskiej odbywa\u0142o si\u0119 wesele i by\u0142a tam Matka Jezusa.<\/b><\/span><\/span><\/span><\/p>\n<p align=\"justify\"><span style=\"color: #000000;\"><span style=\"font-family: Book Antiqua, serif;\"><span style=\"font-size: large;\"><b>Zaproszono na to wesele tak\u017ce Jezusa i Jego uczni\u00f3w. A kiedy zabrak\u0142o wina, Matka Jezusa m\u00f3wi do Niego: \u201eNie maj\u0105 ju\u017c wina\u201d.<\/b><\/span><\/span><\/span><\/p>\n<p align=\"justify\"><span style=\"color: #000000;\"><span style=\"font-family: Book Antiqua, serif;\"><span style=\"font-size: large;\"><b>Jezus Jej odpowiedzia\u0142: \u201eCzy\u017c to moja lub Twoja sprawa, Niewiasto? Jeszcze nie nadesz\u0142a godzina moja\u201d.<\/b><\/span><\/span><\/span><\/p>\n<p align=\"justify\"><span style=\"color: #000000;\"><span style=\"font-family: Book Antiqua, serif;\"><span style=\"font-size: large;\"><b>Wtedy Matka Jego powiedzia\u0142a do s\u0142ug: \u201eZr\u00f3bcie wszystko, cokolwiek wam powie\u201d.<\/b><\/span><\/span><\/span><\/p>\n<p align=\"justify\"><span style=\"color: #000000;\"><span style=\"font-family: Book Antiqua, serif;\"><span style=\"font-size: large;\"><b>Sta\u0142o za\u015b tam sze\u015b\u0107 st\u0105gwi kamiennych przeznaczonych do \u017cydowskich oczyszcze\u0144, z kt\u00f3rych ka\u017cda mog\u0142a pomie\u015bci\u0107 dwie lub trzy miary.<\/b><\/span><\/span><\/span><\/p>\n<p align=\"justify\"><span style=\"color: #000000;\"><span style=\"font-family: Book Antiqua, serif;\"><span style=\"font-size: large;\"><b>Rzek\u0142 do nich Jezus: \u201eNape\u0142nijcie st\u0105gwie wod\u0105\u201d. I nape\u0142nili je a\u017c po brzegi. Potem do nich powiedzia\u0142: \u201eZaczerpnijcie teraz i zanie\u015bcie staro\u015bcie weselnemu\u201d. Ci za\u015b zanie\u015bli.<\/b><\/span><\/span><\/span><\/p>\n<p align=\"justify\"><span style=\"color: #000000;\"><span style=\"font-family: Book Antiqua, serif;\"><span style=\"font-size: large;\"><b>A gdy starosta weselny skosztowa\u0142 wody, kt\u00f3ra sta\u0142a si\u0119 winem, i nie wiedzia\u0142, sk\u0105d ono pochodzi, ale s\u0142udzy, kt\u00f3rzy czerpali wod\u0119, wiedzieli, przywo\u0142a\u0142 pana m\u0142odego i powiedzia\u0142 do niego: \u201eKa\u017cdy cz\u0142owiek stawia najpierw dobre wino, a gdy si\u0119 napij\u0105, w\u00f3wczas gorsze. Ty zachowa\u0142e\u015b dobre wino a\u017c do tej pory\u201d.<\/b><\/span><\/span><\/span><\/p>\n<p align=\"justify\"><span style=\"color: #000000;\"><span style=\"font-family: Book Antiqua, serif;\"><span style=\"font-size: large;\"><b>Taki to pocz\u0105tek znak\u00f3w uczyni\u0142 Jezus w Kanie Galilejskiej. Objawi\u0142 swoj\u0105 chwa\u0142\u0119 i uwierzyli w Niego Jego uczniowie.<\/b><\/span><\/span><\/span><\/p>\n<p align=\"justify\">\n<p align=\"justify\">\n<p align=\"justify\">\n<p align=\"justify\">\n<p align=\"justify\">\n<p align=\"justify\"><span style=\"color: #000000;\"><span style=\"font-family: Book Antiqua, serif;\"><span style=\"font-size: large;\"><i><b>Stanie si\u0119 na ko\u0144cu czas\u00f3w, \u017ce g\u00f3ra \u015bwi\u0105tyni Pa\u0144skiej stanie mo<\/b><\/i><i><b>c<\/b><\/i><i><b>no na wierzchu g\u00f3r i wystrzeli ponad pag\u00f3rki. Wszystkie narody do niej pop\u0142yn\u0105, mnogie ludy p\u00f3jd\u0105\u2026<\/b><\/i> Sta\u0142o si\u0119 to na naszej polskiej ziemi, i\u017c g\u00f3ra \u015bwi\u0105tyni Pana mocno stan\u0119\u0142a i wystrzeli\u0142a ponad pag\u00f3rki, ponad inne pot\u0119gi. <b>Jasna G\u00f3ra zaja\u015bnia\u0142a nam, Polakom,<\/b> jako znak nadziei i zwyci\u0119stwa. Tote\u017c mnogie ludy pod\u0105\u017caj\u0105 do niej, bo dzisiaj bardzo ludziom potrzeba nadziei. Dzisiaj bardzo ludziom potrzeba <b>wiary w zwyci\u0119stwo nad s\u0142abo\u015bci\u0105!<\/b><\/span><\/span><\/span><\/p>\n<p align=\"justify\"><span style=\"color: #000000;\"><span style=\"font-family: Book Antiqua, serif;\"><span style=\"font-size: large;\">Ta \u015bwi\u0119ta G\u00f3ra jest nam dana jako wyj\u0105tkowy dar i zaszczyt, i\u017c mamy miejsce, sk\u0105d jako\u015b <b>bli\u017cej jest do Nieba,<\/b> jako\u015b bli\u017cej jest do Ojca. W domu Matki! To w\u0142a\u015bnie tam, na owej \u015bwi\u0119tej G\u00f3rze, mocno osadzony jest Dom, do kt\u00f3rego tak ch\u0119tnie <b>pod\u0105\u017caj\u0105 <\/b><b>p<\/b><b>ielgrzymi tej ziemi. <\/b><\/span><\/span><\/span><\/p>\n<p align=\"justify\"><span style=\"color: #000000;\"><span style=\"font-family: Book Antiqua, serif;\"><span style=\"font-size: large;\">M\u00f3wi\u0105c w swoim Proroctwie o znaczeniu \u015bwi\u0119tej G\u00f3ry, Izajasz zapowiada czasy ostateczne. G\u00f3ra, kt\u00f3ra w Biblii zawsze jest symbolem Boga, Jego blisko\u015bci, Jego majestatu, w tym fragmencie r\u00f3wnie\u017c kieruje nasz\u0105 uwag\u0119 ku <b>Bogu, kt\u00f3ry zasiada na g\u00f3rze, <\/b>a wi\u0119c kt\u00f3ry jest pe\u0142en majestatu i pot\u0119gi. <i><b>\u015awi\u0119ta Jego G\u00f3ra, wsp<\/b><\/i><i><b>a<\/b><\/i><i><b>nia\u0142e wzniesienie, rado\u015bci\u0105 jest ca\u0142ej ziemi<\/b><\/i><b> <\/b>\u2013 \u015bpiewali\u015bmy w Psalmie. <\/span><\/span><\/span><\/p>\n<p align=\"justify\"><span style=\"color: #000000;\"><span style=\"font-family: Book Antiqua, serif;\"><span style=\"font-size: large;\">W\u0142a\u015bnie, biblijne znaczenie g\u00f3ry r\u00f3wnie\u017c nam, kt\u00f3rzy dzisiaj s\u0142uchamy tych s\u0142\u00f3w, jako\u015b <b>bardziej przybli\u017ca Boga.<\/b> Kieruje nasze my\u015bli ku Niemu. A jednocze\u015bnie <b>zach\u0119ca, aby\u015bmy pielgrzymowali ku tej G\u00f3rze<\/b> nie tylko w pieszych pielgrzymkach, czy te\u017c autokarem, poci\u0105giem, lub na inne sposoby. B\u00f3g zach\u0119ca nas dzisiaj \u2013 rysuj\u0105c w Proroctwie Izajasza pi\u0119kny obraz pot\u0119\u017cnej g\u00f3ry \u2013 aby\u015bmy <b>codziennie <\/b><b>pielgrzymowali<\/b> <b>ku <\/b><b>G<\/b><b>\u00f3rze. <\/b>A zatem, by\u015bmy codziennie pielgrzymowali <b>ku <\/b><b>N<\/b><b>iebu<\/b> \u2013 swoimi uczynkami, swoim post\u0119powaniem, swoj\u0105 modlitw\u0105\u2026 <\/span><\/span><\/span><\/p>\n<p align=\"justify\"><span style=\"color: #000000;\"><span style=\"font-family: Book Antiqua, serif;\"><span style=\"font-size: large;\">Tak jako\u015b jest w \u017cyciu, \u017ce cz\u0142owiek <b>albo si\u0119 wznosi \u2013 albo opada,<\/b> pogr\u0105\u017ca si\u0119, stacza w d\u00f3\u0142\u2026 Albo si\u0119 wznosi ku g\u00f3rze, staj\u0105c si\u0119 <b>coraz mocniejszym wewn\u0119trznie i \u015bwi\u0119tszym \u2013<\/b> albo staje si\u0119 coraz s\u0142abszy, coraz bardziej ziemski, przywi\u0105zany do tego, co ma\u0142e i tymczasowe. <\/span><\/span><\/span><\/p>\n<p align=\"justify\"><span style=\"color: #000000;\"><span style=\"font-family: Book Antiqua, serif;\"><span style=\"font-size: large;\">I dlatego mamy takie uroczysto\u015bci, jak ta dzisiejsza, aby sobie przypomnie\u0107, \u017ce <b>celem naszej drogi jest w\u0142a\u015bnie G\u00f3ra,<\/b> \u017ce nie jeste\u015bmy stworzeni dla spraw ziemskich, tymczasowych, ale w\u0142a\u015bnie ci\u0105gle mamy kierowa\u0107 serce i wol\u0119 ku sprawom niezwyk\u0142ym, nadzwyczajnym. <i><b>\u015awi\u0119ta Jego G\u00f3ra, wspania\u0142e wzniesienie, rado\u015bci\u0105 jest ca\u0142ej ziemi.<\/b><\/i> <\/span><\/span><\/span><\/p>\n<p align=\"justify\"><span style=\"color: #000000;\"><span style=\"font-family: Book Antiqua, serif;\"><span style=\"font-size: large;\">B\u00f3g, daj\u0105c nam wspania\u0142\u0105 G\u00f3r\u0119 \u2013 Jasn\u0105 G\u00f3r\u0119 \u2013 chcia\u0142, aby <b>by\u0142 tam dom Matki. <\/b>Jako\u015b tak dobrze nam si\u0119 to razem kojarzy: miejsce przebywania <b>Boga<\/b> i miejsce przebywania <b>Matki \u2013 N<\/b><b>iewiasty wielkiej,<\/b> pot\u0119\u017cnej i wynios\u0142ej, Kr\u00f3lowej Nieba i ziemi. To Ona w\u0142a\u015bnie zasiada na g\u00f3rze, na naszej Jasnej G\u00f3rze. Dlaczego tak jest? <\/span><\/span><\/span><\/p>\n<p align=\"justify\"><span style=\"color: #000000;\"><span style=\"font-family: Book Antiqua, serif;\"><span style=\"font-size: large;\">Mo\u017cna by si\u0119 d\u0142ugo zastanawia\u0107 i nie znale\u017a\u0107 pe\u0142nej odpowiedzi. A mo\u017ce w\u0142a\u015bnie dlatego tak jest, \u017ce przez Maryj\u0119 mamy jakby <b>\u015bmielszy przyst\u0119p do Ojca\u2026<\/b> I \u017ce jako\u015b jeste\u015bmy odwa\u017cniejsi wiedz\u0105c, i\u017c <b>Matka tak\u017ce b\u0119dzie si\u0119 modli\u0142a<\/b> w naszych sprawach. Tak jako\u015b ju\u017c jest, \u017ce do matki zwykle idzie si\u0119 \u015bmielej, ch\u0119tniej \u2013 tak\u017ce w domu, gdy jak\u0105\u015b spraw\u0119 trzeba za\u0142atwi\u0107, powiedzie\u0107 jak\u0105\u015b trudn\u0105 rzecz, to <b>\u0142atwiej jest ski<\/b><b>e<\/b><b>rowa\u0107 si\u0119 z tym do matki.<\/b> Ona zwykle wyciszy spraw\u0119, pomo\u017ce to przyj\u0105\u0107 \u0142agodniej, bez krzyku, pomo\u017ce na spokojnie znale\u017a\u0107 rozwi\u0105zanie. Bo ona jako\u015b tak <b>inaczej odbiera<\/b> pewne sprawy\u2026 <\/span><\/span><\/span><\/p>\n<p align=\"justify\"><span style=\"color: #000000;\"><span style=\"font-family: Book Antiqua, serif;\"><span style=\"font-size: large;\">Ojciec kojarzy nam si\u0119 zawsze bardziej z mi\u0142o\u015bci\u0105 ogromn\u0105 i szczer\u0105, ale <b>wymagaj\u0105c\u0105<\/b> \u2013 i co za tym idzie \u2013 <b>bardziej <\/b><b>s<\/b><b>u<\/b><b>row\u0105.<\/b> Nie zawsze od razu chce si\u0119 i\u015b\u0107 do ojca ze wszystkim. A je\u015bli ju\u017c, to mo\u017ce <b>lepiej p\u00f3j\u015b\u0107 <\/b><b>razem <\/b><b>z matk\u0105<\/b> \u2013 niech ona pomo\u017ce wypowiedzie\u0107 to, co le\u017cy na sercu. Tak si\u0119 w\u0142a\u015bnie dzieje na Jasnej G\u00f3rze. <\/span><\/span><\/span><\/p>\n<p align=\"justify\"><span style=\"color: #000000;\"><span style=\"font-family: Book Antiqua, serif;\"><span style=\"font-size: large;\">Nie ma bowiem w\u0105tpliwo\u015bci, \u017ce jest to <b>dom <\/b><b>naszego <\/b><b>spotkania z <\/b><b>samym<\/b><b> Bogiem.<\/b> Nie mo\u017cna \u2013 jako\u015b niew\u0142a\u015bciwie rozumuj\u0105c \u2013 kojarzy\u0107, \u017ce jest to miejsce ucieczki <b>przed zbyt surowym Bogiem.<\/b> B\u00f3g \u2013 to taki tyran i satrapa, gro\u017c\u0105cy karami, krzycz\u0105cy na biednego cz\u0142owieka, a <b>Maryja to taki <\/b><b>znowu <\/b><b>azyl, <\/b>czyli kto\u015b, kto bezkrytycznie usprawiedliwi i ukryje przed Bogiem wszystkie nasze ciemne sprawy. Nie! Nie mo\u017cemy tak tego pojmowa\u0107. <\/span><\/span><\/span><\/p>\n<p align=\"justify\"><span style=\"color: #000000;\"><span style=\"font-family: Book Antiqua, serif;\"><span style=\"font-size: large;\">Przecie\u017c sam <b>B\u00f3g jest mi\u0142<\/b><b>o<\/b><b>\u015bci\u0105<\/b> i On jest najwy\u017csz\u0105 pot\u0119g\u0105, kt\u00f3rej nikt nawet nie mo\u017ce <b>pr<\/b><b>\u00f3bo<\/b><b>wa\u0107 si\u0119 r\u00f3wna\u0107<\/b><b>.<\/b> I On za dobro wynagradza, a za z\u0142o karze, ale je\u015bli nawet karze, to <b>nie po to, aby cz\u0142owieka pogr\u0105\u017cy\u0107,<\/b> ale \u017ceby mu pom\u00f3c: aby cz\u0142owiek wreszcie oprzytomnia\u0142 i przypomnia\u0142 sobie, \u017ce B\u00f3g naprawd\u0119 jest i wszystko widzi! <\/span><\/span><\/span><\/p>\n<p align=\"justify\"><span style=\"color: #000000;\"><span style=\"font-family: Book Antiqua, serif;\"><span style=\"font-size: large;\">Maryja, chocia\u017c naj\u015bwi\u0119tsza i najbli\u017csza Bogu, <b>przecie\u017c jest cz\u0142owi<\/b><b>e<\/b><b>kiem,<\/b> jak ka\u017cdy z nas. Nie jest bogini\u0105, nie jest te\u017c r\u00f3wna Bogu. A co za tym idzie \u2013 Maryja nie uczyni nigdy niczego <b>wbrew Bogu, przeciw Niemu.<\/b> Maryja nigdy si\u0119 Bogu nie sprzeciwi. I je\u017celi razem z nami zwraca si\u0119 do Boga, je\u017celi m\u00f3wi: <i><b>N<\/b><\/i><i><b>ie maj\u0105 ju\u017c wina,<\/b><\/i> nie maj\u0105 tego czy tamtego, brak im rado\u015bci, brak im nadziei \u2013 je\u017celi z tym wszystkim do Boga si\u0119 zwraca, to dlatego, \u017ce <b>odwo\u0142uje si\u0119 do Bo\u017cej mi\u0142o\u015bci<\/b><b>,<\/b> kt\u00f3ra jest wielka, kt\u00f3ra jest wszechpot\u0119\u017cna i wszechogarniaj\u0105ca. Z tej mi\u0142o\u015bci i Ona, Maryja, <b>czerpie \u0142ask\u0119 i p<\/b><b>omoc. <\/b><\/span><\/span><\/span><\/p>\n<p align=\"justify\"><span style=\"color: #000000;\"><span style=\"font-family: Book Antiqua, serif;\"><span style=\"font-size: large;\">I mo\u017ce w\u0142a\u015bnie dlatego, \u017ce Maryja potrafi z Bo\u017cej mi\u0142o\u015bci czerpa\u0107 tak wiele i potrafi t\u0119 mi\u0142o\u015b\u0107 ukazywa\u0107 ludziom \u2013 na \u015bwi\u0119tej G\u00f3rze, na G\u00f3rze spotkania, <b>B\u00f3g chcia\u0142 umie\u015bci\u0107 Jej <\/b><b>dom,<\/b> jej sanktuarium. Mo\u017ce w\u0142a\u015bnie dlatego B\u00f3g chcia\u0142 si\u0119 <b>spotyka\u0107 z lud\u017ami przez M<\/b><b>ary<\/b><b>j\u0119!<\/b> <\/span><\/span><\/span><\/p>\n<p align=\"justify\"><span style=\"color: #000000;\"><span style=\"font-family: Book Antiqua, serif;\"><span style=\"font-size: large;\">A mo\u017ce tak\u017ce dlatego, \u017ce Maryja sama da\u0142a nam <b>doskona\u0142y przyk\u0142ad d\u0105\u017cenia do <\/b><b>G<\/b><b>\u00f3ry,<\/b> do Boga. Ona nigdy nie uczyni\u0142a niczego, co by si\u0119 mog\u0142o sprzeciwi\u0107 Bogu. Ona nie zmarnowa\u0142a na ziemi <b>ani <\/b><b>jednej minuty na sprawy nie zwi\u0105zane z Bogiem.<\/b> Ona zawsze d\u0105\u017cy\u0142a do tego, co wielkie, co Bo\u017ce, co niezwyk\u0142e. Ona zawsze pragn\u0119\u0142a jedynie Boga i Jego spraw. Chocia\u017c cicha i skromna, to jednak zawsze <b>skierowana ku Bogu,<\/b> zas\u0142uchana w Boga, zachwycona Jego pot\u0119g\u0105. <\/span><\/span><\/span><\/p>\n<p align=\"justify\"><span style=\"color: #000000;\"><span style=\"font-family: Book Antiqua, serif;\"><span style=\"font-size: large;\">I to w\u0142a\u015bnie Ona, Maryja, uczy nas takiej postawy. Dlatego mo\u017ce dzisiaj nale\u017ca\u0142oby zapyta\u0107, <b>na ile korzystamy z lekcji,<\/b> jak\u0105 nam daje Maryja? Na ile wzorujemy si\u0119 na Niej? <\/span><\/span><\/span><\/p>\n<p align=\"justify\"><span style=\"color: #000000;\"><span style=\"font-family: Book Antiqua, serif;\"><span style=\"font-size: large;\">Czy nie jest tak, \u017ce jad\u0105c na Jasn\u0105 G\u00f3r\u0119, pielgrzymuj\u0105c na r\u00f3\u017cne sposoby i przy r\u00f3\u017cnych okazjach, <b>tylko i wy\u0142\u0105cznie ulegamy emocjom, wzr<\/b><b>u<\/b><b>szeniom, <\/b>a nie ma \u017cadnej konkretnej przemiany naszego \u017cycia? I c\u00f3\u017c w\u00f3wczas z naszych wzrusze\u0144? C\u00f3\u017c z naszych \u0142ez, nawet tak g\u0119sto wylewanych,<b> je\u017celi jest to tylko poz\u00f3r \u2013<\/b> pusty, zewn\u0119trzny znak? Czy nasze pielgrzymowanie na Jasn\u0105 G\u00f3r\u0119 wi\u0105\u017ce si\u0119 z jakim\u015b postanowieniem? <\/span><\/span><\/span><\/p>\n<p align=\"justify\"><span style=\"color: #000000;\"><span style=\"font-family: Book Antiqua, serif;\"><span style=\"font-size: large;\">Dobrze by by\u0142o, aby <b>ka\u017cdy nasz pobyt<\/b> u Tronu Pani Jasnog\u00f3rskiej by\u0142 okazj\u0105 do zrobienia <b>solidnego rachunku sumienia,<\/b> do podj\u0119cia czego\u015b konkretnego, jakiego\u015b kroku w stron\u0119 Boga, jakiego\u015b bardzo<b> konkretnego kroku <\/b>w kierunku przemiany post\u0119powania,<b> przemiany \u017cycia.<\/b> Nie chodzi tu o jakie\u015b nadzwyczajne rzeczy jakie\u015b ogromnie trudne postanowienia. Niech to b\u0119dzie <b>co\u015b d<\/b><b>r<\/b><b>ob<\/b><b>n<\/b><b>ego, ale konkretnego.<\/b> A mo\u017ce po prostu przypomnienie jakiego\u015b wcze\u015bniej podj\u0119tego postanowienia\u2026<\/span><\/span><\/span><\/p>\n<p align=\"justify\"><span style=\"color: #000000;\"><span style=\"font-family: Book Antiqua, serif;\"><span style=\"font-size: large;\">Maryja pomaga nam w tym. Tak, jak w Kanie Galilejskiej, tak samo i w naszej polskiej Kanie \u2013 bo tak si\u0119 cz\u0119sto okre\u015bla Jasn\u0105 G\u00f3r\u0119 \u2013 m\u00f3wi zawsze jedno: <i><b>Z<\/b><\/i><i><b>r\u00f3bcie wszystko, cokolwiek wam powie<\/b><\/i><b> <\/b><b>[<\/b><b>Jezus<\/b><b>]<\/b><b>.<\/b> A Jezus, jak s\u0142yszeli\u015bmy, nie za\u017c\u0105da\u0142 jakiej\u015b niezwyk\u0142ej rzeczy. Nie! Po prostu: <i><b>N<\/b><\/i><i><b>ape<\/b><\/i><i><b>\u0142<\/b><\/i><i><b>nijcie st<\/b><\/i><i><b>\u0105gwie wod\u0105!<\/b><\/i><b> <\/b>Nape\u0142nijcie \u2013 i ju\u017c! <i><b>I nape\u0142nili a\u017c po brzegi<\/b><\/i> \u2013 jak m\u00f3wi Ewangelista. Potem: <i><b>Zaczerpnijcie teraz i zanie\u015bcie staro\u015bcie weselnemu!<\/b><\/i> Tylko tyle! Tylko tyle wystarczy\u0142o, aby dokona\u0142 si\u0119 cud\u2026 <\/span><\/span><\/span><\/p>\n<p align=\"justify\"><span style=\"color: #000000;\"><span style=\"font-family: Book Antiqua, serif;\"><span style=\"font-size: large;\">Moi Drodzy, to wydarzenie pokazuje najlepiej, jakie s\u0105 \u2013 je\u015bli tak mo\u017cna powiedzie\u0107 \u2013 <b>proporcje dzia\u0142ania Bo\u017cego<\/b> i dzia\u0142ania cz\u0142owieka w ka\u017cdym dobrym czynie. Jest tak w\u0142a\u015bnie, \u017ce B\u00f3g oczekuje od cz\u0142owieka <b>tylko gotowo\u015bci wsp\u00f3\u0142pracy<\/b> i jakiego\u015b <b>ma\u0142ego kroku,<\/b> jakiego\u015b ma\u0142ego czynu. On sam natomiast uczyni ju\u017c reszt\u0119. <\/span><\/span><\/span><\/p>\n<p align=\"justify\"><span style=\"color: #000000;\"><span style=\"font-family: Book Antiqua, serif;\"><span style=\"font-size: large;\">To przecie\u017c nie Maryja, ani \u2013 tym bardziej \u2013 nie s\u0142udzy przemienili wod\u0119 w wino. <b>Maryja <\/b><b>by\u0142a <\/b><b>pewna<\/b><b>, \u017ce Jezus p<\/b><b>o<\/b><b>trafi to zrobi\u0107<\/b> i podpowiedzia\u0142a to s\u0142ugom. S\u0142udzy z kolei okazali si\u0119 pos\u0142uszni Maryi, a nast\u0119pnie Jezusowi. I to ju\u017c wystarczy\u0142o! I z nami jest podobnie. <\/span><\/span><\/span><\/p>\n<p align=\"justify\"><span style=\"color: #000000;\"><span style=\"font-family: Book Antiqua, serif;\"><span style=\"font-size: large;\">Natchnienie do dobra pochodzi zawsze od Boga. Maryja i nam m\u00f3wi: <i><b>Z<\/b><\/i><i><b>r\u00f3bcie wszystko, cokolwiek wam powie<\/b><\/i><b> <\/b><b>[<\/b><b>m\u00f3j Syn<\/b><b>]<\/b><b>.<\/b> Zr\u00f3bcie wszystko \u2013 nie tylko to, co wam si\u0119 wydaje wygodne i \u0142atwe! <b>Zr\u00f3bcie wszys<\/b><b>t<\/b><b>ko! <\/b>B\u0105d\u017acie pos\u0142uszni Jego nauce, Jego woli. Dok\u0142adnie i do ko\u0144ca! Maryja zdaje si\u0119 m\u00f3wi\u0107: <b>B<\/b><b>\u0105d\u017acie pos\u0142uszni, jak ja jestem pos\u0142uszna<\/b><b>.<\/b> I dlatego w\u0142a\u015bnie, \u017ce Maryja jest w tak doskona\u0142y spos\u00f3b pos\u0142uszna, dlatego dzia\u0142y si\u0119 w Jej \u017cyciu tak niezwyk\u0142e rzeczy. <\/span><\/span><\/span><\/p>\n<p align=\"justify\"><span style=\"color: #000000;\"><span style=\"font-family: Book Antiqua, serif;\"><span style=\"font-size: large;\">Ona sama wyrazi\u0142a to w Magnificat: <i><b>Wielkie rzeczy u<\/b><\/i><i><b>czyni\u0142 mi Wszechmocny.<\/b><\/i> W \u017cyciu ka\u017cdego z nas B\u00f3g, kt\u00f3ry jest wszechmocny, mo\u017ce dokonywa\u0107 wielkich rzeczy. Ale ta Bo\u017ca wszechmoc mo\u017ce okaza\u0107 si\u0119 niewystarczaj\u0105ca, kiedy spotka si\u0119 <b>z oporem ze strony cz\u0142owi<\/b><b>e<\/b><b>ka.<\/b> Przecie\u017c B\u00f3g nikogo nie uszcz\u0119\u015bliwia na si\u0142\u0119. Dlatego, je\u017celi cz\u0142owiek nie zechce si\u0119 otworzy\u0107 przed Bogiem, je\u017celi nie zechce przyj\u0105\u0107 Jego woli, Jego dobrej rady \u2013 <b>B\u00f3g nic nie <\/b><b>b\u0119dzie <\/b><b>m<\/b><b>\u00f3g\u0142<\/b><b> uczyni\u0107.<\/b> To taka niezwyk\u0142a sytuacja, kiedy <b>wszechmoc Bo\u017ca okazuje si\u0119 bezsilna.<\/b> Bezsilna wobec oporu ze strony cz\u0142owieka. <\/span><\/span><\/span><\/p>\n<p align=\"justify\"><span style=\"color: #000000;\"><span style=\"font-family: Book Antiqua, serif;\"><span style=\"font-size: large;\">Maryja uczy nas pos\u0142usze\u0144stwa Bogu. Pokazuje, \u017ce im bardziej cz\u0142owiek jest Bogu pos\u0142uszny, im bardziej jest z Bogiem zjednoczony, <b>tym wi\u0119cej B\u00f3g mo\u017ce<\/b> w Jego \u017cyciu zdzia\u0142a\u0107. I pokazuje nam Maryja, <b>jak pi\u0119kne jest \u017cycie cz\u0142owieka,<\/b> kt\u00f3ry swe serce, sw\u00f3j umys\u0142, swoj\u0105 wol\u0119 kieruje ku g\u00f3rze. Jak wiele dobra mo\u017ce si\u0119 sta\u0107 w \u017cyciu cz\u0142owieka, kt\u00f3ry potrafi <b>zachwyci\u0107 si\u0119 Bogiem,<\/b> Jego pot\u0119g\u0105. <\/span><\/span><\/span><\/p>\n<p align=\"justify\"><span style=\"color: #000000;\"><span style=\"font-family: Book Antiqua, serif;\"><span style=\"font-size: large;\">Moi Drodzy, <i><b>gdy nade<\/b><\/i><i><b>sz\u0142a pe\u0142nia czasu<\/b><\/i> \u2013 jak dzisiaj m\u00f3wi\u0142 Pawe\u0142 do Galat\u00f3w \u2013 w\u00f3wczas B\u00f3g <b>zapra<\/b><b>gn\u0105\u0142 zbawi\u0107 cz\u0142owieka.<\/b> Dokona\u0142 tego przez Maryj\u0119. T\u0105 \u00abpe\u0142ni\u0105 czasu\u00bb by\u0142o zst\u0105pienie Boga na ziemi\u0119. Ale chyba ka\u017cdy z nas do\u015bwiadczy\u0142, \u017ce ilekro\u0107 stan\u0105\u0142 na Jasnej G\u00f3rze, stan\u0105\u0142 przed Matk\u0105, to <b>wszed\u0142 w jaki\u015b inny wymiar czasu \u2013<\/b> jakby czas si\u0119 zatrzyma\u0142. Wtedy nic nie by\u0142o wa\u017cne, tylko nasza modlitwa do Matki. <b>To w\u0142a\u015bnie <\/b><b>\u00ab<\/b><b>pe\u0142nia czasu<\/b><b>\u00bb<\/b><b>!<\/b> <\/span><\/span><\/span><\/p>\n<p align=\"justify\"><span style=\"color: #000000;\"><span style=\"font-family: Book Antiqua, serif;\"><span style=\"font-size: large;\">Bo kiedy dotykamy spraw Boskich, kiedy sw\u00f3j umys\u0142 i serce kierujemy ku Bogu, ku g\u00f3rze, to <b>nast\u0119puje <\/b><b>\u00ab<\/b><b>pe\u0142nia czasu<\/b><b>\u00bb<\/b><b>. <\/b>Czas si\u0119 wype\u0142nia, czas si\u0119 zatrzymuje, dokonuje si\u0119 zbawienie. Niech nam B\u00f3g pozwoli <b>do\u015bwiadczy\u0107 <\/b><b>\u00ab<\/b><b>pe\u0142ni czasu<\/b><b>\u00bb<\/b> zawsze, ilekro\u0107 b\u0119dziemy do Niego pielgrzymowa\u0107 \u2013 cho\u0107by w modlitwach; ilekro\u0107 b\u0119dziemy kierowa\u0107 ku Niemu nasze serca. Szczeg\u00f3lnie \u2013 niech nam pozwoli do\u015bwiadczy\u0107 \u00abpe\u0142ni czasu\u00bb, gdy b\u0119dziemy <b>pielgrzymowa\u0107 na t\u0119 \u015bwi\u0119t\u0105 G\u00f3r\u0119<\/b> \u2013 na Jasn\u0105 G\u00f3r\u0119<i><b>.<\/b><\/i><\/span><\/span><\/span><\/p>\n<p align=\"justify\"><span style=\"color: #000000;\"><span style=\"font-family: Book Antiqua, serif;\"><span style=\"font-size: large;\"><i><b>\u015awi\u0119ta Jego G\u00f3ra, wspania\u0142e wzniesienie, rado\u015bci\u0105 jest ca\u0142ej ziemi.<\/b><\/i><b> <\/b>\u015awi\u0119ta Jego G\u00f3ra, Jasna G\u00f3ra spotkania z Nim przez po\u015brednictwo Matki \u2013 to \u015bwi\u0119te miejsce \u0142aski. \u015awi\u0119ta Jego G\u00f3ra, wspania\u0142e wzniesienie, <b>rado\u015bci\u0105 jest naszych serc,<\/b> kt\u00f3re stamt\u0105d jako\u015b szczeg\u00f3lnie pragniemy ku g\u00f3rze kierowa\u0107 \u2013 kierowa\u0107 ku Bogu. \u015awi\u0119ta Jego G\u00f3ra, wspania\u0142e wzniesienie, rado\u015bci\u0105 jest tych, kt\u00f3rzy <b>tam szukaj\u0105 pomocy i nadziei.<\/b> \u015awi\u0119ta Jego G\u00f3ra, wspania\u0142e wzniesienie, jest <b>nasz\u0105 rado\u015bci\u0105!<\/b><\/span><\/span><\/span><\/p>\n<p align=\"justify\"><span style=\"color: #000000;\"><span style=\"font-family: Book Antiqua, serif;\"><span style=\"font-size: large;\">Jakie konkretne duchowe owoce przynosi <b>moje pielgrzymowanie<\/b> \u2013 cho\u0107by duchowe \u2013 na Jasn\u0105 G\u00f3r\u0119?\u2026<\/span><\/span><\/span><\/p>\n","protected":false},"excerpt":{"rendered":"<p>Niech b\u0119dzie pochwalony Jezus Chrystus! Moi Drodzy, w dniu dzisiejszym rocznic\u0119 \u015blubu prze\u017cywaj\u0105 Micha\u0142 i Natalia Ja\u015bkowscy, czyli m\u00f3j Brat stryjeczny i Jego \u017bona. Niech Im Pan b\u0142ogos\u0142awi w codziennym kszta\u0142towaniu atmosfery domowego Ko\u015bcio\u0142a Ich domu! Zapewniam o modlitwie. Moi Drodzy, chocia\u017c dzisiaj nie ma obowi\u0105zku uczestniczenia we Mszy \u015awi\u0119tej, to jednak bardzo serdecznie \u2013 [&hellip;]<\/p>\n","protected":false},"author":1,"featured_media":0,"comment_status":"open","ping_status":"open","sticky":false,"template":"","format":"standard","meta":{"jetpack_post_was_ever_published":false,"_jetpack_newsletter_access":"","_jetpack_dont_email_post_to_subs":false,"_jetpack_newsletter_tier_id":0,"_jetpack_memberships_contains_paywalled_content":false,"_jetpack_memberships_contains_paid_content":false,"footnotes":""},"categories":[1],"tags":[],"class_list":["post-15676","post","type-post","status-publish","format-standard","hentry","category-bez-kategorii"],"yoast_head":"<!-- This site is optimized with the Yoast SEO plugin v25.1 - https:\/\/yoast.com\/wordpress\/plugins\/seo\/ -->\n<title>\u015awi\u0119ta Jego G\u00f3ra, wspania\u0142e wzniesienie! - Gaudium Et Spes<\/title>\n<meta name=\"robots\" content=\"index, follow, max-snippet:-1, max-image-preview:large, max-video-preview:-1\" \/>\n<link rel=\"canonical\" href=\"https:\/\/gaudiumetspes-blog.pl\/index.php\/2019\/08\/26\/swieta-jego-gora-wspaniale-wzniesienie\/\" \/>\n<meta property=\"og:locale\" content=\"pl_PL\" \/>\n<meta property=\"og:type\" content=\"article\" \/>\n<meta property=\"og:title\" content=\"\u015awi\u0119ta Jego G\u00f3ra, wspania\u0142e wzniesienie! - Gaudium Et Spes\" \/>\n<meta property=\"og:description\" content=\"Niech b\u0119dzie pochwalony Jezus Chrystus! Moi Drodzy, w dniu dzisiejszym rocznic\u0119 \u015blubu prze\u017cywaj\u0105 Micha\u0142 i Natalia Ja\u015bkowscy, czyli m\u00f3j Brat stryjeczny i Jego \u017bona. Niech Im Pan b\u0142ogos\u0142awi w codziennym kszta\u0142towaniu atmosfery domowego Ko\u015bcio\u0142a Ich domu! Zapewniam o modlitwie. Moi Drodzy, chocia\u017c dzisiaj nie ma obowi\u0105zku uczestniczenia we Mszy \u015awi\u0119tej, to jednak bardzo serdecznie \u2013 [&hellip;]\" \/>\n<meta property=\"og:url\" content=\"https:\/\/gaudiumetspes-blog.pl\/index.php\/2019\/08\/26\/swieta-jego-gora-wspaniale-wzniesienie\/\" \/>\n<meta property=\"og:site_name\" content=\"Gaudium Et Spes\" \/>\n<meta property=\"article:published_time\" content=\"2019-08-26T03:53:24+00:00\" \/>\n<meta name=\"author\" content=\"Ks. Jacek\" \/>\n<meta name=\"twitter:card\" content=\"summary_large_image\" \/>\n<meta name=\"twitter:label1\" content=\"Napisane przez\" \/>\n\t<meta name=\"twitter:data1\" content=\"Ks. Jacek\" \/>\n\t<meta name=\"twitter:label2\" content=\"Szacowany czas czytania\" \/>\n\t<meta name=\"twitter:data2\" content=\"14 minut\" \/>\n<script type=\"application\/ld+json\" class=\"yoast-schema-graph\">{\"@context\":\"https:\/\/schema.org\",\"@graph\":[{\"@type\":\"WebPage\",\"@id\":\"https:\/\/gaudiumetspes-blog.pl\/index.php\/2019\/08\/26\/swieta-jego-gora-wspaniale-wzniesienie\/\",\"url\":\"https:\/\/gaudiumetspes-blog.pl\/index.php\/2019\/08\/26\/swieta-jego-gora-wspaniale-wzniesienie\/\",\"name\":\"\u015awi\u0119ta Jego G\u00f3ra, wspania\u0142e wzniesienie! - Gaudium Et Spes\",\"isPartOf\":{\"@id\":\"https:\/\/gaudiumetspes-blog.pl\/#website\"},\"datePublished\":\"2019-08-26T03:53:24+00:00\",\"author\":{\"@id\":\"https:\/\/gaudiumetspes-blog.pl\/#\/schema\/person\/1661982992b752dea8dff0d4ed845a65\"},\"breadcrumb\":{\"@id\":\"https:\/\/gaudiumetspes-blog.pl\/index.php\/2019\/08\/26\/swieta-jego-gora-wspaniale-wzniesienie\/#breadcrumb\"},\"inLanguage\":\"pl-PL\",\"potentialAction\":[{\"@type\":\"ReadAction\",\"target\":[\"https:\/\/gaudiumetspes-blog.pl\/index.php\/2019\/08\/26\/swieta-jego-gora-wspaniale-wzniesienie\/\"]}]},{\"@type\":\"BreadcrumbList\",\"@id\":\"https:\/\/gaudiumetspes-blog.pl\/index.php\/2019\/08\/26\/swieta-jego-gora-wspaniale-wzniesienie\/#breadcrumb\",\"itemListElement\":[{\"@type\":\"ListItem\",\"position\":1,\"name\":\"Strona g\u0142\u00f3wna\",\"item\":\"https:\/\/gaudiumetspes-blog.pl\/\"},{\"@type\":\"ListItem\",\"position\":2,\"name\":\"\u015awi\u0119ta Jego G\u00f3ra, wspania\u0142e wzniesienie!\"}]},{\"@type\":\"WebSite\",\"@id\":\"https:\/\/gaudiumetspes-blog.pl\/#website\",\"url\":\"https:\/\/gaudiumetspes-blog.pl\/\",\"name\":\"Gaudium Et Spes\",\"description\":\"Blog Ks. Jacka Ja\u015bkowskiego\",\"potentialAction\":[{\"@type\":\"SearchAction\",\"target\":{\"@type\":\"EntryPoint\",\"urlTemplate\":\"https:\/\/gaudiumetspes-blog.pl\/?s={search_term_string}\"},\"query-input\":{\"@type\":\"PropertyValueSpecification\",\"valueRequired\":true,\"valueName\":\"search_term_string\"}}],\"inLanguage\":\"pl-PL\"},{\"@type\":\"Person\",\"@id\":\"https:\/\/gaudiumetspes-blog.pl\/#\/schema\/person\/1661982992b752dea8dff0d4ed845a65\",\"name\":\"Ks. Jacek\",\"image\":{\"@type\":\"ImageObject\",\"inLanguage\":\"pl-PL\",\"@id\":\"https:\/\/gaudiumetspes-blog.pl\/#\/schema\/person\/image\/\",\"url\":\"https:\/\/gaudiumetspes-blog.pl\/wp-content\/uploads\/2019\/07\/avatar-JJ-150x150.jpg\",\"contentUrl\":\"https:\/\/gaudiumetspes-blog.pl\/wp-content\/uploads\/2019\/07\/avatar-JJ-150x150.jpg\",\"caption\":\"Ks. Jacek\"},\"description\":\"Witam serdecznie! K\u0142ania si\u0119 Ks. Jacek Ja\u015bkowski. Nie jestem ani kim\u015b wa\u017cnym, ani kim\u015b znanym. Jestem ksi\u0119dzem, kt\u00f3ry po prostu chce rozmawia\u0107. Codzienna kap\u0142a\u0144ska pos\u0142uga pokazuje mi, \u017ce temat\u00f3w do rozm\u00f3w z ksi\u0119dzem jest coraz wi\u0119cej i dzisiaj \u017caden ksi\u0105dz nie mo\u017ce od nich ucieka\u0107, ale - wprost przeciwnie - podejmowa\u0107 nowe wyzwania. To przekonanie sk\u0142oni\u0142o mnie do pr\u00f3by otwarcia tego\u017c bloga, chocia\u017c okazji do rozm\u00f3w na co dzie\u0144 - w konfesjonale i poza nim - na szcz\u0119\u015bcie nie brakuje. My\u015bl\u0119 jednak, \u017ce ten blog b\u0119dzie jeszcze jednym sposobem i przestrzeni\u0105 nawi\u0105zania kontaktu z lud\u017ami dobrej woli, otwartymi na dialog.\",\"url\":\"https:\/\/gaudiumetspes-blog.pl\/index.php\/author\/ks-jacek\/\"}]}<\/script>\n<!-- \/ Yoast SEO plugin. -->","yoast_head_json":{"title":"\u015awi\u0119ta Jego G\u00f3ra, wspania\u0142e wzniesienie! - Gaudium Et Spes","robots":{"index":"index","follow":"follow","max-snippet":"max-snippet:-1","max-image-preview":"max-image-preview:large","max-video-preview":"max-video-preview:-1"},"canonical":"https:\/\/gaudiumetspes-blog.pl\/index.php\/2019\/08\/26\/swieta-jego-gora-wspaniale-wzniesienie\/","og_locale":"pl_PL","og_type":"article","og_title":"\u015awi\u0119ta Jego G\u00f3ra, wspania\u0142e wzniesienie! - Gaudium Et Spes","og_description":"Niech b\u0119dzie pochwalony Jezus Chrystus! Moi Drodzy, w dniu dzisiejszym rocznic\u0119 \u015blubu prze\u017cywaj\u0105 Micha\u0142 i Natalia Ja\u015bkowscy, czyli m\u00f3j Brat stryjeczny i Jego \u017bona. Niech Im Pan b\u0142ogos\u0142awi w codziennym kszta\u0142towaniu atmosfery domowego Ko\u015bcio\u0142a Ich domu! Zapewniam o modlitwie. Moi Drodzy, chocia\u017c dzisiaj nie ma obowi\u0105zku uczestniczenia we Mszy \u015awi\u0119tej, to jednak bardzo serdecznie \u2013 [&hellip;]","og_url":"https:\/\/gaudiumetspes-blog.pl\/index.php\/2019\/08\/26\/swieta-jego-gora-wspaniale-wzniesienie\/","og_site_name":"Gaudium Et Spes","article_published_time":"2019-08-26T03:53:24+00:00","author":"Ks. Jacek","twitter_card":"summary_large_image","twitter_misc":{"Napisane przez":"Ks. Jacek","Szacowany czas czytania":"14 minut"},"schema":{"@context":"https:\/\/schema.org","@graph":[{"@type":"WebPage","@id":"https:\/\/gaudiumetspes-blog.pl\/index.php\/2019\/08\/26\/swieta-jego-gora-wspaniale-wzniesienie\/","url":"https:\/\/gaudiumetspes-blog.pl\/index.php\/2019\/08\/26\/swieta-jego-gora-wspaniale-wzniesienie\/","name":"\u015awi\u0119ta Jego G\u00f3ra, wspania\u0142e wzniesienie! - Gaudium Et Spes","isPartOf":{"@id":"https:\/\/gaudiumetspes-blog.pl\/#website"},"datePublished":"2019-08-26T03:53:24+00:00","author":{"@id":"https:\/\/gaudiumetspes-blog.pl\/#\/schema\/person\/1661982992b752dea8dff0d4ed845a65"},"breadcrumb":{"@id":"https:\/\/gaudiumetspes-blog.pl\/index.php\/2019\/08\/26\/swieta-jego-gora-wspaniale-wzniesienie\/#breadcrumb"},"inLanguage":"pl-PL","potentialAction":[{"@type":"ReadAction","target":["https:\/\/gaudiumetspes-blog.pl\/index.php\/2019\/08\/26\/swieta-jego-gora-wspaniale-wzniesienie\/"]}]},{"@type":"BreadcrumbList","@id":"https:\/\/gaudiumetspes-blog.pl\/index.php\/2019\/08\/26\/swieta-jego-gora-wspaniale-wzniesienie\/#breadcrumb","itemListElement":[{"@type":"ListItem","position":1,"name":"Strona g\u0142\u00f3wna","item":"https:\/\/gaudiumetspes-blog.pl\/"},{"@type":"ListItem","position":2,"name":"\u015awi\u0119ta Jego G\u00f3ra, wspania\u0142e wzniesienie!"}]},{"@type":"WebSite","@id":"https:\/\/gaudiumetspes-blog.pl\/#website","url":"https:\/\/gaudiumetspes-blog.pl\/","name":"Gaudium Et Spes","description":"Blog Ks. Jacka Ja\u015bkowskiego","potentialAction":[{"@type":"SearchAction","target":{"@type":"EntryPoint","urlTemplate":"https:\/\/gaudiumetspes-blog.pl\/?s={search_term_string}"},"query-input":{"@type":"PropertyValueSpecification","valueRequired":true,"valueName":"search_term_string"}}],"inLanguage":"pl-PL"},{"@type":"Person","@id":"https:\/\/gaudiumetspes-blog.pl\/#\/schema\/person\/1661982992b752dea8dff0d4ed845a65","name":"Ks. Jacek","image":{"@type":"ImageObject","inLanguage":"pl-PL","@id":"https:\/\/gaudiumetspes-blog.pl\/#\/schema\/person\/image\/","url":"https:\/\/gaudiumetspes-blog.pl\/wp-content\/uploads\/2019\/07\/avatar-JJ-150x150.jpg","contentUrl":"https:\/\/gaudiumetspes-blog.pl\/wp-content\/uploads\/2019\/07\/avatar-JJ-150x150.jpg","caption":"Ks. Jacek"},"description":"Witam serdecznie! K\u0142ania si\u0119 Ks. Jacek Ja\u015bkowski. Nie jestem ani kim\u015b wa\u017cnym, ani kim\u015b znanym. Jestem ksi\u0119dzem, kt\u00f3ry po prostu chce rozmawia\u0107. Codzienna kap\u0142a\u0144ska pos\u0142uga pokazuje mi, \u017ce temat\u00f3w do rozm\u00f3w z ksi\u0119dzem jest coraz wi\u0119cej i dzisiaj \u017caden ksi\u0105dz nie mo\u017ce od nich ucieka\u0107, ale - wprost przeciwnie - podejmowa\u0107 nowe wyzwania. To przekonanie sk\u0142oni\u0142o mnie do pr\u00f3by otwarcia tego\u017c bloga, chocia\u017c okazji do rozm\u00f3w na co dzie\u0144 - w konfesjonale i poza nim - na szcz\u0119\u015bcie nie brakuje. My\u015bl\u0119 jednak, \u017ce ten blog b\u0119dzie jeszcze jednym sposobem i przestrzeni\u0105 nawi\u0105zania kontaktu z lud\u017ami dobrej woli, otwartymi na dialog.","url":"https:\/\/gaudiumetspes-blog.pl\/index.php\/author\/ks-jacek\/"}]}},"jetpack_featured_media_url":"","jetpack_sharing_enabled":true,"_links":{"self":[{"href":"https:\/\/gaudiumetspes-blog.pl\/index.php\/wp-json\/wp\/v2\/posts\/15676","targetHints":{"allow":["GET"]}}],"collection":[{"href":"https:\/\/gaudiumetspes-blog.pl\/index.php\/wp-json\/wp\/v2\/posts"}],"about":[{"href":"https:\/\/gaudiumetspes-blog.pl\/index.php\/wp-json\/wp\/v2\/types\/post"}],"author":[{"embeddable":true,"href":"https:\/\/gaudiumetspes-blog.pl\/index.php\/wp-json\/wp\/v2\/users\/1"}],"replies":[{"embeddable":true,"href":"https:\/\/gaudiumetspes-blog.pl\/index.php\/wp-json\/wp\/v2\/comments?post=15676"}],"version-history":[{"count":1,"href":"https:\/\/gaudiumetspes-blog.pl\/index.php\/wp-json\/wp\/v2\/posts\/15676\/revisions"}],"predecessor-version":[{"id":15677,"href":"https:\/\/gaudiumetspes-blog.pl\/index.php\/wp-json\/wp\/v2\/posts\/15676\/revisions\/15677"}],"wp:attachment":[{"href":"https:\/\/gaudiumetspes-blog.pl\/index.php\/wp-json\/wp\/v2\/media?parent=15676"}],"wp:term":[{"taxonomy":"category","embeddable":true,"href":"https:\/\/gaudiumetspes-blog.pl\/index.php\/wp-json\/wp\/v2\/categories?post=15676"},{"taxonomy":"post_tag","embeddable":true,"href":"https:\/\/gaudiumetspes-blog.pl\/index.php\/wp-json\/wp\/v2\/tags?post=15676"}],"curies":[{"name":"wp","href":"https:\/\/api.w.org\/{rel}","templated":true}]}}