{"id":15678,"date":"2019-08-27T05:28:18","date_gmt":"2019-08-27T03:28:18","guid":{"rendered":"https:\/\/gaudiumetspes-blog.pl\/?p=15678"},"modified":"2019-08-26T21:43:01","modified_gmt":"2019-08-26T19:43:01","slug":"bedac-tak-pelni-zyczliwosci-dla-was","status":"publish","type":"post","link":"https:\/\/gaudiumetspes-blog.pl\/index.php\/2019\/08\/27\/bedac-tak-pelni-zyczliwosci-dla-was\/","title":{"rendered":"B\u0119d\u0105c tak pe\u0142ni \u017cyczliwo\u015bci dla Was&#8230;"},"content":{"rendered":"<p align=\"justify\"><span style=\"color: #000000;\"><span style=\"font-family: Book Antiqua, serif;\"><span style=\"font-size: large;\">Szcz\u0119\u015b\u0107 Bo\u017ce! Moi Drodzy, w dniu dzisiejszym <b>imieniny prze\u017cywa Monika <\/b><b>Nowicka, moja Siostra cioteczna, dla kt\u00f3rej modl\u0119 si\u0119 o \u0142ask\u0119 cierpliwo\u015bci i pogody ducha w znoszeniu krzy\u017ca choroby, a je\u015bli to nie sprzeciwia\u0142oby si\u0119 woli Bo\u017cej \u2013 o \u0142ask\u0119 powrotu do pe\u0142nego zdrowia.<\/b><\/span><\/span><\/span><\/p>\n<p align=\"justify\"><span style=\"color: #000000;\"><span style=\"font-family: Book Antiqua, serif;\"><span style=\"font-size: large;\"><b>Imieniny prze\u017cywa dzi\u015b tak\u017ce Monika <\/b><b>Szostakiewicz, zaanga\u017cowana w swoim czasie w dzia\u0142alno\u015b\u0107 jednej ze Wsp\u00f3lnot m\u0142odzie\u017cowych. <\/b><\/span><\/span><\/span><\/p>\n<p align=\"justify\"><span style=\"color: #000000;\"><span style=\"font-family: Book Antiqua, serif;\"><span style=\"font-size: large;\"><b>Urodziny natomiast prze\u017cywa Sebastian Kucharski, za moich czas\u00f3w \u2013 Lektor w Celestynowie. <\/b><\/span><\/span><\/span><\/p>\n<p align=\"justify\"><span style=\"color: #000000;\"><span style=\"font-family: Book Antiqua, serif;\"><span style=\"font-size: large;\"><b>\u017bycz\u0119 <\/b><b>Wszystkim<\/b><b> \u015bwi\u0119tuj\u0105cym \u0142aski Bo\u017cej i wszelkich dobrych natchnie\u0144. Zapewniam o modlitwie!<\/b><\/span><\/span><\/span><\/p>\n<p align=\"justify\"><span style=\"color: #000000;\"><span style=\"font-family: Book Antiqua, serif;\"><span style=\"font-size: large;\">A ja dzisiaj, moi Drodzy, udaj\u0119 si\u0119 po po\u0142udni do \u017belechowa, gdzie w Liceum im. Lelewela \u2013 w kt\u00f3rym przez prawie dwa lata uczy\u0142em \u2013 odb\u0119dzie si\u0119 uroczysto\u015b\u0107 po\u017cegnania odchodz\u0105cej na emerytur\u0119 Pani Dyrektor Reginy Gromo\u0142. Z wielk\u0105 wdzi\u0119czno\u015bci\u0105 my\u015bl\u0119 o dobru, jakiego do\u015bwiadczy\u0142em ze strony Pani Dyrektor w czasie mojej pracy w tej\u017ce Szkole \u2013 i \u017cyczliwo\u015bci, jakiej do dzi\u015b do\u015bwiadczam. Dlatego do wyraz\u00f3w uznania i podzi\u0119kowania \u2013 do\u0142\u0105czam serdeczn\u0105 modlitw\u0119 o wszelkie Bo\u017ce b\u0142ogos\u0142awie\u0144stwo i \u0142aski dla Pani Dyrektor na ca\u0142e \u017cycie!<\/span><\/span><\/span><\/p>\n<p align=\"center\"><span style=\"color: #000000;\"><span style=\"font-family: Book Antiqua, serif;\"><span style=\"font-size: large;\">Gaudium et spes! Ks. Jacek<\/span><\/span><\/span><\/p>\n<p align=\"center\">\n<p align=\"center\">\n<p align=\"center\">\n<p align=\"center\">\n<p align=\"center\">\n<p align=\"justify\"><span style=\"color: #000000;\"><span style=\"font-family: Book Antiqua, serif;\"><span style=\"font-size: large;\"><b>Wtorek 21 Tygodnia zwyk\u0142ego, rok I,<\/b><\/span><\/span><\/span><\/p>\n<p align=\"justify\"><span style=\"color: #000000;\"><span style=\"font-family: Book Antiqua, serif;\"><span style=\"font-size: large;\"><b>Wspomnienie \u015aw. Moniki,<\/b><\/span><\/span><\/span><\/p>\n<p align=\"justify\"><span style=\"color: #000000;\"><span style=\"font-family: Book Antiqua, serif;\"><span style=\"font-size: large;\"><b>do czyta\u0144: 1 Tes 2,1\u20138; Mt 23,23\u201326<\/b><\/span><\/span><\/span><\/p>\n<p align=\"justify\">\n<p align=\"justify\">\n<p align=\"justify\">\n<p align=\"justify\">\n<p align=\"justify\">\n<p align=\"justify\"><span style=\"color: #000000;\"><span style=\"font-family: Book Antiqua, serif;\"><span style=\"font-size: large;\"><b>CZYTANIE Z PIERWSZEGO LISTU \u015aWI\u0118TEGO PAW\u0141A APOSTO\u0141A DO TESALONICZAN:<\/b><\/span><\/span><\/span><\/p>\n<p align=\"justify\"><span style=\"color: #000000;\"><span style=\"font-family: Book Antiqua, serif;\"><span style=\"font-size: large;\"><b>Sami wiecie, bracia, \u017ce nasze przyj\u015bcie do was nie okaza\u0142o si\u0119 daremne. Chocia\u017c ucierpieli\u015bmy i jak wiecie, doznali\u015bmy zniewagi w Filippi, odwa\u017cyli\u015bmy si\u0119 w Bogu naszym g\u0142osi\u0107 Ewangeli\u0119 Bo\u017c\u0105 wam, po\u015br\u00f3d wielkiego utrapienia. <\/b><\/span><\/span><\/span><\/p>\n<p align=\"justify\"><span style=\"color: #000000;\"><span style=\"font-family: Book Antiqua, serif;\"><span style=\"font-size: large;\"><b>Upominanie za\u015b nasze nie pochodzi z b\u0142\u0119du ani z nieczystej pobudki, ani z podst\u0119pu, lecz jak przez Boga zostali\u015bmy uznani za godnych powierzenia nam Ewangelii, tak g\u0142osimy j\u0105, aby si\u0119 podoba\u0107 nie ludziom, ale Bogu, kt\u00f3ry bada nasze serca. Nigdy przecie\u017c nie pos\u0142ugiwali\u015bmy si\u0119 pochlebstwem w mowie, jak wiecie, ani te\u017c nie kierowali\u015bmy si\u0119 ukryt\u0105 chciwo\u015bci\u0105, czego B\u00f3g jest \u015bwiadkiem, nie szukaj\u0105c ludzkiej chwa\u0142y ani po\u015br\u00f3d was, ani po\u015br\u00f3d innych. A jako aposto\u0142owie Chrystusa mogli\u015bmy by\u0107 dla was ci\u0119\u017carem, my jednak stan\u0119li\u015bmy po\u015br\u00f3d was pe\u0142ni skromno\u015bci, jak matka troskliwie si\u0119 opiekuj\u0105ca swoimi dzie\u0107mi.<\/b><\/span><\/span><\/span><\/p>\n<p align=\"justify\"><span style=\"color: #000000;\"><span style=\"font-family: Book Antiqua, serif;\"><span style=\"font-size: large;\"><b>B\u0119d\u0105c tak pe\u0142ni \u017cyczliwo\u015bci dla was, chcieli\u015bmy wam da\u0107 nie tylko nauk\u0119 Bo\u017c\u0105, lecz nadto dusze nasze, tak bowiem stali\u015bcie si\u0119 nam drodzy.<\/b><\/span><\/span><\/span><\/p>\n<p align=\"justify\">\n<p align=\"justify\">\n<p align=\"justify\">\n<p align=\"justify\">\n<p align=\"justify\">\n<p align=\"justify\"><span style=\"color: #000000;\"><span style=\"font-family: Book Antiqua, serif;\"><span style=\"font-size: large;\"><b>S\u0141OWA EWANGELII WED\u0141UG \u015aWI\u0118TEGO MATEUSZA:<\/b><\/span><\/span><\/span><\/p>\n<p align=\"justify\"><span style=\"color: #000000;\"><span style=\"font-family: Book Antiqua, serif;\"><span style=\"font-size: large;\"><b>Jezus przem\u00f3wi\u0142 tymi s\u0142owami: \u201eBiada wam, uczeni w Pi\u015bmie i faryzeusze, ob\u0142udnicy! Bo dajecie dziesi\u0119cin\u0119 z mi\u0119ty, kopru i kminku, lecz pomijacie to, co wa\u017cniejsze jest w Prawie: sprawiedliwo\u015b\u0107, mi\u0142osierdzie i wiar\u0119. To za\u015b nale\u017ca\u0142o czyni\u0107, a tamtego nie opuszcza\u0107. Przewodnicy \u015blepi, kt\u00f3rzy przecedzacie komara, a po\u0142ykacie wielb\u0142\u0105da.<\/b><\/span><\/span><\/span><\/p>\n<p align=\"justify\"><span style=\"color: #000000;\"><span style=\"font-family: Book Antiqua, serif;\"><span style=\"font-size: large;\"><b>Biada wam, uczeni w Pi\u015bmie i faryzeusze, ob\u0142udnicy! Bo dbacie o czysto\u015b\u0107 zewn\u0119trznej strony kubka i misy, a wewn\u0105trz pe\u0142ne s\u0105 zdzierstwa i niepow\u015bci\u0105gliwo\u015bci. Faryzeuszu \u015blepy! Oczy\u015b\u0107 wpierw wn\u0119trze kubka, \u017ceby i zewn\u0119trzna jego strona sta\u0142a si\u0119 czysta\u201d.<\/b><\/span><\/span><\/span><\/p>\n<p align=\"justify\">\n<p align=\"justify\">\n<p align=\"justify\">\n<p align=\"justify\">\n<p align=\"justify\">\n<p align=\"justify\"><span style=\"color: #000000;\"><span style=\"font-family: Book Antiqua, serif;\"><span style=\"font-size: large;\">S\u0142uchaj\u0105c przekonuj\u0105cych wyja\u015bnie\u0144 \u015awi\u0119tego Paw\u0142a, skierowanych do Tesaloniczan, widzimy wyra\u017anie, \u017ce jego misja rzeczywi\u015bcie <b>nie by\u0142a jak\u0105\u015b gr\u0105 pozor\u00f3w, <\/b>czy ch\u0119ci\u0105 b\u0142y\u015bni\u0119cia przed lud\u017ami w\u0142asnym intelektem, czy zdolno\u015bciami, ale by\u0142a <b>wielkim darem serca i ofiar\u0105 \u017cycia,<\/b> bez reszty oddanego uczniom \u2013 wychowankom. <\/span><\/span><\/span><\/p>\n<p align=\"justify\"><span style=\"color: #000000;\"><span style=\"font-family: Book Antiqua, serif;\"><span style=\"font-size: large;\">Mocno przebija to w tym zdaniu: <i><b>A jako aposto\u0142owie Chrystusa mogli\u015bmy by\u0107 dla was ci\u0119\u017carem, my jednak stan\u0119li\u015bmy po\u015br\u00f3d was pe\u0142ni skromno\u015bci, jak matka troskliwie si\u0119 opiekuj\u0105ca swoimi dzie\u0107mi. <\/b><\/i><i><b>B\u0119d\u0105c tak pe\u0142ni \u017cyczliwo\u015bci dla was, chcieli\u015bmy wam da\u0107 nie tylko nauk\u0119 Bo\u017c\u0105, lecz nadto dusze nasze, tak bowiem stali\u015bcie si\u0119 nam drodzy.<\/b><\/i><b> <\/b><\/span><\/span><\/span><\/p>\n<p align=\"justify\"><span style=\"color: #000000;\"><span style=\"font-family: Book Antiqua, serif;\"><span style=\"font-size: large;\">Wydaje si\u0119, \u017ce jeszcze mocniej pobrzmiewa to w innym przek\u0142adzie tego\u017c fragmentu, gdzie czytamy: <i><b>Jako aposto\u0142owie Chrystusa mogli\u015bmy by\u0107 dla was ci\u0119\u017carem, ale my stali\u015bmy si\u0119 po\u015br\u00f3d was jak ma\u0142e dzieci. I jak matka, kt\u00f3ra tuli swoje niemowl\u0119ta, byli\u015bmy tak pe\u0142ni \u017cyczliwo\u015bci dla was, \u017ce chcieli\u015bmy da\u0107 wam nie tylko Ewangeli\u0119 Bo\u017c\u0105, ale nawet nasze \u017cycie \u2013 tak bardzo stali\u015bcie si\u0119 nam drodzy.<\/b><\/i> <\/span><\/span><\/span><\/p>\n<p align=\"justify\"><span style=\"color: #000000;\"><span style=\"font-family: Book Antiqua, serif;\"><span style=\"font-size: large;\">Rzeczywi\u015bcie, Pawe\u0142 mia\u0142 pe\u0142n\u0105 \u015bwiadomo\u015b\u0107, \u017ce \u2013 zgodnie z nauczaniem samego Jezusa \u2013 wsp\u00f3lnota wierz\u0105cych <b>ma obowi\u0105zek utrzyma\u0107 swego pasterza,<\/b> g\u0142osiciela jedynej Prawdy, on jednak z tego \u015bwiadomie przez pewien czas <b>zrezygnowa\u0142, zarabiaj\u0105c na swoje utrzymanie<\/b> prac\u0105 przy produkcji namiot\u00f3w, aby nawet w najmniejszym stopniu nie by\u0107 ci\u0119\u017carem dla swoich podopiecznych. <\/span><\/span><\/span><\/p>\n<p align=\"justify\"><span style=\"color: #000000;\"><span style=\"font-family: Book Antiqua, serif;\"><span style=\"font-size: large;\">I w og\u00f3le, kiedy tak uwa\u017cnie \u015bledzimy tok my\u015bli Aposto\u0142a w us\u0142yszanym przed chwil\u0105 pierwszym czytaniu, to mo\u017ce nawet odnosimy wra\u017cenie, \u017ce si\u0119 <b>przed swymi uczniami t\u0142umaczy,<\/b> jakby si\u0119 wr\u0119cz usprawiedliwia\u0142 z tego, co robi. Szczeg\u00f3lnie, kiedy m\u00f3wi: <i><b>Nigdy przecie\u017c nie pos\u0142ugiwali\u015bmy si\u0119 pochlebstwem w mowie, jak wiecie, ani te\u017c nie kierowali\u015bmy si\u0119 ukryt\u0105 chciwo\u015bci\u0105, czego B\u00f3g jest \u015bwiadkiem, nie szukaj\u0105c ludzkiej chwa\u0142y ani po\u015br\u00f3d was, ani po\u015br\u00f3d innych.<\/b><\/i> <\/span><\/span><\/span><\/p>\n<p align=\"justify\"><span style=\"color: #000000;\"><span style=\"font-family: Book Antiqua, serif;\"><span style=\"font-size: large;\">Owszem, my dzisiaj wiemy, \u017ce te s\u0142owa by\u0142y rzeczywi\u015bcie <b>odpowiedzi\u0105<\/b> na r\u00f3\u017cne, cz\u0119sto <b>dziwne i niezasadne zarzuty,<\/b> stawiane mu przez przeciwnik\u00f3w, ale on jakby jeszcze bardziej, ni\u017c by\u0142o potrzeba, i jeszcze ja\u015bniej, ni\u017c wymaga\u0142a tego sytuacja, chcia\u0142 wyt\u0142umaczy\u0107 swoim uczniom <b>motywy i sposoby swojego dzia\u0142ania.<\/b> Z ca\u0142ej za\u015b jego wypowiedzi jasno wynika, \u017ce jemu naprawd\u0119 <b>zale\u017ca\u0142o na uczniach,<\/b> \u017ce naprawd\u0119 niczego nie robi\u0142 dla pokazania siebie i taniego poklasku, ale to wszystko, co robi\u0142, <b>wynika\u0142o z g\u0142\u0119bi jego serca<\/b> i by\u0142o g\u0142\u0119boko wewn\u0119trznie, szczerze i uczciwie motywowane.<\/span><\/span><\/span><\/p>\n<p align=\"justify\"><span style=\"color: #000000;\"><span style=\"font-family: Book Antiqua, serif;\"><span style=\"font-size: large;\">Zupe\u0142nie inaczej, ni\u017c by\u0142o to w przypadku rozm\u00f3wc\u00f3w Jezusa z dzisiejszej Ewangelii. Us\u0142yszeli\u015bmy, \u017ce Jezus a\u017c dwa razy zwraca si\u0119 do nich w s\u0142owach: <i><b>Biada wam, uczeni w Pi\u015bmie i faryzeusze, ob\u0142udnicy!<\/b><\/i> W innym t\u0142umaczeniu odnajdujemy tu s\u0142owa: <i><b>Biada wam, ob\u0142udni nauczyciele Pisma i faryzeusze!<\/b><\/i> Ot\u00f3\u017c, w\u0142a\u015bnie! <i><b>Ob\u0142udni nauczyciele Pisma.<\/b><\/i> By\u0107 mo\u017ce, pomny tych s\u0142\u00f3w, stara\u0142 si\u0119 Pawe\u0142 tak bardzo przekona\u0107 swoich uczni\u00f3w i wychowank\u00f3w, \u017ce <b>nie jest ob\u0142udnym nauczycielem Pisma,<\/b> ale w\u0142a\u015bnie szczerym i ca\u0142kowicie oddanym swojej misji i ludziom, kt\u00f3rych sam Jezus mu powierzy\u0142, a kt\u00f3rych on tak bardzo ukocha\u0142. <\/span><\/span><\/span><\/p>\n<p align=\"justify\"><span style=\"color: #000000;\"><span style=\"font-family: Book Antiqua, serif;\"><span style=\"font-size: large;\">Uczeni w Pi\u015bmie i faryzeusze \u2013 owi <i><b>ob\u0142udni nauczyciele Pisma<\/b><\/i> \u2013 nak\u0142adali na ludzi ci\u0119\u017cary wielkich wymaga\u0144, kt\u00f3rych niespe\u0142nienie obci\u0105\u017cali sankcj\u0105 grzechu. Sami \u2013 owszem \u2013 sk\u0142adali wszystkie nakazane ofiary, a nawet dawali nieco wi\u0119cej, ofiaruj\u0105c <i><b>dziesi\u0119cin\u0119 z mi\u0119ty, kopru i kminku.<\/b><\/i><b> <\/b>Niestety, pomijali sprawy du\u017co wa\u017cniejsze, co Jezus wprost im wyrzuca\u0142: <i><b>P<\/b><\/i><i><b>omijacie to, co wa\u017cniejsze jest w Prawie: sprawiedliwo\u015b\u0107, mi\u0142osierdzie i wiar\u0119.<\/b><\/i> I jeszcze dopowiedzia\u0142: <i><b>To za\u015b nale\u017ca\u0142o czyni\u0107, a tamtego nie opuszcza\u0107.<\/b><\/i> Czyli ofiary nale\u017cy sk\u0142ada\u0107, ale i post\u0119powa\u0107 w\u0142a\u015bciwie tak\u017ce nale\u017cy. Jedno ma wynika\u0107 z drugiego. <\/span><\/span><\/span><\/p>\n<p align=\"justify\"><span style=\"color: #000000;\"><span style=\"font-family: Book Antiqua, serif;\"><span style=\"font-size: large;\">Tymczasem, <i><b>ob\u0142udni nauczyciele Pisma, <\/b><\/i>post\u0119puj\u0105c tak, jak to sobie teraz opisujemy, \u00abprzecedzali komara, a po\u0142ykali wielb\u0142\u0105da\u00bb. W j\u0119zyku polskim mamy tutaj szokuj\u0105ce <b>zestawienie dw\u00f3ch skrajnie r\u00f3\u017cnych rozmiar\u00f3w<\/b> obu zwierz\u0105t, natomiast w j\u0119zyku aramejskim zachodzi tu dodatkowo ciekawa gra s\u0142\u00f3w, gdzie <b>\u201e<\/b><b>gamla\u201d<\/b> oznacza wielb\u0142\u0105da, a <b>\u201eqamla\u201d<\/b> \u2013 komara. <\/span><\/span><\/span><\/p>\n<p align=\"justify\"><span style=\"color: #000000;\"><span style=\"font-family: Book Antiqua, serif;\"><span style=\"font-size: large;\">Mo\u017cna wi\u0119c ironicznie zauwa\u017cy\u0107, \u017ce <i><b>ob\u0142udni nauczyciele Pisma,<\/b><\/i> koncentruj\u0105c si\u0119 na formalnych drobiazgach, a pope\u0142niaj\u0105c gigantyczne b\u0142\u0119dy moralne, nawet <b>nie zauwa\u017cali r\u00f3\u017cnicy mi\u0119dzy jednym a drugim,<\/b> bo zmyli\u0142o ich podobie\u0144stwo w brzmieniu s\u0142\u00f3w. Zapewne, nie tak dok\u0142adnie by\u0142o, natomiast \u00f3w <b>niszcz\u0105cy formalizm<\/b> i oderwanie wiary od codziennego \u017cycia, kt\u00f3re swoj\u0105 postaw\u0105 promowali, <b>destrukcyjnie wp\u0142ywa\u0142o na ludzi,<\/b> kt\u00f3rzy przecie\u017c zazwyczaj usprawiedliwiaj\u0105 swoje s\u0142abo\u015bci z\u0142ym przyk\u0142adem duchowych przyw\u00f3dc\u00f3w.<b> <\/b><\/span><\/span><\/span><\/p>\n<p align=\"justify\"><span style=\"color: #000000;\"><span style=\"font-family: Book Antiqua, serif;\"><span style=\"font-size: large;\">Pewnie<b> <\/b>dlatego \u2013 \u017ceby jeszcze raz do tego wr\u00f3ci\u0107 \u2013 tak bardzo zale\u017ca\u0142o Paw\u0142owi na przekonaniu, \u017ce on w najmniejszym nawet stopniu nie kieruje si\u0119 niczym innym, jak tylko <b>najszczerszym oddaniem i najwi\u0119ksz\u0105 mi\u0142o\u015bci\u0105<\/b> do swoich uczni\u00f3w. <\/span><\/span><\/span><\/p>\n<p align=\"justify\"><span style=\"color: #000000;\"><span style=\"font-family: Book Antiqua, serif;\"><span style=\"font-size: large;\">Wiemy, \u017ce tak\u0105 w\u0142a\u015bnie najszczersz\u0105 trosk\u0105 \u2013 pe\u0142n\u0105 b\u00f3lu i rozterek \u2013 o nawr\u00f3cenie pogubionego syna kierowa\u0142a si\u0119 w swoich dzia\u0142aniach Patronka dnia dzisiejszego, <b>\u015awi\u0119ta Monika.<\/b> Co o niej wiemy?<\/span><\/span><\/span><\/p>\n<p align=\"justify\"><span style=\"color: #000000;\"><span style=\"font-family: Book Antiqua, serif;\"><span style=\"font-size: large;\">Urodzi\u0142a si\u0119<b> <\/b><b>oko\u0142o 332 roku w Taga\u015bcie, <\/b>w p\u00f3\u0142nocnej Afryce, w g\u0142\u0119boko chrze\u015bcija\u0144skiej rodzinie rzymskiej. Jako m\u0142od\u0105 dziewczyn\u0119 <b>wydano j\u0105 za poga\u0144skiego urz\u0119dnika, <\/b>cz\u0142onka miejscowej rady miejskiej. Ma\u0142\u017ce\u0144stwo to jednak nie by\u0142o dobrane. <b>M\u0105\u017c mia\u0142 charakter niezr\u00f3wnowa\u017cony i pop\u0119dliwy. <\/b>Monika jednak swoj\u0105 dobroci\u0105, \u0142agodno\u015bci\u0105 i trosk\u0105 umia\u0142a pozyska\u0107 jego serce, <b>a nawet doprowadzi\u0142a go do przyj\u0119cia Chrztu.<\/b><\/span><\/span><\/span><\/p>\n<p align=\"justify\"><span style=\"color: #000000;\"><span style=\"font-family: Book Antiqua, serif;\"><span style=\"font-size: large;\">Gdy urodzi\u0142 si\u0119 ich syn Augustyn, Monika mia\u0142a dwadzie\u015bcia dwa lata. Po nim mia\u0142a jeszcze syna i c\u00f3rk\u0119. W 371 roku zmar\u0142 m\u0105\u017c Moniki, gdy mia\u0142a ona trzydzie\u015bci dziewi\u0119\u0107 lat. I wtedy to <b>zacz\u0105\u0142 si\u0119 dla niej \u2013 trwaj\u0105cy szesna\u015bcie lat \u2013 czas niepokoju i cierpie\u0144. <\/b>A ich przyczyn\u0105 by\u0142 Augustyn. Zacz\u0105\u0142 on bowiem <b>na\u015bladowa\u0107 ojca i \u017cy\u0107 bardzo swobodnie. <\/b>Pozna\u0142 jak\u0105\u015b dziewczyn\u0119 i mia\u0142 z ni\u0105 dziecko \u2013 pomimo, \u017ce \u017cyli bez \u015blubu. Nadto uwik\u0142a\u0142 si\u0119 w b\u0142\u0119dy manicheizmu.<\/span><\/span><\/span><\/p>\n<p align=\"justify\"><span style=\"color: #000000;\"><span style=\"font-family: Book Antiqua, serif;\"><span style=\"font-size: large;\">Zbola\u0142a matka nie opuszcza\u0142a syna, ale sz\u0142a za nim wsz\u0119dzie, <b>modlitw\u0105 i p\u0142aczem b\u0142agaj\u0105c Boga o jego nawr\u00f3cenie. <\/b>Kiedy Augustyn uda\u0142 si\u0119 do Kartaginy dla obj\u0119cia w tym mie\u015bcie katedry wymowy, matka posz\u0142a za nim. Kiedy potajemnie uda\u0142 si\u0119 do Rzymu, a potem do Mediolanu, by si\u0119 zetkn\u0105\u0107 z najwybitniejszymi m\u00f3wcami swojej epoki, <b>Monika te\u017c by\u0142a przy nim.<\/b><\/span><\/span><\/span><\/p>\n<p align=\"justify\"><span style=\"color: #000000;\"><span style=\"font-family: Book Antiqua, serif;\"><span style=\"font-size: large;\">I oto <b>w 387 roku, <\/b>Augustyn \u2013 pod wp\u0142ywem kaza\u0144 \u015awi\u0119tego Ambro\u017cego, g\u0142oszonych w Mediolanie \u2013 <b>przyj\u0105\u0142 Chrzest i rozpocz\u0105\u0142 zupe\u0142nie nowe \u017cycie. <\/b>Szcz\u0119\u015bliwa matka spe\u0142ni\u0142a misj\u0119 swojego \u017cycia. Mog\u0142a ju\u017c odej\u015b\u0107 po nagrod\u0119 do Pana. Kiedy wybiera\u0142a si\u0119 do rodzinnej Tagasty, zachorowa\u0142a na febr\u0119 <b>i po kilku dniach zmar\u0142a w Ostii, w 387 roku. <\/b>Dok\u0142adnej daty \u015bmierci nie znamy.<\/span><\/span><\/span><\/p>\n<p align=\"justify\"><span style=\"color: #000000;\"><span style=\"font-family: Book Antiqua, serif;\"><span style=\"font-size: large;\">Natomiast w swoich \u201eWyznaniach\u201d Augustyn, jej syn, p\u00f3\u017aniejszy \u015awi\u0119ty, opowiadaj\u0105c o odej\u015bciu swej Matki z tego \u015bwiata, wyrazi\u0142 jej swoj\u0105 <b>bezgraniczn\u0105 wdzi\u0119czno\u015b\u0107, <\/b>w takich \u2013 mi\u0119dzy innymi \u2013 s\u0142owach: <\/span><\/span><\/span><\/p>\n<p align=\"justify\"><span style=\"color: #000000;\">\u201e<span style=\"font-family: Book Antiqua, serif;\"><span style=\"font-size: large;\">Gdy <b>zbli\u017ca\u0142 si\u0119 dzie\u0144, w kt\u00f3rym mia\u0142a odej\u015b\u0107 z tego \u015bwiata, <\/b>dzie\u0144, kt\u00f3ry Ty zna\u0142e\u015b, my za\u015b nie znali\u015bmy, zdarzy\u0142o si\u0119 \u2013 jak s\u0105dz\u0119 \u2013 dzi\u0119ki niezbadanym Twym wyrokom, \u017ce znajdowali\u015bmy si\u0119 razem, wsparci o okno wychodz\u0105ce na ogr\u00f3d domu, w kt\u00f3rym zamieszkali\u015bmy. <b>By\u0142o to blisko Ostii, <\/b>gdzie z dala od zgie\u0142ku, po trudach d\u0142ugiej drogi, nabierali\u015bmy si\u0142 do podr\u00f3\u017cy morskiej. <\/span><\/span><\/span><\/p>\n<p align=\"justify\"><span style=\"color: #000000;\"><span style=\"font-family: Book Antiqua, serif;\"><span style=\"font-size: large;\">Rozmawiali\u015bmy ze sob\u0105 z ogromn\u0105 serdeczno\u015bci\u0105 i zapominaj\u0105c o tym, co przesz\u0142e, i kieruj\u0105c si\u0119 ku przysz\u0142o\u015bci, zastanawiali\u015bmy si\u0119 <b>w \u015bwietle Prawdy, kt\u00f3r\u0105 Ty jeste\u015b, na czym polega \u017cycie \u015awi\u0119tych \u2013 <\/b>to \u017cycie, kt\u00f3rego oko nie widzia\u0142o ani ucho nie s\u0142ysza\u0142o, ani w serce cz\u0142owieka nie wst\u0105pi\u0142o. Ch\u0142on\u0119li\u015bmy sercem <b>niebia\u0144skie strumienie wyp\u0142ywaj\u0105ce z Twojego \u017ar\u00f3d\u0142a, <\/b>ze \u017ar\u00f3d\u0142a \u017cycia, kt\u00f3re jest w Tobie.<\/span><\/span><\/span><\/p>\n<p align=\"justify\"><span style=\"color: #000000;\"><span style=\"font-family: Book Antiqua, serif;\"><span style=\"font-size: large;\">M\u00f3wi\u0142em o tych sprawach, chocia\u017c nie w ten spos\u00f3b i nie tymi dok\u0142adnie s\u0142owami, ale, o Panie, Ty wiesz, \u017ce w owym dniu, gdy tak rozmawiali\u015bmy, a w miar\u0119 wypowiadanych s\u0142\u00f3w <b>\u015bwiat wraz ze wszystkimi przyjemno\u015bciami traci\u0142 dla nas znaczenie, <\/b>powiedzia\u0142a: \u00abM\u00f3j synu, co do mnie, to \u017cadna rzecz nie cieszy mnie na tym \u015bwiecie. Co tu jeszcze czyni\u0119 i po co jestem, nie wiem. Niczego ju\u017c nie spodziewam si\u0119 na tym \u015bwiecie. <b>To jedno zatrzymywa\u0142o mnie dot\u0105d, \u017ce chcia\u0142am, zanim umr\u0119, widzie\u0107 ci\u0119 chrze\u015bcijaninem katolikiem. <\/b>B\u00f3g szczodrzej mnie obdarowa\u0142, bo zobaczy\u0142am, \u017ce wzgardziwszy powabami \u015bwiata, <b>sta\u0142e\u015b si\u0119 Jego s\u0142ug\u0105. <\/b>Na c\u00f3\u017c wi\u0119c jestem jeszcze tutaj?\u00bb<\/span><\/span><\/span><\/p>\n<p align=\"justify\"><span style=\"color: #000000;\"><span style=\"font-family: Book Antiqua, serif;\"><span style=\"font-size: large;\">Nie przypominam sobie dok\u0142adnie, co jej odpowiedzia\u0142em. Tymczasem po pi\u0119ciu dniach, albo mo\u017ce troch\u0119 wi\u0119cej, le\u017ca\u0142a w gor\u0105czce. Kiedy chorowa\u0142a, zdarzy\u0142o si\u0119 kt\u00f3rego\u015b dnia, \u017ce <b>straci\u0142a przytomno\u015b\u0107 i nie rozpoznawa\u0142a obecnych. <\/b>Przybiegli\u015bmy, ale szybko odzyska\u0142a \u015bwiadomo\u015b\u0107, popatrzy\u0142a na stoj\u0105cego obok brata i mnie i powiedzia\u0142a do nas, jakby zapytuj\u0105c: \u00abGdzie by\u0142am?\u00bb<\/span><\/span><\/span><\/p>\n<p align=\"justify\"><span style=\"color: #000000;\"><span style=\"font-family: Book Antiqua, serif;\"><span style=\"font-size: large;\">Potem spogl\u0105daj\u0105c na nas zasmuconych, powiedzia\u0142a: <b>\u00ab<\/b><b>Tutaj pochowacie swoj\u0105 matk\u0119<\/b><b>\u00bb<\/b><b>. <\/b>W milczeniu powstrzymywa\u0142em \u0142zy. M\u00f3j brat powiedzia\u0142 par\u0119 s\u0142\u00f3w, wyra\u017caj\u0105c pragnienie, aby nie umar\u0142a na obczy\u017anie, ale w\u015br\u00f3d swoich. Us\u0142yszawszy to, zaniepokoi\u0142a si\u0119, i karc\u0105c wzrokiem za takie my\u015bli powiedzia\u0142a, patrz\u0105c na mnie: \u00abPos\u0142uchaj, co m\u00f3wi\u00bb. A potem do nas obydw\u00f3ch: \u00abCia\u0142o z\u0142\u00f3\u017ccie gdziekolwiek \u2013 tym si\u0119 nie k\u0142opoczcie! O jedno tylko prosz\u0119, aby\u015bcie <b>wsz\u0119dzie, gdzie b\u0119dziecie, pami\u0119tali o mnie przy o\u0142tarzu Pa\u0144skim<\/b><b>\u00bb<\/b><b>. <\/b>Wym\u00f3wiwszy z trudem te s\u0142owa, zamilk\u0142a. Choroba za\u015b post\u0119powa\u0142a wzmagaj\u0105c cierpienia.\u201d Tyle z ksi\u0119gi \u201eWyzna\u0144\u201d \u015awi\u0119tego Augustyna.<\/span><\/span><\/span><\/p>\n<p align=\"justify\"><span style=\"color: #000000;\"><span style=\"font-family: Book Antiqua, serif;\"><span style=\"font-size: large;\">Wpatrzeni w przyk\u0142ad postawy \u015awi\u0119tej Moniki i szczero\u015b\u0107 jej intencji, z jak\u0105 podejmowa\u0142a i znosi\u0142a tak wiele dla dobra swoich dzieci \u2013 a szczeg\u00f3lnie Augustyna \u2013 oraz zas\u0142uchani w Bo\u017ce s\u0142owo dzisiejszej liturgii, zapytajmy samych siebie, czy w naszym \u015bwiadczeniu o wierze wobec ludzi <b>kierujemy si\u0119 najszczersz\u0105 mi\u0142o\u015bci\u0105 do nich<\/b> i ch\u0119ci\u0105 okazania im pomocy w drodze do zbawienia, czy te\u017c <b>pokazania im swojej wy\u017cszo\u015bci<\/b> i b\u0142y\u015bni\u0119cia przed nimi swoj\u0105 rzekomo lepsz\u0105 postaw\u0105? <\/span><\/span><\/span><\/p>\n<p align=\"justify\"><span style=\"color: #000000;\"><span style=\"font-family: Book Antiqua, serif;\"><span style=\"font-size: large;\">Czy upominaj\u0105c kogo\u015b, czynimy to z mi\u0142o\u015bci\u0105 \u2013 czy mo\u017ce ze z\u0142o\u015bci\u0105, a mo\u017ce nawet z pogard\u0105?\u2026 Czy \u2013 i w jakim stopniu \u2013 tak naprawd\u0119, g\u0142\u0119boko w sercu, <b>zale\u017cy nam na dobru drugiego cz\u0142owieka?\u2026<\/b><\/span><\/span><\/span><\/p>\n","protected":false},"excerpt":{"rendered":"<p>Szcz\u0119\u015b\u0107 Bo\u017ce! Moi Drodzy, w dniu dzisiejszym imieniny prze\u017cywa Monika Nowicka, moja Siostra cioteczna, dla kt\u00f3rej modl\u0119 si\u0119 o \u0142ask\u0119 cierpliwo\u015bci i pogody ducha w znoszeniu krzy\u017ca choroby, a je\u015bli to nie sprzeciwia\u0142oby si\u0119 woli Bo\u017cej \u2013 o \u0142ask\u0119 powrotu do pe\u0142nego zdrowia. Imieniny prze\u017cywa dzi\u015b tak\u017ce Monika Szostakiewicz, zaanga\u017cowana w swoim czasie w dzia\u0142alno\u015b\u0107 [&hellip;]<\/p>\n","protected":false},"author":1,"featured_media":0,"comment_status":"open","ping_status":"open","sticky":false,"template":"","format":"standard","meta":{"jetpack_post_was_ever_published":false,"_jetpack_newsletter_access":"","_jetpack_dont_email_post_to_subs":false,"_jetpack_newsletter_tier_id":0,"_jetpack_memberships_contains_paywalled_content":false,"_jetpack_memberships_contains_paid_content":false,"footnotes":""},"categories":[1],"tags":[],"class_list":["post-15678","post","type-post","status-publish","format-standard","hentry","category-bez-kategorii"],"yoast_head":"<!-- This site is optimized with the Yoast SEO plugin v25.1 - https:\/\/yoast.com\/wordpress\/plugins\/seo\/ -->\n<title>B\u0119d\u0105c tak pe\u0142ni \u017cyczliwo\u015bci dla Was... - Gaudium Et Spes<\/title>\n<meta name=\"robots\" content=\"index, follow, max-snippet:-1, max-image-preview:large, max-video-preview:-1\" \/>\n<link rel=\"canonical\" href=\"https:\/\/gaudiumetspes-blog.pl\/index.php\/2019\/08\/27\/bedac-tak-pelni-zyczliwosci-dla-was\/\" \/>\n<meta property=\"og:locale\" content=\"pl_PL\" \/>\n<meta property=\"og:type\" content=\"article\" \/>\n<meta property=\"og:title\" content=\"B\u0119d\u0105c tak pe\u0142ni \u017cyczliwo\u015bci dla Was... - Gaudium Et Spes\" \/>\n<meta property=\"og:description\" content=\"Szcz\u0119\u015b\u0107 Bo\u017ce! Moi Drodzy, w dniu dzisiejszym imieniny prze\u017cywa Monika Nowicka, moja Siostra cioteczna, dla kt\u00f3rej modl\u0119 si\u0119 o \u0142ask\u0119 cierpliwo\u015bci i pogody ducha w znoszeniu krzy\u017ca choroby, a je\u015bli to nie sprzeciwia\u0142oby si\u0119 woli Bo\u017cej \u2013 o \u0142ask\u0119 powrotu do pe\u0142nego zdrowia. Imieniny prze\u017cywa dzi\u015b tak\u017ce Monika Szostakiewicz, zaanga\u017cowana w swoim czasie w dzia\u0142alno\u015b\u0107 [&hellip;]\" \/>\n<meta property=\"og:url\" content=\"https:\/\/gaudiumetspes-blog.pl\/index.php\/2019\/08\/27\/bedac-tak-pelni-zyczliwosci-dla-was\/\" \/>\n<meta property=\"og:site_name\" content=\"Gaudium Et Spes\" \/>\n<meta property=\"article:published_time\" content=\"2019-08-27T03:28:18+00:00\" \/>\n<meta name=\"author\" content=\"Ks. Jacek\" \/>\n<meta name=\"twitter:card\" content=\"summary_large_image\" \/>\n<meta name=\"twitter:label1\" content=\"Napisane przez\" \/>\n\t<meta name=\"twitter:data1\" content=\"Ks. Jacek\" \/>\n\t<meta name=\"twitter:label2\" content=\"Szacowany czas czytania\" \/>\n\t<meta name=\"twitter:data2\" content=\"12 minut\" \/>\n<script type=\"application\/ld+json\" class=\"yoast-schema-graph\">{\"@context\":\"https:\/\/schema.org\",\"@graph\":[{\"@type\":\"WebPage\",\"@id\":\"https:\/\/gaudiumetspes-blog.pl\/index.php\/2019\/08\/27\/bedac-tak-pelni-zyczliwosci-dla-was\/\",\"url\":\"https:\/\/gaudiumetspes-blog.pl\/index.php\/2019\/08\/27\/bedac-tak-pelni-zyczliwosci-dla-was\/\",\"name\":\"B\u0119d\u0105c tak pe\u0142ni \u017cyczliwo\u015bci dla Was... - Gaudium Et Spes\",\"isPartOf\":{\"@id\":\"https:\/\/gaudiumetspes-blog.pl\/#website\"},\"datePublished\":\"2019-08-27T03:28:18+00:00\",\"author\":{\"@id\":\"https:\/\/gaudiumetspes-blog.pl\/#\/schema\/person\/1661982992b752dea8dff0d4ed845a65\"},\"breadcrumb\":{\"@id\":\"https:\/\/gaudiumetspes-blog.pl\/index.php\/2019\/08\/27\/bedac-tak-pelni-zyczliwosci-dla-was\/#breadcrumb\"},\"inLanguage\":\"pl-PL\",\"potentialAction\":[{\"@type\":\"ReadAction\",\"target\":[\"https:\/\/gaudiumetspes-blog.pl\/index.php\/2019\/08\/27\/bedac-tak-pelni-zyczliwosci-dla-was\/\"]}]},{\"@type\":\"BreadcrumbList\",\"@id\":\"https:\/\/gaudiumetspes-blog.pl\/index.php\/2019\/08\/27\/bedac-tak-pelni-zyczliwosci-dla-was\/#breadcrumb\",\"itemListElement\":[{\"@type\":\"ListItem\",\"position\":1,\"name\":\"Strona g\u0142\u00f3wna\",\"item\":\"https:\/\/gaudiumetspes-blog.pl\/\"},{\"@type\":\"ListItem\",\"position\":2,\"name\":\"B\u0119d\u0105c tak&nbsp;pe\u0142ni \u017cyczliwo\u015bci dla Was&#8230;\"}]},{\"@type\":\"WebSite\",\"@id\":\"https:\/\/gaudiumetspes-blog.pl\/#website\",\"url\":\"https:\/\/gaudiumetspes-blog.pl\/\",\"name\":\"Gaudium Et Spes\",\"description\":\"Blog Ks. Jacka Ja\u015bkowskiego\",\"potentialAction\":[{\"@type\":\"SearchAction\",\"target\":{\"@type\":\"EntryPoint\",\"urlTemplate\":\"https:\/\/gaudiumetspes-blog.pl\/?s={search_term_string}\"},\"query-input\":{\"@type\":\"PropertyValueSpecification\",\"valueRequired\":true,\"valueName\":\"search_term_string\"}}],\"inLanguage\":\"pl-PL\"},{\"@type\":\"Person\",\"@id\":\"https:\/\/gaudiumetspes-blog.pl\/#\/schema\/person\/1661982992b752dea8dff0d4ed845a65\",\"name\":\"Ks. Jacek\",\"image\":{\"@type\":\"ImageObject\",\"inLanguage\":\"pl-PL\",\"@id\":\"https:\/\/gaudiumetspes-blog.pl\/#\/schema\/person\/image\/\",\"url\":\"https:\/\/gaudiumetspes-blog.pl\/wp-content\/uploads\/2019\/07\/avatar-JJ-150x150.jpg\",\"contentUrl\":\"https:\/\/gaudiumetspes-blog.pl\/wp-content\/uploads\/2019\/07\/avatar-JJ-150x150.jpg\",\"caption\":\"Ks. Jacek\"},\"description\":\"Witam serdecznie! K\u0142ania si\u0119 Ks. Jacek Ja\u015bkowski. Nie jestem ani kim\u015b wa\u017cnym, ani kim\u015b znanym. Jestem ksi\u0119dzem, kt\u00f3ry po prostu chce rozmawia\u0107. Codzienna kap\u0142a\u0144ska pos\u0142uga pokazuje mi, \u017ce temat\u00f3w do rozm\u00f3w z ksi\u0119dzem jest coraz wi\u0119cej i dzisiaj \u017caden ksi\u0105dz nie mo\u017ce od nich ucieka\u0107, ale - wprost przeciwnie - podejmowa\u0107 nowe wyzwania. To przekonanie sk\u0142oni\u0142o mnie do pr\u00f3by otwarcia tego\u017c bloga, chocia\u017c okazji do rozm\u00f3w na co dzie\u0144 - w konfesjonale i poza nim - na szcz\u0119\u015bcie nie brakuje. My\u015bl\u0119 jednak, \u017ce ten blog b\u0119dzie jeszcze jednym sposobem i przestrzeni\u0105 nawi\u0105zania kontaktu z lud\u017ami dobrej woli, otwartymi na dialog.\",\"url\":\"https:\/\/gaudiumetspes-blog.pl\/index.php\/author\/ks-jacek\/\"}]}<\/script>\n<!-- \/ Yoast SEO plugin. -->","yoast_head_json":{"title":"B\u0119d\u0105c tak pe\u0142ni \u017cyczliwo\u015bci dla Was... - Gaudium Et Spes","robots":{"index":"index","follow":"follow","max-snippet":"max-snippet:-1","max-image-preview":"max-image-preview:large","max-video-preview":"max-video-preview:-1"},"canonical":"https:\/\/gaudiumetspes-blog.pl\/index.php\/2019\/08\/27\/bedac-tak-pelni-zyczliwosci-dla-was\/","og_locale":"pl_PL","og_type":"article","og_title":"B\u0119d\u0105c tak pe\u0142ni \u017cyczliwo\u015bci dla Was... - Gaudium Et Spes","og_description":"Szcz\u0119\u015b\u0107 Bo\u017ce! Moi Drodzy, w dniu dzisiejszym imieniny prze\u017cywa Monika Nowicka, moja Siostra cioteczna, dla kt\u00f3rej modl\u0119 si\u0119 o \u0142ask\u0119 cierpliwo\u015bci i pogody ducha w znoszeniu krzy\u017ca choroby, a je\u015bli to nie sprzeciwia\u0142oby si\u0119 woli Bo\u017cej \u2013 o \u0142ask\u0119 powrotu do pe\u0142nego zdrowia. Imieniny prze\u017cywa dzi\u015b tak\u017ce Monika Szostakiewicz, zaanga\u017cowana w swoim czasie w dzia\u0142alno\u015b\u0107 [&hellip;]","og_url":"https:\/\/gaudiumetspes-blog.pl\/index.php\/2019\/08\/27\/bedac-tak-pelni-zyczliwosci-dla-was\/","og_site_name":"Gaudium Et Spes","article_published_time":"2019-08-27T03:28:18+00:00","author":"Ks. Jacek","twitter_card":"summary_large_image","twitter_misc":{"Napisane przez":"Ks. Jacek","Szacowany czas czytania":"12 minut"},"schema":{"@context":"https:\/\/schema.org","@graph":[{"@type":"WebPage","@id":"https:\/\/gaudiumetspes-blog.pl\/index.php\/2019\/08\/27\/bedac-tak-pelni-zyczliwosci-dla-was\/","url":"https:\/\/gaudiumetspes-blog.pl\/index.php\/2019\/08\/27\/bedac-tak-pelni-zyczliwosci-dla-was\/","name":"B\u0119d\u0105c tak pe\u0142ni \u017cyczliwo\u015bci dla Was... - Gaudium Et Spes","isPartOf":{"@id":"https:\/\/gaudiumetspes-blog.pl\/#website"},"datePublished":"2019-08-27T03:28:18+00:00","author":{"@id":"https:\/\/gaudiumetspes-blog.pl\/#\/schema\/person\/1661982992b752dea8dff0d4ed845a65"},"breadcrumb":{"@id":"https:\/\/gaudiumetspes-blog.pl\/index.php\/2019\/08\/27\/bedac-tak-pelni-zyczliwosci-dla-was\/#breadcrumb"},"inLanguage":"pl-PL","potentialAction":[{"@type":"ReadAction","target":["https:\/\/gaudiumetspes-blog.pl\/index.php\/2019\/08\/27\/bedac-tak-pelni-zyczliwosci-dla-was\/"]}]},{"@type":"BreadcrumbList","@id":"https:\/\/gaudiumetspes-blog.pl\/index.php\/2019\/08\/27\/bedac-tak-pelni-zyczliwosci-dla-was\/#breadcrumb","itemListElement":[{"@type":"ListItem","position":1,"name":"Strona g\u0142\u00f3wna","item":"https:\/\/gaudiumetspes-blog.pl\/"},{"@type":"ListItem","position":2,"name":"B\u0119d\u0105c tak&nbsp;pe\u0142ni \u017cyczliwo\u015bci dla Was&#8230;"}]},{"@type":"WebSite","@id":"https:\/\/gaudiumetspes-blog.pl\/#website","url":"https:\/\/gaudiumetspes-blog.pl\/","name":"Gaudium Et Spes","description":"Blog Ks. Jacka Ja\u015bkowskiego","potentialAction":[{"@type":"SearchAction","target":{"@type":"EntryPoint","urlTemplate":"https:\/\/gaudiumetspes-blog.pl\/?s={search_term_string}"},"query-input":{"@type":"PropertyValueSpecification","valueRequired":true,"valueName":"search_term_string"}}],"inLanguage":"pl-PL"},{"@type":"Person","@id":"https:\/\/gaudiumetspes-blog.pl\/#\/schema\/person\/1661982992b752dea8dff0d4ed845a65","name":"Ks. Jacek","image":{"@type":"ImageObject","inLanguage":"pl-PL","@id":"https:\/\/gaudiumetspes-blog.pl\/#\/schema\/person\/image\/","url":"https:\/\/gaudiumetspes-blog.pl\/wp-content\/uploads\/2019\/07\/avatar-JJ-150x150.jpg","contentUrl":"https:\/\/gaudiumetspes-blog.pl\/wp-content\/uploads\/2019\/07\/avatar-JJ-150x150.jpg","caption":"Ks. Jacek"},"description":"Witam serdecznie! K\u0142ania si\u0119 Ks. Jacek Ja\u015bkowski. Nie jestem ani kim\u015b wa\u017cnym, ani kim\u015b znanym. Jestem ksi\u0119dzem, kt\u00f3ry po prostu chce rozmawia\u0107. Codzienna kap\u0142a\u0144ska pos\u0142uga pokazuje mi, \u017ce temat\u00f3w do rozm\u00f3w z ksi\u0119dzem jest coraz wi\u0119cej i dzisiaj \u017caden ksi\u0105dz nie mo\u017ce od nich ucieka\u0107, ale - wprost przeciwnie - podejmowa\u0107 nowe wyzwania. To przekonanie sk\u0142oni\u0142o mnie do pr\u00f3by otwarcia tego\u017c bloga, chocia\u017c okazji do rozm\u00f3w na co dzie\u0144 - w konfesjonale i poza nim - na szcz\u0119\u015bcie nie brakuje. My\u015bl\u0119 jednak, \u017ce ten blog b\u0119dzie jeszcze jednym sposobem i przestrzeni\u0105 nawi\u0105zania kontaktu z lud\u017ami dobrej woli, otwartymi na dialog.","url":"https:\/\/gaudiumetspes-blog.pl\/index.php\/author\/ks-jacek\/"}]}},"jetpack_featured_media_url":"","jetpack_sharing_enabled":true,"_links":{"self":[{"href":"https:\/\/gaudiumetspes-blog.pl\/index.php\/wp-json\/wp\/v2\/posts\/15678","targetHints":{"allow":["GET"]}}],"collection":[{"href":"https:\/\/gaudiumetspes-blog.pl\/index.php\/wp-json\/wp\/v2\/posts"}],"about":[{"href":"https:\/\/gaudiumetspes-blog.pl\/index.php\/wp-json\/wp\/v2\/types\/post"}],"author":[{"embeddable":true,"href":"https:\/\/gaudiumetspes-blog.pl\/index.php\/wp-json\/wp\/v2\/users\/1"}],"replies":[{"embeddable":true,"href":"https:\/\/gaudiumetspes-blog.pl\/index.php\/wp-json\/wp\/v2\/comments?post=15678"}],"version-history":[{"count":1,"href":"https:\/\/gaudiumetspes-blog.pl\/index.php\/wp-json\/wp\/v2\/posts\/15678\/revisions"}],"predecessor-version":[{"id":15679,"href":"https:\/\/gaudiumetspes-blog.pl\/index.php\/wp-json\/wp\/v2\/posts\/15678\/revisions\/15679"}],"wp:attachment":[{"href":"https:\/\/gaudiumetspes-blog.pl\/index.php\/wp-json\/wp\/v2\/media?parent=15678"}],"wp:term":[{"taxonomy":"category","embeddable":true,"href":"https:\/\/gaudiumetspes-blog.pl\/index.php\/wp-json\/wp\/v2\/categories?post=15678"},{"taxonomy":"post_tag","embeddable":true,"href":"https:\/\/gaudiumetspes-blog.pl\/index.php\/wp-json\/wp\/v2\/tags?post=15678"}],"curies":[{"name":"wp","href":"https:\/\/api.w.org\/{rel}","templated":true}]}}