{"id":15680,"date":"2019-08-28T05:32:17","date_gmt":"2019-08-28T03:32:17","guid":{"rendered":"https:\/\/gaudiumetspes-blog.pl\/?p=15680"},"modified":"2019-08-27T15:00:12","modified_gmt":"2019-08-27T13:00:12","slug":"duchowe-bogactwo-serca","status":"publish","type":"post","link":"https:\/\/gaudiumetspes-blog.pl\/index.php\/2019\/08\/28\/duchowe-bogactwo-serca\/","title":{"rendered":"Duchowe bogactwo serca&#8230;"},"content":{"rendered":"<p align=\"justify\"><span style=\"color: #000000;\"><span style=\"font-family: Book Antiqua, serif;\"><span style=\"font-size: large;\">Szcz\u0119\u015b\u0107 Bo\u017ce! Moi Drodzy, w dniu dzisiejszym <b>urodziny prze\u017cywa moja Ciocia, Teresa Nowicka, imieniny za\u015b prze\u017cywa Patrycja Sakowska, nale\u017c\u0105ca w swoim czasie do jednej z m\u0142odzie\u017cowych Wsp\u00f3lnot. <\/b><\/span><\/span><\/span><\/p>\n<p align=\"justify\"><span style=\"color: #000000;\"><span style=\"font-family: Book Antiqua, serif;\"><span style=\"font-size: large;\"><b>Serdecznie \u017cycz\u0119 obu Paniom, aby ka\u017cdego dnia coraz bardziej <\/b><b>pomna\u017ca\u0142y duchowe bogactwo swego serca. Wi\u0119cej o tym w rozwa\u017caniu.<\/b><b> Zapewniam o modlitwie!<\/b><\/span><\/span><\/span><\/p>\n<p align=\"justify\"><span style=\"color: #000000;\"><span style=\"font-family: Book Antiqua, serif;\"><span style=\"font-size: large;\">Moi Drodzy, serdecznie Wszystkich pozdrawiam i \u017cycz\u0119 b\u0142ogos\u0142awionego dnia!<\/span><\/span><\/span><\/p>\n<p align=\"center\"><span style=\"color: #000000;\"><span style=\"font-family: Book Antiqua, serif;\"><span style=\"font-size: large;\">Gaudium et spes! Ks. Jacek<\/span><\/span><\/span><\/p>\n<p align=\"center\">\n<p align=\"center\">\n<p align=\"center\">\n<p align=\"center\">\n<p align=\"center\">\n<p align=\"justify\"><span style=\"color: #000000;\"><span style=\"font-family: Book Antiqua, serif;\"><span style=\"font-size: large;\"><b>\u015aroda 21 Tygodnia zwyk\u0142ego, rok I,<\/b><\/span><\/span><\/span><\/p>\n<p align=\"justify\"><span style=\"color: #000000;\"><span style=\"font-family: Book Antiqua, serif;\"><span style=\"font-size: large;\"><b>Wspomnienie \u015aw. Augustyna, Biskupa i Doktora Ko\u015bcio\u0142a,<\/b><\/span><\/span><\/span><\/p>\n<p align=\"justify\"><span style=\"color: #000000;\"><span style=\"font-family: Book Antiqua, serif;\"><span style=\"font-size: large;\"><b>do czyta\u0144: 1 Tes 2,9\u201313; Mt 23,27\u201332<\/b><\/span><\/span><\/span><\/p>\n<p align=\"justify\">\n<p align=\"justify\">\n<p align=\"justify\">\n<p align=\"justify\">\n<p align=\"justify\">\n<p align=\"justify\"><span style=\"font-family: Book Antiqua, serif;\"><strong><span style=\"color: #000000;\"><span style=\"font-size: large;\"><b>CZYTANIE Z PIERWSZEGO LISTU \u015aWI\u0118TEGO PAW\u0141A APOSTO\u0141A DO TESALONICZAN:<\/b><\/span><\/span><\/strong><\/span><\/p>\n<p align=\"justify\"><span style=\"color: #000000;\"><span style=\"font-family: Book Antiqua, serif;\"><span style=\"font-size: large;\"><b>Pami\u0119tacie, bracia, nasz\u0105 prac\u0119 i trud. Pracowali\u015bmy dniem i noc\u0105, aby\u015bmy nikomu z was nie byli ci\u0119\u017carem. Tak to w\u015br\u00f3d was g\u0142osili\u015bmy Ewangeli\u0119 Bo\u017c\u0105. Sami jeste\u015bcie \u015bwiadkami i B\u00f3g tak\u017ce, jak zachowywali\u015bmy si\u0119 \u015bwi\u0119cie, sprawiedliwie i nienagannie po\u015br\u00f3d was wierz\u0105cych. Wiecie: tak ka\u017cdego z was zach\u0119cali\u015bmy i zaklinali\u015bmy, jak ojciec swe dzieci, aby\u015bcie post\u0119powali w spos\u00f3b godny Boga, kt\u00f3ry was wzywa do swego kr\u00f3lestwa i chwa\u0142y.<\/b><\/span><\/span><\/span><\/p>\n<p align=\"justify\"><span style=\"color: #000000;\"><span style=\"font-family: Book Antiqua, serif;\"><span style=\"font-size: large;\"><b>Dlatego nieustannie dzi\u0119kujemy Bogu, bo gdy przyj\u0119li\u015bcie s\u0142owo Bo\u017ce od nas, przyj\u0119li\u015bcie je nie jako s\u0142owo ludzkie, ale jak jest naprawd\u0119, jako s\u0142owo Boga, kt\u00f3ry dzia\u0142a w was wierz\u0105cych.<\/b><\/span><\/span><\/span><\/p>\n<p align=\"justify\">\n<p align=\"justify\">\n<p align=\"justify\">\n<p align=\"justify\">\n<p align=\"justify\">\n<p align=\"justify\"><span style=\"font-family: Book Antiqua, serif;\"><strong><span style=\"color: #000000;\"><span style=\"font-size: large;\"><b>S\u0141OWA EWANGELII WED\u0141UG \u015aWI\u0118TEGO MATEUSZA:<\/b><\/span><\/span><\/strong><\/span><\/p>\n<p align=\"justify\"><span style=\"color: #000000;\"><span style=\"font-family: Book Antiqua, serif;\"><span style=\"font-size: large;\"><b>Jezus przem\u00f3wi\u0142 tymi s\u0142owami: \u201eBiada wam, uczeni w Pi\u015bmie i faryzeusze, ob\u0142udnicy! Bo podobni jeste\u015bcie do grob\u00f3w pobielanych, kt\u00f3re z zewn\u0105trz wygl\u0105daj\u0105 pi\u0119knie, lecz wewn\u0105trz pe\u0142ne s\u0105 ko\u015bci trupich i wszelkiego plugastwa. Tak i wy z zewn\u0105trz wydajecie si\u0119 ludziom sprawiedliwi, lecz wewn\u0105trz pe\u0142ni jeste\u015bcie ob\u0142udy i nieprawo\u015bci.<\/b><\/span><\/span><\/span><\/p>\n<p align=\"justify\"><span style=\"color: #000000;\"><span style=\"font-family: Book Antiqua, serif;\"><span style=\"font-size: large;\"><b>Biada wam, uczeni w Pi\u015bmie i faryzeusze, ob\u0142udnicy! Bo budujecie groby prorokom i zdobicie grobowce sprawiedliwych, i m\u00f3wicie: \u00abGdyby\u015bmy \u017cyli za czas\u00f3w naszych przodk\u00f3w, nie byliby\u015bmy ich wsp\u00f3lnikami w zab\u00f3jstwie prorok\u00f3w\u00bb. Przez to sami przyznajecie, \u017ce jeste\u015bcie potomkami tych, kt\u00f3rzy mordowali prorok\u00f3w. Dope\u0142nijcie i wy miary waszych przodk\u00f3w\u201d.<\/b><\/span><\/span><\/span><\/p>\n<p align=\"justify\">\n<p align=\"justify\">\n<p align=\"justify\">\n<p align=\"justify\">\n<p align=\"justify\">\n<p align=\"justify\"><span style=\"color: #000000;\"><span style=\"font-family: Book Antiqua, serif;\"><span style=\"font-size: large;\">Dzisiejsze pierwsze czytanie to <b>kontynuacja wywodu<\/b> \u015awi\u0119tego Paw\u0142a z dnia wczorajszego, kiedy to przekonywa\u0142 swoich uczni\u00f3w, i\u017c g\u0142oszenie przeze\u0144 s\u0142owa Bo\u017cego jest wyrazem jego <b>najszczerszej i najwi\u0119kszej mi\u0142o\u015bci<\/b> do uczni\u00f3w. Dzisiaj dalej prowadzi t\u0119 my\u015bl, a czyni to z pozycji <b>nie tylko nauczyciela, ale i ojca,<\/b> a wi\u0119c tego, kt\u00f3ry tych\u017ce w\u0142a\u015bnie chrze\u015bcijan \u2013 jak to sam okre\u015bli\u0142 \u2013 <b>\u00ab<\/b><b>zrodzi\u0142 w Chrystusie przez Ewangeli\u0119<\/b><b>\u00bb<\/b><b>,<\/b> czyli doprowadzi\u0142 do wiary. W taki spos\u00f3b zwraca si\u0119 <b>jeszcze do Koryntian.<\/b> W stosunku do innych chrze\u015bcijan nie u\u017cywa dla siebie okre\u015blenia \u00abojciec\u00bb. <\/span><\/span><\/span><\/p>\n<p align=\"justify\"><span style=\"color: #000000;\"><span style=\"font-family: Book Antiqua, serif;\"><span style=\"font-size: large;\">Ale do Tesaloniczan zwraca si\u0119 w\u0142a\u015bnie po ojcowsku, m\u00f3wi\u0105c: <i><b>Wiecie: tak ka\u017cdego z was zach\u0119cali\u015bmy i zaklinali\u015bmy, jak ojciec swe dzieci, aby\u015bcie post\u0119powali w spos\u00f3b godny Boga, kt\u00f3ry was wzywa do swego kr\u00f3lestwa i chwa\u0142y.<\/b><\/i><\/span><\/span><\/span><\/p>\n<p align=\"justify\"><span style=\"color: #000000;\"><span style=\"font-family: Book Antiqua, serif;\"><span style=\"font-size: large;\">I z tej pozycji przekonuje: <i><b>Sami jeste\u015bcie \u015bwiadkami i B\u00f3g tak\u017ce, jak zachowywali\u015bmy si\u0119 \u015bwi\u0119cie, sprawiedliwie i nienagannie po\u015br\u00f3d was wierz\u0105cych.<\/b><\/i><b> <\/b>Te trzy cechy postawy jego i jego wsp\u00f3\u0142pracownik\u00f3w, a wi\u0119c fakt zachowywania si\u0119 <i><b>\u015bwi\u0119cie, sprawiedliwie i nienagannie,<\/b><\/i><b> <\/b>uwa\u017ca si\u0119 za trzy cnoty, obrazuj\u0105ce, wyra\u017caj\u0105ce, a przede wszystkim: kszta\u0142tuj\u0105ce <b>ducha misyjnego Aposto\u0142\u00f3w.<\/b> <\/span><\/span><\/span><\/p>\n<p align=\"justify\"><span style=\"color: #000000;\"><span style=\"font-family: Book Antiqua, serif;\"><span style=\"font-size: large;\">I dlatego w\u0142a\u015bnie, \u017ce z takiej pozycji naucza \u2013 i z takim wewn\u0119trznym nastawieniem \u2013 mo\u017ce stwierdzi\u0107 z ca\u0142\u0105 odpowiedzialno\u015bci\u0105: <i><b>Dlatego nieustannie dzi\u0119kujemy Bogu, bo gdy przyj\u0119li\u015bcie s\u0142owo Bo\u017ce od nas, przyj\u0119li\u015bcie je nie jako s\u0142owo ludzkie, ale jak jest naprawd\u0119, jako s\u0142owo Boga, kt\u00f3ry dzia\u0142a w was wierz\u0105cych.<\/b><\/i> <\/span><\/span><\/span><\/p>\n<p align=\"justify\"><span style=\"color: #000000;\"><span style=\"font-family: Book Antiqua, serif;\"><span style=\"font-size: large;\">Pawe\u0142 nie ma zatem w\u0105tpliwo\u015bci, \u017ce S\u0142owo, kt\u00f3re g\u0142osi \u2013 jest s\u0142owem Bo\u017cym! Oczywistym jest wi\u0119c, \u017ce oczekuje, i\u017c tak w\u0142a\u015bnie b\u0119dzie przez uczni\u00f3w przyj\u0119te: <i><b>nie jako s\u0142owo ludzkie, ale jak jest naprawd\u0119, jako s\u0142owo Boga.<\/b><\/i><b> <\/b>Co wi\u0119cej, nawet ju\u017c dzi\u0119kuje Bogu za to, \u017ce tak zosta\u0142o ono przyj\u0119te. Nie ma tu, oczywi\u015bcie, jakiejkolwiek <b>pychy Aposto\u0142a,<\/b> czy przesadnego mniemania o sobie. <\/span><\/span><\/span><\/p>\n<p align=\"justify\"><span style=\"color: #000000;\"><span style=\"font-family: Book Antiqua, serif;\"><span style=\"font-size: large;\">W ko\u0144cu, ojciec zawsze chce <b>dla swoich dzieci <\/b><b>tego, co <\/b><b>dobre.<\/b> Przynajmniej, dobry ojciec tak chce. On si\u0119 nie musi przed dzie\u0107mi niczym popisywa\u0107, nie musi <b>niczego i nikogo udawa\u0107,<\/b> po prostu \u2013 m\u00f3wi, co i jak jest, domagaj\u0105c si\u0119 dobrego \u017cycia, <b>dzi\u0119kuj\u0105c i chwal\u0105c<\/b> za dobro, a <b>upominaj\u0105c<\/b> za z\u0142o. Nawet bardzo surowo, ale przecie\u017c \u2013 <b>zawsze z mi\u0142o\u015bci\u0105!<\/b><\/span><\/span><\/span><\/p>\n<p align=\"justify\"><span style=\"color: #000000;\"><span style=\"font-family: Book Antiqua, serif;\"><span style=\"font-size: large;\">I mo\u017ce w\u0142a\u015bnie dlatego, w tym konkretnym przypadku, Pawe\u0142 <b>zrezygnowa\u0142 nawet z <\/b><b>datk\u00f3w na<\/b><b> swo<\/b><b>je<\/b><b> utrzymani<\/b><b>e<\/b> ze strony wsp\u00f3lnoty, a sam na nie zarabia\u0142. By\u0107 mo\u017ce, chcia\u0142 bardzo wyra\u017anie podkre\u015bli\u0107, \u017ce swojej misji <b>nie pe\u0142ni dla nagrody<\/b> czy szczeg\u00f3lnych wyraz\u00f3w wdzi\u0119czno\u015bci. To r\u00f3\u017cni \u015bwieccy nauczyciele domagali si\u0119 wynagrodzenia materialnego i <b>specjalnego szacunku<\/b> od swoich uczni\u00f3w. Pawe\u0142 zapewne chcia\u0142 si\u0119 od nich odr\u00f3\u017cnia\u0107. I odr\u00f3\u017cnia\u0142 si\u0119 \u2013 w stu procentach! <\/span><\/span><\/span><\/p>\n<p align=\"justify\"><span style=\"color: #000000;\"><span style=\"font-family: Book Antiqua, serif;\"><span style=\"font-size: large;\">Dawa\u0142 za to swoim uczniom \u2013 swoim duchowym dzieciom \u2013 <b>to, co mia\u0142 najlepszego,<\/b> a wi\u0119c ca\u0142\u0105 swoj\u0105 wewn\u0119trzn\u0105 sfer\u0119 prze\u017cy\u0107 duchowych, swoj\u0105 g\u0142\u0119bok\u0105 wiar\u0119, swoj\u0105 <b>bardzo siln\u0105 wi\u0119\u017a z Jezusem.<\/b> On naprawd\u0119 nosi\u0142 w swoim sercu <b>wielkie bogactwo!<\/b> I nim si\u0119 ze swoimi duchowymi dzie\u0107mi dzieli\u0142. Mia\u0142 si\u0119 czym dzieli\u0107.<\/span><\/span><\/span><\/p>\n<p align=\"justify\"><span style=\"color: #000000;\"><span style=\"font-family: Book Antiqua, serif;\"><span style=\"font-size: large;\">Takiego bogactwa nie mieli uczeni w Pi\u015bmie i faryzeusze, z kt\u00f3rymi Jezus dzisiaj kontynuuje wczorajsz\u0105 rozmow\u0119, a w\u0142a\u015bciwie \u2013 wczorajszy <b>surowy os\u0105d ich postawy.<\/b> A\u017c dwa razy s\u0142yszymy dzi\u015b \u2013 w ustach Jezusa \u2013 mow\u0119 o grobach. <\/span><\/span><\/span><\/p>\n<p align=\"justify\"><span style=\"color: #000000;\"><span style=\"font-family: Book Antiqua, serif;\"><span style=\"font-size: large;\">Pierwszy raz, w tych oto s\u0142owach, skierowanych do przyw\u00f3dc\u00f3w ludu: <i><b>Podobni jeste\u015bcie do grob\u00f3w pobielanych, kt\u00f3re z zewn\u0105trz wygl\u0105daj\u0105 pi\u0119knie, lecz wewn\u0105trz pe\u0142ne s\u0105 ko\u015bci trupich i wszelkiego plugastwa. Tak i wy z zewn\u0105trz wydajecie si\u0119 ludziom sprawiedliwi, lecz wewn\u0105trz pe\u0142ni jeste\u015bcie ob\u0142udy i nieprawo\u015bci.<\/b><\/i><b> <\/b>Oto ca\u0142e duchowe bogactwo tych ludzi! Czym si\u0119 zatem mieli dzieli\u0107 z innymi? Duchow\u0105 zgnilizn\u0105?\u2026 <\/span><\/span><\/span><\/p>\n<p align=\"justify\"><span style=\"color: #000000;\"><span style=\"font-family: Book Antiqua, serif;\"><span style=\"font-size: large;\">I tylko dla wyja\u015bnienia: groby w\u00f3wczas dlatego bielono, aby <b>ostrzec wszystkich<\/b> przed wej\u015bciem na nie, lub cho\u0107by ich dotkni\u0119ciem \u2013 nawet przypadkowym \u2013 bo to skutkowa\u0142o zaci\u0105gni\u0119ciem przepisanej prawnie <b>rytualnej nieczysto\u015bci.<\/b> Dlatego wszyscy patrz\u0105cy na bia\u0142e grobowce \u2013 mo\u017ce nawet okaza\u0142e \u2013 doskonale wiedzieli, co jest wewn\u0105trz. <\/span><\/span><\/span><\/p>\n<p align=\"justify\"><span style=\"color: #000000;\"><span style=\"font-family: Book Antiqua, serif;\"><span style=\"font-size: large;\">Por\u00f3wnanie faryzeuszy i uczonych w Pi\u015bmie do takich w\u0142a\u015bnie grobowc\u00f3w jest z pewno\u015bci\u0105 <b>bardzo surow\u0105 ocen\u0105, <\/b>ale te\u017c \u2013 bardzo mocnym i konkretnym <b>ostrze\u017ceniem! <\/b>To pierwsza wzmianka Jezusa o grobach.<\/span><\/span><\/span><\/p>\n<p align=\"justify\"><span style=\"color: #000000;\"><span style=\"font-family: Book Antiqua, serif;\"><span style=\"font-size: large;\">Druga za\u015b zawarta zosta\u0142a w s\u0142owach: <i><b>Biada wam, uczeni w Pi\u015bmie i faryzeusze, ob\u0142udnicy! Bo budujecie groby prorokom i zdobicie grobowce sprawiedliwych,<\/b><\/i><b> [\u2026] <\/b><i><b>Sami przyznajecie, \u017ce jeste\u015bcie potomkami tych, kt\u00f3rzy mordowali prorok\u00f3w.<\/b><\/i><b> <\/b>W\u0142a\u015bnie, s\u0142ysz\u0105c te s\u0142owa, mo\u017cna by\u0142o ulec b\u0142\u0119dnemu przekonaniu, \u017ce wznosz\u0105c grobowce Prorokom, \u017cydowska elita <b>chc<\/b><b>ia\u0142a<\/b><b> ich w ten spos\u00f3b uczci\u0107.<\/b> Nic bardziej b\u0142\u0119dnego! W tym przypadku oznacza\u0142o to <b>ch\u0119\u0107 ich pogrzebania na zawsze, <\/b>przypiecz\u0119towania ich odej\u015bcia. <\/span><\/span><\/span><\/p>\n<p align=\"justify\"><span style=\"color: #000000;\"><span style=\"font-family: Book Antiqua, serif;\"><span style=\"font-size: large;\">Dzia\u0142alno\u015b\u0107 faryzeuszy i uczonych w Pi\u015bmie, b\u0119d\u0105ca kontynuacj\u0105 dzia\u0142alno\u015bci ich przodk\u00f3w, doprowadzi\u0142a w ko\u0144cu do <b>u\u015bmiercenia i pogrzebania<\/b> najwi\u0119kszego Pos\u0142a\u0144ca Boga, Jezusa, kt\u00f3ry jednak <b>ostatecznie zwyci\u0119\u017cy\u0142.<\/b> <\/span><\/span><\/span><\/p>\n<p align=\"justify\"><span style=\"color: #000000;\"><span style=\"font-family: Book Antiqua, serif;\"><span style=\"font-size: large;\">I tacy to w\u0142a\u015bnie ludzie ro\u015bcili sobie <b>pretensje do duchowego przyw\u00f3dztwa<\/b> w narodzie wybranym. Nic dziwnego, \u017ce Jezus niezwykle surowo ich ocenia\u0142. Bo c\u00f3\u017c byli oni w stanie da\u0107 ludziom?<\/span><\/span><\/span><\/p>\n<p align=\"justify\"><span style=\"color: #000000;\"><span style=\"font-family: Book Antiqua, serif;\"><span style=\"font-size: large;\">Zupe\u0142nie inaczej, ni\u017c \u015awi\u0119ty Pawe\u0142, kt\u00f3ry z bogactwa swego serca mia\u0142 <b>naprawd\u0119 bardzo du\u017co do zaoferowania. <\/b>Jak\u017ce bardzo wa\u017cnym jest zatem, moi Drodzy, aby mie\u0107 co\u015b innym do podarowania, aby by\u0107 wewn\u0119trznie bogatym. Wtedy nie trzeba <b>wysila\u0107 si\u0119 na \u017cadn\u0105 gr\u0119 pozor\u00f3w<\/b> \u2013 po prostu, jasno i szczerze m\u00f3wi si\u0119 to, co wyp\u0142ywa z serca, nape\u0142nionego Bogiem. I ma si\u0119 zawsze co\u015b do powiedzenia! <b>I s\u0142owem Bo\u017cym jest<\/b> to, co si\u0119 innym przekazuje.<\/span><\/span><\/span><\/p>\n<p align=\"justify\"><span style=\"color: #000000;\"><span style=\"font-family: Book Antiqua, serif;\"><span style=\"font-size: large;\">Takie w\u0142a\u015bnie duchowe bogactwo nosi\u0142 w sercu i pozostawi\u0142 Ko\u015bcio\u0142owi wielki jego Nauczyciel i wielki \u015awiadek wiary, Patron dnia dzisiejszego, <b>\u015awi\u0119ty Augustyn, Biskup i Doktor Ko\u015bcio\u0142a.<\/b><\/span><\/span><\/span><\/p>\n<p align=\"justify\"><span style=\"color: #000000;\"><span style=\"font-size: large;\"><span style=\"font-family: Book Antiqua, serif;\">Urodzi\u0142 si\u0119 <\/span><span style=\"font-family: Book Antiqua, serif;\"><b>13 listopada 354 roku w Taga\u015bcie, <\/b><\/span><span style=\"font-family: Book Antiqua, serif;\">w dzisiejszej Algierii,<\/span><b> <\/b><span style=\"font-family: Book Antiqua, serif;\">w rodzinie urz\u0119dnika. Matka Augustyna, <\/span><span style=\"font-family: Book Antiqua, serif;\"><b>\u015awi\u0119ta Monika,<\/b><\/span><span style=\"font-family: Book Antiqua, serif;\"> kt\u00f3r\u0105 wczoraj wspominali\u015bmy, pochodzi\u0142a z rodziny o tradycji chrze\u015bcija\u0144skiej i bardzo pragn\u0119\u0142a, by jej syn przyj\u0105\u0142 Chrzest. <\/span><span style=\"font-family: Book Antiqua, serif;\"><b>Pragnienie to spe\u0142ni\u0142o si\u0119 jednak dopiero po trzydziestu trzech latach!<\/b><\/span><span style=\"font-family: Book Antiqua, serif;\"> Na rozwoju Augustyna niew\u0105tpliwie zaci\u0105\u017cy\u0142 fakt, \u017ce ojciec i matka r\u00f3\u017cnili si\u0119 co do wiary i przekona\u0144 dotycz\u0105cych spraw najwa\u017cniejszych w \u017cyciu. Przez to Augustyn przez wiele lat pozosta\u0142 <\/span><span style=\"font-family: Book Antiqua, serif;\"><b>rozdarty mi\u0119dzy wp\u0142ywem matki i ojca. <\/b><\/span><\/span><\/span><\/p>\n<p align=\"justify\"><span style=\"color: #000000;\"><span style=\"font-size: large;\"><span style=\"font-family: Book Antiqua, serif;\">Augustyn by\u0142 najstarszy z rodze\u0144stwa, po nim urodzi\u0142 si\u0119 <\/span><span style=\"font-family: Book Antiqua, serif;\"><b>Nawigiusz. Nawr\u00f3ci\u0142 si\u0119 on w tym samym czasie, co Augustyn,<\/b><\/span><span style=\"font-family: Book Antiqua, serif;\"> by\u0142 te\u017c przy \u015bmierci matki. Nawigiusz o\u017ceni\u0142 si\u0119 i mia\u0142 kilka c\u00f3rek, z kt\u00f3rych wszystkie po\u015bwi\u0119ci\u0142y si\u0119 Panu Bogu na s\u0142u\u017cb\u0119 w jednym z klasztor\u00f3w. <\/span><\/span><\/span><\/p>\n<p align=\"justify\"><span style=\"color: #000000;\"><span style=\"font-size: large;\"><span style=\"font-family: Book Antiqua, serif;\">W wieku szesnastu lat musia\u0142 Augustyn <\/span><span style=\"font-family: Book Antiqua, serif;\"><b>przerwa\u0107 nauk\u0119 z powodu braku pieni\u0119dzy,<\/b><\/span><span style=\"font-family: Book Antiqua, serif;\"> chocia\u017c mia\u0142 wielkie zdolno\u015bci. Nauka sz\u0142a mu \u0142atwo. Imponowa\u0142 kolegom niezwyk\u0142\u0105 pami\u0119ci\u0105. Jednak <\/span><span style=\"font-family: Book Antiqua, serif;\"><b>pierwsze lata nauki wspomina z niesmakiem.<\/b><\/span><span style=\"font-family: Book Antiqua, serif;\"> Mia\u0142 bowiem nauczyciela, bij\u0105cego swoich uczni\u00f3w bez mi\u0142osierdzia za najmniejsze przewinienia. Nie lubi\u0142 matematyki, ale za to <\/span><span style=\"font-family: Book Antiqua, serif;\"><b>rozkoszowa\u0142 si\u0119 w literaturze \u0142aci\u0144skiej.<\/b><\/span><span style=\"font-family: Book Antiqua, serif;\"> Ulubionym jego autorem by\u0142 Wergiliusz. <\/span><\/span><\/span><\/p>\n<p align=\"justify\"><span style=\"color: #000000;\"><span style=\"font-size: large;\"><span style=\"font-family: Book Antiqua, serif;\">W m\u0142odych latach <\/span><span style=\"font-family: Book Antiqua, serif;\"><b>\u017cy\u0142 bardzo swobodnie<\/b><\/span><span style=\"font-family: Book Antiqua, serif;\">. Lubi\u0142 zabawy, dobre jad\u0142o i picie. Ch\u0119tnie ucz\u0119szcza\u0142 do teatru, mia\u0142 ci\u0105goty do psot ch\u0142opi\u0119cych. Trudny okres dojrzewania, du\u017co wolnego czasu i poga\u0144skie zwyczaje sprawi\u0142y, \u017ce po pierwszych studiach w Taga\u015bcie i w Madurze, <\/span><span style=\"font-family: Book Antiqua, serif;\"><b>uda\u0142 si\u0119 na dalsze kszta\u0142cenie do Kartaginy, <\/b><\/span><span style=\"font-family: Book Antiqua, serif;\">metropolii Afryki P\u00f3\u0142nocnej <\/span><span style=\"font-family: Book Antiqua, serif;\"><b>i tam zwi\u0105za\u0142 si\u0119 z kobiet\u0105. <\/b><\/span><span style=\"font-family: Book Antiqua, serif;\">Z tego zwi\u0105zku po pewnym czasie urodzi\u0142 si\u0119 syn Adeodatus, co po \u0142acinie znaczy: dany od Boga. Augustyn \u017cy\u0142 z t\u0105 dziewczyn\u0105 pi\u0119tna\u015bcie lat. <\/span><span style=\"font-family: Book Antiqua, serif;\"><b>Igrzyska, cyrk, walki gladiator\u00f3w, teatr \u2013 to by\u0142a jego codzienno\u015b\u0107.<\/b><\/span> <\/span><\/span><\/p>\n<p align=\"justify\"><span style=\"color: #000000;\"><span style=\"font-size: large;\"><span style=\"font-family: Book Antiqua, serif;\">Pod wp\u0142ywem lektury klasyk\u00f3w rzymskich Augustyn wpad\u0142 w sceptycyzm racjonalistyczny. <\/span><span style=\"font-family: Book Antiqua, serif;\"><b>Zacz\u0105\u0142 szuka\u0107 prawdy. Jednak Biblia wydawa\u0142a mu si\u0119 prostacka,<\/b><\/span><span style=\"font-family: Book Antiqua, serif;\"> bo jej \u0142aci\u0144skie t\u0142umaczenia by\u0142y w\u00f3wczas rzeczywi\u015bcie nie zawsze udane. Za problemami filozoficznymi posz\u0142y te\u017c <\/span><span style=\"font-family: Book Antiqua, serif;\"><b>w\u0105tpliwo\u015bci religijne,<\/b><\/span><span style=\"font-family: Book Antiqua, serif;\"> czego skutkiem by\u0142o wst\u0105pienie do sekty manichejskiej, do kt\u00f3rej wci\u0105gn\u0105\u0142 go tamtejszy biskup, imponuj\u0105c mu wymow\u0105 i oczytaniem. <\/span><\/span><\/span><\/p>\n<p align=\"justify\"><span style=\"color: #000000;\"><span style=\"font-size: large;\"><span style=\"font-family: Book Antiqua, serif;\">W 374 roku Augustyn powr\u00f3ci\u0142 do Tagasty, gdzie otworzy\u0142 w\u0142asn\u0105 szko\u0142\u0119 gramatyki. Potem zak\u0142ada\u0142 jeszcze takowe w Mediolanie i w Rzymie. Kiedy za\u015b po kilku latach znowu pojawi\u0142 si\u0119 w Mediolanie, <\/span><span style=\"font-family: Book Antiqua, serif;\"><b>zetkn\u0105\u0142 si\u0119 tam ze \u015awi\u0119tym Ambro\u017cym, kt\u00f3ry by\u0142 w\u00f3wczas biskupem tego miasta.<\/b><\/span><span style=\"font-family: Book Antiqua, serif;\"> Augustyn zacz\u0105\u0142 chodzi\u0107 na jego kazania. Wielki Biskup zaimponowa\u0142 mu wymow\u0105 i g\u0142\u0119bi\u0105 tre\u015bci. I oto w roku 386 nast\u0105pi\u0142o uderzenie \u0142aski Bo\u017cej. <\/span><\/span><\/span><\/p>\n<p align=\"justify\"><span style=\"color: #000000;\"><span style=\"font-family: Book Antiqua, serif;\"><span style=\"font-size: large;\">Oto bowiem pewnego dnia Augustyn wzi\u0105\u0142 do r\u0119ki Listy \u015awi\u0119tego Paw\u0142a Aposto\u0142a. Przypadkowo otworzy\u0142 fragment Listu do Rzymian: <\/span><\/span><\/span><span style=\"color: #000000;\"><span style=\"font-family: Book Antiqua, serif;\"><span style=\"font-size: large;\"><i><b>\u017byjmy przyzwoicie jak jasny dzie\u0144: nie w hulankach i pijatykach, nie w rozpu\u015bcie i w wyuzdaniu, nie w k\u0142\u00f3tni i zazdro\u015bci. Ale przyobleczcie si\u0119 w Pana Jezusa Chrystusa, i nie troszczcie si\u0119 zbytnio o cia\u0142o, dogadzaj\u0105c \u017c\u0105dzom<\/b><\/i><\/span><\/span><\/span><i><b> <\/b><\/i><span style=\"color: #000000;\"><span style=\"font-family: Book Antiqua, serif;\"><span style=\"font-size: large;\">(Rz 13,13\u201314). Jak pisze w swoich<\/span><\/span><\/span><span style=\"color: #000000;\"><span style=\"font-family: Book Antiqua, serif;\"><span style=\"font-size: large;\"> \u201e<\/span><\/span><\/span><span style=\"color: #000000;\"><span style=\"font-family: Book Antiqua, serif;\"><span style=\"font-size: large;\">Wyznaniach\u201d<\/span><\/span><\/span><span style=\"color: #000000;\"><span style=\"font-family: Book Antiqua, serif;\"><span style=\"font-size: large;\"><i>,<\/i><\/span><\/span><\/span><span style=\"color: #000000;\"><span style=\"font-family: Book Antiqua, serif;\"><span style=\"font-size: large;\"> poczu\u0142 nagle <\/span><\/span><\/span><span style=\"color: #000000;\"><span style=\"font-family: Book Antiqua, serif;\"><span style=\"font-size: large;\"><b>jakby strumie\u0144 silnego \u015bwiat\u0142a w ciemnej nocy swojej duszy. Zrozumia\u0142 sens swojego \u017cycia, poczu\u0142 \u017cal z powodu zmarnowanej przesz\u0142o\u015bci.<\/b><\/span><\/span><\/span><\/p>\n<p align=\"justify\"><span style=\"color: #000000;\"><span style=\"font-size: large;\"><span style=\"font-family: Book Antiqua, serif;\">Uda\u0142 si\u0119 w\u00f3wczas do wioski Cassiciaco i tam u przyjaciela Werekundusa <\/span><span style=\"font-family: Book Antiqua, serif;\"><b>sp\u0119dza\u0142 czas na modlitwie i na rozmowach na tematy ewangeliczne.<\/b><\/span><span style=\"font-family: Book Antiqua, serif;\"> Rozczytywa\u0142 si\u0119 r\u00f3wnocze\u015bnie w Pi\u015bmie \u015awi\u0119tym. Na pocz\u0105tku Wielkiego Postu zg\u0142osi\u0142 si\u0119 do \u015awi\u0119tego Biskupa Ambro\u017cego jako katechumen i w Wielk\u0105 Sobot\u0119, <\/span><span style=\"font-family: Book Antiqua, serif;\"><b>w nocy z 24 na 25 kwietnia 387 roku, w\u0142a\u015bnie z jego r\u0105k przyj\u0105\u0142 Chrzest.<\/b><\/span><span style=\"font-family: Book Antiqua, serif;\"> Mia\u0142 w\u00f3wczas trzydzie\u015bci trzy lata. Wraz z nim przyj\u0105\u0142 Chrzest jego syn, Adeodatus. <\/span><\/span><\/span><\/p>\n<p align=\"justify\"><span style=\"color: #000000;\"><span style=\"font-size: large;\"><span style=\"font-family: Book Antiqua, serif;\">Augustyn postanowi\u0142 <\/span><span style=\"font-family: Book Antiqua, serif;\"><b>powr\u00f3ci\u0107 teraz do Afryki, by nawraca\u0107 wsp\u00f3\u0142ziomk\u00f3w i pozyskiwa\u0107 ich dla Chrystusa.<\/b><\/span><span style=\"font-family: Book Antiqua, serif;\"> Tu\u017c przed opuszczeniem Italii umar\u0142a jego matka, za\u015b wkr\u00f3tce po dotarciu do Afryki zmar\u0142 jego syn. Po przybyciu do Tagasty rozda\u0142 swoj\u0105 maj\u0119tno\u015b\u0107 pomi\u0119dzy ubogich i z przyjaci\u00f3\u0142mi zamieszkali razem, <\/span><span style=\"font-family: Book Antiqua, serif;\"><b>oddaj\u0105c si\u0119 modlitwie, dyskusji na tematy religijne i studiom Pisma \u015awi\u0119tego. <\/b><\/span><\/span><\/span><\/p>\n<p align=\"justify\"><span style=\"color: #000000;\"><span style=\"font-size: large;\"><span style=\"font-family: Book Antiqua, serif;\">W 391 roku uda\u0142 si\u0119 wraz z przyjaci\u00f3\u0142mi <\/span><span style=\"font-family: Book Antiqua, serif;\"><b>do Hippony, gdzie postanowi\u0142 za\u0142o\u017cy\u0107 klasztor i tam sp\u0119dzi\u0107 reszt\u0119 swego \u017cycia.<\/b><\/span><span style=\"font-family: Book Antiqua, serif;\"> Niebawem da\u0142 si\u0119 pozna\u0107 wszystkim jako cz\u0142owiek bardzo pobo\u017cny. Dlatego, gdy biskup Waleriusz zwr\u00f3ci\u0142 si\u0119 pewnego dnia do ludu, by mu wskazano <\/span><span style=\"font-family: Book Antiqua, serif;\"><b>kandydata na kap\u0142ana,<\/b><\/span><span style=\"font-family: Book Antiqua, serif;\"> gdy\u017c potrzebowa\u0142 jego pomocy, wszyscy w katedrze zwr\u00f3cili si\u0119 do Augustyna, wo\u0142aj\u0105c: <\/span><span style=\"font-family: Book Antiqua, serif;\"><b>\u201eAugustyn kap\u0142anem!\u201d<\/b><\/span><span style=\"font-family: Book Antiqua, serif;\"> Ten przyj\u0105\u0142 propozycj\u0119 biskupa i ludu. <\/span><\/span><\/span><\/p>\n<p align=\"justify\"><span style=\"color: #000000;\"><span style=\"font-size: large;\"><span style=\"font-family: Book Antiqua, serif;\">Po wy\u015bwi\u0119ceniu na kap\u0142ana, <\/span><span style=\"font-family: Book Antiqua, serif;\"><b>nie zmieni\u0142 trybu \u017cycia, ale nadal prowadzi\u0142 \u017cycie wsp\u00f3lne w klasztorze.<\/b><\/span><span style=\"font-family: Book Antiqua, serif;\"> Zacz\u0105\u0142 nawet przyjmowa\u0107 nowych kandydat\u00f3w. W ten spos\u00f3b powsta\u0142o jakby seminarium, z kt\u00f3rego wysz\u0142o wielu p\u00f3\u017aniejszych biskup\u00f3w afryka\u0144skich! Tak\u017ce sam Augustyn otrzyma\u0142 t\u0119 godno\u015b\u0107, bowiem <\/span><span style=\"font-family: Book Antiqua, serif;\"><b>Biskup Waleriusz udzieli\u0142 mu konsekracji na swojego Biskupa pomocniczego w uroczysto\u015b\u0107 Wniebowst\u0105pienia Pa\u0144skiego 394 roku,<\/b><\/span><span style=\"font-family: Book Antiqua, serif;\"> ku ogromnej rado\u015bci ludu. A kiedy dwa lata p\u00f3\u017aniej zmar\u0142, Augustyn zosta\u0142 jego nast\u0119pc\u0105, biskupem Hippony. Sta\u0142o si\u0119 to w 396 roku. <\/span><\/span><\/span><\/p>\n<p align=\"justify\"><span style=\"color: #000000;\"><span style=\"font-size: large;\"><span style=\"font-family: Book Antiqua, serif;\">Nadal prowadzi\u0142 on <\/span><span style=\"font-family: Book Antiqua, serif;\"><b>\u017cycie wsp\u00f3lne, formuj\u0105c przysz\u0142ych biskup\u00f3w i kap\u0142an\u00f3w.<\/b><\/span><span style=\"font-family: Book Antiqua, serif;\"> Po d\u0142ugich latach do\u015bwiadczenia u\u0142o\u017cy\u0142 dla nich regu\u0142\u0119, kt\u00f3ra w przysz\u0142o\u015bci mia\u0142a si\u0119 sta\u0107 <\/span><span style=\"font-family: Book Antiqua, serif;\"><b>podstaw\u0105 dla wielu rodzin zakonnych.<\/b><\/span><span style=\"font-family: Book Antiqua, serif;\"> Du\u017co czasu zajmowa\u0142a mu korespondencja. Nie traktowa\u0142 jej jednak jedynie jako rodzaj kontaktu towarzyskiego, ale <\/span><span style=\"font-family: Book Antiqua, serif;\"><b>wykorzystywa\u0142 j\u0105 jako spos\u00f3b apostolstwa.<\/b><\/span><span style=\"font-family: Book Antiqua, serif;\"> Wypowiedzia\u0142 tak\u017ce nieub\u0142agan\u0105 walk\u0119 <\/span><span style=\"font-family: Book Antiqua, serif;\"><b>b\u0142\u0119dom, jakie za jego czas\u00f3w n\u0119ka\u0142y Ko\u015bci\u00f3\u0142: manicheizmowi, donatystom i pelagianom.<\/b><\/span> <\/span><\/span><\/p>\n<p align=\"justify\"><span style=\"color: #000000;\"><span style=\"font-size: large;\"><span style=\"font-family: Book Antiqua, serif;\">Pod koniec swego \u017cycia Augustyn prze\u017cy\u0142 bardzo ci\u0119\u017ckie do\u015bwiadczenie. Namiestnik rzymski zaprosi\u0142 do p\u00f3\u0142nocnej Afryki <\/span><span style=\"font-family: Book Antiqua, serif;\"><b>Wandal\u00f3w dla obrony przeciwko szczepom dzikich mieszka\u0144c\u00f3w Sahary.<\/b><\/span><span style=\"font-family: Book Antiqua, serif;\"> Kiedy spostrzeg\u0142, \u017ce Wandalowie s\u0105 nie mniej od tamtych barbarzy\u0144scy, wypowiedzia\u0142 im wojn\u0119. By\u0142o jednak za p\u00f3\u017ano. Po odniesionym zwyci\u0119stwie, <\/span><span style=\"font-family: Book Antiqua, serif;\"><b>Wandalowie zacz\u0119li zajmowa\u0107 miasto po mie\u015bcie.<\/b><\/span><span style=\"font-family: Book Antiqua, serif;\"> Hippona broni\u0142a si\u0119 bohatersko przez trzy miesi\u0105ce, a\u017c wrogom uda\u0142o si\u0119 zrobi\u0107 wy\u0142om w murze i spowodowa\u0107 po\u017car miasta. Augustyn wtedy ju\u017c nie \u017cy\u0142. <\/span><span style=\"font-family: Book Antiqua, serif;\"><b>Zmar\u0142 w czasie obl\u0119\u017cenia 28 sierpnia 430 roku.<\/b><\/span> <\/span><\/span><\/p>\n<p align=\"justify\"><span style=\"color: #000000;\"><span style=\"font-size: large;\"><span style=\"font-family: Book Antiqua, serif;\">Zosta\u0142o po nim kilkadziesi\u0105t tom\u00f3w pism. Do najcenniejszych z nich nale\u017c\u0105 oczywi\u015bcie <\/span><span style=\"font-family: Book Antiqua, serif;\"><b>\u201e<\/b><\/span><span style=\"font-family: Book Antiqua, serif;\"><b>Wyznania\u201d.<\/b><\/span> <span style=\"font-family: Book Antiqua, serif;\">Zachowa\u0142o si\u0119 tak\u017ce ponad trzysta sze\u015b\u0107dziesi\u0105t kaza\u0144 i ponad dwie\u015bcie list\u00f3w. S\u0142usznie wi\u0119c zdoby\u0142 sobie nasz Patron tytu\u0142 najwi\u0119kszego teologa chrze\u015bcija\u0144skiej staro\u017cytno\u015bci. Jest jednym z czterech wielkich doktor\u00f3w Ko\u015bcio\u0142a Zachodniego.<\/span><\/span><\/span><\/p>\n<p align=\"justify\"><span style=\"color: #000000;\"><span style=\"font-family: Book Antiqua, serif;\"><span style=\"font-size: large;\">A oto co zapisa\u0142 we wspomnianych ju\u017c \u201eWyznaniach\u201d, a co dzi\u015b uwa\u017ca si\u0119 za tekst, kt\u00f3ry najbardziej go charakteryzuje i okre\u015bla: <\/span><\/span><\/span><span style=\"color: #000000;\"><span style=\"font-family: Book Antiqua, serif;\"><span style=\"font-size: large;\"><b>\u201eO Prawdo wieczna, Mi\u0142o\u015bci prawdziwa, umi\u0142owana Wieczno\u015bci! Ty jeste\u015b moim Bogiem.<\/b><\/span><\/span><\/span><span style=\"color: #000000;\"><span style=\"font-family: Book Antiqua, serif;\"><span style=\"font-size: large;\"> Do Ciebie wzdycham dniem i noc\u0105. Skoro tylko pozna\u0142em Ci\u0119, unios\u0142e\u015b mnie, bym zobaczy\u0142 to, co nale\u017cy zobaczy\u0107, ale ja nie by\u0142em jeszcze do tego zdolny. <\/span><\/span><\/span><span style=\"color: #000000;\"><span style=\"font-family: Book Antiqua, serif;\"><span style=\"font-size: large;\"><b>Pokona\u0142e\u015b s\u0142abo\u015b\u0107 mego wzroku pot\u0119g\u0105 Twoich promieni, zadr\u017ca\u0142em z mi\u0142o\u015bci i l\u0119ku.<\/b><\/span><\/span><\/span><span style=\"color: #000000;\"><span style=\"font-family: Book Antiqua, serif;\"><span style=\"font-size: large;\"> Pozna\u0142em, \u017ce znajduj\u0119 si\u0119 daleko od Ciebie, w krainie obcej, i us\u0142ysza\u0142em jakby g\u0142os Tw\u00f3j z wysoka. <\/span><\/span><\/span><span style=\"color: #000000;\"><span style=\"font-family: Book Antiqua, serif;\"><span style=\"font-size: large;\">[\u2026]<\/span><\/span><\/span><\/p>\n<p align=\"justify\"><span style=\"color: #000000;\"><span style=\"font-size: large;\"><span style=\"font-family: Book Antiqua, serif;\">Szuka\u0142em drogi, dzi\u0119ki kt\u00f3rej m\u00f3g\u0142bym trwa\u0107 w zjednoczeniu z Tob\u0105, i nie znajdowa\u0142em, <\/span><span style=\"font-family: Book Antiqua, serif;\"><b>dop\u00f3ki nie przylgn\u0105\u0142em do Po\u015brednika mi\u0119dzy Bogiem a lud\u017ami, Cz\u0142owieka Jezusa Chrystusa,<\/b><\/span><span style=\"font-family: Book Antiqua, serif;\"> kt\u00f3ry jest ponad wszystko, B\u00f3g b\u0142ogos\u0142awiony na wieki. On zawo\u0142a\u0142 mnie i powiedzia\u0142: <\/span><span style=\"font-family: Book Antiqua, serif;\"><b>Ja jestem Drog\u0105, Prawd\u0105 i \u017byciem,<\/b><\/span><span style=\"font-family: Book Antiqua, serif;\"> oraz z\u0142\u0105czy\u0142 z cia\u0142em \u2013 poniewa\u017c \u201eS\u0142owo sta\u0142o si\u0119 cia\u0142em\u201d \u2013 <\/span><span style=\"font-family: Book Antiqua, serif;\"><b>pokarm, kt\u00f3rego nie by\u0142em zdolny przyj\u0105\u0107.<\/b><\/span><span style=\"font-family: Book Antiqua, serif;\"> W ten spos\u00f3b Twa M\u0105dro\u015b\u0107, przez kt\u00f3r\u0105 wszystko stworzy\u0142e\u015b, sta\u0142a si\u0119 dla naszego wieku dzieci\u0119ctwa stosownym pokarmem.<\/span><\/span><\/span><\/p>\n<p align=\"justify\"><span style=\"color: #000000;\"><span style=\"font-family: Book Antiqua, serif;\"><span style=\"font-size: large;\"><b>P\u00f3\u017ano Ci\u0119 ukocha\u0142em, Pi\u0119kno\u015bci dawna i zawsze nowa! P\u00f3\u017ano Ci\u0119 ukocha\u0142em! We mnie by\u0142e\u015b, ja za\u015b by\u0142em na zewn\u0105trz i na zewn\u0105trz Ci\u0119 poszukiwa\u0142em. Sam pe\u0142en brzydoty, bieg\u0142em za pi\u0119knem, kt\u00f3re stworzy\u0142e\u015b. By\u0142e\u015b ze mn\u0105, ale ja nie by\u0142em z Tob\u0105. Z dala od Ciebie trzyma\u0142y mnie stworzenia, kt\u00f3re nie istnia\u0142yby w og\u00f3le, gdyby nie istnia\u0142y w Tobie. Przem\u00f3wi\u0142e\u015b, zawo\u0142a\u0142e\u015b i pokona\u0142e\u015b moj\u0105 g\u0142uchot\u0119. Zaja\u015bnia\u0142e\u015b, Twoje \u015bwiat\u0142o usun\u0119\u0142o moj\u0105 \u015blepot\u0119. Zapachnia\u0142e\u015b woko\u0142o, poczu\u0142em i ch\u0142on\u0119 Ciebie. Raz zakosztowa\u0142em, a oto \u0142akn\u0119 i pragn\u0119. Dotkn\u0105\u0142e\u015b, a oto p\u0142on\u0119 pragnieniem Twojego pokoju.\u201d <\/b>Tyle z \u201eWyzna\u0144\u201d naszego dzisiejszego \u015awi\u0119tego.<\/span><\/span><\/span><\/p>\n<p align=\"justify\"><span style=\"color: #000000;\"><span style=\"font-family: Book Antiqua, serif;\"><span style=\"font-size: large;\">A my, wpatrzeni w przyk\u0142ad jego postawy i zas\u0142uchani w Bo\u017ce s\u0142owo dzisiejszej liturgii, zapytajmy samych siebie, czy mamy innym <b>co\u015b warto\u015bciowego do przekazania,<\/b> czy te\u017c mo\u017ce musimy nadrabia\u0107 min\u0105 i gr\u0105 pozor\u00f3w, dla wzbudzenia u nich szacunku i pos\u0142uchu?\u2026 Jak na co dzie\u0144 z<b>dobywamy, budujemy i pomna\u017camy<\/b> \u2013 duchowe bogactwo swego serca?\u2026 <\/span><\/span><\/span><\/p>\n","protected":false},"excerpt":{"rendered":"<p>Szcz\u0119\u015b\u0107 Bo\u017ce! Moi Drodzy, w dniu dzisiejszym urodziny prze\u017cywa moja Ciocia, Teresa Nowicka, imieniny za\u015b prze\u017cywa Patrycja Sakowska, nale\u017c\u0105ca w swoim czasie do jednej z m\u0142odzie\u017cowych Wsp\u00f3lnot. Serdecznie \u017cycz\u0119 obu Paniom, aby ka\u017cdego dnia coraz bardziej pomna\u017ca\u0142y duchowe bogactwo swego serca. Wi\u0119cej o tym w rozwa\u017caniu. Zapewniam o modlitwie! Moi Drodzy, serdecznie Wszystkich pozdrawiam i [&hellip;]<\/p>\n","protected":false},"author":1,"featured_media":0,"comment_status":"open","ping_status":"open","sticky":false,"template":"","format":"standard","meta":{"jetpack_post_was_ever_published":false,"_jetpack_newsletter_access":"","_jetpack_dont_email_post_to_subs":false,"_jetpack_newsletter_tier_id":0,"_jetpack_memberships_contains_paywalled_content":false,"_jetpack_memberships_contains_paid_content":false,"footnotes":""},"categories":[1],"tags":[],"class_list":["post-15680","post","type-post","status-publish","format-standard","hentry","category-bez-kategorii"],"yoast_head":"<!-- This site is optimized with the Yoast SEO plugin v25.1 - https:\/\/yoast.com\/wordpress\/plugins\/seo\/ -->\n<title>Duchowe bogactwo serca... - Gaudium Et Spes<\/title>\n<meta name=\"robots\" content=\"index, follow, max-snippet:-1, max-image-preview:large, max-video-preview:-1\" \/>\n<link rel=\"canonical\" href=\"https:\/\/gaudiumetspes-blog.pl\/index.php\/2019\/08\/28\/duchowe-bogactwo-serca\/\" \/>\n<meta property=\"og:locale\" content=\"pl_PL\" \/>\n<meta property=\"og:type\" content=\"article\" \/>\n<meta property=\"og:title\" content=\"Duchowe bogactwo serca... - Gaudium Et Spes\" \/>\n<meta property=\"og:description\" content=\"Szcz\u0119\u015b\u0107 Bo\u017ce! Moi Drodzy, w dniu dzisiejszym urodziny prze\u017cywa moja Ciocia, Teresa Nowicka, imieniny za\u015b prze\u017cywa Patrycja Sakowska, nale\u017c\u0105ca w swoim czasie do jednej z m\u0142odzie\u017cowych Wsp\u00f3lnot. Serdecznie \u017cycz\u0119 obu Paniom, aby ka\u017cdego dnia coraz bardziej pomna\u017ca\u0142y duchowe bogactwo swego serca. Wi\u0119cej o tym w rozwa\u017caniu. Zapewniam o modlitwie! Moi Drodzy, serdecznie Wszystkich pozdrawiam i [&hellip;]\" \/>\n<meta property=\"og:url\" content=\"https:\/\/gaudiumetspes-blog.pl\/index.php\/2019\/08\/28\/duchowe-bogactwo-serca\/\" \/>\n<meta property=\"og:site_name\" content=\"Gaudium Et Spes\" \/>\n<meta property=\"article:published_time\" content=\"2019-08-28T03:32:17+00:00\" \/>\n<meta name=\"author\" content=\"Ks. Jacek\" \/>\n<meta name=\"twitter:card\" content=\"summary_large_image\" \/>\n<meta name=\"twitter:label1\" content=\"Napisane przez\" \/>\n\t<meta name=\"twitter:data1\" content=\"Ks. Jacek\" \/>\n\t<meta name=\"twitter:label2\" content=\"Szacowany czas czytania\" \/>\n\t<meta name=\"twitter:data2\" content=\"15 minut\" \/>\n<script type=\"application\/ld+json\" class=\"yoast-schema-graph\">{\"@context\":\"https:\/\/schema.org\",\"@graph\":[{\"@type\":\"WebPage\",\"@id\":\"https:\/\/gaudiumetspes-blog.pl\/index.php\/2019\/08\/28\/duchowe-bogactwo-serca\/\",\"url\":\"https:\/\/gaudiumetspes-blog.pl\/index.php\/2019\/08\/28\/duchowe-bogactwo-serca\/\",\"name\":\"Duchowe bogactwo serca... - Gaudium Et Spes\",\"isPartOf\":{\"@id\":\"https:\/\/gaudiumetspes-blog.pl\/#website\"},\"datePublished\":\"2019-08-28T03:32:17+00:00\",\"author\":{\"@id\":\"https:\/\/gaudiumetspes-blog.pl\/#\/schema\/person\/1661982992b752dea8dff0d4ed845a65\"},\"breadcrumb\":{\"@id\":\"https:\/\/gaudiumetspes-blog.pl\/index.php\/2019\/08\/28\/duchowe-bogactwo-serca\/#breadcrumb\"},\"inLanguage\":\"pl-PL\",\"potentialAction\":[{\"@type\":\"ReadAction\",\"target\":[\"https:\/\/gaudiumetspes-blog.pl\/index.php\/2019\/08\/28\/duchowe-bogactwo-serca\/\"]}]},{\"@type\":\"BreadcrumbList\",\"@id\":\"https:\/\/gaudiumetspes-blog.pl\/index.php\/2019\/08\/28\/duchowe-bogactwo-serca\/#breadcrumb\",\"itemListElement\":[{\"@type\":\"ListItem\",\"position\":1,\"name\":\"Strona g\u0142\u00f3wna\",\"item\":\"https:\/\/gaudiumetspes-blog.pl\/\"},{\"@type\":\"ListItem\",\"position\":2,\"name\":\"Duchowe bogactwo serca&#8230;\"}]},{\"@type\":\"WebSite\",\"@id\":\"https:\/\/gaudiumetspes-blog.pl\/#website\",\"url\":\"https:\/\/gaudiumetspes-blog.pl\/\",\"name\":\"Gaudium Et Spes\",\"description\":\"Blog Ks. Jacka Ja\u015bkowskiego\",\"potentialAction\":[{\"@type\":\"SearchAction\",\"target\":{\"@type\":\"EntryPoint\",\"urlTemplate\":\"https:\/\/gaudiumetspes-blog.pl\/?s={search_term_string}\"},\"query-input\":{\"@type\":\"PropertyValueSpecification\",\"valueRequired\":true,\"valueName\":\"search_term_string\"}}],\"inLanguage\":\"pl-PL\"},{\"@type\":\"Person\",\"@id\":\"https:\/\/gaudiumetspes-blog.pl\/#\/schema\/person\/1661982992b752dea8dff0d4ed845a65\",\"name\":\"Ks. Jacek\",\"image\":{\"@type\":\"ImageObject\",\"inLanguage\":\"pl-PL\",\"@id\":\"https:\/\/gaudiumetspes-blog.pl\/#\/schema\/person\/image\/\",\"url\":\"https:\/\/gaudiumetspes-blog.pl\/wp-content\/uploads\/2019\/07\/avatar-JJ-150x150.jpg\",\"contentUrl\":\"https:\/\/gaudiumetspes-blog.pl\/wp-content\/uploads\/2019\/07\/avatar-JJ-150x150.jpg\",\"caption\":\"Ks. Jacek\"},\"description\":\"Witam serdecznie! K\u0142ania si\u0119 Ks. Jacek Ja\u015bkowski. Nie jestem ani kim\u015b wa\u017cnym, ani kim\u015b znanym. Jestem ksi\u0119dzem, kt\u00f3ry po prostu chce rozmawia\u0107. Codzienna kap\u0142a\u0144ska pos\u0142uga pokazuje mi, \u017ce temat\u00f3w do rozm\u00f3w z ksi\u0119dzem jest coraz wi\u0119cej i dzisiaj \u017caden ksi\u0105dz nie mo\u017ce od nich ucieka\u0107, ale - wprost przeciwnie - podejmowa\u0107 nowe wyzwania. To przekonanie sk\u0142oni\u0142o mnie do pr\u00f3by otwarcia tego\u017c bloga, chocia\u017c okazji do rozm\u00f3w na co dzie\u0144 - w konfesjonale i poza nim - na szcz\u0119\u015bcie nie brakuje. My\u015bl\u0119 jednak, \u017ce ten blog b\u0119dzie jeszcze jednym sposobem i przestrzeni\u0105 nawi\u0105zania kontaktu z lud\u017ami dobrej woli, otwartymi na dialog.\",\"url\":\"https:\/\/gaudiumetspes-blog.pl\/index.php\/author\/ks-jacek\/\"}]}<\/script>\n<!-- \/ Yoast SEO plugin. -->","yoast_head_json":{"title":"Duchowe bogactwo serca... - Gaudium Et Spes","robots":{"index":"index","follow":"follow","max-snippet":"max-snippet:-1","max-image-preview":"max-image-preview:large","max-video-preview":"max-video-preview:-1"},"canonical":"https:\/\/gaudiumetspes-blog.pl\/index.php\/2019\/08\/28\/duchowe-bogactwo-serca\/","og_locale":"pl_PL","og_type":"article","og_title":"Duchowe bogactwo serca... - Gaudium Et Spes","og_description":"Szcz\u0119\u015b\u0107 Bo\u017ce! Moi Drodzy, w dniu dzisiejszym urodziny prze\u017cywa moja Ciocia, Teresa Nowicka, imieniny za\u015b prze\u017cywa Patrycja Sakowska, nale\u017c\u0105ca w swoim czasie do jednej z m\u0142odzie\u017cowych Wsp\u00f3lnot. Serdecznie \u017cycz\u0119 obu Paniom, aby ka\u017cdego dnia coraz bardziej pomna\u017ca\u0142y duchowe bogactwo swego serca. Wi\u0119cej o tym w rozwa\u017caniu. Zapewniam o modlitwie! Moi Drodzy, serdecznie Wszystkich pozdrawiam i [&hellip;]","og_url":"https:\/\/gaudiumetspes-blog.pl\/index.php\/2019\/08\/28\/duchowe-bogactwo-serca\/","og_site_name":"Gaudium Et Spes","article_published_time":"2019-08-28T03:32:17+00:00","author":"Ks. Jacek","twitter_card":"summary_large_image","twitter_misc":{"Napisane przez":"Ks. Jacek","Szacowany czas czytania":"15 minut"},"schema":{"@context":"https:\/\/schema.org","@graph":[{"@type":"WebPage","@id":"https:\/\/gaudiumetspes-blog.pl\/index.php\/2019\/08\/28\/duchowe-bogactwo-serca\/","url":"https:\/\/gaudiumetspes-blog.pl\/index.php\/2019\/08\/28\/duchowe-bogactwo-serca\/","name":"Duchowe bogactwo serca... - Gaudium Et Spes","isPartOf":{"@id":"https:\/\/gaudiumetspes-blog.pl\/#website"},"datePublished":"2019-08-28T03:32:17+00:00","author":{"@id":"https:\/\/gaudiumetspes-blog.pl\/#\/schema\/person\/1661982992b752dea8dff0d4ed845a65"},"breadcrumb":{"@id":"https:\/\/gaudiumetspes-blog.pl\/index.php\/2019\/08\/28\/duchowe-bogactwo-serca\/#breadcrumb"},"inLanguage":"pl-PL","potentialAction":[{"@type":"ReadAction","target":["https:\/\/gaudiumetspes-blog.pl\/index.php\/2019\/08\/28\/duchowe-bogactwo-serca\/"]}]},{"@type":"BreadcrumbList","@id":"https:\/\/gaudiumetspes-blog.pl\/index.php\/2019\/08\/28\/duchowe-bogactwo-serca\/#breadcrumb","itemListElement":[{"@type":"ListItem","position":1,"name":"Strona g\u0142\u00f3wna","item":"https:\/\/gaudiumetspes-blog.pl\/"},{"@type":"ListItem","position":2,"name":"Duchowe bogactwo serca&#8230;"}]},{"@type":"WebSite","@id":"https:\/\/gaudiumetspes-blog.pl\/#website","url":"https:\/\/gaudiumetspes-blog.pl\/","name":"Gaudium Et Spes","description":"Blog Ks. Jacka Ja\u015bkowskiego","potentialAction":[{"@type":"SearchAction","target":{"@type":"EntryPoint","urlTemplate":"https:\/\/gaudiumetspes-blog.pl\/?s={search_term_string}"},"query-input":{"@type":"PropertyValueSpecification","valueRequired":true,"valueName":"search_term_string"}}],"inLanguage":"pl-PL"},{"@type":"Person","@id":"https:\/\/gaudiumetspes-blog.pl\/#\/schema\/person\/1661982992b752dea8dff0d4ed845a65","name":"Ks. Jacek","image":{"@type":"ImageObject","inLanguage":"pl-PL","@id":"https:\/\/gaudiumetspes-blog.pl\/#\/schema\/person\/image\/","url":"https:\/\/gaudiumetspes-blog.pl\/wp-content\/uploads\/2019\/07\/avatar-JJ-150x150.jpg","contentUrl":"https:\/\/gaudiumetspes-blog.pl\/wp-content\/uploads\/2019\/07\/avatar-JJ-150x150.jpg","caption":"Ks. Jacek"},"description":"Witam serdecznie! K\u0142ania si\u0119 Ks. Jacek Ja\u015bkowski. Nie jestem ani kim\u015b wa\u017cnym, ani kim\u015b znanym. Jestem ksi\u0119dzem, kt\u00f3ry po prostu chce rozmawia\u0107. Codzienna kap\u0142a\u0144ska pos\u0142uga pokazuje mi, \u017ce temat\u00f3w do rozm\u00f3w z ksi\u0119dzem jest coraz wi\u0119cej i dzisiaj \u017caden ksi\u0105dz nie mo\u017ce od nich ucieka\u0107, ale - wprost przeciwnie - podejmowa\u0107 nowe wyzwania. To przekonanie sk\u0142oni\u0142o mnie do pr\u00f3by otwarcia tego\u017c bloga, chocia\u017c okazji do rozm\u00f3w na co dzie\u0144 - w konfesjonale i poza nim - na szcz\u0119\u015bcie nie brakuje. My\u015bl\u0119 jednak, \u017ce ten blog b\u0119dzie jeszcze jednym sposobem i przestrzeni\u0105 nawi\u0105zania kontaktu z lud\u017ami dobrej woli, otwartymi na dialog.","url":"https:\/\/gaudiumetspes-blog.pl\/index.php\/author\/ks-jacek\/"}]}},"jetpack_featured_media_url":"","jetpack_sharing_enabled":true,"_links":{"self":[{"href":"https:\/\/gaudiumetspes-blog.pl\/index.php\/wp-json\/wp\/v2\/posts\/15680","targetHints":{"allow":["GET"]}}],"collection":[{"href":"https:\/\/gaudiumetspes-blog.pl\/index.php\/wp-json\/wp\/v2\/posts"}],"about":[{"href":"https:\/\/gaudiumetspes-blog.pl\/index.php\/wp-json\/wp\/v2\/types\/post"}],"author":[{"embeddable":true,"href":"https:\/\/gaudiumetspes-blog.pl\/index.php\/wp-json\/wp\/v2\/users\/1"}],"replies":[{"embeddable":true,"href":"https:\/\/gaudiumetspes-blog.pl\/index.php\/wp-json\/wp\/v2\/comments?post=15680"}],"version-history":[{"count":1,"href":"https:\/\/gaudiumetspes-blog.pl\/index.php\/wp-json\/wp\/v2\/posts\/15680\/revisions"}],"predecessor-version":[{"id":15681,"href":"https:\/\/gaudiumetspes-blog.pl\/index.php\/wp-json\/wp\/v2\/posts\/15680\/revisions\/15681"}],"wp:attachment":[{"href":"https:\/\/gaudiumetspes-blog.pl\/index.php\/wp-json\/wp\/v2\/media?parent=15680"}],"wp:term":[{"taxonomy":"category","embeddable":true,"href":"https:\/\/gaudiumetspes-blog.pl\/index.php\/wp-json\/wp\/v2\/categories?post=15680"},{"taxonomy":"post_tag","embeddable":true,"href":"https:\/\/gaudiumetspes-blog.pl\/index.php\/wp-json\/wp\/v2\/tags?post=15680"}],"curies":[{"name":"wp","href":"https:\/\/api.w.org\/{rel}","templated":true}]}}