{"id":15730,"date":"2019-09-02T05:33:12","date_gmt":"2019-09-02T03:33:12","guid":{"rendered":"https:\/\/gaudiumetspes-blog.pl\/?p=15730"},"modified":"2019-09-02T05:33:12","modified_gmt":"2019-09-02T03:33:12","slug":"uwierzyc-tajemnicy","status":"publish","type":"post","link":"https:\/\/gaudiumetspes-blog.pl\/index.php\/2019\/09\/02\/uwierzyc-tajemnicy\/","title":{"rendered":"Uwierzy\u0107 Tajemnicy&#8230;"},"content":{"rendered":"<p align=\"justify\"><span style=\"color: #000000;\"><span style=\"font-family: Book Antiqua, serif;\"><span style=\"font-size: large;\">Szcz\u0119\u015b\u0107 Bo\u017ce! Moi Drodzy, w dniu dzisiejszym <b>urodziny prze\u017cywa m\u00f3j Chrze\u015bniak, Pawe\u0142 Mochnacz. \u017bycz\u0119 Mu, aby wszystko sobie w \u017cyciu poustawia\u0142 po my\u015bli Bo\u017cej. I o to b\u0119d\u0119 si\u0119 dla Niego dzisiaj \u2013 i nie tylko dzisiaj \u2013 modli\u0142.<\/b><\/span><\/span><\/span><\/p>\n<p align=\"justify\"><span style=\"color: #000000;\"><span style=\"font-family: Book Antiqua, serif;\"><span style=\"font-size: large;\">Niech Pan nam wszystkim da dzisiaj jak najwi\u0119cej swoich natchnie\u0144 i \u015bwiate\u0142 do jak najpi\u0119kniejszego prze\u017cycia dzisiejszego dnia!<\/span><\/span><\/span><\/p>\n<p align=\"center\"><span style=\"color: #000000;\"><span style=\"font-family: Book Antiqua, serif;\"><span style=\"font-size: large;\">Gaudium et spes! Ks. Jacek<\/span><\/span><\/span><\/p>\n<p align=\"center\">\n<p align=\"center\">\n<p align=\"center\">\n<p align=\"center\">\n<p align=\"center\">\n<p align=\"justify\"><span style=\"color: #000000;\"><span style=\"font-family: Book Antiqua, serif;\"><span style=\"font-size: large;\"><b>Poniedzia\u0142ek 22 Tygodnia zwyk\u0142ego, rok I,<\/b><\/span><\/span><\/span><\/p>\n<p align=\"justify\"><span style=\"color: #000000;\"><span style=\"font-family: Book Antiqua, serif;\"><span style=\"font-size: large;\"><b>do czyta\u0144: 1 Tes 4,13\u201318; \u0141k 4,16\u201330<\/b><\/span><\/span><\/span><\/p>\n<p align=\"justify\">\n<p align=\"justify\">\n<p align=\"justify\">\n<p align=\"justify\">\n<p align=\"justify\">\n<p align=\"justify\"><span style=\"color: #000000;\"><span style=\"font-family: Book Antiqua, serif;\"><span style=\"font-size: large;\"><b>CZYTANIE Z PIERWSZEGO LISTU \u015aWI\u0118TEGO PAW\u0141A APOSTO\u0141A DO TESALONICZAN:<\/b><\/span><\/span><\/span><\/p>\n<p align=\"justify\"><span style=\"color: #000000;\"><span style=\"font-family: Book Antiqua, serif;\"><span style=\"font-size: large;\"><b>Nie chcemy, bracia, waszego trwania w niewiedzy co do tych, kt\u00f3rzy umieraj\u0105, aby\u015bcie si\u0119 nie smucili jak wszyscy ci, kt\u00f3rzy nie maj\u0105 nadziei. Je\u015bli bowiem wierzymy, \u017ce Jezus istotnie umar\u0142 i zmartwychwsta\u0142, to r\u00f3wnie\u017c tych, kt\u00f3rzy umarli w Jezusie, B\u00f3g wyprowadzi wraz z Nim.<\/b><\/span><\/span><\/span><\/p>\n<p align=\"justify\"><span style=\"color: #000000;\"><span style=\"font-family: Book Antiqua, serif;\"><span style=\"font-size: large;\"><b>To bowiem g\u0142osimy wam jako s\u0142owo Pa\u0144skie, \u017ce my, \u017cywi, pozostawieni na przyj\u015bcie Pana, nie wyprzedzimy tych, kt\u00f3rzy pomarli. Sam bowiem Pan zst\u0105pi z nieba na has\u0142o i na g\u0142os archanio\u0142a, i na d\u017awi\u0119k tr\u0105by Bo\u017cej, a zmarli w Chrystusie powstan\u0105 pierwsi. Potem my, \u017cywi i pozostawieni, wraz z nimi b\u0119dziemy porwani w powietrze, na ob\u0142oki naprzeciw Pana, i w ten spos\u00f3b zawsze b\u0119dziemy z Panem. Przeto wzajemnie si\u0119 pocieszajcie tymi s\u0142owami.<\/b><\/span><\/span><\/span><\/p>\n<p align=\"justify\">\n<p align=\"justify\">\n<p align=\"justify\">\n<p align=\"justify\">\n<p align=\"justify\">\n<p align=\"justify\"><span style=\"color: #000000;\"><span style=\"font-family: Book Antiqua, serif;\"><span style=\"font-size: large;\"><b>S\u0141OWA EWANGELII WED\u0141UG \u015aWI\u0118TEGO \u0141UKASZA:<\/b><\/span><\/span><\/span><\/p>\n<p align=\"justify\"><span style=\"color: #000000;\"><span style=\"font-family: Book Antiqua, serif;\"><span style=\"font-size: large;\"><b>Jezus przyszed\u0142 do Nazaretu, gdzie si\u0119 wychowa\u0142. W dzie\u0144 szabatu uda\u0142 si\u0119 swoim zwyczajem do synagogi i powsta\u0142, aby czyta\u0107. Podano Mu Ksi\u0119g\u0119 proroka Izajasza.<\/b><\/span><\/span><\/span><\/p>\n<p align=\"justify\"><span style=\"color: #000000;\"><span style=\"font-family: Book Antiqua, serif;\"><span style=\"font-size: large;\"><b>Rozwin\u0105wszy ksi\u0119g\u0119, natrafi\u0142 na miejsce, gdzie by\u0142o napisane: \u201eDuch Pa\u0144ski spoczywa na Mnie, poniewa\u017c Mnie nama\u015bci\u0142 i pos\u0142a\u0142 Mnie, abym ubogim ni\u00f3s\u0142 dobr\u0105 nowin\u0119, wi\u0119\u017aniom g\u0142osi\u0142 wolno\u015b\u0107, a niewidomym przejrzenie; abym uci\u015bnionych odsy\u0142a\u0142 wolnych, abym obwo\u0142ywa\u0142 rok \u0142aski od Pana\u201d. Zwin\u0105wszy ksi\u0119g\u0119 odda\u0142 s\u0142udze i usiad\u0142; a oczy wszystkich w synagodze by\u0142y w Nim utkwione.<\/b><\/span><\/span><\/span><\/p>\n<p align=\"justify\"><span style=\"color: #000000;\"><span style=\"font-family: Book Antiqua, serif;\"><span style=\"font-size: large;\"><b>Pocz\u0105\u0142 wi\u0119c m\u00f3wi\u0107 do nich: \u201eDzi\u015b spe\u0142ni\u0142y si\u0119 te s\u0142owa Pisma, kt\u00f3re\u015bcie s\u0142yszeli\u201d. <\/b><\/span><\/span><\/span><\/p>\n<p align=\"justify\"><span style=\"color: #000000;\"><span style=\"font-family: Book Antiqua, serif;\"><span style=\"font-size: large;\"><b>A wszyscy przy\u015bwiadczali Mu i dziwili si\u0119 pe\u0142nym wdzi\u0119ku s\u0142owom, kt\u00f3re p\u0142yn\u0119\u0142y z ust Jego. I m\u00f3wili: \u201eCzy nie jest to syn J\u00f3zefa?\u201d<\/b><\/span><\/span><\/span><\/p>\n<p align=\"justify\"><span style=\"color: #000000;\"><span style=\"font-family: Book Antiqua, serif;\"><span style=\"font-size: large;\"><b>Wtedy rzek\u0142 do nich: \u201eZ pewno\u015bci\u0105 powiecie Mi to przys\u0142owie: \u00abLekarzu, ulecz samego siebie\u00bb; dokonaj\u017ce i tu, w swojej ojczy\u017anie tego, co si\u0119 wydarzy\u0142o, jak s\u0142yszeli\u015bmy, w Kafarnaum\u201d.<\/b><\/span><\/span><\/span><\/p>\n<p align=\"justify\"><span style=\"color: #000000;\"><span style=\"font-family: Book Antiqua, serif;\"><span style=\"font-size: large;\"><b>I doda\u0142: \u201eZaprawd\u0119 powiadam wam: \u017baden prorok nie jest mile widziany w swojej ojczy\u017anie. Naprawd\u0119 m\u00f3wi\u0119 wam: Wiele wd\u00f3w by\u0142o w Izraelu za czas\u00f3w Eliasza, kiedy niebo pozostawa\u0142o zamkni\u0119te przez trzy lata i sze\u015b\u0107 miesi\u0119cy, tak \u017ce wielki g\u0142\u00f3d panowa\u0142 w ca\u0142ym kraju; a Eliasz do \u017cadnej z nich nie zosta\u0142 pos\u0142any, tylko do owej wdowy w Sarepcie Sydo\u0144skiej. I wielu tr\u0119dowatych by\u0142o w Izraelu za proroka Elizeusza, a \u017caden z nich nie zosta\u0142 oczyszczony, tylko Syryjczyk Naaman\u201d.<\/b><\/span><\/span><\/span><\/p>\n<p align=\"justify\"><span style=\"color: #000000;\"><span style=\"font-family: Book Antiqua, serif;\"><span style=\"font-size: large;\"><b>Na te s\u0142owa wszyscy w synagodze unie\u015bli si\u0119 gniewem. Porwali Go z miejsca, wyrzucili Go z miasta i wyprowadzili a\u017c na stok g\u00f3ry, na kt\u00f3rej ich miasto by\u0142o zbudowane, aby Go str\u0105ci\u0107.<\/b><\/span><\/span><\/span><\/p>\n<p align=\"justify\"><span style=\"color: #000000;\"><span style=\"font-family: Book Antiqua, serif;\"><span style=\"font-size: large;\"><b>On jednak przeszed\u0142szy po\u015br\u00f3d nich oddali\u0142 si\u0119.<\/b><\/span><\/span><\/span><\/p>\n<p align=\"justify\">\n<p align=\"justify\">\n<p align=\"justify\">\n<p align=\"justify\">\n<p align=\"justify\">\n<p align=\"justify\"><span style=\"color: #000000;\"><span style=\"font-family: Book Antiqua, serif;\"><span style=\"font-size: large;\">Wielka t\u0119sknota Paw\u0142a za <b>ostatecznym spotkaniem z Panem<\/b> spowodowa\u0142a, \u017ce w jego dzisiejszej wypowiedzi mo\u017cna si\u0119 doszuka\u0107 takiego oto przekazu, i\u017c <b>Paruzja, <\/b>czyli powt\u00f3rne przyj\u015bcie Jezusa na \u015bwiat \u2013 tym razem, na S\u0105d Ostateczny \u2013 dokona si\u0119 <b>w najbli\u017cszej przysz\u0142o\u015bci.<\/b> By\u0107 mo\u017ce, sam Pawe\u0142 tego doczeka na ziemi, a na pewno <b>doczeka tego wi\u0119kszo\u015b\u0107 Tesaloniczan, <\/b>do kt\u00f3rych si\u0119 zwraca. <\/span><\/span><\/span><\/p>\n<p align=\"justify\"><span style=\"color: #000000;\"><span style=\"font-family: Book Antiqua, serif;\"><span style=\"font-size: large;\">Takie mo\u017cna odnie\u015b\u0107 wra\u017cenie, szczeg\u00f3lnie s\u0142uchaj\u0105c s\u0142\u00f3w: <i><b>To bowiem g\u0142osimy wam jako s\u0142owo Pa\u0144skie, \u017ce my, \u017cywi, pozostawieni na przyj\u015bcie Pana, nie wyprzedzimy tych, kt\u00f3rzy pomarli.<\/b><\/i><i> <\/i>A potem jeszcze tych, w kt\u00f3rych Aposto\u0142 pos\u0142uguje si\u0119 obrazami, zaliczanymi przez komentator\u00f3w biblijnych do popularnego w czasach Aposto\u0142a gatunku literackiego, jakim jest <b>apokalipsa.<\/b> S\u0142yszymy bowiem, \u017ce <i><b>sam<\/b><\/i><b> [\u2026] <\/b><i><b>Pan zst\u0105pi z nieba na has\u0142o i na g\u0142os archanio\u0142a, i na d\u017awi\u0119k tr\u0105by Bo\u017cej\u2026 <\/b><\/i><\/span><\/span><\/span><\/p>\n<p align=\"justify\"><span style=\"color: #000000;\"><span style=\"font-family: Book Antiqua, serif;\"><span style=\"font-size: large;\">W\u0142a\u015bnie takie obrazy, jak <i><b>g\u0142os archanio\u0142a,<\/b><\/i> czy te\u017c <i><b>d\u017awi\u0119k tr\u0105by Bo\u017cej <\/b><\/i>\u2013 to s\u0105 w\u0142a\u015bnie obrazy charakterystyczne dla tego gatunku. Zastosowanie ich tu, w po\u0142\u0105czeniu ze stwierdzeniami, \u017ce po pojawieniu si\u0119 owych znak\u00f3w, <i><b>zmarli w Chrystusie powstan\u0105 pierwsi. Potem my, \u017cywi i pozostawieni, wraz z nimi b\u0119dziemy porwani w powietrze, na ob\u0142oki naprzeciw Pana, i w ten spos\u00f3b zawsze b\u0119dziemy z Panem<\/b><\/i><b> \u2013 <\/b>mo\u017ce sprawia\u0107 wra\u017cenie, \u017ce to nast\u0105pi ju\u017c wkr\u00f3tce, dos\u0142ownie: <b>zaraz, za chwil\u0119!<\/b> <\/span><\/span><\/span><\/p>\n<p align=\"justify\"><span style=\"color: #000000;\"><span style=\"font-family: Book Antiqua, serif;\"><span style=\"font-size: large;\">Tymczasem owo: <i><b>my,<\/b><\/i> <i><b>\u017cywi i pozostawieni <\/b><\/i>\u2013 jak uwa\u017caj\u0105 komentatorzy biblijni \u2013 wcale nie musi oznacza\u0107 samego Paw\u0142a i jemu wsp\u00f3\u0142czesnych, ale <b>po prostu chrze\u015bcijan!<\/b> Bez wzgl\u0119du na czas i miejsce ich \u017cycia na ziemi. W innych bowiem swoich wypowiedziach Pawe\u0142 niejednokrotnie zaznacza\u0142, \u017ce dzie\u0144 ostatecznego przyj\u015bcia Pana <b>nie jest ludziom znany,<\/b> wyra\u017ca\u0142 tak\u017ce przekonanie, \u017ce on sam umrze, <b>zanim jeszcze nast\u0105pi<\/b> ostateczne przyj\u015bcie Pana. <\/span><\/span><\/span><\/p>\n<p align=\"justify\"><span style=\"color: #000000;\"><span style=\"font-family: Book Antiqua, serif;\"><span style=\"font-size: large;\">Natomiast to dzisiejsze pouczenie, jakie s\u0142yszymy w pierwszym czytaniu, wynika\u0142o st\u0105d, \u017ce Tesaloniczanie, przekonani o bardzo bliskim przyj\u015bciu Pana, okazywali pewne <b>zaniepokojenie i dezorientacj\u0119,<\/b> spowodowan\u0105 tym, \u017ce widzieli stopniowe odchodzenie z tego \u015bwiata kolejnych swoich wsp\u00f3\u0142wyznawc\u00f3w, <b>a dzie\u0144 przyj\u015bcia Pana nie nast\u0119powa\u0142!<\/b> <\/span><\/span><\/span><\/p>\n<p align=\"justify\"><span style=\"color: #000000;\"><span style=\"font-family: Book Antiqua, serif;\"><span style=\"font-size: large;\">Dlatego Pawe\u0142 stara\u0142 si\u0119 <b>porz\u0105dkowa\u0107 ich my\u015blenie i spojrzenie<\/b> \u2013 i dlatego stwierdzi\u0142, i\u017c owi umarli stan\u0105 przed Panem jako pierwsi, potem za\u015b ci, kt\u00f3rych \u00f3w dzie\u0144 zastanie na tym \u015bwiecie. Oczywi\u015bcie, tego pouczenia tak\u017ce <b>nie powinni\u015bmy bra\u0107 literalnie,<\/b> bo widzimy, \u017ce od czasu jego napisania min\u0119\u0142o dwa tysi\u0105ce lat, tylu ludzi umar\u0142o, a dzie\u0144 Paruzji nie nast\u0105pi\u0142. Co nie oznacza, \u017ce nie mo\u017ce <b>nast\u0105pi\u0107 cho\u0107by za chwil\u0119\u2026<\/b> <\/span><\/span><\/span><\/p>\n<p align=\"justify\"><span style=\"color: #000000;\"><span style=\"font-family: Book Antiqua, serif;\"><span style=\"font-size: large;\">Dlatego nie w tym rzecz, \u017ceby docieka\u0107, jak i kiedy to si\u0119 stanie, kiedy nast\u0105pi ostateczne przyj\u015bcie Pana, czy w jakich dok\u0142adnie okoliczno\u015bciach \u2013 tylko po prostu <b>by\u0107 na nie zawsze gotowym! Zawsze!<\/b><\/span><\/span><\/span><\/p>\n<p align=\"justify\"><span style=\"color: #000000;\"><span style=\"font-family: Book Antiqua, serif;\"><span style=\"font-size: large;\">Podobnie, jak mieszka\u0144cy Nazaretu nie mieli docieka\u0107 i roztrz\u0105sa\u0107 , <i><b>czy nie jest to syn J\u00f3zefa,<\/b><\/i><b> <\/b>ale pos\u0142ucha\u0107, co chce im powiedzie\u0107, czego chce ich nauczy\u0107. Tymczasem wiemy, \u017ce w\u0142a\u015bnie ta <b>bliska<\/b> <b>znajomo\u015b\u0107 z Jezusem,<\/b> jako ich Rodakiem, S\u0105siadem, Koleg\u0105 \u2013 oraz z Jego rodzin\u0105 \u2013 dla wielu z nich<b> okaza\u0142a si\u0119 <\/b><b>skuteczn\u0105 <\/b><b>przeszkod\u0105<\/b> w przyj\u0119ciu Jego nauki i w dostrze\u017ceniu w Nim Mesjasza\u2026 <\/span><\/span><\/span><\/p>\n<p align=\"justify\"><span style=\"color: #000000;\"><span style=\"font-family: Book Antiqua, serif;\"><span style=\"font-size: large;\">To wszystko, moi Drodzy, jest dla nas lekcj\u0105, aby\u015bmy \u2013 owszem \u2013 <b>snuli intelektualne dociekania<\/b> i stawiali odwa\u017cne pytania zar\u00f3wno <b>Jezusowi, jak i o Jezusa,<\/b> ale \u017ceby\u015bmy w tym wszystkim <b>nie zapomnieli\u2026 uwierzy\u0107 w Niego!<\/b> \u017beby\u015bmy te\u017c zostawili jak\u0105\u015b przestrze\u0144 na te pytania, na kt\u00f3re <b>nie znajdziemy<\/b> prostej intelektualnej odpowiedzi, albo na te dylematy, na kt\u00f3re jedyn\u0105 odpowiedzi\u0105 b\u0119dzie <b>w\u0142a\u015bnie wiara.<\/b> <\/span><\/span><\/span><\/p>\n<p align=\"justify\"><span style=\"color: #000000;\"><span style=\"font-family: Book Antiqua, serif;\"><span style=\"font-size: large;\">A tak\u0105 przestrze\u0144 winni\u015bmy jednak pozostawi\u0107 i zachowa\u0107\u2026 Ludzkie bowiem dociekania i dywagacje \u2013 cho\u0107 cz\u0119sto naprawd\u0119 pasjonuj\u0105ce i wci\u0105gaj\u0105ce \u2013 <b>nie mog\u0105 stan\u0105\u0107 nam na przeszkodzie<\/b> w zbli\u017ceniu si\u0119 do Jezusa i w pe\u0142nym zjednoczeniu si\u0119 z Nim. Aby\u015bmy mieli odwag\u0119 w to, czego teraz nie jeste\u015bmy w stanie po ludzku zrozumie\u0107 \u2013 <b>po prostu uwierzy\u0107! <\/b><\/span><\/span><\/span><\/p>\n<p align=\"justify\"><span style=\"color: #000000;\"><span style=\"font-family: Book Antiqua, serif;\"><span style=\"font-size: large;\">Czy mam tak\u0105 odwag\u0119?\u2026 Czy w og\u00f3le dopuszczam tak\u0105 mo\u017cliwo\u015b\u0107 \u2013 czy jednak <b>wszystko musz\u0119 mie\u0107 jasno wy\u0142o\u017cone<\/b> i do ko\u0144ca logicznie wyt\u0142umaczone \u2013 i nie widz\u0119 \u017cadnej przestrzeni dla Tajemnicy?\u2026 Czy mam odwag\u0119 <b>uwierzy\u0107 Tajemnicy?\u2026<\/b><\/span><\/span><\/span><\/p>\n","protected":false},"excerpt":{"rendered":"<p>Szcz\u0119\u015b\u0107 Bo\u017ce! Moi Drodzy, w dniu dzisiejszym urodziny prze\u017cywa m\u00f3j Chrze\u015bniak, Pawe\u0142 Mochnacz. \u017bycz\u0119 Mu, aby wszystko sobie w \u017cyciu poustawia\u0142 po my\u015bli Bo\u017cej. I o to b\u0119d\u0119 si\u0119 dla Niego dzisiaj \u2013 i nie tylko dzisiaj \u2013 modli\u0142. Niech Pan nam wszystkim da dzisiaj jak najwi\u0119cej swoich natchnie\u0144 i \u015bwiate\u0142 do jak najpi\u0119kniejszego prze\u017cycia [&hellip;]<\/p>\n","protected":false},"author":1,"featured_media":0,"comment_status":"open","ping_status":"open","sticky":false,"template":"","format":"standard","meta":{"jetpack_post_was_ever_published":false,"_jetpack_newsletter_access":"","_jetpack_dont_email_post_to_subs":false,"_jetpack_newsletter_tier_id":0,"_jetpack_memberships_contains_paywalled_content":false,"_jetpack_memberships_contains_paid_content":false,"footnotes":""},"categories":[1],"tags":[],"class_list":["post-15730","post","type-post","status-publish","format-standard","hentry","category-bez-kategorii"],"yoast_head":"<!-- This site is optimized with the Yoast SEO plugin v25.1 - https:\/\/yoast.com\/wordpress\/plugins\/seo\/ -->\n<title>Uwierzy\u0107 Tajemnicy... - Gaudium Et Spes<\/title>\n<meta name=\"robots\" content=\"index, follow, max-snippet:-1, max-image-preview:large, max-video-preview:-1\" \/>\n<link rel=\"canonical\" href=\"https:\/\/gaudiumetspes-blog.pl\/index.php\/2019\/09\/02\/uwierzyc-tajemnicy\/\" \/>\n<meta property=\"og:locale\" content=\"pl_PL\" \/>\n<meta property=\"og:type\" content=\"article\" \/>\n<meta property=\"og:title\" content=\"Uwierzy\u0107 Tajemnicy... - Gaudium Et Spes\" \/>\n<meta property=\"og:description\" content=\"Szcz\u0119\u015b\u0107 Bo\u017ce! Moi Drodzy, w dniu dzisiejszym urodziny prze\u017cywa m\u00f3j Chrze\u015bniak, Pawe\u0142 Mochnacz. \u017bycz\u0119 Mu, aby wszystko sobie w \u017cyciu poustawia\u0142 po my\u015bli Bo\u017cej. I o to b\u0119d\u0119 si\u0119 dla Niego dzisiaj \u2013 i nie tylko dzisiaj \u2013 modli\u0142. Niech Pan nam wszystkim da dzisiaj jak najwi\u0119cej swoich natchnie\u0144 i \u015bwiate\u0142 do jak najpi\u0119kniejszego prze\u017cycia [&hellip;]\" \/>\n<meta property=\"og:url\" content=\"https:\/\/gaudiumetspes-blog.pl\/index.php\/2019\/09\/02\/uwierzyc-tajemnicy\/\" \/>\n<meta property=\"og:site_name\" content=\"Gaudium Et Spes\" \/>\n<meta property=\"article:published_time\" content=\"2019-09-02T03:33:12+00:00\" \/>\n<meta name=\"author\" content=\"Ks. Jacek\" \/>\n<meta name=\"twitter:card\" content=\"summary_large_image\" \/>\n<meta name=\"twitter:label1\" content=\"Napisane przez\" \/>\n\t<meta name=\"twitter:data1\" content=\"Ks. Jacek\" \/>\n\t<meta name=\"twitter:label2\" content=\"Szacowany czas czytania\" \/>\n\t<meta name=\"twitter:data2\" content=\"7 minut\" \/>\n<script type=\"application\/ld+json\" class=\"yoast-schema-graph\">{\"@context\":\"https:\/\/schema.org\",\"@graph\":[{\"@type\":\"WebPage\",\"@id\":\"https:\/\/gaudiumetspes-blog.pl\/index.php\/2019\/09\/02\/uwierzyc-tajemnicy\/\",\"url\":\"https:\/\/gaudiumetspes-blog.pl\/index.php\/2019\/09\/02\/uwierzyc-tajemnicy\/\",\"name\":\"Uwierzy\u0107 Tajemnicy... - Gaudium Et Spes\",\"isPartOf\":{\"@id\":\"https:\/\/gaudiumetspes-blog.pl\/#website\"},\"datePublished\":\"2019-09-02T03:33:12+00:00\",\"author\":{\"@id\":\"https:\/\/gaudiumetspes-blog.pl\/#\/schema\/person\/1661982992b752dea8dff0d4ed845a65\"},\"breadcrumb\":{\"@id\":\"https:\/\/gaudiumetspes-blog.pl\/index.php\/2019\/09\/02\/uwierzyc-tajemnicy\/#breadcrumb\"},\"inLanguage\":\"pl-PL\",\"potentialAction\":[{\"@type\":\"ReadAction\",\"target\":[\"https:\/\/gaudiumetspes-blog.pl\/index.php\/2019\/09\/02\/uwierzyc-tajemnicy\/\"]}]},{\"@type\":\"BreadcrumbList\",\"@id\":\"https:\/\/gaudiumetspes-blog.pl\/index.php\/2019\/09\/02\/uwierzyc-tajemnicy\/#breadcrumb\",\"itemListElement\":[{\"@type\":\"ListItem\",\"position\":1,\"name\":\"Strona g\u0142\u00f3wna\",\"item\":\"https:\/\/gaudiumetspes-blog.pl\/\"},{\"@type\":\"ListItem\",\"position\":2,\"name\":\"Uwierzy\u0107 Tajemnicy&#8230;\"}]},{\"@type\":\"WebSite\",\"@id\":\"https:\/\/gaudiumetspes-blog.pl\/#website\",\"url\":\"https:\/\/gaudiumetspes-blog.pl\/\",\"name\":\"Gaudium Et Spes\",\"description\":\"Blog Ks. Jacka Ja\u015bkowskiego\",\"potentialAction\":[{\"@type\":\"SearchAction\",\"target\":{\"@type\":\"EntryPoint\",\"urlTemplate\":\"https:\/\/gaudiumetspes-blog.pl\/?s={search_term_string}\"},\"query-input\":{\"@type\":\"PropertyValueSpecification\",\"valueRequired\":true,\"valueName\":\"search_term_string\"}}],\"inLanguage\":\"pl-PL\"},{\"@type\":\"Person\",\"@id\":\"https:\/\/gaudiumetspes-blog.pl\/#\/schema\/person\/1661982992b752dea8dff0d4ed845a65\",\"name\":\"Ks. Jacek\",\"image\":{\"@type\":\"ImageObject\",\"inLanguage\":\"pl-PL\",\"@id\":\"https:\/\/gaudiumetspes-blog.pl\/#\/schema\/person\/image\/\",\"url\":\"https:\/\/gaudiumetspes-blog.pl\/wp-content\/uploads\/2019\/07\/avatar-JJ-150x150.jpg\",\"contentUrl\":\"https:\/\/gaudiumetspes-blog.pl\/wp-content\/uploads\/2019\/07\/avatar-JJ-150x150.jpg\",\"caption\":\"Ks. Jacek\"},\"description\":\"Witam serdecznie! K\u0142ania si\u0119 Ks. Jacek Ja\u015bkowski. Nie jestem ani kim\u015b wa\u017cnym, ani kim\u015b znanym. Jestem ksi\u0119dzem, kt\u00f3ry po prostu chce rozmawia\u0107. Codzienna kap\u0142a\u0144ska pos\u0142uga pokazuje mi, \u017ce temat\u00f3w do rozm\u00f3w z ksi\u0119dzem jest coraz wi\u0119cej i dzisiaj \u017caden ksi\u0105dz nie mo\u017ce od nich ucieka\u0107, ale - wprost przeciwnie - podejmowa\u0107 nowe wyzwania. To przekonanie sk\u0142oni\u0142o mnie do pr\u00f3by otwarcia tego\u017c bloga, chocia\u017c okazji do rozm\u00f3w na co dzie\u0144 - w konfesjonale i poza nim - na szcz\u0119\u015bcie nie brakuje. My\u015bl\u0119 jednak, \u017ce ten blog b\u0119dzie jeszcze jednym sposobem i przestrzeni\u0105 nawi\u0105zania kontaktu z lud\u017ami dobrej woli, otwartymi na dialog.\",\"url\":\"https:\/\/gaudiumetspes-blog.pl\/index.php\/author\/ks-jacek\/\"}]}<\/script>\n<!-- \/ Yoast SEO plugin. -->","yoast_head_json":{"title":"Uwierzy\u0107 Tajemnicy... - Gaudium Et Spes","robots":{"index":"index","follow":"follow","max-snippet":"max-snippet:-1","max-image-preview":"max-image-preview:large","max-video-preview":"max-video-preview:-1"},"canonical":"https:\/\/gaudiumetspes-blog.pl\/index.php\/2019\/09\/02\/uwierzyc-tajemnicy\/","og_locale":"pl_PL","og_type":"article","og_title":"Uwierzy\u0107 Tajemnicy... - Gaudium Et Spes","og_description":"Szcz\u0119\u015b\u0107 Bo\u017ce! Moi Drodzy, w dniu dzisiejszym urodziny prze\u017cywa m\u00f3j Chrze\u015bniak, Pawe\u0142 Mochnacz. \u017bycz\u0119 Mu, aby wszystko sobie w \u017cyciu poustawia\u0142 po my\u015bli Bo\u017cej. I o to b\u0119d\u0119 si\u0119 dla Niego dzisiaj \u2013 i nie tylko dzisiaj \u2013 modli\u0142. Niech Pan nam wszystkim da dzisiaj jak najwi\u0119cej swoich natchnie\u0144 i \u015bwiate\u0142 do jak najpi\u0119kniejszego prze\u017cycia [&hellip;]","og_url":"https:\/\/gaudiumetspes-blog.pl\/index.php\/2019\/09\/02\/uwierzyc-tajemnicy\/","og_site_name":"Gaudium Et Spes","article_published_time":"2019-09-02T03:33:12+00:00","author":"Ks. Jacek","twitter_card":"summary_large_image","twitter_misc":{"Napisane przez":"Ks. Jacek","Szacowany czas czytania":"7 minut"},"schema":{"@context":"https:\/\/schema.org","@graph":[{"@type":"WebPage","@id":"https:\/\/gaudiumetspes-blog.pl\/index.php\/2019\/09\/02\/uwierzyc-tajemnicy\/","url":"https:\/\/gaudiumetspes-blog.pl\/index.php\/2019\/09\/02\/uwierzyc-tajemnicy\/","name":"Uwierzy\u0107 Tajemnicy... - Gaudium Et Spes","isPartOf":{"@id":"https:\/\/gaudiumetspes-blog.pl\/#website"},"datePublished":"2019-09-02T03:33:12+00:00","author":{"@id":"https:\/\/gaudiumetspes-blog.pl\/#\/schema\/person\/1661982992b752dea8dff0d4ed845a65"},"breadcrumb":{"@id":"https:\/\/gaudiumetspes-blog.pl\/index.php\/2019\/09\/02\/uwierzyc-tajemnicy\/#breadcrumb"},"inLanguage":"pl-PL","potentialAction":[{"@type":"ReadAction","target":["https:\/\/gaudiumetspes-blog.pl\/index.php\/2019\/09\/02\/uwierzyc-tajemnicy\/"]}]},{"@type":"BreadcrumbList","@id":"https:\/\/gaudiumetspes-blog.pl\/index.php\/2019\/09\/02\/uwierzyc-tajemnicy\/#breadcrumb","itemListElement":[{"@type":"ListItem","position":1,"name":"Strona g\u0142\u00f3wna","item":"https:\/\/gaudiumetspes-blog.pl\/"},{"@type":"ListItem","position":2,"name":"Uwierzy\u0107 Tajemnicy&#8230;"}]},{"@type":"WebSite","@id":"https:\/\/gaudiumetspes-blog.pl\/#website","url":"https:\/\/gaudiumetspes-blog.pl\/","name":"Gaudium Et Spes","description":"Blog Ks. Jacka Ja\u015bkowskiego","potentialAction":[{"@type":"SearchAction","target":{"@type":"EntryPoint","urlTemplate":"https:\/\/gaudiumetspes-blog.pl\/?s={search_term_string}"},"query-input":{"@type":"PropertyValueSpecification","valueRequired":true,"valueName":"search_term_string"}}],"inLanguage":"pl-PL"},{"@type":"Person","@id":"https:\/\/gaudiumetspes-blog.pl\/#\/schema\/person\/1661982992b752dea8dff0d4ed845a65","name":"Ks. Jacek","image":{"@type":"ImageObject","inLanguage":"pl-PL","@id":"https:\/\/gaudiumetspes-blog.pl\/#\/schema\/person\/image\/","url":"https:\/\/gaudiumetspes-blog.pl\/wp-content\/uploads\/2019\/07\/avatar-JJ-150x150.jpg","contentUrl":"https:\/\/gaudiumetspes-blog.pl\/wp-content\/uploads\/2019\/07\/avatar-JJ-150x150.jpg","caption":"Ks. Jacek"},"description":"Witam serdecznie! K\u0142ania si\u0119 Ks. Jacek Ja\u015bkowski. Nie jestem ani kim\u015b wa\u017cnym, ani kim\u015b znanym. Jestem ksi\u0119dzem, kt\u00f3ry po prostu chce rozmawia\u0107. Codzienna kap\u0142a\u0144ska pos\u0142uga pokazuje mi, \u017ce temat\u00f3w do rozm\u00f3w z ksi\u0119dzem jest coraz wi\u0119cej i dzisiaj \u017caden ksi\u0105dz nie mo\u017ce od nich ucieka\u0107, ale - wprost przeciwnie - podejmowa\u0107 nowe wyzwania. To przekonanie sk\u0142oni\u0142o mnie do pr\u00f3by otwarcia tego\u017c bloga, chocia\u017c okazji do rozm\u00f3w na co dzie\u0144 - w konfesjonale i poza nim - na szcz\u0119\u015bcie nie brakuje. My\u015bl\u0119 jednak, \u017ce ten blog b\u0119dzie jeszcze jednym sposobem i przestrzeni\u0105 nawi\u0105zania kontaktu z lud\u017ami dobrej woli, otwartymi na dialog.","url":"https:\/\/gaudiumetspes-blog.pl\/index.php\/author\/ks-jacek\/"}]}},"jetpack_featured_media_url":"","jetpack_sharing_enabled":true,"_links":{"self":[{"href":"https:\/\/gaudiumetspes-blog.pl\/index.php\/wp-json\/wp\/v2\/posts\/15730","targetHints":{"allow":["GET"]}}],"collection":[{"href":"https:\/\/gaudiumetspes-blog.pl\/index.php\/wp-json\/wp\/v2\/posts"}],"about":[{"href":"https:\/\/gaudiumetspes-blog.pl\/index.php\/wp-json\/wp\/v2\/types\/post"}],"author":[{"embeddable":true,"href":"https:\/\/gaudiumetspes-blog.pl\/index.php\/wp-json\/wp\/v2\/users\/1"}],"replies":[{"embeddable":true,"href":"https:\/\/gaudiumetspes-blog.pl\/index.php\/wp-json\/wp\/v2\/comments?post=15730"}],"version-history":[{"count":1,"href":"https:\/\/gaudiumetspes-blog.pl\/index.php\/wp-json\/wp\/v2\/posts\/15730\/revisions"}],"predecessor-version":[{"id":15731,"href":"https:\/\/gaudiumetspes-blog.pl\/index.php\/wp-json\/wp\/v2\/posts\/15730\/revisions\/15731"}],"wp:attachment":[{"href":"https:\/\/gaudiumetspes-blog.pl\/index.php\/wp-json\/wp\/v2\/media?parent=15730"}],"wp:term":[{"taxonomy":"category","embeddable":true,"href":"https:\/\/gaudiumetspes-blog.pl\/index.php\/wp-json\/wp\/v2\/categories?post=15730"},{"taxonomy":"post_tag","embeddable":true,"href":"https:\/\/gaudiumetspes-blog.pl\/index.php\/wp-json\/wp\/v2\/tags?post=15730"}],"curies":[{"name":"wp","href":"https:\/\/api.w.org\/{rel}","templated":true}]}}