{"id":15784,"date":"2019-09-08T05:36:12","date_gmt":"2019-09-08T03:36:12","guid":{"rendered":"https:\/\/gaudiumetspes-blog.pl\/?p=15784"},"modified":"2019-09-07T12:56:48","modified_gmt":"2019-09-07T10:56:48","slug":"kto-nie-wyrzeka-sie-wszystkiego","status":"publish","type":"post","link":"https:\/\/gaudiumetspes-blog.pl\/index.php\/2019\/09\/08\/kto-nie-wyrzeka-sie-wszystkiego\/","title":{"rendered":"Kto nie wyrzeka si\u0119 wszystkiego&#8230;"},"content":{"rendered":"<p align=\"justify\"><span style=\"color: #000000;\"><span style=\"font-family: Book Antiqua, serif;\"><span style=\"font-size: large;\">Niech b\u0119dzie pochwalony Jezus Chrystus! A to niespodzianka! S\u0142\u00f3wko z Syberii \u2013 w nowej ods\u0142onie! Dzi\u0119kujemy za to podw\u00f3jne autorstwo, a Ksi\u0119dza Paw\u0142a witamy na pok\u0142adzie! Ogarniamy modlitw\u0105 Jego pos\u0142ug\u0119, a tak\u017ce wszystkie sprawy, o kt\u00f3rych pisa\u0142 Ksi\u0105dz Marek, Bo\u017cemu za\u015b mi\u0142osierdziu polecamy obie Osoby zmar\u0142e. Niech Pan da im cieszy\u0107 si\u0119 Niebem, do kt\u00f3rego tak solidnie si\u0119 przygotowywa\u0142y. Modlimy si\u0119 o pozwolenie na budow\u0119 domu parafialnego w Surgucie i o szcz\u0119\u015bliwy przebieg pracy remontowych w Koga\u0142ymie.<\/span><\/span><\/span><\/p>\n<p align=\"justify\"><span style=\"color: #000000;\"><span style=\"font-family: Book Antiqua, serif;\"><span style=\"font-size: large;\">Moi Drodzy, <b>wczoraj imieniny prze\u017cywa\u0142a Pani Regina Gromo\u0142, do ko\u0144ca sierpnia \u2013 Dyrektor Liceum im. Lelewela w \u017belechowie. Kilka dni temu odby\u0142a si\u0119 uroczysto\u015b\u0107 podzi\u0119kowania Pani Dyrektor za czterdzie\u015bci lat pracy jako Nauczyciela, w tym dwana\u015bcie \u2013 jako Dyrektora. <\/b><b>\u017byczymy, aby emerytura by\u0142a czasem takiej samej, jak dot\u0105d, tw\u00f3rczej aktywno\u015bci \u2013 dla dobra ludzi, na kt\u00f3rych Pani Dyrektor jest tak bardzo otwarta. Ze swej strony \u2013 zapewniam o modlitwie!<\/b><\/span><\/span><\/span><\/p>\n<p align=\"justify\"><span style=\"color: #000000;\"><span style=\"font-family: Book Antiqua, serif;\"><span style=\"font-size: large;\">A ja \u2013 jak w ka\u017cd\u0105 niedziel\u0119 teraz \u2013 pozdrawiam z Samogoszczy. I \u017cycz\u0119 Wszystkim pi\u0119knej niedzieli! <b>Niech Was b\u0142ogos\u0142awi B\u00f3g Wszechmog\u0105cy: Ojciec + i Syn, i Duch \u015awi\u0119ty. Amen<\/b><\/span><\/span><\/span><\/p>\n<p align=\"center\"><span style=\"color: #000000;\"><span style=\"font-family: Book Antiqua, serif;\"><span style=\"font-size: large;\">Gaudium et spes! Ks. Jacek<\/span><\/span><\/span><\/p>\n<p align=\"center\">\n<p align=\"center\">\n<p align=\"center\">\n<p align=\"center\">\n<p align=\"center\">\n<p align=\"justify\"><span style=\"color: #000000;\"><span style=\"font-family: Book Antiqua, serif;\"><span style=\"font-size: large;\"><b>23 Niedziela zwyk\u0142a, C,<\/b><\/span><\/span><\/span><\/p>\n<p align=\"justify\"><span style=\"color: #000000;\"><span style=\"font-family: Book Antiqua, serif;\"><span style=\"font-size: large;\"><b>do czyta\u0144: Mdr 9,13\u201318b; Flm 9b\u201310.12\u201317; \u0141k 14,25\u201333<\/b><\/span><\/span><\/span><\/p>\n<p align=\"justify\">\n<p align=\"justify\">\n<p align=\"justify\">\n<p align=\"justify\">\n<p align=\"justify\">\n<p align=\"justify\"><span style=\"color: #000000;\"><span style=\"font-family: Book Antiqua, serif;\"><span style=\"font-size: large;\"><b>CZYTANIE Z KSI\u0118GI M\u0104DRO\u015aCI:<\/b><\/span><\/span><\/span><\/p>\n<p align=\"justify\"><span style=\"color: #000000;\"><span style=\"font-family: Book Antiqua, serif;\"><span style=\"font-size: large;\"><b>Kt\u00f3\u017c z ludzi rozezna zamys\u0142 Bo\u017cy albo kt\u00f3\u017c pojmie wol\u0119 Pana? Nie\u015bmia\u0142e s\u0105 my\u015bli \u015bmiertelnik\u00f3w i przewidywania nasze zawodne, bo \u015bmiertelne cia\u0142o przygniata dusz\u0119 i ziemski przybytek obci\u0105\u017ca lotny umys\u0142.<\/b><\/span><\/span><\/span><\/p>\n<p align=\"justify\"><span style=\"color: #000000;\"><span style=\"font-family: Book Antiqua, serif;\"><span style=\"font-size: large;\"><b>Mozolnie odkrywamy rzeczy tej ziemi, z trudem znajdujemy, co mamy pod r\u0119k\u0105, a kt\u00f3\u017c wy\u015bledzi to, co jest na niebie? Kt\u00f3\u017c pozna\u0142 Tw\u00f3j zamys\u0142, gdyby\u015b nie da\u0142 M\u0105dro\u015bci, nie zes\u0142a\u0142 z wysoka \u015awi\u0119tego Ducha swego?<\/b><\/span><\/span><\/span><\/p>\n<p align=\"justify\"><span style=\"color: #000000;\"><span style=\"font-family: Book Antiqua, serif;\"><span style=\"font-size: large;\"><b>I tak \u015bcie\u017cki mieszka\u0144c\u00f3w ziemi sta\u0142y si\u0119 proste, a ludzie poznali, co Tobie przyjemne, a wybawi\u0142a ich M\u0105dro\u015b\u0107.<\/b><\/span><\/span><\/span><\/p>\n<p align=\"justify\">\n<p align=\"justify\">\n<p align=\"justify\">\n<p align=\"justify\">\n<p align=\"justify\">\n<p align=\"justify\"><span style=\"color: #000000;\"><span style=\"font-family: Book Antiqua, serif;\"><span style=\"font-size: large;\"><b>CZYTANIE Z LISTU \u015aWI\u0118TEGO PAW\u0141A APOSTO\u0141A DO FILEMONA:<\/b><\/span><\/span><\/span><\/p>\n<p align=\"justify\"><span style=\"color: #000000;\"><span style=\"font-family: Book Antiqua, serif;\"><span style=\"font-size: large;\"><b>Najdro\u017cszy: Jako stary Pawe\u0142, a teraz jeszcze wi\u0119zie\u0144 Chrystusa Jezusa, prosz\u0119 ci\u0119 za moim dzieckiem, za tym, kt\u00f3rego zrodzi\u0142em w kajdanach, za Onezymem. Jego ci odsy\u0142am; ty za\u015b jego, to jest serce moje, przyjmij do domu. Zamierza\u0142em go trzyma\u0107 przy sobie, aby zamiast ciebie oddawa\u0142 mi us\u0142ugi w kajdanach noszonych dla Ewangelii. Jednak\u017ce postanowi\u0142em nie uczyni\u0107 niczego bez twojej zgody, aby dobry tw\u00f3j czyn by\u0142 nie jakby z musu, ale z dobrej woli. Mo\u017ce bowiem po to oddali\u0142 si\u0119 od ciebie na kr\u00f3tki czas, aby\u015b go odebra\u0142 na zawsze, ju\u017c nie jako niewolnika, lecz wi\u0119cej ni\u017c niewolnika, jako brata umi\u0142owanego. Takim jest on zw\u0142aszcza dla mnie, ile\u017c bardziej dla ciebie zar\u00f3wno w doczesno\u015bci, jak w Panu. Je\u015bli wi\u0119c si\u0119 poczuwasz do \u0142\u0105czno\u015bci ze mn\u0105, przyjmij go jak mnie.<\/b><\/span><\/span><\/span><\/p>\n<p align=\"justify\">\n<p align=\"justify\">\n<p align=\"justify\">\n<p align=\"justify\">\n<p align=\"justify\">\n<p align=\"justify\"><span style=\"color: #000000;\"><span style=\"font-family: Book Antiqua, serif;\"><span style=\"font-size: large;\"><b>S\u0141OWA EWANGELII WED\u0141UG \u015aWI\u0118TEGO \u0141UKASZA:<\/b><\/span><\/span><\/span><\/p>\n<p align=\"justify\"><span style=\"color: #000000;\"><span style=\"font-family: Book Antiqua, serif;\"><span style=\"font-size: large;\"><b>Wielkie t\u0142umy sz\u0142y z Jezusem. On zwr\u00f3ci\u0142 si\u0119 i rzek\u0142 do nich: \u201eJe\u015bli kto przychodzi do Mnie, a nie ma w nienawi\u015bci swego ojca i matki, \u017cony i dzieci, braci i si\u00f3str, nadto i siebie samego, nie mo\u017ce by\u0107 moim uczniem.<\/b><\/span><\/span><\/span><\/p>\n<p align=\"justify\"><span style=\"color: #000000;\"><span style=\"font-family: Book Antiqua, serif;\"><span style=\"font-size: large;\"><b>Kto nie nosi swego krzy\u017ca, a idzie za Mn\u0105, ten nie mo\u017ce by\u0107 moim uczniem.<\/b><\/span><\/span><\/span><\/p>\n<p align=\"justify\"><span style=\"color: #000000;\"><span style=\"font-family: Book Antiqua, serif;\"><span style=\"font-size: large;\"><b>Bo kt\u00f3\u017c z was, chc\u0105c zbudowa\u0107 wie\u017c\u0119, nie usi\u0105dzie wpierw, a nie oblicza wydatk\u00f3w, czy ma na wyko\u0144czenie? Inaczej, gdyby za\u0142o\u017cy\u0142 fundament, a nie zdo\u0142a\u0142by wyko\u0144czy\u0107, wszyscy patrz\u0105c na to zacz\u0119liby drwi\u0107 z niego: \u00abTen cz\u0142owiek zacz\u0105\u0142 budowa\u0107, a nie zdo\u0142a\u0142 wyko\u0144czy\u0107\u00bb.<\/b><\/span><\/span><\/span><\/p>\n<p align=\"justify\"><span style=\"color: #000000;\"><span style=\"font-family: Book Antiqua, serif;\"><span style=\"font-size: large;\"><b>Albo kt\u00f3ry kr\u00f3l, maj\u0105c wyruszy\u0107, aby stoczy\u0107 bitw\u0119 z drugim kr\u00f3lem, nie usi\u0105dzie wpierw i nie rozwa\u017cy, czy w dziesi\u0119\u0107 tysi\u0119cy ludzi mo\u017ce stawi\u0107 czo\u0142o temu, kt\u00f3ry z dwudziestu tysi\u0105cami nadci\u0105ga przeciw niemu? Je\u015bli nie, wyprawia poselstwo, gdy tamten jest jeszcze daleko, i prosi o warunki pokoju.<\/b><\/span><\/span><\/span><\/p>\n<p align=\"justify\"><span style=\"color: #000000;\"><span style=\"font-family: Book Antiqua, serif;\"><span style=\"font-size: large;\"><b>Tak wi\u0119c nikt z was, kto nie wyrzeka si\u0119 wszystkiego, co posiada, nie mo\u017ce by\u0107 moim uczniem\u201d.<\/b><b> <\/b><\/span><\/span><\/span><\/p>\n<p align=\"justify\">\n<p align=\"justify\">\n<p align=\"justify\">\n<p align=\"justify\">\n<p align=\"justify\">\n<p align=\"justify\"><span style=\"color: #000000;\"><span style=\"font-family: Book Antiqua, serif;\"><span style=\"font-size: large;\">Ws\u0142uchujemy si\u0119 uwa\u017cnie w Bo\u017ce s\u0142owo, jakie zosta\u0142o do nas skierowane, zawsze pami\u0119taj\u0105c, \u017ce nie jest to tylko jaki\u015b kolejny punkt w trakcie Mszy \u015awi\u0119tej, ale S\u0142owo, kt\u00f3re<b> B\u00f3g kieruje do nas, konkretnych ludzi, <\/b>\u017cyj\u0105cych i mieszkaj\u0105cych w tej Parafii, maj\u0105cych takie czy inne problemy, sprawy, codzienne zmartwienia. <b>To w\u0142a\u015bnie do nas dzisiaj B\u00f3g m\u00f3wi.<\/b> I w\u0142a\u015bnie do nas kieruje s\u0142owa, kt\u00f3re uwa\u017cnego s\u0142uchacza chyba mocno zaskocz\u0105\u2026<\/span><\/span><\/span><\/p>\n<p align=\"justify\"><span style=\"color: #000000;\"><span style=\"font-family: Book Antiqua, serif;\"><span style=\"font-size: large;\">Tyle bowiem zawsze s\u0142yszymy nawo\u0142ywania <b>do mi\u0142o\u015bci wzajemnej,<\/b> do przebaczenia, do cierpliwego znoszenia przeciwno\u015bci ze strony ludzi \u2013 przecie\u017c takie wezwania to znaki rozpoznawcze nauki Jezusa Chrystusa \u2013 a oto dzisiaj s\u0142yszymy: <i><b>Je\u015bli kto przychodzi do Mnie,<\/b><\/i><i> <\/i><i><b>a nie ma w nienawi\u015bci swego ojca i matki, \u017cony i dzieci, braci i si\u00f3str, nadto i siebie samego, nie mo\u017ce by\u0107 moim uczniem.<\/b><\/i> O co tu chodzi?<\/span><\/span><\/span><\/p>\n<p align=\"justify\"><span style=\"color: #000000;\"><span style=\"font-family: Book Antiqua, serif;\"><span style=\"font-size: large;\">Pewnym wyja\u015bnieniem s\u0105 zapewne s\u0142owa ko\u0144cz\u0105ce Ewangeli\u0119: <i><b>Tak wi\u0119c nikt z was, kto nie wyrzeka si\u0119 wszystkiego, co posiada, nie mo\u017ce by\u0107 moim uczniem.<\/b><\/i> A zatem, nie chodzi tu o nienawi\u015b\u0107 w znaczeniu, w jakim my j\u0105 pojmujemy, ale o nienawi\u015b\u0107, rozumian\u0105 jako <b>wyrzeczeni<\/b><b>e<\/b><b> si\u0119 przemijaj\u0105cych d\u00f3br tego \u015bwiata.<\/b> <\/span><\/span><\/span><\/p>\n<p align=\"justify\"><span style=\"color: #000000;\"><span style=\"font-family: Book Antiqua, serif;\"><span style=\"font-size: large;\">Musimy bowiem stale pami\u0119ta\u0107, \u017ce Ewangelia pisana by\u0142a w narodzie i kulturze \u017cydowskiej, tak bardzo r\u00f3\u017cnej od naszej kultury. A wi\u0119c <b>spos\u00f3b wyra\u017cania si\u0119 <\/b>Autor\u00f3w biblijnych, tak\u017ce samego Jezusa,<b> <\/b>jest dla nas dzisiaj nieraz<b> mocno<\/b><b> zaskakuj\u0105cy,<\/b> ale jest on takim, jakim pos\u0142ugiwali si\u0119 w\u00f3wczas pisarze i nauczyciele. Czasami s\u0105 tam bardzo mocne stwierdzenia \u2013 mo\u017ce si\u0119 nam wr\u0119cz wydawa\u0107, <b>\u017ce przesadzone<\/b> \u2013 ale w taki w\u0142a\u015bnie spos\u00f3b si\u0119 tam w\u00f3wczas wyra\u017cano.<\/span><\/span><\/span><\/p>\n<p align=\"justify\"><span style=\"color: #000000;\"><span style=\"font-family: Book Antiqua, serif;\"><span style=\"font-size: large;\">St\u0105d te\u017c s\u0142owo \u201enienawi\u015b\u0107\u201d zdaniu, wypowiedzianym przez Jezusa, nabiera innego znaczenia. M\u00f3wi\u0105c naszym dzisiejszym j\u0119zykiem, pewnie lepiej by\u0142oby powiedzie\u0107: <b>\u00ab<\/b><b>Je\u015bli kto\u015b tak si\u0119 przywi\u0105zuje do ojca i matki, \u017cony i dzieci, braci i si\u00f3str, \u017ce stawia ich ponad Mnie, czy te\u017c przede Mn\u0105, ten nie jest Mnie godzien<\/b><b>\u00bb<\/b><b>. <\/b><\/span><\/span><\/span><\/p>\n<p align=\"justify\"><span style=\"color: #000000;\"><span style=\"font-family: Book Antiqua, serif;\"><span style=\"font-size: large;\">Owszem, ka\u017cdy jest zobowi\u0105zany do mi\u0142o\u015bci wobec swoich rodzic\u00f3w, wobec najbli\u017cszych, ale <b>mi\u0142o\u015b\u0107 ta musi <\/b><b>wsp\u00f3\u0142gra\u0107 <\/b>z naszym nastawieniem do samego Boga. Nie mo\u017ce by\u0107 tak, \u017ce zatroskanie o najbli\u017cszych powoduje, i\u017c zapominamy o Bogu. Nie da si\u0119 w\u00f3wczas m\u00f3wi\u0107 o prawdziwej mi\u0142o\u015bci. A poza tym, nie ud\u017awigniemy wszystkich naszych codziennych problem\u00f3w, <b>gdy\u017c <\/b><b>zwyczajnie <\/b><b>zosta<\/b><b>ni<\/b><b>emy <\/b><b>w\u00f3wczas <\/b><b>sami <\/b>na \u201epolu walki\u201d.<\/span><\/span><\/span><\/p>\n<p align=\"justify\"><span style=\"color: #000000;\"><span style=\"font-family: Book Antiqua, serif;\"><span style=\"font-size: large;\">Inaczej jest, kiedy nasze przywi\u0105zanie do najbli\u017cszych <b>wi\u0105\u017ce si\u0119 z mi\u0142o\u015bci\u0105 do Boga,<\/b> <b>z niej wyp\u0142ywa i do niej prowadzi.<\/b> Kiedy mi\u0142o\u015b\u0107 do Boga wyra\u017ca si\u0119 w mi\u0142o\u015bci do cz\u0142owieka. Wtedy wszystko jest na swoimi miejscu i we w\u0142a\u015bciwej kolejno\u015bci. Takiej postawy domaga si\u0119 od nas <b>zwyk\u0142a ludzka roztropno\u015b\u0107 i \u017cyciowa m\u0105dro\u015b\u0107,<\/b> kt\u00f3r\u0105 ukazuje nam Jezus, m\u00f3wi\u0105cy do nas w dzisiejszej Ewangelii. <\/span><\/span><\/span><\/p>\n<p align=\"justify\"><span style=\"color: #000000;\"><span style=\"font-family: Book Antiqua, serif;\"><span style=\"font-size: large;\">Ta roztropno\u015b\u0107 i ta m\u0105dro\u015b\u0107 ka\u017ce chrze\u015bcijaninowi zaufa\u0107 Bogu, a nie sobie. <b>Przyk\u0142ad budowniczego wie\u017cy,<\/b> kt\u00f3ry podj\u0105\u0142 si\u0119 wielkiego dzie\u0142a, a nie zdo\u0142a\u0142 go wyko\u0144czy\u0107, lub te\u017c<b> przyk\u0142ad kr\u00f3la,<\/b> kt\u00f3ry nie jest w stanie podj\u0105\u0107 walki, gdy\u017c ma za ma\u0142e si\u0142y, powinien by\u0107 dla nas zach\u0119t\u0105 do polegania wy\u0142\u0105cznie na Bogu, a nie na naszych w\u0142asnych zdolno\u015bciach, maj\u0105tku, r\u00f3wnie\u017c<b> \u2013 na nas<\/b><b>zej codziennej pracy i<\/b><b> codziennym zabieganiu.<\/b><\/span><\/span><\/span><\/p>\n<p align=\"justify\"><span style=\"color: #000000;\"><span style=\"font-family: Book Antiqua, serif;\"><span style=\"font-size: large;\">Tak wiele krz\u0105taniny podejmujemy na co dzie\u0144, tyle spraw wypada nam za\u0142atwi\u0107, tyle rozwi\u0105za\u0107 problem\u00f3w i mo\u017ce si\u0119 zdarzy\u0107, <b>\u017ce tak zabiegani, <\/b>wpatrzeni ci\u0105gle w ziemi\u0119 i sprawy tej ziemi \u2013 <b>zapomnimy <\/b><b>w ko\u0144cu <\/b><b>spojrze\u0107 w g\u00f3r\u0119,<\/b> gdzie jest Niebo, gdzie jest B\u00f3g\u2026 Trzeba nam wszystkim odwa\u017cy\u0107 si\u0119 <b>oderwa\u0107 wzrok od ziemi<\/b>, od tych codziennych szarych problem\u00f3w, aby zobaczy\u0107 nowe \u015bwiat\u0142o nadziei, jakie sam B\u00f3g nam daje.<\/span><\/span><\/span><\/p>\n<p align=\"justify\"><span style=\"color: #000000;\"><span style=\"font-family: Book Antiqua, serif;\"><span style=\"font-size: large;\">To On nadaje sens naszemu zabieganiu, naszej codziennej krz\u0105taninie. Od nas oczekuje, \u017ce b\u0119dziemy pami\u0119tali, i\u017c \u2013 jak s\u0142yszeli\u015bmy w pierwszym czytaniu \u2013<i> <\/i><i><b>nie\u015bmia\u0142e s\u0105 my\u015bli \u015bmiertelnik\u00f3w i przewidywania nasze zawodne,<\/b><\/i><i> <\/i><i><b>bo \u015bmiertelne cia\u0142o przygniata dusz\u0119 i ziemski przybytek obci\u0105\u017ca lotny umys\u0142. Mozolnie odkrywamy rzeczy tej ziemi, z trudem znajdujemy, co mamy pod r\u0119k\u0105, a kt\u00f3\u017c wy\u015bledzi to, co jest na niebie?<\/b><\/i><b> <\/b><\/span><\/span><\/span><\/p>\n<p align=\"justify\"><span style=\"color: #000000;\"><span style=\"font-family: Book Antiqua, serif;\"><span style=\"font-size: large;\">A w Psalmie \u015bpiewali\u015bmy: <i><b>Obracasz w proch cz\u0142owieka i m\u00f3wisz: \u201eWracajcie synowie ludzcy\u201d. Bo tysi\u0105c lat w Twoich oczach jest jak wczorajszy dzie\u0144, kt\u00f3ry min\u0105\u0142, albo stra\u017c nocna.<\/b><\/i><i> <\/i><i><b>Porywasz<\/b><\/i><i> <\/i><i><b>ich, staj\u0105 si\u0119 niby sen poranny, jak trawa, kt\u00f3ra ro\u015bnie: rankiem zielona i kwitn\u0105ca, wieczorem wi\u0119dnie i usycha.<\/b><\/i><b> <\/b><\/span><\/span><\/span><\/p>\n<p align=\"justify\"><span style=\"color: #000000;\"><span style=\"font-family: Book Antiqua, serif;\"><span style=\"font-size: large;\">Trzeba uczciwie przyzna\u0107, \u017ce nie jest to zbyt radosny i optymistyczny obraz, prawda? Ci\u0105gle tu mowa o przemijaniu, o bezsensowno\u015bci ludzkich zamierze\u0144. <b>Tak jednak nie jest!<\/b> Autorzy biblijni, wskazuj\u0105c rzeczywi\u015bcie marno\u015b\u0107 ludzkich zabieg\u00f3w, wskazuj\u0105 jednocze\u015bnie, \u017ce dzia\u0142ania te nabior\u0105 sensu, gdy b\u0119dziemy je podejmowali <b>w \u0142\u0105czno\u015bci z Bogiem i na Jego chwa\u0142\u0119.<\/b> Gdy b\u0119dziemy przyzywali Jego M\u0105dro\u015bci, gdy o t\u0119 M\u0105dro\u015b\u0107 b\u0119dziemy prosili, gdy w t\u0119 M\u0105dro\u015b\u0107 b\u0119dziemy si\u0119 ws\u0142uchiwali. <\/span><\/span><\/span><\/p>\n<p align=\"justify\"><span style=\"color: #000000;\"><span style=\"font-family: Book Antiqua, serif;\"><span style=\"font-size: large;\">Autor biblijny m\u00f3wi: <i><b>Kt\u00f3\u017c pozna\u0142 Tw\u00f3j zamys\u0142, gdyby\u015b nie da\u0142 M\u0105dro\u015bci, nie zes\u0142a\u0142 z wysoka \u015awi\u0119tego Ducha swego?<\/b><\/i><i> <\/i><i><b>I tak \u015bcie\u017cki mieszka\u0144c\u00f3w ziemi sta\u0142y si\u0119 proste <\/b><\/i><b>[\u2026]<\/b><i><b> a wybawi\u0142a ich M\u0105dro\u015b\u0107.<\/b><\/i> Nasza \u017cyciowa m\u0105dro\u015b\u0107 r\u00f3wnie\u017c na tyle b\u0119dzie prawdziwa, na ile <b>opiera\u0107 si\u0119 b\u0119dzie na Bo\u017cej <\/b><b>m<\/b><b>\u0105dro\u015bci, <\/b>na ile b\u0119dziemy do tej Bo\u017cej m\u0105dro\u015bci si\u0119 odwo\u0142ywali. I mo\u017ce warto zapyta\u0107, na ile ju\u017c teraz odwo\u0142ujemy si\u0119 do Bo\u017cej m\u0105dro\u015bci, na ile potrafimy \u2013 albo te\u017c: mamy odwag\u0119 \u2013 <b>rezygnowa\u0107 z w\u0142asnych przyzwyczaje\u0144,<\/b> z przekonania o w\u0142asnej m\u0105dro\u015bci.<\/span><\/span><\/span><\/p>\n<p align=\"justify\"><span style=\"color: #000000;\"><span style=\"font-family: Book Antiqua, serif;\"><span style=\"font-size: large;\">Dlatego w\u0142a\u015bnie tutaj <b>jest miejsce na pytanie o nasz\u0105 modlitw\u0119,<\/b> w trakcie kt\u00f3rej B\u00f3g do nas m\u00f3wi. On naprawd\u0119 m\u00f3wi s\u0142owami <b>M<\/b><b>odlitwy, kt\u00f3rej sam nas nauczy\u0142,<\/b> czy te\u017c s\u0142owami Pozdrowienia Anielskiego, lub kiedy przypomina nam tre\u015b\u0107 naszej wiary w <b>Sk\u0142adzie Apostolskim<\/b>, albo kiedy przypomina nam swoj\u0105 wol\u0119 w <b>Dziesi\u0119ciu Przykazaniach,<\/b> lub<b> <\/b>te\u017c<b> <\/b>kiedy przemawia do naszych serc s\u0142owami innych modlitw\u2026 Ale tak\u017ce, kiedy rozmawiamy z Nim <b>\u201eswoimi s\u0142owami\u201d,<\/b> czy trwamy przed Nim <b>w ciszy serca\u2026<\/b> Jak<b> <\/b>wi\u0119c<b> <\/b>wygl\u0105da<b> <\/b>nasza<b> <\/b>modlitwa?<\/span><\/span><\/span><\/p>\n<p align=\"justify\"><span style=\"color: #000000;\"><span style=\"font-family: Book Antiqua, serif;\"><span style=\"font-size: large;\">Czy w codziennym pacierzu odwo\u0142ujemy si\u0119 do Bo\u017cej m\u0105dro\u015bci? Czy odwo\u0142ujemy si\u0119 do niej <b>w czasie Mszy \u015awi\u0119tej, <\/b>poprzez<b> s\u0142uchanie Bo\u017cego S\u0142owa,<\/b> poprzez g\u0142\u0119bokie prze\u017cywanie ca\u0142ej Liturgii, poprzez przyj\u0119cie samego <b>Chrystusa do serca w Komunii \u015awi\u0119tej?<\/b> Przecie\u017c to s\u0105 \u017ar\u00f3d\u0142a prawdziwej M\u0105dro\u015bci!<\/span><\/span><\/span><\/p>\n<p align=\"justify\"><span style=\"color: #000000;\"><span style=\"font-family: Book Antiqua, serif;\"><span style=\"font-size: large;\">I wreszcie \u2013 na ile potrafimy poszukiwa\u0107 Bo\u017cej m\u0105dro\u015bci <b>w codziennym, wsp\u00f3lnym rozwi\u0105zywaniu problem\u00f3w rodzinnych, <\/b>kt\u00f3re przecie\u017c ci\u0105gle si\u0119 pojawiaj\u0105 \u2013 i b\u0119d\u0105 si\u0119 pojawia\u0142y! Czy potrafimy je rozwi\u0105zywa\u0107 po Bo\u017cemu? Czy wsp\u00f3lnie poszukujemy takich rozwi\u0105za\u0144, kt\u00f3re s\u0105 zgodne z zasadami chrze\u015bcija\u0144skimi, <b>czy nie uciekamy si\u0119 do k\u0142\u00f3tni, niezgody, <\/b>a mo\u017ce nawet \u2013 <b>do <\/b><b>r\u0119koczyn\u00f3w?<\/b> Nic takie rozwi\u0105zania nie maj\u0105 wsp\u00f3lnego z Bo\u017c\u0105 m\u0105dro\u015bci\u0105. <\/span><\/span><\/span><\/p>\n<p align=\"justify\"><span style=\"color: #000000;\"><span style=\"font-family: Book Antiqua, serif;\"><span style=\"font-size: large;\">Dlatego trzeba nam ci\u0105gle <b>pokonywa\u0107 w sobie egoizm<\/b> i to wszystko, co powoduje, i\u017c jeste\u015bmy zapatrzeni w siebie, ufni tylko we w\u0142asn\u0105 m\u0105dro\u015b\u0107. <\/span><\/span><\/span><\/p>\n<p align=\"justify\"><span style=\"color: #000000;\"><span style=\"font-family: Book Antiqua, serif;\"><span style=\"font-size: large;\">W\u0142a\u015bnie do takiej rezygnacji z siebie, a konkretnie: do rezygnacji z praw, kt\u00f3re przys\u0142ugiwa\u0142y ka\u017cdemu <b>w\u0142a\u015bcicielowi niewolnik\u00f3w, <\/b>zach\u0119ca \u015awi\u0119ty Pawe\u0142 Filemona. S\u0142yszymy o tym w dzisiejszym drugim czytaniu. Onezym \u2013<b> niewolnik, <\/b>nale\u017c\u0105cy do Filemona<b> \u2013 ucieka z jego maj\u0105tku. <\/b>Chroni si\u0119 u \u015awi\u0119tego Paw\u0142a. \u015awi\u0119ty Pawe\u0142 waha si\u0119, co w tej sytuacji zrobi\u0107, ale ostatecznie <b>decyduje si\u0119 <\/b><b>odes\u0142a\u0107 go do jego<\/b><b> pan<\/b><b>a \u2013<\/b> zwa\u017cywszy na to, \u017ce zar\u00f3wno Onezym, niewolnik, jak i jego pan, Filemon, <b>s\u0105 ju\u017c chrze\u015bcijanami.<\/b><\/span><\/span><\/span><\/p>\n<p align=\"justify\"><span style=\"color: #000000;\"><span style=\"font-family: Book Antiqua, serif;\"><span style=\"font-size: large;\">\u015awi\u0119ty Pawe\u0142 \u2013 tego nie us\u0142yszeli\u015bmy dzisiaj w czytaniu, ale jest to w dalszej cz\u0119\u015bci Listu do Filemona \u2013 odwo\u0142uje si\u0119 do jakiego\u015b wydarzenia, <b>jakiego\u015b uczynku, za kt\u00f3ry Filemon powinien by\u0107 Paw\u0142owi wdzi\u0119czny. <\/b>Nie wiemy, o co chodzi, ale w\u0142a\u015bnie t\u0119 wdzi\u0119czno\u015b\u0107 ma Filemon wyrazi\u0107 poprzez<b> darowanie Onezymowi kary za ucieczk\u0119.<\/b> W czytaniu dzisiejszym us\u0142yszeli\u015bmy tylko: <i><b>Je\u015bli wi\u0119c poczuwasz si\u0119 do \u0142\u0105czno\u015bci ze mn\u0105, przyjmij go jak mnie<\/b><\/i><b>. <\/b><\/span><\/span><\/span><\/p>\n<p align=\"justify\"><span style=\"color: #000000;\"><span style=\"font-family: Book Antiqua, serif;\"><span style=\"font-size: large;\">Wielkim autorytetem dla Filemona musia\u0142 by\u0107 \u015awi\u0119ty Pawe\u0142, skoro \u2013 w imi\u0119 Chrystusa \u2013 domaga\u0142 si\u0119 od niego tak wiele. I bardzo zdrowego ducha musia\u0142 zaszczepi\u0107 Filemonowi, <b>ducha chrze\u015bcija\u0144skiego,<\/b> skoro tak \u015bmia\u0142o domaga\u0142 si\u0119 od niego naprawd\u0119 trudnej \u2013 jak na owe czasy \u2013 rzeczy, czyli podarowania kary niewolnikowi, uciekinierowi. <\/span><\/span><\/span><\/p>\n<p align=\"justify\"><span style=\"color: #000000;\"><span style=\"font-family: Book Antiqua, serif;\"><span style=\"font-size: large;\">Wiemy bowiem, \u017ce taka ucieczka<b> <\/b><b>by\u0142a w\u00f3wczas <\/b><b>surowo, <\/b><b>a wr\u0119cz okrutnie<\/b><b> karana: <\/b>na czole sprawcy \u2013 rozgrzanym do czerwono\u015bci metalem \u2013 wypalano liter\u0119: <b>\u201eF\u201d<\/b>, jako pierwsz\u0105 liter\u0119 \u0142aci\u0144skiego s\u0142owa: <b>\u201e<\/b><b>f<\/b><b>ugitivus\u201d,<\/b> czyli: \u201euciekinier\u201d; posy\u0142ano go odt\u0105d do najci\u0119\u017cszych prac, a na szyj\u0119 nak\u0142adano mu obro\u017c\u0119, kt\u00f3r\u0105 mia\u0142 nosi\u0107 do ko\u0144ca \u017cycia. O ile w og\u00f3le ten w\u0142a\u015bnie <b>koniec<\/b><b> <\/b><b>\u017cycia<\/b> nie by\u0142 jego <b>pierwsz\u0105 i jednocze\u015bnie ostatni\u0105 kar\u0105,<\/b> bo przecie\u017c niewolnik \u2013 w hierarchii os\u00f3b i rzeczy swego w\u0142a\u015bciciela \u2013 zajmowa\u0142 pierwsze miejsce <b>w\u015br\u00f3d rzeczy:<\/b> pan m\u00f3g\u0142 z nim <b>zrobi\u0107 dok\u0142adnie to, co chcia\u0142!<\/b> Tam nie by\u0142o mowy o jakich\u015b ludzkich prawach! <\/span><\/span><\/span><\/p>\n<p align=\"justify\"><span style=\"color: #000000;\"><span style=\"font-family: Book Antiqua, serif;\"><span style=\"font-size: large;\">I w\u0142a\u015bnie to wszystko maj\u0105c na uwadze, Pawe\u0142 jednak decyduje si\u0119 odes\u0142a\u0107 Onezyma do swego pana. Podkre\u015blmy jeszcze raz: jeden jest <b>panem,<\/b> drugi <b>niewolnikiem,<\/b> a obaj s\u0105 <b>chrze\u015bcijanami\u2026<\/b> Bardzo ciekawa sytuacja, prawda? Zwa\u017cywszy, \u017ce m\u00f3wimy <b>o pierwszych chrze\u015bcijanach, <\/b>czyli o tych bardzo \u017carliwych i totalnie oddanych swej wierze, a nie takich \u201ep\u00f3\u0142sennych\u201d, jak my dzisiaj\u2026 <\/span><\/span><\/span><\/p>\n<p align=\"justify\"><span style=\"color: #000000;\"><span style=\"font-family: Book Antiqua, serif;\"><span style=\"font-size: large;\">Jak ostatecznie sko\u0144czy\u0142a si\u0119 ca\u0142a sprawa \u2013 nie wiemy. Nale\u017cy jednak s\u0105dzi\u0107 \u2013 mo\u017cemy chyba mie\u0107 tak\u0105 nadziej\u0119 \u2013 \u017ce pro\u015bba \u015awi\u0119tego Paw\u0142a zosta\u0142a spe\u0142niona i <b>Filemon zdoby\u0142 si\u0119 na to, aby zrezygnowa\u0107 ze swego prawa<\/b> do wymierzenia kary, a tak\u017ce \u2013 zapewne \u2013 ze swych ludzkich przyzwyczaje\u0144. I jednak przyj\u0105\u0142 z powrotem Onezyma, ale ju\u017c nie tyle jako niewolnika \u2013 cho\u0107 ten, w sensie formalnym, zapewne nim pozosta\u0142 \u2013 ale jako<b> brata w jednej wierze!<\/b><\/span><\/span><\/span><\/p>\n<p align=\"justify\"><span style=\"color: #000000;\"><span style=\"font-family: Book Antiqua, serif;\"><span style=\"font-size: large;\">I do nas tak\u017ce, jak do Filemona, \u015awi\u0119ty Pawe\u0142 kieruj\u0119 sw\u0105 odwa\u017cn\u0105 zach\u0119t\u0119 <b>do rezygnacji z <\/b><b>naszych<\/b><b> przyzwyczaje\u0144, do rezygnacji z samych siebie<\/b> i tego, co jest w nas z egoizmu i z ludzkiej m\u0105dro\u015bci. Razem ze \u015awi\u0119tym Paw\u0142em ws\u0142uchujemy si\u0119 uwa\u017cnie w s\u0142owa Chrystusa: <i><b>Tak wi\u0119c nikt z was, kto nie wyrzeka si\u0119 wszystkiego, co posiada, nie mo\u017ce by\u0107 moim uczniem<\/b><\/i><b>.<\/b> <\/span><\/span><\/span><\/p>\n<p align=\"justify\"><span style=\"color: #000000;\"><span style=\"font-family: Book Antiqua, serif;\"><span style=\"font-size: large;\">Us\u0142yszmy do dobrze: <i><b>Wszystkiego co posiada! <\/b><\/i>A zatem, nie tylko tego, co posiadamy w tym wymiarze materialnym, a <b>bardziej <\/b><b>tego, co jest <\/b><b>naszym z\u0142ym bogactwem, balastem, <\/b><b>w sensie duchowym,<\/b> to znaczy: naszych wad, przyzwyczaje\u0144, egoizmu, naszego uporu, przekonania o swojej racji, naszej k\u0142\u00f3tliwo\u015bci i czepiania si\u0119 o wszystko\u2026 A w tej materii \u2013 powiedzmy to szczerze \u2013 ka\u017cdy z nas <b>naprawd\u0119 sporo posiada\u2026 <\/b><\/span><\/span><\/span><\/p>\n<p align=\"justify\"><span style=\"color: #000000;\"><span style=\"font-family: Book Antiqua, serif;\"><span style=\"font-size: large;\">Da si\u0119 z tego zrezygnowa\u0107? A w og\u00f3le \u2013 chcemy z tego rezygnowa\u0107? Warto w og\u00f3le z tego rezygnowa\u0107? To ju\u017c ka\u017cdy sam musi sobie \u2013 i Jezusowi \u2013<b> <\/b><b>szczerze <\/b><b>od<\/b><b>powiedzie\u0107. <\/b>Ale je\u017celi tak \u2013 to <b>radykalnie, ca\u0142kowicie!<\/b> I od razu, czyli od dzisiaj! <\/span><\/span><\/span><\/p>\n","protected":false},"excerpt":{"rendered":"<p>Niech b\u0119dzie pochwalony Jezus Chrystus! A to niespodzianka! S\u0142\u00f3wko z Syberii \u2013 w nowej ods\u0142onie! Dzi\u0119kujemy za to podw\u00f3jne autorstwo, a Ksi\u0119dza Paw\u0142a witamy na pok\u0142adzie! Ogarniamy modlitw\u0105 Jego pos\u0142ug\u0119, a tak\u017ce wszystkie sprawy, o kt\u00f3rych pisa\u0142 Ksi\u0105dz Marek, Bo\u017cemu za\u015b mi\u0142osierdziu polecamy obie Osoby zmar\u0142e. Niech Pan da im cieszy\u0107 si\u0119 Niebem, do kt\u00f3rego [&hellip;]<\/p>\n","protected":false},"author":1,"featured_media":0,"comment_status":"open","ping_status":"open","sticky":false,"template":"","format":"standard","meta":{"jetpack_post_was_ever_published":false,"_jetpack_newsletter_access":"","_jetpack_dont_email_post_to_subs":false,"_jetpack_newsletter_tier_id":0,"_jetpack_memberships_contains_paywalled_content":false,"_jetpack_memberships_contains_paid_content":false,"footnotes":""},"categories":[1],"tags":[],"class_list":["post-15784","post","type-post","status-publish","format-standard","hentry","category-bez-kategorii"],"yoast_head":"<!-- This site is optimized with the Yoast SEO plugin v25.1 - https:\/\/yoast.com\/wordpress\/plugins\/seo\/ -->\n<title>Kto nie wyrzeka si\u0119 wszystkiego... - Gaudium Et Spes<\/title>\n<meta name=\"robots\" content=\"index, follow, max-snippet:-1, max-image-preview:large, max-video-preview:-1\" \/>\n<link rel=\"canonical\" href=\"https:\/\/gaudiumetspes-blog.pl\/index.php\/2019\/09\/08\/kto-nie-wyrzeka-sie-wszystkiego\/\" \/>\n<meta property=\"og:locale\" content=\"pl_PL\" \/>\n<meta property=\"og:type\" content=\"article\" \/>\n<meta property=\"og:title\" content=\"Kto nie wyrzeka si\u0119 wszystkiego... - Gaudium Et Spes\" \/>\n<meta property=\"og:description\" content=\"Niech b\u0119dzie pochwalony Jezus Chrystus! A to niespodzianka! S\u0142\u00f3wko z Syberii \u2013 w nowej ods\u0142onie! Dzi\u0119kujemy za to podw\u00f3jne autorstwo, a Ksi\u0119dza Paw\u0142a witamy na pok\u0142adzie! Ogarniamy modlitw\u0105 Jego pos\u0142ug\u0119, a tak\u017ce wszystkie sprawy, o kt\u00f3rych pisa\u0142 Ksi\u0105dz Marek, Bo\u017cemu za\u015b mi\u0142osierdziu polecamy obie Osoby zmar\u0142e. Niech Pan da im cieszy\u0107 si\u0119 Niebem, do kt\u00f3rego [&hellip;]\" \/>\n<meta property=\"og:url\" content=\"https:\/\/gaudiumetspes-blog.pl\/index.php\/2019\/09\/08\/kto-nie-wyrzeka-sie-wszystkiego\/\" \/>\n<meta property=\"og:site_name\" content=\"Gaudium Et Spes\" \/>\n<meta property=\"article:published_time\" content=\"2019-09-08T03:36:12+00:00\" \/>\n<meta name=\"author\" content=\"Ks. Jacek\" \/>\n<meta name=\"twitter:card\" content=\"summary_large_image\" \/>\n<meta name=\"twitter:label1\" content=\"Napisane przez\" \/>\n\t<meta name=\"twitter:data1\" content=\"Ks. Jacek\" \/>\n\t<meta name=\"twitter:label2\" content=\"Szacowany czas czytania\" \/>\n\t<meta name=\"twitter:data2\" content=\"13 minut\" \/>\n<script type=\"application\/ld+json\" class=\"yoast-schema-graph\">{\"@context\":\"https:\/\/schema.org\",\"@graph\":[{\"@type\":\"WebPage\",\"@id\":\"https:\/\/gaudiumetspes-blog.pl\/index.php\/2019\/09\/08\/kto-nie-wyrzeka-sie-wszystkiego\/\",\"url\":\"https:\/\/gaudiumetspes-blog.pl\/index.php\/2019\/09\/08\/kto-nie-wyrzeka-sie-wszystkiego\/\",\"name\":\"Kto nie wyrzeka si\u0119 wszystkiego... - Gaudium Et Spes\",\"isPartOf\":{\"@id\":\"https:\/\/gaudiumetspes-blog.pl\/#website\"},\"datePublished\":\"2019-09-08T03:36:12+00:00\",\"author\":{\"@id\":\"https:\/\/gaudiumetspes-blog.pl\/#\/schema\/person\/1661982992b752dea8dff0d4ed845a65\"},\"breadcrumb\":{\"@id\":\"https:\/\/gaudiumetspes-blog.pl\/index.php\/2019\/09\/08\/kto-nie-wyrzeka-sie-wszystkiego\/#breadcrumb\"},\"inLanguage\":\"pl-PL\",\"potentialAction\":[{\"@type\":\"ReadAction\",\"target\":[\"https:\/\/gaudiumetspes-blog.pl\/index.php\/2019\/09\/08\/kto-nie-wyrzeka-sie-wszystkiego\/\"]}]},{\"@type\":\"BreadcrumbList\",\"@id\":\"https:\/\/gaudiumetspes-blog.pl\/index.php\/2019\/09\/08\/kto-nie-wyrzeka-sie-wszystkiego\/#breadcrumb\",\"itemListElement\":[{\"@type\":\"ListItem\",\"position\":1,\"name\":\"Strona g\u0142\u00f3wna\",\"item\":\"https:\/\/gaudiumetspes-blog.pl\/\"},{\"@type\":\"ListItem\",\"position\":2,\"name\":\"Kto nie&nbsp;wyrzeka si\u0119 wszystkiego&#8230;\"}]},{\"@type\":\"WebSite\",\"@id\":\"https:\/\/gaudiumetspes-blog.pl\/#website\",\"url\":\"https:\/\/gaudiumetspes-blog.pl\/\",\"name\":\"Gaudium Et Spes\",\"description\":\"Blog Ks. Jacka Ja\u015bkowskiego\",\"potentialAction\":[{\"@type\":\"SearchAction\",\"target\":{\"@type\":\"EntryPoint\",\"urlTemplate\":\"https:\/\/gaudiumetspes-blog.pl\/?s={search_term_string}\"},\"query-input\":{\"@type\":\"PropertyValueSpecification\",\"valueRequired\":true,\"valueName\":\"search_term_string\"}}],\"inLanguage\":\"pl-PL\"},{\"@type\":\"Person\",\"@id\":\"https:\/\/gaudiumetspes-blog.pl\/#\/schema\/person\/1661982992b752dea8dff0d4ed845a65\",\"name\":\"Ks. Jacek\",\"image\":{\"@type\":\"ImageObject\",\"inLanguage\":\"pl-PL\",\"@id\":\"https:\/\/gaudiumetspes-blog.pl\/#\/schema\/person\/image\/\",\"url\":\"https:\/\/gaudiumetspes-blog.pl\/wp-content\/uploads\/2019\/07\/avatar-JJ-150x150.jpg\",\"contentUrl\":\"https:\/\/gaudiumetspes-blog.pl\/wp-content\/uploads\/2019\/07\/avatar-JJ-150x150.jpg\",\"caption\":\"Ks. Jacek\"},\"description\":\"Witam serdecznie! K\u0142ania si\u0119 Ks. Jacek Ja\u015bkowski. Nie jestem ani kim\u015b wa\u017cnym, ani kim\u015b znanym. Jestem ksi\u0119dzem, kt\u00f3ry po prostu chce rozmawia\u0107. Codzienna kap\u0142a\u0144ska pos\u0142uga pokazuje mi, \u017ce temat\u00f3w do rozm\u00f3w z ksi\u0119dzem jest coraz wi\u0119cej i dzisiaj \u017caden ksi\u0105dz nie mo\u017ce od nich ucieka\u0107, ale - wprost przeciwnie - podejmowa\u0107 nowe wyzwania. To przekonanie sk\u0142oni\u0142o mnie do pr\u00f3by otwarcia tego\u017c bloga, chocia\u017c okazji do rozm\u00f3w na co dzie\u0144 - w konfesjonale i poza nim - na szcz\u0119\u015bcie nie brakuje. My\u015bl\u0119 jednak, \u017ce ten blog b\u0119dzie jeszcze jednym sposobem i przestrzeni\u0105 nawi\u0105zania kontaktu z lud\u017ami dobrej woli, otwartymi na dialog.\",\"url\":\"https:\/\/gaudiumetspes-blog.pl\/index.php\/author\/ks-jacek\/\"}]}<\/script>\n<!-- \/ Yoast SEO plugin. -->","yoast_head_json":{"title":"Kto nie wyrzeka si\u0119 wszystkiego... - Gaudium Et Spes","robots":{"index":"index","follow":"follow","max-snippet":"max-snippet:-1","max-image-preview":"max-image-preview:large","max-video-preview":"max-video-preview:-1"},"canonical":"https:\/\/gaudiumetspes-blog.pl\/index.php\/2019\/09\/08\/kto-nie-wyrzeka-sie-wszystkiego\/","og_locale":"pl_PL","og_type":"article","og_title":"Kto nie wyrzeka si\u0119 wszystkiego... - Gaudium Et Spes","og_description":"Niech b\u0119dzie pochwalony Jezus Chrystus! A to niespodzianka! S\u0142\u00f3wko z Syberii \u2013 w nowej ods\u0142onie! Dzi\u0119kujemy za to podw\u00f3jne autorstwo, a Ksi\u0119dza Paw\u0142a witamy na pok\u0142adzie! Ogarniamy modlitw\u0105 Jego pos\u0142ug\u0119, a tak\u017ce wszystkie sprawy, o kt\u00f3rych pisa\u0142 Ksi\u0105dz Marek, Bo\u017cemu za\u015b mi\u0142osierdziu polecamy obie Osoby zmar\u0142e. Niech Pan da im cieszy\u0107 si\u0119 Niebem, do kt\u00f3rego [&hellip;]","og_url":"https:\/\/gaudiumetspes-blog.pl\/index.php\/2019\/09\/08\/kto-nie-wyrzeka-sie-wszystkiego\/","og_site_name":"Gaudium Et Spes","article_published_time":"2019-09-08T03:36:12+00:00","author":"Ks. Jacek","twitter_card":"summary_large_image","twitter_misc":{"Napisane przez":"Ks. Jacek","Szacowany czas czytania":"13 minut"},"schema":{"@context":"https:\/\/schema.org","@graph":[{"@type":"WebPage","@id":"https:\/\/gaudiumetspes-blog.pl\/index.php\/2019\/09\/08\/kto-nie-wyrzeka-sie-wszystkiego\/","url":"https:\/\/gaudiumetspes-blog.pl\/index.php\/2019\/09\/08\/kto-nie-wyrzeka-sie-wszystkiego\/","name":"Kto nie wyrzeka si\u0119 wszystkiego... - Gaudium Et Spes","isPartOf":{"@id":"https:\/\/gaudiumetspes-blog.pl\/#website"},"datePublished":"2019-09-08T03:36:12+00:00","author":{"@id":"https:\/\/gaudiumetspes-blog.pl\/#\/schema\/person\/1661982992b752dea8dff0d4ed845a65"},"breadcrumb":{"@id":"https:\/\/gaudiumetspes-blog.pl\/index.php\/2019\/09\/08\/kto-nie-wyrzeka-sie-wszystkiego\/#breadcrumb"},"inLanguage":"pl-PL","potentialAction":[{"@type":"ReadAction","target":["https:\/\/gaudiumetspes-blog.pl\/index.php\/2019\/09\/08\/kto-nie-wyrzeka-sie-wszystkiego\/"]}]},{"@type":"BreadcrumbList","@id":"https:\/\/gaudiumetspes-blog.pl\/index.php\/2019\/09\/08\/kto-nie-wyrzeka-sie-wszystkiego\/#breadcrumb","itemListElement":[{"@type":"ListItem","position":1,"name":"Strona g\u0142\u00f3wna","item":"https:\/\/gaudiumetspes-blog.pl\/"},{"@type":"ListItem","position":2,"name":"Kto nie&nbsp;wyrzeka si\u0119 wszystkiego&#8230;"}]},{"@type":"WebSite","@id":"https:\/\/gaudiumetspes-blog.pl\/#website","url":"https:\/\/gaudiumetspes-blog.pl\/","name":"Gaudium Et Spes","description":"Blog Ks. Jacka Ja\u015bkowskiego","potentialAction":[{"@type":"SearchAction","target":{"@type":"EntryPoint","urlTemplate":"https:\/\/gaudiumetspes-blog.pl\/?s={search_term_string}"},"query-input":{"@type":"PropertyValueSpecification","valueRequired":true,"valueName":"search_term_string"}}],"inLanguage":"pl-PL"},{"@type":"Person","@id":"https:\/\/gaudiumetspes-blog.pl\/#\/schema\/person\/1661982992b752dea8dff0d4ed845a65","name":"Ks. Jacek","image":{"@type":"ImageObject","inLanguage":"pl-PL","@id":"https:\/\/gaudiumetspes-blog.pl\/#\/schema\/person\/image\/","url":"https:\/\/gaudiumetspes-blog.pl\/wp-content\/uploads\/2019\/07\/avatar-JJ-150x150.jpg","contentUrl":"https:\/\/gaudiumetspes-blog.pl\/wp-content\/uploads\/2019\/07\/avatar-JJ-150x150.jpg","caption":"Ks. Jacek"},"description":"Witam serdecznie! K\u0142ania si\u0119 Ks. Jacek Ja\u015bkowski. Nie jestem ani kim\u015b wa\u017cnym, ani kim\u015b znanym. Jestem ksi\u0119dzem, kt\u00f3ry po prostu chce rozmawia\u0107. Codzienna kap\u0142a\u0144ska pos\u0142uga pokazuje mi, \u017ce temat\u00f3w do rozm\u00f3w z ksi\u0119dzem jest coraz wi\u0119cej i dzisiaj \u017caden ksi\u0105dz nie mo\u017ce od nich ucieka\u0107, ale - wprost przeciwnie - podejmowa\u0107 nowe wyzwania. To przekonanie sk\u0142oni\u0142o mnie do pr\u00f3by otwarcia tego\u017c bloga, chocia\u017c okazji do rozm\u00f3w na co dzie\u0144 - w konfesjonale i poza nim - na szcz\u0119\u015bcie nie brakuje. My\u015bl\u0119 jednak, \u017ce ten blog b\u0119dzie jeszcze jednym sposobem i przestrzeni\u0105 nawi\u0105zania kontaktu z lud\u017ami dobrej woli, otwartymi na dialog.","url":"https:\/\/gaudiumetspes-blog.pl\/index.php\/author\/ks-jacek\/"}]}},"jetpack_featured_media_url":"","jetpack_sharing_enabled":true,"_links":{"self":[{"href":"https:\/\/gaudiumetspes-blog.pl\/index.php\/wp-json\/wp\/v2\/posts\/15784","targetHints":{"allow":["GET"]}}],"collection":[{"href":"https:\/\/gaudiumetspes-blog.pl\/index.php\/wp-json\/wp\/v2\/posts"}],"about":[{"href":"https:\/\/gaudiumetspes-blog.pl\/index.php\/wp-json\/wp\/v2\/types\/post"}],"author":[{"embeddable":true,"href":"https:\/\/gaudiumetspes-blog.pl\/index.php\/wp-json\/wp\/v2\/users\/1"}],"replies":[{"embeddable":true,"href":"https:\/\/gaudiumetspes-blog.pl\/index.php\/wp-json\/wp\/v2\/comments?post=15784"}],"version-history":[{"count":1,"href":"https:\/\/gaudiumetspes-blog.pl\/index.php\/wp-json\/wp\/v2\/posts\/15784\/revisions"}],"predecessor-version":[{"id":15785,"href":"https:\/\/gaudiumetspes-blog.pl\/index.php\/wp-json\/wp\/v2\/posts\/15784\/revisions\/15785"}],"wp:attachment":[{"href":"https:\/\/gaudiumetspes-blog.pl\/index.php\/wp-json\/wp\/v2\/media?parent=15784"}],"wp:term":[{"taxonomy":"category","embeddable":true,"href":"https:\/\/gaudiumetspes-blog.pl\/index.php\/wp-json\/wp\/v2\/categories?post=15784"},{"taxonomy":"post_tag","embeddable":true,"href":"https:\/\/gaudiumetspes-blog.pl\/index.php\/wp-json\/wp\/v2\/tags?post=15784"}],"curies":[{"name":"wp","href":"https:\/\/api.w.org\/{rel}","templated":true}]}}