{"id":15890,"date":"2019-09-22T05:13:35","date_gmt":"2019-09-22T03:13:35","guid":{"rendered":"https:\/\/gaudiumetspes-blog.pl\/?p=15890"},"modified":"2019-09-22T05:13:35","modified_gmt":"2019-09-22T03:13:35","slug":"sluzyc-tylko-tobie-panie","status":"publish","type":"post","link":"https:\/\/gaudiumetspes-blog.pl\/index.php\/2019\/09\/22\/sluzyc-tylko-tobie-panie\/","title":{"rendered":"S\u0142u\u017cy\u0107 &#8211; tylko Tobie, Panie!"},"content":{"rendered":"<p align=\"justify\"><span style=\"color: #000000;\"><span style=\"font-family: Book Antiqua, serif;\"><span style=\"font-size: large;\">Niech b\u0119dzie pochwalony Jezus Chrystus! Moi Drodzy, wracam na mostek kapita\u0144ski (celowo nie pisz\u0119: na pok\u0142ad, bo na pok\u0142adzie ca\u0142y czas by\u0142em) naszego Okr\u0119tu i witam bardzo serdecznie ca\u0142\u0105 Za\u0142og\u0119! Pozw\u00f3lcie, \u017ce na pocz\u0105tku wspomn\u0119 o <b>Osobach \u015bwi\u0119tuj\u0105cych w minionym tygodniu.<\/b><\/span><\/span><\/span><\/p>\n<p align=\"justify\"><span style=\"color: #000000;\"> <span style=\"font-family: Book Antiqua, serif;\"><span style=\"font-size: large;\"><b>I tak oto: <\/b><\/span><\/span><\/span><\/p>\n<p align=\"justify\"><span style=\"color: #000000;\">\u25ba <span style=\"font-family: Book Antiqua, serif;\"><span style=\"font-size: large;\"><b>w poniedzia\u0142ek, 16 wrze\u015bnia, imieniny prze\u017cywa\u0142a Kamila Malinowska, nale\u017c\u0105ca w swoim czasie do jednej z m\u0142odzie\u017cowych Wsp\u00f3lnot;<\/b><\/span><\/span><\/span><\/p>\n<p align=\"justify\"><span style=\"color: #000000;\">\u25ba <span style=\"font-family: Book Antiqua, serif;\"><span style=\"font-size: large;\"><b>we wtorek, 17 wrze\u015bnia, imieniny prze\u017cywa\u0142 Ksi\u0105dz Robert Bartosik, z kt\u00f3rym mia\u0142em przyjemno\u015b\u0107 wsp\u00f3\u0142pracowa\u0107, gdy by\u0142 Wikariuszem w Parafii w Tr\u0105bkach, a ja tam doje\u017cd\u017ca\u0142em do pomocy duszpasterskiej; obecnie jest On Proboszczem w jednej z Parafii Diecezji siedleckiej;<\/b><\/span><\/span><\/span><\/p>\n<p align=\"justify\"><span style=\"color: #000000;\">\u25ba <span style=\"font-family: Book Antiqua, serif;\"><span style=\"font-size: large;\"><b>w czwartek, 19 wrze\u015bnia, urodziny prze\u017cywa\u0142 Rober Pogorzelski z Warszawy, nasz sta\u0142y Komentator, Cz\u0142onek naszej blogowej Ekipy;<\/b><\/span><\/span><\/span><\/p>\n<p align=\"justify\"><span style=\"color: #000000;\">\u25ba <span style=\"font-family: Book Antiqua, serif;\"><span style=\"font-size: large;\"><b>w pi\u0105tek, 20 wrze\u015bnia, urodziny prze\u017cywa\u0142 Sebastian Gruszczy\u0144ski, w trakcie mojej pos\u0142ugi w Miastkowie, przez pewien czas \u2013 Lektor i Wiceprezes S\u0142u\u017cby liturgicznej;<\/b><\/span><\/span><\/span><\/p>\n<p align=\"justify\"><span style=\"color: #000000;\">\u25ba <span style=\"font-family: Book Antiqua, serif;\"><span style=\"font-size: large;\"><b>wczoraj natomiast, czyli w sobot\u0119, 21 wrze\u015bnia, imieniny prze\u017cywali:<\/b><\/span><\/span><\/span><\/p>\n<p align=\"justify\"><span style=\"color: #000000;\">\u2013 <span style=\"font-family: Book Antiqua, serif;\"><span style=\"font-size: large;\"><b>Ojciec Mateusz Fleiszerowicz \u2013 Franciszkanin, m\u00f3j Kolega ze studi\u00f3w prawa kanonicznego na KUL, a obecnie Proboszcz franciszka\u0144skiej Parafii w Nysie; <\/b><\/span><\/span><\/span><\/p>\n<p align=\"justify\"><span style=\"color: #000000;\">\u2013 <span style=\"font-family: Book Antiqua, serif;\"><span style=\"font-size: large;\"><b>Mateusz Grzyb \u2013 za czas\u00f3w mojego wikariatu: Lektor w Parafii w \u017belechowie;<\/b><\/span><\/span><\/span><\/p>\n<p align=\"justify\"><span style=\"color: #000000;\">\u2013 <span style=\"font-family: Book Antiqua, serif;\"><span style=\"font-size: large;\"><b>Mateusz Sitek \u2013 za czas\u00f3w mojego wikariatu: cz\u0142onek Wsp\u00f3lnoty m\u0142odzie\u017cowej w Celestynowie;<\/b><\/span><\/span><\/span><\/p>\n<p align=\"justify\"><span style=\"color: #000000;\">\u2013 <span style=\"font-family: Book Antiqua, serif;\"><span style=\"font-size: large;\"><b>Mateusz Maksymiuk \u2013 <\/b><\/span><\/span><span style=\"font-family: Book Antiqua, serif;\"><span style=\"font-size: large;\"><b>nale\u017c\u0105cy w swoim czasie do Wsp\u00f3lnoty m\u0142odzie\u017cowej w Bia\u0142ej Podlaskiej;<\/b><\/span><\/span><\/span><\/p>\n<p align=\"justify\"><span style=\"color: #000000;\">\u2013 <span style=\"font-family: Book Antiqua, serif;\"><span style=\"font-size: large;\"><b>Mateusz Mochnacz \u2013 m\u00f3j Znajomy z Bia\u0142ej Podlaskiej;<\/b><\/span><\/span><\/span><\/p>\n<p align=\"justify\"><span style=\"color: #000000;\">\u2013 <span style=\"font-family: Book Antiqua, serif;\"><span style=\"font-size: large;\"><b>Mateusz \u015aledziewski \u2013 za czas\u00f3w mojego wikariatu: Lektor w Parafii w T\u0142uszczu;<\/b><\/span><\/span><\/span><\/p>\n<p align=\"justify\"><span style=\"color: #000000;\">\u2013 <span style=\"font-family: Book Antiqua, serif;\"><span style=\"font-size: large;\"><b>Mateusz S\u0119torek \u2013 nale\u017c\u0105cy niegdy\u015b do Wsp\u00f3lnoty m\u0142odzie\u017cowej w Tr\u0105bkach;<\/b><\/span><\/span><\/span><\/p>\n<p align=\"justify\"><span style=\"color: #000000;\">\u2013 <span style=\"font-family: Book Antiqua, serif;\"><span style=\"font-size: large;\"><b>Mateusz Rutkowski, m\u00f3j by\u0142 Ucze\u0144 z \u017belechowa.<\/b><\/span><\/span><\/span><\/p>\n<p align=\"justify\"><span style=\"color: #000000;\"><span style=\"font-family: Book Antiqua, serif;\"><span style=\"font-size: large;\"><b>Urodziny z kolei obchodzi\u0142 Bart\u0142omiej G\u00f3rski, nale\u017c\u0105cy ongi\u015b do Wsp\u00f3lnoty m\u0142odzie\u017cowej w Tr\u0105bkach. <\/b><\/span><\/span><\/span><\/p>\n<p align=\"justify\"><span style=\"color: #000000;\"><span style=\"font-family: Book Antiqua, serif;\"><span style=\"font-size: large;\"><b>A imieniny i urodziny jednocze\u015bnie obchodzi\u0142 wczoraj Mateusz Szel\u0105g \u2013 do niedawna: Lektor i jeden z Grupowych w Gronie S\u0142u\u017cby liturgicznej w Miastkowie.<\/b><\/span><\/span><\/span><\/p>\n<p align=\"justify\"><span style=\"color: #000000;\">\u25ba <span style=\"font-family: Book Antiqua, serif;\"><span style=\"font-size: large;\"><b>Dzisiaj natomiast imieniny prze\u017cywa Ksi\u0105dz Tomasz Oponowicz, m\u00f3j m\u0142odszy Kolega z Diecezji siedleckiej. <\/b><\/span><\/span><\/span><\/p>\n<p align=\"justify\"><span style=\"color: #000000;\"><span style=\"font-family: Book Antiqua, serif;\"><span style=\"font-size: large;\"><b>O Wszystkich \u015bwi\u0119tuj\u0105cych pami\u0119ta\u0142em w Kodniu, w czasie Rekolekcji, a i dzisiaj powierzam Ich Bo\u017cej \u0142askawo\u015bci. Niech Pan Im we wszystkim obficie b\u0142ogos\u0142awi!<\/b><\/span><\/span><\/span><\/p>\n<p align=\"justify\"><span style=\"color: #000000;\"><span style=\"font-family: Book Antiqua, serif;\"><span style=\"font-size: large;\">Moi Drodzy, bardzo serdecznie dzi\u0119kuj\u0119 Ksi\u0119dzu Markowi za opiek\u0119 nad naszym Gospodarstwem, za przej\u0119cie steru naszego Okr\u0119tu i poprowadzenie go tak dobrym, prostym kursem. Dzi\u0119kuj\u0119 serdecznie tak\u017ce tym, kt\u00f3rym przekazywa\u0142 \u00f3w ster w poszczeg\u00f3lne dni, a wi\u0119c: Ksi\u0119dzu Paw\u0142owi, Siostrze Teresie i Siostrze Joannie. Przyznaj\u0119, \u017ce codzienne refleksje nad Bo\u017cym s\u0142owem, jakie w tych dniach pojawia\u0142y si\u0119 na blogu \u2013 wraz z Waszymi komentarzami \u2013 by\u0142y dla mnie cennym wsparciem w mojej rekolekcyjnej refleksji i bardzo pomog\u0142y w sformu\u0142owaniu postanowie\u0144 na przysz\u0142o\u015b\u0107. Dlatego raz jeszcze dzi\u0119kuj\u0119! Oczywi\u015bcie, swoj\u0105 wdzi\u0119czno\u015b\u0107 wyra\u017ca\u0142em poprzez codzienn\u0105 modlitw\u0119 w tych dniach \u2013 i nadal to planuj\u0119.<\/span><\/span><\/span><\/p>\n<p align=\"justify\"><span style=\"color: #000000;\"><span style=\"font-family: Book Antiqua, serif;\"><span style=\"font-size: large;\">A tak, swoj\u0105 drog\u0105, to jednym z temat\u00f3w moich refleksji i rozm\u00f3w z Ojcami Oblatami w Kodniu \u2013 tak\u017ce ze Spowiednikiem, Ojcem Janem Klubkiem \u2013 by\u0142a sprawa mojej pos\u0142ugi w\u015br\u00f3d M\u0142odzie\u017cy akademickiej, do czego si\u0119 ju\u017c bezpo\u015brednio przygotowuj\u0119. W tych rozmowach pojawi\u0142o si\u0119 wiele ciekawych przemy\u015ble\u0144 i propozycji. Dlatego nie ukrywam, \u017ce z du\u017c\u0105 rado\u015bci\u0105 i nadziej\u0105 przeczyta\u0142em rozwa\u017canie Ksi\u0119dza Marka ze \u015brody, 18 wrze\u015bnia, ze \u015awi\u0119ta \u015awi\u0119tego Stanis\u0142awa Kostki, Patrona M\u0142odzie\u017cy, wraz z zawart\u0105 w tym\u017ce rozwa\u017caniu pro\u015bb\u0105 o Wasze propozycje w tej sprawie. <\/span><\/span><\/span><\/p>\n<p align=\"justify\"><span style=\"color: #000000;\"><span style=\"font-family: Book Antiqua, serif;\"><span style=\"font-size: large;\">Dzi\u0119kuj\u0119 za cenne wypowiedzi, jakie zamie\u015bcili\u015bcie \u2013 za wszystkie inne wypowiedzi tak\u017ce bardzo dzi\u0119kuj\u0119 \u2013 ale licz\u0119 jeszcze na nast\u0119pne. Odnosz\u0119 bowiem wra\u017cenie, \u017ce nie wszyscy, kt\u00f3rzy mieliby co\u015b do powiedzenia w tej sprawie, zabrali g\u0142os. A przecie\u017c \u2013 jak to celnie zaznaczy\u0142 Ksi\u0105dz Marek \u2013 to jest temat, kt\u00f3ry nas wszystkich powinien porusza\u0107 i mobilizowa\u0107 do modlitwy i poszukiwania najlepszych rozwi\u0105za\u0144. Wszystkich \u2013 starszych i m\u0142odszych! Bo ten temat naprawd\u0119 nas wszystkich dotyczy. Dlatego prosz\u0119 o kontynuowanie powy\u017cszej refleksji i o wypowiedzi Os\u00f3b, kt\u00f3re chcia\u0142yby si\u0119 jak\u0105kolwiek propozycj\u0105 \u2013 cho\u0107by najmniejsz\u0105 \u2013 podzieli\u0107. A za dotychczasowe wypowiedzi \u2013 wszystkie, nie tylko w tej sprawie \u2013 raz jeszcze serdecznie dzi\u0119kuj\u0119!<\/span><\/span><\/span><\/p>\n<p align=\"justify\"><span style=\"color: #000000;\"><span style=\"font-family: Book Antiqua, serif;\"><span style=\"font-size: large;\">Moi Drodzy, dzisiaj, po Mszach \u015awi\u0119tych w Samogoszczy, ruszam do Szklarskiej Por\u0119by. Planowa\u0142em ten wyjazd ju\u017c od pocz\u0105tku wakacji. Zamierzam tam poby\u0107 przez tydzie\u0144, do nast\u0119pnej niedzieli. Chc\u0119 \u2013 mi\u0119dzy innymi \u2013 popracowa\u0107 nad przygotowaniem do wydania pewnej pozycji ksi\u0105\u017ckowej, nad kt\u00f3r\u0105 pracuj\u0119 ju\u017c od kilku lat, chocia\u017c przez ostatnie dwa lata sprawa uleg\u0142a zawieszeniu. Teraz chc\u0119 do niej wr\u00f3ci\u0107 i sfinalizowa\u0107 dzie\u0142o. Wierz\u0119, \u017ce atmosfera Szklarskiej Por\u0119by b\u0119dzie temu sprzyja\u0107. Oczywi\u015bcie, nie musz\u0119 zapewnia\u0107, \u017ce b\u0119d\u0119 pami\u0119ta\u0142 o Was w modlitwie, bo b\u0119d\u0119.<\/span><\/span><\/span><\/p>\n<p align=\"justify\"><span style=\"color: #000000;\"><span style=\"font-family: Book Antiqua, serif;\"><span style=\"font-size: large;\">Wspomn\u0119 jeszcze, \u017ce jad\u0105c na Rekolekcje w poniedzia\u0142ek, \u201ezahaczy\u0142em\u201d o Siedlce, gdzie po raz pierwszy spotka\u0142em si\u0119 Pani\u0105 Profesor Tamar\u0105 Zacharuk, Rektor Uniwersytetu Przyrodniczo \u2013 Humanistycznego, przy kt\u00f3rej to Uczelni b\u0119d\u0119, wraz z Ksi\u0119dzem Tomaszem Ma\u0142ki\u0144skim, pos\u0142ugiwa\u0142 jako Duszpasterz akademicki. Rozmowa by\u0142a bardzo dobra i rzeczowa, ze strony Pani Rektor spotka\u0142em si\u0119 z ogromnie \u017cyczliwym przyj\u0119ciem, a tak\u017ce z akceptacj\u0105 pewnej mojej propozycji, odno\u015bnie do mojego zaanga\u017cowania w \u017cycie spo\u0142eczno\u015bci akademickiej, ale o tym napisz\u0119 p\u00f3\u017aniej, kiedy sprawa nabierze bardziej realnego kszta\u0142tu. Podkre\u015blam jednak wielk\u0105 \u017cyczliwo\u015b\u0107 i otwarto\u015b\u0107 Pani Rektor, a tak\u017ce Pani Doktor Beaty Czelu\u015bci\u0144skiej, Kierownik Rektoratu \u2013 za co te\u017c wyra\u017cam ogromn\u0105 wdzi\u0119czno\u015b\u0107!<\/span><\/span><\/span><\/p>\n<p align=\"justify\"><span style=\"color: #000000;\"><span style=\"font-family: Book Antiqua, serif;\"><span style=\"font-size: large;\">A ja dzisiaj pozdrawiam z Domu rodzinnego. Wczoraj, z okazji zbli\u017caj\u0105cych si\u0119 urodzin Szwagra, Kamila, oraz Jego Syna Tomka, sprawowa\u0142em Msz\u0119 \u015awi\u0119t\u0105 w ich obecnej Parafii, pod wezwaniem \u015awi\u0119tej Anny. O tych urodzinach wspomn\u0119 dok\u0142adniej wtedy, kiedy nast\u0105pi\u0105, czyli we wtorek. Wczoraj jednak \u2013 ze wzgl\u0119du na to, \u017ce to \u201eokr\u0105g\u0142e\u201d urodziny Kamila \u2013 odby\u0142a si\u0119 wspomniana Msza \u015awi\u0119ta i ca\u0142kiem sympatyczna uroczysto\u015b\u0107 rodzinna.<\/span><\/span><\/span><\/p>\n<p align=\"justify\"><span style=\"color: #000000;\"><span style=\"font-family: Book Antiqua, serif;\"><span style=\"font-size: large;\">Moi Drodzy, serdecznie dzi\u0119kuj\u0119 Wam za modlitewn\u0105 blisko\u015b\u0107 ze mn\u0105 w tych jak\u017ce wa\u017cnych, rekolekcyjnych dniach! Obiecuj\u0119 ze swej strony modlitewn\u0105 wdzi\u0119czno\u015b\u0107, a na prze\u017cywanie dzisiejszego Dnia Pa\u0144skiego \u2013 <b>niech Was b\u0142ogos\u0142awi B\u00f3g Wszechmog\u0105cy: Ojciec + i Syn, i Duch \u015awi\u0119ty. Amen<\/b><\/span><\/span><\/span><\/p>\n<p align=\"center\"><span style=\"color: #000000;\"><span style=\"font-family: Book Antiqua, serif;\"><span style=\"font-size: large;\">Gaudium et spes! Ks. Jacek<\/span><\/span><\/span><\/p>\n<p align=\"center\">\n<p align=\"center\">\n<p align=\"center\">\n<p align=\"center\">\n<p align=\"center\">\n<p align=\"justify\"><span style=\"color: #000000;\"><span style=\"font-family: Book Antiqua, serif;\"><span style=\"font-size: large;\"><b>25 Niedziela zwyk\u0142a, C,<\/b><\/span><\/span><\/span><\/p>\n<p align=\"justify\"><span style=\"color: #000000;\"><span style=\"font-family: Book Antiqua, serif;\"><span style=\"font-size: large;\"><b>do czyta\u0144: Am 8,4\u20137; 1 Tm 2,1\u20138; \u0141k 16,1\u201313<\/b><\/span><\/span><\/span><\/p>\n<p align=\"justify\">\n<p align=\"justify\">\n<p align=\"justify\">\n<p align=\"justify\">\n<p align=\"justify\">\n<p align=\"justify\"><span style=\"color: #000000;\"><span style=\"font-family: Book Antiqua, serif;\"><span style=\"font-size: large;\"><b>CZYTANIE Z KSI\u0118GI PROROKA AMOSA:<\/b><\/span><\/span><\/span><\/p>\n<p align=\"justify\"><span style=\"color: #000000;\"><span style=\"font-family: Book Antiqua, serif;\"><span style=\"font-size: large;\"><b>S\u0142uchajcie tego wy, kt\u00f3rzy gn\u0119bicie ubogiego i bezrolnego pozostawiacie bez pracy, kt\u00f3rzy m\u00f3wicie: \u201eKiedy\u017c minie n\u00f3w ksi\u0119\u017cyca, by\u015bmy mogli sprzedawa\u0107 zbo\u017ce? Kiedy\u017c szabat, by\u015bmy mogli otworzy\u0107 spichlerz? A b\u0119dziemy zmniejsza\u0107 ef\u0119, powi\u0119ksza\u0107 sykl i wag\u0119 podst\u0119pnie fa\u0142szowa\u0107. B\u0119dziemy kupowa\u0107 biednego za srebro, a ubogiego za par\u0119 sanda\u0142\u00f3w i plewy pszenicy b\u0119dziemy sprzedawa\u0107\u201d.<\/b><\/span><\/span><\/span><\/p>\n<p align=\"justify\"><span style=\"color: #000000;\"><span style=\"font-family: Book Antiqua, serif;\"><span style=\"font-size: large;\"><b>Przysi\u0105g\u0142 Pan na dum\u0119 Jakuba: \u201eNie zapomn\u0119 nigdy wszystkich ich uczynk\u00f3w\u201d.<\/b><\/span><\/span><\/span><\/p>\n<p align=\"justify\">\n<p align=\"justify\">\n<p align=\"justify\">\n<p align=\"justify\">\n<p align=\"justify\">\n<p align=\"justify\"><span style=\"color: #000000;\"><span style=\"font-family: Book Antiqua, serif;\"><span style=\"font-size: large;\"><b>CZYTANIE Z PIERWSZEGO LISTU \u015aWI\u0118TEGO PAW\u0141A APOSTO\u0141A DO TYMOTEUSZA:<\/b><\/span><\/span><\/span><\/p>\n<p align=\"justify\"><span style=\"color: #000000;\"><span style=\"font-family: Book Antiqua, serif;\"><span style=\"font-size: large;\"><b>Zalecam przede wszystkim, by pro\u015bby, modlitwy, wsp\u00f3lne b\u0142agania, dzi\u0119kczynienia odprawiane by\u0142y za wszystkich ludzi: za kr\u00f3l\u00f3w i za wszystkich sprawuj\u0105cych w\u0142adz\u0119, aby\u015bmy mogli prowadzi\u0107 \u017cycie ciche i spokojne z ca\u0142\u0105 pobo\u017cno\u015bci\u0105 i godno\u015bci\u0105. Jest to bowiem rzecz dobra i mi\u0142a w oczach Zbawiciela naszego, Boga, kt\u00f3ry pragnie, by wszyscy ludzie zostali zbawieni i doszli do poznania prawdy.<\/b><\/span><\/span><\/span><\/p>\n<p align=\"justify\"><span style=\"color: #000000;\"><span style=\"font-family: Book Antiqua, serif;\"><span style=\"font-size: large;\"><b>Albowiem jeden jest B\u00f3g, jeden te\u017c po\u015brednik mi\u0119dzy Bogiem a lud\u017ami, cz\u0142owiek, Chrystus Jezus, kt\u00f3ry wyda\u0142 siebie samego na okup za wszystkich jako \u015bwiadectwo we w\u0142a\u015bciwym czasie. Ze wzgl\u0119du na nie ja zosta\u0142em ustanowiony g\u0142osicielem i aposto\u0142em \u2013 m\u00f3wi\u0119 prawd\u0119, nie k\u0142ami\u0119 \u2013 nauczycielem pogan w wierze i prawdzie.<\/b><\/span><\/span><\/span><\/p>\n<p align=\"justify\"><span style=\"color: #000000;\"><span style=\"font-family: Book Antiqua, serif;\"><span style=\"font-size: large;\"><b>Chc\u0119 wi\u0119c, by m\u0119\u017cczy\u017ani modlili si\u0119 na ka\u017cdym miejscu, podnosz\u0105c r\u0119ce czyste bez gniewu i sporu.<\/b><\/span><\/span><\/span><\/p>\n<p align=\"justify\">\n<p align=\"justify\">\n<p align=\"justify\">\n<p align=\"justify\">\n<p align=\"justify\">\n<p align=\"justify\"><span style=\"color: #000000;\"><span style=\"font-family: Book Antiqua, serif;\"><span style=\"font-size: large;\"><b>S\u0141OWA EWANGELII WED\u0141UG \u015aWI\u0118TEGO \u0141UKASZA:<\/b><\/span><\/span><\/span><\/p>\n<p align=\"justify\"><span style=\"color: #000000;\"><span style=\"font-family: Book Antiqua, serif;\"><span style=\"font-size: large;\"><b>Jezus powiedzia\u0142 do swoich uczni\u00f3w: \u201ePewien bogaty cz\u0142owiek mia\u0142 rz\u0105dc\u0119, kt\u00f3rego oskar\u017cono przed nim, \u017ce trwoni jego maj\u0105tek. Przywo\u0142a\u0142 go do siebie i rzek\u0142 mu: \u00abC\u00f3\u017c to s\u0142ysz\u0119 o tobie? Zdaj spraw\u0119 z twego zarz\u0105du, bo ju\u017c nie b\u0119dziesz m\u00f3g\u0142 by\u0107 rz\u0105dc\u0105\u00bb.<\/b><\/span><\/span><\/span><\/p>\n<p align=\"justify\"><span style=\"color: #000000;\"><span style=\"font-family: Book Antiqua, serif;\"><span style=\"font-size: large;\"><b>Na to rz\u0105dca rzek\u0142 sam do siebie: \u00abCo ja poczn\u0119, skoro m\u00f3j pan pozbawia mi\u0119 zarz\u0105du? Kopa\u0107 nie mog\u0119, \u017cebra\u0107 si\u0119 wstydz\u0119. Wiem, co uczyni\u0119, \u017ceby mi\u0119 ludzie przyj\u0119li do swoich dom\u00f3w, gdy b\u0119d\u0119 usuni\u0119ty z zarz\u0105du\u00bb.<\/b><\/span><\/span><\/span><\/p>\n<p align=\"justify\"><span style=\"color: #000000;\"><span style=\"font-family: Book Antiqua, serif;\"><span style=\"font-size: large;\"><b>Przywo\u0142a\u0142 wi\u0119c do siebie ka\u017cdego z d\u0142u\u017cnik\u00f3w swego pana i zapyta\u0142 pierwszego: \u00abIle jeste\u015b winien mojemu panu?\u00bb Ten odpowiedzia\u0142: \u00abSto beczek oliwy\u00bb. On mu rzek\u0142: \u00abWe\u017a swoje zobowi\u0105zanie, siadaj pr\u0119dko i napisz pi\u0119\u0107dziesi\u0105t\u00bb. Nast\u0119pnie pyta\u0142 drugiego: \u00abA ty ile jeste\u015b winien?\u00bb Ten odrzek\u0142: \u00abSto korcy pszenicy\u00bb. M\u00f3wi mu: \u00abWe\u017a swoje zobowi\u0105zanie i napisz: osiemdziesi\u0105t\u00bb. Pan pochwali\u0142 nieuczciwego rz\u0105dc\u0119, \u017ce roztropnie post\u0105pi\u0142. Bo synowie tego \u015bwiata roztropniejsi s\u0105 w stosunkach z lud\u017ami podobnymi sobie ni\u017c synowie \u015bwiat\u0142a.<\/b><\/span><\/span><\/span><\/p>\n<p align=\"justify\"><span style=\"color: #000000;\"><span style=\"font-family: Book Antiqua, serif;\"><span style=\"font-size: large;\"><b>Ja tak\u017ce wam powiadam: \u00abZyskujcie sobie przyjaci\u00f3\u0142 niegodziw\u0105 mamon\u0105, aby gdy wszystko si\u0119 sko\u0144czy, przyj\u0119to was do wiecznych przybytk\u00f3w.<\/b><\/span><\/span><\/span><\/p>\n<p align=\"justify\"><span style=\"color: #000000;\"><span style=\"font-family: Book Antiqua, serif;\"><span style=\"font-size: large;\"><b>Kto w drobnej rzeczy jest wierny, ten i w wielkiej b\u0119dzie wierny; a kto w drobnej rzeczy jest nieuczciwy, ten i w wielkiej nieuczciwy b\u0119dzie. Je\u015bli wi\u0119c w zarz\u0105dzie niegodziw\u0105 mamon\u0105 nie okazali\u015bcie si\u0119 wierni, prawdziwe dobro kto wam powierzy? Je\u015bli w zarz\u0105dzie cudzym dobrem nie okazali\u015bcie si\u0119 wierni, kto wam da wasze?<\/b><\/span><\/span><\/span><\/p>\n<p align=\"justify\"><span style=\"color: #000000;\"><span style=\"font-family: Book Antiqua, serif;\"><span style=\"font-size: large;\"><b>\u017baden s\u0142uga nie mo\u017ce dwom panom s\u0142u\u017cy\u0107. Gdy\u017c albo jednego b\u0119dzie nienawidzi\u0142, a drugiego mi\u0142owa\u0142; albo z tamtym b\u0119dzie trzyma\u0142, a tym wzgardzi.<\/b><\/span><\/span><\/span><\/p>\n<p align=\"justify\"><span style=\"color: #000000;\"><span style=\"font-family: Book Antiqua, serif;\"><span style=\"font-size: large;\"><b>Nie mo\u017cecie s\u0142u\u017cy\u0107 Bogu i mamonie\u00bb\u201d.<\/b><\/span><\/span><\/span><\/p>\n<p align=\"justify\">\n<p align=\"justify\">\n<p align=\"justify\">\n<p align=\"justify\">\n<p align=\"justify\">\n<p align=\"justify\"><span style=\"color: #000000;\"><span style=\"font-family: Book Antiqua, serif;\"><span style=\"font-size: large;\">Troch\u0119 nas zapewne dziwi, za co \u00f3w ewangeliczny bogaty cz\u0142owiek pochwali\u0142 swego rz\u0105dc\u0119. Czy za to, \u017ce pozmniejsza\u0142 wszystkim d\u0142u\u017cnikom ich zobowi\u0105zania? <b>To za to si\u0119 teraz chwali?<\/b> <\/span><\/span><\/span><\/p>\n<p align=\"justify\"><span style=\"color: #000000;\"><span style=\"font-family: Book Antiqua, serif;\"><span style=\"font-size: large;\">Nie, za to si\u0119 nie chwali, a przynajmniej <b>Ewangelia nie chwali za nieuczciwo\u015b\u0107,<\/b> ale rz\u0105dca zosta\u0142 pochwalony przez swego pana za umiej\u0119tno\u015b\u0107 wyj\u015bcia z trudnej sytuacji. <\/span><\/span><\/span><\/p>\n<p align=\"justify\"><span style=\"color: #000000;\"><span style=\"font-family: Book Antiqua, serif;\"><span style=\"font-size: large;\">I na koniec gorzkie stwierdzenie Jezusa, kwituj\u0105ce ca\u0142\u0105 spraw\u0119: <i><b>Synowie tego \u015bwiata roztropniejsi s\u0105 w stosunkach z lud\u017ami podobnymi sobie, ni\u017c synowie \u015bwiat\u0142a.<\/b><\/i><b> <\/b>Czy tak nie jest?<b> <\/b>Czy nie wykazujemy znacznie wi\u0119kszej inicjatywy w zaradzaniu codziennym sprawom, zwi\u0105zanym z utrzymaniem, prac\u0105, a o wiele mniej anga\u017cujemy si\u0119 w dobro, zwi\u0105zane z naszym zbawieniem? <\/span><\/span><\/span><\/p>\n<p align=\"justify\"><span style=\"color: #000000;\"><span style=\"font-family: Book Antiqua, serif;\"><span style=\"font-size: large;\">Ci\u0105gle jeszcze <b>\u017cyjemy tak <\/b><b>troch\u0119<\/b><b> dwutorowo. <\/b>Z jednej strony, zajmuj\u0105 nas sprawy doczesne, a wi\u0119c sprawy naszej pracy, naszego utrzymania, nasze wzajemne odnoszenie si\u0119 w rodzinie, w s\u0105siedztwie, a wi\u0119c<b> \u201ewszystkie nasze dzienne sprawy\u201d \u2013<\/b> jak \u015bpiewamy w pie\u015bni \u2013 do kt\u00f3rych mo\u017ce lepiej, \u017ceby <b>Pan B\u00f3g<\/b> <b>za bardzo si\u0119 nie miesza\u0142<\/b> i si\u0119 im zbytnio nie przygl\u0105da\u0142, bo wiele rzeczy mog\u0142oby Go tam \u201ezaskoczy\u0107\u201d\u2026 Tak, wieloma zachowaniami i postawami <b>chrze\u015bcijanie mogliby bardzo \u201ezdziwi\u0107\u201d swego Boga.<\/b> <\/span><\/span><\/span><\/p>\n<p align=\"justify\"><span style=\"color: #000000;\"><span style=\"font-family: Book Antiqua, serif;\"><span style=\"font-size: large;\">I jest ta druga strona naszego \u017cycia, druga \u201estrona medalu\u201d, a wi\u0119c kwestia<b> naszej pobo\u017cno\u015bci, z\u0142o\u017conych r\u0105k, naszej modlitwy w ko\u015bciele,<\/b> naszych wizyt w kancelarii parafialnej. Tutaj zasadniczo mamy si\u0119 czym pochwali\u0107, <b>zupe\u0142nie nie\u017ale wypadamy w oczach Bo\u017cych,<\/b> chocia\u017c musimy przyzna\u0107, \u017ce <b>pewniej<\/b> czujemy si\u0119 raczej na gruncie naszej codzienno\u015bci i tych spraw zwyk\u0142ych, szarych, a te uroczyste sprawy ko\u015bcielne \u2013 to takie troch\u0119 odleg\u0142e i na pewno ksi\u0105dz czuje si\u0119 w nich lepiej, swobodniej, <b>a my, \u201ezwykli \u015bmiertelnicy\u201d?\u2026 <\/b>No, c\u00f3\u017c\u2026 To troch\u0119 \u201enie nasz teren\u201d\u2026<\/span><\/span><\/span><\/p>\n<p align=\"justify\"><span style=\"color: #000000;\"><span style=\"font-family: Book Antiqua, serif;\"><span style=\"font-size: large;\">I w\u0142a\u015bnie my\u015bl\u0105c w ten spos\u00f3b, doprowadzamy do zarysowania bardzo wyra\u017anej linii, grubej kreski <b>\u2013 <\/b><b>nieraz wr\u0119cz <\/b><b>granicy nie do przekroczenia<\/b> \u2013 pomi\u0119dzy sprawami Bo\u017cymi, a sprawami ludzkimi. Nie mog\u0105 dotrze\u0107 do nas s\u0142owa Jezusa: <i><b>Pozyskujcie sobie<\/b><\/i><i> <\/i><i><b>przyjaci\u00f3\u0142 niegodziw\u0105 mamon\u0105, aby gdy wszystko si\u0119 sko\u0144czy, przyj\u0119to was do wiecznych przybytk\u00f3w.<\/b><\/i> Nie chodzi tu o niegodziw\u0105 mamon\u0119 w znaczeniu <b>pieni<\/b><b>\u0119<\/b><b>dz<\/b><b>y<\/b><b> zdobyt<\/b><b>ych <\/b><b>na drodze kradzie\u017cy czy <\/b><b>innych malwersacji<\/b><b>,<\/b> ale niegodziwo\u015b\u0107 owej mamony polega na tym, \u017ce w zestawieniu z bogactwem duchowym i warto\u015bciami duchowymi, stoi ona <b>na zdecydowanie ni\u017cszym poziomie \u2013<\/b> przynajmniej w rozumieniu Jezusa. <\/span><\/span><\/span><\/p>\n<p align=\"justify\"><span style=\"color: #000000;\"><span style=\"font-family: Book Antiqua, serif;\"><span style=\"font-size: large;\">My to czasami r\u00f3\u017cnie pojmujemy. Jezus jednak tak spraw\u0119 stawia. I dlatego zach\u0119ca, aby\u015bmy za pomoc\u0105 tej tak zwanej mamony, <b>a wi\u0119c wszystkich ziemskich bogactw,<\/b> ale te\u017c i szerzej: na drodze naszego codziennego zabiegania, podejmowania codziennych, szarych spraw \u2013 <b>zbli\u017ca<\/b><b>li<\/b><b> si\u0119 do Boga!<\/b> <\/span><\/span><\/span><\/p>\n<p align=\"justify\"><span style=\"color: #000000;\"><span style=\"font-family: Book Antiqua, serif;\"><span style=\"font-size: large;\">Aby nie by\u0142o w naszym my\u015bleniu owego <b>drastycznego podzia\u0142u<\/b> na sprawy ziemskie i ponadziemskie, ale aby jedne s\u0142u\u017cy\u0142y drugim \u2013 <b>aby te ziemskie prowadzi\u0142y nas do niebieskich.<\/b> Aby\u015bmy anga\u017cuj\u0105c si\u0119 w te ziemskie \u2013 jednocze\u015bnie zas\u0142ugiwali na niebieskie. Aby\u015bmy spe\u0142niaj\u0105c codzienne, zwyk\u0142e sprawy, pozyskiwali przyjaci\u00f3\u0142: <b>przede wszystkim \u2013 w Osobie Jezusa,<\/b> ale r\u00f3wnie\u017c w osobach ludzi, kt\u00f3rych spotkamy, kt\u00f3rym pomo\u017cemy. <\/span><\/span><\/span><\/p>\n<p align=\"justify\"><span style=\"color: #000000;\"><span style=\"font-family: Book Antiqua, serif;\"><span style=\"font-size: large;\">W ten spos\u00f3b oka\u017cemy wra\u017cliwo\u015b\u0107 na ostrze\u017cenie Jezusa: <i><b>\u017baden s\u0142uga nie mo\u017ce dwom panom s\u0142u\u017cy\u0107. Gdy\u017c albo jednego b\u0119dzie nienawidzi\u0142, a drugiego mi\u0142owa\u0142; albo z tamtym b\u0119dzie trzyma\u0142, a tym wzgardzi. Nie mo\u017cecie s\u0142u\u017cy\u0107 Bogu i mamonie.<\/b><\/i><b> <\/b><\/span><\/span><\/span><\/p>\n<p align=\"justify\"><span style=\"color: #000000;\"><span style=\"font-family: Book Antiqua, serif;\"><span style=\"font-size: large;\">W\u0142a\u015bnie! Nie mo\u017cna z pe\u0142nym zaanga\u017cowaniem s\u0142u\u017cy\u0107 Bogu <b>i na r\u00f3wni z Nim stawia\u0107 spraw doczesnych, <\/b>codziennego zabiegania, starania si\u0119 o utrzymanie, o zapewnienie \u015brodk\u00f3w materialnych. Owo zabieganie<b> nie mo\u017ce sta\u0107 si\u0119 celem samym w sobie,<\/b> nie mo\u017ce przys\u0142oni\u0107 nam spraw najwa\u017cniejszych \u2013 a chocia\u017cby tych, \u017ce przecie\u017c jeszcze istnieje B\u00f3g i to Jemu mamy s\u0142u\u017cy\u0107 i o Niego mamy zabiega\u0107, o szcz\u0119\u015bcie wieczne z Nim, <b>a nie <\/b><b>jedynie <\/b><b>o szcz\u0119\u015bcie doczesne! <\/b><\/span><\/span><\/span><\/p>\n<p align=\"justify\"><span style=\"color: #000000;\"><span style=\"font-family: Book Antiqua, serif;\"><span style=\"font-size: large;\">Oczywi\u015bcie, kto\u015b powie, \u017ce \u0142atwo tak m\u00f3wi\u0107 na kazaniu, ale przecie\u017c <b>trzeba z czego\u015b \u017cy\u0107,<\/b> zapewni\u0107 ludzkie warunki utrzymania. To prawda, tego nie spos\u00f3b zanegowa\u0107. Ale to staranie musimy prowadzi\u0107 rozs\u0105dnie, wed\u0142ug jakich\u015b regu\u0142, konkretnie \u2013 <b>Bo\u017cych regu\u0142!<\/b> Przy codziennym zabieganiu chrze\u015bcijanina obowi\u0105zuje r\u00f3wnie\u017c \u2013 a mo\u017ce: przede wszystkim \u2013 pami\u0119\u0107 o Bogu i Jego przykazaniach, r\u00f3wnie\u017c wtedy obowi\u0105zuje go szacunek i pos\u0142usze\u0144stwo Bogu.<\/span><\/span><\/span><\/p>\n<p align=\"justify\"><span style=\"color: #000000;\"><span style=\"font-family: Book Antiqua, serif;\"><span style=\"font-size: large;\">Je\u017celi natomiast kto\u015b si\u0119 tak bardzo koncentruje na tym codziennym zabieganiu, <b>\u017ce<\/b><b> zapomina o Bogu,<\/b> to mo\u017ce si\u0119 okaza\u0107, \u017ce stworzy\u0142 sobie drugiego boga \u2013 w postaci pieni\u0105dza, lub innej, materialnej postaci \u2013 <b>i Temu prawdziwemu s\u0142u\u017cy w niedziel\u0119, <\/b>a temu stworzonemu przez siebie s\u0142u\u017cy przez pozosta\u0142e dni tygodnia. I wszystko w porz\u0105dku, i \u201ewszystko gra\u201d\u2026 <b>No,<\/b> <b>n<\/b><b>ie za bardzo\u2026<\/b><\/span><\/span><\/span><\/p>\n<p align=\"justify\"><span style=\"color: #000000;\"><span style=\"font-family: Book Antiqua, serif;\"><span style=\"font-size: large;\">Wszystko by\u0142oby w porz\u0105dku, gdyby nie twarde i bezkompromisowe s\u0142owa Jezusa:<i><b> Nie mo\u017cecie s\u0142u\u017cy\u0107 Bogu i mamonie.<\/b><\/i> Mo\u017cna by \u2013 ws\u0142uchuj\u0105c si\u0119 w nauczanie Jezusa z dzisiejszej Ewangelii \u2013 doj\u015b\u0107 do wniosku, \u017ce to, jak b\u0119dziemy traktowa\u0107 te sprawy codzienne, sprawy naszego codziennego zabiegania i powszedniej troski o chleb,<b> jest sprawdzianem naszego chrze\u015bcija\u0144stwa.<\/b> Jezus m\u00f3wi wyra\u017anie:<i> <\/i><i><b>Kto w drobnej rzeczy jest wierny, ten i w wielkiej b\u0119dzie wierny; a kto w drobnej rzeczy jest nieuczciwy, ten i w wielkiej nieuczciwy b\u0119dzie.<\/b><\/i> A zatem, je\u017celi kto\u015b<b> nie liczy si\u0119 z Bogiem na co dzie\u0144, <\/b>w tych sprawach powszednich, ten naprawd\u0119 nie jest w stanie <b>szczerze oddawa\u0107 Mu chwa\u0142y<\/b> na modlitwie, w ko\u015bciele. <\/span><\/span><\/span><\/p>\n<p align=\"justify\"><span style=\"color: #000000;\"><span style=\"font-family: Book Antiqua, serif;\"><span style=\"font-size: large;\">I cho\u0107by na modlitwie sk\u0142ada\u0142 Bogu zapewnienia o swojej <b>nadzwyczajnej pobo\u017cno\u015bci i wierno\u015bci, <\/b>cho\u0107by sk\u0142ada\u0142 Bogu najwi\u0119ksze obietnice, cho\u0107by <b>modli\u0142 si\u0119 godzinami i do \u0142ez wzrusza\u0142,<\/b> to je\u017celi jednocze\u015bnie sta\u0107 go na nieuczciwo\u015b\u0107; je\u017celi, na przyk\u0142ad, oszukuje i okrada swoich pracownik\u00f3w, zalega z wyp\u0142at\u0105 swoim pracownikom, <b>traktuj<\/b><b>\u0105c<\/b><b> ich <\/b><b>przy tym <\/b><b>jak narz\u0119dzia do pracy;<\/b> s\u0142owem: je\u017celi jest nieuczciwy w drobnej, ludzkiej sprawie \u2013 <b>jak si\u0119 mo\u017ce nagle okaza\u0107 uczciwy w tej wielkiej, Bo\u017cej sprawie?<\/b> <\/span><\/span><\/span><\/p>\n<p align=\"justify\"><span style=\"color: #000000;\"><span style=\"font-family: Book Antiqua, serif;\"><span style=\"font-size: large;\">W obliczu Boga taki cz\u0142owiek staje r\u00f3wnie\u017c jako nieuczciwy, jako oszust, jako cz\u0142owiek o dw\u00f3ch twarzach. I nic dziwnego, \u017ce ze strony Boga <b>nie mo\u017ce si\u0119 spodziewa\u0107 \u017cadnej nagrody,<\/b> bo przecie\u017c dzisiaj Jezus powiedzia\u0142 wyra\u017anie: <i><b>Je\u017celi w zarz\u0105dzie niegodziw\u0105 mamon\u0105 nie okazali\u015bcie si\u0119 wierni, prawdziwe dobro kto wam powierzy?<\/b><\/i><\/span><\/span><\/span><\/p>\n<p align=\"justify\"><span style=\"color: #000000;\"><span style=\"font-family: Book Antiqua, serif;\"><span style=\"font-size: large;\">Je\u017celi w zarz\u0105dzie ludzkimi, ziemskimi dobrami, nie okazali\u015bcie si\u0119 wierni, <b>kto wam powierzy sprawy Bo\u017ce, kto wam powierzy dobra wieczne?<\/b> Przecie\u017c i tych r\u00f3wnie\u017c nie b\u0119dziecie umieli nale\u017cycie wykorzysta\u0107. I dlatego w\u0142a\u015bnie przyjmowanie Sakrament\u00f3w, uczestnictwo we Mszy \u015awi\u0119tej, Komunia \u015awi\u0119ta <b>przyjmowana przez cz\u0142owieka nieuczciwego \u2013<\/b> takiego o negatywnym usposobieniu w sprawach materialnych \u2013 pozostaje bezskuteczna, bo do niego nie dociera \u017cadne dobro duchowe. <b>On nie jest na nie przygotowany, nie jest na nie otwarty. <\/b><\/span><\/span><\/span><\/p>\n<p align=\"justify\"><span style=\"color: #000000;\"><span style=\"font-family: Book Antiqua, serif;\"><span style=\"font-size: large;\">Przyk\u0142ad takiego negatywnego nastawienia do d\u00f3br tego \u015bwiata, niew\u0142a\u015bciwego gospodarowania nimi, ukazuje nam Prorok Amos, kt\u00f3ry w imieniu Boga \u2013 w dzisiejszym pierwszym czytaniu \u2013 gromi takie postawy, w s\u0142owach: <i><b>S\u0142uchajcie tego wy, kt\u00f3rzy gn\u0119bicie ubogiego i bezrolnego pozostawiacie bez pracy, kt\u00f3rzy m\u00f3wicie: \u201eKiedy minie n\u00f3w ksi\u0119\u017cyca, by\u015bmy mogli sprzedawa\u0107 zbo\u017ce? Kiedy\u017c szabat, by\u015bmy mogli otworzy\u0107 spichlerz? A b\u0119dziemy zmniejsza\u0107 ef\u0119, powi\u0119ksza\u0107 sykl i wag\u0119 podst\u0119pnie fa\u0142szowa\u0107. B\u0119dziemy kupowa\u0107 biednego za srebro, a ubogiego za par\u0119 sanda\u0142\u00f3w i plewy pszenicy b\u0119dziemy sprzedawa\u0107\u201d.<\/b><\/i><b> <\/b><\/span><\/span><\/span><\/p>\n<p align=\"justify\"><span style=\"color: #000000;\"><span style=\"font-family: Book Antiqua, serif;\"><span style=\"font-size: large;\">To bardzo jaskrawe ukazanie pewnej okre\u015blonej postawy. A swoj\u0105 drog\u0105 \u2013 czy nie jest nam to sk\u0105d\u015b znane? Czy nie przypomina nam pewnych postaw i sytuacji,<b> kt\u00f3re obserwujemy na co dzie\u0144 w naszym otoczeniu, albo w przekazach telewizyjnych? <\/b>Jednak Pan B\u00f3g zapowiada, \u017ce w ich obliczu zajmie bardzo okre\u015blone stanowisko. Prorok Amos m\u00f3wi:<i> <\/i><i><b>Przysi\u0105g\u0142 Pan na dum\u0119 Jakuba: Nie zapomn\u0119 wszystkich ich uczynk\u00f3w!<\/b><\/i><\/span><\/span><\/span><\/p>\n<p align=\"justify\"><span style=\"color: #000000;\"><span style=\"font-family: Book Antiqua, serif;\"><span style=\"font-size: large;\">Aby wyzwala\u0107 si\u0119 ci\u0105gle z tego zafa\u0142szowania, aby wyzwala\u0107 si\u0119 z niew\u0142a\u015bciwych postaw, <b>aby godzi\u0107 sprawy ludzkie i codzienne ze sprawami Bo\u017cymi,<\/b> mo\u017ce trzeba uwa\u017cnie ws\u0142ucha\u0107 si\u0119 w s\u0142owa, kt\u00f3re do m\u0142odego Biskupa Tymoteusza kieruje dzisiaj \u015awi\u0119ty Pawe\u0142: <i><b>Zalecam przede wszystkim, by pro\u015bby, modlitwy, wsp\u00f3lne b\u0142agania, dzi\u0119kczynienia odprawiane by\u0142y za wszystkich ludzi: za kr\u00f3l\u00f3w, za wszystkich sprawuj\u0105cych w\u0142adz\u0119, aby\u015bmy mogli prowadzi\u0107 \u017cycie ciche i spokojne, z ca\u0142\u0105 pobo\u017cno\u015bci\u0105 i godno\u015bci\u0105.<\/b><\/i><b> <\/b><\/span><\/span><\/span><\/p>\n<p align=\"justify\"><span style=\"color: #000000;\"><span style=\"font-family: Book Antiqua, serif;\"><span style=\"font-size: large;\">W\u0142a\u015bnie, aby\u015bmy <b>modlitw\u0105 potrafili ogarnia\u0107 <\/b>i wspiera\u0107 sprawy ludzkie, sprawy codzienne, oraz ludzi, kt\u00f3rzy s\u0105 odpowiedzialni na forum publicznym za te w\u0142a\u015bnie sprawy. Aby spe\u0142nia\u0107 je wszystkie<i> <\/i><i><b>z pobo\u017cno\u015bci\u0105 i godno\u015bci\u0105.<\/b><\/i><i> <\/i><b>[\u2026]<\/b><i><b> Jest to bowiem rzecz dobra i mi\u0142a w oczach Zbawiciela naszego, Boga, kt\u00f3ry pragnie, by wszyscy ludzie zostali zbawieni i doszli do poznania prawdy.<\/b><\/i><b> <\/b><\/span><\/span><\/span><\/p>\n<p align=\"justify\"><span style=\"color: #000000;\"><span style=\"font-family: Book Antiqua, serif;\"><span style=\"font-size: large;\">Ale je\u017celi maj\u0105 doj\u015b\u0107 do zbawienia, to tylko <b>drog\u0105 wiod\u0105c\u0105 przez codzienno\u015b\u0107 <\/b>i codzienne sprawy, przez codzienny szacunek do cz\u0142owieka. Chyba najkr\u00f3cej streszcza t\u0119 Paw\u0142ow\u0105 zach\u0119t\u0119 modlitwa przed czytaniami, Kolekta, w kt\u00f3rej wypowiedzieli\u015bmy takie s\u0142owa: <b>\u201e<\/b><b>Bo\u017ce, Ty zawar\u0142e\u015b wszystkie nakazy \u015awi\u0119tego Prawa w przykazaniu mi\u0142o\u015bci Ciebie i bli\u017aniego, spraw, aby\u015bmy zachowuj\u0105c Twoje <\/b><b>p<\/b><b>rzykazania, zas\u0142u\u017cyli na \u017cycie wieczne.\u201d<\/b><\/span><\/span><\/span><\/p>\n<p align=\"justify\"><span style=\"color: #000000;\"><span style=\"font-family: Book Antiqua, serif;\"><span style=\"font-size: large;\">Przykazanie mi\u0142o\u015bci Boga i cz\u0142owieka \u2013<b> nierozdzielnie!<\/b> Tu le\u017cy tajemnica powodzenia: mamy s\u0142u\u017cy\u0107 Bogu \u2013 s\u0142u\u017c\u0105c cz\u0142owiekowi; <b>kocha\u0107 Boga \u2013 kochaj\u0105c cz\u0142owieka;<\/b> zbli\u017ca\u0107 si\u0119 do Boga, pod\u0105\u017ca\u0107 do nieba \u2013 poprzez zwyczajne codzienne sprawy; podejmowa\u0107 te codzienne sprawy pami\u0119taj\u0105c, \u017ce Pan B\u00f3g, kt\u00f3ry <i><b>ma siedzib\u0119 w g\u00f3rze<\/b><\/i> \u2013 jak \u015bpiewali\u015bmy w Psalmie \u2013 <i><b>spogl\u0105da w d\u00f3\u0142 na niebo i na ziemi\u0119.<\/b><\/i> Wszystko zatem, co jest na ziemi, dzieje si\u0119 pod Jego wejrzeniem.<b> <\/b>Czy Go zatem nie dziwi\u0105 naprawd\u0119 pewne sprawy?<\/span><\/span><\/span><\/p>\n<p align=\"justify\"><span style=\"color: #000000;\"><span style=\"font-family: Book Antiqua, serif;\"><span style=\"font-size: large;\">Prze\u015bled\u017amy to wszystko, co czynimy, co prze\u017cywamy mi\u0119dzy jedn\u0105, a drug\u0105 Msz\u0105 \u015awi\u0119t\u0105, a wi\u0119c to, co stanowi tre\u015b\u0107 naszej codzienno\u015bci. Zastan\u00f3wmy si\u0119,<b> jak wiele miejsca <\/b><b>i czasu <\/b><b>po\u015bwi\u0119cili\u015bmy tam Bogu.<\/b> Oto tre\u015bci\u0105 naszej codzienno\u015bci w du\u017cej mierze jest wspomniane <b>zabieganie o chleb powszedni, <\/b>o zapewnienie godziwych warunk\u00f3w \u017cycia. I jest ono dobre, z pewno\u015bci\u0105 potrzebne, ale nie mo\u017ce sta\u0107 w sprzeczno\u015bci z wyznawan\u0105 przez nas wiar\u0105, nie mo\u017ce sta\u0107 w sprzeczno\u015bci z Bogiem. <b>Dlaczego jednak tak cz\u0119sto stoi?<\/b> <\/span><\/span><\/span><\/p>\n<p align=\"justify\"><span style=\"color: #000000;\"><span style=\"font-family: Book Antiqua, serif;\"><span style=\"font-size: large;\">Dlaczego cz\u0119sto zapominamy o Bogu, o dniu niedzielnym, Jemu po\u015bwi\u0119conym? <b>Czemu tak wiele jeszcze nieuczciwo\u015bci i krzywdy ludzkiej,<\/b> gdy idzie o wspomniane ju\u017c wyp\u0142acenie wynagrodzenia, sprawiedliw\u0105 zap\u0142at\u0119 za prac\u0119? Ale z drugiej strony: czemu <b>tak ma\u0142o sumienno\u015bci w wykonywaniu <\/b><b>swojej pracy, <\/b>w rzetelnym i terminowym wype\u0142nianiu swoich obowi\u0105zk\u00f3w \u2013 w pracy, w rodzinie, czy w innej wsp\u00f3lnocie, w kt\u00f3rej na co dzie\u0144 funkcjonujemy?<\/span><\/span><\/span><\/p>\n<p align=\"justify\"><span style=\"color: #000000;\"><span style=\"font-family: Book Antiqua, serif;\"><span style=\"font-size: large;\">A jest to bardzo wa\u017cna przestrze\u0144 naszego codziennego zaanga\u017cowania \u2013 owe relacje rodzinne, s\u0105siedzkie, w szkole, w pracy. Jak odnosimy si\u0119 do tych, <b>w\u015br\u00f3d kt\u00f3rych <\/b><b>na co dzie\u0144 <\/b><b>\u017cyjemy? <\/b>Czy pozyskujemy tutaj sobie przyjaci\u00f3\u0142 na wieczno\u015b\u0107, <b>czy te\u017c prokurator\u00f3w, kt\u00f3rzy b\u0119d\u0105 nas oskar\u017cali na s\u0105dzie Bo\u017cym? <\/b>My\u015bl\u0119, \u017ce na ten temat to ju\u017c sami sobie szczerze powiemy, jak jest w naszym domu, w pracy czy w szkole \u2013 i jak daleko tam jest niekiedy do idea\u0142u. <\/span><\/span><\/span><\/p>\n<p align=\"justify\"><span style=\"color: #000000;\"><span style=\"font-family: Book Antiqua, serif;\"><span style=\"font-size: large;\">A przecie\u017c \u2013 tak nie musi by\u0107! Mo\u017ce by\u0107 ca\u0142kiem dobrze. I je\u017celi nie idealnie \u2013 to z ka\u017cdym dniem coraz bli\u017cej idea\u0142u. To naprawd\u0119 od nas zale\u017cy! Od tego, kt\u00f3remu panu tak naprawd\u0119 b\u0119dziemy s\u0142u\u017cy\u0107.<\/span><\/span><\/span><\/p>\n<p align=\"justify\"><span style=\"color: #000000;\"><span style=\"font-family: Book Antiqua, serif;\"><span style=\"font-size: large;\">Jezus m\u00f3wi dzi\u015b wyra\u017anie: <b>\u017baden s\u0142uga nie mo\u017ce dwom panom s\u0142u\u017cy\u0107. Gdy\u017c albo jednego b\u0119dzie nienawidzi\u0142, a drugiego mi\u0142owa\u0142; albo z tamtym b\u0119dzie trzyma\u0142, a tym wzgardzi. Nie mo\u017cecie s\u0142u\u017cy\u0107 Bogu i mamonie!<\/b><\/span><\/span><\/span><\/p>\n<p align=\"justify\"><span style=\"color: #000000;\"><span style=\"font-family: Book Antiqua, serif;\"><span style=\"font-size: large;\">I teraz: czy mog\u0119 z ca\u0142\u0105 odpowiedzialno\u015bci\u0105 powiedzie\u0107, \u017ce <b>s\u0142u\u017c\u0119 Bogu, a mamon\u0105 pos\u0142uguj\u0119 si\u0119 <\/b>do zdobycia przyjaci\u00f3\u0142 \u2013 w tym tego najwa\u017cniejszego Przyjaciela, Boga \u2013 czy mo\u017ce jest odwrotnie: <b>to Bogiem pos\u0142uguj\u0119 si\u0119, <\/b>aby dogadza\u0107 swoim zachciankom? Niech mnie B\u00f3g broni przed tak\u0105 sytuacj\u0105!<\/span><\/span><\/span><\/p>\n<p align=\"justify\"><span style=\"color: #000000;\"><span style=\"font-family: Book Antiqua, serif;\"><span style=\"font-size: large;\">Naucz mnie, Panie \u2013 ucz mnie codziennie \u2013 jak mog\u0119 coraz lepiej s\u0142u\u017cy\u0107 Tobie! Tak\u017ce w drugim cz\u0142owieku, tak\u017ce za pomoc\u0105 \u201eniegodziwej mamony\u201d, ale \u2013 <b>tylko Tobie!<\/b><\/span><\/span><\/span><\/p>\n","protected":false},"excerpt":{"rendered":"<p>Niech b\u0119dzie pochwalony Jezus Chrystus! Moi Drodzy, wracam na mostek kapita\u0144ski (celowo nie pisz\u0119: na pok\u0142ad, bo na pok\u0142adzie ca\u0142y czas by\u0142em) naszego Okr\u0119tu i witam bardzo serdecznie ca\u0142\u0105 Za\u0142og\u0119! Pozw\u00f3lcie, \u017ce na pocz\u0105tku wspomn\u0119 o Osobach \u015bwi\u0119tuj\u0105cych w minionym tygodniu. I tak oto: \u25ba w poniedzia\u0142ek, 16 wrze\u015bnia, imieniny prze\u017cywa\u0142a Kamila Malinowska, nale\u017c\u0105ca w [&hellip;]<\/p>\n","protected":false},"author":1,"featured_media":0,"comment_status":"open","ping_status":"open","sticky":false,"template":"","format":"standard","meta":{"jetpack_post_was_ever_published":false,"_jetpack_newsletter_access":"","_jetpack_dont_email_post_to_subs":false,"_jetpack_newsletter_tier_id":0,"_jetpack_memberships_contains_paywalled_content":false,"_jetpack_memberships_contains_paid_content":false,"footnotes":""},"categories":[1],"tags":[],"class_list":["post-15890","post","type-post","status-publish","format-standard","hentry","category-bez-kategorii"],"yoast_head":"<!-- This site is optimized with the Yoast SEO plugin v25.1 - https:\/\/yoast.com\/wordpress\/plugins\/seo\/ -->\n<title>S\u0142u\u017cy\u0107 - tylko Tobie, Panie! - Gaudium Et Spes<\/title>\n<meta name=\"robots\" content=\"index, follow, max-snippet:-1, max-image-preview:large, max-video-preview:-1\" \/>\n<link rel=\"canonical\" href=\"https:\/\/gaudiumetspes-blog.pl\/index.php\/2019\/09\/22\/sluzyc-tylko-tobie-panie\/\" \/>\n<meta property=\"og:locale\" content=\"pl_PL\" \/>\n<meta property=\"og:type\" content=\"article\" \/>\n<meta property=\"og:title\" content=\"S\u0142u\u017cy\u0107 - tylko Tobie, Panie! - Gaudium Et Spes\" \/>\n<meta property=\"og:description\" content=\"Niech b\u0119dzie pochwalony Jezus Chrystus! Moi Drodzy, wracam na mostek kapita\u0144ski (celowo nie pisz\u0119: na pok\u0142ad, bo na pok\u0142adzie ca\u0142y czas by\u0142em) naszego Okr\u0119tu i witam bardzo serdecznie ca\u0142\u0105 Za\u0142og\u0119! Pozw\u00f3lcie, \u017ce na pocz\u0105tku wspomn\u0119 o Osobach \u015bwi\u0119tuj\u0105cych w minionym tygodniu. I tak oto: \u25ba w poniedzia\u0142ek, 16 wrze\u015bnia, imieniny prze\u017cywa\u0142a Kamila Malinowska, nale\u017c\u0105ca w [&hellip;]\" \/>\n<meta property=\"og:url\" content=\"https:\/\/gaudiumetspes-blog.pl\/index.php\/2019\/09\/22\/sluzyc-tylko-tobie-panie\/\" \/>\n<meta property=\"og:site_name\" content=\"Gaudium Et Spes\" \/>\n<meta property=\"article:published_time\" content=\"2019-09-22T03:13:35+00:00\" \/>\n<meta name=\"author\" content=\"Ks. Jacek\" \/>\n<meta name=\"twitter:card\" content=\"summary_large_image\" \/>\n<meta name=\"twitter:label1\" content=\"Napisane przez\" \/>\n\t<meta name=\"twitter:data1\" content=\"Ks. Jacek\" \/>\n\t<meta name=\"twitter:label2\" content=\"Szacowany czas czytania\" \/>\n\t<meta name=\"twitter:data2\" content=\"19 minut\" \/>\n<script type=\"application\/ld+json\" class=\"yoast-schema-graph\">{\"@context\":\"https:\/\/schema.org\",\"@graph\":[{\"@type\":\"WebPage\",\"@id\":\"https:\/\/gaudiumetspes-blog.pl\/index.php\/2019\/09\/22\/sluzyc-tylko-tobie-panie\/\",\"url\":\"https:\/\/gaudiumetspes-blog.pl\/index.php\/2019\/09\/22\/sluzyc-tylko-tobie-panie\/\",\"name\":\"S\u0142u\u017cy\u0107 - tylko Tobie, Panie! - Gaudium Et Spes\",\"isPartOf\":{\"@id\":\"https:\/\/gaudiumetspes-blog.pl\/#website\"},\"datePublished\":\"2019-09-22T03:13:35+00:00\",\"author\":{\"@id\":\"https:\/\/gaudiumetspes-blog.pl\/#\/schema\/person\/1661982992b752dea8dff0d4ed845a65\"},\"breadcrumb\":{\"@id\":\"https:\/\/gaudiumetspes-blog.pl\/index.php\/2019\/09\/22\/sluzyc-tylko-tobie-panie\/#breadcrumb\"},\"inLanguage\":\"pl-PL\",\"potentialAction\":[{\"@type\":\"ReadAction\",\"target\":[\"https:\/\/gaudiumetspes-blog.pl\/index.php\/2019\/09\/22\/sluzyc-tylko-tobie-panie\/\"]}]},{\"@type\":\"BreadcrumbList\",\"@id\":\"https:\/\/gaudiumetspes-blog.pl\/index.php\/2019\/09\/22\/sluzyc-tylko-tobie-panie\/#breadcrumb\",\"itemListElement\":[{\"@type\":\"ListItem\",\"position\":1,\"name\":\"Strona g\u0142\u00f3wna\",\"item\":\"https:\/\/gaudiumetspes-blog.pl\/\"},{\"@type\":\"ListItem\",\"position\":2,\"name\":\"S\u0142u\u017cy\u0107 &#8211; tylko&nbsp;Tobie, Panie!\"}]},{\"@type\":\"WebSite\",\"@id\":\"https:\/\/gaudiumetspes-blog.pl\/#website\",\"url\":\"https:\/\/gaudiumetspes-blog.pl\/\",\"name\":\"Gaudium Et Spes\",\"description\":\"Blog Ks. Jacka Ja\u015bkowskiego\",\"potentialAction\":[{\"@type\":\"SearchAction\",\"target\":{\"@type\":\"EntryPoint\",\"urlTemplate\":\"https:\/\/gaudiumetspes-blog.pl\/?s={search_term_string}\"},\"query-input\":{\"@type\":\"PropertyValueSpecification\",\"valueRequired\":true,\"valueName\":\"search_term_string\"}}],\"inLanguage\":\"pl-PL\"},{\"@type\":\"Person\",\"@id\":\"https:\/\/gaudiumetspes-blog.pl\/#\/schema\/person\/1661982992b752dea8dff0d4ed845a65\",\"name\":\"Ks. Jacek\",\"image\":{\"@type\":\"ImageObject\",\"inLanguage\":\"pl-PL\",\"@id\":\"https:\/\/gaudiumetspes-blog.pl\/#\/schema\/person\/image\/\",\"url\":\"https:\/\/gaudiumetspes-blog.pl\/wp-content\/uploads\/2019\/07\/avatar-JJ-150x150.jpg\",\"contentUrl\":\"https:\/\/gaudiumetspes-blog.pl\/wp-content\/uploads\/2019\/07\/avatar-JJ-150x150.jpg\",\"caption\":\"Ks. Jacek\"},\"description\":\"Witam serdecznie! K\u0142ania si\u0119 Ks. Jacek Ja\u015bkowski. Nie jestem ani kim\u015b wa\u017cnym, ani kim\u015b znanym. Jestem ksi\u0119dzem, kt\u00f3ry po prostu chce rozmawia\u0107. Codzienna kap\u0142a\u0144ska pos\u0142uga pokazuje mi, \u017ce temat\u00f3w do rozm\u00f3w z ksi\u0119dzem jest coraz wi\u0119cej i dzisiaj \u017caden ksi\u0105dz nie mo\u017ce od nich ucieka\u0107, ale - wprost przeciwnie - podejmowa\u0107 nowe wyzwania. To przekonanie sk\u0142oni\u0142o mnie do pr\u00f3by otwarcia tego\u017c bloga, chocia\u017c okazji do rozm\u00f3w na co dzie\u0144 - w konfesjonale i poza nim - na szcz\u0119\u015bcie nie brakuje. My\u015bl\u0119 jednak, \u017ce ten blog b\u0119dzie jeszcze jednym sposobem i przestrzeni\u0105 nawi\u0105zania kontaktu z lud\u017ami dobrej woli, otwartymi na dialog.\",\"url\":\"https:\/\/gaudiumetspes-blog.pl\/index.php\/author\/ks-jacek\/\"}]}<\/script>\n<!-- \/ Yoast SEO plugin. -->","yoast_head_json":{"title":"S\u0142u\u017cy\u0107 - tylko Tobie, Panie! - Gaudium Et Spes","robots":{"index":"index","follow":"follow","max-snippet":"max-snippet:-1","max-image-preview":"max-image-preview:large","max-video-preview":"max-video-preview:-1"},"canonical":"https:\/\/gaudiumetspes-blog.pl\/index.php\/2019\/09\/22\/sluzyc-tylko-tobie-panie\/","og_locale":"pl_PL","og_type":"article","og_title":"S\u0142u\u017cy\u0107 - tylko Tobie, Panie! - Gaudium Et Spes","og_description":"Niech b\u0119dzie pochwalony Jezus Chrystus! Moi Drodzy, wracam na mostek kapita\u0144ski (celowo nie pisz\u0119: na pok\u0142ad, bo na pok\u0142adzie ca\u0142y czas by\u0142em) naszego Okr\u0119tu i witam bardzo serdecznie ca\u0142\u0105 Za\u0142og\u0119! Pozw\u00f3lcie, \u017ce na pocz\u0105tku wspomn\u0119 o Osobach \u015bwi\u0119tuj\u0105cych w minionym tygodniu. I tak oto: \u25ba w poniedzia\u0142ek, 16 wrze\u015bnia, imieniny prze\u017cywa\u0142a Kamila Malinowska, nale\u017c\u0105ca w [&hellip;]","og_url":"https:\/\/gaudiumetspes-blog.pl\/index.php\/2019\/09\/22\/sluzyc-tylko-tobie-panie\/","og_site_name":"Gaudium Et Spes","article_published_time":"2019-09-22T03:13:35+00:00","author":"Ks. Jacek","twitter_card":"summary_large_image","twitter_misc":{"Napisane przez":"Ks. Jacek","Szacowany czas czytania":"19 minut"},"schema":{"@context":"https:\/\/schema.org","@graph":[{"@type":"WebPage","@id":"https:\/\/gaudiumetspes-blog.pl\/index.php\/2019\/09\/22\/sluzyc-tylko-tobie-panie\/","url":"https:\/\/gaudiumetspes-blog.pl\/index.php\/2019\/09\/22\/sluzyc-tylko-tobie-panie\/","name":"S\u0142u\u017cy\u0107 - tylko Tobie, Panie! - Gaudium Et Spes","isPartOf":{"@id":"https:\/\/gaudiumetspes-blog.pl\/#website"},"datePublished":"2019-09-22T03:13:35+00:00","author":{"@id":"https:\/\/gaudiumetspes-blog.pl\/#\/schema\/person\/1661982992b752dea8dff0d4ed845a65"},"breadcrumb":{"@id":"https:\/\/gaudiumetspes-blog.pl\/index.php\/2019\/09\/22\/sluzyc-tylko-tobie-panie\/#breadcrumb"},"inLanguage":"pl-PL","potentialAction":[{"@type":"ReadAction","target":["https:\/\/gaudiumetspes-blog.pl\/index.php\/2019\/09\/22\/sluzyc-tylko-tobie-panie\/"]}]},{"@type":"BreadcrumbList","@id":"https:\/\/gaudiumetspes-blog.pl\/index.php\/2019\/09\/22\/sluzyc-tylko-tobie-panie\/#breadcrumb","itemListElement":[{"@type":"ListItem","position":1,"name":"Strona g\u0142\u00f3wna","item":"https:\/\/gaudiumetspes-blog.pl\/"},{"@type":"ListItem","position":2,"name":"S\u0142u\u017cy\u0107 &#8211; tylko&nbsp;Tobie, Panie!"}]},{"@type":"WebSite","@id":"https:\/\/gaudiumetspes-blog.pl\/#website","url":"https:\/\/gaudiumetspes-blog.pl\/","name":"Gaudium Et Spes","description":"Blog Ks. Jacka Ja\u015bkowskiego","potentialAction":[{"@type":"SearchAction","target":{"@type":"EntryPoint","urlTemplate":"https:\/\/gaudiumetspes-blog.pl\/?s={search_term_string}"},"query-input":{"@type":"PropertyValueSpecification","valueRequired":true,"valueName":"search_term_string"}}],"inLanguage":"pl-PL"},{"@type":"Person","@id":"https:\/\/gaudiumetspes-blog.pl\/#\/schema\/person\/1661982992b752dea8dff0d4ed845a65","name":"Ks. Jacek","image":{"@type":"ImageObject","inLanguage":"pl-PL","@id":"https:\/\/gaudiumetspes-blog.pl\/#\/schema\/person\/image\/","url":"https:\/\/gaudiumetspes-blog.pl\/wp-content\/uploads\/2019\/07\/avatar-JJ-150x150.jpg","contentUrl":"https:\/\/gaudiumetspes-blog.pl\/wp-content\/uploads\/2019\/07\/avatar-JJ-150x150.jpg","caption":"Ks. Jacek"},"description":"Witam serdecznie! K\u0142ania si\u0119 Ks. Jacek Ja\u015bkowski. Nie jestem ani kim\u015b wa\u017cnym, ani kim\u015b znanym. Jestem ksi\u0119dzem, kt\u00f3ry po prostu chce rozmawia\u0107. Codzienna kap\u0142a\u0144ska pos\u0142uga pokazuje mi, \u017ce temat\u00f3w do rozm\u00f3w z ksi\u0119dzem jest coraz wi\u0119cej i dzisiaj \u017caden ksi\u0105dz nie mo\u017ce od nich ucieka\u0107, ale - wprost przeciwnie - podejmowa\u0107 nowe wyzwania. To przekonanie sk\u0142oni\u0142o mnie do pr\u00f3by otwarcia tego\u017c bloga, chocia\u017c okazji do rozm\u00f3w na co dzie\u0144 - w konfesjonale i poza nim - na szcz\u0119\u015bcie nie brakuje. My\u015bl\u0119 jednak, \u017ce ten blog b\u0119dzie jeszcze jednym sposobem i przestrzeni\u0105 nawi\u0105zania kontaktu z lud\u017ami dobrej woli, otwartymi na dialog.","url":"https:\/\/gaudiumetspes-blog.pl\/index.php\/author\/ks-jacek\/"}]}},"jetpack_featured_media_url":"","jetpack_sharing_enabled":true,"_links":{"self":[{"href":"https:\/\/gaudiumetspes-blog.pl\/index.php\/wp-json\/wp\/v2\/posts\/15890","targetHints":{"allow":["GET"]}}],"collection":[{"href":"https:\/\/gaudiumetspes-blog.pl\/index.php\/wp-json\/wp\/v2\/posts"}],"about":[{"href":"https:\/\/gaudiumetspes-blog.pl\/index.php\/wp-json\/wp\/v2\/types\/post"}],"author":[{"embeddable":true,"href":"https:\/\/gaudiumetspes-blog.pl\/index.php\/wp-json\/wp\/v2\/users\/1"}],"replies":[{"embeddable":true,"href":"https:\/\/gaudiumetspes-blog.pl\/index.php\/wp-json\/wp\/v2\/comments?post=15890"}],"version-history":[{"count":1,"href":"https:\/\/gaudiumetspes-blog.pl\/index.php\/wp-json\/wp\/v2\/posts\/15890\/revisions"}],"predecessor-version":[{"id":15891,"href":"https:\/\/gaudiumetspes-blog.pl\/index.php\/wp-json\/wp\/v2\/posts\/15890\/revisions\/15891"}],"wp:attachment":[{"href":"https:\/\/gaudiumetspes-blog.pl\/index.php\/wp-json\/wp\/v2\/media?parent=15890"}],"wp:term":[{"taxonomy":"category","embeddable":true,"href":"https:\/\/gaudiumetspes-blog.pl\/index.php\/wp-json\/wp\/v2\/categories?post=15890"},{"taxonomy":"post_tag","embeddable":true,"href":"https:\/\/gaudiumetspes-blog.pl\/index.php\/wp-json\/wp\/v2\/tags?post=15890"}],"curies":[{"name":"wp","href":"https:\/\/api.w.org\/{rel}","templated":true}]}}