{"id":15923,"date":"2019-10-03T06:57:16","date_gmt":"2019-10-03T04:57:16","guid":{"rendered":"https:\/\/gaudiumetspes-blog.pl\/?p=15923"},"modified":"2019-10-03T06:57:16","modified_gmt":"2019-10-03T04:57:16","slug":"i-czytal-z-tej-ksiegi","status":"publish","type":"post","link":"https:\/\/gaudiumetspes-blog.pl\/index.php\/2019\/10\/03\/i-czytal-z-tej-ksiegi\/","title":{"rendered":"I czyta\u0142 z tej Ksi\u0119gi&#8230;"},"content":{"rendered":"<p align=\"justify\"><span style=\"color: #000000;\"><span style=\"font-family: Domine;\"><span style=\"font-size: large;\"><span style=\"font-family: Book Antiqua, serif;\">Szcz\u0119\u015b\u0107 Bo\u017ce! Moi Drodzy, w dniu dzisiejszym <\/span><b><span style=\"font-family: Book Antiqua, serif;\">imieniny obchodz\u0105:<\/span><\/b><\/span><\/span><\/span><\/p>\n<p align=\"justify\"><span style=\"color: #000000;\">\u2013 <span style=\"font-family: Book Antiqua, serif;\"><span style=\"font-size: large;\"><b>Teresa Mu\u0107ka \u2013 Osoba niezwykle dobra i \u017cyczliwa, zaprzyja\u017aniona z nasz\u0105 Rodzin\u0105, Mama Ksi\u0119dza Leszka;<\/b><\/span><\/span><\/span><\/p>\n<p align=\"justify\"><span style=\"color: #000000;\">\u2013 <span style=\"font-family: Book Antiqua, serif;\"><span style=\"font-size: large;\"><b>Teresa Nowicka \u2013 moja Ciocia, tak\u017ce Mama Ksi\u0119dza, a konkretnie: Ksi\u0119dza Marcina, mojego ciotecznego Brata;<\/b><\/span><\/span><\/span><\/p>\n<p align=\"justify\"><span style=\"color: #000000;\">\u2013 <span style=\"font-family: Book Antiqua, serif;\"><span style=\"font-size: large;\"><b>Teresa Wo\u017aniak \u2013 moja Wychowawczyni ze szko\u0142y podstawowej; \u2013 Teresa Derlicka \u2013 Siostra Ksi\u0119dza Proboszcza z Miastkowa, pomagaj\u0105ca co i raz w organizacji r\u00f3\u017cnych spotka\u0144 na plebanii, <\/b><b>r\u00f3wnie\u017c \u2013 bardzo \u017cyczliwa, dobra i pogodna Osoba<\/b><b>;<\/b><\/span><\/span><\/span><\/p>\n<p align=\"justify\"><span style=\"color: #000000;\">\u2013 <span style=\"font-family: Book Antiqua, serif;\"><span style=\"font-size: large;\"><b>Teresa Stobi\u0144ska \u2013 w kt\u00f3rej domu zaczyna\u0142em wraz z M\u0142odzie\u017c\u0105 swoj\u0105 przygod\u0119 ze Szklarsk\u0105 Por\u0119b\u0105.<\/b><\/span><\/span><\/span><\/p>\n<p align=\"justify\"><span style=\"color: #000000;\"><span style=\"font-family: Book Antiqua, serif;\"><span style=\"font-size: large;\"><b>Urodziny natomiast obchodzi Iza Izdebska, nale\u017c\u0105ca w swoim czasie do jednej ze Wsp\u00f3lnot m\u0142odzie\u017cowych.<\/b><\/span><\/span><\/span><\/p>\n<p align=\"justify\"><span style=\"color: #000000;\"><span style=\"font-family: Book Antiqua, serif;\"><span style=\"font-size: large;\"><b>Wszystkim \u015bwi\u0119tuj\u0105cym dzi\u015b Paniom \u017cycz\u0119 rozmi\u0142owania w Bo\u017cym s\u0142owie \u2013 o czym wi\u0119cej w rozwa\u017caniu. Zapewniam te\u017c o mojej serdecznej modlitwie.<\/b><\/span><\/span><\/span><\/p>\n<p align=\"justify\"><span style=\"color: #000000;\"><span style=\"font-family: Book Antiqua, serif;\"><span style=\"font-size: large;\">Moi Drodzy, dzisiaj pierwszy czwartek miesi\u0105ca. Polecam Waszym modlitwom wszystkie Osoby powo\u0142ane. Prosz\u0119 tak\u017ce o modlitw\u0119 w intencji nowych powo\u0142a\u0144. Sytuacja bowiem, jak\u0105 obserwujemy, u\u015bwiadamia nam wielk\u0105 potrzeb\u0119 takiej modlitwy\u2026 <\/span><\/span><\/span><\/p>\n<p align=\"center\"><span style=\"color: #000000;\"><span style=\"font-family: Book Antiqua, serif;\"><span style=\"font-size: large;\">Gaudium et spes! Ks. Jacek<\/span><\/span><\/span><\/p>\n<p align=\"center\">\n<p align=\"center\">\n<p align=\"center\">\n<p align=\"center\">\n<p align=\"center\">\n<p align=\"center\"><span style=\"color: #000000;\"><span style=\"font-family: Book Antiqua, serif;\"><span style=\"font-size: large;\"><b>Czwartek 26 Tygodnia zwyk\u0142ego, rok I,<\/b><\/span><\/span><\/span><\/p>\n<p align=\"justify\"><span style=\"color: #000000;\"><span style=\"font-family: Book Antiqua, serif;\"><span style=\"font-size: large;\"><b>do czyta\u0144: Ne 8,1\u20134a.5\u20136.7b\u201312; \u0141k 10,1\u201312<\/b><\/span><\/span><\/span><\/p>\n<p align=\"justify\">\n<p align=\"justify\">\n<p align=\"justify\">\n<p align=\"justify\">\n<p align=\"justify\">\n<p align=\"justify\"><span style=\"color: #000000;\"><span style=\"font-family: Book Antiqua, serif;\"><span style=\"font-size: large;\"><b>CZYTANIE Z KSI\u0118GI NEHEMIASZA:<\/b><\/span><\/span><\/span><\/p>\n<p align=\"justify\"><span style=\"color: #000000;\"><span style=\"font-family: Book Antiqua, serif;\"><span style=\"font-size: large;\"><b>Zgromadzi\u0142 si\u0119 ca\u0142y lud jak jeden m\u0105\u017c na placu przed Bram\u0105 Wodn\u0105. I domagali si\u0119 od pisarza Ezdrasza, by przyni\u00f3s\u0142 ksi\u0119g\u0119 Prawa Moj\u017ceszowego, kt\u00f3re Pan nada\u0142 Izraelowi. Pierwszego dnia miesi\u0105ca si\u00f3dmego przyni\u00f3s\u0142 kap\u0142an Ezdrasz Prawo przed zgromadzenie, w kt\u00f3rym uczestniczyli nie tylko m\u0119\u017cczy\u017ani; lecz tak\u017ce kobiety oraz wszyscy inni, kt\u00f3rzy byli w stanie je zrozumie\u0107. I czyta\u0142 z tej ksi\u0119gi, zwr\u00f3cony do placu znajduj\u0105cego si\u0119 przed Bram\u0105 Wodn\u0105, od rana a\u017c do po\u0142udnia, przed m\u0119\u017cczyznami, kobietami i tymi, kt\u00f3rzy rozumieli; a uszy ca\u0142ego ludu by\u0142y zwr\u00f3cone ku ksi\u0119dze Prawa. Pisarz Ezdrasz stan\u0105\u0142 na drewnianym podwy\u017cszeniu, kt\u00f3re zrobiono w tym celu.<\/b><\/span><\/span><\/span><\/p>\n<p align=\"justify\"><span style=\"color: #000000;\"><span style=\"font-family: Book Antiqua, serif;\"><span style=\"font-size: large;\"><b>Ezdrasz otworzy\u0142 ksi\u0119g\u0119 na oczach ca\u0142ego ludu, znajdowa\u0142 si\u0119 bowiem wy\u017cej ni\u017c ca\u0142y lud; a gdy j\u0105 otworzy\u0142, ca\u0142y lud si\u0119 podni\u00f3s\u0142. I Ezdrasz b\u0142ogos\u0142awi\u0142 Pana, wielkiego Boga, a ca\u0142y lud podnosz\u0105c r\u0119ce swoje odpowiedzia\u0142: \u201eAmen! Amen!\u201d Potem oddali pok\u0142on i padli przed Panem na kolana, twarz\u0105 dotykaj\u0105c ziemi. A lewici obja\u015bniali ludowi Prawo, podczas gdy lud pozostawa\u0142 na miejscu. Czytali wi\u0119c z tej ksi\u0119gi, ksi\u0119gi Prawa Bo\u017cego, dobitnie, z dodaniem obja\u015bnienia, tak \u017ce lud rozumia\u0142 czytanie.<\/b><\/span><\/span><\/span><\/p>\n<p align=\"justify\"><span style=\"color: #000000;\"><span style=\"font-family: Book Antiqua, serif;\"><span style=\"font-size: large;\"><b>Wtedy Nehemiasz, to jest namiestnik, oraz kap\u0142an\u2013pisarz Ezdrasz, jak i lewici, kt\u00f3rzy pouczali lud, rzekli do ca\u0142ego ludu: \u201eTen dzie\u0144 jest po\u015bwi\u0119cony Panu, Bogu waszemu. Nie b\u0105d\u017acie smutni i nie p\u0142aczcie\u201d. Ca\u0142y lud bowiem p\u0142aka\u0142, gdy us\u0142ysza\u0142 s\u0142owa Prawa.<\/b><\/span><\/span><\/span><\/p>\n<p align=\"justify\"><span style=\"color: #000000;\"><span style=\"font-family: Book Antiqua, serif;\"><span style=\"font-size: large;\"><b>I rzek\u0142 im Nehemiasz: \u201eId\u017acie, spo\u017cywajcie potrawy \u015bwi\u0105teczne i pijcie s\u0142odkie napoje, po\u015blijcie te\u017c porcje temu, kt\u00f3ry nic gotowego nie ma: albowiem po\u015bwi\u0119cony jest ten dzie\u0144 Panu naszemu. A nie b\u0105d\u017acie przygn\u0119bieni, gdy\u017c rado\u015b\u0107 w Panu jest ostoj\u0105 wasz\u0105\u201d.<\/b><\/span><\/span><\/span><\/p>\n<p align=\"justify\"><span style=\"color: #000000;\"><span style=\"font-family: Book Antiqua, serif;\"><span style=\"font-size: large;\"><b>R\u00f3wnie\u017c lewici uspokajali ca\u0142y lud wo\u0142aj\u0105c: \u201eUspok\u00f3jcie si\u0119! Wszak ten dzie\u0144 jest \u015bwi\u0119ty. Nie b\u0105d\u017acie przygn\u0119bieni\u201d. I ca\u0142y lud poszed\u0142, by je\u015b\u0107 i pi\u0107 oraz by rozsy\u0142a\u0107 porcje i urz\u0105dzi\u0107 wielki obch\u00f3d radosny, gdy\u017c zrozumieli to, co im og\u0142oszono.<\/b><\/span><\/span><\/span><\/p>\n<p align=\"justify\">\n<p align=\"justify\">\n<p align=\"justify\">\n<p align=\"justify\">\n<p align=\"justify\">\n<p align=\"justify\"><span style=\"color: #000000;\"><span style=\"font-family: Book Antiqua, serif;\"><span style=\"font-size: large;\"><b>S\u0141OWA EWANGELII WED\u0141UG \u015aWI\u0118TEGO \u0141UKASZA:<\/b><\/span><\/span><\/span><\/p>\n<p align=\"justify\"><span style=\"color: #000000;\"><span style=\"font-family: Book Antiqua, serif;\"><span style=\"font-size: large;\"><b>Spo\u015br\u00f3d swoich uczni\u00f3w wyznaczy\u0142 Pan jeszcze innych, siedemdziesi\u0119ciu dw\u00f3ch, i wys\u0142a\u0142 ich po dw\u00f3ch przed sob\u0105 do ka\u017cdego miasta i miejscowo\u015bci, dok\u0105d sam przyj\u015b\u0107 zamierza\u0142.<\/b><\/span><\/span><\/span><\/p>\n<p align=\"justify\"><span style=\"color: #000000;\"><span style=\"font-family: Book Antiqua, serif;\"><span style=\"font-size: large;\"><b>Powiedzia\u0142 te\u017c do nich: \u201e\u017bniwo wprawdzie wielkie, ale robotnik\u00f3w ma\u0142o; pro\u015bcie wi\u0119c Pana \u017cniwa, \u017ceby wyprawi\u0142 robotnik\u00f3w na swoje \u017cniwo. Id\u017acie, oto was posy\u0142am \u2013 jak owce mi\u0119dzy wilki. Nie no\u015bcie ze sob\u0105 trzosa ani torby, ani sanda\u0142\u00f3w; i nikogo w drodze nie pozdrawiajcie.<\/b><\/span><\/span><\/span><\/p>\n<p align=\"justify\"><span style=\"color: #000000;\"><span style=\"font-family: Book Antiqua, serif;\"><span style=\"font-size: large;\"><b>Gdy do jakiego domu wejdziecie, najpierw m\u00f3wcie: \u00abPok\u00f3j temu domowi\u00bb. Je\u015bli tam mieszka cz\u0142owiek godny pokoju, wasz pok\u00f3j spocznie na nim; je\u015bli nie, powr\u00f3ci do was. W tym samym domu zosta\u0144cie, jedz\u0105c i pij\u0105c, co maj\u0105; bo zas\u0142uguje robotnik na sw\u0105 zap\u0142at\u0119.<\/b><\/span><\/span><\/span><\/p>\n<p align=\"justify\"><span style=\"color: #000000;\"><span style=\"font-family: Book Antiqua, serif;\"><span style=\"font-size: large;\"><b>Nie przechod\u017acie z domu do domu. Je\u015bli do jakiego miasta wejdziecie i przyjm\u0105 was, jedzcie, co wam podadz\u0105; uzdrawiajcie chorych, kt\u00f3rzy tam s\u0105, i m\u00f3wcie im: \u00abPrzybli\u017cy\u0142o si\u0119 do was kr\u00f3lestwo Bo\u017ce\u00bb.<\/b><\/span><\/span><\/span><\/p>\n<p align=\"justify\"><span style=\"color: #000000;\"><span style=\"font-family: Book Antiqua, serif;\"><span style=\"font-size: large;\"><b>Lecz je\u015bli do jakiego miasta wejdziecie, a nie przyjm\u0105 was, wyjd\u017acie na jego ulice i powiedzcie: \u00abNawet proch, kt\u00f3ry z waszego miasta przylgn\u0105\u0142 nam do n\u00f3g, strz\u0105samy wam. Wszak\u017ce to wiedzcie, \u017ce bliskie jest kr\u00f3lestwo Bo\u017ce\u00bb. <\/b><\/span><\/span><\/span><\/p>\n<p align=\"justify\"><span style=\"color: #000000;\"><span style=\"font-family: Book Antiqua, serif;\"><span style=\"font-size: large;\"><b>Powiadam wam: Sodomie l\u017cej b\u0119dzie w \u00f3w dzie\u0144 ni\u017c temu miastu\u201d.<\/b><\/span><\/span><\/span><\/p>\n<p align=\"justify\">\n<p align=\"justify\">\n<p align=\"justify\">\n<p align=\"justify\">\n<p align=\"justify\">\n<p align=\"justify\"><span style=\"color: #000000;\"><span style=\"font-family: Book Antiqua, serif;\"><span style=\"font-size: large;\"><b>\u015awi\u0119to Bo\u017cego s\u0142owa!<\/b> \u2013 tak mo\u017cna okre\u015bli\u0107 wydarzenie, o kt\u00f3rym mowa w dzisiejszym pierwszym czytaniu. <b>\u015awi\u0119to Bo\u017cego s\u0142owa.<\/b> Uroczyste jego odczytanie \u2013 powiedzieliby\u015bmy: <b>podnios\u0142a<\/b> <b>proklamacja<\/b> \u2013 w ca\u0142ej dostojnej oprawie, stanowi\u0105cej swoist\u0105 liturgi\u0119. <\/span><\/span><\/span><\/p>\n<p align=\"justify\"><span style=\"color: #000000;\"><span style=\"font-family: Book Antiqua, serif;\"><span style=\"font-size: large;\">Oto bowiem <i><b>z<\/b><\/i><i><b>gromadzi\u0142 si\u0119 ca\u0142y lud jak jeden m\u0105\u017c na placu przed Bram\u0105 Wodn\u0105.<\/b><\/i><b> <\/b>I tutaj zdanie, kt\u00f3re chcia\u0142oby si\u0119 i dzisiaj us\u0142ysze\u0107 jako oddaj\u0105ce stan faktyczny: <i><b>I domagali si\u0119 od pisarza Ezdrasza, by przyni\u00f3s\u0142 ksi\u0119g\u0119 Prawa Moj\u017ceszowego, kt\u00f3re Pan nada\u0142 Izraelowi.<\/b><\/i> Jak\u017ce by\u0142oby dobrze, by i dzisiaj ludzie <b>wr\u0119cz domagali si\u0119 Bo\u017cego s\u0142owa,<\/b> jego czytania i obja\u015bniania, aby nie byli do kontaktu z nim jedynie nagabywani, namawiani, niekiedy niemal\u017ce zmuszani\u2026 Oby nam wszystkim <b>Pan da\u0142 tak wielki g\u0142\u00f3d swego S\u0142owa,<\/b> tak wielkie pragnienie jego us\u0142yszenia! Oby w nas wzbudzi\u0142 <b>tak wielk\u0105 mi\u0142o\u015b\u0107 do swego S\u0142owa! <\/b><\/span><\/span><\/span><\/p>\n<p align=\"justify\"><span style=\"color: #000000;\"><span style=\"font-family: Book Antiqua, serif;\"><span style=\"font-size: large;\">Tymczasem, pro\u015bba ludu zosta\u0142a spe\u0142niona. Jak bowiem s\u0142yszymy, <i><b>p<\/b><\/i><i><b>ierwszego dnia miesi\u0105ca si\u00f3dmego przyni\u00f3s\u0142 kap\u0142an Ezdrasz Prawo przed zgromadzenie, w kt\u00f3rym uczestniczyli nie tylko m\u0119\u017cczy\u017ani; lecz tak\u017ce kobiety oraz wszyscy inni, kt\u00f3rzy byli w stanie je zrozumie\u0107. I czyta\u0142 z tej ksi\u0119gi, zwr\u00f3cony do placu znajduj\u0105cego si\u0119 przed Bram\u0105 Wodn\u0105, od rana a\u017c do po\u0142udnia, przed m\u0119\u017cczyznami, kobietami i tymi, kt\u00f3rzy rozumieli; a uszy ca\u0142ego ludu by\u0142y zwr\u00f3cone ku ksi\u0119dze Prawa. Pisarz Ezdrasz stan\u0105\u0142 na drewnianym podwy\u017cszeniu, kt\u00f3re zrobiono w tym celu.<\/b><\/i><\/span><\/span><\/span><\/p>\n<p align=\"justify\"><span style=\"color: #000000;\"><span style=\"font-family: Book Antiqua, serif;\"><span style=\"font-size: large;\">Zapewne wyobra\u017camy sobie t\u0119 scen\u0119. Zwr\u00f3\u0107my uwag\u0119, jak d\u0142ugo trwa\u0142o czytanie Bo\u017cego s\u0142owa \u2013 kilka dobrych godzin! A ludzie uwa\u017cnie s\u0142uchali \u2013 jak s\u0142yszymy: <i><b>uszy ca\u0142ego ludu by\u0142y zwr\u00f3cone ku ksi\u0119dze Prawa.<\/b><\/i><\/span><\/span><\/span><\/p>\n<p align=\"justify\"><span style=\"color: #000000;\"><span style=\"font-family: Book Antiqua, serif;\"><span style=\"font-size: large;\">A potem <i><b>Ezdrasz b\u0142ogos\u0142awi\u0142 Pana, wielkiego Boga, a ca\u0142y lud podnosz\u0105c r\u0119ce swoje odpowiedzia\u0142: \u201eAmen! Amen!\u201d Potem oddali pok\u0142on i padli przed Panem na kolana, twarz\u0105 dotykaj\u0105c ziemi. A lewici obja\u015bniali ludowi Prawo, podczas gdy lud pozostawa\u0142 na miejscu. Czytali wi\u0119c z tej ksi\u0119gi, ksi\u0119gi Prawa Bo\u017cego, dobitnie, z dodaniem obja\u015bnienia, tak \u017ce lud rozumia\u0142 czytanie.<\/b><\/i><\/span><\/span><\/span><\/p>\n<p align=\"justify\"><span style=\"color: #000000;\"><span style=\"font-family: Book Antiqua, serif;\"><span style=\"font-size: large;\">Kiedy za\u015b lud us\u0142ysza\u0142 Bo\u017ce s\u0142owo, zrozumia\u0142, jak daleko jest mu do wype\u0142nienia tych \u015bwi\u0119tych wskaza\u0144. St\u0105d informacja, \u017ce <i><b>ca\u0142y lud <\/b><\/i><b>[\u2026] <\/b><i><b>p\u0142aka\u0142, gdy us\u0142ysza\u0142 s\u0142owa Prawa.<\/b><\/i> Powiedzieliby\u015bmy: to <b>bardzo dobra reakcja.<\/b> Bardzo w\u0142a\u015bciwa! Oznacza bowiem, \u017ce ludzie u\u015bwiadomili sobie, <b>jak daleko odeszli<\/b> <b>od Boga.<\/b> <\/span><\/span><\/span><\/p>\n<p align=\"justify\"><span style=\"color: #000000;\"><span style=\"font-family: Book Antiqua, serif;\"><span style=\"font-size: large;\">Zreszt\u0105, w\u0142a\u015bnie dlatego Ezdrasz \u2013 po odbudowaniu Jerozolimy \u2013 podj\u0105\u0142 si\u0119 <b>reformy kultu Bo\u017cego<\/b> i w\u0142a\u015bnie dlatego czyta\u0142 ludowi Bo\u017ce s\u0142owo z odnalezionej Ksi\u0119gi Prawa, aby <b>wzmocni\u0107 w nim ducha!<\/b> Aby odnowi\u0107 nadziej\u0119, \u015bwiadomo\u015b\u0107 \u0142\u0105czno\u015bci z Bogiem! Aby lud, w us\u0142yszanym S\u0142owie, <b>odnalaz\u0142 <\/b><b>na nowo <\/b><b>swoj\u0105 to\u017csamo\u015b\u0107.<\/b> Odnalaz\u0142 samego siebie\u2026 <\/span><\/span><\/span><\/p>\n<p align=\"justify\"><span style=\"color: #000000;\"><span style=\"font-family: Book Antiqua, serif;\"><span style=\"font-size: large;\">I tak si\u0119 sta\u0142o. Wyrazem za\u015b zewn\u0119trznym owego dobra, jakie wtedy dokona\u0142o si\u0119 w ludzkich sercach, by\u0142o podnios\u0142e \u015bwi\u0119towanie. Oto bowiem og\u0142oszono: <i><b>Ten dzie\u0144 jest po\u015bwi\u0119cony Panu, Bogu waszemu. Nie b\u0105d\u017acie smutni i nie p\u0142aczcie.<\/b><\/i><b> <\/b>Po czym Nehemiasz poleci\u0142: <i><b>Id\u017acie, spo\u017cywajcie potrawy \u015bwi\u0105teczne i pijcie s\u0142odkie napoje, po\u015blijcie te\u017c porcje temu, kt\u00f3ry nic gotowego nie ma: albowiem po\u015bwi\u0119cony jest ten dzie\u0144 Panu naszemu. A nie b\u0105d\u017acie przygn\u0119bieni, gdy\u017c rado\u015b\u0107 w Panu jest ostoj\u0105 wasz\u0105.<\/b><\/i><\/span><\/span><\/span><\/p>\n<p align=\"justify\"><span style=\"color: #000000;\"><span style=\"font-family: Book Antiqua, serif;\"><span style=\"font-size: large;\">Moi Drodzy, czy dzisiaj <b>tak uroczy\u015bcie przyjmujemy<\/b> Bo\u017ce s\u0142owo? Czy dzisiaj dla nas s\u0142uchanie Bo\u017cego s\u0142owa, lub jego czytanie, <b>jest \u015bwi\u0119tem?<\/b> Czy cieszymy si\u0119, \u017ce B\u00f3g do nas chce m\u00f3wi\u0107? Czy wyci\u0105gamy wnioski z tego, co s\u0142yszymy? Czy Bo\u017ce s\u0142owo wywo\u0142uje w nas <b>takie poruszenie serca,<\/b> o jakim m\u00f3wi nam to dzisiejsze opowiadanie?<\/span><\/span><\/span><\/p>\n<p align=\"justify\"><span style=\"color: #000000;\"><span style=\"font-family: Book Antiqua, serif;\"><span style=\"font-size: large;\">W\u0142a\u015bnie takiego poruszenia serc os\u00f3b s\u0142uchaj\u0105cych oczekiwa\u0142 Jezus, kiedy wysy\u0142a\u0142 Aposto\u0142\u00f3w z misj\u0105 g\u0142oszenia Dobrej Nowiny o kr\u00f3lestwie Bo\u017cym! W Ewangelii s\u0142yszymy, \u017ce <i><b>s<\/b><\/i><i><b>po\u015br\u00f3d swoich uczni\u00f3w wyznaczy\u0142<\/b><\/i><b> <\/b><b>[\u2026]<\/b><b> <\/b><i><b>jeszcze innych, siedemdziesi\u0119ciu dw\u00f3ch, i wys\u0142a\u0142 ich po dw\u00f3ch przed sob\u0105 do ka\u017cdego miasta i miejscowo\u015bci, dok\u0105d sam przyj\u015b\u0107 zamierza\u0142.<\/b><\/i><i> <\/i><\/span><\/span><\/span><\/p>\n<p align=\"justify\"><span style=\"color: #000000;\"><span style=\"font-family: Book Antiqua, serif;\"><span style=\"font-size: large;\">Mo\u017cemy powiedzie\u0107, \u017ce to takie <b>wielkie misje ewangelizacyjne.<\/b> Dlatego te\u017c prowadz\u0105cy je \u2013 zauwa\u017cmy: po raz pierwszy w swoim \u017cyciu! \u2013 otrzymali <b>szczeg\u00f3\u0142owe instrukcje, <\/b>co maj\u0105, a czego nie maj\u0105 robi\u0107. Otrzymali te\u017c zapewnienie o swoistej ochronie ze strony samego Jezusa, <b>o Jego autoryzacji<\/b> ich apostolskich dzia\u0142a\u0144. Misja bowiem, kt\u00f3rej si\u0119 podejmowali, <b>nie by\u0142a ich prywatn\u0105 spraw\u0105,<\/b> ale od samego pocz\u0105tku by\u0142a dzie\u0142em Jezusa, kt\u00f3ry przez nich chcia\u0142 dotrze\u0107 do serc ludzi. <\/span><\/span><\/span><\/p>\n<p align=\"justify\"><span style=\"color: #000000;\"><span style=\"font-family: Book Antiqua, serif;\"><span style=\"font-size: large;\">St\u0105d te\u017c ci spo\u015br\u00f3d s\u0142uchaczy, kt\u00f3rzy nie przyjm\u0105 ich samych, albo ich s\u0142\u00f3w, zostan\u0105 surowo os\u0105dzeni! Jezus m\u00f3wi to bardzo wyra\u017anie: <i><b>Lecz je\u015bli do jakiego miasta wejdziecie, a nie przyjm\u0105 was, wyjd\u017acie na jego ulice i powiedzcie: \u00abNawet proch, kt\u00f3ry z waszego miasta przylgn\u0105\u0142 nam do n\u00f3g, strz\u0105samy wam. Wszak\u017ce to wiedzcie, \u017ce bliskie jest kr\u00f3lestwo Bo\u017ce\u00bb. Powiadam wam: Sodomie l\u017cej b\u0119dzie w \u00f3w dzie\u0144 ni\u017c temu miastu\u201d.<\/b><\/i> <\/span><\/span><\/span><\/p>\n<p align=\"justify\"><span style=\"color: #000000;\"><span style=\"font-family: Book Antiqua, serif;\"><span style=\"font-size: large;\">Moi Drodzy, warto o tym pami\u0119ta\u0107, szczeg\u00f3lnie dzisiaj, kiedy <b>wydaje si\u0119, \u017ce B\u00f3g jest totalnie bezsilny<\/b> wobec ca\u0142ego tego lekcewa\u017cenia ze strony ludzi, \u017cyj\u0105cych tak, jakby Go w og\u00f3le nie by\u0142o, albo Jego s\u0142owo <b>ju\u017c si\u0119 zupe\u0142nie nie liczy\u0142o<\/b> <b>i nie mia\u0142o znaczenia.<\/b> Tymczasem, jak s\u0142yszymy, S\u0142owo to ma ogromne znaczenie! <\/span><\/span><\/span><\/p>\n<p align=\"justify\"><span style=\"color: #000000;\"><span style=\"font-family: Book Antiqua, serif;\"><span style=\"font-size: large;\">I ma te\u017c znaczenie, czy kto\u015b przyjmie, czy nie przyjmie Jezusa i Jego nauk\u0119, g\u0142oszon\u0105 <b>w Ko\u015bciele i przez Ko\u015bci\u00f3\u0142. <\/b>W\u0142a\u015bnie ten Ko\u015bci\u00f3\u0142 dzisiaj symbolizuj\u0105 owi wys\u0142annicy Jezusa, g\u0142osz\u0105cy \u2013 jeszcze raz to podkre\u015blmy \u2013 <b>nie swoj\u0105 nauk\u0119, ale w\u0142a\u015bnie Jezusa!<\/b> I oto ci, kt\u00f3rzy tej nauki nie przyjm\u0105, sami skazuj\u0105 si\u0119 na nieszcz\u0119\u015bcie, bo jak mo\u017cna \u017cy\u0107 m\u0105drze i dobrze \u2013 bez Boga? Bez Jego wskaza\u0144? <\/span><\/span><\/span><\/p>\n<p align=\"justify\"><span style=\"color: #000000;\"><span style=\"font-family: Book Antiqua, serif;\"><span style=\"font-size: large;\">A jakie miejsce to Bo\u017ce s\u0142owo zajmuje w moim \u017cyciu? <b>Jaki ma wp\u0142yw na <\/b><b>moje<\/b><b> \u017cycie<\/b> \u2013 na codziennie podejmowane decyzje, tak\u017ce te najdrobniejsze?\u2026 Czy ka\u017cdy m\u00f3j kontakt z Bo\u017cym s\u0142owem \u2013 jest <b>moim osobistym \u015bwi\u0119tem?\u2026<\/b><\/span><\/span><\/span><\/p>\n<p align=\"justify\"><span style=\"color: #000000;\"><span style=\"font-family: Book Antiqua, serif;\"><span style=\"font-size: large;\">Oto B\u00f3g \u2013 jak przed wiekami, tak i dzisiaj \u2013 <b>chce m\u00f3wi\u0107 do cz\u0142owieka.<\/b> Chce m\u00f3wi\u0107 do mnie. Tylko \u2013 <b>czy ja chc\u0119 Go s\u0142ucha\u0107?\u2026<\/b><\/span><\/span><\/span><\/p>\n","protected":false},"excerpt":{"rendered":"<p>Szcz\u0119\u015b\u0107 Bo\u017ce! Moi Drodzy, w dniu dzisiejszym imieniny obchodz\u0105: \u2013 Teresa Mu\u0107ka \u2013 Osoba niezwykle dobra i \u017cyczliwa, zaprzyja\u017aniona z nasz\u0105 Rodzin\u0105, Mama Ksi\u0119dza Leszka; \u2013 Teresa Nowicka \u2013 moja Ciocia, tak\u017ce Mama Ksi\u0119dza, a konkretnie: Ksi\u0119dza Marcina, mojego ciotecznego Brata; \u2013 Teresa Wo\u017aniak \u2013 moja Wychowawczyni ze szko\u0142y podstawowej; \u2013 Teresa Derlicka \u2013 Siostra [&hellip;]<\/p>\n","protected":false},"author":1,"featured_media":0,"comment_status":"open","ping_status":"open","sticky":false,"template":"","format":"standard","meta":{"jetpack_post_was_ever_published":false,"_jetpack_newsletter_access":"","_jetpack_dont_email_post_to_subs":false,"_jetpack_newsletter_tier_id":0,"_jetpack_memberships_contains_paywalled_content":false,"_jetpack_memberships_contains_paid_content":false,"footnotes":""},"categories":[1],"tags":[],"class_list":["post-15923","post","type-post","status-publish","format-standard","hentry","category-bez-kategorii"],"yoast_head":"<!-- This site is optimized with the Yoast SEO plugin v25.1 - https:\/\/yoast.com\/wordpress\/plugins\/seo\/ -->\n<title>I czyta\u0142 z tej Ksi\u0119gi... - Gaudium Et Spes<\/title>\n<meta name=\"robots\" content=\"index, follow, max-snippet:-1, max-image-preview:large, max-video-preview:-1\" \/>\n<link rel=\"canonical\" href=\"https:\/\/gaudiumetspes-blog.pl\/index.php\/2019\/10\/03\/i-czytal-z-tej-ksiegi\/\" \/>\n<meta property=\"og:locale\" content=\"pl_PL\" \/>\n<meta property=\"og:type\" content=\"article\" \/>\n<meta property=\"og:title\" content=\"I czyta\u0142 z tej Ksi\u0119gi... - Gaudium Et Spes\" \/>\n<meta property=\"og:description\" content=\"Szcz\u0119\u015b\u0107 Bo\u017ce! Moi Drodzy, w dniu dzisiejszym imieniny obchodz\u0105: \u2013 Teresa Mu\u0107ka \u2013 Osoba niezwykle dobra i \u017cyczliwa, zaprzyja\u017aniona z nasz\u0105 Rodzin\u0105, Mama Ksi\u0119dza Leszka; \u2013 Teresa Nowicka \u2013 moja Ciocia, tak\u017ce Mama Ksi\u0119dza, a konkretnie: Ksi\u0119dza Marcina, mojego ciotecznego Brata; \u2013 Teresa Wo\u017aniak \u2013 moja Wychowawczyni ze szko\u0142y podstawowej; \u2013 Teresa Derlicka \u2013 Siostra [&hellip;]\" \/>\n<meta property=\"og:url\" content=\"https:\/\/gaudiumetspes-blog.pl\/index.php\/2019\/10\/03\/i-czytal-z-tej-ksiegi\/\" \/>\n<meta property=\"og:site_name\" content=\"Gaudium Et Spes\" \/>\n<meta property=\"article:published_time\" content=\"2019-10-03T04:57:16+00:00\" \/>\n<meta name=\"author\" content=\"Ks. Jacek\" \/>\n<meta name=\"twitter:card\" content=\"summary_large_image\" \/>\n<meta name=\"twitter:label1\" content=\"Napisane przez\" \/>\n\t<meta name=\"twitter:data1\" content=\"Ks. Jacek\" \/>\n\t<meta name=\"twitter:label2\" content=\"Szacowany czas czytania\" \/>\n\t<meta name=\"twitter:data2\" content=\"10 minut\" \/>\n<script type=\"application\/ld+json\" class=\"yoast-schema-graph\">{\"@context\":\"https:\/\/schema.org\",\"@graph\":[{\"@type\":\"WebPage\",\"@id\":\"https:\/\/gaudiumetspes-blog.pl\/index.php\/2019\/10\/03\/i-czytal-z-tej-ksiegi\/\",\"url\":\"https:\/\/gaudiumetspes-blog.pl\/index.php\/2019\/10\/03\/i-czytal-z-tej-ksiegi\/\",\"name\":\"I czyta\u0142 z tej Ksi\u0119gi... - Gaudium Et Spes\",\"isPartOf\":{\"@id\":\"https:\/\/gaudiumetspes-blog.pl\/#website\"},\"datePublished\":\"2019-10-03T04:57:16+00:00\",\"author\":{\"@id\":\"https:\/\/gaudiumetspes-blog.pl\/#\/schema\/person\/1661982992b752dea8dff0d4ed845a65\"},\"breadcrumb\":{\"@id\":\"https:\/\/gaudiumetspes-blog.pl\/index.php\/2019\/10\/03\/i-czytal-z-tej-ksiegi\/#breadcrumb\"},\"inLanguage\":\"pl-PL\",\"potentialAction\":[{\"@type\":\"ReadAction\",\"target\":[\"https:\/\/gaudiumetspes-blog.pl\/index.php\/2019\/10\/03\/i-czytal-z-tej-ksiegi\/\"]}]},{\"@type\":\"BreadcrumbList\",\"@id\":\"https:\/\/gaudiumetspes-blog.pl\/index.php\/2019\/10\/03\/i-czytal-z-tej-ksiegi\/#breadcrumb\",\"itemListElement\":[{\"@type\":\"ListItem\",\"position\":1,\"name\":\"Strona g\u0142\u00f3wna\",\"item\":\"https:\/\/gaudiumetspes-blog.pl\/\"},{\"@type\":\"ListItem\",\"position\":2,\"name\":\"I&nbsp;czyta\u0142 z&nbsp;tej&nbsp;Ksi\u0119gi&#8230;\"}]},{\"@type\":\"WebSite\",\"@id\":\"https:\/\/gaudiumetspes-blog.pl\/#website\",\"url\":\"https:\/\/gaudiumetspes-blog.pl\/\",\"name\":\"Gaudium Et Spes\",\"description\":\"Blog Ks. Jacka Ja\u015bkowskiego\",\"potentialAction\":[{\"@type\":\"SearchAction\",\"target\":{\"@type\":\"EntryPoint\",\"urlTemplate\":\"https:\/\/gaudiumetspes-blog.pl\/?s={search_term_string}\"},\"query-input\":{\"@type\":\"PropertyValueSpecification\",\"valueRequired\":true,\"valueName\":\"search_term_string\"}}],\"inLanguage\":\"pl-PL\"},{\"@type\":\"Person\",\"@id\":\"https:\/\/gaudiumetspes-blog.pl\/#\/schema\/person\/1661982992b752dea8dff0d4ed845a65\",\"name\":\"Ks. Jacek\",\"image\":{\"@type\":\"ImageObject\",\"inLanguage\":\"pl-PL\",\"@id\":\"https:\/\/gaudiumetspes-blog.pl\/#\/schema\/person\/image\/\",\"url\":\"https:\/\/gaudiumetspes-blog.pl\/wp-content\/uploads\/2019\/07\/avatar-JJ-150x150.jpg\",\"contentUrl\":\"https:\/\/gaudiumetspes-blog.pl\/wp-content\/uploads\/2019\/07\/avatar-JJ-150x150.jpg\",\"caption\":\"Ks. Jacek\"},\"description\":\"Witam serdecznie! K\u0142ania si\u0119 Ks. Jacek Ja\u015bkowski. Nie jestem ani kim\u015b wa\u017cnym, ani kim\u015b znanym. Jestem ksi\u0119dzem, kt\u00f3ry po prostu chce rozmawia\u0107. Codzienna kap\u0142a\u0144ska pos\u0142uga pokazuje mi, \u017ce temat\u00f3w do rozm\u00f3w z ksi\u0119dzem jest coraz wi\u0119cej i dzisiaj \u017caden ksi\u0105dz nie mo\u017ce od nich ucieka\u0107, ale - wprost przeciwnie - podejmowa\u0107 nowe wyzwania. To przekonanie sk\u0142oni\u0142o mnie do pr\u00f3by otwarcia tego\u017c bloga, chocia\u017c okazji do rozm\u00f3w na co dzie\u0144 - w konfesjonale i poza nim - na szcz\u0119\u015bcie nie brakuje. My\u015bl\u0119 jednak, \u017ce ten blog b\u0119dzie jeszcze jednym sposobem i przestrzeni\u0105 nawi\u0105zania kontaktu z lud\u017ami dobrej woli, otwartymi na dialog.\",\"url\":\"https:\/\/gaudiumetspes-blog.pl\/index.php\/author\/ks-jacek\/\"}]}<\/script>\n<!-- \/ Yoast SEO plugin. -->","yoast_head_json":{"title":"I czyta\u0142 z tej Ksi\u0119gi... - Gaudium Et Spes","robots":{"index":"index","follow":"follow","max-snippet":"max-snippet:-1","max-image-preview":"max-image-preview:large","max-video-preview":"max-video-preview:-1"},"canonical":"https:\/\/gaudiumetspes-blog.pl\/index.php\/2019\/10\/03\/i-czytal-z-tej-ksiegi\/","og_locale":"pl_PL","og_type":"article","og_title":"I czyta\u0142 z tej Ksi\u0119gi... - Gaudium Et Spes","og_description":"Szcz\u0119\u015b\u0107 Bo\u017ce! Moi Drodzy, w dniu dzisiejszym imieniny obchodz\u0105: \u2013 Teresa Mu\u0107ka \u2013 Osoba niezwykle dobra i \u017cyczliwa, zaprzyja\u017aniona z nasz\u0105 Rodzin\u0105, Mama Ksi\u0119dza Leszka; \u2013 Teresa Nowicka \u2013 moja Ciocia, tak\u017ce Mama Ksi\u0119dza, a konkretnie: Ksi\u0119dza Marcina, mojego ciotecznego Brata; \u2013 Teresa Wo\u017aniak \u2013 moja Wychowawczyni ze szko\u0142y podstawowej; \u2013 Teresa Derlicka \u2013 Siostra [&hellip;]","og_url":"https:\/\/gaudiumetspes-blog.pl\/index.php\/2019\/10\/03\/i-czytal-z-tej-ksiegi\/","og_site_name":"Gaudium Et Spes","article_published_time":"2019-10-03T04:57:16+00:00","author":"Ks. Jacek","twitter_card":"summary_large_image","twitter_misc":{"Napisane przez":"Ks. Jacek","Szacowany czas czytania":"10 minut"},"schema":{"@context":"https:\/\/schema.org","@graph":[{"@type":"WebPage","@id":"https:\/\/gaudiumetspes-blog.pl\/index.php\/2019\/10\/03\/i-czytal-z-tej-ksiegi\/","url":"https:\/\/gaudiumetspes-blog.pl\/index.php\/2019\/10\/03\/i-czytal-z-tej-ksiegi\/","name":"I czyta\u0142 z tej Ksi\u0119gi... - Gaudium Et Spes","isPartOf":{"@id":"https:\/\/gaudiumetspes-blog.pl\/#website"},"datePublished":"2019-10-03T04:57:16+00:00","author":{"@id":"https:\/\/gaudiumetspes-blog.pl\/#\/schema\/person\/1661982992b752dea8dff0d4ed845a65"},"breadcrumb":{"@id":"https:\/\/gaudiumetspes-blog.pl\/index.php\/2019\/10\/03\/i-czytal-z-tej-ksiegi\/#breadcrumb"},"inLanguage":"pl-PL","potentialAction":[{"@type":"ReadAction","target":["https:\/\/gaudiumetspes-blog.pl\/index.php\/2019\/10\/03\/i-czytal-z-tej-ksiegi\/"]}]},{"@type":"BreadcrumbList","@id":"https:\/\/gaudiumetspes-blog.pl\/index.php\/2019\/10\/03\/i-czytal-z-tej-ksiegi\/#breadcrumb","itemListElement":[{"@type":"ListItem","position":1,"name":"Strona g\u0142\u00f3wna","item":"https:\/\/gaudiumetspes-blog.pl\/"},{"@type":"ListItem","position":2,"name":"I&nbsp;czyta\u0142 z&nbsp;tej&nbsp;Ksi\u0119gi&#8230;"}]},{"@type":"WebSite","@id":"https:\/\/gaudiumetspes-blog.pl\/#website","url":"https:\/\/gaudiumetspes-blog.pl\/","name":"Gaudium Et Spes","description":"Blog Ks. Jacka Ja\u015bkowskiego","potentialAction":[{"@type":"SearchAction","target":{"@type":"EntryPoint","urlTemplate":"https:\/\/gaudiumetspes-blog.pl\/?s={search_term_string}"},"query-input":{"@type":"PropertyValueSpecification","valueRequired":true,"valueName":"search_term_string"}}],"inLanguage":"pl-PL"},{"@type":"Person","@id":"https:\/\/gaudiumetspes-blog.pl\/#\/schema\/person\/1661982992b752dea8dff0d4ed845a65","name":"Ks. Jacek","image":{"@type":"ImageObject","inLanguage":"pl-PL","@id":"https:\/\/gaudiumetspes-blog.pl\/#\/schema\/person\/image\/","url":"https:\/\/gaudiumetspes-blog.pl\/wp-content\/uploads\/2019\/07\/avatar-JJ-150x150.jpg","contentUrl":"https:\/\/gaudiumetspes-blog.pl\/wp-content\/uploads\/2019\/07\/avatar-JJ-150x150.jpg","caption":"Ks. Jacek"},"description":"Witam serdecznie! K\u0142ania si\u0119 Ks. Jacek Ja\u015bkowski. Nie jestem ani kim\u015b wa\u017cnym, ani kim\u015b znanym. Jestem ksi\u0119dzem, kt\u00f3ry po prostu chce rozmawia\u0107. Codzienna kap\u0142a\u0144ska pos\u0142uga pokazuje mi, \u017ce temat\u00f3w do rozm\u00f3w z ksi\u0119dzem jest coraz wi\u0119cej i dzisiaj \u017caden ksi\u0105dz nie mo\u017ce od nich ucieka\u0107, ale - wprost przeciwnie - podejmowa\u0107 nowe wyzwania. To przekonanie sk\u0142oni\u0142o mnie do pr\u00f3by otwarcia tego\u017c bloga, chocia\u017c okazji do rozm\u00f3w na co dzie\u0144 - w konfesjonale i poza nim - na szcz\u0119\u015bcie nie brakuje. My\u015bl\u0119 jednak, \u017ce ten blog b\u0119dzie jeszcze jednym sposobem i przestrzeni\u0105 nawi\u0105zania kontaktu z lud\u017ami dobrej woli, otwartymi na dialog.","url":"https:\/\/gaudiumetspes-blog.pl\/index.php\/author\/ks-jacek\/"}]}},"jetpack_featured_media_url":"","jetpack_sharing_enabled":true,"_links":{"self":[{"href":"https:\/\/gaudiumetspes-blog.pl\/index.php\/wp-json\/wp\/v2\/posts\/15923","targetHints":{"allow":["GET"]}}],"collection":[{"href":"https:\/\/gaudiumetspes-blog.pl\/index.php\/wp-json\/wp\/v2\/posts"}],"about":[{"href":"https:\/\/gaudiumetspes-blog.pl\/index.php\/wp-json\/wp\/v2\/types\/post"}],"author":[{"embeddable":true,"href":"https:\/\/gaudiumetspes-blog.pl\/index.php\/wp-json\/wp\/v2\/users\/1"}],"replies":[{"embeddable":true,"href":"https:\/\/gaudiumetspes-blog.pl\/index.php\/wp-json\/wp\/v2\/comments?post=15923"}],"version-history":[{"count":1,"href":"https:\/\/gaudiumetspes-blog.pl\/index.php\/wp-json\/wp\/v2\/posts\/15923\/revisions"}],"predecessor-version":[{"id":15924,"href":"https:\/\/gaudiumetspes-blog.pl\/index.php\/wp-json\/wp\/v2\/posts\/15923\/revisions\/15924"}],"wp:attachment":[{"href":"https:\/\/gaudiumetspes-blog.pl\/index.php\/wp-json\/wp\/v2\/media?parent=15923"}],"wp:term":[{"taxonomy":"category","embeddable":true,"href":"https:\/\/gaudiumetspes-blog.pl\/index.php\/wp-json\/wp\/v2\/categories?post=15923"},{"taxonomy":"post_tag","embeddable":true,"href":"https:\/\/gaudiumetspes-blog.pl\/index.php\/wp-json\/wp\/v2\/tags?post=15923"}],"curies":[{"name":"wp","href":"https:\/\/api.w.org\/{rel}","templated":true}]}}