{"id":15925,"date":"2019-10-04T07:00:52","date_gmt":"2019-10-04T05:00:52","guid":{"rendered":"https:\/\/gaudiumetspes-blog.pl\/?p=15925"},"modified":"2019-10-04T07:00:52","modified_gmt":"2019-10-04T05:00:52","slug":"odbuduj-moj-kosciol","status":"publish","type":"post","link":"https:\/\/gaudiumetspes-blog.pl\/index.php\/2019\/10\/04\/odbuduj-moj-kosciol\/","title":{"rendered":"Odbuduj m\u00f3j Ko\u015bci\u00f3\u0142!"},"content":{"rendered":"<p align=\"justify\"><span style=\"color: #000000;\"><span style=\"font-family: Book Antiqua, serif;\"><span style=\"font-size: large;\">Moi Drodzy, w dniu dzisiejszym <b>imieniny prze\u017cywa Ojciec \u015awi\u0119ty Franciszek. M\u00f3dlmy si\u0119 o wszelkie Bo\u017ce b\u0142ogos\u0142awie\u0144stwo dla jego apostolskiej pos\u0142ugi. Niech ca\u0142y Ko\u015bci\u00f3\u0142 dzisiaj \u2013 i nie tylko dzisiaj \u2013 modli si\u0119 za Piotra naszych czas\u00f3w! <\/b><\/span><\/span><\/span><\/p>\n<p align=\"justify\"><span style=\"color: #000000;\"><span style=\"font-family: Book Antiqua, serif;\"><span style=\"font-size: large;\"><b>Imieniny prze\u017cywa dzi\u015b tak\u017ce<\/b> <b>Ksi\u0105dz Franciszek Juchimiuk, m\u00f3j Profesor teologii moralnej w Seminarium; <\/b><b>oraz Ojciec Franciszek Chr\u00f3szcz, pos\u0142uguj\u0105cy w Kodniu, tak\u017ce jako Egzorcysta.<\/b><\/span><\/span><\/span><\/p>\n<p align=\"justify\"><span style=\"color: #000000;\"><span style=\"font-family: Book Antiqua, serif;\"><span style=\"font-size: large;\"><b>Urodziny <\/b><b>natomiast<\/b><b> obchodz\u0105: <\/b><b>m\u00f3j Kolega, Andrzej Adamski, oraz <\/b><b>Pawe\u0142 Deres i Anna Maksymiuk, nale\u017c\u0105cy w swoim czasie do Wsp\u00f3lnot m\u0142odzie\u017cowych, <\/b><b>a tak\u017ce<\/b><b> Magdalena <\/b><b>Fabisiak<\/b><b>, \u017cyczliwa mi Osoba z Lublina, <\/b><b>\u017bona Moderatora naszego bloga.<\/b><\/span><\/span><\/span><\/p>\n<p align=\"justify\"><span style=\"color: #000000;\"><span style=\"font-family: Book Antiqua, serif;\"><span style=\"font-size: large;\"><b>Niech \u015awi\u0119ty Franciszek wyprasza wszystkim dzisiaj \u015bwi\u0119tuj\u0105cym wielkie pragnienie \u015bwi\u0119to\u015bci i odwag\u0119 do codziennego odbudowywania Ko\u015bcio\u0142a Chrystusowego, o czym wi\u0119cej w rozwa\u017caniu. Zapewniam o modlitwie!<\/b><\/span><\/span><\/span><\/p>\n<p align=\"justify\"><span style=\"color: #000000;\"><span style=\"font-family: Book Antiqua, serif;\"><span style=\"font-size: large;\">Moi Drodzy, dzisiejszy dzie\u0144 zapowiada si\u0119 mi do\u015b\u0107 ciekawie, bo wieczorem, o godzinie 18:00, mam odprawi\u0107 uroczyst\u0105 Msz\u0119 \u015awi\u0119t\u0105 i wyg\u0142osi\u0107 homili\u0119 (jest ju\u017c zamieszczona poni\u017cej) w ko\u015bciele pod wezwaniem Wniebowzi\u0119cia Matki Bo\u017cej, w Opatowie. Jest to Parafia prowadzona przez Ojc\u00f3w Franciszkan\u00f3w, a jej Proboszczem i Gwardianem Wsp\u00f3lnoty zakonnej jest Ojciec Edgar Semeniuk. <\/span><\/span><\/span><\/p>\n<p align=\"justify\"><span style=\"color: #000000;\"><span style=\"font-family: Book Antiqua, serif;\"><span style=\"font-size: large;\">Ojciec Edgar przez rok pracowa\u0142 w Lublinie i wtedy odwiedzi\u0142 mnie, w moim mieszkaniu, w ramach wizyty duszpasterskiej. Wtedy poznali\u015bmy si\u0119, a w\u0142a\u015bciwie to rozpoznali\u015bmy si\u0119, bo Ojciec pochodzi z Parafii w Terespolu nad Bugiem, gdzie mieszkali moi \u015b.p. Dziadkowie i dok\u0105d ja w\u00f3wczas je\u017adzi\u0142em, jako Alumn Seminarium, a Ojciec Edgar \u2013 wtedy Adam \u2013 by\u0142 w tej\u017ce Parafii Lektorem. I zapami\u0119ta\u0142 przyje\u017cd\u017caj\u0105cego co i raz Kleryka\u2026 <\/span><\/span><\/span><\/p>\n<p align=\"justify\"><span style=\"color: #000000;\"><span style=\"font-family: Book Antiqua, serif;\"><span style=\"font-size: large;\">Ja Go w\u00f3wczas nie pozna\u0142em, ale w czasie owej wizyty duszpasterskiej w Lublinie nawi\u0105zali\u015bmy kontakt i oto przed kilkoma tygodniami otrzyma\u0142em zupe\u0142nie dla mnie zaskakuj\u0105ce, mi\u0142e zaproszenie do Opatowa. Wybieram si\u0119 zatem. Sam pami\u0119tam \u2013 z czas\u00f3w, kiedy s\u0142u\u017cy\u0142em do Mszy \u015awi\u0119tej w ko\u015bciele Ojc\u00f3w Kapucyn\u00f3w w rodzinnej Bia\u0142ej Podlaskiej \u2013 \u017ce dzie\u0144 liturgicznego wspomnienia \u015awi\u0119tego Franciszka obchodzony jest w ko\u015bcio\u0142ach franciszka\u0144skich bardzo uroczy\u015bcie. Tak b\u0119dzie zapewne i dzisiaj, w Opatowie. Dlatego te\u017c teksty czyta\u0144, jakie dzi\u015b zamie\u015bci\u0142em, nie s\u0105 tekstami z dnia, ale z uroczysto\u015bci.<\/span><\/span><\/span><\/p>\n<p align=\"justify\"><span style=\"color: #000000;\"><span style=\"font-family: Book Antiqua, serif;\"><span style=\"font-size: large;\">Moi Drodzy, przypominam o nabo\u017ce\u0144stwie pa\u017adziernikowym i o tym, \u017ce dzisiaj pierwszy pi\u0105tek miesi\u0105ca. A jutro pierwsza sobota, ale te\u017c \u2013 s\u0142\u00f3wko z Syberii!<\/span><\/span><\/span><\/p>\n<p align=\"center\"><span style=\"color: #000000;\"><span style=\"font-family: Book Antiqua, serif;\"><span style=\"font-size: large;\">Gaudium et spes! Ks. Jacek<\/span><\/span><\/span><\/p>\n<p align=\"center\">\n<p align=\"center\">\n<p align=\"center\">\n<p align=\"center\">\n<p align=\"center\">\n<p align=\"justify\"><span style=\"color: #000000;\"><span style=\"font-family: Book Antiqua, serif;\"><span style=\"font-size: large;\"><b>Uroczysto\u015b\u0107 \u015aw. Franciszka z Asy\u017cu,<\/b><\/span><\/span><\/span><\/p>\n<p align=\"justify\"><span style=\"color: #000000;\"><span style=\"font-family: Book Antiqua, serif;\"><span style=\"font-size: large;\"><b>do czyta\u0144 z t. VI Lekcjonarza: Syr 50,1.3\u20137; Ga 6,14\u201318; Mt 11,25\u201330<\/b><\/span><\/span><\/span><\/p>\n<p align=\"justify\">\n<p align=\"justify\">\n<p align=\"justify\">\n<p align=\"justify\">\n<p align=\"justify\">\n<p align=\"justify\"><span style=\"color: #000000;\"><span style=\"font-family: Book Antiqua, serif;\"><span style=\"font-size: large;\"><b>CZYTANIE Z KSI\u0118GI SYRACYDESA:<\/b><\/span><\/span><\/span><\/p>\n<p align=\"justify\"><span style=\"color: #000000;\"><span style=\"font-family: Book Antiqua, serif;\"><span style=\"font-size: large;\"><b>Oto jest ten, kt\u00f3ry za \u017cycia swego poprawi\u0142 dom Pa\u0144ski, a za dni swoich wzmocni\u0142 \u015bwi\u0105tyni\u0119. Za dni jego zosta\u0142 wykuty zbiornik na wod\u0119, sadzawka, kt\u00f3rej obw\u00f3d jest jak morze. <\/b><\/span><\/span><\/span><\/p>\n<p align=\"justify\"><span style=\"color: #000000;\"><span style=\"font-family: Book Antiqua, serif;\"><span style=\"font-size: large;\"><b>On my\u015bla\u0142 o swoim ludzie, aby go ustrzec przed upadkiem, umocni\u0142 przeto miasto na czas obl\u0119\u017cenia. Jak\u017ce wspaniale wygl\u0105da\u0142, gdy wraca\u0142 do ludu, przy wyj\u015bciu z Domu Zas\u0142ony. Jak gwiazda<\/b> <b>zaranna<\/b> <b>po\u015br\u00f3d chmur, jak ksi\u0119\u017cyc w pe\u0142ni w dniach \u015bwi\u0105tecznych, jak s\u0142o\u0144ce \u015bwiec\u0105ce, <\/b><b>tak on zaja\u015bnia\u0142 w \u015bwi\u0105tyni Boga.<\/b><\/span><\/span><\/span><\/p>\n<p align=\"justify\">\n<p align=\"justify\">\n<p align=\"justify\">\n<p align=\"justify\">\n<p align=\"justify\">\n<p align=\"justify\"><span style=\"color: #000000;\"><span style=\"font-family: Book Antiqua, serif;\"><span style=\"font-size: medium;\"><strong><span style=\"font-size: large;\"><b>CZYTANIE Z LISTU \u015aWI\u0118TEGO PAW\u0141A APOSTO\u0141A DO GALAT\u00d3W:<\/b><\/span><\/strong><\/span><\/span><\/span><\/p>\n<p align=\"justify\"><span style=\"color: #000000;\"><span style=\"font-family: Book Antiqua, serif;\"><span style=\"font-size: large;\"><b>Bracia: Co do mnie, nie daj Bo\u017ce, bym si\u0119 mia\u0142 chlubi\u0107 z czego innego, jak tylko z krzy\u017ca Pana naszego Jezusa Chrystusa, dzi\u0119ki kt\u00f3remu \u015bwiat sta\u0142 si\u0119 ukrzy\u017cowany dla mnie, a ja dla \u015bwiata.<\/b><\/span><\/span><\/span><\/p>\n<p align=\"justify\"><span style=\"color: #000000;\"><span style=\"font-family: Book Antiqua, serif;\"><span style=\"font-size: large;\"><b>Bo ani obrzezanie nic nie znaczy, ani nieobrzezanie, tylko nowe stworzenie. Na wszystkich tych, kt\u00f3rzy si\u0119 tej zasady trzyma\u0107 b\u0119d\u0105, i na Izraela Bo\u017cego niech zst\u0105pi pok\u00f3j i mi\u0142osierdzie.<\/b><\/span><\/span><\/span><\/p>\n<p align=\"justify\"><span style=\"color: #000000;\"><span style=\"font-family: Book Antiqua, serif;\"><span style=\"font-size: large;\"><b>Odt\u0105d niech ju\u017c nikt nie sprawia mi przykro\u015bci: przecie\u017c ja na ciele swoim nosz\u0119 blizny, znami\u0119 przynale\u017cno\u015bci do Jezusa.<\/b><\/span><\/span><\/span><\/p>\n<p align=\"justify\"><span style=\"color: #000000;\"><span style=\"font-family: Book Antiqua, serif;\"><span style=\"font-size: large;\"><b>\u0141aska Pana naszego Jezusa Chrystusa niech b\u0119dzie z duchem waszym, bracia! Amen.<\/b><\/span><\/span><\/span><\/p>\n<p align=\"justify\">\n<p align=\"justify\">\n<p align=\"justify\">\n<p align=\"justify\">\n<p align=\"justify\">\n<p align=\"justify\"><span style=\"color: #000000;\"><span style=\"font-family: Book Antiqua, serif;\"><span style=\"font-size: medium;\"><strong><span style=\"font-size: large;\"><b>S\u0141OWA EWANGELII WED\u0141UG \u015aWI\u0118TEGO MATEUSZA:<\/b><\/span><\/strong><\/span><\/span><\/span><\/p>\n<p align=\"justify\"><span style=\"color: #000000;\"><span style=\"font-family: Book Antiqua, serif;\"><span style=\"font-size: large;\"><b>W owym czasie Jezus przem\u00f3wi\u0142 tymi s\u0142owami: \u201eWys\u0142awiam Ci\u0119, Ojcze, Panie nieba i ziemi, \u017ce zakry\u0142e\u015b te rzeczy przed m\u0105drymi i roztropnymi, a objawi\u0142e\u015b je prostaczkom. Tak, Ojcze, gdy\u017c takie by\u0142o Twoje upodobanie. <\/b><\/span><\/span><\/span><\/p>\n<p align=\"justify\"><span style=\"color: #000000;\"><span style=\"font-family: Book Antiqua, serif;\"><span style=\"font-size: large;\"><b>Wszystko przekaza\u0142 Mi Ojciec m\u00f3j. Nikt te\u017c nie zna Syna, tylko Ojciec, ani Ojca nikt nie zna, tylko Syn, i ten, komu Syn zechce objawi\u0107.<\/b><\/span><\/span><\/span><\/p>\n<p align=\"justify\"><span style=\"color: #000000;\"><span style=\"font-family: Book Antiqua, serif;\"><span style=\"font-size: large;\"><b>Przyjd\u017acie do Mnie wszyscy, kt\u00f3rzy utrudzeni i obci\u0105\u017ceni jeste\u015bcie, a Ja was pokrzepi\u0119.<\/b><\/span><\/span><\/span><\/p>\n<p align=\"justify\"><span style=\"color: #000000;\"><span style=\"font-family: Book Antiqua, serif;\"><span style=\"font-size: large;\"><b>We\u017acie moje jarzmo na siebie i uczcie si\u0119 ode Mnie, bo jestem cichy i pokorny sercem, a znajdziecie ukojenie dla dusz waszych. Albowiem jarzmo moje jest s\u0142odkie, a moje brzemi\u0119 lekkie\u201d.<\/b><\/span><\/span><\/span><\/p>\n<p align=\"justify\">\n<p align=\"justify\">\n<p align=\"justify\">\n<p align=\"justify\">\n<p align=\"justify\">\n<p align=\"justify\"><span style=\"color: #000000;\"><span style=\"font-family: Book Antiqua, serif;\"><span style=\"font-size: large;\"><b><i>Oto jest ten, kt\u00f3ry za \u017cycia swego poprawi\u0142 dom Pa\u0144ski, a za dni swoich wzmocni\u0142 \u015bwi\u0105tyni\u0119.<\/i> [\u2026] <i>Jak gwiazda<\/i><\/b><i> <\/i><b><i>zaranna<\/i><\/b><i> <\/i><b><i>po\u015br\u00f3d chmur, jak ksi\u0119\u017cyc w pe\u0142ni w dniach \u015bwi\u0105tecznych, jak s\u0142o\u0144ce \u015bwiec\u0105ce, tak on zaja\u015bnia\u0142 w \u015bwi\u0105tyni Boga. <\/i><\/b><\/span><\/span><\/span><\/p>\n<p align=\"justify\"><span style=\"color: #000000;\"><span style=\"font-family: Book Antiqua, serif;\"><span style=\"font-size: large;\">Tymi s\u0142owami, us\u0142yszanymi przez nas przed chwil\u0105 w pierwszym czytaniu, z Ksi\u0119gi Syracydesa, liturgia Ko\u015bcio\u0142a obdarowuje nas w <b>Uroczysto\u015b\u0107 \u015awi\u0119tego Franciszka.<\/b> I cho\u0107 s\u0142owa te M\u0119drzec Syracydes odnosi\u0142 do <b>Arcykap\u0142ana Szymona II,<\/b> \u017cyj\u0105cego na prze\u0142omie III i II wieku przed Chrystusem, syna Oniasza II, to jednak my te s\u0142owa odnosimy dzisiaj do naszego \u015awi\u0119tego Patrona, skupiaj\u0105c uwag\u0119 i refleksj\u0119 na tym w\u0142a\u015bnie aspekcie jego postawy i jego \u015bwi\u0119to\u015bci.<\/span><\/span><\/span><\/p>\n<p align=\"center\"><span style=\"color: #000000;\"><span style=\"font-family: Book Antiqua, serif;\"><span style=\"font-size: large;\"><b>Czcigodny Ojcze Gwardianie, <\/b><\/span><\/span><\/span><\/p>\n<p align=\"center\"><span style=\"color: #000000;\"><span style=\"font-family: Book Antiqua, serif;\"><span style=\"font-size: large;\"><b>Proboszczu tej parafialnej Wsp\u00f3lnoty!<\/b><\/span><\/span><\/span><\/p>\n<p align=\"center\"><span style=\"color: #000000;\"><span style=\"font-family: Book Antiqua, serif;\"><span style=\"font-size: large;\"><b>Drodzy Ojcowie i Bracia! Drogie Siostry zakonne!<\/b><\/span><\/span><\/span><\/p>\n<p align=\"center\"><span style=\"color: #000000;\"><span style=\"font-family: Book Antiqua, serif;\"><span style=\"font-size: large;\"><b>Czcigodni Ksi\u0119\u017ca \u2013 Wsp\u00f3\u0142bracia w Chrystusowym kap\u0142a\u0144stwie!<\/b><\/span><\/span><\/span><\/p>\n<p align=\"center\"><span style=\"color: #000000;\"><span style=\"font-family: Book Antiqua, serif;\"><span style=\"font-size: large;\"><b>Dostojni Cz\u0142onkowie wszystkich Wsp\u00f3lnot, dzia\u0142aj\u0105cych w Parafii!<\/b><\/span><\/span><\/span><\/p>\n<p align=\"center\"><span style=\"color: #000000;\"><span style=\"font-family: Book Antiqua, serif;\"><span style=\"font-size: large;\"><b>Drodzy Bracia i Siostry!<\/b><\/span><\/span><\/span><\/p>\n<p align=\"justify\"><span style=\"color: #000000;\"><span style=\"font-family: Book Antiqua, serif;\"><span style=\"font-size: large;\">Kiedy Ojciec Gwardian zaprasza\u0142 mnie do celebrowania tej dzisiejszej Uroczysto\u015bci i wyg\u0142oszenia w jej trakcie s\u0142owa \u2013 za kt\u00f3re to zaproszenie <b>ju\u017c teraz serdecznie dzi\u0119kuj\u0119<\/b> \u2013 to zaznaczy\u0142, \u017ce zaproszenie kogo\u015b z zewn\u0105trz po to jest, aby \u00f3w zaproszony spojrza\u0142 na posta\u0107 i dzie\u0142o tego wielkiego \u015awi\u0119tego <b>z jakiej\u015b innej strony;<\/b> \u017ceby wydoby\u0142 jaki\u015b <b>nowy aspekt<\/b> jego postawy. <\/span><\/span><\/span><\/p>\n<p align=\"justify\"><span style=\"color: #000000;\"><span style=\"font-family: Book Antiqua, serif;\"><span style=\"font-size: large;\">Ja wtedy u\u015bwiadomi\u0142em sobie, \u017ce faktycznie to moje przemawianie tutaj, do Was, to takie troch\u0119 <b>noszenie drewna do lasu<\/b> \u2013 wszak Czcigodni Ojcowie i Bracia to przecie\u017c duchowi Synowie naszego Patrona, zatem s\u0105 <b>Ekspertami w tym temacie,<\/b> a i Cz\u0142onkowie parafialnej Rodziny, prowadzonej przez Franciszkan\u00f3w, na pewno <b>s\u0105 dobrze zorientowani<\/b> w tak wielu sprawach, zwi\u0105zanych ze \u015awi\u0119tym Franciszkiem. <\/span><\/span><\/span><\/p>\n<p align=\"justify\"><span style=\"color: #000000;\"><span style=\"font-family: Book Antiqua, serif;\"><span style=\"font-size: large;\">Dotar\u0142a do mnie ta \u015bwiadomo\u015b\u0107 z du\u017c\u0105 si\u0142\u0105, dlatego nie zamierzam <b>wysila\u0107 si\u0119 na jak\u0105kolwiek oryginalno\u015b\u0107<\/b> i nie zamierzam nikogo niczym zaskakiwa\u0107 \u2013 bo i tak by mi si\u0119 to nie uda\u0142o \u2013 natomiast chcia\u0142bym podzieli\u0107 si\u0119 <b>jedn\u0105, bardzo wa\u017cn\u0105 dla mnie refleksj\u0105,<\/b> kt\u00f3ra jako\u015b tak mocno poruszy\u0142a mnie wewn\u0119trznie w czasie prze\u017cywanych niedawno Rekolekcji kap\u0142a\u0144skich. <\/span><\/span><\/span><\/p>\n<p align=\"justify\"><span style=\"color: #000000;\"><span style=\"font-family: Book Antiqua, serif;\"><span style=\"font-size: large;\">Jest to konkretnie ta my\u015bl, kt\u00f3r\u0105 sam Jezus objawi\u0142 \u015awi\u0119temu Franciszkowi, gdy zwr\u00f3ci\u0142 si\u0119 do niego s\u0142owami: <b>\u201eFranciszku, id\u017a odbuduj m\u00f3j Ko\u015bci\u00f3\u0142, gdy\u017c popada w ruin\u0119!\u201d<\/b> Z historii \u017cycia \u015awi\u0119tego wiemy, \u017ce wizj\u0119 t\u0119 otrzyma\u0142 on i s\u0142owa powy\u017csze us\u0142ysza\u0142, gdy po bitwie mi\u0119dzy mieszka\u0144cami Asy\u017ca i Perugii, w kt\u00f3rej wzi\u0105\u0142 udzia\u0142, <b>znalaz\u0142 si\u0119 w dwuletniej niewoli.<\/b> Zosta\u0142 z niej w ko\u0144cu wypuszczony, z powodu z\u0142ego stanu zdrowia. <\/span><\/span><\/span><\/p>\n<p align=\"justify\"><span style=\"color: #000000;\"><span style=\"font-family: Book Antiqua, serif;\"><span style=\"font-size: large;\">I wtedy to w jego \u017cyciu nast\u0105pi\u0142a radykalna przemiana, prze\u017cy\u0142 <b>totalne nawr\u00f3cenie.<\/b> I to w\u0142a\u015bnie wtedy, w czasie modlitwy przed Krzy\u017cem, w ko\u015bciele San Damiano, mia\u0142 us\u0142ysze\u0107 wspomniane s\u0142owa: <b>\u201eFranciszku, id\u017a odbuduj m\u00f3j Ko\u015bci\u00f3\u0142, gdy\u017c popada w ruin\u0119!\u201d<\/b> Skoro tak, skoro tak\u0105 wol\u0119 obwie\u015bci\u0142 mu Pan, to Franciszek wzi\u0105\u0142 si\u0119 do roboty i rzeczywi\u015bcie \u2013 zacz\u0105\u0142 odnawia\u0107 i remontowa\u0107 co bardziej zaniedbane <b>ko\u015bcio\u0142y w okolicy,<\/b> pocz\u0105wszy od San Damiano, w kt\u00f3rym us\u0142ysza\u0142 s\u0142owa Pana. Ale te\u017c kaplic\u0119 Matki Bo\u017cej Anielskiej, zwanej Porcjunkul\u0105\u2026<\/span><\/span><\/span><\/p>\n<p align=\"justify\"><span style=\"color: #000000;\"><span style=\"font-family: Book Antiqua, serif;\"><span style=\"font-size: large;\">Jednak ju\u017c wkr\u00f3tce Pan mia\u0142 mu objawi\u0107, \u017ce <b>nie o to dok\u0142adnie chodzi\u0142o.<\/b> Chodzi\u0142o natomiast <b>o duchow\u0105 odnow\u0119 Ko\u015bcio\u0142a,<\/b> rozumianego jako wsp\u00f3lnota: wielka wsp\u00f3lnota ludzi ochrzczonych, rozproszonych po ca\u0142ym \u015bwiecie! <b>To ten Ko\u015bci\u00f3\u0142 popada\u0142 w ruin\u0119.<\/b> Jezusowi zatem nie chodzi\u0142o o mury, ale o stan duchowej budowli. I to w\u0142a\u015bnie ten Ko\u015bci\u00f3\u0142 Franciszek mia\u0142 odbudowa\u0107. <\/span><\/span><\/span><\/p>\n<p align=\"justify\"><span style=\"color: #000000;\"><span style=\"font-family: Book Antiqua, serif;\"><span style=\"font-size: large;\">Tak, <b>w\u0142a\u015bnie on, jeden cz\u0142owiek,<\/b> mia\u0142 si\u0119 podj\u0105\u0107 takiego zadania. Jak mia\u0142 tego dokona\u0107? Przecie\u017c to si\u0119 w g\u0142owie nie mie\u015bci, \u017ceby jeden, pojedynczy cz\u0142owiek mia\u0142 dokona\u0107 czego\u015b podobnego! <\/span><\/span><\/span><\/p>\n<p align=\"justify\"><span style=\"color: #000000;\"><span style=\"font-family: Book Antiqua, serif;\"><span style=\"font-size: large;\">To prawda \u2013 jeden cz\u0142owiek <b>nie jest w stanie<\/b> tego zrobi\u0107. Chocia\u017c wydaje si\u0119, \u017ce <b>Franciszkowi si\u0119 uda\u0142o, <\/b>wszak wszyscy uwa\u017camy go dzi\u015b za wielkiego \u015awi\u0119tego, kt\u00f3ry rzeczywi\u015bcie odcisn\u0105\u0142 mocne znami\u0119 na Ko\u015bciele. On jeden, pojedynczy cz\u0142owiek. <b>Jak tego dokona\u0142?<\/b> Jak mu si\u0119 uda\u0142o odbudowa\u0107 faktycznie popadaj\u0105cy w\u00f3wczas w ruin\u0119 Ko\u015bci\u00f3\u0142 Chrystusa? <\/span><\/span><\/span><\/p>\n<p align=\"justify\"><span style=\"color: #000000;\"><span style=\"font-family: Book Antiqua, serif;\"><span style=\"font-size: large;\">Znaj\u0105c styl \u017cycia naszego \u015awi\u0119tego, dobrze wiemy, \u017ce <b>nie dokona\u0142 tego sam. <\/b>Gdy\u017c to w\u0142a\u015bnie o nim \u2013 i jemu podobnych \u2013 Jezus m\u00f3wi w dzisiejszej Ewangelii: <b><i>Wys\u0142awiam Ci\u0119, Ojcze, Panie nieba i ziemi, \u017ce zakry\u0142e\u015b te rzeczy przed<\/i> <i>m\u0105drymi i roztropnymi, a objawi\u0142e\u015b je prostaczkom. Tak, Ojcze, gdy\u017c takie by\u0142o Twoje upodobanie.<\/i> <\/b>Tak, moi Drodzy, upodobaniem naszego Ojca w Niebie jest, aby <b><i>te rzeczy<\/i><\/b> objawia\u0107 prostaczkom. <\/span><\/span><\/span><\/p>\n<p align=\"justify\"><span style=\"color: #000000;\"><span style=\"font-family: Book Antiqua, serif;\"><span style=\"font-size: large;\"><b>Nie myli\u0107 z prostakami!<\/b> Prostak \u2013 to wiemy, kim jest. A prostaczek \u2013 ewangeliczny prostaczek \u2013 to cz\u0142owiek prosty, szczery, bezpretensjonalny, otwarty na Boga, <b>ufaj\u0105cy Bogu tak bezgranicznie,<\/b> jak dziecko swemu ojcu. Bo prostaczek w\u0142a\u015bnie w Bogu widzi swego Ojca. I dlatego tak bezgranicznie Mu ufa\u2026<\/span><\/span><\/span><\/p>\n<p align=\"justify\"><span style=\"color: #000000;\"><span style=\"font-family: Book Antiqua, serif;\"><span style=\"font-size: large;\">Do takiej zreszt\u0105 postawy Jezus dzisiaj w Ewangelii zach\u0119ca nas wszystkich, gdy m\u00f3wi: <b><i>Przyjd\u017acie do Mnie wszyscy, kt\u00f3rzy utrudzeni i obci\u0105\u017ceni jeste\u015bcie, a Ja was pokrzepi\u0119. We\u017acie moje jarzmo na siebie i uczcie si\u0119 ode Mnie, bo jestem cichy i pokorny sercem, a znajdziecie ukojenie dla dusz waszych. Albowiem jarzmo moje jest s\u0142odkie, a moje brzemi\u0119 lekkie. <\/i><\/b><\/span><\/span><\/span><\/p>\n<p align=\"justify\"><span style=\"color: #000000;\"><span style=\"font-family: Book Antiqua, serif;\"><span style=\"font-size: large;\">\u015awi\u0119ty Franciszek pos\u0142ucha\u0142 tej zach\u0119ty i odda\u0142 <b>samego siebie \u2013 i ca\u0142ego siebie<\/b> \u2013 do dyspozycji Jezusa. Nie po to, aby w ten spos\u00f3b by\u0142o mu lekko i przyjemnie. Wszak jego \u017cycie by\u0142o realizacj\u0105 tych oto s\u0142\u00f3w \u015awi\u0119tego Paw\u0142a, z dzisiejszego drugiego czytania: <b><i>Co do mnie, nie daj Bo\u017ce, bym si\u0119 mia\u0142 chlubi\u0107 z czego innego, jak tylko z krzy\u017ca Pana naszego Jezusa Chrystusa, dzi\u0119ki kt\u00f3remu \u015bwiat sta\u0142 si\u0119 ukrzy\u017cowany dla mnie, a ja dla \u015bwiata. <\/i><\/b><\/span><\/span><\/span><\/p>\n<p align=\"justify\"><span style=\"color: #000000;\"><span style=\"font-family: Book Antiqua, serif;\"><span style=\"font-size: large;\">Jak wiemy, w pewnym momencie owo <b>\u00abukrzy\u017cowanie\u00bb<\/b> zyska\u0142o wymiar niemal\u017ce dos\u0142owny, kiedy to w \u017cyciu Franciszka spe\u0142ni\u0142y si\u0119 tak\u017ce i te s\u0142owa Aposto\u0142a Paw\u0142a z dzisiejszego czytania: <b><i>Przecie\u017c ja na ciele swoim nosz\u0119 blizny, znami\u0119 przynale\u017cno\u015bci do Jezusa. <\/i><\/b>To stygmaty, kt\u00f3rymi Pan obdarzy\u0142 Franciszka\u2026 Obdarzy\u0142 \u2013 czy mo\u017ce lepiej powiedzie\u0107: <b>zaszczyci\u0142\u2026<\/b> <\/span><\/span><\/span><\/p>\n<p align=\"justify\"><span style=\"color: #000000;\"><span style=\"font-family: Book Antiqua, serif;\"><span style=\"font-size: large;\">Mo\u017cemy wi\u0119c powiedzie\u0107, \u017ce <b>Franciszek sta\u0142 si\u0119 jedno z Jezusem!<\/b> Sta\u0142 si\u0119 tak bardzo podobny do swego Mistrza, \u017ce ludzie, patrz\u0105c na niego, <b>samego Jezusa widzieli.<\/b> I dlatego uda\u0142o mu si\u0119 odbudowa\u0107 Ko\u015bci\u00f3\u0142, d\u017awign\u0105\u0107 go z ruiny. Jak tego dokona\u0142? <\/span><\/span><\/span><\/p>\n<p align=\"justify\"><span style=\"color: #000000;\"><span style=\"font-family: Book Antiqua, serif;\"><span style=\"font-size: large;\"><b>Nie swoj\u0105 pozycj\u0105 spo\u0142eczn\u0105,<\/b> nie swoim maj\u0105tkiem, nie swoim wykszta\u0142ceniem, nie znajomo\u015bciami i uk\u0142adami \u2013 bo nic z tych rzeczy nie mia\u0142. Zapewne \u2013 na szcz\u0119\u015bcie nie mia\u0142\u2026 Jak zatem tak wielkiego dzie\u0142a dokona\u0142? Dobrze wiemy: swoim <b>totalnym, dzieci\u0119cym<\/b> <b>zaufaniem do Boga,<\/b> swoim zupe\u0142nym ub\u00f3stwem, swoj\u0105 szczer\u0105 pobo\u017cno\u015bci\u0105, swoj\u0105 prawdziw\u0105 i bezpretensjonaln\u0105 prostot\u0105, swoj\u0105 niesamowit\u0105 <b>pokor\u0105,<\/b> swoj\u0105 heroiczn\u0105 <b>wiar\u0105,<\/b> swoj\u0105 pot\u0119\u017cn\u0105 <b>nadziej\u0105,<\/b> swoj\u0105 bezgraniczn\u0105 <b>mi\u0142o\u015bci\u0105!<\/b> Czyli \u2013 jednym s\u0142owem to wszystko ujmuj\u0105c \u2013 <b>swoj\u0105 \u015bwi\u0119to\u015bci\u0105! <\/b>I to jest, moi Drodzy, <b>recepta<\/b> na wszystkie biedy i bol\u0105czki Ko\u015bcio\u0142a tak\u017ce w naszych czasach. <\/span><\/span><\/span><\/p>\n<p align=\"justify\"><span style=\"color: #000000;\"><span style=\"font-family: Book Antiqua, serif;\"><span style=\"font-size: large;\">Bo i dzisiaj coraz g\u0142o\u015bniej m\u00f3wi si\u0119 o wielkim kryzysie Ko\u015bcio\u0142a. I nawet nie m\u00f3wimy tu <b>o Ko\u015bciele na Zachodzie,<\/b> bo tam rzeczywi\u015bcie mo\u017cna m\u00f3wi\u0107 o totalnej ruinie: ludzie \u017cyj\u0105 tak, <b>jakby Boga nie by\u0142o<\/b> \u2013 B\u00f3g im po prostu nie jest do szcz\u0119\u015bcia potrzebny. D\u0142ugo by o tym m\u00f3wi\u0107 i analizowa\u0107, zreszt\u0105 \u2013 na takie analizy zapewne trafiamy w mediach i internecie. <\/span><\/span><\/span><\/p>\n<p align=\"justify\"><span style=\"color: #000000;\"><span style=\"font-family: Book Antiqua, serif;\"><span style=\"font-size: large;\">Ale tak\u017ce <b>i w naszej Ojczy\u017anie<\/b> z pewno\u015bci\u0105 zauwa\u017camy znacz\u0105cy spadek religijno\u015bci w\u015br\u00f3d ludzi: <b>coraz mniej ludzi <\/b>ucz\u0119szcza na Msz\u0119 \u015awi\u0119t\u0105, coraz mniej ludzi systematycznie spowiada si\u0119 i przyjmuje Komuni\u0119 \u015awi\u0119t\u0105, coraz mniej ludzie interesuj\u0105 si\u0119 nauczaniem Ko\u015bcio\u0142a, <b>spada te\u017c akceptacja<\/b> dla tego\u017c nauczania w codziennym \u017cyciu chrze\u015bcijan, dlatego niemal\u017ce za co\u015b normalnego uwa\u017ca si\u0119 ju\u017c <b>wsp\u00f3lne mieszkanie narzeczonych<\/b> na wz\u00f3r ma\u0142\u017ce\u0144ski, pod jednych dachem. Jeszcze nie tak dawno by\u0142o to<b> zgorszeniem,<\/b> teraz w\u0142a\u015bciwie jest ju\u017c czym\u015b zwyczajnym\u2026<\/span><\/span><\/span><\/p>\n<p align=\"justify\"><span style=\"color: #000000;\"><span style=\"font-family: Book Antiqua, serif;\"><span style=\"font-size: large;\">M\u0142odzie\u017c coraz mniej interesuje si\u0119 sprawami wiary: jeszcze w szkole podstawowej, czy \u015bredniej, chodz\u0105 na katechez\u0119 \u2013 zw\u0142aszcza, je\u015bli trzeba <b>jako\u015b \u201ezaliczy\u0107\u201d Bierzmowanie,<\/b> \u017ceby potem nie by\u0142o problemu ze \u015blubem \u2013 ale ju\u017c m\u0142odzie\u017c akademicka, nie maj\u0105ca nad g\u0142ow\u0105 \u017cadnego \u201ebata\u201d, <b>totalnie odpuszcza sobie katechezy,<\/b> czy spotkania, w ramach duszpasterstwa akademickiego (akurat teraz przysz\u0142o mi si\u0119 z tym problemem mierzy\u0107). <\/span><\/span><\/span><\/p>\n<p align=\"justify\"><span style=\"color: #000000;\"><span style=\"font-family: Book Antiqua, serif;\"><span style=\"font-size: large;\">Coraz bardziej natomiast arogancko podnosz\u0105 g\u0142owy i g\u0142os promotorzy wszelkich <b>wynaturze\u0144 i zbocze\u0144,<\/b> domagaj\u0105c si\u0119 dla siebie przywilej\u00f3w i specjalnych praw, jak chocia\u017cby <b>prawa do adopcji dzieci<\/b> przez pary homoseksualne. Zupe\u0142ne pomieszanie z popl\u0105taniem! <\/span><\/span><\/span><\/p>\n<p align=\"justify\"><span style=\"color: #000000;\"><span style=\"font-family: Book Antiqua, serif;\"><span style=\"font-size: large;\">I mogliby\u015bmy, moi Drodzy, jeszcze d\u0142ugo wymienia\u0107 i wylicza\u0107 <b>r\u00f3\u017cne trudne sprawy, <\/b>dziej\u0105ce si\u0119 w Polsce, albo nawet na naszym, lokalnym podw\u00f3rku \u2013 i <b>popada\u0107 w rezygnacj\u0119.<\/b> Nieraz o tym rozmawiamy w naszym kap\u0142a\u0144skim gronie i te\u017c bardzo \u0142atwo \u2013 nawet nie zauwa\u017camy, kiedy \u2013 <b>wpadamy w pu\u0142apk\u0119<\/b> narzekania, uskar\u017cania si\u0119, biadolenia: co to si\u0119 teraz dzieje, co to teraz b\u0119dzie, w kt\u00f3r\u0105 stron\u0119 p\u00f3jdzie dalej Ko\u015bci\u00f3\u0142, jak pe\u0142ni\u0107 dzisiaj misj\u0119 kap\u0142a\u0144sk\u0105? Zw\u0142aszcza, \u017ce i <b>liczba powo\u0142a\u0144 drastycznie spad\u0142a<\/b> \u2013 i to zar\u00f3wno powo\u0142a\u0144 kap\u0142a\u0144skich, jak i zakonnych, m\u0119skich i \u017ce\u0144skich\u2026 <\/span><\/span><\/span><\/p>\n<p align=\"justify\"><span style=\"color: #000000;\"><span style=\"font-family: Book Antiqua, serif;\"><span style=\"font-size: large;\">A ci, kt\u00f3rzy ju\u017c t\u0119 drog\u0119 wybrali i nawet id\u0105 ni\u0105 przez wiele lat, popadaj\u0105 w zniech\u0119cenie, <b>poczucie bezsensu swojej pos\u0142ugi, <\/b>nie widz\u0105 jej owoc\u00f3w, tak cz\u0119sto czuj\u0105 si\u0119 samotni, lekcewa\u017ceni\u2026 Zreszt\u0105, nie musz\u0105 si\u0119 czu\u0107 lekcewa\u017ceni \u2013 oni po prostu <b>s\u0105 lekcewa\u017ceni!<\/b> Mo\u017cemy powiedzie\u0107, \u017ce w ostatnim czasie drastycznie <b>spad\u0142 autorytet <\/b>os\u00f3b duchownych w spo\u0142ecze\u0144stwie \u2013 z pewno\u015bci\u0105, w niekt\u00f3rych przypadkach, tak\u017ce niestety <b>z winy ich samych.<\/b> I c\u00f3\u017c w tej sytuacji robi\u0107? <\/span><\/span><\/span><\/p>\n<p align=\"justify\"><span style=\"color: #000000;\"><span style=\"font-family: Book Antiqua, serif;\"><span style=\"font-size: large;\">Wielu powie \u2013 tak\u017ce w\u015br\u00f3d duchownych \u2013 \u017ce <b>nic si\u0119 nie da zrobi\u0107! <\/b>To jest, niestety, takie has\u0142o \u2013 wytrych, kt\u00f3re niweczy ju\u017c na starcie wiele dobra, kt\u00f3re mo\u017cna by by\u0142o osi\u0105gn\u0105\u0107, ale kt\u00f3rego si\u0119 nie osi\u0105ga, bo przecie\u017c\u2026 nic si\u0119 nie da zrobi\u0107. <b>Czy jednak naprawd\u0119 \u2013 nic si\u0119 nie da zrobi\u0107?<\/b> Czy \u2013 jako Ko\u015bci\u00f3\u0142 \u2013 jeste\u015bmy <b>skazani ju\u017c na totaln\u0105 kl\u0119sk\u0119?<\/b> <\/span><\/span><\/span><\/p>\n<p align=\"justify\"><span style=\"color: #000000;\"><span style=\"font-family: Book Antiqua, serif;\"><span style=\"font-size: large;\">Tylko w takim razie, co zrobi\u0107 z <b>zapewnieniem Jezusa, \u017ce bramy piekielne Jego Ko\u015bcio\u0142a nigdy nie przemog\u0105,<\/b> \u017ce \u017cadne moce Jego Ko\u015bcio\u0142a nie pokonaj\u0105? Co zrobi\u0107 z tym zapewnieniem Jezusa: <b>wierzy\u0107 mu, czy nie wierzy\u0107?<\/b> I c\u00f3\u017c powiedzie\u0107 na postaw\u0119 konkretnych, pojedynczych ludzi, kt\u00f3rzy tak, jak \u015awi\u0119ty Franciszek, na przestrzeni wiek\u00f3w, <b>ci\u0105gle ten Ko\u015bci\u00f3\u0142 d\u017awigali i odbudowywali?<\/b> C\u00f3\u017c powiedzie\u0107 o ich \u015bwiadectwie, o ich postawie? A kogo konkretnie mamy na my\u015bli? <\/span><\/span><\/span><\/p>\n<p align=\"justify\"><span style=\"color: #000000;\"><span style=\"font-family: Book Antiqua, serif;\"><span style=\"font-size: large;\">Oczywi\u015bcie, <b>\u015awi\u0119tego Franciszka,<\/b> ale i \u015awi\u0119tego Ojca Pio, i \u015awi\u0119tego Jana Mari\u0119 Vianneya, i \u015awi\u0119t\u0105 Matk\u0119 Teres\u0119 z Kalkuty\u2026 I wielu, wielu innych, kt\u00f3rzy \u2013 jako pojedynczy ludzie \u2013 <b>d\u017awign\u0119li \u015bwiat i Ko\u015bci\u00f3\u0142 ku Bogu.<\/b> Ratowali ten \u015bwiat! Pojedynczy ludzie! <\/span><\/span><\/span><\/p>\n<p align=\"justify\"><span style=\"color: #000000;\"><span style=\"font-family: Book Antiqua, serif;\"><span style=\"font-size: large;\">Naturalnie, byli to te\u017c <b>wielcy i \u015bwi\u0119ci Papie\u017ce,<\/b> jak Jan Pawe\u0142 II, czy Jan XXIII, jednak o Papie\u017cach to kto\u015b m\u00f3g\u0142by powiedzie\u0107, \u017ce skoro maj\u0105 <b>tak wysoki urz\u0105d<\/b> i wszyscy w Ko\u015bciele musz\u0105 ich s\u0142ucha\u0107, to by\u0142o im \u0142atwiej dokonywa\u0107 tak wielkich rzeczy. My wiemy, \u017ce to nie jest do ko\u0144ca tak, bo zajmowanie tak szczeg\u00f3lnej pozycji, jak\u0105 zajmuje Papie\u017c, <b>wcale nie u\u0142atwia sprawy,<\/b> a niekiedy nawet j\u0105 utrudnia, ale \u2013 niech b\u0119dzie\u2026 Powiedzmy, \u017ce z wysoko\u015bci Piotrowego Tronu <b>mog\u0142o by\u0107 im nieco \u0142atwiej<\/b> m\u00f3wi\u0107 o pewnych sprawach, nawet trudnych, a ich g\u0142os dociera\u0142 do wielu ludzi. <\/span><\/span><\/span><\/p>\n<p align=\"justify\"><span style=\"color: #000000;\"><span style=\"font-family: Book Antiqua, serif;\"><span style=\"font-size: large;\">Ale ci, kt\u00f3rych wymienili\u015bmy wcze\u015bniej \u2013 to przecie\u017c pro\u015bci ludzie, <b>nikomu szerzej nie znani!<\/b> Przynajmniej na pocz\u0105tku, bo p\u00f3\u017aniej, kiedy chocia\u017cby \u015awi\u0119ty Proboszcz z Ars, czy Ojciec Pio, swoj\u0105 pobo\u017cno\u015bci\u0105 i modlitw\u0105 zacz\u0119li przyci\u0105ga\u0107 jak magnes <b>ludzi niemal\u017ce z ca\u0142ego \u015bwiata,<\/b> to ju\u017c byli znani. Zaczynali jednak jako najcichsi z cichych, jako najpokorniejsi z pokornych. <b>Ludzie \u015bwi\u0119ci \u2013 wielcy \u015awi\u0119ci! Potrz\u0105sn\u0119li ca\u0142ym \u015bwiatem!<\/b> <b>Dali rady! <\/b><\/span><\/span><\/span><\/p>\n<p align=\"justify\"><span style=\"color: #000000;\"><span style=\"font-family: Book Antiqua, serif;\"><span style=\"font-size: large;\">A tak naprawd\u0119, to Jezus da\u0142 rady, ale za ich po\u015brednictwem, przez ich pos\u0142usze\u0144stwo woli Bo\u017cej i zaufanie do Boga \u2013 po prostu: <b>przez ich \u015bwi\u0119to\u015b\u0107! <\/b><\/span><\/span><\/span><\/p>\n<p align=\"justify\"><span style=\"color: #000000;\"><span style=\"font-family: Book Antiqua, serif;\"><span style=\"font-size: large;\">Przyznaj\u0119, moi Drodzy, \u017ce kiedy my\u015bl\u0119 o takich ludziach, tak\u017ce <b>\u017cyj\u0105cych teraz, obok nas<\/b> \u2013 jedni s\u0105 publicznie znani, inni zupe\u0142nie nie \u2013 to my\u015bl\u0119 sobie, \u017ce skoro s\u0105 tacy ludzie, i skoro oni potrafi\u0105 tak wielkich rzeczy dokonywa\u0107 w pojedynk\u0119, to <b>dlaczego niby ja nie mog\u0119? <\/b>Owszem, mo\u017cemy powiedzie\u0107, \u017ce tamci \u2013 nazwijmy ich: dawniejsi \u015awi\u0119ci \u2013 \u017cyli w innych czasach, ni\u017c nasze. To prawda. <\/span><\/span><\/span><\/p>\n<p align=\"justify\"><span style=\"color: #000000;\"><span style=\"font-family: Book Antiqua, serif;\"><span style=\"font-size: large;\">Owszem, to by\u0142y mo\u017ce inne czasy, kt\u00f3re nios\u0142y inne problemy. <b>Ale czy mniejsze od naszych?<\/b> I oni nie narzekali, nie biadolili, tylko odnie\u015bli osobi\u015bcie do siebie pro\u015bb\u0119 Jezusa: <b>\u201eOdbuduj m\u00f3j Ko\u015bci\u00f3\u0142!\u201d<\/b> \u2013 i zabrali si\u0119 do pracy. Nie ogl\u0105dali si\u0119 na prawo i lewo, nie czekali, a\u017c kto\u015b inny do pracy si\u0119 we\u017amie, tylko sami zakasali r\u0119kawy i z Bo\u017c\u0105 pomoc\u0105 dokonali rzeczy niezwyk\u0142ych! <b>Zreformowali \u015bwiat, odbudowali Ko\u015bci\u00f3\u0142 \u2013 swoj\u0105 \u015bwi\u0119to\u015bci\u0105!<\/b> <\/span><\/span><\/span><\/p>\n<p align=\"justify\"><span style=\"color: #000000;\"><span style=\"font-family: Book Antiqua, serif;\"><span style=\"font-size: large;\">I t\u0119 prawd\u0119 w\u0142a\u015bnie dzisiaj, moi Drodzy, bardzo cz\u0119sto podkre\u015blaj\u0105 <b>wielcy duchowi Przewodniczy naszych czas\u00f3w,<\/b> jak Jan Pawe\u0142 II, Benedykt XVI, czy coraz bardziej znany ze swoich bezkompromisowych pogl\u0105d\u00f3w <b>Kardyna\u0142 Robert Sarah,<\/b> Autor kilku \u015bwietnych ksi\u0105\u017cek na ten temat \u2013 wszyscy oni jednog\u0142o\u015bnie podkre\u015blaj\u0105, \u017ce dzisiejszego \u015bwiata i Ko\u015bcio\u0142a nie zreformuj\u0105 i nie d\u017awign\u0105 z tych najpowa\u017cniejszych i najg\u0142\u0119bszych kryzys\u00f3w <b>\u017cadni przyw\u00f3dcy polityczni,<\/b> czy m\u0119drcy z pierwszych stron gazet, czy \u201especjali\u015bci od wszystkiego\u201d, tak cz\u0119sto przemawiaj\u0105cy z ekran\u00f3w naszych telewizor\u00f3w. Dzisiejszy \u015bwiat i Ko\u015bci\u00f3\u0142 mog\u0105 i s\u0105 w stanie zreformowa\u0107 <b>tylko ludzie \u015bwi\u0119ci!<\/b> Tylko ludzie \u015bwi\u0119ci! A gdzie ich szuka\u0107? <\/span><\/span><\/span><\/p>\n<p align=\"justify\"><span style=\"color: #000000;\"><span style=\"font-family: Book Antiqua, serif;\"><span style=\"font-size: large;\">A tutaj, w tym miejscu. Moi Drodzy, to do ka\u017cdej i ka\u017cdego z nas Jezus m\u00f3wi dzisiaj <b>po imieniu: Odbuduj m\u00f3j Ko\u015bci\u00f3\u0142!<\/b> Tak, Ty, droga Siostro! I Ty, drogi Bracie! Nie ogl\u0105daj si\u0119 na boki, ani za siebie! Do Ciebie \u2013 tak, konkretnie do Ciebie \u2013 Jezus dzisiaj m\u00f3wi: Odbuduj m\u00f3j Ko\u015bci\u00f3\u0142! <b>Jeste\u015b w stanie tego dokona\u0107<\/b> \u2013 Ty, pojedyncza Osoba, jeden cz\u0142owiek \u2013 <b>mo\u017cesz potrz\u0105sn\u0105\u0107 \u015bwiatem! <\/b>Tylko nie m\u00f3w, \u017ce si\u0119 nie da, nie narzekaj, nie biadol, nie uskar\u017caj si\u0119 na rodzin\u0119, na te\u015bciow\u0105, na synow\u0105, na s\u0105siad\u00f3w\u2026 <\/span><\/span><\/span><\/p>\n<p align=\"justify\"><span style=\"color: #000000;\"><span style=\"font-family: Book Antiqua, serif;\"><span style=\"font-size: large;\"><b>I na m\u0142odzie\u017c nie narzekaj<\/b> \u2013 w ko\u0144cu, \u017caden m\u0142ody cz\u0142owiek <b>z\u0142y si\u0119 nie urodzi\u0142! <\/b>Je\u017celi za\u015b dzisiaj tak wielu z nich gdzie\u015b b\u0142\u0105dzi, to chyba jest tego jaki\u015b pow\u00f3d. Jaki? Pewnie si\u0119 domy\u015blamy \u2013 cz\u0119sto <b>zabrak\u0142o \u015bwiadectwa wiary i \u015bwi\u0119to\u015bci<\/b> we w\u0142asnym domu. <\/span><\/span><\/span><\/p>\n<p align=\"justify\"><span style=\"color: #000000;\"><span style=\"font-family: Book Antiqua, serif;\"><span style=\"font-size: large;\">Ale to nie tylko m\u0142odych dotyczy \u2013 to dotyczy nas wszystkich! <b>Potrzeba naszej \u015bwi\u0119to\u015bci!<\/b> Naszej g\u0142\u0119bokiej wiary, naszej szczerej pobo\u017cno\u015bci, systematycznej Spowiedzi i sta\u0142ej Komunii \u015awi\u0119tej, potrzeba naszej codziennej, serdecznej modlitwy! A to wszystko nie po to, \u017ceby spe\u0142ni\u0107 nakazane tradycj\u0105 praktyki, ale \u017ceby zbudowa\u0107 <b>prawdziw\u0105 wi\u0119\u017a z Bogiem,<\/b> nawi\u0105za\u0107 najg\u0142\u0119bsz\u0105, <b>autentyczn\u0105 przyja\u017a\u0144 z Nim! <\/b><\/span><\/span><\/span><\/p>\n<p align=\"justify\"><span style=\"color: #000000;\"><span style=\"font-family: Book Antiqua, serif;\"><span style=\"font-size: large;\">A kiedy cz\u0142owiek tak\u0105 przyja\u017a\u0144 nawi\u0105\u017ce, to <b>nic dla niego nie b\u0119dzie niemo\u017cliwe, <\/b>bo to B\u00f3g b\u0119dzie przez niego dzia\u0142a\u0142. Jak to konkretnie zrobi\u0107? <\/span><\/span><\/span><\/p>\n<p align=\"justify\"><span style=\"color: #000000;\"><span style=\"font-family: Book Antiqua, serif;\"><span style=\"font-size: large;\">My\u015bl\u0119, \u017ce fantastyczn\u0105 propozycj\u0119 w tej kwestii zawiera w sobie modlitwa, kt\u00f3r\u0105 jedni przypisuj\u0105 \u015awi\u0119temu Franciszkowi, inni z kolei twierdz\u0105, \u017ce powsta\u0142a du\u017co p\u00f3\u017aniej, natomiast z pewno\u015bci\u0105 kapitalnie oddaje ducha naszego Patrona. Prosimy w niej dobrego Boga: <b>\u201eO Panie, uczy\u0144 z nas narz\u0119dzia swego pokoju,<\/b> aby\u015bmy siali <b>mi\u0142o\u015b\u0107,<\/b> tam gdzie panuje nienawi\u015b\u0107; <b>wybaczenie,<\/b> tam gdzie panuje krzywda; <b>jedno\u015b\u0107,<\/b> tam gdzie panuje zw\u0105tpienie; <b>nadziej\u0119,<\/b> tam gdzie panuje rozpacz; <b>\u015bwiat\u0142o,<\/b> tam gdzie panuje mrok; <b>rado\u015b\u0107,<\/b> tam gdzie panuje smutek. Spraw, aby\u015bmy mogli nie tyle szuka\u0107 pociechy, <b>co pociech\u0119 dawa\u0107;<\/b> nie tyle szuka\u0107 zrozumienia, co <b>rozumie\u0107;<\/b> nie tyle szuka\u0107 mi\u0142o\u015bci, <b>co kocha\u0107.<\/b> Albowiem daj\u0105c \u2013 otrzymujemy; wybaczaj\u0105c \u2013 zyskujemy przebaczenie a <b>umieraj\u0105c \u2013 rodzimy si\u0119 do wiecznego \u017cycia\u2026\u201d.<\/b> <\/span><\/span><\/span><\/p>\n<p align=\"justify\"><span style=\"color: #000000;\"><span style=\"font-family: Book Antiqua, serif;\"><span style=\"font-size: large;\">Moi Drodzy, to w\u0142a\u015bnie o to chodzi! O tak\u0105 postaw\u0119! O nasz\u0105 <b>prawdziw\u0105 przyja\u017a\u0144 z Bogiem!<\/b> O szczer\u0105 pobo\u017cno\u015b\u0107 i <b>radosne,<\/b> <b>odwa\u017cne<\/b> <b>\u015bwiadectwo!<\/b> Podkre\u015blmy to bardzo mocno: <b>radosne \u015bwiadectwo!<\/b> Nie naganianie innych do ko\u015bcio\u0142a, a ju\u017c tym bardziej nie przeklinanie ich. Niekt\u00f3rzy niekiedy m\u00f3wi\u0105, \u017ce<b> \u201ei pro\u015bb\u0105 i gro\u017ab\u0105\u201d<\/b> mobilizuj\u0105 innych do praktyk religijnych, a tu nic! A tymczasem \u2013 potrzeba naszego radosnego \u015bwiadectwa, kt\u00f3re poka\u017ce ludziom, pocz\u0105wszy od naszych najbli\u017cszych, <b>co nam tak naprawd\u0119 daje wiara!<\/b> I co ona sprawia w naszym \u017cyciu! Nie wstyd\u017amy si\u0119 takiego \u015bwiadectwa! <\/span><\/span><\/span><\/p>\n<p align=\"justify\"><span style=\"color: #000000;\"><span style=\"font-family: Book Antiqua, serif;\"><span style=\"font-size: large;\">Moi Drodzy, <b>przesta\u0144my wstydzi\u0107 si\u0119 swojej wiary!<\/b> Dlaczego my ci\u0105gle \u017cyjemy w jakim\u015b dziwnym, niewyt\u0142umaczalnym <b>kompleksie ni\u017cszo\u015bci?<\/b> Dlaczego przeciwnicy wiary i Ko\u015bcio\u0142a g\u0142o\u015bno m\u00f3wi\u0105, a wr\u0119cz wykrzykuj\u0105 swoje bzdurne has\u0142a, a my ci\u0105gle <b>przepraszamy, \u017ce \u017cyjemy! <\/b>Podnie\u015bmy g\u0142owy! Podnie\u015bmy serca! W g\u00f3r\u0119 serca! Nie jeste\u015bmy gorsi od innych, nie jeste\u015bmy s\u0142absi, czy bezsilni! <b>Po naszej stronie jest Jezus \u2013 z ca\u0142\u0105 swoj\u0105 przeogromn\u0105 moc\u0105! <\/b>Tylko uwierzmy w to wreszcie! <\/span><\/span><\/span><\/p>\n<p align=\"justify\"><span style=\"color: #000000;\"><span style=\"font-family: Book Antiqua, serif;\"><span style=\"font-size: large;\">Wiara w naszej Ojczy\u017anie wcale nie musi gasn\u0105\u0107, i w naszej Parafii tak\u017ce mo\u017ce ona wzrasta\u0107! Ko\u015bci\u00f3\u0142 Chrystusa wcale nie musi popada\u0107 w ruin\u0119! <b>On nie mo\u017ce popada\u0107 w ruin\u0119!<\/b> Mo\u017ce by\u0107 wielki i mocny duchem! Musi by\u0107 taki!<\/span><\/span><\/span><\/p>\n<p align=\"justify\"><span style=\"color: #000000;\"><span style=\"font-family: Book Antiqua, serif;\"><span style=\"font-size: large;\">Dlatego Jezus dzisiaj do ka\u017cdej i ka\u017cdego z nas m\u00f3wi: Siostro, Bracie \u2013 <b>odbuduj m\u00f3j Ko\u015bci\u00f3\u0142!<\/b> Tak, w\u0142a\u015bnie Ty \u2013 odbuduj go! Ja ci pomog\u0119, Ja Ci\u0119 poprowadz\u0119, ale potrzebuj\u0119 Twojego serca, Twojego zaanga\u017cowania \u2013 <b>potrzebuj\u0119 Twojej \u015bwi\u0119to\u015bci! <\/b><\/span><\/span><\/span><\/p>\n<p align=\"justify\"><span style=\"color: #000000;\"><span style=\"font-family: Book Antiqua, serif;\"><span style=\"font-size: large;\">Moi Drodzy, bierzmy si\u0119 wi\u0119c do roboty! Nie od jutra, nie od \u015awi\u0105t, tylko od dzisiaj! <b>Bierzmy si\u0119 do roboty \u2013 odbudowujmy Ko\u015bci\u00f3\u0142 Chrystusowy! <\/b>A \u015awi\u0119ty Franciszek niech nam w tym pomaga\u2026<\/span><\/span><\/span><\/p>\n","protected":false},"excerpt":{"rendered":"<p>Moi Drodzy, w dniu dzisiejszym imieniny prze\u017cywa Ojciec \u015awi\u0119ty Franciszek. M\u00f3dlmy si\u0119 o wszelkie Bo\u017ce b\u0142ogos\u0142awie\u0144stwo dla jego apostolskiej pos\u0142ugi. Niech ca\u0142y Ko\u015bci\u00f3\u0142 dzisiaj \u2013 i nie tylko dzisiaj \u2013 modli si\u0119 za Piotra naszych czas\u00f3w! Imieniny prze\u017cywa dzi\u015b tak\u017ce Ksi\u0105dz Franciszek Juchimiuk, m\u00f3j Profesor teologii moralnej w Seminarium; oraz Ojciec Franciszek Chr\u00f3szcz, pos\u0142uguj\u0105cy w [&hellip;]<\/p>\n","protected":false},"author":1,"featured_media":0,"comment_status":"open","ping_status":"open","sticky":false,"template":"","format":"standard","meta":{"jetpack_post_was_ever_published":false,"_jetpack_newsletter_access":"","_jetpack_dont_email_post_to_subs":false,"_jetpack_newsletter_tier_id":0,"_jetpack_memberships_contains_paywalled_content":false,"_jetpack_memberships_contains_paid_content":false,"footnotes":""},"categories":[1],"tags":[],"class_list":["post-15925","post","type-post","status-publish","format-standard","hentry","category-bez-kategorii"],"yoast_head":"<!-- This site is optimized with the Yoast SEO plugin v25.1 - https:\/\/yoast.com\/wordpress\/plugins\/seo\/ -->\n<title>Odbuduj m\u00f3j Ko\u015bci\u00f3\u0142! - Gaudium Et Spes<\/title>\n<meta name=\"robots\" content=\"index, follow, max-snippet:-1, max-image-preview:large, max-video-preview:-1\" \/>\n<link rel=\"canonical\" href=\"https:\/\/gaudiumetspes-blog.pl\/index.php\/2019\/10\/04\/odbuduj-moj-kosciol\/\" \/>\n<meta property=\"og:locale\" content=\"pl_PL\" \/>\n<meta property=\"og:type\" content=\"article\" \/>\n<meta property=\"og:title\" content=\"Odbuduj m\u00f3j Ko\u015bci\u00f3\u0142! - Gaudium Et Spes\" \/>\n<meta property=\"og:description\" content=\"Moi Drodzy, w dniu dzisiejszym imieniny prze\u017cywa Ojciec \u015awi\u0119ty Franciszek. M\u00f3dlmy si\u0119 o wszelkie Bo\u017ce b\u0142ogos\u0142awie\u0144stwo dla jego apostolskiej pos\u0142ugi. Niech ca\u0142y Ko\u015bci\u00f3\u0142 dzisiaj \u2013 i nie tylko dzisiaj \u2013 modli si\u0119 za Piotra naszych czas\u00f3w! Imieniny prze\u017cywa dzi\u015b tak\u017ce Ksi\u0105dz Franciszek Juchimiuk, m\u00f3j Profesor teologii moralnej w Seminarium; oraz Ojciec Franciszek Chr\u00f3szcz, pos\u0142uguj\u0105cy w [&hellip;]\" \/>\n<meta property=\"og:url\" content=\"https:\/\/gaudiumetspes-blog.pl\/index.php\/2019\/10\/04\/odbuduj-moj-kosciol\/\" \/>\n<meta property=\"og:site_name\" content=\"Gaudium Et Spes\" \/>\n<meta property=\"article:published_time\" content=\"2019-10-04T05:00:52+00:00\" \/>\n<meta name=\"author\" content=\"Ks. Jacek\" \/>\n<meta name=\"twitter:card\" content=\"summary_large_image\" \/>\n<meta name=\"twitter:label1\" content=\"Napisane przez\" \/>\n\t<meta name=\"twitter:data1\" content=\"Ks. Jacek\" \/>\n\t<meta name=\"twitter:label2\" content=\"Szacowany czas czytania\" \/>\n\t<meta name=\"twitter:data2\" content=\"20 minut\" \/>\n<script type=\"application\/ld+json\" class=\"yoast-schema-graph\">{\"@context\":\"https:\/\/schema.org\",\"@graph\":[{\"@type\":\"WebPage\",\"@id\":\"https:\/\/gaudiumetspes-blog.pl\/index.php\/2019\/10\/04\/odbuduj-moj-kosciol\/\",\"url\":\"https:\/\/gaudiumetspes-blog.pl\/index.php\/2019\/10\/04\/odbuduj-moj-kosciol\/\",\"name\":\"Odbuduj m\u00f3j Ko\u015bci\u00f3\u0142! - Gaudium Et Spes\",\"isPartOf\":{\"@id\":\"https:\/\/gaudiumetspes-blog.pl\/#website\"},\"datePublished\":\"2019-10-04T05:00:52+00:00\",\"author\":{\"@id\":\"https:\/\/gaudiumetspes-blog.pl\/#\/schema\/person\/1661982992b752dea8dff0d4ed845a65\"},\"breadcrumb\":{\"@id\":\"https:\/\/gaudiumetspes-blog.pl\/index.php\/2019\/10\/04\/odbuduj-moj-kosciol\/#breadcrumb\"},\"inLanguage\":\"pl-PL\",\"potentialAction\":[{\"@type\":\"ReadAction\",\"target\":[\"https:\/\/gaudiumetspes-blog.pl\/index.php\/2019\/10\/04\/odbuduj-moj-kosciol\/\"]}]},{\"@type\":\"BreadcrumbList\",\"@id\":\"https:\/\/gaudiumetspes-blog.pl\/index.php\/2019\/10\/04\/odbuduj-moj-kosciol\/#breadcrumb\",\"itemListElement\":[{\"@type\":\"ListItem\",\"position\":1,\"name\":\"Strona g\u0142\u00f3wna\",\"item\":\"https:\/\/gaudiumetspes-blog.pl\/\"},{\"@type\":\"ListItem\",\"position\":2,\"name\":\"Odbuduj m\u00f3j&nbsp;Ko\u015bci\u00f3\u0142!\"}]},{\"@type\":\"WebSite\",\"@id\":\"https:\/\/gaudiumetspes-blog.pl\/#website\",\"url\":\"https:\/\/gaudiumetspes-blog.pl\/\",\"name\":\"Gaudium Et Spes\",\"description\":\"Blog Ks. Jacka Ja\u015bkowskiego\",\"potentialAction\":[{\"@type\":\"SearchAction\",\"target\":{\"@type\":\"EntryPoint\",\"urlTemplate\":\"https:\/\/gaudiumetspes-blog.pl\/?s={search_term_string}\"},\"query-input\":{\"@type\":\"PropertyValueSpecification\",\"valueRequired\":true,\"valueName\":\"search_term_string\"}}],\"inLanguage\":\"pl-PL\"},{\"@type\":\"Person\",\"@id\":\"https:\/\/gaudiumetspes-blog.pl\/#\/schema\/person\/1661982992b752dea8dff0d4ed845a65\",\"name\":\"Ks. Jacek\",\"image\":{\"@type\":\"ImageObject\",\"inLanguage\":\"pl-PL\",\"@id\":\"https:\/\/gaudiumetspes-blog.pl\/#\/schema\/person\/image\/\",\"url\":\"https:\/\/gaudiumetspes-blog.pl\/wp-content\/uploads\/2019\/07\/avatar-JJ-150x150.jpg\",\"contentUrl\":\"https:\/\/gaudiumetspes-blog.pl\/wp-content\/uploads\/2019\/07\/avatar-JJ-150x150.jpg\",\"caption\":\"Ks. Jacek\"},\"description\":\"Witam serdecznie! K\u0142ania si\u0119 Ks. Jacek Ja\u015bkowski. Nie jestem ani kim\u015b wa\u017cnym, ani kim\u015b znanym. Jestem ksi\u0119dzem, kt\u00f3ry po prostu chce rozmawia\u0107. Codzienna kap\u0142a\u0144ska pos\u0142uga pokazuje mi, \u017ce temat\u00f3w do rozm\u00f3w z ksi\u0119dzem jest coraz wi\u0119cej i dzisiaj \u017caden ksi\u0105dz nie mo\u017ce od nich ucieka\u0107, ale - wprost przeciwnie - podejmowa\u0107 nowe wyzwania. To przekonanie sk\u0142oni\u0142o mnie do pr\u00f3by otwarcia tego\u017c bloga, chocia\u017c okazji do rozm\u00f3w na co dzie\u0144 - w konfesjonale i poza nim - na szcz\u0119\u015bcie nie brakuje. My\u015bl\u0119 jednak, \u017ce ten blog b\u0119dzie jeszcze jednym sposobem i przestrzeni\u0105 nawi\u0105zania kontaktu z lud\u017ami dobrej woli, otwartymi na dialog.\",\"url\":\"https:\/\/gaudiumetspes-blog.pl\/index.php\/author\/ks-jacek\/\"}]}<\/script>\n<!-- \/ Yoast SEO plugin. -->","yoast_head_json":{"title":"Odbuduj m\u00f3j Ko\u015bci\u00f3\u0142! - Gaudium Et Spes","robots":{"index":"index","follow":"follow","max-snippet":"max-snippet:-1","max-image-preview":"max-image-preview:large","max-video-preview":"max-video-preview:-1"},"canonical":"https:\/\/gaudiumetspes-blog.pl\/index.php\/2019\/10\/04\/odbuduj-moj-kosciol\/","og_locale":"pl_PL","og_type":"article","og_title":"Odbuduj m\u00f3j Ko\u015bci\u00f3\u0142! - Gaudium Et Spes","og_description":"Moi Drodzy, w dniu dzisiejszym imieniny prze\u017cywa Ojciec \u015awi\u0119ty Franciszek. M\u00f3dlmy si\u0119 o wszelkie Bo\u017ce b\u0142ogos\u0142awie\u0144stwo dla jego apostolskiej pos\u0142ugi. Niech ca\u0142y Ko\u015bci\u00f3\u0142 dzisiaj \u2013 i nie tylko dzisiaj \u2013 modli si\u0119 za Piotra naszych czas\u00f3w! Imieniny prze\u017cywa dzi\u015b tak\u017ce Ksi\u0105dz Franciszek Juchimiuk, m\u00f3j Profesor teologii moralnej w Seminarium; oraz Ojciec Franciszek Chr\u00f3szcz, pos\u0142uguj\u0105cy w [&hellip;]","og_url":"https:\/\/gaudiumetspes-blog.pl\/index.php\/2019\/10\/04\/odbuduj-moj-kosciol\/","og_site_name":"Gaudium Et Spes","article_published_time":"2019-10-04T05:00:52+00:00","author":"Ks. Jacek","twitter_card":"summary_large_image","twitter_misc":{"Napisane przez":"Ks. Jacek","Szacowany czas czytania":"20 minut"},"schema":{"@context":"https:\/\/schema.org","@graph":[{"@type":"WebPage","@id":"https:\/\/gaudiumetspes-blog.pl\/index.php\/2019\/10\/04\/odbuduj-moj-kosciol\/","url":"https:\/\/gaudiumetspes-blog.pl\/index.php\/2019\/10\/04\/odbuduj-moj-kosciol\/","name":"Odbuduj m\u00f3j Ko\u015bci\u00f3\u0142! - Gaudium Et Spes","isPartOf":{"@id":"https:\/\/gaudiumetspes-blog.pl\/#website"},"datePublished":"2019-10-04T05:00:52+00:00","author":{"@id":"https:\/\/gaudiumetspes-blog.pl\/#\/schema\/person\/1661982992b752dea8dff0d4ed845a65"},"breadcrumb":{"@id":"https:\/\/gaudiumetspes-blog.pl\/index.php\/2019\/10\/04\/odbuduj-moj-kosciol\/#breadcrumb"},"inLanguage":"pl-PL","potentialAction":[{"@type":"ReadAction","target":["https:\/\/gaudiumetspes-blog.pl\/index.php\/2019\/10\/04\/odbuduj-moj-kosciol\/"]}]},{"@type":"BreadcrumbList","@id":"https:\/\/gaudiumetspes-blog.pl\/index.php\/2019\/10\/04\/odbuduj-moj-kosciol\/#breadcrumb","itemListElement":[{"@type":"ListItem","position":1,"name":"Strona g\u0142\u00f3wna","item":"https:\/\/gaudiumetspes-blog.pl\/"},{"@type":"ListItem","position":2,"name":"Odbuduj m\u00f3j&nbsp;Ko\u015bci\u00f3\u0142!"}]},{"@type":"WebSite","@id":"https:\/\/gaudiumetspes-blog.pl\/#website","url":"https:\/\/gaudiumetspes-blog.pl\/","name":"Gaudium Et Spes","description":"Blog Ks. Jacka Ja\u015bkowskiego","potentialAction":[{"@type":"SearchAction","target":{"@type":"EntryPoint","urlTemplate":"https:\/\/gaudiumetspes-blog.pl\/?s={search_term_string}"},"query-input":{"@type":"PropertyValueSpecification","valueRequired":true,"valueName":"search_term_string"}}],"inLanguage":"pl-PL"},{"@type":"Person","@id":"https:\/\/gaudiumetspes-blog.pl\/#\/schema\/person\/1661982992b752dea8dff0d4ed845a65","name":"Ks. Jacek","image":{"@type":"ImageObject","inLanguage":"pl-PL","@id":"https:\/\/gaudiumetspes-blog.pl\/#\/schema\/person\/image\/","url":"https:\/\/gaudiumetspes-blog.pl\/wp-content\/uploads\/2019\/07\/avatar-JJ-150x150.jpg","contentUrl":"https:\/\/gaudiumetspes-blog.pl\/wp-content\/uploads\/2019\/07\/avatar-JJ-150x150.jpg","caption":"Ks. Jacek"},"description":"Witam serdecznie! K\u0142ania si\u0119 Ks. Jacek Ja\u015bkowski. Nie jestem ani kim\u015b wa\u017cnym, ani kim\u015b znanym. Jestem ksi\u0119dzem, kt\u00f3ry po prostu chce rozmawia\u0107. Codzienna kap\u0142a\u0144ska pos\u0142uga pokazuje mi, \u017ce temat\u00f3w do rozm\u00f3w z ksi\u0119dzem jest coraz wi\u0119cej i dzisiaj \u017caden ksi\u0105dz nie mo\u017ce od nich ucieka\u0107, ale - wprost przeciwnie - podejmowa\u0107 nowe wyzwania. To przekonanie sk\u0142oni\u0142o mnie do pr\u00f3by otwarcia tego\u017c bloga, chocia\u017c okazji do rozm\u00f3w na co dzie\u0144 - w konfesjonale i poza nim - na szcz\u0119\u015bcie nie brakuje. My\u015bl\u0119 jednak, \u017ce ten blog b\u0119dzie jeszcze jednym sposobem i przestrzeni\u0105 nawi\u0105zania kontaktu z lud\u017ami dobrej woli, otwartymi na dialog.","url":"https:\/\/gaudiumetspes-blog.pl\/index.php\/author\/ks-jacek\/"}]}},"jetpack_featured_media_url":"","jetpack_sharing_enabled":true,"_links":{"self":[{"href":"https:\/\/gaudiumetspes-blog.pl\/index.php\/wp-json\/wp\/v2\/posts\/15925","targetHints":{"allow":["GET"]}}],"collection":[{"href":"https:\/\/gaudiumetspes-blog.pl\/index.php\/wp-json\/wp\/v2\/posts"}],"about":[{"href":"https:\/\/gaudiumetspes-blog.pl\/index.php\/wp-json\/wp\/v2\/types\/post"}],"author":[{"embeddable":true,"href":"https:\/\/gaudiumetspes-blog.pl\/index.php\/wp-json\/wp\/v2\/users\/1"}],"replies":[{"embeddable":true,"href":"https:\/\/gaudiumetspes-blog.pl\/index.php\/wp-json\/wp\/v2\/comments?post=15925"}],"version-history":[{"count":1,"href":"https:\/\/gaudiumetspes-blog.pl\/index.php\/wp-json\/wp\/v2\/posts\/15925\/revisions"}],"predecessor-version":[{"id":15926,"href":"https:\/\/gaudiumetspes-blog.pl\/index.php\/wp-json\/wp\/v2\/posts\/15925\/revisions\/15926"}],"wp:attachment":[{"href":"https:\/\/gaudiumetspes-blog.pl\/index.php\/wp-json\/wp\/v2\/media?parent=15925"}],"wp:term":[{"taxonomy":"category","embeddable":true,"href":"https:\/\/gaudiumetspes-blog.pl\/index.php\/wp-json\/wp\/v2\/categories?post=15925"},{"taxonomy":"post_tag","embeddable":true,"href":"https:\/\/gaudiumetspes-blog.pl\/index.php\/wp-json\/wp\/v2\/tags?post=15925"}],"curies":[{"name":"wp","href":"https:\/\/api.w.org\/{rel}","templated":true}]}}