{"id":15949,"date":"2019-10-06T07:37:43","date_gmt":"2019-10-06T05:37:43","guid":{"rendered":"https:\/\/gaudiumetspes-blog.pl\/?p=15949"},"modified":"2019-10-06T07:37:43","modified_gmt":"2019-10-06T05:37:43","slug":"duch-mocy-i-milosci","status":"publish","type":"post","link":"https:\/\/gaudiumetspes-blog.pl\/index.php\/2019\/10\/06\/duch-mocy-i-milosci\/","title":{"rendered":"Duch mocy i mi\u0142o\u015bci"},"content":{"rendered":"<p align=\"justify\"><span style=\"color: #000000;\"><span style=\"font-family: Book Antiqua, serif;\"><span style=\"font-size: large;\">Niech b\u0119dzie pochwalony Jezus Chrystus! Moi Drodzy, w dniu dzisiejszym <b>imieniny obchodz\u0105:<\/b><\/span><\/span><\/span><\/p>\n<p align=\"justify\"><span style=\"color: #000000;\">\u25ba<span style=\"font-family: Book Antiqua, serif;\"><span style=\"font-size: large;\"><b>Ksi\u0105dz Artur Pi\u00f3ro, m\u00f3j Kolega kursowy,<\/b><\/span><\/span><\/span><\/p>\n<p align=\"justify\"><span style=\"color: #000000;\">\u25ba<span style=\"font-family: Book Antiqua, serif;\"><span style=\"font-size: large;\"><b>Ksi\u0105dz Artur Wojtkowicz, tak\u017ce m\u00f3j Kolega, tylko nie kursowy;<\/b><\/span><\/span><\/span><\/p>\n<p align=\"justify\"><span style=\"color: #000000;\">\u25ba<span style=\"font-family: Book Antiqua, serif;\"><span style=\"font-size: large;\"><b>Artur Strze\u017cysz \u2013 za moich czas\u00f3w: Lektor w Celestynowie;<\/b><\/span><\/span><\/span><\/p>\n<p align=\"justify\"><span style=\"color: #000000;\">\u25ba<span style=\"font-family: Book Antiqua, serif;\"><span style=\"font-size: large;\"><b>Artur Pacek \u2013 wytrwa\u0142y i cierpliwy Mechanik, opiekuj\u0105cy si\u0119 moim samochodem.<\/b><\/span><\/span><\/span><\/p>\n<p align=\"justify\"><span style=\"color: #000000;\"><span style=\"font-family: Book Antiqua, serif;\"><span style=\"font-size: large;\"><b>Wszystkim Solenizantom \u017cycz\u0119, by zawsze pami\u0119tali o tre\u015bci dzisiejszego Bo\u017cego s\u0142owa, i\u017c nie <i>da\u0142 nam B\u00f3g ducha boja\u017ani, ale mocy i mi\u0142o\u015bci, i trze\u017awego my\u015blenia.<\/i> Niech zawsze takiego ducha w sobie odkrywaj\u0105 i pomna\u017caj\u0105. O to b\u0119d\u0119 si\u0119 dla Nich modli\u0142.<\/b><\/span><\/span><\/span><\/p>\n<p align=\"justify\"><span style=\"color: #000000;\"><span style=\"font-family: Book Antiqua, serif;\"><span style=\"font-size: large;\">Moi Drodzy, bardzo serdecznie dzi\u0119kuj\u0119 Ksi\u0119dzu Markowi i Ksi\u0119dzu Paw\u0142owi za wczorajsze s\u0142\u00f3wko z Syberii! Du\u017co tam pi\u0119knych tre\u015bci, ja dzisiaj tylko powt\u00f3rz\u0119 pro\u015bb\u0119 Ksi\u0119dza Marka, aby\u015bmy mocno zmobilizowali si\u0119 do modlitwy \u2013 zar\u00f3wno za Niego samego i prowadzone przez Niego rekolekcje, jak i w intencji wszystkich spraw, podejmowanych w Ich Parafii. Moi Drodzy, pe\u0142na mobilizacja! Prosz\u0119 o to!<\/span><\/span><\/span><\/p>\n<p align=\"justify\"><span style=\"color: #000000;\"><span style=\"font-family: Book Antiqua, serif;\"><span style=\"font-size: large;\">A dzisiaj \u2013 pierwsza niedziela miesi\u0105ca i dwudziesta trzecia rocznica Beatyfikacji Unit\u00f3w Podlaskich, bohaterskich M\u0119czennik\u00f3w. Wtedy to, w czasie tej\u017ce uroczysto\u015bci w Rzymie, mia\u0142em zaszczyt by\u0107 w asy\u015bcie liturgicznej i jedyny raz w \u017cyciu osobi\u015bcie spotka\u0107 si\u0119 z Janem Paw\u0142em II, zamieniaj\u0105c z Nim kilka zda\u0144\u2026 Pami\u0119tam to, jak dzi\u015b.<\/span><\/span><\/span><\/p>\n<p align=\"justify\"><span style=\"color: #000000;\"><span style=\"font-family: Book Antiqua, serif;\"><span style=\"font-size: large;\">I oto akurat dzisiaj, w Pratulinie, odbywa si\u0119 doroczna pielgrzymka M\u0119\u017cczyzn z naszej Diecezji. Pojecha\u0142 na ni\u0105 te\u017c Ksi\u0105dz Bogus\u0142aw Filipiuk, m\u00f3j Kolega kursowy, Proboszcz z Samogoszczy. Dlatego ja dzisiaj zostaj\u0119 tutaj na ca\u0142y dzie\u0144 i z Ksi\u0119dzem Kanonikiem, Seniorem, b\u0119dziemy jako\u015b ogarniali duszpasterstwo w Parafii.<\/span><\/span><\/span><\/p>\n<p align=\"justify\"><span style=\"color: #000000;\"><span style=\"font-family: Book Antiqua, serif;\"><span style=\"font-size: large;\">A wieczorem, o 20:00, odprawiam pierwsz\u0105 Msz\u0119 \u015awi\u0119t\u0105 niedzieln\u0105 w kaplicy Duszpasterstwa Akademickiego, w Siedlcach.<\/span><\/span><\/span><\/p>\n<p align=\"justify\"><span style=\"color: #000000;\"><span style=\"font-family: Book Antiqua, serif;\"><span style=\"font-size: large;\">Na g\u0142\u0119bokie i radosne prze\u017cywanie dzisiejszego dnia \u2013 <b>niech Was b\u0142ogos\u0142awi B\u00f3g Wszechmog\u0105cy: Ojciec + i Syn, i Duch \u015awi\u0119ty. Amen<\/b><\/span><\/span><\/span><\/p>\n<p align=\"center\"><span style=\"color: #000000;\"><span style=\"font-family: Book Antiqua, serif;\"><span style=\"font-size: large;\">Gaudium et spes! Ks. Jacek<\/span><\/span><\/span><\/p>\n<p align=\"center\">\n<p align=\"center\">\n<p align=\"center\">\n<p align=\"center\">\n<p align=\"center\">\n<p align=\"justify\"><span style=\"color: #000000;\"><span style=\"font-family: Book Antiqua, serif;\"><span style=\"font-size: large;\"><b>27 Niedziela zwyk\u0142a, C,<\/b><\/span><\/span><\/span><\/p>\n<p align=\"justify\"><span style=\"color: #000000;\"><span style=\"font-family: Book Antiqua, serif;\"><span style=\"font-size: large;\"><b>do czyta\u0144: Ha 1,2\u20133;2,2\u20134; 2 Tm 1,6\u20138.13\u201314; \u0141k 17,5\u201310<\/b><\/span><\/span><\/span><\/p>\n<p align=\"justify\">\n<p align=\"justify\">\n<p align=\"justify\">\n<p align=\"justify\">\n<p align=\"justify\">\n<p align=\"justify\"><span style=\"color: #000000;\"><span style=\"font-family: Book Antiqua, serif;\"><span style=\"font-size: large;\"><b>CZYTANIE Z KSI\u0118GI PROROKA HABAKUKA:<\/b><\/span><\/span><\/span><\/p>\n<p align=\"justify\"><span style=\"color: #000000;\"><span style=\"font-family: Book Antiqua, serif;\"><span style=\"font-size: large;\"><b>Dok\u0105d\u017ce, Panie, wzywa\u0107 Ci\u0119 b\u0119d\u0119, a Ty nie wys\u0142uchujesz? Wo\u0142a\u0107 b\u0119d\u0119 ku Tobie: \u201eKrzywda mi si\u0119 dzieje\u201d, a Ty nie pomagasz? Czemu ka\u017cesz mi patrze\u0107 na nieprawo\u015b\u0107 i na z\u0142o spogl\u0105dasz bezczynnie? Oto ucisk i przemoc przede mn\u0105, powstaj\u0105 spory, wybuchaj\u0105 wa\u015bnie.<\/b><\/span><\/span><\/span><\/p>\n<p align=\"justify\"><span style=\"color: #000000;\"><span style=\"font-family: Book Antiqua, serif;\"><span style=\"font-size: large;\"><b>I odpowiedzia\u0142 Pan tymi s\u0142owami: \u201eZapisz widzenie, na tablicach wyryj, by mo\u017cna by\u0142o \u0142atwo je odczyta\u0107. Jest to widzenie na czas oznaczony, lecz wype\u0142nienie jego niechybnie nast\u0105pi; a je\u015bli si\u0119 op\u00f3\u017ania, ty go oczekuj, bo w kr\u00f3tkim czasie przyjdzie niezawodnie. Oto zginie ten, co jest ducha nieprawego, a sprawiedliwy \u017cy\u0107 b\u0119dzie dzi\u0119ki swej wierno\u015bci\u201d.<\/b><\/span><\/span><\/span><\/p>\n<p align=\"justify\">\n<p align=\"justify\">\n<p align=\"justify\">\n<p align=\"justify\">\n<p align=\"justify\">\n<p align=\"justify\"><span style=\"color: #000000;\"><span style=\"font-family: Book Antiqua, serif;\"><span style=\"font-size: large;\"><b>CZYTANIE Z DRUGIEGO LISTU \u015aWI\u0118TEGO PAW\u0141A APOSTO\u0141A DO TYMOTEUSZA:<\/b><\/span><\/span><\/span><\/p>\n<p align=\"justify\"><span style=\"color: #000000;\"><span style=\"font-family: Book Antiqua, serif;\"><span style=\"font-size: large;\"><b>Najdro\u017cszy: Przypominam ci, aby\u015b rozpali\u0142 na nowo charyzmat Bo\u017cy, kt\u00f3ry jest w Tobie przez w\u0142o\u017cenie moich r\u0105k. Albowiem nie da\u0142 nam B\u00f3g ducha boja\u017ani, ale mocy i mi\u0142o\u015bci, i trze\u017awego my\u015blenia. Nie wstyd\u017a si\u0119 zatem \u015bwiadectwa Pana naszego ani mnie, Jego wi\u0119\u017ania, lecz we\u017a udzia\u0142 w trudach i przeciwno\u015bciach znoszonych dla Ewangelii wed\u0142ug danej mocy Boga.<\/b><\/span><\/span><\/span><\/p>\n<p align=\"justify\"><span style=\"color: #000000;\"><span style=\"font-family: Book Antiqua, serif;\"><span style=\"font-size: large;\"><b>Zdrowe zasady, kt\u00f3re\u015b pos\u0142ysza\u0142 ode mnie, miej za wzorzec w wierze i mi\u0142o\u015bci w Chrystusie Jezusie. Dobrego depozytu strze\u017c z pomoc\u0105 Ducha \u015awi\u0119tego, kt\u00f3ry w nas mieszka.<\/b><\/span><\/span><\/span><\/p>\n<p align=\"justify\">\n<p align=\"justify\">\n<p align=\"justify\">\n<p align=\"justify\">\n<p align=\"justify\">\n<p align=\"justify\"><span style=\"color: #000000;\"><span style=\"font-family: Book Antiqua, serif;\"><span style=\"font-size: large;\"><b>S\u0141OWA EWANGELII WED\u0141UG \u015aWI\u0118TEGO \u0141UKASZA:<\/b><\/span><\/span><\/span><\/p>\n<p align=\"justify\"><span style=\"color: #000000;\"><span style=\"font-family: Book Antiqua, serif;\"><span style=\"font-size: large;\"><b>Aposto\u0142owie prosili Pana: \u201ePrzymn\u00f3\u017c nam wiary\u201d. Pan rzek\u0142: \u201eGdyby\u015bcie mieli wiar\u0119 jak ziarnko gorczycy, powiedzieliby\u015bcie tej morwie: \u00abWyrwij si\u0119 z korzeniem i przesad\u017a si\u0119 w morze\u00bb, a by\u0142aby wam pos\u0142uszna.<\/b><\/span><\/span><\/span><\/p>\n<p align=\"justify\"><span style=\"color: #000000;\"><span style=\"font-family: Book Antiqua, serif;\"><span style=\"font-size: large;\"><b>Kto z was, maj\u0105c s\u0142ug\u0119, kt\u00f3ry orze lub pasie, powie mu, gdy on wr\u00f3ci z pola: \u00abP\u00f3jd\u017a i si\u0105d\u017a do sto\u0142u\u00bb? Czy nie powie mu raczej: \u00abPrzygotuj mi wieczerz\u0119, przepasz si\u0119 i us\u0142uguj mi, a\u017c zjem i napij\u0119 si\u0119, a potem ty b\u0119dziesz jad\u0142 i pi\u0142\u00bb? Czy dzi\u0119kuje s\u0142udze za to, \u017ce wykona\u0142 to, co mu polecono?<\/b><\/span><\/span><\/span><\/p>\n<p align=\"justify\"><span style=\"color: #000000;\"><span style=\"font-family: Book Antiqua, serif;\"><span style=\"font-size: large;\"><b>Tak m\u00f3wcie i wy, gdy uczynicie wszystko, co wam polecono: \u00abS\u0142udzy nieu\u017cyteczni jeste\u015bmy; wykonali\u015bmy to, co powinni\u015bmy wykona\u0107\u00bb\u201d.<\/b><b> <\/b><\/span><\/span><\/span><\/p>\n<p align=\"justify\">\n<p align=\"justify\">\n<p align=\"justify\">\n<p align=\"justify\">\n<p align=\"justify\">\n<p align=\"justify\"><span style=\"color: #000000;\"><span style=\"font-family: Book Antiqua, serif;\"><span style=\"font-size: large;\">Chocia\u017c ka\u017cde jedno s\u0142owo, spo\u015br\u00f3d odczytanych przed chwil\u0105, ma wielk\u0105 i nieocenion\u0105 warto\u015b\u0107 \u2013 jako <b>s\u0142owo samego Boga<\/b> \u2013 to jednak zechciejmy wybra\u0107 z ka\u017cdego z trzech czyta\u0144 pewne konkretne zdania i u\u0142o\u017cy\u0107 je w ca\u0142o\u015b\u0107. <\/span><\/span><\/span><\/p>\n<p align=\"justify\"><span style=\"color: #000000;\"><span style=\"font-family: Book Antiqua, serif;\"><span style=\"font-size: large;\">I tak oto, z pierwszego czytania zwr\u00f3\u0107my szczeg\u00f3ln\u0105 uwag\u0119 na to: <i><b>Oto zginie ten, co jest ducha nieprawego, a sprawiedliwy \u017cy\u0107 b\u0119dzie dzi\u0119ki swej wierno\u015bci\u201d. <\/b><\/i><\/span><\/span><\/span><\/p>\n<p align=\"justify\"><span style=\"color: #000000;\"><span style=\"font-family: Book Antiqua, serif;\"><span style=\"font-size: large;\">Z drugiego czytania w\u0142a\u015bciwie warto zwr\u00f3ci\u0107 uwag\u0119 <b>na ka\u017cde <\/b>z zawartych tam zda\u0144, zauwa\u017caj\u0105c jednak, i\u017c ka\u017cde mo\u017ce stanowi\u0107 odr\u0119bn\u0105 ca\u0142o\u015b\u0107 i podstaw\u0119 do osobnej refleksji. I tak, pierwsze zdanie: <i><b>Przypominam ci, aby\u015b rozpali\u0142 na nowo charyzmat Bo\u017cy, kt\u00f3ry jest w Tobie przez w\u0142o\u017cenie moich r\u0105k.<\/b><\/i> A potem dalszy ci\u0105g my\u015bli, zawartej w tym\u017ce zdaniu, a jednocze\u015bnie nowa, odr\u0119bna my\u015bl: <i><b>Albowiem nie da\u0142 nam B\u00f3g ducha boja\u017ani, ale mocy i mi\u0142o\u015bci, i trze\u017awego my\u015blenia. <\/b><\/i><\/span><\/span><\/span><\/p>\n<p align=\"justify\"><span style=\"color: #000000;\"><span style=\"font-family: Book Antiqua, serif;\"><span style=\"font-size: large;\">Z tego za\u015b wynika postulat: <i><b>Nie wstyd\u017a si\u0119 zatem \u015bwiadectwa Pana naszego ani mnie, Jego wi\u0119\u017ania, lecz we\u017a udzia\u0142 w trudach i przeciwno\u015bciach znoszonych dla Ewangelii wed\u0142ug danej mocy Boga.<\/b><\/i><b> <\/b>I dalej: <i><b>Zdrowe zasady, kt\u00f3re\u015b pos\u0142ysza\u0142 ode mnie, miej za wzorzec w wierze i mi\u0142o\u015bci w Chrystusie Jezusie. Dobrego depozytu strze\u017c z pomoc\u0105 Ducha \u015awi\u0119tego, kt\u00f3ry w nas mieszka.<\/b><\/i><\/span><\/span><\/span><\/p>\n<p align=\"justify\"><span style=\"color: #000000;\"><span style=\"font-family: Book Antiqua, serif;\"><span style=\"font-size: large;\">I wreszcie Ewangelia, w kt\u00f3rej najpierw s\u0142yszymy, i\u017c <i><b>Aposto\u0142owie prosili Pana: \u201ePrzymn\u00f3\u017c nam wiary\u201d.<\/b><\/i><b> <\/b>Ostatnie za\u015b zdanie Ewangelii to wyznanie, kt\u00f3rego Jezus nauczy\u0142 swoich najbli\u017cszych, zach\u0119caj\u0105c, by cz\u0119sto si\u0119 nim pos\u0142ugiwali: <i><b>S\u0142udzy nieu\u017cyteczni jeste\u015bmy; wykonali\u015bmy to, co powinni\u015bmy wykona\u0107.<\/b><\/i><\/span><\/span><\/span><\/p>\n<p align=\"justify\"><span style=\"color: #000000;\"><span style=\"font-family: Book Antiqua, serif;\"><span style=\"font-size: large;\">Moi Drodzy, sp\u00f3jrzmy na te wszystkie cytaty \u0142\u0105cznie. <b>Jakie przes\u0142anie si\u0119 z nich wy\u0142ania?<\/b> Jaki obraz wiary ukazuj\u0105? Czym\u017ce jest wiara, czym\u017ce jest przyja\u017a\u0144 z Bogiem, <b>na czym polega postawa cz\u0142owieka wierz\u0105cego?<\/b> Czy nie odnosimy wra\u017cenia, \u017ce jest to obraz bardzo <b>wyrazisty, konkretny i jasno okre\u015blony?<\/b> Jakie elementy mo\u017cemy w nim zauwa\u017cy\u0107?<\/span><\/span><\/span><\/p>\n<p align=\"justify\"><span style=\"color: #000000;\"><span style=\"font-family: Book Antiqua, serif;\"><span style=\"font-size: large;\">Przede wszystkim, m\u00f3wimy tu o pewnej <b>dyspozycji ducha cz\u0142owieka:<\/b> \u00f3w sprawiedliwy, o kt\u00f3rym mowa, pozostaje pod wejrzeniem i dzia\u0142aniem <b>samego Boga.<\/b> B\u00f3g go ochrania, to B\u00f3g daje mu wszelkie dobre natchnienia, natomiast <i><b>ten, co jest ducha nieprawego,<\/b><\/i> zostanie odrzucony. Wszystko zatem dzieje si\u0119 pod Bo\u017c\u0105 kontrol\u0105 i Bo\u017cym kierownictwem. To nie cz\u0142owiek \u2013 sam z siebie i sam dla siebie \u2013 jest sprawiedliwy lub niesprawiedliwy, wierz\u0105cy lub niewierz\u0105cy. Cz\u0142owiek jest <b>dysponentem wielkiego skarbu<\/b> \u2013 skarbu wiary \u2013 kt\u00f3ry otrzyma\u0142 od Pana. <\/span><\/span><\/span><\/p>\n<p align=\"justify\"><span style=\"color: #000000;\"><span style=\"font-family: Book Antiqua, serif;\"><span style=\"font-size: large;\">A skoro tak, to ma si\u0119 o ten skarb troszczy\u0107, <b>ma go <\/b><b>pomna\u017ca\u0107.<\/b> St\u0105d wezwanie do <b>rozwijania charyzmat\u00f3w,<\/b> otrzymanych od Pana. Wezwanie to po\u0142\u0105czone jest z nast\u0119pnym zdaniem \u2013 bardzo mocnym, wr\u0119cz kapitalnym \u2013 \u015bwietnie oddaj\u0105cym istot\u0119 chrze\u015bcija\u0144stwa. Oto ono: <i><b>Albowiem nie da\u0142 nam B\u00f3g ducha boja\u017ani, ale mocy i mi\u0142o\u015bci, i trze\u017awego my\u015blenia.<\/b><\/i><i> <\/i>Tak, cz\u0142owiek wiary to nie bajarz, oderwany od reali\u00f3w. Wprost przeciwnie: to <b>twardy realista,<\/b> cz\u0142owiek <b>trze\u017awo my\u015bl\u0105cy,<\/b> cz\u0142owiek odwa\u017cny, pe\u0142en mocy i mi\u0142o\u015bci; przestrzegaj\u0105cy pewnych, <b>bardzo konkretnych i jasno okre\u015blonych zasad.<\/b><b> <\/b><\/span><\/span><\/span><\/p>\n<p align=\"justify\"><span style=\"color: #000000;\"><span style=\"font-family: Book Antiqua, serif;\"><span style=\"font-size: large;\">Zapewne, k\u0142\u00f3ci si\u0119 taki obraz cz\u0142owieka wierz\u0105cego z pobie\u017cnym i potocznym jego wyobra\u017ceniem jako kogo\u015b niezaradnego, takiej <b>\u017cyciowej niezdary,<\/b> kt\u00f3ra nie potrafi sobie u\u0142o\u017cy\u0107 \u017cycia i odnie\u015b\u0107 sukcesu, wi\u0119c pozostaje mu ju\u017c tylko \u201eklepanie pacierzy\u201d. Nie, cz\u0142owiek wiary, przyjaciel Jezusa, \u017cyje tu i teraz, na tej ziemi, <b>twardo po niej st\u0105pa, trze\u017awo ocenia rzeczywisto\u015b\u0107,<\/b> nie ulegaj\u0105c jakiej\u015b fa\u0142szywej, wyidealizowanej wizji rzeczywisto\u015bci. Oto prawdziwy obraz cz\u0142owieka wierz\u0105cego! <\/span><\/span><\/span><\/p>\n<p align=\"justify\"><span style=\"color: #000000;\"><span style=\"font-family: Book Antiqua, serif;\"><span style=\"font-size: large;\">A poniewa\u017c \u2013 jako rzekli\u015bmy \u2013 wszystko to ma od Boga, nie za\u015b sam z siebie, przeto ci\u0105gle powinien <b>prosi\u0107 Boga o pomno\u017cenie wiary.<\/b> Bo nieraz zapewne do\u015bwiadcza\u0142 jej os\u0142abienia. W Bogu ma szuka\u0107 si\u0142y i mocy, u Niego ma <b>odnawia\u0107 sw\u00f3j entuzjazm i zapa\u0142,<\/b> zachowuj\u0105c ca\u0142y czas \u015bwiadomo\u015b\u0107, \u017ce jest <b>u Boga na s\u0142u\u017cbie.<\/b> Dlatego nie oczekuje ludzkiego poklasku, ale po prostu wykonuje to, co do niego nale\u017cy. Jezus wr\u0119cz ka\u017ce mu uwa\u017ca\u0107 si\u0119 za <b>\u00ab<\/b><b>s\u0142ug\u0119 nieu\u017cytecznego<\/b><b>\u00bb<\/b><b>,<\/b> bo rzeczywi\u015bcie \u2013 sam z siebie jest kim\u015b nieu\u017cytecznym. Ale poniewa\u017c ca\u0142\u0105 swoj\u0105 moc opiera na Bogu, przeto mo\u017ce dokonywa\u0107 rzeczy niezwyk\u0142ych.<\/span><\/span><\/span><\/p>\n<p align=\"justify\"><span style=\"color: #000000;\"><span style=\"font-family: Book Antiqua, serif;\"><span style=\"font-size: large;\">Moi Drodzy, co my\u015blimy o takim obrazie cz\u0142owieka wierz\u0105cego? Czy jest to <b>propozycja na dzisiejsze czasy? <\/b>I czy kto\u015b taki odnajdzie si\u0119 w dzisiejszym \u015bwiecie? Czy trzyma\u0107 si\u0119 zasad Jezusowych i utrzymywa\u0107 sta\u0142\u0105 duchow\u0105 \u0142\u0105czno\u015b\u0107 z Niebem \u2013 to nie znak jakiej\u015b <b>staro\u015bwiecko\u015bci i oderwania od \u015bwiata,<\/b> tak bardzo rzekomo nowoczesnego i dynamicznego?\u2026 <\/span><\/span><\/span><\/p>\n<p align=\"justify\"><span style=\"color: #000000;\"><span style=\"font-family: Book Antiqua, serif;\"><span style=\"font-size: large;\">Musimy chyba jasno powiedzie\u0107, \u017ce jest <b>dok\u0142adnie odwrotnie! <\/b>W\u0142a\u015bnie taki cz\u0142owiek, jak ten, ukazany w dzisiejszej liturgii S\u0142owa, czyli cz\u0142owiek <b>mocny duchem, <\/b>konkretny w dzia\u0142aniach, przejrzysty w zasadach, a przede wszystkim mocno zwi\u0105zany z Bogiem, zaprzyja\u017aniony z Nim i ufaj\u0105cy Mu bezgranicznie, ca\u0142kowicie zdany na Niego \u2013 w\u0142a\u015bnie taki cz\u0142owiek<b> jest w stanie stawi\u0107 czo\u0142a<\/b> owej ziemskiej \u201enowoczesno\u015bci\u201d i \u201edynamice\u201d, kt\u00f3re bardzo cz\u0119sto s\u0105 <b>szale\u0144czym p\u0119dem donik\u0105d,<\/b> a nie \u017cadn\u0105 nowoczesno\u015bci\u0105. <\/span><\/span><\/span><\/p>\n<p align=\"justify\"><span style=\"color: #000000;\"><span style=\"font-family: Book Antiqua, serif;\"><span style=\"font-size: large;\">To ludziom si\u0119 jedynie wydaje, \u017ce jak kto\u015b <b>\u017cyje po \u201e\u015bwiatowemu\u201d,<\/b> to jest taki nowoczesny i przebojowy, a jak kto\u015b jest cz\u0142owiekiem wierz\u0105cym i jeszcze mo\u017ce zbyt g\u0142o\u015bno si\u0119 do tego przyznaje, to od razu, <b>na starcie jest przegrany.<\/b> Tymczasem \u2013 jest dok\u0142adnie odwrotnie! <\/span><\/span><\/span><\/p>\n<p align=\"justify\"><span style=\"color: #000000;\"><span style=\"font-family: Book Antiqua, serif;\"><span style=\"font-size: large;\">To w\u0142a\u015bnie cz\u0142owiek, kt\u00f3rego obraz sobie zarysowali\u015bmy na podstawie dzisiejszego Bo\u017cego s\u0142owa \u2013 <b>ma co\u015b dzisiejszemu \u015bwiatu do zaproponowania.<\/b> To on \u017cyje sensownie i w jakim\u015b celu, do czego\u015b konkretnie d\u0105\u017cy, a nie \u017cyje z dnia na dzie\u0144, staraj\u0105c si\u0119 o zape\u0142nienie \u2013 a mo\u017ce zag\u0142uszenie \u2013 tej <b>strasznej pustki,<\/b> kt\u00f3ra jest w jego duszy.<\/span><\/span><\/span><\/p>\n<p align=\"justify\"><span style=\"color: #000000;\"><span style=\"font-family: Book Antiqua, serif;\"><span style=\"font-size: large;\">Bo to w\u0142a\u015bnie ten obraz cz\u0142owieka wierz\u0105cego, przyjaciela Jezusa, chrze\u015bcijanina, kt\u00f3ry zosta\u0142 nam dzi\u015b ukazany, jest propozycj\u0105 <b>pi\u0119knego <\/b><b>i sensownego <\/b><b>prze\u017cywania doczesno\u015bci <\/b>\u2013 tak, by m\u00f3c osi\u0105gn\u0105\u0107 \u015bwi\u0119to\u015b\u0107. Jeszcze raz, moi Drodzy, us\u0142yszmy to zdanie: <i><b>Albowiem nie da\u0142 nam B\u00f3g ducha boja\u017ani, ale mocy i mi\u0142o\u015bci, i trze\u017awego my\u015blenia.<\/b><\/i> Kapitalne stwierdzenie! Tylko trzeba jeszcze na sto procent w nie uwierzy\u0107, \u017ce nie jest to tylko takie sobie mi\u0142e powiedzonko, kt\u00f3re \u015bwietnie brzmi na kazaniu, ale \u017ce jest to <b>bardzo realny program<\/b> \u017cycia cz\u0142owieka wierz\u0105cego.<\/span><\/span><\/span><\/p>\n<p align=\"justify\"><span style=\"color: #000000;\"><span style=\"font-family: Book Antiqua, serif;\"><span style=\"font-size: large;\">Cz\u0142owiek wierz\u0105cy, chrze\u015bcijanin \u2013 <b>nie mo\u017ce si\u0119 ba\u0107! <\/b>Nikogo i niczego! Bo ma w sobie ducha <i><b>mocy i mi\u0142o\u015bci, <\/b><\/i>a to wszystko jeszcze ubogacone umiej\u0119tno\u015bci\u0105 <i><b>trze\u017awego my\u015blenia,<\/b><\/i> realistycznego oceniania ka\u017cdej sytuacji i dokonywania w\u0142a\u015bciwych wybor\u00f3w. <\/span><\/span><\/span><\/p>\n<p align=\"justify\"><span style=\"color: #000000;\"><span style=\"font-family: Book Antiqua, serif;\"><span style=\"font-size: large;\">Moi Drodzy, jeszcze raz podkre\u015blmy to z moc\u0105: <b>to jest prawdziwy obraz prawdziwego chrze\u015bcijanina,<\/b> a nie jakikolwiek inny! Uwierzmy w to, ale te\u017c pomy\u015blmy, na ile nasza postawa zbli\u017cona jest do tego obrazu, a na ile jeszcze potrzebuje <b>takiej, lub innej, przemiany?<\/b> <\/span><\/span><\/span><\/p>\n<p align=\"justify\"><span style=\"color: #000000;\"><span style=\"font-family: Book Antiqua, serif;\"><span style=\"font-size: large;\">Czy mamy \u015bwiadomo\u015b\u0107, \u017ce <b>w pe\u0142ni zale\u017cymy od Boga<\/b> i \u017ce przed Nim jeste\u015bmy w\u0142a\u015bnie owymi \u00abs\u0142ugami nieu\u017cytecznymi\u00bb? Czy staramy si\u0119 <b>dobrze i dok\u0142adnie wykonywa\u0107 to, co do nas nale\u017cy<\/b> \u2013 nasze codzienne, najbardziej zwyczajne obowi\u0105zki? Czy pokonujemy w sobie i odrzucamy wszystko, co mog\u0142oby w nas by\u0107 z <i><b>ducha nieprawego?<\/b><\/i> Czy \u2013 widz\u0105c, \u017ce nie wszystko i nie zawsze nam wychodzi w tej materii \u2013 cz\u0119sto <b>prosimy Pana, by przymno\u017cy\u0142 nam wiary?<\/b> A mo\u017ce uwa\u017camy si\u0119 ju\u017c za tak bardzo wierz\u0105cych, \u017ce nie musimy o to prosi\u0107? I czy wreszcie nie wstydzimy si\u0119 przed lud\u017ami dawa\u0107 \u015bwiadectwo wiary? <\/span><\/span><\/span><\/p>\n<p align=\"justify\"><span style=\"color: #000000;\"><span style=\"font-family: Book Antiqua, serif;\"><span style=\"font-size: large;\">To wa\u017cne pytania, moi Drodzy, dlatego by\u0142oby dobrze, \u017ceby\u015bmy na nie bardzo szczerze odpowiedzieli. Bo od tych\u017ce odpowiedzi <b>zale\u017cy kszta\u0142t naszego chrze\u015bcija\u0144skiego \u017cycia<\/b> \u2013 zar\u00f3wno \u017cycia osobistego, jak i spo\u0142ecznego. Dzisiaj bardzo, ale to naprawd\u0119 <b>bardzo potrzeba takiego w\u0142a\u015bnie \u015bwiadectwa<\/b> i takiej chrze\u015bcija\u0144skiej postawy, jaka ukazana zosta\u0142a przez Pana w Jego s\u0142owie.<\/span><\/span><\/span><\/p>\n<p align=\"justify\"><span style=\"color: #000000;\"><span style=\"font-family: Book Antiqua, serif;\"><span style=\"font-size: large;\">Co zatem osobi\u015bcie robi\u0119 \u2013 co ju\u017c dzi\u015b zrobi\u0119 \u2013 aby si\u0119 <b>do takiej postawy jak najbardziej przybli\u017cy\u0107? <\/b>Kt\u00f3ry z element\u00f3w tego obrazu, ukazanego przez Pana, jeszcze nie znajduje <b>odbicia w mojej codzienno\u015bci?<\/b> Czy staram si\u0119 zawsze, w ka\u017cdej chwili swojego \u017cycia, w obliczu codziennych zada\u0144 i spotka\u0144 z lud\u017ami, pami\u0119ta\u0107, \u017ce <i><b>nie da\u0142 nam B\u00f3g ducha boja\u017ani, ale mocy i mi\u0142o\u015bci, i trze\u017awego my\u015blenia?\u2026<\/b><\/i><\/span><\/span><\/span><\/p>\n","protected":false},"excerpt":{"rendered":"<p>Niech b\u0119dzie pochwalony Jezus Chrystus! Moi Drodzy, w dniu dzisiejszym imieniny obchodz\u0105: \u25baKsi\u0105dz Artur Pi\u00f3ro, m\u00f3j Kolega kursowy, \u25baKsi\u0105dz Artur Wojtkowicz, tak\u017ce m\u00f3j Kolega, tylko nie kursowy; \u25baArtur Strze\u017cysz \u2013 za moich czas\u00f3w: Lektor w Celestynowie; \u25baArtur Pacek \u2013 wytrwa\u0142y i cierpliwy Mechanik, opiekuj\u0105cy si\u0119 moim samochodem. Wszystkim Solenizantom \u017cycz\u0119, by zawsze pami\u0119tali o tre\u015bci [&hellip;]<\/p>\n","protected":false},"author":1,"featured_media":0,"comment_status":"open","ping_status":"open","sticky":false,"template":"","format":"standard","meta":{"jetpack_post_was_ever_published":false,"_jetpack_newsletter_access":"","_jetpack_dont_email_post_to_subs":false,"_jetpack_newsletter_tier_id":0,"_jetpack_memberships_contains_paywalled_content":false,"_jetpack_memberships_contains_paid_content":false,"footnotes":""},"categories":[1],"tags":[],"class_list":["post-15949","post","type-post","status-publish","format-standard","hentry","category-bez-kategorii"],"yoast_head":"<!-- This site is optimized with the Yoast SEO plugin v25.1 - https:\/\/yoast.com\/wordpress\/plugins\/seo\/ -->\n<title>Duch mocy i mi\u0142o\u015bci - Gaudium Et Spes<\/title>\n<meta name=\"robots\" content=\"index, follow, max-snippet:-1, max-image-preview:large, max-video-preview:-1\" \/>\n<link rel=\"canonical\" href=\"https:\/\/gaudiumetspes-blog.pl\/index.php\/2019\/10\/06\/duch-mocy-i-milosci\/\" \/>\n<meta property=\"og:locale\" content=\"pl_PL\" \/>\n<meta property=\"og:type\" content=\"article\" \/>\n<meta property=\"og:title\" content=\"Duch mocy i mi\u0142o\u015bci - Gaudium Et Spes\" \/>\n<meta property=\"og:description\" content=\"Niech b\u0119dzie pochwalony Jezus Chrystus! Moi Drodzy, w dniu dzisiejszym imieniny obchodz\u0105: \u25baKsi\u0105dz Artur Pi\u00f3ro, m\u00f3j Kolega kursowy, \u25baKsi\u0105dz Artur Wojtkowicz, tak\u017ce m\u00f3j Kolega, tylko nie kursowy; \u25baArtur Strze\u017cysz \u2013 za moich czas\u00f3w: Lektor w Celestynowie; \u25baArtur Pacek \u2013 wytrwa\u0142y i cierpliwy Mechanik, opiekuj\u0105cy si\u0119 moim samochodem. Wszystkim Solenizantom \u017cycz\u0119, by zawsze pami\u0119tali o tre\u015bci [&hellip;]\" \/>\n<meta property=\"og:url\" content=\"https:\/\/gaudiumetspes-blog.pl\/index.php\/2019\/10\/06\/duch-mocy-i-milosci\/\" \/>\n<meta property=\"og:site_name\" content=\"Gaudium Et Spes\" \/>\n<meta property=\"article:published_time\" content=\"2019-10-06T05:37:43+00:00\" \/>\n<meta name=\"author\" content=\"Ks. Jacek\" \/>\n<meta name=\"twitter:card\" content=\"summary_large_image\" \/>\n<meta name=\"twitter:label1\" content=\"Napisane przez\" \/>\n\t<meta name=\"twitter:data1\" content=\"Ks. Jacek\" \/>\n\t<meta name=\"twitter:label2\" content=\"Szacowany czas czytania\" \/>\n\t<meta name=\"twitter:data2\" content=\"11 minut\" \/>\n<script type=\"application\/ld+json\" class=\"yoast-schema-graph\">{\"@context\":\"https:\/\/schema.org\",\"@graph\":[{\"@type\":\"WebPage\",\"@id\":\"https:\/\/gaudiumetspes-blog.pl\/index.php\/2019\/10\/06\/duch-mocy-i-milosci\/\",\"url\":\"https:\/\/gaudiumetspes-blog.pl\/index.php\/2019\/10\/06\/duch-mocy-i-milosci\/\",\"name\":\"Duch mocy i mi\u0142o\u015bci - Gaudium Et Spes\",\"isPartOf\":{\"@id\":\"https:\/\/gaudiumetspes-blog.pl\/#website\"},\"datePublished\":\"2019-10-06T05:37:43+00:00\",\"author\":{\"@id\":\"https:\/\/gaudiumetspes-blog.pl\/#\/schema\/person\/1661982992b752dea8dff0d4ed845a65\"},\"breadcrumb\":{\"@id\":\"https:\/\/gaudiumetspes-blog.pl\/index.php\/2019\/10\/06\/duch-mocy-i-milosci\/#breadcrumb\"},\"inLanguage\":\"pl-PL\",\"potentialAction\":[{\"@type\":\"ReadAction\",\"target\":[\"https:\/\/gaudiumetspes-blog.pl\/index.php\/2019\/10\/06\/duch-mocy-i-milosci\/\"]}]},{\"@type\":\"BreadcrumbList\",\"@id\":\"https:\/\/gaudiumetspes-blog.pl\/index.php\/2019\/10\/06\/duch-mocy-i-milosci\/#breadcrumb\",\"itemListElement\":[{\"@type\":\"ListItem\",\"position\":1,\"name\":\"Strona g\u0142\u00f3wna\",\"item\":\"https:\/\/gaudiumetspes-blog.pl\/\"},{\"@type\":\"ListItem\",\"position\":2,\"name\":\"Duch mocy i&nbsp;mi\u0142o\u015bci\"}]},{\"@type\":\"WebSite\",\"@id\":\"https:\/\/gaudiumetspes-blog.pl\/#website\",\"url\":\"https:\/\/gaudiumetspes-blog.pl\/\",\"name\":\"Gaudium Et Spes\",\"description\":\"Blog Ks. Jacka Ja\u015bkowskiego\",\"potentialAction\":[{\"@type\":\"SearchAction\",\"target\":{\"@type\":\"EntryPoint\",\"urlTemplate\":\"https:\/\/gaudiumetspes-blog.pl\/?s={search_term_string}\"},\"query-input\":{\"@type\":\"PropertyValueSpecification\",\"valueRequired\":true,\"valueName\":\"search_term_string\"}}],\"inLanguage\":\"pl-PL\"},{\"@type\":\"Person\",\"@id\":\"https:\/\/gaudiumetspes-blog.pl\/#\/schema\/person\/1661982992b752dea8dff0d4ed845a65\",\"name\":\"Ks. Jacek\",\"image\":{\"@type\":\"ImageObject\",\"inLanguage\":\"pl-PL\",\"@id\":\"https:\/\/gaudiumetspes-blog.pl\/#\/schema\/person\/image\/\",\"url\":\"https:\/\/gaudiumetspes-blog.pl\/wp-content\/uploads\/2019\/07\/avatar-JJ-150x150.jpg\",\"contentUrl\":\"https:\/\/gaudiumetspes-blog.pl\/wp-content\/uploads\/2019\/07\/avatar-JJ-150x150.jpg\",\"caption\":\"Ks. Jacek\"},\"description\":\"Witam serdecznie! K\u0142ania si\u0119 Ks. Jacek Ja\u015bkowski. Nie jestem ani kim\u015b wa\u017cnym, ani kim\u015b znanym. Jestem ksi\u0119dzem, kt\u00f3ry po prostu chce rozmawia\u0107. Codzienna kap\u0142a\u0144ska pos\u0142uga pokazuje mi, \u017ce temat\u00f3w do rozm\u00f3w z ksi\u0119dzem jest coraz wi\u0119cej i dzisiaj \u017caden ksi\u0105dz nie mo\u017ce od nich ucieka\u0107, ale - wprost przeciwnie - podejmowa\u0107 nowe wyzwania. To przekonanie sk\u0142oni\u0142o mnie do pr\u00f3by otwarcia tego\u017c bloga, chocia\u017c okazji do rozm\u00f3w na co dzie\u0144 - w konfesjonale i poza nim - na szcz\u0119\u015bcie nie brakuje. My\u015bl\u0119 jednak, \u017ce ten blog b\u0119dzie jeszcze jednym sposobem i przestrzeni\u0105 nawi\u0105zania kontaktu z lud\u017ami dobrej woli, otwartymi na dialog.\",\"url\":\"https:\/\/gaudiumetspes-blog.pl\/index.php\/author\/ks-jacek\/\"}]}<\/script>\n<!-- \/ Yoast SEO plugin. -->","yoast_head_json":{"title":"Duch mocy i mi\u0142o\u015bci - Gaudium Et Spes","robots":{"index":"index","follow":"follow","max-snippet":"max-snippet:-1","max-image-preview":"max-image-preview:large","max-video-preview":"max-video-preview:-1"},"canonical":"https:\/\/gaudiumetspes-blog.pl\/index.php\/2019\/10\/06\/duch-mocy-i-milosci\/","og_locale":"pl_PL","og_type":"article","og_title":"Duch mocy i mi\u0142o\u015bci - Gaudium Et Spes","og_description":"Niech b\u0119dzie pochwalony Jezus Chrystus! Moi Drodzy, w dniu dzisiejszym imieniny obchodz\u0105: \u25baKsi\u0105dz Artur Pi\u00f3ro, m\u00f3j Kolega kursowy, \u25baKsi\u0105dz Artur Wojtkowicz, tak\u017ce m\u00f3j Kolega, tylko nie kursowy; \u25baArtur Strze\u017cysz \u2013 za moich czas\u00f3w: Lektor w Celestynowie; \u25baArtur Pacek \u2013 wytrwa\u0142y i cierpliwy Mechanik, opiekuj\u0105cy si\u0119 moim samochodem. Wszystkim Solenizantom \u017cycz\u0119, by zawsze pami\u0119tali o tre\u015bci [&hellip;]","og_url":"https:\/\/gaudiumetspes-blog.pl\/index.php\/2019\/10\/06\/duch-mocy-i-milosci\/","og_site_name":"Gaudium Et Spes","article_published_time":"2019-10-06T05:37:43+00:00","author":"Ks. Jacek","twitter_card":"summary_large_image","twitter_misc":{"Napisane przez":"Ks. Jacek","Szacowany czas czytania":"11 minut"},"schema":{"@context":"https:\/\/schema.org","@graph":[{"@type":"WebPage","@id":"https:\/\/gaudiumetspes-blog.pl\/index.php\/2019\/10\/06\/duch-mocy-i-milosci\/","url":"https:\/\/gaudiumetspes-blog.pl\/index.php\/2019\/10\/06\/duch-mocy-i-milosci\/","name":"Duch mocy i mi\u0142o\u015bci - Gaudium Et Spes","isPartOf":{"@id":"https:\/\/gaudiumetspes-blog.pl\/#website"},"datePublished":"2019-10-06T05:37:43+00:00","author":{"@id":"https:\/\/gaudiumetspes-blog.pl\/#\/schema\/person\/1661982992b752dea8dff0d4ed845a65"},"breadcrumb":{"@id":"https:\/\/gaudiumetspes-blog.pl\/index.php\/2019\/10\/06\/duch-mocy-i-milosci\/#breadcrumb"},"inLanguage":"pl-PL","potentialAction":[{"@type":"ReadAction","target":["https:\/\/gaudiumetspes-blog.pl\/index.php\/2019\/10\/06\/duch-mocy-i-milosci\/"]}]},{"@type":"BreadcrumbList","@id":"https:\/\/gaudiumetspes-blog.pl\/index.php\/2019\/10\/06\/duch-mocy-i-milosci\/#breadcrumb","itemListElement":[{"@type":"ListItem","position":1,"name":"Strona g\u0142\u00f3wna","item":"https:\/\/gaudiumetspes-blog.pl\/"},{"@type":"ListItem","position":2,"name":"Duch mocy i&nbsp;mi\u0142o\u015bci"}]},{"@type":"WebSite","@id":"https:\/\/gaudiumetspes-blog.pl\/#website","url":"https:\/\/gaudiumetspes-blog.pl\/","name":"Gaudium Et Spes","description":"Blog Ks. Jacka Ja\u015bkowskiego","potentialAction":[{"@type":"SearchAction","target":{"@type":"EntryPoint","urlTemplate":"https:\/\/gaudiumetspes-blog.pl\/?s={search_term_string}"},"query-input":{"@type":"PropertyValueSpecification","valueRequired":true,"valueName":"search_term_string"}}],"inLanguage":"pl-PL"},{"@type":"Person","@id":"https:\/\/gaudiumetspes-blog.pl\/#\/schema\/person\/1661982992b752dea8dff0d4ed845a65","name":"Ks. Jacek","image":{"@type":"ImageObject","inLanguage":"pl-PL","@id":"https:\/\/gaudiumetspes-blog.pl\/#\/schema\/person\/image\/","url":"https:\/\/gaudiumetspes-blog.pl\/wp-content\/uploads\/2019\/07\/avatar-JJ-150x150.jpg","contentUrl":"https:\/\/gaudiumetspes-blog.pl\/wp-content\/uploads\/2019\/07\/avatar-JJ-150x150.jpg","caption":"Ks. Jacek"},"description":"Witam serdecznie! K\u0142ania si\u0119 Ks. Jacek Ja\u015bkowski. Nie jestem ani kim\u015b wa\u017cnym, ani kim\u015b znanym. Jestem ksi\u0119dzem, kt\u00f3ry po prostu chce rozmawia\u0107. Codzienna kap\u0142a\u0144ska pos\u0142uga pokazuje mi, \u017ce temat\u00f3w do rozm\u00f3w z ksi\u0119dzem jest coraz wi\u0119cej i dzisiaj \u017caden ksi\u0105dz nie mo\u017ce od nich ucieka\u0107, ale - wprost przeciwnie - podejmowa\u0107 nowe wyzwania. To przekonanie sk\u0142oni\u0142o mnie do pr\u00f3by otwarcia tego\u017c bloga, chocia\u017c okazji do rozm\u00f3w na co dzie\u0144 - w konfesjonale i poza nim - na szcz\u0119\u015bcie nie brakuje. My\u015bl\u0119 jednak, \u017ce ten blog b\u0119dzie jeszcze jednym sposobem i przestrzeni\u0105 nawi\u0105zania kontaktu z lud\u017ami dobrej woli, otwartymi na dialog.","url":"https:\/\/gaudiumetspes-blog.pl\/index.php\/author\/ks-jacek\/"}]}},"jetpack_featured_media_url":"","jetpack_sharing_enabled":true,"_links":{"self":[{"href":"https:\/\/gaudiumetspes-blog.pl\/index.php\/wp-json\/wp\/v2\/posts\/15949","targetHints":{"allow":["GET"]}}],"collection":[{"href":"https:\/\/gaudiumetspes-blog.pl\/index.php\/wp-json\/wp\/v2\/posts"}],"about":[{"href":"https:\/\/gaudiumetspes-blog.pl\/index.php\/wp-json\/wp\/v2\/types\/post"}],"author":[{"embeddable":true,"href":"https:\/\/gaudiumetspes-blog.pl\/index.php\/wp-json\/wp\/v2\/users\/1"}],"replies":[{"embeddable":true,"href":"https:\/\/gaudiumetspes-blog.pl\/index.php\/wp-json\/wp\/v2\/comments?post=15949"}],"version-history":[{"count":1,"href":"https:\/\/gaudiumetspes-blog.pl\/index.php\/wp-json\/wp\/v2\/posts\/15949\/revisions"}],"predecessor-version":[{"id":15950,"href":"https:\/\/gaudiumetspes-blog.pl\/index.php\/wp-json\/wp\/v2\/posts\/15949\/revisions\/15950"}],"wp:attachment":[{"href":"https:\/\/gaudiumetspes-blog.pl\/index.php\/wp-json\/wp\/v2\/media?parent=15949"}],"wp:term":[{"taxonomy":"category","embeddable":true,"href":"https:\/\/gaudiumetspes-blog.pl\/index.php\/wp-json\/wp\/v2\/categories?post=15949"},{"taxonomy":"post_tag","embeddable":true,"href":"https:\/\/gaudiumetspes-blog.pl\/index.php\/wp-json\/wp\/v2\/tags?post=15949"}],"curies":[{"name":"wp","href":"https:\/\/api.w.org\/{rel}","templated":true}]}}