{"id":15962,"date":"2019-10-11T07:15:05","date_gmt":"2019-10-11T05:15:05","guid":{"rendered":"https:\/\/gaudiumetspes-blog.pl\/?p=15962"},"modified":"2019-10-11T07:15:05","modified_gmt":"2019-10-11T05:15:05","slug":"dynamika-ducha","status":"publish","type":"post","link":"https:\/\/gaudiumetspes-blog.pl\/index.php\/2019\/10\/11\/dynamika-ducha\/","title":{"rendered":"Dynamika ducha"},"content":{"rendered":"<p align=\"justify\"><span style=\"color: #000000;\"><span style=\"font-family: Book Antiqua, serif;\"><span style=\"font-size: large;\">Szcz\u0119\u015b\u0107 Bo\u017ce! Moi Drodzy, w dniu dzisiejszym <b>imieniny prze\u017cywa Siostra Aldona Deczewska, Franciszkanka Misjonarka Maryi, kt\u00f3r\u0105 w swoim czasie mia\u0142em rado\u015b\u0107 pozna\u0107 w Lublinie i z kt\u00f3r\u0105 przez jaki\u015b czas spotyka\u0142em si\u0119, prowadz\u0105c wa\u017cne i g\u0142\u0119bokie rozmowy. A w domu Si\u00f3str, w Lublinie, uda\u0142o si\u0119 kiedy\u015b zorganizowa\u0107 kilkudniowe rekolekcje naszych m\u0142odzie\u017cowych Wsp\u00f3lnot. <\/b><b>Tak\u017ce ostatnio odnowili\u015bmy nasz\u0105 znajomo\u015b\u0107 i kontakt, bo Siostra pos\u0142ugiwa\u0142a w r\u00f3\u017cnych miejscach, tak\u017ce poza granicami Polski. <\/b><b>Niech Pan b\u0142ogos\u0142awi Solenizantce, a dzisiejszy Patron wyprasza t\u0119 dobro\u0107 serca i pogod\u0119 ducha, z kt\u00f3rej sam s\u0142yn\u0105\u0142. Ja, ze swej strony, zapewniam o modlitwie!<\/b><\/span><\/span><\/span><\/p>\n<p align=\"justify\"><span style=\"color: #000000;\"><span style=\"font-family: Book Antiqua, serif;\"><span style=\"font-size: large;\">A tym Patronem \u2013 chocia\u017c m\u00f3wimy o liturgicznym wspomnieniu dowolnym \u2013 jest Papie\u017c Jan XXIII. Poniewa\u017c osobi\u015bcie \u017cywi\u0119 wielk\u0105 sympati\u0119 dla tego niezwyk\u0142ego Papie\u017ca, dlatego pozwalam sobie odnie\u015b\u0107 si\u0119 w rozwa\u017caniu do Jego Postaci i postawy. My\u015bl\u0119, \u017ce mamy Go w czym na\u015bladowa\u0107.<\/span><\/span><\/span><\/p>\n<p align=\"justify\"><span style=\"color: #000000;\"><span style=\"font-family: Book Antiqua, serif;\"><span style=\"font-size: large;\">Moi Drodzy, mam jeszcze jedn\u0105, radosn\u0105 wiadomo\u015b\u0107. Wczoraj przyszed\u0142 na \u015bwiat Synek Moderatora naszego bloga, Krzysztofa Fabisiaka, ma\u0142y Piotru\u015b! Serdecznie gratulujemy szcz\u0119\u015bliwemu Ojcu i przeszcz\u0119\u015bliwej Mamie, Magdzie. Otaczamy modlitewn\u0105 opiek\u0105 ca\u0142\u0105 Rodzin\u0119 \u2013 zw\u0142aszcza, \u017ce za dwa dni b\u0119dzie pierwsza rocznica \u015alubu Pa\u0144stwa Fabisiak\u00f3w. Wspania\u0142y Prezent na rocznic\u0119! Gratulujemy!<\/span><\/span><\/span><\/p>\n<p align=\"justify\"><span style=\"color: #000000;\"><span style=\"font-family: Book Antiqua, serif;\"><span style=\"font-size: large;\">I jeszcze dwa przypomnienia. Pierwsze: mamy pa\u017adziernik. Nie zapominajmy o nabo\u017ce\u0144stwie r\u00f3\u017ca\u0144cowym. Drugie: nieustaj\u0105co wspieramy Ksi\u0119dza Marka w Jego dziele rekolekcyjnym, kt\u00f3re akurat dzisiaj si\u0119 ko\u0144czy. M\u00f3dlmy si\u0119 zatem o dobry i mocny fina\u0142, ale te\u017c \u2013 o owoce tego czasu w sercu Rekolekcjonisty i Rekolektant\u00f3w.<\/span><\/span><\/span><\/p>\n<p align=\"center\"><span style=\"color: #000000;\"><span style=\"font-family: Book Antiqua, serif;\"><span style=\"font-size: large;\">Gaudium et spes! Ks. Jacek<\/span><\/span><\/span><\/p>\n<p align=\"center\">\n<p align=\"center\">\n<p align=\"center\">\n<p align=\"center\">\n<p align=\"center\">\n<p align=\"justify\"><span style=\"color: #000000;\"><span style=\"font-family: Book Antiqua, serif;\"><span style=\"font-size: large;\"><b>Pi\u0105tek 27 Tygodnia zwyk\u0142ego, rok I,<\/b><\/span><\/span><\/span><\/p>\n<p align=\"justify\"><span style=\"color: #000000;\"><span style=\"font-family: Book Antiqua, serif;\"><span style=\"font-size: large;\"><b>Wspomnienie dowolne \u015aw. Jana XXIII, Papie\u017ca, <\/b><\/span><\/span><\/span><\/p>\n<p align=\"justify\"><span style=\"color: #000000;\"><span style=\"font-family: Book Antiqua, serif;\"><span style=\"font-size: large;\"><b>do czyta\u0144: Jl 1,13\u201315;2,1\u20132; \u0141k 11,15\u201326<\/b><\/span><\/span><\/span><\/p>\n<p align=\"justify\">\n<p align=\"justify\">\n<p align=\"justify\">\n<p align=\"justify\">\n<p align=\"justify\">\n<p align=\"justify\"><span style=\"color: #000000;\"><span style=\"font-family: Book Antiqua, serif;\"><span style=\"font-size: large;\"><b>CZYTANIE Z KSI\u0118GI PROROKA JOELA: <\/b><\/span><\/span><\/span><\/p>\n<p align=\"justify\"><span style=\"color: #000000;\"><span style=\"font-family: Book Antiqua, serif;\"><span style=\"font-size: large;\"><b>Przepaszcie si\u0119, a p\u0142aczcie, kap\u0142ani; narzekajcie, s\u0142udzy o\u0142tarza, wejd\u017acie i nocujcie w worach, s\u0142udzy Boga mojego, bo znikn\u0119\u0142a z domu Boga waszego ofiara z pokarm\u00f3w i napoj\u00f3w. <\/b><\/span><\/span><\/span><\/p>\n<p align=\"justify\"><span style=\"color: #000000;\"><span style=\"font-family: Book Antiqua, serif;\"><span style=\"font-size: large;\"><b>Zarz\u0105d\u017acie \u015bwi\u0119ty post, zwo\u0142ajcie uroczyste zgromadzenie, zbierzcie starc\u00f3w, wszystkich mieszka\u0144c\u00f3w ziemi do domu Pana, Boga waszego, i wo\u0142ajcie do Pana: Ach, biada! Co za dzie\u0144! Blisko jest dzie\u0144 Pana, a przyjdzie jako spustoszenie od Wszechmog\u0105cego. <\/b><\/span><\/span><\/span><\/p>\n<p align=\"justify\"><span style=\"color: #000000;\"><span style=\"font-family: Book Antiqua, serif;\"><span style=\"font-size: large;\"><b>Dmijcie w r\u00f3g na Syjonie, a wo\u0142ajcie na g\u00f3rze mej \u015bwi\u0119tej! Niechaj zadr\u017c\u0105 wszyscy mieszka\u0144cy kraju, bo nadchodzi dzie\u0144 Pana, bo jest ju\u017c bliski. Dzie\u0144 ciemno\u015bci i mroku, dzie\u0144 ob\u0142oku i mg\u0142y. Jak zorza poranna, rozci\u0105ga si\u0119 po g\u00f3rach lud wielki a mocny, kt\u00f3remu r\u00f3wnego nie by\u0142o od pocz\u0105tku i nie b\u0119dzie po nim nigdy a\u017c do lat przysz\u0142ych pokole\u0144.<\/b><\/span><\/span><\/span><\/p>\n<p align=\"justify\">\n<p align=\"justify\">\n<p align=\"justify\">\n<p align=\"justify\">\n<p align=\"justify\">\n<p align=\"justify\"><span style=\"color: #000000;\"><span style=\"font-family: Book Antiqua, serif;\"><span style=\"font-size: large;\"><b>S\u0141OWA EWANGELII WED\u0141UG \u015aWI\u0118TEGO \u0141UKASZA: <\/b><\/span><\/span><\/span><\/p>\n<p align=\"justify\"><span style=\"color: #000000;\"><span style=\"font-family: Book Antiqua, serif;\"><span style=\"font-size: large;\"><b>Gdy Jezus wyrzuca\u0142 z\u0142ego ducha, niekt\u00f3rzy z t\u0142umu rzekli: \u201ePrzez Belzebuba, w\u0142adc\u0119 z\u0142ych duch\u00f3w, wyrzuca z\u0142e duchy\u201d. Inni za\u015b, chc\u0105c Go wystawi\u0107 na pr\u00f3b\u0119, domagali si\u0119 od Niego znaku z nieba. <\/b><\/span><\/span><\/span><\/p>\n<p align=\"justify\"><span style=\"color: #000000;\"><span style=\"font-family: Book Antiqua, serif;\"><span style=\"font-size: large;\"><b>On jednak znaj\u0105c ich my\u015bli rzek\u0142 do nich: \u201eKa\u017cde kr\u00f3lestwo wewn\u0119trznie sk\u0142\u00f3cone pustoszeje i dom na dom si\u0119 wali. Je\u015bli wi\u0119c i szatan sam z sob\u0105 jest sk\u0142\u00f3cony, jak\u017ce si\u0119 ostoi jego kr\u00f3lestwo? M\u00f3wicie bowiem, \u017ce Ja przez Belzebuba wyrzucam z\u0142e duchy. Lecz je\u015bli Ja przez Belzebuba wyrzucam z\u0142e duchy, to przez kogo je wyrzucaj\u0105 wasi synowie? Dlatego oni b\u0119d\u0105 waszymi s\u0119dziami. A je\u015bli Ja palcem Bo\u017cym wyrzucam z\u0142e duchy, to istotnie przysz\u0142o ju\u017c do was Kr\u00f3lestwo Bo\u017ce. Gdy mocarz uzbrojony strze\u017ce swego dworu, bezpieczne jest jego mienie. Lecz gdy mocniejszy od niego nadejdzie i pokona go, zabierze wszystk\u0105 bro\u0144 jego, na kt\u00f3rej polega\u0142, i \u0142upy jego rozda. <\/b><\/span><\/span><\/span><\/p>\n<p align=\"justify\"><span style=\"color: #000000;\"><span style=\"font-family: Book Antiqua, serif;\"><span style=\"font-size: large;\"><b>Kto nie jest ze Mn\u0105, jest przeciwko Mnie; a kto nie zbiera ze Mn\u0105, rozprasza. <\/b><\/span><\/span><\/span><\/p>\n<p align=\"justify\"><span style=\"color: #000000;\"><span style=\"font-family: Book Antiqua, serif;\"><span style=\"font-size: large;\"><b>Gdy duch nieczysty opu\u015bci cz\u0142owieka, b\u0142\u0105ka si\u0119 po miejscach bezwodnych, szukaj\u0105c spoczynku. A gdy go nie znajduje, m\u00f3wi: \u00abWr\u00f3c\u0119 do swego domu, sk\u0105d wyszed\u0142em\u00bb. Przychodzi i zastaje go wymiecionym i przyozdobionym. Wtedy idzie i bierze siedem innych duch\u00f3w, z\u0142o\u015bliwszych ni\u017c on sam; wchodz\u0105 i mieszkaj\u0105 tam. I staje si\u0119 p\u00f3\u017aniejszy stan owego cz\u0142owieka gorszy ni\u017c poprzedni\u201d.<\/b><\/span><\/span><\/span><\/p>\n<p align=\"justify\">\n<p align=\"justify\">\n<p align=\"justify\">\n<p align=\"justify\">\n<p align=\"justify\">\n<p align=\"justify\"><span style=\"color: #000000;\"><span style=\"font-family: Book Antiqua, serif;\"><span style=\"font-size: large;\">Ka\u017cde w\u0142a\u015bciwie ze zda\u0144 dzisiejszego pierwszego czytania jest <b>mocnym wezwaniem do pokuty<\/b> \u2013 i to pokuty rozumianej w spos\u00f3b bardzo radykalny, tak\u017ce wyra\u017cony w okre\u015blonych gestach i zachowaniach zewn\u0119trznych! S\u0142yszymy bowiem: <i><b>Przepaszcie si\u0119, a p\u0142aczcie, kap\u0142ani; narzekajcie, s\u0142udzy o\u0142tarza, wejd\u017acie i nocujcie w worach, s\u0142udzy Boga mojego,<\/b><\/i><b> <\/b><b>[\u2026] <\/b><i><b>Zarz\u0105d\u017acie \u015bwi\u0119ty post, zwo\u0142ajcie uroczyste zgromadzenie, zbierzcie starc\u00f3w, wszystkich mieszka\u0144c\u00f3w ziemi do domu Pana, Boga waszego, i wo\u0142ajcie do Pana: Ach, biada!<\/b><\/i><b> <\/b><b>[\u2026] <\/b><i><b>Dmijcie w r\u00f3g na Syjonie, a wo\u0142ajcie na g\u00f3rze mej \u015bwi\u0119tej!<\/b><\/i> Prorok \u2013 w imieniu Boga \u2013 takich w\u0142a\u015bnie zewn\u0119trznych gest\u00f3w i znak\u00f3w si\u0119 domaga. <\/span><\/span><\/span><\/p>\n<p align=\"justify\"><span style=\"color: #000000;\"><span style=\"font-family: Book Antiqua, serif;\"><span style=\"font-size: large;\">Czy\u017cby zatem rzeczywi\u015bcie <b>tylko o te zewn\u0119trzne znaki chodzi\u0142o?<\/b> Czy\u017cby ca\u0142a sprawa mia\u0142a si\u0119 oprze\u0107 tylko na p\u0142aczu, narzekaniu, zewn\u0119trznych lamentach; na zarz\u0105dzeniu posty i d\u0119ciu w r\u00f3g? Czy \u2013 m\u00f3wi\u0105c kolokwialnie, dzisiejszym j\u0119zykiem \u2013 <b>\u201eca\u0142a para nie p\u00f3jdzie tylko w gwizdek\u201d? <\/b><\/span><\/span><\/span><\/p>\n<p align=\"justify\"><span style=\"color: #000000;\"><span style=\"font-family: Book Antiqua, serif;\"><span style=\"font-size: large;\">Chyba jednak nie. Wszak Prorok ka\u017ce te\u017c wo\u0142a\u0107 wprost do Pana: <i><b>Ach, biada! Co za dzie\u0144! Blisko jest dzie\u0144 Pana, a przyjdzie jako spustoszenie od Wszechmog\u0105cego.<\/b><\/i><b> <\/b>I jeszcze nieco dalej nakazuje: <i><b>Niechaj zadr\u017c\u0105 wszyscy mieszka\u0144cy kraju, bo nadchodzi dzie\u0144 Pana, bo jest ju\u017c bliski. <\/b><\/i><\/span><\/span><\/span><\/p>\n<p align=\"justify\"><span style=\"color: #000000;\"><span style=\"font-family: Book Antiqua, serif;\"><span style=\"font-size: large;\">A zatem, <b>\u015bwiadomo\u015b\u0107 blisko\u015bci Wszechmocnego,<\/b> Jego przyj\u015bcia, musi stale towarzyszy\u0107 ludziom. Skoro za\u015b tak, to i gesty, kt\u00f3re maj\u0105 wykonywa\u0107, nie mog\u0105 by\u0107 <b>jedynie gestami zewn\u0119trznymi,<\/b> ale musz\u0105 mie\u0107 jakie\u015b bezpo\u015brednie odniesienie do Boga. To wszystko, co \u2013 wed\u0142ug Proroka \u2013 ludzie maj\u0105 w tym momencie uczyni\u0107, aby okaza\u0107 swoj\u0105 skruch\u0119, maj\u0105 uczyni\u0107 <b>ze wzgl\u0119du na Boga.<\/b> I dla <b>odnowienia swej wi\u0119zi z Bogiem.<\/b> Dlatego te\u017c, chocia\u017c mowa jest o gestach zewn\u0119trznych, to jednak ma im towarzyszy\u0107 <b>odpowiednie nastawienie ducha.<\/b> <\/span><\/span><\/span><\/p>\n<p align=\"justify\"><span style=\"color: #000000;\"><span style=\"font-family: Book Antiqua, serif;\"><span style=\"font-size: large;\">Jeszcze mocniej prawda ta wyra\u017cona zosta\u0142a przez Jezusa w dzisiejszej Ewangelii. Kiedy bowiem ludzie zacz\u0119li Go oskar\u017ca\u0107, \u017ce <b>wyrzuca z\u0142ego ducha moc\u0105 z\u0142ego ducha<\/b> (trudno, doprawdy, o wi\u0119kszy absurd!), albo te\u017c domagali si\u0119 od Niego znaku tylko dla zaspokojenia swojej pr\u00f3\u017cno\u015bci i pychy, w\u00f3wczas Jezus postawi\u0142 spraw\u0119 bardzo jasno: <i><b>M\u00f3wicie <\/b><\/i><b>[\u2026]<\/b><i><b>, \u017ce Ja przez Belzebuba wyrzucam z\u0142e duchy. Lecz je\u015bli Ja przez Belzebuba wyrzucam z\u0142e duchy, to przez kogo je wyrzucaj\u0105 wasi synowie? Dlatego oni b\u0119d\u0105 waszymi s\u0119dziami. A je\u015bli Ja palcem Bo\u017cym wyrzucam z\u0142e duchy, to istotnie przysz\u0142o ju\u017c do was <\/b><\/i><i><b>K<\/b><\/i><i><b>r\u00f3lestwo Bo\u017ce.<\/b><\/i> <\/span><\/span><\/span><\/p>\n<p align=\"justify\"><span style=\"color: #000000;\"><span style=\"font-family: Book Antiqua, serif;\"><span style=\"font-size: large;\">Po czym nast\u0105pi\u0142o stwierdzenie, kt\u00f3re by\u0142o chyba jasnym i ostatecznym domkni\u0119ciem tematu: <i><b>Kto nie jest ze Mn\u0105, jest przeciwko Mnie; a kto nie zbiera ze Mn\u0105, rozprasza.<\/b><\/i><b> <\/b><\/span><\/span><\/span><\/p>\n<p align=\"justify\"><span style=\"color: #000000;\"><span style=\"font-family: Book Antiqua, serif;\"><span style=\"font-size: large;\">Moi Drodzy, mo\u017ce nam si\u0119 przypomina inne zdanie, w innym miejscu i czasie przez Jezusa wypowiedziane, b\u0119d\u0105ce jakby odwrotno\u015bci\u0105 tego dzisiejszego, kiedy to stwierdzi\u0142 On, \u017ce <b>kto nie jest przeciwko Aposto\u0142om, ten jest z nimi. <\/b>By\u0142o to wtedy, kiedy Aposto\u0142owie mieli zlecon\u0105 przez Niego konkretn\u0105 misj\u0119 i j\u0105 wype\u0142niali, spotykaj\u0105c si\u0119 z r\u00f3\u017cnymi ludzkimi postawami. Wtedy to w\u0142a\u015bnie Jezus wypowiedzia\u0142 wspomniane zdanie. <\/span><\/span><\/span><\/p>\n<p align=\"justify\"><span style=\"color: #000000;\"><span style=\"font-family: Book Antiqua, serif;\"><span style=\"font-size: large;\">Mo\u017ce wi\u0119c warto zestawi\u0107 jedno z drugim: <i><b>Kto nie jest ze Mn\u0105, jest przeciwko Mnie; a kto nie zbiera ze Mn\u0105, rozprasza;<\/b><\/i><b> <\/b>oraz to, \u017ce kto <b>nie jest przeciwko wam, ten jest z wami.<\/b> <\/span><\/span><\/span><\/p>\n<p align=\"justify\"><span style=\"color: #000000;\"><span style=\"font-family: Book Antiqua, serif;\"><span style=\"font-size: large;\">Widzimy, moi Drodzy, \u017ce wobec Jezusa zawsze trzeba si\u0119 jako\u015b opowiedzie\u0107, \u017ce w relacjach cz\u0142owieka z Nim zawsze jest jaka\u015b dynamika, nie ma stagnacji, nie ma takiego stanu, kt\u00f3ry okre\u015bliliby\u015bmy stanem bezruchu, stanem stagnacji, stanem zawieszenia\u2026 Trzeba si\u0119 jasno opowiedzie\u0107: <b>jeste\u015b za Jezusem, czy przeciw Niemu?<\/b> <\/span><\/span><\/span><\/p>\n<p align=\"justify\"><span style=\"color: #000000;\"><span style=\"font-family: Book Antiqua, serif;\"><span style=\"font-size: large;\">Je\u017celi nie jeste\u015b przeciw, <b>to znaczy, \u017ce jeste\u015b za. <\/b>Jezusowi cho\u0107by tyle z Twojej strony wystarczy. Ale je\u017celi nie jeste\u015b w jakikolwiek spos\u00f3b z Jezusem, to znaczy, \u017ce <b>na pewno jeste\u015b przeciw.<\/b> Nie da si\u0119 by\u0107 gdzie\u015b \u201epo\u015brodku\u201d, nie ma takiej p\u0142aszczyzny, takiego stanu. Trzeba zatem zaj\u0105\u0107 jasne stanowisko. <\/span><\/span><\/span><\/p>\n<p align=\"justify\"><span style=\"color: #000000;\"><span style=\"font-family: Book Antiqua, serif;\"><span style=\"font-size: large;\">Zw\u0142aszcza, \u017ce w zako\u0144czeniu dzisiejszej Ewangelii Jezus m\u00f3wi: <i><b>Gdy duch nieczysty opu\u015bci cz\u0142owieka, b\u0142\u0105ka si\u0119 po miejscach bezwodnych, szukaj\u0105c spoczynku. A gdy go nie znajduje, m\u00f3wi: \u00abWr\u00f3c\u0119 do swego domu, sk\u0105d wyszed\u0142em\u00bb. Przychodzi i zastaje go wymiecionym i przyozdobionym. Wtedy idzie i bierze siedem innych duch\u00f3w, z\u0142o\u015bliwszych ni\u017c on sam; wchodz\u0105 i mieszkaj\u0105 tam. I staje si\u0119 p\u00f3\u017aniejszy stan owego cz\u0142owieka gorszy ni\u017c poprzedni\u201d.<\/b><\/i> <\/span><\/span><\/span><\/p>\n<p align=\"justify\"><span style=\"color: #000000;\"><span style=\"font-family: Book Antiqua, serif;\"><span style=\"font-size: large;\">Widzimy zatem, \u017ce nawet takie radykalne dzia\u0142anie Bo\u017ce, jak wyrzucenie z\u0142ego ducha z cz\u0142owieka, mo\u017ce by\u0107 <b>przez cz\u0142owieka zmarnowane,<\/b> przez co jego stan b\u0119dzie gorszy, ni\u017c przed uwolnieniem! Zobaczmy, jaka to jest <b>dynamiczna sytuacja!<\/b> Dlatego cz\u0142owiek, zamiast oskar\u017ca\u0107 Jezusa o konszachty ze z\u0142ym duchem, albo ci\u0105gle szuka\u0107 winnych wok\u00f3\u0142 siebie, sam powinien wzi\u0105\u0107 si\u0119 za siebie <b>i pracowa\u0107 nad swoim duchem.<\/b> <\/span><\/span><\/span><\/p>\n<p align=\"justify\"><span style=\"color: #000000;\"><span style=\"font-family: Book Antiqua, serif;\"><span style=\"font-size: large;\">W\u0142a\u015bnie, nie koncentrowa\u0107 si\u0119 tylko na tym, co zewn\u0119trzne, tak\u017ce swoich zachowa\u0144 i dzia\u0142a\u0144 nie sprowadza\u0107 tylko do zewn\u0119trznych gest\u00f3w czy czynno\u015bci, ale wszystko czyni\u0107 <b>dla pog\u0142\u0119bienia ducha Bo\u017cego w sobie, <\/b>dla nawi\u0105zania prawdziwej przyja\u017ani z Jezusem! Dla ci\u0105g\u0142ego <b>odnawiania i wzmacniania<\/b> tej przyja\u017ani. W tym si\u0119 naprawd\u0119 nie mo\u017cna zatrzyma\u0107 \u2013 bo zacznie si\u0119 natychmiast <b>cofanie, regres, pogarszanie si\u0119 sytuacji. <\/b>Na to nie mo\u017cna pozwoli\u0107! <\/span><\/span><\/span><\/p>\n<p align=\"justify\"><span style=\"color: #000000;\"><span style=\"font-family: Book Antiqua, serif;\"><span style=\"font-size: large;\">Dlatego nasza \u017cyciowa dynamika ma by\u0107 <b>dynamik\u0105 ducha<\/b> \u2013 i to w jednym kierunku: <b>ku Jezusowi.<\/b> Bo je\u017celi my si\u0119 zatrzymamy w tej dynamice, to natychmiast zjawi si\u0119 kto\u015b, kto <b>bardzo dynamicznie poci\u0105gnie nas w kierunku przeciwnym. <\/b>A chyba nie o to chodzi\u2026 <\/span><\/span><\/span><\/p>\n<p align=\"justify\"><span style=\"color: #000000;\"><span style=\"font-family: Book Antiqua, serif;\"><span style=\"font-size: large;\">Przyk\u0142adem niezwykle dynamicznego d\u0105\u017cenia do Boga \u2013 i prowadzenia innych do Niego \u2013 by\u0142a \u017cyciowa postawa i apostolska pos\u0142uga Patrona dnia dzisiejszego, <b>\u015awi\u0119tego Papie\u017ca Jana XXIII.<\/b> Co mo\u017cemy powiedzie\u0107 o tym wspania\u0142ym Cz\u0142owieku i Pasterzu?<\/span><\/span><\/span><\/p>\n<p align=\"justify\"><span style=\"color: #000000;\"><span style=\"font-size: large;\"><span style=\"font-family: Book Antiqua, serif;\">Urodzi\u0142 si\u0119 <\/span><span style=\"font-family: Book Antiqua, serif;\">we wsi Sotto il Monte, w prowincji Bergamo,<\/span><span style=\"font-family: Book Antiqua, serif;\"> we W\u0142oszech, <\/span><span style=\"font-family: Book Antiqua, serif;\">w dniu<\/span> <span style=\"font-family: Book Antiqua, serif;\"><b>25 listopada 1881 roku, jako Angelo Giuseppe Roncalli,<\/b><\/span><span style=\"font-family: Book Antiqua, serif;\"> w biednej rodzinie ch\u0142opskiej. Jego matka by\u0142a osob\u0105 bardzo religijn\u0105. Urodzi\u0142a <\/span><span style=\"font-family: Book Antiqua, serif;\"><b>jedena\u015bcioro dzieci,<\/b><\/span><span style=\"font-family: Book Antiqua, serif;\"> z kt\u00f3rych Angelo przyszed\u0142 na \u015bwiat jako czwarty. Charakteryzowa\u0142a go niezwyk\u0142a <\/span><span style=\"font-family: Book Antiqua, serif;\"><b>dobro\u0107, ciep\u0142o i pogoda ducha.<\/b><\/span><\/span><\/span><\/p>\n<p align=\"justify\"><span style=\"color: #000000;\"><span style=\"font-family: Book Antiqua, serif;\"><span style=\"font-size: large;\">Maj\u0105c dwana\u015bcie lat, wst\u0105pi\u0142 do <b>ni\u017cszego seminarium duchownego<\/b> w Bergamo, kt\u00f3re by\u0142o w\u00f3wczas jednym z najbardziej presti\u017cowych miejsc kszta\u0142cenia przysz\u0142ych ksi\u0119\u017cy. Tam te\u017c zosta\u0142 przyj\u0119ty do Trzeciego Zakonu \u015awi\u0119tego Franciszka, w dniu 1 marca 1896 roku. Po otrzymaniu stypendium za wyniki w nauce, rozpocz\u0105\u0142 nauk\u0119 w <b>Papieskim Seminarium Rzymskim.<\/b> W 1902 roku przerwa\u0142 nauk\u0119 na rok, \u017ceby <b>odby\u0107 s\u0142u\u017cb\u0119 wojskow\u0105.<\/b> Po jej zako\u0144czeniu obroni\u0142 doktorat z teologii i <b>przyj\u0105\u0142 \u015bwi\u0119cenia kap\u0142a\u0144skie.<\/b> <\/span><\/span><\/span><\/p>\n<p align=\"justify\"><span style=\"color: #000000;\"><span style=\"font-family: Book Antiqua, serif;\"><span style=\"font-size: large;\">Rok po podj\u0119ciu nauki w seminarium, zacz\u0105\u0142 <b>spisywa\u0107 swoje notatki duchowe <\/b>i kontynuowa\u0142 t\u0119 prac\u0119 a\u017c do p\u00f3\u017anej staro\u015bci. Jego zapiski wydane zosta\u0142y pod tytu\u0142em <b>\u201eDziennik duszy\u201d.<\/b> W 1903 roku napisa\u0142 w nim mi\u0119dzy innymi: \u201eB\u00f3g pragnie, aby\u015bmy <b>pod\u0105\u017cali wzorem \u015awi\u0119tych<\/b> poprzez czerpanie z \u017cyciodajnej esencji ich cn\u00f3t, a nast\u0119pnie przerabianie jej na sw\u00f3j w\u0142asny spos\u00f3b, <b>adaptowanie do naszych indywidualnych mo\u017cliwo\u015bci<\/b> i okoliczno\u015bci \u017cycia. Gdyby \u015awi\u0119ty Alojzy by\u0142 taki, jak ja, sta\u0142by si\u0119 \u015bwi\u0119tym w zupe\u0142nie inny spos\u00f3b.\u201d<\/span><\/span><\/span><\/p>\n<p align=\"justify\"><span style=\"color: #000000;\"><span style=\"font-family: Book Antiqua, serif;\"><span style=\"font-size: large;\">Jako m\u0142odemu Ksi\u0119dzu, powierzono mu funkcj\u0119 <b>Sekretarza Biskupa Bergamo, Giacomo Radiniego Tedeschi.<\/b> W tym czasie <b>wyk\u0142ada\u0142 te\u017c w seminarium,<\/b> redagowa\u0142 biuletyn \u201e\u017bycie diecezjalne\u201d, wsp\u00f3\u0142pracowa\u0142 r\u00f3wnie\u017c z innym lokalnym pismem katolickim, a tak\u017ce by\u0142 duszpasterzem Akcji Katolickiej. <b>Inspirowa\u0142a go zw\u0142aszcza postawa \u015awi\u0119tych:<\/b> Karola Boromeusza, Franciszka Salezego i Grzegorza Barbarigo.<\/span><\/span><\/span><\/p>\n<p align=\"justify\"><span style=\"color: #000000;\"><span style=\"font-family: Book Antiqua, serif;\"><span style=\"font-size: large;\">W 1925 mianowany zosta\u0142 Oficja\u0142em w Bu\u0142garii i Arcybiskupem Areopolis. Jako swoje has\u0142o biskupie Angelo Roncalli wybra\u0142: <b>\u201e<\/b><b>Oboedientia<\/b><i><b> <\/b><\/i><b>et<\/b><i><b> <\/b><\/i><b>Pax\u201d \u2013 \u201e<\/b><b>Pos\u0142usze\u0144stwo i pok\u00f3j\u201d.<\/b> W p\u00f3\u017aniejszych latach pe\u0142ni\u0142 funkcj\u0119 kolejno: apostolskiego Delegata w Bu\u0142garii, w Turcji i Grecji oraz <b>Nuncjusza apostolskiego w Pary\u017cu.<\/b> T\u0119 ostatni\u0105 funkcj\u0119 sprawowa\u0142 ju\u017c w czasie trwania Drugiej Wojny \u015bwiatowej.<\/span><\/span><\/span><\/p>\n<p align=\"justify\"><span style=\"color: #000000;\"><span style=\"font-family: Book Antiqua, serif;\"><span style=\"font-size: large;\"><b>Dnia 12 stycznia<\/b><b> 1953 roku, <\/b>Angelo Roncalli zosta\u0142 mianowany<b> Kardyna\u0142em i Patriarch\u0105 Wenecji.<\/b> Prezydent Francji, Vincent Auriol, powo\u0142a\u0142 si\u0119 na stary przywilej francuskich kr\u00f3l\u00f3w i <b>sam w\u0142o\u017cy\u0142 czerwony kapelusz<\/b> na g\u0142ow\u0119 Kardyna\u0142a Roncalli, w czasie ceremonii w Pa\u0142acu Elizejskim. <\/span><\/span><\/span><\/p>\n<p align=\"justify\"><span style=\"color: #000000;\"><span style=\"font-family: Book Antiqua, serif;\"><span style=\"font-size: large;\">Z tego okresu przysz\u0142y Papie\u017c <b>zapami\u0119ta\u0142 pewne humorystyczne zdarzenie,<\/b> kiedy to na jednym z oficjalnych przyj\u0119\u0107, na jakie zosta\u0142 zaproszony, pojawi\u0142a si\u0119 kobieta w sukni z zadziwiaj\u0105co du\u017cym dekoltem. Zwr\u00f3ci\u0142o to uwag\u0119 nie tyle na sam\u0105 kobiet\u0119, co na Kardyna\u0142a \u2013 <b>go\u015bcie przygl\u0105dali si\u0119 jego reakcji <\/b>na ods\u0142oni\u0119te kobiece wdzi\u0119ki. Po przyj\u0119ciu kardyna\u0142 podszed\u0142 do kobiety, wr\u0119czy\u0142 jej czerwone jab\u0142ko i zapyta\u0142: \u201ePami\u0119ta Pani, <b>co u\u015bwiadomi\u0142a sobie Ewa, kiedy zjad\u0142a jab\u0142ko?\u201d<\/b><\/span><\/span><\/span><\/p>\n<p align=\"justify\"><span style=\"color: #000000;\"><span style=\"font-family: Book Antiqua, serif;\"><span style=\"font-size: large;\">Po \u015bmierci Piusa XII, podczas trzydniowego konklawe, <b>Kardyna\u0142 Roncalli zosta\u0142 wybrany Papie\u017cem, <\/b>w dniu <b>28 pa\u017adziernika 1958 roku.<\/b><b> <\/b>Jego pierwsz\u0105 reakcj\u0105 by\u0142 strach i zmieszanie. Ufny w wyb\u00f3r Kardyna\u0142\u00f3w i Bo\u017c\u0105 Opatrzno\u015b\u0107, <b>Angelo Roncalli przyj\u0105\u0142 wyb\u00f3r <\/b><b>K<\/b><b>onklawe,<\/b> a wraz z nim \u2013 <b>imi\u0119 Jana XXIII.<\/b> Przez zebranych na Konklawe Kardyna\u0142\u00f3w by\u0142 traktowany jako<b> \u201e<\/b><b>P<\/b><b>apie\u017c przej\u015bciowy\u201d. <\/b>Ich faworytem by\u0142 arcybiskup Mediolanu Montini, ale ten nie by\u0142 w tamtym czasie jeszcze Kardyna\u0142em. Godno\u015b\u0107 t\u0119 otrzyma\u0142 p\u00f3\u017aniej z r\u0105k samego Jana XXIII, a jeszcze p\u00f3\u017aniej <b>zosta\u0142 jego nast\u0119pc\u0105 jako Pawe\u0142 VI.<\/b><\/span><\/span><\/span><\/p>\n<p align=\"justify\"><span style=\"color: #000000;\"><span style=\"font-family: Book Antiqua, serif;\"><span style=\"font-size: large;\">Jan XXIII, jako Papie\u017c, <b>podbi\u0142 serca wiernych.<\/b> Zawsze otwarty na kontakty z pras\u0105, patrzy\u0142 odwa\u017cnie w obiektyw aparatu. By\u0142 pierwszym Papie\u017cem od 1870 roku, kt\u00f3ry odby\u0142 <b>oficjalne spotkanie poza Watykanem. <\/b>Spotka\u0142 si\u0119 w\u00f3wczas <b>z wi\u0119\u017aniami, <\/b>kt\u00f3rzy sami do niego przyj\u015b\u0107 nie mogli. S\u0142yn\u0105\u0142 tak\u017ce ze <b>zdystansowanego podej\u015bcia do ceremonia\u0142u papieskiego.<\/b> Stara\u0142 si\u0119 go przestrzega\u0107, ale z przymru\u017ceniem oka. <\/span><\/span><\/span><\/p>\n<p align=\"justify\"><span style=\"color: #000000;\"><span style=\"font-family: Book Antiqua, serif;\"><span style=\"font-size: large;\">Anegdotyczna opowie\u015b\u0107, dotycz\u0105ca dnia koronacji Jana XXIII na Papie\u017ca m\u00f3wi, \u017ce kiedy podszed\u0142 do niego po b\u0142ogos\u0142awie\u0144stwo w\u0142oski ordynariusz polowy, zobaczy\u0142, jak papie\u017c przyjmuje postaw\u0119 zasadnicz\u0105 i us\u0142ysza\u0142: <b>\u201ePanie generale, melduje si\u0119 sier\u017cant Roncalli\u201d.<\/b> Przez ludzi zapami\u0119tany zosta\u0142 jako <b>P<\/b><b>apie\u017c, kt\u00f3ry pali\u0142 fajk\u0119<\/b> i zawsze si\u0119 u\u015bmiecha\u0142, a przede wszystkim \u2013 jako <b>P<\/b><b>apie\u017c, kt\u00f3ry zwo\u0142a\u0142 Sob\u00f3r Watyka\u0144ski II<\/b> i na zawsze zmieni\u0142 histori\u0119 Ko\u015bcio\u0142a.<\/span><\/span><\/span><\/p>\n<p align=\"justify\"><span style=\"color: #000000;\"><span style=\"font-family: Book Antiqua, serif;\"><span style=\"font-size: large;\">Pomimo zapewnie\u0144 sekretarzy, \u017ce na jego przygotowania potrzeba dziesi\u0105tek lat \u2013 Jan XXIII <b>przewidzia\u0142 tylko kilkana\u015bcie miesi\u0119cy<\/b> pomi\u0119dzy zwo\u0142aniem, a rozpocz\u0119ciem Soboru, <b>w dniu<\/b><b> 11 pa\u017adziernika 1962 r<\/b><b>oku<\/b><b>.<\/b><\/span><\/span><\/span><\/p>\n<p align=\"justify\"><span style=\"color: #000000;\"><span style=\"font-family: Book Antiqua, serif;\"><span style=\"font-size: large;\">Jan XXIII og\u0142osi\u0142 osiem encyklik, z kt\u00f3rych najwa\u017cniejsze to: <b>\u201e<\/b><b>Mater et Magistra\u201d,<\/b> oraz <b>\u201e<\/b><b>Pacem in terris\u201d.<\/b> Ta druga adresowana by\u0142a do <b>\u201ewszystkich ludzi dobrej woli\u201d, <\/b>a nie \u2013 jak dotychczasowe \u2013 do Kardyna\u0142\u00f3w, Biskup\u00f3w i Duchownych; nawo\u0142ywa\u0142a do <b>pokoju mi\u0119dzy narodami ca\u0142ego \u015bwiata. <\/b><\/span><\/span><\/span><\/p>\n<p align=\"justify\"><span style=\"color: #000000;\"><span style=\"font-family: Book Antiqua, serif;\"><span style=\"font-size: large;\">Ponadto,<b> <\/b>Papie\u017c ustanowi\u0142 komisj\u0119 do spraw <b>rewizji prawa kanonicznego,<\/b> kt\u00f3rej ostatecznym celem by\u0142o opracowanie nowego Kodeksu Prawa Kanonicznego, opublikowanego ostatecznie dopiero w 1983 roku. Wiele ojcowskiej <b>troski wykaza\u0142 o \u201eKo\u015bci\u00f3\u0142 milczenia\u201d,<\/b> prze\u015bladowany na r\u00f3\u017cne sposoby w krajach rz\u0105dzonych przez komunist\u00f3w, m.in. w Polsce.<\/span><\/span><\/span><\/p>\n<p align=\"justify\"><span style=\"color: #000000;\"><span style=\"font-family: Book Antiqua, serif;\"><span style=\"font-size: large;\"><b>Dnia <\/b><b>3 czerwca 1963 roku, o godzinie 19:49,<\/b> w dzie\u0144 po Zes\u0142aniu Ducha \u015awi\u0119tego, w wyniku krwotoku, zwi\u0105zanego z wcze\u015bniej zdiagnozowanym rakiem \u017co\u0142\u0105dka, Jan XXIII odszed\u0142 do Pana. Jego ostatnie s\u0142owa brzmia\u0142y: <b>\u201eNie mam innej woli, jak tylko wol\u0119 Boga. <\/b><b>Ut unum sint!\u201d<\/b><b> <\/b><b>(Aby byli jedno!).<\/b> <\/span><\/span><\/span><\/p>\n<p align=\"justify\"><span style=\"color: #000000;\"><span style=\"font-family: Book Antiqua, serif;\"><span style=\"font-size: large;\">W swoim testamencie, nawi\u0105zuj\u0105c do duchowo\u015bci franciszka\u0144skiej, z jak\u0105 zwi\u0105za\u0142 si\u0119 we wczesnych latach m\u0142odo\u015bci, pisa\u0142: \u201ePozory dostatku cz\u0119sto <b>zas\u0142ania\u0142y ukryte ciernie dotkliwego ub\u00f3stwa<\/b> i uniemo\u017cliwia\u0142y mi dawanie zawsze z tak\u0105 hojno\u015bci\u0105, jakiej bym pragn\u0105\u0142. <b>Dzi\u0119kuj\u0119 Bogu za t\u0119 \u0142ask\u0119 ub\u00f3stwa, <\/b>kt\u00f3re \u015blubowa\u0142em w m\u0142odo\u015bci; <b>ub\u00f3stwa ducha,<\/b> jako kap\u0142an Serca Bo\u017cego, i <b>ub\u00f3stwa rzeczywistego,<\/b> co mi dopomog\u0142o, by nigdy o nic nie prosi\u0107: ani o stanowiska, ani o pieni\u0105dze, ani o wzgl\u0119dy \u2013 nigdy: ani dla siebie, ani dla mojej rodziny, czy przyjaci\u00f3\u0142&#8221;.<\/span><\/span><\/span><\/p>\n<p align=\"justify\"><span style=\"color: #000000;\"><span style=\"font-family: Book Antiqua, serif;\"><span style=\"font-size: large;\">\u015awi\u0119ty Jan Pawe\u0142 II og\u0142osi\u0142 go <b>B<\/b><b>\u0142ogos\u0142awionym <\/b><b>w dniu 3 wrze\u015bnia<\/b><b> 2000 roku,<\/b> razem z Papie\u017cem Piusem IX. W liturgii wspominany jest 11 pa\u017adziernika \u2013 w rocznic\u0119 dnia, w kt\u00f3rym nast\u0105pi\u0142o uroczyste otwarcie Soboru Watyka\u0144skiego II.<\/span><\/span><\/span><\/p>\n<p align=\"justify\"><span style=\"color: #000000;\"><span style=\"font-family: Book Antiqua, serif;\"><span style=\"font-size: large;\">Jan XXIII zosta\u0142 <b>kanonizowany przez <\/b><b>P<\/b><b>apie\u017ca Franciszka<\/b> \u2013 wraz z Janem Paw\u0142em II \u2013 na Placu \u015awi\u0119tego Piotra w Rzymie, <b>w niedziel\u0119 Mi\u0142osierdzia Bo\u017cego, 27 kwietnia 2014 r<\/b><b>oku.<\/b><\/span><\/span><\/span><\/p>\n<p align=\"justify\"><span style=\"color: #000000;\"><span style=\"font-family: Book Antiqua, serif;\"><span style=\"font-size: large;\">Zas\u0142uchani w Bo\u017ce s\u0142owo dzisiejszej liturgii, oraz wpatrzeni w \u015bwietlany przyk\u0142ad pi\u0119knej postawy Papie\u017ca Jana XXIII, zapytajmy samych siebie, <b>w kt\u00f3r\u0105 to stron\u0119, swoim \u017cyciem, dynamicznie zmierzamy?<\/b> I czy nie mamy pokusy zatrzyma\u0107 si\u0119 w drodze, uznaj\u0105c, \u017ce<b> to, co osi\u0105gn\u0119li\u015bmy, to ju\u017c wystarczy<\/b> i nie musimy stara\u0107 si\u0119 i zabiega\u0107 o nic wi\u0119cej? Czy sta\u0107 nas na to, by <b>na\u015bladowa\u0107 Papie\u017ca Jana XXIII<\/b> w jego bardzo dynamicznym, pracowitym, a do tego pe\u0142nym humoru i zwyk\u0142ej ludzkiej dobroci \u017cyciu?\u2026<\/span><\/span><\/span><\/p>\n","protected":false},"excerpt":{"rendered":"<p>Szcz\u0119\u015b\u0107 Bo\u017ce! Moi Drodzy, w dniu dzisiejszym imieniny prze\u017cywa Siostra Aldona Deczewska, Franciszkanka Misjonarka Maryi, kt\u00f3r\u0105 w swoim czasie mia\u0142em rado\u015b\u0107 pozna\u0107 w Lublinie i z kt\u00f3r\u0105 przez jaki\u015b czas spotyka\u0142em si\u0119, prowadz\u0105c wa\u017cne i g\u0142\u0119bokie rozmowy. A w domu Si\u00f3str, w Lublinie, uda\u0142o si\u0119 kiedy\u015b zorganizowa\u0107 kilkudniowe rekolekcje naszych m\u0142odzie\u017cowych Wsp\u00f3lnot. Tak\u017ce ostatnio odnowili\u015bmy [&hellip;]<\/p>\n","protected":false},"author":1,"featured_media":0,"comment_status":"open","ping_status":"open","sticky":false,"template":"","format":"standard","meta":{"jetpack_post_was_ever_published":false,"_jetpack_newsletter_access":"","_jetpack_dont_email_post_to_subs":false,"_jetpack_newsletter_tier_id":0,"_jetpack_memberships_contains_paywalled_content":false,"_jetpack_memberships_contains_paid_content":false,"footnotes":""},"categories":[1],"tags":[],"class_list":["post-15962","post","type-post","status-publish","format-standard","hentry","category-bez-kategorii"],"yoast_head":"<!-- This site is optimized with the Yoast SEO plugin v25.1 - https:\/\/yoast.com\/wordpress\/plugins\/seo\/ -->\n<title>Dynamika ducha - Gaudium Et Spes<\/title>\n<meta name=\"robots\" content=\"index, follow, max-snippet:-1, max-image-preview:large, max-video-preview:-1\" \/>\n<link rel=\"canonical\" href=\"https:\/\/gaudiumetspes-blog.pl\/index.php\/2019\/10\/11\/dynamika-ducha\/\" \/>\n<meta property=\"og:locale\" content=\"pl_PL\" \/>\n<meta property=\"og:type\" content=\"article\" \/>\n<meta property=\"og:title\" content=\"Dynamika ducha - Gaudium Et Spes\" \/>\n<meta property=\"og:description\" content=\"Szcz\u0119\u015b\u0107 Bo\u017ce! Moi Drodzy, w dniu dzisiejszym imieniny prze\u017cywa Siostra Aldona Deczewska, Franciszkanka Misjonarka Maryi, kt\u00f3r\u0105 w swoim czasie mia\u0142em rado\u015b\u0107 pozna\u0107 w Lublinie i z kt\u00f3r\u0105 przez jaki\u015b czas spotyka\u0142em si\u0119, prowadz\u0105c wa\u017cne i g\u0142\u0119bokie rozmowy. A w domu Si\u00f3str, w Lublinie, uda\u0142o si\u0119 kiedy\u015b zorganizowa\u0107 kilkudniowe rekolekcje naszych m\u0142odzie\u017cowych Wsp\u00f3lnot. Tak\u017ce ostatnio odnowili\u015bmy [&hellip;]\" \/>\n<meta property=\"og:url\" content=\"https:\/\/gaudiumetspes-blog.pl\/index.php\/2019\/10\/11\/dynamika-ducha\/\" \/>\n<meta property=\"og:site_name\" content=\"Gaudium Et Spes\" \/>\n<meta property=\"article:published_time\" content=\"2019-10-11T05:15:05+00:00\" \/>\n<meta name=\"author\" content=\"Ks. Jacek\" \/>\n<meta name=\"twitter:card\" content=\"summary_large_image\" \/>\n<meta name=\"twitter:label1\" content=\"Napisane przez\" \/>\n\t<meta name=\"twitter:data1\" content=\"Ks. Jacek\" \/>\n\t<meta name=\"twitter:label2\" content=\"Szacowany czas czytania\" \/>\n\t<meta name=\"twitter:data2\" content=\"15 minut\" \/>\n<script type=\"application\/ld+json\" class=\"yoast-schema-graph\">{\"@context\":\"https:\/\/schema.org\",\"@graph\":[{\"@type\":\"WebPage\",\"@id\":\"https:\/\/gaudiumetspes-blog.pl\/index.php\/2019\/10\/11\/dynamika-ducha\/\",\"url\":\"https:\/\/gaudiumetspes-blog.pl\/index.php\/2019\/10\/11\/dynamika-ducha\/\",\"name\":\"Dynamika ducha - Gaudium Et Spes\",\"isPartOf\":{\"@id\":\"https:\/\/gaudiumetspes-blog.pl\/#website\"},\"datePublished\":\"2019-10-11T05:15:05+00:00\",\"author\":{\"@id\":\"https:\/\/gaudiumetspes-blog.pl\/#\/schema\/person\/1661982992b752dea8dff0d4ed845a65\"},\"breadcrumb\":{\"@id\":\"https:\/\/gaudiumetspes-blog.pl\/index.php\/2019\/10\/11\/dynamika-ducha\/#breadcrumb\"},\"inLanguage\":\"pl-PL\",\"potentialAction\":[{\"@type\":\"ReadAction\",\"target\":[\"https:\/\/gaudiumetspes-blog.pl\/index.php\/2019\/10\/11\/dynamika-ducha\/\"]}]},{\"@type\":\"BreadcrumbList\",\"@id\":\"https:\/\/gaudiumetspes-blog.pl\/index.php\/2019\/10\/11\/dynamika-ducha\/#breadcrumb\",\"itemListElement\":[{\"@type\":\"ListItem\",\"position\":1,\"name\":\"Strona g\u0142\u00f3wna\",\"item\":\"https:\/\/gaudiumetspes-blog.pl\/\"},{\"@type\":\"ListItem\",\"position\":2,\"name\":\"Dynamika ducha\"}]},{\"@type\":\"WebSite\",\"@id\":\"https:\/\/gaudiumetspes-blog.pl\/#website\",\"url\":\"https:\/\/gaudiumetspes-blog.pl\/\",\"name\":\"Gaudium Et Spes\",\"description\":\"Blog Ks. Jacka Ja\u015bkowskiego\",\"potentialAction\":[{\"@type\":\"SearchAction\",\"target\":{\"@type\":\"EntryPoint\",\"urlTemplate\":\"https:\/\/gaudiumetspes-blog.pl\/?s={search_term_string}\"},\"query-input\":{\"@type\":\"PropertyValueSpecification\",\"valueRequired\":true,\"valueName\":\"search_term_string\"}}],\"inLanguage\":\"pl-PL\"},{\"@type\":\"Person\",\"@id\":\"https:\/\/gaudiumetspes-blog.pl\/#\/schema\/person\/1661982992b752dea8dff0d4ed845a65\",\"name\":\"Ks. Jacek\",\"image\":{\"@type\":\"ImageObject\",\"inLanguage\":\"pl-PL\",\"@id\":\"https:\/\/gaudiumetspes-blog.pl\/#\/schema\/person\/image\/\",\"url\":\"https:\/\/gaudiumetspes-blog.pl\/wp-content\/uploads\/2019\/07\/avatar-JJ-150x150.jpg\",\"contentUrl\":\"https:\/\/gaudiumetspes-blog.pl\/wp-content\/uploads\/2019\/07\/avatar-JJ-150x150.jpg\",\"caption\":\"Ks. Jacek\"},\"description\":\"Witam serdecznie! K\u0142ania si\u0119 Ks. Jacek Ja\u015bkowski. Nie jestem ani kim\u015b wa\u017cnym, ani kim\u015b znanym. Jestem ksi\u0119dzem, kt\u00f3ry po prostu chce rozmawia\u0107. Codzienna kap\u0142a\u0144ska pos\u0142uga pokazuje mi, \u017ce temat\u00f3w do rozm\u00f3w z ksi\u0119dzem jest coraz wi\u0119cej i dzisiaj \u017caden ksi\u0105dz nie mo\u017ce od nich ucieka\u0107, ale - wprost przeciwnie - podejmowa\u0107 nowe wyzwania. To przekonanie sk\u0142oni\u0142o mnie do pr\u00f3by otwarcia tego\u017c bloga, chocia\u017c okazji do rozm\u00f3w na co dzie\u0144 - w konfesjonale i poza nim - na szcz\u0119\u015bcie nie brakuje. My\u015bl\u0119 jednak, \u017ce ten blog b\u0119dzie jeszcze jednym sposobem i przestrzeni\u0105 nawi\u0105zania kontaktu z lud\u017ami dobrej woli, otwartymi na dialog.\",\"url\":\"https:\/\/gaudiumetspes-blog.pl\/index.php\/author\/ks-jacek\/\"}]}<\/script>\n<!-- \/ Yoast SEO plugin. -->","yoast_head_json":{"title":"Dynamika ducha - Gaudium Et Spes","robots":{"index":"index","follow":"follow","max-snippet":"max-snippet:-1","max-image-preview":"max-image-preview:large","max-video-preview":"max-video-preview:-1"},"canonical":"https:\/\/gaudiumetspes-blog.pl\/index.php\/2019\/10\/11\/dynamika-ducha\/","og_locale":"pl_PL","og_type":"article","og_title":"Dynamika ducha - Gaudium Et Spes","og_description":"Szcz\u0119\u015b\u0107 Bo\u017ce! Moi Drodzy, w dniu dzisiejszym imieniny prze\u017cywa Siostra Aldona Deczewska, Franciszkanka Misjonarka Maryi, kt\u00f3r\u0105 w swoim czasie mia\u0142em rado\u015b\u0107 pozna\u0107 w Lublinie i z kt\u00f3r\u0105 przez jaki\u015b czas spotyka\u0142em si\u0119, prowadz\u0105c wa\u017cne i g\u0142\u0119bokie rozmowy. A w domu Si\u00f3str, w Lublinie, uda\u0142o si\u0119 kiedy\u015b zorganizowa\u0107 kilkudniowe rekolekcje naszych m\u0142odzie\u017cowych Wsp\u00f3lnot. Tak\u017ce ostatnio odnowili\u015bmy [&hellip;]","og_url":"https:\/\/gaudiumetspes-blog.pl\/index.php\/2019\/10\/11\/dynamika-ducha\/","og_site_name":"Gaudium Et Spes","article_published_time":"2019-10-11T05:15:05+00:00","author":"Ks. Jacek","twitter_card":"summary_large_image","twitter_misc":{"Napisane przez":"Ks. Jacek","Szacowany czas czytania":"15 minut"},"schema":{"@context":"https:\/\/schema.org","@graph":[{"@type":"WebPage","@id":"https:\/\/gaudiumetspes-blog.pl\/index.php\/2019\/10\/11\/dynamika-ducha\/","url":"https:\/\/gaudiumetspes-blog.pl\/index.php\/2019\/10\/11\/dynamika-ducha\/","name":"Dynamika ducha - Gaudium Et Spes","isPartOf":{"@id":"https:\/\/gaudiumetspes-blog.pl\/#website"},"datePublished":"2019-10-11T05:15:05+00:00","author":{"@id":"https:\/\/gaudiumetspes-blog.pl\/#\/schema\/person\/1661982992b752dea8dff0d4ed845a65"},"breadcrumb":{"@id":"https:\/\/gaudiumetspes-blog.pl\/index.php\/2019\/10\/11\/dynamika-ducha\/#breadcrumb"},"inLanguage":"pl-PL","potentialAction":[{"@type":"ReadAction","target":["https:\/\/gaudiumetspes-blog.pl\/index.php\/2019\/10\/11\/dynamika-ducha\/"]}]},{"@type":"BreadcrumbList","@id":"https:\/\/gaudiumetspes-blog.pl\/index.php\/2019\/10\/11\/dynamika-ducha\/#breadcrumb","itemListElement":[{"@type":"ListItem","position":1,"name":"Strona g\u0142\u00f3wna","item":"https:\/\/gaudiumetspes-blog.pl\/"},{"@type":"ListItem","position":2,"name":"Dynamika ducha"}]},{"@type":"WebSite","@id":"https:\/\/gaudiumetspes-blog.pl\/#website","url":"https:\/\/gaudiumetspes-blog.pl\/","name":"Gaudium Et Spes","description":"Blog Ks. Jacka Ja\u015bkowskiego","potentialAction":[{"@type":"SearchAction","target":{"@type":"EntryPoint","urlTemplate":"https:\/\/gaudiumetspes-blog.pl\/?s={search_term_string}"},"query-input":{"@type":"PropertyValueSpecification","valueRequired":true,"valueName":"search_term_string"}}],"inLanguage":"pl-PL"},{"@type":"Person","@id":"https:\/\/gaudiumetspes-blog.pl\/#\/schema\/person\/1661982992b752dea8dff0d4ed845a65","name":"Ks. Jacek","image":{"@type":"ImageObject","inLanguage":"pl-PL","@id":"https:\/\/gaudiumetspes-blog.pl\/#\/schema\/person\/image\/","url":"https:\/\/gaudiumetspes-blog.pl\/wp-content\/uploads\/2019\/07\/avatar-JJ-150x150.jpg","contentUrl":"https:\/\/gaudiumetspes-blog.pl\/wp-content\/uploads\/2019\/07\/avatar-JJ-150x150.jpg","caption":"Ks. Jacek"},"description":"Witam serdecznie! K\u0142ania si\u0119 Ks. Jacek Ja\u015bkowski. Nie jestem ani kim\u015b wa\u017cnym, ani kim\u015b znanym. Jestem ksi\u0119dzem, kt\u00f3ry po prostu chce rozmawia\u0107. Codzienna kap\u0142a\u0144ska pos\u0142uga pokazuje mi, \u017ce temat\u00f3w do rozm\u00f3w z ksi\u0119dzem jest coraz wi\u0119cej i dzisiaj \u017caden ksi\u0105dz nie mo\u017ce od nich ucieka\u0107, ale - wprost przeciwnie - podejmowa\u0107 nowe wyzwania. To przekonanie sk\u0142oni\u0142o mnie do pr\u00f3by otwarcia tego\u017c bloga, chocia\u017c okazji do rozm\u00f3w na co dzie\u0144 - w konfesjonale i poza nim - na szcz\u0119\u015bcie nie brakuje. My\u015bl\u0119 jednak, \u017ce ten blog b\u0119dzie jeszcze jednym sposobem i przestrzeni\u0105 nawi\u0105zania kontaktu z lud\u017ami dobrej woli, otwartymi na dialog.","url":"https:\/\/gaudiumetspes-blog.pl\/index.php\/author\/ks-jacek\/"}]}},"jetpack_featured_media_url":"","jetpack_sharing_enabled":true,"_links":{"self":[{"href":"https:\/\/gaudiumetspes-blog.pl\/index.php\/wp-json\/wp\/v2\/posts\/15962","targetHints":{"allow":["GET"]}}],"collection":[{"href":"https:\/\/gaudiumetspes-blog.pl\/index.php\/wp-json\/wp\/v2\/posts"}],"about":[{"href":"https:\/\/gaudiumetspes-blog.pl\/index.php\/wp-json\/wp\/v2\/types\/post"}],"author":[{"embeddable":true,"href":"https:\/\/gaudiumetspes-blog.pl\/index.php\/wp-json\/wp\/v2\/users\/1"}],"replies":[{"embeddable":true,"href":"https:\/\/gaudiumetspes-blog.pl\/index.php\/wp-json\/wp\/v2\/comments?post=15962"}],"version-history":[{"count":1,"href":"https:\/\/gaudiumetspes-blog.pl\/index.php\/wp-json\/wp\/v2\/posts\/15962\/revisions"}],"predecessor-version":[{"id":15963,"href":"https:\/\/gaudiumetspes-blog.pl\/index.php\/wp-json\/wp\/v2\/posts\/15962\/revisions\/15963"}],"wp:attachment":[{"href":"https:\/\/gaudiumetspes-blog.pl\/index.php\/wp-json\/wp\/v2\/media?parent=15962"}],"wp:term":[{"taxonomy":"category","embeddable":true,"href":"https:\/\/gaudiumetspes-blog.pl\/index.php\/wp-json\/wp\/v2\/categories?post=15962"},{"taxonomy":"post_tag","embeddable":true,"href":"https:\/\/gaudiumetspes-blog.pl\/index.php\/wp-json\/wp\/v2\/tags?post=15962"}],"curies":[{"name":"wp","href":"https:\/\/api.w.org\/{rel}","templated":true}]}}