{"id":15964,"date":"2019-10-12T06:57:48","date_gmt":"2019-10-12T04:57:48","guid":{"rendered":"https:\/\/gaudiumetspes-blog.pl\/?p=15964"},"modified":"2019-10-12T06:57:48","modified_gmt":"2019-10-12T04:57:48","slug":"i-stanie-sie-owego-dnia","status":"publish","type":"post","link":"https:\/\/gaudiumetspes-blog.pl\/index.php\/2019\/10\/12\/i-stanie-sie-owego-dnia\/","title":{"rendered":"I stanie si\u0119 owego dnia&#8230;"},"content":{"rendered":"<p align=\"justify\"><span style=\"color: #000000;\"><span style=\"font-family: Book Antiqua, serif;\"><span style=\"font-size: large;\">Szcz\u0119\u015b\u0107 Bo\u017ce! Moi Drodzy, zako\u0144czy\u0142y si\u0119 wczoraj Rekolekcje, prowadzone przez Ksi\u0119dza Marka. Teraz Rekolekcjonista odpoczywa\u2026 Ale ju\u017c w poniedzia\u0142ek\u2026 Ale o tym \u2013 w poniedzia\u0142ek.<\/span><\/span><\/span><\/p>\n<p align=\"justify\"><span style=\"color: #000000;\"><span style=\"font-family: Book Antiqua, serif;\"><span style=\"font-size: large;\">Tymczasem \u017cycz\u0119 Wszystkim b\u0142ogos\u0142awionego dnia!<\/span><\/span><\/span><\/p>\n<p align=\"center\"><span style=\"color: #000000;\"><span style=\"font-family: Book Antiqua, serif;\"><span style=\"font-size: large;\">Gaudium et spes! Ks. Jacek<\/span><\/span><\/span><\/p>\n<p align=\"center\">\n<p align=\"center\">\n<p align=\"center\">\n<p align=\"center\">\n<p align=\"center\">\n<p align=\"justify\"><span style=\"color: #000000;\"><span style=\"font-family: Book Antiqua, serif;\"><span style=\"font-size: large;\"><b>Sobota 27 Tygodnia zwyk\u0142ego, rok I,<\/b><\/span><\/span><\/span><\/p>\n<p align=\"justify\"><span style=\"color: #000000;\"><span style=\"font-family: Book Antiqua, serif;\"><span style=\"font-size: large;\"><b>do czyta\u0144: Jl 4,12\u201321; \u0141k 11,27\u201328<\/b><\/span><\/span><\/span><\/p>\n<p align=\"justify\">\n<p align=\"justify\">\n<p align=\"justify\">\n<p align=\"justify\">\n<p align=\"justify\">\n<p align=\"justify\"><span style=\"color: #000000;\"><span style=\"font-family: Book Antiqua, serif;\"><span style=\"font-size: large;\"><b>CZYTANIE Z KSI\u0118GI PROROKA JOELA: <\/b><\/span><\/span><\/span><\/p>\n<p align=\"justify\"><span style=\"color: #000000;\"><span style=\"font-family: Book Antiqua, serif;\"><span style=\"font-size: large;\"><b>To m\u00f3wi Pan: \u201eNiech si\u0119 ockn\u0105 i przyb\u0119d\u0105 te narody na Dolin\u0119 Joszafat, bo tam zasi\u0105d\u0119 i b\u0119d\u0119 s\u0105dzi\u0142 narody okoliczne. Zapu\u015b\u0107cie sierp, bo dojrza\u0142o \u017cniwo; p\u00f3jd\u017acie i zst\u0105pcie, bo pe\u0142na jest t\u0142ocznia, przelewaj\u0105 si\u0119 kadzie, bo z\u0142o\u015b\u0107 ich jest wielka. <\/b><\/span><\/span><\/span><\/p>\n<p align=\"justify\"><span style=\"color: #000000;\"><span style=\"font-family: Book Antiqua, serif;\"><span style=\"font-size: large;\"><b>T\u0142umy i t\u0142umy w Dolinie Wyroku znajdowa\u0107 si\u0119 b\u0119d\u0105, bo bliski jest dzie\u0144 Pana w Dolinie Wyroku. S\u0142o\u0144ce i ksi\u0119\u017cyc si\u0119 za\u0107mi\u0105, a gwiazdy \u015bwiat\u0142o\u015b\u0107 sw\u0105 utrac\u0105. A Pan zagrzmi z Syjonu i z Jeruzalem g\u0142os sw\u00f3j tak podniesie, \u017ce niebiosa i ziemia zadr\u017c\u0105. Ale Pan jest ucieczk\u0105 swego ludu i moc\u0105 syn\u00f3w Izraela. I poznacie, \u017ce Ja jestem Pan, B\u00f3g wasz, co mieszkam na Syjonie, g\u00f3rze mojej \u015bwi\u0119tej; a tak Jeruzalem b\u0119dzie \u015bwi\u0119te i przez nie ju\u017c obcy nie b\u0119d\u0105 przechodzi\u0107. <\/b><\/span><\/span><\/span><\/p>\n<p align=\"justify\"><span style=\"color: #000000;\"><span style=\"font-family: Book Antiqua, serif;\"><span style=\"font-size: large;\"><b>I stanie si\u0119 owego dnia, \u017ce g\u00f3ry moszczem ocieka\u0107 b\u0119d\u0105, a pag\u00f3rki mlekiem op\u0142ywa\u0107 i wszystkie strumienie judzkie nape\u0142ni\u0105 si\u0119 wod\u0105, a z domu Pana wyp\u0142ynie \u017ar\u00f3d\u0142o, kt\u00f3re nawodni strumie\u0144 Szittim. Egipt b\u0119dzie wydany na spustoszenie, a Edom zamieni si\u0119 w straszn\u0105 pustyni\u0119 z powodu nieprawo\u015bci uczynionych synom judzkim, gdy\u017c krew niewinn\u0105 przelewali w ich ziemi. Lecz ziemia Judy na wieki b\u0119dzie zamieszkana, a Jeruzalem z pokolenia w pokolenie. Pomszcz\u0119 ich krew, nie pozostawi\u0119 bez kary; a Pan zamieszka na Syjonie\u201d.<\/b><\/span><\/span><\/span><\/p>\n<p align=\"justify\">\n<p align=\"justify\">\n<p align=\"justify\">\n<p align=\"justify\">\n<p align=\"justify\">\n<p align=\"justify\"><span style=\"color: #000000;\"><span style=\"font-family: Book Antiqua, serif;\"><span style=\"font-size: large;\"><b>S\u0141OWA EWANGELII WED\u0141UG \u015aWI\u0118TEGO \u0141UKASZA: <\/b><\/span><\/span><\/span><\/p>\n<p align=\"justify\"><span style=\"color: #000000;\"><span style=\"font-family: Book Antiqua, serif;\"><span style=\"font-size: large;\"><b>Gdy Jezus m\u00f3wi\u0142 do t\u0142um\u00f3w, jaka\u015b kobieta z t\u0142umu g\u0142o\u015bno zawo\u0142a\u0142a do Niego: \u201eB\u0142ogos\u0142awione \u0142ono, kt\u00f3re Ci\u0119 nosi\u0142o, i piersi, kt\u00f3re ssa\u0142e\u015b\u201d. <\/b><\/span><\/span><\/span><\/p>\n<p align=\"justify\"><span style=\"color: #000000;\"><span style=\"font-family: Book Antiqua, serif;\"><span style=\"font-size: large;\"><b>Lecz On rzek\u0142: \u201eOwszem, ale r\u00f3wnie\u017c b\u0142ogos\u0142awieni ci, kt\u00f3rzy s\u0142uchaj\u0105 s\u0142owa Bo\u017cego i zachowuj\u0105 je\u201d.<\/b><\/span><\/span><\/span><\/p>\n<p align=\"justify\">\n<p align=\"justify\">\n<p align=\"justify\">\n<p align=\"justify\">\n<p align=\"justify\">\n<p align=\"justify\"><span style=\"color: #000000;\"><span style=\"font-family: Book Antiqua, serif;\"><span style=\"font-size: large;\">Czytanie z Ksi\u0119gi Joela zawiera dzi\u015b <b>zapowied\u017a S\u0105du Ostatecznego.<\/b> Dolina Joszafat, o kt\u00f3rej Prorok pisze, to przestrze\u0144 symboliczna, chocia\u017c tradycja przypisa\u0142a mu tak\u017ce pewne <b>okre\u015blone<\/b> <b>miejsce na mapie.<\/b> Bardziej jednak m\u00f3wimy o rzeczywisto\u015bci symbolizuj\u0105cej w\u0142a\u015bnie Bo\u017cy S\u0105d. <\/span><\/span><\/span><\/p>\n<p align=\"justify\"><span style=\"color: #000000;\"><span style=\"font-family: Book Antiqua, serif;\"><span style=\"font-size: large;\">To na Dolin\u0119 Joszafat przyb\u0119dzie B\u00f3g i przyb\u0119d\u0105 wszystkie narody, w tym tak\u017ce narody wrogie ludowi wybranemu. I tam nast\u0105pi<b> ostateczne rozstrzygni\u0119cie. <\/b>A kiedy ono nast\u0105pi, w\u00f3wczas Pan oka\u017ce swoj\u0105 pot\u0119g\u0119 i dokona si\u0119 wielka przemiana \u015bwiata. Jak bowiem s\u0142yszymy,<i><b> stanie si\u0119 owego dnia, \u017ce g\u00f3ry moszczem ocieka\u0107 b\u0119d\u0105, a pag\u00f3rki mlekiem op\u0142ywa\u0107 i wszystkie strumienie judzkie nape\u0142ni\u0105 si\u0119 wod\u0105, a z domu Pana wyp\u0142ynie \u017ar\u00f3d\u0142o, kt\u00f3re nawodni strumie\u0144 Szittim. Egipt b\u0119dzie wydany na spustoszenie, a Edom zamieni si\u0119 w straszn\u0105 pustyni\u0119 z powodu nieprawo\u015bci uczynionych synom judzkim, gdy\u017c krew niewinn\u0105 przelewali w ich ziemi. Lecz ziemia Judy na wieki b\u0119dzie zamieszkana, a Jeruzalem z pokolenia w pokolenie. Pomszcz\u0119 ich krew, nie pozostawi\u0119 bez kary; a Pan zamieszka na Syjonie.<\/b><\/i><b> <\/b>Tak w\u0142a\u015bnie b\u0119dzie owego dnia. <\/span><\/span><\/span><\/p>\n<p align=\"justify\"><span style=\"color: #000000;\"><span style=\"font-family: Book Antiqua, serif;\"><span style=\"font-size: large;\">Nie wiemy, kiedy \u00ab\u00f3w dzie\u0144\u00bb nast\u0105pi i jakie b\u0119d\u0105 jego zapowiedzi, jego znaki. W wielu miejscach Pisma \u015awi\u0119tego jest on zapowiadany, ale nigdzie <b>nie znajdziemy precyzyjnie wskazanego dnia ani godziny. <\/b>A wr\u0119cz us\u0142yszymy s\u0142owa Jezusa, stwierdzaj\u0105cego stanowczo, i\u017c w\u0142a\u015bnie <b>nie znamy dnia ani godziny.<\/b> I nie poznamy \u2013 a\u017c si\u0119 dokona. <\/span><\/span><\/span><\/p>\n<p align=\"justify\"><span style=\"color: #000000;\"><span style=\"font-family: Book Antiqua, serif;\"><span style=\"font-size: large;\">Dlatego zamiast si\u0119 nad tym zastanawia\u0107 i roztrz\u0105sa\u0107, kiedy to si\u0119 mo\u017ce sta\u0107, albo te\u017c przyk\u0142ada\u0107 ucha do r\u00f3\u017cnych <b>ba\u0142amutnych teorii wsp\u00f3\u0142czesnych \u201eprorok\u00f3w\u201d,<\/b> co i raz informuj\u0105cych \u015bwiat o swoich zaskakuj\u0105cych i \u201eabsolutnie pewnych\u201d odkryciach i przemy\u015bleniach, lepiej naprawd\u0119 pos\u0142ucha\u0107 Jezusa, kt\u00f3ry dzisiaj w Ewangelii m\u00f3wi: <i><b>B<\/b><\/i><i><b>\u0142ogos\u0142awieni ci, kt\u00f3rzy s\u0142uchaj\u0105 <\/b><\/i><i><b>s<\/b><\/i><i><b>\u0142owa Bo\u017cego i zachowuj\u0105 je.<\/b><\/i><b> <\/b>Jak zauwa\u017camy, jest to druga cz\u0119\u015b\u0107 zdania, b\u0119d\u0105cego odpowiedzi\u0105 na pe\u0142ne entuzjazmu s\u0142owa jakiej\u015b kobiety z t\u0142umu: <i><b>B\u0142ogos\u0142awione \u0142ono, kt\u00f3re Ci\u0119 nosi\u0142o, i piersi, kt\u00f3re ssa\u0142e\u015b.<\/b><\/i><b> <\/b><\/span><\/span><\/span><\/p>\n<p align=\"justify\"><span style=\"color: #000000;\"><span style=\"font-family: Book Antiqua, serif;\"><span style=\"font-size: large;\">Jezus temu nie zaprzeczy\u0142, ale doda\u0142 w\u0142a\u015bnie to bardzo istotne stwierdzenie, u\u015bwiadamiaj\u0105c nam w ten spos\u00f3b, \u017ce tak naprawd\u0119 nic nie jest wa\u017cniejsze w naszym \u017cyciu <b>od najg\u0142\u0119bszej wi\u0119zi duchowej z Nim.<\/b> Nawet wi\u0119zy krwi, nawet fakt bycia Jego Matk\u0105. <\/span><\/span><\/span><\/p>\n<p align=\"justify\"><span style=\"color: #000000;\"><span style=\"font-family: Book Antiqua, serif;\"><span style=\"font-size: large;\">Akurat tak si\u0119 szcz\u0119\u015bliwie sk\u0142ada, \u017ce Ta, kt\u00f3ra jest Jego Matk\u0105, jednocze\u015bnie tak\u017ce <b>najwspanialej s\u0142ucha\u0142a s\u0142owa Bo\u017cego i wype\u0142nia\u0142a je,<\/b> ale gdyby tak si\u0119 mia\u0142o zdarzy\u0107, \u017ce \u2013 powiedzmy \u2013 kt\u00f3ry\u015b z bliskich krewnych Jezusa nie s\u0142ucha\u0142by Bo\u017cego s\u0142owa (nie wiemy, czy tak si\u0119 faktycznie nie zdarzy\u0142o), to sam fakt pokrewie\u0144stwa <b>tak\u017ce straci\u0142by jakie\u015b wielkie znaczenie,<\/b> znalaz\u0142by si\u0119 niejako na drugim planie. Gdy\u017c to w\u0142a\u015bnie s\u0142uchanie Bo\u017cego s\u0142owa i wype\u0142nianie go, oraz budowanie najg\u0142\u0119bszej wi\u0119zi duchowej z Jezusem \u2013 <b>stanowi o blisko\u015bci z Nim.<\/b> Nie pokrewie\u0144stwo fizyczne, nie pochodzenie z tego, lub innego narodu. <\/span><\/span><\/span><\/p>\n<p align=\"justify\"><span style=\"color: #000000;\"><span style=\"font-family: Book Antiqua, serif;\"><span style=\"font-size: large;\">Dlatego tak\u017ce dzisiejsze pierwsze czytanie odbieramy w kategoriach duchowych i s\u0142ysz\u0105c, jaki to los spotka Egipt i Edom, zadeklarowanych wrog\u00f3w narodu wybranego, my bardziej my\u015blimy o tych, kt\u00f3rzy <b>sami, swoj\u0105 postaw\u0105, wy\u0142\u0105czaj\u0105 si\u0119 <\/b>z tego \u00abNarodu wybranego\u00bb, kt\u00f3rym <b>dzisiaj jest Ko\u015bci\u00f3\u0142,<\/b> a wi\u0119c wsp\u00f3lnota ludzi wierz\u0105cych w Boga, s\u0142uchaj\u0105cych Jego s\u0142owa, korzystaj\u0105ca z Sakrament\u00f3w \u015awi\u0119tych. <\/span><\/span><\/span><\/p>\n<p align=\"justify\"><span style=\"color: #000000;\"><span style=\"font-family: Book Antiqua, serif;\"><span style=\"font-size: large;\">To nie pochodzenie, nie pokrewie\u0144stwo fizyczne, nie znajomo\u015bci i uk\u0142ady, nie tytu\u0142y przed nazwiskiem czy zajmowane stanowiska, b\u0119d\u0105 naszym atutem przed Bogiem, kiedy nastanie \u00ab\u00f3w dzie\u0144\u00bb. Tylko <b>s\u0142uchanie s\u0142owa Bo\u017cego i wype\u0142nianie go, <\/b>a z tym wi\u0105\u017ce si\u0119 tak\u017ce szczera i serdeczna modlitwa oraz przyst\u0119powanie do Sakrament\u00f3w \u015awi\u0119tych, bo przecie\u017c do tego tak\u017ce zach\u0119ca nas Bo\u017ce s\u0142owo. <\/span><\/span><\/span><\/p>\n<p align=\"justify\"><span style=\"color: #000000;\"><span style=\"font-family: Book Antiqua, serif;\"><span style=\"font-size: large;\">Czy zatem mog\u0119 dzisiaj z ca\u0142\u0105 odpowiedzialno\u015bci\u0105 powiedzie\u0107, \u017ce <b>zaliczam si\u0119 do Bo\u017cego ludu wybranego<\/b> \u2013 nie tylko przez fakt ochrzczenia i odpowiednich za\u015bwiadcze\u0144 z kancelarii parafialnej \u2013 czy te\u017c jestem tak naprawd\u0119 <b>gdzie\u015b poza nim?\u2026<\/b> Co robi\u0119, aby w moim sercu coraz bardziej panowa\u0142a taka harmonia, jak ta, kt\u00f3r\u0105 zapowiada dzisiejsze pierwsze czytanie? Co robi\u0119, aby ci\u0105gle porz\u0105dkowa\u0107 swoje serce i <b>coraz bardziej zbli\u017ca\u0107 je do serca Jezusa?\u2026<\/b>Czy naprawd\u0119 \u2013 ale tak naprawd\u0119 \u2013 s\u0142ucham s\u0142owa Bo\u017cego (albo czytam) <b>i wype\u0142niam je?\u2026<\/b><\/span><\/span><\/span><\/p>\n","protected":false},"excerpt":{"rendered":"<p>Szcz\u0119\u015b\u0107 Bo\u017ce! Moi Drodzy, zako\u0144czy\u0142y si\u0119 wczoraj Rekolekcje, prowadzone przez Ksi\u0119dza Marka. Teraz Rekolekcjonista odpoczywa\u2026 Ale ju\u017c w poniedzia\u0142ek\u2026 Ale o tym \u2013 w poniedzia\u0142ek. Tymczasem \u017cycz\u0119 Wszystkim b\u0142ogos\u0142awionego dnia! Gaudium et spes! Ks. Jacek Sobota 27 Tygodnia zwyk\u0142ego, rok I, do czyta\u0144: Jl 4,12\u201321; \u0141k 11,27\u201328 CZYTANIE Z KSI\u0118GI PROROKA JOELA: To m\u00f3wi Pan: [&hellip;]<\/p>\n","protected":false},"author":1,"featured_media":0,"comment_status":"open","ping_status":"open","sticky":false,"template":"","format":"standard","meta":{"jetpack_post_was_ever_published":false,"_jetpack_newsletter_access":"","_jetpack_dont_email_post_to_subs":false,"_jetpack_newsletter_tier_id":0,"_jetpack_memberships_contains_paywalled_content":false,"_jetpack_memberships_contains_paid_content":false,"footnotes":""},"categories":[1],"tags":[],"class_list":["post-15964","post","type-post","status-publish","format-standard","hentry","category-bez-kategorii"],"yoast_head":"<!-- This site is optimized with the Yoast SEO plugin v25.1 - https:\/\/yoast.com\/wordpress\/plugins\/seo\/ -->\n<title>I stanie si\u0119 owego dnia... - Gaudium Et Spes<\/title>\n<meta name=\"robots\" content=\"index, follow, max-snippet:-1, max-image-preview:large, max-video-preview:-1\" \/>\n<link rel=\"canonical\" href=\"https:\/\/gaudiumetspes-blog.pl\/index.php\/2019\/10\/12\/i-stanie-sie-owego-dnia\/\" \/>\n<meta property=\"og:locale\" content=\"pl_PL\" \/>\n<meta property=\"og:type\" content=\"article\" \/>\n<meta property=\"og:title\" content=\"I stanie si\u0119 owego dnia... - Gaudium Et Spes\" \/>\n<meta property=\"og:description\" content=\"Szcz\u0119\u015b\u0107 Bo\u017ce! Moi Drodzy, zako\u0144czy\u0142y si\u0119 wczoraj Rekolekcje, prowadzone przez Ksi\u0119dza Marka. Teraz Rekolekcjonista odpoczywa\u2026 Ale ju\u017c w poniedzia\u0142ek\u2026 Ale o tym \u2013 w poniedzia\u0142ek. Tymczasem \u017cycz\u0119 Wszystkim b\u0142ogos\u0142awionego dnia! Gaudium et spes! Ks. Jacek Sobota 27 Tygodnia zwyk\u0142ego, rok I, do czyta\u0144: Jl 4,12\u201321; \u0141k 11,27\u201328 CZYTANIE Z KSI\u0118GI PROROKA JOELA: To m\u00f3wi Pan: [&hellip;]\" \/>\n<meta property=\"og:url\" content=\"https:\/\/gaudiumetspes-blog.pl\/index.php\/2019\/10\/12\/i-stanie-sie-owego-dnia\/\" \/>\n<meta property=\"og:site_name\" content=\"Gaudium Et Spes\" \/>\n<meta property=\"article:published_time\" content=\"2019-10-12T04:57:48+00:00\" \/>\n<meta name=\"author\" content=\"Ks. Jacek\" \/>\n<meta name=\"twitter:card\" content=\"summary_large_image\" \/>\n<meta name=\"twitter:label1\" content=\"Napisane przez\" \/>\n\t<meta name=\"twitter:data1\" content=\"Ks. Jacek\" \/>\n\t<meta name=\"twitter:label2\" content=\"Szacowany czas czytania\" \/>\n\t<meta name=\"twitter:data2\" content=\"6 minut\" \/>\n<script type=\"application\/ld+json\" class=\"yoast-schema-graph\">{\"@context\":\"https:\/\/schema.org\",\"@graph\":[{\"@type\":\"WebPage\",\"@id\":\"https:\/\/gaudiumetspes-blog.pl\/index.php\/2019\/10\/12\/i-stanie-sie-owego-dnia\/\",\"url\":\"https:\/\/gaudiumetspes-blog.pl\/index.php\/2019\/10\/12\/i-stanie-sie-owego-dnia\/\",\"name\":\"I stanie si\u0119 owego dnia... - Gaudium Et Spes\",\"isPartOf\":{\"@id\":\"https:\/\/gaudiumetspes-blog.pl\/#website\"},\"datePublished\":\"2019-10-12T04:57:48+00:00\",\"author\":{\"@id\":\"https:\/\/gaudiumetspes-blog.pl\/#\/schema\/person\/1661982992b752dea8dff0d4ed845a65\"},\"breadcrumb\":{\"@id\":\"https:\/\/gaudiumetspes-blog.pl\/index.php\/2019\/10\/12\/i-stanie-sie-owego-dnia\/#breadcrumb\"},\"inLanguage\":\"pl-PL\",\"potentialAction\":[{\"@type\":\"ReadAction\",\"target\":[\"https:\/\/gaudiumetspes-blog.pl\/index.php\/2019\/10\/12\/i-stanie-sie-owego-dnia\/\"]}]},{\"@type\":\"BreadcrumbList\",\"@id\":\"https:\/\/gaudiumetspes-blog.pl\/index.php\/2019\/10\/12\/i-stanie-sie-owego-dnia\/#breadcrumb\",\"itemListElement\":[{\"@type\":\"ListItem\",\"position\":1,\"name\":\"Strona g\u0142\u00f3wna\",\"item\":\"https:\/\/gaudiumetspes-blog.pl\/\"},{\"@type\":\"ListItem\",\"position\":2,\"name\":\"I&nbsp;stanie si\u0119 owego dnia&#8230;\"}]},{\"@type\":\"WebSite\",\"@id\":\"https:\/\/gaudiumetspes-blog.pl\/#website\",\"url\":\"https:\/\/gaudiumetspes-blog.pl\/\",\"name\":\"Gaudium Et Spes\",\"description\":\"Blog Ks. Jacka Ja\u015bkowskiego\",\"potentialAction\":[{\"@type\":\"SearchAction\",\"target\":{\"@type\":\"EntryPoint\",\"urlTemplate\":\"https:\/\/gaudiumetspes-blog.pl\/?s={search_term_string}\"},\"query-input\":{\"@type\":\"PropertyValueSpecification\",\"valueRequired\":true,\"valueName\":\"search_term_string\"}}],\"inLanguage\":\"pl-PL\"},{\"@type\":\"Person\",\"@id\":\"https:\/\/gaudiumetspes-blog.pl\/#\/schema\/person\/1661982992b752dea8dff0d4ed845a65\",\"name\":\"Ks. Jacek\",\"image\":{\"@type\":\"ImageObject\",\"inLanguage\":\"pl-PL\",\"@id\":\"https:\/\/gaudiumetspes-blog.pl\/#\/schema\/person\/image\/\",\"url\":\"https:\/\/gaudiumetspes-blog.pl\/wp-content\/uploads\/2019\/07\/avatar-JJ-150x150.jpg\",\"contentUrl\":\"https:\/\/gaudiumetspes-blog.pl\/wp-content\/uploads\/2019\/07\/avatar-JJ-150x150.jpg\",\"caption\":\"Ks. Jacek\"},\"description\":\"Witam serdecznie! K\u0142ania si\u0119 Ks. Jacek Ja\u015bkowski. Nie jestem ani kim\u015b wa\u017cnym, ani kim\u015b znanym. Jestem ksi\u0119dzem, kt\u00f3ry po prostu chce rozmawia\u0107. Codzienna kap\u0142a\u0144ska pos\u0142uga pokazuje mi, \u017ce temat\u00f3w do rozm\u00f3w z ksi\u0119dzem jest coraz wi\u0119cej i dzisiaj \u017caden ksi\u0105dz nie mo\u017ce od nich ucieka\u0107, ale - wprost przeciwnie - podejmowa\u0107 nowe wyzwania. To przekonanie sk\u0142oni\u0142o mnie do pr\u00f3by otwarcia tego\u017c bloga, chocia\u017c okazji do rozm\u00f3w na co dzie\u0144 - w konfesjonale i poza nim - na szcz\u0119\u015bcie nie brakuje. My\u015bl\u0119 jednak, \u017ce ten blog b\u0119dzie jeszcze jednym sposobem i przestrzeni\u0105 nawi\u0105zania kontaktu z lud\u017ami dobrej woli, otwartymi na dialog.\",\"url\":\"https:\/\/gaudiumetspes-blog.pl\/index.php\/author\/ks-jacek\/\"}]}<\/script>\n<!-- \/ Yoast SEO plugin. -->","yoast_head_json":{"title":"I stanie si\u0119 owego dnia... - Gaudium Et Spes","robots":{"index":"index","follow":"follow","max-snippet":"max-snippet:-1","max-image-preview":"max-image-preview:large","max-video-preview":"max-video-preview:-1"},"canonical":"https:\/\/gaudiumetspes-blog.pl\/index.php\/2019\/10\/12\/i-stanie-sie-owego-dnia\/","og_locale":"pl_PL","og_type":"article","og_title":"I stanie si\u0119 owego dnia... - Gaudium Et Spes","og_description":"Szcz\u0119\u015b\u0107 Bo\u017ce! Moi Drodzy, zako\u0144czy\u0142y si\u0119 wczoraj Rekolekcje, prowadzone przez Ksi\u0119dza Marka. Teraz Rekolekcjonista odpoczywa\u2026 Ale ju\u017c w poniedzia\u0142ek\u2026 Ale o tym \u2013 w poniedzia\u0142ek. Tymczasem \u017cycz\u0119 Wszystkim b\u0142ogos\u0142awionego dnia! Gaudium et spes! Ks. Jacek Sobota 27 Tygodnia zwyk\u0142ego, rok I, do czyta\u0144: Jl 4,12\u201321; \u0141k 11,27\u201328 CZYTANIE Z KSI\u0118GI PROROKA JOELA: To m\u00f3wi Pan: [&hellip;]","og_url":"https:\/\/gaudiumetspes-blog.pl\/index.php\/2019\/10\/12\/i-stanie-sie-owego-dnia\/","og_site_name":"Gaudium Et Spes","article_published_time":"2019-10-12T04:57:48+00:00","author":"Ks. Jacek","twitter_card":"summary_large_image","twitter_misc":{"Napisane przez":"Ks. Jacek","Szacowany czas czytania":"6 minut"},"schema":{"@context":"https:\/\/schema.org","@graph":[{"@type":"WebPage","@id":"https:\/\/gaudiumetspes-blog.pl\/index.php\/2019\/10\/12\/i-stanie-sie-owego-dnia\/","url":"https:\/\/gaudiumetspes-blog.pl\/index.php\/2019\/10\/12\/i-stanie-sie-owego-dnia\/","name":"I stanie si\u0119 owego dnia... - Gaudium Et Spes","isPartOf":{"@id":"https:\/\/gaudiumetspes-blog.pl\/#website"},"datePublished":"2019-10-12T04:57:48+00:00","author":{"@id":"https:\/\/gaudiumetspes-blog.pl\/#\/schema\/person\/1661982992b752dea8dff0d4ed845a65"},"breadcrumb":{"@id":"https:\/\/gaudiumetspes-blog.pl\/index.php\/2019\/10\/12\/i-stanie-sie-owego-dnia\/#breadcrumb"},"inLanguage":"pl-PL","potentialAction":[{"@type":"ReadAction","target":["https:\/\/gaudiumetspes-blog.pl\/index.php\/2019\/10\/12\/i-stanie-sie-owego-dnia\/"]}]},{"@type":"BreadcrumbList","@id":"https:\/\/gaudiumetspes-blog.pl\/index.php\/2019\/10\/12\/i-stanie-sie-owego-dnia\/#breadcrumb","itemListElement":[{"@type":"ListItem","position":1,"name":"Strona g\u0142\u00f3wna","item":"https:\/\/gaudiumetspes-blog.pl\/"},{"@type":"ListItem","position":2,"name":"I&nbsp;stanie si\u0119 owego dnia&#8230;"}]},{"@type":"WebSite","@id":"https:\/\/gaudiumetspes-blog.pl\/#website","url":"https:\/\/gaudiumetspes-blog.pl\/","name":"Gaudium Et Spes","description":"Blog Ks. Jacka Ja\u015bkowskiego","potentialAction":[{"@type":"SearchAction","target":{"@type":"EntryPoint","urlTemplate":"https:\/\/gaudiumetspes-blog.pl\/?s={search_term_string}"},"query-input":{"@type":"PropertyValueSpecification","valueRequired":true,"valueName":"search_term_string"}}],"inLanguage":"pl-PL"},{"@type":"Person","@id":"https:\/\/gaudiumetspes-blog.pl\/#\/schema\/person\/1661982992b752dea8dff0d4ed845a65","name":"Ks. Jacek","image":{"@type":"ImageObject","inLanguage":"pl-PL","@id":"https:\/\/gaudiumetspes-blog.pl\/#\/schema\/person\/image\/","url":"https:\/\/gaudiumetspes-blog.pl\/wp-content\/uploads\/2019\/07\/avatar-JJ-150x150.jpg","contentUrl":"https:\/\/gaudiumetspes-blog.pl\/wp-content\/uploads\/2019\/07\/avatar-JJ-150x150.jpg","caption":"Ks. Jacek"},"description":"Witam serdecznie! K\u0142ania si\u0119 Ks. Jacek Ja\u015bkowski. Nie jestem ani kim\u015b wa\u017cnym, ani kim\u015b znanym. Jestem ksi\u0119dzem, kt\u00f3ry po prostu chce rozmawia\u0107. Codzienna kap\u0142a\u0144ska pos\u0142uga pokazuje mi, \u017ce temat\u00f3w do rozm\u00f3w z ksi\u0119dzem jest coraz wi\u0119cej i dzisiaj \u017caden ksi\u0105dz nie mo\u017ce od nich ucieka\u0107, ale - wprost przeciwnie - podejmowa\u0107 nowe wyzwania. To przekonanie sk\u0142oni\u0142o mnie do pr\u00f3by otwarcia tego\u017c bloga, chocia\u017c okazji do rozm\u00f3w na co dzie\u0144 - w konfesjonale i poza nim - na szcz\u0119\u015bcie nie brakuje. My\u015bl\u0119 jednak, \u017ce ten blog b\u0119dzie jeszcze jednym sposobem i przestrzeni\u0105 nawi\u0105zania kontaktu z lud\u017ami dobrej woli, otwartymi na dialog.","url":"https:\/\/gaudiumetspes-blog.pl\/index.php\/author\/ks-jacek\/"}]}},"jetpack_featured_media_url":"","jetpack_sharing_enabled":true,"_links":{"self":[{"href":"https:\/\/gaudiumetspes-blog.pl\/index.php\/wp-json\/wp\/v2\/posts\/15964","targetHints":{"allow":["GET"]}}],"collection":[{"href":"https:\/\/gaudiumetspes-blog.pl\/index.php\/wp-json\/wp\/v2\/posts"}],"about":[{"href":"https:\/\/gaudiumetspes-blog.pl\/index.php\/wp-json\/wp\/v2\/types\/post"}],"author":[{"embeddable":true,"href":"https:\/\/gaudiumetspes-blog.pl\/index.php\/wp-json\/wp\/v2\/users\/1"}],"replies":[{"embeddable":true,"href":"https:\/\/gaudiumetspes-blog.pl\/index.php\/wp-json\/wp\/v2\/comments?post=15964"}],"version-history":[{"count":1,"href":"https:\/\/gaudiumetspes-blog.pl\/index.php\/wp-json\/wp\/v2\/posts\/15964\/revisions"}],"predecessor-version":[{"id":15965,"href":"https:\/\/gaudiumetspes-blog.pl\/index.php\/wp-json\/wp\/v2\/posts\/15964\/revisions\/15965"}],"wp:attachment":[{"href":"https:\/\/gaudiumetspes-blog.pl\/index.php\/wp-json\/wp\/v2\/media?parent=15964"}],"wp:term":[{"taxonomy":"category","embeddable":true,"href":"https:\/\/gaudiumetspes-blog.pl\/index.php\/wp-json\/wp\/v2\/categories?post=15964"},{"taxonomy":"post_tag","embeddable":true,"href":"https:\/\/gaudiumetspes-blog.pl\/index.php\/wp-json\/wp\/v2\/tags?post=15964"}],"curies":[{"name":"wp","href":"https:\/\/api.w.org\/{rel}","templated":true}]}}