{"id":15983,"date":"2019-10-17T06:38:50","date_gmt":"2019-10-17T04:38:50","guid":{"rendered":"https:\/\/gaudiumetspes-blog.pl\/?p=15983"},"modified":"2019-10-17T06:38:50","modified_gmt":"2019-10-17T04:38:50","slug":"tak-naprawde-liczy-sie-wiara","status":"publish","type":"post","link":"https:\/\/gaudiumetspes-blog.pl\/index.php\/2019\/10\/17\/tak-naprawde-liczy-sie-wiara\/","title":{"rendered":"Tak naprawd\u0119 &#8211; liczy si\u0119 wiara!"},"content":{"rendered":"<p align=\"justify\"><span style=\"color: #000000;\"><span style=\"font-family: Book Antiqua, serif;\"><span style=\"font-size: large;\">Szcz\u0119\u015b\u0107 Bo\u017ce! Witam Wszystkich serdecznie i \u017cycz\u0119 b\u0142ogos\u0142awionego dnia!<\/span><\/span><\/span><\/p>\n<p align=\"center\"><span style=\"color: #000000;\"><span style=\"font-family: Book Antiqua, serif;\"><span style=\"font-size: large;\">Gaudium et spes! Ks. Jacek<\/span><\/span><\/span><\/p>\n<p align=\"center\">\n<p align=\"center\">\n<p align=\"center\">\n<p align=\"center\">\n<p align=\"center\">\n<p align=\"justify\"><span style=\"color: #000000;\"><span style=\"font-family: Book Antiqua, serif;\"><span style=\"font-size: large;\"><b>Czwartek 28 Tygodnia zwyk\u0142ego, rok I,<\/b><\/span><\/span><\/span><\/p>\n<p align=\"justify\"><span style=\"color: #000000;\"><span style=\"font-family: Book Antiqua, serif;\"><span style=\"font-size: large;\"><b>Wspomnienie \u015aw. Ignacego Antioche\u0144skiego, <\/b><\/span><\/span><\/span><\/p>\n<p align=\"justify\"><span style=\"color: #000000;\"><span style=\"font-family: Book Antiqua, serif;\"><span style=\"font-size: large;\"><b>Biskupa i M\u0119czennika,<\/b><\/span><\/span><\/span><\/p>\n<p align=\"justify\"><span style=\"color: #000000;\"><span style=\"font-family: Book Antiqua, serif;\"><span style=\"font-size: large;\"><b>do czyta\u0144: Rz 3,21\u201329; \u0141k 11,47\u201354<\/b><\/span><\/span><\/span><\/p>\n<p align=\"justify\">\n<p align=\"justify\">\n<p align=\"justify\">\n<p align=\"justify\">\n<p align=\"justify\">\n<p align=\"justify\"><span style=\"color: #000000;\"><span style=\"font-family: Book Antiqua, serif;\"><span style=\"font-size: large;\"><b>CZYTANIE Z LISTU \u015aWI\u0118TEGO PAW\u0141A APOSTO\u0141A DO RZYMIAN:<\/b><\/span><\/span><\/span><\/p>\n<p align=\"justify\"><span style=\"color: #000000;\"><span style=\"font-family: Book Antiqua, serif;\"><span style=\"font-size: large;\"><b>Bracia: Teraz jawn\u0105 si\u0119 sta\u0142a sprawiedliwo\u015b\u0107 Bo\u017ca niezale\u017cna od Prawa, po\u015bwiadczana przez Prawo i Prorok\u00f3w. Jest to sprawiedliwo\u015b\u0107 Bo\u017ca przez wiar\u0119 w Jezusie Chrystusie dla wszystkich, kt\u00f3rzy wierz\u0105. Bo nie ma tu r\u00f3\u017cnicy: wszyscy bowiem zgrzeszyli i pozbawieni s\u0105 chwa\u0142y Bo\u017cej, a dost\u0119puj\u0105 usprawiedliwienia darmo, z Jego \u0142aski, przez odkupienie, kt\u00f3re jest w Chrystusie Jezusie. Jego to ustanowi\u0142 B\u00f3g narz\u0119dziem przeb\u0142agania przez wiar\u0119 moc\u0105 Jego krwi. Chcia\u0142 przez to okaza\u0107, \u017ce sprawiedliwo\u015b\u0107 Jego wzgl\u0119dem grzech\u00f3w pope\u0142nionych dawniej, za dni cierpliwo\u015bci Bo\u017cej, wyra\u017ca\u0142a si\u0119 w odpuszczaniu ich po to, by ujawni\u0107 w obecnym czasie Jego sprawiedliwo\u015b\u0107 i aby pokaza\u0107, \u017ce On sam jest sprawiedliwy i usprawiedliwia ka\u017cdego, kt\u00f3ry wierzy w Jezusa.<\/b><\/span><\/span><\/span><\/p>\n<p align=\"justify\"><span style=\"color: #000000;\"><span style=\"font-family: Book Antiqua, serif;\"><span style=\"font-size: large;\"><b>Gdzie\u017c wi\u0119c podstawa do chlubienia si\u0119? Zosta\u0142a uchylona. Przez jakie prawo? Czy przez prawo uczynk\u00f3w? Nie, przez prawo wiary. S\u0105dzimy bowiem, \u017ce cz\u0142owiek osi\u0105ga usprawiedliwienie przez wiar\u0119, niezale\u017cnie od pe\u0142nienia nakaz\u00f3w Prawa. Bo czy\u017c B\u00f3g jest Bogiem jedynie \u017byd\u00f3w? Czy nie r\u00f3wnie\u017c i pogan? Zapewne r\u00f3wnie\u017c i pogan.<\/b><\/span><\/span><\/span><\/p>\n<p align=\"justify\">\n<p align=\"justify\">\n<p align=\"justify\">\n<p align=\"justify\">\n<p align=\"justify\">\n<p align=\"justify\"><span style=\"color: #000000;\"><span style=\"font-family: Book Antiqua, serif;\"><span style=\"font-size: large;\"><b>S\u0141OWA EWANGELII WED\u0141UG \u015aWI\u0118TEGO \u0141UKASZA:<\/b><\/span><\/span><\/span><\/p>\n<p align=\"justify\"><span style=\"color: #000000;\"><span style=\"font-family: Book Antiqua, serif;\"><span style=\"font-size: large;\"><b>Jezus powiedzia\u0142 do faryzeusz\u00f3w i do uczonych w Prawie: \u201eBiada wam, poniewa\u017c budujecie grobowce prorokom, a wasi ojcowie ich zamordowali. A tak jeste\u015bcie \u015bwiadkami i przytakujecie uczynkom waszych ojc\u00f3w; gdy\u017c oni ich pomordowali, a wy im wznosicie grobowce.<\/b><\/span><\/span><\/span><\/p>\n<p align=\"justify\"><span style=\"color: #000000;\"><span style=\"font-family: Book Antiqua, serif;\"><span style=\"font-size: large;\"><b>Dlatego te\u017c powiedzia\u0142a M\u0105dro\u015b\u0107 Bo\u017ca: Po\u015bl\u0119 do nich prorok\u00f3w i aposto\u0142\u00f3w, a z nich niekt\u00f3rych zabij\u0105 i prze\u015bladowa\u0107 b\u0119d\u0105. Tak na tym plemieniu b\u0119dzie pomszczona krew wszystkich prorok\u00f3w, kt\u00f3ra zosta\u0142a przelana od stworzenia \u015bwiata, od krwi Abla a\u017c do krwi Zachariasza, kt\u00f3ry zgin\u0105\u0142 mi\u0119dzy o\u0142tarzem a przybytkiem. Tak, m\u00f3wi\u0119 wam, na tym plemieniu b\u0119dzie pomszczona.<\/b><\/span><\/span><\/span><\/p>\n<p align=\"justify\"><span style=\"color: #000000;\"><span style=\"font-family: Book Antiqua, serif;\"><span style=\"font-size: large;\"><b>Biada wam, uczonym w Prawie, bo wzi\u0119li\u015bcie klucze poznania; sami\u015bcie nie weszli, a przeszkodzili\u015bcie tym, kt\u00f3rzy wej\u015b\u0107 chcieli\u201d. <\/b><\/span><\/span><\/span><\/p>\n<p align=\"justify\"><span style=\"color: #000000;\"><span style=\"font-family: Book Antiqua, serif;\"><span style=\"font-size: large;\"><b>Gdy wyszed\u0142 stamt\u0105d, uczeni w Pi\u015bmie i faryzeusze pocz\u0119li gwa\u0142townie nastawa\u0107 na Niego i wypytywa\u0107 Go o wiele rzeczy. Czyhali przy tym, \u017ceby Go podchwyci\u0107 na jakim\u015b s\u0142owie.<\/b><\/span><\/span><\/span><\/p>\n<p align=\"justify\">\n<p align=\"justify\">\n<p align=\"justify\">\n<p align=\"justify\">\n<p align=\"justify\">\n<p align=\"justify\"><span style=\"color: #000000;\"><span style=\"font-family: Book Antiqua, serif;\"><span style=\"font-size: large;\">Prawo Starego Testamentu dane by\u0142o przez Boga, aby <b>wskaza\u0107 ludowi drog\u0119,<\/b> po kt\u00f3rej ma i\u015b\u0107 przez \u017cycie, by dobrze wykorzysta\u0107 czas, dany na tej ziemi i ostatecznie osi\u0105gn\u0105\u0107 zbawienie. Ale wype\u0142nieniem ca\u0142ego Bo\u017cego Prawa jest <b>Chrystus i Jego zbawcza Ofiara.<\/b> Dlatego do przepis\u00f3w Prawa nie mo\u017cna podchodzi\u0107 \u2013 tak, jak to uczyni\u0142a \u017cydowska elita \u2013 na zasadzie <b>formalistycznego ich przestrzegania; <\/b>w tym sensie, \u017ce przepisy sta\u0142y si\u0119 celem samym w sobie. Zabrak\u0142o szczerej i prostej wiary w Boga. <\/span><\/span><\/span><\/p>\n<p align=\"justify\"><span style=\"color: #000000;\"><span style=\"font-family: Book Antiqua, serif;\"><span style=\"font-size: large;\">Dlatego Pawe\u0142 dzisiaj m\u00f3wi, i\u017c <i><b>cz\u0142owiek osi\u0105ga usprawiedliwienie przez wiar\u0119, niezale\u017cnie od pe\u0142nienia nakaz\u00f3w Prawa.<\/b><\/i><i> <\/i>To nie znaczy, \u017ce wszystkie nakazy Prawa, kt\u00f3re przecie\u017c ustanowi\u0142 B\u00f3g, straci\u0142y nagle sw\u0105 wa\u017cno\u015b\u0107, gdy\u017c okaza\u0142o si\u0119, \u017ce B\u00f3g si\u0119 pomyli\u0142 i ostatecznie zmieni\u0142 zdanie. <b>Nie! <\/b><\/span><\/span><\/span><\/p>\n<p align=\"justify\"><span style=\"color: #000000;\"><span style=\"font-family: Book Antiqua, serif;\"><span style=\"font-size: large;\">To Jezus przypomnia\u0142 \u015bwiatu, co by\u0142o <b>istot\u0105 tego\u017c Prawa.<\/b> Wielokrotnie zreszt\u0105 powraca\u0142o to w Jego nauczaniu, tak\u017ce w dzisiejszej Ewangelii, gdy m\u00f3wi\u0142: <i><b>Biada wam, uczonym w Prawie, bo wzi\u0119li\u015bcie klucze poznania; sami\u015bcie nie weszli, a przeszkodzili\u015bcie tym, kt\u00f3rzy wej\u015b\u0107 chcieli.<\/b><\/i><b> <\/b>Niezwykle mocne s\u0142owa: ci, kt\u00f3rzy powinni innym <b>pom\u00f3c zrozumie\u0107 w\u0142a\u015bciwe przes\u0142anie<\/b> przepis\u00f3w Prawa i w ten spos\u00f3b pom\u00f3c im w osi\u0105gni\u0119ciu zbawienia, w rzeczywisto\u015bci \u2013 poprzez mno\u017cenie w\u0142asnych interpretacji tego\u017c Prawa i stawianie ludziom mn\u00f3stwa niewykonalnych wymaga\u0144 \u2013 <b>przeszkodzili w tym dziele.<\/b> Sami, przez swoj\u0105 pych\u0119 i ob\u0142ud\u0119, z<b>amkn\u0119li sobie drog\u0119<\/b> do Kr\u00f3lestwa i jeszcze ludziom przeszkodzili. <\/span><\/span><\/span><\/p>\n<p align=\"justify\"><span style=\"color: #000000;\"><span style=\"font-family: Book Antiqua, serif;\"><span style=\"font-size: large;\">Bo wszystko \u2013 je\u015bli tak mo\u017cna powiedzie\u0107 \u2013 <b>\u201ezablokowa\u0142o si\u0119\u201d na etapie interpretacji przepis\u00f3w,<\/b> na etapie formalnym. Zabrak\u0142o w tym wszystkim ducha. I w\u0142a\u015bnie to Jezus zarzuca uczonym w Prawie \u2013 czyli obeznanym w nim \u2013 oraz faryzeuszom, \u017ce tego <b>ducha<\/b> <b>w ludziach zgasili.<\/b> A kiedy B\u00f3g posy\u0142a\u0142 Prorok\u00f3w, aby go budzili i o\u017cywiali, to <b>\u017bydzi ich zabijali.<\/b> <\/span><\/span><\/span><\/p>\n<p align=\"justify\"><span style=\"color: #000000;\"><span style=\"font-family: Book Antiqua, serif;\"><span style=\"font-size: large;\">Jezus dzisiaj wprost m\u00f3wi, \u017ce owi mordercy Prorok\u00f3w \u2013 <b>to ojcowie obecnej <\/b><b>\u017cydowskiej <\/b><b>elity:<\/b> je\u017celi nawet nie przez wi\u0119zy krwi, to przez spos\u00f3b my\u015blenia i dzia\u0142ania. Uczeni w Prawie i faryzeusze, poprzez swoje post\u0119powanie, okazali si\u0119 <b>ich spadkobiercami i kontynuatorami ich nieprawo\u015bci. <\/b>To bardzo mocne s\u0142owa Jezusa \u2013 bardzo surowe oskar\u017cenie, b\u0119d\u0105ce jednocze\u015bnie <b>przestrog\u0105<\/b> i wezwaniem do opami\u0119tania i zawr\u00f3cenia ze z\u0142ej drogi! <\/span><\/span><\/span><\/p>\n<p align=\"justify\"><span style=\"color: #000000;\"><span style=\"font-family: Book Antiqua, serif;\"><span style=\"font-size: large;\">W tym kontek\u015bcie natomiast Pawe\u0142 przypomina, \u017ce tak naprawd\u0119 <b>liczy si\u0119 wiara! <\/b>Wiara w Jezusa i w Jego zbawcze dzie\u0142o. I to w\u0142a\u015bnie wiara decyduje o zbawieniu. Dlatego nie ma znaczenia, czy kto\u015b jest \u017bydem, czy Grekiem, gdy\u017c to <b>nie fakt urodzenia i pochodzenia decyduje <\/b>o zbawieniu, a wiara! Szczera wiara! St\u0105d te\u017c retoryczne pytanie Aposto\u0142a Paw\u0142a: <i><b>Czy\u017c B\u00f3g jest Bogiem jedynie \u017byd\u00f3w? Czy nie r\u00f3wnie\u017c i pogan? Zapewne r\u00f3wnie\u017c i pogan.<\/b><\/i><\/span><\/span><\/span><\/p>\n<p align=\"justify\"><span style=\"color: #000000;\"><span style=\"font-family: Book Antiqua, serif;\"><span style=\"font-size: large;\">Moi Drodzy, o naszym zbawieniu tak\u017ce zadecyduje <b>nasza wiara.<\/b> Bo B\u00f3g czeka ze swoim zaproszeniem i otwartymi ramionami. Jego propozycja jest sta\u0142a i niezmienna. <b>Ale nic nie zast\u0105pi naszej wiary! <\/b>Tak\u017ce spe\u0142nianie religijnych praktyk \u2013 dla samych praktyk. Oczywi\u015bcie, <b>nale\u017cy je spe\u0142nia\u0107 <\/b>rzetelnie i sumiennie, ale w\u0142a\u015bnie w duchu wiary, a nie schematycznego powtarzania zimnych rytua\u0142\u00f3w. Tylko <b>wiara, owocuj\u0105ca prawdziw\u0105 i g\u0142\u0119bok\u0105 wi\u0119zi\u0105 z Jezusem, <\/b><b>szczer\u0105 i mocn\u0105 przyja\u017ani\u0105 z Nim \u2013<\/b> jest nasz\u0105 drog\u0105 do zbawienia.<\/span><\/span><\/span><\/p>\n<p align=\"justify\"><span style=\"color: #000000;\"><span style=\"font-family: Book Antiqua, serif;\"><span style=\"font-size: large;\">Dobrze to zrozumia\u0142 i dlatego tak g\u0142\u0119boko uwierzy\u0142 w Jezusa, \u017ce a\u017c potwierdzi\u0142 t\u0119 wiar\u0119 swoim m\u0119cze\u0144stwem \u2013 Patron dnia dzisiejszego, <b>\u015awi\u0119ty Ignacy Antioche\u0144ski, Biskup.<\/b><\/span><\/span><\/span><\/p>\n<p align=\"justify\"><span style=\"color: #000000;\"><span style=\"font-size: large;\"><span style=\"font-family: Book Antiqua, serif;\">Na <\/span><span style=\"font-family: Book Antiqua, serif;\">jego <\/span><span style=\"font-family: Book Antiqua, serif;\">temat istnieje pi\u0119kna legenda, g\u0142osz\u0105ca, i\u017c <\/span><span style=\"font-family: Book Antiqua, serif;\"><b>to w\u0142a\u015bnie on by\u0142 tym szcz\u0119\u015bliwym dzieckiem,<\/b><\/span><span style=\"font-family: Book Antiqua, serif;\"> kt\u00f3re kiedy\u015b Chrystus postawi\u0142 przed uczniami, m\u00f3wi\u0105c, \u017ce je\u015bli si\u0119 nie odmieni\u0105 i nie stan\u0105 jak dzieci, nie wejd\u0105 do Kr\u00f3lestwa <\/span><span style=\"font-family: Book Antiqua, serif;\">n<\/span><span style=\"font-family: Book Antiqua, serif;\">iebieskiego. <\/span><\/span><\/span><\/p>\n<p align=\"justify\"><span style=\"color: #000000;\"><span style=\"font-size: large;\"><span style=\"font-family: Book Antiqua, serif;\">W rzeczywisto\u015bci, nie wiemy nic o latach dzieci\u0119cych i m\u0142odzie\u0144czych I<\/span><span style=\"font-family: Book Antiqua, serif;\">gnacego<\/span><span style=\"font-family: Book Antiqua, serif;\">. <\/span><span style=\"font-family: Book Antiqua, serif;\"><b>Spotykamy go dopiero jako trzeciego z kolei biskupa Antiochii<\/b><\/span><span style=\"font-family: Book Antiqua, serif;\"> \u2013 po \u015awi\u0119tym Piotrze Apostole i \u015awi\u0119tym Ewodiuszu. <\/span><span style=\"font-family: Book Antiqua, serif;\"><b>W czasie prze\u015bladowania za cesarza Trajana zosta\u0142 uwi\u0119ziony i skazany na \u015bmier\u0107.<\/b><\/span><span style=\"font-family: Book Antiqua, serif;\"> Wys\u0142ano go pod eskort\u0105 \u017co\u0142nierzy do Rzymu, aby <\/span><span style=\"font-family: Book Antiqua, serif;\"><b>tam rzuci\u0107 na po\u017carcie dzikim zwierz\u0119tom,<\/b><\/span><span style=\"font-family: Book Antiqua, serif;\"> w czasie organizowanych w\u0142a\u015bnie igrzysk. W <\/span><span style=\"font-family: Book Antiqua, serif;\">trakcie<\/span><span style=\"font-family: Book Antiqua, serif;\"> podr\u00f3\u017cy do Rzymu, Ignacy zatrzyma\u0142 si\u0119 w Smyrnie, gdzie czeka\u0142 na okr\u0119t. Korzystaj\u0105c z chwilowej przerwy, <\/span><span style=\"font-family: Book Antiqua, serif;\"><b>napisa\u0142 cztery listy do gmin chrze\u015bcija\u0144skich:<\/b><\/span><span style=\"font-family: Book Antiqua, serif;\"> w Efezie, Magnezji, w Trallach i w Rzymie. <\/span><\/span><\/span><\/p>\n<p align=\"justify\"><span style=\"color: #000000;\"><span style=\"font-size: large;\"><span style=\"font-family: Book Antiqua, serif;\">I w\u0142a\u015bnie w Smyrnie wyszed\u0142 mu na spotkanie <\/span><span style=\"font-family: Book Antiqua, serif;\"><b>\u015awi\u0119ty Polikarp z liczn\u0105 delegacj\u0105, by uczci\u0107 w ten spos\u00f3b bohatera.<\/b><\/span><span style=\"font-family: Book Antiqua, serif;\"> Dostarczy\u0142 on Ignacemu materia\u0142u do pisania i zobowi\u0105za\u0142 si\u0119 odes\u0142a\u0107 jego listy do adresat\u00f3w. <\/span><span style=\"font-family: Book Antiqua, serif;\"><b>W Troadzie<\/b><\/span><span style=\"font-family: Book Antiqua, serif;\"> Ignacy musia\u0142 ponownie przesi\u0105\u015b\u0107 si\u0119 na inny okr\u0119t. <\/span><span style=\"font-family: Book Antiqua, serif;\">Skorzysta\u0142 z okazji, by<\/span><span style=\"font-family: Book Antiqua, serif;\"><b> napisa\u0107 listy do Filadelfii, Smyrny i do \u015awi\u0119tego Polikarpa.<\/b><\/span><span style=\"font-family: Book Antiqua, serif;\"> Z Troady dojech<\/span><span style=\"font-family: Book Antiqua, serif;\">a\u0142<\/span><span style=\"font-family: Book Antiqua, serif;\"> do Neapolu, miasta w Macedonii, a st\u0105d <\/span><span style=\"font-family: Book Antiqua, serif;\"><b>musia\u0142 pod\u0105\u017ca\u0107 pieszo<\/b><\/span><span style=\"font-family: Book Antiqua, serif;\"> \u2013 pod eskort\u0105 \u2013 do Filippi, Salonik i Dyrrachium. Tam dopiero wszyscy wsiedli na statek i dojechali nim do portu w\u0142oskiego, Brindisi. St\u0105d znowu <\/span><span style=\"font-family: Book Antiqua, serif;\"><b>pieszo szli drog\u0105 l\u0105dow\u0105 \u2013 a\u017c do Rzymu.<\/b><\/span><span style=\"font-family: Book Antiqua, serif;\"> Dla osiemdziesi\u0119cioletniego starca <\/span><span style=\"font-family: Book Antiqua, serif;\"><b>ca\u0142a ta podr\u00f3\u017c by\u0142a prawdziw\u0105 katorg\u0105.<\/b><\/span> <\/span><\/span><\/p>\n<p align=\"justify\"><span style=\"color: #000000;\"><span style=\"font-size: large;\"><span style=\"font-family: Book Antiqua, serif;\">W swoich listach <\/span><span style=\"font-family: Book Antiqua, serif;\"><b>wyrazi\u0142 <\/b><\/span><span style=\"font-family: Book Antiqua, serif;\"><b>on<\/b><\/span><span style=\"font-family: Book Antiqua, serif;\"><b> \u017carliwo\u015b\u0107 wiary oraz g\u0142\u0119boki, wr\u0119cz zaskakuj\u0105cy pok\u00f3j serca wobec czekaj\u0105cego go m\u0119cze\u0144stwa.<\/b><\/span><span style=\"font-family: Book Antiqua, serif;\"> Listy te s\u0105 wa\u017cnym dokumentem wiary pierwotnego Ko\u015bcio\u0142a. <\/span><\/span><\/span><\/p>\n<p align=\"justify\"><span style=\"color: #000000;\"><span style=\"font-size: large;\"><span style=\"font-family: Book Antiqua, serif;\">\u015awi\u0119ty Ignacy <\/span><span style=\"font-family: Book Antiqua, serif;\"><b>zgin\u0105\u0142 \u015bmierci\u0105 m\u0119cze\u0144sk\u0105<\/b><\/span><span style=\"font-family: Book Antiqua, serif;\"> na arenie w Rzymie. Dzieje jego bohaterskiej \u015bmierci opisa\u0142o kilku Ojc\u00f3w Ko\u015bcio\u0142a. Powszechnie przyjmuje si\u0119, \u017ce <\/span><span style=\"font-family: Book Antiqua, serif;\"><b>mia\u0142a<\/b><\/span> <span style=\"font-family: Book Antiqua, serif;\"><b>ona miejsce oko\u0142o roku 107.<\/b><\/span><span style=\"font-family: Book Antiqua, serif;\"> Chrze\u015bcijanie zebrali ze czci\u0105 pozosta\u0142e na arenie ko\u015bci M\u0119czennika, a potem przewie\u017ali je do Antiochii, by po kilku jeszcze przeniesieniach z miejsca na miejsce <\/span><span style=\"font-family: Book Antiqua, serif;\">jego <\/span><span style=\"font-family: Book Antiqua, serif;\"><b>relikwie mog\u0142y dotrze\u0107 do Rzymu.<\/b><\/span><\/span><\/span><\/p>\n<p align=\"justify\"><span style=\"color: #000000;\"><span style=\"font-family: Book Antiqua, serif;\"><span style=\"font-size: large;\">A oto s\u0142owa, zapisane przez niego w jednym z list\u00f3w, adresowanych do wiernych Rzymu: <\/span><\/span><\/span><\/p>\n<p align=\"justify\"><span style=\"color: #000000;\">\u201e<span style=\"font-size: large;\"><span style=\"font-family: Book Antiqua, serif;\">Pisz\u0119 do wszystkich Ko\u015bcio\u0142\u00f3w i og\u0142aszam wszystkim, i\u017c <\/span><span style=\"font-family: Book Antiqua, serif;\"><b>ch\u0119tnie umr\u0119 dla Boga, je\u015bli mi w tym nie przeszkodzicie.<\/b><\/span><span style=\"font-family: Book Antiqua, serif;\"> Prosz\u0119 was, wstrzymajcie si\u0119 od niewczesnej \u017cyczliwo\u015bci. Pozw\u00f3lcie mi si\u0119 sta\u0107 po\u017cywieniem dla dzikich zwierz\u0105t, dzi\u0119ki kt\u00f3rym dojd\u0119 do Boga. <\/span><span style=\"font-family: Book Antiqua, serif;\"><b>Jestem Bo\u017c\u0105 pszenic\u0105. Zostan\u0119 starty z\u0119bami dzikich zwierz\u0105t, aby si\u0119 sta\u0107 czystym chlebem Chrystusa.<\/b><\/span><span style=\"font-family: Book Antiqua, serif;\"> Pro\u015bcie za mn\u0105 Chrystusa, abym za spraw\u0105 owych zwierz\u0105t sta\u0142 si\u0119 \u017certw\u0105 ofiarn\u0105 dla Boga. <\/span><\/span><\/span><\/p>\n<p align=\"justify\"><span style=\"color: #000000;\"><span style=\"font-size: large;\"><span style=\"font-family: Book Antiqua, serif;\">Na nic mi si\u0119 zdadz\u0105 ziemskie przyjemno\u015bci i kr\u00f3lestwa \u015bwiata. <\/span><span style=\"font-family: Book Antiqua, serif;\"><b>Lepiej mi umrze\u0107 w Chrystusie, ni\u017c panowa\u0107 nad ca\u0142\u0105 ziemi\u0105.<\/b><\/span><span style=\"font-family: Book Antiqua, serif;\"> Szukam Tego, kt\u00f3ry za nas umar\u0142. Pragn\u0119 Tego, kt\u00f3ry dla nas zmartwychwsta\u0142. Bliskie jest moje narodzenie. Wybaczcie mi, bracia! <\/span><span style=\"font-family: Book Antiqua, serif;\"><b>Nie wzbraniajcie \u017cy\u0107, nie chciejcie, abym umar\u0142.<\/b><\/span><span style=\"font-family: Book Antiqua, serif;\"> Skoro pragn\u0119 nale\u017ce\u0107 do Boga, nie wydawajcie mnie \u015bwiatu i nie uwod\u017acie tym, co ziemskie. Pozw\u00f3lcie ch\u0142on\u0105\u0107 \u015bwiat\u0142o nieskalane. Gdy je osi\u0105gn\u0119, b\u0119d\u0119 pe\u0142nym cz\u0142owiekiem. <\/span><span style=\"font-family: Book Antiqua, serif;\"><b>Pozw\u00f3lcie mi na\u015bladowa\u0107 m\u0119k\u0119 mego Boga!<\/b><\/span><span style=\"font-family: Book Antiqua, serif;\"> Je\u015bli kto\u015b ma Go w swoim sercu, zrozumie, czego pragn\u0119, a znaj\u0105c pow\u00f3d mego utrapienia, ulituje si\u0119 nade mn\u0105. <\/span><\/span><\/span><\/p>\n<p align=\"justify\"><span style=\"color: #000000;\"><span style=\"font-size: large;\"><span style=\"font-family: Book Antiqua, serif;\">Ksi\u0105\u017c\u0119 tego \u015bwiata chce mnie porwa\u0107 <\/span><span style=\"font-family: Book Antiqua, serif;\"><b>i przeszkodzi\u0107 memu d\u0105\u017ceniu do Boga. Niechaj go nikt z was nie wspomaga!<\/b><\/span><span style=\"font-family: Book Antiqua, serif;\"> B\u0105d\u017acie raczej po mojej stronie, to jest po stronie Boga. Nie rozprawiajcie o Jezusie Chrystusie, gdy r\u00f3wnocze\u015bnie pragniecie \u015bwiata. Niechaj nie mieszka w was zazdro\u015b\u0107. <\/span><span style=\"font-family: Book Antiqua, serif;\"><b>Nawet gdybym prosi\u0142, b\u0119d\u0105c u was, nie s\u0142uchajcie \u2013 uwierzcie raczej temu, co teraz do was pisz\u0119.<\/b><\/span><span style=\"font-family: Book Antiqua, serif;\"> Pisz\u0119 za\u015b b\u0119d\u0105c przy \u017cyciu, a pragn\u0105c \u015bmierci. Moje upodobania zosta\u0142y ukrzy\u017cowane i nie ma ju\u017c we mnie po\u017c\u0105dania ziemskiego. [\u2026]<\/span><\/span><\/span><\/p>\n<p align=\"justify\"><span style=\"color: #000000;\"><span style=\"font-size: large;\"><span style=\"font-family: Book Antiqua, serif;\"><b>Nie chc\u0119 ju\u017c d\u0142u\u017cej \u017cy\u0107 na ziemi. Stanie si\u0119 tak, je\u015bli zechcecie.<\/b><\/span><span style=\"font-family: Book Antiqua, serif;\"> W tych kr\u00f3tkich s\u0142owach was prosz\u0119: Wierzcie mi \u2013 <\/span><span style=\"font-family: Book Antiqua, serif;\"><b>Jezus Chrystus pozwoli wam zobaczy\u0107, i\u017c m\u00f3wi\u0119 szczerze.<\/b><\/span><span style=\"font-family: Book Antiqua, serif;\"> Przez Jego to prawdom\u00f3wne usta Ojciec rzeczywi\u015bcie przem\u00f3wi\u0142. M\u00f3dlcie si\u0119 za mnie, abym doszed\u0142 do Niego. Napisa\u0142em wam, kieruj\u0105c si\u0119 nie ludzkim rozumieniem, ale my\u015bl\u0105 Boga. <\/span><span style=\"font-family: Book Antiqua, serif;\"><b>Je\u015bli b\u0119d\u0119 cierpia\u0142, b\u0119dzie to znakiem waszej do mnie mi\u0142o\u015bci, je\u015bli zostan\u0119 uwolniony, b\u0119dzie to oznacza\u0107 wasz\u0105 niech\u0119\u0107.\u201d<\/b><\/span><span style=\"font-family: Book Antiqua, serif;\"> Tyle z listu naszego dzisiejszego Patrona. Musimy przyzna\u0107, \u017ce <\/span><span style=\"font-family: Book Antiqua, serif;\">s\u0105 to<\/span><span style=\"font-family: Book Antiqua, serif;\"> s\u0142owa wr\u0119cz szokuj\u0105ce!<\/span><\/span><\/span><\/p>\n<p align=\"justify\"><span style=\"color: #000000;\"><span style=\"font-family: Book Antiqua, serif;\"><span style=\"font-size: large;\">Ubogaceni darem S\u0142owa dzisiejszej liturgii, ale te\u017c wpatrzeni w przyk\u0142ad \u015bwi\u0119to\u015bci Biskupa Ignacego i zas\u0142uchani w jego s\u0142owa \u2013 w kontek\u015bcie tych s\u0142\u00f3w \u2013 raz postawmy sobie pytanie: Czy <b>moja wiara jest tak \u017cywa i tak odwa\u017cna,<\/b> jak wiara Ignacego, czy wci\u0105\u017c jeszcze sformalizowana i minimalistyczna?\u2026 Co robi\u0119, aby <b>o\u017cywia\u0107 moj\u0105 wiar\u0119?\u2026 <\/b><\/span><\/span><\/span><\/p>\n","protected":false},"excerpt":{"rendered":"<p>Szcz\u0119\u015b\u0107 Bo\u017ce! Witam Wszystkich serdecznie i \u017cycz\u0119 b\u0142ogos\u0142awionego dnia! Gaudium et spes! Ks. Jacek Czwartek 28 Tygodnia zwyk\u0142ego, rok I, Wspomnienie \u015aw. Ignacego Antioche\u0144skiego, Biskupa i M\u0119czennika, do czyta\u0144: Rz 3,21\u201329; \u0141k 11,47\u201354 CZYTANIE Z LISTU \u015aWI\u0118TEGO PAW\u0141A APOSTO\u0141A DO RZYMIAN: Bracia: Teraz jawn\u0105 si\u0119 sta\u0142a sprawiedliwo\u015b\u0107 Bo\u017ca niezale\u017cna od Prawa, po\u015bwiadczana przez Prawo i [&hellip;]<\/p>\n","protected":false},"author":1,"featured_media":0,"comment_status":"open","ping_status":"open","sticky":false,"template":"","format":"standard","meta":{"jetpack_post_was_ever_published":false,"_jetpack_newsletter_access":"","_jetpack_dont_email_post_to_subs":false,"_jetpack_newsletter_tier_id":0,"_jetpack_memberships_contains_paywalled_content":false,"_jetpack_memberships_contains_paid_content":false,"footnotes":""},"categories":[1],"tags":[],"class_list":["post-15983","post","type-post","status-publish","format-standard","hentry","category-bez-kategorii"],"yoast_head":"<!-- This site is optimized with the Yoast SEO plugin v25.1 - https:\/\/yoast.com\/wordpress\/plugins\/seo\/ -->\n<title>Tak naprawd\u0119 - liczy si\u0119 wiara! - Gaudium Et Spes<\/title>\n<meta name=\"robots\" content=\"index, follow, max-snippet:-1, max-image-preview:large, max-video-preview:-1\" \/>\n<link rel=\"canonical\" href=\"https:\/\/gaudiumetspes-blog.pl\/index.php\/2019\/10\/17\/tak-naprawde-liczy-sie-wiara\/\" \/>\n<meta property=\"og:locale\" content=\"pl_PL\" \/>\n<meta property=\"og:type\" content=\"article\" \/>\n<meta property=\"og:title\" content=\"Tak naprawd\u0119 - liczy si\u0119 wiara! - Gaudium Et Spes\" \/>\n<meta property=\"og:description\" content=\"Szcz\u0119\u015b\u0107 Bo\u017ce! Witam Wszystkich serdecznie i \u017cycz\u0119 b\u0142ogos\u0142awionego dnia! Gaudium et spes! Ks. Jacek Czwartek 28 Tygodnia zwyk\u0142ego, rok I, Wspomnienie \u015aw. Ignacego Antioche\u0144skiego, Biskupa i M\u0119czennika, do czyta\u0144: Rz 3,21\u201329; \u0141k 11,47\u201354 CZYTANIE Z LISTU \u015aWI\u0118TEGO PAW\u0141A APOSTO\u0141A DO RZYMIAN: Bracia: Teraz jawn\u0105 si\u0119 sta\u0142a sprawiedliwo\u015b\u0107 Bo\u017ca niezale\u017cna od Prawa, po\u015bwiadczana przez Prawo i [&hellip;]\" \/>\n<meta property=\"og:url\" content=\"https:\/\/gaudiumetspes-blog.pl\/index.php\/2019\/10\/17\/tak-naprawde-liczy-sie-wiara\/\" \/>\n<meta property=\"og:site_name\" content=\"Gaudium Et Spes\" \/>\n<meta property=\"article:published_time\" content=\"2019-10-17T04:38:50+00:00\" \/>\n<meta name=\"author\" content=\"Ks. Jacek\" \/>\n<meta name=\"twitter:card\" content=\"summary_large_image\" \/>\n<meta name=\"twitter:label1\" content=\"Napisane przez\" \/>\n\t<meta name=\"twitter:data1\" content=\"Ks. Jacek\" \/>\n\t<meta name=\"twitter:label2\" content=\"Szacowany czas czytania\" \/>\n\t<meta name=\"twitter:data2\" content=\"9 minut\" \/>\n<script type=\"application\/ld+json\" class=\"yoast-schema-graph\">{\"@context\":\"https:\/\/schema.org\",\"@graph\":[{\"@type\":\"WebPage\",\"@id\":\"https:\/\/gaudiumetspes-blog.pl\/index.php\/2019\/10\/17\/tak-naprawde-liczy-sie-wiara\/\",\"url\":\"https:\/\/gaudiumetspes-blog.pl\/index.php\/2019\/10\/17\/tak-naprawde-liczy-sie-wiara\/\",\"name\":\"Tak naprawd\u0119 - liczy si\u0119 wiara! - Gaudium Et Spes\",\"isPartOf\":{\"@id\":\"https:\/\/gaudiumetspes-blog.pl\/#website\"},\"datePublished\":\"2019-10-17T04:38:50+00:00\",\"author\":{\"@id\":\"https:\/\/gaudiumetspes-blog.pl\/#\/schema\/person\/1661982992b752dea8dff0d4ed845a65\"},\"breadcrumb\":{\"@id\":\"https:\/\/gaudiumetspes-blog.pl\/index.php\/2019\/10\/17\/tak-naprawde-liczy-sie-wiara\/#breadcrumb\"},\"inLanguage\":\"pl-PL\",\"potentialAction\":[{\"@type\":\"ReadAction\",\"target\":[\"https:\/\/gaudiumetspes-blog.pl\/index.php\/2019\/10\/17\/tak-naprawde-liczy-sie-wiara\/\"]}]},{\"@type\":\"BreadcrumbList\",\"@id\":\"https:\/\/gaudiumetspes-blog.pl\/index.php\/2019\/10\/17\/tak-naprawde-liczy-sie-wiara\/#breadcrumb\",\"itemListElement\":[{\"@type\":\"ListItem\",\"position\":1,\"name\":\"Strona g\u0142\u00f3wna\",\"item\":\"https:\/\/gaudiumetspes-blog.pl\/\"},{\"@type\":\"ListItem\",\"position\":2,\"name\":\"Tak&nbsp;naprawd\u0119 &#8211; liczy si\u0119 wiara!\"}]},{\"@type\":\"WebSite\",\"@id\":\"https:\/\/gaudiumetspes-blog.pl\/#website\",\"url\":\"https:\/\/gaudiumetspes-blog.pl\/\",\"name\":\"Gaudium Et Spes\",\"description\":\"Blog Ks. Jacka Ja\u015bkowskiego\",\"potentialAction\":[{\"@type\":\"SearchAction\",\"target\":{\"@type\":\"EntryPoint\",\"urlTemplate\":\"https:\/\/gaudiumetspes-blog.pl\/?s={search_term_string}\"},\"query-input\":{\"@type\":\"PropertyValueSpecification\",\"valueRequired\":true,\"valueName\":\"search_term_string\"}}],\"inLanguage\":\"pl-PL\"},{\"@type\":\"Person\",\"@id\":\"https:\/\/gaudiumetspes-blog.pl\/#\/schema\/person\/1661982992b752dea8dff0d4ed845a65\",\"name\":\"Ks. Jacek\",\"image\":{\"@type\":\"ImageObject\",\"inLanguage\":\"pl-PL\",\"@id\":\"https:\/\/gaudiumetspes-blog.pl\/#\/schema\/person\/image\/\",\"url\":\"https:\/\/gaudiumetspes-blog.pl\/wp-content\/uploads\/2019\/07\/avatar-JJ-150x150.jpg\",\"contentUrl\":\"https:\/\/gaudiumetspes-blog.pl\/wp-content\/uploads\/2019\/07\/avatar-JJ-150x150.jpg\",\"caption\":\"Ks. Jacek\"},\"description\":\"Witam serdecznie! K\u0142ania si\u0119 Ks. Jacek Ja\u015bkowski. Nie jestem ani kim\u015b wa\u017cnym, ani kim\u015b znanym. Jestem ksi\u0119dzem, kt\u00f3ry po prostu chce rozmawia\u0107. Codzienna kap\u0142a\u0144ska pos\u0142uga pokazuje mi, \u017ce temat\u00f3w do rozm\u00f3w z ksi\u0119dzem jest coraz wi\u0119cej i dzisiaj \u017caden ksi\u0105dz nie mo\u017ce od nich ucieka\u0107, ale - wprost przeciwnie - podejmowa\u0107 nowe wyzwania. To przekonanie sk\u0142oni\u0142o mnie do pr\u00f3by otwarcia tego\u017c bloga, chocia\u017c okazji do rozm\u00f3w na co dzie\u0144 - w konfesjonale i poza nim - na szcz\u0119\u015bcie nie brakuje. My\u015bl\u0119 jednak, \u017ce ten blog b\u0119dzie jeszcze jednym sposobem i przestrzeni\u0105 nawi\u0105zania kontaktu z lud\u017ami dobrej woli, otwartymi na dialog.\",\"url\":\"https:\/\/gaudiumetspes-blog.pl\/index.php\/author\/ks-jacek\/\"}]}<\/script>\n<!-- \/ Yoast SEO plugin. -->","yoast_head_json":{"title":"Tak naprawd\u0119 - liczy si\u0119 wiara! - Gaudium Et Spes","robots":{"index":"index","follow":"follow","max-snippet":"max-snippet:-1","max-image-preview":"max-image-preview:large","max-video-preview":"max-video-preview:-1"},"canonical":"https:\/\/gaudiumetspes-blog.pl\/index.php\/2019\/10\/17\/tak-naprawde-liczy-sie-wiara\/","og_locale":"pl_PL","og_type":"article","og_title":"Tak naprawd\u0119 - liczy si\u0119 wiara! - Gaudium Et Spes","og_description":"Szcz\u0119\u015b\u0107 Bo\u017ce! Witam Wszystkich serdecznie i \u017cycz\u0119 b\u0142ogos\u0142awionego dnia! Gaudium et spes! Ks. Jacek Czwartek 28 Tygodnia zwyk\u0142ego, rok I, Wspomnienie \u015aw. Ignacego Antioche\u0144skiego, Biskupa i M\u0119czennika, do czyta\u0144: Rz 3,21\u201329; \u0141k 11,47\u201354 CZYTANIE Z LISTU \u015aWI\u0118TEGO PAW\u0141A APOSTO\u0141A DO RZYMIAN: Bracia: Teraz jawn\u0105 si\u0119 sta\u0142a sprawiedliwo\u015b\u0107 Bo\u017ca niezale\u017cna od Prawa, po\u015bwiadczana przez Prawo i [&hellip;]","og_url":"https:\/\/gaudiumetspes-blog.pl\/index.php\/2019\/10\/17\/tak-naprawde-liczy-sie-wiara\/","og_site_name":"Gaudium Et Spes","article_published_time":"2019-10-17T04:38:50+00:00","author":"Ks. Jacek","twitter_card":"summary_large_image","twitter_misc":{"Napisane przez":"Ks. Jacek","Szacowany czas czytania":"9 minut"},"schema":{"@context":"https:\/\/schema.org","@graph":[{"@type":"WebPage","@id":"https:\/\/gaudiumetspes-blog.pl\/index.php\/2019\/10\/17\/tak-naprawde-liczy-sie-wiara\/","url":"https:\/\/gaudiumetspes-blog.pl\/index.php\/2019\/10\/17\/tak-naprawde-liczy-sie-wiara\/","name":"Tak naprawd\u0119 - liczy si\u0119 wiara! - Gaudium Et Spes","isPartOf":{"@id":"https:\/\/gaudiumetspes-blog.pl\/#website"},"datePublished":"2019-10-17T04:38:50+00:00","author":{"@id":"https:\/\/gaudiumetspes-blog.pl\/#\/schema\/person\/1661982992b752dea8dff0d4ed845a65"},"breadcrumb":{"@id":"https:\/\/gaudiumetspes-blog.pl\/index.php\/2019\/10\/17\/tak-naprawde-liczy-sie-wiara\/#breadcrumb"},"inLanguage":"pl-PL","potentialAction":[{"@type":"ReadAction","target":["https:\/\/gaudiumetspes-blog.pl\/index.php\/2019\/10\/17\/tak-naprawde-liczy-sie-wiara\/"]}]},{"@type":"BreadcrumbList","@id":"https:\/\/gaudiumetspes-blog.pl\/index.php\/2019\/10\/17\/tak-naprawde-liczy-sie-wiara\/#breadcrumb","itemListElement":[{"@type":"ListItem","position":1,"name":"Strona g\u0142\u00f3wna","item":"https:\/\/gaudiumetspes-blog.pl\/"},{"@type":"ListItem","position":2,"name":"Tak&nbsp;naprawd\u0119 &#8211; liczy si\u0119 wiara!"}]},{"@type":"WebSite","@id":"https:\/\/gaudiumetspes-blog.pl\/#website","url":"https:\/\/gaudiumetspes-blog.pl\/","name":"Gaudium Et Spes","description":"Blog Ks. Jacka Ja\u015bkowskiego","potentialAction":[{"@type":"SearchAction","target":{"@type":"EntryPoint","urlTemplate":"https:\/\/gaudiumetspes-blog.pl\/?s={search_term_string}"},"query-input":{"@type":"PropertyValueSpecification","valueRequired":true,"valueName":"search_term_string"}}],"inLanguage":"pl-PL"},{"@type":"Person","@id":"https:\/\/gaudiumetspes-blog.pl\/#\/schema\/person\/1661982992b752dea8dff0d4ed845a65","name":"Ks. Jacek","image":{"@type":"ImageObject","inLanguage":"pl-PL","@id":"https:\/\/gaudiumetspes-blog.pl\/#\/schema\/person\/image\/","url":"https:\/\/gaudiumetspes-blog.pl\/wp-content\/uploads\/2019\/07\/avatar-JJ-150x150.jpg","contentUrl":"https:\/\/gaudiumetspes-blog.pl\/wp-content\/uploads\/2019\/07\/avatar-JJ-150x150.jpg","caption":"Ks. Jacek"},"description":"Witam serdecznie! K\u0142ania si\u0119 Ks. Jacek Ja\u015bkowski. Nie jestem ani kim\u015b wa\u017cnym, ani kim\u015b znanym. Jestem ksi\u0119dzem, kt\u00f3ry po prostu chce rozmawia\u0107. Codzienna kap\u0142a\u0144ska pos\u0142uga pokazuje mi, \u017ce temat\u00f3w do rozm\u00f3w z ksi\u0119dzem jest coraz wi\u0119cej i dzisiaj \u017caden ksi\u0105dz nie mo\u017ce od nich ucieka\u0107, ale - wprost przeciwnie - podejmowa\u0107 nowe wyzwania. To przekonanie sk\u0142oni\u0142o mnie do pr\u00f3by otwarcia tego\u017c bloga, chocia\u017c okazji do rozm\u00f3w na co dzie\u0144 - w konfesjonale i poza nim - na szcz\u0119\u015bcie nie brakuje. My\u015bl\u0119 jednak, \u017ce ten blog b\u0119dzie jeszcze jednym sposobem i przestrzeni\u0105 nawi\u0105zania kontaktu z lud\u017ami dobrej woli, otwartymi na dialog.","url":"https:\/\/gaudiumetspes-blog.pl\/index.php\/author\/ks-jacek\/"}]}},"jetpack_featured_media_url":"","jetpack_sharing_enabled":true,"_links":{"self":[{"href":"https:\/\/gaudiumetspes-blog.pl\/index.php\/wp-json\/wp\/v2\/posts\/15983","targetHints":{"allow":["GET"]}}],"collection":[{"href":"https:\/\/gaudiumetspes-blog.pl\/index.php\/wp-json\/wp\/v2\/posts"}],"about":[{"href":"https:\/\/gaudiumetspes-blog.pl\/index.php\/wp-json\/wp\/v2\/types\/post"}],"author":[{"embeddable":true,"href":"https:\/\/gaudiumetspes-blog.pl\/index.php\/wp-json\/wp\/v2\/users\/1"}],"replies":[{"embeddable":true,"href":"https:\/\/gaudiumetspes-blog.pl\/index.php\/wp-json\/wp\/v2\/comments?post=15983"}],"version-history":[{"count":1,"href":"https:\/\/gaudiumetspes-blog.pl\/index.php\/wp-json\/wp\/v2\/posts\/15983\/revisions"}],"predecessor-version":[{"id":15984,"href":"https:\/\/gaudiumetspes-blog.pl\/index.php\/wp-json\/wp\/v2\/posts\/15983\/revisions\/15984"}],"wp:attachment":[{"href":"https:\/\/gaudiumetspes-blog.pl\/index.php\/wp-json\/wp\/v2\/media?parent=15983"}],"wp:term":[{"taxonomy":"category","embeddable":true,"href":"https:\/\/gaudiumetspes-blog.pl\/index.php\/wp-json\/wp\/v2\/categories?post=15983"},{"taxonomy":"post_tag","embeddable":true,"href":"https:\/\/gaudiumetspes-blog.pl\/index.php\/wp-json\/wp\/v2\/tags?post=15983"}],"curies":[{"name":"wp","href":"https:\/\/api.w.org\/{rel}","templated":true}]}}