{"id":15989,"date":"2019-10-20T05:22:33","date_gmt":"2019-10-20T03:22:33","guid":{"rendered":"https:\/\/gaudiumetspes-blog.pl\/?p=15989"},"modified":"2019-10-19T21:19:13","modified_gmt":"2019-10-19T19:19:13","slug":"serca-wzniesione-ku-bogu","status":"publish","type":"post","link":"https:\/\/gaudiumetspes-blog.pl\/index.php\/2019\/10\/20\/serca-wzniesione-ku-bogu\/","title":{"rendered":"Serca wzniesione ku Bogu"},"content":{"rendered":"<p align=\"justify\"><span style=\"color: #000000;\"><span style=\"font-family: Book Antiqua, serif;\"><span style=\"font-size: large;\">Niech b\u0119dzie pochwalony Jezus Chrystus! Moi Drodzy, pozdrawiam z Samogoszczy, gdzie dzisiaj jest uroczysto\u015b\u0107 odpustowa \u015awi\u0119tej Jadwigi \u015al\u0105skiej, dlatego czytania s\u0105 z tej Uroczysto\u015bci. Ja jednak zamieszczam rozwa\u017canie niedzielne \u2013 zwa\u017cywszy, \u017ce jedna Msza \u015awi\u0119ta, poranna, b\u0119dzie w Samogoszczy z niedzieli, a tak\u017ce o 20:00 b\u0119d\u0119 odprawia\u0142 Msz\u0119 \u015awi\u0119t\u0105 niedzieln\u0105 w Duszpasterstwie Akademickim w Siedlcach. Zapraszam zatem do refleksji. <\/span><\/span><\/span><\/p>\n<p align=\"justify\"><span style=\"color: #000000;\"><span style=\"font-family: Book Antiqua, serif;\"><span style=\"font-size: large;\">Na g\u0142\u0119bokie i radosne prze\u017cywanie Dnia Pa\u0144skiego \u2013 <b>n<\/b><b>i<\/b><b>ech Was b\u0142ogos\u0142awi B\u00f3g Wszechmog\u0105cy: Ojciec + i Syn, i Duch \u015awi\u0119ty. Amen<\/b><\/span><\/span><\/span><\/p>\n<p align=\"center\"><span style=\"color: #000000;\"><span style=\"font-family: Book Antiqua, serif;\"><span style=\"font-size: large;\">Gaudium et spes! Ks. Jacek<\/span><\/span><\/span><\/p>\n<p align=\"center\">\n<p align=\"center\">\n<p align=\"center\">\n<p align=\"center\">\n<p align=\"center\">\n<p align=\"justify\"><span style=\"color: #000000;\"><span style=\"font-family: Book Antiqua, serif;\"><span style=\"font-size: large;\"><b>29 Niedziela zwyk\u0142a, C,<\/b><\/span><\/span><\/span><\/p>\n<p align=\"justify\"><span style=\"color: #000000;\"><span style=\"font-family: Book Antiqua, serif;\"><span style=\"font-size: large;\"><b>do czyta\u0144: Wj 17,8\u201313; 2 Tm 3,14\u20134,2; \u0141k 18,1\u20138<\/b><\/span><\/span><\/span><\/p>\n<p align=\"justify\">\n<p align=\"justify\">\n<p align=\"justify\">\n<p align=\"justify\">\n<p align=\"justify\">\n<p align=\"justify\"><span style=\"color: #000000;\"><span style=\"font-family: Book Antiqua, serif;\"><span style=\"font-size: large;\"><b>CZYTANIE Z KSI\u0118GI WYJ\u015aCIA:<\/b><\/span><\/span><\/span><\/p>\n<p align=\"justify\"><span style=\"color: #000000;\"><span style=\"font-family: Book Antiqua, serif;\"><span style=\"font-size: large;\"><b>Amalekici przybyli, aby walczy\u0107 z Izraelitami w Refidim.<\/b><\/span><\/span><\/span><\/p>\n<p align=\"justify\"><span style=\"color: #000000;\"><span style=\"font-family: Book Antiqua, serif;\"><span style=\"font-size: large;\"><b>Moj\u017cesz powiedzia\u0142 wtedy do Jozuego: \u201eWybierz sobie m\u0119\u017c\u00f3w i wyruszysz z nimi na walk\u0119 z Amalekitami. Ja jutro stan\u0119 na szczycie g\u00f3ry z lask\u0105 Boga w r\u0119ku\u201d. Jozue spe\u0142ni\u0142 polecenie Moj\u017cesza i wyruszy\u0142 do walki z Amalekitami. Moj\u017cesz, Aaron i Chur wyszli na szczyt g\u00f3ry.<\/b><\/span><\/span><\/span><\/p>\n<p align=\"justify\"><span style=\"color: #000000;\"><span style=\"font-family: Book Antiqua, serif;\"><span style=\"font-size: large;\"><b>Jak d\u0142ugo Moj\u017cesz trzyma\u0142 r\u0119ce podniesione do g\u00f3ry, Izrael mia\u0142 przewag\u0119. Gdy za\u015b r\u0119ce opuszcza\u0142, mia\u0142 przewag\u0119 Amalekita. Gdy r\u0119ce Moj\u017cesza zdr\u0119twia\u0142y, wzi\u0119li kamie\u0144 i po\u0142o\u017cyli pod niego, i usiad\u0142 na nim. Aaron i Chur podparli za\u015b jego r\u0119ce, jeden z tej, a drugi z tamtej strony. W ten spos\u00f3b a\u017c do zachodu s\u0142o\u0144ca by\u0142y jego r\u0119ce stale wzniesione wysoko. I tak zdo\u0142a\u0142 Jozue pokona\u0107 Amalekit\u00f3w i ich lud ostrzem miecza.<\/b><\/span><\/span><\/span><\/p>\n<p align=\"justify\">\n<p align=\"justify\">\n<p align=\"justify\">\n<p align=\"justify\">\n<p align=\"justify\">\n<p align=\"justify\">\n<p align=\"justify\"><span style=\"color: #000000;\"><span style=\"font-family: Book Antiqua, serif;\"><span style=\"font-size: large;\"><b>CZYTANIE Z DRUGIEGO LISTU \u015aWI\u0118TEGO PAW\u0141A APOSTO\u0141A DO TYMOTEUSZA:<\/b><\/span><\/span><\/span><\/p>\n<p align=\"justify\"><span style=\"color: #000000;\"><span style=\"font-family: Book Antiqua, serif;\"><span style=\"font-size: large;\"><b>Najdro\u017cszy: Trwaj w tym, czego si\u0119 nauczy\u0142e\u015b i co ci zawierzono, bo wiesz, od kogo si\u0119 nauczy\u0142e\u015b. Od lat bowiem niemowl\u0119cych znasz Pisma \u015bwi\u0119te, kt\u00f3re mog\u0105 ci\u0119 nauczy\u0107 m\u0105dro\u015bci wiod\u0105cej ku zbawieniu przez wiar\u0119 w Chrystusie Jezusie. Wszelkie Pismo od Boga jest natchnione i po\u017cyteczne do nauczania, do przekonywania, do poprawiania, do kszta\u0142cenia w sprawiedliwo\u015bci, aby cz\u0142owiek Bo\u017cy by\u0142 doskona\u0142y, przysposobiony do ka\u017cdego dobrego czynu.<\/b><\/span><\/span><\/span><\/p>\n<p align=\"justify\"><span style=\"color: #000000;\"><span style=\"font-family: Book Antiqua, serif;\"><span style=\"font-size: large;\"><b>Zaklinam ci\u0119 wobec Boga i Chrystusa Jezusa, kt\u00f3ry b\u0119dzie s\u0105dzi\u0142 \u017cywych i umar\u0142ych, i na Jego pojawienie si\u0119, i na Jego kr\u00f3lestwo: g\u0142o\u015b nauk\u0119, nastawaj w por\u0119, nie w por\u0119, w razie potrzeby wyka\u017c b\u0142\u0105d, poucz, podnie\u015b na duchu z ca\u0142\u0105 cierpliwo\u015bci\u0105, ilekro\u0107 nauczasz.<\/b><\/span><\/span><\/span><\/p>\n<p align=\"justify\">\n<p align=\"justify\">\n<p align=\"justify\">\n<p align=\"justify\">\n<p align=\"justify\">\n<p align=\"justify\"><span style=\"color: #000000;\"><span style=\"font-family: Book Antiqua, serif;\"><span style=\"font-size: large;\"><b>S\u0141OWA EWANGELII WED\u0141UG \u015aWI\u0118TEGO \u0141UKASZA:<\/b><\/span><\/span><\/span><\/p>\n<p align=\"justify\"><span style=\"color: #000000;\"><span style=\"font-family: Book Antiqua, serif;\"><span style=\"font-size: large;\"><b>Jezus odpowiedzia\u0142 swoim uczniom przypowie\u015b\u0107 o tym, \u017ce zawsze powinni modli\u0107 si\u0119 i nie ustawa\u0107: \u201eW pewnym mie\u015bcie \u017cy\u0142 s\u0119dzia, kt\u00f3ry Boga si\u0119 nie ba\u0142 i nie liczy\u0142 si\u0119 z lud\u017ami.<\/b><\/span><\/span><\/span><\/p>\n<p align=\"justify\"><span style=\"color: #000000;\"><span style=\"font-family: Book Antiqua, serif;\"><span style=\"font-size: large;\"><b>W tym samym mie\u015bcie \u017cy\u0142a wdowa, kt\u00f3ra przychodzi\u0142a do niego z pro\u015bb\u0105: \u00abObro\u0144 mnie przed moim przeciwnikiem\u00bb. Przez pewien czas nie chcia\u0142; lecz potem rzek\u0142 do siebie: \u00abChocia\u017c Boga si\u0119 nie boj\u0119 ani z lud\u017ami si\u0119 nie licz\u0119, to jednak, poniewa\u017c naprzykrza mi si\u0119 ta wdowa, wezm\u0119 j\u0105 w obron\u0119, \u017ceby nie przychodzi\u0142a bez ko\u0144ca i nie zadr\u0119cza\u0142a mnie\u00bb\u201d.<\/b><\/span><\/span><\/span><\/p>\n<p align=\"justify\"><span style=\"color: #000000;\"><span style=\"font-family: Book Antiqua, serif;\"><span style=\"font-size: large;\"><b>I Pan doda\u0142: \u00abS\u0142uchajcie, co ten niesprawiedliwy s\u0119dzia m\u00f3wi. A B\u00f3g, czy\u017c nie we\u017amie w obron\u0119 swoich wybranych, kt\u00f3rzy dniem i noc\u0105 wo\u0142aj\u0105 do Niego, i czy b\u0119dzie zwleka\u0142 w ich sprawie?<\/b><\/span><\/span><\/span><\/p>\n<p align=\"justify\"><span style=\"color: #000000;\"><span style=\"font-family: Book Antiqua, serif;\"><span style=\"font-size: large;\"><b>Powiadam wam, \u017ce pr\u0119dko we\u017amie ich w obron\u0119. Czy jednak Syn Cz\u0142owieczy znajdzie wiar\u0119 na ziemi, gdy przyjdzie?\u00bb<\/b><\/span><\/span><\/span><\/p>\n<p align=\"justify\">\n<p align=\"justify\">\n<p align=\"justify\">\n<p align=\"justify\">\n<p align=\"justify\">\n<p align=\"justify\"><span style=\"color: #000000;\"><span style=\"font-family: Book Antiqua, serif;\"><span style=\"font-size: large;\">Je\u017celi chcieliby\u015bmy po\u0142\u0105czy\u0107 jednym s\u0142owem wszystkie trzy czytania dzisiejszej liturgii, to chyba tym s\u0142owem \u0142\u0105cz\u0105cym, tym \u2013 jak by to okre\u015bli\u0107 j\u0119zykiem matematycznym \u2013 <b>wsp\u00f3lnym mianownikiem<\/b> by\u0142oby s\u0142owo: <b>\u201ewytrwa\u0142o\u015b\u0107\u201d.<\/b> <\/span><\/span><\/span><\/p>\n<p align=\"justify\"><span style=\"color: #000000;\"><span style=\"font-family: Book Antiqua, serif;\"><span style=\"font-size: large;\">Oto w czytaniu z Ksi\u0119gi Wyj\u015bcia s\u0142yszymy opis walki Izraelit\u00f3w z Amalekitami. Walk\u0119 prowadzi\u0142 Jozue, ale chyba nikt, uwa\u017cnie s\u0142uchaj\u0105cy tego opisu, nie ma w\u0105tpliwo\u015bci, \u017ce zwyci\u0119stwo by\u0142o <b>spraw\u0105 Bo\u017c\u0105<\/b>, a zewn\u0119trzn\u0105 jego zapowiedzi\u0105, zewn\u0119trznym jego sygna\u0142em by\u0142y <b>podniesione r\u0119ce Moj\u017cesza, <\/b>kt\u00f3re \u2013 gdy zacz\u0119\u0142y opada\u0107 \u2013 <b>zosta\u0142y wsparte przez Aarona i Chura,<\/b> poniewa\u017c w\u0142a\u015bnie <b>od tych wzniesionych r\u0105k<\/b> B\u00f3g uzale\u017cni\u0142 zwyci\u0119stwo w walce. Wytrwale wzniesione r\u0119ce Moj\u017cesza \u201e\u015bci\u0105gn\u0119\u0142y\u201d z Nieba moc zwyci\u0119stwa. <\/span><\/span><\/span><\/p>\n<p align=\"justify\"><span style=\"color: #000000;\"><span style=\"font-family: Book Antiqua, serif;\"><span style=\"font-size: large;\">Bardzo podobne przes\u0142anie zawiera w sobie czytanie ewangeliczne. Przedstawiaj\u0105c <b>przypowie\u015b\u0107 o ubogiej wdowie,<\/b> zwracaj\u0105cej si\u0119 z pro\u015bb\u0105 do niesprawiedliwego s\u0119dziego, Jezus zach\u0119ca nas do postawy wytrwa\u0142o\u015bci, a nawet ju\u017c nie tylko wytrwa\u0142o\u015bci, ale <b>wr\u0119cz<\/b> <b>natarczywo\u015bci.<\/b> Uboga wdowa z\u0142ama\u0142a wszelkie konwenanse, bo nie do\u015b\u0107, \u017ce w og\u00f3le odwa\u017cy\u0142a si\u0119 zwr\u00f3ci\u0107 do takiego wielmo\u017cy, <b>to jeszcze wr\u0119cz domaga\u0142a si\u0119 od niego zaanga\u017cowania w swoj\u0105 spraw\u0119<\/b> \u2013 obron\u0119 przed przeciwnikiem. Jezus chwali jej postaw\u0119 i m\u00f3wi, \u017ce w\u0142a\u015bnie o to chodzi w naszym odniesieniu do Boga <b>\u2013 mamy by\u0107 nie tylko wytrwali, ale wr\u0119cz natarczywi;<\/b> mamy bardzo zdecydowanie i konkretnie zwraca\u0107 si\u0119 do Boga. <\/span><\/span><\/span><\/p>\n<p align=\"justify\"><span style=\"color: #000000;\"><span style=\"font-family: Book Antiqua, serif;\"><span style=\"font-size: large;\">Mamy wytrwale modli\u0107 si\u0119, mamy szczerze przedstawia\u0107 swoje sprawy, bo je\u017celi niesprawiedliwy s\u0119dzia da\u0142 si\u0119 wreszcie przekona\u0107 natarczywej kobiecie, <b>to o ile\u017c bardziej B\u00f3g pospieszy z pomoc\u0105 <\/b>tym, kt\u00f3rzy go szczerze prosz\u0105: <b>B\u00f3g, kt\u00f3ry jest mi\u0142osierny<\/b>. <\/span><\/span><\/span><\/p>\n<p align=\"justify\"><span style=\"color: #000000;\"><span style=\"font-family: Book Antiqua, serif;\"><span style=\"font-size: large;\">Mo\u017cna si\u0119 jedynie domy\u015bla\u0107, \u017ce Jezus celowo u\u017cy\u0142 w przypowie\u015bci przyk\u0142adu niesprawiedliwego cz\u0142owieka, aby <b>mocniej jeszcze podkre\u015bli\u0107<\/b> <b>kontrast<\/b> ze sprawiedliwym Bogiem: skoro bowiem niesprawiedliwy cz\u0142owiek ulega pro\u015bbom i spe\u0142nia pok\u0142adane w nim oczekiwania, to o ile\u017c ch\u0119tniej uczyni to B\u00f3g, kt\u00f3ry jest <b>sprawiedliwszy od ka\u017cdego sprawiedliwego cz\u0142owieka,<\/b> a c\u00f3\u017c dopiero od cz\u0142owieka niesprawiedliwego. <b>Czy\u017c nie spe\u0142ni <\/b>szczerych pragnie\u0144 i dobrych oczekiwa\u0144,<b> o ile s\u0105 one zanoszone wytrwale?<\/b> <\/span><\/span><\/span><\/p>\n<p align=\"justify\"><span style=\"color: #000000;\"><span style=\"font-family: Book Antiqua, serif;\"><span style=\"font-size: large;\">Do tre\u015bci zawartych w tych dw\u00f3ch biblijnych fragmentach, trzeba do\u0142\u0105czy\u0107 jeszcze czytanie z Listu \u015awi\u0119tego Paw\u0142a Aposto\u0142a do Tymoteusza, w kt\u00f3rym Aposto\u0142 zwraca si\u0119 do m\u0142odego Biskupa r\u00f3wnie\u017c z zach\u0119t\u0105 do wytrwa\u0142o\u015bci: <i><b>Najdro\u017cszy, trwaj w tym, czego si\u0119 nauczy\u0142e\u015b i co ci zawierzono.<\/b><\/i> Z dalszej lektury dowiadujemy si\u0119, \u017ce tym czym\u015b s\u0105 <b>Pisma \u015awi\u0119te i zawarta w nich m\u0105dro\u015b\u0107. <\/b><\/span><\/span><\/span><\/p>\n<p align=\"justify\"><span style=\"color: #000000;\"><span style=\"font-family: Book Antiqua, serif;\"><span style=\"font-size: large;\">Nie wystarczy\u0142o, \u017ce Tymoteusz j\u0105 posiad\u0142, \u017ce j\u0105 zg\u0142\u0119bi\u0142, \u017ce od samego Paw\u0142a przej\u0105\u0142 <b>jasne rozumienie prawd wiary,<\/b> a mo\u017ce jeszcze i innym dobrze prawdy te wyk\u0142ada\u0142. Okazuje si\u0119, \u017ce nie to jest najwa\u017cniejsze. Najwa\u017cniejsze jest, <b>aby w tym, czego si\u0119 nauczy\u0142, stale trwa<\/b><b>\u0142.<\/b> A na czym to trwanie b\u0119dzie polega\u0142o, to ju\u017c Pawe\u0142 dok\u0142adnie wyja\u015bnia Tymoteuszowi:<i> <\/i><i><b>G\u0142o\u015b nauk\u0119, nastawaj w por\u0119, nie w por\u0119, w razie potrzeby wyka\u017c b\u0142\u0105d, poucz, podnie\u015b na duchu z ca\u0142\u0105 cierpliwo\u015bci\u0105, ilekro\u0107 nauczasz.<\/b><\/i><b> <\/b><\/span><\/span><\/span><\/p>\n<p align=\"justify\"><span style=\"color: #000000;\"><span style=\"font-family: Book Antiqua, serif;\"><span style=\"font-size: large;\">Czy\u017c m\u00f3g\u0142 si\u0119 takich zada\u0144 podj\u0105\u0107 kto\u015b, kto ze s\u0142owem Bo\u017cym mia\u0142by kontakt jedynie okazyjny? Czy mo\u017ce przekonywa\u0107 o m\u0105dro\u015bci i skuteczno\u015bci S\u0142owa kto\u015b,<b> kto sam nie jest do <\/b><b>n<\/b><b>iego przekonany<\/b>, kto w nim po prostu nie trwa? <b>Jak\u0105 warto\u015b\u0107 mia\u0142yby s\u0142owa pouczenia, <\/b>kierowane najpierw przez Paw\u0142a, a nast\u0119pnie przez Tymoteusza, je\u017celi Bo\u017ce s\u0142owo, na kt\u00f3rym mieli oprze\u0107 swoje nauczanie, pozosta\u0142oby dla nich <b>tylko jak\u0105\u015b odleg\u0142\u0105 rzeczywisto\u015bci\u0105, <\/b>a nie trwaliby w nim rzeczywi\u015bcie? <\/span><\/span><\/span><\/p>\n<p align=\"justify\"><span style=\"color: #000000;\"><span style=\"font-family: Book Antiqua, serif;\"><span style=\"font-size: large;\">Dlatego owo trwanie jest tak bardzo wa\u017cne, nie tylko w \u017cyciu Aposto\u0142\u00f3w, ale tak\u017ce w codziennej realizacji <b>naszego<\/b> <b>chrze\u015bcija\u0144skiego powo\u0142ania do \u015bwi\u0119to\u015bci. <\/b>To r\u00f3wnie\u017c do nas Jezus si\u0119 zwraca z zach\u0119t\u0105, aby nasze r\u0119ce by\u0142y ci\u0105gle wzniesione do Nieba. <b>Ci\u0105gle!<\/b> I wtedy, gdy nic si\u0119 nie udaje, <b>ale i wtedy, gdy wszystko uk\u0142ada si\u0119 wzorowo.<\/b> <\/span><\/span><\/span><\/p>\n<p align=\"justify\"><span style=\"color: #000000;\"><span style=\"font-family: Book Antiqua, serif;\"><span style=\"font-size: large;\">I wtedy, gdy mamy jak\u0105\u015b pro\u015bb\u0119 do Boga, mamy jak\u0105\u015b spraw\u0119, ale jednocze\u015bnie tak\u017ce wtedy, gdy nic i nikt nas nie niepokoi, nic nam nie zagra\u017ca, nikt nam nie przeszkadza i nie utrudnia \u017cycia, <b>kiedy wszystko uk\u0142ada si\u0119 pomy\u015blnie. <\/b>Mamy zawsze wznosi\u0107 nasze r\u0119ce do Boga, naturalnie \u2013 w spos\u00f3b duchowy. <\/span><\/span><\/span><\/p>\n<p align=\"justify\"><span style=\"color: #000000;\"><span style=\"font-family: Book Antiqua, serif;\"><span style=\"font-size: large;\">Tak bardzo konkretnie wyra\u017ca to wezwanie liturgiczne, kt\u00f3re s\u0142yszymy na ka\u017cdej Mszy \u015awi\u0119tej:<b> \u201eW g\u00f3r\u0119 serca\u201d,<\/b> na kt\u00f3re odpowiadamy: <b>\u201eWznosimy je do Pana\u201d.<\/b> To w\u0142a\u015bnie dok\u0142adnie o to chodzi, <b>aby\u015bmy nasze serca wznosili do Pana,<\/b> aby\u015bmy je zawsze kierowali ku g\u00f3rze. <b>Zawsze!<\/b> <\/span><\/span><\/span><\/p>\n<p align=\"justify\"><span style=\"color: #000000;\"><span style=\"font-family: Book Antiqua, serif;\"><span style=\"font-size: large;\">Przecie\u017c Jozue zwyci\u0119\u017cy\u0142 w\u0142a\u015bnie dzi\u0119ki temu, \u017ce Moj\u017cesz swoje r\u0119ce trzyma\u0142 wytrwale w g\u00f3rze. Nie by\u0142o nawet istotne to, \u017ce ju\u017c sam nie da\u0142 rady i \u017ce skorzysta\u0142 z pomocy dw\u00f3ch m\u0119\u017c\u00f3w, kt\u00f3rzy go wsparli. Wa\u017cne jest to, <b>\u017ce chcia\u0142 wytrwa\u0107 <\/b>i wa\u017cne jest to, i\u017c zrozumia\u0142, <b>jak bardzo wiele zale\u017cy od tych jego wzniesionych r\u0105k.<\/b> W ten spos\u00f3b bowiem zwyci\u0119stwo, kt\u00f3re w prostej linii by\u0142o zas\u0142ug\u0105 Boga, <b>w jaki\u015b spos\u00f3b<\/b> sta\u0142o si\u0119 tak\u017ce zas\u0142ug\u0105 Moj\u017cesza, oraz tych, kt\u00f3rzy mu pomogli. Wa\u017cnym jest zatem, aby\u015bmy nasze r\u0119ce \u2013 aby\u015bmy nasze serca \u2013 stale do Boga wznosili!<\/span><\/span><\/span><\/p>\n<p align=\"justify\"><span style=\"color: #000000;\"><span style=\"font-family: Book Antiqua, serif;\"><span style=\"font-size: large;\">To si\u0119 jednak zazwyczaj dobrze m\u00f3wi, ale w praktyce okazuje si\u0119, \u017ce na co dzie\u0144 <b>cz\u0119sto cz\u0142owiek swoje r\u0119ce<\/b> <b>kieruje w bardzo r\u00f3\u017cne strony<\/b> i to w dodatku \u2013 w strony odleg\u0142e od Boga. Trzymanie r\u0105k wzniesionych ku g\u00f3rze, jak by nie by\u0142o, troch\u0119 kosztuje: troch\u0119 wysi\u0142ku i \u2013 jak ju\u017c wspomnieli\u015bmy \u2013 <b>troch\u0119<\/b> <b>wytrwa\u0142o\u015bci.<\/b> Wi\u0119c nieraz poszukuje si\u0119 \u0142atwiejszych rozwi\u0105za\u0144: <b>zamiast wznosi\u0107 r\u0119ce ku Niebu, mo\u017ce uda si\u0119 je skierowa\u0107 gdzie\u015b ku ziemi \u2013 <\/b>mo\u017ce tu znajdzie si\u0119 rozwi\u0105zanie naszych problem\u00f3w?<\/span><\/span><\/span><\/p>\n<p align=\"justify\"><span style=\"color: #000000;\"><span style=\"font-family: Book Antiqua, serif;\"><span style=\"font-size: large;\"><b>Po co od razu anga\u017cowa\u0107 Boga,<\/b> po co od razu anga\u017cowa\u0107 si\u0119 samemu tak bardzo w tym kierunku, wszak wiadomo, \u017ce kiedy anga\u017cuje si\u0119 Boga, to tak\u017ce trzeba <b>liczy\u0107 si\u0119 z Jego wymaganiami,<\/b> trzeba liczy\u0107 si\u0119 z Jego Ewangeli\u0105, trzeba b\u0119dzie ju\u017c nie na \u017carty <b>zacz\u0105\u0107 w <\/b><b>n<\/b><b>iej trwa\u0107<\/b> i wed\u0142ug niej kszta\u0142towa\u0107 \u017cycie. Wi\u0119c mo\u017ce lepiej z tymi r\u0119kami tak bardzo <b>do g\u00f3ry si\u0119 \u201enie pcha\u0107\u201d,<\/b> mo\u017ce uda si\u0119 jako\u015b inaczej \u2013 \u0142atwiej i szybciej?\u2026<\/span><\/span><\/span><\/p>\n<p align=\"justify\"><span style=\"color: #000000;\"><span style=\"font-family: Book Antiqua, serif;\"><span style=\"font-size: large;\">Tak si\u0119 wydaje i takich sposob\u00f3w si\u0119 szuka do czasu, kiedy sytuacja nie wymusi zwr\u00f3cenia si\u0119 bezpo\u015brednio do Boga, bo wszystkie inne kombinacje zawiod\u0105. Wtedy pozostaje ju\u017c <b>tylko B\u00f3g ze swoj\u0105 wszechmoc\u0105.<\/b> I wtedy ju\u017c cz\u0142owiek nie zastanawia si\u0119, czy warto, czy nie, <b>ale wznosi swoje r\u0119ce do Boga i \u201edobija si\u0119\u201d o pomoc,<\/b> o \u0142ask\u0119, o zdrowie dla najbli\u017cszych, o rozwi\u0105zanie swoich problem\u00f3w. I co si\u0119 okazuje? <\/span><\/span><\/span><\/p>\n<p align=\"justify\"><span style=\"color: #000000;\"><span style=\"font-family: Book Antiqua, serif;\"><span style=\"font-size: large;\">Okazuje si\u0119, \u017ce B\u00f3g nie od razu odpowiada; okazuje si\u0119, <b>\u017ce B\u00f3g dzia\u0142a w spos\u00f3b sobie wiadomy,<\/b> maj\u0105c zawsze na uwadze przede wszystkim duchowe dobro cz\u0142owieka. A czasem mo\u017ce pozwoli mu do\u015bwiadczy\u0107 ludzkiej s\u0142abo\u015bci, aby jeszcze bardziej zrozumia\u0142, \u017ce poza Bogiem <b>nie ma \u017cadnego ratunku.<\/b> Cz\u0142owiekowi wtedy jednak wydaje si\u0119, \u017ce B\u00f3g go opu\u015bci\u0142, \u017ce Bogu na nim nie zale\u017cy. To jednak nie jest tak! <\/span><\/span><\/span><\/p>\n<p align=\"justify\"><span style=\"color: #000000;\"><span style=\"font-family: Book Antiqua, serif;\"><span style=\"font-size: large;\">B\u00f3g widzi wzniesione r\u0119ce, ale dla Niego, jako dla Osoby, kt\u00f3ra <b>kocha i tak\u017ce chce by\u0107 kochan\u0105,<\/b> jest bardzo istotne i wa\u017cne, czy widzi te ludzkie r\u0119ce<b> stale wzniesione ku sobie,<\/b> czy tylko przy okazji lub z powodu nagl\u0105cej potrzeby. Dla Boga ma bardzo du\u017ce znaczenie to, czy te r\u0119ce wzniesione ku Niemu s\u0105 <b>czyste,<\/b> czy s\u0105 ubrudzone rozlicznymi grzechami, bo zanim cz\u0142owiek wzni\u00f3s\u0142 je ku Niebu, to <b>zd\u0105\u017cy\u0142 je jeszcze skierowa\u0107 ku r\u00f3\u017cnym grzesznym sprawkom <\/b>i dopiero potem, z konieczno\u015bci, wzni\u00f3s\u0142 je do Boga.<\/span><\/span><\/span><\/p>\n<p align=\"justify\"><span style=\"color: #000000;\"><span style=\"font-family: Book Antiqua, serif;\"><span style=\"font-size: large;\">\u017baden przyjaciel nie chce by\u0107 przyjacielem tylko od wyj\u0105tkowej okazji czy wtedy, kiedy jest do czego\u015b potrzebny. <b>B\u00f3g te\u017c nie chce!<\/b> Z pewno\u015bci\u0105 sprawia Mu wielk\u0105 rado\u015b\u0107 i satysfakcj\u0119 <b>szczera modlitwa cz\u0142owieka,<\/b> nawet je\u017celi ten, jak wdowa z dzisiejszej Ewangelii, dobija si\u0119 do Niego o tak\u0105 czy inn\u0105 pomoc, ale czyni to <b>ze szczerego serca i gor\u0105co <\/b><b>Mu <\/b><b>ufa.<\/b> W takiej sytuacji \u2013 naprawd\u0119 \u2013 mo\u017ce powiedzie\u0107 Bogu <b>dos\u0142ownie wszystko i w ka\u017cdej chwili. <\/b><\/span><\/span><\/span><\/p>\n<p align=\"justify\"><span style=\"color: #000000;\"><span style=\"font-family: Book Antiqua, serif;\"><span style=\"font-size: large;\">Czym innym jednak jest pretensja, skierowana do Boga \u2013 wtedy szczeg\u00f3lnie, kiedy cz\u0142owiek ze swojej strony <b>nic nie czyni, aby si\u0119 <\/b><b>do Niego <\/b><b>zbli\u017cy\u0107,<\/b> aby Go potraktowa\u0107 powa\u017cnie, lecz przypomina sobie o nim <b>w ostateczno\u015bci<\/b> i oczekuje natychmiastowego spe\u0142nienia <b>zachcianek.<\/b> Trudno oczekiwa\u0107, aby takie postawienie sprawy mog\u0142o Boga ucieszy\u0107. Oczywi\u015bcie, B\u00f3g i <b>w takiej sytuacji nie przestanie cz\u0142owieka kocha\u0107, <\/b>ale z pewno\u015bci\u0105 w jaki\u015b spos\u00f3b zasygnalizuje mu, \u017ce taka postawa wymaga zmiany. <\/span><\/span><\/span><\/p>\n<p align=\"justify\"><span style=\"color: #000000;\"><span style=\"font-family: Book Antiqua, serif;\"><span style=\"font-size: large;\">A ca\u0142o\u015b\u0107 tych naszych rozwa\u017ca\u0144 doskonale podsumowuj\u0105 ostatnie trzy zdania dzisiejszej Ewangelii: <i><b>Czy\u017c B\u00f3g nie we\u017amie w obron\u0119 swoich wybranych, kt\u00f3rzy dniem i noc\u0105 wo\u0142aj\u0105 do Niego, i czy b\u0119dzie zwleka\u0142 w ich sprawie? Powiadam wam, \u017ce pr\u0119dko we\u017amie ich w obron\u0119. Czy jednak Syn Cz\u0142owieczy znajdzie wiar\u0119 na ziemi, gdy przyjdzie?<\/b><\/i> <\/span><\/span><\/span><\/p>\n<p align=\"justify\"><span style=\"color: #000000;\"><span style=\"font-family: Book Antiqua, serif;\"><span style=\"font-size: large;\">W\u0142a\u015bnie, moi Drodzy, tu jest ca\u0142e sedno sprawy. <b>Czy ludzie b\u0119d\u0105 swoje r\u0119ce wznosi\u0107 do Boga w duchu wiary?<\/b> Czy ich zwracanie si\u0119 do Niego b\u0119dzie jednym z element\u00f3w postawy wiary, codziennie i konsekwentnie realizowanej, czy te\u017c odbywa\u0107 si\u0119 b\u0119dzie na zasadzie, \u017ce tu spr\u00f3bowa\u0142em, tam spr\u00f3bowa\u0142em, <b>to i z Panem Bogiem te\u017c spr\u00f3buj<\/b><b>\u0119<\/b> co\u015b za\u0142atwi\u0107 \u2013 tak, na wszelki wypadek\u2026 <\/span><\/span><\/span><\/p>\n<p align=\"justify\"><span style=\"color: #000000;\"><span style=\"font-family: Book Antiqua, serif;\"><span style=\"font-size: large;\">Moi Drodzy, je\u017celi cz\u0142owiek ma r\u0119ce stale i wytrwale wzniesione ku Bogu, je\u017celi z Nim prze\u017cywa ka\u017cd\u0105 minut\u0119 swojego \u017cycia, je\u017celi trwa w Bo\u017cej nauce, je\u017celi Bo\u017ce s\u0142owo czyni <b>programem swego dzia\u0142ania<\/b> i wszystkich swoich zamiar\u00f3w, to taki kto\u015b naprawd\u0119 staje przed Bogiem w zupe\u0142nie inny spos\u00f3b, ni\u017c <b>interesant, kt\u00f3ry przychodzi za\u0142atwi\u0107 z <\/b><b>Nim<\/b><b> jak\u0105\u015b spraw\u0119, <\/b>\u017ceby potem znowu o Nim zapomnie\u0107 na d\u0142u\u017cszy czas.<\/span><\/span><\/span><\/p>\n<p align=\"justify\"><span style=\"color: #000000;\"><span style=\"font-family: Book Antiqua, serif;\"><span style=\"font-size: large;\">Naprawd\u0119, inaczej rozmawia z Bogiem i inaczej jest przez Boga postrzegany <b>cz\u0142owiek, kt\u00f3ry ma z Nim sta\u0142y kontakt,<\/b> ani\u017celi ten, kto sobie o Nim z rzadka przypomina. Cz\u0142owiek, kt\u00f3ry ma stale wzniesione ku Bogu serce, potrafi r\u00f3wnie\u017c<b> pom\u00f3c innym,<\/b> bo w trudnej sytuacji, podobnie jak Aaron i Chur podtrzymywali r\u0119ce Moj\u017cesza, tak on r\u00f3wnie\u017c pomo\u017ce jedynie w Bogu szuka\u0107 ratunku<b>, pomo\u017ce innym nie straci\u0107 nadziei, <\/b>obroni\u0107 si\u0119 przed rozpacz\u0105.<\/span><\/span><\/span><\/p>\n<p align=\"justify\"><span style=\"color: #000000;\"><span style=\"font-family: Book Antiqua, serif;\"><span style=\"font-size: large;\">Rzeczywi\u015bcie bowiem, dop\u00f3ki <b>jeszcze<\/b> cz\u0142owiek wznosi do Boga r\u0119ce, dop\u00f3ki <b>jeszcze<\/b> szuka u Boga ratunku, <b>dot\u0105d nie zga\u015bnie Jego nadzieja<\/b> i dot\u0105d mo\u017ce liczy\u0107 na pomoc. Moi Drodzy! Dobrze, aby\u015bmy <b>sobie nawzajem pomagali wznosi\u0107 r\u0119ce do Pana, <\/b>aby\u015bmy te r\u0119ce sobie nawzajem podtrzymywali \u2013 to znaczy tak bardzo konkretnie: aby\u015bmy w chwilach trudnych<b> przypominali sobie nawzajem, \u017ce przecie\u017c<\/b> <b>jeste\u015bmy chrze\u015bcijanami,<\/b> a st\u0105d p\u0142ynie dla nas nadzieja i si\u0142a, st\u0105d p\u0142ynie dla nas ratunek. Wprost od Boga.<\/span><\/span><\/span><\/p>\n<p align=\"justify\"><span style=\"color: #000000;\"><span style=\"font-family: Book Antiqua, serif;\"><span style=\"font-size: large;\">M\u00f3dlmy si\u0119 za siebie nawzajem, aby\u015bmy ju\u017c nigdy tego ratunku <b>nie szukali poza Bogiem!<\/b> M\u00f3dlmy si\u0119 za siebie nawzajem, aby\u015bmy <b>stale mieli serca wzniesione ku g\u00f3rze, ku Bogu.<\/b> M\u00f3dlmy si\u0119 za siebie nawzajem, aby\u015bmy zawsze trwali w nauce Bo\u017cej. Aby Jezus, kt\u00f3ry zwr\u00f3ci si\u0119 do nas z pytaniem, jakie postawi\u0142 dzisiaj w Ewangelii:<b> <\/b><b>\u00ab<\/b><b>Czy znajd<\/b><b>\u0119<\/b><b> wiar\u0119 na ziemi, gdy przyjd<\/b><b>\u0119<\/b><b>?<\/b><b>\u00bb<\/b><i><b> <\/b><\/i><b>\u2013 <\/b>m\u00f3g\u0142 us\u0142ysze\u0107 nasz\u0105 odpowied\u017a:<b> <\/b><b>Tak, Panie, znajdziesz j\u0105 w naszych sercach!<\/b><\/span><\/span><\/span><\/p>\n","protected":false},"excerpt":{"rendered":"<p>Niech b\u0119dzie pochwalony Jezus Chrystus! Moi Drodzy, pozdrawiam z Samogoszczy, gdzie dzisiaj jest uroczysto\u015b\u0107 odpustowa \u015awi\u0119tej Jadwigi \u015al\u0105skiej, dlatego czytania s\u0105 z tej Uroczysto\u015bci. Ja jednak zamieszczam rozwa\u017canie niedzielne \u2013 zwa\u017cywszy, \u017ce jedna Msza \u015awi\u0119ta, poranna, b\u0119dzie w Samogoszczy z niedzieli, a tak\u017ce o 20:00 b\u0119d\u0119 odprawia\u0142 Msz\u0119 \u015awi\u0119t\u0105 niedzieln\u0105 w Duszpasterstwie Akademickim w Siedlcach. [&hellip;]<\/p>\n","protected":false},"author":1,"featured_media":0,"comment_status":"open","ping_status":"open","sticky":false,"template":"","format":"standard","meta":{"jetpack_post_was_ever_published":false,"_jetpack_newsletter_access":"","_jetpack_dont_email_post_to_subs":false,"_jetpack_newsletter_tier_id":0,"_jetpack_memberships_contains_paywalled_content":false,"_jetpack_memberships_contains_paid_content":false,"footnotes":""},"categories":[1],"tags":[],"class_list":["post-15989","post","type-post","status-publish","format-standard","hentry","category-bez-kategorii"],"yoast_head":"<!-- This site is optimized with the Yoast SEO plugin v25.1 - https:\/\/yoast.com\/wordpress\/plugins\/seo\/ -->\n<title>Serca wzniesione ku Bogu - Gaudium Et Spes<\/title>\n<meta name=\"robots\" content=\"index, follow, max-snippet:-1, max-image-preview:large, max-video-preview:-1\" \/>\n<link rel=\"canonical\" href=\"https:\/\/gaudiumetspes-blog.pl\/index.php\/2019\/10\/20\/serca-wzniesione-ku-bogu\/\" \/>\n<meta property=\"og:locale\" content=\"pl_PL\" \/>\n<meta property=\"og:type\" content=\"article\" \/>\n<meta property=\"og:title\" content=\"Serca wzniesione ku Bogu - Gaudium Et Spes\" \/>\n<meta property=\"og:description\" content=\"Niech b\u0119dzie pochwalony Jezus Chrystus! Moi Drodzy, pozdrawiam z Samogoszczy, gdzie dzisiaj jest uroczysto\u015b\u0107 odpustowa \u015awi\u0119tej Jadwigi \u015al\u0105skiej, dlatego czytania s\u0105 z tej Uroczysto\u015bci. Ja jednak zamieszczam rozwa\u017canie niedzielne \u2013 zwa\u017cywszy, \u017ce jedna Msza \u015awi\u0119ta, poranna, b\u0119dzie w Samogoszczy z niedzieli, a tak\u017ce o 20:00 b\u0119d\u0119 odprawia\u0142 Msz\u0119 \u015awi\u0119t\u0105 niedzieln\u0105 w Duszpasterstwie Akademickim w Siedlcach. [&hellip;]\" \/>\n<meta property=\"og:url\" content=\"https:\/\/gaudiumetspes-blog.pl\/index.php\/2019\/10\/20\/serca-wzniesione-ku-bogu\/\" \/>\n<meta property=\"og:site_name\" content=\"Gaudium Et Spes\" \/>\n<meta property=\"article:published_time\" content=\"2019-10-20T03:22:33+00:00\" \/>\n<meta name=\"author\" content=\"Ks. Jacek\" \/>\n<meta name=\"twitter:card\" content=\"summary_large_image\" \/>\n<meta name=\"twitter:label1\" content=\"Napisane przez\" \/>\n\t<meta name=\"twitter:data1\" content=\"Ks. Jacek\" \/>\n\t<meta name=\"twitter:label2\" content=\"Szacowany czas czytania\" \/>\n\t<meta name=\"twitter:data2\" content=\"13 minut\" \/>\n<script type=\"application\/ld+json\" class=\"yoast-schema-graph\">{\"@context\":\"https:\/\/schema.org\",\"@graph\":[{\"@type\":\"WebPage\",\"@id\":\"https:\/\/gaudiumetspes-blog.pl\/index.php\/2019\/10\/20\/serca-wzniesione-ku-bogu\/\",\"url\":\"https:\/\/gaudiumetspes-blog.pl\/index.php\/2019\/10\/20\/serca-wzniesione-ku-bogu\/\",\"name\":\"Serca wzniesione ku Bogu - Gaudium Et Spes\",\"isPartOf\":{\"@id\":\"https:\/\/gaudiumetspes-blog.pl\/#website\"},\"datePublished\":\"2019-10-20T03:22:33+00:00\",\"author\":{\"@id\":\"https:\/\/gaudiumetspes-blog.pl\/#\/schema\/person\/1661982992b752dea8dff0d4ed845a65\"},\"breadcrumb\":{\"@id\":\"https:\/\/gaudiumetspes-blog.pl\/index.php\/2019\/10\/20\/serca-wzniesione-ku-bogu\/#breadcrumb\"},\"inLanguage\":\"pl-PL\",\"potentialAction\":[{\"@type\":\"ReadAction\",\"target\":[\"https:\/\/gaudiumetspes-blog.pl\/index.php\/2019\/10\/20\/serca-wzniesione-ku-bogu\/\"]}]},{\"@type\":\"BreadcrumbList\",\"@id\":\"https:\/\/gaudiumetspes-blog.pl\/index.php\/2019\/10\/20\/serca-wzniesione-ku-bogu\/#breadcrumb\",\"itemListElement\":[{\"@type\":\"ListItem\",\"position\":1,\"name\":\"Strona g\u0142\u00f3wna\",\"item\":\"https:\/\/gaudiumetspes-blog.pl\/\"},{\"@type\":\"ListItem\",\"position\":2,\"name\":\"Serca wzniesione ku Bogu\"}]},{\"@type\":\"WebSite\",\"@id\":\"https:\/\/gaudiumetspes-blog.pl\/#website\",\"url\":\"https:\/\/gaudiumetspes-blog.pl\/\",\"name\":\"Gaudium Et Spes\",\"description\":\"Blog Ks. Jacka Ja\u015bkowskiego\",\"potentialAction\":[{\"@type\":\"SearchAction\",\"target\":{\"@type\":\"EntryPoint\",\"urlTemplate\":\"https:\/\/gaudiumetspes-blog.pl\/?s={search_term_string}\"},\"query-input\":{\"@type\":\"PropertyValueSpecification\",\"valueRequired\":true,\"valueName\":\"search_term_string\"}}],\"inLanguage\":\"pl-PL\"},{\"@type\":\"Person\",\"@id\":\"https:\/\/gaudiumetspes-blog.pl\/#\/schema\/person\/1661982992b752dea8dff0d4ed845a65\",\"name\":\"Ks. Jacek\",\"image\":{\"@type\":\"ImageObject\",\"inLanguage\":\"pl-PL\",\"@id\":\"https:\/\/gaudiumetspes-blog.pl\/#\/schema\/person\/image\/\",\"url\":\"https:\/\/gaudiumetspes-blog.pl\/wp-content\/uploads\/2019\/07\/avatar-JJ-150x150.jpg\",\"contentUrl\":\"https:\/\/gaudiumetspes-blog.pl\/wp-content\/uploads\/2019\/07\/avatar-JJ-150x150.jpg\",\"caption\":\"Ks. Jacek\"},\"description\":\"Witam serdecznie! K\u0142ania si\u0119 Ks. Jacek Ja\u015bkowski. Nie jestem ani kim\u015b wa\u017cnym, ani kim\u015b znanym. Jestem ksi\u0119dzem, kt\u00f3ry po prostu chce rozmawia\u0107. Codzienna kap\u0142a\u0144ska pos\u0142uga pokazuje mi, \u017ce temat\u00f3w do rozm\u00f3w z ksi\u0119dzem jest coraz wi\u0119cej i dzisiaj \u017caden ksi\u0105dz nie mo\u017ce od nich ucieka\u0107, ale - wprost przeciwnie - podejmowa\u0107 nowe wyzwania. To przekonanie sk\u0142oni\u0142o mnie do pr\u00f3by otwarcia tego\u017c bloga, chocia\u017c okazji do rozm\u00f3w na co dzie\u0144 - w konfesjonale i poza nim - na szcz\u0119\u015bcie nie brakuje. My\u015bl\u0119 jednak, \u017ce ten blog b\u0119dzie jeszcze jednym sposobem i przestrzeni\u0105 nawi\u0105zania kontaktu z lud\u017ami dobrej woli, otwartymi na dialog.\",\"url\":\"https:\/\/gaudiumetspes-blog.pl\/index.php\/author\/ks-jacek\/\"}]}<\/script>\n<!-- \/ Yoast SEO plugin. -->","yoast_head_json":{"title":"Serca wzniesione ku Bogu - Gaudium Et Spes","robots":{"index":"index","follow":"follow","max-snippet":"max-snippet:-1","max-image-preview":"max-image-preview:large","max-video-preview":"max-video-preview:-1"},"canonical":"https:\/\/gaudiumetspes-blog.pl\/index.php\/2019\/10\/20\/serca-wzniesione-ku-bogu\/","og_locale":"pl_PL","og_type":"article","og_title":"Serca wzniesione ku Bogu - Gaudium Et Spes","og_description":"Niech b\u0119dzie pochwalony Jezus Chrystus! Moi Drodzy, pozdrawiam z Samogoszczy, gdzie dzisiaj jest uroczysto\u015b\u0107 odpustowa \u015awi\u0119tej Jadwigi \u015al\u0105skiej, dlatego czytania s\u0105 z tej Uroczysto\u015bci. Ja jednak zamieszczam rozwa\u017canie niedzielne \u2013 zwa\u017cywszy, \u017ce jedna Msza \u015awi\u0119ta, poranna, b\u0119dzie w Samogoszczy z niedzieli, a tak\u017ce o 20:00 b\u0119d\u0119 odprawia\u0142 Msz\u0119 \u015awi\u0119t\u0105 niedzieln\u0105 w Duszpasterstwie Akademickim w Siedlcach. [&hellip;]","og_url":"https:\/\/gaudiumetspes-blog.pl\/index.php\/2019\/10\/20\/serca-wzniesione-ku-bogu\/","og_site_name":"Gaudium Et Spes","article_published_time":"2019-10-20T03:22:33+00:00","author":"Ks. Jacek","twitter_card":"summary_large_image","twitter_misc":{"Napisane przez":"Ks. Jacek","Szacowany czas czytania":"13 minut"},"schema":{"@context":"https:\/\/schema.org","@graph":[{"@type":"WebPage","@id":"https:\/\/gaudiumetspes-blog.pl\/index.php\/2019\/10\/20\/serca-wzniesione-ku-bogu\/","url":"https:\/\/gaudiumetspes-blog.pl\/index.php\/2019\/10\/20\/serca-wzniesione-ku-bogu\/","name":"Serca wzniesione ku Bogu - Gaudium Et Spes","isPartOf":{"@id":"https:\/\/gaudiumetspes-blog.pl\/#website"},"datePublished":"2019-10-20T03:22:33+00:00","author":{"@id":"https:\/\/gaudiumetspes-blog.pl\/#\/schema\/person\/1661982992b752dea8dff0d4ed845a65"},"breadcrumb":{"@id":"https:\/\/gaudiumetspes-blog.pl\/index.php\/2019\/10\/20\/serca-wzniesione-ku-bogu\/#breadcrumb"},"inLanguage":"pl-PL","potentialAction":[{"@type":"ReadAction","target":["https:\/\/gaudiumetspes-blog.pl\/index.php\/2019\/10\/20\/serca-wzniesione-ku-bogu\/"]}]},{"@type":"BreadcrumbList","@id":"https:\/\/gaudiumetspes-blog.pl\/index.php\/2019\/10\/20\/serca-wzniesione-ku-bogu\/#breadcrumb","itemListElement":[{"@type":"ListItem","position":1,"name":"Strona g\u0142\u00f3wna","item":"https:\/\/gaudiumetspes-blog.pl\/"},{"@type":"ListItem","position":2,"name":"Serca wzniesione ku Bogu"}]},{"@type":"WebSite","@id":"https:\/\/gaudiumetspes-blog.pl\/#website","url":"https:\/\/gaudiumetspes-blog.pl\/","name":"Gaudium Et Spes","description":"Blog Ks. Jacka Ja\u015bkowskiego","potentialAction":[{"@type":"SearchAction","target":{"@type":"EntryPoint","urlTemplate":"https:\/\/gaudiumetspes-blog.pl\/?s={search_term_string}"},"query-input":{"@type":"PropertyValueSpecification","valueRequired":true,"valueName":"search_term_string"}}],"inLanguage":"pl-PL"},{"@type":"Person","@id":"https:\/\/gaudiumetspes-blog.pl\/#\/schema\/person\/1661982992b752dea8dff0d4ed845a65","name":"Ks. Jacek","image":{"@type":"ImageObject","inLanguage":"pl-PL","@id":"https:\/\/gaudiumetspes-blog.pl\/#\/schema\/person\/image\/","url":"https:\/\/gaudiumetspes-blog.pl\/wp-content\/uploads\/2019\/07\/avatar-JJ-150x150.jpg","contentUrl":"https:\/\/gaudiumetspes-blog.pl\/wp-content\/uploads\/2019\/07\/avatar-JJ-150x150.jpg","caption":"Ks. Jacek"},"description":"Witam serdecznie! K\u0142ania si\u0119 Ks. Jacek Ja\u015bkowski. Nie jestem ani kim\u015b wa\u017cnym, ani kim\u015b znanym. Jestem ksi\u0119dzem, kt\u00f3ry po prostu chce rozmawia\u0107. Codzienna kap\u0142a\u0144ska pos\u0142uga pokazuje mi, \u017ce temat\u00f3w do rozm\u00f3w z ksi\u0119dzem jest coraz wi\u0119cej i dzisiaj \u017caden ksi\u0105dz nie mo\u017ce od nich ucieka\u0107, ale - wprost przeciwnie - podejmowa\u0107 nowe wyzwania. To przekonanie sk\u0142oni\u0142o mnie do pr\u00f3by otwarcia tego\u017c bloga, chocia\u017c okazji do rozm\u00f3w na co dzie\u0144 - w konfesjonale i poza nim - na szcz\u0119\u015bcie nie brakuje. My\u015bl\u0119 jednak, \u017ce ten blog b\u0119dzie jeszcze jednym sposobem i przestrzeni\u0105 nawi\u0105zania kontaktu z lud\u017ami dobrej woli, otwartymi na dialog.","url":"https:\/\/gaudiumetspes-blog.pl\/index.php\/author\/ks-jacek\/"}]}},"jetpack_featured_media_url":"","jetpack_sharing_enabled":true,"_links":{"self":[{"href":"https:\/\/gaudiumetspes-blog.pl\/index.php\/wp-json\/wp\/v2\/posts\/15989","targetHints":{"allow":["GET"]}}],"collection":[{"href":"https:\/\/gaudiumetspes-blog.pl\/index.php\/wp-json\/wp\/v2\/posts"}],"about":[{"href":"https:\/\/gaudiumetspes-blog.pl\/index.php\/wp-json\/wp\/v2\/types\/post"}],"author":[{"embeddable":true,"href":"https:\/\/gaudiumetspes-blog.pl\/index.php\/wp-json\/wp\/v2\/users\/1"}],"replies":[{"embeddable":true,"href":"https:\/\/gaudiumetspes-blog.pl\/index.php\/wp-json\/wp\/v2\/comments?post=15989"}],"version-history":[{"count":1,"href":"https:\/\/gaudiumetspes-blog.pl\/index.php\/wp-json\/wp\/v2\/posts\/15989\/revisions"}],"predecessor-version":[{"id":15990,"href":"https:\/\/gaudiumetspes-blog.pl\/index.php\/wp-json\/wp\/v2\/posts\/15989\/revisions\/15990"}],"wp:attachment":[{"href":"https:\/\/gaudiumetspes-blog.pl\/index.php\/wp-json\/wp\/v2\/media?parent=15989"}],"wp:term":[{"taxonomy":"category","embeddable":true,"href":"https:\/\/gaudiumetspes-blog.pl\/index.php\/wp-json\/wp\/v2\/categories?post=15989"},{"taxonomy":"post_tag","embeddable":true,"href":"https:\/\/gaudiumetspes-blog.pl\/index.php\/wp-json\/wp\/v2\/tags?post=15989"}],"curies":[{"name":"wp","href":"https:\/\/api.w.org\/{rel}","templated":true}]}}