{"id":15995,"date":"2019-10-23T06:47:03","date_gmt":"2019-10-23T04:47:03","guid":{"rendered":"https:\/\/gaudiumetspes-blog.pl\/?p=15995"},"modified":"2019-10-23T06:47:03","modified_gmt":"2019-10-23T04:47:03","slug":"oddajcie-sie-na-sluzbe-bogu","status":"publish","type":"post","link":"https:\/\/gaudiumetspes-blog.pl\/index.php\/2019\/10\/23\/oddajcie-sie-na-sluzbe-bogu\/","title":{"rendered":"Oddajcie si\u0119 na s\u0142u\u017cb\u0119 Bogu!"},"content":{"rendered":"<p align=\"justify\"><span style=\"color: #000000;\"><span style=\"font-family: Book Antiqua, serif;\"><span style=\"font-size: large;\">Szcz\u0119\u015b\u0107 Bo\u017ce! Moi Drodzy, w dniu dzisiejszym <b>\u00f3sm\u0105 rocznic\u0119 Chrztu \u015awi\u0119tego prze\u017cywa moja najstarsza Siostrzenica, Weronika Nied\u017awiedzka. Modl\u0119 si\u0119 dla Niej o to, by przez ca\u0142e \u017cycia by\u0142a wierna misji, jak\u0105 ka\u017cdy z nas otrzyma\u0142 w tym Sakramencie.<\/b><\/span><\/span><\/span><\/p>\n<p align=\"justify\"><span style=\"color: #000000;\"><span style=\"font-family: Book Antiqua, serif;\"><span style=\"font-size: large;\"><b>Urodziny natomiast prze\u017cywa Jakub Zieli\u0144ski, Lektor z Miastkowa Ko\u015bcielnego. Dla Niego tak\u017ce modl\u0119 si\u0119 o wierno\u015b\u0107 tym zasadom, kt\u00f3re przekazali Mu \u2013 i wci\u0105\u017c przekazuj\u0105 \u2013 Jego wspaniali Rodzice, buduj\u0105cy tak pi\u0119kn\u0105, chrze\u015bcija\u0144sk\u0105 atmosfer\u0119 w swoim Domu.<\/b><\/span><\/span><\/span><\/p>\n<p align=\"justify\"><span style=\"color: #000000;\"><span style=\"font-family: Book Antiqua, serif;\"><span style=\"font-size: large;\">Wszystkich serdecznie pozdrawiam z mojego rodzinnego Domu, gdzie akurat chwilowo przebywam \u2013 i tak\u017ce od mojej Mamy, kt\u00f3ra przebywa w szpitalu, na zaplanowanej rehabilitacji.<\/span><\/span><\/span><\/p>\n<p align=\"justify\"><span style=\"color: #000000;\"><span style=\"font-family: Book Antiqua, serif;\"><span style=\"font-size: large;\">Dobrego i b\u0142ogos\u0142awionego dnia!<\/span><\/span><\/span><\/p>\n<p align=\"center\"><span style=\"color: #000000;\"><span style=\"font-family: Book Antiqua, serif;\"><span style=\"font-size: large;\">Gaudium et spes! Ks. Jacek<\/span><\/span><\/span><\/p>\n<p align=\"center\">\n<p align=\"center\">\n<p align=\"center\">\n<p align=\"center\">\n<p align=\"center\">\n<p align=\"justify\"><span style=\"color: #000000;\"><span style=\"font-family: Book Antiqua, serif;\"><span style=\"font-size: large;\"><b>\u015aroda 29 Tygodnia zwyk\u0142ego, rok I,<\/b><\/span><\/span><\/span><\/p>\n<p align=\"justify\"><span style=\"color: #000000;\"><span style=\"font-family: Book Antiqua, serif;\"><span style=\"font-size: large;\"><b>do czyta\u0144: Rz 6,12\u201318; \u0141k 12,39\u201348<\/b><\/span><\/span><\/span><\/p>\n<p align=\"justify\">\n<p align=\"justify\">\n<p align=\"justify\">\n<p align=\"justify\">\n<p align=\"justify\">\n<p align=\"justify\"><span style=\"color: #000000;\"><span style=\"font-family: Book Antiqua, serif;\"><span style=\"font-size: large;\"><b>CZYTANIE Z LISTU \u015aWI\u0118TEGO PAW\u0141A APOSTO\u0141A DO RZYMIAN:<\/b><\/span><\/span><\/span><\/p>\n<p align=\"justify\"><span style=\"color: #000000;\"><span style=\"font-family: Book Antiqua, serif;\"><span style=\"font-size: large;\"><b>Bracia: Niech grzech nie kr\u00f3luje w waszym \u015bmiertelnym ciele, poddaj\u0105c was swoim po\u017c\u0105dliwo\u015bciom. Nie oddawajcie te\u017c cz\u0142onk\u00f3w waszych jako bro\u0144 nieprawo\u015bci na s\u0142u\u017cb\u0119 grzechowi, ale oddajcie si\u0119 na s\u0142u\u017cb\u0119 Bogu jako ci, kt\u00f3rzy ze \u015bmierci przeszli do \u017cycia, i cz\u0142onki wasze oddajcie jako bro\u0144 sprawiedliwo\u015bci na s\u0142u\u017cb\u0119 Bogu. Albowiem grzech nie powinien nad wami panowa\u0107, skoro nie jeste\u015bcie poddani Prawu, lecz \u0142asce.<\/b><\/span><\/span><\/span><\/p>\n<p align=\"justify\"><span style=\"color: #000000;\"><span style=\"font-family: Book Antiqua, serif;\"><span style=\"font-size: large;\"><b>Jaki st\u0105d wniosek? Czy mamy dalej grzeszy\u0107 dlatego, \u017ce nie jeste\u015bmy ju\u017c poddani Prawu, lecz \u0142asce? \u017badn\u0105 miar\u0105. Czy\u017c nie wiecie, \u017ce je\u015bli oddajecie samych siebie jako niewolnik\u00f3w pod pos\u0142usze\u0144stwo, jeste\u015bcie niewolnikami tego, komu dajecie pos\u0142uch: b\u0105d\u017a niewolnikami grzechu, co wiedzie do \u015bmierci, b\u0105d\u017a pos\u0142usze\u0144stwa, co wiedzie do sprawiedliwo\u015bci?<\/b><\/span><\/span><\/span><\/p>\n<p align=\"justify\"><span style=\"color: #000000;\"><span style=\"font-family: Book Antiqua, serif;\"><span style=\"font-size: large;\"><b>Dzi\u0119ki jednak niech b\u0119d\u0105 Bogu za to, \u017ce gdy byli\u015bcie niewolnikami grzechu, dali\u015bcie z serca pos\u0142uch nakazom tej nauki, kt\u00f3rej was oddano, a uwolnieni od grzechu oddali\u015bcie si\u0119 w niewol\u0119 sprawiedliwo\u015bci.<\/b><\/span><\/span><\/span><\/p>\n<p align=\"justify\">\n<p align=\"justify\">\n<p align=\"justify\">\n<p align=\"justify\">\n<p align=\"justify\">\n<p align=\"justify\"><span style=\"color: #000000;\"><span style=\"font-family: Book Antiqua, serif;\"><span style=\"font-size: large;\"><b>S\u0141OWA EWANGELII WED\u0141UG \u015aWI\u0118TEGO \u0141UKASZA:<\/b><\/span><\/span><\/span><\/p>\n<p align=\"justify\"><span style=\"color: #000000;\"><span style=\"font-family: Book Antiqua, serif;\"><span style=\"font-size: large;\"><b>Jezus powiedzia\u0142 do swoich uczni\u00f3w: \u201eTo rozumiejcie, \u017ce gdyby gospodarz wiedzia\u0142, o kt\u00f3rej godzinie z\u0142odziej ma przyj\u015b\u0107, nie pozwoli\u0142by w\u0142ama\u0107 si\u0119 do swego domu. Wy te\u017c b\u0105d\u017acie gotowi, gdy\u017c o godzinie, kt\u00f3rej si\u0119 nie domy\u015blacie, Syn Cz\u0142owieczy przyjdzie\u201d. <\/b><\/span><\/span><\/span><\/p>\n<p align=\"justify\"><span style=\"color: #000000;\"><span style=\"font-family: Book Antiqua, serif;\"><span style=\"font-size: large;\"><b>Wtedy Piotr zapyta\u0142: \u201ePanie, czy do nas m\u00f3wisz t\u0119 przypowie\u015b\u0107, czy te\u017c do wszystkich?\u201d<\/b><\/span><\/span><\/span><\/p>\n<p align=\"justify\"><span style=\"color: #000000;\"><span style=\"font-family: Book Antiqua, serif;\"><span style=\"font-size: large;\"><b>Pan odpowiedzia\u0142: \u201eKt\u00f3\u017c jest owym rz\u0105dc\u0105 wiernym i roztropnym, kt\u00f3rego pan ustanowi nad swoj\u0105 s\u0142u\u017cb\u0105, \u017ceby na czas wydziela\u0142 jej \u017cywno\u015b\u0107? Szcz\u0119\u015bliwy ten s\u0142uga, kt\u00f3rego pan powr\u00f3ciwszy zastanie przy tej czynno\u015bci. Prawdziwie powiadam wam: Postawi go nad ca\u0142ym swoim mieniem. Lecz je\u015bli s\u0142uga \u00f3w powie sobie w duszy: \u00abM\u00f3j pan oci\u0105ga si\u0119 z powrotem\u00bb, i zacznie bi\u0107 s\u0142ugi i s\u0142u\u017cebnice, a przy tym je\u015b\u0107, pi\u0107 i upija\u0107 si\u0119, to nadejdzie pan tego s\u0142ugi w dniu, kiedy si\u0119 nie spodziewa, i o godzinie, kt\u00f3rej nie zna; ka\u017ce go \u0107wiartowa\u0107 i z niewiernymi wyznaczy mu miejsce.<\/b><\/span><\/span><\/span><\/p>\n<p align=\"justify\"><span style=\"color: #000000;\"><span style=\"font-family: Book Antiqua, serif;\"><span style=\"font-size: large;\"><b>S\u0142uga, kt\u00f3ry zna wol\u0119 swego pana, a nic nie przygotowa\u0142 i nie uczyni\u0142 zgodnie z jego wol\u0105, otrzyma wielk\u0105 ch\u0142ost\u0119. Ten za\u015b, kt\u00f3ry nie zna jego woli i uczyni\u0142 co\u015b godnego kary, otrzyma ma\u0142\u0105 ch\u0142ost\u0119. Komu wiele dano, od tego wiele wymaga\u0107 si\u0119 b\u0119dzie; a komu wiele zlecono, tym wi\u0119cej od niego \u017c\u0105da\u0107 b\u0119d\u0105\u201d.<\/b><\/span><\/span><\/span><\/p>\n<p align=\"justify\">\n<p align=\"justify\">\n<p align=\"justify\">\n<p align=\"justify\">\n<p align=\"justify\">\n<p align=\"justify\"><span style=\"color: #000000;\"><span style=\"font-family: Book Antiqua, serif;\"><span style=\"font-size: large;\">W obrazie <b>rz\u0105dcy wiernego i roztropnego,<\/b> ukazanym przez Jezusa w dzisiejszej Ewangelii, zapewne rozpoznajemy nas samych, jako tych, kt\u00f3rzy maj\u0105 <b>dobrze wype\u0142ni\u0107 swoje zadania, <\/b>nie roztrz\u0105saj\u0105c, kiedy Pan przyjdzie i <b>kt\u00f3ry czas b\u0119dzie najlepszy<\/b> na to, by si\u0119 za robot\u0119 zabra\u0107, by dzi\u0119ki temu dobrze wypa\u015b\u0107 w oczach Pana. Nie, to nie tak. <\/span><\/span><\/span><\/p>\n<p align=\"justify\"><span style=\"color: #000000;\"><span style=\"font-family: Book Antiqua, serif;\"><span style=\"font-size: large;\">Jezus m\u00f3wi wyra\u017anie: <i><b>Kt\u00f3\u017c jest owym rz\u0105dc\u0105 wiernym i roztropnym, kt\u00f3rego pan ustanowi nad swoj\u0105 s\u0142u\u017cb\u0105, \u017ceby na czas wydziela\u0142 jej \u017cywno\u015b\u0107? Szcz\u0119\u015bliwy ten s\u0142uga, kt\u00f3rego pan powr\u00f3ciwszy zastanie przy tej czynno\u015bci. Prawdziwie powiadam wam: Postawi go nad ca\u0142ym swoim mieniem<\/b><\/i><b>. <\/b>Po czym dodaje: <i><b>Lecz je\u015bli s\u0142uga \u00f3w powie sobie w duszy: \u00abM\u00f3j pan oci\u0105ga si\u0119 z powrotem\u00bb, i zacznie bi\u0107 s\u0142ugi i s\u0142u\u017cebnice, a przy tym je\u015b\u0107, pi\u0107 i upija\u0107 si\u0119, to nadejdzie pan tego s\u0142ugi w dniu, kiedy si\u0119 nie spodziewa, i o godzinie, kt\u00f3rej nie zna; ka\u017ce go \u0107wiartowa\u0107 i z niewiernymi wyznaczy mu miejsce.<\/b><\/i> <\/span><\/span><\/span><\/p>\n<p align=\"justify\"><span style=\"color: #000000;\"><span style=\"font-family: Book Antiqua, serif;\"><span style=\"font-size: large;\">Zatem, w relacji z Jezusem <b>nie mo\u017cna \u201ecwaniakowa\u0107\u201d.<\/b> Z Jezusem nie mo\u017cna \u201epogrywa\u0107\u201d w ten spos\u00f3b, \u017ce b\u0119dzie si\u0119 <b>udawa\u0142o przed Nim<\/b> kogo\u015b innego, ni\u017c si\u0119 jest w istocie. Gdy\u017c to nie s\u0142owa i szumne zapowiedzi, ale <b>konkretne czyny, konkretna s\u0142u\u017cba,<\/b> b\u0119d\u0105 o nas \u015bwiadczy\u0142y. I takich w\u0142a\u015bnie konkretnych czyn\u00f3w Pan od nas oczekuje \u2013 w\u0142a\u015bciwych decyzji i dzia\u0142a\u0144, solidnej s\u0142u\u017cby, sumiennej pracy. Po prostu tego, by\u015bmy <b>dobrze wype\u0142niali swoje obowi\u0105zki.<\/b> <\/span><\/span><\/span><\/p>\n<p align=\"justify\"><span style=\"color: #000000;\"><span style=\"font-family: Book Antiqua, serif;\"><span style=\"font-size: large;\">Wspomniany przez Jezusa rz\u0105dca mia\u0142 za zadanie \u2013 zgodnie z nazw\u0105 swojej funkcji \u2013 <b>zarz\u0105dza\u0107 s\u0142u\u017cb\u0105, <\/b>a konkretnie: wydziela\u0107 jej \u017cywno\u015b\u0107. I w\u0142a\u015bnie jego <b>rekomendacj\u0105<\/b> w oczach ludzi \u2013 a szczeg\u00f3lnie pana \u2013 ma by\u0107 to, \u017ce ten\u017ce pan, powracaj\u0105c do domu kt\u00f3regokolwiek dnia i o kt\u00f3rejkolwiek porze, zastanie go <b>przy wykonywaniu zleconej mu pracy.<\/b> Wtedy nie trzeba b\u0119dzie wielorakich i rozbudowanych t\u0142umacze\u0144, dlaczego tak, a dlaczego tak. Bo wszystko b\u0119dzie jasne: <b>rz\u0105dca dobrze wype\u0142nia swoje zadanie.<\/b><\/span><\/span><\/span><\/p>\n<p align=\"justify\"><span style=\"color: #000000;\"><span style=\"font-family: Book Antiqua, serif;\"><span style=\"font-size: large;\">Chyba, \u017ce <b>nie wype\u0142nia\u2026<\/b> Ale wtedy ju\u017c wiemy, co go czeka, bo Jezus wyra\u017anie to dzisiaj m\u00f3wi\u2026 <\/span><\/span><\/span><\/p>\n<p align=\"justify\"><span style=\"color: #000000;\"><span style=\"font-family: Book Antiqua, serif;\"><span style=\"font-size: large;\">Moi Drodzy, ca\u0142e to pouczenie bardzo bezpo\u015brednio odnosi si\u0119 do nas. Bo i my tak\u017ce \u2013 jako chrze\u015bcijanie \u2013 mamy do spe\u0142nienia <b>wyra\u017anie, wr\u0119cz precyzyjnie okre\u015blon\u0105 misj\u0119:<\/b> mamy konsekwentnie d\u0105\u017cy\u0107 do zbawienia i innym w tym pomaga\u0107. Czyli \u2013 tak\u017ce mamy wykonywa\u0107 dobrze <b>swoje codzienne zadania. <\/b>A zacz\u0105\u0107 mamy od tego, o czym Pawe\u0142 pisze dzi\u015b do Rzymian, a co us\u0142yszeli\u015bmy w pierwszym czytaniu. Co tam us\u0142yszeli\u015bmy? <\/span><\/span><\/span><\/p>\n<p align=\"justify\"><span style=\"color: #000000;\"><span style=\"font-family: Book Antiqua, serif;\"><span style=\"font-size: large;\"><i><b>Niech grzech nie kr\u00f3luje w waszym \u015bmiertelnym ciele, poddaj\u0105c was swoim po\u017c\u0105dliwo\u015bciom. Nie oddawajcie te\u017c cz\u0142onk\u00f3w waszych jako bro\u0144 nieprawo\u015bci na s\u0142u\u017cb\u0119 grzechowi, ale oddajcie si\u0119 na s\u0142u\u017cb\u0119 Bogu jako ci, kt\u00f3rzy ze \u015bmierci przeszli do \u017cycia, i cz\u0142onki wasze oddajcie jako bro\u0144 sprawiedliwo\u015bci na s\u0142u\u017cb\u0119 Bogu. Albowiem grzech nie powinien nad wami panowa\u0107, skoro nie jeste\u015bcie poddani Prawu, lecz \u0142asce.<\/b><\/i><\/span><\/span><\/span><\/p>\n<p align=\"justify\"><span style=\"color: #000000;\"><span style=\"font-family: Book Antiqua, serif;\"><span style=\"font-size: large;\">Moi Drodzy, od tego trzeba zacz\u0105\u0107! Czyli, nie tylko mamy dobrze wype\u0142nia\u0107 swoje codzienne, zwyczajne obowi\u0105zki, ale <b>samych siebie mamy odda\u0107 na s\u0142u\u017cb\u0119 Bogu!<\/b> Mamy opanowa\u0107 pop\u0119dy cia\u0142a, bo jest ono \u015bwi\u0105tyni\u0105 Ducha \u015awi\u0119tego i nie mo\u017ce s\u0142u\u017cy\u0107 grzechowi. <\/span><\/span><\/span><\/p>\n<p align=\"justify\"><span style=\"color: #000000;\"><span style=\"font-family: Book Antiqua, serif;\"><span style=\"font-size: large;\">Wiemy, rzecz jasna, o czym mowa: <b>o wszelkich pokusach cielesnych: <\/b>po\u017c\u0105dliwo\u015bci oczu i my\u015bli, r\u00f3\u017cnych nieczystych pragnieniach. Ale nie tylko o tym mowa, bo nie mo\u017cemy zapomnie\u0107 tak\u017ce o <b>innych, \u201ecielesnych\u201d grzechach, <\/b>jak cho\u0107by ob\u017carstwo, czy \u2013 dok\u0142adnie przeciwstawne temu \u2013 g\u0142upie i nierozwa\u017cne odchudzanie si\u0119, kosztem zdrowia. To tak\u017ce grzech pija\u0144stwa, czy innych, szkodliwych u\u017cywek. <\/span><\/span><\/span><\/p>\n<p align=\"justify\"><span style=\"color: #000000;\"><span style=\"font-family: Book Antiqua, serif;\"><span style=\"font-size: large;\">D\u0142ugo mo\u017cna by wymienia\u0107 sytuacje, kiedy to cz\u0142owiek <b>ulega przer\u00f3\u017cnym zachciankom cia\u0142a.<\/b> I w\u0142a\u015bnie to swoje cia\u0142o mamy odda\u0107 na s\u0142u\u017cb\u0119 Bogu. Przy czym, wcale nie musi si\u0119 to wi\u0105za\u0107 z jak\u0105\u015b super surow\u0105 ascez\u0105, natomiast na pewno trzeba troch\u0119 <b>dyscypliny i samozaparcia, samokontroli\u2026<\/b> A nade wszystko \u2013 <b>dobrej<\/b> <b>intencji.<\/b><\/span><\/span><\/span><\/p>\n<p align=\"justify\"><span style=\"color: #000000;\"><span style=\"font-family: Book Antiqua, serif;\"><span style=\"font-size: large;\">Czy mog\u0119 powiedzie\u0107, \u017ce rzeczywi\u015bcie: ca\u0142ym sob\u0105 i wszystkim, co na co dzie\u0144 robi\u0119 \u2013 <b>s\u0142u\u017c\u0119 Bogu i ludziom?<\/b> Czy mo\u017ce dogadzam sobie i swoim zachciankom? Kt\u00f3ry z element\u00f3w mojej postawy wymaga <b>przepracowania, przemiany,<\/b> abym m\u00f3g\u0142 t\u0119 s\u0142u\u017cb\u0119 <b>wype\u0142nia\u0107 jeszcze lepiej?\u2026<\/b><\/span><\/span><\/span><\/p>\n","protected":false},"excerpt":{"rendered":"<p>Szcz\u0119\u015b\u0107 Bo\u017ce! Moi Drodzy, w dniu dzisiejszym \u00f3sm\u0105 rocznic\u0119 Chrztu \u015awi\u0119tego prze\u017cywa moja najstarsza Siostrzenica, Weronika Nied\u017awiedzka. Modl\u0119 si\u0119 dla Niej o to, by przez ca\u0142e \u017cycia by\u0142a wierna misji, jak\u0105 ka\u017cdy z nas otrzyma\u0142 w tym Sakramencie. Urodziny natomiast prze\u017cywa Jakub Zieli\u0144ski, Lektor z Miastkowa Ko\u015bcielnego. Dla Niego tak\u017ce modl\u0119 si\u0119 o wierno\u015b\u0107 tym [&hellip;]<\/p>\n","protected":false},"author":1,"featured_media":0,"comment_status":"open","ping_status":"open","sticky":false,"template":"","format":"standard","meta":{"jetpack_post_was_ever_published":false,"_jetpack_newsletter_access":"","_jetpack_dont_email_post_to_subs":false,"_jetpack_newsletter_tier_id":0,"_jetpack_memberships_contains_paywalled_content":false,"_jetpack_memberships_contains_paid_content":false,"footnotes":""},"categories":[1],"tags":[],"class_list":["post-15995","post","type-post","status-publish","format-standard","hentry","category-bez-kategorii"],"yoast_head":"<!-- This site is optimized with the Yoast SEO plugin v25.1 - https:\/\/yoast.com\/wordpress\/plugins\/seo\/ -->\n<title>Oddajcie si\u0119 na s\u0142u\u017cb\u0119 Bogu! - Gaudium Et Spes<\/title>\n<meta name=\"robots\" content=\"index, follow, max-snippet:-1, max-image-preview:large, max-video-preview:-1\" \/>\n<link rel=\"canonical\" href=\"https:\/\/gaudiumetspes-blog.pl\/index.php\/2019\/10\/23\/oddajcie-sie-na-sluzbe-bogu\/\" \/>\n<meta property=\"og:locale\" content=\"pl_PL\" \/>\n<meta property=\"og:type\" content=\"article\" \/>\n<meta property=\"og:title\" content=\"Oddajcie si\u0119 na s\u0142u\u017cb\u0119 Bogu! - Gaudium Et Spes\" \/>\n<meta property=\"og:description\" content=\"Szcz\u0119\u015b\u0107 Bo\u017ce! Moi Drodzy, w dniu dzisiejszym \u00f3sm\u0105 rocznic\u0119 Chrztu \u015awi\u0119tego prze\u017cywa moja najstarsza Siostrzenica, Weronika Nied\u017awiedzka. Modl\u0119 si\u0119 dla Niej o to, by przez ca\u0142e \u017cycia by\u0142a wierna misji, jak\u0105 ka\u017cdy z nas otrzyma\u0142 w tym Sakramencie. Urodziny natomiast prze\u017cywa Jakub Zieli\u0144ski, Lektor z Miastkowa Ko\u015bcielnego. Dla Niego tak\u017ce modl\u0119 si\u0119 o wierno\u015b\u0107 tym [&hellip;]\" \/>\n<meta property=\"og:url\" content=\"https:\/\/gaudiumetspes-blog.pl\/index.php\/2019\/10\/23\/oddajcie-sie-na-sluzbe-bogu\/\" \/>\n<meta property=\"og:site_name\" content=\"Gaudium Et Spes\" \/>\n<meta property=\"article:published_time\" content=\"2019-10-23T04:47:03+00:00\" \/>\n<meta name=\"author\" content=\"Ks. Jacek\" \/>\n<meta name=\"twitter:card\" content=\"summary_large_image\" \/>\n<meta name=\"twitter:label1\" content=\"Napisane przez\" \/>\n\t<meta name=\"twitter:data1\" content=\"Ks. Jacek\" \/>\n\t<meta name=\"twitter:label2\" content=\"Szacowany czas czytania\" \/>\n\t<meta name=\"twitter:data2\" content=\"7 minut\" \/>\n<script type=\"application\/ld+json\" class=\"yoast-schema-graph\">{\"@context\":\"https:\/\/schema.org\",\"@graph\":[{\"@type\":\"WebPage\",\"@id\":\"https:\/\/gaudiumetspes-blog.pl\/index.php\/2019\/10\/23\/oddajcie-sie-na-sluzbe-bogu\/\",\"url\":\"https:\/\/gaudiumetspes-blog.pl\/index.php\/2019\/10\/23\/oddajcie-sie-na-sluzbe-bogu\/\",\"name\":\"Oddajcie si\u0119 na s\u0142u\u017cb\u0119 Bogu! - Gaudium Et Spes\",\"isPartOf\":{\"@id\":\"https:\/\/gaudiumetspes-blog.pl\/#website\"},\"datePublished\":\"2019-10-23T04:47:03+00:00\",\"author\":{\"@id\":\"https:\/\/gaudiumetspes-blog.pl\/#\/schema\/person\/1661982992b752dea8dff0d4ed845a65\"},\"breadcrumb\":{\"@id\":\"https:\/\/gaudiumetspes-blog.pl\/index.php\/2019\/10\/23\/oddajcie-sie-na-sluzbe-bogu\/#breadcrumb\"},\"inLanguage\":\"pl-PL\",\"potentialAction\":[{\"@type\":\"ReadAction\",\"target\":[\"https:\/\/gaudiumetspes-blog.pl\/index.php\/2019\/10\/23\/oddajcie-sie-na-sluzbe-bogu\/\"]}]},{\"@type\":\"BreadcrumbList\",\"@id\":\"https:\/\/gaudiumetspes-blog.pl\/index.php\/2019\/10\/23\/oddajcie-sie-na-sluzbe-bogu\/#breadcrumb\",\"itemListElement\":[{\"@type\":\"ListItem\",\"position\":1,\"name\":\"Strona g\u0142\u00f3wna\",\"item\":\"https:\/\/gaudiumetspes-blog.pl\/\"},{\"@type\":\"ListItem\",\"position\":2,\"name\":\"Oddajcie si\u0119 na&nbsp;s\u0142u\u017cb\u0119 Bogu!\"}]},{\"@type\":\"WebSite\",\"@id\":\"https:\/\/gaudiumetspes-blog.pl\/#website\",\"url\":\"https:\/\/gaudiumetspes-blog.pl\/\",\"name\":\"Gaudium Et Spes\",\"description\":\"Blog Ks. Jacka Ja\u015bkowskiego\",\"potentialAction\":[{\"@type\":\"SearchAction\",\"target\":{\"@type\":\"EntryPoint\",\"urlTemplate\":\"https:\/\/gaudiumetspes-blog.pl\/?s={search_term_string}\"},\"query-input\":{\"@type\":\"PropertyValueSpecification\",\"valueRequired\":true,\"valueName\":\"search_term_string\"}}],\"inLanguage\":\"pl-PL\"},{\"@type\":\"Person\",\"@id\":\"https:\/\/gaudiumetspes-blog.pl\/#\/schema\/person\/1661982992b752dea8dff0d4ed845a65\",\"name\":\"Ks. Jacek\",\"image\":{\"@type\":\"ImageObject\",\"inLanguage\":\"pl-PL\",\"@id\":\"https:\/\/gaudiumetspes-blog.pl\/#\/schema\/person\/image\/\",\"url\":\"https:\/\/gaudiumetspes-blog.pl\/wp-content\/uploads\/2019\/07\/avatar-JJ-150x150.jpg\",\"contentUrl\":\"https:\/\/gaudiumetspes-blog.pl\/wp-content\/uploads\/2019\/07\/avatar-JJ-150x150.jpg\",\"caption\":\"Ks. Jacek\"},\"description\":\"Witam serdecznie! K\u0142ania si\u0119 Ks. Jacek Ja\u015bkowski. Nie jestem ani kim\u015b wa\u017cnym, ani kim\u015b znanym. Jestem ksi\u0119dzem, kt\u00f3ry po prostu chce rozmawia\u0107. Codzienna kap\u0142a\u0144ska pos\u0142uga pokazuje mi, \u017ce temat\u00f3w do rozm\u00f3w z ksi\u0119dzem jest coraz wi\u0119cej i dzisiaj \u017caden ksi\u0105dz nie mo\u017ce od nich ucieka\u0107, ale - wprost przeciwnie - podejmowa\u0107 nowe wyzwania. To przekonanie sk\u0142oni\u0142o mnie do pr\u00f3by otwarcia tego\u017c bloga, chocia\u017c okazji do rozm\u00f3w na co dzie\u0144 - w konfesjonale i poza nim - na szcz\u0119\u015bcie nie brakuje. My\u015bl\u0119 jednak, \u017ce ten blog b\u0119dzie jeszcze jednym sposobem i przestrzeni\u0105 nawi\u0105zania kontaktu z lud\u017ami dobrej woli, otwartymi na dialog.\",\"url\":\"https:\/\/gaudiumetspes-blog.pl\/index.php\/author\/ks-jacek\/\"}]}<\/script>\n<!-- \/ Yoast SEO plugin. -->","yoast_head_json":{"title":"Oddajcie si\u0119 na s\u0142u\u017cb\u0119 Bogu! - Gaudium Et Spes","robots":{"index":"index","follow":"follow","max-snippet":"max-snippet:-1","max-image-preview":"max-image-preview:large","max-video-preview":"max-video-preview:-1"},"canonical":"https:\/\/gaudiumetspes-blog.pl\/index.php\/2019\/10\/23\/oddajcie-sie-na-sluzbe-bogu\/","og_locale":"pl_PL","og_type":"article","og_title":"Oddajcie si\u0119 na s\u0142u\u017cb\u0119 Bogu! - Gaudium Et Spes","og_description":"Szcz\u0119\u015b\u0107 Bo\u017ce! Moi Drodzy, w dniu dzisiejszym \u00f3sm\u0105 rocznic\u0119 Chrztu \u015awi\u0119tego prze\u017cywa moja najstarsza Siostrzenica, Weronika Nied\u017awiedzka. Modl\u0119 si\u0119 dla Niej o to, by przez ca\u0142e \u017cycia by\u0142a wierna misji, jak\u0105 ka\u017cdy z nas otrzyma\u0142 w tym Sakramencie. Urodziny natomiast prze\u017cywa Jakub Zieli\u0144ski, Lektor z Miastkowa Ko\u015bcielnego. Dla Niego tak\u017ce modl\u0119 si\u0119 o wierno\u015b\u0107 tym [&hellip;]","og_url":"https:\/\/gaudiumetspes-blog.pl\/index.php\/2019\/10\/23\/oddajcie-sie-na-sluzbe-bogu\/","og_site_name":"Gaudium Et Spes","article_published_time":"2019-10-23T04:47:03+00:00","author":"Ks. Jacek","twitter_card":"summary_large_image","twitter_misc":{"Napisane przez":"Ks. Jacek","Szacowany czas czytania":"7 minut"},"schema":{"@context":"https:\/\/schema.org","@graph":[{"@type":"WebPage","@id":"https:\/\/gaudiumetspes-blog.pl\/index.php\/2019\/10\/23\/oddajcie-sie-na-sluzbe-bogu\/","url":"https:\/\/gaudiumetspes-blog.pl\/index.php\/2019\/10\/23\/oddajcie-sie-na-sluzbe-bogu\/","name":"Oddajcie si\u0119 na s\u0142u\u017cb\u0119 Bogu! - Gaudium Et Spes","isPartOf":{"@id":"https:\/\/gaudiumetspes-blog.pl\/#website"},"datePublished":"2019-10-23T04:47:03+00:00","author":{"@id":"https:\/\/gaudiumetspes-blog.pl\/#\/schema\/person\/1661982992b752dea8dff0d4ed845a65"},"breadcrumb":{"@id":"https:\/\/gaudiumetspes-blog.pl\/index.php\/2019\/10\/23\/oddajcie-sie-na-sluzbe-bogu\/#breadcrumb"},"inLanguage":"pl-PL","potentialAction":[{"@type":"ReadAction","target":["https:\/\/gaudiumetspes-blog.pl\/index.php\/2019\/10\/23\/oddajcie-sie-na-sluzbe-bogu\/"]}]},{"@type":"BreadcrumbList","@id":"https:\/\/gaudiumetspes-blog.pl\/index.php\/2019\/10\/23\/oddajcie-sie-na-sluzbe-bogu\/#breadcrumb","itemListElement":[{"@type":"ListItem","position":1,"name":"Strona g\u0142\u00f3wna","item":"https:\/\/gaudiumetspes-blog.pl\/"},{"@type":"ListItem","position":2,"name":"Oddajcie si\u0119 na&nbsp;s\u0142u\u017cb\u0119 Bogu!"}]},{"@type":"WebSite","@id":"https:\/\/gaudiumetspes-blog.pl\/#website","url":"https:\/\/gaudiumetspes-blog.pl\/","name":"Gaudium Et Spes","description":"Blog Ks. Jacka Ja\u015bkowskiego","potentialAction":[{"@type":"SearchAction","target":{"@type":"EntryPoint","urlTemplate":"https:\/\/gaudiumetspes-blog.pl\/?s={search_term_string}"},"query-input":{"@type":"PropertyValueSpecification","valueRequired":true,"valueName":"search_term_string"}}],"inLanguage":"pl-PL"},{"@type":"Person","@id":"https:\/\/gaudiumetspes-blog.pl\/#\/schema\/person\/1661982992b752dea8dff0d4ed845a65","name":"Ks. Jacek","image":{"@type":"ImageObject","inLanguage":"pl-PL","@id":"https:\/\/gaudiumetspes-blog.pl\/#\/schema\/person\/image\/","url":"https:\/\/gaudiumetspes-blog.pl\/wp-content\/uploads\/2019\/07\/avatar-JJ-150x150.jpg","contentUrl":"https:\/\/gaudiumetspes-blog.pl\/wp-content\/uploads\/2019\/07\/avatar-JJ-150x150.jpg","caption":"Ks. Jacek"},"description":"Witam serdecznie! K\u0142ania si\u0119 Ks. Jacek Ja\u015bkowski. Nie jestem ani kim\u015b wa\u017cnym, ani kim\u015b znanym. Jestem ksi\u0119dzem, kt\u00f3ry po prostu chce rozmawia\u0107. Codzienna kap\u0142a\u0144ska pos\u0142uga pokazuje mi, \u017ce temat\u00f3w do rozm\u00f3w z ksi\u0119dzem jest coraz wi\u0119cej i dzisiaj \u017caden ksi\u0105dz nie mo\u017ce od nich ucieka\u0107, ale - wprost przeciwnie - podejmowa\u0107 nowe wyzwania. To przekonanie sk\u0142oni\u0142o mnie do pr\u00f3by otwarcia tego\u017c bloga, chocia\u017c okazji do rozm\u00f3w na co dzie\u0144 - w konfesjonale i poza nim - na szcz\u0119\u015bcie nie brakuje. My\u015bl\u0119 jednak, \u017ce ten blog b\u0119dzie jeszcze jednym sposobem i przestrzeni\u0105 nawi\u0105zania kontaktu z lud\u017ami dobrej woli, otwartymi na dialog.","url":"https:\/\/gaudiumetspes-blog.pl\/index.php\/author\/ks-jacek\/"}]}},"jetpack_featured_media_url":"","jetpack_sharing_enabled":true,"_links":{"self":[{"href":"https:\/\/gaudiumetspes-blog.pl\/index.php\/wp-json\/wp\/v2\/posts\/15995","targetHints":{"allow":["GET"]}}],"collection":[{"href":"https:\/\/gaudiumetspes-blog.pl\/index.php\/wp-json\/wp\/v2\/posts"}],"about":[{"href":"https:\/\/gaudiumetspes-blog.pl\/index.php\/wp-json\/wp\/v2\/types\/post"}],"author":[{"embeddable":true,"href":"https:\/\/gaudiumetspes-blog.pl\/index.php\/wp-json\/wp\/v2\/users\/1"}],"replies":[{"embeddable":true,"href":"https:\/\/gaudiumetspes-blog.pl\/index.php\/wp-json\/wp\/v2\/comments?post=15995"}],"version-history":[{"count":1,"href":"https:\/\/gaudiumetspes-blog.pl\/index.php\/wp-json\/wp\/v2\/posts\/15995\/revisions"}],"predecessor-version":[{"id":15996,"href":"https:\/\/gaudiumetspes-blog.pl\/index.php\/wp-json\/wp\/v2\/posts\/15995\/revisions\/15996"}],"wp:attachment":[{"href":"https:\/\/gaudiumetspes-blog.pl\/index.php\/wp-json\/wp\/v2\/media?parent=15995"}],"wp:term":[{"taxonomy":"category","embeddable":true,"href":"https:\/\/gaudiumetspes-blog.pl\/index.php\/wp-json\/wp\/v2\/categories?post=15995"},{"taxonomy":"post_tag","embeddable":true,"href":"https:\/\/gaudiumetspes-blog.pl\/index.php\/wp-json\/wp\/v2\/tags?post=15995"}],"curies":[{"name":"wp","href":"https:\/\/api.w.org\/{rel}","templated":true}]}}