{"id":16000,"date":"2019-10-25T07:05:58","date_gmt":"2019-10-25T05:05:58","guid":{"rendered":"https:\/\/gaudiumetspes-blog.pl\/?p=16000"},"modified":"2019-10-25T07:05:58","modified_gmt":"2019-10-25T05:05:58","slug":"gdy-chce-czynic-dobro","status":"publish","type":"post","link":"https:\/\/gaudiumetspes-blog.pl\/index.php\/2019\/10\/25\/gdy-chce-czynic-dobro\/","title":{"rendered":"Gdy chc\u0119 czyni\u0107 dobro&#8230;"},"content":{"rendered":"<p align=\"justify\"><span style=\"color: #000000;\"><span style=\"font-family: Book Antiqua, serif;\"><span style=\"font-size: large;\">Szcz\u0119\u015b\u0107 Bo\u017ce! Moi Drodzy, w dniu dzisiejszym <b>jedenast\u0105 rocznic\u0119 \u015alubu prze\u017cywaj\u0105 Anna i Kamil Nied\u017awiedzcy, czyli moja Siostra i Szwagier. \u017bycz\u0119 Jubilatom, by z ka\u017cdym rokiem, a wr\u0119cz ka\u017cdym dniem wsp\u00f3lnego ma\u0142\u017ce\u0144skiego \u017cycia byli coraz bardziej szcz\u0119\u015bliwi z tego, \u017ce s\u0105 ma\u0142\u017ce\u0144stwem. Niech Jezus b\u0119dzie stale obecny w Ich Domu, niech b\u0142ogos\u0142awi Im samym, oraz Ich Dzieciom: Weronice, Emilce i Tomkowi. Niech Matka Bo\u017ca Kode\u0144ska, z kt\u00f3r\u0105 maj\u0105 tak cz\u0119sty kontakt, wyprasza Im wszelkie dobre moce i \u015bwiat\u0142a z Nieba! Zapewniam o modlitwie.<\/b><\/span><\/span><\/span><\/p>\n<p align=\"justify\"><span style=\"color: #000000;\"><span style=\"font-family: Book Antiqua, serif;\"><span style=\"font-size: large;\"><b>Imieniny prze\u017cywa dzi\u015b tak\u017ce Daria G\u00f3rska, nale\u017c\u0105ca w swoim czasie do Wsp\u00f3lnoty m\u0142odzie\u017cowej w Tr\u0105bkach. \u017bycz\u0119 Jubilatce mocy i wytrwa\u0142o\u015bci w codziennym osi\u0105ganiu i tworzeniu dobra. Wi\u0119cej o tym w rozwa\u017caniu. Tak\u017ce zapewniam o modlitwie.<\/b><\/span><\/span><\/span><\/p>\n<p align=\"justify\"><span style=\"color: #000000;\"><span style=\"font-family: Book Antiqua, serif;\"><span style=\"font-size: large;\">Moi Drodzy, nie ma stuprocentowej pewno\u015bci, ale wiele wskazuje na to, \u017ce jutro \u2013 s\u0142\u00f3wko z Syberii!<\/span><\/span><\/span><\/p>\n<p align=\"center\"><span style=\"color: #000000;\"><span style=\"font-family: Book Antiqua, serif;\"><span style=\"font-size: large;\">Gaudium et spes! Ks. Jacek<\/span><\/span><\/span><\/p>\n<p align=\"center\">\n<p align=\"center\">\n<p align=\"center\">\n<p align=\"center\">\n<p align=\"center\">\n<p align=\"justify\"><span style=\"color: #000000;\"><span style=\"font-family: Book Antiqua, serif;\"><span style=\"font-size: large;\"><b>Pi\u0105tek 29 Tygodnia zwyk\u0142ego, rok I,<\/b><\/span><\/span><\/span><\/p>\n<p align=\"justify\"><span style=\"color: #000000;\"><span style=\"font-family: Book Antiqua, serif;\"><span style=\"font-size: large;\"><b>do czyta\u0144: Rz 7,18\u201324; \u0141k 12,54\u201359<\/b><\/span><\/span><\/span><\/p>\n<p align=\"justify\">\n<p align=\"justify\">\n<p align=\"justify\">\n<p align=\"justify\">\n<p align=\"justify\">\n<p align=\"justify\"><span style=\"color: #000000;\"><span style=\"font-family: Book Antiqua, serif;\"><span style=\"font-size: large;\"><b>CZYTANIE Z LISTU \u015aWI\u0118TEGO PAW\u0141A APOSTO\u0141A DO RZYMIAN: <\/b><\/span><\/span><\/span><\/p>\n<p align=\"justify\"><span style=\"color: #000000;\"><span style=\"font-family: Book Antiqua, serif;\"><span style=\"font-size: large;\"><b>Bracia: Jestem \u015bwiadom, \u017ce we mnie, to jest w moim ciele, nie mieszka dobro; bo \u0142atwo przychodzi mi chcie\u0107 tego, co dobre, ale wykona\u0107 \u2013 nie. Nie czyni\u0119 bowiem dobra, kt\u00f3rego chc\u0119, ale czyni\u0119 to z\u0142o, kt\u00f3rego nie chc\u0119. Je\u017celi za\u015b czyni\u0119 to, czego nie chc\u0119, ju\u017c nie ja to czyni\u0119, ale grzech, kt\u00f3ry we mnie mieszka. <\/b><\/span><\/span><\/span><\/p>\n<p align=\"justify\"><span style=\"color: #000000;\"><span style=\"font-family: Book Antiqua, serif;\"><span style=\"font-size: large;\"><b>A zatem stwierdzam w sobie to prawo, \u017ce gdy chc\u0119 czyni\u0107 dobro, narzuca mi si\u0119 z\u0142o. Albowiem wewn\u0119trzny cz\u0142owiek we mnie ma upodobanie zgodne z prawem Bo\u017cym. W cz\u0142onkach za\u015b moich spostrzegam prawo inne, kt\u00f3re toczy walk\u0119 z prawem mojego umys\u0142u i podbija mnie w niewol\u0119 pod prawo grzechu mieszkaj\u0105cego w moich cz\u0142onkach. <\/b><\/span><\/span><\/span><\/p>\n<p align=\"justify\"><span style=\"color: #000000;\"><span style=\"font-family: Book Antiqua, serif;\"><span style=\"font-size: large;\"><b>Nieszcz\u0119sny ja cz\u0142owiek! Kt\u00f3\u017c mnie wyzwoli z cia\u0142a, co wiedzie ku tej \u015bmierci? Dzi\u0119ki niech b\u0119d\u0105 Bogu przez Jezusa Chrystusa, Pana naszego.<\/b><\/span><\/span><\/span><\/p>\n<p align=\"justify\">\n<p align=\"justify\">\n<p align=\"justify\">\n<p align=\"justify\">\n<p align=\"justify\">\n<p align=\"justify\"><span style=\"color: #000000;\"><span style=\"font-family: Book Antiqua, serif;\"><span style=\"font-size: large;\"><b>S\u0141OWA EWANGELII WED\u0141UG \u015aWI\u0118TEGO \u0141UKASZA: <\/b><\/span><\/span><\/span><\/p>\n<p align=\"justify\"><span style=\"color: #000000;\"><span style=\"font-family: Book Antiqua, serif;\"><span style=\"font-size: large;\"><b>Jezus m\u00f3wi\u0142 do t\u0142um\u00f3w: \u201eGdy ujrzycie chmur\u0119 podnosz\u0105c\u0105 si\u0119 na zachodzie, zaraz m\u00f3wicie: \u00abDeszcz idzie\u00bb. I tak bywa. A gdy wiatr wieje z po\u0142udnia, powiadacie: \u00abB\u0119dzie upa\u0142\u00bb. I bywa. Ob\u0142udnicy, umiecie rozpoznawa\u0107 wygl\u0105d ziemi i nieba, a jak\u017ce obecnego czasu nie rozpoznajecie? I dlaczego sami z siebie nie rozr\u00f3\u017cniacie tego, co jest s\u0142uszne? <\/b><\/span><\/span><\/span><\/p>\n<p align=\"justify\"><span style=\"color: #000000;\"><span style=\"font-family: Book Antiqua, serif;\"><span style=\"font-size: large;\"><b>Gdy idziesz do urz\u0119du ze swym przeciwnikiem, staraj si\u0119 w drodze doj\u015b\u0107 z nim do zgody, by ci\u0119 nie poci\u0105gn\u0105\u0142 do s\u0119dziego; a s\u0119dzia przekaza\u0142by ci\u0119 dozorcy, dozorca za\u015b wtr\u0105ci\u0142by ci\u0119 do wi\u0119zienia. <\/b><\/span><\/span><\/span><\/p>\n<p align=\"justify\"><span style=\"color: #000000;\"><span style=\"font-family: Book Antiqua, serif;\"><span style=\"font-size: large;\"><b>Powiadam ci, nie wyjdziesz stamt\u0105d, p\u00f3ki nie oddasz ostatniego pieni\u0105\u017cka\u201d.<\/b><\/span><\/span><\/span><\/p>\n<p align=\"justify\">\n<p align=\"justify\">\n<p align=\"justify\">\n<p align=\"justify\">\n<p align=\"justify\">\n<p align=\"justify\"><span style=\"color: #000000;\"><span style=\"font-family: Book Antiqua, serif;\"><span style=\"font-size: large;\">S\u0142owa \u015awi\u0119tego Paw\u0142a, kt\u00f3re dzisiaj s\u0142yszymy w pierwszym czytaniu, s\u0105 bardzo cz\u0119sto przywo\u0142ywane, gdy chce si\u0119 powiedzie\u0107 o <b>wewn\u0119trznym napi\u0119ciu,<\/b> jakie cz\u0119sto powstaje w sercu cz\u0142owieka, kiedy to \u2013 m\u00f3wi\u0105c najkr\u00f3cej \u2013 chce on dobrze, a wychodzi \u201ejak zawsze\u201d. Nawet ma <b>dobre intencje i szczere pragnienia,<\/b> co wi\u0119cej: wie o tym, jak nale\u017cy post\u0105pi\u0107 i wie, co jest dobre, a co z\u0142e, odr\u00f3\u017cnia jedno od drugiego, jednak z jakiego\u015b powodu czyni z\u0142o\u2026 <\/span><\/span><\/span><\/p>\n<p align=\"justify\"><span style=\"color: #000000;\"><span style=\"font-family: Book Antiqua, serif;\"><span style=\"font-size: large;\">M\u00f3wi\u0105c o tym zjawisku, Pawe\u0142 t\u0142umaczy ca\u0142\u0105 spraw\u0119 w ten spos\u00f3b: <i><b>S<\/b><\/i><i><b>twierdzam w sobie to prawo, \u017ce gdy chc\u0119 czyni\u0107 dobro, narzuca mi si\u0119 z\u0142o. Albowiem wewn\u0119trzny cz\u0142owiek we mnie ma upodobanie zgodne z prawem Bo\u017cym. W cz\u0142onkach za\u015b moich spostrzegam prawo inne, kt\u00f3re toczy walk\u0119 z prawem mojego umys\u0142u i podbija mnie w niewol\u0119 pod prawo grzechu mieszkaj\u0105cego w moich cz\u0142onkach.<\/b><\/i><b> <\/b>Prawdziwe rozdarcie! Co robi\u0107 w takiej sytuacji? <\/span><\/span><\/span><\/p>\n<p align=\"justify\"><span style=\"color: #000000;\"><span style=\"font-family: Book Antiqua, serif;\"><span style=\"font-size: large;\">Pawe\u0142 znajduje ratunek w pomocy samego Jezusa. M\u00f3wi: <i><b>Nieszcz\u0119sny ja cz\u0142owiek! Kt\u00f3\u017c mnie wyzwoli z cia\u0142a, co wiedzie ku tej \u015bmierci? Dzi\u0119ki niech b\u0119d\u0105 Bogu przez Jezusa Chrystusa, Pana naszego.<\/b><\/i><i> <\/i><\/span><\/span><\/span><\/p>\n<p align=\"justify\"><span style=\"color: #000000;\"><span style=\"font-family: Book Antiqua, serif;\"><span style=\"font-size: large;\">Tak, to w\u0142a\u015bnie Jezus mo\u017ce i Paw\u0142a, i ka\u017cdego z nas, <b>wyzwoli\u0107 z niewoli cia\u0142a;<\/b> tylko On jest w stanie pom\u00f3c przebi\u0107 si\u0119 przez ten swoisty <b>\u201e<\/b><b>szklany sufit\u201d,<\/b> przez t\u0119 barier\u0119, kt\u00f3ra blokuje nam drog\u0119 do doskona\u0142o\u015bci; do <b>trwa\u0142ego pogodzenia<\/b> tego, co wiemy i w co wierzymy \u2013 z tym, co robimy. Bo zapewne ka\u017cdy z nas m\u00f3g\u0142by \u2013 tak szczerze \u2013 zgodzi\u0107 si\u0119 z Paw\u0142em, znajduj\u0105c u siebie <b>tak\u017ce<\/b> <b>podobne<\/b><b> rozdwojenie. <\/b>My te\u017c mo\u017cemy o sobie powiedzie\u0107, \u017ce w teorii jeste\u015bmy ca\u0142kiem dobrzy, ale w praktyce \u2013 o, to ju\u017c znacznie gorzej. <\/span><\/span><\/span><\/p>\n<p align=\"justify\"><span style=\"color: #000000;\"><span style=\"font-family: Book Antiqua, serif;\"><span style=\"font-size: large;\">Tymczasem, Jezus wyra\u017anie domaga si\u0119 od nas, aby\u015bmy wykorzystywali dla cel\u00f3w zbawienia tak\u017ce nasze <b>\u017cyciowe do\u015bwiadczenie i zdrowy rozs\u0105dek.<\/b> Bo sprawy Bo\u017ce i prawdy wiary s\u0105 nam tak naprawd\u0119 dobrze znane, tylko my cz\u0119sto <b>udajemy, \u017ce czego\u015b nie wiemy i nie rozumiemy.<\/b> I st\u0105d te\u017c owa sprzeczno\u015b\u0107, o kt\u00f3rej pisze dzi\u015b Pawe\u0142, wynika z naszej niefrasobliwo\u015bci, <b>zbyt ma\u0142ej konsekwencji<\/b> i nazbyt \u0142atwemu uleganiu swoim s\u0142abo\u015bciom, duchowemu lenistwu, pewnym <b>schematom my\u015blenia i przyzwyczajeniom,<\/b> od kt\u00f3rych cz\u0119stokro\u0107 nie tyle nie mo\u017cemy, co wprost nie chcemy si\u0119 oderwa\u0107. <\/span><\/span><\/span><\/p>\n<p align=\"justify\"><span style=\"color: #000000;\"><span style=\"font-family: Book Antiqua, serif;\"><span style=\"font-size: large;\">Dlatego Jezus m\u00f3wi bardzo jednoznacznie i jednocze\u015bnie mocno: <i><b>Ob\u0142udnicy, umiecie rozpoznawa\u0107 wygl\u0105d ziemi i nieba, a jak\u017ce obecnego czasu nie rozpoznajecie? I dlaczego sami z siebie nie<\/b><\/i><b> <\/b><i><b>rozr\u00f3\u017cniacie tego, co jest s\u0142uszne?<\/b><\/i><b> <\/b>Po czym domaga si\u0119 szybkiego i jednoznacznego rozwi\u0105zywania spraw, nabrzmia\u0142ych mo\u017ce ju\u017c od dawna. M\u00f3wi: <i><b>Gdy idziesz do urz\u0119du ze swym przeciwnikiem, staraj si\u0119 w drodze doj\u015b\u0107 z nim do zgody, by ci\u0119 nie poci\u0105gn\u0105\u0142 do s\u0119dziego; a s\u0119dzia przekaza\u0142by ci\u0119 dozorcy, dozorca za\u015b wtr\u0105ci\u0142by ci\u0119 do wi\u0119zienia. Powiadam ci, nie wyjdziesz stamt\u0105d, p\u00f3ki nie oddasz ostatniego pieni\u0105\u017cka.<\/b><\/i><\/span><\/span><\/span><\/p>\n<p align=\"justify\"><span style=\"color: #000000;\"><span style=\"font-family: Book Antiqua, serif;\"><span style=\"font-size: large;\">W\u0142a\u015bnie! Pouczenie Jezusa, wyra\u017cone w Ewangelii, ale i w Li\u015bcie Aposto\u0142a, jest \u2013 jak si\u0119 wydaje \u2013 bardzo jasne: <b>mamy si\u0119 wzi\u0105\u0107 w gar\u015b\u0107 i przesta\u0107 si\u0119 nad sob\u0105 u\u017cala\u0107,<\/b> tylko trze\u017awo my\u015ble\u0107 i wyci\u0105ga\u0107 z tego bardzo konkretne wnioski, kt\u00f3re prze\u0142o\u017c\u0105 si\u0119 na bardzo konkretne post\u0119powanie. Bo w wielu sytuacjach my <b>nie tyle nie mo\u017cemy<\/b> dobrze post\u0105pi\u0107, <b>co nie chcemy<\/b> \u2013 albo przynajmniej <b>nie chcemy si\u0119 postara\u0107. <\/b><\/span><\/span><\/span><\/p>\n<p align=\"justify\"><span style=\"color: #000000;\"><span style=\"font-family: Book Antiqua, serif;\"><span style=\"font-size: large;\">Gdy\u017c dobro i \u015bwi\u0119to\u015b\u0107 s\u0105 w zasi\u0119gu naszej r\u0119ki i naszych mo\u017cliwo\u015bci \u2013 o ile tylko my b\u0119dziemy <b>bardziej zdecydowani i konsekwentni<\/b> w jego osi\u0105ganiu, o ile b\u0119dziemy od siebie <b>wi\u0119cej wymaga\u0107,<\/b> a nie usprawiedliwia\u0107 si\u0119 zbyt \u0142atwo ze swoich niedoci\u0105gni\u0119\u0107, a cz\u0119\u015bciej pewnie: lenistwa. <\/span><\/span><\/span><\/p>\n<p align=\"justify\"><span style=\"color: #000000;\"><span style=\"font-family: Book Antiqua, serif;\"><span style=\"font-size: large;\">My naprawd\u0119 <b>jeste\u015bmy w stanie \u017cy\u0107 dobrze<\/b> i post\u0119powa\u0107 w\u0142a\u015bciwie \u2013 w ko\u0144cu, nie jeste\u015bmy pozbawieni \u0142aski Bo\u017cej. I wiedz\u0119 mamy pe\u0142n\u0105 \u2013 a przynajmniej wystarczaj\u0105c\u0105, by odr\u00f3\u017cni\u0107 dobro od z\u0142a. Wszystko natomiast zale\u017cy <b>od naszego zdecydowania, konsekwencji i wytrwa\u0142o\u015bci. <\/b><\/span><\/span><\/span><\/p>\n<p align=\"justify\"><span style=\"color: #000000;\"><span style=\"font-family: Book Antiqua, serif;\"><span style=\"font-size: large;\">I c\u00f3\u017c my na to?\u2026<\/span><\/span><\/span><\/p>\n","protected":false},"excerpt":{"rendered":"<p>Szcz\u0119\u015b\u0107 Bo\u017ce! Moi Drodzy, w dniu dzisiejszym jedenast\u0105 rocznic\u0119 \u015alubu prze\u017cywaj\u0105 Anna i Kamil Nied\u017awiedzcy, czyli moja Siostra i Szwagier. \u017bycz\u0119 Jubilatom, by z ka\u017cdym rokiem, a wr\u0119cz ka\u017cdym dniem wsp\u00f3lnego ma\u0142\u017ce\u0144skiego \u017cycia byli coraz bardziej szcz\u0119\u015bliwi z tego, \u017ce s\u0105 ma\u0142\u017ce\u0144stwem. Niech Jezus b\u0119dzie stale obecny w Ich Domu, niech b\u0142ogos\u0142awi Im samym, oraz [&hellip;]<\/p>\n","protected":false},"author":1,"featured_media":0,"comment_status":"open","ping_status":"open","sticky":false,"template":"","format":"standard","meta":{"jetpack_post_was_ever_published":false,"_jetpack_newsletter_access":"","_jetpack_dont_email_post_to_subs":false,"_jetpack_newsletter_tier_id":0,"_jetpack_memberships_contains_paywalled_content":false,"_jetpack_memberships_contains_paid_content":false,"footnotes":""},"categories":[1],"tags":[],"class_list":["post-16000","post","type-post","status-publish","format-standard","hentry","category-bez-kategorii"],"yoast_head":"<!-- This site is optimized with the Yoast SEO plugin v25.1 - https:\/\/yoast.com\/wordpress\/plugins\/seo\/ -->\n<title>Gdy chc\u0119 czyni\u0107 dobro... - Gaudium Et Spes<\/title>\n<meta name=\"robots\" content=\"index, follow, max-snippet:-1, max-image-preview:large, max-video-preview:-1\" \/>\n<link rel=\"canonical\" href=\"https:\/\/gaudiumetspes-blog.pl\/index.php\/2019\/10\/25\/gdy-chce-czynic-dobro\/\" \/>\n<meta property=\"og:locale\" content=\"pl_PL\" \/>\n<meta property=\"og:type\" content=\"article\" \/>\n<meta property=\"og:title\" content=\"Gdy chc\u0119 czyni\u0107 dobro... - Gaudium Et Spes\" \/>\n<meta property=\"og:description\" content=\"Szcz\u0119\u015b\u0107 Bo\u017ce! Moi Drodzy, w dniu dzisiejszym jedenast\u0105 rocznic\u0119 \u015alubu prze\u017cywaj\u0105 Anna i Kamil Nied\u017awiedzcy, czyli moja Siostra i Szwagier. \u017bycz\u0119 Jubilatom, by z ka\u017cdym rokiem, a wr\u0119cz ka\u017cdym dniem wsp\u00f3lnego ma\u0142\u017ce\u0144skiego \u017cycia byli coraz bardziej szcz\u0119\u015bliwi z tego, \u017ce s\u0105 ma\u0142\u017ce\u0144stwem. Niech Jezus b\u0119dzie stale obecny w Ich Domu, niech b\u0142ogos\u0142awi Im samym, oraz [&hellip;]\" \/>\n<meta property=\"og:url\" content=\"https:\/\/gaudiumetspes-blog.pl\/index.php\/2019\/10\/25\/gdy-chce-czynic-dobro\/\" \/>\n<meta property=\"og:site_name\" content=\"Gaudium Et Spes\" \/>\n<meta property=\"article:published_time\" content=\"2019-10-25T05:05:58+00:00\" \/>\n<meta name=\"author\" content=\"Ks. Jacek\" \/>\n<meta name=\"twitter:card\" content=\"summary_large_image\" \/>\n<meta name=\"twitter:label1\" content=\"Napisane przez\" \/>\n\t<meta name=\"twitter:data1\" content=\"Ks. Jacek\" \/>\n\t<meta name=\"twitter:label2\" content=\"Szacowany czas czytania\" \/>\n\t<meta name=\"twitter:data2\" content=\"6 minut\" \/>\n<script type=\"application\/ld+json\" class=\"yoast-schema-graph\">{\"@context\":\"https:\/\/schema.org\",\"@graph\":[{\"@type\":\"WebPage\",\"@id\":\"https:\/\/gaudiumetspes-blog.pl\/index.php\/2019\/10\/25\/gdy-chce-czynic-dobro\/\",\"url\":\"https:\/\/gaudiumetspes-blog.pl\/index.php\/2019\/10\/25\/gdy-chce-czynic-dobro\/\",\"name\":\"Gdy chc\u0119 czyni\u0107 dobro... - Gaudium Et Spes\",\"isPartOf\":{\"@id\":\"https:\/\/gaudiumetspes-blog.pl\/#website\"},\"datePublished\":\"2019-10-25T05:05:58+00:00\",\"author\":{\"@id\":\"https:\/\/gaudiumetspes-blog.pl\/#\/schema\/person\/1661982992b752dea8dff0d4ed845a65\"},\"breadcrumb\":{\"@id\":\"https:\/\/gaudiumetspes-blog.pl\/index.php\/2019\/10\/25\/gdy-chce-czynic-dobro\/#breadcrumb\"},\"inLanguage\":\"pl-PL\",\"potentialAction\":[{\"@type\":\"ReadAction\",\"target\":[\"https:\/\/gaudiumetspes-blog.pl\/index.php\/2019\/10\/25\/gdy-chce-czynic-dobro\/\"]}]},{\"@type\":\"BreadcrumbList\",\"@id\":\"https:\/\/gaudiumetspes-blog.pl\/index.php\/2019\/10\/25\/gdy-chce-czynic-dobro\/#breadcrumb\",\"itemListElement\":[{\"@type\":\"ListItem\",\"position\":1,\"name\":\"Strona g\u0142\u00f3wna\",\"item\":\"https:\/\/gaudiumetspes-blog.pl\/\"},{\"@type\":\"ListItem\",\"position\":2,\"name\":\"Gdy&nbsp;chc\u0119 czyni\u0107 dobro&#8230;\"}]},{\"@type\":\"WebSite\",\"@id\":\"https:\/\/gaudiumetspes-blog.pl\/#website\",\"url\":\"https:\/\/gaudiumetspes-blog.pl\/\",\"name\":\"Gaudium Et Spes\",\"description\":\"Blog Ks. Jacka Ja\u015bkowskiego\",\"potentialAction\":[{\"@type\":\"SearchAction\",\"target\":{\"@type\":\"EntryPoint\",\"urlTemplate\":\"https:\/\/gaudiumetspes-blog.pl\/?s={search_term_string}\"},\"query-input\":{\"@type\":\"PropertyValueSpecification\",\"valueRequired\":true,\"valueName\":\"search_term_string\"}}],\"inLanguage\":\"pl-PL\"},{\"@type\":\"Person\",\"@id\":\"https:\/\/gaudiumetspes-blog.pl\/#\/schema\/person\/1661982992b752dea8dff0d4ed845a65\",\"name\":\"Ks. Jacek\",\"image\":{\"@type\":\"ImageObject\",\"inLanguage\":\"pl-PL\",\"@id\":\"https:\/\/gaudiumetspes-blog.pl\/#\/schema\/person\/image\/\",\"url\":\"https:\/\/gaudiumetspes-blog.pl\/wp-content\/uploads\/2019\/07\/avatar-JJ-150x150.jpg\",\"contentUrl\":\"https:\/\/gaudiumetspes-blog.pl\/wp-content\/uploads\/2019\/07\/avatar-JJ-150x150.jpg\",\"caption\":\"Ks. Jacek\"},\"description\":\"Witam serdecznie! K\u0142ania si\u0119 Ks. Jacek Ja\u015bkowski. Nie jestem ani kim\u015b wa\u017cnym, ani kim\u015b znanym. Jestem ksi\u0119dzem, kt\u00f3ry po prostu chce rozmawia\u0107. Codzienna kap\u0142a\u0144ska pos\u0142uga pokazuje mi, \u017ce temat\u00f3w do rozm\u00f3w z ksi\u0119dzem jest coraz wi\u0119cej i dzisiaj \u017caden ksi\u0105dz nie mo\u017ce od nich ucieka\u0107, ale - wprost przeciwnie - podejmowa\u0107 nowe wyzwania. To przekonanie sk\u0142oni\u0142o mnie do pr\u00f3by otwarcia tego\u017c bloga, chocia\u017c okazji do rozm\u00f3w na co dzie\u0144 - w konfesjonale i poza nim - na szcz\u0119\u015bcie nie brakuje. My\u015bl\u0119 jednak, \u017ce ten blog b\u0119dzie jeszcze jednym sposobem i przestrzeni\u0105 nawi\u0105zania kontaktu z lud\u017ami dobrej woli, otwartymi na dialog.\",\"url\":\"https:\/\/gaudiumetspes-blog.pl\/index.php\/author\/ks-jacek\/\"}]}<\/script>\n<!-- \/ Yoast SEO plugin. -->","yoast_head_json":{"title":"Gdy chc\u0119 czyni\u0107 dobro... - Gaudium Et Spes","robots":{"index":"index","follow":"follow","max-snippet":"max-snippet:-1","max-image-preview":"max-image-preview:large","max-video-preview":"max-video-preview:-1"},"canonical":"https:\/\/gaudiumetspes-blog.pl\/index.php\/2019\/10\/25\/gdy-chce-czynic-dobro\/","og_locale":"pl_PL","og_type":"article","og_title":"Gdy chc\u0119 czyni\u0107 dobro... - Gaudium Et Spes","og_description":"Szcz\u0119\u015b\u0107 Bo\u017ce! Moi Drodzy, w dniu dzisiejszym jedenast\u0105 rocznic\u0119 \u015alubu prze\u017cywaj\u0105 Anna i Kamil Nied\u017awiedzcy, czyli moja Siostra i Szwagier. \u017bycz\u0119 Jubilatom, by z ka\u017cdym rokiem, a wr\u0119cz ka\u017cdym dniem wsp\u00f3lnego ma\u0142\u017ce\u0144skiego \u017cycia byli coraz bardziej szcz\u0119\u015bliwi z tego, \u017ce s\u0105 ma\u0142\u017ce\u0144stwem. Niech Jezus b\u0119dzie stale obecny w Ich Domu, niech b\u0142ogos\u0142awi Im samym, oraz [&hellip;]","og_url":"https:\/\/gaudiumetspes-blog.pl\/index.php\/2019\/10\/25\/gdy-chce-czynic-dobro\/","og_site_name":"Gaudium Et Spes","article_published_time":"2019-10-25T05:05:58+00:00","author":"Ks. Jacek","twitter_card":"summary_large_image","twitter_misc":{"Napisane przez":"Ks. Jacek","Szacowany czas czytania":"6 minut"},"schema":{"@context":"https:\/\/schema.org","@graph":[{"@type":"WebPage","@id":"https:\/\/gaudiumetspes-blog.pl\/index.php\/2019\/10\/25\/gdy-chce-czynic-dobro\/","url":"https:\/\/gaudiumetspes-blog.pl\/index.php\/2019\/10\/25\/gdy-chce-czynic-dobro\/","name":"Gdy chc\u0119 czyni\u0107 dobro... - Gaudium Et Spes","isPartOf":{"@id":"https:\/\/gaudiumetspes-blog.pl\/#website"},"datePublished":"2019-10-25T05:05:58+00:00","author":{"@id":"https:\/\/gaudiumetspes-blog.pl\/#\/schema\/person\/1661982992b752dea8dff0d4ed845a65"},"breadcrumb":{"@id":"https:\/\/gaudiumetspes-blog.pl\/index.php\/2019\/10\/25\/gdy-chce-czynic-dobro\/#breadcrumb"},"inLanguage":"pl-PL","potentialAction":[{"@type":"ReadAction","target":["https:\/\/gaudiumetspes-blog.pl\/index.php\/2019\/10\/25\/gdy-chce-czynic-dobro\/"]}]},{"@type":"BreadcrumbList","@id":"https:\/\/gaudiumetspes-blog.pl\/index.php\/2019\/10\/25\/gdy-chce-czynic-dobro\/#breadcrumb","itemListElement":[{"@type":"ListItem","position":1,"name":"Strona g\u0142\u00f3wna","item":"https:\/\/gaudiumetspes-blog.pl\/"},{"@type":"ListItem","position":2,"name":"Gdy&nbsp;chc\u0119 czyni\u0107 dobro&#8230;"}]},{"@type":"WebSite","@id":"https:\/\/gaudiumetspes-blog.pl\/#website","url":"https:\/\/gaudiumetspes-blog.pl\/","name":"Gaudium Et Spes","description":"Blog Ks. Jacka Ja\u015bkowskiego","potentialAction":[{"@type":"SearchAction","target":{"@type":"EntryPoint","urlTemplate":"https:\/\/gaudiumetspes-blog.pl\/?s={search_term_string}"},"query-input":{"@type":"PropertyValueSpecification","valueRequired":true,"valueName":"search_term_string"}}],"inLanguage":"pl-PL"},{"@type":"Person","@id":"https:\/\/gaudiumetspes-blog.pl\/#\/schema\/person\/1661982992b752dea8dff0d4ed845a65","name":"Ks. Jacek","image":{"@type":"ImageObject","inLanguage":"pl-PL","@id":"https:\/\/gaudiumetspes-blog.pl\/#\/schema\/person\/image\/","url":"https:\/\/gaudiumetspes-blog.pl\/wp-content\/uploads\/2019\/07\/avatar-JJ-150x150.jpg","contentUrl":"https:\/\/gaudiumetspes-blog.pl\/wp-content\/uploads\/2019\/07\/avatar-JJ-150x150.jpg","caption":"Ks. Jacek"},"description":"Witam serdecznie! K\u0142ania si\u0119 Ks. Jacek Ja\u015bkowski. Nie jestem ani kim\u015b wa\u017cnym, ani kim\u015b znanym. Jestem ksi\u0119dzem, kt\u00f3ry po prostu chce rozmawia\u0107. Codzienna kap\u0142a\u0144ska pos\u0142uga pokazuje mi, \u017ce temat\u00f3w do rozm\u00f3w z ksi\u0119dzem jest coraz wi\u0119cej i dzisiaj \u017caden ksi\u0105dz nie mo\u017ce od nich ucieka\u0107, ale - wprost przeciwnie - podejmowa\u0107 nowe wyzwania. To przekonanie sk\u0142oni\u0142o mnie do pr\u00f3by otwarcia tego\u017c bloga, chocia\u017c okazji do rozm\u00f3w na co dzie\u0144 - w konfesjonale i poza nim - na szcz\u0119\u015bcie nie brakuje. My\u015bl\u0119 jednak, \u017ce ten blog b\u0119dzie jeszcze jednym sposobem i przestrzeni\u0105 nawi\u0105zania kontaktu z lud\u017ami dobrej woli, otwartymi na dialog.","url":"https:\/\/gaudiumetspes-blog.pl\/index.php\/author\/ks-jacek\/"}]}},"jetpack_featured_media_url":"","jetpack_sharing_enabled":true,"_links":{"self":[{"href":"https:\/\/gaudiumetspes-blog.pl\/index.php\/wp-json\/wp\/v2\/posts\/16000","targetHints":{"allow":["GET"]}}],"collection":[{"href":"https:\/\/gaudiumetspes-blog.pl\/index.php\/wp-json\/wp\/v2\/posts"}],"about":[{"href":"https:\/\/gaudiumetspes-blog.pl\/index.php\/wp-json\/wp\/v2\/types\/post"}],"author":[{"embeddable":true,"href":"https:\/\/gaudiumetspes-blog.pl\/index.php\/wp-json\/wp\/v2\/users\/1"}],"replies":[{"embeddable":true,"href":"https:\/\/gaudiumetspes-blog.pl\/index.php\/wp-json\/wp\/v2\/comments?post=16000"}],"version-history":[{"count":1,"href":"https:\/\/gaudiumetspes-blog.pl\/index.php\/wp-json\/wp\/v2\/posts\/16000\/revisions"}],"predecessor-version":[{"id":16001,"href":"https:\/\/gaudiumetspes-blog.pl\/index.php\/wp-json\/wp\/v2\/posts\/16000\/revisions\/16001"}],"wp:attachment":[{"href":"https:\/\/gaudiumetspes-blog.pl\/index.php\/wp-json\/wp\/v2\/media?parent=16000"}],"wp:term":[{"taxonomy":"category","embeddable":true,"href":"https:\/\/gaudiumetspes-blog.pl\/index.php\/wp-json\/wp\/v2\/categories?post=16000"},{"taxonomy":"post_tag","embeddable":true,"href":"https:\/\/gaudiumetspes-blog.pl\/index.php\/wp-json\/wp\/v2\/tags?post=16000"}],"curies":[{"name":"wp","href":"https:\/\/api.w.org\/{rel}","templated":true}]}}