{"id":16026,"date":"2019-10-27T06:35:56","date_gmt":"2019-10-27T05:35:56","guid":{"rendered":"https:\/\/gaudiumetspes-blog.pl\/?p=16026"},"modified":"2019-10-27T06:35:56","modified_gmt":"2019-10-27T05:35:56","slug":"wszystko-bedzie-dobrze","status":"publish","type":"post","link":"https:\/\/gaudiumetspes-blog.pl\/index.php\/2019\/10\/27\/wszystko-bedzie-dobrze\/","title":{"rendered":"Wszystko b\u0119dzie dobrze?&#8230;"},"content":{"rendered":"<p align=\"justify\"><span style=\"color: #000000;\"><span style=\"font-family: Book Antiqua, serif;\"><span style=\"font-size: large;\">Niech b\u0119dzie pochwalony Jezus Chrystus! Moi Drodzy, w dniu dzisiejszym <b>imieniny prze\u017cywa Siostra Iwona J<\/b><b>a<\/b><b>gie\u0142ka, pos\u0142uguj\u0105ca przez jaki\u015b czas na Syberii, a obecnie \u2013 w Polsce. Niech Pan Jej b\u0142ogos\u0142awi w codziennej pos\u0142udze i obdarzy wszelkimi dobrymi natchnieniami. Zapewniam o modlitwie.<\/b><\/span><\/span><\/span><\/p>\n<p align=\"justify\"><span style=\"color: #000000;\"><span style=\"font-family: Book Antiqua, serif;\"><span style=\"font-size: large;\">A my dzisiaj mamy w naszych ko\u015bcio\u0142ach pe\u0142n\u0105 r\u00f3\u017cnorodno\u015b\u0107, bo w jednych \u2013 tych mianowicie, kt\u00f3rych data po\u015bwi\u0119cenia ko\u015bcio\u0142a jest znana i obchodzona w\u0142a\u015bnie wtedy \u2013 mamy trzydziest\u0105 Niedziel\u0119 zwyk\u0142\u0105, w tych za\u015b, kt\u00f3rych data po\u015bwi\u0119cenia nie jest precyzyjnie okre\u015blona, obchodzimy rocznic\u0119 po\u015bwi\u0119cenia w\u0142asnego ko\u015bcio\u0142a. Ja poni\u017cej zamieszczam rozwa\u017canie z Niedzieli zwyk\u0142ej \u2013 w Samogoszczy rocznica po\u015bwi\u0119cenia ko\u015bcio\u0142a by\u0142a obchodzona dwa tygodnie temu.<\/span><\/span><\/span><\/p>\n<p align=\"justify\"><span style=\"color: #000000;\"><span style=\"font-family: Book Antiqua, serif;\"><span style=\"font-size: large;\">Moi Drodzy, bardzo serdecznie dzi\u0119kujemy Ksi\u0119dzu Markowi za wczorajsze s\u0142\u00f3wko z Syberii. I wspieramy modlitw\u0105 wszelkie dobre dzie\u0142a na Syberii.<\/span><\/span><\/span><\/p>\n<p align=\"justify\"><span style=\"color: #000000;\"><span style=\"font-family: Book Antiqua, serif;\"><span style=\"font-size: large;\">Czy wszyscy dzisiaj pami\u0119tali o zmianie czasu? Nie wiem, jak Wy, ale ja oczekuj\u0119 zniesienia tej zmiany. Ani to potrzebne, ani po\u017cyteczne\u2026 <\/span><\/span><\/span><\/p>\n<p align=\"justify\"><span style=\"color: #000000;\"><span style=\"font-family: Book Antiqua, serif;\"><span style=\"font-size: large;\">I w\u0142a\u015bnie o godzinie 15:00 \u2013 wed\u0142ug tego nowego czasu \u2013 w Kaplicy Duszpasterstwa Akademickiego w Siedlcach b\u0119d\u0119 sprawowa\u0142 Msz\u0119 \u015awi\u0119t\u0105 dla \u2013 i w intencji \u2013 Duszpasterstwa Niewidomych naszej Diecezji. Jak pisa\u0142em na blogu, we wrze\u015bniu by\u0142em z Nimi na Pielgrzymce w Trzebnicy, teraz planujemy comiesi\u0119czn\u0105 Msz\u0119 \u015awi\u0119t\u0105. Dzisiaj pierwsza z nich.<\/span><\/span><\/span><\/p>\n<p align=\"justify\"><span style=\"color: #000000;\"><span style=\"font-family: Book Antiqua, serif;\"><span style=\"font-size: large;\">Na g\u0142\u0119bokie i radosne prze\u017cywanie Dnia Pa\u0144skiego \u2013 <b>niech Was b\u0142ogos\u0142awi B\u00f3g Wszechmog\u0105cy: Ojciec + i Syn, i Duch \u015awi\u0119ty. Amen<\/b><\/span><\/span><\/span><\/p>\n<p align=\"center\"><span style=\"color: #000000;\"><span style=\"font-family: Book Antiqua, serif;\"><span style=\"font-size: large;\">Gaudium et spes! Ks. Jacek<\/span><\/span><\/span><\/p>\n<p align=\"center\">\n<p align=\"center\">\n<p align=\"center\">\n<p align=\"center\">\n<p align=\"center\">\n<p align=\"justify\"><span style=\"color: #000000;\"><span style=\"font-family: Book Antiqua, serif;\"><span style=\"font-size: large;\"><b>30 Niedziela zwyk\u0142a, C,<\/b><\/span><\/span><\/span><\/p>\n<p align=\"justify\"><span style=\"color: #000000;\"><span style=\"font-family: Book Antiqua, serif;\"><span style=\"font-size: large;\"><b>do czyta\u0144: Syr 35,12\u201314.16\u201318; 2 Tm 4,6\u20139.16\u201318; \u0141k 18,9\u201314<\/b><\/span><\/span><\/span><\/p>\n<p align=\"justify\">\n<p align=\"justify\">\n<p align=\"justify\">\n<p align=\"justify\">\n<p align=\"justify\">\n<p align=\"justify\"><span style=\"color: #000000;\"><span style=\"font-family: Book Antiqua, serif;\"><span style=\"font-size: large;\"><b>CZYTANIE Z KSI\u0118GI SYRACYDESA: <\/b><\/span><\/span><\/span><\/p>\n<p align=\"justify\"><span style=\"color: #000000;\"><span style=\"font-family: Book Antiqua, serif;\"><span style=\"font-size: large;\"><b>Pan jest S\u0119dzi\u0105, <\/b><\/span><\/span><\/span><\/p>\n<p align=\"justify\"><span style=\"color: #000000;\"><span style=\"font-family: Book Antiqua, serif;\"><span style=\"font-size: large;\"><b>kt\u00f3ry nie ma wzgl\u0119du na osoby. <\/b><\/span><\/span><\/span><\/p>\n<p align=\"justify\"><span style=\"color: #000000;\"><span style=\"font-family: Book Antiqua, serif;\"><span style=\"font-size: large;\"><b>Nie b\u0119dzie mia\u0142 On wzgl\u0119du na osob\u0119 przeciw biednemu, <\/b><\/span><\/span><\/span><\/p>\n<p align=\"justify\"><span style=\"color: #000000;\"><span style=\"font-family: Book Antiqua, serif;\"><span style=\"font-size: large;\"><b>owszem, wys\u0142ucha pro\u015bby pokrzywdzonego. <\/b><\/span><\/span><\/span><\/p>\n<p align=\"justify\"><span style=\"color: #000000;\"><span style=\"font-family: Book Antiqua, serif;\"><span style=\"font-size: large;\"><b>Nie lekcewa\u017cy b\u0142agania sieroty <\/b><\/span><\/span><\/span><\/p>\n<p align=\"justify\"><span style=\"color: #000000;\"><span style=\"font-family: Book Antiqua, serif;\"><span style=\"font-size: large;\"><b>i wdowy, kiedy si\u0119 skar\u017cy. <\/b><\/span><\/span><\/span><\/p>\n<p align=\"justify\"><span style=\"color: #000000;\"><span style=\"font-family: Book Antiqua, serif;\"><span style=\"font-size: large;\"><b>Kto s\u0142u\u017cy Bogu, z upodobaniem b\u0119dzie przyj\u0119ty, <\/b><\/span><\/span><\/span><\/p>\n<p align=\"justify\"><span style=\"color: #000000;\"><span style=\"font-family: Book Antiqua, serif;\"><span style=\"font-size: large;\"><b>a b\u0142aganie jego dosi\u0119gnie ob\u0142ok\u00f3w. <\/b><\/span><\/span><\/span><\/p>\n<p align=\"justify\"><span style=\"color: #000000;\"><span style=\"font-family: Book Antiqua, serif;\"><span style=\"font-size: large;\"><b>Modlitwa biednego przeniknie ob\u0142oki <\/b><\/span><\/span><\/span><\/p>\n<p align=\"justify\"><span style=\"color: #000000;\"><span style=\"font-family: Book Antiqua, serif;\"><span style=\"font-size: large;\"><b>i nie ustanie, a\u017c dojdzie do celu. <\/b><\/span><\/span><\/span><\/p>\n<p align=\"justify\"><span style=\"color: #000000;\"><span style=\"font-family: Book Antiqua, serif;\"><span style=\"font-size: large;\"><b>Nie odst\u0105pi, a\u017c wejrzy Najwy\u017cszy <\/b><\/span><\/span><\/span><\/p>\n<p align=\"justify\"><span style=\"color: #000000;\"><span style=\"font-family: Book Antiqua, serif;\"><span style=\"font-size: large;\"><b>i ujmie si\u0119 za sprawiedliwymi, i wyda s\u0142uszny wyrok.<\/b><\/span><\/span><\/span><\/p>\n<p align=\"justify\">\n<p align=\"justify\">\n<p align=\"justify\">\n<p align=\"justify\">\n<p align=\"justify\">\n<p align=\"justify\"><span style=\"color: #000000;\"><span style=\"font-family: Book Antiqua, serif;\"><span style=\"font-size: large;\"><b>CZYTANIE Z DRUGIEGO LISTU \u015aWI\u0118TEGO PAW\u0141A APOSTO\u0141A DO TYMOTEUSZA:<\/b><\/span><\/span><\/span><\/p>\n<p align=\"justify\"><span style=\"color: #000000;\"><span style=\"font-family: Book Antiqua, serif;\"><span style=\"font-size: large;\"><b>Najdro\u017cszy: Krew moja ju\u017c ma by\u0107 wylana na ofiar\u0119, a chwila mojej roz\u0142\u0105ki nadesz\u0142a. W dobrych zawodach wyst\u0105pi\u0142em, bieg uko\u0144czy\u0142em, wiar\u0119 ustrzeg\u0142em. Na ostatek od\u0142o\u017cono dla mnie wieniec sprawiedliwo\u015bci, kt\u00f3ry mi w owym dniu odda Pan, sprawiedliwy S\u0119dzia, a nie tylko mnie, ale i wszystkim, kt\u00f3rzy umi\u0142owali pojawienie si\u0119 Jego. <\/b><\/span><\/span><\/span><\/p>\n<p align=\"justify\"><span style=\"color: #000000;\"><span style=\"font-family: Book Antiqua, serif;\"><span style=\"font-size: large;\"><b>Pospiesz si\u0119, by przyby\u0107 do mnie szybko. W pierwszej mojej obronie nikt przy mnie nie stan\u0105\u0142, ale mnie wszyscy opu\u015bcili: niech im to nie b\u0119dzie policzone. Natomiast Pan stan\u0105\u0142 przy mnie i wzmocni\u0142 mnie, \u017ceby si\u0119 przeze mnie dope\u0142ni\u0142o g\u0142oszenie Ewangelii i \u017ceby wszystkie narody je pos\u0142ysza\u0142y; wyrwany te\u017c zosta\u0142em z paszczy lwa. <\/b><\/span><\/span><\/span><\/p>\n<p align=\"justify\"><span style=\"color: #000000;\"><span style=\"font-family: Book Antiqua, serif;\"><span style=\"font-size: large;\"><b>Wyrwie mnie Pan od wszelkiego z\u0142ego czynu i wybawi mnie, przyjmuj\u0105c do swego kr\u00f3lestwa niebieskiego; Jemu chwa\u0142a na wieki wiek\u00f3w. Amen.<\/b><\/span><\/span><\/span><\/p>\n<p align=\"justify\">\n<p align=\"justify\">\n<p align=\"justify\">\n<p align=\"justify\">\n<p align=\"justify\">\n<p align=\"justify\"><span style=\"color: #000000;\"><span style=\"font-family: Book Antiqua, serif;\"><span style=\"font-size: large;\"><b>S\u0141OWA EWANGELII WED\u0141UG \u015aWI\u0118TEGO \u0141UKASZA: <\/b><\/span><\/span><\/span><\/p>\n<p align=\"justify\"><span style=\"color: #000000;\"><span style=\"font-family: Book Antiqua, serif;\"><span style=\"font-size: large;\"><b>Jezus powiedzia\u0142 do niekt\u00f3rych, co ufali sobie, \u017ce s\u0105 sprawiedliwi, a innymi gardzili, t\u0119 przypowie\u015b\u0107: \u201eDw\u00f3ch ludzi przysz\u0142o do \u015bwi\u0105tyni, \u017ceby si\u0119 modli\u0107, jeden faryzeusz, a drugi celnik. <\/b><\/span><\/span><\/span><\/p>\n<p align=\"justify\"><span style=\"color: #000000;\"><span style=\"font-family: Book Antiqua, serif;\"><span style=\"font-size: large;\"><b>Faryzeusz stan\u0105\u0142 i tak si\u0119 w duszy modli\u0142: \u00abBo\u017ce, dzi\u0119kuj\u0119 Ci, \u017ce nie jestem jak inni ludzie: zdziercy, oszu\u015bci, cudzo\u0142o\u017cnicy, albo jak i ten celnik. Poszcz\u0119 dwa razy w tygodniu, daj\u0119 dziesi\u0119cin\u0119 ze wszystkiego, co nabywam\u00bb. Natomiast celnik sta\u0142 z daleka i nie \u015bmia\u0142 nawet oczu wznie\u015b\u0107 ku niebu, lecz bi\u0142 si\u0119 w piersi i m\u00f3wi\u0142: \u00abBo\u017ce, miej lito\u015b\u0107 dla mnie, grzesznika\u00bb. <\/b><\/span><\/span><\/span><\/p>\n<p align=\"justify\"><span style=\"color: #000000;\"><span style=\"font-family: Book Antiqua, serif;\"><span style=\"font-size: large;\"><b>Powiadam wam: Ten odszed\u0142 do domu usprawiedliwiony, nie tamten. Ka\u017cdy bowiem, kto si\u0119 wywy\u017csza, b\u0119dzie poni\u017cony, a kto si\u0119 uni\u017ca, b\u0119dzie wywy\u017cszony\u201d.<\/b><\/span><\/span><\/span><\/p>\n<p align=\"justify\">\n<p align=\"justify\">\n<p align=\"justify\">\n<p align=\"justify\">\n<p align=\"justify\">\n<p align=\"justify\"><span style=\"color: #000000;\"><span style=\"font-family: Book Antiqua, serif;\"><span style=\"font-size: large;\">Ju\u017c pierwsze zdanie dzisiejszego pierwszego czytania jest <b>kluczem do zrozumienia<\/b> przes\u0142ania, z jakim zwraca si\u0119 do nas Pan. S\u0142yszymy w nim bowiem, \u017ce <i><b>Pan jest S\u0119dzi\u0105, kt\u00f3ry nie ma wzgl\u0119du na osoby.<\/b><\/i><b> <\/b>I dalszy ci\u0105g pierwszego czytania, a tak\u017ce s\u0142owa Jezusa z Ewangelii, s\u0105 rozwini\u0119ciem tej my\u015bli. Tak\u017ce drugie czytanie, w kt\u00f3rym s\u0142yszymy przejmuj\u0105ce \u015bwiadectwo Aposto\u0142a Paw\u0142a, jest potwierdzeniem tej prawdy: <b>B\u00f3g rzeczywi\u015bcie nie ma wzgl\u0119du na osoby!<\/b><\/span><\/span><\/span><\/p>\n<p align=\"justify\"><span style=\"color: #000000;\"><span style=\"font-family: Book Antiqua, serif;\"><span style=\"font-size: large;\">Dlatego \u2013 jak m\u00f3wi M\u0119drzec Syracydes \u2013 <i><b>n<\/b><\/i><i><b>ie b\u0119dzie mia\u0142 On wzgl\u0119du na osob\u0119 przeciw biednemu; <\/b><\/i><i><b>owszem, wys\u0142ucha pro\u015bby pokrzywdzonego. Nie lekcewa\u017cy b\u0142agania sieroty <\/b><\/i><i><b>i wdowy, kiedy si\u0119 skar\u017cy. <\/b><\/i><\/span><\/span><\/span><\/p>\n<p align=\"justify\"><span style=\"color: #000000;\"><span style=\"font-family: Book Antiqua, serif;\"><span style=\"font-size: large;\">A potem padaj\u0105 s\u0142owa bardzo optymistyczne i <b>nios\u0105ce ogromn\u0105 nadziej\u0119.<\/b> Komu? W\u0142a\u015bnie ludziom biednym, opuszczonym, nie licz\u0105cym si\u0119 w rankingach popularno\u015bci i nie zajmuj\u0105cym wysokich stanowisk w hierarchii spo\u0142ecznej. S\u0142yszymy bowiem, \u017ce <i><b>k<\/b><\/i><i><b>to s\u0142u\u017cy Bogu, z upodobaniem b\u0119dzie przyj\u0119ty, <\/b><\/i><i><b>a b\u0142aganie jego dosi\u0119gnie ob\u0142ok\u00f3w. Modlitwa biednego przeniknie ob\u0142oki i nie ustanie, a\u017c dojdzie do celu. Nie odst\u0105pi, a\u017c wejrzy Najwy\u017cszy <\/b><\/i><i><b>i ujmie si\u0119 za sprawiedliwymi, i wyda s\u0142uszny wyrok.<\/b><\/i> <\/span><\/span><\/span><\/p>\n<p align=\"justify\"><span style=\"color: #000000;\"><span style=\"font-family: Book Antiqua, serif;\"><span style=\"font-size: large;\">Tak, przywo\u0142a\u0142em tu w sumie <b>ca\u0142e pierwsze czytanie,<\/b> ale \u2013 doprawdy \u2013 trudno mi by\u0142o pomin\u0105\u0107 cho\u0107by jedno s\u0142owo z tego <b>fantastycznego przes\u0142ania,<\/b> z jakim B\u00f3g zwraca si\u0119 do nas za po\u015brednictwem starotestamentalnego M\u0119drca. Ka\u017cde zdanie bowiem zas\u0142uguje tak naprawd\u0119 <b>na odr\u0119bn\u0105 refleksj\u0119<\/b> i ka\u017cde mo\u017ce stanowi\u0107 kanw\u0119 do odr\u0119bnego rozwa\u017cania, a nawet homilii. <\/span><\/span><\/span><\/p>\n<p align=\"justify\"><span style=\"color: #000000;\"><span style=\"font-family: Book Antiqua, serif;\"><span style=\"font-size: large;\">B\u00f3g zapewnia w nich, \u017ce ci, z kt\u00f3rymi nie liczy si\u0119 \u015bwiat, <b>mog\u0105 liczy\u0107 na specjalne wzgl\u0119dy w Niebie!<\/b> Ich modlitwa \u2013 jak to zosta\u0142o pi\u0119knie wyra\u017cone \u2013 dosi\u0119gnie ob\u0142ok\u00f3w, a nawet <i><b>przeniknie ob\u0142oki i nie ustanie, a\u017c dojdzie do celu!<\/b><\/i><b> <\/b>Czyli do Tronu Boga Najwy\u017cszego! Oczywi\u015bcie, pod warunkiem, \u017ce taka modlitwa <b>zostanie<\/b> <b>w og\u00f3le <\/b><b>wzniesiona<\/b> do Boga, bo nie wystarczy by\u0107 tylko biednym i opuszczonym, \u017ceby B\u00f3g m\u00f3g\u0142 pom\u00f3c: trzeba jeszcze <b>chcie\u0107 tej pomocy,<\/b> trzeba zwr\u00f3ci\u0107 si\u0119 szczerze do Boga. Przecie\u017c B\u00f3g <b>nikogo na si\u0142\u0119 nie chce uszcz\u0119\u015bliwia\u0107,<\/b> natomiast z ca\u0142\u0105 pewno\u015bci\u0105 us\u0142yszy cho\u0107by najbardziej subteln\u0105 i delikatn\u0105 modlitw\u0119, z jak\u0105 ludzie do Niego si\u0119 zwr\u00f3caj\u0105.<\/span><\/span><\/span><\/p>\n<p align=\"justify\"><span style=\"color: #000000;\"><span style=\"font-family: Book Antiqua, serif;\"><span style=\"font-size: large;\">Tak, jak uczyni\u0142 to celnik z dzisiejszej Ewangelii. By\u0107 mo\u017ce, trudno nam uzna\u0107 w nim owego biednego, o kt\u00f3rym mowa w pierwszym czytaniu, je\u015bli si\u0119 zwa\u017cy, <b>z czego s\u0142yn\u0119li \u00f3wcze\u015bni celnicy<\/b> i jak\u0105 z\u0142\u0105 reputacj\u0119 mieli w spo\u0142ecze\u0144stwie \u2013 zreszt\u0105, cz\u0119sto zas\u0142u\u017con\u0105! Trudno wi\u0119c mo\u017ce uwa\u017ca\u0107 za biednego zwyk\u0142ego cwaniaka, kt\u00f3ry nie do\u015b\u0107, \u017ce <b>pobiera\u0142 op\u0142aty na rzecz okupanta,<\/b> to jeszcze niejednokrotnie nie\u017ale <b>przy tym oszukiwa\u0142.<\/b> <\/span><\/span><\/span><\/p>\n<p align=\"justify\"><span style=\"color: #000000;\"><span style=\"font-family: Book Antiqua, serif;\"><span style=\"font-size: large;\">Natomiast ten akurat celnik, o kt\u00f3rym Jezus m\u00f3wi dzi\u015b z wyra\u017anie wyczuwaln\u0105 sympati\u0105 i aprobat\u0105, budzi tak\u017ce i nasz\u0105 sympati\u0119 w\u0142a\u015bnie dlatego, \u017ce on akurat <b>uzna\u0142 prawd\u0119 o sobie,<\/b> nie ucieka\u0142 od niej, tylko przyszed\u0142 do \u015bwi\u0105tyni, zaj\u0105\u0142 miejsce gdzie\u015b <i><b>z daleka i nie \u015bmia\u0142 nawet oczu wznie\u015b\u0107 ku niebu, lecz bi\u0142 si\u0119 w piersi i m\u00f3wi\u0142: \u00abBo\u017ce, miej lito\u015b\u0107 dla mnie, grzesznika\u00bb.<\/b><\/i><b> <\/b>Mo\u017ce materialnie nie by\u0142 biedny, a i pozycj\u0119 spo\u0142eczn\u0105 mia\u0142 nie najgorsz\u0105 \u2013 owszem, wynikaj\u0105c\u0105 z pe\u0142nionej funkcji, nie z w\u0142asnych zas\u0142ug, ale ludzie <b>musieli si\u0119 z nim liczy\u0107,<\/b> cho\u0107by pod nosem go przeklinali. <\/span><\/span><\/span><\/p>\n<p align=\"justify\"><span style=\"color: #000000;\"><span style=\"font-family: Book Antiqua, serif;\"><span style=\"font-size: large;\">Tymczasem, on uzna\u0142 pe\u0142n\u0105 prawd\u0119 o sobie, przyzna\u0142 si\u0119 do swojej duchowej biedy \u2013 <b>i z ni\u0105 przyszed\u0142 do Boga,<\/b> by prosi\u0107 o przebaczenie. Niczego nie t\u0142umaczy\u0142, nie \u201emydli\u0142 oczu\u201d Panu Bogu jakimi\u015b wykr\u0119tami i usprawiedliwieniami, <b>tylko szczerze \u017ca\u0142owa\u0142. <\/b>I dlatego Jezus powiedzia\u0142, \u017ce <i><b>odszed\u0142 usprawiedliwiony.<\/b><\/i> Ciekawe, prawda? <b>Nie usprawiedliwia\u0142 si\u0119 \u2013 a odszed\u0142 usprawiedliwiony! <\/b><\/span><\/span><\/span><\/p>\n<p align=\"justify\"><span style=\"color: #000000;\"><span style=\"font-family: Book Antiqua, serif;\"><span style=\"font-size: large;\">Gdy tymczasem wielki s\u0142uga Bo\u017cy \u2013 jak my\u015bla\u0142 o sobie faryzeusz \u2013 odszed\u0142 ca\u0142kowicie przegrany. Jego modlitwa <b>nie znalaz\u0142a uznania<\/b> w oczach Bo\u017cych. Dlaczego? My\u015bl\u0119, \u017ce to dla nas wszystkich oczywiste. Zreszt\u0105, pos\u0142uchajmy jeszcze raz tre\u015bci jego modlitwy: <i><b>Bo\u017ce, dzi\u0119kuj\u0119 Ci, \u017ce nie jestem jak inni ludzie: zdziercy, oszu\u015bci, cudzo\u0142o\u017cnicy, albo jak i ten celnik. Poszcz\u0119 dwa razy w tygodniu, daj\u0119 dziesi\u0119cin\u0119 ze wszystkiego, co nabywam.<\/b><\/i><b> <\/b><\/span><\/span><\/span><\/p>\n<p align=\"justify\"><span style=\"color: #000000;\"><span style=\"font-family: Book Antiqua, serif;\"><span style=\"font-size: large;\">Co mo\u017cemy powiedzie\u0107 o takiej modlitwie? Czy to w og\u00f3le by\u0142a modlitwa? Zapewne, mo\u017cna zaryzykowa\u0107 stwierdzenie, \u017ce tak \u2013 to by\u0142a modlitwa, <b>ale nie do Boga.<\/b> Chocia\u017c na pocz\u0105tku faryzeusz zwr\u00f3ci\u0142 si\u0119 do Boga, to jednak tak naprawd\u0119 <b>nie do Niego si\u0119<\/b> <b>modli\u0142.<\/b> A do kogo? <\/span><\/span><\/span><\/p>\n<p align=\"justify\"><span style=\"color: #000000;\"><span style=\"font-family: Book Antiqua, serif;\"><span style=\"font-size: large;\">A do samego siebie! On by\u0142 bezgranicznie zapatrzony w siebie, jak niekiedy m\u00f3wimy: <b>zakochany w sobie samym \u2013 ze wzajemno\u015bci\u0105!<\/b> Dlatego jego modlitwa \u2013 jak to uj\u0105\u0142 w pierwszym czytaniu Syracydes \u2013 nie mog\u0142a przenikn\u0105\u0107 ob\u0142ok\u00f3w, <b>bo nawet tam nie dotar\u0142a!<\/b> Bo nawet nie oderwa\u0142a si\u0119 od ziemi! Faryzeusz, zapatrzony w z\u0142udny blask w\u0142asnej chwa\u0142y, tak naprawd\u0119 zosta\u0142 <b>ca\u0142ym swoim sercem przywi\u0105zany do ziemi, <\/b>do tej swojej n\u0119dznej pozycji, kt\u00f3r\u0105 uwa\u017ca\u0142 za tak znacz\u0105c\u0105, a kt\u00f3ra by\u0142a taka przyziemna, a do tego \u2013 w og\u00f3le fa\u0142szywa! <\/span><\/span><\/span><\/p>\n<p align=\"justify\"><span style=\"color: #000000;\"><span style=\"font-family: Book Antiqua, serif;\"><span style=\"font-size: large;\">Celnik natomiast, kt\u00f3ry \u2013 jak s\u0142yszeli\u015bmy \u2013 <i><b>nie \u015bmia\u0142 nawet oczu wznie\u015b\u0107 ku niebu,<\/b><\/i><b> <\/b>w rzeczywisto\u015bci wzni\u00f3s\u0142 tam ca\u0142e swoje serce, ca\u0142e swoje \u017cycie, w jaki\u015b duchowy spos\u00f3b: <b>wzni\u00f3s\u0142 tam <\/b><b>samego siebie i ca\u0142ego siebie! <\/b>On naprawd\u0119, w tym momencie, oderwa\u0142 si\u0119 od ziemi, od tej <b>ca\u0142ej n\u0119dzy i tego brudu,<\/b> w jakim \u017cy\u0142, a zwr\u00f3ci\u0142 si\u0119 do Boga. I okaza\u0142o si\u0119, \u017ce jego modlitwa zosta\u0142a przyj\u0119ta, przenikn\u0119\u0142a przez ob\u0142oki i <b>dotar\u0142a do Tronu Boga Najwy\u017cszego. <\/b><\/span><\/span><\/span><\/p>\n<p align=\"justify\"><span style=\"color: #000000;\"><span style=\"font-family: Book Antiqua, serif;\"><span style=\"font-size: large;\">Takie samo zaufanie do Boga, jakie widzimy u celnika, dostrzegamy tak\u017ce w postawie \u015awi\u0119tego Paw\u0142a. Wszak m\u00f3wi on dzi\u015b w drugim czytaniu: <i><b>W pierwszej mojej obronie nikt przy mnie nie stan\u0105\u0142, ale mnie wszyscy opu\u015bcili: niech im to nie b\u0119dzie policzone. Natomiast Pan stan\u0105\u0142 przy mnie i wzmocni\u0142 mnie\u2026<\/b><\/i><b> <\/b><\/span><\/span><\/span><\/p>\n<p align=\"justify\"><span style=\"color: #000000;\"><span style=\"font-family: Book Antiqua, serif;\"><span style=\"font-size: large;\">A wcze\u015bniej wypowiada s\u0142owa, kt\u00f3re naprawd\u0119 przejmuj\u0105 swoj\u0105 g\u0142\u0119bi\u0105 i szczero\u015bci\u0105: <i><b>Krew moja ju\u017c ma by\u0107 wylana na ofiar\u0119, a chwila mojej roz\u0142\u0105ki nadesz\u0142a. W dobrych zawodach wyst\u0105pi\u0142em, bieg uko\u0144czy\u0142em, wiar\u0119 ustrzeg\u0142em. Na ostatek od\u0142o\u017cono dla mnie wieniec sprawiedliwo\u015bci, kt\u00f3ry mi w owym dniu odda Pan, sprawiedliwy S\u0119dzia, a nie tylko mnie, ale i wszystkim, kt\u00f3rzy umi\u0142owali pojawienie si\u0119 Jego.<\/b><\/i> <\/span><\/span><\/span><\/p>\n<p align=\"justify\"><span style=\"color: #000000;\"><span style=\"font-family: Book Antiqua, serif;\"><span style=\"font-size: large;\">Mo\u017ce komu\u015b wydawa\u0107 si\u0119, \u017ce pobrzmiewa tu <b>jaka\u015b<\/b><b> pycha,<\/b> jakie\u015b wysokie mniemanie Paw\u0142a o sobie i o swojej pracy. Zwa\u017cywszy jednak na jego \u015bwiadomo\u015b\u0107 <b>bliskiego ju\u017c ko\u0144ca ziemskiej drogi,<\/b> jak i na ca\u0142e pasmo cierpie\u0144, kt\u00f3re trzeba mu by\u0142o znie\u015b\u0107, trudno raczej pos\u0105dza\u0107 go o jak\u0105\u015b arogancj\u0119 przed Bogiem, czy wynoszenie si\u0119 nad lud\u017ami. Raczej mo\u017cemy m\u00f3wi\u0107 <b>o wielkim zaufaniu do Boga <\/b>\u2013 szczeg\u00f3lnie w sytuacji, kiedy <b>nie bardzo m<\/b><b>\u00f3g\u0142<\/b><b> liczy\u0107 na drugiego cz\u0142owieka.<\/b> To dzisiaj bardzo jasno wybrzmia\u0142o w wypowiedzi Aposto\u0142a: przez ludzi zosta\u0142 opuszczony. <\/span><\/span><\/span><\/p>\n<p align=\"justify\"><span style=\"color: #000000;\"><span style=\"font-family: Book Antiqua, serif;\"><span style=\"font-size: large;\">Ale <b>nie zosta\u0142 opuszczony \u2013 nigdy \u2013 przez Jezusa!<\/b> I o tym m\u00f3wi. M\u00f3wi bardzo szczerze. Uznaje po prostu, \u017ce <b>nie zmarnowa\u0142 \u017cycia,<\/b> a dok\u0142adniej \u2013 tej szansy, kt\u00f3r\u0105 Pan mu da\u0142. I on teraz wszystkie owoce swojej apostolskiej pracy <b>oddaje w r\u0119ce Boga,<\/b> spodziewaj\u0105c si\u0119 nagrody wiecznej za sw\u00f3j trud. Trudno tu wi\u0119c m\u00f3wi\u0107 o jakiej\u015b pysze, czy <b>por\u00f3wnywa\u0107 wyznania Paw\u0142a<\/b> to tej \u017ca\u0142osnej \u2013 nazwijmy j\u0105 tak umownie \u2013 <b>modlitwy faryzeusza.<\/b> <\/span><\/span><\/span><\/p>\n<p align=\"justify\"><span style=\"color: #000000;\"><span style=\"font-family: Book Antiqua, serif;\"><span style=\"font-size: large;\">Ze s\u0142\u00f3w Paw\u0142a \u2013 chocia\u017c, rzeczywi\u015bcie, do\u015b\u0107 jasnych i \u015bmia\u0142ych \u2013 przebija <b>wielkie zaufanie do Boga<\/b> i ca\u0142kowite oddanie si\u0119 do jego dyspozycji. Tak, jak do dyspozycji Boga <b>odda\u0142 si\u0119 biedak<\/b> z dzisiejszego pierwszego czytania, kt\u00f3rego w Ewangelii symbolizuje <b>skruszony celnik.<\/b><\/span><\/span><\/span><\/p>\n<p align=\"justify\"><span style=\"color: #000000;\"><span style=\"font-family: Book Antiqua, serif;\"><span style=\"font-size: large;\">Oby i nasza postawa, moi Drodzy, tak\u017ce by\u0142a <b>przyk\u0142adem takiego totalnego zaufania do Boga!<\/b> Bo my te\u017c \u2013 jak \u00f3w celnik \u2013 mamy na swoim duchowym koncie \u201eto i owo\u201d, czego musimy si\u0119 przed Bogiem wstydzi\u0107. Wiemy, \u017ce <b>mamy si\u0119 z czego spowiada\u0107<\/b> \u2013 o ile tylko zrobimy dobry rachunek sumienia. <\/span><\/span><\/span><\/p>\n<p align=\"justify\"><span style=\"color: #000000;\"><span style=\"font-family: Book Antiqua, serif;\"><span style=\"font-size: large;\">Bo je\u017celi go nie zrobimy i przychodzimy do Spowiedzi ze stwierdzeniem, \u017ce <b>\u201eja to nie mam grzech\u00f3w,<\/b> bo nigdzie nie chodz\u0119, ma\u0142o z kim si\u0119 spotykam, Radia Maryja s\u0142ucham, wszystkie modlitwy odmawiam, to jakie ja mog\u0119 mie\u0107 grzechy?\u201d \u2013 to swoj\u0105 postaw\u0105, jako \u017cywo, <b>przypominamy owego nad\u0119tego i aroganckiego faryzeusza,<\/b> kt\u00f3ry prawie dok\u0142adnie to samo powiedzia\u0142 dzisiaj w Ewangelii. Tylko Radia Matyja nie s\u0142ucha\u0142\u2026 <\/span><\/span><\/span><\/p>\n<p align=\"justify\"><span style=\"color: #000000;\"><span style=\"font-family: Book Antiqua, serif;\"><span style=\"font-size: large;\">Je\u017celi jednak mamy <b>\u015bwiadomo\u015b\u0107 swojej s\u0142abo\u015bci,<\/b> swoich grzech\u00f3w, ale naprawd\u0119 staramy si\u0119 ich unika\u0107, staramy si\u0119 nad sob\u0105 pracowa\u0107, a przede wszystkim: <b>g\u0142\u0119boko ufamy Bogu i szczerze si\u0119 do Niego zwracamy<\/b> ze wszystkimi naszymi biedami i zmartwieniami, to mo\u017cemy by\u0107 pewni, \u017ce nasza modlitwa <b>przeniknie przez <\/b><b>N<\/b><b>iebiosa<\/b> i dotrze a\u017c do Tronu Boga Najwy\u017cszego. <\/span><\/span><\/span><\/p>\n<p align=\"justify\"><span style=\"color: #000000;\"><span style=\"font-family: Book Antiqua, serif;\"><span style=\"font-size: large;\">Co, oczywi\u015bcie, nie znaczy, \u017ce B\u00f3g <b>natychmiast spe\u0142ni nasze \u201etrzy \u017cyczenia\u201d,<\/b> czyli \u017ce da nam natychmiast to, czego oczekujemy, lub co si\u0119 nam wydaje w tym momencie najwa\u017cniejsze i najbardziej potrzebne. Natomiast na pewno <b>b\u0119dzie nas prowadzi\u0142, <\/b>b\u0119dzie nad nami czuwa\u0142, <b>da nam odczu\u0107 swoj\u0105 blisko\u015b\u0107,<\/b> swoje wsparcie \u2013 pomo\u017ce nam pokona\u0107 to, co trudne i bardziej zrozumie\u0107 to, co w naszym \u017cyciu takie niejasne, niezrozumia\u0142e\u2026<\/span><\/span><\/span><\/p>\n<p align=\"justify\"><span style=\"color: #000000;\"><span style=\"font-family: Book Antiqua, serif;\"><span style=\"font-size: large;\"><b>Tylko zaufajmy Bogu! Zaufajmy bezgranicznie! <\/b>O\u015bmielmy si\u0119 oderwa\u0107 i wzrok, i serce, od ziemi, a skierowa\u0107 je ku Niebu. Przede wszystkim \u2013 oderwijmy wzrok i serce <b>od siebie samych<\/b> i zejd\u017amy z tego miejsca w naszym \u017cyciu, kt\u00f3re powinien zaj\u0105\u0107 B\u00f3g, a kt\u00f3re cz\u0119sto w\u0142a\u015bnie my sami zajmujemy. Oddajmy to miejsce Bogu \u2013 <b>pierwsze miejsce w naszym \u017cyciu! <\/b>Ono tylko Bogu si\u0119 nale\u017cy i tylko On powinien je zajmowa\u0107. <\/span><\/span><\/span><\/p>\n<p align=\"justify\"><span style=\"color: #000000;\"><span style=\"font-family: Book Antiqua, serif;\"><span style=\"font-size: large;\">A wtedy wszystko b\u0119dzie <b>w najlepszym porz\u0105dku <\/b>i \u017cycie nasze b\u0119dzie mia\u0142o w\u0142a\u015bciwy <b>kierunek i cel,<\/b> a do tego <b>g\u0142\u0119boki sens<\/b> i swoisty smak\u2026 To b\u0119dzie<b> \u017cycie \u201epo co\u015b\u201d i \u201ew jakim\u015b celu\u201d,<\/b> a nie takie beznami\u0119tne \u201ekolebanie si\u0119\u201d z dnia na dzie\u0144. <\/span><\/span><\/span><\/p>\n<p align=\"justify\"><span style=\"color: #000000;\"><span style=\"font-family: Book Antiqua, serif;\"><span style=\"font-size: large;\">Dlatego, moi Drodzy, <b>z<\/b><b>aufajmy Bogu! Bezgranicznie! <\/b>Id\u017amy do Niego z ka\u017cd\u0105 spraw\u0105 \u2013 nawet z t\u0105 najmniejsz\u0105, kt\u00f3r\u0105 <b>mo\u017ce kr\u0119pujemy si\u0119 Bogu przedstawia\u0107,<\/b> bo taka zwyczajna, codzienna sprawa\u2026 Je\u017celi dla nas jest wa\u017cna, to i dla Boga b\u0119dzie wa\u017cna. Nie obawiajmy si\u0119 \u2013 tylko zaufajmy! <\/span><\/span><\/span><\/p>\n<p align=\"justify\"><span style=\"color: #000000;\"><span style=\"font-family: Book Antiqua, serif;\"><span style=\"font-size: large;\">I <b>nie powtarzajmy<\/b> za filmowym ksi\u0119dzem \u2013 sk\u0105din\u0105d sympatycznym bohaterem jednego z polskich seriali \u2013 s\u0142\u00f3w, kt\u00f3rymi on kwituje ka\u017cdy problem, z jakim ludzie si\u0119 do niego zwracaj\u0105: <b>\u201eNie martw si\u0119, wszystko b\u0119dzie dobrze! <\/b><b>Wszystko b\u0119dzie dobrze!\u201d<\/b> Nie powtarzajmy tego, bo to <b>p\u0142ytkie i naiwne. <\/b><\/span><\/span><\/span><\/p>\n<p align=\"justify\"><span style=\"color: #000000;\"><span style=\"font-family: Book Antiqua, serif;\"><span style=\"font-size: large;\">To stwierdzenie mo\u017ce by\u0107 prawdziwe, ale je\u017celi ujmiemy je w ten spos\u00f3b, \u017ce owszem: <b>wszystko b\u0119dzie dobrze<\/b> \u2013 co nie oznacza, \u017ce zawsze \u0142atwo i przyjemnie, ale na dalsz\u0105 met\u0119 b\u0119dzie dobrze, a nawet bardzo dobrze \u2013 <b>je\u017celi w pe\u0142ni zaufamy Bogu! <\/b>Ze wszystkimi tego konsekwencjami. <\/span><\/span><\/span><\/p>\n<p align=\"justify\"><span style=\"color: #000000;\"><span style=\"font-family: Book Antiqua, serif;\"><span style=\"font-size: large;\">Wtedy na pewno b\u0119dzie dobrze!<\/span><\/span><\/span><\/p>\n","protected":false},"excerpt":{"rendered":"<p>Niech b\u0119dzie pochwalony Jezus Chrystus! Moi Drodzy, w dniu dzisiejszym imieniny prze\u017cywa Siostra Iwona Jagie\u0142ka, pos\u0142uguj\u0105ca przez jaki\u015b czas na Syberii, a obecnie \u2013 w Polsce. Niech Pan Jej b\u0142ogos\u0142awi w codziennej pos\u0142udze i obdarzy wszelkimi dobrymi natchnieniami. Zapewniam o modlitwie. A my dzisiaj mamy w naszych ko\u015bcio\u0142ach pe\u0142n\u0105 r\u00f3\u017cnorodno\u015b\u0107, bo w jednych \u2013 tych [&hellip;]<\/p>\n","protected":false},"author":1,"featured_media":0,"comment_status":"open","ping_status":"open","sticky":false,"template":"","format":"standard","meta":{"jetpack_post_was_ever_published":false,"_jetpack_newsletter_access":"","_jetpack_dont_email_post_to_subs":false,"_jetpack_newsletter_tier_id":0,"_jetpack_memberships_contains_paywalled_content":false,"_jetpack_memberships_contains_paid_content":false,"footnotes":""},"categories":[1],"tags":[],"class_list":["post-16026","post","type-post","status-publish","format-standard","hentry","category-bez-kategorii"],"yoast_head":"<!-- This site is optimized with the Yoast SEO plugin v25.1 - https:\/\/yoast.com\/wordpress\/plugins\/seo\/ -->\n<title>Wszystko b\u0119dzie dobrze?... - Gaudium Et Spes<\/title>\n<meta name=\"robots\" content=\"index, follow, max-snippet:-1, max-image-preview:large, max-video-preview:-1\" \/>\n<link rel=\"canonical\" href=\"https:\/\/gaudiumetspes-blog.pl\/index.php\/2019\/10\/27\/wszystko-bedzie-dobrze\/\" \/>\n<meta property=\"og:locale\" content=\"pl_PL\" \/>\n<meta property=\"og:type\" content=\"article\" \/>\n<meta property=\"og:title\" content=\"Wszystko b\u0119dzie dobrze?... - Gaudium Et Spes\" \/>\n<meta property=\"og:description\" content=\"Niech b\u0119dzie pochwalony Jezus Chrystus! Moi Drodzy, w dniu dzisiejszym imieniny prze\u017cywa Siostra Iwona Jagie\u0142ka, pos\u0142uguj\u0105ca przez jaki\u015b czas na Syberii, a obecnie \u2013 w Polsce. Niech Pan Jej b\u0142ogos\u0142awi w codziennej pos\u0142udze i obdarzy wszelkimi dobrymi natchnieniami. Zapewniam o modlitwie. A my dzisiaj mamy w naszych ko\u015bcio\u0142ach pe\u0142n\u0105 r\u00f3\u017cnorodno\u015b\u0107, bo w jednych \u2013 tych [&hellip;]\" \/>\n<meta property=\"og:url\" content=\"https:\/\/gaudiumetspes-blog.pl\/index.php\/2019\/10\/27\/wszystko-bedzie-dobrze\/\" \/>\n<meta property=\"og:site_name\" content=\"Gaudium Et Spes\" \/>\n<meta property=\"article:published_time\" content=\"2019-10-27T05:35:56+00:00\" \/>\n<meta name=\"author\" content=\"Ks. Jacek\" \/>\n<meta name=\"twitter:card\" content=\"summary_large_image\" \/>\n<meta name=\"twitter:label1\" content=\"Napisane przez\" \/>\n\t<meta name=\"twitter:data1\" content=\"Ks. Jacek\" \/>\n\t<meta name=\"twitter:label2\" content=\"Szacowany czas czytania\" \/>\n\t<meta name=\"twitter:data2\" content=\"13 minut\" \/>\n<script type=\"application\/ld+json\" class=\"yoast-schema-graph\">{\"@context\":\"https:\/\/schema.org\",\"@graph\":[{\"@type\":\"WebPage\",\"@id\":\"https:\/\/gaudiumetspes-blog.pl\/index.php\/2019\/10\/27\/wszystko-bedzie-dobrze\/\",\"url\":\"https:\/\/gaudiumetspes-blog.pl\/index.php\/2019\/10\/27\/wszystko-bedzie-dobrze\/\",\"name\":\"Wszystko b\u0119dzie dobrze?... - Gaudium Et Spes\",\"isPartOf\":{\"@id\":\"https:\/\/gaudiumetspes-blog.pl\/#website\"},\"datePublished\":\"2019-10-27T05:35:56+00:00\",\"author\":{\"@id\":\"https:\/\/gaudiumetspes-blog.pl\/#\/schema\/person\/1661982992b752dea8dff0d4ed845a65\"},\"breadcrumb\":{\"@id\":\"https:\/\/gaudiumetspes-blog.pl\/index.php\/2019\/10\/27\/wszystko-bedzie-dobrze\/#breadcrumb\"},\"inLanguage\":\"pl-PL\",\"potentialAction\":[{\"@type\":\"ReadAction\",\"target\":[\"https:\/\/gaudiumetspes-blog.pl\/index.php\/2019\/10\/27\/wszystko-bedzie-dobrze\/\"]}]},{\"@type\":\"BreadcrumbList\",\"@id\":\"https:\/\/gaudiumetspes-blog.pl\/index.php\/2019\/10\/27\/wszystko-bedzie-dobrze\/#breadcrumb\",\"itemListElement\":[{\"@type\":\"ListItem\",\"position\":1,\"name\":\"Strona g\u0142\u00f3wna\",\"item\":\"https:\/\/gaudiumetspes-blog.pl\/\"},{\"@type\":\"ListItem\",\"position\":2,\"name\":\"Wszystko b\u0119dzie dobrze?&#8230;\"}]},{\"@type\":\"WebSite\",\"@id\":\"https:\/\/gaudiumetspes-blog.pl\/#website\",\"url\":\"https:\/\/gaudiumetspes-blog.pl\/\",\"name\":\"Gaudium Et Spes\",\"description\":\"Blog Ks. Jacka Ja\u015bkowskiego\",\"potentialAction\":[{\"@type\":\"SearchAction\",\"target\":{\"@type\":\"EntryPoint\",\"urlTemplate\":\"https:\/\/gaudiumetspes-blog.pl\/?s={search_term_string}\"},\"query-input\":{\"@type\":\"PropertyValueSpecification\",\"valueRequired\":true,\"valueName\":\"search_term_string\"}}],\"inLanguage\":\"pl-PL\"},{\"@type\":\"Person\",\"@id\":\"https:\/\/gaudiumetspes-blog.pl\/#\/schema\/person\/1661982992b752dea8dff0d4ed845a65\",\"name\":\"Ks. Jacek\",\"image\":{\"@type\":\"ImageObject\",\"inLanguage\":\"pl-PL\",\"@id\":\"https:\/\/gaudiumetspes-blog.pl\/#\/schema\/person\/image\/\",\"url\":\"https:\/\/gaudiumetspes-blog.pl\/wp-content\/uploads\/2019\/07\/avatar-JJ-150x150.jpg\",\"contentUrl\":\"https:\/\/gaudiumetspes-blog.pl\/wp-content\/uploads\/2019\/07\/avatar-JJ-150x150.jpg\",\"caption\":\"Ks. Jacek\"},\"description\":\"Witam serdecznie! K\u0142ania si\u0119 Ks. Jacek Ja\u015bkowski. Nie jestem ani kim\u015b wa\u017cnym, ani kim\u015b znanym. Jestem ksi\u0119dzem, kt\u00f3ry po prostu chce rozmawia\u0107. Codzienna kap\u0142a\u0144ska pos\u0142uga pokazuje mi, \u017ce temat\u00f3w do rozm\u00f3w z ksi\u0119dzem jest coraz wi\u0119cej i dzisiaj \u017caden ksi\u0105dz nie mo\u017ce od nich ucieka\u0107, ale - wprost przeciwnie - podejmowa\u0107 nowe wyzwania. To przekonanie sk\u0142oni\u0142o mnie do pr\u00f3by otwarcia tego\u017c bloga, chocia\u017c okazji do rozm\u00f3w na co dzie\u0144 - w konfesjonale i poza nim - na szcz\u0119\u015bcie nie brakuje. My\u015bl\u0119 jednak, \u017ce ten blog b\u0119dzie jeszcze jednym sposobem i przestrzeni\u0105 nawi\u0105zania kontaktu z lud\u017ami dobrej woli, otwartymi na dialog.\",\"url\":\"https:\/\/gaudiumetspes-blog.pl\/index.php\/author\/ks-jacek\/\"}]}<\/script>\n<!-- \/ Yoast SEO plugin. -->","yoast_head_json":{"title":"Wszystko b\u0119dzie dobrze?... - Gaudium Et Spes","robots":{"index":"index","follow":"follow","max-snippet":"max-snippet:-1","max-image-preview":"max-image-preview:large","max-video-preview":"max-video-preview:-1"},"canonical":"https:\/\/gaudiumetspes-blog.pl\/index.php\/2019\/10\/27\/wszystko-bedzie-dobrze\/","og_locale":"pl_PL","og_type":"article","og_title":"Wszystko b\u0119dzie dobrze?... - Gaudium Et Spes","og_description":"Niech b\u0119dzie pochwalony Jezus Chrystus! Moi Drodzy, w dniu dzisiejszym imieniny prze\u017cywa Siostra Iwona Jagie\u0142ka, pos\u0142uguj\u0105ca przez jaki\u015b czas na Syberii, a obecnie \u2013 w Polsce. Niech Pan Jej b\u0142ogos\u0142awi w codziennej pos\u0142udze i obdarzy wszelkimi dobrymi natchnieniami. Zapewniam o modlitwie. A my dzisiaj mamy w naszych ko\u015bcio\u0142ach pe\u0142n\u0105 r\u00f3\u017cnorodno\u015b\u0107, bo w jednych \u2013 tych [&hellip;]","og_url":"https:\/\/gaudiumetspes-blog.pl\/index.php\/2019\/10\/27\/wszystko-bedzie-dobrze\/","og_site_name":"Gaudium Et Spes","article_published_time":"2019-10-27T05:35:56+00:00","author":"Ks. Jacek","twitter_card":"summary_large_image","twitter_misc":{"Napisane przez":"Ks. Jacek","Szacowany czas czytania":"13 minut"},"schema":{"@context":"https:\/\/schema.org","@graph":[{"@type":"WebPage","@id":"https:\/\/gaudiumetspes-blog.pl\/index.php\/2019\/10\/27\/wszystko-bedzie-dobrze\/","url":"https:\/\/gaudiumetspes-blog.pl\/index.php\/2019\/10\/27\/wszystko-bedzie-dobrze\/","name":"Wszystko b\u0119dzie dobrze?... - Gaudium Et Spes","isPartOf":{"@id":"https:\/\/gaudiumetspes-blog.pl\/#website"},"datePublished":"2019-10-27T05:35:56+00:00","author":{"@id":"https:\/\/gaudiumetspes-blog.pl\/#\/schema\/person\/1661982992b752dea8dff0d4ed845a65"},"breadcrumb":{"@id":"https:\/\/gaudiumetspes-blog.pl\/index.php\/2019\/10\/27\/wszystko-bedzie-dobrze\/#breadcrumb"},"inLanguage":"pl-PL","potentialAction":[{"@type":"ReadAction","target":["https:\/\/gaudiumetspes-blog.pl\/index.php\/2019\/10\/27\/wszystko-bedzie-dobrze\/"]}]},{"@type":"BreadcrumbList","@id":"https:\/\/gaudiumetspes-blog.pl\/index.php\/2019\/10\/27\/wszystko-bedzie-dobrze\/#breadcrumb","itemListElement":[{"@type":"ListItem","position":1,"name":"Strona g\u0142\u00f3wna","item":"https:\/\/gaudiumetspes-blog.pl\/"},{"@type":"ListItem","position":2,"name":"Wszystko b\u0119dzie dobrze?&#8230;"}]},{"@type":"WebSite","@id":"https:\/\/gaudiumetspes-blog.pl\/#website","url":"https:\/\/gaudiumetspes-blog.pl\/","name":"Gaudium Et Spes","description":"Blog Ks. Jacka Ja\u015bkowskiego","potentialAction":[{"@type":"SearchAction","target":{"@type":"EntryPoint","urlTemplate":"https:\/\/gaudiumetspes-blog.pl\/?s={search_term_string}"},"query-input":{"@type":"PropertyValueSpecification","valueRequired":true,"valueName":"search_term_string"}}],"inLanguage":"pl-PL"},{"@type":"Person","@id":"https:\/\/gaudiumetspes-blog.pl\/#\/schema\/person\/1661982992b752dea8dff0d4ed845a65","name":"Ks. Jacek","image":{"@type":"ImageObject","inLanguage":"pl-PL","@id":"https:\/\/gaudiumetspes-blog.pl\/#\/schema\/person\/image\/","url":"https:\/\/gaudiumetspes-blog.pl\/wp-content\/uploads\/2019\/07\/avatar-JJ-150x150.jpg","contentUrl":"https:\/\/gaudiumetspes-blog.pl\/wp-content\/uploads\/2019\/07\/avatar-JJ-150x150.jpg","caption":"Ks. Jacek"},"description":"Witam serdecznie! K\u0142ania si\u0119 Ks. Jacek Ja\u015bkowski. Nie jestem ani kim\u015b wa\u017cnym, ani kim\u015b znanym. Jestem ksi\u0119dzem, kt\u00f3ry po prostu chce rozmawia\u0107. Codzienna kap\u0142a\u0144ska pos\u0142uga pokazuje mi, \u017ce temat\u00f3w do rozm\u00f3w z ksi\u0119dzem jest coraz wi\u0119cej i dzisiaj \u017caden ksi\u0105dz nie mo\u017ce od nich ucieka\u0107, ale - wprost przeciwnie - podejmowa\u0107 nowe wyzwania. To przekonanie sk\u0142oni\u0142o mnie do pr\u00f3by otwarcia tego\u017c bloga, chocia\u017c okazji do rozm\u00f3w na co dzie\u0144 - w konfesjonale i poza nim - na szcz\u0119\u015bcie nie brakuje. My\u015bl\u0119 jednak, \u017ce ten blog b\u0119dzie jeszcze jednym sposobem i przestrzeni\u0105 nawi\u0105zania kontaktu z lud\u017ami dobrej woli, otwartymi na dialog.","url":"https:\/\/gaudiumetspes-blog.pl\/index.php\/author\/ks-jacek\/"}]}},"jetpack_featured_media_url":"","jetpack_sharing_enabled":true,"_links":{"self":[{"href":"https:\/\/gaudiumetspes-blog.pl\/index.php\/wp-json\/wp\/v2\/posts\/16026","targetHints":{"allow":["GET"]}}],"collection":[{"href":"https:\/\/gaudiumetspes-blog.pl\/index.php\/wp-json\/wp\/v2\/posts"}],"about":[{"href":"https:\/\/gaudiumetspes-blog.pl\/index.php\/wp-json\/wp\/v2\/types\/post"}],"author":[{"embeddable":true,"href":"https:\/\/gaudiumetspes-blog.pl\/index.php\/wp-json\/wp\/v2\/users\/1"}],"replies":[{"embeddable":true,"href":"https:\/\/gaudiumetspes-blog.pl\/index.php\/wp-json\/wp\/v2\/comments?post=16026"}],"version-history":[{"count":1,"href":"https:\/\/gaudiumetspes-blog.pl\/index.php\/wp-json\/wp\/v2\/posts\/16026\/revisions"}],"predecessor-version":[{"id":16027,"href":"https:\/\/gaudiumetspes-blog.pl\/index.php\/wp-json\/wp\/v2\/posts\/16026\/revisions\/16027"}],"wp:attachment":[{"href":"https:\/\/gaudiumetspes-blog.pl\/index.php\/wp-json\/wp\/v2\/media?parent=16026"}],"wp:term":[{"taxonomy":"category","embeddable":true,"href":"https:\/\/gaudiumetspes-blog.pl\/index.php\/wp-json\/wp\/v2\/categories?post=16026"},{"taxonomy":"post_tag","embeddable":true,"href":"https:\/\/gaudiumetspes-blog.pl\/index.php\/wp-json\/wp\/v2\/tags?post=16026"}],"curies":[{"name":"wp","href":"https:\/\/api.w.org\/{rel}","templated":true}]}}