{"id":16030,"date":"2019-10-29T06:19:56","date_gmt":"2019-10-29T05:19:56","guid":{"rendered":"https:\/\/gaudiumetspes-blog.pl\/?p=16030"},"modified":"2019-10-29T06:19:56","modified_gmt":"2019-10-29T05:19:56","slug":"w-wolnosci-i-chwale-dzieci-bozych","status":"publish","type":"post","link":"https:\/\/gaudiumetspes-blog.pl\/index.php\/2019\/10\/29\/w-wolnosci-i-chwale-dzieci-bozych\/","title":{"rendered":"W wolno\u015bci i chwale dzieci Bo\u017cych!"},"content":{"rendered":"<p align=\"justify\"><span style=\"color: #000000;\"><span style=\"font-family: Book Antiqua, serif;\"><span style=\"font-size: large;\">Szcz\u0119\u015b\u0107 Bo\u017ce! Moi Drodzy, serdecznie pozdrawiam i \u017cycz\u0119 b\u0142ogos\u0142awionego dnia! A na jutro zapowiadam \u2013 s\u0142\u00f3wko z Syberii!<\/span><\/span><\/span><\/p>\n<p align=\"center\"><span style=\"color: #000000;\"><span style=\"font-family: Book Antiqua, serif;\"><span style=\"font-size: large;\">Gaudium et spes! Ks. Jacek<\/span><\/span><\/span><\/p>\n<p align=\"center\">\n<p align=\"center\">\n<p align=\"center\">\n<p align=\"center\">\n<p align=\"center\">\n<p align=\"justify\"><span style=\"color: #000000;\"><span style=\"font-family: Book Antiqua, serif;\"><span style=\"font-size: large;\"><b>Wtorek 30 Tygodnia zwyk\u0142ego, rok I,<\/b><\/span><\/span><\/span><\/p>\n<p align=\"justify\"><span style=\"color: #000000;\"><span style=\"font-family: Book Antiqua, serif;\"><span style=\"font-size: large;\"><b>do czyta\u0144: Rz 8,18\u201325; \u0141k 13,18\u201321<\/b><\/span><\/span><\/span><\/p>\n<p align=\"justify\">\n<p align=\"justify\">\n<p align=\"justify\">\n<p align=\"justify\">\n<p align=\"justify\">\n<p align=\"justify\"><span style=\"color: #000000;\"><span style=\"font-family: Book Antiqua, serif;\"><span style=\"font-size: large;\"><b>CZYTANIE Z LISTU \u015aWI\u0118TEGO PAW\u0141A APOSTO\u0141A DO RZYMIAN: <\/b><\/span><\/span><\/span><\/p>\n<p align=\"justify\"><span style=\"color: #000000;\"><span style=\"font-family: Book Antiqua, serif;\"><span style=\"font-size: large;\"><b>Bracia: S\u0105dz\u0119, \u017ce cierpie\u0144 tera\u017aniejszych nie mo\u017cna stawia\u0107 na r\u00f3wni z chwa\u0142\u0105, kt\u00f3ra ma si\u0119 w nas objawi\u0107. Bo stworzenie z upragnieniem oczekuje objawienia si\u0119 syn\u00f3w Bo\u017cych. Stworzenie bowiem zosta\u0142o poddane marno\u015bci nie z w\u0142asnej ch\u0119ci, ale ze wzgl\u0119du na tego, kt\u00f3ry je podda\u0142, w nadziei \u017ce r\u00f3wnie\u017c i ono zostanie wyzwolone z niewoli zepsucia, by uczestniczy\u0107 w wolno\u015bci i chwale dzieci Bo\u017cych. <\/b><\/span><\/span><\/span><\/p>\n<p align=\"justify\"><span style=\"color: #000000;\"><span style=\"font-family: Book Antiqua, serif;\"><span style=\"font-size: large;\"><b>Wiemy przecie\u017c, \u017ce ca\u0142e stworzenie a\u017c dot\u0105d j\u0119czy i wzdycha w b\u00f3lach rodzenia. <\/b><\/span><\/span><\/span><\/p>\n<p align=\"justify\"><span style=\"color: #000000;\"><span style=\"font-family: Book Antiqua, serif;\"><span style=\"font-size: large;\"><b>Lecz nie tylko ono, ale i my sami, kt\u00f3rzy ju\u017c posiadamy pierwsze dary Ducha, i my r\u00f3wnie\u017c ca\u0142\u0105 istot\u0105 swoj\u0105 wzdychamy oczekuj\u0105c przybrania za syn\u00f3w, odkupienia naszego cia\u0142a. <\/b><\/span><\/span><\/span><\/p>\n<p align=\"justify\"><span style=\"color: #000000;\"><span style=\"font-family: Book Antiqua, serif;\"><span style=\"font-size: large;\"><b>W nadziei bowiem ju\u017c jeste\u015bmy zbawieni. Nadzieja za\u015b, kt\u00f3rej spe\u0142nienie ju\u017c si\u0119 ogl\u0105da, nie jest nadziej\u0105, bo jak mo\u017cna si\u0119 jeszcze spodziewa\u0107 tego, co si\u0119 ju\u017c ogl\u0105da? Je\u017celi jednak, nie ogl\u0105daj\u0105c, spodziewamy si\u0119 czego\u015b, to z wytrwa\u0142o\u015bci\u0105 tego oczekujemy.<\/b><\/span><\/span><\/span><\/p>\n<p align=\"justify\">\n<p align=\"justify\">\n<p align=\"justify\">\n<p align=\"justify\">\n<p align=\"justify\">\n<p align=\"justify\"><span style=\"color: #000000;\"><span style=\"font-family: Book Antiqua, serif;\"><span style=\"font-size: large;\"><b>S\u0141OWA EWANGELII WED\u0141UG \u015aWI\u0118TEGO \u0141UKASZA: <\/b><\/span><\/span><\/span><\/p>\n<p align=\"justify\"><span style=\"color: #000000;\"><span style=\"font-family: Book Antiqua, serif;\"><span style=\"font-size: large;\"><b>Jezus m\u00f3wi\u0142: \u201eDo czego podobne jest kr\u00f3lestwo Bo\u017ce i z czym mam je por\u00f3wna\u0107? Podobne jest do ziarnka gorczycy, kt\u00f3re kto\u015b wzi\u0105\u0142 i posadzi\u0142 w swoim ogrodzie. Wyros\u0142o i sta\u0142o si\u0119 wielkim drzewem, tak \u017ce ptaki powietrzne gnie\u017adzi\u0142y si\u0119 na jego ga\u0142\u0119ziach\u201d. <\/b><\/span><\/span><\/span><\/p>\n<p align=\"justify\"><span style=\"color: #000000;\"><span style=\"font-family: Book Antiqua, serif;\"><span style=\"font-size: large;\"><b>I m\u00f3wi\u0142 dalej: \u201eZ czym mam por\u00f3wna\u0107 kr\u00f3lestwo Bo\u017ce? Podobne jest do zaczynu, kt\u00f3ry pewna kobieta wzi\u0119\u0142a i w\u0142o\u017cy\u0142a w trzy miary m\u0105ki, a\u017c wszystko si\u0119 zakwasi\u0142o\u201d.<\/b><\/span><\/span><\/span><\/p>\n<p align=\"justify\">\n<p align=\"justify\">\n<p align=\"justify\">\n<p align=\"justify\">\n<p align=\"justify\">\n<p align=\"justify\"><span style=\"color: #000000;\"><span style=\"font-family: Book Antiqua, serif;\"><span style=\"font-size: large;\">Trzeba powiedzie\u0107, \u017ce s\u0142owa Jezusa, zapisane w dzisiejszej Ewangelii, tchn\u0105 <b>wielk\u0105 nadziej\u0105 i s\u0105 ogromnym pocieszeniem<\/b> \u2013 zw\u0142aszcza w obecnym czasie, kiedy m\u00f3wimy <b>o<\/b> <b>kryzysie Ko\u015bcio\u0142a,<\/b> o spadku religijno\u015bci ludzi, o coraz mniejszym zainteresowaniu sprawami wiary\u2026 W\u0142a\u015bnie w kontek\u015bcie tego wszystkiego Ko\u015bci\u00f3\u0142 dzisiaj przywo\u0142uje s\u0142owa Jezusa, i\u017c Kr\u00f3lestwo niebieskie <i><b>podobne jest do ziarnka gorczycy, kt\u00f3re kto\u015b wzi\u0105\u0142 i posadzi\u0142 w swoim ogrodzie. Wyros\u0142o i sta\u0142o si\u0119 wielkim drzewem, tak \u017ce ptaki powietrzne gnie\u017adzi\u0142y si\u0119 na jego ga\u0142\u0119ziach.<\/b><\/i><b> <\/b><\/span><\/span><\/span><\/p>\n<p align=\"justify\"><span style=\"color: #000000;\"><span style=\"font-family: Book Antiqua, serif;\"><span style=\"font-size: large;\">Ziarnko gorczycy\u2026 Mniejsze od ziarenka maku\u2026 A oto wyrasta <b>do rozmiar\u00f3w wielkiego drzewa!<\/b> I ma\u0142y zaczyn, kt\u00f3ry zakwasza ca\u0142\u0105 mas\u0119 ciasta. Co\u015b drobnego i ma\u0142ego staje si\u0119 wielkim! Tak\u0105 drog\u0119 ma \u2013 wed\u0142ug Jezusa \u2013 <b>przej\u015b\u0107 Kr\u00f3lestwo niebieskie. <\/b><\/span><\/span><\/span><\/p>\n<p align=\"justify\"><span style=\"color: #000000;\"><span style=\"font-family: Book Antiqua, serif;\"><span style=\"font-size: large;\">I wydawa\u0142o si\u0119, \u017ce ju\u017c raz \u2013 a mo\u017ce i niejeden raz \u2013 przesz\u0142o, bo z ma\u0142ego grona Aposto\u0142\u00f3w i uczni\u00f3w Pa\u0144skich <b>Ko\u015bci\u00f3\u0142 rozr\u00f3s\u0142 si\u0119 do wielkich rozmiar\u00f3w<\/b> i swoim zasi\u0119giem obj\u0105\u0142 ca\u0142y \u015bwiat. Ale oto okazuje si\u0119, \u017ce dzisiaj nast\u0119puje jakby proces odwrotny: <b>Ko\u015bci\u00f3\u0142 znowu staje si\u0119 ma\u0142\u0105 trz\u00f3dk\u0105,<\/b> bo chocia\u017c oficjalnie istnieje w wi\u0119kszo\u015bci kraj\u00f3w \u015bwiata, to jednak w wielu z nich \u2013 tak\u017ce w naszym \u2013 coraz wi\u0119cej ludzi odwraca si\u0119 od niego, odwraca si\u0119 od wiary\u2026 <\/span><\/span><\/span><\/p>\n<p align=\"justify\"><span style=\"color: #000000;\"><span style=\"font-family: Book Antiqua, serif;\"><span style=\"font-size: large;\">Mo\u017ce wi\u0119c nie powinni\u015bmy patrze\u0107 na ca\u0142y problem w wymiarach globalnych i <b>wpatrywa\u0107 si\u0119 w s\u0142upki<\/b> r\u00f3\u017cnych statystyk, mierz\u0105cych stopie\u0144 zaanga\u017cowania wiernych w spe\u0142nianie religijnych praktyk, ale <b>wejrze\u0107 we w\u0142asne serce i zapyta\u0107,<\/b> jak tam dokonuje si\u0119 \u2013 o ile si\u0119 w og\u00f3le dokonuje \u2013 wzrost Bo\u017cego kr\u00f3lestwa? I czy nasze serce jest <b>ow\u0105 \u017cyzn\u0105 gleb\u0105,<\/b> na kt\u00f3rej z ma\u0142ego ziarnka mo\u017ce ono rzeczywi\u015bcie sta\u0107 si\u0119 wielkim drzewem?<\/span><\/span><\/span><\/p>\n<p align=\"justify\"><span style=\"color: #000000;\"><span style=\"font-family: Book Antiqua, serif;\"><span style=\"font-size: large;\">Zw\u0142aszcza, \u017ce Pawe\u0142 Aposto\u0142 m\u00f3wi dzi\u015b do wiernych, \u017cyj\u0105cych w Rzymie \u2013 ale i do nas, wiernych \u017cyj\u0105cych dzisiaj w Polsce, i na ca\u0142ym \u015bwiecie \u2013 \u017ce <i><b>stworzenie z upragnieniem oczekuje objawienia si\u0119 syn\u00f3w Bo\u017cych.<\/b><\/i> Tak, ca\u0142y \u015bwiat potrzebuje ludzi \u015bwi\u0119tych! Ludzi, w kt\u00f3rych sercu <b>b\u0119dzie si\u0119 rozwija\u0142o Bo\u017ce kr\u00f3lestwo! <\/b>Je\u017celi tacy ludzie b\u0119d\u0105 i je\u017celi ich \u015bwiadectwo i modlitwa ubogac\u0105 \u015bwiat, to w\u0142a\u015bnie ca\u0142y \u015bwiat \u2013 <b>nie tylko \u015bwiat cz\u0142owieka, ale i \u015bwiat przyrody<\/b> \u2013 w jaki\u015b spos\u00f3b <b>odczuje pozytywn\u0105 przemian\u0119.<\/b> <\/span><\/span><\/span><\/p>\n<p align=\"justify\"><span style=\"color: #000000;\"><span style=\"font-family: Book Antiqua, serif;\"><span style=\"font-size: large;\">Bo na ca\u0142ym \u015bwiecie zapanuje prawdziwa harmonia i nale\u017cyty porz\u0105dek, je\u017celi <b>w sercu cz\u0142owieka<\/b> b\u0119dzie panowa\u0142 Bo\u017cy porz\u0105dek. Je\u017celi w sercu cz\u0142owieka b\u0119dzie si\u0119 rozwija\u0142o Bo\u017ce kr\u00f3lestwo! Wszak Aposto\u0142 stwierdza dzi\u015b:<b> <i>Stworzenie bowiem zosta\u0142o poddane marno\u015bci nie z w\u0142asnej ch\u0119ci, ale ze wzgl\u0119du na tego, kt\u00f3ry je podda\u0142, w nadziei \u017ce r\u00f3wnie\u017c i ono zostanie wyzwolone z niewoli zepsucia, by uczestniczy\u0107 w wolno\u015bci i chwale dzieci Bo\u017cych.<\/i> <\/b><\/span><\/span><\/span><\/p>\n<p align=\"justify\"><span style=\"color: #000000;\"><span style=\"font-family: Book Antiqua, serif;\"><span style=\"font-size: large;\">Owszem, ca\u0142e stworzenie zosta\u0142o przez Boga powo\u0142ane do istnienia <b>jako dobre z natury.<\/b> To z\u0142o i grzech, kt\u00f3re pojawi\u0142y si\u0119 przez niepos\u0142usze\u0144stwo cz\u0142owieka, zak\u0142\u00f3ci\u0142y porz\u0105dek i harmoni\u0119 w \u015bwiecie. Przeto teraz ca\u0142a nadzieja w tym, \u017ce <b>cz\u0142owiek odbuduje swoj\u0105 wi\u0119\u017a z Bogiem,<\/b> zadba o wzrost Bo\u017cego kr\u00f3lestwa w swoim sercu, a w\u00f3wczas <b>skorzysta na tym ca\u0142y \u015bwiat!<\/b> Tak, to nie przesada! Ca\u0142y \u015bwiat! <\/span><\/span><\/span><\/p>\n<p align=\"justify\"><span style=\"color: #000000;\"><span style=\"font-family: Book Antiqua, serif;\"><span style=\"font-size: large;\">Dlatego mo\u017ce zamiast zamartwia\u0107 si\u0119 takimi, czy innymi statystykami, m\u00f3wi\u0105cymi o spadku religijno\u015bci wierz\u0105cych i zmniejszaj\u0105cej si\u0119 liczbie spe\u0142niaj\u0105cych religijne praktyki; i zamiast narzeka\u0107 na z\u0142e postawy wszystkich dooko\u0142a \u2013 lepiej <b>zadba\u0107 o wzrost Bo\u017cego kr\u00f3lestwa w swoim sercu,<\/b> aby z ma\u0142ego ziarenka codziennie stawa\u0142o si\u0119 ono coraz wi\u0119kszym drzewem. Codziennie! <\/span><\/span><\/span><\/p>\n<p align=\"justify\"><span style=\"color: #000000;\"><span style=\"font-family: Book Antiqua, serif;\"><span style=\"font-size: large;\">Powoli, bez jakich\u015b wielkich skok\u00f3w i wstrz\u0105s\u00f3w, ale <b>konsekwentnie, wytrwale i odwa\u017cnie<\/b> \u2013 budowa\u0107 Bo\u017ce kr\u00f3lestwo w swoim sercu, w swoim \u017cyciu, w swoim w\u0142asnym domu, w swoim otoczeniu, w swoim miejscu pracy, w swojej klasie i w swojej szkole, w swoim s\u0105siedztwie\u2026 A szybko przekonamy si\u0119, \u017ce bez wielkich s\u0142\u00f3w i napomnie\u0144 \u2013 <b>\u015bwiat wok\u00f3\u0142 nas b\u0119dzie stawa\u0142 si\u0119 lepszy. <\/b><\/span><\/span><\/span><\/p>\n<p align=\"justify\"><span style=\"color: #000000;\"><span style=\"font-family: Book Antiqua, serif;\"><span style=\"font-size: large;\">Co zatem konkretnie robi\u0119 \u2013 co dzisiaj konkretnie zrobi\u0119 \u2013 aby wzrost kr\u00f3lestwa Bo\u017cego naprawd\u0119 m\u00f3g\u0142 si\u0119 dokona\u0107 w moim sercu?\u2026 <\/span><\/span><\/span><\/p>\n","protected":false},"excerpt":{"rendered":"<p>Szcz\u0119\u015b\u0107 Bo\u017ce! Moi Drodzy, serdecznie pozdrawiam i \u017cycz\u0119 b\u0142ogos\u0142awionego dnia! A na jutro zapowiadam \u2013 s\u0142\u00f3wko z Syberii! Gaudium et spes! Ks. Jacek Wtorek 30 Tygodnia zwyk\u0142ego, rok I, do czyta\u0144: Rz 8,18\u201325; \u0141k 13,18\u201321 CZYTANIE Z LISTU \u015aWI\u0118TEGO PAW\u0141A APOSTO\u0141A DO RZYMIAN: Bracia: S\u0105dz\u0119, \u017ce cierpie\u0144 tera\u017aniejszych nie mo\u017cna stawia\u0107 na r\u00f3wni z chwa\u0142\u0105, [&hellip;]<\/p>\n","protected":false},"author":1,"featured_media":0,"comment_status":"open","ping_status":"open","sticky":false,"template":"","format":"standard","meta":{"jetpack_post_was_ever_published":false,"_jetpack_newsletter_access":"","_jetpack_dont_email_post_to_subs":false,"_jetpack_newsletter_tier_id":0,"_jetpack_memberships_contains_paywalled_content":false,"_jetpack_memberships_contains_paid_content":false,"footnotes":""},"categories":[1],"tags":[],"class_list":["post-16030","post","type-post","status-publish","format-standard","hentry","category-bez-kategorii"],"yoast_head":"<!-- This site is optimized with the Yoast SEO plugin v25.1 - https:\/\/yoast.com\/wordpress\/plugins\/seo\/ -->\n<title>W wolno\u015bci i chwale dzieci Bo\u017cych! - Gaudium Et Spes<\/title>\n<meta name=\"robots\" content=\"index, follow, max-snippet:-1, max-image-preview:large, max-video-preview:-1\" \/>\n<link rel=\"canonical\" href=\"https:\/\/gaudiumetspes-blog.pl\/index.php\/2019\/10\/29\/w-wolnosci-i-chwale-dzieci-bozych\/\" \/>\n<meta property=\"og:locale\" content=\"pl_PL\" \/>\n<meta property=\"og:type\" content=\"article\" \/>\n<meta property=\"og:title\" content=\"W wolno\u015bci i chwale dzieci Bo\u017cych! - Gaudium Et Spes\" \/>\n<meta property=\"og:description\" content=\"Szcz\u0119\u015b\u0107 Bo\u017ce! Moi Drodzy, serdecznie pozdrawiam i \u017cycz\u0119 b\u0142ogos\u0142awionego dnia! A na jutro zapowiadam \u2013 s\u0142\u00f3wko z Syberii! Gaudium et spes! Ks. Jacek Wtorek 30 Tygodnia zwyk\u0142ego, rok I, do czyta\u0144: Rz 8,18\u201325; \u0141k 13,18\u201321 CZYTANIE Z LISTU \u015aWI\u0118TEGO PAW\u0141A APOSTO\u0141A DO RZYMIAN: Bracia: S\u0105dz\u0119, \u017ce cierpie\u0144 tera\u017aniejszych nie mo\u017cna stawia\u0107 na r\u00f3wni z chwa\u0142\u0105, [&hellip;]\" \/>\n<meta property=\"og:url\" content=\"https:\/\/gaudiumetspes-blog.pl\/index.php\/2019\/10\/29\/w-wolnosci-i-chwale-dzieci-bozych\/\" \/>\n<meta property=\"og:site_name\" content=\"Gaudium Et Spes\" \/>\n<meta property=\"article:published_time\" content=\"2019-10-29T05:19:56+00:00\" \/>\n<meta name=\"author\" content=\"Ks. Jacek\" \/>\n<meta name=\"twitter:card\" content=\"summary_large_image\" \/>\n<meta name=\"twitter:label1\" content=\"Napisane przez\" \/>\n\t<meta name=\"twitter:data1\" content=\"Ks. Jacek\" \/>\n\t<meta name=\"twitter:label2\" content=\"Szacowany czas czytania\" \/>\n\t<meta name=\"twitter:data2\" content=\"5 minut\" \/>\n<script type=\"application\/ld+json\" class=\"yoast-schema-graph\">{\"@context\":\"https:\/\/schema.org\",\"@graph\":[{\"@type\":\"WebPage\",\"@id\":\"https:\/\/gaudiumetspes-blog.pl\/index.php\/2019\/10\/29\/w-wolnosci-i-chwale-dzieci-bozych\/\",\"url\":\"https:\/\/gaudiumetspes-blog.pl\/index.php\/2019\/10\/29\/w-wolnosci-i-chwale-dzieci-bozych\/\",\"name\":\"W wolno\u015bci i chwale dzieci Bo\u017cych! - Gaudium Et Spes\",\"isPartOf\":{\"@id\":\"https:\/\/gaudiumetspes-blog.pl\/#website\"},\"datePublished\":\"2019-10-29T05:19:56+00:00\",\"author\":{\"@id\":\"https:\/\/gaudiumetspes-blog.pl\/#\/schema\/person\/1661982992b752dea8dff0d4ed845a65\"},\"breadcrumb\":{\"@id\":\"https:\/\/gaudiumetspes-blog.pl\/index.php\/2019\/10\/29\/w-wolnosci-i-chwale-dzieci-bozych\/#breadcrumb\"},\"inLanguage\":\"pl-PL\",\"potentialAction\":[{\"@type\":\"ReadAction\",\"target\":[\"https:\/\/gaudiumetspes-blog.pl\/index.php\/2019\/10\/29\/w-wolnosci-i-chwale-dzieci-bozych\/\"]}]},{\"@type\":\"BreadcrumbList\",\"@id\":\"https:\/\/gaudiumetspes-blog.pl\/index.php\/2019\/10\/29\/w-wolnosci-i-chwale-dzieci-bozych\/#breadcrumb\",\"itemListElement\":[{\"@type\":\"ListItem\",\"position\":1,\"name\":\"Strona g\u0142\u00f3wna\",\"item\":\"https:\/\/gaudiumetspes-blog.pl\/\"},{\"@type\":\"ListItem\",\"position\":2,\"name\":\"W&nbsp;wolno\u015bci i&nbsp;chwale dzieci Bo\u017cych!\"}]},{\"@type\":\"WebSite\",\"@id\":\"https:\/\/gaudiumetspes-blog.pl\/#website\",\"url\":\"https:\/\/gaudiumetspes-blog.pl\/\",\"name\":\"Gaudium Et Spes\",\"description\":\"Blog Ks. Jacka Ja\u015bkowskiego\",\"potentialAction\":[{\"@type\":\"SearchAction\",\"target\":{\"@type\":\"EntryPoint\",\"urlTemplate\":\"https:\/\/gaudiumetspes-blog.pl\/?s={search_term_string}\"},\"query-input\":{\"@type\":\"PropertyValueSpecification\",\"valueRequired\":true,\"valueName\":\"search_term_string\"}}],\"inLanguage\":\"pl-PL\"},{\"@type\":\"Person\",\"@id\":\"https:\/\/gaudiumetspes-blog.pl\/#\/schema\/person\/1661982992b752dea8dff0d4ed845a65\",\"name\":\"Ks. Jacek\",\"image\":{\"@type\":\"ImageObject\",\"inLanguage\":\"pl-PL\",\"@id\":\"https:\/\/gaudiumetspes-blog.pl\/#\/schema\/person\/image\/\",\"url\":\"https:\/\/gaudiumetspes-blog.pl\/wp-content\/uploads\/2019\/07\/avatar-JJ-150x150.jpg\",\"contentUrl\":\"https:\/\/gaudiumetspes-blog.pl\/wp-content\/uploads\/2019\/07\/avatar-JJ-150x150.jpg\",\"caption\":\"Ks. Jacek\"},\"description\":\"Witam serdecznie! K\u0142ania si\u0119 Ks. Jacek Ja\u015bkowski. Nie jestem ani kim\u015b wa\u017cnym, ani kim\u015b znanym. Jestem ksi\u0119dzem, kt\u00f3ry po prostu chce rozmawia\u0107. Codzienna kap\u0142a\u0144ska pos\u0142uga pokazuje mi, \u017ce temat\u00f3w do rozm\u00f3w z ksi\u0119dzem jest coraz wi\u0119cej i dzisiaj \u017caden ksi\u0105dz nie mo\u017ce od nich ucieka\u0107, ale - wprost przeciwnie - podejmowa\u0107 nowe wyzwania. To przekonanie sk\u0142oni\u0142o mnie do pr\u00f3by otwarcia tego\u017c bloga, chocia\u017c okazji do rozm\u00f3w na co dzie\u0144 - w konfesjonale i poza nim - na szcz\u0119\u015bcie nie brakuje. My\u015bl\u0119 jednak, \u017ce ten blog b\u0119dzie jeszcze jednym sposobem i przestrzeni\u0105 nawi\u0105zania kontaktu z lud\u017ami dobrej woli, otwartymi na dialog.\",\"url\":\"https:\/\/gaudiumetspes-blog.pl\/index.php\/author\/ks-jacek\/\"}]}<\/script>\n<!-- \/ Yoast SEO plugin. -->","yoast_head_json":{"title":"W wolno\u015bci i chwale dzieci Bo\u017cych! - Gaudium Et Spes","robots":{"index":"index","follow":"follow","max-snippet":"max-snippet:-1","max-image-preview":"max-image-preview:large","max-video-preview":"max-video-preview:-1"},"canonical":"https:\/\/gaudiumetspes-blog.pl\/index.php\/2019\/10\/29\/w-wolnosci-i-chwale-dzieci-bozych\/","og_locale":"pl_PL","og_type":"article","og_title":"W wolno\u015bci i chwale dzieci Bo\u017cych! - Gaudium Et Spes","og_description":"Szcz\u0119\u015b\u0107 Bo\u017ce! Moi Drodzy, serdecznie pozdrawiam i \u017cycz\u0119 b\u0142ogos\u0142awionego dnia! A na jutro zapowiadam \u2013 s\u0142\u00f3wko z Syberii! Gaudium et spes! Ks. Jacek Wtorek 30 Tygodnia zwyk\u0142ego, rok I, do czyta\u0144: Rz 8,18\u201325; \u0141k 13,18\u201321 CZYTANIE Z LISTU \u015aWI\u0118TEGO PAW\u0141A APOSTO\u0141A DO RZYMIAN: Bracia: S\u0105dz\u0119, \u017ce cierpie\u0144 tera\u017aniejszych nie mo\u017cna stawia\u0107 na r\u00f3wni z chwa\u0142\u0105, [&hellip;]","og_url":"https:\/\/gaudiumetspes-blog.pl\/index.php\/2019\/10\/29\/w-wolnosci-i-chwale-dzieci-bozych\/","og_site_name":"Gaudium Et Spes","article_published_time":"2019-10-29T05:19:56+00:00","author":"Ks. Jacek","twitter_card":"summary_large_image","twitter_misc":{"Napisane przez":"Ks. Jacek","Szacowany czas czytania":"5 minut"},"schema":{"@context":"https:\/\/schema.org","@graph":[{"@type":"WebPage","@id":"https:\/\/gaudiumetspes-blog.pl\/index.php\/2019\/10\/29\/w-wolnosci-i-chwale-dzieci-bozych\/","url":"https:\/\/gaudiumetspes-blog.pl\/index.php\/2019\/10\/29\/w-wolnosci-i-chwale-dzieci-bozych\/","name":"W wolno\u015bci i chwale dzieci Bo\u017cych! - Gaudium Et Spes","isPartOf":{"@id":"https:\/\/gaudiumetspes-blog.pl\/#website"},"datePublished":"2019-10-29T05:19:56+00:00","author":{"@id":"https:\/\/gaudiumetspes-blog.pl\/#\/schema\/person\/1661982992b752dea8dff0d4ed845a65"},"breadcrumb":{"@id":"https:\/\/gaudiumetspes-blog.pl\/index.php\/2019\/10\/29\/w-wolnosci-i-chwale-dzieci-bozych\/#breadcrumb"},"inLanguage":"pl-PL","potentialAction":[{"@type":"ReadAction","target":["https:\/\/gaudiumetspes-blog.pl\/index.php\/2019\/10\/29\/w-wolnosci-i-chwale-dzieci-bozych\/"]}]},{"@type":"BreadcrumbList","@id":"https:\/\/gaudiumetspes-blog.pl\/index.php\/2019\/10\/29\/w-wolnosci-i-chwale-dzieci-bozych\/#breadcrumb","itemListElement":[{"@type":"ListItem","position":1,"name":"Strona g\u0142\u00f3wna","item":"https:\/\/gaudiumetspes-blog.pl\/"},{"@type":"ListItem","position":2,"name":"W&nbsp;wolno\u015bci i&nbsp;chwale dzieci Bo\u017cych!"}]},{"@type":"WebSite","@id":"https:\/\/gaudiumetspes-blog.pl\/#website","url":"https:\/\/gaudiumetspes-blog.pl\/","name":"Gaudium Et Spes","description":"Blog Ks. Jacka Ja\u015bkowskiego","potentialAction":[{"@type":"SearchAction","target":{"@type":"EntryPoint","urlTemplate":"https:\/\/gaudiumetspes-blog.pl\/?s={search_term_string}"},"query-input":{"@type":"PropertyValueSpecification","valueRequired":true,"valueName":"search_term_string"}}],"inLanguage":"pl-PL"},{"@type":"Person","@id":"https:\/\/gaudiumetspes-blog.pl\/#\/schema\/person\/1661982992b752dea8dff0d4ed845a65","name":"Ks. Jacek","image":{"@type":"ImageObject","inLanguage":"pl-PL","@id":"https:\/\/gaudiumetspes-blog.pl\/#\/schema\/person\/image\/","url":"https:\/\/gaudiumetspes-blog.pl\/wp-content\/uploads\/2019\/07\/avatar-JJ-150x150.jpg","contentUrl":"https:\/\/gaudiumetspes-blog.pl\/wp-content\/uploads\/2019\/07\/avatar-JJ-150x150.jpg","caption":"Ks. Jacek"},"description":"Witam serdecznie! K\u0142ania si\u0119 Ks. Jacek Ja\u015bkowski. Nie jestem ani kim\u015b wa\u017cnym, ani kim\u015b znanym. Jestem ksi\u0119dzem, kt\u00f3ry po prostu chce rozmawia\u0107. Codzienna kap\u0142a\u0144ska pos\u0142uga pokazuje mi, \u017ce temat\u00f3w do rozm\u00f3w z ksi\u0119dzem jest coraz wi\u0119cej i dzisiaj \u017caden ksi\u0105dz nie mo\u017ce od nich ucieka\u0107, ale - wprost przeciwnie - podejmowa\u0107 nowe wyzwania. To przekonanie sk\u0142oni\u0142o mnie do pr\u00f3by otwarcia tego\u017c bloga, chocia\u017c okazji do rozm\u00f3w na co dzie\u0144 - w konfesjonale i poza nim - na szcz\u0119\u015bcie nie brakuje. My\u015bl\u0119 jednak, \u017ce ten blog b\u0119dzie jeszcze jednym sposobem i przestrzeni\u0105 nawi\u0105zania kontaktu z lud\u017ami dobrej woli, otwartymi na dialog.","url":"https:\/\/gaudiumetspes-blog.pl\/index.php\/author\/ks-jacek\/"}]}},"jetpack_featured_media_url":"","jetpack_sharing_enabled":true,"_links":{"self":[{"href":"https:\/\/gaudiumetspes-blog.pl\/index.php\/wp-json\/wp\/v2\/posts\/16030","targetHints":{"allow":["GET"]}}],"collection":[{"href":"https:\/\/gaudiumetspes-blog.pl\/index.php\/wp-json\/wp\/v2\/posts"}],"about":[{"href":"https:\/\/gaudiumetspes-blog.pl\/index.php\/wp-json\/wp\/v2\/types\/post"}],"author":[{"embeddable":true,"href":"https:\/\/gaudiumetspes-blog.pl\/index.php\/wp-json\/wp\/v2\/users\/1"}],"replies":[{"embeddable":true,"href":"https:\/\/gaudiumetspes-blog.pl\/index.php\/wp-json\/wp\/v2\/comments?post=16030"}],"version-history":[{"count":1,"href":"https:\/\/gaudiumetspes-blog.pl\/index.php\/wp-json\/wp\/v2\/posts\/16030\/revisions"}],"predecessor-version":[{"id":16031,"href":"https:\/\/gaudiumetspes-blog.pl\/index.php\/wp-json\/wp\/v2\/posts\/16030\/revisions\/16031"}],"wp:attachment":[{"href":"https:\/\/gaudiumetspes-blog.pl\/index.php\/wp-json\/wp\/v2\/media?parent=16030"}],"wp:term":[{"taxonomy":"category","embeddable":true,"href":"https:\/\/gaudiumetspes-blog.pl\/index.php\/wp-json\/wp\/v2\/categories?post=16030"},{"taxonomy":"post_tag","embeddable":true,"href":"https:\/\/gaudiumetspes-blog.pl\/index.php\/wp-json\/wp\/v2\/tags?post=16030"}],"curies":[{"name":"wp","href":"https:\/\/api.w.org\/{rel}","templated":true}]}}